{"id":6618,"date":"2020-04-02T12:43:26","date_gmt":"2020-04-02T17:43:26","guid":{"rendered":"http:\/\/www.uartes.edu.ec\/sitio\/?p=6618"},"modified":"2024-07-04T11:48:15","modified_gmt":"2024-07-04T16:48:15","slug":"uartes-adapta-sus-programas-academicos-a-traves-de-recursos-virtuales","status":"publish","type":"post","link":"https:\/\/www.uartes.edu.ec\/sitio\/en\/blog\/2020\/04\/02\/uartes-adapta-sus-programas-academicos-a-traves-de-recursos-virtuales\/","title":{"rendered":"UArtes adapta sus programas acad\u00e9micos a trav\u00e9s de recursos virtuales"},"content":{"rendered":"<p>En la Universidad de las Artes el inicio de clases de licenciatura del primer semestre 2020 empezar\u00e1 el lunes 27 de abril. Este tiempo permite una reorganizaci\u00f3n del periodo acad\u00e9mico y de la modalidad de aprendizaje de los programas acad\u00e9micos de la UArtes, ya que se desarrollar\u00e1n en l\u00ednea a trav\u00e9s de plataformas y herramientas virtuales. <\/p>\n\n\n\n<p>Los docentes de la Universidad participaron en\nel taller: \u201cIntroducci\u00f3n al Moodle y aplicaci\u00f3n de herramientas complementarias\nde e-learning\u00bb. Este fue impartido del 19 al 24 de marzo y se abordo el manejo\nde Moodle, herramientas Office 365 y Zoom, las cuales ahora formaran parte de\nsu syllabus. Asimismo, los docentes han trabajado en conjunto con las\ncoordinaciones acad\u00e9micas para determinar qu\u00e9 asignaturas pueden ser impartidas\nvirtualmente y cu\u00e1les no, ya que dentro de las carreras art\u00edsticas existen materias\nque requieren de una pr\u00e1ctica que sucede en un escenario y en condiciones\nespec\u00edficas, estas se impartir\u00e1n cuando sea seguro hacerlo. <\/p>\n\n\n\n<p>Meining Cheung, docente de la carrera de Producci\u00f3n\nMusical, afirma que es una din\u00e1mica distinta y que vuelve el proceso un poco\nm\u00e1s lento ya que hay que dar tiempo a que los participantes tengan la\noportunidad de realizar los ejercicios y en ocasiones pueden ocurrir problemas\nde conexi\u00f3n de internet entre los participantes.<\/p>\n\n\n\n<p>\u201cCreo que la universidad podr\u00e1 aprender mucho\nde esta etapa, compleja y dolorosa, pero considero que por otro lado esto va a\ndesembocar en&nbsp; experiencias que influir\u00e1n\nde diversas formas en la educaci\u00f3n superior.\u201d<\/p>\n\n\n\n<p>Un ejemplo de ello es &nbsp;la clase de Dibujo Avanzado de la Carrera de\nArtes Visuales, dentro de su metodolog\u00eda de trabajo se realizan ejercicios guiados por el profesor mediante una\nserie de materiales audiovisuales (pueden ser grabados desde ZOOM, YAMMER o\nYOUTUBE), Investigaciones sobre la disposici\u00f3n del espacio urbano y social\ndesde la exploraci\u00f3n virtual por medio de Google Earth y la evaluaci\u00f3n por\npares de los procesos de anatom\u00eda creativa dentro de la plataforma MOODLE.<\/p>\n\n\n\n<p>Para que todos los estudiantes puedan participar\ny tener acceso a dichas clases virtuales, la universidad ha preparado una campa\u00f1a\nde donaci\u00f3n de equipos tecnol\u00f3gicos: computadoras, tablets o celulares\ninteligentes.<\/p>\n\n\n\n<p>Puedes unirte a la campa\u00f1a escribiendo a <a href=\"mailto:bienestar.universitario@uartes.edu.ec\">bienestar.universitario@uartes.edu.ec<\/a>.<\/p>","protected":false},"excerpt":{"rendered":"<p>En la Universidad de las Artes el inicio de clases de licenciatura del primer semestre 2020 empezar\u00e1 el lunes 27 de abril. Este tiempo permite una reorganizaci\u00f3n del periodo acad\u00e9mico y de la modalidad de aprendizaje de los programas acad\u00e9micos de la UArtes, ya que se desarrollar\u00e1n en l\u00ednea a trav\u00e9s de plataformas y herramientas virtuales.<\/p>","protected":false},"author":1,"featured_media":6619,"comment_status":"closed","ping_status":"closed","sticky":false,"template":"","format":"standard","meta":{"_acf_changed":false,"_uag_custom_page_level_css":"","_monsterinsights_skip_tracking":false,"_monsterinsights_sitenote_active":false,"_monsterinsights_sitenote_note":"","_monsterinsights_sitenote_category":0,"cybocfi_hide_featured_image":"","footnotes":""},"categories":[80,77],"tags":[211],"infouartes":[],"class_list":["post-6618","post","type-post","status-publish","format-standard","has-post-thumbnail","hentry","category-academico","category-gestion","tag-covid19"],"acf":[],"yoast_head":"<!-- This site is optimized with the Yoast SEO plugin v27.4 - https:\/\/yoast.com\/product\/yoast-seo-wordpress\/ -->\n<title>Universidad de las Artes - UArtes adapta sus programas acad\u00e9micos a trav\u00e9s de recursos virtuales<\/title>\n<meta name=\"description\" content=\"Universidad de las Artes - UArtes adapta sus programas acad\u00e9micos a trav\u00e9s de recursos virtuales\" \/>\n<meta name=\"robots\" content=\"index, follow, max-snippet:-1, max-image-preview:large, max-video-preview:-1\" \/>\n<link rel=\"canonical\" href=\"https:\/\/www.uartes.edu.ec\/sitio\/en\/blog\/2020\/04\/02\/uartes-adapta-sus-programas-academicos-a-traves-de-recursos-virtuales\/\" \/>\n<meta property=\"og:locale\" content=\"en_US\" \/>\n<meta property=\"og:type\" content=\"article\" \/>\n<meta property=\"og:title\" content=\"Universidad de las Artes - UArtes adapta sus programas acad\u00e9micos a trav\u00e9s de recursos virtuales\" \/>\n<meta property=\"og:description\" content=\"Universidad de las Artes - UArtes adapta sus programas acad\u00e9micos a trav\u00e9s de recursos virtuales\" \/>\n<meta property=\"og:url\" content=\"https:\/\/www.uartes.edu.ec\/sitio\/en\/blog\/2020\/04\/02\/uartes-adapta-sus-programas-academicos-a-traves-de-recursos-virtuales\/\" \/>\n<meta property=\"og:site_name\" content=\"Universidad de las Artes\" \/>\n<meta property=\"article:publisher\" content=\"https:\/\/www.facebook.com\/uartesec\" \/>\n<meta property=\"article:published_time\" content=\"2020-04-02T17:43:26+00:00\" \/>\n<meta property=\"article:modified_time\" content=\"2024-07-04T16:48:15+00:00\" \/>\n<meta property=\"og:image\" content=\"https:\/\/www.uartes.edu.ec\/sitio\/wp-content\/uploads\/2020\/04\/IMG_4249.jpg\" \/>\n\t<meta property=\"og:image:width\" content=\"1500\" \/>\n\t<meta property=\"og:image:height\" content=\"1000\" \/>\n\t<meta property=\"og:image:type\" content=\"image\/jpeg\" \/>\n<meta name=\"author\" content=\"Universidad de las Artes\" \/>\n<meta name=\"twitter:card\" content=\"summary_large_image\" \/>\n<meta name=\"twitter:creator\" content=\"@uartesec\" \/>\n<meta name=\"twitter:site\" content=\"@uartesec\" \/>\n<meta name=\"twitter:label1\" content=\"Written by\" \/>\n\t<meta name=\"twitter:data1\" content=\"Universidad de las Artes\" \/>\n\t<meta name=\"twitter:label2\" content=\"Est. reading time\" \/>\n\t<meta name=\"twitter:data2\" content=\"2 minutes\" \/>\n<script type=\"application\/ld+json\" class=\"yoast-schema-graph\">{\"@context\":\"https:\\\/\\\/schema.org\",\"@graph\":[{\"@type\":\"Article\",\"@id\":\"https:\\\/\\\/www.uartes.edu.ec\\\/sitio\\\/en\\\/blog\\\/2020\\\/04\\\/02\\\/uartes-adapta-sus-programas-academicos-a-traves-de-recursos-virtuales\\\/#article\",\"isPartOf\":{\"@id\":\"https:\\\/\\\/www.uartes.edu.ec\\\/sitio\\\/en\\\/blog\\\/2020\\\/04\\\/02\\\/uartes-adapta-sus-programas-academicos-a-traves-de-recursos-virtuales\\\/\"},\"author\":{\"name\":\"Universidad de las Artes\",\"@id\":\"https:\\\/\\\/www.uartes.edu.ec\\\/sitio\\\/en\\\/#\\\/schema\\\/person\\\/f33f8c1d2af0d5c80a38c8abf458184a\"},\"headline\":\"UArtes adapta sus programas acad\u00e9micos a trav\u00e9s de recursos virtuales\",\"datePublished\":\"2020-04-02T17:43:26+00:00\",\"dateModified\":\"2024-07-04T16:48:15+00:00\",\"mainEntityOfPage\":{\"@id\":\"https:\\\/\\\/www.uartes.edu.ec\\\/sitio\\\/en\\\/blog\\\/2020\\\/04\\\/02\\\/uartes-adapta-sus-programas-academicos-a-traves-de-recursos-virtuales\\\/\"},\"wordCount\":401,\"publisher\":{\"@id\":\"https:\\\/\\\/www.uartes.edu.ec\\\/sitio\\\/en\\\/#organization\"},\"image\":{\"@id\":\"https:\\\/\\\/www.uartes.edu.ec\\\/sitio\\\/en\\\/blog\\\/2020\\\/04\\\/02\\\/uartes-adapta-sus-programas-academicos-a-traves-de-recursos-virtuales\\\/#primaryimage\"},\"thumbnailUrl\":\"https:\\\/\\\/www.uartes.edu.ec\\\/sitio\\\/wp-content\\\/uploads\\\/2020\\\/04\\\/IMG_4249.jpg\",\"keywords\":[\"covid19\"],\"articleSection\":[\"Acad\u00e9mico\",\"Gesti\u00f3n\"],\"inLanguage\":\"en-US\"},{\"@type\":[\"WebPage\",\"ItemPage\"],\"@id\":\"https:\\\/\\\/www.uartes.edu.ec\\\/sitio\\\/en\\\/blog\\\/2020\\\/04\\\/02\\\/uartes-adapta-sus-programas-academicos-a-traves-de-recursos-virtuales\\\/\",\"url\":\"https:\\\/\\\/www.uartes.edu.ec\\\/sitio\\\/en\\\/blog\\\/2020\\\/04\\\/02\\\/uartes-adapta-sus-programas-academicos-a-traves-de-recursos-virtuales\\\/\",\"name\":\"Universidad de las Artes - UArtes adapta sus programas acad\u00e9micos a trav\u00e9s de recursos virtuales\",\"isPartOf\":{\"@id\":\"https:\\\/\\\/www.uartes.edu.ec\\\/sitio\\\/en\\\/#website\"},\"primaryImageOfPage\":{\"@id\":\"https:\\\/\\\/www.uartes.edu.ec\\\/sitio\\\/en\\\/blog\\\/2020\\\/04\\\/02\\\/uartes-adapta-sus-programas-academicos-a-traves-de-recursos-virtuales\\\/#primaryimage\"},\"image\":{\"@id\":\"https:\\\/\\\/www.uartes.edu.ec\\\/sitio\\\/en\\\/blog\\\/2020\\\/04\\\/02\\\/uartes-adapta-sus-programas-academicos-a-traves-de-recursos-virtuales\\\/#primaryimage\"},\"thumbnailUrl\":\"https:\\\/\\\/www.uartes.edu.ec\\\/sitio\\\/wp-content\\\/uploads\\\/2020\\\/04\\\/IMG_4249.jpg\",\"datePublished\":\"2020-04-02T17:43:26+00:00\",\"dateModified\":\"2024-07-04T16:48:15+00:00\",\"description\":\"Universidad de las Artes - UArtes adapta sus programas acad\u00e9micos a trav\u00e9s de recursos virtuales\",\"breadcrumb\":{\"@id\":\"https:\\\/\\\/www.uartes.edu.ec\\\/sitio\\\/en\\\/blog\\\/2020\\\/04\\\/02\\\/uartes-adapta-sus-programas-academicos-a-traves-de-recursos-virtuales\\\/#breadcrumb\"},\"inLanguage\":\"en-US\",\"potentialAction\":[{\"@type\":\"ReadAction\",\"target\":[\"https:\\\/\\\/www.uartes.edu.ec\\\/sitio\\\/en\\\/blog\\\/2020\\\/04\\\/02\\\/uartes-adapta-sus-programas-academicos-a-traves-de-recursos-virtuales\\\/\"]}]},{\"@type\":\"ImageObject\",\"inLanguage\":\"en-US\",\"@id\":\"https:\\\/\\\/www.uartes.edu.ec\\\/sitio\\\/en\\\/blog\\\/2020\\\/04\\\/02\\\/uartes-adapta-sus-programas-academicos-a-traves-de-recursos-virtuales\\\/#primaryimage\",\"url\":\"https:\\\/\\\/www.uartes.edu.ec\\\/sitio\\\/wp-content\\\/uploads\\\/2020\\\/04\\\/IMG_4249.jpg\",\"contentUrl\":\"https:\\\/\\\/www.uartes.edu.ec\\\/sitio\\\/wp-content\\\/uploads\\\/2020\\\/04\\\/IMG_4249.jpg\",\"width\":1500,\"height\":1000},{\"@type\":\"BreadcrumbList\",\"@id\":\"https:\\\/\\\/www.uartes.edu.ec\\\/sitio\\\/en\\\/blog\\\/2020\\\/04\\\/02\\\/uartes-adapta-sus-programas-academicos-a-traves-de-recursos-virtuales\\\/#breadcrumb\",\"itemListElement\":[{\"@type\":\"ListItem\",\"position\":1,\"name\":\"Inicio\",\"item\":\"https:\\\/\\\/www.uartes.edu.ec\\\/sitio\\\/\"},{\"@type\":\"ListItem\",\"position\":2,\"name\":\"UArtes adapta sus programas acad\u00e9micos a trav\u00e9s de recursos virtuales\"}]},{\"@type\":\"WebSite\",\"@id\":\"https:\\\/\\\/www.uartes.edu.ec\\\/sitio\\\/en\\\/#website\",\"url\":\"https:\\\/\\\/www.uartes.edu.ec\\\/sitio\\\/en\\\/\",\"name\":\"Universidad de las Artes\",\"description\":\"Sitio oficial de la Universidad Nacional de las Artes del Ecuador\",\"publisher\":{\"@id\":\"https:\\\/\\\/www.uartes.edu.ec\\\/sitio\\\/en\\\/#organization\"},\"potentialAction\":[{\"@type\":\"SearchAction\",\"target\":{\"@type\":\"EntryPoint\",\"urlTemplate\":\"https:\\\/\\\/www.uartes.edu.ec\\\/sitio\\\/en\\\/?s={search_term_string}\"},\"query-input\":{\"@type\":\"PropertyValueSpecification\",\"valueRequired\":true,\"valueName\":\"search_term_string\"}}],\"inLanguage\":\"en-US\"},{\"@type\":\"Organization\",\"@id\":\"https:\\\/\\\/www.uartes.edu.ec\\\/sitio\\\/en\\\/#organization\",\"name\":\"Universidad de las Artes\",\"url\":\"https:\\\/\\\/www.uartes.edu.ec\\\/sitio\\\/en\\\/\",\"logo\":{\"@type\":\"ImageObject\",\"inLanguage\":\"en-US\",\"@id\":\"https:\\\/\\\/www.uartes.edu.ec\\\/sitio\\\/en\\\/#\\\/schema\\\/logo\\\/image\\\/\",\"url\":\"https:\\\/\\\/www.uartes.edu.ec\\\/sitio\\\/wp-content\\\/uploads\\\/2022\\\/07\\\/logo-ua-horizontal.png\",\"contentUrl\":\"https:\\\/\\\/www.uartes.edu.ec\\\/sitio\\\/wp-content\\\/uploads\\\/2022\\\/07\\\/logo-ua-horizontal.png\",\"width\":800,\"height\":276,\"caption\":\"Universidad de las Artes\"},\"image\":{\"@id\":\"https:\\\/\\\/www.uartes.edu.ec\\\/sitio\\\/en\\\/#\\\/schema\\\/logo\\\/image\\\/\"},\"sameAs\":[\"https:\\\/\\\/www.facebook.com\\\/uartesec\",\"https:\\\/\\\/x.com\\\/uartesec\",\"https:\\\/\\\/www.tiktok.com\\\/@uartesec\"]},{\"@type\":\"Person\",\"@id\":\"https:\\\/\\\/www.uartes.edu.ec\\\/sitio\\\/en\\\/#\\\/schema\\\/person\\\/f33f8c1d2af0d5c80a38c8abf458184a\",\"name\":\"Universidad de las Artes\",\"image\":{\"@type\":\"ImageObject\",\"inLanguage\":\"en-US\",\"@id\":\"https:\\\/\\\/secure.gravatar.com\\\/avatar\\\/52e4757902f5cfa5ac52d020e5be83cae5487519154b6c35482fe08d589f3c13?s=96&d=mm&r=g\",\"url\":\"https:\\\/\\\/secure.gravatar.com\\\/avatar\\\/52e4757902f5cfa5ac52d020e5be83cae5487519154b6c35482fe08d589f3c13?s=96&d=mm&r=g\",\"contentUrl\":\"https:\\\/\\\/secure.gravatar.com\\\/avatar\\\/52e4757902f5cfa5ac52d020e5be83cae5487519154b6c35482fe08d589f3c13?s=96&d=mm&r=g\",\"caption\":\"Universidad de las Artes\"},\"url\":\"https:\\\/\\\/www.uartes.edu.ec\\\/sitio\\\/en\\\/blog\\\/author\\\/dircomadm\\\/\"}]}<\/script>\n<!-- \/ Yoast SEO plugin. -->","yoast_head_json":{"title":"Universidad de las Artes - UArtes adapta sus programas acad\u00e9micos a trav\u00e9s de recursos virtuales","description":"Universidad de las Artes - UArtes adapta sus programas acad\u00e9micos a trav\u00e9s de recursos virtuales","robots":{"index":"index","follow":"follow","max-snippet":"max-snippet:-1","max-image-preview":"max-image-preview:large","max-video-preview":"max-video-preview:-1"},"canonical":"https:\/\/www.uartes.edu.ec\/sitio\/en\/blog\/2020\/04\/02\/uartes-adapta-sus-programas-academicos-a-traves-de-recursos-virtuales\/","og_locale":"en_US","og_type":"article","og_title":"Universidad de las Artes - UArtes adapta sus programas acad\u00e9micos a trav\u00e9s de recursos virtuales","og_description":"Universidad de las Artes - UArtes adapta sus programas acad\u00e9micos a trav\u00e9s de recursos virtuales","og_url":"https:\/\/www.uartes.edu.ec\/sitio\/en\/blog\/2020\/04\/02\/uartes-adapta-sus-programas-academicos-a-traves-de-recursos-virtuales\/","og_site_name":"Universidad de las Artes","article_publisher":"https:\/\/www.facebook.com\/uartesec","article_published_time":"2020-04-02T17:43:26+00:00","article_modified_time":"2024-07-04T16:48:15+00:00","og_image":[{"width":1500,"height":1000,"url":"https:\/\/www.uartes.edu.ec\/sitio\/wp-content\/uploads\/2020\/04\/IMG_4249.jpg","type":"image\/jpeg"}],"author":"Universidad de las Artes","twitter_card":"summary_large_image","twitter_creator":"@uartesec","twitter_site":"@uartesec","twitter_misc":{"Written by":"Universidad de las Artes","Est. reading time":"2 minutes"},"schema":{"@context":"https:\/\/schema.org","@graph":[{"@type":"Article","@id":"https:\/\/www.uartes.edu.ec\/sitio\/en\/blog\/2020\/04\/02\/uartes-adapta-sus-programas-academicos-a-traves-de-recursos-virtuales\/#article","isPartOf":{"@id":"https:\/\/www.uartes.edu.ec\/sitio\/en\/blog\/2020\/04\/02\/uartes-adapta-sus-programas-academicos-a-traves-de-recursos-virtuales\/"},"author":{"name":"Universidad de las Artes","@id":"https:\/\/www.uartes.edu.ec\/sitio\/en\/#\/schema\/person\/f33f8c1d2af0d5c80a38c8abf458184a"},"headline":"UArtes adapta sus programas acad\u00e9micos a trav\u00e9s de recursos virtuales","datePublished":"2020-04-02T17:43:26+00:00","dateModified":"2024-07-04T16:48:15+00:00","mainEntityOfPage":{"@id":"https:\/\/www.uartes.edu.ec\/sitio\/en\/blog\/2020\/04\/02\/uartes-adapta-sus-programas-academicos-a-traves-de-recursos-virtuales\/"},"wordCount":401,"publisher":{"@id":"https:\/\/www.uartes.edu.ec\/sitio\/en\/#organization"},"image":{"@id":"https:\/\/www.uartes.edu.ec\/sitio\/en\/blog\/2020\/04\/02\/uartes-adapta-sus-programas-academicos-a-traves-de-recursos-virtuales\/#primaryimage"},"thumbnailUrl":"https:\/\/www.uartes.edu.ec\/sitio\/wp-content\/uploads\/2020\/04\/IMG_4249.jpg","keywords":["covid19"],"articleSection":["Acad\u00e9mico","Gesti\u00f3n"],"inLanguage":"en-US"},{"@type":["WebPage","ItemPage"],"@id":"https:\/\/www.uartes.edu.ec\/sitio\/en\/blog\/2020\/04\/02\/uartes-adapta-sus-programas-academicos-a-traves-de-recursos-virtuales\/","url":"https:\/\/www.uartes.edu.ec\/sitio\/en\/blog\/2020\/04\/02\/uartes-adapta-sus-programas-academicos-a-traves-de-recursos-virtuales\/","name":"Universidad de las Artes - UArtes adapta sus programas acad\u00e9micos a trav\u00e9s de recursos virtuales","isPartOf":{"@id":"https:\/\/www.uartes.edu.ec\/sitio\/en\/#website"},"primaryImageOfPage":{"@id":"https:\/\/www.uartes.edu.ec\/sitio\/en\/blog\/2020\/04\/02\/uartes-adapta-sus-programas-academicos-a-traves-de-recursos-virtuales\/#primaryimage"},"image":{"@id":"https:\/\/www.uartes.edu.ec\/sitio\/en\/blog\/2020\/04\/02\/uartes-adapta-sus-programas-academicos-a-traves-de-recursos-virtuales\/#primaryimage"},"thumbnailUrl":"https:\/\/www.uartes.edu.ec\/sitio\/wp-content\/uploads\/2020\/04\/IMG_4249.jpg","datePublished":"2020-04-02T17:43:26+00:00","dateModified":"2024-07-04T16:48:15+00:00","description":"Universidad de las Artes - UArtes adapta sus programas acad\u00e9micos a trav\u00e9s de recursos virtuales","breadcrumb":{"@id":"https:\/\/www.uartes.edu.ec\/sitio\/en\/blog\/2020\/04\/02\/uartes-adapta-sus-programas-academicos-a-traves-de-recursos-virtuales\/#breadcrumb"},"inLanguage":"en-US","potentialAction":[{"@type":"ReadAction","target":["https:\/\/www.uartes.edu.ec\/sitio\/en\/blog\/2020\/04\/02\/uartes-adapta-sus-programas-academicos-a-traves-de-recursos-virtuales\/"]}]},{"@type":"ImageObject","inLanguage":"en-US","@id":"https:\/\/www.uartes.edu.ec\/sitio\/en\/blog\/2020\/04\/02\/uartes-adapta-sus-programas-academicos-a-traves-de-recursos-virtuales\/#primaryimage","url":"https:\/\/www.uartes.edu.ec\/sitio\/wp-content\/uploads\/2020\/04\/IMG_4249.jpg","contentUrl":"https:\/\/www.uartes.edu.ec\/sitio\/wp-content\/uploads\/2020\/04\/IMG_4249.jpg","width":1500,"height":1000},{"@type":"BreadcrumbList","@id":"https:\/\/www.uartes.edu.ec\/sitio\/en\/blog\/2020\/04\/02\/uartes-adapta-sus-programas-academicos-a-traves-de-recursos-virtuales\/#breadcrumb","itemListElement":[{"@type":"ListItem","position":1,"name":"Inicio","item":"https:\/\/www.uartes.edu.ec\/sitio\/"},{"@type":"ListItem","position":2,"name":"UArtes adapta sus programas acad\u00e9micos a trav\u00e9s de recursos virtuales"}]},{"@type":"WebSite","@id":"https:\/\/www.uartes.edu.ec\/sitio\/en\/#website","url":"https:\/\/www.uartes.edu.ec\/sitio\/en\/","name":"Universidad de las Artes","description":"Sitio oficial de la Universidad Nacional de las Artes del Ecuador","publisher":{"@id":"https:\/\/www.uartes.edu.ec\/sitio\/en\/#organization"},"potentialAction":[{"@type":"SearchAction","target":{"@type":"EntryPoint","urlTemplate":"https:\/\/www.uartes.edu.ec\/sitio\/en\/?s={search_term_string}"},"query-input":{"@type":"PropertyValueSpecification","valueRequired":true,"valueName":"search_term_string"}}],"inLanguage":"en-US"},{"@type":"Organization","@id":"https:\/\/www.uartes.edu.ec\/sitio\/en\/#organization","name":"Universidad de las Artes","url":"https:\/\/www.uartes.edu.ec\/sitio\/en\/","logo":{"@type":"ImageObject","inLanguage":"en-US","@id":"https:\/\/www.uartes.edu.ec\/sitio\/en\/#\/schema\/logo\/image\/","url":"https:\/\/www.uartes.edu.ec\/sitio\/wp-content\/uploads\/2022\/07\/logo-ua-horizontal.png","contentUrl":"https:\/\/www.uartes.edu.ec\/sitio\/wp-content\/uploads\/2022\/07\/logo-ua-horizontal.png","width":800,"height":276,"caption":"Universidad de las Artes"},"image":{"@id":"https:\/\/www.uartes.edu.ec\/sitio\/en\/#\/schema\/logo\/image\/"},"sameAs":["https:\/\/www.facebook.com\/uartesec","https:\/\/x.com\/uartesec","https:\/\/www.tiktok.com\/@uartesec"]},{"@type":"Person","@id":"https:\/\/www.uartes.edu.ec\/sitio\/en\/#\/schema\/person\/f33f8c1d2af0d5c80a38c8abf458184a","name":"Universidad de las Artes","image":{"@type":"ImageObject","inLanguage":"en-US","@id":"https:\/\/secure.gravatar.com\/avatar\/52e4757902f5cfa5ac52d020e5be83cae5487519154b6c35482fe08d589f3c13?s=96&d=mm&r=g","url":"https:\/\/secure.gravatar.com\/avatar\/52e4757902f5cfa5ac52d020e5be83cae5487519154b6c35482fe08d589f3c13?s=96&d=mm&r=g","contentUrl":"https:\/\/secure.gravatar.com\/avatar\/52e4757902f5cfa5ac52d020e5be83cae5487519154b6c35482fe08d589f3c13?s=96&d=mm&r=g","caption":"Universidad de las Artes"},"url":"https:\/\/www.uartes.edu.ec\/sitio\/en\/blog\/author\/dircomadm\/"}]}},"uagb_featured_image_src":{"full":["https:\/\/www.uartes.edu.ec\/sitio\/wp-content\/uploads\/2020\/04\/IMG_4249.jpg",1500,1000,false],"thumbnail":["https:\/\/www.uartes.edu.ec\/sitio\/wp-content\/uploads\/2020\/04\/IMG_4249-150x150.jpg",150,150,true],"medium":["https:\/\/www.uartes.edu.ec\/sitio\/wp-content\/uploads\/2020\/04\/IMG_4249-300x200.jpg",300,200,true],"medium_large":["https:\/\/www.uartes.edu.ec\/sitio\/wp-content\/uploads\/2020\/04\/IMG_4249-768x512.jpg",768,512,true],"large":["https:\/\/www.uartes.edu.ec\/sitio\/wp-content\/uploads\/2020\/04\/IMG_4249-644x429.jpg",644,429,true],"1536x1536":["https:\/\/www.uartes.edu.ec\/sitio\/wp-content\/uploads\/2020\/04\/IMG_4249.jpg",1500,1000,false],"2048x2048":["https:\/\/www.uartes.edu.ec\/sitio\/wp-content\/uploads\/2020\/04\/IMG_4249.jpg",1500,1000,false],"trp-custom-language-flag":["https:\/\/www.uartes.edu.ec\/sitio\/wp-content\/uploads\/2020\/04\/IMG_4249.jpg",18,12,false],"htmega_size_585x295":["https:\/\/www.uartes.edu.ec\/sitio\/wp-content\/uploads\/2020\/04\/IMG_4249.jpg",443,295,false],"htmega_size_1170x536":["https:\/\/www.uartes.edu.ec\/sitio\/wp-content\/uploads\/2020\/04\/IMG_4249.jpg",804,536,false],"htmega_size_396x360":["https:\/\/www.uartes.edu.ec\/sitio\/wp-content\/uploads\/2020\/04\/IMG_4249.jpg",396,264,false],"gb-block-post-grid-landscape":["https:\/\/www.uartes.edu.ec\/sitio\/wp-content\/uploads\/2020\/04\/IMG_4249.jpg",600,400,false],"gb-block-post-grid-square":["https:\/\/www.uartes.edu.ec\/sitio\/wp-content\/uploads\/2020\/04\/IMG_4249.jpg",600,400,false],"university-hub-thumb":["https:\/\/www.uartes.edu.ec\/sitio\/wp-content\/uploads\/2020\/04\/IMG_4249-400x267.jpg",400,267,true],"mailpoet_newsletter_max":["https:\/\/www.uartes.edu.ec\/sitio\/wp-content\/uploads\/2020\/04\/IMG_4249.jpg",1320,880,false]},"uagb_author_info":{"display_name":"Universidad de las Artes","author_link":"https:\/\/www.uartes.edu.ec\/sitio\/en\/blog\/author\/dircomadm\/"},"uagb_comment_info":0,"uagb_excerpt":"En la Universidad de las Artes el inicio de clases de licenciatura del primer semestre 2020 empezar\u00e1 el lunes 27 de abril. Este tiempo permite una reorganizaci\u00f3n del periodo acad\u00e9mico y de la modalidad de aprendizaje de los programas acad\u00e9micos de la UArtes, ya que se desarrollar\u00e1n en l\u00ednea a trav\u00e9s de plataformas y herramientas&hellip;","featured_image_src":"https:\/\/www.uartes.edu.ec\/sitio\/wp-content\/uploads\/2020\/04\/IMG_4249.jpg","featured_image_src_square":"https:\/\/www.uartes.edu.ec\/sitio\/wp-content\/uploads\/2020\/04\/IMG_4249.jpg","author_info":{"display_name":"Universidad de las Artes","author_link":"https:\/\/www.uartes.edu.ec\/sitio\/en\/blog\/author\/dircomadm\/"},"publishpress_future_workflow_manual_trigger":{"enabledWorkflows":[]},"distributor_meta":false,"distributor_terms":false,"distributor_media":false,"distributor_original_site_name":"Universidad de las Artes","distributor_original_site_url":"https:\/\/www.uartes.edu.ec\/sitio\/en","push-errors":false,"_links":{"self":[{"href":"https:\/\/www.uartes.edu.ec\/sitio\/en\/wp-json\/wp\/v2\/posts\/6618","targetHints":{"allow":["GET"]}}],"collection":[{"href":"https:\/\/www.uartes.edu.ec\/sitio\/en\/wp-json\/wp\/v2\/posts"}],"about":[{"href":"https:\/\/www.uartes.edu.ec\/sitio\/en\/wp-json\/wp\/v2\/types\/post"}],"author":[{"embeddable":true,"href":"https:\/\/www.uartes.edu.ec\/sitio\/en\/wp-json\/wp\/v2\/users\/1"}],"replies":[{"embeddable":true,"href":"https:\/\/www.uartes.edu.ec\/sitio\/en\/wp-json\/wp\/v2\/comments?post=6618"}],"version-history":[{"count":3,"href":"https:\/\/www.uartes.edu.ec\/sitio\/en\/wp-json\/wp\/v2\/posts\/6618\/revisions"}],"predecessor-version":[{"id":6637,"href":"https:\/\/www.uartes.edu.ec\/sitio\/en\/wp-json\/wp\/v2\/posts\/6618\/revisions\/6637"}],"wp:featuredmedia":[{"embeddable":true,"href":"https:\/\/www.uartes.edu.ec\/sitio\/en\/wp-json\/wp\/v2\/media\/6619"}],"wp:attachment":[{"href":"https:\/\/www.uartes.edu.ec\/sitio\/en\/wp-json\/wp\/v2\/media?parent=6618"}],"wp:term":[{"taxonomy":"category","embeddable":true,"href":"https:\/\/www.uartes.edu.ec\/sitio\/en\/wp-json\/wp\/v2\/categories?post=6618"},{"taxonomy":"post_tag","embeddable":true,"href":"https:\/\/www.uartes.edu.ec\/sitio\/en\/wp-json\/wp\/v2\/tags?post=6618"},{"taxonomy":"infouartes","embeddable":true,"href":"https:\/\/www.uartes.edu.ec\/sitio\/en\/wp-json\/wp\/v2\/infouartes?post=6618"}],"curies":[{"name":"wp","href":"https:\/\/api.w.org\/{rel}","templated":true}]}}