{"id":66495,"date":"2024-12-14T12:41:00","date_gmt":"2024-12-14T17:41:00","guid":{"rendered":"https:\/\/www.uartes.edu.ec\/sitio\/?p=66495"},"modified":"2024-12-19T10:58:41","modified_gmt":"2024-12-19T15:58:41","slug":"carrera-de-creacion-teatral-con-aulas-abiertas","status":"publish","type":"post","link":"https:\/\/www.uartes.edu.ec\/sitio\/en\/blog\/2024\/12\/14\/carrera-de-creacion-teatral-con-aulas-abiertas\/","title":{"rendered":"Clases abiertas de Creaci\u00f3n Teatral"},"content":{"rendered":"<p>La carrera de Creaci\u00f3n Teatral de la Escuela de Artes Esc\u00e9nicas dar\u00e1 inicio este lunes 16 de diciembre a cinco d\u00edas de presentaciones de varios de los cierres de los procesos pedag\u00f3gicos realizados durante el presente semestre. Se trata de una casa abierta, una apertura de aulas donde las y los estudiantes compartir\u00e1n con el p\u00fablico sus logros, desaf\u00edos y hallazgos encontrados en las diversas din\u00e1micas de aprendizaje.<\/p>\n\n\n\n<p>\u201cEs un espacio donde la mayor\u00eda de profesores abrimos el aula para que los invitados puedan presenciar una clase. Unas ser\u00e1n muestras de una clase abierta, mientras que otras ser\u00e1n muestras esc\u00e9nicas abiertas al p\u00fablico. Son a veces peque\u00f1os montajes de escenas y peque\u00f1os ejercicios tanto de voz como de cuerpo o de t\u00e9cnica actoral, de danza, de movimiento\u201d, explic\u00f3 el docente An\u00edbal P\u00e1ez.<\/p>\n\n\n\n<p>La casa abierta de Artes Esc\u00e9nicas se mantendr\u00e1 hasta este viernes 20. En agenda, su primera actividad \u2013este lunes 16, a las 08:00\u2013 ser\u00e1 M\u00e1scaras, de la c\u00e1tedra de quinto semestre Libre Opci\u00f3n I, a cargo del docente Lalo Santi. Le seguir\u00e1n: Podcast Teatral, en la Sala de Experimentaci\u00f3n Sonora del MZ14 Centro de Producci\u00f3n e Innovaci\u00f3n UArtes, a cargo del docente Juan Bautista; y Laboratorio Esc\u00e9nico II y Taller Sonoro Lum\u00ednico, a cargo de los docentes Jocelyn S\u00e1nchez, Remigio V\u00e1sconez y Diego Ortega Mu\u00f1oz.<\/p>\n\n\n\n<p>Martes 17, en el aula 305 del edificio T\u00e1bara habr\u00e1, a las 08:30, la clase abierta de la asignatura Laboratorio de Creaci\u00f3n I, primer semestre, con el docente Christian Guerrero; y a las 14:00 Entrenamiento III, tercer semestre, con el docente Lalo Santi.<\/p>\n\n\n\n<p>En el aula 301 de El Tel\u00e9grafo, a las 14:00 clase abierta de Dramaturgia Experimental, quinto semestre, con la docente Lorena Toro; y a las 15:30, Voz I de primer semestre (grupo 1), con el docente Juan Bautista.<\/p>\n\n\n\n<p>Sala Patrimonial: a las 11:20 aula abierta del Taller de praxis en la puesta en escena, s\u00e9ptimo semestre, con el docente Santiago Rold\u00f3s; a las 13:00, Voz I, primer semestre (grupo 2), con el docente Juan Bautista; y a las 16:30, Canto, quinto semestre, con la docente Grecia Alb\u00e1n.<\/p>\n\n\n\n<p>Mi\u00e9rcoles 18, en el aula 305 del T\u00e1bara habr\u00e1 a las 11:20 una clase abierta de Laboratorio Esc\u00e9nico III, s\u00e9ptimo semestre, con el docente Santiago Rold\u00f3s; de 15:00 a 16:30, Laboratorio de Creaci\u00f3n II y Voz II, segundo semestre, con las docentes Tatiana Ugalde y Lorena Toro.<\/p>\n\n\n\n<p>En el aula 301 de El Tel\u00e9grafo, a las 09:00, Danza I, segundo semestre, con el docente Jorge Parra; a las 10:00, Laboratorio de Creaci\u00f3n III y Voz III, tercer semestre, con la docente Pilar Aranda; y a las 14:30, Laboratorio Esc\u00e9nico I, quinto semestre, con la docente Dolores Ortiz.<\/p>\n\n\n\n<p>En el piso 1 del Pabell\u00f3n Humberto Salgado, antiguo edificio de la Gobernaci\u00f3n, se desarrollar\u00e1 a las 15:30 un taller abierto de vestuario y maquillaje esc\u00e9nico, materia de octavo semestre, con el docente Juan Bautista; tambi\u00e9n a las 15:30, en la Sala Patrimonial del MZ14 Laboratorio Esc\u00e9nico II y Taller Sonoro Lum\u00ednico, sexto semestre, a cargo de las docentes Jocelyn S\u00e1nchez, Remigio V\u00e1sconez y Diego Ortega Mu\u00f1oz.<\/p>\n\n\n\n<p>Jueves 19, en el aula 305 del T\u00e1bara se desarrollar\u00e1 a las 12:00 el Laboratorio de Creaci\u00f3n I (12:00), primer semestre, con el docente Christian Guerrero; en el aula 301 de El Tel\u00e9grafo a las 14:30, Dramaturgia Experimental, quinto semestre, con la docente Lorena Toro; en la Sala Patrimonial del MZ14, a las 09:00, clase abierta de la c\u00e1tedra Libre Opci\u00f3n III: Creaci\u00f3n Sonora para la Escena, quinto semestre, con la docente Grecia Alb\u00e1n. De 11:00 a 11:30, presentaci\u00f3n del especial de Navidad a cargo de estudiantes de Nivelaci\u00f3n de Creaci\u00f3n Teatral, con el apoyo de la Secretar\u00eda de Bienestar Universitario (SBU).<\/p>\n\n\n\n<p>Viernes 20, en la Sala Patrimonial habr\u00e1 clase abierta de Voz III (09:00), tercer semestre, con la docente Pilar Aranda.<\/p>\n\n\n\n<h3 class=\"wp-block-heading\">\u201cBiritute: El secuestro de la lluvia\u201d<\/h3>\n\n\n\n<p>En la agenda del jueves 19 y viernes 20 consta la presentaci\u00f3n en la Plaza P\u00fablica del MZ14 de la obra \u201cBiritute: El secuestro de la lluvia\u201d, a cargo del Colectivo At\u00e1vico y bajo la direcci\u00f3n del docente Mat\u00edas Belmar. El primer d\u00eda, a las 18:30, y el segundo d\u00eda, a las 15:00 y 18:30.<\/p>\n\n\n\n<p>El montaje lo realizan los estudiantes de octavo semestre que ya est\u00e1n en titulaci\u00f3n, indic\u00f3 el docente An\u00edbal P\u00e1ez. Agreg\u00f3 que la puesta en escena ser\u00eda la principal de fin de semestre. Adelant\u00f3, adem\u00e1s, que \u201cBiritute: El secuestro de la lluvia\u201d tendr\u00e1 una funci\u00f3n especial el pr\u00f3ximo martes en la comuna de Sacach\u00fan, en la provincia de Santa Elena, que es de donde proviene el monolito de San Biritute.<\/p>\n\n\n\n<p>Justamente, la sinopsis de la obra detalla que la propuesta revive uno de los sucesos violentos de la historia del Ecuador. El secuestro de San Biritute, un monolito admirado por el pueblo de Sacach\u00fan. Los comuneros le atribu\u00edan a San biritute la abundancia de sus tierras, la prosperidad de su ganado y la fertilidad de sus familias.<br><br>Como creadores y actantes de la escena intervienen Mar\u00eda Aspiazu, Mar\u00eda de los \u00c1ngeles Beltr\u00e1n, Patricio Borja, Bryan Calder\u00f3n, Jes\u00fas L\u00f3pez, Fanny Nieto, Fernando Piguave, Nahomi Ramos, Joseph San Lucas, Miguel Soria, Otty Vera y Sumaya Vera. Colaboran en la musicalizaci\u00f3n Grecia Alb\u00e1n y Charlie Alban; en el dise\u00f1o del logo, Adriana S\u00e1nchez; en el dise\u00f1o digital, Eduardo Romero; y en el apoyo en el entrenamiento f\u00edsico, Tanya S\u00e1nchez.<\/p>\n\n\n\n<p>Foto: Escuela de Artes Esc\u00e9nicas. La imagen corresponde a la obra \u201cBiritute: El secuestro de la lluvia\u201d.<\/p>","protected":false},"excerpt":{"rendered":"<p>La carrera de Creaci\u00f3n Teatral de la Escuela de Artes Esc\u00e9nicas de la Universidad de las Artes dar\u00e1 inicio este lunes 16 de diciembre a cinco d\u00edas de presentaciones de varios de los cierres de los procesos pedag\u00f3gicos realizados durante el presente semestre. Se trata de una casa abierta, una apertura de aulas donde las y los estudiantes compartir\u00e1n con el p\u00fablico sus logros, desaf\u00edos y hallazgos encontrados en las diversas din\u00e1micas de aprendizaje. La jornada concluir\u00e1 con la puesta en escena de \u201cBiritute: El secuestro de la lluvia\u201d.<\/p>","protected":false},"author":10,"featured_media":66496,"comment_status":"open","ping_status":"open","sticky":false,"template":"","format":"standard","meta":{"_acf_changed":false,"_uag_custom_page_level_css":"","_monsterinsights_skip_tracking":false,"_monsterinsights_sitenote_active":false,"_monsterinsights_sitenote_note":"","_monsterinsights_sitenote_category":0,"cybocfi_hide_featured_image":"","footnotes":""},"categories":[80,490,82,159,75,76,83],"tags":[517],"infouartes":[1287],"class_list":["post-66495","post","type-post","status-publish","format-standard","has-post-thumbnail","hentry","category-academico","category-alumni","category-artes","category-artes-escenicas","category-docentes","category-estudiantes","category-sedes","tag-exposicion","infouartes-somos-uartes"],"acf":[],"yoast_head":"<!-- This site is optimized with the Yoast SEO plugin v27.4 - https:\/\/yoast.com\/product\/yoast-seo-wordpress\/ -->\n<title>Universidad de las Artes - Clases abiertas de Creaci\u00f3n Teatral<\/title>\n<meta name=\"description\" content=\"Universidad de las Artes - Clases abiertas de Creaci\u00f3n Teatral\" \/>\n<meta name=\"robots\" content=\"index, follow, max-snippet:-1, max-image-preview:large, max-video-preview:-1\" \/>\n<link rel=\"canonical\" href=\"https:\/\/www.uartes.edu.ec\/sitio\/en\/blog\/2024\/12\/14\/carrera-de-creacion-teatral-con-aulas-abiertas\/\" \/>\n<meta property=\"og:locale\" content=\"en_US\" \/>\n<meta property=\"og:type\" content=\"article\" \/>\n<meta property=\"og:title\" content=\"Universidad de las Artes - Clases abiertas de Creaci\u00f3n Teatral\" \/>\n<meta property=\"og:description\" content=\"Universidad de las Artes - Clases abiertas de Creaci\u00f3n Teatral\" \/>\n<meta property=\"og:url\" content=\"https:\/\/www.uartes.edu.ec\/sitio\/en\/blog\/2024\/12\/14\/carrera-de-creacion-teatral-con-aulas-abiertas\/\" \/>\n<meta property=\"og:site_name\" content=\"Universidad de las Artes\" \/>\n<meta property=\"article:publisher\" content=\"https:\/\/www.facebook.com\/uartesec\" \/>\n<meta property=\"article:published_time\" content=\"2024-12-14T17:41:00+00:00\" \/>\n<meta property=\"article:modified_time\" content=\"2024-12-19T15:58:41+00:00\" \/>\n<meta property=\"og:image\" content=\"https:\/\/www.uartes.edu.ec\/sitio\/wp-content\/uploads\/2024\/12\/2000-x-1333.jpg\" \/>\n\t<meta property=\"og:image:width\" content=\"2000\" \/>\n\t<meta property=\"og:image:height\" content=\"1333\" \/>\n\t<meta property=\"og:image:type\" content=\"image\/jpeg\" \/>\n<meta name=\"author\" content=\"ccortez\" \/>\n<meta name=\"twitter:card\" content=\"summary_large_image\" \/>\n<meta name=\"twitter:creator\" content=\"@uartesec\" \/>\n<meta name=\"twitter:site\" content=\"@uartesec\" \/>\n<meta name=\"twitter:label1\" content=\"Written by\" \/>\n\t<meta name=\"twitter:data1\" content=\"ccortez\" \/>\n\t<meta name=\"twitter:label2\" content=\"Est. reading time\" \/>\n\t<meta name=\"twitter:data2\" content=\"5 minutes\" \/>\n<script type=\"application\/ld+json\" class=\"yoast-schema-graph\">{\"@context\":\"https:\\\/\\\/schema.org\",\"@graph\":[{\"@type\":\"Article\",\"@id\":\"https:\\\/\\\/www.uartes.edu.ec\\\/sitio\\\/en\\\/blog\\\/2024\\\/12\\\/14\\\/carrera-de-creacion-teatral-con-aulas-abiertas\\\/#article\",\"isPartOf\":{\"@id\":\"https:\\\/\\\/www.uartes.edu.ec\\\/sitio\\\/en\\\/blog\\\/2024\\\/12\\\/14\\\/carrera-de-creacion-teatral-con-aulas-abiertas\\\/\"},\"author\":{\"name\":\"ccortez\",\"@id\":\"https:\\\/\\\/www.uartes.edu.ec\\\/sitio\\\/en\\\/#\\\/schema\\\/person\\\/efa1b8275797664fd7f13a79ccc0b1f4\"},\"headline\":\"Clases abiertas de Creaci\u00f3n Teatral\",\"datePublished\":\"2024-12-14T17:41:00+00:00\",\"dateModified\":\"2024-12-19T15:58:41+00:00\",\"mainEntityOfPage\":{\"@id\":\"https:\\\/\\\/www.uartes.edu.ec\\\/sitio\\\/en\\\/blog\\\/2024\\\/12\\\/14\\\/carrera-de-creacion-teatral-con-aulas-abiertas\\\/\"},\"wordCount\":966,\"commentCount\":0,\"publisher\":{\"@id\":\"https:\\\/\\\/www.uartes.edu.ec\\\/sitio\\\/en\\\/#organization\"},\"image\":{\"@id\":\"https:\\\/\\\/www.uartes.edu.ec\\\/sitio\\\/en\\\/blog\\\/2024\\\/12\\\/14\\\/carrera-de-creacion-teatral-con-aulas-abiertas\\\/#primaryimage\"},\"thumbnailUrl\":\"https:\\\/\\\/www.uartes.edu.ec\\\/sitio\\\/wp-content\\\/uploads\\\/2024\\\/12\\\/2000-x-1333.jpg\",\"keywords\":[\"exposici\u00f3n\"],\"articleSection\":[\"Acad\u00e9mico\",\"Alumni\",\"Artes\",\"Artes Esc\u00e9nicas\",\"Docentes\",\"Estudiantes\",\"Sedes\"],\"inLanguage\":\"en-US\",\"potentialAction\":[{\"@type\":\"CommentAction\",\"name\":\"Comment\",\"target\":[\"https:\\\/\\\/www.uartes.edu.ec\\\/sitio\\\/en\\\/blog\\\/2024\\\/12\\\/14\\\/carrera-de-creacion-teatral-con-aulas-abiertas\\\/#respond\"]}]},{\"@type\":[\"WebPage\",\"ItemPage\"],\"@id\":\"https:\\\/\\\/www.uartes.edu.ec\\\/sitio\\\/en\\\/blog\\\/2024\\\/12\\\/14\\\/carrera-de-creacion-teatral-con-aulas-abiertas\\\/\",\"url\":\"https:\\\/\\\/www.uartes.edu.ec\\\/sitio\\\/en\\\/blog\\\/2024\\\/12\\\/14\\\/carrera-de-creacion-teatral-con-aulas-abiertas\\\/\",\"name\":\"Universidad de las Artes - Clases abiertas de Creaci\u00f3n Teatral\",\"isPartOf\":{\"@id\":\"https:\\\/\\\/www.uartes.edu.ec\\\/sitio\\\/en\\\/#website\"},\"primaryImageOfPage\":{\"@id\":\"https:\\\/\\\/www.uartes.edu.ec\\\/sitio\\\/en\\\/blog\\\/2024\\\/12\\\/14\\\/carrera-de-creacion-teatral-con-aulas-abiertas\\\/#primaryimage\"},\"image\":{\"@id\":\"https:\\\/\\\/www.uartes.edu.ec\\\/sitio\\\/en\\\/blog\\\/2024\\\/12\\\/14\\\/carrera-de-creacion-teatral-con-aulas-abiertas\\\/#primaryimage\"},\"thumbnailUrl\":\"https:\\\/\\\/www.uartes.edu.ec\\\/sitio\\\/wp-content\\\/uploads\\\/2024\\\/12\\\/2000-x-1333.jpg\",\"datePublished\":\"2024-12-14T17:41:00+00:00\",\"dateModified\":\"2024-12-19T15:58:41+00:00\",\"description\":\"Universidad de las Artes - Clases abiertas de Creaci\u00f3n Teatral\",\"breadcrumb\":{\"@id\":\"https:\\\/\\\/www.uartes.edu.ec\\\/sitio\\\/en\\\/blog\\\/2024\\\/12\\\/14\\\/carrera-de-creacion-teatral-con-aulas-abiertas\\\/#breadcrumb\"},\"inLanguage\":\"en-US\",\"potentialAction\":[{\"@type\":\"ReadAction\",\"target\":[\"https:\\\/\\\/www.uartes.edu.ec\\\/sitio\\\/en\\\/blog\\\/2024\\\/12\\\/14\\\/carrera-de-creacion-teatral-con-aulas-abiertas\\\/\"]}]},{\"@type\":\"ImageObject\",\"inLanguage\":\"en-US\",\"@id\":\"https:\\\/\\\/www.uartes.edu.ec\\\/sitio\\\/en\\\/blog\\\/2024\\\/12\\\/14\\\/carrera-de-creacion-teatral-con-aulas-abiertas\\\/#primaryimage\",\"url\":\"https:\\\/\\\/www.uartes.edu.ec\\\/sitio\\\/wp-content\\\/uploads\\\/2024\\\/12\\\/2000-x-1333.jpg\",\"contentUrl\":\"https:\\\/\\\/www.uartes.edu.ec\\\/sitio\\\/wp-content\\\/uploads\\\/2024\\\/12\\\/2000-x-1333.jpg\",\"width\":2000,\"height\":1333},{\"@type\":\"BreadcrumbList\",\"@id\":\"https:\\\/\\\/www.uartes.edu.ec\\\/sitio\\\/en\\\/blog\\\/2024\\\/12\\\/14\\\/carrera-de-creacion-teatral-con-aulas-abiertas\\\/#breadcrumb\",\"itemListElement\":[{\"@type\":\"ListItem\",\"position\":1,\"name\":\"Inicio\",\"item\":\"https:\\\/\\\/www.uartes.edu.ec\\\/sitio\\\/\"},{\"@type\":\"ListItem\",\"position\":2,\"name\":\"Clases abiertas de Creaci\u00f3n Teatral\"}]},{\"@type\":\"WebSite\",\"@id\":\"https:\\\/\\\/www.uartes.edu.ec\\\/sitio\\\/en\\\/#website\",\"url\":\"https:\\\/\\\/www.uartes.edu.ec\\\/sitio\\\/en\\\/\",\"name\":\"Universidad de las Artes\",\"description\":\"Sitio oficial de la Universidad Nacional de las Artes del Ecuador\",\"publisher\":{\"@id\":\"https:\\\/\\\/www.uartes.edu.ec\\\/sitio\\\/en\\\/#organization\"},\"potentialAction\":[{\"@type\":\"SearchAction\",\"target\":{\"@type\":\"EntryPoint\",\"urlTemplate\":\"https:\\\/\\\/www.uartes.edu.ec\\\/sitio\\\/en\\\/?s={search_term_string}\"},\"query-input\":{\"@type\":\"PropertyValueSpecification\",\"valueRequired\":true,\"valueName\":\"search_term_string\"}}],\"inLanguage\":\"en-US\"},{\"@type\":\"Organization\",\"@id\":\"https:\\\/\\\/www.uartes.edu.ec\\\/sitio\\\/en\\\/#organization\",\"name\":\"Universidad de las Artes\",\"url\":\"https:\\\/\\\/www.uartes.edu.ec\\\/sitio\\\/en\\\/\",\"logo\":{\"@type\":\"ImageObject\",\"inLanguage\":\"en-US\",\"@id\":\"https:\\\/\\\/www.uartes.edu.ec\\\/sitio\\\/en\\\/#\\\/schema\\\/logo\\\/image\\\/\",\"url\":\"https:\\\/\\\/www.uartes.edu.ec\\\/sitio\\\/wp-content\\\/uploads\\\/2022\\\/07\\\/logo-ua-horizontal.png\",\"contentUrl\":\"https:\\\/\\\/www.uartes.edu.ec\\\/sitio\\\/wp-content\\\/uploads\\\/2022\\\/07\\\/logo-ua-horizontal.png\",\"width\":800,\"height\":276,\"caption\":\"Universidad de las Artes\"},\"image\":{\"@id\":\"https:\\\/\\\/www.uartes.edu.ec\\\/sitio\\\/en\\\/#\\\/schema\\\/logo\\\/image\\\/\"},\"sameAs\":[\"https:\\\/\\\/www.facebook.com\\\/uartesec\",\"https:\\\/\\\/x.com\\\/uartesec\",\"https:\\\/\\\/www.tiktok.com\\\/@uartesec\"]},{\"@type\":\"Person\",\"@id\":\"https:\\\/\\\/www.uartes.edu.ec\\\/sitio\\\/en\\\/#\\\/schema\\\/person\\\/efa1b8275797664fd7f13a79ccc0b1f4\",\"name\":\"ccortez\",\"image\":{\"@type\":\"ImageObject\",\"inLanguage\":\"en-US\",\"@id\":\"https:\\\/\\\/secure.gravatar.com\\\/avatar\\\/b2a6f664a3ae8e074346ef91775736c5ec479e637ecced6842de9dc98b5da9cd?s=96&d=mm&r=g\",\"url\":\"https:\\\/\\\/secure.gravatar.com\\\/avatar\\\/b2a6f664a3ae8e074346ef91775736c5ec479e637ecced6842de9dc98b5da9cd?s=96&d=mm&r=g\",\"contentUrl\":\"https:\\\/\\\/secure.gravatar.com\\\/avatar\\\/b2a6f664a3ae8e074346ef91775736c5ec479e637ecced6842de9dc98b5da9cd?s=96&d=mm&r=g\",\"caption\":\"ccortez\"},\"url\":\"https:\\\/\\\/www.uartes.edu.ec\\\/sitio\\\/en\\\/blog\\\/author\\\/ccortez\\\/\"}]}<\/script>\n<!-- \/ Yoast SEO plugin. -->","yoast_head_json":{"title":"Universidad de las Artes - Clases abiertas de Creaci\u00f3n Teatral","description":"Universidad de las Artes - Clases abiertas de Creaci\u00f3n Teatral","robots":{"index":"index","follow":"follow","max-snippet":"max-snippet:-1","max-image-preview":"max-image-preview:large","max-video-preview":"max-video-preview:-1"},"canonical":"https:\/\/www.uartes.edu.ec\/sitio\/en\/blog\/2024\/12\/14\/carrera-de-creacion-teatral-con-aulas-abiertas\/","og_locale":"en_US","og_type":"article","og_title":"Universidad de las Artes - Clases abiertas de Creaci\u00f3n Teatral","og_description":"Universidad de las Artes - Clases abiertas de Creaci\u00f3n Teatral","og_url":"https:\/\/www.uartes.edu.ec\/sitio\/en\/blog\/2024\/12\/14\/carrera-de-creacion-teatral-con-aulas-abiertas\/","og_site_name":"Universidad de las Artes","article_publisher":"https:\/\/www.facebook.com\/uartesec","article_published_time":"2024-12-14T17:41:00+00:00","article_modified_time":"2024-12-19T15:58:41+00:00","og_image":[{"width":2000,"height":1333,"url":"https:\/\/www.uartes.edu.ec\/sitio\/wp-content\/uploads\/2024\/12\/2000-x-1333.jpg","type":"image\/jpeg"}],"author":"ccortez","twitter_card":"summary_large_image","twitter_creator":"@uartesec","twitter_site":"@uartesec","twitter_misc":{"Written by":"ccortez","Est. reading time":"5 minutes"},"schema":{"@context":"https:\/\/schema.org","@graph":[{"@type":"Article","@id":"https:\/\/www.uartes.edu.ec\/sitio\/en\/blog\/2024\/12\/14\/carrera-de-creacion-teatral-con-aulas-abiertas\/#article","isPartOf":{"@id":"https:\/\/www.uartes.edu.ec\/sitio\/en\/blog\/2024\/12\/14\/carrera-de-creacion-teatral-con-aulas-abiertas\/"},"author":{"name":"ccortez","@id":"https:\/\/www.uartes.edu.ec\/sitio\/en\/#\/schema\/person\/efa1b8275797664fd7f13a79ccc0b1f4"},"headline":"Clases abiertas de Creaci\u00f3n Teatral","datePublished":"2024-12-14T17:41:00+00:00","dateModified":"2024-12-19T15:58:41+00:00","mainEntityOfPage":{"@id":"https:\/\/www.uartes.edu.ec\/sitio\/en\/blog\/2024\/12\/14\/carrera-de-creacion-teatral-con-aulas-abiertas\/"},"wordCount":966,"commentCount":0,"publisher":{"@id":"https:\/\/www.uartes.edu.ec\/sitio\/en\/#organization"},"image":{"@id":"https:\/\/www.uartes.edu.ec\/sitio\/en\/blog\/2024\/12\/14\/carrera-de-creacion-teatral-con-aulas-abiertas\/#primaryimage"},"thumbnailUrl":"https:\/\/www.uartes.edu.ec\/sitio\/wp-content\/uploads\/2024\/12\/2000-x-1333.jpg","keywords":["exposici\u00f3n"],"articleSection":["Acad\u00e9mico","Alumni","Artes","Artes Esc\u00e9nicas","Docentes","Estudiantes","Sedes"],"inLanguage":"en-US","potentialAction":[{"@type":"CommentAction","name":"Comment","target":["https:\/\/www.uartes.edu.ec\/sitio\/en\/blog\/2024\/12\/14\/carrera-de-creacion-teatral-con-aulas-abiertas\/#respond"]}]},{"@type":["WebPage","ItemPage"],"@id":"https:\/\/www.uartes.edu.ec\/sitio\/en\/blog\/2024\/12\/14\/carrera-de-creacion-teatral-con-aulas-abiertas\/","url":"https:\/\/www.uartes.edu.ec\/sitio\/en\/blog\/2024\/12\/14\/carrera-de-creacion-teatral-con-aulas-abiertas\/","name":"Universidad de las Artes - Clases abiertas de Creaci\u00f3n Teatral","isPartOf":{"@id":"https:\/\/www.uartes.edu.ec\/sitio\/en\/#website"},"primaryImageOfPage":{"@id":"https:\/\/www.uartes.edu.ec\/sitio\/en\/blog\/2024\/12\/14\/carrera-de-creacion-teatral-con-aulas-abiertas\/#primaryimage"},"image":{"@id":"https:\/\/www.uartes.edu.ec\/sitio\/en\/blog\/2024\/12\/14\/carrera-de-creacion-teatral-con-aulas-abiertas\/#primaryimage"},"thumbnailUrl":"https:\/\/www.uartes.edu.ec\/sitio\/wp-content\/uploads\/2024\/12\/2000-x-1333.jpg","datePublished":"2024-12-14T17:41:00+00:00","dateModified":"2024-12-19T15:58:41+00:00","description":"Universidad de las Artes - Clases abiertas de Creaci\u00f3n Teatral","breadcrumb":{"@id":"https:\/\/www.uartes.edu.ec\/sitio\/en\/blog\/2024\/12\/14\/carrera-de-creacion-teatral-con-aulas-abiertas\/#breadcrumb"},"inLanguage":"en-US","potentialAction":[{"@type":"ReadAction","target":["https:\/\/www.uartes.edu.ec\/sitio\/en\/blog\/2024\/12\/14\/carrera-de-creacion-teatral-con-aulas-abiertas\/"]}]},{"@type":"ImageObject","inLanguage":"en-US","@id":"https:\/\/www.uartes.edu.ec\/sitio\/en\/blog\/2024\/12\/14\/carrera-de-creacion-teatral-con-aulas-abiertas\/#primaryimage","url":"https:\/\/www.uartes.edu.ec\/sitio\/wp-content\/uploads\/2024\/12\/2000-x-1333.jpg","contentUrl":"https:\/\/www.uartes.edu.ec\/sitio\/wp-content\/uploads\/2024\/12\/2000-x-1333.jpg","width":2000,"height":1333},{"@type":"BreadcrumbList","@id":"https:\/\/www.uartes.edu.ec\/sitio\/en\/blog\/2024\/12\/14\/carrera-de-creacion-teatral-con-aulas-abiertas\/#breadcrumb","itemListElement":[{"@type":"ListItem","position":1,"name":"Inicio","item":"https:\/\/www.uartes.edu.ec\/sitio\/"},{"@type":"ListItem","position":2,"name":"Clases abiertas de Creaci\u00f3n Teatral"}]},{"@type":"WebSite","@id":"https:\/\/www.uartes.edu.ec\/sitio\/en\/#website","url":"https:\/\/www.uartes.edu.ec\/sitio\/en\/","name":"Universidad de las Artes","description":"Sitio oficial de la Universidad Nacional de las Artes del Ecuador","publisher":{"@id":"https:\/\/www.uartes.edu.ec\/sitio\/en\/#organization"},"potentialAction":[{"@type":"SearchAction","target":{"@type":"EntryPoint","urlTemplate":"https:\/\/www.uartes.edu.ec\/sitio\/en\/?s={search_term_string}"},"query-input":{"@type":"PropertyValueSpecification","valueRequired":true,"valueName":"search_term_string"}}],"inLanguage":"en-US"},{"@type":"Organization","@id":"https:\/\/www.uartes.edu.ec\/sitio\/en\/#organization","name":"Universidad de las Artes","url":"https:\/\/www.uartes.edu.ec\/sitio\/en\/","logo":{"@type":"ImageObject","inLanguage":"en-US","@id":"https:\/\/www.uartes.edu.ec\/sitio\/en\/#\/schema\/logo\/image\/","url":"https:\/\/www.uartes.edu.ec\/sitio\/wp-content\/uploads\/2022\/07\/logo-ua-horizontal.png","contentUrl":"https:\/\/www.uartes.edu.ec\/sitio\/wp-content\/uploads\/2022\/07\/logo-ua-horizontal.png","width":800,"height":276,"caption":"Universidad de las Artes"},"image":{"@id":"https:\/\/www.uartes.edu.ec\/sitio\/en\/#\/schema\/logo\/image\/"},"sameAs":["https:\/\/www.facebook.com\/uartesec","https:\/\/x.com\/uartesec","https:\/\/www.tiktok.com\/@uartesec"]},{"@type":"Person","@id":"https:\/\/www.uartes.edu.ec\/sitio\/en\/#\/schema\/person\/efa1b8275797664fd7f13a79ccc0b1f4","name":"ccortez","image":{"@type":"ImageObject","inLanguage":"en-US","@id":"https:\/\/secure.gravatar.com\/avatar\/b2a6f664a3ae8e074346ef91775736c5ec479e637ecced6842de9dc98b5da9cd?s=96&d=mm&r=g","url":"https:\/\/secure.gravatar.com\/avatar\/b2a6f664a3ae8e074346ef91775736c5ec479e637ecced6842de9dc98b5da9cd?s=96&d=mm&r=g","contentUrl":"https:\/\/secure.gravatar.com\/avatar\/b2a6f664a3ae8e074346ef91775736c5ec479e637ecced6842de9dc98b5da9cd?s=96&d=mm&r=g","caption":"ccortez"},"url":"https:\/\/www.uartes.edu.ec\/sitio\/en\/blog\/author\/ccortez\/"}]}},"uagb_featured_image_src":{"full":["https:\/\/www.uartes.edu.ec\/sitio\/wp-content\/uploads\/2024\/12\/2000-x-1333.jpg",2000,1333,false],"thumbnail":["https:\/\/www.uartes.edu.ec\/sitio\/wp-content\/uploads\/2024\/12\/2000-x-1333-150x150.jpg",150,150,true],"medium":["https:\/\/www.uartes.edu.ec\/sitio\/wp-content\/uploads\/2024\/12\/2000-x-1333-300x200.jpg",300,200,true],"medium_large":["https:\/\/www.uartes.edu.ec\/sitio\/wp-content\/uploads\/2024\/12\/2000-x-1333-768x512.jpg",768,512,true],"large":["https:\/\/www.uartes.edu.ec\/sitio\/wp-content\/uploads\/2024\/12\/2000-x-1333-644x429.jpg",644,429,true],"1536x1536":["https:\/\/www.uartes.edu.ec\/sitio\/wp-content\/uploads\/2024\/12\/2000-x-1333-1536x1024.jpg",1536,1024,true],"2048x2048":["https:\/\/www.uartes.edu.ec\/sitio\/wp-content\/uploads\/2024\/12\/2000-x-1333.jpg",2000,1333,false],"trp-custom-language-flag":["https:\/\/www.uartes.edu.ec\/sitio\/wp-content\/uploads\/2024\/12\/2000-x-1333-18x12.jpg",18,12,true],"htmega_size_585x295":["https:\/\/www.uartes.edu.ec\/sitio\/wp-content\/uploads\/2024\/12\/2000-x-1333-585x295.jpg",585,295,true],"htmega_size_1170x536":["https:\/\/www.uartes.edu.ec\/sitio\/wp-content\/uploads\/2024\/12\/2000-x-1333-1170x536.jpg",1170,536,true],"htmega_size_396x360":["https:\/\/www.uartes.edu.ec\/sitio\/wp-content\/uploads\/2024\/12\/2000-x-1333-396x360.jpg",396,360,true],"gb-block-post-grid-landscape":["https:\/\/www.uartes.edu.ec\/sitio\/wp-content\/uploads\/2024\/12\/2000-x-1333-600x400.jpg",600,400,true],"gb-block-post-grid-square":["https:\/\/www.uartes.edu.ec\/sitio\/wp-content\/uploads\/2024\/12\/2000-x-1333-600x600.jpg",600,600,true],"university-hub-thumb":["https:\/\/www.uartes.edu.ec\/sitio\/wp-content\/uploads\/2024\/12\/2000-x-1333-400x267.jpg",400,267,true]},"uagb_author_info":{"display_name":"ccortez","author_link":"https:\/\/www.uartes.edu.ec\/sitio\/en\/blog\/author\/ccortez\/"},"uagb_comment_info":0,"uagb_excerpt":"La carrera de Creaci\u00f3n Teatral de la Escuela de Artes Esc\u00e9nicas de la Universidad de las Artes dar\u00e1 inicio este lunes 16 de diciembre a cinco d\u00edas de presentaciones de varios de los cierres de los procesos pedag\u00f3gicos realizados durante el presente semestre. Se trata de una casa abierta, una apertura de aulas donde las&hellip;","featured_image_src":"https:\/\/www.uartes.edu.ec\/sitio\/wp-content\/uploads\/2024\/12\/2000-x-1333-600x400.jpg","featured_image_src_square":"https:\/\/www.uartes.edu.ec\/sitio\/wp-content\/uploads\/2024\/12\/2000-x-1333-600x600.jpg","author_info":{"display_name":"ccortez","author_link":"https:\/\/www.uartes.edu.ec\/sitio\/en\/blog\/author\/ccortez\/"},"publishpress_future_workflow_manual_trigger":{"enabledWorkflows":[]},"distributor_meta":false,"distributor_terms":false,"distributor_media":false,"distributor_original_site_name":"Universidad de las Artes","distributor_original_site_url":"https:\/\/www.uartes.edu.ec\/sitio\/en","push-errors":false,"_links":{"self":[{"href":"https:\/\/www.uartes.edu.ec\/sitio\/en\/wp-json\/wp\/v2\/posts\/66495","targetHints":{"allow":["GET"]}}],"collection":[{"href":"https:\/\/www.uartes.edu.ec\/sitio\/en\/wp-json\/wp\/v2\/posts"}],"about":[{"href":"https:\/\/www.uartes.edu.ec\/sitio\/en\/wp-json\/wp\/v2\/types\/post"}],"author":[{"embeddable":true,"href":"https:\/\/www.uartes.edu.ec\/sitio\/en\/wp-json\/wp\/v2\/users\/10"}],"replies":[{"embeddable":true,"href":"https:\/\/www.uartes.edu.ec\/sitio\/en\/wp-json\/wp\/v2\/comments?post=66495"}],"version-history":[{"count":4,"href":"https:\/\/www.uartes.edu.ec\/sitio\/en\/wp-json\/wp\/v2\/posts\/66495\/revisions"}],"predecessor-version":[{"id":66510,"href":"https:\/\/www.uartes.edu.ec\/sitio\/en\/wp-json\/wp\/v2\/posts\/66495\/revisions\/66510"}],"wp:featuredmedia":[{"embeddable":true,"href":"https:\/\/www.uartes.edu.ec\/sitio\/en\/wp-json\/wp\/v2\/media\/66496"}],"wp:attachment":[{"href":"https:\/\/www.uartes.edu.ec\/sitio\/en\/wp-json\/wp\/v2\/media?parent=66495"}],"wp:term":[{"taxonomy":"category","embeddable":true,"href":"https:\/\/www.uartes.edu.ec\/sitio\/en\/wp-json\/wp\/v2\/categories?post=66495"},{"taxonomy":"post_tag","embeddable":true,"href":"https:\/\/www.uartes.edu.ec\/sitio\/en\/wp-json\/wp\/v2\/tags?post=66495"},{"taxonomy":"infouartes","embeddable":true,"href":"https:\/\/www.uartes.edu.ec\/sitio\/en\/wp-json\/wp\/v2\/infouartes?post=66495"}],"curies":[{"name":"wp","href":"https:\/\/api.w.org\/{rel}","templated":true}]}}