{"id":66533,"date":"2024-12-11T18:51:38","date_gmt":"2024-12-11T23:51:38","guid":{"rendered":"https:\/\/www.uartes.edu.ec\/sitio\/?p=66533"},"modified":"2024-12-19T11:32:28","modified_gmt":"2024-12-19T16:32:28","slug":"en-dos-ceremonias-la-uartes-graduara-su-septima-cohorte","status":"publish","type":"post","link":"https:\/\/www.uartes.edu.ec\/sitio\/en\/blog\/2024\/12\/11\/en-dos-ceremonias-la-uartes-graduara-su-septima-cohorte\/","title":{"rendered":"En dos ceremonias la Universidad de las Artes graduar\u00e1 su s\u00e9ptima promoci\u00f3n"},"content":{"rendered":"<p>En dos solemnes ceremonias, que tendr\u00e1n lugar este viernes 13 de diciembre, la Universidad de las Artes graduar\u00e1 a su s\u00e9ptima cohorte. Los actos tendr\u00e1n en el Pasaje Illingworth del antiguo Palacio de la Gobernaci\u00f3n, nuestra sede matriz. Ser\u00e1n a las 10:00, en que recibir\u00e1n sus t\u00edtulos de tercer nivel los estudiantes de las carreras de Artes Musicales, Producci\u00f3n Musical y Literatura; y a las 15:00, en que se licenciar\u00e1n los alumnos de Artes Visuales, Cine y Artes Esc\u00e9nicas.<\/p>\n\n\n\n<p>Junto a nuestras autoridades universitarias, el rector William Herrera y los vicerrectores Olga L\u00f3pez, y Bradley Hilgert, por la ma\u00f1ana estar\u00e1n el presidente del Consejo de Educaci\u00f3n Superior (CES), Pablo Beltr\u00e1n, invitado; y los directores de las escuelas de Artes Sonoras, Literatura y Posgrados, Javier Ocampo, Mar\u00eda Alejandra Zambrano y Cristian Villavicencio, respectivamente; y la secretaria acad\u00e9mica, Mar\u00eda Jos\u00e9 Bustos. Como maestra de ceremonia intervendr\u00e1 Andrea G\u00f3mez, directora de Expedientes Acad\u00e9micos y Titulaci\u00f3n.<\/p>\n\n\n\n<p>Por la tarde, el rector y los vicerrectores UArtes presidir\u00e1n el acto de graduaci\u00f3n junto con la vicealcaldesa de Guayaquil, Blanca L\u00f3pez, invitada; los directores de las escuelas de Cine, Artes Esc\u00e9nicas y Artes Visuales, Mar\u00eda Alejandra Zambrano, Benjam\u00edn Cort\u00e9s y Rusl\u00e1n Torres, en ese orden; la directora del Departamento Transversal de Teor\u00edas Cr\u00edticas y Pr\u00e1cticas Experimentales, Ana Carrillo; y la secretaria acad\u00e9mica, Mar\u00eda Jos\u00e9 Bustos.<\/p>\n\n\n\n<p>Acorde a la programaci\u00f3n de ambas ceremonias, el Himno Nacional del Ecuador y de Guayaquil los interpretar\u00e1 la Rondalla UArtes, que dirige el docente Omar Dom\u00ednguez, quien acompa\u00f1ar\u00e1 en el piano a los alumnos Adolfo Rodr\u00edguez, Carlos V\u00e1sconez y Hadassah Clavijo, sus int\u00e9rpretes.<\/p>\n\n\n\n<p>Tambi\u00e9n participar\u00e1 el Ensamble Coral UArtes, cuyos integrantes interpretar\u00e1n en la primera ceremonia el tema \u201cYambo\u201d.<\/p>\n\n\n\n<p>De la Secretar\u00eda Acad\u00e9mica se anot\u00f3 tambi\u00e9n que son 182 las y los graduados de la s\u00e9ptima promoci\u00f3n. Ciento ochenta y uno cursaron sus estudios acad\u00e9micos de manera regular, es decir, desde la Nivelaci\u00f3n, y uno lo hizo mediante el proceso de Validaci\u00f3n de Trayectoria Art\u00edstica.<\/p>","protected":false},"excerpt":{"rendered":"<p>En dos solemnes ceremonias, que tendr\u00e1n lugar este viernes 13 de diciembre, la Universidad de las Artes graduar\u00e1 a su s\u00e9ptima cohorte. Los actos tendr\u00e1n en el Pasaje Illingworth del antiguo Palacio de la Gobernaci\u00f3n, nuestra sede matriz. Ser\u00e1n a las 10:00, en que recibir\u00e1n sus t\u00edtulos de tercer nivel los estudiantes de las carreras de Artes Musicales, Producci\u00f3n Musical y Literatura; y a las 15:00, en que se licenciar\u00e1n los alumnos de Artes Visuales, Cine y Artes Esc\u00e9nicas. <\/p>","protected":false},"author":10,"featured_media":66534,"comment_status":"open","ping_status":"open","sticky":false,"template":"","format":"standard","meta":{"_acf_changed":false,"_uag_custom_page_level_css":"","_monsterinsights_skip_tracking":false,"_monsterinsights_sitenote_active":false,"_monsterinsights_sitenote_note":"","_monsterinsights_sitenote_category":0,"cybocfi_hide_featured_image":"","footnotes":""},"categories":[80,159,150,157,147,76,175,83],"tags":[577],"infouartes":[],"class_list":["post-66533","post","type-post","status-publish","format-standard","has-post-thumbnail","hentry","category-academico","category-artes-escenicas","category-artes-sonoras","category-artes-visuales","category-cine","category-estudiantes","category-literatura","category-sedes","tag-graduacion"],"acf":[],"yoast_head":"<!-- This site is optimized with the Yoast SEO plugin v27.4 - https:\/\/yoast.com\/product\/yoast-seo-wordpress\/ -->\n<title>Universidad de las Artes - En dos ceremonias la Universidad de las Artes graduar\u00e1 su s\u00e9ptima promoci\u00f3n<\/title>\n<meta name=\"description\" content=\"Universidad de las Artes - En dos ceremonias la Universidad de las Artes graduar\u00e1 su s\u00e9ptima promoci\u00f3n\" \/>\n<meta name=\"robots\" content=\"index, follow, max-snippet:-1, max-image-preview:large, max-video-preview:-1\" \/>\n<link rel=\"canonical\" href=\"https:\/\/www.uartes.edu.ec\/sitio\/en\/blog\/2024\/12\/11\/en-dos-ceremonias-la-uartes-graduara-su-septima-cohorte\/\" \/>\n<meta property=\"og:locale\" content=\"en_US\" \/>\n<meta property=\"og:type\" content=\"article\" \/>\n<meta property=\"og:title\" content=\"Universidad de las Artes - En dos ceremonias la Universidad de las Artes graduar\u00e1 su s\u00e9ptima promoci\u00f3n\" \/>\n<meta property=\"og:description\" content=\"Universidad de las Artes - En dos ceremonias la Universidad de las Artes graduar\u00e1 su s\u00e9ptima promoci\u00f3n\" \/>\n<meta property=\"og:url\" content=\"https:\/\/www.uartes.edu.ec\/sitio\/en\/blog\/2024\/12\/11\/en-dos-ceremonias-la-uartes-graduara-su-septima-cohorte\/\" \/>\n<meta property=\"og:site_name\" content=\"Universidad de las Artes\" \/>\n<meta property=\"article:publisher\" content=\"https:\/\/www.facebook.com\/uartesec\" \/>\n<meta property=\"article:published_time\" content=\"2024-12-11T23:51:38+00:00\" \/>\n<meta property=\"article:modified_time\" content=\"2024-12-19T16:32:28+00:00\" \/>\n<meta property=\"og:image\" content=\"https:\/\/www.uartes.edu.ec\/sitio\/wp-content\/uploads\/2024\/12\/GRADUACION-2024-WEB.jpg\" \/>\n\t<meta property=\"og:image:width\" content=\"2000\" \/>\n\t<meta property=\"og:image:height\" content=\"1333\" \/>\n\t<meta property=\"og:image:type\" content=\"image\/jpeg\" \/>\n<meta name=\"author\" content=\"ccortez\" \/>\n<meta name=\"twitter:card\" content=\"summary_large_image\" \/>\n<meta name=\"twitter:creator\" content=\"@uartesec\" \/>\n<meta name=\"twitter:site\" content=\"@uartesec\" \/>\n<meta name=\"twitter:label1\" content=\"Written by\" \/>\n\t<meta name=\"twitter:data1\" content=\"ccortez\" \/>\n\t<meta name=\"twitter:label2\" content=\"Est. reading time\" \/>\n\t<meta name=\"twitter:data2\" content=\"2 minutes\" \/>\n<script type=\"application\/ld+json\" class=\"yoast-schema-graph\">{\"@context\":\"https:\\\/\\\/schema.org\",\"@graph\":[{\"@type\":\"Article\",\"@id\":\"https:\\\/\\\/www.uartes.edu.ec\\\/sitio\\\/en\\\/blog\\\/2024\\\/12\\\/11\\\/en-dos-ceremonias-la-uartes-graduara-su-septima-cohorte\\\/#article\",\"isPartOf\":{\"@id\":\"https:\\\/\\\/www.uartes.edu.ec\\\/sitio\\\/en\\\/blog\\\/2024\\\/12\\\/11\\\/en-dos-ceremonias-la-uartes-graduara-su-septima-cohorte\\\/\"},\"author\":{\"name\":\"ccortez\",\"@id\":\"https:\\\/\\\/www.uartes.edu.ec\\\/sitio\\\/en\\\/#\\\/schema\\\/person\\\/efa1b8275797664fd7f13a79ccc0b1f4\"},\"headline\":\"En dos ceremonias la Universidad de las Artes graduar\u00e1 su s\u00e9ptima promoci\u00f3n\",\"datePublished\":\"2024-12-11T23:51:38+00:00\",\"dateModified\":\"2024-12-19T16:32:28+00:00\",\"mainEntityOfPage\":{\"@id\":\"https:\\\/\\\/www.uartes.edu.ec\\\/sitio\\\/en\\\/blog\\\/2024\\\/12\\\/11\\\/en-dos-ceremonias-la-uartes-graduara-su-septima-cohorte\\\/\"},\"wordCount\":384,\"commentCount\":0,\"publisher\":{\"@id\":\"https:\\\/\\\/www.uartes.edu.ec\\\/sitio\\\/en\\\/#organization\"},\"image\":{\"@id\":\"https:\\\/\\\/www.uartes.edu.ec\\\/sitio\\\/en\\\/blog\\\/2024\\\/12\\\/11\\\/en-dos-ceremonias-la-uartes-graduara-su-septima-cohorte\\\/#primaryimage\"},\"thumbnailUrl\":\"https:\\\/\\\/www.uartes.edu.ec\\\/sitio\\\/wp-content\\\/uploads\\\/2024\\\/12\\\/GRADUACION-2024-WEB.jpg\",\"keywords\":[\"graduaci\u00f3n\"],\"articleSection\":[\"Acad\u00e9mico\",\"Artes Esc\u00e9nicas\",\"Artes Sonoras\",\"Artes Visuales\",\"Cine\",\"Estudiantes\",\"Literatura\",\"Sedes\"],\"inLanguage\":\"en-US\",\"potentialAction\":[{\"@type\":\"CommentAction\",\"name\":\"Comment\",\"target\":[\"https:\\\/\\\/www.uartes.edu.ec\\\/sitio\\\/en\\\/blog\\\/2024\\\/12\\\/11\\\/en-dos-ceremonias-la-uartes-graduara-su-septima-cohorte\\\/#respond\"]}]},{\"@type\":[\"WebPage\",\"ItemPage\"],\"@id\":\"https:\\\/\\\/www.uartes.edu.ec\\\/sitio\\\/en\\\/blog\\\/2024\\\/12\\\/11\\\/en-dos-ceremonias-la-uartes-graduara-su-septima-cohorte\\\/\",\"url\":\"https:\\\/\\\/www.uartes.edu.ec\\\/sitio\\\/en\\\/blog\\\/2024\\\/12\\\/11\\\/en-dos-ceremonias-la-uartes-graduara-su-septima-cohorte\\\/\",\"name\":\"Universidad de las Artes - En dos ceremonias la Universidad de las Artes graduar\u00e1 su s\u00e9ptima promoci\u00f3n\",\"isPartOf\":{\"@id\":\"https:\\\/\\\/www.uartes.edu.ec\\\/sitio\\\/en\\\/#website\"},\"primaryImageOfPage\":{\"@id\":\"https:\\\/\\\/www.uartes.edu.ec\\\/sitio\\\/en\\\/blog\\\/2024\\\/12\\\/11\\\/en-dos-ceremonias-la-uartes-graduara-su-septima-cohorte\\\/#primaryimage\"},\"image\":{\"@id\":\"https:\\\/\\\/www.uartes.edu.ec\\\/sitio\\\/en\\\/blog\\\/2024\\\/12\\\/11\\\/en-dos-ceremonias-la-uartes-graduara-su-septima-cohorte\\\/#primaryimage\"},\"thumbnailUrl\":\"https:\\\/\\\/www.uartes.edu.ec\\\/sitio\\\/wp-content\\\/uploads\\\/2024\\\/12\\\/GRADUACION-2024-WEB.jpg\",\"datePublished\":\"2024-12-11T23:51:38+00:00\",\"dateModified\":\"2024-12-19T16:32:28+00:00\",\"description\":\"Universidad de las Artes - En dos ceremonias la Universidad de las Artes graduar\u00e1 su s\u00e9ptima promoci\u00f3n\",\"breadcrumb\":{\"@id\":\"https:\\\/\\\/www.uartes.edu.ec\\\/sitio\\\/en\\\/blog\\\/2024\\\/12\\\/11\\\/en-dos-ceremonias-la-uartes-graduara-su-septima-cohorte\\\/#breadcrumb\"},\"inLanguage\":\"en-US\",\"potentialAction\":[{\"@type\":\"ReadAction\",\"target\":[\"https:\\\/\\\/www.uartes.edu.ec\\\/sitio\\\/en\\\/blog\\\/2024\\\/12\\\/11\\\/en-dos-ceremonias-la-uartes-graduara-su-septima-cohorte\\\/\"]}]},{\"@type\":\"ImageObject\",\"inLanguage\":\"en-US\",\"@id\":\"https:\\\/\\\/www.uartes.edu.ec\\\/sitio\\\/en\\\/blog\\\/2024\\\/12\\\/11\\\/en-dos-ceremonias-la-uartes-graduara-su-septima-cohorte\\\/#primaryimage\",\"url\":\"https:\\\/\\\/www.uartes.edu.ec\\\/sitio\\\/wp-content\\\/uploads\\\/2024\\\/12\\\/GRADUACION-2024-WEB.jpg\",\"contentUrl\":\"https:\\\/\\\/www.uartes.edu.ec\\\/sitio\\\/wp-content\\\/uploads\\\/2024\\\/12\\\/GRADUACION-2024-WEB.jpg\",\"width\":2000,\"height\":1333},{\"@type\":\"BreadcrumbList\",\"@id\":\"https:\\\/\\\/www.uartes.edu.ec\\\/sitio\\\/en\\\/blog\\\/2024\\\/12\\\/11\\\/en-dos-ceremonias-la-uartes-graduara-su-septima-cohorte\\\/#breadcrumb\",\"itemListElement\":[{\"@type\":\"ListItem\",\"position\":1,\"name\":\"Inicio\",\"item\":\"https:\\\/\\\/www.uartes.edu.ec\\\/sitio\\\/\"},{\"@type\":\"ListItem\",\"position\":2,\"name\":\"En dos ceremonias la Universidad de las Artes graduar\u00e1 su s\u00e9ptima promoci\u00f3n\"}]},{\"@type\":\"WebSite\",\"@id\":\"https:\\\/\\\/www.uartes.edu.ec\\\/sitio\\\/en\\\/#website\",\"url\":\"https:\\\/\\\/www.uartes.edu.ec\\\/sitio\\\/en\\\/\",\"name\":\"Universidad de las Artes\",\"description\":\"Sitio oficial de la Universidad Nacional de las Artes del Ecuador\",\"publisher\":{\"@id\":\"https:\\\/\\\/www.uartes.edu.ec\\\/sitio\\\/en\\\/#organization\"},\"potentialAction\":[{\"@type\":\"SearchAction\",\"target\":{\"@type\":\"EntryPoint\",\"urlTemplate\":\"https:\\\/\\\/www.uartes.edu.ec\\\/sitio\\\/en\\\/?s={search_term_string}\"},\"query-input\":{\"@type\":\"PropertyValueSpecification\",\"valueRequired\":true,\"valueName\":\"search_term_string\"}}],\"inLanguage\":\"en-US\"},{\"@type\":\"Organization\",\"@id\":\"https:\\\/\\\/www.uartes.edu.ec\\\/sitio\\\/en\\\/#organization\",\"name\":\"Universidad de las Artes\",\"url\":\"https:\\\/\\\/www.uartes.edu.ec\\\/sitio\\\/en\\\/\",\"logo\":{\"@type\":\"ImageObject\",\"inLanguage\":\"en-US\",\"@id\":\"https:\\\/\\\/www.uartes.edu.ec\\\/sitio\\\/en\\\/#\\\/schema\\\/logo\\\/image\\\/\",\"url\":\"https:\\\/\\\/www.uartes.edu.ec\\\/sitio\\\/wp-content\\\/uploads\\\/2022\\\/07\\\/logo-ua-horizontal.png\",\"contentUrl\":\"https:\\\/\\\/www.uartes.edu.ec\\\/sitio\\\/wp-content\\\/uploads\\\/2022\\\/07\\\/logo-ua-horizontal.png\",\"width\":800,\"height\":276,\"caption\":\"Universidad de las Artes\"},\"image\":{\"@id\":\"https:\\\/\\\/www.uartes.edu.ec\\\/sitio\\\/en\\\/#\\\/schema\\\/logo\\\/image\\\/\"},\"sameAs\":[\"https:\\\/\\\/www.facebook.com\\\/uartesec\",\"https:\\\/\\\/x.com\\\/uartesec\",\"https:\\\/\\\/www.tiktok.com\\\/@uartesec\"]},{\"@type\":\"Person\",\"@id\":\"https:\\\/\\\/www.uartes.edu.ec\\\/sitio\\\/en\\\/#\\\/schema\\\/person\\\/efa1b8275797664fd7f13a79ccc0b1f4\",\"name\":\"ccortez\",\"image\":{\"@type\":\"ImageObject\",\"inLanguage\":\"en-US\",\"@id\":\"https:\\\/\\\/secure.gravatar.com\\\/avatar\\\/b2a6f664a3ae8e074346ef91775736c5ec479e637ecced6842de9dc98b5da9cd?s=96&d=mm&r=g\",\"url\":\"https:\\\/\\\/secure.gravatar.com\\\/avatar\\\/b2a6f664a3ae8e074346ef91775736c5ec479e637ecced6842de9dc98b5da9cd?s=96&d=mm&r=g\",\"contentUrl\":\"https:\\\/\\\/secure.gravatar.com\\\/avatar\\\/b2a6f664a3ae8e074346ef91775736c5ec479e637ecced6842de9dc98b5da9cd?s=96&d=mm&r=g\",\"caption\":\"ccortez\"},\"url\":\"https:\\\/\\\/www.uartes.edu.ec\\\/sitio\\\/en\\\/blog\\\/author\\\/ccortez\\\/\"}]}<\/script>\n<!-- \/ Yoast SEO plugin. -->","yoast_head_json":{"title":"Universidad de las Artes - En dos ceremonias la Universidad de las Artes graduar\u00e1 su s\u00e9ptima promoci\u00f3n","description":"Universidad de las Artes - En dos ceremonias la Universidad de las Artes graduar\u00e1 su s\u00e9ptima promoci\u00f3n","robots":{"index":"index","follow":"follow","max-snippet":"max-snippet:-1","max-image-preview":"max-image-preview:large","max-video-preview":"max-video-preview:-1"},"canonical":"https:\/\/www.uartes.edu.ec\/sitio\/en\/blog\/2024\/12\/11\/en-dos-ceremonias-la-uartes-graduara-su-septima-cohorte\/","og_locale":"en_US","og_type":"article","og_title":"Universidad de las Artes - En dos ceremonias la Universidad de las Artes graduar\u00e1 su s\u00e9ptima promoci\u00f3n","og_description":"Universidad de las Artes - En dos ceremonias la Universidad de las Artes graduar\u00e1 su s\u00e9ptima promoci\u00f3n","og_url":"https:\/\/www.uartes.edu.ec\/sitio\/en\/blog\/2024\/12\/11\/en-dos-ceremonias-la-uartes-graduara-su-septima-cohorte\/","og_site_name":"Universidad de las Artes","article_publisher":"https:\/\/www.facebook.com\/uartesec","article_published_time":"2024-12-11T23:51:38+00:00","article_modified_time":"2024-12-19T16:32:28+00:00","og_image":[{"width":2000,"height":1333,"url":"https:\/\/www.uartes.edu.ec\/sitio\/wp-content\/uploads\/2024\/12\/GRADUACION-2024-WEB.jpg","type":"image\/jpeg"}],"author":"ccortez","twitter_card":"summary_large_image","twitter_creator":"@uartesec","twitter_site":"@uartesec","twitter_misc":{"Written by":"ccortez","Est. reading time":"2 minutes"},"schema":{"@context":"https:\/\/schema.org","@graph":[{"@type":"Article","@id":"https:\/\/www.uartes.edu.ec\/sitio\/en\/blog\/2024\/12\/11\/en-dos-ceremonias-la-uartes-graduara-su-septima-cohorte\/#article","isPartOf":{"@id":"https:\/\/www.uartes.edu.ec\/sitio\/en\/blog\/2024\/12\/11\/en-dos-ceremonias-la-uartes-graduara-su-septima-cohorte\/"},"author":{"name":"ccortez","@id":"https:\/\/www.uartes.edu.ec\/sitio\/en\/#\/schema\/person\/efa1b8275797664fd7f13a79ccc0b1f4"},"headline":"En dos ceremonias la Universidad de las Artes graduar\u00e1 su s\u00e9ptima promoci\u00f3n","datePublished":"2024-12-11T23:51:38+00:00","dateModified":"2024-12-19T16:32:28+00:00","mainEntityOfPage":{"@id":"https:\/\/www.uartes.edu.ec\/sitio\/en\/blog\/2024\/12\/11\/en-dos-ceremonias-la-uartes-graduara-su-septima-cohorte\/"},"wordCount":384,"commentCount":0,"publisher":{"@id":"https:\/\/www.uartes.edu.ec\/sitio\/en\/#organization"},"image":{"@id":"https:\/\/www.uartes.edu.ec\/sitio\/en\/blog\/2024\/12\/11\/en-dos-ceremonias-la-uartes-graduara-su-septima-cohorte\/#primaryimage"},"thumbnailUrl":"https:\/\/www.uartes.edu.ec\/sitio\/wp-content\/uploads\/2024\/12\/GRADUACION-2024-WEB.jpg","keywords":["graduaci\u00f3n"],"articleSection":["Acad\u00e9mico","Artes Esc\u00e9nicas","Artes Sonoras","Artes Visuales","Cine","Estudiantes","Literatura","Sedes"],"inLanguage":"en-US","potentialAction":[{"@type":"CommentAction","name":"Comment","target":["https:\/\/www.uartes.edu.ec\/sitio\/en\/blog\/2024\/12\/11\/en-dos-ceremonias-la-uartes-graduara-su-septima-cohorte\/#respond"]}]},{"@type":["WebPage","ItemPage"],"@id":"https:\/\/www.uartes.edu.ec\/sitio\/en\/blog\/2024\/12\/11\/en-dos-ceremonias-la-uartes-graduara-su-septima-cohorte\/","url":"https:\/\/www.uartes.edu.ec\/sitio\/en\/blog\/2024\/12\/11\/en-dos-ceremonias-la-uartes-graduara-su-septima-cohorte\/","name":"Universidad de las Artes - En dos ceremonias la Universidad de las Artes graduar\u00e1 su s\u00e9ptima promoci\u00f3n","isPartOf":{"@id":"https:\/\/www.uartes.edu.ec\/sitio\/en\/#website"},"primaryImageOfPage":{"@id":"https:\/\/www.uartes.edu.ec\/sitio\/en\/blog\/2024\/12\/11\/en-dos-ceremonias-la-uartes-graduara-su-septima-cohorte\/#primaryimage"},"image":{"@id":"https:\/\/www.uartes.edu.ec\/sitio\/en\/blog\/2024\/12\/11\/en-dos-ceremonias-la-uartes-graduara-su-septima-cohorte\/#primaryimage"},"thumbnailUrl":"https:\/\/www.uartes.edu.ec\/sitio\/wp-content\/uploads\/2024\/12\/GRADUACION-2024-WEB.jpg","datePublished":"2024-12-11T23:51:38+00:00","dateModified":"2024-12-19T16:32:28+00:00","description":"Universidad de las Artes - En dos ceremonias la Universidad de las Artes graduar\u00e1 su s\u00e9ptima promoci\u00f3n","breadcrumb":{"@id":"https:\/\/www.uartes.edu.ec\/sitio\/en\/blog\/2024\/12\/11\/en-dos-ceremonias-la-uartes-graduara-su-septima-cohorte\/#breadcrumb"},"inLanguage":"en-US","potentialAction":[{"@type":"ReadAction","target":["https:\/\/www.uartes.edu.ec\/sitio\/en\/blog\/2024\/12\/11\/en-dos-ceremonias-la-uartes-graduara-su-septima-cohorte\/"]}]},{"@type":"ImageObject","inLanguage":"en-US","@id":"https:\/\/www.uartes.edu.ec\/sitio\/en\/blog\/2024\/12\/11\/en-dos-ceremonias-la-uartes-graduara-su-septima-cohorte\/#primaryimage","url":"https:\/\/www.uartes.edu.ec\/sitio\/wp-content\/uploads\/2024\/12\/GRADUACION-2024-WEB.jpg","contentUrl":"https:\/\/www.uartes.edu.ec\/sitio\/wp-content\/uploads\/2024\/12\/GRADUACION-2024-WEB.jpg","width":2000,"height":1333},{"@type":"BreadcrumbList","@id":"https:\/\/www.uartes.edu.ec\/sitio\/en\/blog\/2024\/12\/11\/en-dos-ceremonias-la-uartes-graduara-su-septima-cohorte\/#breadcrumb","itemListElement":[{"@type":"ListItem","position":1,"name":"Inicio","item":"https:\/\/www.uartes.edu.ec\/sitio\/"},{"@type":"ListItem","position":2,"name":"En dos ceremonias la Universidad de las Artes graduar\u00e1 su s\u00e9ptima promoci\u00f3n"}]},{"@type":"WebSite","@id":"https:\/\/www.uartes.edu.ec\/sitio\/en\/#website","url":"https:\/\/www.uartes.edu.ec\/sitio\/en\/","name":"Universidad de las Artes","description":"Sitio oficial de la Universidad Nacional de las Artes del Ecuador","publisher":{"@id":"https:\/\/www.uartes.edu.ec\/sitio\/en\/#organization"},"potentialAction":[{"@type":"SearchAction","target":{"@type":"EntryPoint","urlTemplate":"https:\/\/www.uartes.edu.ec\/sitio\/en\/?s={search_term_string}"},"query-input":{"@type":"PropertyValueSpecification","valueRequired":true,"valueName":"search_term_string"}}],"inLanguage":"en-US"},{"@type":"Organization","@id":"https:\/\/www.uartes.edu.ec\/sitio\/en\/#organization","name":"Universidad de las Artes","url":"https:\/\/www.uartes.edu.ec\/sitio\/en\/","logo":{"@type":"ImageObject","inLanguage":"en-US","@id":"https:\/\/www.uartes.edu.ec\/sitio\/en\/#\/schema\/logo\/image\/","url":"https:\/\/www.uartes.edu.ec\/sitio\/wp-content\/uploads\/2022\/07\/logo-ua-horizontal.png","contentUrl":"https:\/\/www.uartes.edu.ec\/sitio\/wp-content\/uploads\/2022\/07\/logo-ua-horizontal.png","width":800,"height":276,"caption":"Universidad de las Artes"},"image":{"@id":"https:\/\/www.uartes.edu.ec\/sitio\/en\/#\/schema\/logo\/image\/"},"sameAs":["https:\/\/www.facebook.com\/uartesec","https:\/\/x.com\/uartesec","https:\/\/www.tiktok.com\/@uartesec"]},{"@type":"Person","@id":"https:\/\/www.uartes.edu.ec\/sitio\/en\/#\/schema\/person\/efa1b8275797664fd7f13a79ccc0b1f4","name":"ccortez","image":{"@type":"ImageObject","inLanguage":"en-US","@id":"https:\/\/secure.gravatar.com\/avatar\/b2a6f664a3ae8e074346ef91775736c5ec479e637ecced6842de9dc98b5da9cd?s=96&d=mm&r=g","url":"https:\/\/secure.gravatar.com\/avatar\/b2a6f664a3ae8e074346ef91775736c5ec479e637ecced6842de9dc98b5da9cd?s=96&d=mm&r=g","contentUrl":"https:\/\/secure.gravatar.com\/avatar\/b2a6f664a3ae8e074346ef91775736c5ec479e637ecced6842de9dc98b5da9cd?s=96&d=mm&r=g","caption":"ccortez"},"url":"https:\/\/www.uartes.edu.ec\/sitio\/en\/blog\/author\/ccortez\/"}]}},"uagb_featured_image_src":{"full":["https:\/\/www.uartes.edu.ec\/sitio\/wp-content\/uploads\/2024\/12\/GRADUACION-2024-WEB.jpg",2000,1333,false],"thumbnail":["https:\/\/www.uartes.edu.ec\/sitio\/wp-content\/uploads\/2024\/12\/GRADUACION-2024-WEB-150x150.jpg",150,150,true],"medium":["https:\/\/www.uartes.edu.ec\/sitio\/wp-content\/uploads\/2024\/12\/GRADUACION-2024-WEB-300x200.jpg",300,200,true],"medium_large":["https:\/\/www.uartes.edu.ec\/sitio\/wp-content\/uploads\/2024\/12\/GRADUACION-2024-WEB-768x512.jpg",768,512,true],"large":["https:\/\/www.uartes.edu.ec\/sitio\/wp-content\/uploads\/2024\/12\/GRADUACION-2024-WEB-644x429.jpg",644,429,true],"1536x1536":["https:\/\/www.uartes.edu.ec\/sitio\/wp-content\/uploads\/2024\/12\/GRADUACION-2024-WEB-1536x1024.jpg",1536,1024,true],"2048x2048":["https:\/\/www.uartes.edu.ec\/sitio\/wp-content\/uploads\/2024\/12\/GRADUACION-2024-WEB.jpg",2000,1333,false],"trp-custom-language-flag":["https:\/\/www.uartes.edu.ec\/sitio\/wp-content\/uploads\/2024\/12\/GRADUACION-2024-WEB-18x12.jpg",18,12,true],"htmega_size_585x295":["https:\/\/www.uartes.edu.ec\/sitio\/wp-content\/uploads\/2024\/12\/GRADUACION-2024-WEB-585x295.jpg",585,295,true],"htmega_size_1170x536":["https:\/\/www.uartes.edu.ec\/sitio\/wp-content\/uploads\/2024\/12\/GRADUACION-2024-WEB-1170x536.jpg",1170,536,true],"htmega_size_396x360":["https:\/\/www.uartes.edu.ec\/sitio\/wp-content\/uploads\/2024\/12\/GRADUACION-2024-WEB-396x360.jpg",396,360,true],"gb-block-post-grid-landscape":["https:\/\/www.uartes.edu.ec\/sitio\/wp-content\/uploads\/2024\/12\/GRADUACION-2024-WEB-600x400.jpg",600,400,true],"gb-block-post-grid-square":["https:\/\/www.uartes.edu.ec\/sitio\/wp-content\/uploads\/2024\/12\/GRADUACION-2024-WEB-600x600.jpg",600,600,true],"university-hub-thumb":["https:\/\/www.uartes.edu.ec\/sitio\/wp-content\/uploads\/2024\/12\/GRADUACION-2024-WEB-400x267.jpg",400,267,true],"mailpoet_newsletter_max":["https:\/\/www.uartes.edu.ec\/sitio\/wp-content\/uploads\/2024\/12\/GRADUACION-2024-WEB.jpg",1320,880,false]},"uagb_author_info":{"display_name":"ccortez","author_link":"https:\/\/www.uartes.edu.ec\/sitio\/en\/blog\/author\/ccortez\/"},"uagb_comment_info":0,"uagb_excerpt":"En dos solemnes ceremonias, que tendr\u00e1n lugar este viernes 13 de diciembre, la Universidad de las Artes graduar\u00e1 a su s\u00e9ptima cohorte. Los actos tendr\u00e1n en el Pasaje Illingworth del antiguo Palacio de la Gobernaci\u00f3n, nuestra sede matriz. Ser\u00e1n a las 10:00, en que recibir\u00e1n sus t\u00edtulos de tercer nivel los estudiantes de las carreras&hellip;","featured_image_src":"https:\/\/www.uartes.edu.ec\/sitio\/wp-content\/uploads\/2024\/12\/GRADUACION-2024-WEB-600x400.jpg","featured_image_src_square":"https:\/\/www.uartes.edu.ec\/sitio\/wp-content\/uploads\/2024\/12\/GRADUACION-2024-WEB-600x600.jpg","author_info":{"display_name":"ccortez","author_link":"https:\/\/www.uartes.edu.ec\/sitio\/en\/blog\/author\/ccortez\/"},"publishpress_future_workflow_manual_trigger":{"enabledWorkflows":[]},"distributor_meta":false,"distributor_terms":false,"distributor_media":false,"distributor_original_site_name":"Universidad de las Artes","distributor_original_site_url":"https:\/\/www.uartes.edu.ec\/sitio\/en","push-errors":false,"_links":{"self":[{"href":"https:\/\/www.uartes.edu.ec\/sitio\/en\/wp-json\/wp\/v2\/posts\/66533","targetHints":{"allow":["GET"]}}],"collection":[{"href":"https:\/\/www.uartes.edu.ec\/sitio\/en\/wp-json\/wp\/v2\/posts"}],"about":[{"href":"https:\/\/www.uartes.edu.ec\/sitio\/en\/wp-json\/wp\/v2\/types\/post"}],"author":[{"embeddable":true,"href":"https:\/\/www.uartes.edu.ec\/sitio\/en\/wp-json\/wp\/v2\/users\/10"}],"replies":[{"embeddable":true,"href":"https:\/\/www.uartes.edu.ec\/sitio\/en\/wp-json\/wp\/v2\/comments?post=66533"}],"version-history":[{"count":2,"href":"https:\/\/www.uartes.edu.ec\/sitio\/en\/wp-json\/wp\/v2\/posts\/66533\/revisions"}],"predecessor-version":[{"id":66948,"href":"https:\/\/www.uartes.edu.ec\/sitio\/en\/wp-json\/wp\/v2\/posts\/66533\/revisions\/66948"}],"wp:featuredmedia":[{"embeddable":true,"href":"https:\/\/www.uartes.edu.ec\/sitio\/en\/wp-json\/wp\/v2\/media\/66534"}],"wp:attachment":[{"href":"https:\/\/www.uartes.edu.ec\/sitio\/en\/wp-json\/wp\/v2\/media?parent=66533"}],"wp:term":[{"taxonomy":"category","embeddable":true,"href":"https:\/\/www.uartes.edu.ec\/sitio\/en\/wp-json\/wp\/v2\/categories?post=66533"},{"taxonomy":"post_tag","embeddable":true,"href":"https:\/\/www.uartes.edu.ec\/sitio\/en\/wp-json\/wp\/v2\/tags?post=66533"},{"taxonomy":"infouartes","embeddable":true,"href":"https:\/\/www.uartes.edu.ec\/sitio\/en\/wp-json\/wp\/v2\/infouartes?post=66533"}],"curies":[{"name":"wp","href":"https:\/\/api.w.org\/{rel}","templated":true}]}}