{"id":67080,"date":"2024-10-04T17:21:00","date_gmt":"2024-10-04T22:21:00","guid":{"rendered":"https:\/\/www.uartes.edu.ec\/sitio\/?p=67080"},"modified":"2024-12-20T19:35:22","modified_gmt":"2024-12-21T00:35:22","slug":"en-el-iv-encuentro-de-politicas-y-economia-de-la-cultura-ucuenca-presento-su-observatorio-cultural","status":"publish","type":"post","link":"https:\/\/www.uartes.edu.ec\/sitio\/en\/blog\/2024\/10\/04\/en-el-iv-encuentro-de-politicas-y-economia-de-la-cultura-ucuenca-presento-su-observatorio-cultural\/","title":{"rendered":"En el IV Encuentro de Pol\u00edticas y Econom\u00eda de la Cultura, la Universidad de Cuenca present\u00f3 su Observatorio Cultural"},"content":{"rendered":"<p>En el marco del IV Encuentro de Pol\u00edticas y Econom\u00eda de la Cultura de la Universidad de las Artes, que en este a\u00f1o se realiz\u00f3 conjuntamente con la Universidad de Cuenca y en sus instalaciones, ayer, 3 de octubre, la instituci\u00f3n de educaci\u00f3n superior anfitriona present\u00f3 su Observatorio Cultural.<\/p>\n\n\n\n<p>A continuaci\u00f3n, el art\u00edculo \u201cUCuenca fortalece el ecosistema cultural y creativo\u201d publicado en el sitio web <a href=\"https:\/\/www.ucuenca.edu.ec\/noticias\/\">https:\/\/www.ucuenca.edu.ec\/noticias<\/a>, donde se detallan los objetivos y alcances que tendr\u00e1 el inaugurado dispositivo, as\u00ed como el desarrollo del acto de presentaci\u00f3n en el que intervino nuestro rector, doctor William Herrera, y particip\u00f3, entre otros funcionarios y acad\u00e9micos UArtes, el doctor Pablo Cardoso, director del Observatorio de Pol\u00edticas y Econom\u00eda de la Cultura y del Instituto Latinoamericano de Investigaci\u00f3n en Artes (ILIA):<\/p>\n\n\n\n<p>El Observatorio Cultural de la Universidad de Cuenca surge con el objetivo de promover la investigaci\u00f3n, observancia y generaci\u00f3n de conocimiento, as\u00ed como facilitar el acceso y transferencia de informaci\u00f3n para contribuir en la generaci\u00f3n de pol\u00edticas p\u00fablicas en beneficio del sector cultural y creativo de Cuenca y Azuay.&nbsp;<\/p>\n\n\n\n<p>En su presentaci\u00f3n en el IV Encuentro de Pol\u00edticas y Econom\u00eda de la Cultura, el director de Innovaci\u00f3n y Transferencia Tecnol\u00f3gica de UCuenca, Juan Pablo Carvallo, explic\u00f3 que la necesidad de este espacio se debe a que al momento la ciudad y la provincia carece de datos e informaci\u00f3n sobre el sector cultural y los existentes son irrelevantes e incompletos lo que impide actuar o emprender iniciativas.&nbsp;<\/p>\n\n\n<div class=\"wp-block-image\">\n<figure class=\"aligncenter size-large\"><img fetchpriority=\"high\" decoding=\"async\" width=\"644\" height=\"429\" src=\"https:\/\/www.uartes.edu.ec\/sitio\/wp-content\/uploads\/2024\/10\/4to-encuentro-observatorio-cuenca-01-1-644x429.jpg\" alt=\"\" class=\"wp-image-67087\" srcset=\"https:\/\/www.uartes.edu.ec\/sitio\/wp-content\/uploads\/2024\/10\/4to-encuentro-observatorio-cuenca-01-1-644x429.jpg 644w, https:\/\/www.uartes.edu.ec\/sitio\/wp-content\/uploads\/2024\/10\/4to-encuentro-observatorio-cuenca-01-1-300x200.jpg 300w, https:\/\/www.uartes.edu.ec\/sitio\/wp-content\/uploads\/2024\/10\/4to-encuentro-observatorio-cuenca-01-1-768x512.jpg 768w, https:\/\/www.uartes.edu.ec\/sitio\/wp-content\/uploads\/2024\/10\/4to-encuentro-observatorio-cuenca-01-1-1536x1024.jpg 1536w, https:\/\/www.uartes.edu.ec\/sitio\/wp-content\/uploads\/2024\/10\/4to-encuentro-observatorio-cuenca-01-1-18x12.jpg 18w, https:\/\/www.uartes.edu.ec\/sitio\/wp-content\/uploads\/2024\/10\/4to-encuentro-observatorio-cuenca-01-1-600x400.jpg 600w, https:\/\/www.uartes.edu.ec\/sitio\/wp-content\/uploads\/2024\/10\/4to-encuentro-observatorio-cuenca-01-1-400x267.jpg 400w, https:\/\/www.uartes.edu.ec\/sitio\/wp-content\/uploads\/2024\/10\/4to-encuentro-observatorio-cuenca-01-1-272x182.jpg 272w, https:\/\/www.uartes.edu.ec\/sitio\/wp-content\/uploads\/2024\/10\/4to-encuentro-observatorio-cuenca-01-1.jpg 2000w\" sizes=\"(max-width: 644px) 100vw, 644px\" \/><\/figure>\n<\/div>\n\n\n<p>La importancia es mayor al considerar el aporte que este territorio ha dado hist\u00f3ricamente por su alta producci\u00f3n art\u00edstica y cultural, a m\u00e1s de sus costumbres, saberes ancestrales, gastronom\u00eda, vestimenta, etc. De acuerdo al Ministerio de Cultura y Patrimonio, en 2020 en la capital azuaya participaron alrededor de 12.740 personas en actividades del sector cultural, lo que representa al 2% de la poblaci\u00f3n cantonal.&nbsp;<\/p>\n\n\n\n<p>Seg\u00fan datos del Registro \u00danico de Artistas y Gestores Culturales (RUAC, 2020), Ecuador cuenta con 9 369 usuarios verificados, de los cuales 690 son de Azuay y 654 de Cuenca lo que equivale al 7% del registro nacional.<\/p>\n\n\n\n<p>Ante esa realidad, lo que se pretende con el Observatorio es que sea un ente que proponga herramientas para la toma de decisiones y generaci\u00f3n de pol\u00edticas p\u00fablicas en beneficio del desarrollo y dinamizaci\u00f3n econ\u00f3mica de la ciudad y provincia. Adem\u00e1s de un espacio de generaci\u00f3n, transferencia y acceso a la informaci\u00f3n y el conocimiento del sector cultural y creativo, donde se promueva el debate y la reflexi\u00f3n de las din\u00e1micas propias de este sector en la ciudad y provincia.&nbsp;<\/p>\n\n\n\n<p>Carvallo inform\u00f3 que trabajar\u00e1n de la mano con las facultades de Filosof\u00eda, Letras y Ciencias de la Educaci\u00f3n; Ciencias Econ\u00f3micas y Administrativas; Artes; la Direcci\u00f3n de Cultura y el Epicentro Cultural. Resalt\u00f3, adem\u00e1s, el apoyo recibido de la Universidad de las Artes por la experiencia en el tema.&nbsp;<\/p>\n\n\n<div class=\"wp-block-image\">\n<figure class=\"aligncenter size-large\"><img decoding=\"async\" width=\"644\" height=\"429\" src=\"https:\/\/www.uartes.edu.ec\/sitio\/wp-content\/uploads\/2024\/10\/4to-encuentro-observatorio-cuenca-02-1-644x429.jpg\" alt=\"\" class=\"wp-image-67088\" srcset=\"https:\/\/www.uartes.edu.ec\/sitio\/wp-content\/uploads\/2024\/10\/4to-encuentro-observatorio-cuenca-02-1-644x429.jpg 644w, https:\/\/www.uartes.edu.ec\/sitio\/wp-content\/uploads\/2024\/10\/4to-encuentro-observatorio-cuenca-02-1-300x200.jpg 300w, https:\/\/www.uartes.edu.ec\/sitio\/wp-content\/uploads\/2024\/10\/4to-encuentro-observatorio-cuenca-02-1-768x512.jpg 768w, https:\/\/www.uartes.edu.ec\/sitio\/wp-content\/uploads\/2024\/10\/4to-encuentro-observatorio-cuenca-02-1-1536x1024.jpg 1536w, https:\/\/www.uartes.edu.ec\/sitio\/wp-content\/uploads\/2024\/10\/4to-encuentro-observatorio-cuenca-02-1-18x12.jpg 18w, https:\/\/www.uartes.edu.ec\/sitio\/wp-content\/uploads\/2024\/10\/4to-encuentro-observatorio-cuenca-02-1-600x400.jpg 600w, https:\/\/www.uartes.edu.ec\/sitio\/wp-content\/uploads\/2024\/10\/4to-encuentro-observatorio-cuenca-02-1-400x267.jpg 400w, https:\/\/www.uartes.edu.ec\/sitio\/wp-content\/uploads\/2024\/10\/4to-encuentro-observatorio-cuenca-02-1-272x182.jpg 272w, https:\/\/www.uartes.edu.ec\/sitio\/wp-content\/uploads\/2024\/10\/4to-encuentro-observatorio-cuenca-02-1.jpg 2000w\" sizes=\"(max-width: 644px) 100vw, 644px\" \/><\/figure>\n<\/div>\n\n\n<p>Su rector, William Herrera puntualiz\u00f3 que siempre se debe tener presente en las agendas de trabajo de ambos observatorios dos temas: c\u00f3mo estamos con respecto al reconocimiento y el ejercicio de los derechos culturales y, conocer la situaci\u00f3n de las y los trabajadores de las artes y la cultura.&nbsp;<\/p>\n\n\n\n<p>La misi\u00f3n es entonces, afirm\u00f3 la rectora Mar\u00eda Augusta Hermida, fomentar la investigaci\u00f3n, an\u00e1lisis y divulgaci\u00f3n de la informaci\u00f3n sobre las din\u00e1micas del sector cultural y creativo para impulsar el dise\u00f1o e implementaci\u00f3n de pol\u00edticas culturales que promuevan el desarrollo y crecimiento de la econom\u00eda del sector art\u00edstico y gesti\u00f3n cultural.<\/p>\n\n\n\n<p>Cabe anotar que, del 30 de septiembre al 4 de octubre de 2024, la UCuenca se convirti\u00f3 en el epicentro del debate sobre pol\u00edticas culturales en Am\u00e9rica Latina al desarrollar el IV Encuentro de Pol\u00edticas y Econom\u00eda de la Cultura, iniciativa de UArtes Ecuador.<\/p>\n\n\n\n<p>Junto con UCuencia y UArtes, en la organizaci\u00f3n de la cita intervino la Organizaci\u00f3n de Estados Iberoamericanos para la Educaci\u00f3n, la Ciencia y la Cultura (OEI-Ecuador) y se cont\u00f3 tambi\u00e9n con el apoyo de diversas instituciones locales, como las Direcciones de Cultura de la Municipalidad de Cuenca y de la Prefectura del Azuay.&nbsp;<\/p>\n\n\n\n<p>A trav\u00e9s de mesas redondas, charlas magistrales y talleres, los participantes exploraron estrategias para fortalecer el sector cultural y promover el desarrollo de pol\u00edticas p\u00fablicas m\u00e1s equitativas e inclusivas.&nbsp;<\/p>","protected":false},"excerpt":{"rendered":"<p>En el marco del IV Encuentro de Pol\u00edticas y Econom\u00eda de la Cultura de la Universidad de las Artes, que en este a\u00f1o se realiz\u00f3 conjuntamente con la Universidad de Cuenca y en sus instalaciones, ayer, 3 de octubre, la IES anfitriona present\u00f3 su Observatorio Cultural. En el acto intervino nuestro rector, doctor William Herrera, y particip\u00f3, entre otros funcionarios y acad\u00e9micos UArtes, el doctor Pablo Cardoso, director del Observatorio de nuestra instituci\u00f3n.<\/p>","protected":false},"author":10,"featured_media":67086,"comment_status":"open","ping_status":"open","sticky":false,"template":"","format":"standard","meta":{"_acf_changed":false,"_uag_custom_page_level_css":"","_monsterinsights_skip_tracking":false,"_monsterinsights_sitenote_active":false,"_monsterinsights_sitenote_note":"","_monsterinsights_sitenote_category":0,"cybocfi_hide_featured_image":"","footnotes":""},"categories":[80,75,77,284,83],"tags":[521],"infouartes":[],"class_list":["post-67080","post","type-post","status-publish","format-standard","has-post-thumbnail","hentry","category-academico","category-docentes","category-gestion","category-investigacion","category-sedes","tag-encuentro"],"acf":[],"yoast_head":"<!-- This site is optimized with the Yoast SEO plugin v27.4 - https:\/\/yoast.com\/product\/yoast-seo-wordpress\/ -->\n<title>Universidad de las Artes - En el IV Encuentro de Pol\u00edticas y Econom\u00eda de la Cultura, la Universidad de Cuenca present\u00f3 su Observatorio Cultural<\/title>\n<meta name=\"description\" content=\"Universidad de las Artes - En el IV Encuentro de Pol\u00edticas y Econom\u00eda de la Cultura, la Universidad de Cuenca present\u00f3 su Observatorio Cultural\" \/>\n<meta name=\"robots\" content=\"index, follow, max-snippet:-1, max-image-preview:large, max-video-preview:-1\" \/>\n<link rel=\"canonical\" href=\"https:\/\/www.uartes.edu.ec\/sitio\/en\/blog\/2024\/10\/04\/en-el-iv-encuentro-de-politicas-y-economia-de-la-cultura-ucuenca-presento-su-observatorio-cultural\/\" \/>\n<meta property=\"og:locale\" content=\"en_US\" \/>\n<meta property=\"og:type\" content=\"article\" \/>\n<meta property=\"og:title\" content=\"Universidad de las Artes - En el IV Encuentro de Pol\u00edticas y Econom\u00eda de la Cultura, la Universidad de Cuenca present\u00f3 su Observatorio Cultural\" \/>\n<meta property=\"og:description\" content=\"Universidad de las Artes - En el IV Encuentro de Pol\u00edticas y Econom\u00eda de la Cultura, la Universidad de Cuenca present\u00f3 su Observatorio Cultural\" \/>\n<meta property=\"og:url\" content=\"https:\/\/www.uartes.edu.ec\/sitio\/en\/blog\/2024\/10\/04\/en-el-iv-encuentro-de-politicas-y-economia-de-la-cultura-ucuenca-presento-su-observatorio-cultural\/\" \/>\n<meta property=\"og:site_name\" content=\"Universidad de las Artes\" \/>\n<meta property=\"article:publisher\" content=\"https:\/\/www.facebook.com\/uartesec\" \/>\n<meta property=\"article:published_time\" content=\"2024-10-04T22:21:00+00:00\" \/>\n<meta property=\"article:modified_time\" content=\"2024-12-21T00:35:22+00:00\" \/>\n<meta property=\"og:image\" content=\"https:\/\/www.uartes.edu.ec\/sitio\/wp-content\/uploads\/2024\/10\/4to-encuentro-observatorio-cuenca-03-1.jpg\" \/>\n\t<meta property=\"og:image:width\" content=\"2000\" \/>\n\t<meta property=\"og:image:height\" content=\"1333\" \/>\n\t<meta property=\"og:image:type\" content=\"image\/jpeg\" \/>\n<meta name=\"author\" content=\"ccortez\" \/>\n<meta name=\"twitter:card\" content=\"summary_large_image\" \/>\n<meta name=\"twitter:creator\" content=\"@uartesec\" \/>\n<meta name=\"twitter:site\" content=\"@uartesec\" \/>\n<meta name=\"twitter:label1\" content=\"Written by\" \/>\n\t<meta name=\"twitter:data1\" content=\"ccortez\" \/>\n\t<meta name=\"twitter:label2\" content=\"Est. reading time\" \/>\n\t<meta name=\"twitter:data2\" content=\"4 minutes\" \/>\n<script type=\"application\/ld+json\" class=\"yoast-schema-graph\">{\"@context\":\"https:\\\/\\\/schema.org\",\"@graph\":[{\"@type\":\"Article\",\"@id\":\"https:\\\/\\\/www.uartes.edu.ec\\\/sitio\\\/en\\\/blog\\\/2024\\\/10\\\/04\\\/en-el-iv-encuentro-de-politicas-y-economia-de-la-cultura-ucuenca-presento-su-observatorio-cultural\\\/#article\",\"isPartOf\":{\"@id\":\"https:\\\/\\\/www.uartes.edu.ec\\\/sitio\\\/en\\\/blog\\\/2024\\\/10\\\/04\\\/en-el-iv-encuentro-de-politicas-y-economia-de-la-cultura-ucuenca-presento-su-observatorio-cultural\\\/\"},\"author\":{\"name\":\"ccortez\",\"@id\":\"https:\\\/\\\/www.uartes.edu.ec\\\/sitio\\\/en\\\/#\\\/schema\\\/person\\\/efa1b8275797664fd7f13a79ccc0b1f4\"},\"headline\":\"En el IV Encuentro de Pol\u00edticas y Econom\u00eda de la Cultura, la Universidad de Cuenca present\u00f3 su Observatorio Cultural\",\"datePublished\":\"2024-10-04T22:21:00+00:00\",\"dateModified\":\"2024-12-21T00:35:22+00:00\",\"mainEntityOfPage\":{\"@id\":\"https:\\\/\\\/www.uartes.edu.ec\\\/sitio\\\/en\\\/blog\\\/2024\\\/10\\\/04\\\/en-el-iv-encuentro-de-politicas-y-economia-de-la-cultura-ucuenca-presento-su-observatorio-cultural\\\/\"},\"wordCount\":793,\"commentCount\":0,\"publisher\":{\"@id\":\"https:\\\/\\\/www.uartes.edu.ec\\\/sitio\\\/en\\\/#organization\"},\"image\":{\"@id\":\"https:\\\/\\\/www.uartes.edu.ec\\\/sitio\\\/en\\\/blog\\\/2024\\\/10\\\/04\\\/en-el-iv-encuentro-de-politicas-y-economia-de-la-cultura-ucuenca-presento-su-observatorio-cultural\\\/#primaryimage\"},\"thumbnailUrl\":\"https:\\\/\\\/www.uartes.edu.ec\\\/sitio\\\/wp-content\\\/uploads\\\/2024\\\/10\\\/4to-encuentro-observatorio-cuenca-03-1.jpg\",\"keywords\":[\"encuentro\"],\"articleSection\":[\"Acad\u00e9mico\",\"Docentes\",\"Gesti\u00f3n\",\"Investigaci\u00f3n\",\"Sedes\"],\"inLanguage\":\"en-US\",\"potentialAction\":[{\"@type\":\"CommentAction\",\"name\":\"Comment\",\"target\":[\"https:\\\/\\\/www.uartes.edu.ec\\\/sitio\\\/en\\\/blog\\\/2024\\\/10\\\/04\\\/en-el-iv-encuentro-de-politicas-y-economia-de-la-cultura-ucuenca-presento-su-observatorio-cultural\\\/#respond\"]}]},{\"@type\":[\"WebPage\",\"ItemPage\"],\"@id\":\"https:\\\/\\\/www.uartes.edu.ec\\\/sitio\\\/en\\\/blog\\\/2024\\\/10\\\/04\\\/en-el-iv-encuentro-de-politicas-y-economia-de-la-cultura-ucuenca-presento-su-observatorio-cultural\\\/\",\"url\":\"https:\\\/\\\/www.uartes.edu.ec\\\/sitio\\\/en\\\/blog\\\/2024\\\/10\\\/04\\\/en-el-iv-encuentro-de-politicas-y-economia-de-la-cultura-ucuenca-presento-su-observatorio-cultural\\\/\",\"name\":\"Universidad de las Artes - En el IV Encuentro de Pol\u00edticas y Econom\u00eda de la Cultura, la Universidad de Cuenca present\u00f3 su Observatorio Cultural\",\"isPartOf\":{\"@id\":\"https:\\\/\\\/www.uartes.edu.ec\\\/sitio\\\/en\\\/#website\"},\"primaryImageOfPage\":{\"@id\":\"https:\\\/\\\/www.uartes.edu.ec\\\/sitio\\\/en\\\/blog\\\/2024\\\/10\\\/04\\\/en-el-iv-encuentro-de-politicas-y-economia-de-la-cultura-ucuenca-presento-su-observatorio-cultural\\\/#primaryimage\"},\"image\":{\"@id\":\"https:\\\/\\\/www.uartes.edu.ec\\\/sitio\\\/en\\\/blog\\\/2024\\\/10\\\/04\\\/en-el-iv-encuentro-de-politicas-y-economia-de-la-cultura-ucuenca-presento-su-observatorio-cultural\\\/#primaryimage\"},\"thumbnailUrl\":\"https:\\\/\\\/www.uartes.edu.ec\\\/sitio\\\/wp-content\\\/uploads\\\/2024\\\/10\\\/4to-encuentro-observatorio-cuenca-03-1.jpg\",\"datePublished\":\"2024-10-04T22:21:00+00:00\",\"dateModified\":\"2024-12-21T00:35:22+00:00\",\"description\":\"Universidad de las Artes - En el IV Encuentro de Pol\u00edticas y Econom\u00eda de la Cultura, la Universidad de Cuenca present\u00f3 su Observatorio Cultural\",\"breadcrumb\":{\"@id\":\"https:\\\/\\\/www.uartes.edu.ec\\\/sitio\\\/en\\\/blog\\\/2024\\\/10\\\/04\\\/en-el-iv-encuentro-de-politicas-y-economia-de-la-cultura-ucuenca-presento-su-observatorio-cultural\\\/#breadcrumb\"},\"inLanguage\":\"en-US\",\"potentialAction\":[{\"@type\":\"ReadAction\",\"target\":[\"https:\\\/\\\/www.uartes.edu.ec\\\/sitio\\\/en\\\/blog\\\/2024\\\/10\\\/04\\\/en-el-iv-encuentro-de-politicas-y-economia-de-la-cultura-ucuenca-presento-su-observatorio-cultural\\\/\"]}]},{\"@type\":\"ImageObject\",\"inLanguage\":\"en-US\",\"@id\":\"https:\\\/\\\/www.uartes.edu.ec\\\/sitio\\\/en\\\/blog\\\/2024\\\/10\\\/04\\\/en-el-iv-encuentro-de-politicas-y-economia-de-la-cultura-ucuenca-presento-su-observatorio-cultural\\\/#primaryimage\",\"url\":\"https:\\\/\\\/www.uartes.edu.ec\\\/sitio\\\/wp-content\\\/uploads\\\/2024\\\/10\\\/4to-encuentro-observatorio-cuenca-03-1.jpg\",\"contentUrl\":\"https:\\\/\\\/www.uartes.edu.ec\\\/sitio\\\/wp-content\\\/uploads\\\/2024\\\/10\\\/4to-encuentro-observatorio-cuenca-03-1.jpg\",\"width\":2000,\"height\":1333},{\"@type\":\"BreadcrumbList\",\"@id\":\"https:\\\/\\\/www.uartes.edu.ec\\\/sitio\\\/en\\\/blog\\\/2024\\\/10\\\/04\\\/en-el-iv-encuentro-de-politicas-y-economia-de-la-cultura-ucuenca-presento-su-observatorio-cultural\\\/#breadcrumb\",\"itemListElement\":[{\"@type\":\"ListItem\",\"position\":1,\"name\":\"Inicio\",\"item\":\"https:\\\/\\\/www.uartes.edu.ec\\\/sitio\\\/\"},{\"@type\":\"ListItem\",\"position\":2,\"name\":\"En el IV Encuentro de Pol\u00edticas y Econom\u00eda de la Cultura, la Universidad de Cuenca present\u00f3 su Observatorio Cultural\"}]},{\"@type\":\"WebSite\",\"@id\":\"https:\\\/\\\/www.uartes.edu.ec\\\/sitio\\\/en\\\/#website\",\"url\":\"https:\\\/\\\/www.uartes.edu.ec\\\/sitio\\\/en\\\/\",\"name\":\"Universidad de las Artes\",\"description\":\"Sitio oficial de la Universidad Nacional de las Artes del Ecuador\",\"publisher\":{\"@id\":\"https:\\\/\\\/www.uartes.edu.ec\\\/sitio\\\/en\\\/#organization\"},\"potentialAction\":[{\"@type\":\"SearchAction\",\"target\":{\"@type\":\"EntryPoint\",\"urlTemplate\":\"https:\\\/\\\/www.uartes.edu.ec\\\/sitio\\\/en\\\/?s={search_term_string}\"},\"query-input\":{\"@type\":\"PropertyValueSpecification\",\"valueRequired\":true,\"valueName\":\"search_term_string\"}}],\"inLanguage\":\"en-US\"},{\"@type\":\"Organization\",\"@id\":\"https:\\\/\\\/www.uartes.edu.ec\\\/sitio\\\/en\\\/#organization\",\"name\":\"Universidad de las Artes\",\"url\":\"https:\\\/\\\/www.uartes.edu.ec\\\/sitio\\\/en\\\/\",\"logo\":{\"@type\":\"ImageObject\",\"inLanguage\":\"en-US\",\"@id\":\"https:\\\/\\\/www.uartes.edu.ec\\\/sitio\\\/en\\\/#\\\/schema\\\/logo\\\/image\\\/\",\"url\":\"https:\\\/\\\/www.uartes.edu.ec\\\/sitio\\\/wp-content\\\/uploads\\\/2022\\\/07\\\/logo-ua-horizontal.png\",\"contentUrl\":\"https:\\\/\\\/www.uartes.edu.ec\\\/sitio\\\/wp-content\\\/uploads\\\/2022\\\/07\\\/logo-ua-horizontal.png\",\"width\":800,\"height\":276,\"caption\":\"Universidad de las Artes\"},\"image\":{\"@id\":\"https:\\\/\\\/www.uartes.edu.ec\\\/sitio\\\/en\\\/#\\\/schema\\\/logo\\\/image\\\/\"},\"sameAs\":[\"https:\\\/\\\/www.facebook.com\\\/uartesec\",\"https:\\\/\\\/x.com\\\/uartesec\",\"https:\\\/\\\/www.tiktok.com\\\/@uartesec\"]},{\"@type\":\"Person\",\"@id\":\"https:\\\/\\\/www.uartes.edu.ec\\\/sitio\\\/en\\\/#\\\/schema\\\/person\\\/efa1b8275797664fd7f13a79ccc0b1f4\",\"name\":\"ccortez\",\"image\":{\"@type\":\"ImageObject\",\"inLanguage\":\"en-US\",\"@id\":\"https:\\\/\\\/secure.gravatar.com\\\/avatar\\\/b2a6f664a3ae8e074346ef91775736c5ec479e637ecced6842de9dc98b5da9cd?s=96&d=mm&r=g\",\"url\":\"https:\\\/\\\/secure.gravatar.com\\\/avatar\\\/b2a6f664a3ae8e074346ef91775736c5ec479e637ecced6842de9dc98b5da9cd?s=96&d=mm&r=g\",\"contentUrl\":\"https:\\\/\\\/secure.gravatar.com\\\/avatar\\\/b2a6f664a3ae8e074346ef91775736c5ec479e637ecced6842de9dc98b5da9cd?s=96&d=mm&r=g\",\"caption\":\"ccortez\"},\"url\":\"https:\\\/\\\/www.uartes.edu.ec\\\/sitio\\\/en\\\/blog\\\/author\\\/ccortez\\\/\"}]}<\/script>\n<!-- \/ Yoast SEO plugin. -->","yoast_head_json":{"title":"Universidad de las Artes - En el IV Encuentro de Pol\u00edticas y Econom\u00eda de la Cultura, la Universidad de Cuenca present\u00f3 su Observatorio Cultural","description":"Universidad de las Artes - En el IV Encuentro de Pol\u00edticas y Econom\u00eda de la Cultura, la Universidad de Cuenca present\u00f3 su Observatorio Cultural","robots":{"index":"index","follow":"follow","max-snippet":"max-snippet:-1","max-image-preview":"max-image-preview:large","max-video-preview":"max-video-preview:-1"},"canonical":"https:\/\/www.uartes.edu.ec\/sitio\/en\/blog\/2024\/10\/04\/en-el-iv-encuentro-de-politicas-y-economia-de-la-cultura-ucuenca-presento-su-observatorio-cultural\/","og_locale":"en_US","og_type":"article","og_title":"Universidad de las Artes - En el IV Encuentro de Pol\u00edticas y Econom\u00eda de la Cultura, la Universidad de Cuenca present\u00f3 su Observatorio Cultural","og_description":"Universidad de las Artes - En el IV Encuentro de Pol\u00edticas y Econom\u00eda de la Cultura, la Universidad de Cuenca present\u00f3 su Observatorio Cultural","og_url":"https:\/\/www.uartes.edu.ec\/sitio\/en\/blog\/2024\/10\/04\/en-el-iv-encuentro-de-politicas-y-economia-de-la-cultura-ucuenca-presento-su-observatorio-cultural\/","og_site_name":"Universidad de las Artes","article_publisher":"https:\/\/www.facebook.com\/uartesec","article_published_time":"2024-10-04T22:21:00+00:00","article_modified_time":"2024-12-21T00:35:22+00:00","og_image":[{"width":2000,"height":1333,"url":"https:\/\/www.uartes.edu.ec\/sitio\/wp-content\/uploads\/2024\/10\/4to-encuentro-observatorio-cuenca-03-1.jpg","type":"image\/jpeg"}],"author":"ccortez","twitter_card":"summary_large_image","twitter_creator":"@uartesec","twitter_site":"@uartesec","twitter_misc":{"Written by":"ccortez","Est. reading time":"4 minutes"},"schema":{"@context":"https:\/\/schema.org","@graph":[{"@type":"Article","@id":"https:\/\/www.uartes.edu.ec\/sitio\/en\/blog\/2024\/10\/04\/en-el-iv-encuentro-de-politicas-y-economia-de-la-cultura-ucuenca-presento-su-observatorio-cultural\/#article","isPartOf":{"@id":"https:\/\/www.uartes.edu.ec\/sitio\/en\/blog\/2024\/10\/04\/en-el-iv-encuentro-de-politicas-y-economia-de-la-cultura-ucuenca-presento-su-observatorio-cultural\/"},"author":{"name":"ccortez","@id":"https:\/\/www.uartes.edu.ec\/sitio\/en\/#\/schema\/person\/efa1b8275797664fd7f13a79ccc0b1f4"},"headline":"En el IV Encuentro de Pol\u00edticas y Econom\u00eda de la Cultura, la Universidad de Cuenca present\u00f3 su Observatorio Cultural","datePublished":"2024-10-04T22:21:00+00:00","dateModified":"2024-12-21T00:35:22+00:00","mainEntityOfPage":{"@id":"https:\/\/www.uartes.edu.ec\/sitio\/en\/blog\/2024\/10\/04\/en-el-iv-encuentro-de-politicas-y-economia-de-la-cultura-ucuenca-presento-su-observatorio-cultural\/"},"wordCount":793,"commentCount":0,"publisher":{"@id":"https:\/\/www.uartes.edu.ec\/sitio\/en\/#organization"},"image":{"@id":"https:\/\/www.uartes.edu.ec\/sitio\/en\/blog\/2024\/10\/04\/en-el-iv-encuentro-de-politicas-y-economia-de-la-cultura-ucuenca-presento-su-observatorio-cultural\/#primaryimage"},"thumbnailUrl":"https:\/\/www.uartes.edu.ec\/sitio\/wp-content\/uploads\/2024\/10\/4to-encuentro-observatorio-cuenca-03-1.jpg","keywords":["encuentro"],"articleSection":["Acad\u00e9mico","Docentes","Gesti\u00f3n","Investigaci\u00f3n","Sedes"],"inLanguage":"en-US","potentialAction":[{"@type":"CommentAction","name":"Comment","target":["https:\/\/www.uartes.edu.ec\/sitio\/en\/blog\/2024\/10\/04\/en-el-iv-encuentro-de-politicas-y-economia-de-la-cultura-ucuenca-presento-su-observatorio-cultural\/#respond"]}]},{"@type":["WebPage","ItemPage"],"@id":"https:\/\/www.uartes.edu.ec\/sitio\/en\/blog\/2024\/10\/04\/en-el-iv-encuentro-de-politicas-y-economia-de-la-cultura-ucuenca-presento-su-observatorio-cultural\/","url":"https:\/\/www.uartes.edu.ec\/sitio\/en\/blog\/2024\/10\/04\/en-el-iv-encuentro-de-politicas-y-economia-de-la-cultura-ucuenca-presento-su-observatorio-cultural\/","name":"Universidad de las Artes - En el IV Encuentro de Pol\u00edticas y Econom\u00eda de la Cultura, la Universidad de Cuenca present\u00f3 su Observatorio Cultural","isPartOf":{"@id":"https:\/\/www.uartes.edu.ec\/sitio\/en\/#website"},"primaryImageOfPage":{"@id":"https:\/\/www.uartes.edu.ec\/sitio\/en\/blog\/2024\/10\/04\/en-el-iv-encuentro-de-politicas-y-economia-de-la-cultura-ucuenca-presento-su-observatorio-cultural\/#primaryimage"},"image":{"@id":"https:\/\/www.uartes.edu.ec\/sitio\/en\/blog\/2024\/10\/04\/en-el-iv-encuentro-de-politicas-y-economia-de-la-cultura-ucuenca-presento-su-observatorio-cultural\/#primaryimage"},"thumbnailUrl":"https:\/\/www.uartes.edu.ec\/sitio\/wp-content\/uploads\/2024\/10\/4to-encuentro-observatorio-cuenca-03-1.jpg","datePublished":"2024-10-04T22:21:00+00:00","dateModified":"2024-12-21T00:35:22+00:00","description":"Universidad de las Artes - En el IV Encuentro de Pol\u00edticas y Econom\u00eda de la Cultura, la Universidad de Cuenca present\u00f3 su Observatorio Cultural","breadcrumb":{"@id":"https:\/\/www.uartes.edu.ec\/sitio\/en\/blog\/2024\/10\/04\/en-el-iv-encuentro-de-politicas-y-economia-de-la-cultura-ucuenca-presento-su-observatorio-cultural\/#breadcrumb"},"inLanguage":"en-US","potentialAction":[{"@type":"ReadAction","target":["https:\/\/www.uartes.edu.ec\/sitio\/en\/blog\/2024\/10\/04\/en-el-iv-encuentro-de-politicas-y-economia-de-la-cultura-ucuenca-presento-su-observatorio-cultural\/"]}]},{"@type":"ImageObject","inLanguage":"en-US","@id":"https:\/\/www.uartes.edu.ec\/sitio\/en\/blog\/2024\/10\/04\/en-el-iv-encuentro-de-politicas-y-economia-de-la-cultura-ucuenca-presento-su-observatorio-cultural\/#primaryimage","url":"https:\/\/www.uartes.edu.ec\/sitio\/wp-content\/uploads\/2024\/10\/4to-encuentro-observatorio-cuenca-03-1.jpg","contentUrl":"https:\/\/www.uartes.edu.ec\/sitio\/wp-content\/uploads\/2024\/10\/4to-encuentro-observatorio-cuenca-03-1.jpg","width":2000,"height":1333},{"@type":"BreadcrumbList","@id":"https:\/\/www.uartes.edu.ec\/sitio\/en\/blog\/2024\/10\/04\/en-el-iv-encuentro-de-politicas-y-economia-de-la-cultura-ucuenca-presento-su-observatorio-cultural\/#breadcrumb","itemListElement":[{"@type":"ListItem","position":1,"name":"Inicio","item":"https:\/\/www.uartes.edu.ec\/sitio\/"},{"@type":"ListItem","position":2,"name":"En el IV Encuentro de Pol\u00edticas y Econom\u00eda de la Cultura, la Universidad de Cuenca present\u00f3 su Observatorio Cultural"}]},{"@type":"WebSite","@id":"https:\/\/www.uartes.edu.ec\/sitio\/en\/#website","url":"https:\/\/www.uartes.edu.ec\/sitio\/en\/","name":"Universidad de las Artes","description":"Sitio oficial de la Universidad Nacional de las Artes del Ecuador","publisher":{"@id":"https:\/\/www.uartes.edu.ec\/sitio\/en\/#organization"},"potentialAction":[{"@type":"SearchAction","target":{"@type":"EntryPoint","urlTemplate":"https:\/\/www.uartes.edu.ec\/sitio\/en\/?s={search_term_string}"},"query-input":{"@type":"PropertyValueSpecification","valueRequired":true,"valueName":"search_term_string"}}],"inLanguage":"en-US"},{"@type":"Organization","@id":"https:\/\/www.uartes.edu.ec\/sitio\/en\/#organization","name":"Universidad de las Artes","url":"https:\/\/www.uartes.edu.ec\/sitio\/en\/","logo":{"@type":"ImageObject","inLanguage":"en-US","@id":"https:\/\/www.uartes.edu.ec\/sitio\/en\/#\/schema\/logo\/image\/","url":"https:\/\/www.uartes.edu.ec\/sitio\/wp-content\/uploads\/2022\/07\/logo-ua-horizontal.png","contentUrl":"https:\/\/www.uartes.edu.ec\/sitio\/wp-content\/uploads\/2022\/07\/logo-ua-horizontal.png","width":800,"height":276,"caption":"Universidad de las Artes"},"image":{"@id":"https:\/\/www.uartes.edu.ec\/sitio\/en\/#\/schema\/logo\/image\/"},"sameAs":["https:\/\/www.facebook.com\/uartesec","https:\/\/x.com\/uartesec","https:\/\/www.tiktok.com\/@uartesec"]},{"@type":"Person","@id":"https:\/\/www.uartes.edu.ec\/sitio\/en\/#\/schema\/person\/efa1b8275797664fd7f13a79ccc0b1f4","name":"ccortez","image":{"@type":"ImageObject","inLanguage":"en-US","@id":"https:\/\/secure.gravatar.com\/avatar\/b2a6f664a3ae8e074346ef91775736c5ec479e637ecced6842de9dc98b5da9cd?s=96&d=mm&r=g","url":"https:\/\/secure.gravatar.com\/avatar\/b2a6f664a3ae8e074346ef91775736c5ec479e637ecced6842de9dc98b5da9cd?s=96&d=mm&r=g","contentUrl":"https:\/\/secure.gravatar.com\/avatar\/b2a6f664a3ae8e074346ef91775736c5ec479e637ecced6842de9dc98b5da9cd?s=96&d=mm&r=g","caption":"ccortez"},"url":"https:\/\/www.uartes.edu.ec\/sitio\/en\/blog\/author\/ccortez\/"}]}},"uagb_featured_image_src":{"full":["https:\/\/www.uartes.edu.ec\/sitio\/wp-content\/uploads\/2024\/10\/4to-encuentro-observatorio-cuenca-03-1.jpg",2000,1333,false],"thumbnail":["https:\/\/www.uartes.edu.ec\/sitio\/wp-content\/uploads\/2024\/10\/4to-encuentro-observatorio-cuenca-03-1-150x150.jpg",150,150,true],"medium":["https:\/\/www.uartes.edu.ec\/sitio\/wp-content\/uploads\/2024\/10\/4to-encuentro-observatorio-cuenca-03-1-300x200.jpg",300,200,true],"medium_large":["https:\/\/www.uartes.edu.ec\/sitio\/wp-content\/uploads\/2024\/10\/4to-encuentro-observatorio-cuenca-03-1-768x512.jpg",768,512,true],"large":["https:\/\/www.uartes.edu.ec\/sitio\/wp-content\/uploads\/2024\/10\/4to-encuentro-observatorio-cuenca-03-1-644x429.jpg",644,429,true],"1536x1536":["https:\/\/www.uartes.edu.ec\/sitio\/wp-content\/uploads\/2024\/10\/4to-encuentro-observatorio-cuenca-03-1-1536x1024.jpg",1536,1024,true],"2048x2048":["https:\/\/www.uartes.edu.ec\/sitio\/wp-content\/uploads\/2024\/10\/4to-encuentro-observatorio-cuenca-03-1.jpg",2000,1333,false],"trp-custom-language-flag":["https:\/\/www.uartes.edu.ec\/sitio\/wp-content\/uploads\/2024\/10\/4to-encuentro-observatorio-cuenca-03-1-18x12.jpg",18,12,true],"htmega_size_585x295":["https:\/\/www.uartes.edu.ec\/sitio\/wp-content\/uploads\/2024\/10\/4to-encuentro-observatorio-cuenca-03-1-585x295.jpg",585,295,true],"htmega_size_1170x536":["https:\/\/www.uartes.edu.ec\/sitio\/wp-content\/uploads\/2024\/10\/4to-encuentro-observatorio-cuenca-03-1-1170x536.jpg",1170,536,true],"htmega_size_396x360":["https:\/\/www.uartes.edu.ec\/sitio\/wp-content\/uploads\/2024\/10\/4to-encuentro-observatorio-cuenca-03-1-396x360.jpg",396,360,true],"gb-block-post-grid-landscape":["https:\/\/www.uartes.edu.ec\/sitio\/wp-content\/uploads\/2024\/10\/4to-encuentro-observatorio-cuenca-03-1-600x400.jpg",600,400,true],"gb-block-post-grid-square":["https:\/\/www.uartes.edu.ec\/sitio\/wp-content\/uploads\/2024\/10\/4to-encuentro-observatorio-cuenca-03-1-600x600.jpg",600,600,true],"university-hub-thumb":["https:\/\/www.uartes.edu.ec\/sitio\/wp-content\/uploads\/2024\/10\/4to-encuentro-observatorio-cuenca-03-1-400x267.jpg",400,267,true],"mailpoet_newsletter_max":["https:\/\/www.uartes.edu.ec\/sitio\/wp-content\/uploads\/2024\/10\/4to-encuentro-observatorio-cuenca-03-1.jpg",1320,880,false]},"uagb_author_info":{"display_name":"ccortez","author_link":"https:\/\/www.uartes.edu.ec\/sitio\/en\/blog\/author\/ccortez\/"},"uagb_comment_info":0,"uagb_excerpt":"En el marco del IV Encuentro de Pol\u00edticas y Econom\u00eda de la Cultura de la Universidad de las Artes, que en este a\u00f1o se realiz\u00f3 conjuntamente con la Universidad de Cuenca y en sus instalaciones, ayer, 3 de octubre, la IES anfitriona present\u00f3 su Observatorio Cultural. En el acto intervino nuestro rector, doctor William Herrera,&hellip;","featured_image_src":"https:\/\/www.uartes.edu.ec\/sitio\/wp-content\/uploads\/2024\/10\/4to-encuentro-observatorio-cuenca-03-1-600x400.jpg","featured_image_src_square":"https:\/\/www.uartes.edu.ec\/sitio\/wp-content\/uploads\/2024\/10\/4to-encuentro-observatorio-cuenca-03-1-600x600.jpg","author_info":{"display_name":"ccortez","author_link":"https:\/\/www.uartes.edu.ec\/sitio\/en\/blog\/author\/ccortez\/"},"publishpress_future_workflow_manual_trigger":{"enabledWorkflows":[]},"distributor_meta":false,"distributor_terms":false,"distributor_media":false,"distributor_original_site_name":"Universidad de las Artes","distributor_original_site_url":"https:\/\/www.uartes.edu.ec\/sitio\/en","push-errors":false,"_links":{"self":[{"href":"https:\/\/www.uartes.edu.ec\/sitio\/en\/wp-json\/wp\/v2\/posts\/67080","targetHints":{"allow":["GET"]}}],"collection":[{"href":"https:\/\/www.uartes.edu.ec\/sitio\/en\/wp-json\/wp\/v2\/posts"}],"about":[{"href":"https:\/\/www.uartes.edu.ec\/sitio\/en\/wp-json\/wp\/v2\/types\/post"}],"author":[{"embeddable":true,"href":"https:\/\/www.uartes.edu.ec\/sitio\/en\/wp-json\/wp\/v2\/users\/10"}],"replies":[{"embeddable":true,"href":"https:\/\/www.uartes.edu.ec\/sitio\/en\/wp-json\/wp\/v2\/comments?post=67080"}],"version-history":[{"count":3,"href":"https:\/\/www.uartes.edu.ec\/sitio\/en\/wp-json\/wp\/v2\/posts\/67080\/revisions"}],"predecessor-version":[{"id":67093,"href":"https:\/\/www.uartes.edu.ec\/sitio\/en\/wp-json\/wp\/v2\/posts\/67080\/revisions\/67093"}],"wp:featuredmedia":[{"embeddable":true,"href":"https:\/\/www.uartes.edu.ec\/sitio\/en\/wp-json\/wp\/v2\/media\/67086"}],"wp:attachment":[{"href":"https:\/\/www.uartes.edu.ec\/sitio\/en\/wp-json\/wp\/v2\/media?parent=67080"}],"wp:term":[{"taxonomy":"category","embeddable":true,"href":"https:\/\/www.uartes.edu.ec\/sitio\/en\/wp-json\/wp\/v2\/categories?post=67080"},{"taxonomy":"post_tag","embeddable":true,"href":"https:\/\/www.uartes.edu.ec\/sitio\/en\/wp-json\/wp\/v2\/tags?post=67080"},{"taxonomy":"infouartes","embeddable":true,"href":"https:\/\/www.uartes.edu.ec\/sitio\/en\/wp-json\/wp\/v2\/infouartes?post=67080"}],"curies":[{"name":"wp","href":"https:\/\/api.w.org\/{rel}","templated":true}]}}