{"id":67122,"date":"2024-12-20T19:35:00","date_gmt":"2024-12-21T00:35:00","guid":{"rendered":"https:\/\/www.uartes.edu.ec\/sitio\/?p=67122"},"modified":"2024-12-21T18:18:32","modified_gmt":"2024-12-21T23:18:32","slug":"departamento-de-lenguas-extranjeras-de-la-uartes-realizo-un-concierto-navideno-multilingue","status":"publish","type":"post","link":"https:\/\/www.uartes.edu.ec\/sitio\/en\/blog\/2024\/12\/20\/departamento-de-lenguas-extranjeras-de-la-uartes-realizo-un-concierto-navideno-multilingue\/","title":{"rendered":"Departamento de Lenguas Extranjeras realiz\u00f3 concierto navide\u00f1o multiling\u00fce"},"content":{"rendered":"<p>El Departamento de Lenguas Extranjeras (DLE) de la Universidad de las Artes cerr\u00f3 el a\u00f1o con un concierto navide\u00f1o multiling\u00fce, actividad que se realiz\u00f3 hoy, 20 de diciembre, con el prop\u00f3sito de ofrecer a la infancia guayaquile\u00f1a y a la comunidad en general la oportunidad de descubrir y\/o promover nuevas competencias ling\u00fc\u00edsticas a trav\u00e9s del arte.<\/p>\n\n\n\n<p>Esta propuesta, concebida desde las artes, fusion\u00f3 la m\u00fasica con actividades l\u00fadicas. A manera de introducci\u00f3n, se desarroll\u00f3 un taller para recrear el tema de la Navidad en diferentes culturas y permitir a los ni\u00f1os y ni\u00f1as compartir y disfrutar a trav\u00e9s de la creaci\u00f3n de un mu\u00f1eco de nieve decorativo, que pudieron luego llevar a sus hogares. Posteriormente, se presentaron melod\u00edas alusivas a la fecha: villancicos en espa\u00f1ol, portugu\u00e9s, franc\u00e9s e ingl\u00e9s. &nbsp;Los peque\u00f1os participaron en concursos r\u00e1pidos de memorizaci\u00f3n de vocabulario, cantaron y bailaron al son de los diferentes ritmos.<\/p>\n\n\n\n<p>Participaron en este evento las estudiantes de los tres idiomas que ofrece la Universidad de las Artes. Por franc\u00e9s: Ivanna Em\u00e9n, de la carrera de Creaci\u00f3n Teatral; Hilary Villa, de Artes Visuales; Mishell Z\u00fa\u00f1iga y Elizabeth Mac\u00edas, de Danza. Por portugu\u00e9s: Ruth Mendoza, de Artes Musicales; Gregory Linch, de Producci\u00f3n Musical; Jordy Rosado, de Artes Visuales; Manuel Cobos, de Artes Musicales; y Ricardo D\u00edaz, de Producci\u00f3n Musical. Por ingl\u00e9s: G\u00e9nesis Galarza, de Producci\u00f3n Musical.<\/p>\n\n\n\n<p>El concierto navide\u00f1o multiling\u00fce se realiz\u00f3 por iniciativa de las docentes Marcela Silva, de portugu\u00e9s; Aura Mu\u00f1oz, de ingl\u00e9s; Rosa Elena Mart\u00ednez, de franc\u00e9s; contaron con el apoyo&nbsp; de Monserrat Mogrovejo, jefa del Departamento de Lenguas Extranjeras.<\/p>\n\n\n\n<p>De esta manera, la Universidad de la Artes, a trav\u00e9s de su Departamento de Lenguas Extranjeras, evidenci\u00f3 su compromiso con la diversificaci\u00f3n ling\u00fc\u00edstica, de la mano del equipo acad\u00e9mico que desde su quehacer pedag\u00f3gico innova y aprovecha los fen\u00f3menos del entorno&nbsp; para crear oportunidades de aprendizajes significativas. &nbsp;<\/p>\n\n\n\n<p>As\u00ed tambi\u00e9n, el DLE, consciente de su responsabilidad en la creaci\u00f3n de nuevos p\u00fablicos y&nbsp; espacios de interacci\u00f3n, culmina el 2024 con actividades pedag\u00f3gicas concebidas desde la transdisciplinariedad. Considera crucial que las lenguas y las artes convivan y surquen juntas los nuevos senderos de una educaci\u00f3n anclada en la realidad social que busca una articulaci\u00f3n cada vez m\u00e1s estrecha entre la universidad, los procesos creativos y la comunidad.<\/p>\n\n\n\n<p>Texto: Rosa Elena Mart\u00ednez Foto: Marcela Silva<\/p>\n\n\n\n<p><\/p>","protected":false},"excerpt":{"rendered":"<p>El Departamento de Lenguas Extranjeras (DLE) de la Universidad de las Artes cerr\u00f3 el a\u00f1o con un concierto navide\u00f1o multiling\u00fce, actividad realizada con el prop\u00f3sito de ofrecer a la infancia guayaquile\u00f1a y a la comunidad en general la oportunidad de descubrir y\/o promover nuevas competencias ling\u00fc\u00edsticas a trav\u00e9s del arte. La propuesta, concebida desde las artes, fusion\u00f3 la m\u00fasica con actividades l\u00fadicas. <\/p>","protected":false},"author":10,"featured_media":67123,"comment_status":"open","ping_status":"open","sticky":false,"template":"","format":"standard","meta":{"_acf_changed":false,"_uag_custom_page_level_css":"","_monsterinsights_skip_tracking":false,"_monsterinsights_sitenote_active":false,"_monsterinsights_sitenote_note":"","_monsterinsights_sitenote_category":0,"cybocfi_hide_featured_image":"","footnotes":""},"categories":[80,75,76,154],"tags":[533],"infouartes":[],"class_list":["post-67122","post","type-post","status-publish","format-standard","has-post-thumbnail","hentry","category-academico","category-docentes","category-estudiantes","category-lenguas-extranjeras","tag-presentacion"],"acf":[],"yoast_head":"<!-- This site is optimized with the Yoast SEO plugin v27.4 - https:\/\/yoast.com\/product\/yoast-seo-wordpress\/ -->\n<title>Universidad de las Artes - Departamento de Lenguas Extranjeras realiz\u00f3 concierto navide\u00f1o multiling\u00fce<\/title>\n<meta name=\"description\" content=\"Universidad de las Artes - Departamento de Lenguas Extranjeras realiz\u00f3 concierto navide\u00f1o multiling\u00fce\" \/>\n<meta name=\"robots\" content=\"index, follow, max-snippet:-1, max-image-preview:large, max-video-preview:-1\" \/>\n<link rel=\"canonical\" href=\"https:\/\/www.uartes.edu.ec\/sitio\/en\/blog\/2024\/12\/20\/departamento-de-lenguas-extranjeras-de-la-uartes-realizo-un-concierto-navideno-multilingue\/\" \/>\n<meta property=\"og:locale\" content=\"en_US\" \/>\n<meta property=\"og:type\" content=\"article\" \/>\n<meta property=\"og:title\" content=\"Universidad de las Artes - Departamento de Lenguas Extranjeras realiz\u00f3 concierto navide\u00f1o multiling\u00fce\" \/>\n<meta property=\"og:description\" content=\"Universidad de las Artes - Departamento de Lenguas Extranjeras realiz\u00f3 concierto navide\u00f1o multiling\u00fce\" \/>\n<meta property=\"og:url\" content=\"https:\/\/www.uartes.edu.ec\/sitio\/en\/blog\/2024\/12\/20\/departamento-de-lenguas-extranjeras-de-la-uartes-realizo-un-concierto-navideno-multilingue\/\" \/>\n<meta property=\"og:site_name\" content=\"Universidad de las Artes\" \/>\n<meta property=\"article:publisher\" content=\"https:\/\/www.facebook.com\/uartesec\" \/>\n<meta property=\"article:published_time\" content=\"2024-12-21T00:35:00+00:00\" \/>\n<meta property=\"article:modified_time\" content=\"2024-12-21T23:18:32+00:00\" \/>\n<meta property=\"og:image\" content=\"https:\/\/www.uartes.edu.ec\/sitio\/wp-content\/uploads\/2024\/12\/cambio.jpg\" \/>\n\t<meta property=\"og:image:width\" content=\"2000\" \/>\n\t<meta property=\"og:image:height\" content=\"1333\" \/>\n\t<meta property=\"og:image:type\" content=\"image\/jpeg\" \/>\n<meta name=\"author\" content=\"ccortez\" \/>\n<meta name=\"twitter:card\" content=\"summary_large_image\" \/>\n<meta name=\"twitter:creator\" content=\"@uartesec\" \/>\n<meta name=\"twitter:site\" content=\"@uartesec\" \/>\n<meta name=\"twitter:label1\" content=\"Written by\" \/>\n\t<meta name=\"twitter:data1\" content=\"ccortez\" \/>\n\t<meta name=\"twitter:label2\" content=\"Est. reading time\" \/>\n\t<meta name=\"twitter:data2\" content=\"2 minutes\" \/>\n<script type=\"application\/ld+json\" class=\"yoast-schema-graph\">{\"@context\":\"https:\\\/\\\/schema.org\",\"@graph\":[{\"@type\":\"Article\",\"@id\":\"https:\\\/\\\/www.uartes.edu.ec\\\/sitio\\\/en\\\/blog\\\/2024\\\/12\\\/20\\\/departamento-de-lenguas-extranjeras-de-la-uartes-realizo-un-concierto-navideno-multilingue\\\/#article\",\"isPartOf\":{\"@id\":\"https:\\\/\\\/www.uartes.edu.ec\\\/sitio\\\/en\\\/blog\\\/2024\\\/12\\\/20\\\/departamento-de-lenguas-extranjeras-de-la-uartes-realizo-un-concierto-navideno-multilingue\\\/\"},\"author\":{\"name\":\"ccortez\",\"@id\":\"https:\\\/\\\/www.uartes.edu.ec\\\/sitio\\\/en\\\/#\\\/schema\\\/person\\\/efa1b8275797664fd7f13a79ccc0b1f4\"},\"headline\":\"Departamento de Lenguas Extranjeras realiz\u00f3 concierto navide\u00f1o multiling\u00fce\",\"datePublished\":\"2024-12-21T00:35:00+00:00\",\"dateModified\":\"2024-12-21T23:18:32+00:00\",\"mainEntityOfPage\":{\"@id\":\"https:\\\/\\\/www.uartes.edu.ec\\\/sitio\\\/en\\\/blog\\\/2024\\\/12\\\/20\\\/departamento-de-lenguas-extranjeras-de-la-uartes-realizo-un-concierto-navideno-multilingue\\\/\"},\"wordCount\":452,\"commentCount\":0,\"publisher\":{\"@id\":\"https:\\\/\\\/www.uartes.edu.ec\\\/sitio\\\/en\\\/#organization\"},\"image\":{\"@id\":\"https:\\\/\\\/www.uartes.edu.ec\\\/sitio\\\/en\\\/blog\\\/2024\\\/12\\\/20\\\/departamento-de-lenguas-extranjeras-de-la-uartes-realizo-un-concierto-navideno-multilingue\\\/#primaryimage\"},\"thumbnailUrl\":\"https:\\\/\\\/www.uartes.edu.ec\\\/sitio\\\/wp-content\\\/uploads\\\/2024\\\/12\\\/cambio.jpg\",\"keywords\":[\"presentaci\u00f3n\"],\"articleSection\":[\"Acad\u00e9mico\",\"Docentes\",\"Estudiantes\",\"Lenguas Extranjeras\"],\"inLanguage\":\"en-US\",\"potentialAction\":[{\"@type\":\"CommentAction\",\"name\":\"Comment\",\"target\":[\"https:\\\/\\\/www.uartes.edu.ec\\\/sitio\\\/en\\\/blog\\\/2024\\\/12\\\/20\\\/departamento-de-lenguas-extranjeras-de-la-uartes-realizo-un-concierto-navideno-multilingue\\\/#respond\"]}]},{\"@type\":[\"WebPage\",\"ItemPage\"],\"@id\":\"https:\\\/\\\/www.uartes.edu.ec\\\/sitio\\\/en\\\/blog\\\/2024\\\/12\\\/20\\\/departamento-de-lenguas-extranjeras-de-la-uartes-realizo-un-concierto-navideno-multilingue\\\/\",\"url\":\"https:\\\/\\\/www.uartes.edu.ec\\\/sitio\\\/en\\\/blog\\\/2024\\\/12\\\/20\\\/departamento-de-lenguas-extranjeras-de-la-uartes-realizo-un-concierto-navideno-multilingue\\\/\",\"name\":\"Universidad de las Artes - Departamento de Lenguas Extranjeras realiz\u00f3 concierto navide\u00f1o multiling\u00fce\",\"isPartOf\":{\"@id\":\"https:\\\/\\\/www.uartes.edu.ec\\\/sitio\\\/en\\\/#website\"},\"primaryImageOfPage\":{\"@id\":\"https:\\\/\\\/www.uartes.edu.ec\\\/sitio\\\/en\\\/blog\\\/2024\\\/12\\\/20\\\/departamento-de-lenguas-extranjeras-de-la-uartes-realizo-un-concierto-navideno-multilingue\\\/#primaryimage\"},\"image\":{\"@id\":\"https:\\\/\\\/www.uartes.edu.ec\\\/sitio\\\/en\\\/blog\\\/2024\\\/12\\\/20\\\/departamento-de-lenguas-extranjeras-de-la-uartes-realizo-un-concierto-navideno-multilingue\\\/#primaryimage\"},\"thumbnailUrl\":\"https:\\\/\\\/www.uartes.edu.ec\\\/sitio\\\/wp-content\\\/uploads\\\/2024\\\/12\\\/cambio.jpg\",\"datePublished\":\"2024-12-21T00:35:00+00:00\",\"dateModified\":\"2024-12-21T23:18:32+00:00\",\"description\":\"Universidad de las Artes - Departamento de Lenguas Extranjeras realiz\u00f3 concierto navide\u00f1o multiling\u00fce\",\"breadcrumb\":{\"@id\":\"https:\\\/\\\/www.uartes.edu.ec\\\/sitio\\\/en\\\/blog\\\/2024\\\/12\\\/20\\\/departamento-de-lenguas-extranjeras-de-la-uartes-realizo-un-concierto-navideno-multilingue\\\/#breadcrumb\"},\"inLanguage\":\"en-US\",\"potentialAction\":[{\"@type\":\"ReadAction\",\"target\":[\"https:\\\/\\\/www.uartes.edu.ec\\\/sitio\\\/en\\\/blog\\\/2024\\\/12\\\/20\\\/departamento-de-lenguas-extranjeras-de-la-uartes-realizo-un-concierto-navideno-multilingue\\\/\"]}]},{\"@type\":\"ImageObject\",\"inLanguage\":\"en-US\",\"@id\":\"https:\\\/\\\/www.uartes.edu.ec\\\/sitio\\\/en\\\/blog\\\/2024\\\/12\\\/20\\\/departamento-de-lenguas-extranjeras-de-la-uartes-realizo-un-concierto-navideno-multilingue\\\/#primaryimage\",\"url\":\"https:\\\/\\\/www.uartes.edu.ec\\\/sitio\\\/wp-content\\\/uploads\\\/2024\\\/12\\\/cambio.jpg\",\"contentUrl\":\"https:\\\/\\\/www.uartes.edu.ec\\\/sitio\\\/wp-content\\\/uploads\\\/2024\\\/12\\\/cambio.jpg\",\"width\":2000,\"height\":1333},{\"@type\":\"BreadcrumbList\",\"@id\":\"https:\\\/\\\/www.uartes.edu.ec\\\/sitio\\\/en\\\/blog\\\/2024\\\/12\\\/20\\\/departamento-de-lenguas-extranjeras-de-la-uartes-realizo-un-concierto-navideno-multilingue\\\/#breadcrumb\",\"itemListElement\":[{\"@type\":\"ListItem\",\"position\":1,\"name\":\"Inicio\",\"item\":\"https:\\\/\\\/www.uartes.edu.ec\\\/sitio\\\/\"},{\"@type\":\"ListItem\",\"position\":2,\"name\":\"Departamento de Lenguas Extranjeras realiz\u00f3 concierto navide\u00f1o multiling\u00fce\"}]},{\"@type\":\"WebSite\",\"@id\":\"https:\\\/\\\/www.uartes.edu.ec\\\/sitio\\\/en\\\/#website\",\"url\":\"https:\\\/\\\/www.uartes.edu.ec\\\/sitio\\\/en\\\/\",\"name\":\"Universidad de las Artes\",\"description\":\"Sitio oficial de la Universidad Nacional de las Artes del Ecuador\",\"publisher\":{\"@id\":\"https:\\\/\\\/www.uartes.edu.ec\\\/sitio\\\/en\\\/#organization\"},\"potentialAction\":[{\"@type\":\"SearchAction\",\"target\":{\"@type\":\"EntryPoint\",\"urlTemplate\":\"https:\\\/\\\/www.uartes.edu.ec\\\/sitio\\\/en\\\/?s={search_term_string}\"},\"query-input\":{\"@type\":\"PropertyValueSpecification\",\"valueRequired\":true,\"valueName\":\"search_term_string\"}}],\"inLanguage\":\"en-US\"},{\"@type\":\"Organization\",\"@id\":\"https:\\\/\\\/www.uartes.edu.ec\\\/sitio\\\/en\\\/#organization\",\"name\":\"Universidad de las Artes\",\"url\":\"https:\\\/\\\/www.uartes.edu.ec\\\/sitio\\\/en\\\/\",\"logo\":{\"@type\":\"ImageObject\",\"inLanguage\":\"en-US\",\"@id\":\"https:\\\/\\\/www.uartes.edu.ec\\\/sitio\\\/en\\\/#\\\/schema\\\/logo\\\/image\\\/\",\"url\":\"https:\\\/\\\/www.uartes.edu.ec\\\/sitio\\\/wp-content\\\/uploads\\\/2022\\\/07\\\/logo-ua-horizontal.png\",\"contentUrl\":\"https:\\\/\\\/www.uartes.edu.ec\\\/sitio\\\/wp-content\\\/uploads\\\/2022\\\/07\\\/logo-ua-horizontal.png\",\"width\":800,\"height\":276,\"caption\":\"Universidad de las Artes\"},\"image\":{\"@id\":\"https:\\\/\\\/www.uartes.edu.ec\\\/sitio\\\/en\\\/#\\\/schema\\\/logo\\\/image\\\/\"},\"sameAs\":[\"https:\\\/\\\/www.facebook.com\\\/uartesec\",\"https:\\\/\\\/x.com\\\/uartesec\",\"https:\\\/\\\/www.tiktok.com\\\/@uartesec\"]},{\"@type\":\"Person\",\"@id\":\"https:\\\/\\\/www.uartes.edu.ec\\\/sitio\\\/en\\\/#\\\/schema\\\/person\\\/efa1b8275797664fd7f13a79ccc0b1f4\",\"name\":\"ccortez\",\"image\":{\"@type\":\"ImageObject\",\"inLanguage\":\"en-US\",\"@id\":\"https:\\\/\\\/secure.gravatar.com\\\/avatar\\\/b2a6f664a3ae8e074346ef91775736c5ec479e637ecced6842de9dc98b5da9cd?s=96&d=mm&r=g\",\"url\":\"https:\\\/\\\/secure.gravatar.com\\\/avatar\\\/b2a6f664a3ae8e074346ef91775736c5ec479e637ecced6842de9dc98b5da9cd?s=96&d=mm&r=g\",\"contentUrl\":\"https:\\\/\\\/secure.gravatar.com\\\/avatar\\\/b2a6f664a3ae8e074346ef91775736c5ec479e637ecced6842de9dc98b5da9cd?s=96&d=mm&r=g\",\"caption\":\"ccortez\"},\"url\":\"https:\\\/\\\/www.uartes.edu.ec\\\/sitio\\\/en\\\/blog\\\/author\\\/ccortez\\\/\"}]}<\/script>\n<!-- \/ Yoast SEO plugin. -->","yoast_head_json":{"title":"Universidad de las Artes - Departamento de Lenguas Extranjeras realiz\u00f3 concierto navide\u00f1o multiling\u00fce","description":"Universidad de las Artes - Departamento de Lenguas Extranjeras realiz\u00f3 concierto navide\u00f1o multiling\u00fce","robots":{"index":"index","follow":"follow","max-snippet":"max-snippet:-1","max-image-preview":"max-image-preview:large","max-video-preview":"max-video-preview:-1"},"canonical":"https:\/\/www.uartes.edu.ec\/sitio\/en\/blog\/2024\/12\/20\/departamento-de-lenguas-extranjeras-de-la-uartes-realizo-un-concierto-navideno-multilingue\/","og_locale":"en_US","og_type":"article","og_title":"Universidad de las Artes - Departamento de Lenguas Extranjeras realiz\u00f3 concierto navide\u00f1o multiling\u00fce","og_description":"Universidad de las Artes - Departamento de Lenguas Extranjeras realiz\u00f3 concierto navide\u00f1o multiling\u00fce","og_url":"https:\/\/www.uartes.edu.ec\/sitio\/en\/blog\/2024\/12\/20\/departamento-de-lenguas-extranjeras-de-la-uartes-realizo-un-concierto-navideno-multilingue\/","og_site_name":"Universidad de las Artes","article_publisher":"https:\/\/www.facebook.com\/uartesec","article_published_time":"2024-12-21T00:35:00+00:00","article_modified_time":"2024-12-21T23:18:32+00:00","og_image":[{"width":2000,"height":1333,"url":"https:\/\/www.uartes.edu.ec\/sitio\/wp-content\/uploads\/2024\/12\/cambio.jpg","type":"image\/jpeg"}],"author":"ccortez","twitter_card":"summary_large_image","twitter_creator":"@uartesec","twitter_site":"@uartesec","twitter_misc":{"Written by":"ccortez","Est. reading time":"2 minutes"},"schema":{"@context":"https:\/\/schema.org","@graph":[{"@type":"Article","@id":"https:\/\/www.uartes.edu.ec\/sitio\/en\/blog\/2024\/12\/20\/departamento-de-lenguas-extranjeras-de-la-uartes-realizo-un-concierto-navideno-multilingue\/#article","isPartOf":{"@id":"https:\/\/www.uartes.edu.ec\/sitio\/en\/blog\/2024\/12\/20\/departamento-de-lenguas-extranjeras-de-la-uartes-realizo-un-concierto-navideno-multilingue\/"},"author":{"name":"ccortez","@id":"https:\/\/www.uartes.edu.ec\/sitio\/en\/#\/schema\/person\/efa1b8275797664fd7f13a79ccc0b1f4"},"headline":"Departamento de Lenguas Extranjeras realiz\u00f3 concierto navide\u00f1o multiling\u00fce","datePublished":"2024-12-21T00:35:00+00:00","dateModified":"2024-12-21T23:18:32+00:00","mainEntityOfPage":{"@id":"https:\/\/www.uartes.edu.ec\/sitio\/en\/blog\/2024\/12\/20\/departamento-de-lenguas-extranjeras-de-la-uartes-realizo-un-concierto-navideno-multilingue\/"},"wordCount":452,"commentCount":0,"publisher":{"@id":"https:\/\/www.uartes.edu.ec\/sitio\/en\/#organization"},"image":{"@id":"https:\/\/www.uartes.edu.ec\/sitio\/en\/blog\/2024\/12\/20\/departamento-de-lenguas-extranjeras-de-la-uartes-realizo-un-concierto-navideno-multilingue\/#primaryimage"},"thumbnailUrl":"https:\/\/www.uartes.edu.ec\/sitio\/wp-content\/uploads\/2024\/12\/cambio.jpg","keywords":["presentaci\u00f3n"],"articleSection":["Acad\u00e9mico","Docentes","Estudiantes","Lenguas Extranjeras"],"inLanguage":"en-US","potentialAction":[{"@type":"CommentAction","name":"Comment","target":["https:\/\/www.uartes.edu.ec\/sitio\/en\/blog\/2024\/12\/20\/departamento-de-lenguas-extranjeras-de-la-uartes-realizo-un-concierto-navideno-multilingue\/#respond"]}]},{"@type":["WebPage","ItemPage"],"@id":"https:\/\/www.uartes.edu.ec\/sitio\/en\/blog\/2024\/12\/20\/departamento-de-lenguas-extranjeras-de-la-uartes-realizo-un-concierto-navideno-multilingue\/","url":"https:\/\/www.uartes.edu.ec\/sitio\/en\/blog\/2024\/12\/20\/departamento-de-lenguas-extranjeras-de-la-uartes-realizo-un-concierto-navideno-multilingue\/","name":"Universidad de las Artes - Departamento de Lenguas Extranjeras realiz\u00f3 concierto navide\u00f1o multiling\u00fce","isPartOf":{"@id":"https:\/\/www.uartes.edu.ec\/sitio\/en\/#website"},"primaryImageOfPage":{"@id":"https:\/\/www.uartes.edu.ec\/sitio\/en\/blog\/2024\/12\/20\/departamento-de-lenguas-extranjeras-de-la-uartes-realizo-un-concierto-navideno-multilingue\/#primaryimage"},"image":{"@id":"https:\/\/www.uartes.edu.ec\/sitio\/en\/blog\/2024\/12\/20\/departamento-de-lenguas-extranjeras-de-la-uartes-realizo-un-concierto-navideno-multilingue\/#primaryimage"},"thumbnailUrl":"https:\/\/www.uartes.edu.ec\/sitio\/wp-content\/uploads\/2024\/12\/cambio.jpg","datePublished":"2024-12-21T00:35:00+00:00","dateModified":"2024-12-21T23:18:32+00:00","description":"Universidad de las Artes - Departamento de Lenguas Extranjeras realiz\u00f3 concierto navide\u00f1o multiling\u00fce","breadcrumb":{"@id":"https:\/\/www.uartes.edu.ec\/sitio\/en\/blog\/2024\/12\/20\/departamento-de-lenguas-extranjeras-de-la-uartes-realizo-un-concierto-navideno-multilingue\/#breadcrumb"},"inLanguage":"en-US","potentialAction":[{"@type":"ReadAction","target":["https:\/\/www.uartes.edu.ec\/sitio\/en\/blog\/2024\/12\/20\/departamento-de-lenguas-extranjeras-de-la-uartes-realizo-un-concierto-navideno-multilingue\/"]}]},{"@type":"ImageObject","inLanguage":"en-US","@id":"https:\/\/www.uartes.edu.ec\/sitio\/en\/blog\/2024\/12\/20\/departamento-de-lenguas-extranjeras-de-la-uartes-realizo-un-concierto-navideno-multilingue\/#primaryimage","url":"https:\/\/www.uartes.edu.ec\/sitio\/wp-content\/uploads\/2024\/12\/cambio.jpg","contentUrl":"https:\/\/www.uartes.edu.ec\/sitio\/wp-content\/uploads\/2024\/12\/cambio.jpg","width":2000,"height":1333},{"@type":"BreadcrumbList","@id":"https:\/\/www.uartes.edu.ec\/sitio\/en\/blog\/2024\/12\/20\/departamento-de-lenguas-extranjeras-de-la-uartes-realizo-un-concierto-navideno-multilingue\/#breadcrumb","itemListElement":[{"@type":"ListItem","position":1,"name":"Inicio","item":"https:\/\/www.uartes.edu.ec\/sitio\/"},{"@type":"ListItem","position":2,"name":"Departamento de Lenguas Extranjeras realiz\u00f3 concierto navide\u00f1o multiling\u00fce"}]},{"@type":"WebSite","@id":"https:\/\/www.uartes.edu.ec\/sitio\/en\/#website","url":"https:\/\/www.uartes.edu.ec\/sitio\/en\/","name":"Universidad de las Artes","description":"Sitio oficial de la Universidad Nacional de las Artes del Ecuador","publisher":{"@id":"https:\/\/www.uartes.edu.ec\/sitio\/en\/#organization"},"potentialAction":[{"@type":"SearchAction","target":{"@type":"EntryPoint","urlTemplate":"https:\/\/www.uartes.edu.ec\/sitio\/en\/?s={search_term_string}"},"query-input":{"@type":"PropertyValueSpecification","valueRequired":true,"valueName":"search_term_string"}}],"inLanguage":"en-US"},{"@type":"Organization","@id":"https:\/\/www.uartes.edu.ec\/sitio\/en\/#organization","name":"Universidad de las Artes","url":"https:\/\/www.uartes.edu.ec\/sitio\/en\/","logo":{"@type":"ImageObject","inLanguage":"en-US","@id":"https:\/\/www.uartes.edu.ec\/sitio\/en\/#\/schema\/logo\/image\/","url":"https:\/\/www.uartes.edu.ec\/sitio\/wp-content\/uploads\/2022\/07\/logo-ua-horizontal.png","contentUrl":"https:\/\/www.uartes.edu.ec\/sitio\/wp-content\/uploads\/2022\/07\/logo-ua-horizontal.png","width":800,"height":276,"caption":"Universidad de las Artes"},"image":{"@id":"https:\/\/www.uartes.edu.ec\/sitio\/en\/#\/schema\/logo\/image\/"},"sameAs":["https:\/\/www.facebook.com\/uartesec","https:\/\/x.com\/uartesec","https:\/\/www.tiktok.com\/@uartesec"]},{"@type":"Person","@id":"https:\/\/www.uartes.edu.ec\/sitio\/en\/#\/schema\/person\/efa1b8275797664fd7f13a79ccc0b1f4","name":"ccortez","image":{"@type":"ImageObject","inLanguage":"en-US","@id":"https:\/\/secure.gravatar.com\/avatar\/b2a6f664a3ae8e074346ef91775736c5ec479e637ecced6842de9dc98b5da9cd?s=96&d=mm&r=g","url":"https:\/\/secure.gravatar.com\/avatar\/b2a6f664a3ae8e074346ef91775736c5ec479e637ecced6842de9dc98b5da9cd?s=96&d=mm&r=g","contentUrl":"https:\/\/secure.gravatar.com\/avatar\/b2a6f664a3ae8e074346ef91775736c5ec479e637ecced6842de9dc98b5da9cd?s=96&d=mm&r=g","caption":"ccortez"},"url":"https:\/\/www.uartes.edu.ec\/sitio\/en\/blog\/author\/ccortez\/"}]}},"uagb_featured_image_src":{"full":["https:\/\/www.uartes.edu.ec\/sitio\/wp-content\/uploads\/2024\/12\/cambio.jpg",2000,1333,false],"thumbnail":["https:\/\/www.uartes.edu.ec\/sitio\/wp-content\/uploads\/2024\/12\/cambio-150x150.jpg",150,150,true],"medium":["https:\/\/www.uartes.edu.ec\/sitio\/wp-content\/uploads\/2024\/12\/cambio-300x200.jpg",300,200,true],"medium_large":["https:\/\/www.uartes.edu.ec\/sitio\/wp-content\/uploads\/2024\/12\/cambio-768x512.jpg",768,512,true],"large":["https:\/\/www.uartes.edu.ec\/sitio\/wp-content\/uploads\/2024\/12\/cambio-644x429.jpg",644,429,true],"1536x1536":["https:\/\/www.uartes.edu.ec\/sitio\/wp-content\/uploads\/2024\/12\/cambio-1536x1024.jpg",1536,1024,true],"2048x2048":["https:\/\/www.uartes.edu.ec\/sitio\/wp-content\/uploads\/2024\/12\/cambio.jpg",2000,1333,false],"trp-custom-language-flag":["https:\/\/www.uartes.edu.ec\/sitio\/wp-content\/uploads\/2024\/12\/cambio-18x12.jpg",18,12,true],"htmega_size_585x295":["https:\/\/www.uartes.edu.ec\/sitio\/wp-content\/uploads\/2024\/12\/cambio-585x295.jpg",585,295,true],"htmega_size_1170x536":["https:\/\/www.uartes.edu.ec\/sitio\/wp-content\/uploads\/2024\/12\/cambio-1170x536.jpg",1170,536,true],"htmega_size_396x360":["https:\/\/www.uartes.edu.ec\/sitio\/wp-content\/uploads\/2024\/12\/cambio-396x360.jpg",396,360,true],"gb-block-post-grid-landscape":["https:\/\/www.uartes.edu.ec\/sitio\/wp-content\/uploads\/2024\/12\/cambio-600x400.jpg",600,400,true],"gb-block-post-grid-square":["https:\/\/www.uartes.edu.ec\/sitio\/wp-content\/uploads\/2024\/12\/cambio-600x600.jpg",600,600,true],"university-hub-thumb":["https:\/\/www.uartes.edu.ec\/sitio\/wp-content\/uploads\/2024\/12\/cambio-400x267.jpg",400,267,true],"mailpoet_newsletter_max":["https:\/\/www.uartes.edu.ec\/sitio\/wp-content\/uploads\/2024\/12\/cambio.jpg",1320,880,false]},"uagb_author_info":{"display_name":"ccortez","author_link":"https:\/\/www.uartes.edu.ec\/sitio\/en\/blog\/author\/ccortez\/"},"uagb_comment_info":0,"uagb_excerpt":"El Departamento de Lenguas Extranjeras (DLE) de la Universidad de las Artes cerr\u00f3 el a\u00f1o con un concierto navide\u00f1o multiling\u00fce, actividad realizada con el prop\u00f3sito de ofrecer a la infancia guayaquile\u00f1a y a la comunidad en general la oportunidad de descubrir y\/o promover nuevas competencias ling\u00fc\u00edsticas a trav\u00e9s del arte. La propuesta, concebida desde las&hellip;","featured_image_src":"https:\/\/www.uartes.edu.ec\/sitio\/wp-content\/uploads\/2024\/12\/cambio-600x400.jpg","featured_image_src_square":"https:\/\/www.uartes.edu.ec\/sitio\/wp-content\/uploads\/2024\/12\/cambio-600x600.jpg","author_info":{"display_name":"ccortez","author_link":"https:\/\/www.uartes.edu.ec\/sitio\/en\/blog\/author\/ccortez\/"},"publishpress_future_workflow_manual_trigger":{"enabledWorkflows":[]},"distributor_meta":false,"distributor_terms":false,"distributor_media":false,"distributor_original_site_name":"Universidad de las Artes","distributor_original_site_url":"https:\/\/www.uartes.edu.ec\/sitio\/en","push-errors":false,"_links":{"self":[{"href":"https:\/\/www.uartes.edu.ec\/sitio\/en\/wp-json\/wp\/v2\/posts\/67122","targetHints":{"allow":["GET"]}}],"collection":[{"href":"https:\/\/www.uartes.edu.ec\/sitio\/en\/wp-json\/wp\/v2\/posts"}],"about":[{"href":"https:\/\/www.uartes.edu.ec\/sitio\/en\/wp-json\/wp\/v2\/types\/post"}],"author":[{"embeddable":true,"href":"https:\/\/www.uartes.edu.ec\/sitio\/en\/wp-json\/wp\/v2\/users\/10"}],"replies":[{"embeddable":true,"href":"https:\/\/www.uartes.edu.ec\/sitio\/en\/wp-json\/wp\/v2\/comments?post=67122"}],"version-history":[{"count":6,"href":"https:\/\/www.uartes.edu.ec\/sitio\/en\/wp-json\/wp\/v2\/posts\/67122\/revisions"}],"predecessor-version":[{"id":67142,"href":"https:\/\/www.uartes.edu.ec\/sitio\/en\/wp-json\/wp\/v2\/posts\/67122\/revisions\/67142"}],"wp:featuredmedia":[{"embeddable":true,"href":"https:\/\/www.uartes.edu.ec\/sitio\/en\/wp-json\/wp\/v2\/media\/67123"}],"wp:attachment":[{"href":"https:\/\/www.uartes.edu.ec\/sitio\/en\/wp-json\/wp\/v2\/media?parent=67122"}],"wp:term":[{"taxonomy":"category","embeddable":true,"href":"https:\/\/www.uartes.edu.ec\/sitio\/en\/wp-json\/wp\/v2\/categories?post=67122"},{"taxonomy":"post_tag","embeddable":true,"href":"https:\/\/www.uartes.edu.ec\/sitio\/en\/wp-json\/wp\/v2\/tags?post=67122"},{"taxonomy":"infouartes","embeddable":true,"href":"https:\/\/www.uartes.edu.ec\/sitio\/en\/wp-json\/wp\/v2\/infouartes?post=67122"}],"curies":[{"name":"wp","href":"https:\/\/api.w.org\/{rel}","templated":true}]}}