{"id":6713,"date":"2020-04-15T20:47:00","date_gmt":"2020-04-16T01:47:00","guid":{"rendered":"http:\/\/www.uartes.edu.ec\/sitio\/?p=6713"},"modified":"2024-07-04T11:48:11","modified_gmt":"2024-07-04T16:48:11","slug":"chumichasqui-42-anos-despues-el-proyecto-de-tesis-de-israel-leon-mendoza-estudiante-de-la-eas","status":"publish","type":"post","link":"https:\/\/www.uartes.edu.ec\/sitio\/en\/blog\/2020\/04\/15\/chumichasqui-42-anos-despues-el-proyecto-de-tesis-de-israel-leon-mendoza-estudiante-de-la-eas\/","title":{"rendered":"\u00abChumichasqui, 42 a\u00f1os despu\u00e9s\u00bb, el proyecto de  tesis de Israel Le\u00f3n Mendoza, estudiante de la EAS"},"content":{"rendered":"<p>Israel Jes\u00fas Le\u00f3n Mendoza lleva once a\u00f1os\ninmerso en la docencia musical y a esa experiencia atribuye que su anteproyecto\nde tesis haya sido rechazado en una primera instancia. No cumpl\u00eda los\npar\u00e1metros que se ped\u00eda a nivel de producci\u00f3n, admite, puesto que se hab\u00eda\nenfocado m\u00e1s en la ense\u00f1anza escolar que en la producci\u00f3n musical. El\nestudiante de la Escuela de Artes Sonoras de la Universidad de las Artes\ndefendi\u00f3 el 7 de abril de 2020 su trabajo final, previo a la obtenci\u00f3n de la\nlicenciatura. <\/p>\n\n\n\n<p>Lo titul\u00f3 \u00abChumichasqui,&nbsp;42 a\u00f1os\ndespu\u00e9s\u00bb y lo propuso como un homenaje al grupo que justamente cumple en\neste 2020 su aniversario n\u00famero 42.&nbsp;&nbsp;\u201cEleg\u00ed esta agrupaci\u00f3n porque ha\npasado por varios procesos a lo largo de su trayectoria, tanto en lo pol\u00edtico\ncomo en lo social, y fue, adem\u00e1s, mi fuente de motivaci\u00f3n. Tuve sentimientos\nencontrados porque pertenec\u00ed al grupo 16 de los 32 a\u00f1os que tengo de vida\u201d,\nrefiere Israel Le\u00f3n.<\/p>\n\n\n\n<p>\u00bfCu\u00e1nto tiempo le tom\u00f3 desarrollar la tesis?\n\u201cCreo que los 16 a\u00f1os que pertenec\u00ed al grupo, ya que ve\u00eda en la perspectiva c\u00f3mo\niba trascendiendo de forma subjetiva y aunque no fue la idea principal de mi proyecto\nde tesis, cuando los profes me orientaron supe que esa visi\u00f3n subjetiva que\nhab\u00eda tenido por tanto tiempo encajar\u00eda perfectamente en mi tesis\u201d.&nbsp;&nbsp;&nbsp;<\/p>\n\n\n\n<p>Aunque la reprogramaci\u00f3n de su tesis era\npresencial, el estudiante dice que sustentar su trabajo v\u00eda online no alter\u00f3 en\nabsoluto su exposici\u00f3n porque est\u00e1 adaptado a esas circunstancias. \u201cLo \u00fanico\nque me dej\u00f3 inconforme fue la calidad de los audios que reproducen todos estos\nmedios digitales en formato conferencia, pero creo que la sensaci\u00f3n de este\nformato, compar\u00e1ndola con la predefensa, fue m\u00e1s suelta, no sent\u00ed tanto la\npresi\u00f3n\u201d.<\/p>\n\n\n\n<p>M\u00e1s que preguntas o dudas, Israel Le\u00f3n indica\nque recibi\u00f3 la felicitaci\u00f3n de los docentes; \u201cconcordaron en que hab\u00eda hecho un\nexcelente trabajo, pues hab\u00eda abarcado con todos los procesos de un productor\nprofesional, sobre todo el trabajo en equipo\u201d.<\/p>\n\n\n\n<p>Tras obtener licenciatura, el estudiante de la\nEAS se apunta a realizar una maestr\u00eda. \u201cTengo once a\u00f1os en el magisterio\necuatoriano y debo ya dar otro paso en mi carrera profesional y aspirar a una\ndocencia universitaria\u201d. Nada lo har\u00eda m\u00e1s feliz, anota, que pertenecer a la\nplanta de docentes de la Universidad de las Artes. \u201cCreo que ese ser\u00e1 mi\nsiguiente paso\u201d.&nbsp;<\/p>","protected":false},"excerpt":{"rendered":"<p>El estudiante de la Escuela de Artes Sonoras de la Universidad de las Artes defendi\u00f3 el 7 de abril de 2020 su trabajo final, previo a la obtenci\u00f3n de la licenciatura. <\/p>","protected":false},"author":1,"featured_media":6710,"comment_status":"closed","ping_status":"closed","sticky":false,"template":"","format":"standard","meta":{"_acf_changed":false,"_uag_custom_page_level_css":"","_monsterinsights_skip_tracking":false,"_monsterinsights_sitenote_active":false,"_monsterinsights_sitenote_note":"","_monsterinsights_sitenote_category":0,"cybocfi_hide_featured_image":"","footnotes":""},"categories":[80,150,76],"tags":[211],"infouartes":[],"class_list":["post-6713","post","type-post","status-publish","format-standard","has-post-thumbnail","hentry","category-academico","category-artes-sonoras","category-estudiantes","tag-covid19"],"acf":[],"yoast_head":"<!-- This site is optimized with the Yoast SEO plugin v27.4 - https:\/\/yoast.com\/product\/yoast-seo-wordpress\/ -->\n<title>Universidad de las Artes - &quot;Chumichasqui, 42 a\u00f1os despu\u00e9s&quot;, el proyecto de tesis de Israel Le\u00f3n Mendoza, estudiante de la EAS<\/title>\n<meta name=\"description\" content=\"Universidad de las Artes - &quot;Chumichasqui, 42 a\u00f1os despu\u00e9s&quot;, el proyecto de tesis de Israel Le\u00f3n Mendoza, estudiante de la EAS\" \/>\n<meta name=\"robots\" content=\"index, follow, max-snippet:-1, max-image-preview:large, max-video-preview:-1\" \/>\n<link rel=\"canonical\" href=\"https:\/\/www.uartes.edu.ec\/sitio\/en\/blog\/2020\/04\/15\/chumichasqui-42-anos-despues-el-proyecto-de-tesis-de-israel-leon-mendoza-estudiante-de-la-eas\/\" \/>\n<meta property=\"og:locale\" content=\"en_US\" \/>\n<meta property=\"og:type\" content=\"article\" \/>\n<meta property=\"og:title\" content=\"Universidad de las Artes - &quot;Chumichasqui, 42 a\u00f1os despu\u00e9s&quot;, el proyecto de tesis de Israel Le\u00f3n Mendoza, estudiante de la EAS\" \/>\n<meta property=\"og:description\" content=\"Universidad de las Artes - &quot;Chumichasqui, 42 a\u00f1os despu\u00e9s&quot;, el proyecto de tesis de Israel Le\u00f3n Mendoza, estudiante de la EAS\" \/>\n<meta property=\"og:url\" content=\"https:\/\/www.uartes.edu.ec\/sitio\/en\/blog\/2020\/04\/15\/chumichasqui-42-anos-despues-el-proyecto-de-tesis-de-israel-leon-mendoza-estudiante-de-la-eas\/\" \/>\n<meta property=\"og:site_name\" content=\"Universidad de las Artes\" \/>\n<meta property=\"article:publisher\" content=\"https:\/\/www.facebook.com\/uartesec\" \/>\n<meta property=\"article:published_time\" content=\"2020-04-16T01:47:00+00:00\" \/>\n<meta property=\"article:modified_time\" content=\"2024-07-04T16:48:11+00:00\" \/>\n<meta property=\"og:image\" content=\"https:\/\/www.uartes.edu.ec\/sitio\/wp-content\/uploads\/2020\/04\/ISRAEL-TESIS.jpg\" \/>\n\t<meta property=\"og:image:width\" content=\"1500\" \/>\n\t<meta property=\"og:image:height\" content=\"1000\" \/>\n\t<meta property=\"og:image:type\" content=\"image\/jpeg\" \/>\n<meta name=\"author\" content=\"Universidad de las Artes\" \/>\n<meta name=\"twitter:card\" content=\"summary_large_image\" \/>\n<meta name=\"twitter:creator\" content=\"@uartesec\" \/>\n<meta name=\"twitter:site\" content=\"@uartesec\" \/>\n<meta name=\"twitter:label1\" content=\"Written by\" \/>\n\t<meta name=\"twitter:data1\" content=\"Universidad de las Artes\" \/>\n\t<meta name=\"twitter:label2\" content=\"Est. reading time\" \/>\n\t<meta name=\"twitter:data2\" content=\"2 minutes\" \/>\n<script type=\"application\/ld+json\" class=\"yoast-schema-graph\">{\"@context\":\"https:\\\/\\\/schema.org\",\"@graph\":[{\"@type\":\"Article\",\"@id\":\"https:\\\/\\\/www.uartes.edu.ec\\\/sitio\\\/en\\\/blog\\\/2020\\\/04\\\/15\\\/chumichasqui-42-anos-despues-el-proyecto-de-tesis-de-israel-leon-mendoza-estudiante-de-la-eas\\\/#article\",\"isPartOf\":{\"@id\":\"https:\\\/\\\/www.uartes.edu.ec\\\/sitio\\\/en\\\/blog\\\/2020\\\/04\\\/15\\\/chumichasqui-42-anos-despues-el-proyecto-de-tesis-de-israel-leon-mendoza-estudiante-de-la-eas\\\/\"},\"author\":{\"name\":\"Universidad de las Artes\",\"@id\":\"https:\\\/\\\/www.uartes.edu.ec\\\/sitio\\\/en\\\/#\\\/schema\\\/person\\\/f33f8c1d2af0d5c80a38c8abf458184a\"},\"headline\":\"\u00abChumichasqui, 42 a\u00f1os despu\u00e9s\u00bb, el proyecto de tesis de Israel Le\u00f3n Mendoza, estudiante de la EAS\",\"datePublished\":\"2020-04-16T01:47:00+00:00\",\"dateModified\":\"2024-07-04T16:48:11+00:00\",\"mainEntityOfPage\":{\"@id\":\"https:\\\/\\\/www.uartes.edu.ec\\\/sitio\\\/en\\\/blog\\\/2020\\\/04\\\/15\\\/chumichasqui-42-anos-despues-el-proyecto-de-tesis-de-israel-leon-mendoza-estudiante-de-la-eas\\\/\"},\"wordCount\":455,\"publisher\":{\"@id\":\"https:\\\/\\\/www.uartes.edu.ec\\\/sitio\\\/en\\\/#organization\"},\"image\":{\"@id\":\"https:\\\/\\\/www.uartes.edu.ec\\\/sitio\\\/en\\\/blog\\\/2020\\\/04\\\/15\\\/chumichasqui-42-anos-despues-el-proyecto-de-tesis-de-israel-leon-mendoza-estudiante-de-la-eas\\\/#primaryimage\"},\"thumbnailUrl\":\"https:\\\/\\\/www.uartes.edu.ec\\\/sitio\\\/wp-content\\\/uploads\\\/2020\\\/04\\\/ISRAEL-TESIS.jpg\",\"keywords\":[\"covid19\"],\"articleSection\":[\"Acad\u00e9mico\",\"Artes Sonoras\",\"Estudiantes\"],\"inLanguage\":\"en-US\"},{\"@type\":[\"WebPage\",\"ItemPage\"],\"@id\":\"https:\\\/\\\/www.uartes.edu.ec\\\/sitio\\\/en\\\/blog\\\/2020\\\/04\\\/15\\\/chumichasqui-42-anos-despues-el-proyecto-de-tesis-de-israel-leon-mendoza-estudiante-de-la-eas\\\/\",\"url\":\"https:\\\/\\\/www.uartes.edu.ec\\\/sitio\\\/en\\\/blog\\\/2020\\\/04\\\/15\\\/chumichasqui-42-anos-despues-el-proyecto-de-tesis-de-israel-leon-mendoza-estudiante-de-la-eas\\\/\",\"name\":\"Universidad de las Artes - \\\"Chumichasqui, 42 a\u00f1os despu\u00e9s\\\", el proyecto de tesis de Israel Le\u00f3n Mendoza, estudiante de la EAS\",\"isPartOf\":{\"@id\":\"https:\\\/\\\/www.uartes.edu.ec\\\/sitio\\\/en\\\/#website\"},\"primaryImageOfPage\":{\"@id\":\"https:\\\/\\\/www.uartes.edu.ec\\\/sitio\\\/en\\\/blog\\\/2020\\\/04\\\/15\\\/chumichasqui-42-anos-despues-el-proyecto-de-tesis-de-israel-leon-mendoza-estudiante-de-la-eas\\\/#primaryimage\"},\"image\":{\"@id\":\"https:\\\/\\\/www.uartes.edu.ec\\\/sitio\\\/en\\\/blog\\\/2020\\\/04\\\/15\\\/chumichasqui-42-anos-despues-el-proyecto-de-tesis-de-israel-leon-mendoza-estudiante-de-la-eas\\\/#primaryimage\"},\"thumbnailUrl\":\"https:\\\/\\\/www.uartes.edu.ec\\\/sitio\\\/wp-content\\\/uploads\\\/2020\\\/04\\\/ISRAEL-TESIS.jpg\",\"datePublished\":\"2020-04-16T01:47:00+00:00\",\"dateModified\":\"2024-07-04T16:48:11+00:00\",\"description\":\"Universidad de las Artes - \\\"Chumichasqui, 42 a\u00f1os despu\u00e9s\\\", el proyecto de tesis de Israel Le\u00f3n Mendoza, estudiante de la EAS\",\"breadcrumb\":{\"@id\":\"https:\\\/\\\/www.uartes.edu.ec\\\/sitio\\\/en\\\/blog\\\/2020\\\/04\\\/15\\\/chumichasqui-42-anos-despues-el-proyecto-de-tesis-de-israel-leon-mendoza-estudiante-de-la-eas\\\/#breadcrumb\"},\"inLanguage\":\"en-US\",\"potentialAction\":[{\"@type\":\"ReadAction\",\"target\":[\"https:\\\/\\\/www.uartes.edu.ec\\\/sitio\\\/en\\\/blog\\\/2020\\\/04\\\/15\\\/chumichasqui-42-anos-despues-el-proyecto-de-tesis-de-israel-leon-mendoza-estudiante-de-la-eas\\\/\"]}]},{\"@type\":\"ImageObject\",\"inLanguage\":\"en-US\",\"@id\":\"https:\\\/\\\/www.uartes.edu.ec\\\/sitio\\\/en\\\/blog\\\/2020\\\/04\\\/15\\\/chumichasqui-42-anos-despues-el-proyecto-de-tesis-de-israel-leon-mendoza-estudiante-de-la-eas\\\/#primaryimage\",\"url\":\"https:\\\/\\\/www.uartes.edu.ec\\\/sitio\\\/wp-content\\\/uploads\\\/2020\\\/04\\\/ISRAEL-TESIS.jpg\",\"contentUrl\":\"https:\\\/\\\/www.uartes.edu.ec\\\/sitio\\\/wp-content\\\/uploads\\\/2020\\\/04\\\/ISRAEL-TESIS.jpg\",\"width\":1500,\"height\":1000},{\"@type\":\"BreadcrumbList\",\"@id\":\"https:\\\/\\\/www.uartes.edu.ec\\\/sitio\\\/en\\\/blog\\\/2020\\\/04\\\/15\\\/chumichasqui-42-anos-despues-el-proyecto-de-tesis-de-israel-leon-mendoza-estudiante-de-la-eas\\\/#breadcrumb\",\"itemListElement\":[{\"@type\":\"ListItem\",\"position\":1,\"name\":\"Inicio\",\"item\":\"https:\\\/\\\/www.uartes.edu.ec\\\/sitio\\\/\"},{\"@type\":\"ListItem\",\"position\":2,\"name\":\"\u00abChumichasqui, 42 a\u00f1os despu\u00e9s\u00bb, el proyecto de tesis de Israel Le\u00f3n Mendoza, estudiante de la EAS\"}]},{\"@type\":\"WebSite\",\"@id\":\"https:\\\/\\\/www.uartes.edu.ec\\\/sitio\\\/en\\\/#website\",\"url\":\"https:\\\/\\\/www.uartes.edu.ec\\\/sitio\\\/en\\\/\",\"name\":\"Universidad de las Artes\",\"description\":\"Sitio oficial de la Universidad Nacional de las Artes del Ecuador\",\"publisher\":{\"@id\":\"https:\\\/\\\/www.uartes.edu.ec\\\/sitio\\\/en\\\/#organization\"},\"potentialAction\":[{\"@type\":\"SearchAction\",\"target\":{\"@type\":\"EntryPoint\",\"urlTemplate\":\"https:\\\/\\\/www.uartes.edu.ec\\\/sitio\\\/en\\\/?s={search_term_string}\"},\"query-input\":{\"@type\":\"PropertyValueSpecification\",\"valueRequired\":true,\"valueName\":\"search_term_string\"}}],\"inLanguage\":\"en-US\"},{\"@type\":\"Organization\",\"@id\":\"https:\\\/\\\/www.uartes.edu.ec\\\/sitio\\\/en\\\/#organization\",\"name\":\"Universidad de las Artes\",\"url\":\"https:\\\/\\\/www.uartes.edu.ec\\\/sitio\\\/en\\\/\",\"logo\":{\"@type\":\"ImageObject\",\"inLanguage\":\"en-US\",\"@id\":\"https:\\\/\\\/www.uartes.edu.ec\\\/sitio\\\/en\\\/#\\\/schema\\\/logo\\\/image\\\/\",\"url\":\"https:\\\/\\\/www.uartes.edu.ec\\\/sitio\\\/wp-content\\\/uploads\\\/2022\\\/07\\\/logo-ua-horizontal.png\",\"contentUrl\":\"https:\\\/\\\/www.uartes.edu.ec\\\/sitio\\\/wp-content\\\/uploads\\\/2022\\\/07\\\/logo-ua-horizontal.png\",\"width\":800,\"height\":276,\"caption\":\"Universidad de las Artes\"},\"image\":{\"@id\":\"https:\\\/\\\/www.uartes.edu.ec\\\/sitio\\\/en\\\/#\\\/schema\\\/logo\\\/image\\\/\"},\"sameAs\":[\"https:\\\/\\\/www.facebook.com\\\/uartesec\",\"https:\\\/\\\/x.com\\\/uartesec\",\"https:\\\/\\\/www.tiktok.com\\\/@uartesec\"]},{\"@type\":\"Person\",\"@id\":\"https:\\\/\\\/www.uartes.edu.ec\\\/sitio\\\/en\\\/#\\\/schema\\\/person\\\/f33f8c1d2af0d5c80a38c8abf458184a\",\"name\":\"Universidad de las Artes\",\"image\":{\"@type\":\"ImageObject\",\"inLanguage\":\"en-US\",\"@id\":\"https:\\\/\\\/secure.gravatar.com\\\/avatar\\\/52e4757902f5cfa5ac52d020e5be83cae5487519154b6c35482fe08d589f3c13?s=96&d=mm&r=g\",\"url\":\"https:\\\/\\\/secure.gravatar.com\\\/avatar\\\/52e4757902f5cfa5ac52d020e5be83cae5487519154b6c35482fe08d589f3c13?s=96&d=mm&r=g\",\"contentUrl\":\"https:\\\/\\\/secure.gravatar.com\\\/avatar\\\/52e4757902f5cfa5ac52d020e5be83cae5487519154b6c35482fe08d589f3c13?s=96&d=mm&r=g\",\"caption\":\"Universidad de las Artes\"},\"url\":\"https:\\\/\\\/www.uartes.edu.ec\\\/sitio\\\/en\\\/blog\\\/author\\\/dircomadm\\\/\"}]}<\/script>\n<!-- \/ Yoast SEO plugin. -->","yoast_head_json":{"title":"Universidad de las Artes - \"Chumichasqui, 42 a\u00f1os despu\u00e9s\", el proyecto de tesis de Israel Le\u00f3n Mendoza, estudiante de la EAS","description":"Universidad de las Artes - \"Chumichasqui, 42 a\u00f1os despu\u00e9s\", el proyecto de tesis de Israel Le\u00f3n Mendoza, estudiante de la EAS","robots":{"index":"index","follow":"follow","max-snippet":"max-snippet:-1","max-image-preview":"max-image-preview:large","max-video-preview":"max-video-preview:-1"},"canonical":"https:\/\/www.uartes.edu.ec\/sitio\/en\/blog\/2020\/04\/15\/chumichasqui-42-anos-despues-el-proyecto-de-tesis-de-israel-leon-mendoza-estudiante-de-la-eas\/","og_locale":"en_US","og_type":"article","og_title":"Universidad de las Artes - \"Chumichasqui, 42 a\u00f1os despu\u00e9s\", el proyecto de tesis de Israel Le\u00f3n Mendoza, estudiante de la EAS","og_description":"Universidad de las Artes - \"Chumichasqui, 42 a\u00f1os despu\u00e9s\", el proyecto de tesis de Israel Le\u00f3n Mendoza, estudiante de la EAS","og_url":"https:\/\/www.uartes.edu.ec\/sitio\/en\/blog\/2020\/04\/15\/chumichasqui-42-anos-despues-el-proyecto-de-tesis-de-israel-leon-mendoza-estudiante-de-la-eas\/","og_site_name":"Universidad de las Artes","article_publisher":"https:\/\/www.facebook.com\/uartesec","article_published_time":"2020-04-16T01:47:00+00:00","article_modified_time":"2024-07-04T16:48:11+00:00","og_image":[{"width":1500,"height":1000,"url":"https:\/\/www.uartes.edu.ec\/sitio\/wp-content\/uploads\/2020\/04\/ISRAEL-TESIS.jpg","type":"image\/jpeg"}],"author":"Universidad de las Artes","twitter_card":"summary_large_image","twitter_creator":"@uartesec","twitter_site":"@uartesec","twitter_misc":{"Written by":"Universidad de las Artes","Est. reading time":"2 minutes"},"schema":{"@context":"https:\/\/schema.org","@graph":[{"@type":"Article","@id":"https:\/\/www.uartes.edu.ec\/sitio\/en\/blog\/2020\/04\/15\/chumichasqui-42-anos-despues-el-proyecto-de-tesis-de-israel-leon-mendoza-estudiante-de-la-eas\/#article","isPartOf":{"@id":"https:\/\/www.uartes.edu.ec\/sitio\/en\/blog\/2020\/04\/15\/chumichasqui-42-anos-despues-el-proyecto-de-tesis-de-israel-leon-mendoza-estudiante-de-la-eas\/"},"author":{"name":"Universidad de las Artes","@id":"https:\/\/www.uartes.edu.ec\/sitio\/en\/#\/schema\/person\/f33f8c1d2af0d5c80a38c8abf458184a"},"headline":"\u00abChumichasqui, 42 a\u00f1os despu\u00e9s\u00bb, el proyecto de tesis de Israel Le\u00f3n Mendoza, estudiante de la EAS","datePublished":"2020-04-16T01:47:00+00:00","dateModified":"2024-07-04T16:48:11+00:00","mainEntityOfPage":{"@id":"https:\/\/www.uartes.edu.ec\/sitio\/en\/blog\/2020\/04\/15\/chumichasqui-42-anos-despues-el-proyecto-de-tesis-de-israel-leon-mendoza-estudiante-de-la-eas\/"},"wordCount":455,"publisher":{"@id":"https:\/\/www.uartes.edu.ec\/sitio\/en\/#organization"},"image":{"@id":"https:\/\/www.uartes.edu.ec\/sitio\/en\/blog\/2020\/04\/15\/chumichasqui-42-anos-despues-el-proyecto-de-tesis-de-israel-leon-mendoza-estudiante-de-la-eas\/#primaryimage"},"thumbnailUrl":"https:\/\/www.uartes.edu.ec\/sitio\/wp-content\/uploads\/2020\/04\/ISRAEL-TESIS.jpg","keywords":["covid19"],"articleSection":["Acad\u00e9mico","Artes Sonoras","Estudiantes"],"inLanguage":"en-US"},{"@type":["WebPage","ItemPage"],"@id":"https:\/\/www.uartes.edu.ec\/sitio\/en\/blog\/2020\/04\/15\/chumichasqui-42-anos-despues-el-proyecto-de-tesis-de-israel-leon-mendoza-estudiante-de-la-eas\/","url":"https:\/\/www.uartes.edu.ec\/sitio\/en\/blog\/2020\/04\/15\/chumichasqui-42-anos-despues-el-proyecto-de-tesis-de-israel-leon-mendoza-estudiante-de-la-eas\/","name":"Universidad de las Artes - \"Chumichasqui, 42 a\u00f1os despu\u00e9s\", el proyecto de tesis de Israel Le\u00f3n Mendoza, estudiante de la EAS","isPartOf":{"@id":"https:\/\/www.uartes.edu.ec\/sitio\/en\/#website"},"primaryImageOfPage":{"@id":"https:\/\/www.uartes.edu.ec\/sitio\/en\/blog\/2020\/04\/15\/chumichasqui-42-anos-despues-el-proyecto-de-tesis-de-israel-leon-mendoza-estudiante-de-la-eas\/#primaryimage"},"image":{"@id":"https:\/\/www.uartes.edu.ec\/sitio\/en\/blog\/2020\/04\/15\/chumichasqui-42-anos-despues-el-proyecto-de-tesis-de-israel-leon-mendoza-estudiante-de-la-eas\/#primaryimage"},"thumbnailUrl":"https:\/\/www.uartes.edu.ec\/sitio\/wp-content\/uploads\/2020\/04\/ISRAEL-TESIS.jpg","datePublished":"2020-04-16T01:47:00+00:00","dateModified":"2024-07-04T16:48:11+00:00","description":"Universidad de las Artes - \"Chumichasqui, 42 a\u00f1os despu\u00e9s\", el proyecto de tesis de Israel Le\u00f3n Mendoza, estudiante de la EAS","breadcrumb":{"@id":"https:\/\/www.uartes.edu.ec\/sitio\/en\/blog\/2020\/04\/15\/chumichasqui-42-anos-despues-el-proyecto-de-tesis-de-israel-leon-mendoza-estudiante-de-la-eas\/#breadcrumb"},"inLanguage":"en-US","potentialAction":[{"@type":"ReadAction","target":["https:\/\/www.uartes.edu.ec\/sitio\/en\/blog\/2020\/04\/15\/chumichasqui-42-anos-despues-el-proyecto-de-tesis-de-israel-leon-mendoza-estudiante-de-la-eas\/"]}]},{"@type":"ImageObject","inLanguage":"en-US","@id":"https:\/\/www.uartes.edu.ec\/sitio\/en\/blog\/2020\/04\/15\/chumichasqui-42-anos-despues-el-proyecto-de-tesis-de-israel-leon-mendoza-estudiante-de-la-eas\/#primaryimage","url":"https:\/\/www.uartes.edu.ec\/sitio\/wp-content\/uploads\/2020\/04\/ISRAEL-TESIS.jpg","contentUrl":"https:\/\/www.uartes.edu.ec\/sitio\/wp-content\/uploads\/2020\/04\/ISRAEL-TESIS.jpg","width":1500,"height":1000},{"@type":"BreadcrumbList","@id":"https:\/\/www.uartes.edu.ec\/sitio\/en\/blog\/2020\/04\/15\/chumichasqui-42-anos-despues-el-proyecto-de-tesis-de-israel-leon-mendoza-estudiante-de-la-eas\/#breadcrumb","itemListElement":[{"@type":"ListItem","position":1,"name":"Inicio","item":"https:\/\/www.uartes.edu.ec\/sitio\/"},{"@type":"ListItem","position":2,"name":"\u00abChumichasqui, 42 a\u00f1os despu\u00e9s\u00bb, el proyecto de tesis de Israel Le\u00f3n Mendoza, estudiante de la EAS"}]},{"@type":"WebSite","@id":"https:\/\/www.uartes.edu.ec\/sitio\/en\/#website","url":"https:\/\/www.uartes.edu.ec\/sitio\/en\/","name":"Universidad de las Artes","description":"Sitio oficial de la Universidad Nacional de las Artes del Ecuador","publisher":{"@id":"https:\/\/www.uartes.edu.ec\/sitio\/en\/#organization"},"potentialAction":[{"@type":"SearchAction","target":{"@type":"EntryPoint","urlTemplate":"https:\/\/www.uartes.edu.ec\/sitio\/en\/?s={search_term_string}"},"query-input":{"@type":"PropertyValueSpecification","valueRequired":true,"valueName":"search_term_string"}}],"inLanguage":"en-US"},{"@type":"Organization","@id":"https:\/\/www.uartes.edu.ec\/sitio\/en\/#organization","name":"Universidad de las Artes","url":"https:\/\/www.uartes.edu.ec\/sitio\/en\/","logo":{"@type":"ImageObject","inLanguage":"en-US","@id":"https:\/\/www.uartes.edu.ec\/sitio\/en\/#\/schema\/logo\/image\/","url":"https:\/\/www.uartes.edu.ec\/sitio\/wp-content\/uploads\/2022\/07\/logo-ua-horizontal.png","contentUrl":"https:\/\/www.uartes.edu.ec\/sitio\/wp-content\/uploads\/2022\/07\/logo-ua-horizontal.png","width":800,"height":276,"caption":"Universidad de las Artes"},"image":{"@id":"https:\/\/www.uartes.edu.ec\/sitio\/en\/#\/schema\/logo\/image\/"},"sameAs":["https:\/\/www.facebook.com\/uartesec","https:\/\/x.com\/uartesec","https:\/\/www.tiktok.com\/@uartesec"]},{"@type":"Person","@id":"https:\/\/www.uartes.edu.ec\/sitio\/en\/#\/schema\/person\/f33f8c1d2af0d5c80a38c8abf458184a","name":"Universidad de las Artes","image":{"@type":"ImageObject","inLanguage":"en-US","@id":"https:\/\/secure.gravatar.com\/avatar\/52e4757902f5cfa5ac52d020e5be83cae5487519154b6c35482fe08d589f3c13?s=96&d=mm&r=g","url":"https:\/\/secure.gravatar.com\/avatar\/52e4757902f5cfa5ac52d020e5be83cae5487519154b6c35482fe08d589f3c13?s=96&d=mm&r=g","contentUrl":"https:\/\/secure.gravatar.com\/avatar\/52e4757902f5cfa5ac52d020e5be83cae5487519154b6c35482fe08d589f3c13?s=96&d=mm&r=g","caption":"Universidad de las Artes"},"url":"https:\/\/www.uartes.edu.ec\/sitio\/en\/blog\/author\/dircomadm\/"}]}},"uagb_featured_image_src":{"full":["https:\/\/www.uartes.edu.ec\/sitio\/wp-content\/uploads\/2020\/04\/ISRAEL-TESIS.jpg",1500,1000,false],"thumbnail":["https:\/\/www.uartes.edu.ec\/sitio\/wp-content\/uploads\/2020\/04\/ISRAEL-TESIS-150x150.jpg",150,150,true],"medium":["https:\/\/www.uartes.edu.ec\/sitio\/wp-content\/uploads\/2020\/04\/ISRAEL-TESIS-300x200.jpg",300,200,true],"medium_large":["https:\/\/www.uartes.edu.ec\/sitio\/wp-content\/uploads\/2020\/04\/ISRAEL-TESIS-768x512.jpg",768,512,true],"large":["https:\/\/www.uartes.edu.ec\/sitio\/wp-content\/uploads\/2020\/04\/ISRAEL-TESIS-644x429.jpg",644,429,true],"1536x1536":["https:\/\/www.uartes.edu.ec\/sitio\/wp-content\/uploads\/2020\/04\/ISRAEL-TESIS.jpg",1500,1000,false],"2048x2048":["https:\/\/www.uartes.edu.ec\/sitio\/wp-content\/uploads\/2020\/04\/ISRAEL-TESIS.jpg",1500,1000,false],"trp-custom-language-flag":["https:\/\/www.uartes.edu.ec\/sitio\/wp-content\/uploads\/2020\/04\/ISRAEL-TESIS.jpg",18,12,false],"htmega_size_585x295":["https:\/\/www.uartes.edu.ec\/sitio\/wp-content\/uploads\/2020\/04\/ISRAEL-TESIS.jpg",443,295,false],"htmega_size_1170x536":["https:\/\/www.uartes.edu.ec\/sitio\/wp-content\/uploads\/2020\/04\/ISRAEL-TESIS.jpg",804,536,false],"htmega_size_396x360":["https:\/\/www.uartes.edu.ec\/sitio\/wp-content\/uploads\/2020\/04\/ISRAEL-TESIS.jpg",396,264,false],"gb-block-post-grid-landscape":["https:\/\/www.uartes.edu.ec\/sitio\/wp-content\/uploads\/2020\/04\/ISRAEL-TESIS.jpg",600,400,false],"gb-block-post-grid-square":["https:\/\/www.uartes.edu.ec\/sitio\/wp-content\/uploads\/2020\/04\/ISRAEL-TESIS.jpg",600,400,false],"university-hub-thumb":["https:\/\/www.uartes.edu.ec\/sitio\/wp-content\/uploads\/2020\/04\/ISRAEL-TESIS-400x267.jpg",400,267,true]},"uagb_author_info":{"display_name":"Universidad de las Artes","author_link":"https:\/\/www.uartes.edu.ec\/sitio\/en\/blog\/author\/dircomadm\/"},"uagb_comment_info":0,"uagb_excerpt":"El estudiante de la Escuela de Artes Sonoras de la Universidad de las Artes defendi\u00f3 el 7 de abril de 2020 su trabajo final, previo a la obtenci\u00f3n de la licenciatura.","featured_image_src":"https:\/\/www.uartes.edu.ec\/sitio\/wp-content\/uploads\/2020\/04\/ISRAEL-TESIS.jpg","featured_image_src_square":"https:\/\/www.uartes.edu.ec\/sitio\/wp-content\/uploads\/2020\/04\/ISRAEL-TESIS.jpg","author_info":{"display_name":"Universidad de las Artes","author_link":"https:\/\/www.uartes.edu.ec\/sitio\/en\/blog\/author\/dircomadm\/"},"publishpress_future_workflow_manual_trigger":{"enabledWorkflows":[]},"distributor_meta":false,"distributor_terms":false,"distributor_media":false,"distributor_original_site_name":"Universidad de las Artes","distributor_original_site_url":"https:\/\/www.uartes.edu.ec\/sitio\/en","push-errors":false,"_links":{"self":[{"href":"https:\/\/www.uartes.edu.ec\/sitio\/en\/wp-json\/wp\/v2\/posts\/6713","targetHints":{"allow":["GET"]}}],"collection":[{"href":"https:\/\/www.uartes.edu.ec\/sitio\/en\/wp-json\/wp\/v2\/posts"}],"about":[{"href":"https:\/\/www.uartes.edu.ec\/sitio\/en\/wp-json\/wp\/v2\/types\/post"}],"author":[{"embeddable":true,"href":"https:\/\/www.uartes.edu.ec\/sitio\/en\/wp-json\/wp\/v2\/users\/1"}],"replies":[{"embeddable":true,"href":"https:\/\/www.uartes.edu.ec\/sitio\/en\/wp-json\/wp\/v2\/comments?post=6713"}],"version-history":[{"count":1,"href":"https:\/\/www.uartes.edu.ec\/sitio\/en\/wp-json\/wp\/v2\/posts\/6713\/revisions"}],"predecessor-version":[{"id":6714,"href":"https:\/\/www.uartes.edu.ec\/sitio\/en\/wp-json\/wp\/v2\/posts\/6713\/revisions\/6714"}],"wp:featuredmedia":[{"embeddable":true,"href":"https:\/\/www.uartes.edu.ec\/sitio\/en\/wp-json\/wp\/v2\/media\/6710"}],"wp:attachment":[{"href":"https:\/\/www.uartes.edu.ec\/sitio\/en\/wp-json\/wp\/v2\/media?parent=6713"}],"wp:term":[{"taxonomy":"category","embeddable":true,"href":"https:\/\/www.uartes.edu.ec\/sitio\/en\/wp-json\/wp\/v2\/categories?post=6713"},{"taxonomy":"post_tag","embeddable":true,"href":"https:\/\/www.uartes.edu.ec\/sitio\/en\/wp-json\/wp\/v2\/tags?post=6713"},{"taxonomy":"infouartes","embeddable":true,"href":"https:\/\/www.uartes.edu.ec\/sitio\/en\/wp-json\/wp\/v2\/infouartes?post=6713"}],"curies":[{"name":"wp","href":"https:\/\/api.w.org\/{rel}","templated":true}]}}