{"id":67223,"date":"2025-01-13T17:33:06","date_gmt":"2025-01-13T22:33:06","guid":{"rendered":"https:\/\/www.uartes.edu.ec\/sitio\/?p=67223"},"modified":"2025-01-13T17:42:51","modified_gmt":"2025-01-13T22:42:51","slug":"solo-de-dibujo-y-solo-de-pintura-en-la-ccng-en-muestras-intervienen-estudiantes-del-artista-y-docente-joaquin-serrano","status":"publish","type":"post","link":"https:\/\/www.uartes.edu.ec\/sitio\/en\/blog\/2025\/01\/13\/solo-de-dibujo-y-solo-de-pintura-en-la-ccng-en-muestras-intervienen-estudiantes-del-artista-y-docente-joaquin-serrano\/","title":{"rendered":"\u201cSolo de Dibujo\u201d y \u201cSolo de Pintura\u201d en la CCNG; en muestras intervienen estudiantes del artista y docente Joaqu\u00edn Serrano"},"content":{"rendered":"<p>Con la curadur\u00eda de Arianna Aragundy Cornejo, estudiante de la Escuela de Artes Visuales de la Universidad de las Artes, ma\u00f1ana, martes 14 de enero de 2025, se inauguran en la Casa de la Cultura N\u00facleo del Guayas (CCNG) las exposiciones colectivas \u201cSolo de Dibujo\u201d \u2013en la sala Araceli Gilbert\u2013 y \u201cSolo de Pintura\u201d \u2013en la sala Juan Villafuerte\u2013.<\/p>\n\n\n\n<p>Aragundy es investigadora, miembro y coordinadora creativa de JLA S.A.S. y parte del itinerario de curadur\u00eda que oferta nuestra escuela, anota el artista y docente UArtes Joaqu\u00edn Serrano, destacando que el prop\u00f3sito de las muestras es presentar la continuidad del trabajo realizado desde 2017.<\/p>\n\n\n\n<p>Y es que tanto en \u201cSolo de Dibujo\u201d como en \u201cSolo de Pintura\u201d participan con sus obras estudiantes de la Escuela de Artes Visuales. La primera, agrega Serrano, es una selecci\u00f3n expositiva que presenta las improntas del proceso formativo regular e investigativo desde las c\u00e1tedras de Dibujo que dicta bajo un estricto seguimiento, a fin de obtener un producto museable.<\/p>\n\n\n\n<p>Toma al dibujo como base para la presentaci\u00f3n de obras en peque\u00f1o y mediano formato de una nueva generaci\u00f3n de creadores, subraya. De igual manera, en el 2022 se present\u00f3 el primer \u201cSolo de Pintura\u201d como parte del relacionamiento interinstitucional con la Casa de la Cultura N\u00facleo del Guayas. Hoy ambas propuestas expositivas son curatoriadas por Aragundy, quien en la Escuela de Artes Visuales UArtes cursa el itinerario de Curadur\u00eda.&nbsp;<\/p>\n\n\n\n<p>\u201cEste resultado propone acciones paralelas a nuestro programa \u2018Bit\u00e1cora\u2019 y act\u00faa como un puente para la creaci\u00f3n de experiencia profesional en el campo cultural para nuestros estudiantes\u201d, refiere Serrano, detallando, adem\u00e1s, que el trabajo a presentar ha sido dise\u00f1ado desde y para los estudiantes UArtes.<\/p>\n\n\n\n<p>En \u201cSolo de Dibujo\u201d exponen Freddy Calder\u00f3n, Ashley Borja, Gregory Ochoa, Marian Baquerizo, James Pesantes, Lilia Zapata, Antonella Cruz, Miguel Mora, Wilson V\u00e9lez, Nahin Vargas, Cindy Parra, Alan Cobe\u00f1a y Vladimir Jim\u00e9nez.<\/p>\n\n\n\n<p>En el texto curatorial de esta muestra, Aragundy se\u00f1ala: Solo de Dibujo 2025 es una exposici\u00f3n que invita a mirar el dibujo m\u00e1s all\u00e1 de su dimensi\u00f3n t\u00e9cnica o acad\u00e9mica. En esta edici\u00f3n, los estudiantes de la Escuela de Artes Visuales de la UArtes, guiados por la c\u00e1tedra del artista Joaqu\u00edn Serrano, presentan trabajos que reflexionan sobre el dibujo como un espejo cr\u00edtico de la sociedad y un veh\u00edculo para interpretar su entorno.<\/p>\n\n\n\n<p>Anota Aragundy que el dibujo, en este contexto, no es solo un medio visual, sino un acto de memoria y resistencia. Cada l\u00ednea traza historias del lugar y el momento en que surge, reflejando las complejidades de un mundo en constante cambio. Frente a la homogenizaci\u00f3n cultural y la saturaci\u00f3n de im\u00e1genes, el dibujo se convierte en un acto de pausa, un espacio para repensar los signos que construyen nuestra identidad.<\/p>\n\n\n<div class=\"wp-block-image\">\n<figure class=\"aligncenter size-large\"><img fetchpriority=\"high\" decoding=\"async\" width=\"644\" height=\"483\" src=\"https:\/\/www.uartes.edu.ec\/sitio\/wp-content\/uploads\/2025\/01\/Solo1-de-pintura-644x483.jpg\" alt=\"\" class=\"wp-image-67225\" srcset=\"https:\/\/www.uartes.edu.ec\/sitio\/wp-content\/uploads\/2025\/01\/Solo1-de-pintura-644x483.jpg 644w, https:\/\/www.uartes.edu.ec\/sitio\/wp-content\/uploads\/2025\/01\/Solo1-de-pintura-300x225.jpg 300w, https:\/\/www.uartes.edu.ec\/sitio\/wp-content\/uploads\/2025\/01\/Solo1-de-pintura-768x576.jpg 768w, https:\/\/www.uartes.edu.ec\/sitio\/wp-content\/uploads\/2025\/01\/Solo1-de-pintura-1536x1152.jpg 1536w, https:\/\/www.uartes.edu.ec\/sitio\/wp-content\/uploads\/2025\/01\/Solo1-de-pintura-16x12.jpg 16w, https:\/\/www.uartes.edu.ec\/sitio\/wp-content\/uploads\/2025\/01\/Solo1-de-pintura-400x300.jpg 400w, https:\/\/www.uartes.edu.ec\/sitio\/wp-content\/uploads\/2025\/01\/Solo1-de-pintura.jpg 2000w\" sizes=\"(max-width: 644px) 100vw, 644px\" \/><\/figure>\n<\/div>\n\n\n<p>\u201cSolo de Dibujo 2025 es tambi\u00e9n un reconocimiento al potencial del dibujo como herramienta de cambio. En tiempos de crisis, el arte se fortalece y encuentra nuevas formas de dar visibilidad a lo invisible, de resignificar lo cotidiano y de construir puentes hacia la colectividad. El prop\u00f3sito museol\u00f3gico de esta exposici\u00f3n radica en destacar el valor del dibujo como un medio vivo, capaz de dialogar con la tradici\u00f3n y al mismo tiempo reinventarse a trav\u00e9s de las perspectivas de las nuevas generaciones. Estas obras, en su aparente sencillez, nos recuerdan que el trazo es mucho m\u00e1s que una l\u00ednea: es una declaraci\u00f3n, una invitaci\u00f3n a mirar con otros ojos\u201d, expresa Aragundy.<\/p>\n\n\n\n<h3 class=\"wp-block-heading\">Signos urbanos en \u00abSolo de Pintura\u00bb<\/h3>\n\n\n\n<p>En \u201cSolo de Pintura\u201d, que al igual que \u201cSolo de Dibujo\u201d se mantendr\u00e1 expuesta hasta el 31 de enero pr\u00f3ximo, intervienen: Gregory Ochoa, Adri\u00e1n Figueroa. V\u00edctor Solano R, Hugo Lainez, Silvia Vera, Lino Holgu\u00edn, Ashely Borja, M\u00f3nica Lara, Carlos Ayala, V\u00edctor Rosero, Nicole Vargas, Alexis Reinoso, Eduardo Jurado, Isaac Zambrano, James Pesantes, Paola Montesdeoca, Sandra Mendoza, Xiomara M\u00e1rquez, Vanesa Rodr\u00edguez, Katherine Marmolejo, Juliana Moncada, &nbsp;Wladimir Jim\u00e9nez, Lizbeth Molina y Sheyla Salazar.<\/p>\n\n\n\n<p>De su contenido, Aragundy indica que \u201cSolo de Pintura\u201d centra su mirada \u201cen los signos urbanos que defienden nuestra ciudad y nuestra cultura bajo la gu\u00eda del artista Joaqu\u00edn Serrano y a trav\u00e9s de los trabajos pict\u00f3ricos de los estudiantes de la Escuela de Artes Visuales\u201d.<\/p>\n\n\n\n<p>\u201cLejos de la representaci\u00f3n exacta y est\u00e1tica de lo urbano como una postal, esta exposici\u00f3n propone una aproximaci\u00f3n que reconoce los elementos din\u00e1micos y cambiantes de nuestra ciudad. Los signos urbanos no solo son estructuras f\u00edsicas; son fragmentos de una narrativa colectiva, ecos de experiencias compartidas y reflejos de identidades en constante construcci\u00f3n\u201d.<\/p>\n\n\n\n<p>\u201cSolo de Pintura\u201d no solo busca difundir el trabajo de j\u00f3venes artistas con formaci\u00f3n acad\u00e9mica y valores emergentes, sino tambi\u00e9n provocar una reflexi\u00f3n sobre c\u00f3mo el arte puede interpretar y resignificar nuestra cotidianidad. \u201cLas obras aqu\u00ed presentadas no se limitan a documentar lo que vemos, sino que nos invitan a cuestionar lo que significa habitar, observar y ser parte de un entorno urbano en transformaci\u00f3n. El paisaje urbano deja de ser un tel\u00f3n de fondo para convertirse en el protagonista de un di\u00e1logo entre la tradici\u00f3n art\u00edstica y las expresiones contempor\u00e1neas, abrazando la identidad guayaquile\u00f1a en toda su complejidad\u201d.<\/p>\n\n\n\n<p>Junto con Arianna Aragundy, el equipo de producci\u00f3n de la muestra lo integran Katherine Marmolejo y M\u00f3nica Lara, en la log\u00edstica, y Adri\u00e1n Figueroa, en el dise\u00f1o.<\/p>\n\n\n\n<p>Adem\u00e1s de la direcci\u00f3n general de las propuestas expositivas, Joaqu\u00edn Serrano intervino en la museograf\u00eda y el montaje junto con el maestro Hern\u00e1n Z\u00fa\u00f1iga y Ciro Garc\u00eda.<\/p>\n\n\n\n<p>Fotos: tomadas de los d\u00edpticos de ambas muestras.<\/p>","protected":false},"excerpt":{"rendered":"<p>Con la curadur\u00eda de Arianna Aragundy, estudiante de la Escuela de Artes Visuales de la UArtes, ma\u00f1ana, martes 14 de enero de 2025, se inauguran en la Casa de la Cultura N\u00facleo del Guayas (CCNG) las exposiciones \u201cSolo de Dibujo\u201d (sala Araceli Gilbert) y \u201cSolo de Pintura\u201d (sala Juan Villafuerte). En ambas intervienen con sus trabajos alumnos del maestro Joaqu\u00edn Serrano, como resultado de un proceso formativo e investigativo.  <\/p>","protected":false},"author":10,"featured_media":67255,"comment_status":"open","ping_status":"open","sticky":false,"template":"","format":"standard","meta":{"_acf_changed":false,"_uag_custom_page_level_css":"","_monsterinsights_skip_tracking":false,"_monsterinsights_sitenote_active":false,"_monsterinsights_sitenote_note":"","_monsterinsights_sitenote_category":0,"cybocfi_hide_featured_image":"","footnotes":""},"categories":[80,82,157,75,76,284,79],"tags":[517],"infouartes":[],"class_list":["post-67223","post","type-post","status-publish","format-standard","has-post-thumbnail","hentry","category-academico","category-artes","category-artes-visuales","category-docentes","category-estudiantes","category-investigacion","category-vinculo","tag-exposicion"],"acf":[],"yoast_head":"<!-- This site is optimized with the Yoast SEO plugin v27.4 - https:\/\/yoast.com\/product\/yoast-seo-wordpress\/ -->\n<title>Universidad de las Artes - \u201cSolo de Dibujo\u201d y \u201cSolo de Pintura\u201d en la CCNG; en muestras intervienen estudiantes del artista y docente Joaqu\u00edn Serrano<\/title>\n<meta name=\"description\" content=\"Universidad de las Artes - \u201cSolo de Dibujo\u201d y \u201cSolo de Pintura\u201d en la CCNG; en muestras intervienen estudiantes del artista y docente Joaqu\u00edn Serrano\" \/>\n<meta name=\"robots\" content=\"index, follow, max-snippet:-1, max-image-preview:large, max-video-preview:-1\" \/>\n<link rel=\"canonical\" href=\"https:\/\/www.uartes.edu.ec\/sitio\/en\/blog\/2025\/01\/13\/solo-de-dibujo-y-solo-de-pintura-en-la-ccng-en-muestras-intervienen-estudiantes-del-artista-y-docente-joaquin-serrano\/\" \/>\n<meta property=\"og:locale\" content=\"en_US\" \/>\n<meta property=\"og:type\" content=\"article\" \/>\n<meta property=\"og:title\" content=\"Universidad de las Artes - \u201cSolo de Dibujo\u201d y \u201cSolo de Pintura\u201d en la CCNG; en muestras intervienen estudiantes del artista y docente Joaqu\u00edn Serrano\" \/>\n<meta property=\"og:description\" content=\"Universidad de las Artes - \u201cSolo de Dibujo\u201d y \u201cSolo de Pintura\u201d en la CCNG; en muestras intervienen estudiantes del artista y docente Joaqu\u00edn Serrano\" \/>\n<meta property=\"og:url\" content=\"https:\/\/www.uartes.edu.ec\/sitio\/en\/blog\/2025\/01\/13\/solo-de-dibujo-y-solo-de-pintura-en-la-ccng-en-muestras-intervienen-estudiantes-del-artista-y-docente-joaquin-serrano\/\" \/>\n<meta property=\"og:site_name\" content=\"Universidad de las Artes\" \/>\n<meta property=\"article:publisher\" content=\"https:\/\/www.facebook.com\/uartesec\" \/>\n<meta property=\"article:published_time\" content=\"2025-01-13T22:33:06+00:00\" \/>\n<meta property=\"article:modified_time\" content=\"2025-01-13T22:42:51+00:00\" \/>\n<meta property=\"og:image\" content=\"https:\/\/www.uartes.edu.ec\/sitio\/wp-content\/uploads\/2025\/01\/01-SOLO-DE-DIBUJO-2025.jpg\" \/>\n\t<meta property=\"og:image:width\" content=\"2000\" \/>\n\t<meta property=\"og:image:height\" content=\"1333\" \/>\n\t<meta property=\"og:image:type\" content=\"image\/jpeg\" \/>\n<meta name=\"author\" content=\"ccortez\" \/>\n<meta name=\"twitter:card\" content=\"summary_large_image\" \/>\n<meta name=\"twitter:creator\" content=\"@uartesec\" \/>\n<meta name=\"twitter:site\" content=\"@uartesec\" \/>\n<meta name=\"twitter:label1\" content=\"Written by\" \/>\n\t<meta name=\"twitter:data1\" content=\"ccortez\" \/>\n\t<meta name=\"twitter:label2\" content=\"Est. reading time\" \/>\n\t<meta name=\"twitter:data2\" content=\"5 minutes\" \/>\n<script type=\"application\/ld+json\" class=\"yoast-schema-graph\">{\"@context\":\"https:\\\/\\\/schema.org\",\"@graph\":[{\"@type\":\"Article\",\"@id\":\"https:\\\/\\\/www.uartes.edu.ec\\\/sitio\\\/en\\\/blog\\\/2025\\\/01\\\/13\\\/solo-de-dibujo-y-solo-de-pintura-en-la-ccng-en-muestras-intervienen-estudiantes-del-artista-y-docente-joaquin-serrano\\\/#article\",\"isPartOf\":{\"@id\":\"https:\\\/\\\/www.uartes.edu.ec\\\/sitio\\\/en\\\/blog\\\/2025\\\/01\\\/13\\\/solo-de-dibujo-y-solo-de-pintura-en-la-ccng-en-muestras-intervienen-estudiantes-del-artista-y-docente-joaquin-serrano\\\/\"},\"author\":{\"name\":\"ccortez\",\"@id\":\"https:\\\/\\\/www.uartes.edu.ec\\\/sitio\\\/en\\\/#\\\/schema\\\/person\\\/efa1b8275797664fd7f13a79ccc0b1f4\"},\"headline\":\"\u201cSolo de Dibujo\u201d y \u201cSolo de Pintura\u201d en la CCNG; en muestras intervienen estudiantes del artista y docente Joaqu\u00edn Serrano\",\"datePublished\":\"2025-01-13T22:33:06+00:00\",\"dateModified\":\"2025-01-13T22:42:51+00:00\",\"mainEntityOfPage\":{\"@id\":\"https:\\\/\\\/www.uartes.edu.ec\\\/sitio\\\/en\\\/blog\\\/2025\\\/01\\\/13\\\/solo-de-dibujo-y-solo-de-pintura-en-la-ccng-en-muestras-intervienen-estudiantes-del-artista-y-docente-joaquin-serrano\\\/\"},\"wordCount\":1013,\"commentCount\":0,\"publisher\":{\"@id\":\"https:\\\/\\\/www.uartes.edu.ec\\\/sitio\\\/en\\\/#organization\"},\"image\":{\"@id\":\"https:\\\/\\\/www.uartes.edu.ec\\\/sitio\\\/en\\\/blog\\\/2025\\\/01\\\/13\\\/solo-de-dibujo-y-solo-de-pintura-en-la-ccng-en-muestras-intervienen-estudiantes-del-artista-y-docente-joaquin-serrano\\\/#primaryimage\"},\"thumbnailUrl\":\"https:\\\/\\\/www.uartes.edu.ec\\\/sitio\\\/wp-content\\\/uploads\\\/2025\\\/01\\\/01-SOLO-DE-DIBUJO-2025.jpg\",\"keywords\":[\"exposici\u00f3n\"],\"articleSection\":[\"Acad\u00e9mico\",\"Artes\",\"Artes Visuales\",\"Docentes\",\"Estudiantes\",\"Investigaci\u00f3n\",\"V\u00ednculo\"],\"inLanguage\":\"en-US\",\"potentialAction\":[{\"@type\":\"CommentAction\",\"name\":\"Comment\",\"target\":[\"https:\\\/\\\/www.uartes.edu.ec\\\/sitio\\\/en\\\/blog\\\/2025\\\/01\\\/13\\\/solo-de-dibujo-y-solo-de-pintura-en-la-ccng-en-muestras-intervienen-estudiantes-del-artista-y-docente-joaquin-serrano\\\/#respond\"]}]},{\"@type\":[\"WebPage\",\"ItemPage\"],\"@id\":\"https:\\\/\\\/www.uartes.edu.ec\\\/sitio\\\/en\\\/blog\\\/2025\\\/01\\\/13\\\/solo-de-dibujo-y-solo-de-pintura-en-la-ccng-en-muestras-intervienen-estudiantes-del-artista-y-docente-joaquin-serrano\\\/\",\"url\":\"https:\\\/\\\/www.uartes.edu.ec\\\/sitio\\\/en\\\/blog\\\/2025\\\/01\\\/13\\\/solo-de-dibujo-y-solo-de-pintura-en-la-ccng-en-muestras-intervienen-estudiantes-del-artista-y-docente-joaquin-serrano\\\/\",\"name\":\"Universidad de las Artes - \u201cSolo de Dibujo\u201d y \u201cSolo de Pintura\u201d en la CCNG; en muestras intervienen estudiantes del artista y docente Joaqu\u00edn Serrano\",\"isPartOf\":{\"@id\":\"https:\\\/\\\/www.uartes.edu.ec\\\/sitio\\\/en\\\/#website\"},\"primaryImageOfPage\":{\"@id\":\"https:\\\/\\\/www.uartes.edu.ec\\\/sitio\\\/en\\\/blog\\\/2025\\\/01\\\/13\\\/solo-de-dibujo-y-solo-de-pintura-en-la-ccng-en-muestras-intervienen-estudiantes-del-artista-y-docente-joaquin-serrano\\\/#primaryimage\"},\"image\":{\"@id\":\"https:\\\/\\\/www.uartes.edu.ec\\\/sitio\\\/en\\\/blog\\\/2025\\\/01\\\/13\\\/solo-de-dibujo-y-solo-de-pintura-en-la-ccng-en-muestras-intervienen-estudiantes-del-artista-y-docente-joaquin-serrano\\\/#primaryimage\"},\"thumbnailUrl\":\"https:\\\/\\\/www.uartes.edu.ec\\\/sitio\\\/wp-content\\\/uploads\\\/2025\\\/01\\\/01-SOLO-DE-DIBUJO-2025.jpg\",\"datePublished\":\"2025-01-13T22:33:06+00:00\",\"dateModified\":\"2025-01-13T22:42:51+00:00\",\"description\":\"Universidad de las Artes - \u201cSolo de Dibujo\u201d y \u201cSolo de Pintura\u201d en la CCNG; en muestras intervienen estudiantes del artista y docente Joaqu\u00edn Serrano\",\"breadcrumb\":{\"@id\":\"https:\\\/\\\/www.uartes.edu.ec\\\/sitio\\\/en\\\/blog\\\/2025\\\/01\\\/13\\\/solo-de-dibujo-y-solo-de-pintura-en-la-ccng-en-muestras-intervienen-estudiantes-del-artista-y-docente-joaquin-serrano\\\/#breadcrumb\"},\"inLanguage\":\"en-US\",\"potentialAction\":[{\"@type\":\"ReadAction\",\"target\":[\"https:\\\/\\\/www.uartes.edu.ec\\\/sitio\\\/en\\\/blog\\\/2025\\\/01\\\/13\\\/solo-de-dibujo-y-solo-de-pintura-en-la-ccng-en-muestras-intervienen-estudiantes-del-artista-y-docente-joaquin-serrano\\\/\"]}]},{\"@type\":\"ImageObject\",\"inLanguage\":\"en-US\",\"@id\":\"https:\\\/\\\/www.uartes.edu.ec\\\/sitio\\\/en\\\/blog\\\/2025\\\/01\\\/13\\\/solo-de-dibujo-y-solo-de-pintura-en-la-ccng-en-muestras-intervienen-estudiantes-del-artista-y-docente-joaquin-serrano\\\/#primaryimage\",\"url\":\"https:\\\/\\\/www.uartes.edu.ec\\\/sitio\\\/wp-content\\\/uploads\\\/2025\\\/01\\\/01-SOLO-DE-DIBUJO-2025.jpg\",\"contentUrl\":\"https:\\\/\\\/www.uartes.edu.ec\\\/sitio\\\/wp-content\\\/uploads\\\/2025\\\/01\\\/01-SOLO-DE-DIBUJO-2025.jpg\",\"width\":2000,\"height\":1333},{\"@type\":\"BreadcrumbList\",\"@id\":\"https:\\\/\\\/www.uartes.edu.ec\\\/sitio\\\/en\\\/blog\\\/2025\\\/01\\\/13\\\/solo-de-dibujo-y-solo-de-pintura-en-la-ccng-en-muestras-intervienen-estudiantes-del-artista-y-docente-joaquin-serrano\\\/#breadcrumb\",\"itemListElement\":[{\"@type\":\"ListItem\",\"position\":1,\"name\":\"Inicio\",\"item\":\"https:\\\/\\\/www.uartes.edu.ec\\\/sitio\\\/\"},{\"@type\":\"ListItem\",\"position\":2,\"name\":\"\u201cSolo de Dibujo\u201d y \u201cSolo de Pintura\u201d en la CCNG; en muestras intervienen estudiantes del artista y docente Joaqu\u00edn Serrano\"}]},{\"@type\":\"WebSite\",\"@id\":\"https:\\\/\\\/www.uartes.edu.ec\\\/sitio\\\/en\\\/#website\",\"url\":\"https:\\\/\\\/www.uartes.edu.ec\\\/sitio\\\/en\\\/\",\"name\":\"Universidad de las Artes\",\"description\":\"Sitio oficial de la Universidad Nacional de las Artes del Ecuador\",\"publisher\":{\"@id\":\"https:\\\/\\\/www.uartes.edu.ec\\\/sitio\\\/en\\\/#organization\"},\"potentialAction\":[{\"@type\":\"SearchAction\",\"target\":{\"@type\":\"EntryPoint\",\"urlTemplate\":\"https:\\\/\\\/www.uartes.edu.ec\\\/sitio\\\/en\\\/?s={search_term_string}\"},\"query-input\":{\"@type\":\"PropertyValueSpecification\",\"valueRequired\":true,\"valueName\":\"search_term_string\"}}],\"inLanguage\":\"en-US\"},{\"@type\":\"Organization\",\"@id\":\"https:\\\/\\\/www.uartes.edu.ec\\\/sitio\\\/en\\\/#organization\",\"name\":\"Universidad de las Artes\",\"url\":\"https:\\\/\\\/www.uartes.edu.ec\\\/sitio\\\/en\\\/\",\"logo\":{\"@type\":\"ImageObject\",\"inLanguage\":\"en-US\",\"@id\":\"https:\\\/\\\/www.uartes.edu.ec\\\/sitio\\\/en\\\/#\\\/schema\\\/logo\\\/image\\\/\",\"url\":\"https:\\\/\\\/www.uartes.edu.ec\\\/sitio\\\/wp-content\\\/uploads\\\/2022\\\/07\\\/logo-ua-horizontal.png\",\"contentUrl\":\"https:\\\/\\\/www.uartes.edu.ec\\\/sitio\\\/wp-content\\\/uploads\\\/2022\\\/07\\\/logo-ua-horizontal.png\",\"width\":800,\"height\":276,\"caption\":\"Universidad de las Artes\"},\"image\":{\"@id\":\"https:\\\/\\\/www.uartes.edu.ec\\\/sitio\\\/en\\\/#\\\/schema\\\/logo\\\/image\\\/\"},\"sameAs\":[\"https:\\\/\\\/www.facebook.com\\\/uartesec\",\"https:\\\/\\\/x.com\\\/uartesec\",\"https:\\\/\\\/www.tiktok.com\\\/@uartesec\"]},{\"@type\":\"Person\",\"@id\":\"https:\\\/\\\/www.uartes.edu.ec\\\/sitio\\\/en\\\/#\\\/schema\\\/person\\\/efa1b8275797664fd7f13a79ccc0b1f4\",\"name\":\"ccortez\",\"image\":{\"@type\":\"ImageObject\",\"inLanguage\":\"en-US\",\"@id\":\"https:\\\/\\\/secure.gravatar.com\\\/avatar\\\/b2a6f664a3ae8e074346ef91775736c5ec479e637ecced6842de9dc98b5da9cd?s=96&d=mm&r=g\",\"url\":\"https:\\\/\\\/secure.gravatar.com\\\/avatar\\\/b2a6f664a3ae8e074346ef91775736c5ec479e637ecced6842de9dc98b5da9cd?s=96&d=mm&r=g\",\"contentUrl\":\"https:\\\/\\\/secure.gravatar.com\\\/avatar\\\/b2a6f664a3ae8e074346ef91775736c5ec479e637ecced6842de9dc98b5da9cd?s=96&d=mm&r=g\",\"caption\":\"ccortez\"},\"url\":\"https:\\\/\\\/www.uartes.edu.ec\\\/sitio\\\/en\\\/blog\\\/author\\\/ccortez\\\/\"}]}<\/script>\n<!-- \/ Yoast SEO plugin. -->","yoast_head_json":{"title":"Universidad de las Artes - \u201cSolo de Dibujo\u201d y \u201cSolo de Pintura\u201d en la CCNG; en muestras intervienen estudiantes del artista y docente Joaqu\u00edn Serrano","description":"Universidad de las Artes - \u201cSolo de Dibujo\u201d y \u201cSolo de Pintura\u201d en la CCNG; en muestras intervienen estudiantes del artista y docente Joaqu\u00edn Serrano","robots":{"index":"index","follow":"follow","max-snippet":"max-snippet:-1","max-image-preview":"max-image-preview:large","max-video-preview":"max-video-preview:-1"},"canonical":"https:\/\/www.uartes.edu.ec\/sitio\/en\/blog\/2025\/01\/13\/solo-de-dibujo-y-solo-de-pintura-en-la-ccng-en-muestras-intervienen-estudiantes-del-artista-y-docente-joaquin-serrano\/","og_locale":"en_US","og_type":"article","og_title":"Universidad de las Artes - \u201cSolo de Dibujo\u201d y \u201cSolo de Pintura\u201d en la CCNG; en muestras intervienen estudiantes del artista y docente Joaqu\u00edn Serrano","og_description":"Universidad de las Artes - \u201cSolo de Dibujo\u201d y \u201cSolo de Pintura\u201d en la CCNG; en muestras intervienen estudiantes del artista y docente Joaqu\u00edn Serrano","og_url":"https:\/\/www.uartes.edu.ec\/sitio\/en\/blog\/2025\/01\/13\/solo-de-dibujo-y-solo-de-pintura-en-la-ccng-en-muestras-intervienen-estudiantes-del-artista-y-docente-joaquin-serrano\/","og_site_name":"Universidad de las Artes","article_publisher":"https:\/\/www.facebook.com\/uartesec","article_published_time":"2025-01-13T22:33:06+00:00","article_modified_time":"2025-01-13T22:42:51+00:00","og_image":[{"width":2000,"height":1333,"url":"https:\/\/www.uartes.edu.ec\/sitio\/wp-content\/uploads\/2025\/01\/01-SOLO-DE-DIBUJO-2025.jpg","type":"image\/jpeg"}],"author":"ccortez","twitter_card":"summary_large_image","twitter_creator":"@uartesec","twitter_site":"@uartesec","twitter_misc":{"Written by":"ccortez","Est. reading time":"5 minutes"},"schema":{"@context":"https:\/\/schema.org","@graph":[{"@type":"Article","@id":"https:\/\/www.uartes.edu.ec\/sitio\/en\/blog\/2025\/01\/13\/solo-de-dibujo-y-solo-de-pintura-en-la-ccng-en-muestras-intervienen-estudiantes-del-artista-y-docente-joaquin-serrano\/#article","isPartOf":{"@id":"https:\/\/www.uartes.edu.ec\/sitio\/en\/blog\/2025\/01\/13\/solo-de-dibujo-y-solo-de-pintura-en-la-ccng-en-muestras-intervienen-estudiantes-del-artista-y-docente-joaquin-serrano\/"},"author":{"name":"ccortez","@id":"https:\/\/www.uartes.edu.ec\/sitio\/en\/#\/schema\/person\/efa1b8275797664fd7f13a79ccc0b1f4"},"headline":"\u201cSolo de Dibujo\u201d y \u201cSolo de Pintura\u201d en la CCNG; en muestras intervienen estudiantes del artista y docente Joaqu\u00edn Serrano","datePublished":"2025-01-13T22:33:06+00:00","dateModified":"2025-01-13T22:42:51+00:00","mainEntityOfPage":{"@id":"https:\/\/www.uartes.edu.ec\/sitio\/en\/blog\/2025\/01\/13\/solo-de-dibujo-y-solo-de-pintura-en-la-ccng-en-muestras-intervienen-estudiantes-del-artista-y-docente-joaquin-serrano\/"},"wordCount":1013,"commentCount":0,"publisher":{"@id":"https:\/\/www.uartes.edu.ec\/sitio\/en\/#organization"},"image":{"@id":"https:\/\/www.uartes.edu.ec\/sitio\/en\/blog\/2025\/01\/13\/solo-de-dibujo-y-solo-de-pintura-en-la-ccng-en-muestras-intervienen-estudiantes-del-artista-y-docente-joaquin-serrano\/#primaryimage"},"thumbnailUrl":"https:\/\/www.uartes.edu.ec\/sitio\/wp-content\/uploads\/2025\/01\/01-SOLO-DE-DIBUJO-2025.jpg","keywords":["exposici\u00f3n"],"articleSection":["Acad\u00e9mico","Artes","Artes Visuales","Docentes","Estudiantes","Investigaci\u00f3n","V\u00ednculo"],"inLanguage":"en-US","potentialAction":[{"@type":"CommentAction","name":"Comment","target":["https:\/\/www.uartes.edu.ec\/sitio\/en\/blog\/2025\/01\/13\/solo-de-dibujo-y-solo-de-pintura-en-la-ccng-en-muestras-intervienen-estudiantes-del-artista-y-docente-joaquin-serrano\/#respond"]}]},{"@type":["WebPage","ItemPage"],"@id":"https:\/\/www.uartes.edu.ec\/sitio\/en\/blog\/2025\/01\/13\/solo-de-dibujo-y-solo-de-pintura-en-la-ccng-en-muestras-intervienen-estudiantes-del-artista-y-docente-joaquin-serrano\/","url":"https:\/\/www.uartes.edu.ec\/sitio\/en\/blog\/2025\/01\/13\/solo-de-dibujo-y-solo-de-pintura-en-la-ccng-en-muestras-intervienen-estudiantes-del-artista-y-docente-joaquin-serrano\/","name":"Universidad de las Artes - \u201cSolo de Dibujo\u201d y \u201cSolo de Pintura\u201d en la CCNG; en muestras intervienen estudiantes del artista y docente Joaqu\u00edn Serrano","isPartOf":{"@id":"https:\/\/www.uartes.edu.ec\/sitio\/en\/#website"},"primaryImageOfPage":{"@id":"https:\/\/www.uartes.edu.ec\/sitio\/en\/blog\/2025\/01\/13\/solo-de-dibujo-y-solo-de-pintura-en-la-ccng-en-muestras-intervienen-estudiantes-del-artista-y-docente-joaquin-serrano\/#primaryimage"},"image":{"@id":"https:\/\/www.uartes.edu.ec\/sitio\/en\/blog\/2025\/01\/13\/solo-de-dibujo-y-solo-de-pintura-en-la-ccng-en-muestras-intervienen-estudiantes-del-artista-y-docente-joaquin-serrano\/#primaryimage"},"thumbnailUrl":"https:\/\/www.uartes.edu.ec\/sitio\/wp-content\/uploads\/2025\/01\/01-SOLO-DE-DIBUJO-2025.jpg","datePublished":"2025-01-13T22:33:06+00:00","dateModified":"2025-01-13T22:42:51+00:00","description":"Universidad de las Artes - \u201cSolo de Dibujo\u201d y \u201cSolo de Pintura\u201d en la CCNG; en muestras intervienen estudiantes del artista y docente Joaqu\u00edn Serrano","breadcrumb":{"@id":"https:\/\/www.uartes.edu.ec\/sitio\/en\/blog\/2025\/01\/13\/solo-de-dibujo-y-solo-de-pintura-en-la-ccng-en-muestras-intervienen-estudiantes-del-artista-y-docente-joaquin-serrano\/#breadcrumb"},"inLanguage":"en-US","potentialAction":[{"@type":"ReadAction","target":["https:\/\/www.uartes.edu.ec\/sitio\/en\/blog\/2025\/01\/13\/solo-de-dibujo-y-solo-de-pintura-en-la-ccng-en-muestras-intervienen-estudiantes-del-artista-y-docente-joaquin-serrano\/"]}]},{"@type":"ImageObject","inLanguage":"en-US","@id":"https:\/\/www.uartes.edu.ec\/sitio\/en\/blog\/2025\/01\/13\/solo-de-dibujo-y-solo-de-pintura-en-la-ccng-en-muestras-intervienen-estudiantes-del-artista-y-docente-joaquin-serrano\/#primaryimage","url":"https:\/\/www.uartes.edu.ec\/sitio\/wp-content\/uploads\/2025\/01\/01-SOLO-DE-DIBUJO-2025.jpg","contentUrl":"https:\/\/www.uartes.edu.ec\/sitio\/wp-content\/uploads\/2025\/01\/01-SOLO-DE-DIBUJO-2025.jpg","width":2000,"height":1333},{"@type":"BreadcrumbList","@id":"https:\/\/www.uartes.edu.ec\/sitio\/en\/blog\/2025\/01\/13\/solo-de-dibujo-y-solo-de-pintura-en-la-ccng-en-muestras-intervienen-estudiantes-del-artista-y-docente-joaquin-serrano\/#breadcrumb","itemListElement":[{"@type":"ListItem","position":1,"name":"Inicio","item":"https:\/\/www.uartes.edu.ec\/sitio\/"},{"@type":"ListItem","position":2,"name":"\u201cSolo de Dibujo\u201d y \u201cSolo de Pintura\u201d en la CCNG; en muestras intervienen estudiantes del artista y docente Joaqu\u00edn Serrano"}]},{"@type":"WebSite","@id":"https:\/\/www.uartes.edu.ec\/sitio\/en\/#website","url":"https:\/\/www.uartes.edu.ec\/sitio\/en\/","name":"Universidad de las Artes","description":"Sitio oficial de la Universidad Nacional de las Artes del Ecuador","publisher":{"@id":"https:\/\/www.uartes.edu.ec\/sitio\/en\/#organization"},"potentialAction":[{"@type":"SearchAction","target":{"@type":"EntryPoint","urlTemplate":"https:\/\/www.uartes.edu.ec\/sitio\/en\/?s={search_term_string}"},"query-input":{"@type":"PropertyValueSpecification","valueRequired":true,"valueName":"search_term_string"}}],"inLanguage":"en-US"},{"@type":"Organization","@id":"https:\/\/www.uartes.edu.ec\/sitio\/en\/#organization","name":"Universidad de las Artes","url":"https:\/\/www.uartes.edu.ec\/sitio\/en\/","logo":{"@type":"ImageObject","inLanguage":"en-US","@id":"https:\/\/www.uartes.edu.ec\/sitio\/en\/#\/schema\/logo\/image\/","url":"https:\/\/www.uartes.edu.ec\/sitio\/wp-content\/uploads\/2022\/07\/logo-ua-horizontal.png","contentUrl":"https:\/\/www.uartes.edu.ec\/sitio\/wp-content\/uploads\/2022\/07\/logo-ua-horizontal.png","width":800,"height":276,"caption":"Universidad de las Artes"},"image":{"@id":"https:\/\/www.uartes.edu.ec\/sitio\/en\/#\/schema\/logo\/image\/"},"sameAs":["https:\/\/www.facebook.com\/uartesec","https:\/\/x.com\/uartesec","https:\/\/www.tiktok.com\/@uartesec"]},{"@type":"Person","@id":"https:\/\/www.uartes.edu.ec\/sitio\/en\/#\/schema\/person\/efa1b8275797664fd7f13a79ccc0b1f4","name":"ccortez","image":{"@type":"ImageObject","inLanguage":"en-US","@id":"https:\/\/secure.gravatar.com\/avatar\/b2a6f664a3ae8e074346ef91775736c5ec479e637ecced6842de9dc98b5da9cd?s=96&d=mm&r=g","url":"https:\/\/secure.gravatar.com\/avatar\/b2a6f664a3ae8e074346ef91775736c5ec479e637ecced6842de9dc98b5da9cd?s=96&d=mm&r=g","contentUrl":"https:\/\/secure.gravatar.com\/avatar\/b2a6f664a3ae8e074346ef91775736c5ec479e637ecced6842de9dc98b5da9cd?s=96&d=mm&r=g","caption":"ccortez"},"url":"https:\/\/www.uartes.edu.ec\/sitio\/en\/blog\/author\/ccortez\/"}]}},"uagb_featured_image_src":{"full":["https:\/\/www.uartes.edu.ec\/sitio\/wp-content\/uploads\/2025\/01\/01-SOLO-DE-DIBUJO-2025.jpg",2000,1333,false],"thumbnail":["https:\/\/www.uartes.edu.ec\/sitio\/wp-content\/uploads\/2025\/01\/01-SOLO-DE-DIBUJO-2025-150x150.jpg",150,150,true],"medium":["https:\/\/www.uartes.edu.ec\/sitio\/wp-content\/uploads\/2025\/01\/01-SOLO-DE-DIBUJO-2025-300x200.jpg",300,200,true],"medium_large":["https:\/\/www.uartes.edu.ec\/sitio\/wp-content\/uploads\/2025\/01\/01-SOLO-DE-DIBUJO-2025-768x512.jpg",768,512,true],"large":["https:\/\/www.uartes.edu.ec\/sitio\/wp-content\/uploads\/2025\/01\/01-SOLO-DE-DIBUJO-2025-644x429.jpg",644,429,true],"1536x1536":["https:\/\/www.uartes.edu.ec\/sitio\/wp-content\/uploads\/2025\/01\/01-SOLO-DE-DIBUJO-2025-1536x1024.jpg",1536,1024,true],"2048x2048":["https:\/\/www.uartes.edu.ec\/sitio\/wp-content\/uploads\/2025\/01\/01-SOLO-DE-DIBUJO-2025.jpg",2000,1333,false],"trp-custom-language-flag":["https:\/\/www.uartes.edu.ec\/sitio\/wp-content\/uploads\/2025\/01\/01-SOLO-DE-DIBUJO-2025-18x12.jpg",18,12,true],"htmega_size_585x295":["https:\/\/www.uartes.edu.ec\/sitio\/wp-content\/uploads\/2025\/01\/01-SOLO-DE-DIBUJO-2025-585x295.jpg",585,295,true],"htmega_size_1170x536":["https:\/\/www.uartes.edu.ec\/sitio\/wp-content\/uploads\/2025\/01\/01-SOLO-DE-DIBUJO-2025-1170x536.jpg",1170,536,true],"htmega_size_396x360":["https:\/\/www.uartes.edu.ec\/sitio\/wp-content\/uploads\/2025\/01\/01-SOLO-DE-DIBUJO-2025-396x360.jpg",396,360,true],"gb-block-post-grid-landscape":["https:\/\/www.uartes.edu.ec\/sitio\/wp-content\/uploads\/2025\/01\/01-SOLO-DE-DIBUJO-2025-600x400.jpg",600,400,true],"gb-block-post-grid-square":["https:\/\/www.uartes.edu.ec\/sitio\/wp-content\/uploads\/2025\/01\/01-SOLO-DE-DIBUJO-2025-600x600.jpg",600,600,true],"university-hub-thumb":["https:\/\/www.uartes.edu.ec\/sitio\/wp-content\/uploads\/2025\/01\/01-SOLO-DE-DIBUJO-2025-400x267.jpg",400,267,true]},"uagb_author_info":{"display_name":"ccortez","author_link":"https:\/\/www.uartes.edu.ec\/sitio\/en\/blog\/author\/ccortez\/"},"uagb_comment_info":0,"uagb_excerpt":"Con la curadur\u00eda de Arianna Aragundy, estudiante de la Escuela de Artes Visuales de la UArtes, ma\u00f1ana, martes 14 de enero de 2025, se inauguran en la Casa de la Cultura N\u00facleo del Guayas (CCNG) las exposiciones \u201cSolo de Dibujo\u201d (sala Araceli Gilbert) y \u201cSolo de Pintura\u201d (sala Juan Villafuerte). En ambas intervienen con sus&hellip;","featured_image_src":"https:\/\/www.uartes.edu.ec\/sitio\/wp-content\/uploads\/2025\/01\/01-SOLO-DE-DIBUJO-2025-600x400.jpg","featured_image_src_square":"https:\/\/www.uartes.edu.ec\/sitio\/wp-content\/uploads\/2025\/01\/01-SOLO-DE-DIBUJO-2025-600x600.jpg","author_info":{"display_name":"ccortez","author_link":"https:\/\/www.uartes.edu.ec\/sitio\/en\/blog\/author\/ccortez\/"},"publishpress_future_workflow_manual_trigger":{"enabledWorkflows":[]},"distributor_meta":false,"distributor_terms":false,"distributor_media":false,"distributor_original_site_name":"Universidad de las Artes","distributor_original_site_url":"https:\/\/www.uartes.edu.ec\/sitio\/en","push-errors":false,"_links":{"self":[{"href":"https:\/\/www.uartes.edu.ec\/sitio\/en\/wp-json\/wp\/v2\/posts\/67223","targetHints":{"allow":["GET"]}}],"collection":[{"href":"https:\/\/www.uartes.edu.ec\/sitio\/en\/wp-json\/wp\/v2\/posts"}],"about":[{"href":"https:\/\/www.uartes.edu.ec\/sitio\/en\/wp-json\/wp\/v2\/types\/post"}],"author":[{"embeddable":true,"href":"https:\/\/www.uartes.edu.ec\/sitio\/en\/wp-json\/wp\/v2\/users\/10"}],"replies":[{"embeddable":true,"href":"https:\/\/www.uartes.edu.ec\/sitio\/en\/wp-json\/wp\/v2\/comments?post=67223"}],"version-history":[{"count":5,"href":"https:\/\/www.uartes.edu.ec\/sitio\/en\/wp-json\/wp\/v2\/posts\/67223\/revisions"}],"predecessor-version":[{"id":67248,"href":"https:\/\/www.uartes.edu.ec\/sitio\/en\/wp-json\/wp\/v2\/posts\/67223\/revisions\/67248"}],"wp:featuredmedia":[{"embeddable":true,"href":"https:\/\/www.uartes.edu.ec\/sitio\/en\/wp-json\/wp\/v2\/media\/67255"}],"wp:attachment":[{"href":"https:\/\/www.uartes.edu.ec\/sitio\/en\/wp-json\/wp\/v2\/media?parent=67223"}],"wp:term":[{"taxonomy":"category","embeddable":true,"href":"https:\/\/www.uartes.edu.ec\/sitio\/en\/wp-json\/wp\/v2\/categories?post=67223"},{"taxonomy":"post_tag","embeddable":true,"href":"https:\/\/www.uartes.edu.ec\/sitio\/en\/wp-json\/wp\/v2\/tags?post=67223"},{"taxonomy":"infouartes","embeddable":true,"href":"https:\/\/www.uartes.edu.ec\/sitio\/en\/wp-json\/wp\/v2\/infouartes?post=67223"}],"curies":[{"name":"wp","href":"https:\/\/api.w.org\/{rel}","templated":true}]}}