{"id":6736,"date":"2020-04-17T14:35:58","date_gmt":"2020-04-17T19:35:58","guid":{"rendered":"http:\/\/www.uartes.edu.ec\/sitio\/?p=6736"},"modified":"2024-07-04T11:48:11","modified_gmt":"2024-07-04T16:48:11","slug":"mirada-documentalista-de-una-comunidad-invisibilizada-la-tesis-de-javier-constante","status":"publish","type":"post","link":"https:\/\/www.uartes.edu.ec\/sitio\/en\/blog\/2020\/04\/17\/mirada-documentalista-de-una-comunidad-invisibilizada-la-tesis-de-javier-constante\/","title":{"rendered":"\u201cMirada documentalista de una comunidad  invisibilizada\u201d, la tesis de Javier Constante"},"content":{"rendered":"<p>Para su tesis de grado, la cual sustent\u00f3 el 10 de abril de 2020 y trabaj\u00f3 durante un a\u00f1o y en varias etapas, Javier St\u00e9fano Constante Granja, estudiante de la Escuela de Cine de la Universidad de las Artes, eligi\u00f3 como tema \u201cEntre mangles y derivas: mirada documentalista de una comunidad invisibilizada\u201d. Su trabajo acad\u00e9mico final estuvo enfocado en la direcci\u00f3n de fotograf\u00eda de un documental titulado Entre mangles y derivas, grabado en una comuna ubicada por el puerto de La Fragata, en el sur de Guayaquil.<\/p>\n\n\n\n<p>\u201cPropuse la tem\u00e1tica porque la directora de ese documental, Camille Enr\u00edquez (tambi\u00e9n estudiante de Cine de la UArtes), es mi amiga y me coment\u00f3 del proyecto. Desde el inicio me interes\u00e9 much\u00edsimo en \u00e9l y luego de empaparme de lo que se trataba, y de todo el material de investigaci\u00f3n que se hab\u00eda recopilado al respecto, decid\u00ed trabajarlo como una mirada documentalista de una comunidad invisibilizada\u201d.<\/p>\n\n\n\n<p>Lo hizo, agrega, a manera de b\u00fasqueda y de conocimiento de nuestra ciudad y por descubrir tambi\u00e9n un lugar nuevo.<\/p>\n\n\n\n<p>Para desarrollar \u201cEntre mangles y derivas: mirada documentalista de una comunidad invisibilizada\u201d defini\u00f3 etapas, que es lo que se requiere para un documental; los recursos para la realizaci\u00f3n fueron compartidos entre los personales y los de la universidad.<\/p>\n\n\n\n<p>Debido a la emergencia sanitaria por la que atraviesa el pa\u00eds, a fin de contrarrestar la COVID-19, la defensa de su tesis pas\u00f3 de lo presencial a lo virtual. No se lo espera, admite, pero no hubo cambios dr\u00e1sticos y sinti\u00f3 los mismos nervios que habr\u00eda sentido al estar delante de los miembros del jurado de tesis. \u201cEn general no hubo novedades, el jurado hizo preguntas y las respond\u00ed todas\u201d, asegura con tono aliviado.<\/p>\n\n\n\n<p>Javier Constante planea continuar trabajando sobre el producto que present\u00f3 como tesis, puesto que tiene a\u00fan mucho material del rodaje el cual, su idea es contar con un documental de mayor longitud y enviarlo a los festivales de cine que se realizan dentro y fuera del pa\u00eds.<\/p>","protected":false},"excerpt":{"rendered":"<p>Para su tesis de grado, la cual sustent\u00f3 el 10 de abril de 2020 y trabaj\u00f3 durante un a\u00f1o y en varias etapas, Javier St\u00e9fano Constante Granja, estudiante de la Escuela de Cine de la Universidad de las Artes, eligi\u00f3 como tema \u201cEntre mangles y derivas: mirada documentalista de una comunidad invisibilizada\u201d. <\/p>","protected":false},"author":1,"featured_media":6738,"comment_status":"closed","ping_status":"closed","sticky":false,"template":"","format":"standard","meta":{"_acf_changed":false,"_uag_custom_page_level_css":"","_monsterinsights_skip_tracking":false,"_monsterinsights_sitenote_active":false,"_monsterinsights_sitenote_note":"","_monsterinsights_sitenote_category":0,"cybocfi_hide_featured_image":"","footnotes":""},"categories":[80,147,76],"tags":[211],"infouartes":[],"class_list":["post-6736","post","type-post","status-publish","format-standard","has-post-thumbnail","hentry","category-academico","category-cine","category-estudiantes","tag-covid19"],"acf":[],"yoast_head":"<!-- This site is optimized with the Yoast SEO plugin v27.4 - https:\/\/yoast.com\/product\/yoast-seo-wordpress\/ -->\n<title>Universidad de las Artes - \u201cMirada documentalista de una comunidad invisibilizada\u201d, la tesis de Javier Constante<\/title>\n<meta name=\"description\" content=\"Universidad de las Artes - \u201cMirada documentalista de una comunidad invisibilizada\u201d, la tesis de Javier Constante\" \/>\n<meta name=\"robots\" content=\"index, follow, max-snippet:-1, max-image-preview:large, max-video-preview:-1\" \/>\n<link rel=\"canonical\" href=\"https:\/\/www.uartes.edu.ec\/sitio\/en\/blog\/2020\/04\/17\/mirada-documentalista-de-una-comunidad-invisibilizada-la-tesis-de-javier-constante\/\" \/>\n<meta property=\"og:locale\" content=\"en_US\" \/>\n<meta property=\"og:type\" content=\"article\" \/>\n<meta property=\"og:title\" content=\"Universidad de las Artes - \u201cMirada documentalista de una comunidad invisibilizada\u201d, la tesis de Javier Constante\" \/>\n<meta property=\"og:description\" content=\"Universidad de las Artes - \u201cMirada documentalista de una comunidad invisibilizada\u201d, la tesis de Javier Constante\" \/>\n<meta property=\"og:url\" content=\"https:\/\/www.uartes.edu.ec\/sitio\/en\/blog\/2020\/04\/17\/mirada-documentalista-de-una-comunidad-invisibilizada-la-tesis-de-javier-constante\/\" \/>\n<meta property=\"og:site_name\" content=\"Universidad de las Artes\" \/>\n<meta property=\"article:publisher\" content=\"https:\/\/www.facebook.com\/uartesec\" \/>\n<meta property=\"article:published_time\" content=\"2020-04-17T19:35:58+00:00\" \/>\n<meta property=\"article:modified_time\" content=\"2024-07-04T16:48:11+00:00\" \/>\n<meta property=\"og:image\" content=\"https:\/\/www.uartes.edu.ec\/sitio\/wp-content\/uploads\/2020\/04\/Javier-Constante-SUSTENTACION-TESIS-FINAL.jpg\" \/>\n\t<meta property=\"og:image:width\" content=\"1016\" \/>\n\t<meta property=\"og:image:height\" content=\"678\" \/>\n\t<meta property=\"og:image:type\" content=\"image\/jpeg\" \/>\n<meta name=\"author\" content=\"Universidad de las Artes\" \/>\n<meta name=\"twitter:card\" content=\"summary_large_image\" \/>\n<meta name=\"twitter:creator\" content=\"@uartesec\" \/>\n<meta name=\"twitter:site\" content=\"@uartesec\" \/>\n<meta name=\"twitter:label1\" content=\"Written by\" \/>\n\t<meta name=\"twitter:data1\" content=\"Universidad de las Artes\" \/>\n\t<meta name=\"twitter:label2\" content=\"Est. reading time\" \/>\n\t<meta name=\"twitter:data2\" content=\"2 minutes\" \/>\n<script type=\"application\/ld+json\" class=\"yoast-schema-graph\">{\"@context\":\"https:\\\/\\\/schema.org\",\"@graph\":[{\"@type\":\"Article\",\"@id\":\"https:\\\/\\\/www.uartes.edu.ec\\\/sitio\\\/en\\\/blog\\\/2020\\\/04\\\/17\\\/mirada-documentalista-de-una-comunidad-invisibilizada-la-tesis-de-javier-constante\\\/#article\",\"isPartOf\":{\"@id\":\"https:\\\/\\\/www.uartes.edu.ec\\\/sitio\\\/en\\\/blog\\\/2020\\\/04\\\/17\\\/mirada-documentalista-de-una-comunidad-invisibilizada-la-tesis-de-javier-constante\\\/\"},\"author\":{\"name\":\"Universidad de las Artes\",\"@id\":\"https:\\\/\\\/www.uartes.edu.ec\\\/sitio\\\/en\\\/#\\\/schema\\\/person\\\/f33f8c1d2af0d5c80a38c8abf458184a\"},\"headline\":\"\u201cMirada documentalista de una comunidad invisibilizada\u201d, la tesis de Javier Constante\",\"datePublished\":\"2020-04-17T19:35:58+00:00\",\"dateModified\":\"2024-07-04T16:48:11+00:00\",\"mainEntityOfPage\":{\"@id\":\"https:\\\/\\\/www.uartes.edu.ec\\\/sitio\\\/en\\\/blog\\\/2020\\\/04\\\/17\\\/mirada-documentalista-de-una-comunidad-invisibilizada-la-tesis-de-javier-constante\\\/\"},\"wordCount\":360,\"publisher\":{\"@id\":\"https:\\\/\\\/www.uartes.edu.ec\\\/sitio\\\/en\\\/#organization\"},\"image\":{\"@id\":\"https:\\\/\\\/www.uartes.edu.ec\\\/sitio\\\/en\\\/blog\\\/2020\\\/04\\\/17\\\/mirada-documentalista-de-una-comunidad-invisibilizada-la-tesis-de-javier-constante\\\/#primaryimage\"},\"thumbnailUrl\":\"https:\\\/\\\/www.uartes.edu.ec\\\/sitio\\\/wp-content\\\/uploads\\\/2020\\\/04\\\/Javier-Constante-SUSTENTACION-TESIS-FINAL.jpg\",\"keywords\":[\"covid19\"],\"articleSection\":[\"Acad\u00e9mico\",\"Cine\",\"Estudiantes\"],\"inLanguage\":\"en-US\"},{\"@type\":[\"WebPage\",\"ItemPage\"],\"@id\":\"https:\\\/\\\/www.uartes.edu.ec\\\/sitio\\\/en\\\/blog\\\/2020\\\/04\\\/17\\\/mirada-documentalista-de-una-comunidad-invisibilizada-la-tesis-de-javier-constante\\\/\",\"url\":\"https:\\\/\\\/www.uartes.edu.ec\\\/sitio\\\/en\\\/blog\\\/2020\\\/04\\\/17\\\/mirada-documentalista-de-una-comunidad-invisibilizada-la-tesis-de-javier-constante\\\/\",\"name\":\"Universidad de las Artes - \u201cMirada documentalista de una comunidad invisibilizada\u201d, la tesis de Javier Constante\",\"isPartOf\":{\"@id\":\"https:\\\/\\\/www.uartes.edu.ec\\\/sitio\\\/en\\\/#website\"},\"primaryImageOfPage\":{\"@id\":\"https:\\\/\\\/www.uartes.edu.ec\\\/sitio\\\/en\\\/blog\\\/2020\\\/04\\\/17\\\/mirada-documentalista-de-una-comunidad-invisibilizada-la-tesis-de-javier-constante\\\/#primaryimage\"},\"image\":{\"@id\":\"https:\\\/\\\/www.uartes.edu.ec\\\/sitio\\\/en\\\/blog\\\/2020\\\/04\\\/17\\\/mirada-documentalista-de-una-comunidad-invisibilizada-la-tesis-de-javier-constante\\\/#primaryimage\"},\"thumbnailUrl\":\"https:\\\/\\\/www.uartes.edu.ec\\\/sitio\\\/wp-content\\\/uploads\\\/2020\\\/04\\\/Javier-Constante-SUSTENTACION-TESIS-FINAL.jpg\",\"datePublished\":\"2020-04-17T19:35:58+00:00\",\"dateModified\":\"2024-07-04T16:48:11+00:00\",\"description\":\"Universidad de las Artes - \u201cMirada documentalista de una comunidad invisibilizada\u201d, la tesis de Javier Constante\",\"breadcrumb\":{\"@id\":\"https:\\\/\\\/www.uartes.edu.ec\\\/sitio\\\/en\\\/blog\\\/2020\\\/04\\\/17\\\/mirada-documentalista-de-una-comunidad-invisibilizada-la-tesis-de-javier-constante\\\/#breadcrumb\"},\"inLanguage\":\"en-US\",\"potentialAction\":[{\"@type\":\"ReadAction\",\"target\":[\"https:\\\/\\\/www.uartes.edu.ec\\\/sitio\\\/en\\\/blog\\\/2020\\\/04\\\/17\\\/mirada-documentalista-de-una-comunidad-invisibilizada-la-tesis-de-javier-constante\\\/\"]}]},{\"@type\":\"ImageObject\",\"inLanguage\":\"en-US\",\"@id\":\"https:\\\/\\\/www.uartes.edu.ec\\\/sitio\\\/en\\\/blog\\\/2020\\\/04\\\/17\\\/mirada-documentalista-de-una-comunidad-invisibilizada-la-tesis-de-javier-constante\\\/#primaryimage\",\"url\":\"https:\\\/\\\/www.uartes.edu.ec\\\/sitio\\\/wp-content\\\/uploads\\\/2020\\\/04\\\/Javier-Constante-SUSTENTACION-TESIS-FINAL.jpg\",\"contentUrl\":\"https:\\\/\\\/www.uartes.edu.ec\\\/sitio\\\/wp-content\\\/uploads\\\/2020\\\/04\\\/Javier-Constante-SUSTENTACION-TESIS-FINAL.jpg\",\"width\":1016,\"height\":678},{\"@type\":\"BreadcrumbList\",\"@id\":\"https:\\\/\\\/www.uartes.edu.ec\\\/sitio\\\/en\\\/blog\\\/2020\\\/04\\\/17\\\/mirada-documentalista-de-una-comunidad-invisibilizada-la-tesis-de-javier-constante\\\/#breadcrumb\",\"itemListElement\":[{\"@type\":\"ListItem\",\"position\":1,\"name\":\"Inicio\",\"item\":\"https:\\\/\\\/www.uartes.edu.ec\\\/sitio\\\/\"},{\"@type\":\"ListItem\",\"position\":2,\"name\":\"\u201cMirada documentalista de una comunidad invisibilizada\u201d, la tesis de Javier Constante\"}]},{\"@type\":\"WebSite\",\"@id\":\"https:\\\/\\\/www.uartes.edu.ec\\\/sitio\\\/en\\\/#website\",\"url\":\"https:\\\/\\\/www.uartes.edu.ec\\\/sitio\\\/en\\\/\",\"name\":\"Universidad de las Artes\",\"description\":\"Sitio oficial de la Universidad Nacional de las Artes del Ecuador\",\"publisher\":{\"@id\":\"https:\\\/\\\/www.uartes.edu.ec\\\/sitio\\\/en\\\/#organization\"},\"potentialAction\":[{\"@type\":\"SearchAction\",\"target\":{\"@type\":\"EntryPoint\",\"urlTemplate\":\"https:\\\/\\\/www.uartes.edu.ec\\\/sitio\\\/en\\\/?s={search_term_string}\"},\"query-input\":{\"@type\":\"PropertyValueSpecification\",\"valueRequired\":true,\"valueName\":\"search_term_string\"}}],\"inLanguage\":\"en-US\"},{\"@type\":\"Organization\",\"@id\":\"https:\\\/\\\/www.uartes.edu.ec\\\/sitio\\\/en\\\/#organization\",\"name\":\"Universidad de las Artes\",\"url\":\"https:\\\/\\\/www.uartes.edu.ec\\\/sitio\\\/en\\\/\",\"logo\":{\"@type\":\"ImageObject\",\"inLanguage\":\"en-US\",\"@id\":\"https:\\\/\\\/www.uartes.edu.ec\\\/sitio\\\/en\\\/#\\\/schema\\\/logo\\\/image\\\/\",\"url\":\"https:\\\/\\\/www.uartes.edu.ec\\\/sitio\\\/wp-content\\\/uploads\\\/2022\\\/07\\\/logo-ua-horizontal.png\",\"contentUrl\":\"https:\\\/\\\/www.uartes.edu.ec\\\/sitio\\\/wp-content\\\/uploads\\\/2022\\\/07\\\/logo-ua-horizontal.png\",\"width\":800,\"height\":276,\"caption\":\"Universidad de las Artes\"},\"image\":{\"@id\":\"https:\\\/\\\/www.uartes.edu.ec\\\/sitio\\\/en\\\/#\\\/schema\\\/logo\\\/image\\\/\"},\"sameAs\":[\"https:\\\/\\\/www.facebook.com\\\/uartesec\",\"https:\\\/\\\/x.com\\\/uartesec\",\"https:\\\/\\\/www.tiktok.com\\\/@uartesec\"]},{\"@type\":\"Person\",\"@id\":\"https:\\\/\\\/www.uartes.edu.ec\\\/sitio\\\/en\\\/#\\\/schema\\\/person\\\/f33f8c1d2af0d5c80a38c8abf458184a\",\"name\":\"Universidad de las Artes\",\"image\":{\"@type\":\"ImageObject\",\"inLanguage\":\"en-US\",\"@id\":\"https:\\\/\\\/secure.gravatar.com\\\/avatar\\\/52e4757902f5cfa5ac52d020e5be83cae5487519154b6c35482fe08d589f3c13?s=96&d=mm&r=g\",\"url\":\"https:\\\/\\\/secure.gravatar.com\\\/avatar\\\/52e4757902f5cfa5ac52d020e5be83cae5487519154b6c35482fe08d589f3c13?s=96&d=mm&r=g\",\"contentUrl\":\"https:\\\/\\\/secure.gravatar.com\\\/avatar\\\/52e4757902f5cfa5ac52d020e5be83cae5487519154b6c35482fe08d589f3c13?s=96&d=mm&r=g\",\"caption\":\"Universidad de las Artes\"},\"url\":\"https:\\\/\\\/www.uartes.edu.ec\\\/sitio\\\/en\\\/blog\\\/author\\\/dircomadm\\\/\"}]}<\/script>\n<!-- \/ Yoast SEO plugin. -->","yoast_head_json":{"title":"Universidad de las Artes - \u201cMirada documentalista de una comunidad invisibilizada\u201d, la tesis de Javier Constante","description":"Universidad de las Artes - \u201cMirada documentalista de una comunidad invisibilizada\u201d, la tesis de Javier Constante","robots":{"index":"index","follow":"follow","max-snippet":"max-snippet:-1","max-image-preview":"max-image-preview:large","max-video-preview":"max-video-preview:-1"},"canonical":"https:\/\/www.uartes.edu.ec\/sitio\/en\/blog\/2020\/04\/17\/mirada-documentalista-de-una-comunidad-invisibilizada-la-tesis-de-javier-constante\/","og_locale":"en_US","og_type":"article","og_title":"Universidad de las Artes - \u201cMirada documentalista de una comunidad invisibilizada\u201d, la tesis de Javier Constante","og_description":"Universidad de las Artes - \u201cMirada documentalista de una comunidad invisibilizada\u201d, la tesis de Javier Constante","og_url":"https:\/\/www.uartes.edu.ec\/sitio\/en\/blog\/2020\/04\/17\/mirada-documentalista-de-una-comunidad-invisibilizada-la-tesis-de-javier-constante\/","og_site_name":"Universidad de las Artes","article_publisher":"https:\/\/www.facebook.com\/uartesec","article_published_time":"2020-04-17T19:35:58+00:00","article_modified_time":"2024-07-04T16:48:11+00:00","og_image":[{"width":1016,"height":678,"url":"https:\/\/www.uartes.edu.ec\/sitio\/wp-content\/uploads\/2020\/04\/Javier-Constante-SUSTENTACION-TESIS-FINAL.jpg","type":"image\/jpeg"}],"author":"Universidad de las Artes","twitter_card":"summary_large_image","twitter_creator":"@uartesec","twitter_site":"@uartesec","twitter_misc":{"Written by":"Universidad de las Artes","Est. reading time":"2 minutes"},"schema":{"@context":"https:\/\/schema.org","@graph":[{"@type":"Article","@id":"https:\/\/www.uartes.edu.ec\/sitio\/en\/blog\/2020\/04\/17\/mirada-documentalista-de-una-comunidad-invisibilizada-la-tesis-de-javier-constante\/#article","isPartOf":{"@id":"https:\/\/www.uartes.edu.ec\/sitio\/en\/blog\/2020\/04\/17\/mirada-documentalista-de-una-comunidad-invisibilizada-la-tesis-de-javier-constante\/"},"author":{"name":"Universidad de las Artes","@id":"https:\/\/www.uartes.edu.ec\/sitio\/en\/#\/schema\/person\/f33f8c1d2af0d5c80a38c8abf458184a"},"headline":"\u201cMirada documentalista de una comunidad invisibilizada\u201d, la tesis de Javier Constante","datePublished":"2020-04-17T19:35:58+00:00","dateModified":"2024-07-04T16:48:11+00:00","mainEntityOfPage":{"@id":"https:\/\/www.uartes.edu.ec\/sitio\/en\/blog\/2020\/04\/17\/mirada-documentalista-de-una-comunidad-invisibilizada-la-tesis-de-javier-constante\/"},"wordCount":360,"publisher":{"@id":"https:\/\/www.uartes.edu.ec\/sitio\/en\/#organization"},"image":{"@id":"https:\/\/www.uartes.edu.ec\/sitio\/en\/blog\/2020\/04\/17\/mirada-documentalista-de-una-comunidad-invisibilizada-la-tesis-de-javier-constante\/#primaryimage"},"thumbnailUrl":"https:\/\/www.uartes.edu.ec\/sitio\/wp-content\/uploads\/2020\/04\/Javier-Constante-SUSTENTACION-TESIS-FINAL.jpg","keywords":["covid19"],"articleSection":["Acad\u00e9mico","Cine","Estudiantes"],"inLanguage":"en-US"},{"@type":["WebPage","ItemPage"],"@id":"https:\/\/www.uartes.edu.ec\/sitio\/en\/blog\/2020\/04\/17\/mirada-documentalista-de-una-comunidad-invisibilizada-la-tesis-de-javier-constante\/","url":"https:\/\/www.uartes.edu.ec\/sitio\/en\/blog\/2020\/04\/17\/mirada-documentalista-de-una-comunidad-invisibilizada-la-tesis-de-javier-constante\/","name":"Universidad de las Artes - \u201cMirada documentalista de una comunidad invisibilizada\u201d, la tesis de Javier Constante","isPartOf":{"@id":"https:\/\/www.uartes.edu.ec\/sitio\/en\/#website"},"primaryImageOfPage":{"@id":"https:\/\/www.uartes.edu.ec\/sitio\/en\/blog\/2020\/04\/17\/mirada-documentalista-de-una-comunidad-invisibilizada-la-tesis-de-javier-constante\/#primaryimage"},"image":{"@id":"https:\/\/www.uartes.edu.ec\/sitio\/en\/blog\/2020\/04\/17\/mirada-documentalista-de-una-comunidad-invisibilizada-la-tesis-de-javier-constante\/#primaryimage"},"thumbnailUrl":"https:\/\/www.uartes.edu.ec\/sitio\/wp-content\/uploads\/2020\/04\/Javier-Constante-SUSTENTACION-TESIS-FINAL.jpg","datePublished":"2020-04-17T19:35:58+00:00","dateModified":"2024-07-04T16:48:11+00:00","description":"Universidad de las Artes - \u201cMirada documentalista de una comunidad invisibilizada\u201d, la tesis de Javier Constante","breadcrumb":{"@id":"https:\/\/www.uartes.edu.ec\/sitio\/en\/blog\/2020\/04\/17\/mirada-documentalista-de-una-comunidad-invisibilizada-la-tesis-de-javier-constante\/#breadcrumb"},"inLanguage":"en-US","potentialAction":[{"@type":"ReadAction","target":["https:\/\/www.uartes.edu.ec\/sitio\/en\/blog\/2020\/04\/17\/mirada-documentalista-de-una-comunidad-invisibilizada-la-tesis-de-javier-constante\/"]}]},{"@type":"ImageObject","inLanguage":"en-US","@id":"https:\/\/www.uartes.edu.ec\/sitio\/en\/blog\/2020\/04\/17\/mirada-documentalista-de-una-comunidad-invisibilizada-la-tesis-de-javier-constante\/#primaryimage","url":"https:\/\/www.uartes.edu.ec\/sitio\/wp-content\/uploads\/2020\/04\/Javier-Constante-SUSTENTACION-TESIS-FINAL.jpg","contentUrl":"https:\/\/www.uartes.edu.ec\/sitio\/wp-content\/uploads\/2020\/04\/Javier-Constante-SUSTENTACION-TESIS-FINAL.jpg","width":1016,"height":678},{"@type":"BreadcrumbList","@id":"https:\/\/www.uartes.edu.ec\/sitio\/en\/blog\/2020\/04\/17\/mirada-documentalista-de-una-comunidad-invisibilizada-la-tesis-de-javier-constante\/#breadcrumb","itemListElement":[{"@type":"ListItem","position":1,"name":"Inicio","item":"https:\/\/www.uartes.edu.ec\/sitio\/"},{"@type":"ListItem","position":2,"name":"\u201cMirada documentalista de una comunidad invisibilizada\u201d, la tesis de Javier Constante"}]},{"@type":"WebSite","@id":"https:\/\/www.uartes.edu.ec\/sitio\/en\/#website","url":"https:\/\/www.uartes.edu.ec\/sitio\/en\/","name":"Universidad de las Artes","description":"Sitio oficial de la Universidad Nacional de las Artes del Ecuador","publisher":{"@id":"https:\/\/www.uartes.edu.ec\/sitio\/en\/#organization"},"potentialAction":[{"@type":"SearchAction","target":{"@type":"EntryPoint","urlTemplate":"https:\/\/www.uartes.edu.ec\/sitio\/en\/?s={search_term_string}"},"query-input":{"@type":"PropertyValueSpecification","valueRequired":true,"valueName":"search_term_string"}}],"inLanguage":"en-US"},{"@type":"Organization","@id":"https:\/\/www.uartes.edu.ec\/sitio\/en\/#organization","name":"Universidad de las Artes","url":"https:\/\/www.uartes.edu.ec\/sitio\/en\/","logo":{"@type":"ImageObject","inLanguage":"en-US","@id":"https:\/\/www.uartes.edu.ec\/sitio\/en\/#\/schema\/logo\/image\/","url":"https:\/\/www.uartes.edu.ec\/sitio\/wp-content\/uploads\/2022\/07\/logo-ua-horizontal.png","contentUrl":"https:\/\/www.uartes.edu.ec\/sitio\/wp-content\/uploads\/2022\/07\/logo-ua-horizontal.png","width":800,"height":276,"caption":"Universidad de las Artes"},"image":{"@id":"https:\/\/www.uartes.edu.ec\/sitio\/en\/#\/schema\/logo\/image\/"},"sameAs":["https:\/\/www.facebook.com\/uartesec","https:\/\/x.com\/uartesec","https:\/\/www.tiktok.com\/@uartesec"]},{"@type":"Person","@id":"https:\/\/www.uartes.edu.ec\/sitio\/en\/#\/schema\/person\/f33f8c1d2af0d5c80a38c8abf458184a","name":"Universidad de las Artes","image":{"@type":"ImageObject","inLanguage":"en-US","@id":"https:\/\/secure.gravatar.com\/avatar\/52e4757902f5cfa5ac52d020e5be83cae5487519154b6c35482fe08d589f3c13?s=96&d=mm&r=g","url":"https:\/\/secure.gravatar.com\/avatar\/52e4757902f5cfa5ac52d020e5be83cae5487519154b6c35482fe08d589f3c13?s=96&d=mm&r=g","contentUrl":"https:\/\/secure.gravatar.com\/avatar\/52e4757902f5cfa5ac52d020e5be83cae5487519154b6c35482fe08d589f3c13?s=96&d=mm&r=g","caption":"Universidad de las Artes"},"url":"https:\/\/www.uartes.edu.ec\/sitio\/en\/blog\/author\/dircomadm\/"}]}},"uagb_featured_image_src":{"full":["https:\/\/www.uartes.edu.ec\/sitio\/wp-content\/uploads\/2020\/04\/Javier-Constante-SUSTENTACION-TESIS-FINAL.jpg",1016,678,false],"thumbnail":["https:\/\/www.uartes.edu.ec\/sitio\/wp-content\/uploads\/2020\/04\/Javier-Constante-SUSTENTACION-TESIS-FINAL-150x150.jpg",150,150,true],"medium":["https:\/\/www.uartes.edu.ec\/sitio\/wp-content\/uploads\/2020\/04\/Javier-Constante-SUSTENTACION-TESIS-FINAL-300x200.jpg",300,200,true],"medium_large":["https:\/\/www.uartes.edu.ec\/sitio\/wp-content\/uploads\/2020\/04\/Javier-Constante-SUSTENTACION-TESIS-FINAL-768x513.jpg",768,513,true],"large":["https:\/\/www.uartes.edu.ec\/sitio\/wp-content\/uploads\/2020\/04\/Javier-Constante-SUSTENTACION-TESIS-FINAL-644x430.jpg",644,430,true],"1536x1536":["https:\/\/www.uartes.edu.ec\/sitio\/wp-content\/uploads\/2020\/04\/Javier-Constante-SUSTENTACION-TESIS-FINAL.jpg",1016,678,false],"2048x2048":["https:\/\/www.uartes.edu.ec\/sitio\/wp-content\/uploads\/2020\/04\/Javier-Constante-SUSTENTACION-TESIS-FINAL.jpg",1016,678,false],"trp-custom-language-flag":["https:\/\/www.uartes.edu.ec\/sitio\/wp-content\/uploads\/2020\/04\/Javier-Constante-SUSTENTACION-TESIS-FINAL.jpg",18,12,false],"htmega_size_585x295":["https:\/\/www.uartes.edu.ec\/sitio\/wp-content\/uploads\/2020\/04\/Javier-Constante-SUSTENTACION-TESIS-FINAL.jpg",442,295,false],"htmega_size_1170x536":["https:\/\/www.uartes.edu.ec\/sitio\/wp-content\/uploads\/2020\/04\/Javier-Constante-SUSTENTACION-TESIS-FINAL.jpg",803,536,false],"htmega_size_396x360":["https:\/\/www.uartes.edu.ec\/sitio\/wp-content\/uploads\/2020\/04\/Javier-Constante-SUSTENTACION-TESIS-FINAL.jpg",396,264,false],"gb-block-post-grid-landscape":["https:\/\/www.uartes.edu.ec\/sitio\/wp-content\/uploads\/2020\/04\/Javier-Constante-SUSTENTACION-TESIS-FINAL.jpg",600,400,false],"gb-block-post-grid-square":["https:\/\/www.uartes.edu.ec\/sitio\/wp-content\/uploads\/2020\/04\/Javier-Constante-SUSTENTACION-TESIS-FINAL.jpg",600,400,false],"university-hub-thumb":["https:\/\/www.uartes.edu.ec\/sitio\/wp-content\/uploads\/2020\/04\/Javier-Constante-SUSTENTACION-TESIS-FINAL-400x267.jpg",400,267,true]},"uagb_author_info":{"display_name":"Universidad de las Artes","author_link":"https:\/\/www.uartes.edu.ec\/sitio\/en\/blog\/author\/dircomadm\/"},"uagb_comment_info":0,"uagb_excerpt":"Para su tesis de grado, la cual sustent\u00f3 el 10 de abril de 2020 y trabaj\u00f3 durante un a\u00f1o y en varias etapas, Javier St\u00e9fano Constante Granja, estudiante de la Escuela de Cine de la Universidad de las Artes, eligi\u00f3 como tema \u201cEntre mangles y derivas: mirada documentalista de una comunidad invisibilizada\u201d.","featured_image_src":"https:\/\/www.uartes.edu.ec\/sitio\/wp-content\/uploads\/2020\/04\/Javier-Constante-SUSTENTACION-TESIS-FINAL.jpg","featured_image_src_square":"https:\/\/www.uartes.edu.ec\/sitio\/wp-content\/uploads\/2020\/04\/Javier-Constante-SUSTENTACION-TESIS-FINAL.jpg","author_info":{"display_name":"Universidad de las Artes","author_link":"https:\/\/www.uartes.edu.ec\/sitio\/en\/blog\/author\/dircomadm\/"},"publishpress_future_workflow_manual_trigger":{"enabledWorkflows":[]},"distributor_meta":false,"distributor_terms":false,"distributor_media":false,"distributor_original_site_name":"Universidad de las Artes","distributor_original_site_url":"https:\/\/www.uartes.edu.ec\/sitio\/en","push-errors":false,"_links":{"self":[{"href":"https:\/\/www.uartes.edu.ec\/sitio\/en\/wp-json\/wp\/v2\/posts\/6736","targetHints":{"allow":["GET"]}}],"collection":[{"href":"https:\/\/www.uartes.edu.ec\/sitio\/en\/wp-json\/wp\/v2\/posts"}],"about":[{"href":"https:\/\/www.uartes.edu.ec\/sitio\/en\/wp-json\/wp\/v2\/types\/post"}],"author":[{"embeddable":true,"href":"https:\/\/www.uartes.edu.ec\/sitio\/en\/wp-json\/wp\/v2\/users\/1"}],"replies":[{"embeddable":true,"href":"https:\/\/www.uartes.edu.ec\/sitio\/en\/wp-json\/wp\/v2\/comments?post=6736"}],"version-history":[{"count":1,"href":"https:\/\/www.uartes.edu.ec\/sitio\/en\/wp-json\/wp\/v2\/posts\/6736\/revisions"}],"predecessor-version":[{"id":6739,"href":"https:\/\/www.uartes.edu.ec\/sitio\/en\/wp-json\/wp\/v2\/posts\/6736\/revisions\/6739"}],"wp:featuredmedia":[{"embeddable":true,"href":"https:\/\/www.uartes.edu.ec\/sitio\/en\/wp-json\/wp\/v2\/media\/6738"}],"wp:attachment":[{"href":"https:\/\/www.uartes.edu.ec\/sitio\/en\/wp-json\/wp\/v2\/media?parent=6736"}],"wp:term":[{"taxonomy":"category","embeddable":true,"href":"https:\/\/www.uartes.edu.ec\/sitio\/en\/wp-json\/wp\/v2\/categories?post=6736"},{"taxonomy":"post_tag","embeddable":true,"href":"https:\/\/www.uartes.edu.ec\/sitio\/en\/wp-json\/wp\/v2\/tags?post=6736"},{"taxonomy":"infouartes","embeddable":true,"href":"https:\/\/www.uartes.edu.ec\/sitio\/en\/wp-json\/wp\/v2\/infouartes?post=6736"}],"curies":[{"name":"wp","href":"https:\/\/api.w.org\/{rel}","templated":true}]}}