{"id":67591,"date":"2025-01-23T16:12:23","date_gmt":"2025-01-23T21:12:23","guid":{"rendered":"https:\/\/www.uartes.edu.ec\/sitio\/?p=67591"},"modified":"2025-01-23T16:26:30","modified_gmt":"2025-01-23T21:26:30","slug":"carta-de-navegacion-libros-a-estribor-y-tercera-edicion-de-docslam-entre-los-proyectos-ganadores-de-los-fondos-ifci","status":"publish","type":"post","link":"https:\/\/www.uartes.edu.ec\/sitio\/en\/blog\/2025\/01\/23\/carta-de-navegacion-libros-a-estribor-y-tercera-edicion-de-docslam-entre-los-proyectos-ganadores-de-los-fondos-ifci\/","title":{"rendered":"\u201cCarta de navegaci\u00f3n: libros a estribor\u201d y tercera edici\u00f3n de DocSlam, entre los proyectos ganadores de los fondos IFCI"},"content":{"rendered":"<p>Docentes, graduados y estudiantes de la Universidad de las Artes respondieron a las convocatorias de los fondos concursables del Instituto de Fomento a la Creatividad y la Innovaci\u00f3n (IFCI) y las ganaron. Ocurri\u00f3 casi a finales del 2024. En la presente nota abordamos dos de los proyectos ganadores: \u201cCarta de navegaci\u00f3n: libros a estribor\u201d y la tercera edici\u00f3n del Festival Internacional de Cine Documental DocSlam; sus proponentes los detallan. \u00a0\u00a0<\/p>\n\n\n\n<h3 class=\"wp-block-heading\">Cad\u00e1ver Exquisito Ediciones y Entr\u00f3pica Editorial<\/h3>\n\n\n\n<p>En una sinergia entre Cad\u00e1ver Exquisito Ediciones y Entr\u00f3pica Editorial, frente a las cuales est\u00e1n la docente Mar\u00eda Paulina Briones y Gabriel Delgado, estudiante de la Escuela de Literatura, el proyecto \u201cCarta de navegaci\u00f3n: libros a estribor\u201d gan\u00f3 los fondos IFCI para la Distribuci\u00f3n y circulaci\u00f3n nacional de\u00a0obras literarias.<\/p>\n\n\n\n<p>El proyecto\u00a0plantea la\u00a0distribuci\u00f3n de libros en varios espacios, junto a otras acciones que potencian la escritura, como los talleres, adem\u00e1s de lecturas de poes\u00eda y narrativa en las Islas Gal\u00e1pagos, Santa Elena y Manab\u00ed. Cada editorial ha preparado distintas actividades y, en el caso de Cad\u00e1ver Exquisito Ediciones, la docente destac\u00f3 la conceptualizaci\u00f3n\u00a0de un taller para poblaci\u00f3n adulta mayor\u00a0que se\u00a0denominar\u00e1 \u201cBit\u00e1cora para durmientes\u201d,\u00a0y explorar\u00e1 las posibilidades de la escritura literaria desde la materialidad inmaterial de los sue\u00f1os.<\/p>\n\n\n\n<p>Briones agreg\u00f3 que Andrea Crespo, poeta y narradora de Cad\u00e1ver Exquisito Ediciones, se encargar\u00e1 de la coordinaci\u00f3n y log\u00edstica del proyecto, que tendr\u00e1\u00a0tambi\u00e9n al escritor Eduardo Varas, como parte del equipo. \u201cEste grupo es muy din\u00e1mico. Todos somos editores o editoras y escritores; adem\u00e1s, varios autores de nuestras editoriales estar\u00e1n en las\u00a0lecturas y participar\u00e1n en los talleres\u201d, refiri\u00f3.\u00a0Gabriel Delgado, editor de Entr\u00f3pica Editorial, ser\u00e1 el encargado de la elaboraci\u00f3n de varios talleres sobre fanzines, mientras que la editorial L\u00ednea primitiva realizar\u00e1 talleres de elaboraci\u00f3n de libros cartoneros.<\/p>\n\n\n\n<figure class=\"wp-block-gallery has-nested-images columns-default is-cropped wp-block-gallery-1 is-layout-flex wp-block-gallery-is-layout-flex\">\n<figure class=\"wp-block-image size-large\"><img fetchpriority=\"high\" decoding=\"async\" width=\"644\" height=\"429\" data-id=\"66113\" src=\"https:\/\/www.uartes.edu.ec\/sitio\/wp-content\/uploads\/2024\/12\/MARIA-PAULINA-BRIONES-644x429.jpg\" alt=\"\" class=\"wp-image-66113\" srcset=\"https:\/\/www.uartes.edu.ec\/sitio\/wp-content\/uploads\/2024\/12\/MARIA-PAULINA-BRIONES-644x429.jpg 644w, https:\/\/www.uartes.edu.ec\/sitio\/wp-content\/uploads\/2024\/12\/MARIA-PAULINA-BRIONES-300x200.jpg 300w, https:\/\/www.uartes.edu.ec\/sitio\/wp-content\/uploads\/2024\/12\/MARIA-PAULINA-BRIONES-768x512.jpg 768w, https:\/\/www.uartes.edu.ec\/sitio\/wp-content\/uploads\/2024\/12\/MARIA-PAULINA-BRIONES-1536x1024.jpg 1536w, https:\/\/www.uartes.edu.ec\/sitio\/wp-content\/uploads\/2024\/12\/MARIA-PAULINA-BRIONES-18x12.jpg 18w, https:\/\/www.uartes.edu.ec\/sitio\/wp-content\/uploads\/2024\/12\/MARIA-PAULINA-BRIONES-600x400.jpg 600w, https:\/\/www.uartes.edu.ec\/sitio\/wp-content\/uploads\/2024\/12\/MARIA-PAULINA-BRIONES-400x267.jpg 400w, https:\/\/www.uartes.edu.ec\/sitio\/wp-content\/uploads\/2024\/12\/MARIA-PAULINA-BRIONES-272x182.jpg 272w, https:\/\/www.uartes.edu.ec\/sitio\/wp-content\/uploads\/2024\/12\/MARIA-PAULINA-BRIONES.jpg 2000w\" sizes=\"(max-width: 644px) 100vw, 644px\" \/><\/figure>\n\n\n\n<figure class=\"wp-block-image size-large\"><img decoding=\"async\" width=\"644\" height=\"429\" data-id=\"64421\" src=\"https:\/\/www.uartes.edu.ec\/sitio\/wp-content\/uploads\/2024\/11\/31-EDITORIAL-ENTROPICA-644x429.jpg\" alt=\"\" class=\"wp-image-64421\" srcset=\"https:\/\/www.uartes.edu.ec\/sitio\/wp-content\/uploads\/2024\/11\/31-EDITORIAL-ENTROPICA-644x429.jpg 644w, https:\/\/www.uartes.edu.ec\/sitio\/wp-content\/uploads\/2024\/11\/31-EDITORIAL-ENTROPICA-300x200.jpg 300w, https:\/\/www.uartes.edu.ec\/sitio\/wp-content\/uploads\/2024\/11\/31-EDITORIAL-ENTROPICA-768x512.jpg 768w, https:\/\/www.uartes.edu.ec\/sitio\/wp-content\/uploads\/2024\/11\/31-EDITORIAL-ENTROPICA-1536x1024.jpg 1536w, https:\/\/www.uartes.edu.ec\/sitio\/wp-content\/uploads\/2024\/11\/31-EDITORIAL-ENTROPICA-18x12.jpg 18w, https:\/\/www.uartes.edu.ec\/sitio\/wp-content\/uploads\/2024\/11\/31-EDITORIAL-ENTROPICA-600x400.jpg 600w, https:\/\/www.uartes.edu.ec\/sitio\/wp-content\/uploads\/2024\/11\/31-EDITORIAL-ENTROPICA-400x267.jpg 400w, https:\/\/www.uartes.edu.ec\/sitio\/wp-content\/uploads\/2024\/11\/31-EDITORIAL-ENTROPICA-272x182.jpg 272w, https:\/\/www.uartes.edu.ec\/sitio\/wp-content\/uploads\/2024\/11\/31-EDITORIAL-ENTROPICA.jpg 2000w\" sizes=\"(max-width: 644px) 100vw, 644px\" \/><\/figure>\n<\/figure>\n\n\n\n<h3 class=\"wp-block-heading\">Tercera edici\u00f3n del DocSlam<\/h3>\n\n\n\n<p>Igualmente ganadora de los fondos concursables del IFCI result\u00f3 la propuesta de los alumni Rafael Plaza y Emilia Vega, la funcionara Alejandra Carvajal, tambi\u00e9n graduada en la UArtes, y el docente Byron Cevallos. Ellos participaron por la realizaci\u00f3n de la tercera edici\u00f3n del Festival Internacional de Cine Documental DocSlam.<\/p>\n\n\n\n<p>Cabe anotar que, el proyecto ya lleva dos ediciones y fue mentalizado por Plaza, quien es su director y programador; Vega, su productora ejecutiva; y Carvajal, su coordinadora de producci\u00f3n. Este a\u00f1o, en l\u00ednea con las bases de convocatoria y la l\u00ednea de fomento para la cual postularon, la tercera entrega de DocSlam tendr\u00e1 un componente comunitario e intercultural y es por ello que al equipo se integr\u00f3 el docente Cevallos.<\/p>\n\n\n\n<p>\u201cEste a\u00f1o, adem\u00e1s de la muestra de pel\u00edculas, vamos a hacer un laboratorio de formaci\u00f3n y creaci\u00f3n de cortometrajes, para lo cual haremos una convocatoria abierta para comunidades de Guayaquil y Puerto L\u00f3pez, que es nuestra contraparte\u201d, explic\u00f3 Carvajal.<\/p>\n\n\n\n<p>Para el laboratorio citado se impartir\u00e1n talleres y, al final, se realizar\u00e1 un rodaje con estos equipos. La idea es que los cortometrajes desarrollados en el marco de este laboratorio se presenten en la secci\u00f3n de cortos realizados en comunidades del DocSlam, que en este 2025 tendr\u00e1 tres sedes, una de ellas es en Puerto L\u00f3pez. Las otras dos ser\u00e1n el MZ14 Centro de Producci\u00f3n e Innovaci\u00f3n UArtes y Barrica\u00f1a, un centro cultural, caf\u00e9 y galer\u00eda que tiene su historia en Guayaquil, pues ha recibido a numerosos personajes y tambi\u00e9n desarrollado m\u00faltiples actividades art\u00edsticas.<\/p>\n\n\n<div class=\"wp-block-image\">\n<figure class=\"aligncenter size-large\"><img decoding=\"async\" width=\"644\" height=\"429\" src=\"https:\/\/www.uartes.edu.ec\/sitio\/wp-content\/uploads\/2025\/01\/MUESTRA-CINE-DOCUMENTAL-WEB-768x512-1-644x429.jpg\" alt=\"\" class=\"wp-image-67593\" srcset=\"https:\/\/www.uartes.edu.ec\/sitio\/wp-content\/uploads\/2025\/01\/MUESTRA-CINE-DOCUMENTAL-WEB-768x512-1-644x429.jpg 644w, https:\/\/www.uartes.edu.ec\/sitio\/wp-content\/uploads\/2025\/01\/MUESTRA-CINE-DOCUMENTAL-WEB-768x512-1-300x200.jpg 300w, https:\/\/www.uartes.edu.ec\/sitio\/wp-content\/uploads\/2025\/01\/MUESTRA-CINE-DOCUMENTAL-WEB-768x512-1-18x12.jpg 18w, https:\/\/www.uartes.edu.ec\/sitio\/wp-content\/uploads\/2025\/01\/MUESTRA-CINE-DOCUMENTAL-WEB-768x512-1-600x400.jpg 600w, https:\/\/www.uartes.edu.ec\/sitio\/wp-content\/uploads\/2025\/01\/MUESTRA-CINE-DOCUMENTAL-WEB-768x512-1-400x267.jpg 400w, https:\/\/www.uartes.edu.ec\/sitio\/wp-content\/uploads\/2025\/01\/MUESTRA-CINE-DOCUMENTAL-WEB-768x512-1-272x182.jpg 272w, https:\/\/www.uartes.edu.ec\/sitio\/wp-content\/uploads\/2025\/01\/MUESTRA-CINE-DOCUMENTAL-WEB-768x512-1.jpg 768w\" sizes=\"(max-width: 644px) 100vw, 644px\" \/><\/figure>\n<\/div>\n\n\n<p>\u201cEstamos apoy\u00e1ndonos en Byron Cevallos, quien entr\u00f3 a aportar en el tema comunitario, justamente por su trabajo en territorio, y tambi\u00e9n con sus conocimientos en pedagog\u00eda; es un trabajo transversal entre las artes y la pedagog\u00eda\u201d, a\u00f1adi\u00f3 Carvajal y revel\u00f3 que, entre otros planteamientos que analizan para desarrollar el proyecto, est\u00e1 una muestra al aire libre, en el espacio p\u00fablico de Puerto L\u00f3pez y Guayaquil.<\/p>\n\n\n\n<p>En la tercera edici\u00f3n de DocSlam brindar\u00e1n tambi\u00e9n su apoyo Gabriel Erazo y Sol Zambrano. \u201cA este equipo se integra Johnson Morante, nuestra contraparte en Puerto L\u00f3pez\u201d, dijo Carvajal, anotando que el festival tendr\u00e1, como en las ediciones pasadas, invitados nacionales e internacionales y foros tras las proyecciones.<\/p>\n\n\n\n<h3 class=\"wp-block-heading\">Otros proyectos ganadores del IFCI<\/h3>\n\n\n\n<p>Tambi\u00e9n de la UArtes resultaron ganadores de los fondos concursables del Instituto de Fomento a la Creatividad y la Innovaci\u00f3n los proyectos del docente Pedro Mujica y la funcionaria Gilda S\u00e1nchez, de la Direcci\u00f3n de Formaci\u00f3n Continua.<\/p>\n\n\n\n<p><\/p>","protected":false},"excerpt":{"rendered":"<p>Docentes, graduados y estudiantes de la Universidad de las Artes respondieron a las convocatorias de los fondos concursables del Instituto de Fomento a la Creatividad y la Innovaci\u00f3n (IFCI) y las ganaron. Ocurri\u00f3 casi a finales del 2024. Aqu\u00ed detalles de dos de los proyectos ganadores: \u201cCarta de navegaci\u00f3n: libros a estribor\u201d y la tercera edici\u00f3n del Festival Internacional de Cine Documental DocSlam.   <\/p>","protected":false},"author":10,"featured_media":67603,"comment_status":"open","ping_status":"open","sticky":false,"template":"","format":"standard","meta":{"_acf_changed":false,"_uag_custom_page_level_css":"","_monsterinsights_skip_tracking":false,"_monsterinsights_sitenote_active":false,"_monsterinsights_sitenote_note":"","_monsterinsights_sitenote_category":0,"cybocfi_hide_featured_image":"","footnotes":""},"categories":[80,490,147,75,76,77,175],"tags":[540],"infouartes":[],"class_list":["post-67591","post","type-post","status-publish","format-standard","has-post-thumbnail","hentry","category-academico","category-alumni","category-cine","category-docentes","category-estudiantes","category-gestion","category-literatura","tag-proyecto"],"acf":[],"yoast_head":"<!-- This site is optimized with the Yoast SEO plugin v27.4 - https:\/\/yoast.com\/product\/yoast-seo-wordpress\/ -->\n<title>Universidad de las Artes - \u201cCarta de navegaci\u00f3n: libros a estribor\u201d y tercera edici\u00f3n de DocSlam, entre los proyectos ganadores de los fondos IFCI<\/title>\n<meta name=\"description\" content=\"Universidad de las Artes - \u201cCarta de navegaci\u00f3n: libros a estribor\u201d y tercera edici\u00f3n de DocSlam, entre los proyectos ganadores de los fondos IFCI\" \/>\n<meta name=\"robots\" content=\"index, follow, max-snippet:-1, max-image-preview:large, max-video-preview:-1\" \/>\n<link rel=\"canonical\" href=\"https:\/\/www.uartes.edu.ec\/sitio\/en\/blog\/2025\/01\/23\/carta-de-navegacion-libros-a-estribor-y-tercera-edicion-de-docslam-entre-los-proyectos-ganadores-de-los-fondos-ifci\/\" \/>\n<meta property=\"og:locale\" content=\"en_US\" \/>\n<meta property=\"og:type\" content=\"article\" \/>\n<meta property=\"og:title\" content=\"Universidad de las Artes - \u201cCarta de navegaci\u00f3n: libros a estribor\u201d y tercera edici\u00f3n de DocSlam, entre los proyectos ganadores de los fondos IFCI\" \/>\n<meta property=\"og:description\" content=\"Universidad de las Artes - \u201cCarta de navegaci\u00f3n: libros a estribor\u201d y tercera edici\u00f3n de DocSlam, entre los proyectos ganadores de los fondos IFCI\" \/>\n<meta property=\"og:url\" content=\"https:\/\/www.uartes.edu.ec\/sitio\/en\/blog\/2025\/01\/23\/carta-de-navegacion-libros-a-estribor-y-tercera-edicion-de-docslam-entre-los-proyectos-ganadores-de-los-fondos-ifci\/\" \/>\n<meta property=\"og:site_name\" content=\"Universidad de las Artes\" \/>\n<meta property=\"article:publisher\" content=\"https:\/\/www.facebook.com\/uartesec\" \/>\n<meta property=\"article:published_time\" content=\"2025-01-23T21:12:23+00:00\" \/>\n<meta property=\"article:modified_time\" content=\"2025-01-23T21:26:30+00:00\" \/>\n<meta property=\"og:image\" content=\"https:\/\/www.uartes.edu.ec\/sitio\/wp-content\/uploads\/2025\/01\/DOC-SLAM-1.jpg\" \/>\n\t<meta property=\"og:image:width\" content=\"2000\" \/>\n\t<meta property=\"og:image:height\" content=\"1333\" \/>\n\t<meta property=\"og:image:type\" content=\"image\/jpeg\" \/>\n<meta name=\"author\" content=\"ccortez\" \/>\n<meta name=\"twitter:card\" content=\"summary_large_image\" \/>\n<meta name=\"twitter:creator\" content=\"@uartesec\" \/>\n<meta name=\"twitter:site\" content=\"@uartesec\" \/>\n<meta name=\"twitter:label1\" content=\"Written by\" \/>\n\t<meta name=\"twitter:data1\" content=\"ccortez\" \/>\n\t<meta name=\"twitter:label2\" content=\"Est. reading time\" \/>\n\t<meta name=\"twitter:data2\" content=\"5 minutes\" \/>\n<script type=\"application\/ld+json\" class=\"yoast-schema-graph\">{\"@context\":\"https:\\\/\\\/schema.org\",\"@graph\":[{\"@type\":\"Article\",\"@id\":\"https:\\\/\\\/www.uartes.edu.ec\\\/sitio\\\/en\\\/blog\\\/2025\\\/01\\\/23\\\/carta-de-navegacion-libros-a-estribor-y-tercera-edicion-de-docslam-entre-los-proyectos-ganadores-de-los-fondos-ifci\\\/#article\",\"isPartOf\":{\"@id\":\"https:\\\/\\\/www.uartes.edu.ec\\\/sitio\\\/en\\\/blog\\\/2025\\\/01\\\/23\\\/carta-de-navegacion-libros-a-estribor-y-tercera-edicion-de-docslam-entre-los-proyectos-ganadores-de-los-fondos-ifci\\\/\"},\"author\":{\"name\":\"ccortez\",\"@id\":\"https:\\\/\\\/www.uartes.edu.ec\\\/sitio\\\/en\\\/#\\\/schema\\\/person\\\/efa1b8275797664fd7f13a79ccc0b1f4\"},\"headline\":\"\u201cCarta de navegaci\u00f3n: libros a estribor\u201d y tercera edici\u00f3n de DocSlam, entre los proyectos ganadores de los fondos IFCI\",\"datePublished\":\"2025-01-23T21:12:23+00:00\",\"dateModified\":\"2025-01-23T21:26:30+00:00\",\"mainEntityOfPage\":{\"@id\":\"https:\\\/\\\/www.uartes.edu.ec\\\/sitio\\\/en\\\/blog\\\/2025\\\/01\\\/23\\\/carta-de-navegacion-libros-a-estribor-y-tercera-edicion-de-docslam-entre-los-proyectos-ganadores-de-los-fondos-ifci\\\/\"},\"wordCount\":803,\"commentCount\":0,\"publisher\":{\"@id\":\"https:\\\/\\\/www.uartes.edu.ec\\\/sitio\\\/en\\\/#organization\"},\"image\":{\"@id\":\"https:\\\/\\\/www.uartes.edu.ec\\\/sitio\\\/en\\\/blog\\\/2025\\\/01\\\/23\\\/carta-de-navegacion-libros-a-estribor-y-tercera-edicion-de-docslam-entre-los-proyectos-ganadores-de-los-fondos-ifci\\\/#primaryimage\"},\"thumbnailUrl\":\"https:\\\/\\\/www.uartes.edu.ec\\\/sitio\\\/wp-content\\\/uploads\\\/2025\\\/01\\\/DOC-SLAM-1.jpg\",\"keywords\":[\"proyecto\"],\"articleSection\":[\"Acad\u00e9mico\",\"Alumni\",\"Cine\",\"Docentes\",\"Estudiantes\",\"Gesti\u00f3n\",\"Literatura\"],\"inLanguage\":\"en-US\",\"potentialAction\":[{\"@type\":\"CommentAction\",\"name\":\"Comment\",\"target\":[\"https:\\\/\\\/www.uartes.edu.ec\\\/sitio\\\/en\\\/blog\\\/2025\\\/01\\\/23\\\/carta-de-navegacion-libros-a-estribor-y-tercera-edicion-de-docslam-entre-los-proyectos-ganadores-de-los-fondos-ifci\\\/#respond\"]}]},{\"@type\":[\"WebPage\",\"ItemPage\"],\"@id\":\"https:\\\/\\\/www.uartes.edu.ec\\\/sitio\\\/en\\\/blog\\\/2025\\\/01\\\/23\\\/carta-de-navegacion-libros-a-estribor-y-tercera-edicion-de-docslam-entre-los-proyectos-ganadores-de-los-fondos-ifci\\\/\",\"url\":\"https:\\\/\\\/www.uartes.edu.ec\\\/sitio\\\/en\\\/blog\\\/2025\\\/01\\\/23\\\/carta-de-navegacion-libros-a-estribor-y-tercera-edicion-de-docslam-entre-los-proyectos-ganadores-de-los-fondos-ifci\\\/\",\"name\":\"Universidad de las Artes - \u201cCarta de navegaci\u00f3n: libros a estribor\u201d y tercera edici\u00f3n de DocSlam, entre los proyectos ganadores de los fondos IFCI\",\"isPartOf\":{\"@id\":\"https:\\\/\\\/www.uartes.edu.ec\\\/sitio\\\/en\\\/#website\"},\"primaryImageOfPage\":{\"@id\":\"https:\\\/\\\/www.uartes.edu.ec\\\/sitio\\\/en\\\/blog\\\/2025\\\/01\\\/23\\\/carta-de-navegacion-libros-a-estribor-y-tercera-edicion-de-docslam-entre-los-proyectos-ganadores-de-los-fondos-ifci\\\/#primaryimage\"},\"image\":{\"@id\":\"https:\\\/\\\/www.uartes.edu.ec\\\/sitio\\\/en\\\/blog\\\/2025\\\/01\\\/23\\\/carta-de-navegacion-libros-a-estribor-y-tercera-edicion-de-docslam-entre-los-proyectos-ganadores-de-los-fondos-ifci\\\/#primaryimage\"},\"thumbnailUrl\":\"https:\\\/\\\/www.uartes.edu.ec\\\/sitio\\\/wp-content\\\/uploads\\\/2025\\\/01\\\/DOC-SLAM-1.jpg\",\"datePublished\":\"2025-01-23T21:12:23+00:00\",\"dateModified\":\"2025-01-23T21:26:30+00:00\",\"description\":\"Universidad de las Artes - \u201cCarta de navegaci\u00f3n: libros a estribor\u201d y tercera edici\u00f3n de DocSlam, entre los proyectos ganadores de los fondos IFCI\",\"breadcrumb\":{\"@id\":\"https:\\\/\\\/www.uartes.edu.ec\\\/sitio\\\/en\\\/blog\\\/2025\\\/01\\\/23\\\/carta-de-navegacion-libros-a-estribor-y-tercera-edicion-de-docslam-entre-los-proyectos-ganadores-de-los-fondos-ifci\\\/#breadcrumb\"},\"inLanguage\":\"en-US\",\"potentialAction\":[{\"@type\":\"ReadAction\",\"target\":[\"https:\\\/\\\/www.uartes.edu.ec\\\/sitio\\\/en\\\/blog\\\/2025\\\/01\\\/23\\\/carta-de-navegacion-libros-a-estribor-y-tercera-edicion-de-docslam-entre-los-proyectos-ganadores-de-los-fondos-ifci\\\/\"]}]},{\"@type\":\"ImageObject\",\"inLanguage\":\"en-US\",\"@id\":\"https:\\\/\\\/www.uartes.edu.ec\\\/sitio\\\/en\\\/blog\\\/2025\\\/01\\\/23\\\/carta-de-navegacion-libros-a-estribor-y-tercera-edicion-de-docslam-entre-los-proyectos-ganadores-de-los-fondos-ifci\\\/#primaryimage\",\"url\":\"https:\\\/\\\/www.uartes.edu.ec\\\/sitio\\\/wp-content\\\/uploads\\\/2025\\\/01\\\/DOC-SLAM-1.jpg\",\"contentUrl\":\"https:\\\/\\\/www.uartes.edu.ec\\\/sitio\\\/wp-content\\\/uploads\\\/2025\\\/01\\\/DOC-SLAM-1.jpg\",\"width\":2000,\"height\":1333},{\"@type\":\"BreadcrumbList\",\"@id\":\"https:\\\/\\\/www.uartes.edu.ec\\\/sitio\\\/en\\\/blog\\\/2025\\\/01\\\/23\\\/carta-de-navegacion-libros-a-estribor-y-tercera-edicion-de-docslam-entre-los-proyectos-ganadores-de-los-fondos-ifci\\\/#breadcrumb\",\"itemListElement\":[{\"@type\":\"ListItem\",\"position\":1,\"name\":\"Inicio\",\"item\":\"https:\\\/\\\/www.uartes.edu.ec\\\/sitio\\\/\"},{\"@type\":\"ListItem\",\"position\":2,\"name\":\"\u201cCarta de navegaci\u00f3n: libros a estribor\u201d y tercera edici\u00f3n de DocSlam, entre los proyectos ganadores de los fondos IFCI\"}]},{\"@type\":\"WebSite\",\"@id\":\"https:\\\/\\\/www.uartes.edu.ec\\\/sitio\\\/en\\\/#website\",\"url\":\"https:\\\/\\\/www.uartes.edu.ec\\\/sitio\\\/en\\\/\",\"name\":\"Universidad de las Artes\",\"description\":\"Sitio oficial de la Universidad Nacional de las Artes del Ecuador\",\"publisher\":{\"@id\":\"https:\\\/\\\/www.uartes.edu.ec\\\/sitio\\\/en\\\/#organization\"},\"potentialAction\":[{\"@type\":\"SearchAction\",\"target\":{\"@type\":\"EntryPoint\",\"urlTemplate\":\"https:\\\/\\\/www.uartes.edu.ec\\\/sitio\\\/en\\\/?s={search_term_string}\"},\"query-input\":{\"@type\":\"PropertyValueSpecification\",\"valueRequired\":true,\"valueName\":\"search_term_string\"}}],\"inLanguage\":\"en-US\"},{\"@type\":\"Organization\",\"@id\":\"https:\\\/\\\/www.uartes.edu.ec\\\/sitio\\\/en\\\/#organization\",\"name\":\"Universidad de las Artes\",\"url\":\"https:\\\/\\\/www.uartes.edu.ec\\\/sitio\\\/en\\\/\",\"logo\":{\"@type\":\"ImageObject\",\"inLanguage\":\"en-US\",\"@id\":\"https:\\\/\\\/www.uartes.edu.ec\\\/sitio\\\/en\\\/#\\\/schema\\\/logo\\\/image\\\/\",\"url\":\"https:\\\/\\\/www.uartes.edu.ec\\\/sitio\\\/wp-content\\\/uploads\\\/2022\\\/07\\\/logo-ua-horizontal.png\",\"contentUrl\":\"https:\\\/\\\/www.uartes.edu.ec\\\/sitio\\\/wp-content\\\/uploads\\\/2022\\\/07\\\/logo-ua-horizontal.png\",\"width\":800,\"height\":276,\"caption\":\"Universidad de las Artes\"},\"image\":{\"@id\":\"https:\\\/\\\/www.uartes.edu.ec\\\/sitio\\\/en\\\/#\\\/schema\\\/logo\\\/image\\\/\"},\"sameAs\":[\"https:\\\/\\\/www.facebook.com\\\/uartesec\",\"https:\\\/\\\/x.com\\\/uartesec\",\"https:\\\/\\\/www.tiktok.com\\\/@uartesec\"]},{\"@type\":\"Person\",\"@id\":\"https:\\\/\\\/www.uartes.edu.ec\\\/sitio\\\/en\\\/#\\\/schema\\\/person\\\/efa1b8275797664fd7f13a79ccc0b1f4\",\"name\":\"ccortez\",\"image\":{\"@type\":\"ImageObject\",\"inLanguage\":\"en-US\",\"@id\":\"https:\\\/\\\/secure.gravatar.com\\\/avatar\\\/b2a6f664a3ae8e074346ef91775736c5ec479e637ecced6842de9dc98b5da9cd?s=96&d=mm&r=g\",\"url\":\"https:\\\/\\\/secure.gravatar.com\\\/avatar\\\/b2a6f664a3ae8e074346ef91775736c5ec479e637ecced6842de9dc98b5da9cd?s=96&d=mm&r=g\",\"contentUrl\":\"https:\\\/\\\/secure.gravatar.com\\\/avatar\\\/b2a6f664a3ae8e074346ef91775736c5ec479e637ecced6842de9dc98b5da9cd?s=96&d=mm&r=g\",\"caption\":\"ccortez\"},\"url\":\"https:\\\/\\\/www.uartes.edu.ec\\\/sitio\\\/en\\\/blog\\\/author\\\/ccortez\\\/\"}]}<\/script>\n<!-- \/ Yoast SEO plugin. -->","yoast_head_json":{"title":"Universidad de las Artes - \u201cCarta de navegaci\u00f3n: libros a estribor\u201d y tercera edici\u00f3n de DocSlam, entre los proyectos ganadores de los fondos IFCI","description":"Universidad de las Artes - \u201cCarta de navegaci\u00f3n: libros a estribor\u201d y tercera edici\u00f3n de DocSlam, entre los proyectos ganadores de los fondos IFCI","robots":{"index":"index","follow":"follow","max-snippet":"max-snippet:-1","max-image-preview":"max-image-preview:large","max-video-preview":"max-video-preview:-1"},"canonical":"https:\/\/www.uartes.edu.ec\/sitio\/en\/blog\/2025\/01\/23\/carta-de-navegacion-libros-a-estribor-y-tercera-edicion-de-docslam-entre-los-proyectos-ganadores-de-los-fondos-ifci\/","og_locale":"en_US","og_type":"article","og_title":"Universidad de las Artes - \u201cCarta de navegaci\u00f3n: libros a estribor\u201d y tercera edici\u00f3n de DocSlam, entre los proyectos ganadores de los fondos IFCI","og_description":"Universidad de las Artes - \u201cCarta de navegaci\u00f3n: libros a estribor\u201d y tercera edici\u00f3n de DocSlam, entre los proyectos ganadores de los fondos IFCI","og_url":"https:\/\/www.uartes.edu.ec\/sitio\/en\/blog\/2025\/01\/23\/carta-de-navegacion-libros-a-estribor-y-tercera-edicion-de-docslam-entre-los-proyectos-ganadores-de-los-fondos-ifci\/","og_site_name":"Universidad de las Artes","article_publisher":"https:\/\/www.facebook.com\/uartesec","article_published_time":"2025-01-23T21:12:23+00:00","article_modified_time":"2025-01-23T21:26:30+00:00","og_image":[{"width":2000,"height":1333,"url":"https:\/\/www.uartes.edu.ec\/sitio\/wp-content\/uploads\/2025\/01\/DOC-SLAM-1.jpg","type":"image\/jpeg"}],"author":"ccortez","twitter_card":"summary_large_image","twitter_creator":"@uartesec","twitter_site":"@uartesec","twitter_misc":{"Written by":"ccortez","Est. reading time":"5 minutes"},"schema":{"@context":"https:\/\/schema.org","@graph":[{"@type":"Article","@id":"https:\/\/www.uartes.edu.ec\/sitio\/en\/blog\/2025\/01\/23\/carta-de-navegacion-libros-a-estribor-y-tercera-edicion-de-docslam-entre-los-proyectos-ganadores-de-los-fondos-ifci\/#article","isPartOf":{"@id":"https:\/\/www.uartes.edu.ec\/sitio\/en\/blog\/2025\/01\/23\/carta-de-navegacion-libros-a-estribor-y-tercera-edicion-de-docslam-entre-los-proyectos-ganadores-de-los-fondos-ifci\/"},"author":{"name":"ccortez","@id":"https:\/\/www.uartes.edu.ec\/sitio\/en\/#\/schema\/person\/efa1b8275797664fd7f13a79ccc0b1f4"},"headline":"\u201cCarta de navegaci\u00f3n: libros a estribor\u201d y tercera edici\u00f3n de DocSlam, entre los proyectos ganadores de los fondos IFCI","datePublished":"2025-01-23T21:12:23+00:00","dateModified":"2025-01-23T21:26:30+00:00","mainEntityOfPage":{"@id":"https:\/\/www.uartes.edu.ec\/sitio\/en\/blog\/2025\/01\/23\/carta-de-navegacion-libros-a-estribor-y-tercera-edicion-de-docslam-entre-los-proyectos-ganadores-de-los-fondos-ifci\/"},"wordCount":803,"commentCount":0,"publisher":{"@id":"https:\/\/www.uartes.edu.ec\/sitio\/en\/#organization"},"image":{"@id":"https:\/\/www.uartes.edu.ec\/sitio\/en\/blog\/2025\/01\/23\/carta-de-navegacion-libros-a-estribor-y-tercera-edicion-de-docslam-entre-los-proyectos-ganadores-de-los-fondos-ifci\/#primaryimage"},"thumbnailUrl":"https:\/\/www.uartes.edu.ec\/sitio\/wp-content\/uploads\/2025\/01\/DOC-SLAM-1.jpg","keywords":["proyecto"],"articleSection":["Acad\u00e9mico","Alumni","Cine","Docentes","Estudiantes","Gesti\u00f3n","Literatura"],"inLanguage":"en-US","potentialAction":[{"@type":"CommentAction","name":"Comment","target":["https:\/\/www.uartes.edu.ec\/sitio\/en\/blog\/2025\/01\/23\/carta-de-navegacion-libros-a-estribor-y-tercera-edicion-de-docslam-entre-los-proyectos-ganadores-de-los-fondos-ifci\/#respond"]}]},{"@type":["WebPage","ItemPage"],"@id":"https:\/\/www.uartes.edu.ec\/sitio\/en\/blog\/2025\/01\/23\/carta-de-navegacion-libros-a-estribor-y-tercera-edicion-de-docslam-entre-los-proyectos-ganadores-de-los-fondos-ifci\/","url":"https:\/\/www.uartes.edu.ec\/sitio\/en\/blog\/2025\/01\/23\/carta-de-navegacion-libros-a-estribor-y-tercera-edicion-de-docslam-entre-los-proyectos-ganadores-de-los-fondos-ifci\/","name":"Universidad de las Artes - \u201cCarta de navegaci\u00f3n: libros a estribor\u201d y tercera edici\u00f3n de DocSlam, entre los proyectos ganadores de los fondos IFCI","isPartOf":{"@id":"https:\/\/www.uartes.edu.ec\/sitio\/en\/#website"},"primaryImageOfPage":{"@id":"https:\/\/www.uartes.edu.ec\/sitio\/en\/blog\/2025\/01\/23\/carta-de-navegacion-libros-a-estribor-y-tercera-edicion-de-docslam-entre-los-proyectos-ganadores-de-los-fondos-ifci\/#primaryimage"},"image":{"@id":"https:\/\/www.uartes.edu.ec\/sitio\/en\/blog\/2025\/01\/23\/carta-de-navegacion-libros-a-estribor-y-tercera-edicion-de-docslam-entre-los-proyectos-ganadores-de-los-fondos-ifci\/#primaryimage"},"thumbnailUrl":"https:\/\/www.uartes.edu.ec\/sitio\/wp-content\/uploads\/2025\/01\/DOC-SLAM-1.jpg","datePublished":"2025-01-23T21:12:23+00:00","dateModified":"2025-01-23T21:26:30+00:00","description":"Universidad de las Artes - \u201cCarta de navegaci\u00f3n: libros a estribor\u201d y tercera edici\u00f3n de DocSlam, entre los proyectos ganadores de los fondos IFCI","breadcrumb":{"@id":"https:\/\/www.uartes.edu.ec\/sitio\/en\/blog\/2025\/01\/23\/carta-de-navegacion-libros-a-estribor-y-tercera-edicion-de-docslam-entre-los-proyectos-ganadores-de-los-fondos-ifci\/#breadcrumb"},"inLanguage":"en-US","potentialAction":[{"@type":"ReadAction","target":["https:\/\/www.uartes.edu.ec\/sitio\/en\/blog\/2025\/01\/23\/carta-de-navegacion-libros-a-estribor-y-tercera-edicion-de-docslam-entre-los-proyectos-ganadores-de-los-fondos-ifci\/"]}]},{"@type":"ImageObject","inLanguage":"en-US","@id":"https:\/\/www.uartes.edu.ec\/sitio\/en\/blog\/2025\/01\/23\/carta-de-navegacion-libros-a-estribor-y-tercera-edicion-de-docslam-entre-los-proyectos-ganadores-de-los-fondos-ifci\/#primaryimage","url":"https:\/\/www.uartes.edu.ec\/sitio\/wp-content\/uploads\/2025\/01\/DOC-SLAM-1.jpg","contentUrl":"https:\/\/www.uartes.edu.ec\/sitio\/wp-content\/uploads\/2025\/01\/DOC-SLAM-1.jpg","width":2000,"height":1333},{"@type":"BreadcrumbList","@id":"https:\/\/www.uartes.edu.ec\/sitio\/en\/blog\/2025\/01\/23\/carta-de-navegacion-libros-a-estribor-y-tercera-edicion-de-docslam-entre-los-proyectos-ganadores-de-los-fondos-ifci\/#breadcrumb","itemListElement":[{"@type":"ListItem","position":1,"name":"Inicio","item":"https:\/\/www.uartes.edu.ec\/sitio\/"},{"@type":"ListItem","position":2,"name":"\u201cCarta de navegaci\u00f3n: libros a estribor\u201d y tercera edici\u00f3n de DocSlam, entre los proyectos ganadores de los fondos IFCI"}]},{"@type":"WebSite","@id":"https:\/\/www.uartes.edu.ec\/sitio\/en\/#website","url":"https:\/\/www.uartes.edu.ec\/sitio\/en\/","name":"Universidad de las Artes","description":"Sitio oficial de la Universidad Nacional de las Artes del Ecuador","publisher":{"@id":"https:\/\/www.uartes.edu.ec\/sitio\/en\/#organization"},"potentialAction":[{"@type":"SearchAction","target":{"@type":"EntryPoint","urlTemplate":"https:\/\/www.uartes.edu.ec\/sitio\/en\/?s={search_term_string}"},"query-input":{"@type":"PropertyValueSpecification","valueRequired":true,"valueName":"search_term_string"}}],"inLanguage":"en-US"},{"@type":"Organization","@id":"https:\/\/www.uartes.edu.ec\/sitio\/en\/#organization","name":"Universidad de las Artes","url":"https:\/\/www.uartes.edu.ec\/sitio\/en\/","logo":{"@type":"ImageObject","inLanguage":"en-US","@id":"https:\/\/www.uartes.edu.ec\/sitio\/en\/#\/schema\/logo\/image\/","url":"https:\/\/www.uartes.edu.ec\/sitio\/wp-content\/uploads\/2022\/07\/logo-ua-horizontal.png","contentUrl":"https:\/\/www.uartes.edu.ec\/sitio\/wp-content\/uploads\/2022\/07\/logo-ua-horizontal.png","width":800,"height":276,"caption":"Universidad de las Artes"},"image":{"@id":"https:\/\/www.uartes.edu.ec\/sitio\/en\/#\/schema\/logo\/image\/"},"sameAs":["https:\/\/www.facebook.com\/uartesec","https:\/\/x.com\/uartesec","https:\/\/www.tiktok.com\/@uartesec"]},{"@type":"Person","@id":"https:\/\/www.uartes.edu.ec\/sitio\/en\/#\/schema\/person\/efa1b8275797664fd7f13a79ccc0b1f4","name":"ccortez","image":{"@type":"ImageObject","inLanguage":"en-US","@id":"https:\/\/secure.gravatar.com\/avatar\/b2a6f664a3ae8e074346ef91775736c5ec479e637ecced6842de9dc98b5da9cd?s=96&d=mm&r=g","url":"https:\/\/secure.gravatar.com\/avatar\/b2a6f664a3ae8e074346ef91775736c5ec479e637ecced6842de9dc98b5da9cd?s=96&d=mm&r=g","contentUrl":"https:\/\/secure.gravatar.com\/avatar\/b2a6f664a3ae8e074346ef91775736c5ec479e637ecced6842de9dc98b5da9cd?s=96&d=mm&r=g","caption":"ccortez"},"url":"https:\/\/www.uartes.edu.ec\/sitio\/en\/blog\/author\/ccortez\/"}]}},"uagb_featured_image_src":{"full":["https:\/\/www.uartes.edu.ec\/sitio\/wp-content\/uploads\/2025\/01\/DOC-SLAM-1.jpg",2000,1333,false],"thumbnail":["https:\/\/www.uartes.edu.ec\/sitio\/wp-content\/uploads\/2025\/01\/DOC-SLAM-1-150x150.jpg",150,150,true],"medium":["https:\/\/www.uartes.edu.ec\/sitio\/wp-content\/uploads\/2025\/01\/DOC-SLAM-1-300x200.jpg",300,200,true],"medium_large":["https:\/\/www.uartes.edu.ec\/sitio\/wp-content\/uploads\/2025\/01\/DOC-SLAM-1-768x512.jpg",768,512,true],"large":["https:\/\/www.uartes.edu.ec\/sitio\/wp-content\/uploads\/2025\/01\/DOC-SLAM-1-644x429.jpg",644,429,true],"1536x1536":["https:\/\/www.uartes.edu.ec\/sitio\/wp-content\/uploads\/2025\/01\/DOC-SLAM-1-1536x1024.jpg",1536,1024,true],"2048x2048":["https:\/\/www.uartes.edu.ec\/sitio\/wp-content\/uploads\/2025\/01\/DOC-SLAM-1.jpg",2000,1333,false],"trp-custom-language-flag":["https:\/\/www.uartes.edu.ec\/sitio\/wp-content\/uploads\/2025\/01\/DOC-SLAM-1-18x12.jpg",18,12,true],"htmega_size_585x295":["https:\/\/www.uartes.edu.ec\/sitio\/wp-content\/uploads\/2025\/01\/DOC-SLAM-1-585x295.jpg",585,295,true],"htmega_size_1170x536":["https:\/\/www.uartes.edu.ec\/sitio\/wp-content\/uploads\/2025\/01\/DOC-SLAM-1-1170x536.jpg",1170,536,true],"htmega_size_396x360":["https:\/\/www.uartes.edu.ec\/sitio\/wp-content\/uploads\/2025\/01\/DOC-SLAM-1-396x360.jpg",396,360,true],"gb-block-post-grid-landscape":["https:\/\/www.uartes.edu.ec\/sitio\/wp-content\/uploads\/2025\/01\/DOC-SLAM-1-600x400.jpg",600,400,true],"gb-block-post-grid-square":["https:\/\/www.uartes.edu.ec\/sitio\/wp-content\/uploads\/2025\/01\/DOC-SLAM-1-600x600.jpg",600,600,true],"university-hub-thumb":["https:\/\/www.uartes.edu.ec\/sitio\/wp-content\/uploads\/2025\/01\/DOC-SLAM-1-400x267.jpg",400,267,true]},"uagb_author_info":{"display_name":"ccortez","author_link":"https:\/\/www.uartes.edu.ec\/sitio\/en\/blog\/author\/ccortez\/"},"uagb_comment_info":0,"uagb_excerpt":"Docentes, graduados y estudiantes de la Universidad de las Artes respondieron a las convocatorias de los fondos concursables del Instituto de Fomento a la Creatividad y la Innovaci\u00f3n (IFCI) y las ganaron. Ocurri\u00f3 casi a finales del 2024. Aqu\u00ed detalles de dos de los proyectos ganadores: \u201cCarta de navegaci\u00f3n: libros a estribor\u201d y la tercera&hellip;","featured_image_src":"https:\/\/www.uartes.edu.ec\/sitio\/wp-content\/uploads\/2025\/01\/DOC-SLAM-1-600x400.jpg","featured_image_src_square":"https:\/\/www.uartes.edu.ec\/sitio\/wp-content\/uploads\/2025\/01\/DOC-SLAM-1-600x600.jpg","author_info":{"display_name":"ccortez","author_link":"https:\/\/www.uartes.edu.ec\/sitio\/en\/blog\/author\/ccortez\/"},"publishpress_future_workflow_manual_trigger":{"enabledWorkflows":[]},"distributor_meta":false,"distributor_terms":false,"distributor_media":false,"distributor_original_site_name":"Universidad de las Artes","distributor_original_site_url":"https:\/\/www.uartes.edu.ec\/sitio\/en","push-errors":false,"_links":{"self":[{"href":"https:\/\/www.uartes.edu.ec\/sitio\/en\/wp-json\/wp\/v2\/posts\/67591","targetHints":{"allow":["GET"]}}],"collection":[{"href":"https:\/\/www.uartes.edu.ec\/sitio\/en\/wp-json\/wp\/v2\/posts"}],"about":[{"href":"https:\/\/www.uartes.edu.ec\/sitio\/en\/wp-json\/wp\/v2\/types\/post"}],"author":[{"embeddable":true,"href":"https:\/\/www.uartes.edu.ec\/sitio\/en\/wp-json\/wp\/v2\/users\/10"}],"replies":[{"embeddable":true,"href":"https:\/\/www.uartes.edu.ec\/sitio\/en\/wp-json\/wp\/v2\/comments?post=67591"}],"version-history":[{"count":6,"href":"https:\/\/www.uartes.edu.ec\/sitio\/en\/wp-json\/wp\/v2\/posts\/67591\/revisions"}],"predecessor-version":[{"id":67615,"href":"https:\/\/www.uartes.edu.ec\/sitio\/en\/wp-json\/wp\/v2\/posts\/67591\/revisions\/67615"}],"wp:featuredmedia":[{"embeddable":true,"href":"https:\/\/www.uartes.edu.ec\/sitio\/en\/wp-json\/wp\/v2\/media\/67603"}],"wp:attachment":[{"href":"https:\/\/www.uartes.edu.ec\/sitio\/en\/wp-json\/wp\/v2\/media?parent=67591"}],"wp:term":[{"taxonomy":"category","embeddable":true,"href":"https:\/\/www.uartes.edu.ec\/sitio\/en\/wp-json\/wp\/v2\/categories?post=67591"},{"taxonomy":"post_tag","embeddable":true,"href":"https:\/\/www.uartes.edu.ec\/sitio\/en\/wp-json\/wp\/v2\/tags?post=67591"},{"taxonomy":"infouartes","embeddable":true,"href":"https:\/\/www.uartes.edu.ec\/sitio\/en\/wp-json\/wp\/v2\/infouartes?post=67591"}],"curies":[{"name":"wp","href":"https:\/\/api.w.org\/{rel}","templated":true}]}}