{"id":67643,"date":"2025-01-24T14:39:39","date_gmt":"2025-01-24T19:39:39","guid":{"rendered":"https:\/\/www.uartes.edu.ec\/sitio\/?p=67643"},"modified":"2025-01-24T14:49:19","modified_gmt":"2025-01-24T19:49:19","slug":"reuvic-se-reunio-en-la-uartes-para-presentar-equipos-y-plan-de-trabajo-por-comisiones-maria-jose-icaza-se-mantiene-como-coordinadora-de-la-zona-5","status":"publish","type":"post","link":"https:\/\/www.uartes.edu.ec\/sitio\/en\/blog\/2025\/01\/24\/reuvic-se-reunio-en-la-uartes-para-presentar-equipos-y-plan-de-trabajo-por-comisiones-maria-jose-icaza-se-mantiene-como-coordinadora-de-la-zona-5\/","title":{"rendered":"El actual directorio de la REUVIC tuvo su primera reuni\u00f3n en la UArtes; Mar\u00eda Jos\u00e9 Icaza seguir\u00e1 como coordinadora zonal 5"},"content":{"rendered":"<p>La Universidad de las Artes fue sede la ma\u00f1ana y tarde de hoy, viernes 24 de enero, de la primera reuni\u00f3n del actual directorio y de los coordinadores zonales y asesores de la REUVIC, la Red Universitaria de Vinculaci\u00f3n con la Colectividad&nbsp;de la cual nuestra instituci\u00f3n es parte, convocada para dar a conocer los equipos y el plan de trabajo por comisiones.<\/p>\n\n\n\n<p>En el encuentro, que se desarroll\u00f3 en la Biblioteca de las Artes en formato h\u00edbrido, el rector UArtes, doctor William Herrera, reiter\u00f3 todo el apoyo de nuestra instituci\u00f3n a la gesti\u00f3n de REUVIC, cuya directiva fue elegida para el periodo 2024-2026. \u201cNos hemos tomado muy en serio lo que significa pensar y trabajar en funci\u00f3n de lo que es la vinculaci\u00f3n con la sociedad y la vinculaci\u00f3n con las otras funciones sustantivas de la educaci\u00f3n superior\u201d, dijo.<\/p>\n\n\n\n<p>El rector indic\u00f3 tambi\u00e9n la decisi\u00f3n de consolidar el proyecto de vinculaci\u00f3n con la sociedad y de tratar de integrar cada vez m\u00e1s a compa\u00f1eros de las distintas unidades acad\u00e9micas y tener presente, sobre todo, la importancia de hacerlo en colaboraci\u00f3n de la comunidad. \u201cAl analizar los objetivos que nos planteamos desde nuestras distintas universidades identificamos visiones en com\u00fan\u201d, sostuvo el doctor Herrera.<\/p>\n\n\n<div class=\"wp-block-image\">\n<figure class=\"aligncenter size-large\"><img fetchpriority=\"high\" decoding=\"async\" width=\"644\" height=\"429\" src=\"https:\/\/www.uartes.edu.ec\/sitio\/wp-content\/uploads\/2025\/01\/01-REUVIC-2025-644x429.jpg\" alt=\"\" class=\"wp-image-67645\" srcset=\"https:\/\/www.uartes.edu.ec\/sitio\/wp-content\/uploads\/2025\/01\/01-REUVIC-2025-644x429.jpg 644w, https:\/\/www.uartes.edu.ec\/sitio\/wp-content\/uploads\/2025\/01\/01-REUVIC-2025-300x200.jpg 300w, https:\/\/www.uartes.edu.ec\/sitio\/wp-content\/uploads\/2025\/01\/01-REUVIC-2025-768x512.jpg 768w, https:\/\/www.uartes.edu.ec\/sitio\/wp-content\/uploads\/2025\/01\/01-REUVIC-2025-1536x1024.jpg 1536w, https:\/\/www.uartes.edu.ec\/sitio\/wp-content\/uploads\/2025\/01\/01-REUVIC-2025-18x12.jpg 18w, https:\/\/www.uartes.edu.ec\/sitio\/wp-content\/uploads\/2025\/01\/01-REUVIC-2025-600x400.jpg 600w, https:\/\/www.uartes.edu.ec\/sitio\/wp-content\/uploads\/2025\/01\/01-REUVIC-2025-400x267.jpg 400w, https:\/\/www.uartes.edu.ec\/sitio\/wp-content\/uploads\/2025\/01\/01-REUVIC-2025-272x182.jpg 272w, https:\/\/www.uartes.edu.ec\/sitio\/wp-content\/uploads\/2025\/01\/01-REUVIC-2025.jpg 2000w\" sizes=\"(max-width: 644px) 100vw, 644px\" \/><\/figure>\n<\/div>\n\n\n<p>La presidencia de la REUVIC est\u00e1 a cargo de Anita Santos, Ph. D., de la Universidad T\u00e9cnica Particular de Loja; Santiago Manzano, Ph. D., de la Universidad T\u00e9cnica de Ambato, es vicepresidente de universidades y escuelas polit\u00e9cnicas; Gisella Huela, Mg., del Instituto Superior Tecnol\u00f3gico Sucre, es vicepresidenta de los institutos superiores tecnol\u00f3gicos; y Adriana Santos, Ph. D., de la Escuela Superior Polit\u00e9cnica del Litoral, es secretaria.<\/p>\n\n\n\n<p>Cabe anotar que, de REUVIC la UArtes no es solo parte, sino que la directora de Vinculaci\u00f3n con la Sociedad, mag\u00edster Mar\u00eda Jos\u00e9 Icaza, ha venido coordinando la zona 5, que corresponde a las provincias del Guayas, Santa Elena, Los R\u00edos y Bol\u00edvar, y el actual directorio ha ratificado este encargo. En su intervenci\u00f3n, Icaza reiter\u00f3 el firme compromiso con la vinculaci\u00f3n y, sobre todo, con la Red Universitaria de Vinculaci\u00f3n con la Colectividad, de la que destac\u00f3 el trabajo com\u00fan, colaborativo y solidario.<\/p>\n\n\n\n<figure class=\"wp-block-gallery has-nested-images columns-default is-cropped wp-block-gallery-1 is-layout-flex wp-block-gallery-is-layout-flex\">\n<figure class=\"wp-block-image size-large\"><img decoding=\"async\" width=\"644\" height=\"429\" data-id=\"67646\" src=\"https:\/\/www.uartes.edu.ec\/sitio\/wp-content\/uploads\/2025\/01\/05-REUVIC-2025-644x429.jpg\" alt=\"\" class=\"wp-image-67646\" srcset=\"https:\/\/www.uartes.edu.ec\/sitio\/wp-content\/uploads\/2025\/01\/05-REUVIC-2025-644x429.jpg 644w, https:\/\/www.uartes.edu.ec\/sitio\/wp-content\/uploads\/2025\/01\/05-REUVIC-2025-300x200.jpg 300w, https:\/\/www.uartes.edu.ec\/sitio\/wp-content\/uploads\/2025\/01\/05-REUVIC-2025-768x512.jpg 768w, https:\/\/www.uartes.edu.ec\/sitio\/wp-content\/uploads\/2025\/01\/05-REUVIC-2025-1536x1024.jpg 1536w, https:\/\/www.uartes.edu.ec\/sitio\/wp-content\/uploads\/2025\/01\/05-REUVIC-2025-18x12.jpg 18w, https:\/\/www.uartes.edu.ec\/sitio\/wp-content\/uploads\/2025\/01\/05-REUVIC-2025-600x400.jpg 600w, https:\/\/www.uartes.edu.ec\/sitio\/wp-content\/uploads\/2025\/01\/05-REUVIC-2025-400x267.jpg 400w, https:\/\/www.uartes.edu.ec\/sitio\/wp-content\/uploads\/2025\/01\/05-REUVIC-2025-272x182.jpg 272w, https:\/\/www.uartes.edu.ec\/sitio\/wp-content\/uploads\/2025\/01\/05-REUVIC-2025.jpg 2000w\" sizes=\"(max-width: 644px) 100vw, 644px\" \/><\/figure>\n\n\n\n<figure class=\"wp-block-image size-large\"><img decoding=\"async\" width=\"644\" height=\"429\" data-id=\"67647\" src=\"https:\/\/www.uartes.edu.ec\/sitio\/wp-content\/uploads\/2025\/01\/04-REUVIC-2025-644x429.jpg\" alt=\"\" class=\"wp-image-67647\" srcset=\"https:\/\/www.uartes.edu.ec\/sitio\/wp-content\/uploads\/2025\/01\/04-REUVIC-2025-644x429.jpg 644w, https:\/\/www.uartes.edu.ec\/sitio\/wp-content\/uploads\/2025\/01\/04-REUVIC-2025-300x200.jpg 300w, https:\/\/www.uartes.edu.ec\/sitio\/wp-content\/uploads\/2025\/01\/04-REUVIC-2025-768x512.jpg 768w, https:\/\/www.uartes.edu.ec\/sitio\/wp-content\/uploads\/2025\/01\/04-REUVIC-2025-1536x1024.jpg 1536w, https:\/\/www.uartes.edu.ec\/sitio\/wp-content\/uploads\/2025\/01\/04-REUVIC-2025-18x12.jpg 18w, https:\/\/www.uartes.edu.ec\/sitio\/wp-content\/uploads\/2025\/01\/04-REUVIC-2025-600x400.jpg 600w, https:\/\/www.uartes.edu.ec\/sitio\/wp-content\/uploads\/2025\/01\/04-REUVIC-2025-400x267.jpg 400w, https:\/\/www.uartes.edu.ec\/sitio\/wp-content\/uploads\/2025\/01\/04-REUVIC-2025-272x182.jpg 272w, https:\/\/www.uartes.edu.ec\/sitio\/wp-content\/uploads\/2025\/01\/04-REUVIC-2025.jpg 2000w\" sizes=\"(max-width: 644px) 100vw, 644px\" \/><\/figure>\n<\/figure>\n\n\n\n<p><\/p>\n\n\n\n<p>La presidenta de la REUVIC destac\u00f3 la importancia de poder abordar el concepto de la vinculaci\u00f3n para las instituciones de educaci\u00f3n superior, as\u00ed como el conocerse entre quienes conforman la Red. Se puede hacer la diferencia del trabajo que se hace generando v\u00ednculos humanos y relaciones, dijo y con ese prop\u00f3sito invit\u00f3 a los miembros que participaron a intervenir. Todos lo hicieron, tanto los presentes como quienes se conectaron v\u00eda online.<\/p>\n\n\n\n<p>En la virtualidad, los vicepresidentes de la REUVIC Santiago Manzano, de la Universidad T\u00e9cnica de Ambato, y Gisella Huela, del Instituto Superior Tecnol\u00f3gico Sucre. Igualmente, Mar\u00eda Elena Sandoval, de la Universidad Regional Aut\u00f3noma de los Andes (UNIANDES); Gustavo Germ\u00e1n Gualoto, de la Universidad T\u00e9cnica del Norte; Fausto Acurio P\u00e1ez, de la Universidad de Cuenca, acompa\u00f1ado por Ruth Cordero, quien es parte del equipo de Vinculaci\u00f3n con Sociedad de la UCuenca; y Hern\u00e1n Torres, de la Universidad Nacional de Loja.<\/p>\n\n\n<div class=\"wp-block-image\">\n<figure class=\"aligncenter size-large\"><img loading=\"lazy\" decoding=\"async\" width=\"644\" height=\"429\" src=\"https:\/\/www.uartes.edu.ec\/sitio\/wp-content\/uploads\/2025\/01\/03-REUVIC-2025-644x429.jpg\" alt=\"\" class=\"wp-image-67648\" srcset=\"https:\/\/www.uartes.edu.ec\/sitio\/wp-content\/uploads\/2025\/01\/03-REUVIC-2025-644x429.jpg 644w, https:\/\/www.uartes.edu.ec\/sitio\/wp-content\/uploads\/2025\/01\/03-REUVIC-2025-300x200.jpg 300w, https:\/\/www.uartes.edu.ec\/sitio\/wp-content\/uploads\/2025\/01\/03-REUVIC-2025-768x512.jpg 768w, https:\/\/www.uartes.edu.ec\/sitio\/wp-content\/uploads\/2025\/01\/03-REUVIC-2025-1536x1024.jpg 1536w, https:\/\/www.uartes.edu.ec\/sitio\/wp-content\/uploads\/2025\/01\/03-REUVIC-2025-18x12.jpg 18w, https:\/\/www.uartes.edu.ec\/sitio\/wp-content\/uploads\/2025\/01\/03-REUVIC-2025-600x400.jpg 600w, https:\/\/www.uartes.edu.ec\/sitio\/wp-content\/uploads\/2025\/01\/03-REUVIC-2025-400x267.jpg 400w, https:\/\/www.uartes.edu.ec\/sitio\/wp-content\/uploads\/2025\/01\/03-REUVIC-2025-272x182.jpg 272w, https:\/\/www.uartes.edu.ec\/sitio\/wp-content\/uploads\/2025\/01\/03-REUVIC-2025.jpg 2000w\" sizes=\"(max-width: 644px) 100vw, 644px\" \/><\/figure>\n<\/div>\n\n\n<p>Presentes en la Biblioteca de las Artes tambi\u00e9n estuvieron Mar\u00eda Ver\u00f3nica Idrobo, de la Pontificia Universidad Cat\u00f3lica del Ecuador; y Fabi\u00e1n Vera Anzules, del Instituto Superior Tecnol\u00f3gico Paulo Emilio Mac\u00edas.<\/p>\n\n\n\n<p>Seguidamente, se hizo la entrega f\u00edsica de los nombramientos a los coordinadores zonales y dio inici\u00f3 a un taller para conocer el plan de trabajo por comisiones. Estas son de: Institucionalizaci\u00f3n y planificaci\u00f3n, Proyectos e internacionalizaci\u00f3n, Comunicaci\u00f3n, educaci\u00f3n continua y acciones de vinculaci\u00f3n y Empleabilidad y seguimiento a graduados.<\/p>\n\n\n\n<p>Hasta el cierre de esta edici\u00f3n, la REUVIC se manten\u00eda en el taller. Estaba previsto que la reuni\u00f3n concluya con resoluciones de la jornada y un recorrido por la Biblioteca de las Artes.<\/p>\n\n\n\n<p><\/p>","protected":false},"excerpt":{"rendered":"<p>La Universidad de las Artes fue sede hoy de la primera reuni\u00f3n del actual directorio y de los coordinadores zonales y asesores de la REUVIC, la Red Universitaria de Vinculaci\u00f3n con la Colectividad de la cual nuestra instituci\u00f3n es parte, convocada para dar a conocer los equipos y el plan de trabajo por comisiones. En la cita, desarrollada en formato h\u00edbrido, el rector William Herrera reiter\u00f3 todo el apoyo de nuestra instituci\u00f3n a la gesti\u00f3n. <\/p>","protected":false},"author":10,"featured_media":67644,"comment_status":"open","ping_status":"open","sticky":false,"template":"","format":"standard","meta":{"_acf_changed":false,"_uag_custom_page_level_css":"","_monsterinsights_skip_tracking":false,"_monsterinsights_sitenote_active":false,"_monsterinsights_sitenote_note":"","_monsterinsights_sitenote_category":0,"cybocfi_hide_featured_image":"","footnotes":""},"categories":[77,83,79],"tags":[993],"infouartes":[],"class_list":["post-67643","post","type-post","status-publish","format-standard","has-post-thumbnail","hentry","category-gestion","category-sedes","category-vinculo","tag-vinculacion"],"acf":[],"yoast_head":"<!-- This site is optimized with the Yoast SEO plugin v27.4 - https:\/\/yoast.com\/product\/yoast-seo-wordpress\/ -->\n<title>Universidad de las Artes - El actual directorio de la REUVIC tuvo su primera reuni\u00f3n en la UArtes; Mar\u00eda Jos\u00e9 Icaza seguir\u00e1 como coordinadora zonal 5<\/title>\n<meta name=\"description\" content=\"Universidad de las Artes - El actual directorio de la REUVIC tuvo su primera reuni\u00f3n en la UArtes; Mar\u00eda Jos\u00e9 Icaza seguir\u00e1 como coordinadora zonal 5\" \/>\n<meta name=\"robots\" content=\"index, follow, max-snippet:-1, max-image-preview:large, max-video-preview:-1\" \/>\n<link rel=\"canonical\" href=\"https:\/\/www.uartes.edu.ec\/sitio\/en\/blog\/2025\/01\/24\/reuvic-se-reunio-en-la-uartes-para-presentar-equipos-y-plan-de-trabajo-por-comisiones-maria-jose-icaza-se-mantiene-como-coordinadora-de-la-zona-5\/\" \/>\n<meta property=\"og:locale\" content=\"en_US\" \/>\n<meta property=\"og:type\" content=\"article\" \/>\n<meta property=\"og:title\" content=\"Universidad de las Artes - El actual directorio de la REUVIC tuvo su primera reuni\u00f3n en la UArtes; Mar\u00eda Jos\u00e9 Icaza seguir\u00e1 como coordinadora zonal 5\" \/>\n<meta property=\"og:description\" content=\"Universidad de las Artes - El actual directorio de la REUVIC tuvo su primera reuni\u00f3n en la UArtes; Mar\u00eda Jos\u00e9 Icaza seguir\u00e1 como coordinadora zonal 5\" \/>\n<meta property=\"og:url\" content=\"https:\/\/www.uartes.edu.ec\/sitio\/en\/blog\/2025\/01\/24\/reuvic-se-reunio-en-la-uartes-para-presentar-equipos-y-plan-de-trabajo-por-comisiones-maria-jose-icaza-se-mantiene-como-coordinadora-de-la-zona-5\/\" \/>\n<meta property=\"og:site_name\" content=\"Universidad de las Artes\" \/>\n<meta property=\"article:publisher\" content=\"https:\/\/www.facebook.com\/uartesec\" \/>\n<meta property=\"article:published_time\" content=\"2025-01-24T19:39:39+00:00\" \/>\n<meta property=\"article:modified_time\" content=\"2025-01-24T19:49:19+00:00\" \/>\n<meta property=\"og:image\" content=\"https:\/\/www.uartes.edu.ec\/sitio\/wp-content\/uploads\/2025\/01\/07-REUVIC-2025.jpg\" \/>\n\t<meta property=\"og:image:width\" content=\"2000\" \/>\n\t<meta property=\"og:image:height\" content=\"1333\" \/>\n\t<meta property=\"og:image:type\" content=\"image\/jpeg\" \/>\n<meta name=\"author\" content=\"ccortez\" \/>\n<meta name=\"twitter:card\" content=\"summary_large_image\" \/>\n<meta name=\"twitter:creator\" content=\"@uartesec\" \/>\n<meta name=\"twitter:site\" content=\"@uartesec\" \/>\n<meta name=\"twitter:label1\" content=\"Written by\" \/>\n\t<meta name=\"twitter:data1\" content=\"ccortez\" \/>\n\t<meta name=\"twitter:label2\" content=\"Est. reading time\" \/>\n\t<meta name=\"twitter:data2\" content=\"4 minutes\" \/>\n<script type=\"application\/ld+json\" class=\"yoast-schema-graph\">{\"@context\":\"https:\\\/\\\/schema.org\",\"@graph\":[{\"@type\":\"Article\",\"@id\":\"https:\\\/\\\/www.uartes.edu.ec\\\/sitio\\\/en\\\/blog\\\/2025\\\/01\\\/24\\\/reuvic-se-reunio-en-la-uartes-para-presentar-equipos-y-plan-de-trabajo-por-comisiones-maria-jose-icaza-se-mantiene-como-coordinadora-de-la-zona-5\\\/#article\",\"isPartOf\":{\"@id\":\"https:\\\/\\\/www.uartes.edu.ec\\\/sitio\\\/en\\\/blog\\\/2025\\\/01\\\/24\\\/reuvic-se-reunio-en-la-uartes-para-presentar-equipos-y-plan-de-trabajo-por-comisiones-maria-jose-icaza-se-mantiene-como-coordinadora-de-la-zona-5\\\/\"},\"author\":{\"name\":\"ccortez\",\"@id\":\"https:\\\/\\\/www.uartes.edu.ec\\\/sitio\\\/en\\\/#\\\/schema\\\/person\\\/efa1b8275797664fd7f13a79ccc0b1f4\"},\"headline\":\"El actual directorio de la REUVIC tuvo su primera reuni\u00f3n en la UArtes; Mar\u00eda Jos\u00e9 Icaza seguir\u00e1 como coordinadora zonal 5\",\"datePublished\":\"2025-01-24T19:39:39+00:00\",\"dateModified\":\"2025-01-24T19:49:19+00:00\",\"mainEntityOfPage\":{\"@id\":\"https:\\\/\\\/www.uartes.edu.ec\\\/sitio\\\/en\\\/blog\\\/2025\\\/01\\\/24\\\/reuvic-se-reunio-en-la-uartes-para-presentar-equipos-y-plan-de-trabajo-por-comisiones-maria-jose-icaza-se-mantiene-como-coordinadora-de-la-zona-5\\\/\"},\"wordCount\":702,\"commentCount\":0,\"publisher\":{\"@id\":\"https:\\\/\\\/www.uartes.edu.ec\\\/sitio\\\/en\\\/#organization\"},\"image\":{\"@id\":\"https:\\\/\\\/www.uartes.edu.ec\\\/sitio\\\/en\\\/blog\\\/2025\\\/01\\\/24\\\/reuvic-se-reunio-en-la-uartes-para-presentar-equipos-y-plan-de-trabajo-por-comisiones-maria-jose-icaza-se-mantiene-como-coordinadora-de-la-zona-5\\\/#primaryimage\"},\"thumbnailUrl\":\"https:\\\/\\\/www.uartes.edu.ec\\\/sitio\\\/wp-content\\\/uploads\\\/2025\\\/01\\\/07-REUVIC-2025.jpg\",\"keywords\":[\"vinculaci\u00f3n\"],\"articleSection\":[\"Gesti\u00f3n\",\"Sedes\",\"V\u00ednculo\"],\"inLanguage\":\"en-US\",\"potentialAction\":[{\"@type\":\"CommentAction\",\"name\":\"Comment\",\"target\":[\"https:\\\/\\\/www.uartes.edu.ec\\\/sitio\\\/en\\\/blog\\\/2025\\\/01\\\/24\\\/reuvic-se-reunio-en-la-uartes-para-presentar-equipos-y-plan-de-trabajo-por-comisiones-maria-jose-icaza-se-mantiene-como-coordinadora-de-la-zona-5\\\/#respond\"]}]},{\"@type\":[\"WebPage\",\"ItemPage\"],\"@id\":\"https:\\\/\\\/www.uartes.edu.ec\\\/sitio\\\/en\\\/blog\\\/2025\\\/01\\\/24\\\/reuvic-se-reunio-en-la-uartes-para-presentar-equipos-y-plan-de-trabajo-por-comisiones-maria-jose-icaza-se-mantiene-como-coordinadora-de-la-zona-5\\\/\",\"url\":\"https:\\\/\\\/www.uartes.edu.ec\\\/sitio\\\/en\\\/blog\\\/2025\\\/01\\\/24\\\/reuvic-se-reunio-en-la-uartes-para-presentar-equipos-y-plan-de-trabajo-por-comisiones-maria-jose-icaza-se-mantiene-como-coordinadora-de-la-zona-5\\\/\",\"name\":\"Universidad de las Artes - El actual directorio de la REUVIC tuvo su primera reuni\u00f3n en la UArtes; Mar\u00eda Jos\u00e9 Icaza seguir\u00e1 como coordinadora zonal 5\",\"isPartOf\":{\"@id\":\"https:\\\/\\\/www.uartes.edu.ec\\\/sitio\\\/en\\\/#website\"},\"primaryImageOfPage\":{\"@id\":\"https:\\\/\\\/www.uartes.edu.ec\\\/sitio\\\/en\\\/blog\\\/2025\\\/01\\\/24\\\/reuvic-se-reunio-en-la-uartes-para-presentar-equipos-y-plan-de-trabajo-por-comisiones-maria-jose-icaza-se-mantiene-como-coordinadora-de-la-zona-5\\\/#primaryimage\"},\"image\":{\"@id\":\"https:\\\/\\\/www.uartes.edu.ec\\\/sitio\\\/en\\\/blog\\\/2025\\\/01\\\/24\\\/reuvic-se-reunio-en-la-uartes-para-presentar-equipos-y-plan-de-trabajo-por-comisiones-maria-jose-icaza-se-mantiene-como-coordinadora-de-la-zona-5\\\/#primaryimage\"},\"thumbnailUrl\":\"https:\\\/\\\/www.uartes.edu.ec\\\/sitio\\\/wp-content\\\/uploads\\\/2025\\\/01\\\/07-REUVIC-2025.jpg\",\"datePublished\":\"2025-01-24T19:39:39+00:00\",\"dateModified\":\"2025-01-24T19:49:19+00:00\",\"description\":\"Universidad de las Artes - El actual directorio de la REUVIC tuvo su primera reuni\u00f3n en la UArtes; Mar\u00eda Jos\u00e9 Icaza seguir\u00e1 como coordinadora zonal 5\",\"breadcrumb\":{\"@id\":\"https:\\\/\\\/www.uartes.edu.ec\\\/sitio\\\/en\\\/blog\\\/2025\\\/01\\\/24\\\/reuvic-se-reunio-en-la-uartes-para-presentar-equipos-y-plan-de-trabajo-por-comisiones-maria-jose-icaza-se-mantiene-como-coordinadora-de-la-zona-5\\\/#breadcrumb\"},\"inLanguage\":\"en-US\",\"potentialAction\":[{\"@type\":\"ReadAction\",\"target\":[\"https:\\\/\\\/www.uartes.edu.ec\\\/sitio\\\/en\\\/blog\\\/2025\\\/01\\\/24\\\/reuvic-se-reunio-en-la-uartes-para-presentar-equipos-y-plan-de-trabajo-por-comisiones-maria-jose-icaza-se-mantiene-como-coordinadora-de-la-zona-5\\\/\"]}]},{\"@type\":\"ImageObject\",\"inLanguage\":\"en-US\",\"@id\":\"https:\\\/\\\/www.uartes.edu.ec\\\/sitio\\\/en\\\/blog\\\/2025\\\/01\\\/24\\\/reuvic-se-reunio-en-la-uartes-para-presentar-equipos-y-plan-de-trabajo-por-comisiones-maria-jose-icaza-se-mantiene-como-coordinadora-de-la-zona-5\\\/#primaryimage\",\"url\":\"https:\\\/\\\/www.uartes.edu.ec\\\/sitio\\\/wp-content\\\/uploads\\\/2025\\\/01\\\/07-REUVIC-2025.jpg\",\"contentUrl\":\"https:\\\/\\\/www.uartes.edu.ec\\\/sitio\\\/wp-content\\\/uploads\\\/2025\\\/01\\\/07-REUVIC-2025.jpg\",\"width\":2000,\"height\":1333},{\"@type\":\"BreadcrumbList\",\"@id\":\"https:\\\/\\\/www.uartes.edu.ec\\\/sitio\\\/en\\\/blog\\\/2025\\\/01\\\/24\\\/reuvic-se-reunio-en-la-uartes-para-presentar-equipos-y-plan-de-trabajo-por-comisiones-maria-jose-icaza-se-mantiene-como-coordinadora-de-la-zona-5\\\/#breadcrumb\",\"itemListElement\":[{\"@type\":\"ListItem\",\"position\":1,\"name\":\"Inicio\",\"item\":\"https:\\\/\\\/www.uartes.edu.ec\\\/sitio\\\/\"},{\"@type\":\"ListItem\",\"position\":2,\"name\":\"El actual directorio de la REUVIC tuvo su primera reuni\u00f3n en la UArtes; Mar\u00eda Jos\u00e9 Icaza seguir\u00e1 como coordinadora zonal 5\"}]},{\"@type\":\"WebSite\",\"@id\":\"https:\\\/\\\/www.uartes.edu.ec\\\/sitio\\\/en\\\/#website\",\"url\":\"https:\\\/\\\/www.uartes.edu.ec\\\/sitio\\\/en\\\/\",\"name\":\"Universidad de las Artes\",\"description\":\"Sitio oficial de la Universidad Nacional de las Artes del Ecuador\",\"publisher\":{\"@id\":\"https:\\\/\\\/www.uartes.edu.ec\\\/sitio\\\/en\\\/#organization\"},\"potentialAction\":[{\"@type\":\"SearchAction\",\"target\":{\"@type\":\"EntryPoint\",\"urlTemplate\":\"https:\\\/\\\/www.uartes.edu.ec\\\/sitio\\\/en\\\/?s={search_term_string}\"},\"query-input\":{\"@type\":\"PropertyValueSpecification\",\"valueRequired\":true,\"valueName\":\"search_term_string\"}}],\"inLanguage\":\"en-US\"},{\"@type\":\"Organization\",\"@id\":\"https:\\\/\\\/www.uartes.edu.ec\\\/sitio\\\/en\\\/#organization\",\"name\":\"Universidad de las Artes\",\"url\":\"https:\\\/\\\/www.uartes.edu.ec\\\/sitio\\\/en\\\/\",\"logo\":{\"@type\":\"ImageObject\",\"inLanguage\":\"en-US\",\"@id\":\"https:\\\/\\\/www.uartes.edu.ec\\\/sitio\\\/en\\\/#\\\/schema\\\/logo\\\/image\\\/\",\"url\":\"https:\\\/\\\/www.uartes.edu.ec\\\/sitio\\\/wp-content\\\/uploads\\\/2022\\\/07\\\/logo-ua-horizontal.png\",\"contentUrl\":\"https:\\\/\\\/www.uartes.edu.ec\\\/sitio\\\/wp-content\\\/uploads\\\/2022\\\/07\\\/logo-ua-horizontal.png\",\"width\":800,\"height\":276,\"caption\":\"Universidad de las Artes\"},\"image\":{\"@id\":\"https:\\\/\\\/www.uartes.edu.ec\\\/sitio\\\/en\\\/#\\\/schema\\\/logo\\\/image\\\/\"},\"sameAs\":[\"https:\\\/\\\/www.facebook.com\\\/uartesec\",\"https:\\\/\\\/x.com\\\/uartesec\",\"https:\\\/\\\/www.tiktok.com\\\/@uartesec\"]},{\"@type\":\"Person\",\"@id\":\"https:\\\/\\\/www.uartes.edu.ec\\\/sitio\\\/en\\\/#\\\/schema\\\/person\\\/efa1b8275797664fd7f13a79ccc0b1f4\",\"name\":\"ccortez\",\"image\":{\"@type\":\"ImageObject\",\"inLanguage\":\"en-US\",\"@id\":\"https:\\\/\\\/secure.gravatar.com\\\/avatar\\\/b2a6f664a3ae8e074346ef91775736c5ec479e637ecced6842de9dc98b5da9cd?s=96&d=mm&r=g\",\"url\":\"https:\\\/\\\/secure.gravatar.com\\\/avatar\\\/b2a6f664a3ae8e074346ef91775736c5ec479e637ecced6842de9dc98b5da9cd?s=96&d=mm&r=g\",\"contentUrl\":\"https:\\\/\\\/secure.gravatar.com\\\/avatar\\\/b2a6f664a3ae8e074346ef91775736c5ec479e637ecced6842de9dc98b5da9cd?s=96&d=mm&r=g\",\"caption\":\"ccortez\"},\"url\":\"https:\\\/\\\/www.uartes.edu.ec\\\/sitio\\\/en\\\/blog\\\/author\\\/ccortez\\\/\"}]}<\/script>\n<!-- \/ Yoast SEO plugin. -->","yoast_head_json":{"title":"Universidad de las Artes - El actual directorio de la REUVIC tuvo su primera reuni\u00f3n en la UArtes; Mar\u00eda Jos\u00e9 Icaza seguir\u00e1 como coordinadora zonal 5","description":"Universidad de las Artes - El actual directorio de la REUVIC tuvo su primera reuni\u00f3n en la UArtes; Mar\u00eda Jos\u00e9 Icaza seguir\u00e1 como coordinadora zonal 5","robots":{"index":"index","follow":"follow","max-snippet":"max-snippet:-1","max-image-preview":"max-image-preview:large","max-video-preview":"max-video-preview:-1"},"canonical":"https:\/\/www.uartes.edu.ec\/sitio\/en\/blog\/2025\/01\/24\/reuvic-se-reunio-en-la-uartes-para-presentar-equipos-y-plan-de-trabajo-por-comisiones-maria-jose-icaza-se-mantiene-como-coordinadora-de-la-zona-5\/","og_locale":"en_US","og_type":"article","og_title":"Universidad de las Artes - El actual directorio de la REUVIC tuvo su primera reuni\u00f3n en la UArtes; Mar\u00eda Jos\u00e9 Icaza seguir\u00e1 como coordinadora zonal 5","og_description":"Universidad de las Artes - El actual directorio de la REUVIC tuvo su primera reuni\u00f3n en la UArtes; Mar\u00eda Jos\u00e9 Icaza seguir\u00e1 como coordinadora zonal 5","og_url":"https:\/\/www.uartes.edu.ec\/sitio\/en\/blog\/2025\/01\/24\/reuvic-se-reunio-en-la-uartes-para-presentar-equipos-y-plan-de-trabajo-por-comisiones-maria-jose-icaza-se-mantiene-como-coordinadora-de-la-zona-5\/","og_site_name":"Universidad de las Artes","article_publisher":"https:\/\/www.facebook.com\/uartesec","article_published_time":"2025-01-24T19:39:39+00:00","article_modified_time":"2025-01-24T19:49:19+00:00","og_image":[{"width":2000,"height":1333,"url":"https:\/\/www.uartes.edu.ec\/sitio\/wp-content\/uploads\/2025\/01\/07-REUVIC-2025.jpg","type":"image\/jpeg"}],"author":"ccortez","twitter_card":"summary_large_image","twitter_creator":"@uartesec","twitter_site":"@uartesec","twitter_misc":{"Written by":"ccortez","Est. reading time":"4 minutes"},"schema":{"@context":"https:\/\/schema.org","@graph":[{"@type":"Article","@id":"https:\/\/www.uartes.edu.ec\/sitio\/en\/blog\/2025\/01\/24\/reuvic-se-reunio-en-la-uartes-para-presentar-equipos-y-plan-de-trabajo-por-comisiones-maria-jose-icaza-se-mantiene-como-coordinadora-de-la-zona-5\/#article","isPartOf":{"@id":"https:\/\/www.uartes.edu.ec\/sitio\/en\/blog\/2025\/01\/24\/reuvic-se-reunio-en-la-uartes-para-presentar-equipos-y-plan-de-trabajo-por-comisiones-maria-jose-icaza-se-mantiene-como-coordinadora-de-la-zona-5\/"},"author":{"name":"ccortez","@id":"https:\/\/www.uartes.edu.ec\/sitio\/en\/#\/schema\/person\/efa1b8275797664fd7f13a79ccc0b1f4"},"headline":"El actual directorio de la REUVIC tuvo su primera reuni\u00f3n en la UArtes; Mar\u00eda Jos\u00e9 Icaza seguir\u00e1 como coordinadora zonal 5","datePublished":"2025-01-24T19:39:39+00:00","dateModified":"2025-01-24T19:49:19+00:00","mainEntityOfPage":{"@id":"https:\/\/www.uartes.edu.ec\/sitio\/en\/blog\/2025\/01\/24\/reuvic-se-reunio-en-la-uartes-para-presentar-equipos-y-plan-de-trabajo-por-comisiones-maria-jose-icaza-se-mantiene-como-coordinadora-de-la-zona-5\/"},"wordCount":702,"commentCount":0,"publisher":{"@id":"https:\/\/www.uartes.edu.ec\/sitio\/en\/#organization"},"image":{"@id":"https:\/\/www.uartes.edu.ec\/sitio\/en\/blog\/2025\/01\/24\/reuvic-se-reunio-en-la-uartes-para-presentar-equipos-y-plan-de-trabajo-por-comisiones-maria-jose-icaza-se-mantiene-como-coordinadora-de-la-zona-5\/#primaryimage"},"thumbnailUrl":"https:\/\/www.uartes.edu.ec\/sitio\/wp-content\/uploads\/2025\/01\/07-REUVIC-2025.jpg","keywords":["vinculaci\u00f3n"],"articleSection":["Gesti\u00f3n","Sedes","V\u00ednculo"],"inLanguage":"en-US","potentialAction":[{"@type":"CommentAction","name":"Comment","target":["https:\/\/www.uartes.edu.ec\/sitio\/en\/blog\/2025\/01\/24\/reuvic-se-reunio-en-la-uartes-para-presentar-equipos-y-plan-de-trabajo-por-comisiones-maria-jose-icaza-se-mantiene-como-coordinadora-de-la-zona-5\/#respond"]}]},{"@type":["WebPage","ItemPage"],"@id":"https:\/\/www.uartes.edu.ec\/sitio\/en\/blog\/2025\/01\/24\/reuvic-se-reunio-en-la-uartes-para-presentar-equipos-y-plan-de-trabajo-por-comisiones-maria-jose-icaza-se-mantiene-como-coordinadora-de-la-zona-5\/","url":"https:\/\/www.uartes.edu.ec\/sitio\/en\/blog\/2025\/01\/24\/reuvic-se-reunio-en-la-uartes-para-presentar-equipos-y-plan-de-trabajo-por-comisiones-maria-jose-icaza-se-mantiene-como-coordinadora-de-la-zona-5\/","name":"Universidad de las Artes - El actual directorio de la REUVIC tuvo su primera reuni\u00f3n en la UArtes; Mar\u00eda Jos\u00e9 Icaza seguir\u00e1 como coordinadora zonal 5","isPartOf":{"@id":"https:\/\/www.uartes.edu.ec\/sitio\/en\/#website"},"primaryImageOfPage":{"@id":"https:\/\/www.uartes.edu.ec\/sitio\/en\/blog\/2025\/01\/24\/reuvic-se-reunio-en-la-uartes-para-presentar-equipos-y-plan-de-trabajo-por-comisiones-maria-jose-icaza-se-mantiene-como-coordinadora-de-la-zona-5\/#primaryimage"},"image":{"@id":"https:\/\/www.uartes.edu.ec\/sitio\/en\/blog\/2025\/01\/24\/reuvic-se-reunio-en-la-uartes-para-presentar-equipos-y-plan-de-trabajo-por-comisiones-maria-jose-icaza-se-mantiene-como-coordinadora-de-la-zona-5\/#primaryimage"},"thumbnailUrl":"https:\/\/www.uartes.edu.ec\/sitio\/wp-content\/uploads\/2025\/01\/07-REUVIC-2025.jpg","datePublished":"2025-01-24T19:39:39+00:00","dateModified":"2025-01-24T19:49:19+00:00","description":"Universidad de las Artes - El actual directorio de la REUVIC tuvo su primera reuni\u00f3n en la UArtes; Mar\u00eda Jos\u00e9 Icaza seguir\u00e1 como coordinadora zonal 5","breadcrumb":{"@id":"https:\/\/www.uartes.edu.ec\/sitio\/en\/blog\/2025\/01\/24\/reuvic-se-reunio-en-la-uartes-para-presentar-equipos-y-plan-de-trabajo-por-comisiones-maria-jose-icaza-se-mantiene-como-coordinadora-de-la-zona-5\/#breadcrumb"},"inLanguage":"en-US","potentialAction":[{"@type":"ReadAction","target":["https:\/\/www.uartes.edu.ec\/sitio\/en\/blog\/2025\/01\/24\/reuvic-se-reunio-en-la-uartes-para-presentar-equipos-y-plan-de-trabajo-por-comisiones-maria-jose-icaza-se-mantiene-como-coordinadora-de-la-zona-5\/"]}]},{"@type":"ImageObject","inLanguage":"en-US","@id":"https:\/\/www.uartes.edu.ec\/sitio\/en\/blog\/2025\/01\/24\/reuvic-se-reunio-en-la-uartes-para-presentar-equipos-y-plan-de-trabajo-por-comisiones-maria-jose-icaza-se-mantiene-como-coordinadora-de-la-zona-5\/#primaryimage","url":"https:\/\/www.uartes.edu.ec\/sitio\/wp-content\/uploads\/2025\/01\/07-REUVIC-2025.jpg","contentUrl":"https:\/\/www.uartes.edu.ec\/sitio\/wp-content\/uploads\/2025\/01\/07-REUVIC-2025.jpg","width":2000,"height":1333},{"@type":"BreadcrumbList","@id":"https:\/\/www.uartes.edu.ec\/sitio\/en\/blog\/2025\/01\/24\/reuvic-se-reunio-en-la-uartes-para-presentar-equipos-y-plan-de-trabajo-por-comisiones-maria-jose-icaza-se-mantiene-como-coordinadora-de-la-zona-5\/#breadcrumb","itemListElement":[{"@type":"ListItem","position":1,"name":"Inicio","item":"https:\/\/www.uartes.edu.ec\/sitio\/"},{"@type":"ListItem","position":2,"name":"El actual directorio de la REUVIC tuvo su primera reuni\u00f3n en la UArtes; Mar\u00eda Jos\u00e9 Icaza seguir\u00e1 como coordinadora zonal 5"}]},{"@type":"WebSite","@id":"https:\/\/www.uartes.edu.ec\/sitio\/en\/#website","url":"https:\/\/www.uartes.edu.ec\/sitio\/en\/","name":"Universidad de las Artes","description":"Sitio oficial de la Universidad Nacional de las Artes del Ecuador","publisher":{"@id":"https:\/\/www.uartes.edu.ec\/sitio\/en\/#organization"},"potentialAction":[{"@type":"SearchAction","target":{"@type":"EntryPoint","urlTemplate":"https:\/\/www.uartes.edu.ec\/sitio\/en\/?s={search_term_string}"},"query-input":{"@type":"PropertyValueSpecification","valueRequired":true,"valueName":"search_term_string"}}],"inLanguage":"en-US"},{"@type":"Organization","@id":"https:\/\/www.uartes.edu.ec\/sitio\/en\/#organization","name":"Universidad de las Artes","url":"https:\/\/www.uartes.edu.ec\/sitio\/en\/","logo":{"@type":"ImageObject","inLanguage":"en-US","@id":"https:\/\/www.uartes.edu.ec\/sitio\/en\/#\/schema\/logo\/image\/","url":"https:\/\/www.uartes.edu.ec\/sitio\/wp-content\/uploads\/2022\/07\/logo-ua-horizontal.png","contentUrl":"https:\/\/www.uartes.edu.ec\/sitio\/wp-content\/uploads\/2022\/07\/logo-ua-horizontal.png","width":800,"height":276,"caption":"Universidad de las Artes"},"image":{"@id":"https:\/\/www.uartes.edu.ec\/sitio\/en\/#\/schema\/logo\/image\/"},"sameAs":["https:\/\/www.facebook.com\/uartesec","https:\/\/x.com\/uartesec","https:\/\/www.tiktok.com\/@uartesec"]},{"@type":"Person","@id":"https:\/\/www.uartes.edu.ec\/sitio\/en\/#\/schema\/person\/efa1b8275797664fd7f13a79ccc0b1f4","name":"ccortez","image":{"@type":"ImageObject","inLanguage":"en-US","@id":"https:\/\/secure.gravatar.com\/avatar\/b2a6f664a3ae8e074346ef91775736c5ec479e637ecced6842de9dc98b5da9cd?s=96&d=mm&r=g","url":"https:\/\/secure.gravatar.com\/avatar\/b2a6f664a3ae8e074346ef91775736c5ec479e637ecced6842de9dc98b5da9cd?s=96&d=mm&r=g","contentUrl":"https:\/\/secure.gravatar.com\/avatar\/b2a6f664a3ae8e074346ef91775736c5ec479e637ecced6842de9dc98b5da9cd?s=96&d=mm&r=g","caption":"ccortez"},"url":"https:\/\/www.uartes.edu.ec\/sitio\/en\/blog\/author\/ccortez\/"}]}},"uagb_featured_image_src":{"full":["https:\/\/www.uartes.edu.ec\/sitio\/wp-content\/uploads\/2025\/01\/07-REUVIC-2025.jpg",2000,1333,false],"thumbnail":["https:\/\/www.uartes.edu.ec\/sitio\/wp-content\/uploads\/2025\/01\/07-REUVIC-2025-150x150.jpg",150,150,true],"medium":["https:\/\/www.uartes.edu.ec\/sitio\/wp-content\/uploads\/2025\/01\/07-REUVIC-2025-300x200.jpg",300,200,true],"medium_large":["https:\/\/www.uartes.edu.ec\/sitio\/wp-content\/uploads\/2025\/01\/07-REUVIC-2025-768x512.jpg",768,512,true],"large":["https:\/\/www.uartes.edu.ec\/sitio\/wp-content\/uploads\/2025\/01\/07-REUVIC-2025-644x429.jpg",644,429,true],"1536x1536":["https:\/\/www.uartes.edu.ec\/sitio\/wp-content\/uploads\/2025\/01\/07-REUVIC-2025-1536x1024.jpg",1536,1024,true],"2048x2048":["https:\/\/www.uartes.edu.ec\/sitio\/wp-content\/uploads\/2025\/01\/07-REUVIC-2025.jpg",2000,1333,false],"trp-custom-language-flag":["https:\/\/www.uartes.edu.ec\/sitio\/wp-content\/uploads\/2025\/01\/07-REUVIC-2025-18x12.jpg",18,12,true],"htmega_size_585x295":["https:\/\/www.uartes.edu.ec\/sitio\/wp-content\/uploads\/2025\/01\/07-REUVIC-2025-585x295.jpg",585,295,true],"htmega_size_1170x536":["https:\/\/www.uartes.edu.ec\/sitio\/wp-content\/uploads\/2025\/01\/07-REUVIC-2025-1170x536.jpg",1170,536,true],"htmega_size_396x360":["https:\/\/www.uartes.edu.ec\/sitio\/wp-content\/uploads\/2025\/01\/07-REUVIC-2025-396x360.jpg",396,360,true],"gb-block-post-grid-landscape":["https:\/\/www.uartes.edu.ec\/sitio\/wp-content\/uploads\/2025\/01\/07-REUVIC-2025-600x400.jpg",600,400,true],"gb-block-post-grid-square":["https:\/\/www.uartes.edu.ec\/sitio\/wp-content\/uploads\/2025\/01\/07-REUVIC-2025-600x600.jpg",600,600,true],"university-hub-thumb":["https:\/\/www.uartes.edu.ec\/sitio\/wp-content\/uploads\/2025\/01\/07-REUVIC-2025-400x267.jpg",400,267,true]},"uagb_author_info":{"display_name":"ccortez","author_link":"https:\/\/www.uartes.edu.ec\/sitio\/en\/blog\/author\/ccortez\/"},"uagb_comment_info":0,"uagb_excerpt":"La Universidad de las Artes fue sede hoy de la primera reuni\u00f3n del actual directorio y de los coordinadores zonales y asesores de la REUVIC, la Red Universitaria de Vinculaci\u00f3n con la Colectividad de la cual nuestra instituci\u00f3n es parte, convocada para dar a conocer los equipos y el plan de trabajo por comisiones. En&hellip;","featured_image_src":"https:\/\/www.uartes.edu.ec\/sitio\/wp-content\/uploads\/2025\/01\/07-REUVIC-2025-600x400.jpg","featured_image_src_square":"https:\/\/www.uartes.edu.ec\/sitio\/wp-content\/uploads\/2025\/01\/07-REUVIC-2025-600x600.jpg","author_info":{"display_name":"ccortez","author_link":"https:\/\/www.uartes.edu.ec\/sitio\/en\/blog\/author\/ccortez\/"},"publishpress_future_workflow_manual_trigger":{"enabledWorkflows":[]},"distributor_meta":false,"distributor_terms":false,"distributor_media":false,"distributor_original_site_name":"Universidad de las Artes","distributor_original_site_url":"https:\/\/www.uartes.edu.ec\/sitio\/en","push-errors":false,"_links":{"self":[{"href":"https:\/\/www.uartes.edu.ec\/sitio\/en\/wp-json\/wp\/v2\/posts\/67643","targetHints":{"allow":["GET"]}}],"collection":[{"href":"https:\/\/www.uartes.edu.ec\/sitio\/en\/wp-json\/wp\/v2\/posts"}],"about":[{"href":"https:\/\/www.uartes.edu.ec\/sitio\/en\/wp-json\/wp\/v2\/types\/post"}],"author":[{"embeddable":true,"href":"https:\/\/www.uartes.edu.ec\/sitio\/en\/wp-json\/wp\/v2\/users\/10"}],"replies":[{"embeddable":true,"href":"https:\/\/www.uartes.edu.ec\/sitio\/en\/wp-json\/wp\/v2\/comments?post=67643"}],"version-history":[{"count":10,"href":"https:\/\/www.uartes.edu.ec\/sitio\/en\/wp-json\/wp\/v2\/posts\/67643\/revisions"}],"predecessor-version":[{"id":67680,"href":"https:\/\/www.uartes.edu.ec\/sitio\/en\/wp-json\/wp\/v2\/posts\/67643\/revisions\/67680"}],"wp:featuredmedia":[{"embeddable":true,"href":"https:\/\/www.uartes.edu.ec\/sitio\/en\/wp-json\/wp\/v2\/media\/67644"}],"wp:attachment":[{"href":"https:\/\/www.uartes.edu.ec\/sitio\/en\/wp-json\/wp\/v2\/media?parent=67643"}],"wp:term":[{"taxonomy":"category","embeddable":true,"href":"https:\/\/www.uartes.edu.ec\/sitio\/en\/wp-json\/wp\/v2\/categories?post=67643"},{"taxonomy":"post_tag","embeddable":true,"href":"https:\/\/www.uartes.edu.ec\/sitio\/en\/wp-json\/wp\/v2\/tags?post=67643"},{"taxonomy":"infouartes","embeddable":true,"href":"https:\/\/www.uartes.edu.ec\/sitio\/en\/wp-json\/wp\/v2\/infouartes?post=67643"}],"curies":[{"name":"wp","href":"https:\/\/api.w.org\/{rel}","templated":true}]}}