{"id":67682,"date":"2025-01-24T14:53:47","date_gmt":"2025-01-24T19:53:47","guid":{"rendered":"https:\/\/www.uartes.edu.ec\/sitio\/?p=67682"},"modified":"2025-01-24T15:39:23","modified_gmt":"2025-01-24T20:39:23","slug":"comunidad-uartes-elegira-el-31-de-enero-a-los-representantes-estudiantiles-y-de-servidores-y-trabajadores-ante-el-ocs-y-los-ced","status":"publish","type":"post","link":"https:\/\/www.uartes.edu.ec\/sitio\/en\/blog\/2025\/01\/24\/comunidad-uartes-elegira-el-31-de-enero-a-los-representantes-estudiantiles-y-de-servidores-y-trabajadores-ante-el-ocs-y-los-ced\/","title":{"rendered":"Comunidad UArtes elegir\u00e1 el 31 de enero a los representantes estudiantiles y de los servidores y trabajadores ante OCS y CDE"},"content":{"rendered":"<p>El Tribunal Electoral de la Universidad de las Artes invita a la comunidad universitaria a las elecciones internas que tendr\u00e1n lugar el pr\u00f3ximo viernes 31 de enero de 2025 para elegir a los representantes estudiantiles al \u00d3rgano Colegiado Superior (OCS) y a los Consejos Directivos de Escuela (CDE), as\u00ed como a los representantes de los servidores y trabajadores ante el OCS y los CDE. Este ejercicio democr\u00e1tico de vital importancia en el marco del cogobierno se har\u00e1 mediante la plataforma de voto UArtes.<\/p>\n\n\n\n<p>\u00bfQui\u00e9nes est\u00e1n convocados a sufragar y c\u00f3mo hacerlo? La abogada Estela Narv\u00e1ez, secretaria del Tribunal Electoral, record\u00f3 que pondr\u00e1n participar en el sufragio los estudiantes que est\u00e1n cursando el segundo a\u00f1o de carrera y los trabajadores y servidores que tienen nombramiento definitivo y contrato indefinido.<\/p>\n\n\n\n<p>\u201cEsto quiere decir que ellos se encuentran empadronados y, por tanto, pueden participar en el proceso electoral\u201d, indic\u00f3 Narv\u00e1ez. Agreg\u00f3 que la constancia de estar empadronados les llegar\u00e1 al correo electr\u00f3nico institucional, deber\u00e1n ingresar con sus credenciales y validar su participaci\u00f3n en las elecciones del 31 de enero.<\/p>\n\n\n\n<p>El proceso del voto electr\u00f3nico arrancar\u00e1 a las 08:00 y concluir\u00e1 a las 17:00. Acorde al cronograma aprobado por el Tribunal Electoral UArtes , actualmente presidido por el docente David Villarreal, publicar\u00e1 los resultados el lunes 3 de febrero, las impugnaciones a los resultados se podr\u00e1n hacer del martes 4 al mi\u00e9rcoles 5. El TE resolver\u00e1 las impugnaciones hasta el jueves 13 y los resultados finales tras esta etapa se dar\u00e1n el viernes 14.<\/p>\n\n\n\n<p>\u201cLos candidatos que ganaron las representaciones estudiantiles y administrativas ante el \u00d3rgano Colegiado Superior y los Consejos Directivos de Escuela entrar\u00e1n en funciones a partir del 1 de abril de 2025\u201d, anot\u00f3 Narv\u00e1ez.<\/p>\n\n\n\n<p>Vale anotar que, el periodo de representaci\u00f3n de los estudiantes ante el OCS y los CDE es de un a\u00f1o y para los representantes de los servidores y trabajadores ante el OCS y los CDE el periodo es de dos a\u00f1os. Los representantes acad\u00e9micos para el OCS y los CDE tienen tres a\u00f1os, ellos se encuentran en funciones, pues fueron elegidos en 2024.<\/p>","protected":false},"excerpt":{"rendered":"<p>El Tribunal Electoral de la UArtes invita a la comunidad universitaria a las elecciones que tendr\u00e1n lugar el viernes 31 de enero para elegir a los representantes estudiantiles y de los servidores y trabajadores ante el \u00d3rgano Colegiado Superior (OCS) y los Consejos Directivos de Escuela (CDE), as\u00ed como a los representantes. Este ejercicio democr\u00e1tico en el marco del cogobierno se har\u00e1 mediante la plataforma de voto UArtes. <\/p>","protected":false},"author":10,"featured_media":67683,"comment_status":"open","ping_status":"open","sticky":false,"template":"","format":"standard","meta":{"_acf_changed":false,"_uag_custom_page_level_css":"","_monsterinsights_skip_tracking":false,"_monsterinsights_sitenote_active":false,"_monsterinsights_sitenote_note":"","_monsterinsights_sitenote_category":0,"cybocfi_hide_featured_image":"","footnotes":""},"categories":[438,159,150,157,147,76,77,175,465,83],"tags":[865],"infouartes":[],"class_list":["post-67682","post","type-post","status-publish","format-standard","has-post-thumbnail","hentry","category-administrativos","category-artes-escenicas","category-artes-sonoras","category-artes-visuales","category-cine","category-estudiantes","category-gestion","category-literatura","category-ocs","category-sedes","tag-elecciones"],"acf":[],"yoast_head":"<!-- This site is optimized with the Yoast SEO plugin v27.4 - https:\/\/yoast.com\/product\/yoast-seo-wordpress\/ -->\n<title>Universidad de las Artes - Comunidad UArtes elegir\u00e1 el 31 de enero a los representantes estudiantiles y de los servidores y trabajadores ante OCS y CDE<\/title>\n<meta name=\"description\" content=\"Universidad de las Artes - Comunidad UArtes elegir\u00e1 el 31 de enero a los representantes estudiantiles y de los servidores y trabajadores ante OCS y CDE\" \/>\n<meta name=\"robots\" content=\"index, follow, max-snippet:-1, max-image-preview:large, max-video-preview:-1\" \/>\n<link rel=\"canonical\" href=\"https:\/\/www.uartes.edu.ec\/sitio\/en\/blog\/2025\/01\/24\/comunidad-uartes-elegira-el-31-de-enero-a-los-representantes-estudiantiles-y-de-servidores-y-trabajadores-ante-el-ocs-y-los-ced\/\" \/>\n<meta property=\"og:locale\" content=\"en_US\" \/>\n<meta property=\"og:type\" content=\"article\" \/>\n<meta property=\"og:title\" content=\"Universidad de las Artes - Comunidad UArtes elegir\u00e1 el 31 de enero a los representantes estudiantiles y de los servidores y trabajadores ante OCS y CDE\" \/>\n<meta property=\"og:description\" content=\"Universidad de las Artes - Comunidad UArtes elegir\u00e1 el 31 de enero a los representantes estudiantiles y de los servidores y trabajadores ante OCS y CDE\" \/>\n<meta property=\"og:url\" content=\"https:\/\/www.uartes.edu.ec\/sitio\/en\/blog\/2025\/01\/24\/comunidad-uartes-elegira-el-31-de-enero-a-los-representantes-estudiantiles-y-de-servidores-y-trabajadores-ante-el-ocs-y-los-ced\/\" \/>\n<meta property=\"og:site_name\" content=\"Universidad de las Artes\" \/>\n<meta property=\"article:publisher\" content=\"https:\/\/www.facebook.com\/uartesec\" \/>\n<meta property=\"article:published_time\" content=\"2025-01-24T19:53:47+00:00\" \/>\n<meta property=\"article:modified_time\" content=\"2025-01-24T20:39:23+00:00\" \/>\n<meta property=\"og:image\" content=\"https:\/\/www.uartes.edu.ec\/sitio\/wp-content\/uploads\/2025\/01\/UARTES-DECIDE-2025-1.jpg\" \/>\n\t<meta property=\"og:image:width\" content=\"2000\" \/>\n\t<meta property=\"og:image:height\" content=\"1333\" \/>\n\t<meta property=\"og:image:type\" content=\"image\/jpeg\" \/>\n<meta name=\"author\" content=\"ccortez\" \/>\n<meta name=\"twitter:card\" content=\"summary_large_image\" \/>\n<meta name=\"twitter:creator\" content=\"@uartesec\" \/>\n<meta name=\"twitter:site\" content=\"@uartesec\" \/>\n<meta name=\"twitter:label1\" content=\"Written by\" \/>\n\t<meta name=\"twitter:data1\" content=\"ccortez\" \/>\n\t<meta name=\"twitter:label2\" content=\"Est. reading time\" \/>\n\t<meta name=\"twitter:data2\" content=\"2 minutes\" \/>\n<script type=\"application\/ld+json\" class=\"yoast-schema-graph\">{\"@context\":\"https:\\\/\\\/schema.org\",\"@graph\":[{\"@type\":\"Article\",\"@id\":\"https:\\\/\\\/www.uartes.edu.ec\\\/sitio\\\/en\\\/blog\\\/2025\\\/01\\\/24\\\/comunidad-uartes-elegira-el-31-de-enero-a-los-representantes-estudiantiles-y-de-servidores-y-trabajadores-ante-el-ocs-y-los-ced\\\/#article\",\"isPartOf\":{\"@id\":\"https:\\\/\\\/www.uartes.edu.ec\\\/sitio\\\/en\\\/blog\\\/2025\\\/01\\\/24\\\/comunidad-uartes-elegira-el-31-de-enero-a-los-representantes-estudiantiles-y-de-servidores-y-trabajadores-ante-el-ocs-y-los-ced\\\/\"},\"author\":{\"name\":\"ccortez\",\"@id\":\"https:\\\/\\\/www.uartes.edu.ec\\\/sitio\\\/en\\\/#\\\/schema\\\/person\\\/efa1b8275797664fd7f13a79ccc0b1f4\"},\"headline\":\"Comunidad UArtes elegir\u00e1 el 31 de enero a los representantes estudiantiles y de los servidores y trabajadores ante OCS y CDE\",\"datePublished\":\"2025-01-24T19:53:47+00:00\",\"dateModified\":\"2025-01-24T20:39:23+00:00\",\"mainEntityOfPage\":{\"@id\":\"https:\\\/\\\/www.uartes.edu.ec\\\/sitio\\\/en\\\/blog\\\/2025\\\/01\\\/24\\\/comunidad-uartes-elegira-el-31-de-enero-a-los-representantes-estudiantiles-y-de-servidores-y-trabajadores-ante-el-ocs-y-los-ced\\\/\"},\"wordCount\":377,\"commentCount\":0,\"publisher\":{\"@id\":\"https:\\\/\\\/www.uartes.edu.ec\\\/sitio\\\/en\\\/#organization\"},\"image\":{\"@id\":\"https:\\\/\\\/www.uartes.edu.ec\\\/sitio\\\/en\\\/blog\\\/2025\\\/01\\\/24\\\/comunidad-uartes-elegira-el-31-de-enero-a-los-representantes-estudiantiles-y-de-servidores-y-trabajadores-ante-el-ocs-y-los-ced\\\/#primaryimage\"},\"thumbnailUrl\":\"https:\\\/\\\/www.uartes.edu.ec\\\/sitio\\\/wp-content\\\/uploads\\\/2025\\\/01\\\/UARTES-DECIDE-2025-1.jpg\",\"keywords\":[\"elecciones\"],\"articleSection\":[\"Administrativos\",\"Artes Esc\u00e9nicas\",\"Artes Sonoras\",\"Artes Visuales\",\"Cine\",\"Estudiantes\",\"Gesti\u00f3n\",\"Literatura\",\"\u00d3rgano Colegiado Superior\",\"Sedes\"],\"inLanguage\":\"en-US\",\"potentialAction\":[{\"@type\":\"CommentAction\",\"name\":\"Comment\",\"target\":[\"https:\\\/\\\/www.uartes.edu.ec\\\/sitio\\\/en\\\/blog\\\/2025\\\/01\\\/24\\\/comunidad-uartes-elegira-el-31-de-enero-a-los-representantes-estudiantiles-y-de-servidores-y-trabajadores-ante-el-ocs-y-los-ced\\\/#respond\"]}]},{\"@type\":[\"WebPage\",\"ItemPage\"],\"@id\":\"https:\\\/\\\/www.uartes.edu.ec\\\/sitio\\\/en\\\/blog\\\/2025\\\/01\\\/24\\\/comunidad-uartes-elegira-el-31-de-enero-a-los-representantes-estudiantiles-y-de-servidores-y-trabajadores-ante-el-ocs-y-los-ced\\\/\",\"url\":\"https:\\\/\\\/www.uartes.edu.ec\\\/sitio\\\/en\\\/blog\\\/2025\\\/01\\\/24\\\/comunidad-uartes-elegira-el-31-de-enero-a-los-representantes-estudiantiles-y-de-servidores-y-trabajadores-ante-el-ocs-y-los-ced\\\/\",\"name\":\"Universidad de las Artes - Comunidad UArtes elegir\u00e1 el 31 de enero a los representantes estudiantiles y de los servidores y trabajadores ante OCS y CDE\",\"isPartOf\":{\"@id\":\"https:\\\/\\\/www.uartes.edu.ec\\\/sitio\\\/en\\\/#website\"},\"primaryImageOfPage\":{\"@id\":\"https:\\\/\\\/www.uartes.edu.ec\\\/sitio\\\/en\\\/blog\\\/2025\\\/01\\\/24\\\/comunidad-uartes-elegira-el-31-de-enero-a-los-representantes-estudiantiles-y-de-servidores-y-trabajadores-ante-el-ocs-y-los-ced\\\/#primaryimage\"},\"image\":{\"@id\":\"https:\\\/\\\/www.uartes.edu.ec\\\/sitio\\\/en\\\/blog\\\/2025\\\/01\\\/24\\\/comunidad-uartes-elegira-el-31-de-enero-a-los-representantes-estudiantiles-y-de-servidores-y-trabajadores-ante-el-ocs-y-los-ced\\\/#primaryimage\"},\"thumbnailUrl\":\"https:\\\/\\\/www.uartes.edu.ec\\\/sitio\\\/wp-content\\\/uploads\\\/2025\\\/01\\\/UARTES-DECIDE-2025-1.jpg\",\"datePublished\":\"2025-01-24T19:53:47+00:00\",\"dateModified\":\"2025-01-24T20:39:23+00:00\",\"description\":\"Universidad de las Artes - Comunidad UArtes elegir\u00e1 el 31 de enero a los representantes estudiantiles y de los servidores y trabajadores ante OCS y CDE\",\"breadcrumb\":{\"@id\":\"https:\\\/\\\/www.uartes.edu.ec\\\/sitio\\\/en\\\/blog\\\/2025\\\/01\\\/24\\\/comunidad-uartes-elegira-el-31-de-enero-a-los-representantes-estudiantiles-y-de-servidores-y-trabajadores-ante-el-ocs-y-los-ced\\\/#breadcrumb\"},\"inLanguage\":\"en-US\",\"potentialAction\":[{\"@type\":\"ReadAction\",\"target\":[\"https:\\\/\\\/www.uartes.edu.ec\\\/sitio\\\/en\\\/blog\\\/2025\\\/01\\\/24\\\/comunidad-uartes-elegira-el-31-de-enero-a-los-representantes-estudiantiles-y-de-servidores-y-trabajadores-ante-el-ocs-y-los-ced\\\/\"]}]},{\"@type\":\"ImageObject\",\"inLanguage\":\"en-US\",\"@id\":\"https:\\\/\\\/www.uartes.edu.ec\\\/sitio\\\/en\\\/blog\\\/2025\\\/01\\\/24\\\/comunidad-uartes-elegira-el-31-de-enero-a-los-representantes-estudiantiles-y-de-servidores-y-trabajadores-ante-el-ocs-y-los-ced\\\/#primaryimage\",\"url\":\"https:\\\/\\\/www.uartes.edu.ec\\\/sitio\\\/wp-content\\\/uploads\\\/2025\\\/01\\\/UARTES-DECIDE-2025-1.jpg\",\"contentUrl\":\"https:\\\/\\\/www.uartes.edu.ec\\\/sitio\\\/wp-content\\\/uploads\\\/2025\\\/01\\\/UARTES-DECIDE-2025-1.jpg\",\"width\":2000,\"height\":1333},{\"@type\":\"BreadcrumbList\",\"@id\":\"https:\\\/\\\/www.uartes.edu.ec\\\/sitio\\\/en\\\/blog\\\/2025\\\/01\\\/24\\\/comunidad-uartes-elegira-el-31-de-enero-a-los-representantes-estudiantiles-y-de-servidores-y-trabajadores-ante-el-ocs-y-los-ced\\\/#breadcrumb\",\"itemListElement\":[{\"@type\":\"ListItem\",\"position\":1,\"name\":\"Inicio\",\"item\":\"https:\\\/\\\/www.uartes.edu.ec\\\/sitio\\\/\"},{\"@type\":\"ListItem\",\"position\":2,\"name\":\"Comunidad UArtes elegir\u00e1 el 31 de enero a los representantes estudiantiles y de los servidores y trabajadores ante OCS y CDE\"}]},{\"@type\":\"WebSite\",\"@id\":\"https:\\\/\\\/www.uartes.edu.ec\\\/sitio\\\/en\\\/#website\",\"url\":\"https:\\\/\\\/www.uartes.edu.ec\\\/sitio\\\/en\\\/\",\"name\":\"Universidad de las Artes\",\"description\":\"Sitio oficial de la Universidad Nacional de las Artes del Ecuador\",\"publisher\":{\"@id\":\"https:\\\/\\\/www.uartes.edu.ec\\\/sitio\\\/en\\\/#organization\"},\"potentialAction\":[{\"@type\":\"SearchAction\",\"target\":{\"@type\":\"EntryPoint\",\"urlTemplate\":\"https:\\\/\\\/www.uartes.edu.ec\\\/sitio\\\/en\\\/?s={search_term_string}\"},\"query-input\":{\"@type\":\"PropertyValueSpecification\",\"valueRequired\":true,\"valueName\":\"search_term_string\"}}],\"inLanguage\":\"en-US\"},{\"@type\":\"Organization\",\"@id\":\"https:\\\/\\\/www.uartes.edu.ec\\\/sitio\\\/en\\\/#organization\",\"name\":\"Universidad de las Artes\",\"url\":\"https:\\\/\\\/www.uartes.edu.ec\\\/sitio\\\/en\\\/\",\"logo\":{\"@type\":\"ImageObject\",\"inLanguage\":\"en-US\",\"@id\":\"https:\\\/\\\/www.uartes.edu.ec\\\/sitio\\\/en\\\/#\\\/schema\\\/logo\\\/image\\\/\",\"url\":\"https:\\\/\\\/www.uartes.edu.ec\\\/sitio\\\/wp-content\\\/uploads\\\/2022\\\/07\\\/logo-ua-horizontal.png\",\"contentUrl\":\"https:\\\/\\\/www.uartes.edu.ec\\\/sitio\\\/wp-content\\\/uploads\\\/2022\\\/07\\\/logo-ua-horizontal.png\",\"width\":800,\"height\":276,\"caption\":\"Universidad de las Artes\"},\"image\":{\"@id\":\"https:\\\/\\\/www.uartes.edu.ec\\\/sitio\\\/en\\\/#\\\/schema\\\/logo\\\/image\\\/\"},\"sameAs\":[\"https:\\\/\\\/www.facebook.com\\\/uartesec\",\"https:\\\/\\\/x.com\\\/uartesec\",\"https:\\\/\\\/www.tiktok.com\\\/@uartesec\"]},{\"@type\":\"Person\",\"@id\":\"https:\\\/\\\/www.uartes.edu.ec\\\/sitio\\\/en\\\/#\\\/schema\\\/person\\\/efa1b8275797664fd7f13a79ccc0b1f4\",\"name\":\"ccortez\",\"image\":{\"@type\":\"ImageObject\",\"inLanguage\":\"en-US\",\"@id\":\"https:\\\/\\\/secure.gravatar.com\\\/avatar\\\/b2a6f664a3ae8e074346ef91775736c5ec479e637ecced6842de9dc98b5da9cd?s=96&d=mm&r=g\",\"url\":\"https:\\\/\\\/secure.gravatar.com\\\/avatar\\\/b2a6f664a3ae8e074346ef91775736c5ec479e637ecced6842de9dc98b5da9cd?s=96&d=mm&r=g\",\"contentUrl\":\"https:\\\/\\\/secure.gravatar.com\\\/avatar\\\/b2a6f664a3ae8e074346ef91775736c5ec479e637ecced6842de9dc98b5da9cd?s=96&d=mm&r=g\",\"caption\":\"ccortez\"},\"url\":\"https:\\\/\\\/www.uartes.edu.ec\\\/sitio\\\/en\\\/blog\\\/author\\\/ccortez\\\/\"}]}<\/script>\n<!-- \/ Yoast SEO plugin. -->","yoast_head_json":{"title":"Universidad de las Artes - Comunidad UArtes elegir\u00e1 el 31 de enero a los representantes estudiantiles y de los servidores y trabajadores ante OCS y CDE","description":"Universidad de las Artes - Comunidad UArtes elegir\u00e1 el 31 de enero a los representantes estudiantiles y de los servidores y trabajadores ante OCS y CDE","robots":{"index":"index","follow":"follow","max-snippet":"max-snippet:-1","max-image-preview":"max-image-preview:large","max-video-preview":"max-video-preview:-1"},"canonical":"https:\/\/www.uartes.edu.ec\/sitio\/en\/blog\/2025\/01\/24\/comunidad-uartes-elegira-el-31-de-enero-a-los-representantes-estudiantiles-y-de-servidores-y-trabajadores-ante-el-ocs-y-los-ced\/","og_locale":"en_US","og_type":"article","og_title":"Universidad de las Artes - Comunidad UArtes elegir\u00e1 el 31 de enero a los representantes estudiantiles y de los servidores y trabajadores ante OCS y CDE","og_description":"Universidad de las Artes - Comunidad UArtes elegir\u00e1 el 31 de enero a los representantes estudiantiles y de los servidores y trabajadores ante OCS y CDE","og_url":"https:\/\/www.uartes.edu.ec\/sitio\/en\/blog\/2025\/01\/24\/comunidad-uartes-elegira-el-31-de-enero-a-los-representantes-estudiantiles-y-de-servidores-y-trabajadores-ante-el-ocs-y-los-ced\/","og_site_name":"Universidad de las Artes","article_publisher":"https:\/\/www.facebook.com\/uartesec","article_published_time":"2025-01-24T19:53:47+00:00","article_modified_time":"2025-01-24T20:39:23+00:00","og_image":[{"width":2000,"height":1333,"url":"https:\/\/www.uartes.edu.ec\/sitio\/wp-content\/uploads\/2025\/01\/UARTES-DECIDE-2025-1.jpg","type":"image\/jpeg"}],"author":"ccortez","twitter_card":"summary_large_image","twitter_creator":"@uartesec","twitter_site":"@uartesec","twitter_misc":{"Written by":"ccortez","Est. reading time":"2 minutes"},"schema":{"@context":"https:\/\/schema.org","@graph":[{"@type":"Article","@id":"https:\/\/www.uartes.edu.ec\/sitio\/en\/blog\/2025\/01\/24\/comunidad-uartes-elegira-el-31-de-enero-a-los-representantes-estudiantiles-y-de-servidores-y-trabajadores-ante-el-ocs-y-los-ced\/#article","isPartOf":{"@id":"https:\/\/www.uartes.edu.ec\/sitio\/en\/blog\/2025\/01\/24\/comunidad-uartes-elegira-el-31-de-enero-a-los-representantes-estudiantiles-y-de-servidores-y-trabajadores-ante-el-ocs-y-los-ced\/"},"author":{"name":"ccortez","@id":"https:\/\/www.uartes.edu.ec\/sitio\/en\/#\/schema\/person\/efa1b8275797664fd7f13a79ccc0b1f4"},"headline":"Comunidad UArtes elegir\u00e1 el 31 de enero a los representantes estudiantiles y de los servidores y trabajadores ante OCS y CDE","datePublished":"2025-01-24T19:53:47+00:00","dateModified":"2025-01-24T20:39:23+00:00","mainEntityOfPage":{"@id":"https:\/\/www.uartes.edu.ec\/sitio\/en\/blog\/2025\/01\/24\/comunidad-uartes-elegira-el-31-de-enero-a-los-representantes-estudiantiles-y-de-servidores-y-trabajadores-ante-el-ocs-y-los-ced\/"},"wordCount":377,"commentCount":0,"publisher":{"@id":"https:\/\/www.uartes.edu.ec\/sitio\/en\/#organization"},"image":{"@id":"https:\/\/www.uartes.edu.ec\/sitio\/en\/blog\/2025\/01\/24\/comunidad-uartes-elegira-el-31-de-enero-a-los-representantes-estudiantiles-y-de-servidores-y-trabajadores-ante-el-ocs-y-los-ced\/#primaryimage"},"thumbnailUrl":"https:\/\/www.uartes.edu.ec\/sitio\/wp-content\/uploads\/2025\/01\/UARTES-DECIDE-2025-1.jpg","keywords":["elecciones"],"articleSection":["Administrativos","Artes Esc\u00e9nicas","Artes Sonoras","Artes Visuales","Cine","Estudiantes","Gesti\u00f3n","Literatura","\u00d3rgano Colegiado Superior","Sedes"],"inLanguage":"en-US","potentialAction":[{"@type":"CommentAction","name":"Comment","target":["https:\/\/www.uartes.edu.ec\/sitio\/en\/blog\/2025\/01\/24\/comunidad-uartes-elegira-el-31-de-enero-a-los-representantes-estudiantiles-y-de-servidores-y-trabajadores-ante-el-ocs-y-los-ced\/#respond"]}]},{"@type":["WebPage","ItemPage"],"@id":"https:\/\/www.uartes.edu.ec\/sitio\/en\/blog\/2025\/01\/24\/comunidad-uartes-elegira-el-31-de-enero-a-los-representantes-estudiantiles-y-de-servidores-y-trabajadores-ante-el-ocs-y-los-ced\/","url":"https:\/\/www.uartes.edu.ec\/sitio\/en\/blog\/2025\/01\/24\/comunidad-uartes-elegira-el-31-de-enero-a-los-representantes-estudiantiles-y-de-servidores-y-trabajadores-ante-el-ocs-y-los-ced\/","name":"Universidad de las Artes - Comunidad UArtes elegir\u00e1 el 31 de enero a los representantes estudiantiles y de los servidores y trabajadores ante OCS y CDE","isPartOf":{"@id":"https:\/\/www.uartes.edu.ec\/sitio\/en\/#website"},"primaryImageOfPage":{"@id":"https:\/\/www.uartes.edu.ec\/sitio\/en\/blog\/2025\/01\/24\/comunidad-uartes-elegira-el-31-de-enero-a-los-representantes-estudiantiles-y-de-servidores-y-trabajadores-ante-el-ocs-y-los-ced\/#primaryimage"},"image":{"@id":"https:\/\/www.uartes.edu.ec\/sitio\/en\/blog\/2025\/01\/24\/comunidad-uartes-elegira-el-31-de-enero-a-los-representantes-estudiantiles-y-de-servidores-y-trabajadores-ante-el-ocs-y-los-ced\/#primaryimage"},"thumbnailUrl":"https:\/\/www.uartes.edu.ec\/sitio\/wp-content\/uploads\/2025\/01\/UARTES-DECIDE-2025-1.jpg","datePublished":"2025-01-24T19:53:47+00:00","dateModified":"2025-01-24T20:39:23+00:00","description":"Universidad de las Artes - Comunidad UArtes elegir\u00e1 el 31 de enero a los representantes estudiantiles y de los servidores y trabajadores ante OCS y CDE","breadcrumb":{"@id":"https:\/\/www.uartes.edu.ec\/sitio\/en\/blog\/2025\/01\/24\/comunidad-uartes-elegira-el-31-de-enero-a-los-representantes-estudiantiles-y-de-servidores-y-trabajadores-ante-el-ocs-y-los-ced\/#breadcrumb"},"inLanguage":"en-US","potentialAction":[{"@type":"ReadAction","target":["https:\/\/www.uartes.edu.ec\/sitio\/en\/blog\/2025\/01\/24\/comunidad-uartes-elegira-el-31-de-enero-a-los-representantes-estudiantiles-y-de-servidores-y-trabajadores-ante-el-ocs-y-los-ced\/"]}]},{"@type":"ImageObject","inLanguage":"en-US","@id":"https:\/\/www.uartes.edu.ec\/sitio\/en\/blog\/2025\/01\/24\/comunidad-uartes-elegira-el-31-de-enero-a-los-representantes-estudiantiles-y-de-servidores-y-trabajadores-ante-el-ocs-y-los-ced\/#primaryimage","url":"https:\/\/www.uartes.edu.ec\/sitio\/wp-content\/uploads\/2025\/01\/UARTES-DECIDE-2025-1.jpg","contentUrl":"https:\/\/www.uartes.edu.ec\/sitio\/wp-content\/uploads\/2025\/01\/UARTES-DECIDE-2025-1.jpg","width":2000,"height":1333},{"@type":"BreadcrumbList","@id":"https:\/\/www.uartes.edu.ec\/sitio\/en\/blog\/2025\/01\/24\/comunidad-uartes-elegira-el-31-de-enero-a-los-representantes-estudiantiles-y-de-servidores-y-trabajadores-ante-el-ocs-y-los-ced\/#breadcrumb","itemListElement":[{"@type":"ListItem","position":1,"name":"Inicio","item":"https:\/\/www.uartes.edu.ec\/sitio\/"},{"@type":"ListItem","position":2,"name":"Comunidad UArtes elegir\u00e1 el 31 de enero a los representantes estudiantiles y de los servidores y trabajadores ante OCS y CDE"}]},{"@type":"WebSite","@id":"https:\/\/www.uartes.edu.ec\/sitio\/en\/#website","url":"https:\/\/www.uartes.edu.ec\/sitio\/en\/","name":"Universidad de las Artes","description":"Sitio oficial de la Universidad Nacional de las Artes del Ecuador","publisher":{"@id":"https:\/\/www.uartes.edu.ec\/sitio\/en\/#organization"},"potentialAction":[{"@type":"SearchAction","target":{"@type":"EntryPoint","urlTemplate":"https:\/\/www.uartes.edu.ec\/sitio\/en\/?s={search_term_string}"},"query-input":{"@type":"PropertyValueSpecification","valueRequired":true,"valueName":"search_term_string"}}],"inLanguage":"en-US"},{"@type":"Organization","@id":"https:\/\/www.uartes.edu.ec\/sitio\/en\/#organization","name":"Universidad de las Artes","url":"https:\/\/www.uartes.edu.ec\/sitio\/en\/","logo":{"@type":"ImageObject","inLanguage":"en-US","@id":"https:\/\/www.uartes.edu.ec\/sitio\/en\/#\/schema\/logo\/image\/","url":"https:\/\/www.uartes.edu.ec\/sitio\/wp-content\/uploads\/2022\/07\/logo-ua-horizontal.png","contentUrl":"https:\/\/www.uartes.edu.ec\/sitio\/wp-content\/uploads\/2022\/07\/logo-ua-horizontal.png","width":800,"height":276,"caption":"Universidad de las Artes"},"image":{"@id":"https:\/\/www.uartes.edu.ec\/sitio\/en\/#\/schema\/logo\/image\/"},"sameAs":["https:\/\/www.facebook.com\/uartesec","https:\/\/x.com\/uartesec","https:\/\/www.tiktok.com\/@uartesec"]},{"@type":"Person","@id":"https:\/\/www.uartes.edu.ec\/sitio\/en\/#\/schema\/person\/efa1b8275797664fd7f13a79ccc0b1f4","name":"ccortez","image":{"@type":"ImageObject","inLanguage":"en-US","@id":"https:\/\/secure.gravatar.com\/avatar\/b2a6f664a3ae8e074346ef91775736c5ec479e637ecced6842de9dc98b5da9cd?s=96&d=mm&r=g","url":"https:\/\/secure.gravatar.com\/avatar\/b2a6f664a3ae8e074346ef91775736c5ec479e637ecced6842de9dc98b5da9cd?s=96&d=mm&r=g","contentUrl":"https:\/\/secure.gravatar.com\/avatar\/b2a6f664a3ae8e074346ef91775736c5ec479e637ecced6842de9dc98b5da9cd?s=96&d=mm&r=g","caption":"ccortez"},"url":"https:\/\/www.uartes.edu.ec\/sitio\/en\/blog\/author\/ccortez\/"}]}},"uagb_featured_image_src":{"full":["https:\/\/www.uartes.edu.ec\/sitio\/wp-content\/uploads\/2025\/01\/UARTES-DECIDE-2025-1.jpg",2000,1333,false],"thumbnail":["https:\/\/www.uartes.edu.ec\/sitio\/wp-content\/uploads\/2025\/01\/UARTES-DECIDE-2025-1-150x150.jpg",150,150,true],"medium":["https:\/\/www.uartes.edu.ec\/sitio\/wp-content\/uploads\/2025\/01\/UARTES-DECIDE-2025-1-300x200.jpg",300,200,true],"medium_large":["https:\/\/www.uartes.edu.ec\/sitio\/wp-content\/uploads\/2025\/01\/UARTES-DECIDE-2025-1-768x512.jpg",768,512,true],"large":["https:\/\/www.uartes.edu.ec\/sitio\/wp-content\/uploads\/2025\/01\/UARTES-DECIDE-2025-1-644x429.jpg",644,429,true],"1536x1536":["https:\/\/www.uartes.edu.ec\/sitio\/wp-content\/uploads\/2025\/01\/UARTES-DECIDE-2025-1-1536x1024.jpg",1536,1024,true],"2048x2048":["https:\/\/www.uartes.edu.ec\/sitio\/wp-content\/uploads\/2025\/01\/UARTES-DECIDE-2025-1.jpg",2000,1333,false],"trp-custom-language-flag":["https:\/\/www.uartes.edu.ec\/sitio\/wp-content\/uploads\/2025\/01\/UARTES-DECIDE-2025-1-18x12.jpg",18,12,true],"htmega_size_585x295":["https:\/\/www.uartes.edu.ec\/sitio\/wp-content\/uploads\/2025\/01\/UARTES-DECIDE-2025-1-585x295.jpg",585,295,true],"htmega_size_1170x536":["https:\/\/www.uartes.edu.ec\/sitio\/wp-content\/uploads\/2025\/01\/UARTES-DECIDE-2025-1-1170x536.jpg",1170,536,true],"htmega_size_396x360":["https:\/\/www.uartes.edu.ec\/sitio\/wp-content\/uploads\/2025\/01\/UARTES-DECIDE-2025-1-396x360.jpg",396,360,true],"gb-block-post-grid-landscape":["https:\/\/www.uartes.edu.ec\/sitio\/wp-content\/uploads\/2025\/01\/UARTES-DECIDE-2025-1-600x400.jpg",600,400,true],"gb-block-post-grid-square":["https:\/\/www.uartes.edu.ec\/sitio\/wp-content\/uploads\/2025\/01\/UARTES-DECIDE-2025-1-600x600.jpg",600,600,true],"university-hub-thumb":["https:\/\/www.uartes.edu.ec\/sitio\/wp-content\/uploads\/2025\/01\/UARTES-DECIDE-2025-1-400x267.jpg",400,267,true]},"uagb_author_info":{"display_name":"ccortez","author_link":"https:\/\/www.uartes.edu.ec\/sitio\/en\/blog\/author\/ccortez\/"},"uagb_comment_info":0,"uagb_excerpt":"El Tribunal Electoral de la UArtes invita a la comunidad universitaria a las elecciones que tendr\u00e1n lugar el viernes 31 de enero para elegir a los representantes estudiantiles y de los servidores y trabajadores ante el \u00d3rgano Colegiado Superior (OCS) y los Consejos Directivos de Escuela (CDE), as\u00ed como a los representantes. Este ejercicio democr\u00e1tico&hellip;","featured_image_src":"https:\/\/www.uartes.edu.ec\/sitio\/wp-content\/uploads\/2025\/01\/UARTES-DECIDE-2025-1-600x400.jpg","featured_image_src_square":"https:\/\/www.uartes.edu.ec\/sitio\/wp-content\/uploads\/2025\/01\/UARTES-DECIDE-2025-1-600x600.jpg","author_info":{"display_name":"ccortez","author_link":"https:\/\/www.uartes.edu.ec\/sitio\/en\/blog\/author\/ccortez\/"},"publishpress_future_workflow_manual_trigger":{"enabledWorkflows":[]},"distributor_meta":false,"distributor_terms":false,"distributor_media":false,"distributor_original_site_name":"Universidad de las Artes","distributor_original_site_url":"https:\/\/www.uartes.edu.ec\/sitio\/en","push-errors":false,"_links":{"self":[{"href":"https:\/\/www.uartes.edu.ec\/sitio\/en\/wp-json\/wp\/v2\/posts\/67682","targetHints":{"allow":["GET"]}}],"collection":[{"href":"https:\/\/www.uartes.edu.ec\/sitio\/en\/wp-json\/wp\/v2\/posts"}],"about":[{"href":"https:\/\/www.uartes.edu.ec\/sitio\/en\/wp-json\/wp\/v2\/types\/post"}],"author":[{"embeddable":true,"href":"https:\/\/www.uartes.edu.ec\/sitio\/en\/wp-json\/wp\/v2\/users\/10"}],"replies":[{"embeddable":true,"href":"https:\/\/www.uartes.edu.ec\/sitio\/en\/wp-json\/wp\/v2\/comments?post=67682"}],"version-history":[{"count":9,"href":"https:\/\/www.uartes.edu.ec\/sitio\/en\/wp-json\/wp\/v2\/posts\/67682\/revisions"}],"predecessor-version":[{"id":67714,"href":"https:\/\/www.uartes.edu.ec\/sitio\/en\/wp-json\/wp\/v2\/posts\/67682\/revisions\/67714"}],"wp:featuredmedia":[{"embeddable":true,"href":"https:\/\/www.uartes.edu.ec\/sitio\/en\/wp-json\/wp\/v2\/media\/67683"}],"wp:attachment":[{"href":"https:\/\/www.uartes.edu.ec\/sitio\/en\/wp-json\/wp\/v2\/media?parent=67682"}],"wp:term":[{"taxonomy":"category","embeddable":true,"href":"https:\/\/www.uartes.edu.ec\/sitio\/en\/wp-json\/wp\/v2\/categories?post=67682"},{"taxonomy":"post_tag","embeddable":true,"href":"https:\/\/www.uartes.edu.ec\/sitio\/en\/wp-json\/wp\/v2\/tags?post=67682"},{"taxonomy":"infouartes","embeddable":true,"href":"https:\/\/www.uartes.edu.ec\/sitio\/en\/wp-json\/wp\/v2\/infouartes?post=67682"}],"curies":[{"name":"wp","href":"https:\/\/api.w.org\/{rel}","templated":true}]}}