{"id":67858,"date":"2025-02-03T14:59:00","date_gmt":"2025-02-03T19:59:00","guid":{"rendered":"https:\/\/www.uartes.edu.ec\/sitio\/?p=67858"},"modified":"2025-02-06T13:36:37","modified_gmt":"2025-02-06T18:36:37","slug":"ricky-salazar-retrata-la-inseguridad-que-vive-el-pais-en-el-rey-a-su-gente-no-ve-su-corto-de-titulacion","status":"publish","type":"post","link":"https:\/\/www.uartes.edu.ec\/sitio\/en\/blog\/2025\/02\/03\/ricky-salazar-retrata-la-inseguridad-que-vive-el-pais-en-el-rey-a-su-gente-no-ve-su-corto-de-titulacion\/","title":{"rendered":"Ricky Salazar retrata inseguridad del pa\u00eds en su cortometraje \u201cEl rey a su gente no ve\u201d"},"content":{"rendered":"<p>\u201cEl rey a su gente no ve\u201d. El alumnus Ricky Salazar titul\u00f3 as\u00ed al cortometraje de titulaci\u00f3n que, junto a otros audiovisuales trabajados por tambi\u00e9n hoy graduados de la Escuela de Cine de la Universidad de las Artes, se presentaron en un festival que tuvo lugar en la Sala de Cine del MZ14 Centro de Producci\u00f3n e Innovaci\u00f3n UArtes.\u00a0Su proyecto, anota el director, surgi\u00f3 como reflexi\u00f3n y cuestionamientos ante la crisis de inseguridad que hemos vivido en los \u00faltimos a\u00f1os.<\/p>\n\n\n\n<p>Salazar se pregunta si acaso quienes nos gobiernan ven, escuchan o leen las noticias. \u201cDiariamente somos testigos de asesinatos, robos, extorsiones, secuestros y otros delitos, y lo \u00fanico que hacen los gobernantes es seguir haciendo promesas vac\u00edas o pelearse entre las diferentes bancadas, siempre velando por sus propios intereses, mientras el pueblo se desangra. Un pueblo que, parad\u00f3jicamente, los llev\u00f3 al poder. Sin embargo, la situaci\u00f3n no hace m\u00e1s que empeorar\u201d.<\/p>\n\n\n\n<p>Tambi\u00e9n reflexiona en que, asimismo, aunque ciertamente algunas noticias pueden resultar amarillistas o sensacionalistas, \u201cno podemos negar la triste realidad que enfrentamos. Varios presidentes han pasado por el poder, pero el pueblo sigue sufriendo y muriendo. Mientras tanto, en las redes sociales, los l\u00edderes se preocupan por subir contenido viral, ignorando y haciendo invisible la violencia que se ha normalizado e incluso romantizado\u201d.<\/p>\n\n\n<div class=\"wp-block-image\">\n<figure class=\"aligncenter size-large\"><img fetchpriority=\"high\" decoding=\"async\" width=\"644\" height=\"429\" src=\"https:\/\/www.uartes.edu.ec\/sitio\/wp-content\/uploads\/2025\/02\/03-CINE-CORTOMETRAJE-RODAJE-644x429.jpg\" alt=\"\" class=\"wp-image-67860\" srcset=\"https:\/\/www.uartes.edu.ec\/sitio\/wp-content\/uploads\/2025\/02\/03-CINE-CORTOMETRAJE-RODAJE-644x429.jpg 644w, https:\/\/www.uartes.edu.ec\/sitio\/wp-content\/uploads\/2025\/02\/03-CINE-CORTOMETRAJE-RODAJE-300x200.jpg 300w, https:\/\/www.uartes.edu.ec\/sitio\/wp-content\/uploads\/2025\/02\/03-CINE-CORTOMETRAJE-RODAJE-768x512.jpg 768w, https:\/\/www.uartes.edu.ec\/sitio\/wp-content\/uploads\/2025\/02\/03-CINE-CORTOMETRAJE-RODAJE-1536x1024.jpg 1536w, https:\/\/www.uartes.edu.ec\/sitio\/wp-content\/uploads\/2025\/02\/03-CINE-CORTOMETRAJE-RODAJE-18x12.jpg 18w, https:\/\/www.uartes.edu.ec\/sitio\/wp-content\/uploads\/2025\/02\/03-CINE-CORTOMETRAJE-RODAJE-600x400.jpg 600w, https:\/\/www.uartes.edu.ec\/sitio\/wp-content\/uploads\/2025\/02\/03-CINE-CORTOMETRAJE-RODAJE-400x267.jpg 400w, https:\/\/www.uartes.edu.ec\/sitio\/wp-content\/uploads\/2025\/02\/03-CINE-CORTOMETRAJE-RODAJE-272x182.jpg 272w, https:\/\/www.uartes.edu.ec\/sitio\/wp-content\/uploads\/2025\/02\/03-CINE-CORTOMETRAJE-RODAJE.jpg 2000w\" sizes=\"(max-width: 644px) 100vw, 644px\" \/><\/figure>\n<\/div>\n\n\n<p>Es en este contexto que naci\u00f3 su cortometraje, indica Salazar y comparte la sinopsis de la historia que decidi\u00f3 llevar a la pantalla: En una peque\u00f1a y l\u00fagubre bodega abandonada, Sariel (40), una persona no vidente, se levanta por el ruido de unos gritos de dolor. Luego de esperar que los secuestradores se vayan, conoce a otro reh\u00e9n, quien acaba de ser torturado. Durante poco tiempo tienen que huir, pero los secuestradores rondan el lugar. Poco a poco la desesperaci\u00f3n se enfrenta a la tranquilidad y se desencadena un intenso enfrentamiento.<\/p>\n\n\n\n<p>Aunque la delincuencia siempre ha existido, la situaci\u00f3n ha empeorado, lleg\u00e1ndose a normalizar en todas las charlas temas como el secuestro de un familiar, de un amigo, de una compa\u00f1era e incluso el miedo a ser confundido con alguien m\u00e1s, expres\u00f3 Salazar, quien revel\u00f3 haber tenido la experiencia cercana de un familiar que fue secuestrado. Logr\u00f3 huir, mas la experiencia del suceso les dej\u00f3 una profunda huella. Su cortometraje de titulaci\u00f3n es, en suma, el resultado de varias vivencias entorno a la inseguridad en la que vivimos.<\/p>\n\n\n\n<p>En el cortometraje, Salazar retrata momentos reales m\u00e1s que dram\u00e1ticos y evit\u00f3 hacer uso excesivo de elipsis, a fin de lograr una sensaci\u00f3n cruda y aut\u00e9ntica. \u201cJunto a mi crew, un grupo de excelentes compa\u00f1eros y compa\u00f1eras, lo rodamos en el sur de Guayaquil, un suburbio que reflejaba la esencia de la historia. Utilizamos una bodega que, visualmente, se asemejaba mucho a lo que me hab\u00eda imaginado mientras escrib\u00eda el guion\u201d.<\/p>\n\n\n\n<p>Y es que inicialmente ten\u00edan en mente otra locaci\u00f3n, pero tres d\u00edas antes del rodaje les cancelaron. \u201cLogramos solucionar el problema gracias al director de fotograf\u00eda, Jean Pierre Pumares, quien, a trav\u00e9s de un familiar, consigui\u00f3 la bodega que usamos. Este cambio, aunque inesperado, result\u00f3 beneficioso, ya que muchos elementos que ya estaban en el lugar sirvieron como un gran apoyo para el dise\u00f1o de producci\u00f3n, a cargo de Luisin Ponce\u201d.<\/p>\n\n\n<div class=\"wp-block-image\">\n<figure class=\"aligncenter size-large\"><img decoding=\"async\" width=\"644\" height=\"429\" src=\"https:\/\/www.uartes.edu.ec\/sitio\/wp-content\/uploads\/2025\/02\/02-CINE-CORTOMETRAJE-RODAJE-644x429.jpg\" alt=\"\" class=\"wp-image-67861\" srcset=\"https:\/\/www.uartes.edu.ec\/sitio\/wp-content\/uploads\/2025\/02\/02-CINE-CORTOMETRAJE-RODAJE-644x429.jpg 644w, https:\/\/www.uartes.edu.ec\/sitio\/wp-content\/uploads\/2025\/02\/02-CINE-CORTOMETRAJE-RODAJE-300x200.jpg 300w, https:\/\/www.uartes.edu.ec\/sitio\/wp-content\/uploads\/2025\/02\/02-CINE-CORTOMETRAJE-RODAJE-768x512.jpg 768w, https:\/\/www.uartes.edu.ec\/sitio\/wp-content\/uploads\/2025\/02\/02-CINE-CORTOMETRAJE-RODAJE-1536x1024.jpg 1536w, https:\/\/www.uartes.edu.ec\/sitio\/wp-content\/uploads\/2025\/02\/02-CINE-CORTOMETRAJE-RODAJE-18x12.jpg 18w, https:\/\/www.uartes.edu.ec\/sitio\/wp-content\/uploads\/2025\/02\/02-CINE-CORTOMETRAJE-RODAJE-600x400.jpg 600w, https:\/\/www.uartes.edu.ec\/sitio\/wp-content\/uploads\/2025\/02\/02-CINE-CORTOMETRAJE-RODAJE-400x267.jpg 400w, https:\/\/www.uartes.edu.ec\/sitio\/wp-content\/uploads\/2025\/02\/02-CINE-CORTOMETRAJE-RODAJE-272x182.jpg 272w, https:\/\/www.uartes.edu.ec\/sitio\/wp-content\/uploads\/2025\/02\/02-CINE-CORTOMETRAJE-RODAJE.jpg 2000w\" sizes=\"(max-width: 644px) 100vw, 644px\" \/><\/figure>\n<\/div>\n\n\n<p>Los personajes de su corto est\u00e1n inspirados en personas reales, refiere Salazar. \u201cEl protagonista, en un aguatero y cuida carros que pasaba todos los d\u00edas cerca de mi antiguo trabajo, en el centro de la ciudad. Me intrig\u00f3 mucho el hecho de que vendiera agua, y me bas\u00e9 en su apariencia f\u00edsica, as\u00ed como en el miedo a que una persona tan fr\u00e1gil pudiera convertirse en v\u00edctima de la delincuencia, porque el crimen no perdona a nadie\u201d.<\/p>\n\n\n\n<p>Para el otro reh\u00e9n, Jaime Ortiz, se inspir\u00f3 \u201cen los pol\u00edticos demagogos y ego\u00edstas que han mentido durante a\u00f1os y se han burlado del pueblo\u201d y para los antagonistas investig\u00f3, principalmente en las redes sociales. \u201cObserv\u00e9 c\u00f3mo act\u00faan frente a la c\u00e1mara, analic\u00e9 mensajes de extorsi\u00f3n, notas de voz y grabaciones de c\u00e1maras de seguridad en locales. Tambi\u00e9n investigu\u00e9 sobre sus edades, raz\u00f3n por la cual uno de ellos es m\u00e1s adulto que el otro. Lamentablemente, muchos menores de edad cometen estos cr\u00edmenes debido a malas influencias que los corrompen, aprovechando vulnerabilidades como familias disfuncionales o j\u00f3venes desempleados\u201d.<\/p>\n\n\n\n<p>Finalmente, para la historia en s\u00ed y el dise\u00f1o de arte, se bas\u00f3 tambi\u00e9n en videos y descripciones, y noticias de c\u00f3mo son las casas y los lugares donde suelen tener a los secuestrados, as\u00ed como los objetos  presentes en esos entornos.<\/p>\n\n\n\n<p>El rodaje de \u201cEl Rey a su gente no ve\u201d se hizo en dos d\u00edas, pero el montaje fue variando semana a semana. Fue lo que m\u00e1s tiempo tom\u00f3, se\u00f1ala Salazar, quien, adem\u00e1s del guion, asumi\u00f3 la direcci\u00f3n del corto. Junto a \u00e9l, Luisin Ponce y Jean Pierre Pumares integraron el staff: Gabriel Avecilla, asistencia de direcci\u00f3n; Luisabel Ter\u00e1n y Helen Barreto, producci\u00f3n; Raizoku Films, producci\u00f3n ejecutiva; Mar\u00eda Fernanda Lara y Noelya Mac\u00edas, asistentes de arte; Milene Moina y Esther Pe\u00f1afiel, sonido: Esther Pe\u00f1afiel y\u00a0 Sebasti\u00e1n Navas, boom; Diego Romero, primer asistente de c\u00e1mara; Karla Guevara, segunda asistente de c\u00e1mara; Trinidad Polit, gaffer; Alexander Pereira, t\u00e9cnico de luces; Mar Guzm\u00e1n, grip; y Luis Gonz\u00e1lez, data\/script y montaje. En la actuaci\u00f3n, el protagonista lo interpret\u00f3 C\u00e9sar Eduardo Galarza; el segundo reh\u00e9n, Kevin \u00c1lava; y los secuestradores, \u00c1ngel Armijos y Jefferson Barrag\u00e1n.<\/p>\n\n\n<div class=\"wp-block-image\">\n<figure class=\"aligncenter size-large\"><img decoding=\"async\" width=\"644\" height=\"429\" src=\"https:\/\/www.uartes.edu.ec\/sitio\/wp-content\/uploads\/2025\/02\/04-CINE-CORTOMETRAJE-RODAJE-644x429.jpg\" alt=\"\" class=\"wp-image-67862\" srcset=\"https:\/\/www.uartes.edu.ec\/sitio\/wp-content\/uploads\/2025\/02\/04-CINE-CORTOMETRAJE-RODAJE-644x429.jpg 644w, https:\/\/www.uartes.edu.ec\/sitio\/wp-content\/uploads\/2025\/02\/04-CINE-CORTOMETRAJE-RODAJE-300x200.jpg 300w, https:\/\/www.uartes.edu.ec\/sitio\/wp-content\/uploads\/2025\/02\/04-CINE-CORTOMETRAJE-RODAJE-768x512.jpg 768w, https:\/\/www.uartes.edu.ec\/sitio\/wp-content\/uploads\/2025\/02\/04-CINE-CORTOMETRAJE-RODAJE-1536x1024.jpg 1536w, https:\/\/www.uartes.edu.ec\/sitio\/wp-content\/uploads\/2025\/02\/04-CINE-CORTOMETRAJE-RODAJE-18x12.jpg 18w, https:\/\/www.uartes.edu.ec\/sitio\/wp-content\/uploads\/2025\/02\/04-CINE-CORTOMETRAJE-RODAJE-600x400.jpg 600w, https:\/\/www.uartes.edu.ec\/sitio\/wp-content\/uploads\/2025\/02\/04-CINE-CORTOMETRAJE-RODAJE-400x267.jpg 400w, https:\/\/www.uartes.edu.ec\/sitio\/wp-content\/uploads\/2025\/02\/04-CINE-CORTOMETRAJE-RODAJE-272x182.jpg 272w, https:\/\/www.uartes.edu.ec\/sitio\/wp-content\/uploads\/2025\/02\/04-CINE-CORTOMETRAJE-RODAJE.jpg 2000w\" sizes=\"(max-width: 644px) 100vw, 644px\" \/><\/figure>\n<\/div>\n\n\n<p>Ricky Salazar no tiene en mente convertir su corto en un largometraje. \u201cPrefiero seguir explorando diversas situaciones a trav\u00e9s de cortometrajes. Tambi\u00e9n tengo en mente explorar otras tem\u00e1ticas en futuros cortometrajes. Seguir aprendiendo sobre la marcha, ganando experiencia a nivel de escritura, direcci\u00f3n y montaje para lanzarme a realizar un primer largometraje\u201d.<\/p>\n\n\n\n<p>Un documental est\u00e1 pendiente de terminar, agrega, aspirando a retomarlo junto a sus compa\u00f1eros. Es sobre mi padre, T\u00edo F\u00e9lix, que va m\u00e1s all\u00e1 de lo biogr\u00e1fico. Retrata a un hombre que ha realizado miles de cosas y desempe\u00f1ado miles de oficios: profesor de enfermer\u00eda, masajista, showman, discjockey, y c\u00f3mo, a pesar de su edad, sigue vinculado a este mundo, haciendo lo que le gusta: animar fiestas, reuniones e incluso cantar\u201d.<\/p>\n\n\n\n<p>Justamente, en el documental quiere plasmar que los sue\u00f1os nunca se abandonan y persiguen sin importar la edad. Su padre es un ejemplo de perseverancia que lo motiva a seguir adelante como artista. \u201cEs lo que a m\u00ed y mis compa\u00f1eros nos conmovi\u00f3\u00bb.<\/p>\n\n\n\n<p>Adem\u00e1s de su cortometraje, Salazar ha colaborado como director de fotograf\u00eda en \u201cDiana\u201d, de Luis Gonz\u00e1lez; y \u201cEl banco\u201d, de Gabriel Avecilla. Y como gaffer, en \u201cTosca, de Emilia Gonz\u00e1lez Crow; \u201cArbitrio\u201d, de Iv\u00e1n Zum\u00e1rraga; y \u201cS\u00edsifo\u201d, de Keny Palma.\u00a0Actualmente, contin\u00faa trabajando en su corto de titulaci\u00f3n, pues, ya sin la presi\u00f3n de una fecha l\u00edmite de entrega, quiere mejorar su dise\u00f1o sonoro, la limpieza de audio, los foleys y otros detalles. Apunta, adem\u00e1s, a realizar un corto en formato de cineminuto. \u201cLo planteo como un desaf\u00edo: retratar la cotidianidad de nuestra realidad y contexto en solo un minuto. Me encuentro en la fase de escritura del guion y reuniendo fondos para concretarlo\u201d, manifiesta.<\/p>\n\n\n\n<p>Fotos: cortes\u00eda de Ricky Salazar, licenciado en Cine por la Universidad de las Artes.<\/p>","protected":false},"excerpt":{"rendered":"<p>\u201cEl rey a su gente no ve\u201d. El alumnus Ricky Salazar titul\u00f3 as\u00ed al cortometraje de titulaci\u00f3n que, junto a otros audiovisuales trabajados por tambi\u00e9n hoy graduados de la Escuela de Cine de la Universidad de las Artes, se presentaron en un festival que tuvo lugar en la Sala de Cine del MZ14 Centro de Producci\u00f3n e Innovaci\u00f3n UArtes. Su proyecto, anota, surgi\u00f3 como reflexi\u00f3n y cuestionamientos ante la crisis de inseguridad que hemos vivido en los \u00faltimos a\u00f1os.<\/p>","protected":false},"author":10,"featured_media":67859,"comment_status":"open","ping_status":"open","sticky":false,"template":"","format":"standard","meta":{"_acf_changed":false,"_uag_custom_page_level_css":"","_monsterinsights_skip_tracking":false,"_monsterinsights_sitenote_active":false,"_monsterinsights_sitenote_note":"","_monsterinsights_sitenote_category":0,"cybocfi_hide_featured_image":"","footnotes":""},"categories":[490,82,147,284],"tags":[],"infouartes":[],"class_list":["post-67858","post","type-post","status-publish","format-standard","has-post-thumbnail","hentry","category-alumni","category-artes","category-cine","category-investigacion"],"acf":[],"yoast_head":"<!-- This site is optimized with the Yoast SEO plugin v27.4 - https:\/\/yoast.com\/product\/yoast-seo-wordpress\/ -->\n<title>Universidad de las Artes - Ricky Salazar retrata inseguridad del pa\u00eds en su cortometraje \u201cEl rey a su gente no ve\u201d<\/title>\n<meta name=\"description\" content=\"Universidad de las Artes - Ricky Salazar retrata inseguridad del pa\u00eds en su cortometraje \u201cEl rey a su gente no ve\u201d\" \/>\n<meta name=\"robots\" content=\"index, follow, max-snippet:-1, max-image-preview:large, max-video-preview:-1\" \/>\n<link rel=\"canonical\" href=\"https:\/\/www.uartes.edu.ec\/sitio\/en\/blog\/2025\/02\/03\/ricky-salazar-retrata-la-inseguridad-que-vive-el-pais-en-el-rey-a-su-gente-no-ve-su-corto-de-titulacion\/\" \/>\n<meta property=\"og:locale\" content=\"en_US\" \/>\n<meta property=\"og:type\" content=\"article\" \/>\n<meta property=\"og:title\" content=\"Universidad de las Artes - Ricky Salazar retrata inseguridad del pa\u00eds en su cortometraje \u201cEl rey a su gente no ve\u201d\" \/>\n<meta property=\"og:description\" content=\"Universidad de las Artes - Ricky Salazar retrata inseguridad del pa\u00eds en su cortometraje \u201cEl rey a su gente no ve\u201d\" \/>\n<meta property=\"og:url\" content=\"https:\/\/www.uartes.edu.ec\/sitio\/en\/blog\/2025\/02\/03\/ricky-salazar-retrata-la-inseguridad-que-vive-el-pais-en-el-rey-a-su-gente-no-ve-su-corto-de-titulacion\/\" \/>\n<meta property=\"og:site_name\" content=\"Universidad de las Artes\" \/>\n<meta property=\"article:publisher\" content=\"https:\/\/www.facebook.com\/uartesec\" \/>\n<meta property=\"article:published_time\" content=\"2025-02-03T19:59:00+00:00\" \/>\n<meta property=\"article:modified_time\" content=\"2025-02-06T18:36:37+00:00\" \/>\n<meta property=\"og:image\" content=\"https:\/\/www.uartes.edu.ec\/sitio\/wp-content\/uploads\/2025\/02\/05-CINE-CORTOMETRAJE-RODAJE.jpg\" \/>\n\t<meta property=\"og:image:width\" content=\"2000\" \/>\n\t<meta property=\"og:image:height\" content=\"1333\" \/>\n\t<meta property=\"og:image:type\" content=\"image\/jpeg\" \/>\n<meta name=\"author\" content=\"ccortez\" \/>\n<meta name=\"twitter:card\" content=\"summary_large_image\" \/>\n<meta name=\"twitter:creator\" content=\"@uartesec\" \/>\n<meta name=\"twitter:site\" content=\"@uartesec\" \/>\n<meta name=\"twitter:label1\" content=\"Written by\" \/>\n\t<meta name=\"twitter:data1\" content=\"ccortez\" \/>\n\t<meta name=\"twitter:label2\" content=\"Est. reading time\" \/>\n\t<meta name=\"twitter:data2\" content=\"7 minutes\" \/>\n<script type=\"application\/ld+json\" class=\"yoast-schema-graph\">{\"@context\":\"https:\\\/\\\/schema.org\",\"@graph\":[{\"@type\":\"Article\",\"@id\":\"https:\\\/\\\/www.uartes.edu.ec\\\/sitio\\\/en\\\/blog\\\/2025\\\/02\\\/03\\\/ricky-salazar-retrata-la-inseguridad-que-vive-el-pais-en-el-rey-a-su-gente-no-ve-su-corto-de-titulacion\\\/#article\",\"isPartOf\":{\"@id\":\"https:\\\/\\\/www.uartes.edu.ec\\\/sitio\\\/en\\\/blog\\\/2025\\\/02\\\/03\\\/ricky-salazar-retrata-la-inseguridad-que-vive-el-pais-en-el-rey-a-su-gente-no-ve-su-corto-de-titulacion\\\/\"},\"author\":{\"name\":\"ccortez\",\"@id\":\"https:\\\/\\\/www.uartes.edu.ec\\\/sitio\\\/en\\\/#\\\/schema\\\/person\\\/efa1b8275797664fd7f13a79ccc0b1f4\"},\"headline\":\"Ricky Salazar retrata inseguridad del pa\u00eds en su cortometraje \u201cEl rey a su gente no ve\u201d\",\"datePublished\":\"2025-02-03T19:59:00+00:00\",\"dateModified\":\"2025-02-06T18:36:37+00:00\",\"mainEntityOfPage\":{\"@id\":\"https:\\\/\\\/www.uartes.edu.ec\\\/sitio\\\/en\\\/blog\\\/2025\\\/02\\\/03\\\/ricky-salazar-retrata-la-inseguridad-que-vive-el-pais-en-el-rey-a-su-gente-no-ve-su-corto-de-titulacion\\\/\"},\"wordCount\":1314,\"commentCount\":0,\"publisher\":{\"@id\":\"https:\\\/\\\/www.uartes.edu.ec\\\/sitio\\\/en\\\/#organization\"},\"image\":{\"@id\":\"https:\\\/\\\/www.uartes.edu.ec\\\/sitio\\\/en\\\/blog\\\/2025\\\/02\\\/03\\\/ricky-salazar-retrata-la-inseguridad-que-vive-el-pais-en-el-rey-a-su-gente-no-ve-su-corto-de-titulacion\\\/#primaryimage\"},\"thumbnailUrl\":\"https:\\\/\\\/www.uartes.edu.ec\\\/sitio\\\/wp-content\\\/uploads\\\/2025\\\/02\\\/05-CINE-CORTOMETRAJE-RODAJE.jpg\",\"articleSection\":[\"Alumni\",\"Artes\",\"Cine\",\"Investigaci\u00f3n\"],\"inLanguage\":\"en-US\",\"potentialAction\":[{\"@type\":\"CommentAction\",\"name\":\"Comment\",\"target\":[\"https:\\\/\\\/www.uartes.edu.ec\\\/sitio\\\/en\\\/blog\\\/2025\\\/02\\\/03\\\/ricky-salazar-retrata-la-inseguridad-que-vive-el-pais-en-el-rey-a-su-gente-no-ve-su-corto-de-titulacion\\\/#respond\"]}]},{\"@type\":[\"WebPage\",\"ItemPage\"],\"@id\":\"https:\\\/\\\/www.uartes.edu.ec\\\/sitio\\\/en\\\/blog\\\/2025\\\/02\\\/03\\\/ricky-salazar-retrata-la-inseguridad-que-vive-el-pais-en-el-rey-a-su-gente-no-ve-su-corto-de-titulacion\\\/\",\"url\":\"https:\\\/\\\/www.uartes.edu.ec\\\/sitio\\\/en\\\/blog\\\/2025\\\/02\\\/03\\\/ricky-salazar-retrata-la-inseguridad-que-vive-el-pais-en-el-rey-a-su-gente-no-ve-su-corto-de-titulacion\\\/\",\"name\":\"Universidad de las Artes - Ricky Salazar retrata inseguridad del pa\u00eds en su cortometraje \u201cEl rey a su gente no ve\u201d\",\"isPartOf\":{\"@id\":\"https:\\\/\\\/www.uartes.edu.ec\\\/sitio\\\/en\\\/#website\"},\"primaryImageOfPage\":{\"@id\":\"https:\\\/\\\/www.uartes.edu.ec\\\/sitio\\\/en\\\/blog\\\/2025\\\/02\\\/03\\\/ricky-salazar-retrata-la-inseguridad-que-vive-el-pais-en-el-rey-a-su-gente-no-ve-su-corto-de-titulacion\\\/#primaryimage\"},\"image\":{\"@id\":\"https:\\\/\\\/www.uartes.edu.ec\\\/sitio\\\/en\\\/blog\\\/2025\\\/02\\\/03\\\/ricky-salazar-retrata-la-inseguridad-que-vive-el-pais-en-el-rey-a-su-gente-no-ve-su-corto-de-titulacion\\\/#primaryimage\"},\"thumbnailUrl\":\"https:\\\/\\\/www.uartes.edu.ec\\\/sitio\\\/wp-content\\\/uploads\\\/2025\\\/02\\\/05-CINE-CORTOMETRAJE-RODAJE.jpg\",\"datePublished\":\"2025-02-03T19:59:00+00:00\",\"dateModified\":\"2025-02-06T18:36:37+00:00\",\"description\":\"Universidad de las Artes - Ricky Salazar retrata inseguridad del pa\u00eds en su cortometraje \u201cEl rey a su gente no ve\u201d\",\"breadcrumb\":{\"@id\":\"https:\\\/\\\/www.uartes.edu.ec\\\/sitio\\\/en\\\/blog\\\/2025\\\/02\\\/03\\\/ricky-salazar-retrata-la-inseguridad-que-vive-el-pais-en-el-rey-a-su-gente-no-ve-su-corto-de-titulacion\\\/#breadcrumb\"},\"inLanguage\":\"en-US\",\"potentialAction\":[{\"@type\":\"ReadAction\",\"target\":[\"https:\\\/\\\/www.uartes.edu.ec\\\/sitio\\\/en\\\/blog\\\/2025\\\/02\\\/03\\\/ricky-salazar-retrata-la-inseguridad-que-vive-el-pais-en-el-rey-a-su-gente-no-ve-su-corto-de-titulacion\\\/\"]}]},{\"@type\":\"ImageObject\",\"inLanguage\":\"en-US\",\"@id\":\"https:\\\/\\\/www.uartes.edu.ec\\\/sitio\\\/en\\\/blog\\\/2025\\\/02\\\/03\\\/ricky-salazar-retrata-la-inseguridad-que-vive-el-pais-en-el-rey-a-su-gente-no-ve-su-corto-de-titulacion\\\/#primaryimage\",\"url\":\"https:\\\/\\\/www.uartes.edu.ec\\\/sitio\\\/wp-content\\\/uploads\\\/2025\\\/02\\\/05-CINE-CORTOMETRAJE-RODAJE.jpg\",\"contentUrl\":\"https:\\\/\\\/www.uartes.edu.ec\\\/sitio\\\/wp-content\\\/uploads\\\/2025\\\/02\\\/05-CINE-CORTOMETRAJE-RODAJE.jpg\",\"width\":2000,\"height\":1333},{\"@type\":\"BreadcrumbList\",\"@id\":\"https:\\\/\\\/www.uartes.edu.ec\\\/sitio\\\/en\\\/blog\\\/2025\\\/02\\\/03\\\/ricky-salazar-retrata-la-inseguridad-que-vive-el-pais-en-el-rey-a-su-gente-no-ve-su-corto-de-titulacion\\\/#breadcrumb\",\"itemListElement\":[{\"@type\":\"ListItem\",\"position\":1,\"name\":\"Inicio\",\"item\":\"https:\\\/\\\/www.uartes.edu.ec\\\/sitio\\\/\"},{\"@type\":\"ListItem\",\"position\":2,\"name\":\"Ricky Salazar retrata inseguridad del pa\u00eds en su cortometraje \u201cEl rey a su gente no ve\u201d\"}]},{\"@type\":\"WebSite\",\"@id\":\"https:\\\/\\\/www.uartes.edu.ec\\\/sitio\\\/en\\\/#website\",\"url\":\"https:\\\/\\\/www.uartes.edu.ec\\\/sitio\\\/en\\\/\",\"name\":\"Universidad de las Artes\",\"description\":\"Sitio oficial de la Universidad Nacional de las Artes del Ecuador\",\"publisher\":{\"@id\":\"https:\\\/\\\/www.uartes.edu.ec\\\/sitio\\\/en\\\/#organization\"},\"potentialAction\":[{\"@type\":\"SearchAction\",\"target\":{\"@type\":\"EntryPoint\",\"urlTemplate\":\"https:\\\/\\\/www.uartes.edu.ec\\\/sitio\\\/en\\\/?s={search_term_string}\"},\"query-input\":{\"@type\":\"PropertyValueSpecification\",\"valueRequired\":true,\"valueName\":\"search_term_string\"}}],\"inLanguage\":\"en-US\"},{\"@type\":\"Organization\",\"@id\":\"https:\\\/\\\/www.uartes.edu.ec\\\/sitio\\\/en\\\/#organization\",\"name\":\"Universidad de las Artes\",\"url\":\"https:\\\/\\\/www.uartes.edu.ec\\\/sitio\\\/en\\\/\",\"logo\":{\"@type\":\"ImageObject\",\"inLanguage\":\"en-US\",\"@id\":\"https:\\\/\\\/www.uartes.edu.ec\\\/sitio\\\/en\\\/#\\\/schema\\\/logo\\\/image\\\/\",\"url\":\"https:\\\/\\\/www.uartes.edu.ec\\\/sitio\\\/wp-content\\\/uploads\\\/2022\\\/07\\\/logo-ua-horizontal.png\",\"contentUrl\":\"https:\\\/\\\/www.uartes.edu.ec\\\/sitio\\\/wp-content\\\/uploads\\\/2022\\\/07\\\/logo-ua-horizontal.png\",\"width\":800,\"height\":276,\"caption\":\"Universidad de las Artes\"},\"image\":{\"@id\":\"https:\\\/\\\/www.uartes.edu.ec\\\/sitio\\\/en\\\/#\\\/schema\\\/logo\\\/image\\\/\"},\"sameAs\":[\"https:\\\/\\\/www.facebook.com\\\/uartesec\",\"https:\\\/\\\/x.com\\\/uartesec\",\"https:\\\/\\\/www.tiktok.com\\\/@uartesec\"]},{\"@type\":\"Person\",\"@id\":\"https:\\\/\\\/www.uartes.edu.ec\\\/sitio\\\/en\\\/#\\\/schema\\\/person\\\/efa1b8275797664fd7f13a79ccc0b1f4\",\"name\":\"ccortez\",\"image\":{\"@type\":\"ImageObject\",\"inLanguage\":\"en-US\",\"@id\":\"https:\\\/\\\/secure.gravatar.com\\\/avatar\\\/b2a6f664a3ae8e074346ef91775736c5ec479e637ecced6842de9dc98b5da9cd?s=96&d=mm&r=g\",\"url\":\"https:\\\/\\\/secure.gravatar.com\\\/avatar\\\/b2a6f664a3ae8e074346ef91775736c5ec479e637ecced6842de9dc98b5da9cd?s=96&d=mm&r=g\",\"contentUrl\":\"https:\\\/\\\/secure.gravatar.com\\\/avatar\\\/b2a6f664a3ae8e074346ef91775736c5ec479e637ecced6842de9dc98b5da9cd?s=96&d=mm&r=g\",\"caption\":\"ccortez\"},\"url\":\"https:\\\/\\\/www.uartes.edu.ec\\\/sitio\\\/en\\\/blog\\\/author\\\/ccortez\\\/\"}]}<\/script>\n<!-- \/ Yoast SEO plugin. -->","yoast_head_json":{"title":"Universidad de las Artes - Ricky Salazar retrata inseguridad del pa\u00eds en su cortometraje \u201cEl rey a su gente no ve\u201d","description":"Universidad de las Artes - Ricky Salazar retrata inseguridad del pa\u00eds en su cortometraje \u201cEl rey a su gente no ve\u201d","robots":{"index":"index","follow":"follow","max-snippet":"max-snippet:-1","max-image-preview":"max-image-preview:large","max-video-preview":"max-video-preview:-1"},"canonical":"https:\/\/www.uartes.edu.ec\/sitio\/en\/blog\/2025\/02\/03\/ricky-salazar-retrata-la-inseguridad-que-vive-el-pais-en-el-rey-a-su-gente-no-ve-su-corto-de-titulacion\/","og_locale":"en_US","og_type":"article","og_title":"Universidad de las Artes - Ricky Salazar retrata inseguridad del pa\u00eds en su cortometraje \u201cEl rey a su gente no ve\u201d","og_description":"Universidad de las Artes - Ricky Salazar retrata inseguridad del pa\u00eds en su cortometraje \u201cEl rey a su gente no ve\u201d","og_url":"https:\/\/www.uartes.edu.ec\/sitio\/en\/blog\/2025\/02\/03\/ricky-salazar-retrata-la-inseguridad-que-vive-el-pais-en-el-rey-a-su-gente-no-ve-su-corto-de-titulacion\/","og_site_name":"Universidad de las Artes","article_publisher":"https:\/\/www.facebook.com\/uartesec","article_published_time":"2025-02-03T19:59:00+00:00","article_modified_time":"2025-02-06T18:36:37+00:00","og_image":[{"width":2000,"height":1333,"url":"https:\/\/www.uartes.edu.ec\/sitio\/wp-content\/uploads\/2025\/02\/05-CINE-CORTOMETRAJE-RODAJE.jpg","type":"image\/jpeg"}],"author":"ccortez","twitter_card":"summary_large_image","twitter_creator":"@uartesec","twitter_site":"@uartesec","twitter_misc":{"Written by":"ccortez","Est. reading time":"7 minutes"},"schema":{"@context":"https:\/\/schema.org","@graph":[{"@type":"Article","@id":"https:\/\/www.uartes.edu.ec\/sitio\/en\/blog\/2025\/02\/03\/ricky-salazar-retrata-la-inseguridad-que-vive-el-pais-en-el-rey-a-su-gente-no-ve-su-corto-de-titulacion\/#article","isPartOf":{"@id":"https:\/\/www.uartes.edu.ec\/sitio\/en\/blog\/2025\/02\/03\/ricky-salazar-retrata-la-inseguridad-que-vive-el-pais-en-el-rey-a-su-gente-no-ve-su-corto-de-titulacion\/"},"author":{"name":"ccortez","@id":"https:\/\/www.uartes.edu.ec\/sitio\/en\/#\/schema\/person\/efa1b8275797664fd7f13a79ccc0b1f4"},"headline":"Ricky Salazar retrata inseguridad del pa\u00eds en su cortometraje \u201cEl rey a su gente no ve\u201d","datePublished":"2025-02-03T19:59:00+00:00","dateModified":"2025-02-06T18:36:37+00:00","mainEntityOfPage":{"@id":"https:\/\/www.uartes.edu.ec\/sitio\/en\/blog\/2025\/02\/03\/ricky-salazar-retrata-la-inseguridad-que-vive-el-pais-en-el-rey-a-su-gente-no-ve-su-corto-de-titulacion\/"},"wordCount":1314,"commentCount":0,"publisher":{"@id":"https:\/\/www.uartes.edu.ec\/sitio\/en\/#organization"},"image":{"@id":"https:\/\/www.uartes.edu.ec\/sitio\/en\/blog\/2025\/02\/03\/ricky-salazar-retrata-la-inseguridad-que-vive-el-pais-en-el-rey-a-su-gente-no-ve-su-corto-de-titulacion\/#primaryimage"},"thumbnailUrl":"https:\/\/www.uartes.edu.ec\/sitio\/wp-content\/uploads\/2025\/02\/05-CINE-CORTOMETRAJE-RODAJE.jpg","articleSection":["Alumni","Artes","Cine","Investigaci\u00f3n"],"inLanguage":"en-US","potentialAction":[{"@type":"CommentAction","name":"Comment","target":["https:\/\/www.uartes.edu.ec\/sitio\/en\/blog\/2025\/02\/03\/ricky-salazar-retrata-la-inseguridad-que-vive-el-pais-en-el-rey-a-su-gente-no-ve-su-corto-de-titulacion\/#respond"]}]},{"@type":["WebPage","ItemPage"],"@id":"https:\/\/www.uartes.edu.ec\/sitio\/en\/blog\/2025\/02\/03\/ricky-salazar-retrata-la-inseguridad-que-vive-el-pais-en-el-rey-a-su-gente-no-ve-su-corto-de-titulacion\/","url":"https:\/\/www.uartes.edu.ec\/sitio\/en\/blog\/2025\/02\/03\/ricky-salazar-retrata-la-inseguridad-que-vive-el-pais-en-el-rey-a-su-gente-no-ve-su-corto-de-titulacion\/","name":"Universidad de las Artes - Ricky Salazar retrata inseguridad del pa\u00eds en su cortometraje \u201cEl rey a su gente no ve\u201d","isPartOf":{"@id":"https:\/\/www.uartes.edu.ec\/sitio\/en\/#website"},"primaryImageOfPage":{"@id":"https:\/\/www.uartes.edu.ec\/sitio\/en\/blog\/2025\/02\/03\/ricky-salazar-retrata-la-inseguridad-que-vive-el-pais-en-el-rey-a-su-gente-no-ve-su-corto-de-titulacion\/#primaryimage"},"image":{"@id":"https:\/\/www.uartes.edu.ec\/sitio\/en\/blog\/2025\/02\/03\/ricky-salazar-retrata-la-inseguridad-que-vive-el-pais-en-el-rey-a-su-gente-no-ve-su-corto-de-titulacion\/#primaryimage"},"thumbnailUrl":"https:\/\/www.uartes.edu.ec\/sitio\/wp-content\/uploads\/2025\/02\/05-CINE-CORTOMETRAJE-RODAJE.jpg","datePublished":"2025-02-03T19:59:00+00:00","dateModified":"2025-02-06T18:36:37+00:00","description":"Universidad de las Artes - Ricky Salazar retrata inseguridad del pa\u00eds en su cortometraje \u201cEl rey a su gente no ve\u201d","breadcrumb":{"@id":"https:\/\/www.uartes.edu.ec\/sitio\/en\/blog\/2025\/02\/03\/ricky-salazar-retrata-la-inseguridad-que-vive-el-pais-en-el-rey-a-su-gente-no-ve-su-corto-de-titulacion\/#breadcrumb"},"inLanguage":"en-US","potentialAction":[{"@type":"ReadAction","target":["https:\/\/www.uartes.edu.ec\/sitio\/en\/blog\/2025\/02\/03\/ricky-salazar-retrata-la-inseguridad-que-vive-el-pais-en-el-rey-a-su-gente-no-ve-su-corto-de-titulacion\/"]}]},{"@type":"ImageObject","inLanguage":"en-US","@id":"https:\/\/www.uartes.edu.ec\/sitio\/en\/blog\/2025\/02\/03\/ricky-salazar-retrata-la-inseguridad-que-vive-el-pais-en-el-rey-a-su-gente-no-ve-su-corto-de-titulacion\/#primaryimage","url":"https:\/\/www.uartes.edu.ec\/sitio\/wp-content\/uploads\/2025\/02\/05-CINE-CORTOMETRAJE-RODAJE.jpg","contentUrl":"https:\/\/www.uartes.edu.ec\/sitio\/wp-content\/uploads\/2025\/02\/05-CINE-CORTOMETRAJE-RODAJE.jpg","width":2000,"height":1333},{"@type":"BreadcrumbList","@id":"https:\/\/www.uartes.edu.ec\/sitio\/en\/blog\/2025\/02\/03\/ricky-salazar-retrata-la-inseguridad-que-vive-el-pais-en-el-rey-a-su-gente-no-ve-su-corto-de-titulacion\/#breadcrumb","itemListElement":[{"@type":"ListItem","position":1,"name":"Inicio","item":"https:\/\/www.uartes.edu.ec\/sitio\/"},{"@type":"ListItem","position":2,"name":"Ricky Salazar retrata inseguridad del pa\u00eds en su cortometraje \u201cEl rey a su gente no ve\u201d"}]},{"@type":"WebSite","@id":"https:\/\/www.uartes.edu.ec\/sitio\/en\/#website","url":"https:\/\/www.uartes.edu.ec\/sitio\/en\/","name":"Universidad de las Artes","description":"Sitio oficial de la Universidad Nacional de las Artes del Ecuador","publisher":{"@id":"https:\/\/www.uartes.edu.ec\/sitio\/en\/#organization"},"potentialAction":[{"@type":"SearchAction","target":{"@type":"EntryPoint","urlTemplate":"https:\/\/www.uartes.edu.ec\/sitio\/en\/?s={search_term_string}"},"query-input":{"@type":"PropertyValueSpecification","valueRequired":true,"valueName":"search_term_string"}}],"inLanguage":"en-US"},{"@type":"Organization","@id":"https:\/\/www.uartes.edu.ec\/sitio\/en\/#organization","name":"Universidad de las Artes","url":"https:\/\/www.uartes.edu.ec\/sitio\/en\/","logo":{"@type":"ImageObject","inLanguage":"en-US","@id":"https:\/\/www.uartes.edu.ec\/sitio\/en\/#\/schema\/logo\/image\/","url":"https:\/\/www.uartes.edu.ec\/sitio\/wp-content\/uploads\/2022\/07\/logo-ua-horizontal.png","contentUrl":"https:\/\/www.uartes.edu.ec\/sitio\/wp-content\/uploads\/2022\/07\/logo-ua-horizontal.png","width":800,"height":276,"caption":"Universidad de las Artes"},"image":{"@id":"https:\/\/www.uartes.edu.ec\/sitio\/en\/#\/schema\/logo\/image\/"},"sameAs":["https:\/\/www.facebook.com\/uartesec","https:\/\/x.com\/uartesec","https:\/\/www.tiktok.com\/@uartesec"]},{"@type":"Person","@id":"https:\/\/www.uartes.edu.ec\/sitio\/en\/#\/schema\/person\/efa1b8275797664fd7f13a79ccc0b1f4","name":"ccortez","image":{"@type":"ImageObject","inLanguage":"en-US","@id":"https:\/\/secure.gravatar.com\/avatar\/b2a6f664a3ae8e074346ef91775736c5ec479e637ecced6842de9dc98b5da9cd?s=96&d=mm&r=g","url":"https:\/\/secure.gravatar.com\/avatar\/b2a6f664a3ae8e074346ef91775736c5ec479e637ecced6842de9dc98b5da9cd?s=96&d=mm&r=g","contentUrl":"https:\/\/secure.gravatar.com\/avatar\/b2a6f664a3ae8e074346ef91775736c5ec479e637ecced6842de9dc98b5da9cd?s=96&d=mm&r=g","caption":"ccortez"},"url":"https:\/\/www.uartes.edu.ec\/sitio\/en\/blog\/author\/ccortez\/"}]}},"uagb_featured_image_src":{"full":["https:\/\/www.uartes.edu.ec\/sitio\/wp-content\/uploads\/2025\/02\/05-CINE-CORTOMETRAJE-RODAJE.jpg",2000,1333,false],"thumbnail":["https:\/\/www.uartes.edu.ec\/sitio\/wp-content\/uploads\/2025\/02\/05-CINE-CORTOMETRAJE-RODAJE-150x150.jpg",150,150,true],"medium":["https:\/\/www.uartes.edu.ec\/sitio\/wp-content\/uploads\/2025\/02\/05-CINE-CORTOMETRAJE-RODAJE-300x200.jpg",300,200,true],"medium_large":["https:\/\/www.uartes.edu.ec\/sitio\/wp-content\/uploads\/2025\/02\/05-CINE-CORTOMETRAJE-RODAJE-768x512.jpg",768,512,true],"large":["https:\/\/www.uartes.edu.ec\/sitio\/wp-content\/uploads\/2025\/02\/05-CINE-CORTOMETRAJE-RODAJE-644x429.jpg",644,429,true],"1536x1536":["https:\/\/www.uartes.edu.ec\/sitio\/wp-content\/uploads\/2025\/02\/05-CINE-CORTOMETRAJE-RODAJE-1536x1024.jpg",1536,1024,true],"2048x2048":["https:\/\/www.uartes.edu.ec\/sitio\/wp-content\/uploads\/2025\/02\/05-CINE-CORTOMETRAJE-RODAJE.jpg",2000,1333,false],"trp-custom-language-flag":["https:\/\/www.uartes.edu.ec\/sitio\/wp-content\/uploads\/2025\/02\/05-CINE-CORTOMETRAJE-RODAJE-18x12.jpg",18,12,true],"htmega_size_585x295":["https:\/\/www.uartes.edu.ec\/sitio\/wp-content\/uploads\/2025\/02\/05-CINE-CORTOMETRAJE-RODAJE-585x295.jpg",585,295,true],"htmega_size_1170x536":["https:\/\/www.uartes.edu.ec\/sitio\/wp-content\/uploads\/2025\/02\/05-CINE-CORTOMETRAJE-RODAJE-1170x536.jpg",1170,536,true],"htmega_size_396x360":["https:\/\/www.uartes.edu.ec\/sitio\/wp-content\/uploads\/2025\/02\/05-CINE-CORTOMETRAJE-RODAJE-396x360.jpg",396,360,true],"gb-block-post-grid-landscape":["https:\/\/www.uartes.edu.ec\/sitio\/wp-content\/uploads\/2025\/02\/05-CINE-CORTOMETRAJE-RODAJE-600x400.jpg",600,400,true],"gb-block-post-grid-square":["https:\/\/www.uartes.edu.ec\/sitio\/wp-content\/uploads\/2025\/02\/05-CINE-CORTOMETRAJE-RODAJE-600x600.jpg",600,600,true],"university-hub-thumb":["https:\/\/www.uartes.edu.ec\/sitio\/wp-content\/uploads\/2025\/02\/05-CINE-CORTOMETRAJE-RODAJE-400x267.jpg",400,267,true]},"uagb_author_info":{"display_name":"ccortez","author_link":"https:\/\/www.uartes.edu.ec\/sitio\/en\/blog\/author\/ccortez\/"},"uagb_comment_info":0,"uagb_excerpt":"\u201cEl rey a su gente no ve\u201d. El alumnus Ricky Salazar titul\u00f3 as\u00ed al cortometraje de titulaci\u00f3n que, junto a otros audiovisuales trabajados por tambi\u00e9n hoy graduados de la Escuela de Cine de la Universidad de las Artes, se presentaron en un festival que tuvo lugar en la Sala de Cine del MZ14 Centro de&hellip;","featured_image_src":"https:\/\/www.uartes.edu.ec\/sitio\/wp-content\/uploads\/2025\/02\/05-CINE-CORTOMETRAJE-RODAJE-600x400.jpg","featured_image_src_square":"https:\/\/www.uartes.edu.ec\/sitio\/wp-content\/uploads\/2025\/02\/05-CINE-CORTOMETRAJE-RODAJE-600x600.jpg","author_info":{"display_name":"ccortez","author_link":"https:\/\/www.uartes.edu.ec\/sitio\/en\/blog\/author\/ccortez\/"},"publishpress_future_workflow_manual_trigger":{"enabledWorkflows":[]},"distributor_meta":false,"distributor_terms":false,"distributor_media":false,"distributor_original_site_name":"Universidad de las Artes","distributor_original_site_url":"https:\/\/www.uartes.edu.ec\/sitio\/en","push-errors":false,"_links":{"self":[{"href":"https:\/\/www.uartes.edu.ec\/sitio\/en\/wp-json\/wp\/v2\/posts\/67858","targetHints":{"allow":["GET"]}}],"collection":[{"href":"https:\/\/www.uartes.edu.ec\/sitio\/en\/wp-json\/wp\/v2\/posts"}],"about":[{"href":"https:\/\/www.uartes.edu.ec\/sitio\/en\/wp-json\/wp\/v2\/types\/post"}],"author":[{"embeddable":true,"href":"https:\/\/www.uartes.edu.ec\/sitio\/en\/wp-json\/wp\/v2\/users\/10"}],"replies":[{"embeddable":true,"href":"https:\/\/www.uartes.edu.ec\/sitio\/en\/wp-json\/wp\/v2\/comments?post=67858"}],"version-history":[{"count":4,"href":"https:\/\/www.uartes.edu.ec\/sitio\/en\/wp-json\/wp\/v2\/posts\/67858\/revisions"}],"predecessor-version":[{"id":67947,"href":"https:\/\/www.uartes.edu.ec\/sitio\/en\/wp-json\/wp\/v2\/posts\/67858\/revisions\/67947"}],"wp:featuredmedia":[{"embeddable":true,"href":"https:\/\/www.uartes.edu.ec\/sitio\/en\/wp-json\/wp\/v2\/media\/67859"}],"wp:attachment":[{"href":"https:\/\/www.uartes.edu.ec\/sitio\/en\/wp-json\/wp\/v2\/media?parent=67858"}],"wp:term":[{"taxonomy":"category","embeddable":true,"href":"https:\/\/www.uartes.edu.ec\/sitio\/en\/wp-json\/wp\/v2\/categories?post=67858"},{"taxonomy":"post_tag","embeddable":true,"href":"https:\/\/www.uartes.edu.ec\/sitio\/en\/wp-json\/wp\/v2\/tags?post=67858"},{"taxonomy":"infouartes","embeddable":true,"href":"https:\/\/www.uartes.edu.ec\/sitio\/en\/wp-json\/wp\/v2\/infouartes?post=67858"}],"curies":[{"name":"wp","href":"https:\/\/api.w.org\/{rel}","templated":true}]}}