{"id":68412,"date":"2025-02-18T17:18:57","date_gmt":"2025-02-18T22:18:57","guid":{"rendered":"https:\/\/www.uartes.edu.ec\/sitio\/?p=68412"},"modified":"2025-02-18T17:30:57","modified_gmt":"2025-02-18T22:30:57","slug":"narrando-con-imagenes-el-taller-con-el-que-demian-busca-motivar-a-los-jovenes-a-expresarse-creativamente","status":"publish","type":"post","link":"https:\/\/www.uartes.edu.ec\/sitio\/en\/blog\/2025\/02\/18\/narrando-con-imagenes-el-taller-con-el-que-demian-busca-motivar-a-los-jovenes-a-expresarse-creativamente\/","title":{"rendered":"\u201cNarrando con im\u00e1genes\u201d, el taller con el que \u201cDemian\u201d busca que j\u00f3venes ganen confianza y se expresen creativamente"},"content":{"rendered":"<p>El deseo de sumar m\u00e1s experiencias en la did\u00e1ctica afianzada en la creaci\u00f3n art\u00edstica llev\u00f3 a Fernando Garc\u00e9s Medina a responder a la convocatoria Voluntariado Alumni de la Biblioteca de las Artes. \u201cDemian\u201d, como se da a conocer en el \u00e1mbito art\u00edstico, cultural y literario, se gradu\u00f3 en la Escuela de Literatura de la Universidad de las Artes en 2023 y \u201cNarrando con im\u00e1genes\u201d es el taller que propuso dictar.<\/p>\n\n\n\n<p>Dirigido a p\u00fablico con edades comprendidas entre los 13 y 16 a\u00f1os, \u201cDemian\u201d dar\u00e1 inicio a su taller este 19 de febrero, lo dictar\u00e1 hasta el 19 de marzo pr\u00f3ximo en la Sala R\u00eda de la Biblioteca de las Artes los d\u00edas mi\u00e9rcoles, de 15:00 a 17:00.<\/p>\n\n\n\n<p>En di\u00e1logo con InfoUArtes, \u201cDemian\u201d cont\u00f3 que ha tomado parte en varios talleres antes y despu\u00e9s de concluir su preparaci\u00f3n acad\u00e9mica de pregrado. De cada uno guarda vivencias y resultados tan gratificantes como distintos. \u201cPienso que es muy importante contribuir con la gente joven, ayudarles a desarrollar la suficiente confianza para expresarse creativamente\u201d, expres\u00f3. &nbsp;<\/p>\n\n\n\n<p>\u201cNarrando con im\u00e1genes\u201d, su propuesta, la concibi\u00f3 a partir de la construcci\u00f3n de microcuentos \u00fanicamente con fotograf\u00edas tomadas con el celular de cada participante. \u201cPara ello vamos a revisar un poco el origen y evoluci\u00f3n del comic e historias gr\u00e1ficas, y c\u00f3mo su narrativa ha cambiado acorde con la \u00e9poca. Tambi\u00e9n abordaremos la estructura esencial del relato y microcuentos y, por su puesto, una gu\u00eda pr\u00e1ctica para conocer y emplear t\u00e9cnicas b\u00e1sicas de fotograf\u00eda\u201d.<\/p>\n\n\n<div class=\"wp-block-image\">\n<figure class=\"aligncenter size-large is-resized\"><img fetchpriority=\"high\" decoding=\"async\" width=\"644\" height=\"429\" src=\"https:\/\/www.uartes.edu.ec\/sitio\/wp-content\/uploads\/2025\/02\/08-TALLER-ALUMNI-1-644x429.jpg\" alt=\"\" class=\"wp-image-68389\" style=\"width:552px;height:auto\" srcset=\"https:\/\/www.uartes.edu.ec\/sitio\/wp-content\/uploads\/2025\/02\/08-TALLER-ALUMNI-1-644x429.jpg 644w, https:\/\/www.uartes.edu.ec\/sitio\/wp-content\/uploads\/2025\/02\/08-TALLER-ALUMNI-1-300x200.jpg 300w, https:\/\/www.uartes.edu.ec\/sitio\/wp-content\/uploads\/2025\/02\/08-TALLER-ALUMNI-1-768x512.jpg 768w, https:\/\/www.uartes.edu.ec\/sitio\/wp-content\/uploads\/2025\/02\/08-TALLER-ALUMNI-1-1536x1024.jpg 1536w, https:\/\/www.uartes.edu.ec\/sitio\/wp-content\/uploads\/2025\/02\/08-TALLER-ALUMNI-1-18x12.jpg 18w, https:\/\/www.uartes.edu.ec\/sitio\/wp-content\/uploads\/2025\/02\/08-TALLER-ALUMNI-1-600x400.jpg 600w, https:\/\/www.uartes.edu.ec\/sitio\/wp-content\/uploads\/2025\/02\/08-TALLER-ALUMNI-1-400x267.jpg 400w, https:\/\/www.uartes.edu.ec\/sitio\/wp-content\/uploads\/2025\/02\/08-TALLER-ALUMNI-1.jpg 2000w\" sizes=\"(max-width: 644px) 100vw, 644px\" \/><\/figure>\n<\/div>\n\n\n<p>\u201cDemian\u201d indic\u00f3 que su taller tendr\u00e1 cinco sesiones y que aspira a realizar con sus participantes una muestra con los trabajos finales.<\/p>\n\n\n\n<p>El alumnus dijo considerar valioso participar no solo en las actividades realizadas en la UArtes, sino tambi\u00e9n unirse a las convocatorias y contribuir con la variedad de iniciativas art\u00edsticas que ofrece nuestra instituci\u00f3n de educaci\u00f3n superior, donde se tiene libertad para desarrollar todo tipo de experiencias multidisciplinarias. \u201cEsto enriquece nuestras experiencias creativas, as\u00ed como el aporte cultural que otorgamos a la comunidad\u201d, expres\u00f3.<\/p>\n\n\n\n<p>De los pasos dados tras obtener la Licenciatura en Literatura, \u201cDemian\u201d cont\u00f3 que le dedic\u00f3 tiempo a la reedici\u00f3n de textos que surgieron en clases, as\u00ed como a expandir m\u00e1s trabajos literarios con lo cual espera pronto realizar una auto publicaci\u00f3n. \u201cTambi\u00e9n abr\u00ed un nuevo blog donde he compartido diversos art\u00edculos de investigaci\u00f3n y algunos relatos en idioma ingl\u00e9s\u201d.<\/p>\n\n\n\n<p>Antes del Voluntariado Alumni, \u201cDemian\u201d revel\u00f3 que tuvo la oportunidad de participar en dos convocatorias de la UArtes. \u201cEl \u00faltimo taller fue durante Libre Libro, donde realic\u00e9 una actividad de mediaci\u00f3n lectora interdisciplinar que tuvo una grandiosa participaci\u00f3n de los j\u00f3venes asistentes. Eso es algo que me motiva a siempre concebir actividades de creaci\u00f3n art\u00edstica, es algo que deseo seguir desarrollando donde m\u00e1s pueda\u201d.<\/p>\n\n\n\n<p>Inscripciones para el taller \u201cNarrando con im\u00e1genes\u201d en: <a href=\"https:\/\/linktr.ee\/Biblio.UArtes\">https:\/\/linktr.ee\/Biblio.UArtes<\/a><\/p>\n\n\n\n<p>Foto: Harold Maridue\u00f1a\/Biblioteca de las Artes. <\/p>\n\n\n\n<p><\/p>","protected":false},"excerpt":{"rendered":"<p>El deseo de sumar m\u00e1s experiencias en la did\u00e1ctica afianzada en la creaci\u00f3n art\u00edstica llev\u00f3 a Fernando Garc\u00e9s Medina a responder a la convocatoria Voluntariado Alumni de la Biblioteca de las Artes. \u201cDemian\u201d, como se da a conocer en el \u00e1mbito art\u00edstico, cultural y literario, se gradu\u00f3 en la Escuela de Literatura de la Universidad de las Artes en 2023 y \u201cNarrando con im\u00e1genes\u201d es el taller que propuso dictar.<\/p>","protected":false},"author":10,"featured_media":68413,"comment_status":"open","ping_status":"open","sticky":false,"template":"","format":"standard","meta":{"_acf_changed":false,"_uag_custom_page_level_css":"","_monsterinsights_skip_tracking":false,"_monsterinsights_sitenote_active":false,"_monsterinsights_sitenote_note":"","_monsterinsights_sitenote_category":0,"cybocfi_hide_featured_image":"","footnotes":""},"categories":[80,490,82,77,83],"tags":[41],"infouartes":[],"class_list":["post-68412","post","type-post","status-publish","format-standard","has-post-thumbnail","hentry","category-academico","category-alumni","category-artes","category-gestion","category-sedes","tag-biblioteca"],"acf":[],"yoast_head":"<!-- This site is optimized with the Yoast SEO plugin v27.4 - https:\/\/yoast.com\/product\/yoast-seo-wordpress\/ -->\n<title>Universidad de las Artes - \u201cNarrando con im\u00e1genes\u201d, el taller con el que \u201cDemian\u201d busca que j\u00f3venes ganen confianza y se expresen creativamente<\/title>\n<meta name=\"description\" content=\"Universidad de las Artes - \u201cNarrando con im\u00e1genes\u201d, el taller con el que \u201cDemian\u201d busca que j\u00f3venes ganen confianza y se expresen creativamente\" \/>\n<meta name=\"robots\" content=\"index, follow, max-snippet:-1, max-image-preview:large, max-video-preview:-1\" \/>\n<link rel=\"canonical\" href=\"https:\/\/www.uartes.edu.ec\/sitio\/en\/blog\/2025\/02\/18\/narrando-con-imagenes-el-taller-con-el-que-demian-busca-motivar-a-los-jovenes-a-expresarse-creativamente\/\" \/>\n<meta property=\"og:locale\" content=\"en_US\" \/>\n<meta property=\"og:type\" content=\"article\" \/>\n<meta property=\"og:title\" content=\"Universidad de las Artes - \u201cNarrando con im\u00e1genes\u201d, el taller con el que \u201cDemian\u201d busca que j\u00f3venes ganen confianza y se expresen creativamente\" \/>\n<meta property=\"og:description\" content=\"Universidad de las Artes - \u201cNarrando con im\u00e1genes\u201d, el taller con el que \u201cDemian\u201d busca que j\u00f3venes ganen confianza y se expresen creativamente\" \/>\n<meta property=\"og:url\" content=\"https:\/\/www.uartes.edu.ec\/sitio\/en\/blog\/2025\/02\/18\/narrando-con-imagenes-el-taller-con-el-que-demian-busca-motivar-a-los-jovenes-a-expresarse-creativamente\/\" \/>\n<meta property=\"og:site_name\" content=\"Universidad de las Artes\" \/>\n<meta property=\"article:publisher\" content=\"https:\/\/www.facebook.com\/uartesec\" \/>\n<meta property=\"article:published_time\" content=\"2025-02-18T22:18:57+00:00\" \/>\n<meta property=\"article:modified_time\" content=\"2025-02-18T22:30:57+00:00\" \/>\n<meta property=\"og:image\" content=\"https:\/\/www.uartes.edu.ec\/sitio\/wp-content\/uploads\/2025\/02\/02-CARLOS-CANDO-ALUMNI.jpg\" \/>\n\t<meta property=\"og:image:width\" content=\"2000\" \/>\n\t<meta property=\"og:image:height\" content=\"1333\" \/>\n\t<meta property=\"og:image:type\" content=\"image\/jpeg\" \/>\n<meta name=\"author\" content=\"ccortez\" \/>\n<meta name=\"twitter:card\" content=\"summary_large_image\" \/>\n<meta name=\"twitter:creator\" content=\"@uartesec\" \/>\n<meta name=\"twitter:site\" content=\"@uartesec\" \/>\n<meta name=\"twitter:label1\" content=\"Written by\" \/>\n\t<meta name=\"twitter:data1\" content=\"ccortez\" \/>\n\t<meta name=\"twitter:label2\" content=\"Est. reading time\" \/>\n\t<meta name=\"twitter:data2\" content=\"3 minutes\" \/>\n<script type=\"application\/ld+json\" class=\"yoast-schema-graph\">{\"@context\":\"https:\\\/\\\/schema.org\",\"@graph\":[{\"@type\":\"Article\",\"@id\":\"https:\\\/\\\/www.uartes.edu.ec\\\/sitio\\\/en\\\/blog\\\/2025\\\/02\\\/18\\\/narrando-con-imagenes-el-taller-con-el-que-demian-busca-motivar-a-los-jovenes-a-expresarse-creativamente\\\/#article\",\"isPartOf\":{\"@id\":\"https:\\\/\\\/www.uartes.edu.ec\\\/sitio\\\/en\\\/blog\\\/2025\\\/02\\\/18\\\/narrando-con-imagenes-el-taller-con-el-que-demian-busca-motivar-a-los-jovenes-a-expresarse-creativamente\\\/\"},\"author\":{\"name\":\"ccortez\",\"@id\":\"https:\\\/\\\/www.uartes.edu.ec\\\/sitio\\\/en\\\/#\\\/schema\\\/person\\\/efa1b8275797664fd7f13a79ccc0b1f4\"},\"headline\":\"\u201cNarrando con im\u00e1genes\u201d, el taller con el que \u201cDemian\u201d busca que j\u00f3venes ganen confianza y se expresen creativamente\",\"datePublished\":\"2025-02-18T22:18:57+00:00\",\"dateModified\":\"2025-02-18T22:30:57+00:00\",\"mainEntityOfPage\":{\"@id\":\"https:\\\/\\\/www.uartes.edu.ec\\\/sitio\\\/en\\\/blog\\\/2025\\\/02\\\/18\\\/narrando-con-imagenes-el-taller-con-el-que-demian-busca-motivar-a-los-jovenes-a-expresarse-creativamente\\\/\"},\"wordCount\":535,\"commentCount\":0,\"publisher\":{\"@id\":\"https:\\\/\\\/www.uartes.edu.ec\\\/sitio\\\/en\\\/#organization\"},\"image\":{\"@id\":\"https:\\\/\\\/www.uartes.edu.ec\\\/sitio\\\/en\\\/blog\\\/2025\\\/02\\\/18\\\/narrando-con-imagenes-el-taller-con-el-que-demian-busca-motivar-a-los-jovenes-a-expresarse-creativamente\\\/#primaryimage\"},\"thumbnailUrl\":\"https:\\\/\\\/www.uartes.edu.ec\\\/sitio\\\/wp-content\\\/uploads\\\/2025\\\/02\\\/02-CARLOS-CANDO-ALUMNI.jpg\",\"keywords\":[\"biblioteca\"],\"articleSection\":[\"Acad\u00e9mico\",\"Alumni\",\"Artes\",\"Gesti\u00f3n\",\"Sedes\"],\"inLanguage\":\"en-US\",\"potentialAction\":[{\"@type\":\"CommentAction\",\"name\":\"Comment\",\"target\":[\"https:\\\/\\\/www.uartes.edu.ec\\\/sitio\\\/en\\\/blog\\\/2025\\\/02\\\/18\\\/narrando-con-imagenes-el-taller-con-el-que-demian-busca-motivar-a-los-jovenes-a-expresarse-creativamente\\\/#respond\"]}]},{\"@type\":[\"WebPage\",\"ItemPage\"],\"@id\":\"https:\\\/\\\/www.uartes.edu.ec\\\/sitio\\\/en\\\/blog\\\/2025\\\/02\\\/18\\\/narrando-con-imagenes-el-taller-con-el-que-demian-busca-motivar-a-los-jovenes-a-expresarse-creativamente\\\/\",\"url\":\"https:\\\/\\\/www.uartes.edu.ec\\\/sitio\\\/en\\\/blog\\\/2025\\\/02\\\/18\\\/narrando-con-imagenes-el-taller-con-el-que-demian-busca-motivar-a-los-jovenes-a-expresarse-creativamente\\\/\",\"name\":\"Universidad de las Artes - \u201cNarrando con im\u00e1genes\u201d, el taller con el que \u201cDemian\u201d busca que j\u00f3venes ganen confianza y se expresen creativamente\",\"isPartOf\":{\"@id\":\"https:\\\/\\\/www.uartes.edu.ec\\\/sitio\\\/en\\\/#website\"},\"primaryImageOfPage\":{\"@id\":\"https:\\\/\\\/www.uartes.edu.ec\\\/sitio\\\/en\\\/blog\\\/2025\\\/02\\\/18\\\/narrando-con-imagenes-el-taller-con-el-que-demian-busca-motivar-a-los-jovenes-a-expresarse-creativamente\\\/#primaryimage\"},\"image\":{\"@id\":\"https:\\\/\\\/www.uartes.edu.ec\\\/sitio\\\/en\\\/blog\\\/2025\\\/02\\\/18\\\/narrando-con-imagenes-el-taller-con-el-que-demian-busca-motivar-a-los-jovenes-a-expresarse-creativamente\\\/#primaryimage\"},\"thumbnailUrl\":\"https:\\\/\\\/www.uartes.edu.ec\\\/sitio\\\/wp-content\\\/uploads\\\/2025\\\/02\\\/02-CARLOS-CANDO-ALUMNI.jpg\",\"datePublished\":\"2025-02-18T22:18:57+00:00\",\"dateModified\":\"2025-02-18T22:30:57+00:00\",\"description\":\"Universidad de las Artes - \u201cNarrando con im\u00e1genes\u201d, el taller con el que \u201cDemian\u201d busca que j\u00f3venes ganen confianza y se expresen creativamente\",\"breadcrumb\":{\"@id\":\"https:\\\/\\\/www.uartes.edu.ec\\\/sitio\\\/en\\\/blog\\\/2025\\\/02\\\/18\\\/narrando-con-imagenes-el-taller-con-el-que-demian-busca-motivar-a-los-jovenes-a-expresarse-creativamente\\\/#breadcrumb\"},\"inLanguage\":\"en-US\",\"potentialAction\":[{\"@type\":\"ReadAction\",\"target\":[\"https:\\\/\\\/www.uartes.edu.ec\\\/sitio\\\/en\\\/blog\\\/2025\\\/02\\\/18\\\/narrando-con-imagenes-el-taller-con-el-que-demian-busca-motivar-a-los-jovenes-a-expresarse-creativamente\\\/\"]}]},{\"@type\":\"ImageObject\",\"inLanguage\":\"en-US\",\"@id\":\"https:\\\/\\\/www.uartes.edu.ec\\\/sitio\\\/en\\\/blog\\\/2025\\\/02\\\/18\\\/narrando-con-imagenes-el-taller-con-el-que-demian-busca-motivar-a-los-jovenes-a-expresarse-creativamente\\\/#primaryimage\",\"url\":\"https:\\\/\\\/www.uartes.edu.ec\\\/sitio\\\/wp-content\\\/uploads\\\/2025\\\/02\\\/02-CARLOS-CANDO-ALUMNI.jpg\",\"contentUrl\":\"https:\\\/\\\/www.uartes.edu.ec\\\/sitio\\\/wp-content\\\/uploads\\\/2025\\\/02\\\/02-CARLOS-CANDO-ALUMNI.jpg\",\"width\":2000,\"height\":1333},{\"@type\":\"BreadcrumbList\",\"@id\":\"https:\\\/\\\/www.uartes.edu.ec\\\/sitio\\\/en\\\/blog\\\/2025\\\/02\\\/18\\\/narrando-con-imagenes-el-taller-con-el-que-demian-busca-motivar-a-los-jovenes-a-expresarse-creativamente\\\/#breadcrumb\",\"itemListElement\":[{\"@type\":\"ListItem\",\"position\":1,\"name\":\"Inicio\",\"item\":\"https:\\\/\\\/www.uartes.edu.ec\\\/sitio\\\/\"},{\"@type\":\"ListItem\",\"position\":2,\"name\":\"\u201cNarrando con im\u00e1genes\u201d, el taller con el que \u201cDemian\u201d busca que j\u00f3venes ganen confianza y se expresen creativamente\"}]},{\"@type\":\"WebSite\",\"@id\":\"https:\\\/\\\/www.uartes.edu.ec\\\/sitio\\\/en\\\/#website\",\"url\":\"https:\\\/\\\/www.uartes.edu.ec\\\/sitio\\\/en\\\/\",\"name\":\"Universidad de las Artes\",\"description\":\"Sitio oficial de la Universidad Nacional de las Artes del Ecuador\",\"publisher\":{\"@id\":\"https:\\\/\\\/www.uartes.edu.ec\\\/sitio\\\/en\\\/#organization\"},\"potentialAction\":[{\"@type\":\"SearchAction\",\"target\":{\"@type\":\"EntryPoint\",\"urlTemplate\":\"https:\\\/\\\/www.uartes.edu.ec\\\/sitio\\\/en\\\/?s={search_term_string}\"},\"query-input\":{\"@type\":\"PropertyValueSpecification\",\"valueRequired\":true,\"valueName\":\"search_term_string\"}}],\"inLanguage\":\"en-US\"},{\"@type\":\"Organization\",\"@id\":\"https:\\\/\\\/www.uartes.edu.ec\\\/sitio\\\/en\\\/#organization\",\"name\":\"Universidad de las Artes\",\"url\":\"https:\\\/\\\/www.uartes.edu.ec\\\/sitio\\\/en\\\/\",\"logo\":{\"@type\":\"ImageObject\",\"inLanguage\":\"en-US\",\"@id\":\"https:\\\/\\\/www.uartes.edu.ec\\\/sitio\\\/en\\\/#\\\/schema\\\/logo\\\/image\\\/\",\"url\":\"https:\\\/\\\/www.uartes.edu.ec\\\/sitio\\\/wp-content\\\/uploads\\\/2022\\\/07\\\/logo-ua-horizontal.png\",\"contentUrl\":\"https:\\\/\\\/www.uartes.edu.ec\\\/sitio\\\/wp-content\\\/uploads\\\/2022\\\/07\\\/logo-ua-horizontal.png\",\"width\":800,\"height\":276,\"caption\":\"Universidad de las Artes\"},\"image\":{\"@id\":\"https:\\\/\\\/www.uartes.edu.ec\\\/sitio\\\/en\\\/#\\\/schema\\\/logo\\\/image\\\/\"},\"sameAs\":[\"https:\\\/\\\/www.facebook.com\\\/uartesec\",\"https:\\\/\\\/x.com\\\/uartesec\",\"https:\\\/\\\/www.tiktok.com\\\/@uartesec\"]},{\"@type\":\"Person\",\"@id\":\"https:\\\/\\\/www.uartes.edu.ec\\\/sitio\\\/en\\\/#\\\/schema\\\/person\\\/efa1b8275797664fd7f13a79ccc0b1f4\",\"name\":\"ccortez\",\"image\":{\"@type\":\"ImageObject\",\"inLanguage\":\"en-US\",\"@id\":\"https:\\\/\\\/secure.gravatar.com\\\/avatar\\\/b2a6f664a3ae8e074346ef91775736c5ec479e637ecced6842de9dc98b5da9cd?s=96&d=mm&r=g\",\"url\":\"https:\\\/\\\/secure.gravatar.com\\\/avatar\\\/b2a6f664a3ae8e074346ef91775736c5ec479e637ecced6842de9dc98b5da9cd?s=96&d=mm&r=g\",\"contentUrl\":\"https:\\\/\\\/secure.gravatar.com\\\/avatar\\\/b2a6f664a3ae8e074346ef91775736c5ec479e637ecced6842de9dc98b5da9cd?s=96&d=mm&r=g\",\"caption\":\"ccortez\"},\"url\":\"https:\\\/\\\/www.uartes.edu.ec\\\/sitio\\\/en\\\/blog\\\/author\\\/ccortez\\\/\"}]}<\/script>\n<!-- \/ Yoast SEO plugin. -->","yoast_head_json":{"title":"Universidad de las Artes - \u201cNarrando con im\u00e1genes\u201d, el taller con el que \u201cDemian\u201d busca que j\u00f3venes ganen confianza y se expresen creativamente","description":"Universidad de las Artes - \u201cNarrando con im\u00e1genes\u201d, el taller con el que \u201cDemian\u201d busca que j\u00f3venes ganen confianza y se expresen creativamente","robots":{"index":"index","follow":"follow","max-snippet":"max-snippet:-1","max-image-preview":"max-image-preview:large","max-video-preview":"max-video-preview:-1"},"canonical":"https:\/\/www.uartes.edu.ec\/sitio\/en\/blog\/2025\/02\/18\/narrando-con-imagenes-el-taller-con-el-que-demian-busca-motivar-a-los-jovenes-a-expresarse-creativamente\/","og_locale":"en_US","og_type":"article","og_title":"Universidad de las Artes - \u201cNarrando con im\u00e1genes\u201d, el taller con el que \u201cDemian\u201d busca que j\u00f3venes ganen confianza y se expresen creativamente","og_description":"Universidad de las Artes - \u201cNarrando con im\u00e1genes\u201d, el taller con el que \u201cDemian\u201d busca que j\u00f3venes ganen confianza y se expresen creativamente","og_url":"https:\/\/www.uartes.edu.ec\/sitio\/en\/blog\/2025\/02\/18\/narrando-con-imagenes-el-taller-con-el-que-demian-busca-motivar-a-los-jovenes-a-expresarse-creativamente\/","og_site_name":"Universidad de las Artes","article_publisher":"https:\/\/www.facebook.com\/uartesec","article_published_time":"2025-02-18T22:18:57+00:00","article_modified_time":"2025-02-18T22:30:57+00:00","og_image":[{"width":2000,"height":1333,"url":"https:\/\/www.uartes.edu.ec\/sitio\/wp-content\/uploads\/2025\/02\/02-CARLOS-CANDO-ALUMNI.jpg","type":"image\/jpeg"}],"author":"ccortez","twitter_card":"summary_large_image","twitter_creator":"@uartesec","twitter_site":"@uartesec","twitter_misc":{"Written by":"ccortez","Est. reading time":"3 minutes"},"schema":{"@context":"https:\/\/schema.org","@graph":[{"@type":"Article","@id":"https:\/\/www.uartes.edu.ec\/sitio\/en\/blog\/2025\/02\/18\/narrando-con-imagenes-el-taller-con-el-que-demian-busca-motivar-a-los-jovenes-a-expresarse-creativamente\/#article","isPartOf":{"@id":"https:\/\/www.uartes.edu.ec\/sitio\/en\/blog\/2025\/02\/18\/narrando-con-imagenes-el-taller-con-el-que-demian-busca-motivar-a-los-jovenes-a-expresarse-creativamente\/"},"author":{"name":"ccortez","@id":"https:\/\/www.uartes.edu.ec\/sitio\/en\/#\/schema\/person\/efa1b8275797664fd7f13a79ccc0b1f4"},"headline":"\u201cNarrando con im\u00e1genes\u201d, el taller con el que \u201cDemian\u201d busca que j\u00f3venes ganen confianza y se expresen creativamente","datePublished":"2025-02-18T22:18:57+00:00","dateModified":"2025-02-18T22:30:57+00:00","mainEntityOfPage":{"@id":"https:\/\/www.uartes.edu.ec\/sitio\/en\/blog\/2025\/02\/18\/narrando-con-imagenes-el-taller-con-el-que-demian-busca-motivar-a-los-jovenes-a-expresarse-creativamente\/"},"wordCount":535,"commentCount":0,"publisher":{"@id":"https:\/\/www.uartes.edu.ec\/sitio\/en\/#organization"},"image":{"@id":"https:\/\/www.uartes.edu.ec\/sitio\/en\/blog\/2025\/02\/18\/narrando-con-imagenes-el-taller-con-el-que-demian-busca-motivar-a-los-jovenes-a-expresarse-creativamente\/#primaryimage"},"thumbnailUrl":"https:\/\/www.uartes.edu.ec\/sitio\/wp-content\/uploads\/2025\/02\/02-CARLOS-CANDO-ALUMNI.jpg","keywords":["biblioteca"],"articleSection":["Acad\u00e9mico","Alumni","Artes","Gesti\u00f3n","Sedes"],"inLanguage":"en-US","potentialAction":[{"@type":"CommentAction","name":"Comment","target":["https:\/\/www.uartes.edu.ec\/sitio\/en\/blog\/2025\/02\/18\/narrando-con-imagenes-el-taller-con-el-que-demian-busca-motivar-a-los-jovenes-a-expresarse-creativamente\/#respond"]}]},{"@type":["WebPage","ItemPage"],"@id":"https:\/\/www.uartes.edu.ec\/sitio\/en\/blog\/2025\/02\/18\/narrando-con-imagenes-el-taller-con-el-que-demian-busca-motivar-a-los-jovenes-a-expresarse-creativamente\/","url":"https:\/\/www.uartes.edu.ec\/sitio\/en\/blog\/2025\/02\/18\/narrando-con-imagenes-el-taller-con-el-que-demian-busca-motivar-a-los-jovenes-a-expresarse-creativamente\/","name":"Universidad de las Artes - \u201cNarrando con im\u00e1genes\u201d, el taller con el que \u201cDemian\u201d busca que j\u00f3venes ganen confianza y se expresen creativamente","isPartOf":{"@id":"https:\/\/www.uartes.edu.ec\/sitio\/en\/#website"},"primaryImageOfPage":{"@id":"https:\/\/www.uartes.edu.ec\/sitio\/en\/blog\/2025\/02\/18\/narrando-con-imagenes-el-taller-con-el-que-demian-busca-motivar-a-los-jovenes-a-expresarse-creativamente\/#primaryimage"},"image":{"@id":"https:\/\/www.uartes.edu.ec\/sitio\/en\/blog\/2025\/02\/18\/narrando-con-imagenes-el-taller-con-el-que-demian-busca-motivar-a-los-jovenes-a-expresarse-creativamente\/#primaryimage"},"thumbnailUrl":"https:\/\/www.uartes.edu.ec\/sitio\/wp-content\/uploads\/2025\/02\/02-CARLOS-CANDO-ALUMNI.jpg","datePublished":"2025-02-18T22:18:57+00:00","dateModified":"2025-02-18T22:30:57+00:00","description":"Universidad de las Artes - \u201cNarrando con im\u00e1genes\u201d, el taller con el que \u201cDemian\u201d busca que j\u00f3venes ganen confianza y se expresen creativamente","breadcrumb":{"@id":"https:\/\/www.uartes.edu.ec\/sitio\/en\/blog\/2025\/02\/18\/narrando-con-imagenes-el-taller-con-el-que-demian-busca-motivar-a-los-jovenes-a-expresarse-creativamente\/#breadcrumb"},"inLanguage":"en-US","potentialAction":[{"@type":"ReadAction","target":["https:\/\/www.uartes.edu.ec\/sitio\/en\/blog\/2025\/02\/18\/narrando-con-imagenes-el-taller-con-el-que-demian-busca-motivar-a-los-jovenes-a-expresarse-creativamente\/"]}]},{"@type":"ImageObject","inLanguage":"en-US","@id":"https:\/\/www.uartes.edu.ec\/sitio\/en\/blog\/2025\/02\/18\/narrando-con-imagenes-el-taller-con-el-que-demian-busca-motivar-a-los-jovenes-a-expresarse-creativamente\/#primaryimage","url":"https:\/\/www.uartes.edu.ec\/sitio\/wp-content\/uploads\/2025\/02\/02-CARLOS-CANDO-ALUMNI.jpg","contentUrl":"https:\/\/www.uartes.edu.ec\/sitio\/wp-content\/uploads\/2025\/02\/02-CARLOS-CANDO-ALUMNI.jpg","width":2000,"height":1333},{"@type":"BreadcrumbList","@id":"https:\/\/www.uartes.edu.ec\/sitio\/en\/blog\/2025\/02\/18\/narrando-con-imagenes-el-taller-con-el-que-demian-busca-motivar-a-los-jovenes-a-expresarse-creativamente\/#breadcrumb","itemListElement":[{"@type":"ListItem","position":1,"name":"Inicio","item":"https:\/\/www.uartes.edu.ec\/sitio\/"},{"@type":"ListItem","position":2,"name":"\u201cNarrando con im\u00e1genes\u201d, el taller con el que \u201cDemian\u201d busca que j\u00f3venes ganen confianza y se expresen creativamente"}]},{"@type":"WebSite","@id":"https:\/\/www.uartes.edu.ec\/sitio\/en\/#website","url":"https:\/\/www.uartes.edu.ec\/sitio\/en\/","name":"Universidad de las Artes","description":"Sitio oficial de la Universidad Nacional de las Artes del Ecuador","publisher":{"@id":"https:\/\/www.uartes.edu.ec\/sitio\/en\/#organization"},"potentialAction":[{"@type":"SearchAction","target":{"@type":"EntryPoint","urlTemplate":"https:\/\/www.uartes.edu.ec\/sitio\/en\/?s={search_term_string}"},"query-input":{"@type":"PropertyValueSpecification","valueRequired":true,"valueName":"search_term_string"}}],"inLanguage":"en-US"},{"@type":"Organization","@id":"https:\/\/www.uartes.edu.ec\/sitio\/en\/#organization","name":"Universidad de las Artes","url":"https:\/\/www.uartes.edu.ec\/sitio\/en\/","logo":{"@type":"ImageObject","inLanguage":"en-US","@id":"https:\/\/www.uartes.edu.ec\/sitio\/en\/#\/schema\/logo\/image\/","url":"https:\/\/www.uartes.edu.ec\/sitio\/wp-content\/uploads\/2022\/07\/logo-ua-horizontal.png","contentUrl":"https:\/\/www.uartes.edu.ec\/sitio\/wp-content\/uploads\/2022\/07\/logo-ua-horizontal.png","width":800,"height":276,"caption":"Universidad de las Artes"},"image":{"@id":"https:\/\/www.uartes.edu.ec\/sitio\/en\/#\/schema\/logo\/image\/"},"sameAs":["https:\/\/www.facebook.com\/uartesec","https:\/\/x.com\/uartesec","https:\/\/www.tiktok.com\/@uartesec"]},{"@type":"Person","@id":"https:\/\/www.uartes.edu.ec\/sitio\/en\/#\/schema\/person\/efa1b8275797664fd7f13a79ccc0b1f4","name":"ccortez","image":{"@type":"ImageObject","inLanguage":"en-US","@id":"https:\/\/secure.gravatar.com\/avatar\/b2a6f664a3ae8e074346ef91775736c5ec479e637ecced6842de9dc98b5da9cd?s=96&d=mm&r=g","url":"https:\/\/secure.gravatar.com\/avatar\/b2a6f664a3ae8e074346ef91775736c5ec479e637ecced6842de9dc98b5da9cd?s=96&d=mm&r=g","contentUrl":"https:\/\/secure.gravatar.com\/avatar\/b2a6f664a3ae8e074346ef91775736c5ec479e637ecced6842de9dc98b5da9cd?s=96&d=mm&r=g","caption":"ccortez"},"url":"https:\/\/www.uartes.edu.ec\/sitio\/en\/blog\/author\/ccortez\/"}]}},"uagb_featured_image_src":{"full":["https:\/\/www.uartes.edu.ec\/sitio\/wp-content\/uploads\/2025\/02\/02-CARLOS-CANDO-ALUMNI.jpg",2000,1333,false],"thumbnail":["https:\/\/www.uartes.edu.ec\/sitio\/wp-content\/uploads\/2025\/02\/02-CARLOS-CANDO-ALUMNI-150x150.jpg",150,150,true],"medium":["https:\/\/www.uartes.edu.ec\/sitio\/wp-content\/uploads\/2025\/02\/02-CARLOS-CANDO-ALUMNI-300x200.jpg",300,200,true],"medium_large":["https:\/\/www.uartes.edu.ec\/sitio\/wp-content\/uploads\/2025\/02\/02-CARLOS-CANDO-ALUMNI-768x512.jpg",768,512,true],"large":["https:\/\/www.uartes.edu.ec\/sitio\/wp-content\/uploads\/2025\/02\/02-CARLOS-CANDO-ALUMNI-644x429.jpg",644,429,true],"1536x1536":["https:\/\/www.uartes.edu.ec\/sitio\/wp-content\/uploads\/2025\/02\/02-CARLOS-CANDO-ALUMNI-1536x1024.jpg",1536,1024,true],"2048x2048":["https:\/\/www.uartes.edu.ec\/sitio\/wp-content\/uploads\/2025\/02\/02-CARLOS-CANDO-ALUMNI.jpg",2000,1333,false],"trp-custom-language-flag":["https:\/\/www.uartes.edu.ec\/sitio\/wp-content\/uploads\/2025\/02\/02-CARLOS-CANDO-ALUMNI-18x12.jpg",18,12,true],"htmega_size_585x295":["https:\/\/www.uartes.edu.ec\/sitio\/wp-content\/uploads\/2025\/02\/02-CARLOS-CANDO-ALUMNI-585x295.jpg",585,295,true],"htmega_size_1170x536":["https:\/\/www.uartes.edu.ec\/sitio\/wp-content\/uploads\/2025\/02\/02-CARLOS-CANDO-ALUMNI-1170x536.jpg",1170,536,true],"htmega_size_396x360":["https:\/\/www.uartes.edu.ec\/sitio\/wp-content\/uploads\/2025\/02\/02-CARLOS-CANDO-ALUMNI-396x360.jpg",396,360,true],"gb-block-post-grid-landscape":["https:\/\/www.uartes.edu.ec\/sitio\/wp-content\/uploads\/2025\/02\/02-CARLOS-CANDO-ALUMNI-600x400.jpg",600,400,true],"gb-block-post-grid-square":["https:\/\/www.uartes.edu.ec\/sitio\/wp-content\/uploads\/2025\/02\/02-CARLOS-CANDO-ALUMNI-600x600.jpg",600,600,true],"university-hub-thumb":["https:\/\/www.uartes.edu.ec\/sitio\/wp-content\/uploads\/2025\/02\/02-CARLOS-CANDO-ALUMNI-400x267.jpg",400,267,true],"mailpoet_newsletter_max":["https:\/\/www.uartes.edu.ec\/sitio\/wp-content\/uploads\/2025\/02\/02-CARLOS-CANDO-ALUMNI.jpg",1320,880,false]},"uagb_author_info":{"display_name":"ccortez","author_link":"https:\/\/www.uartes.edu.ec\/sitio\/en\/blog\/author\/ccortez\/"},"uagb_comment_info":0,"uagb_excerpt":"El deseo de sumar m\u00e1s experiencias en la did\u00e1ctica afianzada en la creaci\u00f3n art\u00edstica llev\u00f3 a Fernando Garc\u00e9s Medina a responder a la convocatoria Voluntariado Alumni de la Biblioteca de las Artes. \u201cDemian\u201d, como se da a conocer en el \u00e1mbito art\u00edstico, cultural y literario, se gradu\u00f3 en la Escuela de Literatura de la Universidad&hellip;","featured_image_src":"https:\/\/www.uartes.edu.ec\/sitio\/wp-content\/uploads\/2025\/02\/02-CARLOS-CANDO-ALUMNI-600x400.jpg","featured_image_src_square":"https:\/\/www.uartes.edu.ec\/sitio\/wp-content\/uploads\/2025\/02\/02-CARLOS-CANDO-ALUMNI-600x600.jpg","author_info":{"display_name":"ccortez","author_link":"https:\/\/www.uartes.edu.ec\/sitio\/en\/blog\/author\/ccortez\/"},"publishpress_future_workflow_manual_trigger":{"enabledWorkflows":[]},"distributor_meta":false,"distributor_terms":false,"distributor_media":false,"distributor_original_site_name":"Universidad de las Artes","distributor_original_site_url":"https:\/\/www.uartes.edu.ec\/sitio\/en","push-errors":false,"_links":{"self":[{"href":"https:\/\/www.uartes.edu.ec\/sitio\/en\/wp-json\/wp\/v2\/posts\/68412","targetHints":{"allow":["GET"]}}],"collection":[{"href":"https:\/\/www.uartes.edu.ec\/sitio\/en\/wp-json\/wp\/v2\/posts"}],"about":[{"href":"https:\/\/www.uartes.edu.ec\/sitio\/en\/wp-json\/wp\/v2\/types\/post"}],"author":[{"embeddable":true,"href":"https:\/\/www.uartes.edu.ec\/sitio\/en\/wp-json\/wp\/v2\/users\/10"}],"replies":[{"embeddable":true,"href":"https:\/\/www.uartes.edu.ec\/sitio\/en\/wp-json\/wp\/v2\/comments?post=68412"}],"version-history":[{"count":3,"href":"https:\/\/www.uartes.edu.ec\/sitio\/en\/wp-json\/wp\/v2\/posts\/68412\/revisions"}],"predecessor-version":[{"id":68423,"href":"https:\/\/www.uartes.edu.ec\/sitio\/en\/wp-json\/wp\/v2\/posts\/68412\/revisions\/68423"}],"wp:featuredmedia":[{"embeddable":true,"href":"https:\/\/www.uartes.edu.ec\/sitio\/en\/wp-json\/wp\/v2\/media\/68413"}],"wp:attachment":[{"href":"https:\/\/www.uartes.edu.ec\/sitio\/en\/wp-json\/wp\/v2\/media?parent=68412"}],"wp:term":[{"taxonomy":"category","embeddable":true,"href":"https:\/\/www.uartes.edu.ec\/sitio\/en\/wp-json\/wp\/v2\/categories?post=68412"},{"taxonomy":"post_tag","embeddable":true,"href":"https:\/\/www.uartes.edu.ec\/sitio\/en\/wp-json\/wp\/v2\/tags?post=68412"},{"taxonomy":"infouartes","embeddable":true,"href":"https:\/\/www.uartes.edu.ec\/sitio\/en\/wp-json\/wp\/v2\/infouartes?post=68412"}],"curies":[{"name":"wp","href":"https:\/\/api.w.org\/{rel}","templated":true}]}}