{"id":68517,"date":"2025-02-20T20:20:00","date_gmt":"2025-02-21T01:20:00","guid":{"rendered":"https:\/\/www.uartes.edu.ec\/sitio\/?p=68517"},"modified":"2025-03-05T11:42:43","modified_gmt":"2025-03-05T16:42:43","slug":"creacion-artistica-y-habilidades-manuales-las-claves-del-taller-mascaras-creativas-que-propone-anna-flores","status":"publish","type":"post","link":"https:\/\/www.uartes.edu.ec\/sitio\/en\/blog\/2025\/02\/20\/creacion-artistica-y-habilidades-manuales-las-claves-del-taller-mascaras-creativas-que-propone-anna-flores\/","title":{"rendered":"Creaci\u00f3n art\u00edstica y habilidades manuales, las claves del taller \u201cM\u00e1scaras creativas\u201d que propone la graduada Anna Flores"},"content":{"rendered":"<p>Durante un mes y dos veces a la semana, la alumnus Anna Gabriela Flores Luc\u00edn dictar\u00e1 en la Sala R\u00eda de la Biblioteca de las Artes el taller \u201cM\u00e1scaras creativas\u201d, dirigido a ni\u00f1as y ni\u00f1os con edades comprendidas entre los 6 y 10 a\u00f1os.<\/p>\n\n\n\n<p>Flores se gradu\u00f3 en la carrera de Artes Musicales y Sonoras de la Universidad de las Artes en 2023 y el taller que impartir\u00e1 del 7 al 28 de marzo, los d\u00edas martes y viernes, de 10:00 a 12:00, es parte de la convocatoria Voluntariado Alumni que hizo la Biblioteca de las Artes.<\/p>\n\n\n\n<p>El taller, anota, consiste en la creaci\u00f3n m\u00e1scaras a base de masa de papel. \u201cLos participantes tendr\u00e1n la oportunidad de realizar sus propios dise\u00f1os explotando su imaginaci\u00f3n mediante de la creaci\u00f3n art\u00edstica y el desarrollo de sus habilidades manuales\u201d.<\/p>\n\n\n\n<p>Antes de iniciar sus estudios de pregrado en la UArtes, Flores revela que curs\u00f3 el bachillerato en el colegio de Bellas Artes de Guayaquil, en la especializaci\u00f3n de pintura y cer\u00e1mica. Gusta de las artes pl\u00e1sticas tanto como trabajar con ni\u00f1os y ni\u00f1as, dos razones que la motivaron a responder a la convocatoria de la Biblioteca de las Artes.<\/p>\n\n\n<div class=\"wp-block-image\">\n<figure class=\"aligncenter size-large\"><img fetchpriority=\"high\" decoding=\"async\" width=\"644\" height=\"429\" src=\"https:\/\/www.uartes.edu.ec\/sitio\/wp-content\/uploads\/2025\/02\/12-ANA-FLORES-WEB-644x429.jpg\" alt=\"\" class=\"wp-image-68589\" srcset=\"https:\/\/www.uartes.edu.ec\/sitio\/wp-content\/uploads\/2025\/02\/12-ANA-FLORES-WEB-644x429.jpg 644w, https:\/\/www.uartes.edu.ec\/sitio\/wp-content\/uploads\/2025\/02\/12-ANA-FLORES-WEB-300x200.jpg 300w, https:\/\/www.uartes.edu.ec\/sitio\/wp-content\/uploads\/2025\/02\/12-ANA-FLORES-WEB-768x512.jpg 768w, https:\/\/www.uartes.edu.ec\/sitio\/wp-content\/uploads\/2025\/02\/12-ANA-FLORES-WEB-1536x1024.jpg 1536w, https:\/\/www.uartes.edu.ec\/sitio\/wp-content\/uploads\/2025\/02\/12-ANA-FLORES-WEB-18x12.jpg 18w, https:\/\/www.uartes.edu.ec\/sitio\/wp-content\/uploads\/2025\/02\/12-ANA-FLORES-WEB-600x400.jpg 600w, https:\/\/www.uartes.edu.ec\/sitio\/wp-content\/uploads\/2025\/02\/12-ANA-FLORES-WEB-400x267.jpg 400w, https:\/\/www.uartes.edu.ec\/sitio\/wp-content\/uploads\/2025\/02\/12-ANA-FLORES-WEB.jpg 2000w\" sizes=\"(max-width: 644px) 100vw, 644px\" \/><\/figure>\n<\/div>\n\n\n<p>Pondera tambi\u00e9n la carrera que estudi\u00f3: Artes Musicales y Sonoras, pues considera brinda un \u00e1rea completa para poder desarrollarse en lo art\u00edstico, lo musical y la docencia. Anota mencionarlo porque desde que se gradu\u00f3 a la fecha se ha desempe\u00f1ado como docente en unidades educativas, as\u00ed como en academias de m\u00fasica. \u201cActualmente curso una maestr\u00eda en Pedagog\u00eda en las Artes\u201d.<\/p>\n\n\n\n<p>Al taller de \u201cM\u00e1scaras creativas\u201d, Flores refiere haberlo planificado eminentemente pr\u00e1ctico. Los ni\u00f1os y ni\u00f1as van a crear desde cero su propio material, el cual ser\u00e1 la base para la realizaci\u00f3n de sus m\u00e1scaras. Lo trabajar\u00e1 con metodolog\u00eda l\u00fadica, desarrollando un ambiente de armon\u00eda con actividades amenas, integradoras y divertidas, a fin de que los peque\u00f1os participantes se relacionen con su entorno, desarrollen su creatividad y personalidad, lo que les permitir\u00e1 incrementar sus conocimientos.<\/p>\n\n\n\n<p>\u201cEn lo vivencial, me va a permitir obtener m\u00e1s experiencia en el campo de la Pedagog\u00eda en las Artes y manejar grupos de ni\u00f1os de diferentes edades. En la pr\u00e1ctica me va a permitir aplicar los conocimientos que he adquirido en cada una de las actividades planificadas\u201d.<\/p>\n\n\n\n<p>Inscripciones para el taller \u201cM\u00e1scaras creativas\u201d en: <a href=\"https:\/\/linktr.ee\/Biblio.UArtes\">https:\/\/linktr.ee\/Biblio.UArtes<\/a><\/p>\n\n\n\n<p><a>Foto: <\/a>Harold Maridue\u00f1a\/Biblioteca de las Artes.<\/p>","protected":false},"excerpt":{"rendered":"<p>Durante un mes y dos veces a la semana, la alumnus Anna Flores dictar\u00e1 en la Sala R\u00eda de la Biblioteca de las Artes el taller \u201cM\u00e1scaras creativas\u201d, dirigido a ni\u00f1as y ni\u00f1os de 6 a 10 a\u00f1os. Con una licenciatura en Artes Musicales y Sonoras por la UArtes, la tallerista indica que con su propuesta busca que los participantes realicen dise\u00f1os propios, exploten su imaginaci\u00f3n con la creaci\u00f3n art\u00edstica y desarrollen habilidades manuales.<\/p>","protected":false},"author":10,"featured_media":68588,"comment_status":"open","ping_status":"open","sticky":false,"template":"","format":"standard","meta":{"_acf_changed":false,"_uag_custom_page_level_css":"","_monsterinsights_skip_tracking":false,"_monsterinsights_sitenote_active":false,"_monsterinsights_sitenote_note":"","_monsterinsights_sitenote_category":0,"cybocfi_hide_featured_image":"","footnotes":""},"categories":[80,490,82,150,77,83],"tags":[41],"infouartes":[],"class_list":["post-68517","post","type-post","status-publish","format-standard","has-post-thumbnail","hentry","category-academico","category-alumni","category-artes","category-artes-sonoras","category-gestion","category-sedes","tag-biblioteca"],"acf":[],"yoast_head":"<!-- This site is optimized with the Yoast SEO plugin v27.4 - https:\/\/yoast.com\/product\/yoast-seo-wordpress\/ -->\n<title>Universidad de las Artes - Creaci\u00f3n art\u00edstica y habilidades manuales, las claves del taller \u201cM\u00e1scaras creativas\u201d que propone la graduada Anna Flores<\/title>\n<meta name=\"description\" content=\"Universidad de las Artes - Creaci\u00f3n art\u00edstica y habilidades manuales, las claves del taller \u201cM\u00e1scaras creativas\u201d que propone la graduada Anna Flores\" \/>\n<meta name=\"robots\" content=\"index, follow, max-snippet:-1, max-image-preview:large, max-video-preview:-1\" \/>\n<link rel=\"canonical\" href=\"https:\/\/www.uartes.edu.ec\/sitio\/en\/blog\/2025\/02\/20\/creacion-artistica-y-habilidades-manuales-las-claves-del-taller-mascaras-creativas-que-propone-anna-flores\/\" \/>\n<meta property=\"og:locale\" content=\"en_US\" \/>\n<meta property=\"og:type\" content=\"article\" \/>\n<meta property=\"og:title\" content=\"Universidad de las Artes - Creaci\u00f3n art\u00edstica y habilidades manuales, las claves del taller \u201cM\u00e1scaras creativas\u201d que propone la graduada Anna Flores\" \/>\n<meta property=\"og:description\" content=\"Universidad de las Artes - Creaci\u00f3n art\u00edstica y habilidades manuales, las claves del taller \u201cM\u00e1scaras creativas\u201d que propone la graduada Anna Flores\" \/>\n<meta property=\"og:url\" content=\"https:\/\/www.uartes.edu.ec\/sitio\/en\/blog\/2025\/02\/20\/creacion-artistica-y-habilidades-manuales-las-claves-del-taller-mascaras-creativas-que-propone-anna-flores\/\" \/>\n<meta property=\"og:site_name\" content=\"Universidad de las Artes\" \/>\n<meta property=\"article:publisher\" content=\"https:\/\/www.facebook.com\/uartesec\" \/>\n<meta property=\"article:published_time\" content=\"2025-02-21T01:20:00+00:00\" \/>\n<meta property=\"article:modified_time\" content=\"2025-03-05T16:42:43+00:00\" \/>\n<meta property=\"og:image\" content=\"https:\/\/www.uartes.edu.ec\/sitio\/wp-content\/uploads\/2025\/02\/13-ANA-FLORES-WEB.jpg\" \/>\n\t<meta property=\"og:image:width\" content=\"2000\" \/>\n\t<meta property=\"og:image:height\" content=\"1333\" \/>\n\t<meta property=\"og:image:type\" content=\"image\/jpeg\" \/>\n<meta name=\"author\" content=\"ccortez\" \/>\n<meta name=\"twitter:card\" content=\"summary_large_image\" \/>\n<meta name=\"twitter:creator\" content=\"@uartesec\" \/>\n<meta name=\"twitter:site\" content=\"@uartesec\" \/>\n<meta name=\"twitter:label1\" content=\"Written by\" \/>\n\t<meta name=\"twitter:data1\" content=\"ccortez\" \/>\n\t<meta name=\"twitter:label2\" content=\"Est. reading time\" \/>\n\t<meta name=\"twitter:data2\" content=\"3 minutes\" \/>\n<script type=\"application\/ld+json\" class=\"yoast-schema-graph\">{\"@context\":\"https:\\\/\\\/schema.org\",\"@graph\":[{\"@type\":\"Article\",\"@id\":\"https:\\\/\\\/www.uartes.edu.ec\\\/sitio\\\/en\\\/blog\\\/2025\\\/02\\\/20\\\/creacion-artistica-y-habilidades-manuales-las-claves-del-taller-mascaras-creativas-que-propone-anna-flores\\\/#article\",\"isPartOf\":{\"@id\":\"https:\\\/\\\/www.uartes.edu.ec\\\/sitio\\\/en\\\/blog\\\/2025\\\/02\\\/20\\\/creacion-artistica-y-habilidades-manuales-las-claves-del-taller-mascaras-creativas-que-propone-anna-flores\\\/\"},\"author\":{\"name\":\"ccortez\",\"@id\":\"https:\\\/\\\/www.uartes.edu.ec\\\/sitio\\\/en\\\/#\\\/schema\\\/person\\\/efa1b8275797664fd7f13a79ccc0b1f4\"},\"headline\":\"Creaci\u00f3n art\u00edstica y habilidades manuales, las claves del taller \u201cM\u00e1scaras creativas\u201d que propone la graduada Anna Flores\",\"datePublished\":\"2025-02-21T01:20:00+00:00\",\"dateModified\":\"2025-03-05T16:42:43+00:00\",\"mainEntityOfPage\":{\"@id\":\"https:\\\/\\\/www.uartes.edu.ec\\\/sitio\\\/en\\\/blog\\\/2025\\\/02\\\/20\\\/creacion-artistica-y-habilidades-manuales-las-claves-del-taller-mascaras-creativas-que-propone-anna-flores\\\/\"},\"wordCount\":449,\"commentCount\":0,\"publisher\":{\"@id\":\"https:\\\/\\\/www.uartes.edu.ec\\\/sitio\\\/en\\\/#organization\"},\"image\":{\"@id\":\"https:\\\/\\\/www.uartes.edu.ec\\\/sitio\\\/en\\\/blog\\\/2025\\\/02\\\/20\\\/creacion-artistica-y-habilidades-manuales-las-claves-del-taller-mascaras-creativas-que-propone-anna-flores\\\/#primaryimage\"},\"thumbnailUrl\":\"https:\\\/\\\/www.uartes.edu.ec\\\/sitio\\\/wp-content\\\/uploads\\\/2025\\\/02\\\/13-ANA-FLORES-WEB.jpg\",\"keywords\":[\"biblioteca\"],\"articleSection\":[\"Acad\u00e9mico\",\"Alumni\",\"Artes\",\"Artes Sonoras\",\"Gesti\u00f3n\",\"Sedes\"],\"inLanguage\":\"en-US\",\"potentialAction\":[{\"@type\":\"CommentAction\",\"name\":\"Comment\",\"target\":[\"https:\\\/\\\/www.uartes.edu.ec\\\/sitio\\\/en\\\/blog\\\/2025\\\/02\\\/20\\\/creacion-artistica-y-habilidades-manuales-las-claves-del-taller-mascaras-creativas-que-propone-anna-flores\\\/#respond\"]}]},{\"@type\":[\"WebPage\",\"ItemPage\"],\"@id\":\"https:\\\/\\\/www.uartes.edu.ec\\\/sitio\\\/en\\\/blog\\\/2025\\\/02\\\/20\\\/creacion-artistica-y-habilidades-manuales-las-claves-del-taller-mascaras-creativas-que-propone-anna-flores\\\/\",\"url\":\"https:\\\/\\\/www.uartes.edu.ec\\\/sitio\\\/en\\\/blog\\\/2025\\\/02\\\/20\\\/creacion-artistica-y-habilidades-manuales-las-claves-del-taller-mascaras-creativas-que-propone-anna-flores\\\/\",\"name\":\"Universidad de las Artes - Creaci\u00f3n art\u00edstica y habilidades manuales, las claves del taller \u201cM\u00e1scaras creativas\u201d que propone la graduada Anna Flores\",\"isPartOf\":{\"@id\":\"https:\\\/\\\/www.uartes.edu.ec\\\/sitio\\\/en\\\/#website\"},\"primaryImageOfPage\":{\"@id\":\"https:\\\/\\\/www.uartes.edu.ec\\\/sitio\\\/en\\\/blog\\\/2025\\\/02\\\/20\\\/creacion-artistica-y-habilidades-manuales-las-claves-del-taller-mascaras-creativas-que-propone-anna-flores\\\/#primaryimage\"},\"image\":{\"@id\":\"https:\\\/\\\/www.uartes.edu.ec\\\/sitio\\\/en\\\/blog\\\/2025\\\/02\\\/20\\\/creacion-artistica-y-habilidades-manuales-las-claves-del-taller-mascaras-creativas-que-propone-anna-flores\\\/#primaryimage\"},\"thumbnailUrl\":\"https:\\\/\\\/www.uartes.edu.ec\\\/sitio\\\/wp-content\\\/uploads\\\/2025\\\/02\\\/13-ANA-FLORES-WEB.jpg\",\"datePublished\":\"2025-02-21T01:20:00+00:00\",\"dateModified\":\"2025-03-05T16:42:43+00:00\",\"description\":\"Universidad de las Artes - Creaci\u00f3n art\u00edstica y habilidades manuales, las claves del taller \u201cM\u00e1scaras creativas\u201d que propone la graduada Anna Flores\",\"breadcrumb\":{\"@id\":\"https:\\\/\\\/www.uartes.edu.ec\\\/sitio\\\/en\\\/blog\\\/2025\\\/02\\\/20\\\/creacion-artistica-y-habilidades-manuales-las-claves-del-taller-mascaras-creativas-que-propone-anna-flores\\\/#breadcrumb\"},\"inLanguage\":\"en-US\",\"potentialAction\":[{\"@type\":\"ReadAction\",\"target\":[\"https:\\\/\\\/www.uartes.edu.ec\\\/sitio\\\/en\\\/blog\\\/2025\\\/02\\\/20\\\/creacion-artistica-y-habilidades-manuales-las-claves-del-taller-mascaras-creativas-que-propone-anna-flores\\\/\"]}]},{\"@type\":\"ImageObject\",\"inLanguage\":\"en-US\",\"@id\":\"https:\\\/\\\/www.uartes.edu.ec\\\/sitio\\\/en\\\/blog\\\/2025\\\/02\\\/20\\\/creacion-artistica-y-habilidades-manuales-las-claves-del-taller-mascaras-creativas-que-propone-anna-flores\\\/#primaryimage\",\"url\":\"https:\\\/\\\/www.uartes.edu.ec\\\/sitio\\\/wp-content\\\/uploads\\\/2025\\\/02\\\/13-ANA-FLORES-WEB.jpg\",\"contentUrl\":\"https:\\\/\\\/www.uartes.edu.ec\\\/sitio\\\/wp-content\\\/uploads\\\/2025\\\/02\\\/13-ANA-FLORES-WEB.jpg\",\"width\":2000,\"height\":1333},{\"@type\":\"BreadcrumbList\",\"@id\":\"https:\\\/\\\/www.uartes.edu.ec\\\/sitio\\\/en\\\/blog\\\/2025\\\/02\\\/20\\\/creacion-artistica-y-habilidades-manuales-las-claves-del-taller-mascaras-creativas-que-propone-anna-flores\\\/#breadcrumb\",\"itemListElement\":[{\"@type\":\"ListItem\",\"position\":1,\"name\":\"Inicio\",\"item\":\"https:\\\/\\\/www.uartes.edu.ec\\\/sitio\\\/\"},{\"@type\":\"ListItem\",\"position\":2,\"name\":\"Creaci\u00f3n art\u00edstica y habilidades manuales, las claves del taller \u201cM\u00e1scaras creativas\u201d que propone la graduada Anna Flores\"}]},{\"@type\":\"WebSite\",\"@id\":\"https:\\\/\\\/www.uartes.edu.ec\\\/sitio\\\/en\\\/#website\",\"url\":\"https:\\\/\\\/www.uartes.edu.ec\\\/sitio\\\/en\\\/\",\"name\":\"Universidad de las Artes\",\"description\":\"Sitio oficial de la Universidad Nacional de las Artes del Ecuador\",\"publisher\":{\"@id\":\"https:\\\/\\\/www.uartes.edu.ec\\\/sitio\\\/en\\\/#organization\"},\"potentialAction\":[{\"@type\":\"SearchAction\",\"target\":{\"@type\":\"EntryPoint\",\"urlTemplate\":\"https:\\\/\\\/www.uartes.edu.ec\\\/sitio\\\/en\\\/?s={search_term_string}\"},\"query-input\":{\"@type\":\"PropertyValueSpecification\",\"valueRequired\":true,\"valueName\":\"search_term_string\"}}],\"inLanguage\":\"en-US\"},{\"@type\":\"Organization\",\"@id\":\"https:\\\/\\\/www.uartes.edu.ec\\\/sitio\\\/en\\\/#organization\",\"name\":\"Universidad de las Artes\",\"url\":\"https:\\\/\\\/www.uartes.edu.ec\\\/sitio\\\/en\\\/\",\"logo\":{\"@type\":\"ImageObject\",\"inLanguage\":\"en-US\",\"@id\":\"https:\\\/\\\/www.uartes.edu.ec\\\/sitio\\\/en\\\/#\\\/schema\\\/logo\\\/image\\\/\",\"url\":\"https:\\\/\\\/www.uartes.edu.ec\\\/sitio\\\/wp-content\\\/uploads\\\/2022\\\/07\\\/logo-ua-horizontal.png\",\"contentUrl\":\"https:\\\/\\\/www.uartes.edu.ec\\\/sitio\\\/wp-content\\\/uploads\\\/2022\\\/07\\\/logo-ua-horizontal.png\",\"width\":800,\"height\":276,\"caption\":\"Universidad de las Artes\"},\"image\":{\"@id\":\"https:\\\/\\\/www.uartes.edu.ec\\\/sitio\\\/en\\\/#\\\/schema\\\/logo\\\/image\\\/\"},\"sameAs\":[\"https:\\\/\\\/www.facebook.com\\\/uartesec\",\"https:\\\/\\\/x.com\\\/uartesec\",\"https:\\\/\\\/www.tiktok.com\\\/@uartesec\"]},{\"@type\":\"Person\",\"@id\":\"https:\\\/\\\/www.uartes.edu.ec\\\/sitio\\\/en\\\/#\\\/schema\\\/person\\\/efa1b8275797664fd7f13a79ccc0b1f4\",\"name\":\"ccortez\",\"image\":{\"@type\":\"ImageObject\",\"inLanguage\":\"en-US\",\"@id\":\"https:\\\/\\\/secure.gravatar.com\\\/avatar\\\/b2a6f664a3ae8e074346ef91775736c5ec479e637ecced6842de9dc98b5da9cd?s=96&d=mm&r=g\",\"url\":\"https:\\\/\\\/secure.gravatar.com\\\/avatar\\\/b2a6f664a3ae8e074346ef91775736c5ec479e637ecced6842de9dc98b5da9cd?s=96&d=mm&r=g\",\"contentUrl\":\"https:\\\/\\\/secure.gravatar.com\\\/avatar\\\/b2a6f664a3ae8e074346ef91775736c5ec479e637ecced6842de9dc98b5da9cd?s=96&d=mm&r=g\",\"caption\":\"ccortez\"},\"url\":\"https:\\\/\\\/www.uartes.edu.ec\\\/sitio\\\/en\\\/blog\\\/author\\\/ccortez\\\/\"}]}<\/script>\n<!-- \/ Yoast SEO plugin. -->","yoast_head_json":{"title":"Universidad de las Artes - Creaci\u00f3n art\u00edstica y habilidades manuales, las claves del taller \u201cM\u00e1scaras creativas\u201d que propone la graduada Anna Flores","description":"Universidad de las Artes - Creaci\u00f3n art\u00edstica y habilidades manuales, las claves del taller \u201cM\u00e1scaras creativas\u201d que propone la graduada Anna Flores","robots":{"index":"index","follow":"follow","max-snippet":"max-snippet:-1","max-image-preview":"max-image-preview:large","max-video-preview":"max-video-preview:-1"},"canonical":"https:\/\/www.uartes.edu.ec\/sitio\/en\/blog\/2025\/02\/20\/creacion-artistica-y-habilidades-manuales-las-claves-del-taller-mascaras-creativas-que-propone-anna-flores\/","og_locale":"en_US","og_type":"article","og_title":"Universidad de las Artes - Creaci\u00f3n art\u00edstica y habilidades manuales, las claves del taller \u201cM\u00e1scaras creativas\u201d que propone la graduada Anna Flores","og_description":"Universidad de las Artes - Creaci\u00f3n art\u00edstica y habilidades manuales, las claves del taller \u201cM\u00e1scaras creativas\u201d que propone la graduada Anna Flores","og_url":"https:\/\/www.uartes.edu.ec\/sitio\/en\/blog\/2025\/02\/20\/creacion-artistica-y-habilidades-manuales-las-claves-del-taller-mascaras-creativas-que-propone-anna-flores\/","og_site_name":"Universidad de las Artes","article_publisher":"https:\/\/www.facebook.com\/uartesec","article_published_time":"2025-02-21T01:20:00+00:00","article_modified_time":"2025-03-05T16:42:43+00:00","og_image":[{"width":2000,"height":1333,"url":"https:\/\/www.uartes.edu.ec\/sitio\/wp-content\/uploads\/2025\/02\/13-ANA-FLORES-WEB.jpg","type":"image\/jpeg"}],"author":"ccortez","twitter_card":"summary_large_image","twitter_creator":"@uartesec","twitter_site":"@uartesec","twitter_misc":{"Written by":"ccortez","Est. reading time":"3 minutes"},"schema":{"@context":"https:\/\/schema.org","@graph":[{"@type":"Article","@id":"https:\/\/www.uartes.edu.ec\/sitio\/en\/blog\/2025\/02\/20\/creacion-artistica-y-habilidades-manuales-las-claves-del-taller-mascaras-creativas-que-propone-anna-flores\/#article","isPartOf":{"@id":"https:\/\/www.uartes.edu.ec\/sitio\/en\/blog\/2025\/02\/20\/creacion-artistica-y-habilidades-manuales-las-claves-del-taller-mascaras-creativas-que-propone-anna-flores\/"},"author":{"name":"ccortez","@id":"https:\/\/www.uartes.edu.ec\/sitio\/en\/#\/schema\/person\/efa1b8275797664fd7f13a79ccc0b1f4"},"headline":"Creaci\u00f3n art\u00edstica y habilidades manuales, las claves del taller \u201cM\u00e1scaras creativas\u201d que propone la graduada Anna Flores","datePublished":"2025-02-21T01:20:00+00:00","dateModified":"2025-03-05T16:42:43+00:00","mainEntityOfPage":{"@id":"https:\/\/www.uartes.edu.ec\/sitio\/en\/blog\/2025\/02\/20\/creacion-artistica-y-habilidades-manuales-las-claves-del-taller-mascaras-creativas-que-propone-anna-flores\/"},"wordCount":449,"commentCount":0,"publisher":{"@id":"https:\/\/www.uartes.edu.ec\/sitio\/en\/#organization"},"image":{"@id":"https:\/\/www.uartes.edu.ec\/sitio\/en\/blog\/2025\/02\/20\/creacion-artistica-y-habilidades-manuales-las-claves-del-taller-mascaras-creativas-que-propone-anna-flores\/#primaryimage"},"thumbnailUrl":"https:\/\/www.uartes.edu.ec\/sitio\/wp-content\/uploads\/2025\/02\/13-ANA-FLORES-WEB.jpg","keywords":["biblioteca"],"articleSection":["Acad\u00e9mico","Alumni","Artes","Artes Sonoras","Gesti\u00f3n","Sedes"],"inLanguage":"en-US","potentialAction":[{"@type":"CommentAction","name":"Comment","target":["https:\/\/www.uartes.edu.ec\/sitio\/en\/blog\/2025\/02\/20\/creacion-artistica-y-habilidades-manuales-las-claves-del-taller-mascaras-creativas-que-propone-anna-flores\/#respond"]}]},{"@type":["WebPage","ItemPage"],"@id":"https:\/\/www.uartes.edu.ec\/sitio\/en\/blog\/2025\/02\/20\/creacion-artistica-y-habilidades-manuales-las-claves-del-taller-mascaras-creativas-que-propone-anna-flores\/","url":"https:\/\/www.uartes.edu.ec\/sitio\/en\/blog\/2025\/02\/20\/creacion-artistica-y-habilidades-manuales-las-claves-del-taller-mascaras-creativas-que-propone-anna-flores\/","name":"Universidad de las Artes - Creaci\u00f3n art\u00edstica y habilidades manuales, las claves del taller \u201cM\u00e1scaras creativas\u201d que propone la graduada Anna Flores","isPartOf":{"@id":"https:\/\/www.uartes.edu.ec\/sitio\/en\/#website"},"primaryImageOfPage":{"@id":"https:\/\/www.uartes.edu.ec\/sitio\/en\/blog\/2025\/02\/20\/creacion-artistica-y-habilidades-manuales-las-claves-del-taller-mascaras-creativas-que-propone-anna-flores\/#primaryimage"},"image":{"@id":"https:\/\/www.uartes.edu.ec\/sitio\/en\/blog\/2025\/02\/20\/creacion-artistica-y-habilidades-manuales-las-claves-del-taller-mascaras-creativas-que-propone-anna-flores\/#primaryimage"},"thumbnailUrl":"https:\/\/www.uartes.edu.ec\/sitio\/wp-content\/uploads\/2025\/02\/13-ANA-FLORES-WEB.jpg","datePublished":"2025-02-21T01:20:00+00:00","dateModified":"2025-03-05T16:42:43+00:00","description":"Universidad de las Artes - Creaci\u00f3n art\u00edstica y habilidades manuales, las claves del taller \u201cM\u00e1scaras creativas\u201d que propone la graduada Anna Flores","breadcrumb":{"@id":"https:\/\/www.uartes.edu.ec\/sitio\/en\/blog\/2025\/02\/20\/creacion-artistica-y-habilidades-manuales-las-claves-del-taller-mascaras-creativas-que-propone-anna-flores\/#breadcrumb"},"inLanguage":"en-US","potentialAction":[{"@type":"ReadAction","target":["https:\/\/www.uartes.edu.ec\/sitio\/en\/blog\/2025\/02\/20\/creacion-artistica-y-habilidades-manuales-las-claves-del-taller-mascaras-creativas-que-propone-anna-flores\/"]}]},{"@type":"ImageObject","inLanguage":"en-US","@id":"https:\/\/www.uartes.edu.ec\/sitio\/en\/blog\/2025\/02\/20\/creacion-artistica-y-habilidades-manuales-las-claves-del-taller-mascaras-creativas-que-propone-anna-flores\/#primaryimage","url":"https:\/\/www.uartes.edu.ec\/sitio\/wp-content\/uploads\/2025\/02\/13-ANA-FLORES-WEB.jpg","contentUrl":"https:\/\/www.uartes.edu.ec\/sitio\/wp-content\/uploads\/2025\/02\/13-ANA-FLORES-WEB.jpg","width":2000,"height":1333},{"@type":"BreadcrumbList","@id":"https:\/\/www.uartes.edu.ec\/sitio\/en\/blog\/2025\/02\/20\/creacion-artistica-y-habilidades-manuales-las-claves-del-taller-mascaras-creativas-que-propone-anna-flores\/#breadcrumb","itemListElement":[{"@type":"ListItem","position":1,"name":"Inicio","item":"https:\/\/www.uartes.edu.ec\/sitio\/"},{"@type":"ListItem","position":2,"name":"Creaci\u00f3n art\u00edstica y habilidades manuales, las claves del taller \u201cM\u00e1scaras creativas\u201d que propone la graduada Anna Flores"}]},{"@type":"WebSite","@id":"https:\/\/www.uartes.edu.ec\/sitio\/en\/#website","url":"https:\/\/www.uartes.edu.ec\/sitio\/en\/","name":"Universidad de las Artes","description":"Sitio oficial de la Universidad Nacional de las Artes del Ecuador","publisher":{"@id":"https:\/\/www.uartes.edu.ec\/sitio\/en\/#organization"},"potentialAction":[{"@type":"SearchAction","target":{"@type":"EntryPoint","urlTemplate":"https:\/\/www.uartes.edu.ec\/sitio\/en\/?s={search_term_string}"},"query-input":{"@type":"PropertyValueSpecification","valueRequired":true,"valueName":"search_term_string"}}],"inLanguage":"en-US"},{"@type":"Organization","@id":"https:\/\/www.uartes.edu.ec\/sitio\/en\/#organization","name":"Universidad de las Artes","url":"https:\/\/www.uartes.edu.ec\/sitio\/en\/","logo":{"@type":"ImageObject","inLanguage":"en-US","@id":"https:\/\/www.uartes.edu.ec\/sitio\/en\/#\/schema\/logo\/image\/","url":"https:\/\/www.uartes.edu.ec\/sitio\/wp-content\/uploads\/2022\/07\/logo-ua-horizontal.png","contentUrl":"https:\/\/www.uartes.edu.ec\/sitio\/wp-content\/uploads\/2022\/07\/logo-ua-horizontal.png","width":800,"height":276,"caption":"Universidad de las Artes"},"image":{"@id":"https:\/\/www.uartes.edu.ec\/sitio\/en\/#\/schema\/logo\/image\/"},"sameAs":["https:\/\/www.facebook.com\/uartesec","https:\/\/x.com\/uartesec","https:\/\/www.tiktok.com\/@uartesec"]},{"@type":"Person","@id":"https:\/\/www.uartes.edu.ec\/sitio\/en\/#\/schema\/person\/efa1b8275797664fd7f13a79ccc0b1f4","name":"ccortez","image":{"@type":"ImageObject","inLanguage":"en-US","@id":"https:\/\/secure.gravatar.com\/avatar\/b2a6f664a3ae8e074346ef91775736c5ec479e637ecced6842de9dc98b5da9cd?s=96&d=mm&r=g","url":"https:\/\/secure.gravatar.com\/avatar\/b2a6f664a3ae8e074346ef91775736c5ec479e637ecced6842de9dc98b5da9cd?s=96&d=mm&r=g","contentUrl":"https:\/\/secure.gravatar.com\/avatar\/b2a6f664a3ae8e074346ef91775736c5ec479e637ecced6842de9dc98b5da9cd?s=96&d=mm&r=g","caption":"ccortez"},"url":"https:\/\/www.uartes.edu.ec\/sitio\/en\/blog\/author\/ccortez\/"}]}},"uagb_featured_image_src":{"full":["https:\/\/www.uartes.edu.ec\/sitio\/wp-content\/uploads\/2025\/02\/13-ANA-FLORES-WEB.jpg",2000,1333,false],"thumbnail":["https:\/\/www.uartes.edu.ec\/sitio\/wp-content\/uploads\/2025\/02\/13-ANA-FLORES-WEB-150x150.jpg",150,150,true],"medium":["https:\/\/www.uartes.edu.ec\/sitio\/wp-content\/uploads\/2025\/02\/13-ANA-FLORES-WEB-300x200.jpg",300,200,true],"medium_large":["https:\/\/www.uartes.edu.ec\/sitio\/wp-content\/uploads\/2025\/02\/13-ANA-FLORES-WEB-768x512.jpg",768,512,true],"large":["https:\/\/www.uartes.edu.ec\/sitio\/wp-content\/uploads\/2025\/02\/13-ANA-FLORES-WEB-644x429.jpg",644,429,true],"1536x1536":["https:\/\/www.uartes.edu.ec\/sitio\/wp-content\/uploads\/2025\/02\/13-ANA-FLORES-WEB-1536x1024.jpg",1536,1024,true],"2048x2048":["https:\/\/www.uartes.edu.ec\/sitio\/wp-content\/uploads\/2025\/02\/13-ANA-FLORES-WEB.jpg",2000,1333,false],"trp-custom-language-flag":["https:\/\/www.uartes.edu.ec\/sitio\/wp-content\/uploads\/2025\/02\/13-ANA-FLORES-WEB-18x12.jpg",18,12,true],"htmega_size_585x295":["https:\/\/www.uartes.edu.ec\/sitio\/wp-content\/uploads\/2025\/02\/13-ANA-FLORES-WEB-585x295.jpg",585,295,true],"htmega_size_1170x536":["https:\/\/www.uartes.edu.ec\/sitio\/wp-content\/uploads\/2025\/02\/13-ANA-FLORES-WEB-1170x536.jpg",1170,536,true],"htmega_size_396x360":["https:\/\/www.uartes.edu.ec\/sitio\/wp-content\/uploads\/2025\/02\/13-ANA-FLORES-WEB-396x360.jpg",396,360,true],"gb-block-post-grid-landscape":["https:\/\/www.uartes.edu.ec\/sitio\/wp-content\/uploads\/2025\/02\/13-ANA-FLORES-WEB-600x400.jpg",600,400,true],"gb-block-post-grid-square":["https:\/\/www.uartes.edu.ec\/sitio\/wp-content\/uploads\/2025\/02\/13-ANA-FLORES-WEB-600x600.jpg",600,600,true],"university-hub-thumb":["https:\/\/www.uartes.edu.ec\/sitio\/wp-content\/uploads\/2025\/02\/13-ANA-FLORES-WEB-400x267.jpg",400,267,true],"mailpoet_newsletter_max":["https:\/\/www.uartes.edu.ec\/sitio\/wp-content\/uploads\/2025\/02\/13-ANA-FLORES-WEB.jpg",1320,880,false]},"uagb_author_info":{"display_name":"ccortez","author_link":"https:\/\/www.uartes.edu.ec\/sitio\/en\/blog\/author\/ccortez\/"},"uagb_comment_info":0,"uagb_excerpt":"Durante un mes y dos veces a la semana, la alumnus Anna Flores dictar\u00e1 en la Sala R\u00eda de la Biblioteca de las Artes el taller \u201cM\u00e1scaras creativas\u201d, dirigido a ni\u00f1as y ni\u00f1os de 6 a 10 a\u00f1os. Con una licenciatura en Artes Musicales y Sonoras por la UArtes, la tallerista indica que con su&hellip;","featured_image_src":"https:\/\/www.uartes.edu.ec\/sitio\/wp-content\/uploads\/2025\/02\/13-ANA-FLORES-WEB-600x400.jpg","featured_image_src_square":"https:\/\/www.uartes.edu.ec\/sitio\/wp-content\/uploads\/2025\/02\/13-ANA-FLORES-WEB-600x600.jpg","author_info":{"display_name":"ccortez","author_link":"https:\/\/www.uartes.edu.ec\/sitio\/en\/blog\/author\/ccortez\/"},"publishpress_future_workflow_manual_trigger":{"enabledWorkflows":[]},"distributor_meta":false,"distributor_terms":false,"distributor_media":false,"distributor_original_site_name":"Universidad de las Artes","distributor_original_site_url":"https:\/\/www.uartes.edu.ec\/sitio\/en","push-errors":false,"_links":{"self":[{"href":"https:\/\/www.uartes.edu.ec\/sitio\/en\/wp-json\/wp\/v2\/posts\/68517","targetHints":{"allow":["GET"]}}],"collection":[{"href":"https:\/\/www.uartes.edu.ec\/sitio\/en\/wp-json\/wp\/v2\/posts"}],"about":[{"href":"https:\/\/www.uartes.edu.ec\/sitio\/en\/wp-json\/wp\/v2\/types\/post"}],"author":[{"embeddable":true,"href":"https:\/\/www.uartes.edu.ec\/sitio\/en\/wp-json\/wp\/v2\/users\/10"}],"replies":[{"embeddable":true,"href":"https:\/\/www.uartes.edu.ec\/sitio\/en\/wp-json\/wp\/v2\/comments?post=68517"}],"version-history":[{"count":5,"href":"https:\/\/www.uartes.edu.ec\/sitio\/en\/wp-json\/wp\/v2\/posts\/68517\/revisions"}],"predecessor-version":[{"id":68597,"href":"https:\/\/www.uartes.edu.ec\/sitio\/en\/wp-json\/wp\/v2\/posts\/68517\/revisions\/68597"}],"wp:featuredmedia":[{"embeddable":true,"href":"https:\/\/www.uartes.edu.ec\/sitio\/en\/wp-json\/wp\/v2\/media\/68588"}],"wp:attachment":[{"href":"https:\/\/www.uartes.edu.ec\/sitio\/en\/wp-json\/wp\/v2\/media?parent=68517"}],"wp:term":[{"taxonomy":"category","embeddable":true,"href":"https:\/\/www.uartes.edu.ec\/sitio\/en\/wp-json\/wp\/v2\/categories?post=68517"},{"taxonomy":"post_tag","embeddable":true,"href":"https:\/\/www.uartes.edu.ec\/sitio\/en\/wp-json\/wp\/v2\/tags?post=68517"},{"taxonomy":"infouartes","embeddable":true,"href":"https:\/\/www.uartes.edu.ec\/sitio\/en\/wp-json\/wp\/v2\/infouartes?post=68517"}],"curies":[{"name":"wp","href":"https:\/\/api.w.org\/{rel}","templated":true}]}}