{"id":68680,"date":"2025-02-24T19:43:10","date_gmt":"2025-02-25T00:43:10","guid":{"rendered":"https:\/\/www.uartes.edu.ec\/sitio\/?p=68680"},"modified":"2025-02-25T19:59:21","modified_gmt":"2025-02-26T00:59:21","slug":"representantes-principales-y-alternos-de-los-servidores-y-trabajadores-ante-el-ocs-y-los-cde-ya-tienen-credenciales","status":"publish","type":"post","link":"https:\/\/www.uartes.edu.ec\/sitio\/en\/blog\/2025\/02\/24\/representantes-principales-y-alternos-de-los-servidores-y-trabajadores-ante-el-ocs-y-los-cde-ya-tienen-credenciales\/","title":{"rendered":"Los representantes principales y alternos de los servidores y trabajadores ante el OCS y los CDE recibieron sus credenciales"},"content":{"rendered":"<p>En su sexta sesi\u00f3n del a\u00f1o en curso, convocada con car\u00e1cter solemne, el \u00d3rgano Colegiado Superior y el Tribunal Electoral (TE) de la Universidad de las Artes hicieron la entrega de las credenciales a los representantes principales y alternos de los servidores y trabajadores ante el OCS y los Consejos Directivos de Escuela (CDE) para el per\u00edodo 2025-2027.<\/p>\n\n\n\n<p>Elegidos en una jornada efectuada el 31 de enero de 2025 de manera telem\u00e1tica, los representantes de los servidores y trabajadores&nbsp;ante el \u00d3rgano Colegiado Superior (OCS) son Ingrid Andrade Echeverria, como principal, y Pa\u00fal Rom\u00e1n Mu\u00f1oz, alterno.<\/p>\n\n\n\n<p>Ver\u00f3nica Orellana Echeverr\u00eda es la representante principal de los servidores y trabajadores&nbsp;ante el Consejo Directivo de la Escuela&nbsp;de&nbsp;Artes Sonoras; es su alterno, C\u00e9sar Guevara Macas. Igual representaci\u00f3n tiene como principal Jonathan Pilay Baja\u00f1a ante el CDE&nbsp;de Artes Visuales, sin alterno\/a; y Priscila Amores Rodr\u00edguez ante el CDE de Posgrados, tambi\u00e9n sin alterno\/a.<\/p>\n\n\n\n<p>Cabe anotar que, tras las elecciones, el Tribunal Electoral UArtes public\u00f3 el 3 de febrero el acta de resultados y la resoluci\u00f3n de los ganadores. Del 4 al 5 de febrero se abri\u00f3 la etapa de impugnaci\u00f3n referente a la resoluci\u00f3n con los resultados y al no haberlas, y de conformidad al cronograma debidamente aprobado, se ratificaron los resultados y su resoluci\u00f3n, public\u00e1ndose el acta final de ganadores el 14 de febrero de 2025.<\/p>\n\n\n<div class=\"wp-block-image\">\n<figure class=\"aligncenter size-large\"><img fetchpriority=\"high\" decoding=\"async\" width=\"644\" height=\"429\" src=\"https:\/\/www.uartes.edu.ec\/sitio\/wp-content\/uploads\/2025\/02\/03-ENTREGA-CERTIFICADOS-OCS-644x429.jpg\" alt=\"\" class=\"wp-image-68682\" srcset=\"https:\/\/www.uartes.edu.ec\/sitio\/wp-content\/uploads\/2025\/02\/03-ENTREGA-CERTIFICADOS-OCS-644x429.jpg 644w, https:\/\/www.uartes.edu.ec\/sitio\/wp-content\/uploads\/2025\/02\/03-ENTREGA-CERTIFICADOS-OCS-300x200.jpg 300w, https:\/\/www.uartes.edu.ec\/sitio\/wp-content\/uploads\/2025\/02\/03-ENTREGA-CERTIFICADOS-OCS-768x512.jpg 768w, https:\/\/www.uartes.edu.ec\/sitio\/wp-content\/uploads\/2025\/02\/03-ENTREGA-CERTIFICADOS-OCS-1536x1024.jpg 1536w, https:\/\/www.uartes.edu.ec\/sitio\/wp-content\/uploads\/2025\/02\/03-ENTREGA-CERTIFICADOS-OCS-18x12.jpg 18w, https:\/\/www.uartes.edu.ec\/sitio\/wp-content\/uploads\/2025\/02\/03-ENTREGA-CERTIFICADOS-OCS-600x400.jpg 600w, https:\/\/www.uartes.edu.ec\/sitio\/wp-content\/uploads\/2025\/02\/03-ENTREGA-CERTIFICADOS-OCS-400x267.jpg 400w, https:\/\/www.uartes.edu.ec\/sitio\/wp-content\/uploads\/2025\/02\/03-ENTREGA-CERTIFICADOS-OCS.jpg 2000w\" sizes=\"(max-width: 644px) 100vw, 644px\" \/><\/figure>\n<\/div>\n\n\n<h3 class=\"wp-block-heading\">El acto de entrega<\/h3>\n\n\n\n<p>La entrega de credenciales la encabez\u00f3 el rector William Herrera, como presidente del \u00d3rgano Colegiado Superior, conjuntamente con la secretaria ad hoc, Patricia Ayala, y los miembros del Tribunal Electoral UArtes, David Villarreal y Estela Narv\u00e1ez, presidente y secretaria, respectivamente.&nbsp;<\/p>\n\n\n\n<p>Tambi\u00e9n asistieron al acto Yamil Lambert, secretario de Aseguramiento de la Calidad de la Educaci\u00f3n; Sara Tobar, secretaria Administrativa;&nbsp;Jessica Plaza, directora de Talento Humano; Carolina C\u00e1rdenas, secretaria de Bienestar Universitario; Mar\u00eda Jos\u00e9 Bustos, secretaria Acad\u00e9mica; Soraya Campos, directora de la Biblioteca de las Artes; y funcionarios de varias otras \u00e1reas de nuestra instituci\u00f3n.<\/p>\n\n\n\n<p>Luego de la respectiva bienvenida a la Sala del OCS, ubicada en el primer piso del edificio El Tel\u00e9grafo, el rector se\u00f1al\u00f3 que el espacio cumpl\u00eda un prop\u00f3sito formal con una importante carga simb\u00f3lica. Agradeci\u00f3 a los presentes y destac\u00f3 a tres de los directores de escuela que acudieron aun estando en periodo de vacaciones: de Artes Esc\u00e9nicas, Benjam\u00edn Cort\u00e9s; de Artes Visuales, Rusl\u00e1n Torres; y de Posgrados, Cristian Villavicencio.<\/p>\n\n\n<div class=\"wp-block-image\">\n<figure class=\"aligncenter size-large\"><img decoding=\"async\" width=\"644\" height=\"429\" src=\"https:\/\/www.uartes.edu.ec\/sitio\/wp-content\/uploads\/2025\/02\/07-ENTREGA-CERTIFICADOS-OCS-644x429.jpg\" alt=\"\" class=\"wp-image-68684\" srcset=\"https:\/\/www.uartes.edu.ec\/sitio\/wp-content\/uploads\/2025\/02\/07-ENTREGA-CERTIFICADOS-OCS-644x429.jpg 644w, https:\/\/www.uartes.edu.ec\/sitio\/wp-content\/uploads\/2025\/02\/07-ENTREGA-CERTIFICADOS-OCS-300x200.jpg 300w, https:\/\/www.uartes.edu.ec\/sitio\/wp-content\/uploads\/2025\/02\/07-ENTREGA-CERTIFICADOS-OCS-768x512.jpg 768w, https:\/\/www.uartes.edu.ec\/sitio\/wp-content\/uploads\/2025\/02\/07-ENTREGA-CERTIFICADOS-OCS-1536x1024.jpg 1536w, https:\/\/www.uartes.edu.ec\/sitio\/wp-content\/uploads\/2025\/02\/07-ENTREGA-CERTIFICADOS-OCS-18x12.jpg 18w, https:\/\/www.uartes.edu.ec\/sitio\/wp-content\/uploads\/2025\/02\/07-ENTREGA-CERTIFICADOS-OCS-600x400.jpg 600w, https:\/\/www.uartes.edu.ec\/sitio\/wp-content\/uploads\/2025\/02\/07-ENTREGA-CERTIFICADOS-OCS-400x267.jpg 400w, https:\/\/www.uartes.edu.ec\/sitio\/wp-content\/uploads\/2025\/02\/07-ENTREGA-CERTIFICADOS-OCS.jpg 2000w\" sizes=\"(max-width: 644px) 100vw, 644px\" \/><\/figure>\n<\/div>\n\n\n<p>\u201cGracias por acompa\u00f1arnos en estos procesos que son fundamentales para el cogobierno\u201d, dijo el rector, lamentando lo dif\u00edcil que ha sido involucrar m\u00e1s a la comunidad con una participaci\u00f3n plena, necesaria para la universidad, y destac\u00f3 que los administrativos no tienen reconocimiento de asignaci\u00f3n de horas en el distributivo, lo cual le da m\u00e1s valor a su participaci\u00f3n.<\/p>\n\n\n\n<p>Manifest\u00f3 tambi\u00e9n que, en el caso de los Consejos Directivos de Escuela, hay una tarea sumamente importante ya iniciada: la implementaci\u00f3n del Modelo Educativo y Pedag\u00f3gico de la UArtes y lo que significa en t\u00e9rminos de pensar o repensar una malla y de c\u00f3mo se articula con otros procesos que son fundamentales para que las escuelas y las carreras puedan funcionar.<\/p>\n\n\n\n<p>El rector William Herrera pidi\u00f3 tambi\u00e9n tener presente la acreditaci\u00f3n institucional del 2026. La designaci\u00f3n de los nuevos representantes es para un per\u00edodo de dos a\u00f1os, \u201ces decir, que estar\u00e1n en los CDE o en el OCS durante el proceso de acreditaci\u00f3n. Eso significa conocer en detalle lo que plantea el nuevo modelo de evaluaci\u00f3n, las responsabilidades que como representantes tienen, lo cual es fundamental para la continuidad y el compromiso con la calidad que tiene la Universidad de las Artes y que logramos plasmar en el proceso de evaluaci\u00f3n institucional del a\u00f1o pasado\u201d.<\/p>\n\n\n<div class=\"wp-block-image\">\n<figure class=\"aligncenter size-large\"><img decoding=\"async\" width=\"644\" height=\"429\" src=\"https:\/\/www.uartes.edu.ec\/sitio\/wp-content\/uploads\/2025\/02\/04-ENTREGA-CERTIFICADOS-OCS-644x429.jpg\" alt=\"\" class=\"wp-image-68683\" srcset=\"https:\/\/www.uartes.edu.ec\/sitio\/wp-content\/uploads\/2025\/02\/04-ENTREGA-CERTIFICADOS-OCS-644x429.jpg 644w, https:\/\/www.uartes.edu.ec\/sitio\/wp-content\/uploads\/2025\/02\/04-ENTREGA-CERTIFICADOS-OCS-300x200.jpg 300w, https:\/\/www.uartes.edu.ec\/sitio\/wp-content\/uploads\/2025\/02\/04-ENTREGA-CERTIFICADOS-OCS-768x512.jpg 768w, https:\/\/www.uartes.edu.ec\/sitio\/wp-content\/uploads\/2025\/02\/04-ENTREGA-CERTIFICADOS-OCS-1536x1024.jpg 1536w, https:\/\/www.uartes.edu.ec\/sitio\/wp-content\/uploads\/2025\/02\/04-ENTREGA-CERTIFICADOS-OCS-18x12.jpg 18w, https:\/\/www.uartes.edu.ec\/sitio\/wp-content\/uploads\/2025\/02\/04-ENTREGA-CERTIFICADOS-OCS-600x400.jpg 600w, https:\/\/www.uartes.edu.ec\/sitio\/wp-content\/uploads\/2025\/02\/04-ENTREGA-CERTIFICADOS-OCS-400x267.jpg 400w, https:\/\/www.uartes.edu.ec\/sitio\/wp-content\/uploads\/2025\/02\/04-ENTREGA-CERTIFICADOS-OCS.jpg 2000w\" sizes=\"(max-width: 644px) 100vw, 644px\" \/><\/figure>\n<\/div>\n\n\n<p>En el caso de Ingrid Andrade y Pa\u00fal Rom\u00e1n tienen tambi\u00e9n una tarea muy importante en la supervisi\u00f3n del siguiente proceso electoral de m\u00e1ximas autoridades y, sobre todo, en la transici\u00f3n, expres\u00f3 el rector y detall\u00f3 la diferencia sustancial con respecto a lo que fue el primer proceso electoral. Hubo el cambio de una etapa institucional a otra, pues \u201ccerr\u00f3 la Comisi\u00f3n Gestora y arrancamos con un nuevo \u00d3rgano Colegiado Superior. Aqu\u00ed van a recibir a las nuevas autoridades, lo cual es un elemento muy importante en su agenda de trabajo\u201d.<\/p>\n\n\n\n<p>Somos garantes de que se cumplan los objetivos institucionales, m\u00e1s all\u00e1 de intereses, motivaciones u objetivos individuales que pueden existir por parte de algunos miembros de la comunidad universitaria, expres\u00f3, indic\u00e1ndoles representantes acreditados contar con ellos para poder cumplir con las agendas de trabajo. El rector concluy\u00f3 su intervenci\u00f3n agradeciendo a David Villarreal en sus funciones como presidente del TE, del cual ha sido miembro desde el 2020 y est\u00e1 culminando su segundo periodo, y a Estela Narv\u00e1ez, quien como secretaria ha asumido con mucha responsabilidad lo que implica el trabajo en el tribunal.<\/p>\n\n\n\n<p>Igualmente, el presidente del Tribunal Electoral UArtes, David Villarreal, se manifest\u00f3 agradecido con los representantes por participar en el proceso. \u201cEn esta ocasi\u00f3n no hubo tantas impugnaciones, como en otros periodos\u201d, anot\u00f3, agradeciendo de manera especial a Narv\u00e1ez, quien como secretaria del TE marc\u00f3 la pauta para el ejercicio democr\u00e1tico del cogobierno, y al rector. Tambi\u00e9n lament\u00f3 la poca respuesta a la convocatoria y postulaci\u00f3n. Seguidamente, se realiz\u00f3 la entrega de las credenciales.<\/p>\n\n\n<div class=\"wp-block-image\">\n<figure class=\"aligncenter size-large\"><img loading=\"lazy\" decoding=\"async\" width=\"644\" height=\"429\" src=\"https:\/\/www.uartes.edu.ec\/sitio\/wp-content\/uploads\/2025\/02\/05-ENTREGA-CERTIFICADOS-OCS-644x429.jpg\" alt=\"\" class=\"wp-image-68685\" srcset=\"https:\/\/www.uartes.edu.ec\/sitio\/wp-content\/uploads\/2025\/02\/05-ENTREGA-CERTIFICADOS-OCS-644x429.jpg 644w, https:\/\/www.uartes.edu.ec\/sitio\/wp-content\/uploads\/2025\/02\/05-ENTREGA-CERTIFICADOS-OCS-300x200.jpg 300w, https:\/\/www.uartes.edu.ec\/sitio\/wp-content\/uploads\/2025\/02\/05-ENTREGA-CERTIFICADOS-OCS-768x512.jpg 768w, https:\/\/www.uartes.edu.ec\/sitio\/wp-content\/uploads\/2025\/02\/05-ENTREGA-CERTIFICADOS-OCS-1536x1024.jpg 1536w, https:\/\/www.uartes.edu.ec\/sitio\/wp-content\/uploads\/2025\/02\/05-ENTREGA-CERTIFICADOS-OCS-18x12.jpg 18w, https:\/\/www.uartes.edu.ec\/sitio\/wp-content\/uploads\/2025\/02\/05-ENTREGA-CERTIFICADOS-OCS-600x400.jpg 600w, https:\/\/www.uartes.edu.ec\/sitio\/wp-content\/uploads\/2025\/02\/05-ENTREGA-CERTIFICADOS-OCS-400x267.jpg 400w, https:\/\/www.uartes.edu.ec\/sitio\/wp-content\/uploads\/2025\/02\/05-ENTREGA-CERTIFICADOS-OCS.jpg 2000w\" sizes=\"(max-width: 644px) 100vw, 644px\" \/><\/figure>\n<\/div>\n\n\n<p>Al t\u00e9rmino del acto, y en di\u00e1logo con InfoUArtes, Villarreal revel\u00f3 que siempre se ha tratado de animar a la comunidad universitaria para que tome parte en los procesos electorales, pero la respuesta a la responsabilidad de una participaci\u00f3n m\u00e1s activa ha sido escasa. \u201cNuestra funci\u00f3n como Tribunal Electoral no es hacer publicidad ni campa\u00f1a, sino regirnos al Reglamento\u201d, refiri\u00f3, sin embargo, invit\u00f3 a estudiantes, docentes y administrativos a empaparse de los procesos y de la importancia del cogobierno para nuestra instituci\u00f3n.<\/p>\n\n\n\n<p>Cabe anotar que, Villarreal es uno de los miembros fundadores del TE, al igual que su antecesor, Rub\u00e9n Riera, quien manej\u00f3 procesos m\u00e1s complicados, como la primera elecci\u00f3n de autoridades universitarias, periodo 2021-2025. Hasta el 28 de febrero estar\u00e1 en funciones, al igual que Soraya Campos y Mar\u00eda Fernanda L\u00f3pez, quienes han estado en el TE desde el inicio, es decir, desde el 2020. &nbsp;Son tambi\u00e9n miembros: Juan Caguana Reino, representante acad\u00e9mico, y Jes\u00fas S\u00e1nchez V\u00e9lez, representante estudiantil.<\/p>\n\n\n\n<p>Como parte del Tribunal Electoral, Villarreal coment\u00f3 haber planteado en su interior la idea de que los postulantes que est\u00e9n en procesos disciplinarios, comit\u00e9 de \u00e9tica y casos de acoso, el dictamen se acelere y en virtud de los resultados se acepte o rechace la candidatura. \u201cEs importante que quienes tomen la posta en el TE lo analicen, subray\u00f3. En lo dem\u00e1s, todo se ha dado de manera org\u00e1nica, sumamente tranquilo\u201d, opin\u00f3, agradeciendo a la Direcci\u00f3n Jur\u00eddica de la UArtes, que dirige Jamie Miranda e integra Estela Narv\u00e1ez, por la asesor\u00eda brindada al TE.<\/p>\n\n\n<div class=\"wp-block-image\">\n<figure class=\"aligncenter size-large\"><img loading=\"lazy\" decoding=\"async\" width=\"644\" height=\"429\" src=\"https:\/\/www.uartes.edu.ec\/sitio\/wp-content\/uploads\/2025\/02\/06-ENTREGA-CERTIFICADOS-OCS-644x429.jpg\" alt=\"\" class=\"wp-image-68686\" srcset=\"https:\/\/www.uartes.edu.ec\/sitio\/wp-content\/uploads\/2025\/02\/06-ENTREGA-CERTIFICADOS-OCS-644x429.jpg 644w, https:\/\/www.uartes.edu.ec\/sitio\/wp-content\/uploads\/2025\/02\/06-ENTREGA-CERTIFICADOS-OCS-300x200.jpg 300w, https:\/\/www.uartes.edu.ec\/sitio\/wp-content\/uploads\/2025\/02\/06-ENTREGA-CERTIFICADOS-OCS-768x512.jpg 768w, https:\/\/www.uartes.edu.ec\/sitio\/wp-content\/uploads\/2025\/02\/06-ENTREGA-CERTIFICADOS-OCS-1536x1024.jpg 1536w, https:\/\/www.uartes.edu.ec\/sitio\/wp-content\/uploads\/2025\/02\/06-ENTREGA-CERTIFICADOS-OCS-18x12.jpg 18w, https:\/\/www.uartes.edu.ec\/sitio\/wp-content\/uploads\/2025\/02\/06-ENTREGA-CERTIFICADOS-OCS-600x400.jpg 600w, https:\/\/www.uartes.edu.ec\/sitio\/wp-content\/uploads\/2025\/02\/06-ENTREGA-CERTIFICADOS-OCS-400x267.jpg 400w, https:\/\/www.uartes.edu.ec\/sitio\/wp-content\/uploads\/2025\/02\/06-ENTREGA-CERTIFICADOS-OCS.jpg 2000w\" sizes=\"(max-width: 644px) 100vw, 644px\" \/><\/figure>\n<\/div>\n\n\n<p>InfoUArtes dialog\u00f3 tambi\u00e9n con dos de los representantes ante el OCS y los CDE que recibieron sus credenciales sobre sus motivaciones para responder a la convocatoria del proceso electoral y la relevancia de tomar parte en el cogobierno. Ingrid Andrade, psic\u00f3loga de nuestra Direcci\u00f3n de Salud, confes\u00f3 que no respondi\u00f3 a la primera, sino cuando el plazo para inscribir candidaturas se ampl\u00edo. Si bien las representaciones generan una carga de estr\u00e9s adicional cuando se juntan los compromisos laborales con los personales, la posibilidad de materializar la unidad como servidores y trabajadores, y apoyarse en momentos de dificultad, la animaron. Es un tema que coincide con quien es su alterno, Pa\u00fal Rom\u00e1n, precis\u00f3.<\/p>\n\n\n\n<p>\u201cSer representante principal de los servidores y trabajadores ante el OCS representa una oportunidad muy grande para poder transmitir a las m\u00e1ximas autoridades inquietudes, malestares y tambi\u00e9n propuestas que beneficien a los funcionarios de la instituci\u00f3n, los cuales muchas veces no llegan a ser acogidos no por falta de voluntad, sino por no contar con la voz necesaria para que el proyecto pueda ser socializado y analizado oportunamente\u201d, expres\u00f3 Andrade. Agreg\u00f3 considerar de suma importancia apoyar continuamente estas acciones democr\u00e1ticas de cogobierno que garantizan la acreditaci\u00f3n y permanencia de la UArtes.<\/p>\n\n\n\n<p>C\u00e9sar Guevara, director del \u00e1rea de Tecnolog\u00eda y Sistemas de Informaci\u00f3n UArtes, coincidi\u00f3 con Andrade en la relevancia del cogobierno para nuestra instituci\u00f3n. Recibi\u00f3 la invitaci\u00f3n para responder a la convocatoria e inscribi\u00f3 como alterno de la representaci\u00f3n de los servidores y trabajadores&nbsp;ante el CDE&nbsp;de&nbsp;Artes Sonoras, cuya principal es Ver\u00f3nica Orellana.<\/p>\n\n\n\n<p>En im\u00e1genes, los representantes principales y alternos de los servidores y trabajadores ante el OCS y los Consejos Directivos de Escuela (CDE) que asistieron a la entrega de credenciales. En la primera foto constan junto al rector William Herrera, a quien se aprecia en la gr\u00e1fica siguiente durante su intervenci\u00f3n. Con el presidente del Tribunal Electoral UArtes, David Villarreal, de manera individual: Ingrid Andrade, Ver\u00f3nica Orellana, C\u00e9sar Guevara y Priscila Amores. <\/p>\n\n\n\n<p><\/p>","protected":false},"excerpt":{"rendered":"<p>En su sexta sesi\u00f3n del a\u00f1o en curso, convocada con car\u00e1cter solemne, el \u00d3rgano Colegiado Superior y el Tribunal Electoral (TE) de la UArtes hicieron la entrega de las credenciales a los representantes principales y alternos de los servidores y trabajadores ante el OCS y los Consejos Directivos de Escuela (CDE) para el per\u00edodo 2025-2027. Fueron elegidos el 31 de enero de 2025 de manera telem\u00e1tica. <\/p>","protected":false},"author":10,"featured_media":68681,"comment_status":"open","ping_status":"open","sticky":false,"template":"","format":"standard","meta":{"_acf_changed":false,"_uag_custom_page_level_css":"","_monsterinsights_skip_tracking":false,"_monsterinsights_sitenote_active":false,"_monsterinsights_sitenote_note":"","_monsterinsights_sitenote_category":0,"cybocfi_hide_featured_image":"","footnotes":""},"categories":[438,150,157,77,264,465],"tags":[602],"infouartes":[],"class_list":["post-68680","post","type-post","status-publish","format-standard","has-post-thumbnail","hentry","category-administrativos","category-artes-sonoras","category-artes-visuales","category-gestion","category-maestrias","category-ocs","tag-proceso"],"acf":[],"yoast_head":"<!-- This site is optimized with the Yoast SEO plugin v27.4 - https:\/\/yoast.com\/product\/yoast-seo-wordpress\/ -->\n<title>Universidad de las Artes - Los representantes principales y alternos de los servidores y trabajadores ante el OCS y los CDE recibieron sus credenciales<\/title>\n<meta name=\"description\" content=\"Universidad de las Artes - Los representantes principales y alternos de los servidores y trabajadores ante el OCS y los CDE recibieron sus credenciales\" \/>\n<meta name=\"robots\" content=\"index, follow, max-snippet:-1, max-image-preview:large, max-video-preview:-1\" \/>\n<link rel=\"canonical\" href=\"https:\/\/www.uartes.edu.ec\/sitio\/en\/blog\/2025\/02\/24\/representantes-principales-y-alternos-de-los-servidores-y-trabajadores-ante-el-ocs-y-los-cde-ya-tienen-credenciales\/\" \/>\n<meta property=\"og:locale\" content=\"en_US\" \/>\n<meta property=\"og:type\" content=\"article\" \/>\n<meta property=\"og:title\" content=\"Universidad de las Artes - Los representantes principales y alternos de los servidores y trabajadores ante el OCS y los CDE recibieron sus credenciales\" \/>\n<meta property=\"og:description\" content=\"Universidad de las Artes - Los representantes principales y alternos de los servidores y trabajadores ante el OCS y los CDE recibieron sus credenciales\" \/>\n<meta property=\"og:url\" content=\"https:\/\/www.uartes.edu.ec\/sitio\/en\/blog\/2025\/02\/24\/representantes-principales-y-alternos-de-los-servidores-y-trabajadores-ante-el-ocs-y-los-cde-ya-tienen-credenciales\/\" \/>\n<meta property=\"og:site_name\" content=\"Universidad de las Artes\" \/>\n<meta property=\"article:publisher\" content=\"https:\/\/www.facebook.com\/uartesec\" \/>\n<meta property=\"article:published_time\" content=\"2025-02-25T00:43:10+00:00\" \/>\n<meta property=\"article:modified_time\" content=\"2025-02-26T00:59:21+00:00\" \/>\n<meta property=\"og:image\" content=\"https:\/\/www.uartes.edu.ec\/sitio\/wp-content\/uploads\/2025\/02\/02-ENTREGA-CERTIFICADOS-OCS.jpg\" \/>\n\t<meta property=\"og:image:width\" content=\"2000\" \/>\n\t<meta property=\"og:image:height\" content=\"1333\" \/>\n\t<meta property=\"og:image:type\" content=\"image\/jpeg\" \/>\n<meta name=\"author\" content=\"ccortez\" \/>\n<meta name=\"twitter:card\" content=\"summary_large_image\" \/>\n<meta name=\"twitter:creator\" content=\"@uartesec\" \/>\n<meta name=\"twitter:site\" content=\"@uartesec\" \/>\n<meta name=\"twitter:label1\" content=\"Written by\" \/>\n\t<meta name=\"twitter:data1\" content=\"ccortez\" \/>\n\t<meta name=\"twitter:label2\" content=\"Est. reading time\" \/>\n\t<meta name=\"twitter:data2\" content=\"8 minutes\" \/>\n<script type=\"application\/ld+json\" class=\"yoast-schema-graph\">{\"@context\":\"https:\\\/\\\/schema.org\",\"@graph\":[{\"@type\":\"Article\",\"@id\":\"https:\\\/\\\/www.uartes.edu.ec\\\/sitio\\\/en\\\/blog\\\/2025\\\/02\\\/24\\\/representantes-principales-y-alternos-de-los-servidores-y-trabajadores-ante-el-ocs-y-los-cde-ya-tienen-credenciales\\\/#article\",\"isPartOf\":{\"@id\":\"https:\\\/\\\/www.uartes.edu.ec\\\/sitio\\\/en\\\/blog\\\/2025\\\/02\\\/24\\\/representantes-principales-y-alternos-de-los-servidores-y-trabajadores-ante-el-ocs-y-los-cde-ya-tienen-credenciales\\\/\"},\"author\":{\"name\":\"ccortez\",\"@id\":\"https:\\\/\\\/www.uartes.edu.ec\\\/sitio\\\/en\\\/#\\\/schema\\\/person\\\/efa1b8275797664fd7f13a79ccc0b1f4\"},\"headline\":\"Los representantes principales y alternos de los servidores y trabajadores ante el OCS y los CDE recibieron sus credenciales\",\"datePublished\":\"2025-02-25T00:43:10+00:00\",\"dateModified\":\"2025-02-26T00:59:21+00:00\",\"mainEntityOfPage\":{\"@id\":\"https:\\\/\\\/www.uartes.edu.ec\\\/sitio\\\/en\\\/blog\\\/2025\\\/02\\\/24\\\/representantes-principales-y-alternos-de-los-servidores-y-trabajadores-ante-el-ocs-y-los-cde-ya-tienen-credenciales\\\/\"},\"wordCount\":1590,\"commentCount\":0,\"publisher\":{\"@id\":\"https:\\\/\\\/www.uartes.edu.ec\\\/sitio\\\/en\\\/#organization\"},\"image\":{\"@id\":\"https:\\\/\\\/www.uartes.edu.ec\\\/sitio\\\/en\\\/blog\\\/2025\\\/02\\\/24\\\/representantes-principales-y-alternos-de-los-servidores-y-trabajadores-ante-el-ocs-y-los-cde-ya-tienen-credenciales\\\/#primaryimage\"},\"thumbnailUrl\":\"https:\\\/\\\/www.uartes.edu.ec\\\/sitio\\\/wp-content\\\/uploads\\\/2025\\\/02\\\/02-ENTREGA-CERTIFICADOS-OCS.jpg\",\"keywords\":[\"proceso\"],\"articleSection\":[\"Administrativos\",\"Artes Sonoras\",\"Artes Visuales\",\"Gesti\u00f3n\",\"Maestr\u00edas\",\"\u00d3rgano Colegiado Superior\"],\"inLanguage\":\"en-US\",\"potentialAction\":[{\"@type\":\"CommentAction\",\"name\":\"Comment\",\"target\":[\"https:\\\/\\\/www.uartes.edu.ec\\\/sitio\\\/en\\\/blog\\\/2025\\\/02\\\/24\\\/representantes-principales-y-alternos-de-los-servidores-y-trabajadores-ante-el-ocs-y-los-cde-ya-tienen-credenciales\\\/#respond\"]}]},{\"@type\":[\"WebPage\",\"ItemPage\"],\"@id\":\"https:\\\/\\\/www.uartes.edu.ec\\\/sitio\\\/en\\\/blog\\\/2025\\\/02\\\/24\\\/representantes-principales-y-alternos-de-los-servidores-y-trabajadores-ante-el-ocs-y-los-cde-ya-tienen-credenciales\\\/\",\"url\":\"https:\\\/\\\/www.uartes.edu.ec\\\/sitio\\\/en\\\/blog\\\/2025\\\/02\\\/24\\\/representantes-principales-y-alternos-de-los-servidores-y-trabajadores-ante-el-ocs-y-los-cde-ya-tienen-credenciales\\\/\",\"name\":\"Universidad de las Artes - Los representantes principales y alternos de los servidores y trabajadores ante el OCS y los CDE recibieron sus credenciales\",\"isPartOf\":{\"@id\":\"https:\\\/\\\/www.uartes.edu.ec\\\/sitio\\\/en\\\/#website\"},\"primaryImageOfPage\":{\"@id\":\"https:\\\/\\\/www.uartes.edu.ec\\\/sitio\\\/en\\\/blog\\\/2025\\\/02\\\/24\\\/representantes-principales-y-alternos-de-los-servidores-y-trabajadores-ante-el-ocs-y-los-cde-ya-tienen-credenciales\\\/#primaryimage\"},\"image\":{\"@id\":\"https:\\\/\\\/www.uartes.edu.ec\\\/sitio\\\/en\\\/blog\\\/2025\\\/02\\\/24\\\/representantes-principales-y-alternos-de-los-servidores-y-trabajadores-ante-el-ocs-y-los-cde-ya-tienen-credenciales\\\/#primaryimage\"},\"thumbnailUrl\":\"https:\\\/\\\/www.uartes.edu.ec\\\/sitio\\\/wp-content\\\/uploads\\\/2025\\\/02\\\/02-ENTREGA-CERTIFICADOS-OCS.jpg\",\"datePublished\":\"2025-02-25T00:43:10+00:00\",\"dateModified\":\"2025-02-26T00:59:21+00:00\",\"description\":\"Universidad de las Artes - Los representantes principales y alternos de los servidores y trabajadores ante el OCS y los CDE recibieron sus credenciales\",\"breadcrumb\":{\"@id\":\"https:\\\/\\\/www.uartes.edu.ec\\\/sitio\\\/en\\\/blog\\\/2025\\\/02\\\/24\\\/representantes-principales-y-alternos-de-los-servidores-y-trabajadores-ante-el-ocs-y-los-cde-ya-tienen-credenciales\\\/#breadcrumb\"},\"inLanguage\":\"en-US\",\"potentialAction\":[{\"@type\":\"ReadAction\",\"target\":[\"https:\\\/\\\/www.uartes.edu.ec\\\/sitio\\\/en\\\/blog\\\/2025\\\/02\\\/24\\\/representantes-principales-y-alternos-de-los-servidores-y-trabajadores-ante-el-ocs-y-los-cde-ya-tienen-credenciales\\\/\"]}]},{\"@type\":\"ImageObject\",\"inLanguage\":\"en-US\",\"@id\":\"https:\\\/\\\/www.uartes.edu.ec\\\/sitio\\\/en\\\/blog\\\/2025\\\/02\\\/24\\\/representantes-principales-y-alternos-de-los-servidores-y-trabajadores-ante-el-ocs-y-los-cde-ya-tienen-credenciales\\\/#primaryimage\",\"url\":\"https:\\\/\\\/www.uartes.edu.ec\\\/sitio\\\/wp-content\\\/uploads\\\/2025\\\/02\\\/02-ENTREGA-CERTIFICADOS-OCS.jpg\",\"contentUrl\":\"https:\\\/\\\/www.uartes.edu.ec\\\/sitio\\\/wp-content\\\/uploads\\\/2025\\\/02\\\/02-ENTREGA-CERTIFICADOS-OCS.jpg\",\"width\":2000,\"height\":1333},{\"@type\":\"BreadcrumbList\",\"@id\":\"https:\\\/\\\/www.uartes.edu.ec\\\/sitio\\\/en\\\/blog\\\/2025\\\/02\\\/24\\\/representantes-principales-y-alternos-de-los-servidores-y-trabajadores-ante-el-ocs-y-los-cde-ya-tienen-credenciales\\\/#breadcrumb\",\"itemListElement\":[{\"@type\":\"ListItem\",\"position\":1,\"name\":\"Inicio\",\"item\":\"https:\\\/\\\/www.uartes.edu.ec\\\/sitio\\\/\"},{\"@type\":\"ListItem\",\"position\":2,\"name\":\"Los representantes principales y alternos de los servidores y trabajadores ante el OCS y los CDE recibieron sus credenciales\"}]},{\"@type\":\"WebSite\",\"@id\":\"https:\\\/\\\/www.uartes.edu.ec\\\/sitio\\\/en\\\/#website\",\"url\":\"https:\\\/\\\/www.uartes.edu.ec\\\/sitio\\\/en\\\/\",\"name\":\"Universidad de las Artes\",\"description\":\"Sitio oficial de la Universidad Nacional de las Artes del Ecuador\",\"publisher\":{\"@id\":\"https:\\\/\\\/www.uartes.edu.ec\\\/sitio\\\/en\\\/#organization\"},\"potentialAction\":[{\"@type\":\"SearchAction\",\"target\":{\"@type\":\"EntryPoint\",\"urlTemplate\":\"https:\\\/\\\/www.uartes.edu.ec\\\/sitio\\\/en\\\/?s={search_term_string}\"},\"query-input\":{\"@type\":\"PropertyValueSpecification\",\"valueRequired\":true,\"valueName\":\"search_term_string\"}}],\"inLanguage\":\"en-US\"},{\"@type\":\"Organization\",\"@id\":\"https:\\\/\\\/www.uartes.edu.ec\\\/sitio\\\/en\\\/#organization\",\"name\":\"Universidad de las Artes\",\"url\":\"https:\\\/\\\/www.uartes.edu.ec\\\/sitio\\\/en\\\/\",\"logo\":{\"@type\":\"ImageObject\",\"inLanguage\":\"en-US\",\"@id\":\"https:\\\/\\\/www.uartes.edu.ec\\\/sitio\\\/en\\\/#\\\/schema\\\/logo\\\/image\\\/\",\"url\":\"https:\\\/\\\/www.uartes.edu.ec\\\/sitio\\\/wp-content\\\/uploads\\\/2022\\\/07\\\/logo-ua-horizontal.png\",\"contentUrl\":\"https:\\\/\\\/www.uartes.edu.ec\\\/sitio\\\/wp-content\\\/uploads\\\/2022\\\/07\\\/logo-ua-horizontal.png\",\"width\":800,\"height\":276,\"caption\":\"Universidad de las Artes\"},\"image\":{\"@id\":\"https:\\\/\\\/www.uartes.edu.ec\\\/sitio\\\/en\\\/#\\\/schema\\\/logo\\\/image\\\/\"},\"sameAs\":[\"https:\\\/\\\/www.facebook.com\\\/uartesec\",\"https:\\\/\\\/x.com\\\/uartesec\",\"https:\\\/\\\/www.tiktok.com\\\/@uartesec\"]},{\"@type\":\"Person\",\"@id\":\"https:\\\/\\\/www.uartes.edu.ec\\\/sitio\\\/en\\\/#\\\/schema\\\/person\\\/efa1b8275797664fd7f13a79ccc0b1f4\",\"name\":\"ccortez\",\"image\":{\"@type\":\"ImageObject\",\"inLanguage\":\"en-US\",\"@id\":\"https:\\\/\\\/secure.gravatar.com\\\/avatar\\\/b2a6f664a3ae8e074346ef91775736c5ec479e637ecced6842de9dc98b5da9cd?s=96&d=mm&r=g\",\"url\":\"https:\\\/\\\/secure.gravatar.com\\\/avatar\\\/b2a6f664a3ae8e074346ef91775736c5ec479e637ecced6842de9dc98b5da9cd?s=96&d=mm&r=g\",\"contentUrl\":\"https:\\\/\\\/secure.gravatar.com\\\/avatar\\\/b2a6f664a3ae8e074346ef91775736c5ec479e637ecced6842de9dc98b5da9cd?s=96&d=mm&r=g\",\"caption\":\"ccortez\"},\"url\":\"https:\\\/\\\/www.uartes.edu.ec\\\/sitio\\\/en\\\/blog\\\/author\\\/ccortez\\\/\"}]}<\/script>\n<!-- \/ Yoast SEO plugin. -->","yoast_head_json":{"title":"Universidad de las Artes - Los representantes principales y alternos de los servidores y trabajadores ante el OCS y los CDE recibieron sus credenciales","description":"Universidad de las Artes - Los representantes principales y alternos de los servidores y trabajadores ante el OCS y los CDE recibieron sus credenciales","robots":{"index":"index","follow":"follow","max-snippet":"max-snippet:-1","max-image-preview":"max-image-preview:large","max-video-preview":"max-video-preview:-1"},"canonical":"https:\/\/www.uartes.edu.ec\/sitio\/en\/blog\/2025\/02\/24\/representantes-principales-y-alternos-de-los-servidores-y-trabajadores-ante-el-ocs-y-los-cde-ya-tienen-credenciales\/","og_locale":"en_US","og_type":"article","og_title":"Universidad de las Artes - Los representantes principales y alternos de los servidores y trabajadores ante el OCS y los CDE recibieron sus credenciales","og_description":"Universidad de las Artes - Los representantes principales y alternos de los servidores y trabajadores ante el OCS y los CDE recibieron sus credenciales","og_url":"https:\/\/www.uartes.edu.ec\/sitio\/en\/blog\/2025\/02\/24\/representantes-principales-y-alternos-de-los-servidores-y-trabajadores-ante-el-ocs-y-los-cde-ya-tienen-credenciales\/","og_site_name":"Universidad de las Artes","article_publisher":"https:\/\/www.facebook.com\/uartesec","article_published_time":"2025-02-25T00:43:10+00:00","article_modified_time":"2025-02-26T00:59:21+00:00","og_image":[{"width":2000,"height":1333,"url":"https:\/\/www.uartes.edu.ec\/sitio\/wp-content\/uploads\/2025\/02\/02-ENTREGA-CERTIFICADOS-OCS.jpg","type":"image\/jpeg"}],"author":"ccortez","twitter_card":"summary_large_image","twitter_creator":"@uartesec","twitter_site":"@uartesec","twitter_misc":{"Written by":"ccortez","Est. reading time":"8 minutes"},"schema":{"@context":"https:\/\/schema.org","@graph":[{"@type":"Article","@id":"https:\/\/www.uartes.edu.ec\/sitio\/en\/blog\/2025\/02\/24\/representantes-principales-y-alternos-de-los-servidores-y-trabajadores-ante-el-ocs-y-los-cde-ya-tienen-credenciales\/#article","isPartOf":{"@id":"https:\/\/www.uartes.edu.ec\/sitio\/en\/blog\/2025\/02\/24\/representantes-principales-y-alternos-de-los-servidores-y-trabajadores-ante-el-ocs-y-los-cde-ya-tienen-credenciales\/"},"author":{"name":"ccortez","@id":"https:\/\/www.uartes.edu.ec\/sitio\/en\/#\/schema\/person\/efa1b8275797664fd7f13a79ccc0b1f4"},"headline":"Los representantes principales y alternos de los servidores y trabajadores ante el OCS y los CDE recibieron sus credenciales","datePublished":"2025-02-25T00:43:10+00:00","dateModified":"2025-02-26T00:59:21+00:00","mainEntityOfPage":{"@id":"https:\/\/www.uartes.edu.ec\/sitio\/en\/blog\/2025\/02\/24\/representantes-principales-y-alternos-de-los-servidores-y-trabajadores-ante-el-ocs-y-los-cde-ya-tienen-credenciales\/"},"wordCount":1590,"commentCount":0,"publisher":{"@id":"https:\/\/www.uartes.edu.ec\/sitio\/en\/#organization"},"image":{"@id":"https:\/\/www.uartes.edu.ec\/sitio\/en\/blog\/2025\/02\/24\/representantes-principales-y-alternos-de-los-servidores-y-trabajadores-ante-el-ocs-y-los-cde-ya-tienen-credenciales\/#primaryimage"},"thumbnailUrl":"https:\/\/www.uartes.edu.ec\/sitio\/wp-content\/uploads\/2025\/02\/02-ENTREGA-CERTIFICADOS-OCS.jpg","keywords":["proceso"],"articleSection":["Administrativos","Artes Sonoras","Artes Visuales","Gesti\u00f3n","Maestr\u00edas","\u00d3rgano Colegiado Superior"],"inLanguage":"en-US","potentialAction":[{"@type":"CommentAction","name":"Comment","target":["https:\/\/www.uartes.edu.ec\/sitio\/en\/blog\/2025\/02\/24\/representantes-principales-y-alternos-de-los-servidores-y-trabajadores-ante-el-ocs-y-los-cde-ya-tienen-credenciales\/#respond"]}]},{"@type":["WebPage","ItemPage"],"@id":"https:\/\/www.uartes.edu.ec\/sitio\/en\/blog\/2025\/02\/24\/representantes-principales-y-alternos-de-los-servidores-y-trabajadores-ante-el-ocs-y-los-cde-ya-tienen-credenciales\/","url":"https:\/\/www.uartes.edu.ec\/sitio\/en\/blog\/2025\/02\/24\/representantes-principales-y-alternos-de-los-servidores-y-trabajadores-ante-el-ocs-y-los-cde-ya-tienen-credenciales\/","name":"Universidad de las Artes - Los representantes principales y alternos de los servidores y trabajadores ante el OCS y los CDE recibieron sus credenciales","isPartOf":{"@id":"https:\/\/www.uartes.edu.ec\/sitio\/en\/#website"},"primaryImageOfPage":{"@id":"https:\/\/www.uartes.edu.ec\/sitio\/en\/blog\/2025\/02\/24\/representantes-principales-y-alternos-de-los-servidores-y-trabajadores-ante-el-ocs-y-los-cde-ya-tienen-credenciales\/#primaryimage"},"image":{"@id":"https:\/\/www.uartes.edu.ec\/sitio\/en\/blog\/2025\/02\/24\/representantes-principales-y-alternos-de-los-servidores-y-trabajadores-ante-el-ocs-y-los-cde-ya-tienen-credenciales\/#primaryimage"},"thumbnailUrl":"https:\/\/www.uartes.edu.ec\/sitio\/wp-content\/uploads\/2025\/02\/02-ENTREGA-CERTIFICADOS-OCS.jpg","datePublished":"2025-02-25T00:43:10+00:00","dateModified":"2025-02-26T00:59:21+00:00","description":"Universidad de las Artes - Los representantes principales y alternos de los servidores y trabajadores ante el OCS y los CDE recibieron sus credenciales","breadcrumb":{"@id":"https:\/\/www.uartes.edu.ec\/sitio\/en\/blog\/2025\/02\/24\/representantes-principales-y-alternos-de-los-servidores-y-trabajadores-ante-el-ocs-y-los-cde-ya-tienen-credenciales\/#breadcrumb"},"inLanguage":"en-US","potentialAction":[{"@type":"ReadAction","target":["https:\/\/www.uartes.edu.ec\/sitio\/en\/blog\/2025\/02\/24\/representantes-principales-y-alternos-de-los-servidores-y-trabajadores-ante-el-ocs-y-los-cde-ya-tienen-credenciales\/"]}]},{"@type":"ImageObject","inLanguage":"en-US","@id":"https:\/\/www.uartes.edu.ec\/sitio\/en\/blog\/2025\/02\/24\/representantes-principales-y-alternos-de-los-servidores-y-trabajadores-ante-el-ocs-y-los-cde-ya-tienen-credenciales\/#primaryimage","url":"https:\/\/www.uartes.edu.ec\/sitio\/wp-content\/uploads\/2025\/02\/02-ENTREGA-CERTIFICADOS-OCS.jpg","contentUrl":"https:\/\/www.uartes.edu.ec\/sitio\/wp-content\/uploads\/2025\/02\/02-ENTREGA-CERTIFICADOS-OCS.jpg","width":2000,"height":1333},{"@type":"BreadcrumbList","@id":"https:\/\/www.uartes.edu.ec\/sitio\/en\/blog\/2025\/02\/24\/representantes-principales-y-alternos-de-los-servidores-y-trabajadores-ante-el-ocs-y-los-cde-ya-tienen-credenciales\/#breadcrumb","itemListElement":[{"@type":"ListItem","position":1,"name":"Inicio","item":"https:\/\/www.uartes.edu.ec\/sitio\/"},{"@type":"ListItem","position":2,"name":"Los representantes principales y alternos de los servidores y trabajadores ante el OCS y los CDE recibieron sus credenciales"}]},{"@type":"WebSite","@id":"https:\/\/www.uartes.edu.ec\/sitio\/en\/#website","url":"https:\/\/www.uartes.edu.ec\/sitio\/en\/","name":"Universidad de las Artes","description":"Sitio oficial de la Universidad Nacional de las Artes del Ecuador","publisher":{"@id":"https:\/\/www.uartes.edu.ec\/sitio\/en\/#organization"},"potentialAction":[{"@type":"SearchAction","target":{"@type":"EntryPoint","urlTemplate":"https:\/\/www.uartes.edu.ec\/sitio\/en\/?s={search_term_string}"},"query-input":{"@type":"PropertyValueSpecification","valueRequired":true,"valueName":"search_term_string"}}],"inLanguage":"en-US"},{"@type":"Organization","@id":"https:\/\/www.uartes.edu.ec\/sitio\/en\/#organization","name":"Universidad de las Artes","url":"https:\/\/www.uartes.edu.ec\/sitio\/en\/","logo":{"@type":"ImageObject","inLanguage":"en-US","@id":"https:\/\/www.uartes.edu.ec\/sitio\/en\/#\/schema\/logo\/image\/","url":"https:\/\/www.uartes.edu.ec\/sitio\/wp-content\/uploads\/2022\/07\/logo-ua-horizontal.png","contentUrl":"https:\/\/www.uartes.edu.ec\/sitio\/wp-content\/uploads\/2022\/07\/logo-ua-horizontal.png","width":800,"height":276,"caption":"Universidad de las Artes"},"image":{"@id":"https:\/\/www.uartes.edu.ec\/sitio\/en\/#\/schema\/logo\/image\/"},"sameAs":["https:\/\/www.facebook.com\/uartesec","https:\/\/x.com\/uartesec","https:\/\/www.tiktok.com\/@uartesec"]},{"@type":"Person","@id":"https:\/\/www.uartes.edu.ec\/sitio\/en\/#\/schema\/person\/efa1b8275797664fd7f13a79ccc0b1f4","name":"ccortez","image":{"@type":"ImageObject","inLanguage":"en-US","@id":"https:\/\/secure.gravatar.com\/avatar\/b2a6f664a3ae8e074346ef91775736c5ec479e637ecced6842de9dc98b5da9cd?s=96&d=mm&r=g","url":"https:\/\/secure.gravatar.com\/avatar\/b2a6f664a3ae8e074346ef91775736c5ec479e637ecced6842de9dc98b5da9cd?s=96&d=mm&r=g","contentUrl":"https:\/\/secure.gravatar.com\/avatar\/b2a6f664a3ae8e074346ef91775736c5ec479e637ecced6842de9dc98b5da9cd?s=96&d=mm&r=g","caption":"ccortez"},"url":"https:\/\/www.uartes.edu.ec\/sitio\/en\/blog\/author\/ccortez\/"}]}},"uagb_featured_image_src":{"full":["https:\/\/www.uartes.edu.ec\/sitio\/wp-content\/uploads\/2025\/02\/02-ENTREGA-CERTIFICADOS-OCS.jpg",2000,1333,false],"thumbnail":["https:\/\/www.uartes.edu.ec\/sitio\/wp-content\/uploads\/2025\/02\/02-ENTREGA-CERTIFICADOS-OCS-150x150.jpg",150,150,true],"medium":["https:\/\/www.uartes.edu.ec\/sitio\/wp-content\/uploads\/2025\/02\/02-ENTREGA-CERTIFICADOS-OCS-300x200.jpg",300,200,true],"medium_large":["https:\/\/www.uartes.edu.ec\/sitio\/wp-content\/uploads\/2025\/02\/02-ENTREGA-CERTIFICADOS-OCS-768x512.jpg",768,512,true],"large":["https:\/\/www.uartes.edu.ec\/sitio\/wp-content\/uploads\/2025\/02\/02-ENTREGA-CERTIFICADOS-OCS-644x429.jpg",644,429,true],"1536x1536":["https:\/\/www.uartes.edu.ec\/sitio\/wp-content\/uploads\/2025\/02\/02-ENTREGA-CERTIFICADOS-OCS-1536x1024.jpg",1536,1024,true],"2048x2048":["https:\/\/www.uartes.edu.ec\/sitio\/wp-content\/uploads\/2025\/02\/02-ENTREGA-CERTIFICADOS-OCS.jpg",2000,1333,false],"trp-custom-language-flag":["https:\/\/www.uartes.edu.ec\/sitio\/wp-content\/uploads\/2025\/02\/02-ENTREGA-CERTIFICADOS-OCS-18x12.jpg",18,12,true],"htmega_size_585x295":["https:\/\/www.uartes.edu.ec\/sitio\/wp-content\/uploads\/2025\/02\/02-ENTREGA-CERTIFICADOS-OCS-585x295.jpg",585,295,true],"htmega_size_1170x536":["https:\/\/www.uartes.edu.ec\/sitio\/wp-content\/uploads\/2025\/02\/02-ENTREGA-CERTIFICADOS-OCS-1170x536.jpg",1170,536,true],"htmega_size_396x360":["https:\/\/www.uartes.edu.ec\/sitio\/wp-content\/uploads\/2025\/02\/02-ENTREGA-CERTIFICADOS-OCS-396x360.jpg",396,360,true],"gb-block-post-grid-landscape":["https:\/\/www.uartes.edu.ec\/sitio\/wp-content\/uploads\/2025\/02\/02-ENTREGA-CERTIFICADOS-OCS-600x400.jpg",600,400,true],"gb-block-post-grid-square":["https:\/\/www.uartes.edu.ec\/sitio\/wp-content\/uploads\/2025\/02\/02-ENTREGA-CERTIFICADOS-OCS-600x600.jpg",600,600,true],"university-hub-thumb":["https:\/\/www.uartes.edu.ec\/sitio\/wp-content\/uploads\/2025\/02\/02-ENTREGA-CERTIFICADOS-OCS-400x267.jpg",400,267,true]},"uagb_author_info":{"display_name":"ccortez","author_link":"https:\/\/www.uartes.edu.ec\/sitio\/en\/blog\/author\/ccortez\/"},"uagb_comment_info":0,"uagb_excerpt":"En su sexta sesi\u00f3n del a\u00f1o en curso, convocada con car\u00e1cter solemne, el \u00d3rgano Colegiado Superior y el Tribunal Electoral (TE) de la UArtes hicieron la entrega de las credenciales a los representantes principales y alternos de los servidores y trabajadores ante el OCS y los Consejos Directivos de Escuela (CDE) para el per\u00edodo 2025-2027.&hellip;","featured_image_src":"https:\/\/www.uartes.edu.ec\/sitio\/wp-content\/uploads\/2025\/02\/02-ENTREGA-CERTIFICADOS-OCS-600x400.jpg","featured_image_src_square":"https:\/\/www.uartes.edu.ec\/sitio\/wp-content\/uploads\/2025\/02\/02-ENTREGA-CERTIFICADOS-OCS-600x600.jpg","author_info":{"display_name":"ccortez","author_link":"https:\/\/www.uartes.edu.ec\/sitio\/en\/blog\/author\/ccortez\/"},"publishpress_future_workflow_manual_trigger":{"enabledWorkflows":[]},"distributor_meta":false,"distributor_terms":false,"distributor_media":false,"distributor_original_site_name":"Universidad de las Artes","distributor_original_site_url":"https:\/\/www.uartes.edu.ec\/sitio\/en","push-errors":false,"_links":{"self":[{"href":"https:\/\/www.uartes.edu.ec\/sitio\/en\/wp-json\/wp\/v2\/posts\/68680","targetHints":{"allow":["GET"]}}],"collection":[{"href":"https:\/\/www.uartes.edu.ec\/sitio\/en\/wp-json\/wp\/v2\/posts"}],"about":[{"href":"https:\/\/www.uartes.edu.ec\/sitio\/en\/wp-json\/wp\/v2\/types\/post"}],"author":[{"embeddable":true,"href":"https:\/\/www.uartes.edu.ec\/sitio\/en\/wp-json\/wp\/v2\/users\/10"}],"replies":[{"embeddable":true,"href":"https:\/\/www.uartes.edu.ec\/sitio\/en\/wp-json\/wp\/v2\/comments?post=68680"}],"version-history":[{"count":4,"href":"https:\/\/www.uartes.edu.ec\/sitio\/en\/wp-json\/wp\/v2\/posts\/68680\/revisions"}],"predecessor-version":[{"id":68697,"href":"https:\/\/www.uartes.edu.ec\/sitio\/en\/wp-json\/wp\/v2\/posts\/68680\/revisions\/68697"}],"wp:featuredmedia":[{"embeddable":true,"href":"https:\/\/www.uartes.edu.ec\/sitio\/en\/wp-json\/wp\/v2\/media\/68681"}],"wp:attachment":[{"href":"https:\/\/www.uartes.edu.ec\/sitio\/en\/wp-json\/wp\/v2\/media?parent=68680"}],"wp:term":[{"taxonomy":"category","embeddable":true,"href":"https:\/\/www.uartes.edu.ec\/sitio\/en\/wp-json\/wp\/v2\/categories?post=68680"},{"taxonomy":"post_tag","embeddable":true,"href":"https:\/\/www.uartes.edu.ec\/sitio\/en\/wp-json\/wp\/v2\/tags?post=68680"},{"taxonomy":"infouartes","embeddable":true,"href":"https:\/\/www.uartes.edu.ec\/sitio\/en\/wp-json\/wp\/v2\/infouartes?post=68680"}],"curies":[{"name":"wp","href":"https:\/\/api.w.org\/{rel}","templated":true}]}}