{"id":68780,"date":"2025-02-26T17:32:00","date_gmt":"2025-02-26T22:32:00","guid":{"rendered":"https:\/\/www.uartes.edu.ec\/sitio\/?p=68780"},"modified":"2025-03-06T17:37:47","modified_gmt":"2025-03-06T22:37:47","slug":"uartes-y-la-cinemateca-nacional-del-ecuador-ulises-estrella-consolidan-cooperacion-en-torno-al-acervo-cinematografico","status":"publish","type":"post","link":"https:\/\/www.uartes.edu.ec\/sitio\/en\/blog\/2025\/02\/26\/uartes-y-la-cinemateca-nacional-del-ecuador-ulises-estrella-consolidan-cooperacion-en-torno-al-acervo-cinematografico\/","title":{"rendered":"UArtes y Cinemateca Nacional consolidan cooperaci\u00f3n por patrimonio f\u00edlmico del pa\u00eds"},"content":{"rendered":"<p>En un esfuerzo conjunto por fortalecer la investigaci\u00f3n y preservaci\u00f3n del patrimonio f\u00edlmico del pa\u00eds, la Universidad de las Artes y la Cinemateca Nacional del Ecuador Ulises Estrella consolidan su cooperaci\u00f3n en torno al acervo cinematogr\u00e1fico que custodia tan importante instituci\u00f3n que es parte de la Casa de la Cultura Ecuatoriana (CCE) Benjam\u00edn Carri\u00f3n.<\/p>\n\n\n\n<p>Mariuxi Alem\u00e1n, su directora, graduada en la UArtes, recibi\u00f3 a una comitiva de nuestra universidad, presidida por el rector William Herrera e integrada por los docentes Priscilla Aguirre, coordinadora de la maestr\u00eda en Cine Documental; Cristian Villavicencio, director de la Escuela de Posgrados; y Pablo Cardoso, director del Observatorio de Econom\u00eda y Pol\u00edtica de la Cultura y del Instituto Latinoamericano de Investigaci\u00f3n en Artes (ILIA).<\/p>\n\n\n\n<p>Junto a su equipo, en el que se encuentra la tambi\u00e9n alumnus Ana Mar\u00eda Crespo, la directora de la Cinemateca Nacional guio a la comitiva UArtes en un recorrido por las salas de cine y los espacios donde se preservan los archivos f\u00edlmicos, a fin de proyectar en conjunto futuras iniciativas de investigaci\u00f3n, formaci\u00f3n y acceso al patrimonio cinematogr\u00e1fico nacional.<\/p>\n\n\n\n<p>El rector William Herrera destac\u00f3 lo valioso que fue conocer el trabajo que hace la Cinemateca Nacional, en especial un proyecto que tienen en curso con la Secretar\u00eda de Cultura de Quito para la conservaci\u00f3n y preservaci\u00f3n de un archivo cinematogr\u00e1fico. \u201cPudimos conocer c\u00f3mo tienen el material clasificado, conocimos a los t\u00e9cnicos, la sala de cine y varios espacios. Nos llevamos todos una muy buena impresi\u00f3n de lo que est\u00e1n haciendo\u201d.<\/p>\n\n\n<div class=\"wp-block-image\">\n<figure class=\"aligncenter size-large\"><img fetchpriority=\"high\" decoding=\"async\" width=\"644\" height=\"429\" src=\"https:\/\/www.uartes.edu.ec\/sitio\/wp-content\/uploads\/2025\/02\/02-cinemateca-nacional-uartes-644x429.jpg\" alt=\"\" class=\"wp-image-68782\" srcset=\"https:\/\/www.uartes.edu.ec\/sitio\/wp-content\/uploads\/2025\/02\/02-cinemateca-nacional-uartes-644x429.jpg 644w, https:\/\/www.uartes.edu.ec\/sitio\/wp-content\/uploads\/2025\/02\/02-cinemateca-nacional-uartes-300x200.jpg 300w, https:\/\/www.uartes.edu.ec\/sitio\/wp-content\/uploads\/2025\/02\/02-cinemateca-nacional-uartes-768x512.jpg 768w, https:\/\/www.uartes.edu.ec\/sitio\/wp-content\/uploads\/2025\/02\/02-cinemateca-nacional-uartes-1536x1024.jpg 1536w, https:\/\/www.uartes.edu.ec\/sitio\/wp-content\/uploads\/2025\/02\/02-cinemateca-nacional-uartes-18x12.jpg 18w, https:\/\/www.uartes.edu.ec\/sitio\/wp-content\/uploads\/2025\/02\/02-cinemateca-nacional-uartes-600x400.jpg 600w, https:\/\/www.uartes.edu.ec\/sitio\/wp-content\/uploads\/2025\/02\/02-cinemateca-nacional-uartes-400x267.jpg 400w, https:\/\/www.uartes.edu.ec\/sitio\/wp-content\/uploads\/2025\/02\/02-cinemateca-nacional-uartes.jpg 2000w\" sizes=\"(max-width: 644px) 100vw, 644px\" \/><\/figure>\n<\/div>\n\n\n<figure class=\"wp-block-gallery has-nested-images columns-default is-cropped wp-block-gallery-1 is-layout-flex wp-block-gallery-is-layout-flex\">\n<figure class=\"wp-block-image size-large\"><img decoding=\"async\" width=\"644\" height=\"429\" data-id=\"68783\" src=\"https:\/\/www.uartes.edu.ec\/sitio\/wp-content\/uploads\/2025\/02\/07-cinemateca-nacional-uartes-644x429.jpg\" alt=\"\" class=\"wp-image-68783\" srcset=\"https:\/\/www.uartes.edu.ec\/sitio\/wp-content\/uploads\/2025\/02\/07-cinemateca-nacional-uartes-644x429.jpg 644w, https:\/\/www.uartes.edu.ec\/sitio\/wp-content\/uploads\/2025\/02\/07-cinemateca-nacional-uartes-300x200.jpg 300w, https:\/\/www.uartes.edu.ec\/sitio\/wp-content\/uploads\/2025\/02\/07-cinemateca-nacional-uartes-768x512.jpg 768w, https:\/\/www.uartes.edu.ec\/sitio\/wp-content\/uploads\/2025\/02\/07-cinemateca-nacional-uartes-1536x1024.jpg 1536w, https:\/\/www.uartes.edu.ec\/sitio\/wp-content\/uploads\/2025\/02\/07-cinemateca-nacional-uartes-18x12.jpg 18w, https:\/\/www.uartes.edu.ec\/sitio\/wp-content\/uploads\/2025\/02\/07-cinemateca-nacional-uartes-600x400.jpg 600w, https:\/\/www.uartes.edu.ec\/sitio\/wp-content\/uploads\/2025\/02\/07-cinemateca-nacional-uartes-400x267.jpg 400w, https:\/\/www.uartes.edu.ec\/sitio\/wp-content\/uploads\/2025\/02\/07-cinemateca-nacional-uartes.jpg 2000w\" sizes=\"(max-width: 644px) 100vw, 644px\" \/><\/figure>\n\n\n\n<figure class=\"wp-block-image size-large\"><img decoding=\"async\" width=\"644\" height=\"429\" data-id=\"68784\" src=\"https:\/\/www.uartes.edu.ec\/sitio\/wp-content\/uploads\/2025\/02\/05-cinemateca-nacional-uartes-644x429.jpg\" alt=\"\" class=\"wp-image-68784\" srcset=\"https:\/\/www.uartes.edu.ec\/sitio\/wp-content\/uploads\/2025\/02\/05-cinemateca-nacional-uartes-644x429.jpg 644w, https:\/\/www.uartes.edu.ec\/sitio\/wp-content\/uploads\/2025\/02\/05-cinemateca-nacional-uartes-300x200.jpg 300w, https:\/\/www.uartes.edu.ec\/sitio\/wp-content\/uploads\/2025\/02\/05-cinemateca-nacional-uartes-768x512.jpg 768w, https:\/\/www.uartes.edu.ec\/sitio\/wp-content\/uploads\/2025\/02\/05-cinemateca-nacional-uartes-1536x1024.jpg 1536w, https:\/\/www.uartes.edu.ec\/sitio\/wp-content\/uploads\/2025\/02\/05-cinemateca-nacional-uartes-18x12.jpg 18w, https:\/\/www.uartes.edu.ec\/sitio\/wp-content\/uploads\/2025\/02\/05-cinemateca-nacional-uartes-600x400.jpg 600w, https:\/\/www.uartes.edu.ec\/sitio\/wp-content\/uploads\/2025\/02\/05-cinemateca-nacional-uartes-400x267.jpg 400w, https:\/\/www.uartes.edu.ec\/sitio\/wp-content\/uploads\/2025\/02\/05-cinemateca-nacional-uartes.jpg 2000w\" sizes=\"(max-width: 644px) 100vw, 644px\" \/><\/figure>\n<\/figure>\n\n\n\n<p><\/p>\n\n\n\n<p>La UArtes tiene relacionamiento con la CCE y sus varios n\u00facleos y aunque la Cinemateca es parte de la Sede Nacional de la Casa de las Culturas, en el di\u00e1logo con Alem\u00e1n se abord\u00f3 la posibilidad de establecer un trabajo directo. \u201cPara m\u00ed es muy importante esa articulaci\u00f3n, no solamente con la Escuela de Cine sino tambi\u00e9n con la Escuela de Posgrado, para el desarrollo de la maestr\u00eda en Cine Documental, pues sus estudiantes podr\u00edan trabajar con sus archivos\u201d, anot\u00f3 el rector, precisando que podr\u00eda ser un espacio formativo interesante para quienes trabajan en la Cinemateca o acuden a ella, sobre todo, los cineastas de Quito.<\/p>\n\n\n\n<p>Se\u00f1al\u00f3, asimismo, que la sala de cine de la Cinemateca Nacional podr\u00eda ser el espacio donde se presenten los cortometrajes y otras producciones audiovisuales que se hacen en la universidad. Es importante, recalc\u00f3, que los productos que son el resultado de los procesos formativos no se queden solo dentro de la UArtes, sino que puedan circular.&nbsp;<\/p>\n\n\n\n<p>El rector hizo referencia a la organizaci\u00f3n del V Encuentro de Pol\u00edticas y Econom\u00eda de la Cultura, que este a\u00f1o tendr\u00e1 lugar en Manab\u00ed del 19 al 22 de mayo, porque dentro de las iniciativas que se llevan a la provincia manabita est\u00e1 realizar un taller acerca de la programaci\u00f3n de las salas de cine. Y es que la Casa de la Cultura N\u00facleo de Manab\u00ed recuper\u00f3 la Sala MAC (Manta Arte y Cultura). El Ministerio de Cultura y Patrimonio ya se la entreg\u00f3, abriendo la posibilidad de una discusi\u00f3n interesante con respecto a los desaf\u00edos que implican programar una sala de cine.<\/p>\n\n\n\n<p>Junto con la Sala MAC y la Cinemateca Nacional del Ecuador pueden estar tambi\u00e9n las salas del 8 y Medio y la Sala de Cine del MZ14 Centro de Producci\u00f3n e Innovaci\u00f3n UArtes. Son algunas iniciativas concretas, por lo que se aspira a plasmarlas en un convenio de cooperaci\u00f3n espec\u00edfico, el cual se podr\u00eda suscribir en mayo pr\u00f3ximo, durante el desarrollo del V encuentro en Manab\u00ed.<\/p>\n\n\n<div class=\"wp-block-image\">\n<figure class=\"aligncenter size-large\"><img loading=\"lazy\" decoding=\"async\" width=\"644\" height=\"429\" src=\"https:\/\/www.uartes.edu.ec\/sitio\/wp-content\/uploads\/2025\/02\/03-cinemateca-nacional-uartes-644x429.jpg\" alt=\"\" class=\"wp-image-68785\" srcset=\"https:\/\/www.uartes.edu.ec\/sitio\/wp-content\/uploads\/2025\/02\/03-cinemateca-nacional-uartes-644x429.jpg 644w, https:\/\/www.uartes.edu.ec\/sitio\/wp-content\/uploads\/2025\/02\/03-cinemateca-nacional-uartes-300x200.jpg 300w, https:\/\/www.uartes.edu.ec\/sitio\/wp-content\/uploads\/2025\/02\/03-cinemateca-nacional-uartes-768x512.jpg 768w, https:\/\/www.uartes.edu.ec\/sitio\/wp-content\/uploads\/2025\/02\/03-cinemateca-nacional-uartes-1536x1024.jpg 1536w, https:\/\/www.uartes.edu.ec\/sitio\/wp-content\/uploads\/2025\/02\/03-cinemateca-nacional-uartes-18x12.jpg 18w, https:\/\/www.uartes.edu.ec\/sitio\/wp-content\/uploads\/2025\/02\/03-cinemateca-nacional-uartes-600x400.jpg 600w, https:\/\/www.uartes.edu.ec\/sitio\/wp-content\/uploads\/2025\/02\/03-cinemateca-nacional-uartes-400x267.jpg 400w, https:\/\/www.uartes.edu.ec\/sitio\/wp-content\/uploads\/2025\/02\/03-cinemateca-nacional-uartes.jpg 2000w\" sizes=\"(max-width: 644px) 100vw, 644px\" \/><\/figure>\n<\/div>\n\n\n<p>Del recorrido por la Cinemateca Nacional, el rector dio cuenta de una colecci\u00f3n de afiches de pel\u00edculas que llev\u00f3 al director de la Escuela de Posgrados, Cristian Villavicencio, a plantear la idea de hacer una exposici\u00f3n de estos en la UArtes. \u201cAs\u00ed vamos aterrizando iniciativas muy espec\u00edficas\u201d, expres\u00f3, agregando que ha ayudado mucho que sea Mariuxi Alem\u00e1n quien dirija el ente de la CCE, pues conoce muy bien a la UArtes y todo su potencial para consolidar esas agendas de trabajo.&nbsp;<\/p>\n\n\n\n<p>\u201cMe llena de orgullo saber que graduadas y graduados est\u00e1n ocupando esos espacios. En el caso de la Cinemateca Nacional del Ecuador es una destacada representaci\u00f3n, no solo porque se trata de la Casa de la Cultura Ecuatoriana, que es una de las instituciones principales del Sistema Nacional de Cultura, sino porque tiene una historia sumamente importante y es un referente para todo el campo cinematogr\u00e1fico del pa\u00eds\u201d, dijo el rector.<\/p>\n\n\n\n<p>M\u00e1s all\u00e1 de las dificultades presupuestarias que afectan al sector cultural, la gesti\u00f3n de Mariuxi Alem\u00e1n ha logrado levantar diversas iniciativas, ya sea para la preservaci\u00f3n y conservaci\u00f3n del archivo como para darle dinamismo a la programaci\u00f3n de la sala de cine que tiene, pensando en esa diversidad de p\u00fablicos que deber\u00eda atender siempre una instituci\u00f3n cultural, desde la ni\u00f1ez hasta los j\u00f3venes y adultos, refiri\u00f3 William Herrera.&nbsp;<\/p>\n\n\n\n<p>Alem\u00e1n, por su parte, reiter\u00f3 la iniciativa de establecer una red de colaboraci\u00f3n entre la Cinemateca Nacional y la maestr\u00eda de Cine Documental, y adelant\u00f3 estar planificando una masterclass con su coordinadora, la docente Priscilla Aguirre.<\/p>\n\n\n\n<p>Anot\u00f3 sentirse honrada de trabajar todos los d\u00edas por la memoria audiovisual del Ecuador y se\u00f1al\u00f3 entre las actividades desarrolladas los talleres en y con los n\u00facleos, la democratizaci\u00f3n al acceso en las provincias, la apertura a la ciudadan\u00eda en general para programar en conjunto y para lo cual se realiz\u00f3 una reuni\u00f3n de trabajo con varios actores y se plante\u00f3 una agenda conjunta.<\/p>\n\n\n<div class=\"wp-block-image\">\n<figure class=\"aligncenter size-large\"><img loading=\"lazy\" decoding=\"async\" width=\"644\" height=\"429\" src=\"https:\/\/www.uartes.edu.ec\/sitio\/wp-content\/uploads\/2025\/02\/04-cinemateca-nacional-uartes-644x429.jpg\" alt=\"\" class=\"wp-image-68786\" srcset=\"https:\/\/www.uartes.edu.ec\/sitio\/wp-content\/uploads\/2025\/02\/04-cinemateca-nacional-uartes-644x429.jpg 644w, https:\/\/www.uartes.edu.ec\/sitio\/wp-content\/uploads\/2025\/02\/04-cinemateca-nacional-uartes-300x200.jpg 300w, https:\/\/www.uartes.edu.ec\/sitio\/wp-content\/uploads\/2025\/02\/04-cinemateca-nacional-uartes-768x512.jpg 768w, https:\/\/www.uartes.edu.ec\/sitio\/wp-content\/uploads\/2025\/02\/04-cinemateca-nacional-uartes-1536x1024.jpg 1536w, https:\/\/www.uartes.edu.ec\/sitio\/wp-content\/uploads\/2025\/02\/04-cinemateca-nacional-uartes-18x12.jpg 18w, https:\/\/www.uartes.edu.ec\/sitio\/wp-content\/uploads\/2025\/02\/04-cinemateca-nacional-uartes-600x400.jpg 600w, https:\/\/www.uartes.edu.ec\/sitio\/wp-content\/uploads\/2025\/02\/04-cinemateca-nacional-uartes-400x267.jpg 400w, https:\/\/www.uartes.edu.ec\/sitio\/wp-content\/uploads\/2025\/02\/04-cinemateca-nacional-uartes.jpg 2000w\" sizes=\"(max-width: 644px) 100vw, 644px\" \/><\/figure>\n<\/div>\n\n\n<p>Otro de los procesos importantes fue la repatriaci\u00f3n del material f\u00edlmico de Lucho Costa desde Chile a Ecuador y retomar el proyecto de \u201cTesoros remix\u201d, el cual permite visibilizar los archivos de la Cinemateca y generar acceso a la ciudadan\u00eda. De igual relevancia, Mariuxi Alem\u00e1n cit\u00f3 la visibilizaci\u00f3n de M\u00f3nica V\u00e1squez, primera documentalista ecuatoriana, el trabajo con el Women Filmmakers Decolonizing Knowledge, la presentaci\u00f3n de ponencias con un enfoque de g\u00e9nero en dos coloquios sobre cine ecuatoriano y la apertura a las infancias en conjunto con la biblioteca de la CCE a las programaciones especiales para escuelas, as\u00ed como la invitaci\u00f3n a los adultos mayores para funciones de cine acompa\u00f1adas de foros. Adicionalmente, varias funciones musicalizadas en vivo y al aire libre.<\/p>\n\n\n\n<p>Constan tambi\u00e9n las acciones conjuntas con el GAD de Tungurahua y el Parlamento Gente, el seguimiento que se hizo a un importante convenio para la memoria de Guayaquil y la distribuci\u00f3n y mediaci\u00f3n del libro \u201cFiesta Centenaria\u201d con la Prefectura de Pichincha. La directora de la Cinemateca Nacional hizo referencia, asimismo, al trabajo en conjunto \u2013gracias a la cooperaci\u00f3n francesa para pa\u00edses andinos, la Embajada de Francia y la Alianza Francesa\u2013 para replicar \u201cEscuela de cine\u201d, un programa tambi\u00e9n coordinado por la Red de Cineclubes, el Ochoymedio, la Secretar\u00eda de Cultura, el IFCI (Instituto de Fomento a la Creatividad y la Innovaci\u00f3n) y el Ministerio de Cultura y Patrimonio.<\/p>\n\n\n\n<p>Destac\u00f3, adem\u00e1s, el poder trabajar en el proyecto de fortalecimiento a la Cinemateca Nacional del Ecuador Ulises Estrella mediante un convenio interinstitucional entre la Casa de las Culturas y la Secretaria de Cultura del Municipio del Distrito Metropolitano de Quito, lo cual permitir\u00e1 la digitalizaci\u00f3n de 1.000 archivos en un a\u00f1o.<\/p>\n\n\n\n<p>Vale anotar que, la Cinemateca ha sido seleccionada como una de las ganadoras del programa Ibermemoria, el cual apoya iniciativas de preservaci\u00f3n, acceso y salvaguarda del patrimonio sonoro, fotogr\u00e1fico y audiovisual de Iberoam\u00e9rica.<\/p>\n\n\n\n<p>Fotos: tomadas de la red social de Instagram de la Cinemateca Nacional del Ecuador Ulises Estrella.<\/p>","protected":false},"excerpt":{"rendered":"<p>La UArtes y la Cinemateca Nacional consolidan su cooperaci\u00f3n en torno al acervo cinematogr\u00e1fico que custodia tan importante instituci\u00f3n que es parte de la Casa de la Cultura Ecuatoriana. Mariuxi Alem\u00e1n, su directora, recibi\u00f3 en d\u00edas pasados al rector William Herrera, a los docentes Priscilla Aguirre, coordinadora de la maestr\u00eda en Cine Documental, y Cristian Villavicencio, director de la Escuela de Posgrados, y al director del Observatorio y del ILIA, Pablo Cardoso. <\/p>","protected":false},"author":10,"featured_media":68781,"comment_status":"open","ping_status":"open","sticky":false,"template":"","format":"standard","meta":{"_acf_changed":false,"_uag_custom_page_level_css":"","_monsterinsights_skip_tracking":false,"_monsterinsights_sitenote_active":false,"_monsterinsights_sitenote_note":"","_monsterinsights_sitenote_category":0,"cybocfi_hide_featured_image":"","footnotes":""},"categories":[80,490,82,75,76,77,284,264,79],"tags":[961],"infouartes":[],"class_list":["post-68780","post","type-post","status-publish","format-standard","has-post-thumbnail","hentry","category-academico","category-alumni","category-artes","category-docentes","category-estudiantes","category-gestion","category-investigacion","category-maestrias","category-vinculo","tag-relacionamientos"],"acf":[],"yoast_head":"<!-- This site is optimized with the Yoast SEO plugin v27.4 - https:\/\/yoast.com\/product\/yoast-seo-wordpress\/ -->\n<title>Universidad de las Artes - UArtes y Cinemateca Nacional consolidan cooperaci\u00f3n por patrimonio f\u00edlmico del pa\u00eds<\/title>\n<meta name=\"description\" content=\"Universidad de las Artes - UArtes y Cinemateca Nacional consolidan cooperaci\u00f3n por patrimonio f\u00edlmico del pa\u00eds\" \/>\n<meta name=\"robots\" content=\"index, follow, max-snippet:-1, max-image-preview:large, max-video-preview:-1\" \/>\n<link rel=\"canonical\" href=\"https:\/\/www.uartes.edu.ec\/sitio\/en\/blog\/2025\/02\/26\/uartes-y-la-cinemateca-nacional-del-ecuador-ulises-estrella-consolidan-cooperacion-en-torno-al-acervo-cinematografico\/\" \/>\n<meta property=\"og:locale\" content=\"en_US\" \/>\n<meta property=\"og:type\" content=\"article\" \/>\n<meta property=\"og:title\" content=\"Universidad de las Artes - UArtes y Cinemateca Nacional consolidan cooperaci\u00f3n por patrimonio f\u00edlmico del pa\u00eds\" \/>\n<meta property=\"og:description\" content=\"Universidad de las Artes - UArtes y Cinemateca Nacional consolidan cooperaci\u00f3n por patrimonio f\u00edlmico del pa\u00eds\" \/>\n<meta property=\"og:url\" content=\"https:\/\/www.uartes.edu.ec\/sitio\/en\/blog\/2025\/02\/26\/uartes-y-la-cinemateca-nacional-del-ecuador-ulises-estrella-consolidan-cooperacion-en-torno-al-acervo-cinematografico\/\" \/>\n<meta property=\"og:site_name\" content=\"Universidad de las Artes\" \/>\n<meta property=\"article:publisher\" content=\"https:\/\/www.facebook.com\/uartesec\" \/>\n<meta property=\"article:published_time\" content=\"2025-02-26T22:32:00+00:00\" \/>\n<meta property=\"article:modified_time\" content=\"2025-03-06T22:37:47+00:00\" \/>\n<meta property=\"og:image\" content=\"https:\/\/www.uartes.edu.ec\/sitio\/wp-content\/uploads\/2025\/02\/01-cinemateca-nacional-uartes.jpg\" \/>\n\t<meta property=\"og:image:width\" content=\"2000\" \/>\n\t<meta property=\"og:image:height\" content=\"1333\" \/>\n\t<meta property=\"og:image:type\" content=\"image\/jpeg\" \/>\n<meta name=\"author\" content=\"ccortez\" \/>\n<meta name=\"twitter:card\" content=\"summary_large_image\" \/>\n<meta name=\"twitter:creator\" content=\"@uartesec\" \/>\n<meta name=\"twitter:site\" content=\"@uartesec\" \/>\n<meta name=\"twitter:label1\" content=\"Written by\" \/>\n\t<meta name=\"twitter:data1\" content=\"ccortez\" \/>\n\t<meta name=\"twitter:label2\" content=\"Est. reading time\" \/>\n\t<meta name=\"twitter:data2\" content=\"7 minutes\" \/>\n<script type=\"application\/ld+json\" class=\"yoast-schema-graph\">{\"@context\":\"https:\\\/\\\/schema.org\",\"@graph\":[{\"@type\":\"Article\",\"@id\":\"https:\\\/\\\/www.uartes.edu.ec\\\/sitio\\\/en\\\/blog\\\/2025\\\/02\\\/26\\\/uartes-y-la-cinemateca-nacional-del-ecuador-ulises-estrella-consolidan-cooperacion-en-torno-al-acervo-cinematografico\\\/#article\",\"isPartOf\":{\"@id\":\"https:\\\/\\\/www.uartes.edu.ec\\\/sitio\\\/en\\\/blog\\\/2025\\\/02\\\/26\\\/uartes-y-la-cinemateca-nacional-del-ecuador-ulises-estrella-consolidan-cooperacion-en-torno-al-acervo-cinematografico\\\/\"},\"author\":{\"name\":\"ccortez\",\"@id\":\"https:\\\/\\\/www.uartes.edu.ec\\\/sitio\\\/en\\\/#\\\/schema\\\/person\\\/efa1b8275797664fd7f13a79ccc0b1f4\"},\"headline\":\"UArtes y Cinemateca Nacional consolidan cooperaci\u00f3n por patrimonio f\u00edlmico del pa\u00eds\",\"datePublished\":\"2025-02-26T22:32:00+00:00\",\"dateModified\":\"2025-03-06T22:37:47+00:00\",\"mainEntityOfPage\":{\"@id\":\"https:\\\/\\\/www.uartes.edu.ec\\\/sitio\\\/en\\\/blog\\\/2025\\\/02\\\/26\\\/uartes-y-la-cinemateca-nacional-del-ecuador-ulises-estrella-consolidan-cooperacion-en-torno-al-acervo-cinematografico\\\/\"},\"wordCount\":1352,\"commentCount\":0,\"publisher\":{\"@id\":\"https:\\\/\\\/www.uartes.edu.ec\\\/sitio\\\/en\\\/#organization\"},\"image\":{\"@id\":\"https:\\\/\\\/www.uartes.edu.ec\\\/sitio\\\/en\\\/blog\\\/2025\\\/02\\\/26\\\/uartes-y-la-cinemateca-nacional-del-ecuador-ulises-estrella-consolidan-cooperacion-en-torno-al-acervo-cinematografico\\\/#primaryimage\"},\"thumbnailUrl\":\"https:\\\/\\\/www.uartes.edu.ec\\\/sitio\\\/wp-content\\\/uploads\\\/2025\\\/02\\\/01-cinemateca-nacional-uartes.jpg\",\"keywords\":[\"relacionamientos\"],\"articleSection\":[\"Acad\u00e9mico\",\"Alumni\",\"Artes\",\"Docentes\",\"Estudiantes\",\"Gesti\u00f3n\",\"Investigaci\u00f3n\",\"Maestr\u00edas\",\"V\u00ednculo\"],\"inLanguage\":\"en-US\",\"potentialAction\":[{\"@type\":\"CommentAction\",\"name\":\"Comment\",\"target\":[\"https:\\\/\\\/www.uartes.edu.ec\\\/sitio\\\/en\\\/blog\\\/2025\\\/02\\\/26\\\/uartes-y-la-cinemateca-nacional-del-ecuador-ulises-estrella-consolidan-cooperacion-en-torno-al-acervo-cinematografico\\\/#respond\"]}]},{\"@type\":[\"WebPage\",\"ItemPage\"],\"@id\":\"https:\\\/\\\/www.uartes.edu.ec\\\/sitio\\\/en\\\/blog\\\/2025\\\/02\\\/26\\\/uartes-y-la-cinemateca-nacional-del-ecuador-ulises-estrella-consolidan-cooperacion-en-torno-al-acervo-cinematografico\\\/\",\"url\":\"https:\\\/\\\/www.uartes.edu.ec\\\/sitio\\\/en\\\/blog\\\/2025\\\/02\\\/26\\\/uartes-y-la-cinemateca-nacional-del-ecuador-ulises-estrella-consolidan-cooperacion-en-torno-al-acervo-cinematografico\\\/\",\"name\":\"Universidad de las Artes - UArtes y Cinemateca Nacional consolidan cooperaci\u00f3n por patrimonio f\u00edlmico del pa\u00eds\",\"isPartOf\":{\"@id\":\"https:\\\/\\\/www.uartes.edu.ec\\\/sitio\\\/en\\\/#website\"},\"primaryImageOfPage\":{\"@id\":\"https:\\\/\\\/www.uartes.edu.ec\\\/sitio\\\/en\\\/blog\\\/2025\\\/02\\\/26\\\/uartes-y-la-cinemateca-nacional-del-ecuador-ulises-estrella-consolidan-cooperacion-en-torno-al-acervo-cinematografico\\\/#primaryimage\"},\"image\":{\"@id\":\"https:\\\/\\\/www.uartes.edu.ec\\\/sitio\\\/en\\\/blog\\\/2025\\\/02\\\/26\\\/uartes-y-la-cinemateca-nacional-del-ecuador-ulises-estrella-consolidan-cooperacion-en-torno-al-acervo-cinematografico\\\/#primaryimage\"},\"thumbnailUrl\":\"https:\\\/\\\/www.uartes.edu.ec\\\/sitio\\\/wp-content\\\/uploads\\\/2025\\\/02\\\/01-cinemateca-nacional-uartes.jpg\",\"datePublished\":\"2025-02-26T22:32:00+00:00\",\"dateModified\":\"2025-03-06T22:37:47+00:00\",\"description\":\"Universidad de las Artes - UArtes y Cinemateca Nacional consolidan cooperaci\u00f3n por patrimonio f\u00edlmico del pa\u00eds\",\"breadcrumb\":{\"@id\":\"https:\\\/\\\/www.uartes.edu.ec\\\/sitio\\\/en\\\/blog\\\/2025\\\/02\\\/26\\\/uartes-y-la-cinemateca-nacional-del-ecuador-ulises-estrella-consolidan-cooperacion-en-torno-al-acervo-cinematografico\\\/#breadcrumb\"},\"inLanguage\":\"en-US\",\"potentialAction\":[{\"@type\":\"ReadAction\",\"target\":[\"https:\\\/\\\/www.uartes.edu.ec\\\/sitio\\\/en\\\/blog\\\/2025\\\/02\\\/26\\\/uartes-y-la-cinemateca-nacional-del-ecuador-ulises-estrella-consolidan-cooperacion-en-torno-al-acervo-cinematografico\\\/\"]}]},{\"@type\":\"ImageObject\",\"inLanguage\":\"en-US\",\"@id\":\"https:\\\/\\\/www.uartes.edu.ec\\\/sitio\\\/en\\\/blog\\\/2025\\\/02\\\/26\\\/uartes-y-la-cinemateca-nacional-del-ecuador-ulises-estrella-consolidan-cooperacion-en-torno-al-acervo-cinematografico\\\/#primaryimage\",\"url\":\"https:\\\/\\\/www.uartes.edu.ec\\\/sitio\\\/wp-content\\\/uploads\\\/2025\\\/02\\\/01-cinemateca-nacional-uartes.jpg\",\"contentUrl\":\"https:\\\/\\\/www.uartes.edu.ec\\\/sitio\\\/wp-content\\\/uploads\\\/2025\\\/02\\\/01-cinemateca-nacional-uartes.jpg\",\"width\":2000,\"height\":1333},{\"@type\":\"BreadcrumbList\",\"@id\":\"https:\\\/\\\/www.uartes.edu.ec\\\/sitio\\\/en\\\/blog\\\/2025\\\/02\\\/26\\\/uartes-y-la-cinemateca-nacional-del-ecuador-ulises-estrella-consolidan-cooperacion-en-torno-al-acervo-cinematografico\\\/#breadcrumb\",\"itemListElement\":[{\"@type\":\"ListItem\",\"position\":1,\"name\":\"Inicio\",\"item\":\"https:\\\/\\\/www.uartes.edu.ec\\\/sitio\\\/\"},{\"@type\":\"ListItem\",\"position\":2,\"name\":\"UArtes y Cinemateca Nacional consolidan cooperaci\u00f3n por patrimonio f\u00edlmico del pa\u00eds\"}]},{\"@type\":\"WebSite\",\"@id\":\"https:\\\/\\\/www.uartes.edu.ec\\\/sitio\\\/en\\\/#website\",\"url\":\"https:\\\/\\\/www.uartes.edu.ec\\\/sitio\\\/en\\\/\",\"name\":\"Universidad de las Artes\",\"description\":\"Sitio oficial de la Universidad Nacional de las Artes del Ecuador\",\"publisher\":{\"@id\":\"https:\\\/\\\/www.uartes.edu.ec\\\/sitio\\\/en\\\/#organization\"},\"potentialAction\":[{\"@type\":\"SearchAction\",\"target\":{\"@type\":\"EntryPoint\",\"urlTemplate\":\"https:\\\/\\\/www.uartes.edu.ec\\\/sitio\\\/en\\\/?s={search_term_string}\"},\"query-input\":{\"@type\":\"PropertyValueSpecification\",\"valueRequired\":true,\"valueName\":\"search_term_string\"}}],\"inLanguage\":\"en-US\"},{\"@type\":\"Organization\",\"@id\":\"https:\\\/\\\/www.uartes.edu.ec\\\/sitio\\\/en\\\/#organization\",\"name\":\"Universidad de las Artes\",\"url\":\"https:\\\/\\\/www.uartes.edu.ec\\\/sitio\\\/en\\\/\",\"logo\":{\"@type\":\"ImageObject\",\"inLanguage\":\"en-US\",\"@id\":\"https:\\\/\\\/www.uartes.edu.ec\\\/sitio\\\/en\\\/#\\\/schema\\\/logo\\\/image\\\/\",\"url\":\"https:\\\/\\\/www.uartes.edu.ec\\\/sitio\\\/wp-content\\\/uploads\\\/2022\\\/07\\\/logo-ua-horizontal.png\",\"contentUrl\":\"https:\\\/\\\/www.uartes.edu.ec\\\/sitio\\\/wp-content\\\/uploads\\\/2022\\\/07\\\/logo-ua-horizontal.png\",\"width\":800,\"height\":276,\"caption\":\"Universidad de las Artes\"},\"image\":{\"@id\":\"https:\\\/\\\/www.uartes.edu.ec\\\/sitio\\\/en\\\/#\\\/schema\\\/logo\\\/image\\\/\"},\"sameAs\":[\"https:\\\/\\\/www.facebook.com\\\/uartesec\",\"https:\\\/\\\/x.com\\\/uartesec\",\"https:\\\/\\\/www.tiktok.com\\\/@uartesec\"]},{\"@type\":\"Person\",\"@id\":\"https:\\\/\\\/www.uartes.edu.ec\\\/sitio\\\/en\\\/#\\\/schema\\\/person\\\/efa1b8275797664fd7f13a79ccc0b1f4\",\"name\":\"ccortez\",\"image\":{\"@type\":\"ImageObject\",\"inLanguage\":\"en-US\",\"@id\":\"https:\\\/\\\/secure.gravatar.com\\\/avatar\\\/b2a6f664a3ae8e074346ef91775736c5ec479e637ecced6842de9dc98b5da9cd?s=96&d=mm&r=g\",\"url\":\"https:\\\/\\\/secure.gravatar.com\\\/avatar\\\/b2a6f664a3ae8e074346ef91775736c5ec479e637ecced6842de9dc98b5da9cd?s=96&d=mm&r=g\",\"contentUrl\":\"https:\\\/\\\/secure.gravatar.com\\\/avatar\\\/b2a6f664a3ae8e074346ef91775736c5ec479e637ecced6842de9dc98b5da9cd?s=96&d=mm&r=g\",\"caption\":\"ccortez\"},\"url\":\"https:\\\/\\\/www.uartes.edu.ec\\\/sitio\\\/en\\\/blog\\\/author\\\/ccortez\\\/\"}]}<\/script>\n<!-- \/ Yoast SEO plugin. -->","yoast_head_json":{"title":"Universidad de las Artes - UArtes y Cinemateca Nacional consolidan cooperaci\u00f3n por patrimonio f\u00edlmico del pa\u00eds","description":"Universidad de las Artes - UArtes y Cinemateca Nacional consolidan cooperaci\u00f3n por patrimonio f\u00edlmico del pa\u00eds","robots":{"index":"index","follow":"follow","max-snippet":"max-snippet:-1","max-image-preview":"max-image-preview:large","max-video-preview":"max-video-preview:-1"},"canonical":"https:\/\/www.uartes.edu.ec\/sitio\/en\/blog\/2025\/02\/26\/uartes-y-la-cinemateca-nacional-del-ecuador-ulises-estrella-consolidan-cooperacion-en-torno-al-acervo-cinematografico\/","og_locale":"en_US","og_type":"article","og_title":"Universidad de las Artes - UArtes y Cinemateca Nacional consolidan cooperaci\u00f3n por patrimonio f\u00edlmico del pa\u00eds","og_description":"Universidad de las Artes - UArtes y Cinemateca Nacional consolidan cooperaci\u00f3n por patrimonio f\u00edlmico del pa\u00eds","og_url":"https:\/\/www.uartes.edu.ec\/sitio\/en\/blog\/2025\/02\/26\/uartes-y-la-cinemateca-nacional-del-ecuador-ulises-estrella-consolidan-cooperacion-en-torno-al-acervo-cinematografico\/","og_site_name":"Universidad de las Artes","article_publisher":"https:\/\/www.facebook.com\/uartesec","article_published_time":"2025-02-26T22:32:00+00:00","article_modified_time":"2025-03-06T22:37:47+00:00","og_image":[{"width":2000,"height":1333,"url":"https:\/\/www.uartes.edu.ec\/sitio\/wp-content\/uploads\/2025\/02\/01-cinemateca-nacional-uartes.jpg","type":"image\/jpeg"}],"author":"ccortez","twitter_card":"summary_large_image","twitter_creator":"@uartesec","twitter_site":"@uartesec","twitter_misc":{"Written by":"ccortez","Est. reading time":"7 minutes"},"schema":{"@context":"https:\/\/schema.org","@graph":[{"@type":"Article","@id":"https:\/\/www.uartes.edu.ec\/sitio\/en\/blog\/2025\/02\/26\/uartes-y-la-cinemateca-nacional-del-ecuador-ulises-estrella-consolidan-cooperacion-en-torno-al-acervo-cinematografico\/#article","isPartOf":{"@id":"https:\/\/www.uartes.edu.ec\/sitio\/en\/blog\/2025\/02\/26\/uartes-y-la-cinemateca-nacional-del-ecuador-ulises-estrella-consolidan-cooperacion-en-torno-al-acervo-cinematografico\/"},"author":{"name":"ccortez","@id":"https:\/\/www.uartes.edu.ec\/sitio\/en\/#\/schema\/person\/efa1b8275797664fd7f13a79ccc0b1f4"},"headline":"UArtes y Cinemateca Nacional consolidan cooperaci\u00f3n por patrimonio f\u00edlmico del pa\u00eds","datePublished":"2025-02-26T22:32:00+00:00","dateModified":"2025-03-06T22:37:47+00:00","mainEntityOfPage":{"@id":"https:\/\/www.uartes.edu.ec\/sitio\/en\/blog\/2025\/02\/26\/uartes-y-la-cinemateca-nacional-del-ecuador-ulises-estrella-consolidan-cooperacion-en-torno-al-acervo-cinematografico\/"},"wordCount":1352,"commentCount":0,"publisher":{"@id":"https:\/\/www.uartes.edu.ec\/sitio\/en\/#organization"},"image":{"@id":"https:\/\/www.uartes.edu.ec\/sitio\/en\/blog\/2025\/02\/26\/uartes-y-la-cinemateca-nacional-del-ecuador-ulises-estrella-consolidan-cooperacion-en-torno-al-acervo-cinematografico\/#primaryimage"},"thumbnailUrl":"https:\/\/www.uartes.edu.ec\/sitio\/wp-content\/uploads\/2025\/02\/01-cinemateca-nacional-uartes.jpg","keywords":["relacionamientos"],"articleSection":["Acad\u00e9mico","Alumni","Artes","Docentes","Estudiantes","Gesti\u00f3n","Investigaci\u00f3n","Maestr\u00edas","V\u00ednculo"],"inLanguage":"en-US","potentialAction":[{"@type":"CommentAction","name":"Comment","target":["https:\/\/www.uartes.edu.ec\/sitio\/en\/blog\/2025\/02\/26\/uartes-y-la-cinemateca-nacional-del-ecuador-ulises-estrella-consolidan-cooperacion-en-torno-al-acervo-cinematografico\/#respond"]}]},{"@type":["WebPage","ItemPage"],"@id":"https:\/\/www.uartes.edu.ec\/sitio\/en\/blog\/2025\/02\/26\/uartes-y-la-cinemateca-nacional-del-ecuador-ulises-estrella-consolidan-cooperacion-en-torno-al-acervo-cinematografico\/","url":"https:\/\/www.uartes.edu.ec\/sitio\/en\/blog\/2025\/02\/26\/uartes-y-la-cinemateca-nacional-del-ecuador-ulises-estrella-consolidan-cooperacion-en-torno-al-acervo-cinematografico\/","name":"Universidad de las Artes - UArtes y Cinemateca Nacional consolidan cooperaci\u00f3n por patrimonio f\u00edlmico del pa\u00eds","isPartOf":{"@id":"https:\/\/www.uartes.edu.ec\/sitio\/en\/#website"},"primaryImageOfPage":{"@id":"https:\/\/www.uartes.edu.ec\/sitio\/en\/blog\/2025\/02\/26\/uartes-y-la-cinemateca-nacional-del-ecuador-ulises-estrella-consolidan-cooperacion-en-torno-al-acervo-cinematografico\/#primaryimage"},"image":{"@id":"https:\/\/www.uartes.edu.ec\/sitio\/en\/blog\/2025\/02\/26\/uartes-y-la-cinemateca-nacional-del-ecuador-ulises-estrella-consolidan-cooperacion-en-torno-al-acervo-cinematografico\/#primaryimage"},"thumbnailUrl":"https:\/\/www.uartes.edu.ec\/sitio\/wp-content\/uploads\/2025\/02\/01-cinemateca-nacional-uartes.jpg","datePublished":"2025-02-26T22:32:00+00:00","dateModified":"2025-03-06T22:37:47+00:00","description":"Universidad de las Artes - UArtes y Cinemateca Nacional consolidan cooperaci\u00f3n por patrimonio f\u00edlmico del pa\u00eds","breadcrumb":{"@id":"https:\/\/www.uartes.edu.ec\/sitio\/en\/blog\/2025\/02\/26\/uartes-y-la-cinemateca-nacional-del-ecuador-ulises-estrella-consolidan-cooperacion-en-torno-al-acervo-cinematografico\/#breadcrumb"},"inLanguage":"en-US","potentialAction":[{"@type":"ReadAction","target":["https:\/\/www.uartes.edu.ec\/sitio\/en\/blog\/2025\/02\/26\/uartes-y-la-cinemateca-nacional-del-ecuador-ulises-estrella-consolidan-cooperacion-en-torno-al-acervo-cinematografico\/"]}]},{"@type":"ImageObject","inLanguage":"en-US","@id":"https:\/\/www.uartes.edu.ec\/sitio\/en\/blog\/2025\/02\/26\/uartes-y-la-cinemateca-nacional-del-ecuador-ulises-estrella-consolidan-cooperacion-en-torno-al-acervo-cinematografico\/#primaryimage","url":"https:\/\/www.uartes.edu.ec\/sitio\/wp-content\/uploads\/2025\/02\/01-cinemateca-nacional-uartes.jpg","contentUrl":"https:\/\/www.uartes.edu.ec\/sitio\/wp-content\/uploads\/2025\/02\/01-cinemateca-nacional-uartes.jpg","width":2000,"height":1333},{"@type":"BreadcrumbList","@id":"https:\/\/www.uartes.edu.ec\/sitio\/en\/blog\/2025\/02\/26\/uartes-y-la-cinemateca-nacional-del-ecuador-ulises-estrella-consolidan-cooperacion-en-torno-al-acervo-cinematografico\/#breadcrumb","itemListElement":[{"@type":"ListItem","position":1,"name":"Inicio","item":"https:\/\/www.uartes.edu.ec\/sitio\/"},{"@type":"ListItem","position":2,"name":"UArtes y Cinemateca Nacional consolidan cooperaci\u00f3n por patrimonio f\u00edlmico del pa\u00eds"}]},{"@type":"WebSite","@id":"https:\/\/www.uartes.edu.ec\/sitio\/en\/#website","url":"https:\/\/www.uartes.edu.ec\/sitio\/en\/","name":"Universidad de las Artes","description":"Sitio oficial de la Universidad Nacional de las Artes del Ecuador","publisher":{"@id":"https:\/\/www.uartes.edu.ec\/sitio\/en\/#organization"},"potentialAction":[{"@type":"SearchAction","target":{"@type":"EntryPoint","urlTemplate":"https:\/\/www.uartes.edu.ec\/sitio\/en\/?s={search_term_string}"},"query-input":{"@type":"PropertyValueSpecification","valueRequired":true,"valueName":"search_term_string"}}],"inLanguage":"en-US"},{"@type":"Organization","@id":"https:\/\/www.uartes.edu.ec\/sitio\/en\/#organization","name":"Universidad de las Artes","url":"https:\/\/www.uartes.edu.ec\/sitio\/en\/","logo":{"@type":"ImageObject","inLanguage":"en-US","@id":"https:\/\/www.uartes.edu.ec\/sitio\/en\/#\/schema\/logo\/image\/","url":"https:\/\/www.uartes.edu.ec\/sitio\/wp-content\/uploads\/2022\/07\/logo-ua-horizontal.png","contentUrl":"https:\/\/www.uartes.edu.ec\/sitio\/wp-content\/uploads\/2022\/07\/logo-ua-horizontal.png","width":800,"height":276,"caption":"Universidad de las Artes"},"image":{"@id":"https:\/\/www.uartes.edu.ec\/sitio\/en\/#\/schema\/logo\/image\/"},"sameAs":["https:\/\/www.facebook.com\/uartesec","https:\/\/x.com\/uartesec","https:\/\/www.tiktok.com\/@uartesec"]},{"@type":"Person","@id":"https:\/\/www.uartes.edu.ec\/sitio\/en\/#\/schema\/person\/efa1b8275797664fd7f13a79ccc0b1f4","name":"ccortez","image":{"@type":"ImageObject","inLanguage":"en-US","@id":"https:\/\/secure.gravatar.com\/avatar\/b2a6f664a3ae8e074346ef91775736c5ec479e637ecced6842de9dc98b5da9cd?s=96&d=mm&r=g","url":"https:\/\/secure.gravatar.com\/avatar\/b2a6f664a3ae8e074346ef91775736c5ec479e637ecced6842de9dc98b5da9cd?s=96&d=mm&r=g","contentUrl":"https:\/\/secure.gravatar.com\/avatar\/b2a6f664a3ae8e074346ef91775736c5ec479e637ecced6842de9dc98b5da9cd?s=96&d=mm&r=g","caption":"ccortez"},"url":"https:\/\/www.uartes.edu.ec\/sitio\/en\/blog\/author\/ccortez\/"}]}},"uagb_featured_image_src":{"full":["https:\/\/www.uartes.edu.ec\/sitio\/wp-content\/uploads\/2025\/02\/01-cinemateca-nacional-uartes.jpg",2000,1333,false],"thumbnail":["https:\/\/www.uartes.edu.ec\/sitio\/wp-content\/uploads\/2025\/02\/01-cinemateca-nacional-uartes-150x150.jpg",150,150,true],"medium":["https:\/\/www.uartes.edu.ec\/sitio\/wp-content\/uploads\/2025\/02\/01-cinemateca-nacional-uartes-300x200.jpg",300,200,true],"medium_large":["https:\/\/www.uartes.edu.ec\/sitio\/wp-content\/uploads\/2025\/02\/01-cinemateca-nacional-uartes-768x512.jpg",768,512,true],"large":["https:\/\/www.uartes.edu.ec\/sitio\/wp-content\/uploads\/2025\/02\/01-cinemateca-nacional-uartes-644x429.jpg",644,429,true],"1536x1536":["https:\/\/www.uartes.edu.ec\/sitio\/wp-content\/uploads\/2025\/02\/01-cinemateca-nacional-uartes-1536x1024.jpg",1536,1024,true],"2048x2048":["https:\/\/www.uartes.edu.ec\/sitio\/wp-content\/uploads\/2025\/02\/01-cinemateca-nacional-uartes.jpg",2000,1333,false],"trp-custom-language-flag":["https:\/\/www.uartes.edu.ec\/sitio\/wp-content\/uploads\/2025\/02\/01-cinemateca-nacional-uartes-18x12.jpg",18,12,true],"htmega_size_585x295":["https:\/\/www.uartes.edu.ec\/sitio\/wp-content\/uploads\/2025\/02\/01-cinemateca-nacional-uartes-585x295.jpg",585,295,true],"htmega_size_1170x536":["https:\/\/www.uartes.edu.ec\/sitio\/wp-content\/uploads\/2025\/02\/01-cinemateca-nacional-uartes-1170x536.jpg",1170,536,true],"htmega_size_396x360":["https:\/\/www.uartes.edu.ec\/sitio\/wp-content\/uploads\/2025\/02\/01-cinemateca-nacional-uartes-396x360.jpg",396,360,true],"gb-block-post-grid-landscape":["https:\/\/www.uartes.edu.ec\/sitio\/wp-content\/uploads\/2025\/02\/01-cinemateca-nacional-uartes-600x400.jpg",600,400,true],"gb-block-post-grid-square":["https:\/\/www.uartes.edu.ec\/sitio\/wp-content\/uploads\/2025\/02\/01-cinemateca-nacional-uartes-600x600.jpg",600,600,true],"university-hub-thumb":["https:\/\/www.uartes.edu.ec\/sitio\/wp-content\/uploads\/2025\/02\/01-cinemateca-nacional-uartes-400x267.jpg",400,267,true]},"uagb_author_info":{"display_name":"ccortez","author_link":"https:\/\/www.uartes.edu.ec\/sitio\/en\/blog\/author\/ccortez\/"},"uagb_comment_info":0,"uagb_excerpt":"La UArtes y la Cinemateca Nacional consolidan su cooperaci\u00f3n en torno al acervo cinematogr\u00e1fico que custodia tan importante instituci\u00f3n que es parte de la Casa de la Cultura Ecuatoriana. Mariuxi Alem\u00e1n, su directora, recibi\u00f3 en d\u00edas pasados al rector William Herrera, a los docentes Priscilla Aguirre, coordinadora de la maestr\u00eda en Cine Documental, y Cristian&hellip;","featured_image_src":"https:\/\/www.uartes.edu.ec\/sitio\/wp-content\/uploads\/2025\/02\/01-cinemateca-nacional-uartes-600x400.jpg","featured_image_src_square":"https:\/\/www.uartes.edu.ec\/sitio\/wp-content\/uploads\/2025\/02\/01-cinemateca-nacional-uartes-600x600.jpg","author_info":{"display_name":"ccortez","author_link":"https:\/\/www.uartes.edu.ec\/sitio\/en\/blog\/author\/ccortez\/"},"publishpress_future_workflow_manual_trigger":{"enabledWorkflows":[]},"distributor_meta":false,"distributor_terms":false,"distributor_media":false,"distributor_original_site_name":"Universidad de las Artes","distributor_original_site_url":"https:\/\/www.uartes.edu.ec\/sitio\/en","push-errors":false,"_links":{"self":[{"href":"https:\/\/www.uartes.edu.ec\/sitio\/en\/wp-json\/wp\/v2\/posts\/68780","targetHints":{"allow":["GET"]}}],"collection":[{"href":"https:\/\/www.uartes.edu.ec\/sitio\/en\/wp-json\/wp\/v2\/posts"}],"about":[{"href":"https:\/\/www.uartes.edu.ec\/sitio\/en\/wp-json\/wp\/v2\/types\/post"}],"author":[{"embeddable":true,"href":"https:\/\/www.uartes.edu.ec\/sitio\/en\/wp-json\/wp\/v2\/users\/10"}],"replies":[{"embeddable":true,"href":"https:\/\/www.uartes.edu.ec\/sitio\/en\/wp-json\/wp\/v2\/comments?post=68780"}],"version-history":[{"count":20,"href":"https:\/\/www.uartes.edu.ec\/sitio\/en\/wp-json\/wp\/v2\/posts\/68780\/revisions"}],"predecessor-version":[{"id":69099,"href":"https:\/\/www.uartes.edu.ec\/sitio\/en\/wp-json\/wp\/v2\/posts\/68780\/revisions\/69099"}],"wp:featuredmedia":[{"embeddable":true,"href":"https:\/\/www.uartes.edu.ec\/sitio\/en\/wp-json\/wp\/v2\/media\/68781"}],"wp:attachment":[{"href":"https:\/\/www.uartes.edu.ec\/sitio\/en\/wp-json\/wp\/v2\/media?parent=68780"}],"wp:term":[{"taxonomy":"category","embeddable":true,"href":"https:\/\/www.uartes.edu.ec\/sitio\/en\/wp-json\/wp\/v2\/categories?post=68780"},{"taxonomy":"post_tag","embeddable":true,"href":"https:\/\/www.uartes.edu.ec\/sitio\/en\/wp-json\/wp\/v2\/tags?post=68780"},{"taxonomy":"infouartes","embeddable":true,"href":"https:\/\/www.uartes.edu.ec\/sitio\/en\/wp-json\/wp\/v2\/infouartes?post=68780"}],"curies":[{"name":"wp","href":"https:\/\/api.w.org\/{rel}","templated":true}]}}