{"id":6880,"date":"2020-05-06T20:51:00","date_gmt":"2020-05-07T01:51:00","guid":{"rendered":"http:\/\/www.uartes.edu.ec\/sitio\/?p=6880"},"modified":"2024-07-04T11:43:15","modified_gmt":"2024-07-04T16:43:15","slug":"instituto-latinoamericano-de-investigacion-en-artes-realizo-el-lanzamiento-online-de-la-revista-f-ilia","status":"publish","type":"post","link":"https:\/\/www.uartes.edu.ec\/sitio\/en\/blog\/2020\/05\/06\/instituto-latinoamericano-de-investigacion-en-artes-realizo-el-lanzamiento-online-de-la-revista-f-ilia\/","title":{"rendered":"Instituto Latinoamericano de Investigaci\u00f3n en Artes  realiz\u00f3 el lanzamiento online de la revista \u201cF-ILIA\u201d"},"content":{"rendered":"<p>V\u00eda online, en videoconferencia, se realiz\u00f3 ayer, martes 5 de mayo de 2020, la presentaci\u00f3n de F-ILIA, revista de investigaci\u00f3n, arte y memoria creada por el Instituto Latinoamericano de Investigaci\u00f3n en Artes (ILIA).<\/p>\n\n\n\n<p>Como anfitri\u00f3n de la cita virtual, Jos\u00e9 Miguel Cabrera, director de UArtes Ediciones, dio la bienvenida a los participantes. Pablo Cardoso, director del Instituto Latinoamericano de Investigaci\u00f3n en Artes (ILIA), de cuya iniciativa nace la revista; Fernando Montenegro, editor de F-ILIA; y, varios de las autores de sus art\u00edculos: Nicole Mas\u00eds, de Costa Rica; los docentes Ana Carrillo, Sara Baranzoni y Paolo Vignola; y, la estudiante Laura Nivela.<\/p>\n\n\n\n<p>El lanzamiento, que se pudo seguir a trav\u00e9s de la cuenta de Facebook de UArtes Ediciones, propici\u00f3 el di\u00e1logo entre editores y autores de la publicaci\u00f3n de investigaci\u00f3n, arte y memoria, a fin de conocer su contenido; una mesa redonda; y, al final, una presentaci\u00f3n musical.<\/p>\n\n\n\n<p>De c\u00f3mo surgi\u00f3 la idea de crear la revista, porqu\u00e9 del nombre F-ILIA, a qui\u00e9nes est\u00e1 dirigida y su periodicidad, desde el Instituto Latinoamericano de Investigaci\u00f3n en Artes (ILIA) se indica: La revista F-ILIA surge como un espacio que para suplir la necesidad vital de generar un di\u00e1logo y una confrontaci\u00f3n constante de ideas en relaci\u00f3n a las pr\u00e1cticas e investigaciones art\u00edsticas en nuestro tiempo. F-ILIA est\u00e1 comprometida con ser un dispositivo y un espacio interdisciplinario que ponga en relieve la producci\u00f3n de saberes y las diferentes discursividades, que se generan entorno a las pr\u00e1cticas art\u00edsticas y a la gesti\u00f3n de la cultura.<\/p>\n\n\n\n<p>La palabra FILIA proviene del griego philos, que puede traducirse como amor, amistad. La elecci\u00f3n de este nombre para la revista se debe a que este sufijo designa una fuerte afici\u00f3n y gusto intenso. Sentimientos y deseos que relacionamos con la atracci\u00f3n que siente el lector por el texto, que tiene el artista por la creaci\u00f3n y la investigaci\u00f3n. La filiaci\u00f3n que existe entre este sujeto y objeto, tiene como resultado la formaci\u00f3n de esquemas cognitivos, y eso es lo que desde la Universidad de las Artes buscamos estimular. Es por esta raz\u00f3n que revista F-ILIA representa la relaci\u00f3n \u00edntima entre investigador, conocimiento y lector, inmersos en la b\u00fasqueda y producci\u00f3n de nuevos sentidos, de nuevo conocimiento.<\/p>\n\n\n\n<p>F-ILIA es una revista de acceso abierto y de periodicidad semestral, dirigida a un p\u00fablico amplio de artistas, acad\u00e9micos, estudiantes, a un p\u00fablico diverso, con intereses cruzados entre la creaci\u00f3n, la investigaci\u00f3n y el arte y la cultura.<\/p>\n\n\n\n<p>La revista F-ILIA est\u00e1 comprometida con la producci\u00f3n de saberes, nace como un veh\u00edculo de divulgaci\u00f3n de contenidos reflexivos en torno al arte, busca explotar la multiplicidad de formatos en los cuales se divulga la investigaci\u00f3n en artes, busca plantear nuevos paradigmas, cree profundamente en la interdisciplinariedad, en el dialogo de saberes y en lo fundamental de la multiculturalidad en la construcci\u00f3n de nuestros devenires.<\/p>\n\n\n\n<p>En cuanto a su contenido, a descargar en <a href=\"http:\/\/ilia.uartes.edu.ec\/ilia\/publicaciones\/f-ilia-2\/\">http:\/\/ilia.uartes.edu.ec\/ilia\/publicaciones\/f-ilia-2\/<\/a>, en la revista F-ILIA constan los art\u00edculos: \u201cReal Smart Cities. Elementos fundamentales para una cr\u00edtica epist\u00e9mica de la econom\u00eda pol\u00edtica algor\u00edtmica\u201d, de la autor\u00eda de Sara Baranzoni y Paolo Vignola; \u201cProcesos invisibles, actividades espor\u00e1dicas, resultados concretos: un corte sobre el proyecto Abriendo la puerta\u201d, escrito por Ana Carrillo y Bradley Hilgert; \u201cPerformance digital audiovisual. El lado tecnol\u00f3gico de la sinestesia\u201d, de Marcelino Garc\u00eda Sedano; \u201cAcademizar la investigaci\u00f3n en artes. La experiencia de Escena. Revista de las artes de la Universidad de Costa Rica\u201d, Nicole Mas\u00eds; y, \u201cTimbre y espacio en escena\u201d, de Rodrigo Sigal Sefchovich.<\/p>\n\n\n\n<p>Bajo el paraguas de Texturas se encuentran los textos de Diego Benalc\u00e1zar: \u201cAmarillo, una experiencia sensorial\u201d; Laura Nivela: \u201cH4B174R 3N 07RAS P1ELES\u201d; Carolina Pepper: \u201cEl poder en mi constituci\u00f3n\u201d; y, Janina Su\u00e1rez: \u201cUna gentil gu\u00eda para usar, compartir o coleccionar emojis, memes y stickers\u201d.<\/p>\n\n\n\n<p>En Contrapunteos: Ybelice Brice\u00f1o, Yamil Lambert y Jos\u00e9 Miguel Cabrera, presentan el texto \u201cOctubre 2019: La comunicaci\u00f3n digital, posibilidades y apor\u00edas\u201d; y, en Entrevista, Laura Nivela dialoga con Cristian Villavicencio acerca de \u201cLo contempor\u00e1neo del arte\u201d. Del director del ILIA, Pablo Cardoso, consta el \u201cManifiesto F-ILIA\u201d.<\/p>\n\n\n\n<p>El lanzamiento de la revista F-ILIA se puede ver en: <a href=\"https:\/\/www.facebook.com\/uartesediciones\/videos\/692432491504786\/\">https:\/\/www.facebook.com\/uartesediciones\/videos\/692432491504786\/<\/a><\/p>","protected":false},"excerpt":{"rendered":"<p>V\u00eda online, en videoconferencia, se realiz\u00f3 ayer, martes 5 de mayo de 2020, la presentaci\u00f3n de F-ILIA, revista de investigaci\u00f3n, arte y memoria creada por el Instituto Latinoamericano de Investigaci\u00f3n en Artes (ILIA).<\/p>","protected":false},"author":1,"featured_media":6881,"comment_status":"closed","ping_status":"closed","sticky":false,"template":"","format":"standard","meta":{"_acf_changed":false,"_uag_custom_page_level_css":"","_monsterinsights_skip_tracking":false,"_monsterinsights_sitenote_active":false,"_monsterinsights_sitenote_note":"","_monsterinsights_sitenote_category":0,"cybocfi_hide_featured_image":"","footnotes":""},"categories":[80,215],"tags":[211,216,37],"infouartes":[],"class_list":["post-6880","post","type-post","status-publish","format-standard","has-post-thumbnail","hentry","category-academico","category-uartes-ediciones","tag-covid19","tag-f-ilia","tag-ilia"],"acf":[],"yoast_head":"<!-- This site is optimized with the Yoast SEO plugin v27.4 - https:\/\/yoast.com\/product\/yoast-seo-wordpress\/ -->\n<title>Universidad de las Artes - Instituto Latinoamericano de Investigaci\u00f3n en Artes realiz\u00f3 el lanzamiento online de la revista \u201cF-ILIA\u201d<\/title>\n<meta name=\"description\" content=\"Universidad de las Artes - Instituto Latinoamericano de Investigaci\u00f3n en Artes realiz\u00f3 el lanzamiento online de la revista \u201cF-ILIA\u201d\" \/>\n<meta name=\"robots\" content=\"index, follow, max-snippet:-1, max-image-preview:large, max-video-preview:-1\" \/>\n<link rel=\"canonical\" href=\"https:\/\/www.uartes.edu.ec\/sitio\/en\/blog\/2020\/05\/06\/instituto-latinoamericano-de-investigacion-en-artes-realizo-el-lanzamiento-online-de-la-revista-f-ilia\/\" \/>\n<meta property=\"og:locale\" content=\"en_US\" \/>\n<meta property=\"og:type\" content=\"article\" \/>\n<meta property=\"og:title\" content=\"Universidad de las Artes - Instituto Latinoamericano de Investigaci\u00f3n en Artes realiz\u00f3 el lanzamiento online de la revista \u201cF-ILIA\u201d\" \/>\n<meta property=\"og:description\" content=\"Universidad de las Artes - Instituto Latinoamericano de Investigaci\u00f3n en Artes realiz\u00f3 el lanzamiento online de la revista \u201cF-ILIA\u201d\" \/>\n<meta property=\"og:url\" content=\"https:\/\/www.uartes.edu.ec\/sitio\/en\/blog\/2020\/05\/06\/instituto-latinoamericano-de-investigacion-en-artes-realizo-el-lanzamiento-online-de-la-revista-f-ilia\/\" \/>\n<meta property=\"og:site_name\" content=\"Universidad de las Artes\" \/>\n<meta property=\"article:publisher\" content=\"https:\/\/www.facebook.com\/uartesec\" \/>\n<meta property=\"article:published_time\" content=\"2020-05-07T01:51:00+00:00\" \/>\n<meta property=\"article:modified_time\" content=\"2024-07-04T16:43:15+00:00\" \/>\n<meta property=\"og:image\" content=\"https:\/\/www.uartes.edu.ec\/sitio\/wp-content\/uploads\/2020\/05\/FILIA-OK.jpg\" \/>\n\t<meta property=\"og:image:width\" content=\"1152\" \/>\n\t<meta property=\"og:image:height\" content=\"768\" \/>\n\t<meta property=\"og:image:type\" content=\"image\/jpeg\" \/>\n<meta name=\"author\" content=\"Universidad de las Artes\" \/>\n<meta name=\"twitter:card\" content=\"summary_large_image\" \/>\n<meta name=\"twitter:creator\" content=\"@uartesec\" \/>\n<meta name=\"twitter:site\" content=\"@uartesec\" \/>\n<meta name=\"twitter:label1\" content=\"Written by\" \/>\n\t<meta name=\"twitter:data1\" content=\"Universidad de las Artes\" \/>\n\t<meta name=\"twitter:label2\" content=\"Est. reading time\" \/>\n\t<meta name=\"twitter:data2\" content=\"4 minutes\" \/>\n<script type=\"application\/ld+json\" class=\"yoast-schema-graph\">{\"@context\":\"https:\\\/\\\/schema.org\",\"@graph\":[{\"@type\":\"Article\",\"@id\":\"https:\\\/\\\/www.uartes.edu.ec\\\/sitio\\\/en\\\/blog\\\/2020\\\/05\\\/06\\\/instituto-latinoamericano-de-investigacion-en-artes-realizo-el-lanzamiento-online-de-la-revista-f-ilia\\\/#article\",\"isPartOf\":{\"@id\":\"https:\\\/\\\/www.uartes.edu.ec\\\/sitio\\\/en\\\/blog\\\/2020\\\/05\\\/06\\\/instituto-latinoamericano-de-investigacion-en-artes-realizo-el-lanzamiento-online-de-la-revista-f-ilia\\\/\"},\"author\":{\"name\":\"Universidad de las Artes\",\"@id\":\"https:\\\/\\\/www.uartes.edu.ec\\\/sitio\\\/en\\\/#\\\/schema\\\/person\\\/f33f8c1d2af0d5c80a38c8abf458184a\"},\"headline\":\"Instituto Latinoamericano de Investigaci\u00f3n en Artes realiz\u00f3 el lanzamiento online de la revista \u201cF-ILIA\u201d\",\"datePublished\":\"2020-05-07T01:51:00+00:00\",\"dateModified\":\"2024-07-04T16:43:15+00:00\",\"mainEntityOfPage\":{\"@id\":\"https:\\\/\\\/www.uartes.edu.ec\\\/sitio\\\/en\\\/blog\\\/2020\\\/05\\\/06\\\/instituto-latinoamericano-de-investigacion-en-artes-realizo-el-lanzamiento-online-de-la-revista-f-ilia\\\/\"},\"wordCount\":768,\"publisher\":{\"@id\":\"https:\\\/\\\/www.uartes.edu.ec\\\/sitio\\\/en\\\/#organization\"},\"image\":{\"@id\":\"https:\\\/\\\/www.uartes.edu.ec\\\/sitio\\\/en\\\/blog\\\/2020\\\/05\\\/06\\\/instituto-latinoamericano-de-investigacion-en-artes-realizo-el-lanzamiento-online-de-la-revista-f-ilia\\\/#primaryimage\"},\"thumbnailUrl\":\"https:\\\/\\\/www.uartes.edu.ec\\\/sitio\\\/wp-content\\\/uploads\\\/2020\\\/05\\\/FILIA-OK.jpg\",\"keywords\":[\"covid19\",\"f-ilia\",\"ilia\"],\"articleSection\":[\"Acad\u00e9mico\",\"UArtes Ediciones\"],\"inLanguage\":\"en-US\"},{\"@type\":[\"WebPage\",\"ItemPage\"],\"@id\":\"https:\\\/\\\/www.uartes.edu.ec\\\/sitio\\\/en\\\/blog\\\/2020\\\/05\\\/06\\\/instituto-latinoamericano-de-investigacion-en-artes-realizo-el-lanzamiento-online-de-la-revista-f-ilia\\\/\",\"url\":\"https:\\\/\\\/www.uartes.edu.ec\\\/sitio\\\/en\\\/blog\\\/2020\\\/05\\\/06\\\/instituto-latinoamericano-de-investigacion-en-artes-realizo-el-lanzamiento-online-de-la-revista-f-ilia\\\/\",\"name\":\"Universidad de las Artes - Instituto Latinoamericano de Investigaci\u00f3n en Artes realiz\u00f3 el lanzamiento online de la revista \u201cF-ILIA\u201d\",\"isPartOf\":{\"@id\":\"https:\\\/\\\/www.uartes.edu.ec\\\/sitio\\\/en\\\/#website\"},\"primaryImageOfPage\":{\"@id\":\"https:\\\/\\\/www.uartes.edu.ec\\\/sitio\\\/en\\\/blog\\\/2020\\\/05\\\/06\\\/instituto-latinoamericano-de-investigacion-en-artes-realizo-el-lanzamiento-online-de-la-revista-f-ilia\\\/#primaryimage\"},\"image\":{\"@id\":\"https:\\\/\\\/www.uartes.edu.ec\\\/sitio\\\/en\\\/blog\\\/2020\\\/05\\\/06\\\/instituto-latinoamericano-de-investigacion-en-artes-realizo-el-lanzamiento-online-de-la-revista-f-ilia\\\/#primaryimage\"},\"thumbnailUrl\":\"https:\\\/\\\/www.uartes.edu.ec\\\/sitio\\\/wp-content\\\/uploads\\\/2020\\\/05\\\/FILIA-OK.jpg\",\"datePublished\":\"2020-05-07T01:51:00+00:00\",\"dateModified\":\"2024-07-04T16:43:15+00:00\",\"description\":\"Universidad de las Artes - Instituto Latinoamericano de Investigaci\u00f3n en Artes realiz\u00f3 el lanzamiento online de la revista \u201cF-ILIA\u201d\",\"breadcrumb\":{\"@id\":\"https:\\\/\\\/www.uartes.edu.ec\\\/sitio\\\/en\\\/blog\\\/2020\\\/05\\\/06\\\/instituto-latinoamericano-de-investigacion-en-artes-realizo-el-lanzamiento-online-de-la-revista-f-ilia\\\/#breadcrumb\"},\"inLanguage\":\"en-US\",\"potentialAction\":[{\"@type\":\"ReadAction\",\"target\":[\"https:\\\/\\\/www.uartes.edu.ec\\\/sitio\\\/en\\\/blog\\\/2020\\\/05\\\/06\\\/instituto-latinoamericano-de-investigacion-en-artes-realizo-el-lanzamiento-online-de-la-revista-f-ilia\\\/\"]}]},{\"@type\":\"ImageObject\",\"inLanguage\":\"en-US\",\"@id\":\"https:\\\/\\\/www.uartes.edu.ec\\\/sitio\\\/en\\\/blog\\\/2020\\\/05\\\/06\\\/instituto-latinoamericano-de-investigacion-en-artes-realizo-el-lanzamiento-online-de-la-revista-f-ilia\\\/#primaryimage\",\"url\":\"https:\\\/\\\/www.uartes.edu.ec\\\/sitio\\\/wp-content\\\/uploads\\\/2020\\\/05\\\/FILIA-OK.jpg\",\"contentUrl\":\"https:\\\/\\\/www.uartes.edu.ec\\\/sitio\\\/wp-content\\\/uploads\\\/2020\\\/05\\\/FILIA-OK.jpg\",\"width\":1152,\"height\":768},{\"@type\":\"BreadcrumbList\",\"@id\":\"https:\\\/\\\/www.uartes.edu.ec\\\/sitio\\\/en\\\/blog\\\/2020\\\/05\\\/06\\\/instituto-latinoamericano-de-investigacion-en-artes-realizo-el-lanzamiento-online-de-la-revista-f-ilia\\\/#breadcrumb\",\"itemListElement\":[{\"@type\":\"ListItem\",\"position\":1,\"name\":\"Inicio\",\"item\":\"https:\\\/\\\/www.uartes.edu.ec\\\/sitio\\\/\"},{\"@type\":\"ListItem\",\"position\":2,\"name\":\"Instituto Latinoamericano de Investigaci\u00f3n en Artes realiz\u00f3 el lanzamiento online de la revista \u201cF-ILIA\u201d\"}]},{\"@type\":\"WebSite\",\"@id\":\"https:\\\/\\\/www.uartes.edu.ec\\\/sitio\\\/en\\\/#website\",\"url\":\"https:\\\/\\\/www.uartes.edu.ec\\\/sitio\\\/en\\\/\",\"name\":\"Universidad de las Artes\",\"description\":\"Sitio oficial de la Universidad Nacional de las Artes del Ecuador\",\"publisher\":{\"@id\":\"https:\\\/\\\/www.uartes.edu.ec\\\/sitio\\\/en\\\/#organization\"},\"potentialAction\":[{\"@type\":\"SearchAction\",\"target\":{\"@type\":\"EntryPoint\",\"urlTemplate\":\"https:\\\/\\\/www.uartes.edu.ec\\\/sitio\\\/en\\\/?s={search_term_string}\"},\"query-input\":{\"@type\":\"PropertyValueSpecification\",\"valueRequired\":true,\"valueName\":\"search_term_string\"}}],\"inLanguage\":\"en-US\"},{\"@type\":\"Organization\",\"@id\":\"https:\\\/\\\/www.uartes.edu.ec\\\/sitio\\\/en\\\/#organization\",\"name\":\"Universidad de las Artes\",\"url\":\"https:\\\/\\\/www.uartes.edu.ec\\\/sitio\\\/en\\\/\",\"logo\":{\"@type\":\"ImageObject\",\"inLanguage\":\"en-US\",\"@id\":\"https:\\\/\\\/www.uartes.edu.ec\\\/sitio\\\/en\\\/#\\\/schema\\\/logo\\\/image\\\/\",\"url\":\"https:\\\/\\\/www.uartes.edu.ec\\\/sitio\\\/wp-content\\\/uploads\\\/2022\\\/07\\\/logo-ua-horizontal.png\",\"contentUrl\":\"https:\\\/\\\/www.uartes.edu.ec\\\/sitio\\\/wp-content\\\/uploads\\\/2022\\\/07\\\/logo-ua-horizontal.png\",\"width\":800,\"height\":276,\"caption\":\"Universidad de las Artes\"},\"image\":{\"@id\":\"https:\\\/\\\/www.uartes.edu.ec\\\/sitio\\\/en\\\/#\\\/schema\\\/logo\\\/image\\\/\"},\"sameAs\":[\"https:\\\/\\\/www.facebook.com\\\/uartesec\",\"https:\\\/\\\/x.com\\\/uartesec\",\"https:\\\/\\\/www.tiktok.com\\\/@uartesec\"]},{\"@type\":\"Person\",\"@id\":\"https:\\\/\\\/www.uartes.edu.ec\\\/sitio\\\/en\\\/#\\\/schema\\\/person\\\/f33f8c1d2af0d5c80a38c8abf458184a\",\"name\":\"Universidad de las Artes\",\"image\":{\"@type\":\"ImageObject\",\"inLanguage\":\"en-US\",\"@id\":\"https:\\\/\\\/secure.gravatar.com\\\/avatar\\\/52e4757902f5cfa5ac52d020e5be83cae5487519154b6c35482fe08d589f3c13?s=96&d=mm&r=g\",\"url\":\"https:\\\/\\\/secure.gravatar.com\\\/avatar\\\/52e4757902f5cfa5ac52d020e5be83cae5487519154b6c35482fe08d589f3c13?s=96&d=mm&r=g\",\"contentUrl\":\"https:\\\/\\\/secure.gravatar.com\\\/avatar\\\/52e4757902f5cfa5ac52d020e5be83cae5487519154b6c35482fe08d589f3c13?s=96&d=mm&r=g\",\"caption\":\"Universidad de las Artes\"},\"url\":\"https:\\\/\\\/www.uartes.edu.ec\\\/sitio\\\/en\\\/blog\\\/author\\\/dircomadm\\\/\"}]}<\/script>\n<!-- \/ Yoast SEO plugin. -->","yoast_head_json":{"title":"Universidad de las Artes - Instituto Latinoamericano de Investigaci\u00f3n en Artes realiz\u00f3 el lanzamiento online de la revista \u201cF-ILIA\u201d","description":"Universidad de las Artes - Instituto Latinoamericano de Investigaci\u00f3n en Artes realiz\u00f3 el lanzamiento online de la revista \u201cF-ILIA\u201d","robots":{"index":"index","follow":"follow","max-snippet":"max-snippet:-1","max-image-preview":"max-image-preview:large","max-video-preview":"max-video-preview:-1"},"canonical":"https:\/\/www.uartes.edu.ec\/sitio\/en\/blog\/2020\/05\/06\/instituto-latinoamericano-de-investigacion-en-artes-realizo-el-lanzamiento-online-de-la-revista-f-ilia\/","og_locale":"en_US","og_type":"article","og_title":"Universidad de las Artes - Instituto Latinoamericano de Investigaci\u00f3n en Artes realiz\u00f3 el lanzamiento online de la revista \u201cF-ILIA\u201d","og_description":"Universidad de las Artes - Instituto Latinoamericano de Investigaci\u00f3n en Artes realiz\u00f3 el lanzamiento online de la revista \u201cF-ILIA\u201d","og_url":"https:\/\/www.uartes.edu.ec\/sitio\/en\/blog\/2020\/05\/06\/instituto-latinoamericano-de-investigacion-en-artes-realizo-el-lanzamiento-online-de-la-revista-f-ilia\/","og_site_name":"Universidad de las Artes","article_publisher":"https:\/\/www.facebook.com\/uartesec","article_published_time":"2020-05-07T01:51:00+00:00","article_modified_time":"2024-07-04T16:43:15+00:00","og_image":[{"width":1152,"height":768,"url":"https:\/\/www.uartes.edu.ec\/sitio\/wp-content\/uploads\/2020\/05\/FILIA-OK.jpg","type":"image\/jpeg"}],"author":"Universidad de las Artes","twitter_card":"summary_large_image","twitter_creator":"@uartesec","twitter_site":"@uartesec","twitter_misc":{"Written by":"Universidad de las Artes","Est. reading time":"4 minutes"},"schema":{"@context":"https:\/\/schema.org","@graph":[{"@type":"Article","@id":"https:\/\/www.uartes.edu.ec\/sitio\/en\/blog\/2020\/05\/06\/instituto-latinoamericano-de-investigacion-en-artes-realizo-el-lanzamiento-online-de-la-revista-f-ilia\/#article","isPartOf":{"@id":"https:\/\/www.uartes.edu.ec\/sitio\/en\/blog\/2020\/05\/06\/instituto-latinoamericano-de-investigacion-en-artes-realizo-el-lanzamiento-online-de-la-revista-f-ilia\/"},"author":{"name":"Universidad de las Artes","@id":"https:\/\/www.uartes.edu.ec\/sitio\/en\/#\/schema\/person\/f33f8c1d2af0d5c80a38c8abf458184a"},"headline":"Instituto Latinoamericano de Investigaci\u00f3n en Artes realiz\u00f3 el lanzamiento online de la revista \u201cF-ILIA\u201d","datePublished":"2020-05-07T01:51:00+00:00","dateModified":"2024-07-04T16:43:15+00:00","mainEntityOfPage":{"@id":"https:\/\/www.uartes.edu.ec\/sitio\/en\/blog\/2020\/05\/06\/instituto-latinoamericano-de-investigacion-en-artes-realizo-el-lanzamiento-online-de-la-revista-f-ilia\/"},"wordCount":768,"publisher":{"@id":"https:\/\/www.uartes.edu.ec\/sitio\/en\/#organization"},"image":{"@id":"https:\/\/www.uartes.edu.ec\/sitio\/en\/blog\/2020\/05\/06\/instituto-latinoamericano-de-investigacion-en-artes-realizo-el-lanzamiento-online-de-la-revista-f-ilia\/#primaryimage"},"thumbnailUrl":"https:\/\/www.uartes.edu.ec\/sitio\/wp-content\/uploads\/2020\/05\/FILIA-OK.jpg","keywords":["covid19","f-ilia","ilia"],"articleSection":["Acad\u00e9mico","UArtes Ediciones"],"inLanguage":"en-US"},{"@type":["WebPage","ItemPage"],"@id":"https:\/\/www.uartes.edu.ec\/sitio\/en\/blog\/2020\/05\/06\/instituto-latinoamericano-de-investigacion-en-artes-realizo-el-lanzamiento-online-de-la-revista-f-ilia\/","url":"https:\/\/www.uartes.edu.ec\/sitio\/en\/blog\/2020\/05\/06\/instituto-latinoamericano-de-investigacion-en-artes-realizo-el-lanzamiento-online-de-la-revista-f-ilia\/","name":"Universidad de las Artes - Instituto Latinoamericano de Investigaci\u00f3n en Artes realiz\u00f3 el lanzamiento online de la revista \u201cF-ILIA\u201d","isPartOf":{"@id":"https:\/\/www.uartes.edu.ec\/sitio\/en\/#website"},"primaryImageOfPage":{"@id":"https:\/\/www.uartes.edu.ec\/sitio\/en\/blog\/2020\/05\/06\/instituto-latinoamericano-de-investigacion-en-artes-realizo-el-lanzamiento-online-de-la-revista-f-ilia\/#primaryimage"},"image":{"@id":"https:\/\/www.uartes.edu.ec\/sitio\/en\/blog\/2020\/05\/06\/instituto-latinoamericano-de-investigacion-en-artes-realizo-el-lanzamiento-online-de-la-revista-f-ilia\/#primaryimage"},"thumbnailUrl":"https:\/\/www.uartes.edu.ec\/sitio\/wp-content\/uploads\/2020\/05\/FILIA-OK.jpg","datePublished":"2020-05-07T01:51:00+00:00","dateModified":"2024-07-04T16:43:15+00:00","description":"Universidad de las Artes - Instituto Latinoamericano de Investigaci\u00f3n en Artes realiz\u00f3 el lanzamiento online de la revista \u201cF-ILIA\u201d","breadcrumb":{"@id":"https:\/\/www.uartes.edu.ec\/sitio\/en\/blog\/2020\/05\/06\/instituto-latinoamericano-de-investigacion-en-artes-realizo-el-lanzamiento-online-de-la-revista-f-ilia\/#breadcrumb"},"inLanguage":"en-US","potentialAction":[{"@type":"ReadAction","target":["https:\/\/www.uartes.edu.ec\/sitio\/en\/blog\/2020\/05\/06\/instituto-latinoamericano-de-investigacion-en-artes-realizo-el-lanzamiento-online-de-la-revista-f-ilia\/"]}]},{"@type":"ImageObject","inLanguage":"en-US","@id":"https:\/\/www.uartes.edu.ec\/sitio\/en\/blog\/2020\/05\/06\/instituto-latinoamericano-de-investigacion-en-artes-realizo-el-lanzamiento-online-de-la-revista-f-ilia\/#primaryimage","url":"https:\/\/www.uartes.edu.ec\/sitio\/wp-content\/uploads\/2020\/05\/FILIA-OK.jpg","contentUrl":"https:\/\/www.uartes.edu.ec\/sitio\/wp-content\/uploads\/2020\/05\/FILIA-OK.jpg","width":1152,"height":768},{"@type":"BreadcrumbList","@id":"https:\/\/www.uartes.edu.ec\/sitio\/en\/blog\/2020\/05\/06\/instituto-latinoamericano-de-investigacion-en-artes-realizo-el-lanzamiento-online-de-la-revista-f-ilia\/#breadcrumb","itemListElement":[{"@type":"ListItem","position":1,"name":"Inicio","item":"https:\/\/www.uartes.edu.ec\/sitio\/"},{"@type":"ListItem","position":2,"name":"Instituto Latinoamericano de Investigaci\u00f3n en Artes realiz\u00f3 el lanzamiento online de la revista \u201cF-ILIA\u201d"}]},{"@type":"WebSite","@id":"https:\/\/www.uartes.edu.ec\/sitio\/en\/#website","url":"https:\/\/www.uartes.edu.ec\/sitio\/en\/","name":"Universidad de las Artes","description":"Sitio oficial de la Universidad Nacional de las Artes del Ecuador","publisher":{"@id":"https:\/\/www.uartes.edu.ec\/sitio\/en\/#organization"},"potentialAction":[{"@type":"SearchAction","target":{"@type":"EntryPoint","urlTemplate":"https:\/\/www.uartes.edu.ec\/sitio\/en\/?s={search_term_string}"},"query-input":{"@type":"PropertyValueSpecification","valueRequired":true,"valueName":"search_term_string"}}],"inLanguage":"en-US"},{"@type":"Organization","@id":"https:\/\/www.uartes.edu.ec\/sitio\/en\/#organization","name":"Universidad de las Artes","url":"https:\/\/www.uartes.edu.ec\/sitio\/en\/","logo":{"@type":"ImageObject","inLanguage":"en-US","@id":"https:\/\/www.uartes.edu.ec\/sitio\/en\/#\/schema\/logo\/image\/","url":"https:\/\/www.uartes.edu.ec\/sitio\/wp-content\/uploads\/2022\/07\/logo-ua-horizontal.png","contentUrl":"https:\/\/www.uartes.edu.ec\/sitio\/wp-content\/uploads\/2022\/07\/logo-ua-horizontal.png","width":800,"height":276,"caption":"Universidad de las Artes"},"image":{"@id":"https:\/\/www.uartes.edu.ec\/sitio\/en\/#\/schema\/logo\/image\/"},"sameAs":["https:\/\/www.facebook.com\/uartesec","https:\/\/x.com\/uartesec","https:\/\/www.tiktok.com\/@uartesec"]},{"@type":"Person","@id":"https:\/\/www.uartes.edu.ec\/sitio\/en\/#\/schema\/person\/f33f8c1d2af0d5c80a38c8abf458184a","name":"Universidad de las Artes","image":{"@type":"ImageObject","inLanguage":"en-US","@id":"https:\/\/secure.gravatar.com\/avatar\/52e4757902f5cfa5ac52d020e5be83cae5487519154b6c35482fe08d589f3c13?s=96&d=mm&r=g","url":"https:\/\/secure.gravatar.com\/avatar\/52e4757902f5cfa5ac52d020e5be83cae5487519154b6c35482fe08d589f3c13?s=96&d=mm&r=g","contentUrl":"https:\/\/secure.gravatar.com\/avatar\/52e4757902f5cfa5ac52d020e5be83cae5487519154b6c35482fe08d589f3c13?s=96&d=mm&r=g","caption":"Universidad de las Artes"},"url":"https:\/\/www.uartes.edu.ec\/sitio\/en\/blog\/author\/dircomadm\/"}]}},"uagb_featured_image_src":{"full":["https:\/\/www.uartes.edu.ec\/sitio\/wp-content\/uploads\/2020\/05\/FILIA-OK.jpg",1152,768,false],"thumbnail":["https:\/\/www.uartes.edu.ec\/sitio\/wp-content\/uploads\/2020\/05\/FILIA-OK-150x150.jpg",150,150,true],"medium":["https:\/\/www.uartes.edu.ec\/sitio\/wp-content\/uploads\/2020\/05\/FILIA-OK-300x200.jpg",300,200,true],"medium_large":["https:\/\/www.uartes.edu.ec\/sitio\/wp-content\/uploads\/2020\/05\/FILIA-OK-768x512.jpg",768,512,true],"large":["https:\/\/www.uartes.edu.ec\/sitio\/wp-content\/uploads\/2020\/05\/FILIA-OK-644x429.jpg",644,429,true],"1536x1536":["https:\/\/www.uartes.edu.ec\/sitio\/wp-content\/uploads\/2020\/05\/FILIA-OK.jpg",1152,768,false],"2048x2048":["https:\/\/www.uartes.edu.ec\/sitio\/wp-content\/uploads\/2020\/05\/FILIA-OK.jpg",1152,768,false],"trp-custom-language-flag":["https:\/\/www.uartes.edu.ec\/sitio\/wp-content\/uploads\/2020\/05\/FILIA-OK.jpg",18,12,false],"htmega_size_585x295":["https:\/\/www.uartes.edu.ec\/sitio\/wp-content\/uploads\/2020\/05\/FILIA-OK.jpg",443,295,false],"htmega_size_1170x536":["https:\/\/www.uartes.edu.ec\/sitio\/wp-content\/uploads\/2020\/05\/FILIA-OK.jpg",804,536,false],"htmega_size_396x360":["https:\/\/www.uartes.edu.ec\/sitio\/wp-content\/uploads\/2020\/05\/FILIA-OK.jpg",396,264,false],"gb-block-post-grid-landscape":["https:\/\/www.uartes.edu.ec\/sitio\/wp-content\/uploads\/2020\/05\/FILIA-OK.jpg",600,400,false],"gb-block-post-grid-square":["https:\/\/www.uartes.edu.ec\/sitio\/wp-content\/uploads\/2020\/05\/FILIA-OK.jpg",600,400,false],"university-hub-thumb":["https:\/\/www.uartes.edu.ec\/sitio\/wp-content\/uploads\/2020\/05\/FILIA-OK-400x267.jpg",400,267,true]},"uagb_author_info":{"display_name":"Universidad de las Artes","author_link":"https:\/\/www.uartes.edu.ec\/sitio\/en\/blog\/author\/dircomadm\/"},"uagb_comment_info":0,"uagb_excerpt":"V\u00eda online, en videoconferencia, se realiz\u00f3 ayer, martes 5 de mayo de 2020, la presentaci\u00f3n de F-ILIA, revista de investigaci\u00f3n, arte y memoria creada por el Instituto Latinoamericano de Investigaci\u00f3n en Artes (ILIA).","featured_image_src":"https:\/\/www.uartes.edu.ec\/sitio\/wp-content\/uploads\/2020\/05\/FILIA-OK.jpg","featured_image_src_square":"https:\/\/www.uartes.edu.ec\/sitio\/wp-content\/uploads\/2020\/05\/FILIA-OK.jpg","author_info":{"display_name":"Universidad de las Artes","author_link":"https:\/\/www.uartes.edu.ec\/sitio\/en\/blog\/author\/dircomadm\/"},"publishpress_future_workflow_manual_trigger":{"enabledWorkflows":[]},"distributor_meta":false,"distributor_terms":false,"distributor_media":false,"distributor_original_site_name":"Universidad de las Artes","distributor_original_site_url":"https:\/\/www.uartes.edu.ec\/sitio\/en","push-errors":false,"_links":{"self":[{"href":"https:\/\/www.uartes.edu.ec\/sitio\/en\/wp-json\/wp\/v2\/posts\/6880","targetHints":{"allow":["GET"]}}],"collection":[{"href":"https:\/\/www.uartes.edu.ec\/sitio\/en\/wp-json\/wp\/v2\/posts"}],"about":[{"href":"https:\/\/www.uartes.edu.ec\/sitio\/en\/wp-json\/wp\/v2\/types\/post"}],"author":[{"embeddable":true,"href":"https:\/\/www.uartes.edu.ec\/sitio\/en\/wp-json\/wp\/v2\/users\/1"}],"replies":[{"embeddable":true,"href":"https:\/\/www.uartes.edu.ec\/sitio\/en\/wp-json\/wp\/v2\/comments?post=6880"}],"version-history":[{"count":1,"href":"https:\/\/www.uartes.edu.ec\/sitio\/en\/wp-json\/wp\/v2\/posts\/6880\/revisions"}],"predecessor-version":[{"id":6882,"href":"https:\/\/www.uartes.edu.ec\/sitio\/en\/wp-json\/wp\/v2\/posts\/6880\/revisions\/6882"}],"wp:featuredmedia":[{"embeddable":true,"href":"https:\/\/www.uartes.edu.ec\/sitio\/en\/wp-json\/wp\/v2\/media\/6881"}],"wp:attachment":[{"href":"https:\/\/www.uartes.edu.ec\/sitio\/en\/wp-json\/wp\/v2\/media?parent=6880"}],"wp:term":[{"taxonomy":"category","embeddable":true,"href":"https:\/\/www.uartes.edu.ec\/sitio\/en\/wp-json\/wp\/v2\/categories?post=6880"},{"taxonomy":"post_tag","embeddable":true,"href":"https:\/\/www.uartes.edu.ec\/sitio\/en\/wp-json\/wp\/v2\/tags?post=6880"},{"taxonomy":"infouartes","embeddable":true,"href":"https:\/\/www.uartes.edu.ec\/sitio\/en\/wp-json\/wp\/v2\/infouartes?post=6880"}],"curies":[{"name":"wp","href":"https:\/\/api.w.org\/{rel}","templated":true}]}}