{"id":6883,"date":"2020-05-07T09:10:36","date_gmt":"2020-05-07T14:10:36","guid":{"rendered":"http:\/\/www.uartes.edu.ec\/sitio\/?p=6883"},"modified":"2024-07-04T11:43:15","modified_gmt":"2024-07-04T16:43:15","slug":"el-producto-artistico-y-la-realizacion-cinematografica-individual-de-zully-ruiz","status":"publish","type":"post","link":"https:\/\/www.uartes.edu.ec\/sitio\/en\/blog\/2020\/05\/07\/el-producto-artistico-y-la-realizacion-cinematografica-individual-de-zully-ruiz\/","title":{"rendered":"El producto art\u00edstico y la realizaci\u00f3n  cinematogr\u00e1fica individual de Zully Ruiz"},"content":{"rendered":"<p>Zully Evelyn Ruiz Candelo, estudiante de la Escuela de Cine de la Universidad de las Artes, sustent\u00f3 su tesis de grado el 22 de abril de 2020, v\u00eda videoconferencia. La titul\u00f3: \u201cLa m\u00fasica pop y su relaci\u00f3n con las nociones de ansiedad y depresi\u00f3n en la escritura del guion de largometraje musical <em>Estar contigo o conmigo\u201d<\/em>, y la define como un producto art\u00edstico, una realizaci\u00f3n cinematogr\u00e1fica individual.<\/p>\n\n\n\n<p>\u201cLo propuse por ser un proyecto personal y complejo con el cual quiero seguir trabajando\u201d, sostiene en entrevista con InfoUArtes. A\u00f1ade que le tom\u00f3 casi un a\u00f1o desarrollarlo y que como recursos utiliz\u00f3 textos online, audiolibros, letras de m\u00fasica nacional, asesor\u00edas de profesores y software digital como celtx y office.<\/p>\n\n\n\n<p>La fecha para la defensa de su trabajo final a\u00fan no estaba definida cuando se anunci\u00f3 la cuarentena del pa\u00eds como medida para prevenir la propagaci\u00f3n de la COVID-19. \u201cSe pospuso un d\u00eda debido a problemas con el internet, pero, aunque de manera presencial suelo tener mejor desenvolvimiento, la presentaci\u00f3n tuvo buena respuesta por parte del jurado. Que utiliz\u00f3 una computadora prestada y debi\u00f3 desconectar todos los dispositivos extras de la red, comenta como an\u00e9cdota.<\/p>\n\n\n\n<div class=\"wp-block-image\"><figure class=\"aligncenter size-large\"><img fetchpriority=\"high\" decoding=\"async\" width=\"644\" height=\"429\" src=\"http:\/\/www.uartes.edu.ec\/sitio\/wp-content\/uploads\/2020\/05\/ZULLY-EVELYN-RUIZ-CANDELO-2-644x429.jpg\" alt=\"\" class=\"wp-image-6884\" srcset=\"https:\/\/www.uartes.edu.ec\/sitio\/wp-content\/uploads\/2020\/05\/ZULLY-EVELYN-RUIZ-CANDELO-2-644x429.jpg 644w, https:\/\/www.uartes.edu.ec\/sitio\/wp-content\/uploads\/2020\/05\/ZULLY-EVELYN-RUIZ-CANDELO-2-300x200.jpg 300w, https:\/\/www.uartes.edu.ec\/sitio\/wp-content\/uploads\/2020\/05\/ZULLY-EVELYN-RUIZ-CANDELO-2-768x512.jpg 768w, https:\/\/www.uartes.edu.ec\/sitio\/wp-content\/uploads\/2020\/05\/ZULLY-EVELYN-RUIZ-CANDELO-2-600x400.jpg 600w, https:\/\/www.uartes.edu.ec\/sitio\/wp-content\/uploads\/2020\/05\/ZULLY-EVELYN-RUIZ-CANDELO-2-400x267.jpg 400w, https:\/\/www.uartes.edu.ec\/sitio\/wp-content\/uploads\/2020\/05\/ZULLY-EVELYN-RUIZ-CANDELO-2-272x182.jpg 272w, https:\/\/www.uartes.edu.ec\/sitio\/wp-content\/uploads\/2020\/05\/ZULLY-EVELYN-RUIZ-CANDELO-2.jpg 1280w\" sizes=\"(max-width: 644px) 100vw, 644px\" \/><\/figure><\/div>\n\n\n\n<p>De los miembros del jurado recibi\u00f3 comentarios positivos acerca del proyecto, dice. \u00bfQu\u00e9 vendr\u00e1 despu\u00e9s? Zully Ruiz responde: \u201cPor ahora mi plan es trabajar, conseguir financiamiento para grabar la pel\u00edcula, ahorrar, buscar una beca en el exterior para maestr\u00eda en la rama de direcci\u00f3n, producci\u00f3n o posproducci\u00f3n de Cine; sobrevivir y ser feliz con lo que amo hacer\u201d.<\/p>","protected":false},"excerpt":{"rendered":"<p>Zully Evelyn Ruiz Candelo, estudiante de la Escuela de Cine de la Universidad de las Artes, sustent\u00f3 su tesis de grado el 22 de abril de 2020, v\u00eda videoconferencia.<\/p>","protected":false},"author":1,"featured_media":6885,"comment_status":"closed","ping_status":"closed","sticky":false,"template":"","format":"standard","meta":{"_acf_changed":false,"_uag_custom_page_level_css":"","_monsterinsights_skip_tracking":false,"_monsterinsights_sitenote_active":false,"_monsterinsights_sitenote_note":"","_monsterinsights_sitenote_category":0,"cybocfi_hide_featured_image":"","footnotes":""},"categories":[80,147,76],"tags":[211],"infouartes":[],"class_list":["post-6883","post","type-post","status-publish","format-standard","has-post-thumbnail","hentry","category-academico","category-cine","category-estudiantes","tag-covid19"],"acf":[],"yoast_head":"<!-- This site is optimized with the Yoast SEO plugin v27.4 - https:\/\/yoast.com\/product\/yoast-seo-wordpress\/ -->\n<title>Universidad de las Artes - El producto art\u00edstico y la realizaci\u00f3n cinematogr\u00e1fica individual de Zully Ruiz<\/title>\n<meta name=\"description\" content=\"Universidad de las Artes - El producto art\u00edstico y la realizaci\u00f3n cinematogr\u00e1fica individual de Zully Ruiz\" \/>\n<meta name=\"robots\" content=\"index, follow, max-snippet:-1, max-image-preview:large, max-video-preview:-1\" \/>\n<link rel=\"canonical\" href=\"https:\/\/www.uartes.edu.ec\/sitio\/en\/blog\/2020\/05\/07\/el-producto-artistico-y-la-realizacion-cinematografica-individual-de-zully-ruiz\/\" \/>\n<meta property=\"og:locale\" content=\"en_US\" \/>\n<meta property=\"og:type\" content=\"article\" \/>\n<meta property=\"og:title\" content=\"Universidad de las Artes - El producto art\u00edstico y la realizaci\u00f3n cinematogr\u00e1fica individual de Zully Ruiz\" \/>\n<meta property=\"og:description\" content=\"Universidad de las Artes - El producto art\u00edstico y la realizaci\u00f3n cinematogr\u00e1fica individual de Zully Ruiz\" \/>\n<meta property=\"og:url\" content=\"https:\/\/www.uartes.edu.ec\/sitio\/en\/blog\/2020\/05\/07\/el-producto-artistico-y-la-realizacion-cinematografica-individual-de-zully-ruiz\/\" \/>\n<meta property=\"og:site_name\" content=\"Universidad de las Artes\" \/>\n<meta property=\"article:publisher\" content=\"https:\/\/www.facebook.com\/uartesec\" \/>\n<meta property=\"article:published_time\" content=\"2020-05-07T14:10:36+00:00\" \/>\n<meta property=\"article:modified_time\" content=\"2024-07-04T16:43:15+00:00\" \/>\n<meta property=\"og:image\" content=\"https:\/\/www.uartes.edu.ec\/sitio\/wp-content\/uploads\/2020\/05\/ZULLY-EVELYN-RUIZ-CANDELO.jpg\" \/>\n\t<meta property=\"og:image:width\" content=\"908\" \/>\n\t<meta property=\"og:image:height\" content=\"606\" \/>\n\t<meta property=\"og:image:type\" content=\"image\/jpeg\" \/>\n<meta name=\"author\" content=\"Universidad de las Artes\" \/>\n<meta name=\"twitter:card\" content=\"summary_large_image\" \/>\n<meta name=\"twitter:creator\" content=\"@uartesec\" \/>\n<meta name=\"twitter:site\" content=\"@uartesec\" \/>\n<meta name=\"twitter:label1\" content=\"Written by\" \/>\n\t<meta name=\"twitter:data1\" content=\"Universidad de las Artes\" \/>\n\t<meta name=\"twitter:label2\" content=\"Est. reading time\" \/>\n\t<meta name=\"twitter:data2\" content=\"1 minute\" \/>\n<script type=\"application\/ld+json\" class=\"yoast-schema-graph\">{\"@context\":\"https:\\\/\\\/schema.org\",\"@graph\":[{\"@type\":\"Article\",\"@id\":\"https:\\\/\\\/www.uartes.edu.ec\\\/sitio\\\/en\\\/blog\\\/2020\\\/05\\\/07\\\/el-producto-artistico-y-la-realizacion-cinematografica-individual-de-zully-ruiz\\\/#article\",\"isPartOf\":{\"@id\":\"https:\\\/\\\/www.uartes.edu.ec\\\/sitio\\\/en\\\/blog\\\/2020\\\/05\\\/07\\\/el-producto-artistico-y-la-realizacion-cinematografica-individual-de-zully-ruiz\\\/\"},\"author\":{\"name\":\"Universidad de las Artes\",\"@id\":\"https:\\\/\\\/www.uartes.edu.ec\\\/sitio\\\/en\\\/#\\\/schema\\\/person\\\/f33f8c1d2af0d5c80a38c8abf458184a\"},\"headline\":\"El producto art\u00edstico y la realizaci\u00f3n cinematogr\u00e1fica individual de Zully Ruiz\",\"datePublished\":\"2020-05-07T14:10:36+00:00\",\"dateModified\":\"2024-07-04T16:43:15+00:00\",\"mainEntityOfPage\":{\"@id\":\"https:\\\/\\\/www.uartes.edu.ec\\\/sitio\\\/en\\\/blog\\\/2020\\\/05\\\/07\\\/el-producto-artistico-y-la-realizacion-cinematografica-individual-de-zully-ruiz\\\/\"},\"wordCount\":285,\"publisher\":{\"@id\":\"https:\\\/\\\/www.uartes.edu.ec\\\/sitio\\\/en\\\/#organization\"},\"image\":{\"@id\":\"https:\\\/\\\/www.uartes.edu.ec\\\/sitio\\\/en\\\/blog\\\/2020\\\/05\\\/07\\\/el-producto-artistico-y-la-realizacion-cinematografica-individual-de-zully-ruiz\\\/#primaryimage\"},\"thumbnailUrl\":\"https:\\\/\\\/www.uartes.edu.ec\\\/sitio\\\/wp-content\\\/uploads\\\/2020\\\/05\\\/ZULLY-EVELYN-RUIZ-CANDELO.jpg\",\"keywords\":[\"covid19\"],\"articleSection\":[\"Acad\u00e9mico\",\"Cine\",\"Estudiantes\"],\"inLanguage\":\"en-US\"},{\"@type\":[\"WebPage\",\"ItemPage\"],\"@id\":\"https:\\\/\\\/www.uartes.edu.ec\\\/sitio\\\/en\\\/blog\\\/2020\\\/05\\\/07\\\/el-producto-artistico-y-la-realizacion-cinematografica-individual-de-zully-ruiz\\\/\",\"url\":\"https:\\\/\\\/www.uartes.edu.ec\\\/sitio\\\/en\\\/blog\\\/2020\\\/05\\\/07\\\/el-producto-artistico-y-la-realizacion-cinematografica-individual-de-zully-ruiz\\\/\",\"name\":\"Universidad de las Artes - El producto art\u00edstico y la realizaci\u00f3n cinematogr\u00e1fica individual de Zully Ruiz\",\"isPartOf\":{\"@id\":\"https:\\\/\\\/www.uartes.edu.ec\\\/sitio\\\/en\\\/#website\"},\"primaryImageOfPage\":{\"@id\":\"https:\\\/\\\/www.uartes.edu.ec\\\/sitio\\\/en\\\/blog\\\/2020\\\/05\\\/07\\\/el-producto-artistico-y-la-realizacion-cinematografica-individual-de-zully-ruiz\\\/#primaryimage\"},\"image\":{\"@id\":\"https:\\\/\\\/www.uartes.edu.ec\\\/sitio\\\/en\\\/blog\\\/2020\\\/05\\\/07\\\/el-producto-artistico-y-la-realizacion-cinematografica-individual-de-zully-ruiz\\\/#primaryimage\"},\"thumbnailUrl\":\"https:\\\/\\\/www.uartes.edu.ec\\\/sitio\\\/wp-content\\\/uploads\\\/2020\\\/05\\\/ZULLY-EVELYN-RUIZ-CANDELO.jpg\",\"datePublished\":\"2020-05-07T14:10:36+00:00\",\"dateModified\":\"2024-07-04T16:43:15+00:00\",\"description\":\"Universidad de las Artes - El producto art\u00edstico y la realizaci\u00f3n cinematogr\u00e1fica individual de Zully Ruiz\",\"breadcrumb\":{\"@id\":\"https:\\\/\\\/www.uartes.edu.ec\\\/sitio\\\/en\\\/blog\\\/2020\\\/05\\\/07\\\/el-producto-artistico-y-la-realizacion-cinematografica-individual-de-zully-ruiz\\\/#breadcrumb\"},\"inLanguage\":\"en-US\",\"potentialAction\":[{\"@type\":\"ReadAction\",\"target\":[\"https:\\\/\\\/www.uartes.edu.ec\\\/sitio\\\/en\\\/blog\\\/2020\\\/05\\\/07\\\/el-producto-artistico-y-la-realizacion-cinematografica-individual-de-zully-ruiz\\\/\"]}]},{\"@type\":\"ImageObject\",\"inLanguage\":\"en-US\",\"@id\":\"https:\\\/\\\/www.uartes.edu.ec\\\/sitio\\\/en\\\/blog\\\/2020\\\/05\\\/07\\\/el-producto-artistico-y-la-realizacion-cinematografica-individual-de-zully-ruiz\\\/#primaryimage\",\"url\":\"https:\\\/\\\/www.uartes.edu.ec\\\/sitio\\\/wp-content\\\/uploads\\\/2020\\\/05\\\/ZULLY-EVELYN-RUIZ-CANDELO.jpg\",\"contentUrl\":\"https:\\\/\\\/www.uartes.edu.ec\\\/sitio\\\/wp-content\\\/uploads\\\/2020\\\/05\\\/ZULLY-EVELYN-RUIZ-CANDELO.jpg\",\"width\":908,\"height\":606},{\"@type\":\"BreadcrumbList\",\"@id\":\"https:\\\/\\\/www.uartes.edu.ec\\\/sitio\\\/en\\\/blog\\\/2020\\\/05\\\/07\\\/el-producto-artistico-y-la-realizacion-cinematografica-individual-de-zully-ruiz\\\/#breadcrumb\",\"itemListElement\":[{\"@type\":\"ListItem\",\"position\":1,\"name\":\"Inicio\",\"item\":\"https:\\\/\\\/www.uartes.edu.ec\\\/sitio\\\/\"},{\"@type\":\"ListItem\",\"position\":2,\"name\":\"El producto art\u00edstico y la realizaci\u00f3n cinematogr\u00e1fica individual de Zully Ruiz\"}]},{\"@type\":\"WebSite\",\"@id\":\"https:\\\/\\\/www.uartes.edu.ec\\\/sitio\\\/en\\\/#website\",\"url\":\"https:\\\/\\\/www.uartes.edu.ec\\\/sitio\\\/en\\\/\",\"name\":\"Universidad de las Artes\",\"description\":\"Sitio oficial de la Universidad Nacional de las Artes del Ecuador\",\"publisher\":{\"@id\":\"https:\\\/\\\/www.uartes.edu.ec\\\/sitio\\\/en\\\/#organization\"},\"potentialAction\":[{\"@type\":\"SearchAction\",\"target\":{\"@type\":\"EntryPoint\",\"urlTemplate\":\"https:\\\/\\\/www.uartes.edu.ec\\\/sitio\\\/en\\\/?s={search_term_string}\"},\"query-input\":{\"@type\":\"PropertyValueSpecification\",\"valueRequired\":true,\"valueName\":\"search_term_string\"}}],\"inLanguage\":\"en-US\"},{\"@type\":\"Organization\",\"@id\":\"https:\\\/\\\/www.uartes.edu.ec\\\/sitio\\\/en\\\/#organization\",\"name\":\"Universidad de las Artes\",\"url\":\"https:\\\/\\\/www.uartes.edu.ec\\\/sitio\\\/en\\\/\",\"logo\":{\"@type\":\"ImageObject\",\"inLanguage\":\"en-US\",\"@id\":\"https:\\\/\\\/www.uartes.edu.ec\\\/sitio\\\/en\\\/#\\\/schema\\\/logo\\\/image\\\/\",\"url\":\"https:\\\/\\\/www.uartes.edu.ec\\\/sitio\\\/wp-content\\\/uploads\\\/2022\\\/07\\\/logo-ua-horizontal.png\",\"contentUrl\":\"https:\\\/\\\/www.uartes.edu.ec\\\/sitio\\\/wp-content\\\/uploads\\\/2022\\\/07\\\/logo-ua-horizontal.png\",\"width\":800,\"height\":276,\"caption\":\"Universidad de las Artes\"},\"image\":{\"@id\":\"https:\\\/\\\/www.uartes.edu.ec\\\/sitio\\\/en\\\/#\\\/schema\\\/logo\\\/image\\\/\"},\"sameAs\":[\"https:\\\/\\\/www.facebook.com\\\/uartesec\",\"https:\\\/\\\/x.com\\\/uartesec\",\"https:\\\/\\\/www.tiktok.com\\\/@uartesec\"]},{\"@type\":\"Person\",\"@id\":\"https:\\\/\\\/www.uartes.edu.ec\\\/sitio\\\/en\\\/#\\\/schema\\\/person\\\/f33f8c1d2af0d5c80a38c8abf458184a\",\"name\":\"Universidad de las Artes\",\"image\":{\"@type\":\"ImageObject\",\"inLanguage\":\"en-US\",\"@id\":\"https:\\\/\\\/secure.gravatar.com\\\/avatar\\\/52e4757902f5cfa5ac52d020e5be83cae5487519154b6c35482fe08d589f3c13?s=96&d=mm&r=g\",\"url\":\"https:\\\/\\\/secure.gravatar.com\\\/avatar\\\/52e4757902f5cfa5ac52d020e5be83cae5487519154b6c35482fe08d589f3c13?s=96&d=mm&r=g\",\"contentUrl\":\"https:\\\/\\\/secure.gravatar.com\\\/avatar\\\/52e4757902f5cfa5ac52d020e5be83cae5487519154b6c35482fe08d589f3c13?s=96&d=mm&r=g\",\"caption\":\"Universidad de las Artes\"},\"url\":\"https:\\\/\\\/www.uartes.edu.ec\\\/sitio\\\/en\\\/blog\\\/author\\\/dircomadm\\\/\"}]}<\/script>\n<!-- \/ Yoast SEO plugin. -->","yoast_head_json":{"title":"Universidad de las Artes - El producto art\u00edstico y la realizaci\u00f3n cinematogr\u00e1fica individual de Zully Ruiz","description":"Universidad de las Artes - El producto art\u00edstico y la realizaci\u00f3n cinematogr\u00e1fica individual de Zully Ruiz","robots":{"index":"index","follow":"follow","max-snippet":"max-snippet:-1","max-image-preview":"max-image-preview:large","max-video-preview":"max-video-preview:-1"},"canonical":"https:\/\/www.uartes.edu.ec\/sitio\/en\/blog\/2020\/05\/07\/el-producto-artistico-y-la-realizacion-cinematografica-individual-de-zully-ruiz\/","og_locale":"en_US","og_type":"article","og_title":"Universidad de las Artes - El producto art\u00edstico y la realizaci\u00f3n cinematogr\u00e1fica individual de Zully Ruiz","og_description":"Universidad de las Artes - El producto art\u00edstico y la realizaci\u00f3n cinematogr\u00e1fica individual de Zully Ruiz","og_url":"https:\/\/www.uartes.edu.ec\/sitio\/en\/blog\/2020\/05\/07\/el-producto-artistico-y-la-realizacion-cinematografica-individual-de-zully-ruiz\/","og_site_name":"Universidad de las Artes","article_publisher":"https:\/\/www.facebook.com\/uartesec","article_published_time":"2020-05-07T14:10:36+00:00","article_modified_time":"2024-07-04T16:43:15+00:00","og_image":[{"width":908,"height":606,"url":"https:\/\/www.uartes.edu.ec\/sitio\/wp-content\/uploads\/2020\/05\/ZULLY-EVELYN-RUIZ-CANDELO.jpg","type":"image\/jpeg"}],"author":"Universidad de las Artes","twitter_card":"summary_large_image","twitter_creator":"@uartesec","twitter_site":"@uartesec","twitter_misc":{"Written by":"Universidad de las Artes","Est. reading time":"1 minute"},"schema":{"@context":"https:\/\/schema.org","@graph":[{"@type":"Article","@id":"https:\/\/www.uartes.edu.ec\/sitio\/en\/blog\/2020\/05\/07\/el-producto-artistico-y-la-realizacion-cinematografica-individual-de-zully-ruiz\/#article","isPartOf":{"@id":"https:\/\/www.uartes.edu.ec\/sitio\/en\/blog\/2020\/05\/07\/el-producto-artistico-y-la-realizacion-cinematografica-individual-de-zully-ruiz\/"},"author":{"name":"Universidad de las Artes","@id":"https:\/\/www.uartes.edu.ec\/sitio\/en\/#\/schema\/person\/f33f8c1d2af0d5c80a38c8abf458184a"},"headline":"El producto art\u00edstico y la realizaci\u00f3n cinematogr\u00e1fica individual de Zully Ruiz","datePublished":"2020-05-07T14:10:36+00:00","dateModified":"2024-07-04T16:43:15+00:00","mainEntityOfPage":{"@id":"https:\/\/www.uartes.edu.ec\/sitio\/en\/blog\/2020\/05\/07\/el-producto-artistico-y-la-realizacion-cinematografica-individual-de-zully-ruiz\/"},"wordCount":285,"publisher":{"@id":"https:\/\/www.uartes.edu.ec\/sitio\/en\/#organization"},"image":{"@id":"https:\/\/www.uartes.edu.ec\/sitio\/en\/blog\/2020\/05\/07\/el-producto-artistico-y-la-realizacion-cinematografica-individual-de-zully-ruiz\/#primaryimage"},"thumbnailUrl":"https:\/\/www.uartes.edu.ec\/sitio\/wp-content\/uploads\/2020\/05\/ZULLY-EVELYN-RUIZ-CANDELO.jpg","keywords":["covid19"],"articleSection":["Acad\u00e9mico","Cine","Estudiantes"],"inLanguage":"en-US"},{"@type":["WebPage","ItemPage"],"@id":"https:\/\/www.uartes.edu.ec\/sitio\/en\/blog\/2020\/05\/07\/el-producto-artistico-y-la-realizacion-cinematografica-individual-de-zully-ruiz\/","url":"https:\/\/www.uartes.edu.ec\/sitio\/en\/blog\/2020\/05\/07\/el-producto-artistico-y-la-realizacion-cinematografica-individual-de-zully-ruiz\/","name":"Universidad de las Artes - El producto art\u00edstico y la realizaci\u00f3n cinematogr\u00e1fica individual de Zully Ruiz","isPartOf":{"@id":"https:\/\/www.uartes.edu.ec\/sitio\/en\/#website"},"primaryImageOfPage":{"@id":"https:\/\/www.uartes.edu.ec\/sitio\/en\/blog\/2020\/05\/07\/el-producto-artistico-y-la-realizacion-cinematografica-individual-de-zully-ruiz\/#primaryimage"},"image":{"@id":"https:\/\/www.uartes.edu.ec\/sitio\/en\/blog\/2020\/05\/07\/el-producto-artistico-y-la-realizacion-cinematografica-individual-de-zully-ruiz\/#primaryimage"},"thumbnailUrl":"https:\/\/www.uartes.edu.ec\/sitio\/wp-content\/uploads\/2020\/05\/ZULLY-EVELYN-RUIZ-CANDELO.jpg","datePublished":"2020-05-07T14:10:36+00:00","dateModified":"2024-07-04T16:43:15+00:00","description":"Universidad de las Artes - El producto art\u00edstico y la realizaci\u00f3n cinematogr\u00e1fica individual de Zully Ruiz","breadcrumb":{"@id":"https:\/\/www.uartes.edu.ec\/sitio\/en\/blog\/2020\/05\/07\/el-producto-artistico-y-la-realizacion-cinematografica-individual-de-zully-ruiz\/#breadcrumb"},"inLanguage":"en-US","potentialAction":[{"@type":"ReadAction","target":["https:\/\/www.uartes.edu.ec\/sitio\/en\/blog\/2020\/05\/07\/el-producto-artistico-y-la-realizacion-cinematografica-individual-de-zully-ruiz\/"]}]},{"@type":"ImageObject","inLanguage":"en-US","@id":"https:\/\/www.uartes.edu.ec\/sitio\/en\/blog\/2020\/05\/07\/el-producto-artistico-y-la-realizacion-cinematografica-individual-de-zully-ruiz\/#primaryimage","url":"https:\/\/www.uartes.edu.ec\/sitio\/wp-content\/uploads\/2020\/05\/ZULLY-EVELYN-RUIZ-CANDELO.jpg","contentUrl":"https:\/\/www.uartes.edu.ec\/sitio\/wp-content\/uploads\/2020\/05\/ZULLY-EVELYN-RUIZ-CANDELO.jpg","width":908,"height":606},{"@type":"BreadcrumbList","@id":"https:\/\/www.uartes.edu.ec\/sitio\/en\/blog\/2020\/05\/07\/el-producto-artistico-y-la-realizacion-cinematografica-individual-de-zully-ruiz\/#breadcrumb","itemListElement":[{"@type":"ListItem","position":1,"name":"Inicio","item":"https:\/\/www.uartes.edu.ec\/sitio\/"},{"@type":"ListItem","position":2,"name":"El producto art\u00edstico y la realizaci\u00f3n cinematogr\u00e1fica individual de Zully Ruiz"}]},{"@type":"WebSite","@id":"https:\/\/www.uartes.edu.ec\/sitio\/en\/#website","url":"https:\/\/www.uartes.edu.ec\/sitio\/en\/","name":"Universidad de las Artes","description":"Sitio oficial de la Universidad Nacional de las Artes del Ecuador","publisher":{"@id":"https:\/\/www.uartes.edu.ec\/sitio\/en\/#organization"},"potentialAction":[{"@type":"SearchAction","target":{"@type":"EntryPoint","urlTemplate":"https:\/\/www.uartes.edu.ec\/sitio\/en\/?s={search_term_string}"},"query-input":{"@type":"PropertyValueSpecification","valueRequired":true,"valueName":"search_term_string"}}],"inLanguage":"en-US"},{"@type":"Organization","@id":"https:\/\/www.uartes.edu.ec\/sitio\/en\/#organization","name":"Universidad de las Artes","url":"https:\/\/www.uartes.edu.ec\/sitio\/en\/","logo":{"@type":"ImageObject","inLanguage":"en-US","@id":"https:\/\/www.uartes.edu.ec\/sitio\/en\/#\/schema\/logo\/image\/","url":"https:\/\/www.uartes.edu.ec\/sitio\/wp-content\/uploads\/2022\/07\/logo-ua-horizontal.png","contentUrl":"https:\/\/www.uartes.edu.ec\/sitio\/wp-content\/uploads\/2022\/07\/logo-ua-horizontal.png","width":800,"height":276,"caption":"Universidad de las Artes"},"image":{"@id":"https:\/\/www.uartes.edu.ec\/sitio\/en\/#\/schema\/logo\/image\/"},"sameAs":["https:\/\/www.facebook.com\/uartesec","https:\/\/x.com\/uartesec","https:\/\/www.tiktok.com\/@uartesec"]},{"@type":"Person","@id":"https:\/\/www.uartes.edu.ec\/sitio\/en\/#\/schema\/person\/f33f8c1d2af0d5c80a38c8abf458184a","name":"Universidad de las Artes","image":{"@type":"ImageObject","inLanguage":"en-US","@id":"https:\/\/secure.gravatar.com\/avatar\/52e4757902f5cfa5ac52d020e5be83cae5487519154b6c35482fe08d589f3c13?s=96&d=mm&r=g","url":"https:\/\/secure.gravatar.com\/avatar\/52e4757902f5cfa5ac52d020e5be83cae5487519154b6c35482fe08d589f3c13?s=96&d=mm&r=g","contentUrl":"https:\/\/secure.gravatar.com\/avatar\/52e4757902f5cfa5ac52d020e5be83cae5487519154b6c35482fe08d589f3c13?s=96&d=mm&r=g","caption":"Universidad de las Artes"},"url":"https:\/\/www.uartes.edu.ec\/sitio\/en\/blog\/author\/dircomadm\/"}]}},"uagb_featured_image_src":{"full":["https:\/\/www.uartes.edu.ec\/sitio\/wp-content\/uploads\/2020\/05\/ZULLY-EVELYN-RUIZ-CANDELO.jpg",908,606,false],"thumbnail":["https:\/\/www.uartes.edu.ec\/sitio\/wp-content\/uploads\/2020\/05\/ZULLY-EVELYN-RUIZ-CANDELO-150x150.jpg",150,150,true],"medium":["https:\/\/www.uartes.edu.ec\/sitio\/wp-content\/uploads\/2020\/05\/ZULLY-EVELYN-RUIZ-CANDELO-300x200.jpg",300,200,true],"medium_large":["https:\/\/www.uartes.edu.ec\/sitio\/wp-content\/uploads\/2020\/05\/ZULLY-EVELYN-RUIZ-CANDELO-768x513.jpg",768,513,true],"large":["https:\/\/www.uartes.edu.ec\/sitio\/wp-content\/uploads\/2020\/05\/ZULLY-EVELYN-RUIZ-CANDELO-644x430.jpg",644,430,true],"1536x1536":["https:\/\/www.uartes.edu.ec\/sitio\/wp-content\/uploads\/2020\/05\/ZULLY-EVELYN-RUIZ-CANDELO.jpg",908,606,false],"2048x2048":["https:\/\/www.uartes.edu.ec\/sitio\/wp-content\/uploads\/2020\/05\/ZULLY-EVELYN-RUIZ-CANDELO.jpg",908,606,false],"trp-custom-language-flag":["https:\/\/www.uartes.edu.ec\/sitio\/wp-content\/uploads\/2020\/05\/ZULLY-EVELYN-RUIZ-CANDELO.jpg",18,12,false],"htmega_size_585x295":["https:\/\/www.uartes.edu.ec\/sitio\/wp-content\/uploads\/2020\/05\/ZULLY-EVELYN-RUIZ-CANDELO.jpg",442,295,false],"htmega_size_1170x536":["https:\/\/www.uartes.edu.ec\/sitio\/wp-content\/uploads\/2020\/05\/ZULLY-EVELYN-RUIZ-CANDELO.jpg",803,536,false],"htmega_size_396x360":["https:\/\/www.uartes.edu.ec\/sitio\/wp-content\/uploads\/2020\/05\/ZULLY-EVELYN-RUIZ-CANDELO.jpg",396,264,false],"gb-block-post-grid-landscape":["https:\/\/www.uartes.edu.ec\/sitio\/wp-content\/uploads\/2020\/05\/ZULLY-EVELYN-RUIZ-CANDELO.jpg",600,400,false],"gb-block-post-grid-square":["https:\/\/www.uartes.edu.ec\/sitio\/wp-content\/uploads\/2020\/05\/ZULLY-EVELYN-RUIZ-CANDELO.jpg",600,400,false],"university-hub-thumb":["https:\/\/www.uartes.edu.ec\/sitio\/wp-content\/uploads\/2020\/05\/ZULLY-EVELYN-RUIZ-CANDELO-400x267.jpg",400,267,true]},"uagb_author_info":{"display_name":"Universidad de las Artes","author_link":"https:\/\/www.uartes.edu.ec\/sitio\/en\/blog\/author\/dircomadm\/"},"uagb_comment_info":0,"uagb_excerpt":"Zully Evelyn Ruiz Candelo, estudiante de la Escuela de Cine de la Universidad de las Artes, sustent\u00f3 su tesis de grado el 22 de abril de 2020, v\u00eda videoconferencia.","featured_image_src":"https:\/\/www.uartes.edu.ec\/sitio\/wp-content\/uploads\/2020\/05\/ZULLY-EVELYN-RUIZ-CANDELO.jpg","featured_image_src_square":"https:\/\/www.uartes.edu.ec\/sitio\/wp-content\/uploads\/2020\/05\/ZULLY-EVELYN-RUIZ-CANDELO.jpg","author_info":{"display_name":"Universidad de las Artes","author_link":"https:\/\/www.uartes.edu.ec\/sitio\/en\/blog\/author\/dircomadm\/"},"publishpress_future_workflow_manual_trigger":{"enabledWorkflows":[]},"distributor_meta":false,"distributor_terms":false,"distributor_media":false,"distributor_original_site_name":"Universidad de las Artes","distributor_original_site_url":"https:\/\/www.uartes.edu.ec\/sitio\/en","push-errors":false,"_links":{"self":[{"href":"https:\/\/www.uartes.edu.ec\/sitio\/en\/wp-json\/wp\/v2\/posts\/6883","targetHints":{"allow":["GET"]}}],"collection":[{"href":"https:\/\/www.uartes.edu.ec\/sitio\/en\/wp-json\/wp\/v2\/posts"}],"about":[{"href":"https:\/\/www.uartes.edu.ec\/sitio\/en\/wp-json\/wp\/v2\/types\/post"}],"author":[{"embeddable":true,"href":"https:\/\/www.uartes.edu.ec\/sitio\/en\/wp-json\/wp\/v2\/users\/1"}],"replies":[{"embeddable":true,"href":"https:\/\/www.uartes.edu.ec\/sitio\/en\/wp-json\/wp\/v2\/comments?post=6883"}],"version-history":[{"count":2,"href":"https:\/\/www.uartes.edu.ec\/sitio\/en\/wp-json\/wp\/v2\/posts\/6883\/revisions"}],"predecessor-version":[{"id":57640,"href":"https:\/\/www.uartes.edu.ec\/sitio\/en\/wp-json\/wp\/v2\/posts\/6883\/revisions\/57640"}],"wp:featuredmedia":[{"embeddable":true,"href":"https:\/\/www.uartes.edu.ec\/sitio\/en\/wp-json\/wp\/v2\/media\/6885"}],"wp:attachment":[{"href":"https:\/\/www.uartes.edu.ec\/sitio\/en\/wp-json\/wp\/v2\/media?parent=6883"}],"wp:term":[{"taxonomy":"category","embeddable":true,"href":"https:\/\/www.uartes.edu.ec\/sitio\/en\/wp-json\/wp\/v2\/categories?post=6883"},{"taxonomy":"post_tag","embeddable":true,"href":"https:\/\/www.uartes.edu.ec\/sitio\/en\/wp-json\/wp\/v2\/tags?post=6883"},{"taxonomy":"infouartes","embeddable":true,"href":"https:\/\/www.uartes.edu.ec\/sitio\/en\/wp-json\/wp\/v2\/infouartes?post=6883"}],"curies":[{"name":"wp","href":"https:\/\/api.w.org\/{rel}","templated":true}]}}