{"id":6897,"date":"2020-05-07T11:08:28","date_gmt":"2020-05-07T16:08:28","guid":{"rendered":"http:\/\/www.uartes.edu.ec\/sitio\/?p=6897"},"modified":"2024-07-04T11:43:15","modified_gmt":"2024-07-04T16:43:15","slug":"habitat-objetual-tesis-teorica-y-practica-de-andrea-cedeno","status":"publish","type":"post","link":"https:\/\/www.uartes.edu.ec\/sitio\/en\/blog\/2020\/05\/07\/habitat-objetual-tesis-teorica-y-practica-de-andrea-cedeno\/","title":{"rendered":"H\u00e1bitat objetual, tesis te\u00f3rica  y pr\u00e1ctica de Andrea Cede\u00f1o"},"content":{"rendered":"<p>Andrea Bel\u00e9n Cede\u00f1o Dom\u00ednguez, estudiante de la Escuela de Artes Visuales de la Universidad de las Artes, da detalles de la tesis de grado que sustent\u00f3 v\u00eda videoconferencia el 24 de abril. La titul\u00f3 <em>H\u00e1bitat objetual<\/em> y la concibi\u00f3 como un proyecto estructurado entre la producci\u00f3n te\u00f3rica y la pr\u00e1ctica; cont\u00f3 con obras\/exposici\u00f3n.<\/p>\n\n\n\n<p><em>\u201c<\/em>Est\u00e1 enfocada al an\u00e1lisis de los objetos que se encuentran en el h\u00e1bitat del humano y de qu\u00e9 forma su refugio, o vivienda, se vuelve s\u00edmbolo de su estancia en el mundo real y virtual. Mencionando temas como la virtualidad, el 3D y las herramientas que proporcionan una visi\u00f3n evolutiva tecnol\u00f3gica (c\u00e1maras, smartphones, pantallas), las cuales fueron relevantes durante todo el proceso de la exposici\u00f3n art\u00edstica.<\/p>\n\n\n\n<p>\u201cLa tesis la desarroll\u00e9 durante seis meses, pero la exploraci\u00f3n en cuanto a las obras de la exposici\u00f3n final me tom\u00f3 varios semestres porque ten\u00edan investigaciones previas del contenido (los nuevos medios, lo instalativo, lo virtual) y el montaje. En lo econ\u00f3mico me ayud\u00f3 mucho la Universidad de las Artes con la beca que ten\u00eda en la misma. &nbsp;<\/p>\n\n\n\n<p>\u201cEn todo este proceso de titulaci\u00f3n descubr\u00ed que en el contexto local existen muy pocas exploraciones y exposiciones que aborden el campo de los nuevos medios. En cuanto al proceso de creaci\u00f3n art\u00edstica, todas las obras decid\u00ed producirlas junto con personas que se encuentran dentro y fuera del medio art\u00edstico, logr\u00e9 un trabajo interdisciplinar.<\/p>\n\n\n\n<div class=\"wp-block-image\"><figure class=\"aligncenter size-large\"><img fetchpriority=\"high\" decoding=\"async\" width=\"644\" height=\"429\" src=\"http:\/\/www.uartes.edu.ec\/sitio\/wp-content\/uploads\/2020\/05\/1--644x429.jpg\" alt=\"\" class=\"wp-image-6898\" srcset=\"https:\/\/www.uartes.edu.ec\/sitio\/wp-content\/uploads\/2020\/05\/1--644x429.jpg 644w, https:\/\/www.uartes.edu.ec\/sitio\/wp-content\/uploads\/2020\/05\/1--300x200.jpg 300w, https:\/\/www.uartes.edu.ec\/sitio\/wp-content\/uploads\/2020\/05\/1--768x512.jpg 768w, https:\/\/www.uartes.edu.ec\/sitio\/wp-content\/uploads\/2020\/05\/1--1536x1024.jpg 1536w, https:\/\/www.uartes.edu.ec\/sitio\/wp-content\/uploads\/2020\/05\/1--600x400.jpg 600w, https:\/\/www.uartes.edu.ec\/sitio\/wp-content\/uploads\/2020\/05\/1--400x267.jpg 400w, https:\/\/www.uartes.edu.ec\/sitio\/wp-content\/uploads\/2020\/05\/1--272x182.jpg 272w, https:\/\/www.uartes.edu.ec\/sitio\/wp-content\/uploads\/2020\/05\/1-.jpg 2000w\" sizes=\"(max-width: 644px) 100vw, 644px\" \/><\/figure><\/div>\n\n\n\n<p>\u201cLos temas que se plantean en este proyecto \u2013como el h\u00e1bitat del ser humano como \u00fanico lugar donde se puede conseguir una introspecci\u00f3n y los objetos tecnol\u00f3gicos como elementos indispensables\u2013, se volvieron debatibles a la semana de realizar la exposici\u00f3n debido a la pandemia que mantiene a muchos encerrados y utilizando herramientas virtuales como \u00fanico medio de comunicaci\u00f3n y contacto. El teletrabajo, la educaci\u00f3n virtual y la salud investigada desde la telefon\u00eda m\u00f3vil demuestran que lo presencial pierde sentido en gran manera y nosotros como artistas tenemos que adaptarnos a estos cambios venideros.<\/p>\n\n\n\n<p>\u201cLa programaci\u00f3n de sustentaci\u00f3n tuvo dos fases. La primera se realiz\u00f3 f\u00edsicamente (con una exposici\u00f3n p\u00fablica y presencial) los d\u00edas 12 y 13 de marzo. La segunda fue la presentaci\u00f3n v\u00eda videoconferencia. Curiosamente muchos de los planteamientos de mi investigaci\u00f3n, como la educaci\u00f3n online y las herramientas virtuales, son actualmente debatidos al nivel global. &nbsp;<\/p>\n\n\n\n<p>\u201cPara mi sustentaci\u00f3n en l\u00ednea realic\u00e9 un video con un recorrido de lo que fue la exposici\u00f3n. Estructur\u00e9 las diapositivas de forma que la explicara visualmente con registros fotogr\u00e1ficos, visualizaciones 3D de las obras y el espacio de la muestra. Con ayuda de mi tutor, el docente Cristian Villavicencio, hice varias pruebas para familiarizarnos con la herramienta Zoom\u201d.<\/p>\n\n\n\n<p>Tras obtener la licenciatura, Andrea Cede\u00f1o planea seguir con el Colectivo ADA, explorando la interactividad dentro de los nuevos medios y los espacios expositivos en este mismo campo; y, con la productora audiovisual Pots Studio, en el proyecto de dar talleres de stop motion y producir contenido de distintos campos. \u201cEn lo personal, investigar de manera m\u00e1s profunda lo virtual dentro de mi contexto local y aplicar a convocatorias de becas, reunir recursos para financiar la maestr\u00eda en artes que pretendo realizar en Australia o Francia\u201d. <\/p>\n\n\n\n<p>De su paso por la UArtes y el ITAE destaca haber conocido a grandes maestros y alumnos artistas con quienes siempre el trabajo en equipo los condujo a grandes y profundas indagaciones sobre el arte.<\/p>","protected":false},"excerpt":{"rendered":"<p>Andrea Bel\u00e9n Cede\u00f1o Dom\u00ednguez, estudiante de la Escuela de Artes Visuales de la Universidad de las Artes, da detalles de la tesis de grado que sustent\u00f3 v\u00eda videoconferencia el 24 de abril.<\/p>","protected":false},"author":1,"featured_media":6899,"comment_status":"closed","ping_status":"closed","sticky":false,"template":"","format":"standard","meta":{"_acf_changed":false,"_uag_custom_page_level_css":"","_monsterinsights_skip_tracking":false,"_monsterinsights_sitenote_active":false,"_monsterinsights_sitenote_note":"","_monsterinsights_sitenote_category":0,"cybocfi_hide_featured_image":"","footnotes":""},"categories":[80,157,76],"tags":[211],"infouartes":[],"class_list":["post-6897","post","type-post","status-publish","format-standard","has-post-thumbnail","hentry","category-academico","category-artes-visuales","category-estudiantes","tag-covid19"],"acf":[],"yoast_head":"<!-- This site is optimized with the Yoast SEO plugin v27.4 - https:\/\/yoast.com\/product\/yoast-seo-wordpress\/ -->\n<title>Universidad de las Artes - H\u00e1bitat objetual, tesis te\u00f3rica y pr\u00e1ctica de Andrea Cede\u00f1o<\/title>\n<meta name=\"description\" content=\"Universidad de las Artes - H\u00e1bitat objetual, tesis te\u00f3rica y pr\u00e1ctica de Andrea Cede\u00f1o\" \/>\n<meta name=\"robots\" content=\"index, follow, max-snippet:-1, max-image-preview:large, max-video-preview:-1\" \/>\n<link rel=\"canonical\" href=\"https:\/\/www.uartes.edu.ec\/sitio\/en\/blog\/2020\/05\/07\/habitat-objetual-tesis-teorica-y-practica-de-andrea-cedeno\/\" \/>\n<meta property=\"og:locale\" content=\"en_US\" \/>\n<meta property=\"og:type\" content=\"article\" \/>\n<meta property=\"og:title\" content=\"Universidad de las Artes - H\u00e1bitat objetual, tesis te\u00f3rica y pr\u00e1ctica de Andrea Cede\u00f1o\" \/>\n<meta property=\"og:description\" content=\"Universidad de las Artes - H\u00e1bitat objetual, tesis te\u00f3rica y pr\u00e1ctica de Andrea Cede\u00f1o\" \/>\n<meta property=\"og:url\" content=\"https:\/\/www.uartes.edu.ec\/sitio\/en\/blog\/2020\/05\/07\/habitat-objetual-tesis-teorica-y-practica-de-andrea-cedeno\/\" \/>\n<meta property=\"og:site_name\" content=\"Universidad de las Artes\" \/>\n<meta property=\"article:publisher\" content=\"https:\/\/www.facebook.com\/uartesec\" \/>\n<meta property=\"article:published_time\" content=\"2020-05-07T16:08:28+00:00\" \/>\n<meta property=\"article:modified_time\" content=\"2024-07-04T16:43:15+00:00\" \/>\n<meta property=\"og:image\" content=\"https:\/\/www.uartes.edu.ec\/sitio\/wp-content\/uploads\/2020\/05\/6_1.jpg\" \/>\n\t<meta property=\"og:image:width\" content=\"886\" \/>\n\t<meta property=\"og:image:height\" content=\"591\" \/>\n\t<meta property=\"og:image:type\" content=\"image\/jpeg\" \/>\n<meta name=\"author\" content=\"Universidad de las Artes\" \/>\n<meta name=\"twitter:card\" content=\"summary_large_image\" \/>\n<meta name=\"twitter:creator\" content=\"@uartesec\" \/>\n<meta name=\"twitter:site\" content=\"@uartesec\" \/>\n<meta name=\"twitter:label1\" content=\"Written by\" \/>\n\t<meta name=\"twitter:data1\" content=\"Universidad de las Artes\" \/>\n\t<meta name=\"twitter:label2\" content=\"Est. reading time\" \/>\n\t<meta name=\"twitter:data2\" content=\"3 minutes\" \/>\n<script type=\"application\/ld+json\" class=\"yoast-schema-graph\">{\"@context\":\"https:\\\/\\\/schema.org\",\"@graph\":[{\"@type\":\"Article\",\"@id\":\"https:\\\/\\\/www.uartes.edu.ec\\\/sitio\\\/en\\\/blog\\\/2020\\\/05\\\/07\\\/habitat-objetual-tesis-teorica-y-practica-de-andrea-cedeno\\\/#article\",\"isPartOf\":{\"@id\":\"https:\\\/\\\/www.uartes.edu.ec\\\/sitio\\\/en\\\/blog\\\/2020\\\/05\\\/07\\\/habitat-objetual-tesis-teorica-y-practica-de-andrea-cedeno\\\/\"},\"author\":{\"name\":\"Universidad de las Artes\",\"@id\":\"https:\\\/\\\/www.uartes.edu.ec\\\/sitio\\\/en\\\/#\\\/schema\\\/person\\\/f33f8c1d2af0d5c80a38c8abf458184a\"},\"headline\":\"H\u00e1bitat objetual, tesis te\u00f3rica y pr\u00e1ctica de Andrea Cede\u00f1o\",\"datePublished\":\"2020-05-07T16:08:28+00:00\",\"dateModified\":\"2024-07-04T16:43:15+00:00\",\"mainEntityOfPage\":{\"@id\":\"https:\\\/\\\/www.uartes.edu.ec\\\/sitio\\\/en\\\/blog\\\/2020\\\/05\\\/07\\\/habitat-objetual-tesis-teorica-y-practica-de-andrea-cedeno\\\/\"},\"wordCount\":621,\"publisher\":{\"@id\":\"https:\\\/\\\/www.uartes.edu.ec\\\/sitio\\\/en\\\/#organization\"},\"image\":{\"@id\":\"https:\\\/\\\/www.uartes.edu.ec\\\/sitio\\\/en\\\/blog\\\/2020\\\/05\\\/07\\\/habitat-objetual-tesis-teorica-y-practica-de-andrea-cedeno\\\/#primaryimage\"},\"thumbnailUrl\":\"https:\\\/\\\/www.uartes.edu.ec\\\/sitio\\\/wp-content\\\/uploads\\\/2020\\\/05\\\/6_1.jpg\",\"keywords\":[\"covid19\"],\"articleSection\":[\"Acad\u00e9mico\",\"Artes Visuales\",\"Estudiantes\"],\"inLanguage\":\"en-US\"},{\"@type\":[\"WebPage\",\"ItemPage\"],\"@id\":\"https:\\\/\\\/www.uartes.edu.ec\\\/sitio\\\/en\\\/blog\\\/2020\\\/05\\\/07\\\/habitat-objetual-tesis-teorica-y-practica-de-andrea-cedeno\\\/\",\"url\":\"https:\\\/\\\/www.uartes.edu.ec\\\/sitio\\\/en\\\/blog\\\/2020\\\/05\\\/07\\\/habitat-objetual-tesis-teorica-y-practica-de-andrea-cedeno\\\/\",\"name\":\"Universidad de las Artes - H\u00e1bitat objetual, tesis te\u00f3rica y pr\u00e1ctica de Andrea Cede\u00f1o\",\"isPartOf\":{\"@id\":\"https:\\\/\\\/www.uartes.edu.ec\\\/sitio\\\/en\\\/#website\"},\"primaryImageOfPage\":{\"@id\":\"https:\\\/\\\/www.uartes.edu.ec\\\/sitio\\\/en\\\/blog\\\/2020\\\/05\\\/07\\\/habitat-objetual-tesis-teorica-y-practica-de-andrea-cedeno\\\/#primaryimage\"},\"image\":{\"@id\":\"https:\\\/\\\/www.uartes.edu.ec\\\/sitio\\\/en\\\/blog\\\/2020\\\/05\\\/07\\\/habitat-objetual-tesis-teorica-y-practica-de-andrea-cedeno\\\/#primaryimage\"},\"thumbnailUrl\":\"https:\\\/\\\/www.uartes.edu.ec\\\/sitio\\\/wp-content\\\/uploads\\\/2020\\\/05\\\/6_1.jpg\",\"datePublished\":\"2020-05-07T16:08:28+00:00\",\"dateModified\":\"2024-07-04T16:43:15+00:00\",\"description\":\"Universidad de las Artes - H\u00e1bitat objetual, tesis te\u00f3rica y pr\u00e1ctica de Andrea Cede\u00f1o\",\"breadcrumb\":{\"@id\":\"https:\\\/\\\/www.uartes.edu.ec\\\/sitio\\\/en\\\/blog\\\/2020\\\/05\\\/07\\\/habitat-objetual-tesis-teorica-y-practica-de-andrea-cedeno\\\/#breadcrumb\"},\"inLanguage\":\"en-US\",\"potentialAction\":[{\"@type\":\"ReadAction\",\"target\":[\"https:\\\/\\\/www.uartes.edu.ec\\\/sitio\\\/en\\\/blog\\\/2020\\\/05\\\/07\\\/habitat-objetual-tesis-teorica-y-practica-de-andrea-cedeno\\\/\"]}]},{\"@type\":\"ImageObject\",\"inLanguage\":\"en-US\",\"@id\":\"https:\\\/\\\/www.uartes.edu.ec\\\/sitio\\\/en\\\/blog\\\/2020\\\/05\\\/07\\\/habitat-objetual-tesis-teorica-y-practica-de-andrea-cedeno\\\/#primaryimage\",\"url\":\"https:\\\/\\\/www.uartes.edu.ec\\\/sitio\\\/wp-content\\\/uploads\\\/2020\\\/05\\\/6_1.jpg\",\"contentUrl\":\"https:\\\/\\\/www.uartes.edu.ec\\\/sitio\\\/wp-content\\\/uploads\\\/2020\\\/05\\\/6_1.jpg\",\"width\":886,\"height\":591},{\"@type\":\"BreadcrumbList\",\"@id\":\"https:\\\/\\\/www.uartes.edu.ec\\\/sitio\\\/en\\\/blog\\\/2020\\\/05\\\/07\\\/habitat-objetual-tesis-teorica-y-practica-de-andrea-cedeno\\\/#breadcrumb\",\"itemListElement\":[{\"@type\":\"ListItem\",\"position\":1,\"name\":\"Inicio\",\"item\":\"https:\\\/\\\/www.uartes.edu.ec\\\/sitio\\\/\"},{\"@type\":\"ListItem\",\"position\":2,\"name\":\"H\u00e1bitat objetual, tesis te\u00f3rica y pr\u00e1ctica de Andrea Cede\u00f1o\"}]},{\"@type\":\"WebSite\",\"@id\":\"https:\\\/\\\/www.uartes.edu.ec\\\/sitio\\\/en\\\/#website\",\"url\":\"https:\\\/\\\/www.uartes.edu.ec\\\/sitio\\\/en\\\/\",\"name\":\"Universidad de las Artes\",\"description\":\"Sitio oficial de la Universidad Nacional de las Artes del Ecuador\",\"publisher\":{\"@id\":\"https:\\\/\\\/www.uartes.edu.ec\\\/sitio\\\/en\\\/#organization\"},\"potentialAction\":[{\"@type\":\"SearchAction\",\"target\":{\"@type\":\"EntryPoint\",\"urlTemplate\":\"https:\\\/\\\/www.uartes.edu.ec\\\/sitio\\\/en\\\/?s={search_term_string}\"},\"query-input\":{\"@type\":\"PropertyValueSpecification\",\"valueRequired\":true,\"valueName\":\"search_term_string\"}}],\"inLanguage\":\"en-US\"},{\"@type\":\"Organization\",\"@id\":\"https:\\\/\\\/www.uartes.edu.ec\\\/sitio\\\/en\\\/#organization\",\"name\":\"Universidad de las Artes\",\"url\":\"https:\\\/\\\/www.uartes.edu.ec\\\/sitio\\\/en\\\/\",\"logo\":{\"@type\":\"ImageObject\",\"inLanguage\":\"en-US\",\"@id\":\"https:\\\/\\\/www.uartes.edu.ec\\\/sitio\\\/en\\\/#\\\/schema\\\/logo\\\/image\\\/\",\"url\":\"https:\\\/\\\/www.uartes.edu.ec\\\/sitio\\\/wp-content\\\/uploads\\\/2022\\\/07\\\/logo-ua-horizontal.png\",\"contentUrl\":\"https:\\\/\\\/www.uartes.edu.ec\\\/sitio\\\/wp-content\\\/uploads\\\/2022\\\/07\\\/logo-ua-horizontal.png\",\"width\":800,\"height\":276,\"caption\":\"Universidad de las Artes\"},\"image\":{\"@id\":\"https:\\\/\\\/www.uartes.edu.ec\\\/sitio\\\/en\\\/#\\\/schema\\\/logo\\\/image\\\/\"},\"sameAs\":[\"https:\\\/\\\/www.facebook.com\\\/uartesec\",\"https:\\\/\\\/x.com\\\/uartesec\",\"https:\\\/\\\/www.tiktok.com\\\/@uartesec\"]},{\"@type\":\"Person\",\"@id\":\"https:\\\/\\\/www.uartes.edu.ec\\\/sitio\\\/en\\\/#\\\/schema\\\/person\\\/f33f8c1d2af0d5c80a38c8abf458184a\",\"name\":\"Universidad de las Artes\",\"image\":{\"@type\":\"ImageObject\",\"inLanguage\":\"en-US\",\"@id\":\"https:\\\/\\\/secure.gravatar.com\\\/avatar\\\/52e4757902f5cfa5ac52d020e5be83cae5487519154b6c35482fe08d589f3c13?s=96&d=mm&r=g\",\"url\":\"https:\\\/\\\/secure.gravatar.com\\\/avatar\\\/52e4757902f5cfa5ac52d020e5be83cae5487519154b6c35482fe08d589f3c13?s=96&d=mm&r=g\",\"contentUrl\":\"https:\\\/\\\/secure.gravatar.com\\\/avatar\\\/52e4757902f5cfa5ac52d020e5be83cae5487519154b6c35482fe08d589f3c13?s=96&d=mm&r=g\",\"caption\":\"Universidad de las Artes\"},\"url\":\"https:\\\/\\\/www.uartes.edu.ec\\\/sitio\\\/en\\\/blog\\\/author\\\/dircomadm\\\/\"}]}<\/script>\n<!-- \/ Yoast SEO plugin. -->","yoast_head_json":{"title":"Universidad de las Artes - H\u00e1bitat objetual, tesis te\u00f3rica y pr\u00e1ctica de Andrea Cede\u00f1o","description":"Universidad de las Artes - H\u00e1bitat objetual, tesis te\u00f3rica y pr\u00e1ctica de Andrea Cede\u00f1o","robots":{"index":"index","follow":"follow","max-snippet":"max-snippet:-1","max-image-preview":"max-image-preview:large","max-video-preview":"max-video-preview:-1"},"canonical":"https:\/\/www.uartes.edu.ec\/sitio\/en\/blog\/2020\/05\/07\/habitat-objetual-tesis-teorica-y-practica-de-andrea-cedeno\/","og_locale":"en_US","og_type":"article","og_title":"Universidad de las Artes - H\u00e1bitat objetual, tesis te\u00f3rica y pr\u00e1ctica de Andrea Cede\u00f1o","og_description":"Universidad de las Artes - H\u00e1bitat objetual, tesis te\u00f3rica y pr\u00e1ctica de Andrea Cede\u00f1o","og_url":"https:\/\/www.uartes.edu.ec\/sitio\/en\/blog\/2020\/05\/07\/habitat-objetual-tesis-teorica-y-practica-de-andrea-cedeno\/","og_site_name":"Universidad de las Artes","article_publisher":"https:\/\/www.facebook.com\/uartesec","article_published_time":"2020-05-07T16:08:28+00:00","article_modified_time":"2024-07-04T16:43:15+00:00","og_image":[{"width":886,"height":591,"url":"https:\/\/www.uartes.edu.ec\/sitio\/wp-content\/uploads\/2020\/05\/6_1.jpg","type":"image\/jpeg"}],"author":"Universidad de las Artes","twitter_card":"summary_large_image","twitter_creator":"@uartesec","twitter_site":"@uartesec","twitter_misc":{"Written by":"Universidad de las Artes","Est. reading time":"3 minutes"},"schema":{"@context":"https:\/\/schema.org","@graph":[{"@type":"Article","@id":"https:\/\/www.uartes.edu.ec\/sitio\/en\/blog\/2020\/05\/07\/habitat-objetual-tesis-teorica-y-practica-de-andrea-cedeno\/#article","isPartOf":{"@id":"https:\/\/www.uartes.edu.ec\/sitio\/en\/blog\/2020\/05\/07\/habitat-objetual-tesis-teorica-y-practica-de-andrea-cedeno\/"},"author":{"name":"Universidad de las Artes","@id":"https:\/\/www.uartes.edu.ec\/sitio\/en\/#\/schema\/person\/f33f8c1d2af0d5c80a38c8abf458184a"},"headline":"H\u00e1bitat objetual, tesis te\u00f3rica y pr\u00e1ctica de Andrea Cede\u00f1o","datePublished":"2020-05-07T16:08:28+00:00","dateModified":"2024-07-04T16:43:15+00:00","mainEntityOfPage":{"@id":"https:\/\/www.uartes.edu.ec\/sitio\/en\/blog\/2020\/05\/07\/habitat-objetual-tesis-teorica-y-practica-de-andrea-cedeno\/"},"wordCount":621,"publisher":{"@id":"https:\/\/www.uartes.edu.ec\/sitio\/en\/#organization"},"image":{"@id":"https:\/\/www.uartes.edu.ec\/sitio\/en\/blog\/2020\/05\/07\/habitat-objetual-tesis-teorica-y-practica-de-andrea-cedeno\/#primaryimage"},"thumbnailUrl":"https:\/\/www.uartes.edu.ec\/sitio\/wp-content\/uploads\/2020\/05\/6_1.jpg","keywords":["covid19"],"articleSection":["Acad\u00e9mico","Artes Visuales","Estudiantes"],"inLanguage":"en-US"},{"@type":["WebPage","ItemPage"],"@id":"https:\/\/www.uartes.edu.ec\/sitio\/en\/blog\/2020\/05\/07\/habitat-objetual-tesis-teorica-y-practica-de-andrea-cedeno\/","url":"https:\/\/www.uartes.edu.ec\/sitio\/en\/blog\/2020\/05\/07\/habitat-objetual-tesis-teorica-y-practica-de-andrea-cedeno\/","name":"Universidad de las Artes - H\u00e1bitat objetual, tesis te\u00f3rica y pr\u00e1ctica de Andrea Cede\u00f1o","isPartOf":{"@id":"https:\/\/www.uartes.edu.ec\/sitio\/en\/#website"},"primaryImageOfPage":{"@id":"https:\/\/www.uartes.edu.ec\/sitio\/en\/blog\/2020\/05\/07\/habitat-objetual-tesis-teorica-y-practica-de-andrea-cedeno\/#primaryimage"},"image":{"@id":"https:\/\/www.uartes.edu.ec\/sitio\/en\/blog\/2020\/05\/07\/habitat-objetual-tesis-teorica-y-practica-de-andrea-cedeno\/#primaryimage"},"thumbnailUrl":"https:\/\/www.uartes.edu.ec\/sitio\/wp-content\/uploads\/2020\/05\/6_1.jpg","datePublished":"2020-05-07T16:08:28+00:00","dateModified":"2024-07-04T16:43:15+00:00","description":"Universidad de las Artes - H\u00e1bitat objetual, tesis te\u00f3rica y pr\u00e1ctica de Andrea Cede\u00f1o","breadcrumb":{"@id":"https:\/\/www.uartes.edu.ec\/sitio\/en\/blog\/2020\/05\/07\/habitat-objetual-tesis-teorica-y-practica-de-andrea-cedeno\/#breadcrumb"},"inLanguage":"en-US","potentialAction":[{"@type":"ReadAction","target":["https:\/\/www.uartes.edu.ec\/sitio\/en\/blog\/2020\/05\/07\/habitat-objetual-tesis-teorica-y-practica-de-andrea-cedeno\/"]}]},{"@type":"ImageObject","inLanguage":"en-US","@id":"https:\/\/www.uartes.edu.ec\/sitio\/en\/blog\/2020\/05\/07\/habitat-objetual-tesis-teorica-y-practica-de-andrea-cedeno\/#primaryimage","url":"https:\/\/www.uartes.edu.ec\/sitio\/wp-content\/uploads\/2020\/05\/6_1.jpg","contentUrl":"https:\/\/www.uartes.edu.ec\/sitio\/wp-content\/uploads\/2020\/05\/6_1.jpg","width":886,"height":591},{"@type":"BreadcrumbList","@id":"https:\/\/www.uartes.edu.ec\/sitio\/en\/blog\/2020\/05\/07\/habitat-objetual-tesis-teorica-y-practica-de-andrea-cedeno\/#breadcrumb","itemListElement":[{"@type":"ListItem","position":1,"name":"Inicio","item":"https:\/\/www.uartes.edu.ec\/sitio\/"},{"@type":"ListItem","position":2,"name":"H\u00e1bitat objetual, tesis te\u00f3rica y pr\u00e1ctica de Andrea Cede\u00f1o"}]},{"@type":"WebSite","@id":"https:\/\/www.uartes.edu.ec\/sitio\/en\/#website","url":"https:\/\/www.uartes.edu.ec\/sitio\/en\/","name":"Universidad de las Artes","description":"Sitio oficial de la Universidad Nacional de las Artes del Ecuador","publisher":{"@id":"https:\/\/www.uartes.edu.ec\/sitio\/en\/#organization"},"potentialAction":[{"@type":"SearchAction","target":{"@type":"EntryPoint","urlTemplate":"https:\/\/www.uartes.edu.ec\/sitio\/en\/?s={search_term_string}"},"query-input":{"@type":"PropertyValueSpecification","valueRequired":true,"valueName":"search_term_string"}}],"inLanguage":"en-US"},{"@type":"Organization","@id":"https:\/\/www.uartes.edu.ec\/sitio\/en\/#organization","name":"Universidad de las Artes","url":"https:\/\/www.uartes.edu.ec\/sitio\/en\/","logo":{"@type":"ImageObject","inLanguage":"en-US","@id":"https:\/\/www.uartes.edu.ec\/sitio\/en\/#\/schema\/logo\/image\/","url":"https:\/\/www.uartes.edu.ec\/sitio\/wp-content\/uploads\/2022\/07\/logo-ua-horizontal.png","contentUrl":"https:\/\/www.uartes.edu.ec\/sitio\/wp-content\/uploads\/2022\/07\/logo-ua-horizontal.png","width":800,"height":276,"caption":"Universidad de las Artes"},"image":{"@id":"https:\/\/www.uartes.edu.ec\/sitio\/en\/#\/schema\/logo\/image\/"},"sameAs":["https:\/\/www.facebook.com\/uartesec","https:\/\/x.com\/uartesec","https:\/\/www.tiktok.com\/@uartesec"]},{"@type":"Person","@id":"https:\/\/www.uartes.edu.ec\/sitio\/en\/#\/schema\/person\/f33f8c1d2af0d5c80a38c8abf458184a","name":"Universidad de las Artes","image":{"@type":"ImageObject","inLanguage":"en-US","@id":"https:\/\/secure.gravatar.com\/avatar\/52e4757902f5cfa5ac52d020e5be83cae5487519154b6c35482fe08d589f3c13?s=96&d=mm&r=g","url":"https:\/\/secure.gravatar.com\/avatar\/52e4757902f5cfa5ac52d020e5be83cae5487519154b6c35482fe08d589f3c13?s=96&d=mm&r=g","contentUrl":"https:\/\/secure.gravatar.com\/avatar\/52e4757902f5cfa5ac52d020e5be83cae5487519154b6c35482fe08d589f3c13?s=96&d=mm&r=g","caption":"Universidad de las Artes"},"url":"https:\/\/www.uartes.edu.ec\/sitio\/en\/blog\/author\/dircomadm\/"}]}},"uagb_featured_image_src":{"full":["https:\/\/www.uartes.edu.ec\/sitio\/wp-content\/uploads\/2020\/05\/6_1.jpg",886,591,false],"thumbnail":["https:\/\/www.uartes.edu.ec\/sitio\/wp-content\/uploads\/2020\/05\/6_1-150x150.jpg",150,150,true],"medium":["https:\/\/www.uartes.edu.ec\/sitio\/wp-content\/uploads\/2020\/05\/6_1-300x200.jpg",300,200,true],"medium_large":["https:\/\/www.uartes.edu.ec\/sitio\/wp-content\/uploads\/2020\/05\/6_1-768x512.jpg",768,512,true],"large":["https:\/\/www.uartes.edu.ec\/sitio\/wp-content\/uploads\/2020\/05\/6_1-644x430.jpg",644,430,true],"1536x1536":["https:\/\/www.uartes.edu.ec\/sitio\/wp-content\/uploads\/2020\/05\/6_1.jpg",886,591,false],"2048x2048":["https:\/\/www.uartes.edu.ec\/sitio\/wp-content\/uploads\/2020\/05\/6_1.jpg",886,591,false],"trp-custom-language-flag":["https:\/\/www.uartes.edu.ec\/sitio\/wp-content\/uploads\/2020\/05\/6_1.jpg",18,12,false],"htmega_size_585x295":["https:\/\/www.uartes.edu.ec\/sitio\/wp-content\/uploads\/2020\/05\/6_1.jpg",442,295,false],"htmega_size_1170x536":["https:\/\/www.uartes.edu.ec\/sitio\/wp-content\/uploads\/2020\/05\/6_1.jpg",804,536,false],"htmega_size_396x360":["https:\/\/www.uartes.edu.ec\/sitio\/wp-content\/uploads\/2020\/05\/6_1.jpg",396,264,false],"gb-block-post-grid-landscape":["https:\/\/www.uartes.edu.ec\/sitio\/wp-content\/uploads\/2020\/05\/6_1.jpg",600,400,false],"gb-block-post-grid-square":["https:\/\/www.uartes.edu.ec\/sitio\/wp-content\/uploads\/2020\/05\/6_1.jpg",600,400,false],"university-hub-thumb":["https:\/\/www.uartes.edu.ec\/sitio\/wp-content\/uploads\/2020\/05\/6_1-400x267.jpg",400,267,true]},"uagb_author_info":{"display_name":"Universidad de las Artes","author_link":"https:\/\/www.uartes.edu.ec\/sitio\/en\/blog\/author\/dircomadm\/"},"uagb_comment_info":0,"uagb_excerpt":"Andrea Bel\u00e9n Cede\u00f1o Dom\u00ednguez, estudiante de la Escuela de Artes Visuales de la Universidad de las Artes, da detalles de la tesis de grado que sustent\u00f3 v\u00eda videoconferencia el 24 de abril.","featured_image_src":"https:\/\/www.uartes.edu.ec\/sitio\/wp-content\/uploads\/2020\/05\/6_1.jpg","featured_image_src_square":"https:\/\/www.uartes.edu.ec\/sitio\/wp-content\/uploads\/2020\/05\/6_1.jpg","author_info":{"display_name":"Universidad de las Artes","author_link":"https:\/\/www.uartes.edu.ec\/sitio\/en\/blog\/author\/dircomadm\/"},"publishpress_future_workflow_manual_trigger":{"enabledWorkflows":[]},"distributor_meta":false,"distributor_terms":false,"distributor_media":false,"distributor_original_site_name":"Universidad de las Artes","distributor_original_site_url":"https:\/\/www.uartes.edu.ec\/sitio\/en","push-errors":false,"_links":{"self":[{"href":"https:\/\/www.uartes.edu.ec\/sitio\/en\/wp-json\/wp\/v2\/posts\/6897","targetHints":{"allow":["GET"]}}],"collection":[{"href":"https:\/\/www.uartes.edu.ec\/sitio\/en\/wp-json\/wp\/v2\/posts"}],"about":[{"href":"https:\/\/www.uartes.edu.ec\/sitio\/en\/wp-json\/wp\/v2\/types\/post"}],"author":[{"embeddable":true,"href":"https:\/\/www.uartes.edu.ec\/sitio\/en\/wp-json\/wp\/v2\/users\/1"}],"replies":[{"embeddable":true,"href":"https:\/\/www.uartes.edu.ec\/sitio\/en\/wp-json\/wp\/v2\/comments?post=6897"}],"version-history":[{"count":2,"href":"https:\/\/www.uartes.edu.ec\/sitio\/en\/wp-json\/wp\/v2\/posts\/6897\/revisions"}],"predecessor-version":[{"id":57638,"href":"https:\/\/www.uartes.edu.ec\/sitio\/en\/wp-json\/wp\/v2\/posts\/6897\/revisions\/57638"}],"wp:featuredmedia":[{"embeddable":true,"href":"https:\/\/www.uartes.edu.ec\/sitio\/en\/wp-json\/wp\/v2\/media\/6899"}],"wp:attachment":[{"href":"https:\/\/www.uartes.edu.ec\/sitio\/en\/wp-json\/wp\/v2\/media?parent=6897"}],"wp:term":[{"taxonomy":"category","embeddable":true,"href":"https:\/\/www.uartes.edu.ec\/sitio\/en\/wp-json\/wp\/v2\/categories?post=6897"},{"taxonomy":"post_tag","embeddable":true,"href":"https:\/\/www.uartes.edu.ec\/sitio\/en\/wp-json\/wp\/v2\/tags?post=6897"},{"taxonomy":"infouartes","embeddable":true,"href":"https:\/\/www.uartes.edu.ec\/sitio\/en\/wp-json\/wp\/v2\/infouartes?post=6897"}],"curies":[{"name":"wp","href":"https:\/\/api.w.org\/{rel}","templated":true}]}}