{"id":6925,"date":"2020-05-11T13:06:28","date_gmt":"2020-05-11T18:06:28","guid":{"rendered":"http:\/\/www.uartes.edu.ec\/sitio\/?p=6925"},"modified":"2024-07-04T11:43:14","modified_gmt":"2024-07-04T16:43:14","slug":"uartes-en-su-territorio-tema-que-pablo-cardoso-llevo-a-foro-internacional-de-ocde","status":"publish","type":"post","link":"https:\/\/www.uartes.edu.ec\/sitio\/en\/blog\/2020\/05\/11\/uartes-en-su-territorio-tema-que-pablo-cardoso-llevo-a-foro-internacional-de-ocde\/","title":{"rendered":"\u201cUArtes en su territorio\u201d, tema que Pablo Cardoso llev\u00f3 a foro internacional de OCDE"},"content":{"rendered":"<p>La Academia de Verano de Industrias Culturales y Creativas \u2013una iniciativa de la Organizaci\u00f3n para la Cooperaci\u00f3n y el Desarrollo&nbsp; Econ\u00f3mico (OCDE) y la Escuela de Negocios de Trentino\u2013 es un espacio anual que re\u00fane a investigadores y gestores de pol\u00edtica p\u00fablica del mundo entero para la discusi\u00f3n de problem\u00e1ticas relacionadas con la pol\u00edtica y la econom\u00eda de las industrias creativas a nivel internacional.<\/p>\n\n\n\n<p>Su tercera edici\u00f3n se realiz\u00f3 del 27 al 30 de abril y fue de manera virtual, v\u00eda videoconferencia. Participaron m\u00e1s de 30 investigadores y expertos internacionales, quienes focalizaron sus discusiones alrededor de la particular situaci\u00f3n que atraviesan las actividades culturales en medio de la pandemia global y de c\u00f3mo se proyectan las transformaciones de su ejercicio para el futuro.<\/p>\n\n\n\n<p>Pablo Cardoso, director del Instituto Latinoamericano de Investigaci\u00f3n en Artes (ILIA) y docente de la Universidad de las Artes, particip\u00f3 de este foro como \u00fanico exponente de Latinoam\u00e9rica. En su ponencia, titulada \u00abUniversidad de las Artes en su territorio: or\u00edgenes, construcci\u00f3n en el nuevo escenario\u00bb, se enfoc\u00f3 en presentar la historia de creaci\u00f3n de la UArtes, como parte de un proceso de reforma del sistema ecuatoriano y su apuntalamiento a partir de la instrumentaci\u00f3n de un modelo pedag\u00f3gico original que privilegia el di\u00e1logo interdisciplinar y fortalece los v\u00ednculos entre la creaci\u00f3n art\u00edstica y la creaci\u00f3n de pensamiento.<\/p>\n\n\n\n<p>En una parte importante de la exposici\u00f3n, el director del ILIA se enfoc\u00f3 en resaltar el impacto que ha tenido la acci\u00f3n universitaria en su territorio, en especial en la revitalizaci\u00f3n de espacios patrimoniales puestos al servicio p\u00fablico, como la Biblioteca de las Artes y su espacio infantil R\u00eda o el edificio patrimonial El Tel\u00e9grafo, listo a ser inaugurado y devuelto al servicio de Guayaquil, a trav\u00e9s de la Universidad de las Artes. Un especial inter\u00e9s en los participantes gener\u00f3 el conocimiento del trabajo de V\u00ednculo con la Sociedad en su territorio, que promueve la UArtes y&nbsp;se constituye en uno de los pilares del modelo pedag\u00f3gico-universitario.<\/p>\n\n\n\n<p>Finalmente, el foro pudo discutir los desaf\u00edos que tiene el proyecto universitario en el contexto de crisis sanitaria, econ\u00f3mica y de fuertes recortes presupuestarios que ponen en dificultad a algunos de los proyectos que permitir\u00edan consolidar la permeabilidad del proyecto pedag\u00f3gico en las esferas territoriales, sociales y econ\u00f3micas. Varios participantes se declararon muy interesados en conocer m\u00e1s en detalle las transformaciones que deber\u00e1 plantear la universidad en el contexto actual, para fortalecer su modelo pedag\u00f3gico y la inauguraci\u00f3n de su Plataforma de Innovaci\u00f3n Cultural MZ14 en los pr\u00f3ximos meses.<\/p>","protected":false},"excerpt":{"rendered":"<p>La Academia de Verano de Industrias Culturales y Creativas \u2013una iniciativa de la Organizaci\u00f3n para la Cooperaci\u00f3n y el Desarrollo  Econ\u00f3mico (OCDE) y la Escuela de Negocios de Trentino\u2013 es un espacio anual que re\u00fane a investigadores y gestores de pol\u00edtica p\u00fablica del mundo entero para la discusi\u00f3n de problem\u00e1ticas relacionadas con la pol\u00edtica y la econom\u00eda de las industrias creativas a nivel internacional.<\/p>","protected":false},"author":1,"featured_media":6921,"comment_status":"closed","ping_status":"closed","sticky":false,"template":"","format":"standard","meta":{"_acf_changed":false,"_uag_custom_page_level_css":"","_monsterinsights_skip_tracking":false,"_monsterinsights_sitenote_active":false,"_monsterinsights_sitenote_note":"","_monsterinsights_sitenote_category":0,"cybocfi_hide_featured_image":"","footnotes":""},"categories":[80,79],"tags":[],"infouartes":[],"class_list":["post-6925","post","type-post","status-publish","format-standard","has-post-thumbnail","hentry","category-academico","category-vinculo"],"acf":[],"yoast_head":"<!-- This site is optimized with the Yoast SEO plugin v27.4 - https:\/\/yoast.com\/product\/yoast-seo-wordpress\/ -->\n<title>Universidad de las Artes - \u201cUArtes en su territorio\u201d, tema que Pablo Cardoso llev\u00f3 a foro internacional de OCDE<\/title>\n<meta name=\"description\" content=\"Universidad de las Artes - \u201cUArtes en su territorio\u201d, tema que Pablo Cardoso llev\u00f3 a foro internacional de OCDE\" \/>\n<meta name=\"robots\" content=\"index, follow, max-snippet:-1, max-image-preview:large, max-video-preview:-1\" \/>\n<link rel=\"canonical\" href=\"https:\/\/www.uartes.edu.ec\/sitio\/en\/blog\/2020\/05\/11\/uartes-en-su-territorio-tema-que-pablo-cardoso-llevo-a-foro-internacional-de-ocde\/\" \/>\n<meta property=\"og:locale\" content=\"en_US\" \/>\n<meta property=\"og:type\" content=\"article\" \/>\n<meta property=\"og:title\" content=\"Universidad de las Artes - \u201cUArtes en su territorio\u201d, tema que Pablo Cardoso llev\u00f3 a foro internacional de OCDE\" \/>\n<meta property=\"og:description\" content=\"Universidad de las Artes - \u201cUArtes en su territorio\u201d, tema que Pablo Cardoso llev\u00f3 a foro internacional de OCDE\" \/>\n<meta property=\"og:url\" content=\"https:\/\/www.uartes.edu.ec\/sitio\/en\/blog\/2020\/05\/11\/uartes-en-su-territorio-tema-que-pablo-cardoso-llevo-a-foro-internacional-de-ocde\/\" \/>\n<meta property=\"og:site_name\" content=\"Universidad de las Artes\" \/>\n<meta property=\"article:publisher\" content=\"https:\/\/www.facebook.com\/uartesec\" \/>\n<meta property=\"article:published_time\" content=\"2020-05-11T18:06:28+00:00\" \/>\n<meta property=\"article:modified_time\" content=\"2024-07-04T16:43:14+00:00\" \/>\n<meta property=\"og:image\" content=\"https:\/\/www.uartes.edu.ec\/sitio\/wp-content\/uploads\/2020\/05\/PABLO-CARDOSO.jpg\" \/>\n\t<meta property=\"og:image:width\" content=\"826\" \/>\n\t<meta property=\"og:image:height\" content=\"551\" \/>\n\t<meta property=\"og:image:type\" content=\"image\/jpeg\" \/>\n<meta name=\"author\" content=\"Universidad de las Artes\" \/>\n<meta name=\"twitter:card\" content=\"summary_large_image\" \/>\n<meta name=\"twitter:creator\" content=\"@uartesec\" \/>\n<meta name=\"twitter:site\" content=\"@uartesec\" \/>\n<meta name=\"twitter:label1\" content=\"Written by\" \/>\n\t<meta name=\"twitter:data1\" content=\"Universidad de las Artes\" \/>\n\t<meta name=\"twitter:label2\" content=\"Est. reading time\" \/>\n\t<meta name=\"twitter:data2\" content=\"2 minutes\" \/>\n<script type=\"application\/ld+json\" class=\"yoast-schema-graph\">{\"@context\":\"https:\\\/\\\/schema.org\",\"@graph\":[{\"@type\":\"Article\",\"@id\":\"https:\\\/\\\/www.uartes.edu.ec\\\/sitio\\\/en\\\/blog\\\/2020\\\/05\\\/11\\\/uartes-en-su-territorio-tema-que-pablo-cardoso-llevo-a-foro-internacional-de-ocde\\\/#article\",\"isPartOf\":{\"@id\":\"https:\\\/\\\/www.uartes.edu.ec\\\/sitio\\\/en\\\/blog\\\/2020\\\/05\\\/11\\\/uartes-en-su-territorio-tema-que-pablo-cardoso-llevo-a-foro-internacional-de-ocde\\\/\"},\"author\":{\"name\":\"Universidad de las Artes\",\"@id\":\"https:\\\/\\\/www.uartes.edu.ec\\\/sitio\\\/en\\\/#\\\/schema\\\/person\\\/f33f8c1d2af0d5c80a38c8abf458184a\"},\"headline\":\"\u201cUArtes en su territorio\u201d, tema que Pablo Cardoso llev\u00f3 a foro internacional de OCDE\",\"datePublished\":\"2020-05-11T18:06:28+00:00\",\"dateModified\":\"2024-07-04T16:43:14+00:00\",\"mainEntityOfPage\":{\"@id\":\"https:\\\/\\\/www.uartes.edu.ec\\\/sitio\\\/en\\\/blog\\\/2020\\\/05\\\/11\\\/uartes-en-su-territorio-tema-que-pablo-cardoso-llevo-a-foro-internacional-de-ocde\\\/\"},\"wordCount\":476,\"publisher\":{\"@id\":\"https:\\\/\\\/www.uartes.edu.ec\\\/sitio\\\/en\\\/#organization\"},\"image\":{\"@id\":\"https:\\\/\\\/www.uartes.edu.ec\\\/sitio\\\/en\\\/blog\\\/2020\\\/05\\\/11\\\/uartes-en-su-territorio-tema-que-pablo-cardoso-llevo-a-foro-internacional-de-ocde\\\/#primaryimage\"},\"thumbnailUrl\":\"https:\\\/\\\/www.uartes.edu.ec\\\/sitio\\\/wp-content\\\/uploads\\\/2020\\\/05\\\/PABLO-CARDOSO.jpg\",\"articleSection\":[\"Acad\u00e9mico\",\"V\u00ednculo\"],\"inLanguage\":\"en-US\"},{\"@type\":[\"WebPage\",\"ItemPage\"],\"@id\":\"https:\\\/\\\/www.uartes.edu.ec\\\/sitio\\\/en\\\/blog\\\/2020\\\/05\\\/11\\\/uartes-en-su-territorio-tema-que-pablo-cardoso-llevo-a-foro-internacional-de-ocde\\\/\",\"url\":\"https:\\\/\\\/www.uartes.edu.ec\\\/sitio\\\/en\\\/blog\\\/2020\\\/05\\\/11\\\/uartes-en-su-territorio-tema-que-pablo-cardoso-llevo-a-foro-internacional-de-ocde\\\/\",\"name\":\"Universidad de las Artes - \u201cUArtes en su territorio\u201d, tema que Pablo Cardoso llev\u00f3 a foro internacional de OCDE\",\"isPartOf\":{\"@id\":\"https:\\\/\\\/www.uartes.edu.ec\\\/sitio\\\/en\\\/#website\"},\"primaryImageOfPage\":{\"@id\":\"https:\\\/\\\/www.uartes.edu.ec\\\/sitio\\\/en\\\/blog\\\/2020\\\/05\\\/11\\\/uartes-en-su-territorio-tema-que-pablo-cardoso-llevo-a-foro-internacional-de-ocde\\\/#primaryimage\"},\"image\":{\"@id\":\"https:\\\/\\\/www.uartes.edu.ec\\\/sitio\\\/en\\\/blog\\\/2020\\\/05\\\/11\\\/uartes-en-su-territorio-tema-que-pablo-cardoso-llevo-a-foro-internacional-de-ocde\\\/#primaryimage\"},\"thumbnailUrl\":\"https:\\\/\\\/www.uartes.edu.ec\\\/sitio\\\/wp-content\\\/uploads\\\/2020\\\/05\\\/PABLO-CARDOSO.jpg\",\"datePublished\":\"2020-05-11T18:06:28+00:00\",\"dateModified\":\"2024-07-04T16:43:14+00:00\",\"description\":\"Universidad de las Artes - \u201cUArtes en su territorio\u201d, tema que Pablo Cardoso llev\u00f3 a foro internacional de OCDE\",\"breadcrumb\":{\"@id\":\"https:\\\/\\\/www.uartes.edu.ec\\\/sitio\\\/en\\\/blog\\\/2020\\\/05\\\/11\\\/uartes-en-su-territorio-tema-que-pablo-cardoso-llevo-a-foro-internacional-de-ocde\\\/#breadcrumb\"},\"inLanguage\":\"en-US\",\"potentialAction\":[{\"@type\":\"ReadAction\",\"target\":[\"https:\\\/\\\/www.uartes.edu.ec\\\/sitio\\\/en\\\/blog\\\/2020\\\/05\\\/11\\\/uartes-en-su-territorio-tema-que-pablo-cardoso-llevo-a-foro-internacional-de-ocde\\\/\"]}]},{\"@type\":\"ImageObject\",\"inLanguage\":\"en-US\",\"@id\":\"https:\\\/\\\/www.uartes.edu.ec\\\/sitio\\\/en\\\/blog\\\/2020\\\/05\\\/11\\\/uartes-en-su-territorio-tema-que-pablo-cardoso-llevo-a-foro-internacional-de-ocde\\\/#primaryimage\",\"url\":\"https:\\\/\\\/www.uartes.edu.ec\\\/sitio\\\/wp-content\\\/uploads\\\/2020\\\/05\\\/PABLO-CARDOSO.jpg\",\"contentUrl\":\"https:\\\/\\\/www.uartes.edu.ec\\\/sitio\\\/wp-content\\\/uploads\\\/2020\\\/05\\\/PABLO-CARDOSO.jpg\",\"width\":826,\"height\":551},{\"@type\":\"BreadcrumbList\",\"@id\":\"https:\\\/\\\/www.uartes.edu.ec\\\/sitio\\\/en\\\/blog\\\/2020\\\/05\\\/11\\\/uartes-en-su-territorio-tema-que-pablo-cardoso-llevo-a-foro-internacional-de-ocde\\\/#breadcrumb\",\"itemListElement\":[{\"@type\":\"ListItem\",\"position\":1,\"name\":\"Inicio\",\"item\":\"https:\\\/\\\/www.uartes.edu.ec\\\/sitio\\\/\"},{\"@type\":\"ListItem\",\"position\":2,\"name\":\"\u201cUArtes en su territorio\u201d, tema que Pablo Cardoso llev\u00f3 a foro internacional de OCDE\"}]},{\"@type\":\"WebSite\",\"@id\":\"https:\\\/\\\/www.uartes.edu.ec\\\/sitio\\\/en\\\/#website\",\"url\":\"https:\\\/\\\/www.uartes.edu.ec\\\/sitio\\\/en\\\/\",\"name\":\"Universidad de las Artes\",\"description\":\"Sitio oficial de la Universidad Nacional de las Artes del Ecuador\",\"publisher\":{\"@id\":\"https:\\\/\\\/www.uartes.edu.ec\\\/sitio\\\/en\\\/#organization\"},\"potentialAction\":[{\"@type\":\"SearchAction\",\"target\":{\"@type\":\"EntryPoint\",\"urlTemplate\":\"https:\\\/\\\/www.uartes.edu.ec\\\/sitio\\\/en\\\/?s={search_term_string}\"},\"query-input\":{\"@type\":\"PropertyValueSpecification\",\"valueRequired\":true,\"valueName\":\"search_term_string\"}}],\"inLanguage\":\"en-US\"},{\"@type\":\"Organization\",\"@id\":\"https:\\\/\\\/www.uartes.edu.ec\\\/sitio\\\/en\\\/#organization\",\"name\":\"Universidad de las Artes\",\"url\":\"https:\\\/\\\/www.uartes.edu.ec\\\/sitio\\\/en\\\/\",\"logo\":{\"@type\":\"ImageObject\",\"inLanguage\":\"en-US\",\"@id\":\"https:\\\/\\\/www.uartes.edu.ec\\\/sitio\\\/en\\\/#\\\/schema\\\/logo\\\/image\\\/\",\"url\":\"https:\\\/\\\/www.uartes.edu.ec\\\/sitio\\\/wp-content\\\/uploads\\\/2022\\\/07\\\/logo-ua-horizontal.png\",\"contentUrl\":\"https:\\\/\\\/www.uartes.edu.ec\\\/sitio\\\/wp-content\\\/uploads\\\/2022\\\/07\\\/logo-ua-horizontal.png\",\"width\":800,\"height\":276,\"caption\":\"Universidad de las Artes\"},\"image\":{\"@id\":\"https:\\\/\\\/www.uartes.edu.ec\\\/sitio\\\/en\\\/#\\\/schema\\\/logo\\\/image\\\/\"},\"sameAs\":[\"https:\\\/\\\/www.facebook.com\\\/uartesec\",\"https:\\\/\\\/x.com\\\/uartesec\",\"https:\\\/\\\/www.tiktok.com\\\/@uartesec\"]},{\"@type\":\"Person\",\"@id\":\"https:\\\/\\\/www.uartes.edu.ec\\\/sitio\\\/en\\\/#\\\/schema\\\/person\\\/f33f8c1d2af0d5c80a38c8abf458184a\",\"name\":\"Universidad de las Artes\",\"image\":{\"@type\":\"ImageObject\",\"inLanguage\":\"en-US\",\"@id\":\"https:\\\/\\\/secure.gravatar.com\\\/avatar\\\/52e4757902f5cfa5ac52d020e5be83cae5487519154b6c35482fe08d589f3c13?s=96&d=mm&r=g\",\"url\":\"https:\\\/\\\/secure.gravatar.com\\\/avatar\\\/52e4757902f5cfa5ac52d020e5be83cae5487519154b6c35482fe08d589f3c13?s=96&d=mm&r=g\",\"contentUrl\":\"https:\\\/\\\/secure.gravatar.com\\\/avatar\\\/52e4757902f5cfa5ac52d020e5be83cae5487519154b6c35482fe08d589f3c13?s=96&d=mm&r=g\",\"caption\":\"Universidad de las Artes\"},\"url\":\"https:\\\/\\\/www.uartes.edu.ec\\\/sitio\\\/en\\\/blog\\\/author\\\/dircomadm\\\/\"}]}<\/script>\n<!-- \/ Yoast SEO plugin. -->","yoast_head_json":{"title":"Universidad de las Artes - \u201cUArtes en su territorio\u201d, tema que Pablo Cardoso llev\u00f3 a foro internacional de OCDE","description":"Universidad de las Artes - \u201cUArtes en su territorio\u201d, tema que Pablo Cardoso llev\u00f3 a foro internacional de OCDE","robots":{"index":"index","follow":"follow","max-snippet":"max-snippet:-1","max-image-preview":"max-image-preview:large","max-video-preview":"max-video-preview:-1"},"canonical":"https:\/\/www.uartes.edu.ec\/sitio\/en\/blog\/2020\/05\/11\/uartes-en-su-territorio-tema-que-pablo-cardoso-llevo-a-foro-internacional-de-ocde\/","og_locale":"en_US","og_type":"article","og_title":"Universidad de las Artes - \u201cUArtes en su territorio\u201d, tema que Pablo Cardoso llev\u00f3 a foro internacional de OCDE","og_description":"Universidad de las Artes - \u201cUArtes en su territorio\u201d, tema que Pablo Cardoso llev\u00f3 a foro internacional de OCDE","og_url":"https:\/\/www.uartes.edu.ec\/sitio\/en\/blog\/2020\/05\/11\/uartes-en-su-territorio-tema-que-pablo-cardoso-llevo-a-foro-internacional-de-ocde\/","og_site_name":"Universidad de las Artes","article_publisher":"https:\/\/www.facebook.com\/uartesec","article_published_time":"2020-05-11T18:06:28+00:00","article_modified_time":"2024-07-04T16:43:14+00:00","og_image":[{"width":826,"height":551,"url":"https:\/\/www.uartes.edu.ec\/sitio\/wp-content\/uploads\/2020\/05\/PABLO-CARDOSO.jpg","type":"image\/jpeg"}],"author":"Universidad de las Artes","twitter_card":"summary_large_image","twitter_creator":"@uartesec","twitter_site":"@uartesec","twitter_misc":{"Written by":"Universidad de las Artes","Est. reading time":"2 minutes"},"schema":{"@context":"https:\/\/schema.org","@graph":[{"@type":"Article","@id":"https:\/\/www.uartes.edu.ec\/sitio\/en\/blog\/2020\/05\/11\/uartes-en-su-territorio-tema-que-pablo-cardoso-llevo-a-foro-internacional-de-ocde\/#article","isPartOf":{"@id":"https:\/\/www.uartes.edu.ec\/sitio\/en\/blog\/2020\/05\/11\/uartes-en-su-territorio-tema-que-pablo-cardoso-llevo-a-foro-internacional-de-ocde\/"},"author":{"name":"Universidad de las Artes","@id":"https:\/\/www.uartes.edu.ec\/sitio\/en\/#\/schema\/person\/f33f8c1d2af0d5c80a38c8abf458184a"},"headline":"\u201cUArtes en su territorio\u201d, tema que Pablo Cardoso llev\u00f3 a foro internacional de OCDE","datePublished":"2020-05-11T18:06:28+00:00","dateModified":"2024-07-04T16:43:14+00:00","mainEntityOfPage":{"@id":"https:\/\/www.uartes.edu.ec\/sitio\/en\/blog\/2020\/05\/11\/uartes-en-su-territorio-tema-que-pablo-cardoso-llevo-a-foro-internacional-de-ocde\/"},"wordCount":476,"publisher":{"@id":"https:\/\/www.uartes.edu.ec\/sitio\/en\/#organization"},"image":{"@id":"https:\/\/www.uartes.edu.ec\/sitio\/en\/blog\/2020\/05\/11\/uartes-en-su-territorio-tema-que-pablo-cardoso-llevo-a-foro-internacional-de-ocde\/#primaryimage"},"thumbnailUrl":"https:\/\/www.uartes.edu.ec\/sitio\/wp-content\/uploads\/2020\/05\/PABLO-CARDOSO.jpg","articleSection":["Acad\u00e9mico","V\u00ednculo"],"inLanguage":"en-US"},{"@type":["WebPage","ItemPage"],"@id":"https:\/\/www.uartes.edu.ec\/sitio\/en\/blog\/2020\/05\/11\/uartes-en-su-territorio-tema-que-pablo-cardoso-llevo-a-foro-internacional-de-ocde\/","url":"https:\/\/www.uartes.edu.ec\/sitio\/en\/blog\/2020\/05\/11\/uartes-en-su-territorio-tema-que-pablo-cardoso-llevo-a-foro-internacional-de-ocde\/","name":"Universidad de las Artes - \u201cUArtes en su territorio\u201d, tema que Pablo Cardoso llev\u00f3 a foro internacional de OCDE","isPartOf":{"@id":"https:\/\/www.uartes.edu.ec\/sitio\/en\/#website"},"primaryImageOfPage":{"@id":"https:\/\/www.uartes.edu.ec\/sitio\/en\/blog\/2020\/05\/11\/uartes-en-su-territorio-tema-que-pablo-cardoso-llevo-a-foro-internacional-de-ocde\/#primaryimage"},"image":{"@id":"https:\/\/www.uartes.edu.ec\/sitio\/en\/blog\/2020\/05\/11\/uartes-en-su-territorio-tema-que-pablo-cardoso-llevo-a-foro-internacional-de-ocde\/#primaryimage"},"thumbnailUrl":"https:\/\/www.uartes.edu.ec\/sitio\/wp-content\/uploads\/2020\/05\/PABLO-CARDOSO.jpg","datePublished":"2020-05-11T18:06:28+00:00","dateModified":"2024-07-04T16:43:14+00:00","description":"Universidad de las Artes - \u201cUArtes en su territorio\u201d, tema que Pablo Cardoso llev\u00f3 a foro internacional de OCDE","breadcrumb":{"@id":"https:\/\/www.uartes.edu.ec\/sitio\/en\/blog\/2020\/05\/11\/uartes-en-su-territorio-tema-que-pablo-cardoso-llevo-a-foro-internacional-de-ocde\/#breadcrumb"},"inLanguage":"en-US","potentialAction":[{"@type":"ReadAction","target":["https:\/\/www.uartes.edu.ec\/sitio\/en\/blog\/2020\/05\/11\/uartes-en-su-territorio-tema-que-pablo-cardoso-llevo-a-foro-internacional-de-ocde\/"]}]},{"@type":"ImageObject","inLanguage":"en-US","@id":"https:\/\/www.uartes.edu.ec\/sitio\/en\/blog\/2020\/05\/11\/uartes-en-su-territorio-tema-que-pablo-cardoso-llevo-a-foro-internacional-de-ocde\/#primaryimage","url":"https:\/\/www.uartes.edu.ec\/sitio\/wp-content\/uploads\/2020\/05\/PABLO-CARDOSO.jpg","contentUrl":"https:\/\/www.uartes.edu.ec\/sitio\/wp-content\/uploads\/2020\/05\/PABLO-CARDOSO.jpg","width":826,"height":551},{"@type":"BreadcrumbList","@id":"https:\/\/www.uartes.edu.ec\/sitio\/en\/blog\/2020\/05\/11\/uartes-en-su-territorio-tema-que-pablo-cardoso-llevo-a-foro-internacional-de-ocde\/#breadcrumb","itemListElement":[{"@type":"ListItem","position":1,"name":"Inicio","item":"https:\/\/www.uartes.edu.ec\/sitio\/"},{"@type":"ListItem","position":2,"name":"\u201cUArtes en su territorio\u201d, tema que Pablo Cardoso llev\u00f3 a foro internacional de OCDE"}]},{"@type":"WebSite","@id":"https:\/\/www.uartes.edu.ec\/sitio\/en\/#website","url":"https:\/\/www.uartes.edu.ec\/sitio\/en\/","name":"Universidad de las Artes","description":"Sitio oficial de la Universidad Nacional de las Artes del Ecuador","publisher":{"@id":"https:\/\/www.uartes.edu.ec\/sitio\/en\/#organization"},"potentialAction":[{"@type":"SearchAction","target":{"@type":"EntryPoint","urlTemplate":"https:\/\/www.uartes.edu.ec\/sitio\/en\/?s={search_term_string}"},"query-input":{"@type":"PropertyValueSpecification","valueRequired":true,"valueName":"search_term_string"}}],"inLanguage":"en-US"},{"@type":"Organization","@id":"https:\/\/www.uartes.edu.ec\/sitio\/en\/#organization","name":"Universidad de las Artes","url":"https:\/\/www.uartes.edu.ec\/sitio\/en\/","logo":{"@type":"ImageObject","inLanguage":"en-US","@id":"https:\/\/www.uartes.edu.ec\/sitio\/en\/#\/schema\/logo\/image\/","url":"https:\/\/www.uartes.edu.ec\/sitio\/wp-content\/uploads\/2022\/07\/logo-ua-horizontal.png","contentUrl":"https:\/\/www.uartes.edu.ec\/sitio\/wp-content\/uploads\/2022\/07\/logo-ua-horizontal.png","width":800,"height":276,"caption":"Universidad de las Artes"},"image":{"@id":"https:\/\/www.uartes.edu.ec\/sitio\/en\/#\/schema\/logo\/image\/"},"sameAs":["https:\/\/www.facebook.com\/uartesec","https:\/\/x.com\/uartesec","https:\/\/www.tiktok.com\/@uartesec"]},{"@type":"Person","@id":"https:\/\/www.uartes.edu.ec\/sitio\/en\/#\/schema\/person\/f33f8c1d2af0d5c80a38c8abf458184a","name":"Universidad de las Artes","image":{"@type":"ImageObject","inLanguage":"en-US","@id":"https:\/\/secure.gravatar.com\/avatar\/52e4757902f5cfa5ac52d020e5be83cae5487519154b6c35482fe08d589f3c13?s=96&d=mm&r=g","url":"https:\/\/secure.gravatar.com\/avatar\/52e4757902f5cfa5ac52d020e5be83cae5487519154b6c35482fe08d589f3c13?s=96&d=mm&r=g","contentUrl":"https:\/\/secure.gravatar.com\/avatar\/52e4757902f5cfa5ac52d020e5be83cae5487519154b6c35482fe08d589f3c13?s=96&d=mm&r=g","caption":"Universidad de las Artes"},"url":"https:\/\/www.uartes.edu.ec\/sitio\/en\/blog\/author\/dircomadm\/"}]}},"uagb_featured_image_src":{"full":["https:\/\/www.uartes.edu.ec\/sitio\/wp-content\/uploads\/2020\/05\/PABLO-CARDOSO.jpg",826,551,false],"thumbnail":["https:\/\/www.uartes.edu.ec\/sitio\/wp-content\/uploads\/2020\/05\/PABLO-CARDOSO-150x150.jpg",150,150,true],"medium":["https:\/\/www.uartes.edu.ec\/sitio\/wp-content\/uploads\/2020\/05\/PABLO-CARDOSO-300x200.jpg",300,200,true],"medium_large":["https:\/\/www.uartes.edu.ec\/sitio\/wp-content\/uploads\/2020\/05\/PABLO-CARDOSO-768x512.jpg",768,512,true],"large":["https:\/\/www.uartes.edu.ec\/sitio\/wp-content\/uploads\/2020\/05\/PABLO-CARDOSO-644x430.jpg",644,430,true],"1536x1536":["https:\/\/www.uartes.edu.ec\/sitio\/wp-content\/uploads\/2020\/05\/PABLO-CARDOSO.jpg",826,551,false],"2048x2048":["https:\/\/www.uartes.edu.ec\/sitio\/wp-content\/uploads\/2020\/05\/PABLO-CARDOSO.jpg",826,551,false],"trp-custom-language-flag":["https:\/\/www.uartes.edu.ec\/sitio\/wp-content\/uploads\/2020\/05\/PABLO-CARDOSO.jpg",18,12,false],"htmega_size_585x295":["https:\/\/www.uartes.edu.ec\/sitio\/wp-content\/uploads\/2020\/05\/PABLO-CARDOSO.jpg",442,295,false],"htmega_size_1170x536":["https:\/\/www.uartes.edu.ec\/sitio\/wp-content\/uploads\/2020\/05\/PABLO-CARDOSO.jpg",804,536,false],"htmega_size_396x360":["https:\/\/www.uartes.edu.ec\/sitio\/wp-content\/uploads\/2020\/05\/PABLO-CARDOSO.jpg",396,264,false],"gb-block-post-grid-landscape":["https:\/\/www.uartes.edu.ec\/sitio\/wp-content\/uploads\/2020\/05\/PABLO-CARDOSO.jpg",600,400,false],"gb-block-post-grid-square":["https:\/\/www.uartes.edu.ec\/sitio\/wp-content\/uploads\/2020\/05\/PABLO-CARDOSO.jpg",600,400,false],"university-hub-thumb":["https:\/\/www.uartes.edu.ec\/sitio\/wp-content\/uploads\/2020\/05\/PABLO-CARDOSO-400x267.jpg",400,267,true]},"uagb_author_info":{"display_name":"Universidad de las Artes","author_link":"https:\/\/www.uartes.edu.ec\/sitio\/en\/blog\/author\/dircomadm\/"},"uagb_comment_info":0,"uagb_excerpt":"La Academia de Verano de Industrias Culturales y Creativas \u2013una iniciativa de la Organizaci\u00f3n para la Cooperaci\u00f3n y el Desarrollo Econ\u00f3mico (OCDE) y la Escuela de Negocios de Trentino\u2013 es un espacio anual que re\u00fane a investigadores y gestores de pol\u00edtica p\u00fablica del mundo entero para la discusi\u00f3n de problem\u00e1ticas relacionadas con la pol\u00edtica y&hellip;","featured_image_src":"https:\/\/www.uartes.edu.ec\/sitio\/wp-content\/uploads\/2020\/05\/PABLO-CARDOSO.jpg","featured_image_src_square":"https:\/\/www.uartes.edu.ec\/sitio\/wp-content\/uploads\/2020\/05\/PABLO-CARDOSO.jpg","author_info":{"display_name":"Universidad de las Artes","author_link":"https:\/\/www.uartes.edu.ec\/sitio\/en\/blog\/author\/dircomadm\/"},"publishpress_future_workflow_manual_trigger":{"enabledWorkflows":[]},"distributor_meta":false,"distributor_terms":false,"distributor_media":false,"distributor_original_site_name":"Universidad de las Artes","distributor_original_site_url":"https:\/\/www.uartes.edu.ec\/sitio\/en","push-errors":false,"_links":{"self":[{"href":"https:\/\/www.uartes.edu.ec\/sitio\/en\/wp-json\/wp\/v2\/posts\/6925","targetHints":{"allow":["GET"]}}],"collection":[{"href":"https:\/\/www.uartes.edu.ec\/sitio\/en\/wp-json\/wp\/v2\/posts"}],"about":[{"href":"https:\/\/www.uartes.edu.ec\/sitio\/en\/wp-json\/wp\/v2\/types\/post"}],"author":[{"embeddable":true,"href":"https:\/\/www.uartes.edu.ec\/sitio\/en\/wp-json\/wp\/v2\/users\/1"}],"replies":[{"embeddable":true,"href":"https:\/\/www.uartes.edu.ec\/sitio\/en\/wp-json\/wp\/v2\/comments?post=6925"}],"version-history":[{"count":1,"href":"https:\/\/www.uartes.edu.ec\/sitio\/en\/wp-json\/wp\/v2\/posts\/6925\/revisions"}],"predecessor-version":[{"id":6926,"href":"https:\/\/www.uartes.edu.ec\/sitio\/en\/wp-json\/wp\/v2\/posts\/6925\/revisions\/6926"}],"wp:featuredmedia":[{"embeddable":true,"href":"https:\/\/www.uartes.edu.ec\/sitio\/en\/wp-json\/wp\/v2\/media\/6921"}],"wp:attachment":[{"href":"https:\/\/www.uartes.edu.ec\/sitio\/en\/wp-json\/wp\/v2\/media?parent=6925"}],"wp:term":[{"taxonomy":"category","embeddable":true,"href":"https:\/\/www.uartes.edu.ec\/sitio\/en\/wp-json\/wp\/v2\/categories?post=6925"},{"taxonomy":"post_tag","embeddable":true,"href":"https:\/\/www.uartes.edu.ec\/sitio\/en\/wp-json\/wp\/v2\/tags?post=6925"},{"taxonomy":"infouartes","embeddable":true,"href":"https:\/\/www.uartes.edu.ec\/sitio\/en\/wp-json\/wp\/v2\/infouartes?post=6925"}],"curies":[{"name":"wp","href":"https:\/\/api.w.org\/{rel}","templated":true}]}}