{"id":69264,"date":"2025-03-11T18:36:28","date_gmt":"2025-03-11T23:36:28","guid":{"rendered":"https:\/\/www.uartes.edu.ec\/sitio\/?p=69264"},"modified":"2025-03-12T14:06:06","modified_gmt":"2025-03-12T19:06:06","slug":"postulaciones-de-maestria-en-cine-documental-hasta-el-19-de-mayo-priscilla-aguirre-su-coordinadora-la-presento-en-quito","status":"publish","type":"post","link":"https:\/\/www.uartes.edu.ec\/sitio\/en\/blog\/2025\/03\/11\/postulaciones-de-maestria-en-cine-documental-hasta-el-19-de-mayo-priscilla-aguirre-su-coordinadora-la-presento-en-quito\/","title":{"rendered":"Hasta mayo se puede postular a maestr\u00eda en Cine Documental; Priscilla Aguirre, su coordinadora, la present\u00f3 en Quito"},"content":{"rendered":"<p>El programa de posgrados Cine Documental, de la Universidad de las Artes, es una maestr\u00eda h\u00edbrida que cuenta con cineastas y asesores de proyectos nacionales e internacionales de gran relevancia. Es una maestr\u00eda que incentiva la pr\u00e1ctica y la creaci\u00f3n documental de proyectos, pues quienes la cursan entran con una propuesta que van trabajando y se grad\u00faan haciendo su cortometraje, mediometraje o el corte de por lo menos 25 minutos de su pel\u00edcula, si es que quieren hacer un largometraje.<\/p>\n\n\n\n<p>La cineasta y docente Priscilla Aguirre, coordinadora de la maestr\u00eda de Cine Documental, respondi\u00f3 as\u00ed a las inquietudes que surgieron del p\u00fablico que acudi\u00f3 al evento \u201cCine Nuevo\u201d que organiz\u00f3 en febrero pasado el Instituto Tecnol\u00f3gico Superior de Artes Visuales (IAVQ) en la Cinemateca Nacional del Ecuador Ulises Estrella, para mostrar los trabajos de sus estudiantes.<\/p>\n\n\n\n<p>La UArtes creo un v\u00ednculo con el IAVQ en la edici\u00f3n del a\u00f1o pasado de \u201cElipsis\u201d, evento hito de nuestra Escuela de Cine, de la cual Priscilla Aguirre es tambi\u00e9n docente. All\u00ed, comenta, conoci\u00f3 a Jonathan Lara, uno de los coordinadores de la carrera audiovisual del instituto. Ese contacto se sum\u00f3 al relacionamiento que la Universidad de las Artes mantiene con la Cinemateca Nacional del Ecuador para realizar trabajos conjuntos. La instituci\u00f3n, ubicada en Quito, es parte de la Casa de la Cultura Ecuatoriana Benjam\u00edn Carri\u00f3n.<\/p>\n\n\n\n<p>Justamente, la Cinemateca Nacional, cuya directora es la alumnus Mariuxi Alem\u00e1n, plante\u00f3 al IAVQ la posibilidad de que la coordinadora de la maestr\u00eda de Cine Documental la presentara, puesto que la Escuela de Posgrados UArtes mantiene abiertas las postulaciones para lo que ser\u00e1 la segunda cohorte de este programa de estudios de cuarto nivel.<\/p>\n\n\n<div class=\"wp-block-image\">\n<figure class=\"aligncenter size-large\"><img fetchpriority=\"high\" decoding=\"async\" width=\"644\" height=\"429\" src=\"https:\/\/www.uartes.edu.ec\/sitio\/wp-content\/uploads\/2025\/03\/02-MAESTRIA-CINE-DOCUMENTAL-644x429.jpg\" alt=\"\" class=\"wp-image-69266\" srcset=\"https:\/\/www.uartes.edu.ec\/sitio\/wp-content\/uploads\/2025\/03\/02-MAESTRIA-CINE-DOCUMENTAL-644x429.jpg 644w, https:\/\/www.uartes.edu.ec\/sitio\/wp-content\/uploads\/2025\/03\/02-MAESTRIA-CINE-DOCUMENTAL-300x200.jpg 300w, https:\/\/www.uartes.edu.ec\/sitio\/wp-content\/uploads\/2025\/03\/02-MAESTRIA-CINE-DOCUMENTAL-768x512.jpg 768w, https:\/\/www.uartes.edu.ec\/sitio\/wp-content\/uploads\/2025\/03\/02-MAESTRIA-CINE-DOCUMENTAL-1536x1024.jpg 1536w, https:\/\/www.uartes.edu.ec\/sitio\/wp-content\/uploads\/2025\/03\/02-MAESTRIA-CINE-DOCUMENTAL-18x12.jpg 18w, https:\/\/www.uartes.edu.ec\/sitio\/wp-content\/uploads\/2025\/03\/02-MAESTRIA-CINE-DOCUMENTAL-600x400.jpg 600w, https:\/\/www.uartes.edu.ec\/sitio\/wp-content\/uploads\/2025\/03\/02-MAESTRIA-CINE-DOCUMENTAL-400x267.jpg 400w, https:\/\/www.uartes.edu.ec\/sitio\/wp-content\/uploads\/2025\/03\/02-MAESTRIA-CINE-DOCUMENTAL.jpg 2000w\" sizes=\"(max-width: 644px) 100vw, 644px\" \/><\/figure>\n<\/div>\n\n\n<p>Con la aceptaci\u00f3n respectiva, Priscilla Aguirre expuso en la charla el concepto de la maestr\u00eda de Cine Documental y las oportunidades laborales, art\u00edsticas y profesionales que se pueden abrir a partir de este programa de posgrado UArtes.<\/p>\n\n\n\n<p>\u201cRespondimos varias preguntas, sobre todo sobre la modalidad, pues muchos piensan que por cursar la maestr\u00eda tendr\u00edan que venir a vivir a Guayaquil y no necesariamente. La maestr\u00eda de Cine Documental es h\u00edbrida y solo al inicio del semestre se les indica a los maestrandos en qu\u00e9 determinadas fechas deben venir; son fechas que tratamos de conglomerar en un solo periodo para que no tengan que estar viniendo muchas veces por los gastos que representan\u201d.<\/p>\n\n\n\n<p>El proceso de admisiones de la maestr\u00eda de Cine Documental se mantendr\u00e1 abierto hasta el 19 de mayo pr\u00f3ximo. Se realiza de manera virtual. Solo basta con ingresar a la p\u00e1gina web de la Universidad de las Artes (https:\/\/www.uartes.edu.ec\/sitio\/), buscar la pesta\u00f1a de posgrado y en ella la secci\u00f3n de maestr\u00eda, acceder al bot\u00f3n que indica \u201cpostula aqu\u00ed\u201d, entrar, registrarse creando un usuario, ver todos los requisitos y hacer su postulaci\u00f3n en l\u00ednea.<\/p>\n\n\n\n<p>\u201cEn la charla compart\u00ed esta informaci\u00f3n\u201d, anot\u00f3 Aguirre, quien se\u00f1al\u00f3 tambi\u00e9n que habr\u00e1 un proceso de selecci\u00f3n, revisi\u00f3n de documentos, aceptaci\u00f3n, subsanaci\u00f3n, entre otros. \u201cLas clases est\u00e1n pensadas que se inicien el 23 de julio. Esta cohorte es la segunda y pertenecer\u00e1 al periodo 2025A &#8211; 2025B, que se estar\u00eda titulando a finales del 2026A, porque es una maestr\u00eda que dura tres semestres\u201d, a\u00f1adi\u00f3.<\/p>\n\n\n<div class=\"wp-block-image\">\n<figure class=\"aligncenter size-large\"><img decoding=\"async\" width=\"644\" height=\"429\" src=\"https:\/\/www.uartes.edu.ec\/sitio\/wp-content\/uploads\/2023\/05\/PA-FUNDACION-CANADIENSE-01-644x429.jpg\" alt=\"\" class=\"wp-image-41748\" srcset=\"https:\/\/www.uartes.edu.ec\/sitio\/wp-content\/uploads\/2023\/05\/PA-FUNDACION-CANADIENSE-01-644x429.jpg 644w, https:\/\/www.uartes.edu.ec\/sitio\/wp-content\/uploads\/2023\/05\/PA-FUNDACION-CANADIENSE-01-300x200.jpg 300w, https:\/\/www.uartes.edu.ec\/sitio\/wp-content\/uploads\/2023\/05\/PA-FUNDACION-CANADIENSE-01-768x512.jpg 768w, https:\/\/www.uartes.edu.ec\/sitio\/wp-content\/uploads\/2023\/05\/PA-FUNDACION-CANADIENSE-01-1536x1024.jpg 1536w, https:\/\/www.uartes.edu.ec\/sitio\/wp-content\/uploads\/2023\/05\/PA-FUNDACION-CANADIENSE-01-600x400.jpg 600w, https:\/\/www.uartes.edu.ec\/sitio\/wp-content\/uploads\/2023\/05\/PA-FUNDACION-CANADIENSE-01-400x267.jpg 400w, https:\/\/www.uartes.edu.ec\/sitio\/wp-content\/uploads\/2023\/05\/PA-FUNDACION-CANADIENSE-01-272x182.jpg 272w, https:\/\/www.uartes.edu.ec\/sitio\/wp-content\/uploads\/2023\/05\/PA-FUNDACION-CANADIENSE-01.jpg 2000w\" sizes=\"(max-width: 644px) 100vw, 644px\" \/><\/figure>\n<\/div>\n\n\n<h3 class=\"wp-block-heading\">Acciones conjuntas con la Cinemateca Nacional<\/h3>\n\n\n\n<p>Vale anotar que, en el marco del trabajo conjunto entre la Universidad de las Artes y la Cinemateca Nacional del Ecuador, la Escuela de Posgrados, que dirige el artista Cristian Villavicencio, ha programado actividades como una masterclass con Priscilla Aguirre. Ma\u00f1ana, mi\u00e9rcoles 12 de marzo, la cineasta compartir\u00e1 el proceso de realizaci\u00f3n del documental \u201cNosotras\u201d, el cual film\u00f3 durante dos a\u00f1os en la c\u00e1rcel de mujeres de Guayaquil. De acceso libre, tendr\u00e1 lugar en la&nbsp;Sala Alfredo Pareja, a partir de las 16:00.<\/p>\n\n\n\n<p>\u201cNosotras\u201d es el retrato de un grupo de mujeres privadas de libertad que cursa un taller de cine dentro de una prisi\u00f3n en Ecuador. Mientras se filman y recorren con la c\u00e1mara sus pabellones, reflexionan sobre sus pasados y sue\u00f1os. Sus distintas historias se ir\u00e1n conectando por una misma experiencia: vivir diversas formas de maternidad atravesadas por la ausencia.<\/p>\n\n\n\n<p>De la producci\u00f3n, que es su primer largometraje, Aguirre se\u00f1ala que la trabaj\u00f3 con 20 mujeres privadas de libertad, quienes lo protagonizan. Con ellas intervinieron aproximadamente doce estudiantes de la carrera de Cine. \u201c\u2019Nosotras\u2019\u201d se encuentra en la etapa de distribuci\u00f3n para su estreno. Fue b\u00e1sicamente haciendo esta pel\u00edcula que tuve un aprendizaje muy grande de lo que era producir y hacer cine documental en centros de personas privadas de libertad\u201d.<\/p>\n\n\n\n<figure class=\"wp-block-gallery has-nested-images columns-default is-cropped wp-block-gallery-1 is-layout-flex wp-block-gallery-is-layout-flex\">\n<figure class=\"wp-block-image size-large\"><img decoding=\"async\" width=\"644\" height=\"429\" data-id=\"41749\" src=\"https:\/\/www.uartes.edu.ec\/sitio\/wp-content\/uploads\/2023\/05\/PA-FUNDACION-CANADIENSE-03-644x429.jpg\" alt=\"\" class=\"wp-image-41749\" srcset=\"https:\/\/www.uartes.edu.ec\/sitio\/wp-content\/uploads\/2023\/05\/PA-FUNDACION-CANADIENSE-03-644x429.jpg 644w, https:\/\/www.uartes.edu.ec\/sitio\/wp-content\/uploads\/2023\/05\/PA-FUNDACION-CANADIENSE-03-768x511.jpg 768w, https:\/\/www.uartes.edu.ec\/sitio\/wp-content\/uploads\/2023\/05\/PA-FUNDACION-CANADIENSE-03.jpg 2000w, https:\/\/www.uartes.edu.ec\/sitio\/wp-content\/uploads\/2023\/05\/PA-FUNDACION-CANADIENSE-03-600x399.jpg 600w, https:\/\/www.uartes.edu.ec\/sitio\/wp-content\/uploads\/2023\/05\/PA-FUNDACION-CANADIENSE-03-272x182.jpg 272w\" sizes=\"(max-width: 644px) 100vw, 644px\" \/><\/figure>\n\n\n\n<figure class=\"wp-block-image size-large\"><img loading=\"lazy\" decoding=\"async\" width=\"644\" height=\"429\" data-id=\"41750\" src=\"https:\/\/www.uartes.edu.ec\/sitio\/wp-content\/uploads\/2023\/05\/PA-FUNDACION-CANADIENSE-02-644x429.jpg\" alt=\"\" class=\"wp-image-41750\" srcset=\"https:\/\/www.uartes.edu.ec\/sitio\/wp-content\/uploads\/2023\/05\/PA-FUNDACION-CANADIENSE-02-644x429.jpg 644w, https:\/\/www.uartes.edu.ec\/sitio\/wp-content\/uploads\/2023\/05\/PA-FUNDACION-CANADIENSE-02-768x511.jpg 768w, https:\/\/www.uartes.edu.ec\/sitio\/wp-content\/uploads\/2023\/05\/PA-FUNDACION-CANADIENSE-02.jpg 2000w, https:\/\/www.uartes.edu.ec\/sitio\/wp-content\/uploads\/2023\/05\/PA-FUNDACION-CANADIENSE-02-600x399.jpg 600w, https:\/\/www.uartes.edu.ec\/sitio\/wp-content\/uploads\/2023\/05\/PA-FUNDACION-CANADIENSE-02-272x182.jpg 272w\" sizes=\"(max-width: 644px) 100vw, 644px\" \/><\/figure>\n<\/figure>\n\n\n\n<p><\/p>\n\n\n\n<p>Acerca de la g\u00e9nesis de \u201cNosotras\u201d, Aguirre trajo a la memoria que entre 2018 y 2020 dirigi\u00f3 el proyecto de investigaci\u00f3n y vinculaci\u00f3n con la comunidad \u201cReconstrucci\u00f3n de la identidad femenina: La reinserci\u00f3n social de la mujer desde un proceso de creaci\u00f3n interdisciplinar\u201d. \u201cTrabaj\u00e9 dos a\u00f1os implementando un laboratorio de creaci\u00f3n y educaci\u00f3n art\u00edstica en la c\u00e1rcel de mujeres de Guayaquil, en el marco de lo cual rod\u00e9 el documental que est\u00e1 por estrenarse\u201d.<\/p>\n\n\n\n<p>Posteriormente, entre 2019 y 2020, Aguirre implement\u00f3 la misma metodolog\u00eda en el Centro de Adolescentes Varones Infractores de Guayaquil, donde tuvo la oportunidad de producir y asesorar siete cortometrajes documentales de los adolescentes privados de libertad.<\/p>\n\n\n\n<p>Priscilla Aguirre es m\u00e1ster en Documental Creativo por la Universidad Aut\u00f3noma de Barcelona, donde film\u00f3 el documental \u201cEl diario de M\u00f3nica\u201d; tiene una licenciatura en Comunicaci\u00f3n Audiovisual y Multimedia de la Universidad Casa Grande y una trayectoria de m\u00e1s de 18 a\u00f1os en cine, televisi\u00f3n y publicidad, desempe\u00f1\u00e1ndose en los tres \u00e1mbitos en Argentina, Espa\u00f1a y Ecuador.<\/p>\n\n\n\n<p>Fotos: Escuela de Posgrados. Tambi\u00e9n constan im\u00e1genes proporcionadas por la cineasta Priscilla Aguirre de su documental \u00abNosotras\u00bb.<\/p>","protected":false},"excerpt":{"rendered":"<p>La coordinadora de la maestr\u00eda de Cine Documental, Priscilla Aguirre, brind\u00f3 una presentaci\u00f3n del programa de la Escuela de Posgrados UArtes, cuyas postulaciones estar\u00e1n abiertas hasta el 19 de mayo. Sucedi\u00f3 en un evento del IAVQ en la Cinemateca Nacional del Ecuador, donde, por el relacionamiento para acciones conjuntas, la cineasta brindar\u00e1 tambi\u00e9n una masterclass y dar\u00e1 detalles de \u201cNosotras\u201d, su primer largometraje.<\/p>","protected":false},"author":10,"featured_media":69265,"comment_status":"open","ping_status":"open","sticky":false,"template":"","format":"standard","meta":{"_acf_changed":false,"_uag_custom_page_level_css":"","_monsterinsights_skip_tracking":false,"_monsterinsights_sitenote_active":false,"_monsterinsights_sitenote_note":"","_monsterinsights_sitenote_category":0,"cybocfi_hide_featured_image":"","footnotes":""},"categories":[80,82,147,75,77,264,79],"tags":[517],"infouartes":[],"class_list":["post-69264","post","type-post","status-publish","format-standard","has-post-thumbnail","hentry","category-academico","category-artes","category-cine","category-docentes","category-gestion","category-maestrias","category-vinculo","tag-exposicion"],"acf":[],"yoast_head":"<!-- This site is optimized with the Yoast SEO plugin v27.4 - https:\/\/yoast.com\/product\/yoast-seo-wordpress\/ -->\n<title>Universidad de las Artes - Hasta mayo se puede postular a maestr\u00eda en Cine Documental; Priscilla Aguirre, su coordinadora, la present\u00f3 en Quito<\/title>\n<meta name=\"description\" content=\"Universidad de las Artes - Hasta mayo se puede postular a maestr\u00eda en Cine Documental; Priscilla Aguirre, su coordinadora, la present\u00f3 en Quito\" \/>\n<meta name=\"robots\" content=\"index, follow, max-snippet:-1, max-image-preview:large, max-video-preview:-1\" \/>\n<link rel=\"canonical\" href=\"https:\/\/www.uartes.edu.ec\/sitio\/en\/blog\/2025\/03\/11\/postulaciones-de-maestria-en-cine-documental-hasta-el-19-de-mayo-priscilla-aguirre-su-coordinadora-la-presento-en-quito\/\" \/>\n<meta property=\"og:locale\" content=\"en_US\" \/>\n<meta property=\"og:type\" content=\"article\" \/>\n<meta property=\"og:title\" content=\"Universidad de las Artes - Hasta mayo se puede postular a maestr\u00eda en Cine Documental; Priscilla Aguirre, su coordinadora, la present\u00f3 en Quito\" \/>\n<meta property=\"og:description\" content=\"Universidad de las Artes - Hasta mayo se puede postular a maestr\u00eda en Cine Documental; Priscilla Aguirre, su coordinadora, la present\u00f3 en Quito\" \/>\n<meta property=\"og:url\" content=\"https:\/\/www.uartes.edu.ec\/sitio\/en\/blog\/2025\/03\/11\/postulaciones-de-maestria-en-cine-documental-hasta-el-19-de-mayo-priscilla-aguirre-su-coordinadora-la-presento-en-quito\/\" \/>\n<meta property=\"og:site_name\" content=\"Universidad de las Artes\" \/>\n<meta property=\"article:publisher\" content=\"https:\/\/www.facebook.com\/uartesec\" \/>\n<meta property=\"article:published_time\" content=\"2025-03-11T23:36:28+00:00\" \/>\n<meta property=\"article:modified_time\" content=\"2025-03-12T19:06:06+00:00\" \/>\n<meta property=\"og:image\" content=\"https:\/\/www.uartes.edu.ec\/sitio\/wp-content\/uploads\/2025\/03\/01-MAESTRIA-CINE-DOCUMENTAL.jpg\" \/>\n\t<meta property=\"og:image:width\" content=\"2000\" \/>\n\t<meta property=\"og:image:height\" content=\"1333\" \/>\n\t<meta property=\"og:image:type\" content=\"image\/jpeg\" \/>\n<meta name=\"author\" content=\"ccortez\" \/>\n<meta name=\"twitter:card\" content=\"summary_large_image\" \/>\n<meta name=\"twitter:creator\" content=\"@uartesec\" \/>\n<meta name=\"twitter:site\" content=\"@uartesec\" \/>\n<meta name=\"twitter:label1\" content=\"Written by\" \/>\n\t<meta name=\"twitter:data1\" content=\"ccortez\" \/>\n\t<meta name=\"twitter:label2\" content=\"Est. reading time\" \/>\n\t<meta name=\"twitter:data2\" content=\"6 minutes\" \/>\n<script type=\"application\/ld+json\" class=\"yoast-schema-graph\">{\"@context\":\"https:\\\/\\\/schema.org\",\"@graph\":[{\"@type\":\"Article\",\"@id\":\"https:\\\/\\\/www.uartes.edu.ec\\\/sitio\\\/en\\\/blog\\\/2025\\\/03\\\/11\\\/postulaciones-de-maestria-en-cine-documental-hasta-el-19-de-mayo-priscilla-aguirre-su-coordinadora-la-presento-en-quito\\\/#article\",\"isPartOf\":{\"@id\":\"https:\\\/\\\/www.uartes.edu.ec\\\/sitio\\\/en\\\/blog\\\/2025\\\/03\\\/11\\\/postulaciones-de-maestria-en-cine-documental-hasta-el-19-de-mayo-priscilla-aguirre-su-coordinadora-la-presento-en-quito\\\/\"},\"author\":{\"name\":\"ccortez\",\"@id\":\"https:\\\/\\\/www.uartes.edu.ec\\\/sitio\\\/en\\\/#\\\/schema\\\/person\\\/efa1b8275797664fd7f13a79ccc0b1f4\"},\"headline\":\"Hasta mayo se puede postular a maestr\u00eda en Cine Documental; Priscilla Aguirre, su coordinadora, la present\u00f3 en Quito\",\"datePublished\":\"2025-03-11T23:36:28+00:00\",\"dateModified\":\"2025-03-12T19:06:06+00:00\",\"mainEntityOfPage\":{\"@id\":\"https:\\\/\\\/www.uartes.edu.ec\\\/sitio\\\/en\\\/blog\\\/2025\\\/03\\\/11\\\/postulaciones-de-maestria-en-cine-documental-hasta-el-19-de-mayo-priscilla-aguirre-su-coordinadora-la-presento-en-quito\\\/\"},\"wordCount\":1025,\"commentCount\":0,\"publisher\":{\"@id\":\"https:\\\/\\\/www.uartes.edu.ec\\\/sitio\\\/en\\\/#organization\"},\"image\":{\"@id\":\"https:\\\/\\\/www.uartes.edu.ec\\\/sitio\\\/en\\\/blog\\\/2025\\\/03\\\/11\\\/postulaciones-de-maestria-en-cine-documental-hasta-el-19-de-mayo-priscilla-aguirre-su-coordinadora-la-presento-en-quito\\\/#primaryimage\"},\"thumbnailUrl\":\"https:\\\/\\\/www.uartes.edu.ec\\\/sitio\\\/wp-content\\\/uploads\\\/2025\\\/03\\\/01-MAESTRIA-CINE-DOCUMENTAL.jpg\",\"keywords\":[\"exposici\u00f3n\"],\"articleSection\":[\"Acad\u00e9mico\",\"Artes\",\"Cine\",\"Docentes\",\"Gesti\u00f3n\",\"Maestr\u00edas\",\"V\u00ednculo\"],\"inLanguage\":\"en-US\",\"potentialAction\":[{\"@type\":\"CommentAction\",\"name\":\"Comment\",\"target\":[\"https:\\\/\\\/www.uartes.edu.ec\\\/sitio\\\/en\\\/blog\\\/2025\\\/03\\\/11\\\/postulaciones-de-maestria-en-cine-documental-hasta-el-19-de-mayo-priscilla-aguirre-su-coordinadora-la-presento-en-quito\\\/#respond\"]}]},{\"@type\":[\"WebPage\",\"ItemPage\"],\"@id\":\"https:\\\/\\\/www.uartes.edu.ec\\\/sitio\\\/en\\\/blog\\\/2025\\\/03\\\/11\\\/postulaciones-de-maestria-en-cine-documental-hasta-el-19-de-mayo-priscilla-aguirre-su-coordinadora-la-presento-en-quito\\\/\",\"url\":\"https:\\\/\\\/www.uartes.edu.ec\\\/sitio\\\/en\\\/blog\\\/2025\\\/03\\\/11\\\/postulaciones-de-maestria-en-cine-documental-hasta-el-19-de-mayo-priscilla-aguirre-su-coordinadora-la-presento-en-quito\\\/\",\"name\":\"Universidad de las Artes - Hasta mayo se puede postular a maestr\u00eda en Cine Documental; Priscilla Aguirre, su coordinadora, la present\u00f3 en Quito\",\"isPartOf\":{\"@id\":\"https:\\\/\\\/www.uartes.edu.ec\\\/sitio\\\/en\\\/#website\"},\"primaryImageOfPage\":{\"@id\":\"https:\\\/\\\/www.uartes.edu.ec\\\/sitio\\\/en\\\/blog\\\/2025\\\/03\\\/11\\\/postulaciones-de-maestria-en-cine-documental-hasta-el-19-de-mayo-priscilla-aguirre-su-coordinadora-la-presento-en-quito\\\/#primaryimage\"},\"image\":{\"@id\":\"https:\\\/\\\/www.uartes.edu.ec\\\/sitio\\\/en\\\/blog\\\/2025\\\/03\\\/11\\\/postulaciones-de-maestria-en-cine-documental-hasta-el-19-de-mayo-priscilla-aguirre-su-coordinadora-la-presento-en-quito\\\/#primaryimage\"},\"thumbnailUrl\":\"https:\\\/\\\/www.uartes.edu.ec\\\/sitio\\\/wp-content\\\/uploads\\\/2025\\\/03\\\/01-MAESTRIA-CINE-DOCUMENTAL.jpg\",\"datePublished\":\"2025-03-11T23:36:28+00:00\",\"dateModified\":\"2025-03-12T19:06:06+00:00\",\"description\":\"Universidad de las Artes - Hasta mayo se puede postular a maestr\u00eda en Cine Documental; Priscilla Aguirre, su coordinadora, la present\u00f3 en Quito\",\"breadcrumb\":{\"@id\":\"https:\\\/\\\/www.uartes.edu.ec\\\/sitio\\\/en\\\/blog\\\/2025\\\/03\\\/11\\\/postulaciones-de-maestria-en-cine-documental-hasta-el-19-de-mayo-priscilla-aguirre-su-coordinadora-la-presento-en-quito\\\/#breadcrumb\"},\"inLanguage\":\"en-US\",\"potentialAction\":[{\"@type\":\"ReadAction\",\"target\":[\"https:\\\/\\\/www.uartes.edu.ec\\\/sitio\\\/en\\\/blog\\\/2025\\\/03\\\/11\\\/postulaciones-de-maestria-en-cine-documental-hasta-el-19-de-mayo-priscilla-aguirre-su-coordinadora-la-presento-en-quito\\\/\"]}]},{\"@type\":\"ImageObject\",\"inLanguage\":\"en-US\",\"@id\":\"https:\\\/\\\/www.uartes.edu.ec\\\/sitio\\\/en\\\/blog\\\/2025\\\/03\\\/11\\\/postulaciones-de-maestria-en-cine-documental-hasta-el-19-de-mayo-priscilla-aguirre-su-coordinadora-la-presento-en-quito\\\/#primaryimage\",\"url\":\"https:\\\/\\\/www.uartes.edu.ec\\\/sitio\\\/wp-content\\\/uploads\\\/2025\\\/03\\\/01-MAESTRIA-CINE-DOCUMENTAL.jpg\",\"contentUrl\":\"https:\\\/\\\/www.uartes.edu.ec\\\/sitio\\\/wp-content\\\/uploads\\\/2025\\\/03\\\/01-MAESTRIA-CINE-DOCUMENTAL.jpg\",\"width\":2000,\"height\":1333},{\"@type\":\"BreadcrumbList\",\"@id\":\"https:\\\/\\\/www.uartes.edu.ec\\\/sitio\\\/en\\\/blog\\\/2025\\\/03\\\/11\\\/postulaciones-de-maestria-en-cine-documental-hasta-el-19-de-mayo-priscilla-aguirre-su-coordinadora-la-presento-en-quito\\\/#breadcrumb\",\"itemListElement\":[{\"@type\":\"ListItem\",\"position\":1,\"name\":\"Inicio\",\"item\":\"https:\\\/\\\/www.uartes.edu.ec\\\/sitio\\\/\"},{\"@type\":\"ListItem\",\"position\":2,\"name\":\"Hasta mayo se puede postular a maestr\u00eda en Cine Documental; Priscilla Aguirre, su coordinadora, la present\u00f3 en Quito\"}]},{\"@type\":\"WebSite\",\"@id\":\"https:\\\/\\\/www.uartes.edu.ec\\\/sitio\\\/en\\\/#website\",\"url\":\"https:\\\/\\\/www.uartes.edu.ec\\\/sitio\\\/en\\\/\",\"name\":\"Universidad de las Artes\",\"description\":\"Sitio oficial de la Universidad Nacional de las Artes del Ecuador\",\"publisher\":{\"@id\":\"https:\\\/\\\/www.uartes.edu.ec\\\/sitio\\\/en\\\/#organization\"},\"potentialAction\":[{\"@type\":\"SearchAction\",\"target\":{\"@type\":\"EntryPoint\",\"urlTemplate\":\"https:\\\/\\\/www.uartes.edu.ec\\\/sitio\\\/en\\\/?s={search_term_string}\"},\"query-input\":{\"@type\":\"PropertyValueSpecification\",\"valueRequired\":true,\"valueName\":\"search_term_string\"}}],\"inLanguage\":\"en-US\"},{\"@type\":\"Organization\",\"@id\":\"https:\\\/\\\/www.uartes.edu.ec\\\/sitio\\\/en\\\/#organization\",\"name\":\"Universidad de las Artes\",\"url\":\"https:\\\/\\\/www.uartes.edu.ec\\\/sitio\\\/en\\\/\",\"logo\":{\"@type\":\"ImageObject\",\"inLanguage\":\"en-US\",\"@id\":\"https:\\\/\\\/www.uartes.edu.ec\\\/sitio\\\/en\\\/#\\\/schema\\\/logo\\\/image\\\/\",\"url\":\"https:\\\/\\\/www.uartes.edu.ec\\\/sitio\\\/wp-content\\\/uploads\\\/2022\\\/07\\\/logo-ua-horizontal.png\",\"contentUrl\":\"https:\\\/\\\/www.uartes.edu.ec\\\/sitio\\\/wp-content\\\/uploads\\\/2022\\\/07\\\/logo-ua-horizontal.png\",\"width\":800,\"height\":276,\"caption\":\"Universidad de las Artes\"},\"image\":{\"@id\":\"https:\\\/\\\/www.uartes.edu.ec\\\/sitio\\\/en\\\/#\\\/schema\\\/logo\\\/image\\\/\"},\"sameAs\":[\"https:\\\/\\\/www.facebook.com\\\/uartesec\",\"https:\\\/\\\/x.com\\\/uartesec\",\"https:\\\/\\\/www.tiktok.com\\\/@uartesec\"]},{\"@type\":\"Person\",\"@id\":\"https:\\\/\\\/www.uartes.edu.ec\\\/sitio\\\/en\\\/#\\\/schema\\\/person\\\/efa1b8275797664fd7f13a79ccc0b1f4\",\"name\":\"ccortez\",\"image\":{\"@type\":\"ImageObject\",\"inLanguage\":\"en-US\",\"@id\":\"https:\\\/\\\/secure.gravatar.com\\\/avatar\\\/b2a6f664a3ae8e074346ef91775736c5ec479e637ecced6842de9dc98b5da9cd?s=96&d=mm&r=g\",\"url\":\"https:\\\/\\\/secure.gravatar.com\\\/avatar\\\/b2a6f664a3ae8e074346ef91775736c5ec479e637ecced6842de9dc98b5da9cd?s=96&d=mm&r=g\",\"contentUrl\":\"https:\\\/\\\/secure.gravatar.com\\\/avatar\\\/b2a6f664a3ae8e074346ef91775736c5ec479e637ecced6842de9dc98b5da9cd?s=96&d=mm&r=g\",\"caption\":\"ccortez\"},\"url\":\"https:\\\/\\\/www.uartes.edu.ec\\\/sitio\\\/en\\\/blog\\\/author\\\/ccortez\\\/\"}]}<\/script>\n<!-- \/ Yoast SEO plugin. -->","yoast_head_json":{"title":"Universidad de las Artes - Hasta mayo se puede postular a maestr\u00eda en Cine Documental; Priscilla Aguirre, su coordinadora, la present\u00f3 en Quito","description":"Universidad de las Artes - Hasta mayo se puede postular a maestr\u00eda en Cine Documental; Priscilla Aguirre, su coordinadora, la present\u00f3 en Quito","robots":{"index":"index","follow":"follow","max-snippet":"max-snippet:-1","max-image-preview":"max-image-preview:large","max-video-preview":"max-video-preview:-1"},"canonical":"https:\/\/www.uartes.edu.ec\/sitio\/en\/blog\/2025\/03\/11\/postulaciones-de-maestria-en-cine-documental-hasta-el-19-de-mayo-priscilla-aguirre-su-coordinadora-la-presento-en-quito\/","og_locale":"en_US","og_type":"article","og_title":"Universidad de las Artes - Hasta mayo se puede postular a maestr\u00eda en Cine Documental; Priscilla Aguirre, su coordinadora, la present\u00f3 en Quito","og_description":"Universidad de las Artes - Hasta mayo se puede postular a maestr\u00eda en Cine Documental; Priscilla Aguirre, su coordinadora, la present\u00f3 en Quito","og_url":"https:\/\/www.uartes.edu.ec\/sitio\/en\/blog\/2025\/03\/11\/postulaciones-de-maestria-en-cine-documental-hasta-el-19-de-mayo-priscilla-aguirre-su-coordinadora-la-presento-en-quito\/","og_site_name":"Universidad de las Artes","article_publisher":"https:\/\/www.facebook.com\/uartesec","article_published_time":"2025-03-11T23:36:28+00:00","article_modified_time":"2025-03-12T19:06:06+00:00","og_image":[{"width":2000,"height":1333,"url":"https:\/\/www.uartes.edu.ec\/sitio\/wp-content\/uploads\/2025\/03\/01-MAESTRIA-CINE-DOCUMENTAL.jpg","type":"image\/jpeg"}],"author":"ccortez","twitter_card":"summary_large_image","twitter_creator":"@uartesec","twitter_site":"@uartesec","twitter_misc":{"Written by":"ccortez","Est. reading time":"6 minutes"},"schema":{"@context":"https:\/\/schema.org","@graph":[{"@type":"Article","@id":"https:\/\/www.uartes.edu.ec\/sitio\/en\/blog\/2025\/03\/11\/postulaciones-de-maestria-en-cine-documental-hasta-el-19-de-mayo-priscilla-aguirre-su-coordinadora-la-presento-en-quito\/#article","isPartOf":{"@id":"https:\/\/www.uartes.edu.ec\/sitio\/en\/blog\/2025\/03\/11\/postulaciones-de-maestria-en-cine-documental-hasta-el-19-de-mayo-priscilla-aguirre-su-coordinadora-la-presento-en-quito\/"},"author":{"name":"ccortez","@id":"https:\/\/www.uartes.edu.ec\/sitio\/en\/#\/schema\/person\/efa1b8275797664fd7f13a79ccc0b1f4"},"headline":"Hasta mayo se puede postular a maestr\u00eda en Cine Documental; Priscilla Aguirre, su coordinadora, la present\u00f3 en Quito","datePublished":"2025-03-11T23:36:28+00:00","dateModified":"2025-03-12T19:06:06+00:00","mainEntityOfPage":{"@id":"https:\/\/www.uartes.edu.ec\/sitio\/en\/blog\/2025\/03\/11\/postulaciones-de-maestria-en-cine-documental-hasta-el-19-de-mayo-priscilla-aguirre-su-coordinadora-la-presento-en-quito\/"},"wordCount":1025,"commentCount":0,"publisher":{"@id":"https:\/\/www.uartes.edu.ec\/sitio\/en\/#organization"},"image":{"@id":"https:\/\/www.uartes.edu.ec\/sitio\/en\/blog\/2025\/03\/11\/postulaciones-de-maestria-en-cine-documental-hasta-el-19-de-mayo-priscilla-aguirre-su-coordinadora-la-presento-en-quito\/#primaryimage"},"thumbnailUrl":"https:\/\/www.uartes.edu.ec\/sitio\/wp-content\/uploads\/2025\/03\/01-MAESTRIA-CINE-DOCUMENTAL.jpg","keywords":["exposici\u00f3n"],"articleSection":["Acad\u00e9mico","Artes","Cine","Docentes","Gesti\u00f3n","Maestr\u00edas","V\u00ednculo"],"inLanguage":"en-US","potentialAction":[{"@type":"CommentAction","name":"Comment","target":["https:\/\/www.uartes.edu.ec\/sitio\/en\/blog\/2025\/03\/11\/postulaciones-de-maestria-en-cine-documental-hasta-el-19-de-mayo-priscilla-aguirre-su-coordinadora-la-presento-en-quito\/#respond"]}]},{"@type":["WebPage","ItemPage"],"@id":"https:\/\/www.uartes.edu.ec\/sitio\/en\/blog\/2025\/03\/11\/postulaciones-de-maestria-en-cine-documental-hasta-el-19-de-mayo-priscilla-aguirre-su-coordinadora-la-presento-en-quito\/","url":"https:\/\/www.uartes.edu.ec\/sitio\/en\/blog\/2025\/03\/11\/postulaciones-de-maestria-en-cine-documental-hasta-el-19-de-mayo-priscilla-aguirre-su-coordinadora-la-presento-en-quito\/","name":"Universidad de las Artes - Hasta mayo se puede postular a maestr\u00eda en Cine Documental; Priscilla Aguirre, su coordinadora, la present\u00f3 en Quito","isPartOf":{"@id":"https:\/\/www.uartes.edu.ec\/sitio\/en\/#website"},"primaryImageOfPage":{"@id":"https:\/\/www.uartes.edu.ec\/sitio\/en\/blog\/2025\/03\/11\/postulaciones-de-maestria-en-cine-documental-hasta-el-19-de-mayo-priscilla-aguirre-su-coordinadora-la-presento-en-quito\/#primaryimage"},"image":{"@id":"https:\/\/www.uartes.edu.ec\/sitio\/en\/blog\/2025\/03\/11\/postulaciones-de-maestria-en-cine-documental-hasta-el-19-de-mayo-priscilla-aguirre-su-coordinadora-la-presento-en-quito\/#primaryimage"},"thumbnailUrl":"https:\/\/www.uartes.edu.ec\/sitio\/wp-content\/uploads\/2025\/03\/01-MAESTRIA-CINE-DOCUMENTAL.jpg","datePublished":"2025-03-11T23:36:28+00:00","dateModified":"2025-03-12T19:06:06+00:00","description":"Universidad de las Artes - Hasta mayo se puede postular a maestr\u00eda en Cine Documental; Priscilla Aguirre, su coordinadora, la present\u00f3 en Quito","breadcrumb":{"@id":"https:\/\/www.uartes.edu.ec\/sitio\/en\/blog\/2025\/03\/11\/postulaciones-de-maestria-en-cine-documental-hasta-el-19-de-mayo-priscilla-aguirre-su-coordinadora-la-presento-en-quito\/#breadcrumb"},"inLanguage":"en-US","potentialAction":[{"@type":"ReadAction","target":["https:\/\/www.uartes.edu.ec\/sitio\/en\/blog\/2025\/03\/11\/postulaciones-de-maestria-en-cine-documental-hasta-el-19-de-mayo-priscilla-aguirre-su-coordinadora-la-presento-en-quito\/"]}]},{"@type":"ImageObject","inLanguage":"en-US","@id":"https:\/\/www.uartes.edu.ec\/sitio\/en\/blog\/2025\/03\/11\/postulaciones-de-maestria-en-cine-documental-hasta-el-19-de-mayo-priscilla-aguirre-su-coordinadora-la-presento-en-quito\/#primaryimage","url":"https:\/\/www.uartes.edu.ec\/sitio\/wp-content\/uploads\/2025\/03\/01-MAESTRIA-CINE-DOCUMENTAL.jpg","contentUrl":"https:\/\/www.uartes.edu.ec\/sitio\/wp-content\/uploads\/2025\/03\/01-MAESTRIA-CINE-DOCUMENTAL.jpg","width":2000,"height":1333},{"@type":"BreadcrumbList","@id":"https:\/\/www.uartes.edu.ec\/sitio\/en\/blog\/2025\/03\/11\/postulaciones-de-maestria-en-cine-documental-hasta-el-19-de-mayo-priscilla-aguirre-su-coordinadora-la-presento-en-quito\/#breadcrumb","itemListElement":[{"@type":"ListItem","position":1,"name":"Inicio","item":"https:\/\/www.uartes.edu.ec\/sitio\/"},{"@type":"ListItem","position":2,"name":"Hasta mayo se puede postular a maestr\u00eda en Cine Documental; Priscilla Aguirre, su coordinadora, la present\u00f3 en Quito"}]},{"@type":"WebSite","@id":"https:\/\/www.uartes.edu.ec\/sitio\/en\/#website","url":"https:\/\/www.uartes.edu.ec\/sitio\/en\/","name":"Universidad de las Artes","description":"Sitio oficial de la Universidad Nacional de las Artes del Ecuador","publisher":{"@id":"https:\/\/www.uartes.edu.ec\/sitio\/en\/#organization"},"potentialAction":[{"@type":"SearchAction","target":{"@type":"EntryPoint","urlTemplate":"https:\/\/www.uartes.edu.ec\/sitio\/en\/?s={search_term_string}"},"query-input":{"@type":"PropertyValueSpecification","valueRequired":true,"valueName":"search_term_string"}}],"inLanguage":"en-US"},{"@type":"Organization","@id":"https:\/\/www.uartes.edu.ec\/sitio\/en\/#organization","name":"Universidad de las Artes","url":"https:\/\/www.uartes.edu.ec\/sitio\/en\/","logo":{"@type":"ImageObject","inLanguage":"en-US","@id":"https:\/\/www.uartes.edu.ec\/sitio\/en\/#\/schema\/logo\/image\/","url":"https:\/\/www.uartes.edu.ec\/sitio\/wp-content\/uploads\/2022\/07\/logo-ua-horizontal.png","contentUrl":"https:\/\/www.uartes.edu.ec\/sitio\/wp-content\/uploads\/2022\/07\/logo-ua-horizontal.png","width":800,"height":276,"caption":"Universidad de las Artes"},"image":{"@id":"https:\/\/www.uartes.edu.ec\/sitio\/en\/#\/schema\/logo\/image\/"},"sameAs":["https:\/\/www.facebook.com\/uartesec","https:\/\/x.com\/uartesec","https:\/\/www.tiktok.com\/@uartesec"]},{"@type":"Person","@id":"https:\/\/www.uartes.edu.ec\/sitio\/en\/#\/schema\/person\/efa1b8275797664fd7f13a79ccc0b1f4","name":"ccortez","image":{"@type":"ImageObject","inLanguage":"en-US","@id":"https:\/\/secure.gravatar.com\/avatar\/b2a6f664a3ae8e074346ef91775736c5ec479e637ecced6842de9dc98b5da9cd?s=96&d=mm&r=g","url":"https:\/\/secure.gravatar.com\/avatar\/b2a6f664a3ae8e074346ef91775736c5ec479e637ecced6842de9dc98b5da9cd?s=96&d=mm&r=g","contentUrl":"https:\/\/secure.gravatar.com\/avatar\/b2a6f664a3ae8e074346ef91775736c5ec479e637ecced6842de9dc98b5da9cd?s=96&d=mm&r=g","caption":"ccortez"},"url":"https:\/\/www.uartes.edu.ec\/sitio\/en\/blog\/author\/ccortez\/"}]}},"uagb_featured_image_src":{"full":["https:\/\/www.uartes.edu.ec\/sitio\/wp-content\/uploads\/2025\/03\/01-MAESTRIA-CINE-DOCUMENTAL.jpg",2000,1333,false],"thumbnail":["https:\/\/www.uartes.edu.ec\/sitio\/wp-content\/uploads\/2025\/03\/01-MAESTRIA-CINE-DOCUMENTAL-150x150.jpg",150,150,true],"medium":["https:\/\/www.uartes.edu.ec\/sitio\/wp-content\/uploads\/2025\/03\/01-MAESTRIA-CINE-DOCUMENTAL-300x200.jpg",300,200,true],"medium_large":["https:\/\/www.uartes.edu.ec\/sitio\/wp-content\/uploads\/2025\/03\/01-MAESTRIA-CINE-DOCUMENTAL-768x512.jpg",768,512,true],"large":["https:\/\/www.uartes.edu.ec\/sitio\/wp-content\/uploads\/2025\/03\/01-MAESTRIA-CINE-DOCUMENTAL-644x429.jpg",644,429,true],"1536x1536":["https:\/\/www.uartes.edu.ec\/sitio\/wp-content\/uploads\/2025\/03\/01-MAESTRIA-CINE-DOCUMENTAL-1536x1024.jpg",1536,1024,true],"2048x2048":["https:\/\/www.uartes.edu.ec\/sitio\/wp-content\/uploads\/2025\/03\/01-MAESTRIA-CINE-DOCUMENTAL.jpg",2000,1333,false],"trp-custom-language-flag":["https:\/\/www.uartes.edu.ec\/sitio\/wp-content\/uploads\/2025\/03\/01-MAESTRIA-CINE-DOCUMENTAL-18x12.jpg",18,12,true],"htmega_size_585x295":["https:\/\/www.uartes.edu.ec\/sitio\/wp-content\/uploads\/2025\/03\/01-MAESTRIA-CINE-DOCUMENTAL-585x295.jpg",585,295,true],"htmega_size_1170x536":["https:\/\/www.uartes.edu.ec\/sitio\/wp-content\/uploads\/2025\/03\/01-MAESTRIA-CINE-DOCUMENTAL-1170x536.jpg",1170,536,true],"htmega_size_396x360":["https:\/\/www.uartes.edu.ec\/sitio\/wp-content\/uploads\/2025\/03\/01-MAESTRIA-CINE-DOCUMENTAL-396x360.jpg",396,360,true],"gb-block-post-grid-landscape":["https:\/\/www.uartes.edu.ec\/sitio\/wp-content\/uploads\/2025\/03\/01-MAESTRIA-CINE-DOCUMENTAL-600x400.jpg",600,400,true],"gb-block-post-grid-square":["https:\/\/www.uartes.edu.ec\/sitio\/wp-content\/uploads\/2025\/03\/01-MAESTRIA-CINE-DOCUMENTAL-600x600.jpg",600,600,true],"university-hub-thumb":["https:\/\/www.uartes.edu.ec\/sitio\/wp-content\/uploads\/2025\/03\/01-MAESTRIA-CINE-DOCUMENTAL-400x267.jpg",400,267,true]},"uagb_author_info":{"display_name":"ccortez","author_link":"https:\/\/www.uartes.edu.ec\/sitio\/en\/blog\/author\/ccortez\/"},"uagb_comment_info":0,"uagb_excerpt":"La coordinadora de la maestr\u00eda de Cine Documental, Priscilla Aguirre, brind\u00f3 una presentaci\u00f3n del programa de la Escuela de Posgrados UArtes, cuyas postulaciones estar\u00e1n abiertas hasta el 19 de mayo. Sucedi\u00f3 en un evento del IAVQ en la Cinemateca Nacional del Ecuador, donde, por el relacionamiento para acciones conjuntas, la cineasta brindar\u00e1 tambi\u00e9n una masterclass&hellip;","featured_image_src":"https:\/\/www.uartes.edu.ec\/sitio\/wp-content\/uploads\/2025\/03\/01-MAESTRIA-CINE-DOCUMENTAL-600x400.jpg","featured_image_src_square":"https:\/\/www.uartes.edu.ec\/sitio\/wp-content\/uploads\/2025\/03\/01-MAESTRIA-CINE-DOCUMENTAL-600x600.jpg","author_info":{"display_name":"ccortez","author_link":"https:\/\/www.uartes.edu.ec\/sitio\/en\/blog\/author\/ccortez\/"},"publishpress_future_workflow_manual_trigger":{"enabledWorkflows":[]},"distributor_meta":false,"distributor_terms":false,"distributor_media":false,"distributor_original_site_name":"Universidad de las Artes","distributor_original_site_url":"https:\/\/www.uartes.edu.ec\/sitio\/en","push-errors":false,"_links":{"self":[{"href":"https:\/\/www.uartes.edu.ec\/sitio\/en\/wp-json\/wp\/v2\/posts\/69264","targetHints":{"allow":["GET"]}}],"collection":[{"href":"https:\/\/www.uartes.edu.ec\/sitio\/en\/wp-json\/wp\/v2\/posts"}],"about":[{"href":"https:\/\/www.uartes.edu.ec\/sitio\/en\/wp-json\/wp\/v2\/types\/post"}],"author":[{"embeddable":true,"href":"https:\/\/www.uartes.edu.ec\/sitio\/en\/wp-json\/wp\/v2\/users\/10"}],"replies":[{"embeddable":true,"href":"https:\/\/www.uartes.edu.ec\/sitio\/en\/wp-json\/wp\/v2\/comments?post=69264"}],"version-history":[{"count":8,"href":"https:\/\/www.uartes.edu.ec\/sitio\/en\/wp-json\/wp\/v2\/posts\/69264\/revisions"}],"predecessor-version":[{"id":69366,"href":"https:\/\/www.uartes.edu.ec\/sitio\/en\/wp-json\/wp\/v2\/posts\/69264\/revisions\/69366"}],"wp:featuredmedia":[{"embeddable":true,"href":"https:\/\/www.uartes.edu.ec\/sitio\/en\/wp-json\/wp\/v2\/media\/69265"}],"wp:attachment":[{"href":"https:\/\/www.uartes.edu.ec\/sitio\/en\/wp-json\/wp\/v2\/media?parent=69264"}],"wp:term":[{"taxonomy":"category","embeddable":true,"href":"https:\/\/www.uartes.edu.ec\/sitio\/en\/wp-json\/wp\/v2\/categories?post=69264"},{"taxonomy":"post_tag","embeddable":true,"href":"https:\/\/www.uartes.edu.ec\/sitio\/en\/wp-json\/wp\/v2\/tags?post=69264"},{"taxonomy":"infouartes","embeddable":true,"href":"https:\/\/www.uartes.edu.ec\/sitio\/en\/wp-json\/wp\/v2\/infouartes?post=69264"}],"curies":[{"name":"wp","href":"https:\/\/api.w.org\/{rel}","templated":true}]}}