{"id":6971,"date":"2020-05-12T14:54:18","date_gmt":"2020-05-12T19:54:18","guid":{"rendered":"http:\/\/www.uartes.edu.ec\/sitio\/?p=6971"},"modified":"2024-07-04T11:43:11","modified_gmt":"2024-07-04T16:43:11","slug":"dibujos-inspirados-por-la-conciencia-feminista-dieron-forma-a-mal-muestra-y-tesis-de-gabriela-serrano","status":"publish","type":"post","link":"https:\/\/www.uartes.edu.ec\/sitio\/en\/blog\/2020\/05\/12\/dibujos-inspirados-por-la-conciencia-feminista-dieron-forma-a-mal-muestra-y-tesis-de-gabriela-serrano\/","title":{"rendered":"Dibujos inspirados por la conciencia feminista dieron  forma a \u201cMAL\u201d, muestra y tesis de Gabriela Serrano"},"content":{"rendered":"<p>Gabriela Andrea Serrano Soto, estudiante de la Escuela de Artes Visuales, sustent\u00f3 tesis el 1 de mayo v\u00eda videoconferencia. Su proyecto de titulaci\u00f3n es <em>MAL <\/em>y detalla que por medio del dibujo busc\u00f3 las diversas sucesiones normalizadas y consideradas como modelos de vida, a la vez que dialoga con sus antecesores (dibujos de la primera etapa 2012-2015) y los discursos pasados, mientras recorre una gr\u00e1fica que sondea mediante su formalidad los trazos con los que menciona y da \u00e9nfasis a cada serie. Estos dibujos, inspirados por la conciencia feminista, tuvieron el objetivo de recabar informaci\u00f3n por intermedio del recuerdo, del s\u00edntoma y de la percepci\u00f3n, con el fin de recrear la forma y el contexto en que sucedieron los hechos que hasta ahora la han conformado como persona.<\/p>\n\n\n\n<p>Su proyecto, agrega, propone simult\u00e1neamente \u201cobjetar el sentido de nuestros actos y la incesante necesidad de creer o pertenecer a algo que nos haga transitar por caminos tangibles, empero, no por ello confortables o seguros. Esto con el af\u00e1n de procurar desentra\u00f1ar las regularizaciones sesgadas por las nociones de sexo y g\u00e9nero que nos atraviesan como sociedad, al tiempo que se aspira a generar reflexi\u00f3n que permita pensar una convivencia m\u00e1s acorde a nuestra condici\u00f3n de humanxs y seres vivxs\u201d.<\/p>\n\n\n\n<p>La motivaci\u00f3n para este proyecto surge de la exploraci\u00f3n de su condici\u00f3n de ser humana. \u201cEsto incluye un amplio espectro de sensaciones y pensamientos relacionados tanto a mi perspectiva particular como al encuentro con lxs otrxs y al espacio que habito. Este escenario acoge la infinidad de realidades humanas posibles, las cuales se conjugan entre s\u00ed para dar origen a una intensa gama de encuentros y fricciones que agitan las mareas ps\u00edquicas de cada persona\u201d.&nbsp;<\/p>\n\n\n\n<p>El&nbsp;proyecto&nbsp;<em>MAL<\/em> lo desarroll\u00f3 entre octubre y&nbsp;diciembre&nbsp;de 2015; su fase de&nbsp;elaboraci\u00f3n&nbsp;de dibujo concluy\u00f3 a finales de 2019, aunque el calendario para realizar la&nbsp;exposici\u00f3n lo empez\u00f3 a trabajar a inicios de ese a\u00f1o. \u201cPara producir la obra utilic\u00e9 material de&nbsp;bit\u00e1cora&nbsp;(plumas, l\u00e1pices, marcadores, correctores, goma, cartulinas), con el que he venido trabajando desde 2012.&nbsp;El lugar que eleg\u00ed para la muestra fue Mu\u00e9gano Teatro y en el proceso tuve la oportunidad de entablar un di\u00e1logo con este espacio&nbsp;teatral y oscuro que&nbsp;removi\u00f3&nbsp;en m\u00ed la idea del cubo blanco como opci\u00f3n de di\u00e1logo visual, al que termin\u00e9 atribuy\u00e9ndole la forma de un supuesto papel vac\u00edo (como si lo dem\u00e1s escrito en su momento dentro de esos lugares no existiese); espacio que supone una \u2018neutralidad\u2019 que no nos conforma como seres humanos\u201d.<\/p>\n\n\n\n<div class=\"wp-block-image\"><figure class=\"aligncenter size-large\"><img fetchpriority=\"high\" decoding=\"async\" width=\"644\" height=\"429\" src=\"http:\/\/www.uartes.edu.ec\/sitio\/wp-content\/uploads\/2020\/05\/Ph-Allan-Garcia-644x429.jpg\" alt=\"\" class=\"wp-image-6966\" srcset=\"https:\/\/www.uartes.edu.ec\/sitio\/wp-content\/uploads\/2020\/05\/Ph-Allan-Garcia-644x429.jpg 644w, https:\/\/www.uartes.edu.ec\/sitio\/wp-content\/uploads\/2020\/05\/Ph-Allan-Garcia-300x200.jpg 300w, https:\/\/www.uartes.edu.ec\/sitio\/wp-content\/uploads\/2020\/05\/Ph-Allan-Garcia-768x512.jpg 768w, https:\/\/www.uartes.edu.ec\/sitio\/wp-content\/uploads\/2020\/05\/Ph-Allan-Garcia-1536x1024.jpg 1536w, https:\/\/www.uartes.edu.ec\/sitio\/wp-content\/uploads\/2020\/05\/Ph-Allan-Garcia-600x400.jpg 600w, https:\/\/www.uartes.edu.ec\/sitio\/wp-content\/uploads\/2020\/05\/Ph-Allan-Garcia-400x267.jpg 400w, https:\/\/www.uartes.edu.ec\/sitio\/wp-content\/uploads\/2020\/05\/Ph-Allan-Garcia-272x182.jpg 272w, https:\/\/www.uartes.edu.ec\/sitio\/wp-content\/uploads\/2020\/05\/Ph-Allan-Garcia.jpg 2000w\" sizes=\"(max-width: 644px) 100vw, 644px\" \/><\/figure><\/div>\n\n\n\n<p>A diferencia de lo anterior, la oscuridad que ofrece \u201cla caja negra\u201d, por su parte, no me ubicaba en ning\u00fan lado reconocible, volc\u00e1ndome a la incertidumbre,&nbsp;desvaneciendo la imagen sin que este ejercicio implique dejar de existir,&nbsp;permiti\u00f3&nbsp;volverme un ser irreconocible; la oscuridad obliga a comunicarnos de otra manera, nos exige ser m\u00e1s sensitivos, mientras nos permite imaginar y, as\u00ed mismo, nos tienta a temerle, a recorrerla y enfrentarla.&nbsp;<\/p>\n\n\n\n<p>Gabriela Serrano indica que&nbsp;al considerar el montaje se&nbsp;percat\u00f3 de que el terreno la obligaba a rememorarlo, a comprender lo que sucede en \u00e9l. \u201cA partir de esto sobrevino la idea de la puesta en escena y del artificio del&nbsp;portarretrato,&nbsp;a partir de lo cual consider\u00e9 como recurso a las ilustraciones, en forma de actrices, las cuales tienen la capacidad por medio de la puesta y el dispositivo expositivo de ficcionar sus reminiscencias, mediante su formalidad y su adecuaci\u00f3n simb\u00f3lica, en tanto pueden aprovecharse para relacionar la noci\u00f3n de adornar un recuerdo o comentario en medio de la validada y muy requerida tradici\u00f3n del enmarcado en el arte dentro de la galer\u00eda, enfrentado en la diferencia con el portarretrato y su empleo para de esta manera cuestionar \u00bfcu\u00e1l es la importancia que damos al momento de velar entre las representaciones art\u00edsticas que guardan la historia colectiva a diferencia de las im\u00e1genes que contienen memorias individuales y afectivas para las personas? Y tambi\u00e9n cuestionar: \u00bfqu\u00e9 informaci\u00f3n nos interesa recabar y mostrar y cu\u00e1l es nuestra intenci\u00f3n con este acto?\u201d<\/p>\n\n\n\n<p>En el ejercicio, explica, procura crear un di\u00e1logo \u201centre espacio &#8211; dispositivo expositivo &#8211; movimiento simb\u00f3lico de las formas dispuestas en el montaje &#8211; dibujo y contenido, con la intenci\u00f3n de asemejar un recorrido que nos sugiera cuestionar nuestro lenguaje corporal frente al movimiento requerido para encarar la obra\u201d, expresa Gabriela Serrano.<\/p>\n\n\n\n<p>Las seis series de su muestra, sostiene, estuvieron dispuestas as\u00ed: Serie 1, Memoria epis\u00f3dica (t\u00edtulo provisional) &#8211; Acostadas y paradas &#8211; Sobre tarima; Serie 2, MAL nacidas. &#8211; Fila (una al lado de otra) &#8211; Sobre tarima; Serie 3, Instinto Mal adaptativo de conservaci\u00f3n. &#8211; En C\u00edrculo &#8211; Sobre piso; Serie 4, la forma de las piedras &#8211; En columna (una atr\u00e1s de otra) &#8211; Sobre tarima; Serie 5, el retorno de Saturno &#8211; Sin orden concreto (desorden) &#8211; Sobre piso; y, Serie 6, Emergiendo del R\u00edo Escalda &#8211; Suspendida desde el techo (boca abajo).<\/p>\n\n\n\n<div class=\"wp-block-image\"><figure class=\"aligncenter size-large\"><img decoding=\"async\" width=\"644\" height=\"430\" src=\"http:\/\/www.uartes.edu.ec\/sitio\/wp-content\/uploads\/2020\/05\/WhatsApp-Image-2020-05-03-at-16.43-644x430.jpg\" alt=\"\" class=\"wp-image-6963\" srcset=\"https:\/\/www.uartes.edu.ec\/sitio\/wp-content\/uploads\/2020\/05\/WhatsApp-Image-2020-05-03-at-16.43-644x430.jpg 644w, https:\/\/www.uartes.edu.ec\/sitio\/wp-content\/uploads\/2020\/05\/WhatsApp-Image-2020-05-03-at-16.43-300x200.jpg 300w, https:\/\/www.uartes.edu.ec\/sitio\/wp-content\/uploads\/2020\/05\/WhatsApp-Image-2020-05-03-at-16.43-768x512.jpg 768w, https:\/\/www.uartes.edu.ec\/sitio\/wp-content\/uploads\/2020\/05\/WhatsApp-Image-2020-05-03-at-16.43-600x400.jpg 600w, https:\/\/www.uartes.edu.ec\/sitio\/wp-content\/uploads\/2020\/05\/WhatsApp-Image-2020-05-03-at-16.43-400x267.jpg 400w, https:\/\/www.uartes.edu.ec\/sitio\/wp-content\/uploads\/2020\/05\/WhatsApp-Image-2020-05-03-at-16.43-272x182.jpg 272w, https:\/\/www.uartes.edu.ec\/sitio\/wp-content\/uploads\/2020\/05\/WhatsApp-Image-2020-05-03-at-16.43.jpg 1078w\" sizes=\"(max-width: 644px) 100vw, 644px\" \/><\/figure><\/div>\n\n\n\n<p>Acerca de la sustentaci\u00f3n de tesis, Gabriela Serrano manifiesta que al hacerlo en videoconferencia la&nbsp;organizaci\u00f3n&nbsp;fue distinta, pues al no salir de casa cont\u00f3 con m\u00e1s tiempo para prepararse y, de ser el caso, resolver cualquier situaci\u00f3n&nbsp;t\u00e9cnica&nbsp;con la video-llamada.&nbsp; Llevar la&nbsp;exposici\u00f3n&nbsp;<em>MAL <\/em>a Quito, en septiembre de este a\u00f1o, es el siguiente paso de la estudiante una vez obtenido el t\u00edtulo. \u201cFue seleccionada para formar parte de la agenda de Exposiciones 2020 de Arte Actual&nbsp;FLACSO, tras participar en la convocatoria \u2018Otras formas de hacer mundo\u2019. Tambi\u00e9n desarrollar\u00e1 nuevas series de dibujo. \u201cPienso buscar una beca completa para realizar una&nbsp;maestr\u00eda&nbsp;fuera del&nbsp;pa\u00eds, a fin de expandir mi sentido y&nbsp;conocimiento&nbsp;sobre las&nbsp;pr\u00e1cticas&nbsp;art\u00edsticas\u201d.&nbsp;&nbsp;<\/p>","protected":false},"excerpt":{"rendered":"<p>Gabriela Andrea Serrano Soto, estudiante de la Escuela de Artes Visuales, sustent\u00f3 tesis el 1 de mayo v\u00eda videoconferencia. Su proyecto de titulaci\u00f3n es MAL y detalla que por medio del dibujo busc\u00f3 las diversas sucesiones normalizadas y consideradas como modelos de vida.<\/p>","protected":false},"author":1,"featured_media":6965,"comment_status":"closed","ping_status":"closed","sticky":false,"template":"","format":"standard","meta":{"_acf_changed":false,"_uag_custom_page_level_css":"","_monsterinsights_skip_tracking":false,"_monsterinsights_sitenote_active":false,"_monsterinsights_sitenote_note":"","_monsterinsights_sitenote_category":0,"cybocfi_hide_featured_image":"","footnotes":""},"categories":[80,157,76],"tags":[211],"infouartes":[],"class_list":["post-6971","post","type-post","status-publish","format-standard","has-post-thumbnail","hentry","category-academico","category-artes-visuales","category-estudiantes","tag-covid19"],"acf":[],"yoast_head":"<!-- This site is optimized with the Yoast SEO plugin v27.4 - https:\/\/yoast.com\/product\/yoast-seo-wordpress\/ -->\n<title>Universidad de las Artes - Dibujos inspirados por la conciencia feminista dieron forma a \u201cMAL\u201d, muestra y tesis de Gabriela Serrano<\/title>\n<meta name=\"description\" content=\"Universidad de las Artes - Dibujos inspirados por la conciencia feminista dieron forma a \u201cMAL\u201d, muestra y tesis de Gabriela Serrano\" \/>\n<meta name=\"robots\" content=\"index, follow, max-snippet:-1, max-image-preview:large, max-video-preview:-1\" \/>\n<link rel=\"canonical\" href=\"https:\/\/www.uartes.edu.ec\/sitio\/en\/blog\/2020\/05\/12\/dibujos-inspirados-por-la-conciencia-feminista-dieron-forma-a-mal-muestra-y-tesis-de-gabriela-serrano\/\" \/>\n<meta property=\"og:locale\" content=\"en_US\" \/>\n<meta property=\"og:type\" content=\"article\" \/>\n<meta property=\"og:title\" content=\"Universidad de las Artes - Dibujos inspirados por la conciencia feminista dieron forma a \u201cMAL\u201d, muestra y tesis de Gabriela Serrano\" \/>\n<meta property=\"og:description\" content=\"Universidad de las Artes - Dibujos inspirados por la conciencia feminista dieron forma a \u201cMAL\u201d, muestra y tesis de Gabriela Serrano\" \/>\n<meta property=\"og:url\" content=\"https:\/\/www.uartes.edu.ec\/sitio\/en\/blog\/2020\/05\/12\/dibujos-inspirados-por-la-conciencia-feminista-dieron-forma-a-mal-muestra-y-tesis-de-gabriela-serrano\/\" \/>\n<meta property=\"og:site_name\" content=\"Universidad de las Artes\" \/>\n<meta property=\"article:publisher\" content=\"https:\/\/www.facebook.com\/uartesec\" \/>\n<meta property=\"article:published_time\" content=\"2020-05-12T19:54:18+00:00\" \/>\n<meta property=\"article:modified_time\" content=\"2024-07-04T16:43:11+00:00\" \/>\n<meta property=\"og:image\" content=\"https:\/\/www.uartes.edu.ec\/sitio\/wp-content\/uploads\/2020\/05\/Ph-Fernanda-Chevez.jpg\" \/>\n\t<meta property=\"og:image:width\" content=\"2000\" \/>\n\t<meta property=\"og:image:height\" content=\"1333\" \/>\n\t<meta property=\"og:image:type\" content=\"image\/jpeg\" \/>\n<meta name=\"author\" content=\"Universidad de las Artes\" \/>\n<meta name=\"twitter:card\" content=\"summary_large_image\" \/>\n<meta name=\"twitter:creator\" content=\"@uartesec\" \/>\n<meta name=\"twitter:site\" content=\"@uartesec\" \/>\n<meta name=\"twitter:label1\" content=\"Written by\" \/>\n\t<meta name=\"twitter:data1\" content=\"Universidad de las Artes\" \/>\n\t<meta name=\"twitter:label2\" content=\"Est. reading time\" \/>\n\t<meta name=\"twitter:data2\" content=\"5 minutes\" \/>\n<script type=\"application\/ld+json\" class=\"yoast-schema-graph\">{\"@context\":\"https:\\\/\\\/schema.org\",\"@graph\":[{\"@type\":\"Article\",\"@id\":\"https:\\\/\\\/www.uartes.edu.ec\\\/sitio\\\/en\\\/blog\\\/2020\\\/05\\\/12\\\/dibujos-inspirados-por-la-conciencia-feminista-dieron-forma-a-mal-muestra-y-tesis-de-gabriela-serrano\\\/#article\",\"isPartOf\":{\"@id\":\"https:\\\/\\\/www.uartes.edu.ec\\\/sitio\\\/en\\\/blog\\\/2020\\\/05\\\/12\\\/dibujos-inspirados-por-la-conciencia-feminista-dieron-forma-a-mal-muestra-y-tesis-de-gabriela-serrano\\\/\"},\"author\":{\"name\":\"Universidad de las Artes\",\"@id\":\"https:\\\/\\\/www.uartes.edu.ec\\\/sitio\\\/en\\\/#\\\/schema\\\/person\\\/f33f8c1d2af0d5c80a38c8abf458184a\"},\"headline\":\"Dibujos inspirados por la conciencia feminista dieron forma a \u201cMAL\u201d, muestra y tesis de Gabriela Serrano\",\"datePublished\":\"2020-05-12T19:54:18+00:00\",\"dateModified\":\"2024-07-04T16:43:11+00:00\",\"mainEntityOfPage\":{\"@id\":\"https:\\\/\\\/www.uartes.edu.ec\\\/sitio\\\/en\\\/blog\\\/2020\\\/05\\\/12\\\/dibujos-inspirados-por-la-conciencia-feminista-dieron-forma-a-mal-muestra-y-tesis-de-gabriela-serrano\\\/\"},\"wordCount\":1048,\"publisher\":{\"@id\":\"https:\\\/\\\/www.uartes.edu.ec\\\/sitio\\\/en\\\/#organization\"},\"image\":{\"@id\":\"https:\\\/\\\/www.uartes.edu.ec\\\/sitio\\\/en\\\/blog\\\/2020\\\/05\\\/12\\\/dibujos-inspirados-por-la-conciencia-feminista-dieron-forma-a-mal-muestra-y-tesis-de-gabriela-serrano\\\/#primaryimage\"},\"thumbnailUrl\":\"https:\\\/\\\/www.uartes.edu.ec\\\/sitio\\\/wp-content\\\/uploads\\\/2020\\\/05\\\/Ph-Fernanda-Chevez.jpg\",\"keywords\":[\"covid19\"],\"articleSection\":[\"Acad\u00e9mico\",\"Artes Visuales\",\"Estudiantes\"],\"inLanguage\":\"en-US\"},{\"@type\":[\"WebPage\",\"ItemPage\"],\"@id\":\"https:\\\/\\\/www.uartes.edu.ec\\\/sitio\\\/en\\\/blog\\\/2020\\\/05\\\/12\\\/dibujos-inspirados-por-la-conciencia-feminista-dieron-forma-a-mal-muestra-y-tesis-de-gabriela-serrano\\\/\",\"url\":\"https:\\\/\\\/www.uartes.edu.ec\\\/sitio\\\/en\\\/blog\\\/2020\\\/05\\\/12\\\/dibujos-inspirados-por-la-conciencia-feminista-dieron-forma-a-mal-muestra-y-tesis-de-gabriela-serrano\\\/\",\"name\":\"Universidad de las Artes - Dibujos inspirados por la conciencia feminista dieron forma a \u201cMAL\u201d, muestra y tesis de Gabriela Serrano\",\"isPartOf\":{\"@id\":\"https:\\\/\\\/www.uartes.edu.ec\\\/sitio\\\/en\\\/#website\"},\"primaryImageOfPage\":{\"@id\":\"https:\\\/\\\/www.uartes.edu.ec\\\/sitio\\\/en\\\/blog\\\/2020\\\/05\\\/12\\\/dibujos-inspirados-por-la-conciencia-feminista-dieron-forma-a-mal-muestra-y-tesis-de-gabriela-serrano\\\/#primaryimage\"},\"image\":{\"@id\":\"https:\\\/\\\/www.uartes.edu.ec\\\/sitio\\\/en\\\/blog\\\/2020\\\/05\\\/12\\\/dibujos-inspirados-por-la-conciencia-feminista-dieron-forma-a-mal-muestra-y-tesis-de-gabriela-serrano\\\/#primaryimage\"},\"thumbnailUrl\":\"https:\\\/\\\/www.uartes.edu.ec\\\/sitio\\\/wp-content\\\/uploads\\\/2020\\\/05\\\/Ph-Fernanda-Chevez.jpg\",\"datePublished\":\"2020-05-12T19:54:18+00:00\",\"dateModified\":\"2024-07-04T16:43:11+00:00\",\"description\":\"Universidad de las Artes - Dibujos inspirados por la conciencia feminista dieron forma a \u201cMAL\u201d, muestra y tesis de Gabriela Serrano\",\"breadcrumb\":{\"@id\":\"https:\\\/\\\/www.uartes.edu.ec\\\/sitio\\\/en\\\/blog\\\/2020\\\/05\\\/12\\\/dibujos-inspirados-por-la-conciencia-feminista-dieron-forma-a-mal-muestra-y-tesis-de-gabriela-serrano\\\/#breadcrumb\"},\"inLanguage\":\"en-US\",\"potentialAction\":[{\"@type\":\"ReadAction\",\"target\":[\"https:\\\/\\\/www.uartes.edu.ec\\\/sitio\\\/en\\\/blog\\\/2020\\\/05\\\/12\\\/dibujos-inspirados-por-la-conciencia-feminista-dieron-forma-a-mal-muestra-y-tesis-de-gabriela-serrano\\\/\"]}]},{\"@type\":\"ImageObject\",\"inLanguage\":\"en-US\",\"@id\":\"https:\\\/\\\/www.uartes.edu.ec\\\/sitio\\\/en\\\/blog\\\/2020\\\/05\\\/12\\\/dibujos-inspirados-por-la-conciencia-feminista-dieron-forma-a-mal-muestra-y-tesis-de-gabriela-serrano\\\/#primaryimage\",\"url\":\"https:\\\/\\\/www.uartes.edu.ec\\\/sitio\\\/wp-content\\\/uploads\\\/2020\\\/05\\\/Ph-Fernanda-Chevez.jpg\",\"contentUrl\":\"https:\\\/\\\/www.uartes.edu.ec\\\/sitio\\\/wp-content\\\/uploads\\\/2020\\\/05\\\/Ph-Fernanda-Chevez.jpg\",\"width\":2000,\"height\":1333},{\"@type\":\"BreadcrumbList\",\"@id\":\"https:\\\/\\\/www.uartes.edu.ec\\\/sitio\\\/en\\\/blog\\\/2020\\\/05\\\/12\\\/dibujos-inspirados-por-la-conciencia-feminista-dieron-forma-a-mal-muestra-y-tesis-de-gabriela-serrano\\\/#breadcrumb\",\"itemListElement\":[{\"@type\":\"ListItem\",\"position\":1,\"name\":\"Inicio\",\"item\":\"https:\\\/\\\/www.uartes.edu.ec\\\/sitio\\\/\"},{\"@type\":\"ListItem\",\"position\":2,\"name\":\"Dibujos inspirados por la conciencia feminista dieron forma a \u201cMAL\u201d, muestra y tesis de Gabriela Serrano\"}]},{\"@type\":\"WebSite\",\"@id\":\"https:\\\/\\\/www.uartes.edu.ec\\\/sitio\\\/en\\\/#website\",\"url\":\"https:\\\/\\\/www.uartes.edu.ec\\\/sitio\\\/en\\\/\",\"name\":\"Universidad de las Artes\",\"description\":\"Sitio oficial de la Universidad Nacional de las Artes del Ecuador\",\"publisher\":{\"@id\":\"https:\\\/\\\/www.uartes.edu.ec\\\/sitio\\\/en\\\/#organization\"},\"potentialAction\":[{\"@type\":\"SearchAction\",\"target\":{\"@type\":\"EntryPoint\",\"urlTemplate\":\"https:\\\/\\\/www.uartes.edu.ec\\\/sitio\\\/en\\\/?s={search_term_string}\"},\"query-input\":{\"@type\":\"PropertyValueSpecification\",\"valueRequired\":true,\"valueName\":\"search_term_string\"}}],\"inLanguage\":\"en-US\"},{\"@type\":\"Organization\",\"@id\":\"https:\\\/\\\/www.uartes.edu.ec\\\/sitio\\\/en\\\/#organization\",\"name\":\"Universidad de las Artes\",\"url\":\"https:\\\/\\\/www.uartes.edu.ec\\\/sitio\\\/en\\\/\",\"logo\":{\"@type\":\"ImageObject\",\"inLanguage\":\"en-US\",\"@id\":\"https:\\\/\\\/www.uartes.edu.ec\\\/sitio\\\/en\\\/#\\\/schema\\\/logo\\\/image\\\/\",\"url\":\"https:\\\/\\\/www.uartes.edu.ec\\\/sitio\\\/wp-content\\\/uploads\\\/2022\\\/07\\\/logo-ua-horizontal.png\",\"contentUrl\":\"https:\\\/\\\/www.uartes.edu.ec\\\/sitio\\\/wp-content\\\/uploads\\\/2022\\\/07\\\/logo-ua-horizontal.png\",\"width\":800,\"height\":276,\"caption\":\"Universidad de las Artes\"},\"image\":{\"@id\":\"https:\\\/\\\/www.uartes.edu.ec\\\/sitio\\\/en\\\/#\\\/schema\\\/logo\\\/image\\\/\"},\"sameAs\":[\"https:\\\/\\\/www.facebook.com\\\/uartesec\",\"https:\\\/\\\/x.com\\\/uartesec\",\"https:\\\/\\\/www.tiktok.com\\\/@uartesec\"]},{\"@type\":\"Person\",\"@id\":\"https:\\\/\\\/www.uartes.edu.ec\\\/sitio\\\/en\\\/#\\\/schema\\\/person\\\/f33f8c1d2af0d5c80a38c8abf458184a\",\"name\":\"Universidad de las Artes\",\"image\":{\"@type\":\"ImageObject\",\"inLanguage\":\"en-US\",\"@id\":\"https:\\\/\\\/secure.gravatar.com\\\/avatar\\\/52e4757902f5cfa5ac52d020e5be83cae5487519154b6c35482fe08d589f3c13?s=96&d=mm&r=g\",\"url\":\"https:\\\/\\\/secure.gravatar.com\\\/avatar\\\/52e4757902f5cfa5ac52d020e5be83cae5487519154b6c35482fe08d589f3c13?s=96&d=mm&r=g\",\"contentUrl\":\"https:\\\/\\\/secure.gravatar.com\\\/avatar\\\/52e4757902f5cfa5ac52d020e5be83cae5487519154b6c35482fe08d589f3c13?s=96&d=mm&r=g\",\"caption\":\"Universidad de las Artes\"},\"url\":\"https:\\\/\\\/www.uartes.edu.ec\\\/sitio\\\/en\\\/blog\\\/author\\\/dircomadm\\\/\"}]}<\/script>\n<!-- \/ Yoast SEO plugin. -->","yoast_head_json":{"title":"Universidad de las Artes - Dibujos inspirados por la conciencia feminista dieron forma a \u201cMAL\u201d, muestra y tesis de Gabriela Serrano","description":"Universidad de las Artes - Dibujos inspirados por la conciencia feminista dieron forma a \u201cMAL\u201d, muestra y tesis de Gabriela Serrano","robots":{"index":"index","follow":"follow","max-snippet":"max-snippet:-1","max-image-preview":"max-image-preview:large","max-video-preview":"max-video-preview:-1"},"canonical":"https:\/\/www.uartes.edu.ec\/sitio\/en\/blog\/2020\/05\/12\/dibujos-inspirados-por-la-conciencia-feminista-dieron-forma-a-mal-muestra-y-tesis-de-gabriela-serrano\/","og_locale":"en_US","og_type":"article","og_title":"Universidad de las Artes - Dibujos inspirados por la conciencia feminista dieron forma a \u201cMAL\u201d, muestra y tesis de Gabriela Serrano","og_description":"Universidad de las Artes - Dibujos inspirados por la conciencia feminista dieron forma a \u201cMAL\u201d, muestra y tesis de Gabriela Serrano","og_url":"https:\/\/www.uartes.edu.ec\/sitio\/en\/blog\/2020\/05\/12\/dibujos-inspirados-por-la-conciencia-feminista-dieron-forma-a-mal-muestra-y-tesis-de-gabriela-serrano\/","og_site_name":"Universidad de las Artes","article_publisher":"https:\/\/www.facebook.com\/uartesec","article_published_time":"2020-05-12T19:54:18+00:00","article_modified_time":"2024-07-04T16:43:11+00:00","og_image":[{"width":2000,"height":1333,"url":"https:\/\/www.uartes.edu.ec\/sitio\/wp-content\/uploads\/2020\/05\/Ph-Fernanda-Chevez.jpg","type":"image\/jpeg"}],"author":"Universidad de las Artes","twitter_card":"summary_large_image","twitter_creator":"@uartesec","twitter_site":"@uartesec","twitter_misc":{"Written by":"Universidad de las Artes","Est. reading time":"5 minutes"},"schema":{"@context":"https:\/\/schema.org","@graph":[{"@type":"Article","@id":"https:\/\/www.uartes.edu.ec\/sitio\/en\/blog\/2020\/05\/12\/dibujos-inspirados-por-la-conciencia-feminista-dieron-forma-a-mal-muestra-y-tesis-de-gabriela-serrano\/#article","isPartOf":{"@id":"https:\/\/www.uartes.edu.ec\/sitio\/en\/blog\/2020\/05\/12\/dibujos-inspirados-por-la-conciencia-feminista-dieron-forma-a-mal-muestra-y-tesis-de-gabriela-serrano\/"},"author":{"name":"Universidad de las Artes","@id":"https:\/\/www.uartes.edu.ec\/sitio\/en\/#\/schema\/person\/f33f8c1d2af0d5c80a38c8abf458184a"},"headline":"Dibujos inspirados por la conciencia feminista dieron forma a \u201cMAL\u201d, muestra y tesis de Gabriela Serrano","datePublished":"2020-05-12T19:54:18+00:00","dateModified":"2024-07-04T16:43:11+00:00","mainEntityOfPage":{"@id":"https:\/\/www.uartes.edu.ec\/sitio\/en\/blog\/2020\/05\/12\/dibujos-inspirados-por-la-conciencia-feminista-dieron-forma-a-mal-muestra-y-tesis-de-gabriela-serrano\/"},"wordCount":1048,"publisher":{"@id":"https:\/\/www.uartes.edu.ec\/sitio\/en\/#organization"},"image":{"@id":"https:\/\/www.uartes.edu.ec\/sitio\/en\/blog\/2020\/05\/12\/dibujos-inspirados-por-la-conciencia-feminista-dieron-forma-a-mal-muestra-y-tesis-de-gabriela-serrano\/#primaryimage"},"thumbnailUrl":"https:\/\/www.uartes.edu.ec\/sitio\/wp-content\/uploads\/2020\/05\/Ph-Fernanda-Chevez.jpg","keywords":["covid19"],"articleSection":["Acad\u00e9mico","Artes Visuales","Estudiantes"],"inLanguage":"en-US"},{"@type":["WebPage","ItemPage"],"@id":"https:\/\/www.uartes.edu.ec\/sitio\/en\/blog\/2020\/05\/12\/dibujos-inspirados-por-la-conciencia-feminista-dieron-forma-a-mal-muestra-y-tesis-de-gabriela-serrano\/","url":"https:\/\/www.uartes.edu.ec\/sitio\/en\/blog\/2020\/05\/12\/dibujos-inspirados-por-la-conciencia-feminista-dieron-forma-a-mal-muestra-y-tesis-de-gabriela-serrano\/","name":"Universidad de las Artes - Dibujos inspirados por la conciencia feminista dieron forma a \u201cMAL\u201d, muestra y tesis de Gabriela Serrano","isPartOf":{"@id":"https:\/\/www.uartes.edu.ec\/sitio\/en\/#website"},"primaryImageOfPage":{"@id":"https:\/\/www.uartes.edu.ec\/sitio\/en\/blog\/2020\/05\/12\/dibujos-inspirados-por-la-conciencia-feminista-dieron-forma-a-mal-muestra-y-tesis-de-gabriela-serrano\/#primaryimage"},"image":{"@id":"https:\/\/www.uartes.edu.ec\/sitio\/en\/blog\/2020\/05\/12\/dibujos-inspirados-por-la-conciencia-feminista-dieron-forma-a-mal-muestra-y-tesis-de-gabriela-serrano\/#primaryimage"},"thumbnailUrl":"https:\/\/www.uartes.edu.ec\/sitio\/wp-content\/uploads\/2020\/05\/Ph-Fernanda-Chevez.jpg","datePublished":"2020-05-12T19:54:18+00:00","dateModified":"2024-07-04T16:43:11+00:00","description":"Universidad de las Artes - Dibujos inspirados por la conciencia feminista dieron forma a \u201cMAL\u201d, muestra y tesis de Gabriela Serrano","breadcrumb":{"@id":"https:\/\/www.uartes.edu.ec\/sitio\/en\/blog\/2020\/05\/12\/dibujos-inspirados-por-la-conciencia-feminista-dieron-forma-a-mal-muestra-y-tesis-de-gabriela-serrano\/#breadcrumb"},"inLanguage":"en-US","potentialAction":[{"@type":"ReadAction","target":["https:\/\/www.uartes.edu.ec\/sitio\/en\/blog\/2020\/05\/12\/dibujos-inspirados-por-la-conciencia-feminista-dieron-forma-a-mal-muestra-y-tesis-de-gabriela-serrano\/"]}]},{"@type":"ImageObject","inLanguage":"en-US","@id":"https:\/\/www.uartes.edu.ec\/sitio\/en\/blog\/2020\/05\/12\/dibujos-inspirados-por-la-conciencia-feminista-dieron-forma-a-mal-muestra-y-tesis-de-gabriela-serrano\/#primaryimage","url":"https:\/\/www.uartes.edu.ec\/sitio\/wp-content\/uploads\/2020\/05\/Ph-Fernanda-Chevez.jpg","contentUrl":"https:\/\/www.uartes.edu.ec\/sitio\/wp-content\/uploads\/2020\/05\/Ph-Fernanda-Chevez.jpg","width":2000,"height":1333},{"@type":"BreadcrumbList","@id":"https:\/\/www.uartes.edu.ec\/sitio\/en\/blog\/2020\/05\/12\/dibujos-inspirados-por-la-conciencia-feminista-dieron-forma-a-mal-muestra-y-tesis-de-gabriela-serrano\/#breadcrumb","itemListElement":[{"@type":"ListItem","position":1,"name":"Inicio","item":"https:\/\/www.uartes.edu.ec\/sitio\/"},{"@type":"ListItem","position":2,"name":"Dibujos inspirados por la conciencia feminista dieron forma a \u201cMAL\u201d, muestra y tesis de Gabriela Serrano"}]},{"@type":"WebSite","@id":"https:\/\/www.uartes.edu.ec\/sitio\/en\/#website","url":"https:\/\/www.uartes.edu.ec\/sitio\/en\/","name":"Universidad de las Artes","description":"Sitio oficial de la Universidad Nacional de las Artes del Ecuador","publisher":{"@id":"https:\/\/www.uartes.edu.ec\/sitio\/en\/#organization"},"potentialAction":[{"@type":"SearchAction","target":{"@type":"EntryPoint","urlTemplate":"https:\/\/www.uartes.edu.ec\/sitio\/en\/?s={search_term_string}"},"query-input":{"@type":"PropertyValueSpecification","valueRequired":true,"valueName":"search_term_string"}}],"inLanguage":"en-US"},{"@type":"Organization","@id":"https:\/\/www.uartes.edu.ec\/sitio\/en\/#organization","name":"Universidad de las Artes","url":"https:\/\/www.uartes.edu.ec\/sitio\/en\/","logo":{"@type":"ImageObject","inLanguage":"en-US","@id":"https:\/\/www.uartes.edu.ec\/sitio\/en\/#\/schema\/logo\/image\/","url":"https:\/\/www.uartes.edu.ec\/sitio\/wp-content\/uploads\/2022\/07\/logo-ua-horizontal.png","contentUrl":"https:\/\/www.uartes.edu.ec\/sitio\/wp-content\/uploads\/2022\/07\/logo-ua-horizontal.png","width":800,"height":276,"caption":"Universidad de las Artes"},"image":{"@id":"https:\/\/www.uartes.edu.ec\/sitio\/en\/#\/schema\/logo\/image\/"},"sameAs":["https:\/\/www.facebook.com\/uartesec","https:\/\/x.com\/uartesec","https:\/\/www.tiktok.com\/@uartesec"]},{"@type":"Person","@id":"https:\/\/www.uartes.edu.ec\/sitio\/en\/#\/schema\/person\/f33f8c1d2af0d5c80a38c8abf458184a","name":"Universidad de las Artes","image":{"@type":"ImageObject","inLanguage":"en-US","@id":"https:\/\/secure.gravatar.com\/avatar\/52e4757902f5cfa5ac52d020e5be83cae5487519154b6c35482fe08d589f3c13?s=96&d=mm&r=g","url":"https:\/\/secure.gravatar.com\/avatar\/52e4757902f5cfa5ac52d020e5be83cae5487519154b6c35482fe08d589f3c13?s=96&d=mm&r=g","contentUrl":"https:\/\/secure.gravatar.com\/avatar\/52e4757902f5cfa5ac52d020e5be83cae5487519154b6c35482fe08d589f3c13?s=96&d=mm&r=g","caption":"Universidad de las Artes"},"url":"https:\/\/www.uartes.edu.ec\/sitio\/en\/blog\/author\/dircomadm\/"}]}},"uagb_featured_image_src":{"full":["https:\/\/www.uartes.edu.ec\/sitio\/wp-content\/uploads\/2020\/05\/Ph-Fernanda-Chevez.jpg",2000,1333,false],"thumbnail":["https:\/\/www.uartes.edu.ec\/sitio\/wp-content\/uploads\/2020\/05\/Ph-Fernanda-Chevez-150x150.jpg",150,150,true],"medium":["https:\/\/www.uartes.edu.ec\/sitio\/wp-content\/uploads\/2020\/05\/Ph-Fernanda-Chevez-300x200.jpg",300,200,true],"medium_large":["https:\/\/www.uartes.edu.ec\/sitio\/wp-content\/uploads\/2020\/05\/Ph-Fernanda-Chevez-768x512.jpg",768,512,true],"large":["https:\/\/www.uartes.edu.ec\/sitio\/wp-content\/uploads\/2020\/05\/Ph-Fernanda-Chevez-644x429.jpg",644,429,true],"1536x1536":["https:\/\/www.uartes.edu.ec\/sitio\/wp-content\/uploads\/2020\/05\/Ph-Fernanda-Chevez-1536x1024.jpg",1536,1024,true],"2048x2048":["https:\/\/www.uartes.edu.ec\/sitio\/wp-content\/uploads\/2020\/05\/Ph-Fernanda-Chevez.jpg",2000,1333,false],"trp-custom-language-flag":["https:\/\/www.uartes.edu.ec\/sitio\/wp-content\/uploads\/2020\/05\/Ph-Fernanda-Chevez.jpg",18,12,false],"htmega_size_585x295":["https:\/\/www.uartes.edu.ec\/sitio\/wp-content\/uploads\/2020\/05\/Ph-Fernanda-Chevez.jpg",443,295,false],"htmega_size_1170x536":["https:\/\/www.uartes.edu.ec\/sitio\/wp-content\/uploads\/2020\/05\/Ph-Fernanda-Chevez.jpg",804,536,false],"htmega_size_396x360":["https:\/\/www.uartes.edu.ec\/sitio\/wp-content\/uploads\/2020\/05\/Ph-Fernanda-Chevez.jpg",396,264,false],"gb-block-post-grid-landscape":["https:\/\/www.uartes.edu.ec\/sitio\/wp-content\/uploads\/2020\/05\/Ph-Fernanda-Chevez.jpg",600,400,false],"gb-block-post-grid-square":["https:\/\/www.uartes.edu.ec\/sitio\/wp-content\/uploads\/2020\/05\/Ph-Fernanda-Chevez.jpg",600,400,false],"university-hub-thumb":["https:\/\/www.uartes.edu.ec\/sitio\/wp-content\/uploads\/2020\/05\/Ph-Fernanda-Chevez-400x267.jpg",400,267,true]},"uagb_author_info":{"display_name":"Universidad de las Artes","author_link":"https:\/\/www.uartes.edu.ec\/sitio\/en\/blog\/author\/dircomadm\/"},"uagb_comment_info":0,"uagb_excerpt":"Gabriela Andrea Serrano Soto, estudiante de la Escuela de Artes Visuales, sustent\u00f3 tesis el 1 de mayo v\u00eda videoconferencia. Su proyecto de titulaci\u00f3n es MAL y detalla que por medio del dibujo busc\u00f3 las diversas sucesiones normalizadas y consideradas como modelos de vida.","featured_image_src":"https:\/\/www.uartes.edu.ec\/sitio\/wp-content\/uploads\/2020\/05\/Ph-Fernanda-Chevez.jpg","featured_image_src_square":"https:\/\/www.uartes.edu.ec\/sitio\/wp-content\/uploads\/2020\/05\/Ph-Fernanda-Chevez.jpg","author_info":{"display_name":"Universidad de las Artes","author_link":"https:\/\/www.uartes.edu.ec\/sitio\/en\/blog\/author\/dircomadm\/"},"publishpress_future_workflow_manual_trigger":{"enabledWorkflows":[]},"distributor_meta":false,"distributor_terms":false,"distributor_media":false,"distributor_original_site_name":"Universidad de las Artes","distributor_original_site_url":"https:\/\/www.uartes.edu.ec\/sitio\/en","push-errors":false,"_links":{"self":[{"href":"https:\/\/www.uartes.edu.ec\/sitio\/en\/wp-json\/wp\/v2\/posts\/6971","targetHints":{"allow":["GET"]}}],"collection":[{"href":"https:\/\/www.uartes.edu.ec\/sitio\/en\/wp-json\/wp\/v2\/posts"}],"about":[{"href":"https:\/\/www.uartes.edu.ec\/sitio\/en\/wp-json\/wp\/v2\/types\/post"}],"author":[{"embeddable":true,"href":"https:\/\/www.uartes.edu.ec\/sitio\/en\/wp-json\/wp\/v2\/users\/1"}],"replies":[{"embeddable":true,"href":"https:\/\/www.uartes.edu.ec\/sitio\/en\/wp-json\/wp\/v2\/comments?post=6971"}],"version-history":[{"count":2,"href":"https:\/\/www.uartes.edu.ec\/sitio\/en\/wp-json\/wp\/v2\/posts\/6971\/revisions"}],"predecessor-version":[{"id":57636,"href":"https:\/\/www.uartes.edu.ec\/sitio\/en\/wp-json\/wp\/v2\/posts\/6971\/revisions\/57636"}],"wp:featuredmedia":[{"embeddable":true,"href":"https:\/\/www.uartes.edu.ec\/sitio\/en\/wp-json\/wp\/v2\/media\/6965"}],"wp:attachment":[{"href":"https:\/\/www.uartes.edu.ec\/sitio\/en\/wp-json\/wp\/v2\/media?parent=6971"}],"wp:term":[{"taxonomy":"category","embeddable":true,"href":"https:\/\/www.uartes.edu.ec\/sitio\/en\/wp-json\/wp\/v2\/categories?post=6971"},{"taxonomy":"post_tag","embeddable":true,"href":"https:\/\/www.uartes.edu.ec\/sitio\/en\/wp-json\/wp\/v2\/tags?post=6971"},{"taxonomy":"infouartes","embeddable":true,"href":"https:\/\/www.uartes.edu.ec\/sitio\/en\/wp-json\/wp\/v2\/infouartes?post=6971"}],"curies":[{"name":"wp","href":"https:\/\/api.w.org\/{rel}","templated":true}]}}