{"id":69768,"date":"2025-03-24T17:02:41","date_gmt":"2025-03-24T22:02:41","guid":{"rendered":"https:\/\/www.uartes.edu.ec\/sitio\/?p=69768"},"modified":"2025-03-28T14:19:06","modified_gmt":"2025-03-28T19:19:06","slug":"uartes-visita-en-la-espol-los-laboratorios-de-creacion-y-produccion-de-la-fadcom","status":"publish","type":"post","link":"https:\/\/www.uartes.edu.ec\/sitio\/en\/blog\/2025\/03\/24\/uartes-visita-en-la-espol-los-laboratorios-de-creacion-y-produccion-de-la-fadcom\/","title":{"rendered":"UArtes visita en la Espol los laboratorios de creaci\u00f3n y producci\u00f3n de la FADCOM"},"content":{"rendered":"<p>En el marco del convenio de cooperaci\u00f3n interinstitucional entre la Universidad de las Artes y la Escuela Superior Polit\u00e9cnica del Litoral (Espol), una delegaci\u00f3n de la UArtes, integrada por sus autoridades, docentes y funcionarios, visit\u00f3 los laboratorios de creaci\u00f3n y producci\u00f3n de la Facultad de Arte, Dise\u00f1o y Comunicaci\u00f3n Audiovisual (FADCOM), a fin de compartir experiencias, desarrollar procesos de capacitaci\u00f3n y propiciar proyectos conjuntos.<\/p>\n\n\n\n<p>El rector William Herrera, los vicerrectores Olga L\u00f3pez y Bradley Hilgert, los directores de las escuelas de Posgrado, Cristian Villavicencio, y de Artes Visuales, Rusl\u00e1n Torres; la directora del Departamento Transversal, Ana Carrillo; el secretario de Aseguramiento de la Calidad de la Educaci\u00f3n, Yamil Lambert; y el director del MZ14 Centro de Producci\u00f3n e Innovaci\u00f3n, Jonathan Pilay, realizaron el recorrido junto con los docentes de pregrado y posgrado Pedro Cagigal, Ruth Cruz, Juan Jos\u00e9 Ripalda y Gabriela Fabre, y los funcionarios \u00c1ngel Murillo, Patricia Ayala, Pamela Paladines, Rub\u00e9n Guevara y Carmen Cortez. &nbsp;<\/p>\n\n\n\n<figure class=\"wp-block-gallery has-nested-images columns-default is-cropped wp-block-gallery-1 is-layout-flex wp-block-gallery-is-layout-flex\">\n<figure class=\"wp-block-image size-large\"><img fetchpriority=\"high\" decoding=\"async\" width=\"644\" height=\"429\" data-id=\"69782\" src=\"https:\/\/www.uartes.edu.ec\/sitio\/wp-content\/uploads\/2025\/03\/09-ESPOL-Y-UA-644x429.jpg\" alt=\"\" class=\"wp-image-69782\" srcset=\"https:\/\/www.uartes.edu.ec\/sitio\/wp-content\/uploads\/2025\/03\/09-ESPOL-Y-UA-644x429.jpg 644w, https:\/\/www.uartes.edu.ec\/sitio\/wp-content\/uploads\/2025\/03\/09-ESPOL-Y-UA-300x200.jpg 300w, https:\/\/www.uartes.edu.ec\/sitio\/wp-content\/uploads\/2025\/03\/09-ESPOL-Y-UA-768x512.jpg 768w, https:\/\/www.uartes.edu.ec\/sitio\/wp-content\/uploads\/2025\/03\/09-ESPOL-Y-UA-1536x1024.jpg 1536w, https:\/\/www.uartes.edu.ec\/sitio\/wp-content\/uploads\/2025\/03\/09-ESPOL-Y-UA-18x12.jpg 18w, https:\/\/www.uartes.edu.ec\/sitio\/wp-content\/uploads\/2025\/03\/09-ESPOL-Y-UA-600x400.jpg 600w, https:\/\/www.uartes.edu.ec\/sitio\/wp-content\/uploads\/2025\/03\/09-ESPOL-Y-UA-400x267.jpg 400w, https:\/\/www.uartes.edu.ec\/sitio\/wp-content\/uploads\/2025\/03\/09-ESPOL-Y-UA.jpg 2000w\" sizes=\"(max-width: 644px) 100vw, 644px\" \/><\/figure>\n\n\n\n<figure class=\"wp-block-image size-large\"><img decoding=\"async\" width=\"644\" height=\"429\" data-id=\"69783\" src=\"https:\/\/www.uartes.edu.ec\/sitio\/wp-content\/uploads\/2025\/03\/08-ESPOL-Y-UA-644x429.jpg\" alt=\"\" class=\"wp-image-69783\" srcset=\"https:\/\/www.uartes.edu.ec\/sitio\/wp-content\/uploads\/2025\/03\/08-ESPOL-Y-UA-644x429.jpg 644w, https:\/\/www.uartes.edu.ec\/sitio\/wp-content\/uploads\/2025\/03\/08-ESPOL-Y-UA-300x200.jpg 300w, https:\/\/www.uartes.edu.ec\/sitio\/wp-content\/uploads\/2025\/03\/08-ESPOL-Y-UA-768x512.jpg 768w, https:\/\/www.uartes.edu.ec\/sitio\/wp-content\/uploads\/2025\/03\/08-ESPOL-Y-UA-1536x1024.jpg 1536w, https:\/\/www.uartes.edu.ec\/sitio\/wp-content\/uploads\/2025\/03\/08-ESPOL-Y-UA-18x12.jpg 18w, https:\/\/www.uartes.edu.ec\/sitio\/wp-content\/uploads\/2025\/03\/08-ESPOL-Y-UA-600x400.jpg 600w, https:\/\/www.uartes.edu.ec\/sitio\/wp-content\/uploads\/2025\/03\/08-ESPOL-Y-UA-400x267.jpg 400w, https:\/\/www.uartes.edu.ec\/sitio\/wp-content\/uploads\/2025\/03\/08-ESPOL-Y-UA.jpg 2000w\" sizes=\"(max-width: 644px) 100vw, 644px\" \/><\/figure>\n<\/figure>\n\n\n\n<p><\/p>\n\n\n\n<p>La comitiva fue recibida por la decana de la FADCOM, Nayeth Sol\u00f3rzano; su subdecano, Carlos Gonz\u00e1lez, t\u00e9cnicos, docentes y administrativos de varias \u00e1reas y unidades de la facultad polit\u00e9cnica: Edgar Jim\u00e9nez, coordinador de Dise\u00f1o de Productos; Diana Mac\u00edas, coordinadora de Producci\u00f3n para Medios de Comunicaci\u00f3n; Hilda Flor, coordinadora General de Maestr\u00edas FADCOM; Byron Cortez, coordinador de la maestr\u00eda en Postproducci\u00f3n Digital Audiovisual; Roberto Zurita, coordinador de la maestr\u00eda en Arte y Tecnolog\u00eda; Omar Rodr\u00edguez, coordinador de la maestr\u00eda en Comunicaci\u00f3n de Marca Transmedia; Lissenia Sornoza, coordinadora de Proyectos MIDI; Franklin Guadalupe, t\u00e9cnico docente de Dise\u00f1o Gr\u00e1fico; V\u00edctor Avil\u00e9s, t\u00e9cnico docente de Dise\u00f1o de Productos; V\u00edctor Estrada; Mar\u00eda Gabriela Requena, asistente ejecutiva; Jos\u00e9 Luis Castro, analista de Comunicaci\u00f3n; Justine Mera, analista Multiformato; y Jos\u00e9 Javier Velastegui, director Multiformato.<\/p>\n\n\n\n<p>El punto de partida del recorrido fue el edificio 3M del campus Gustavo Galindo Velasco de la Espol. Es un laboratorio de prototipos con equipos y herramientas para la fabricaci\u00f3n de piezas con materiales met\u00e1licos, pl\u00e1stico, cer\u00e1mica, madera y electr\u00f3nica del cual se mostraron varios de sus talleres.<\/p>\n\n\n\n<p>La decana record\u00f3 que la FADCOM tiene tres carreras de grado: Dise\u00f1o Gr\u00e1fico, Producci\u00f3n para Medios de Comunicaci\u00f3n y Dise\u00f1o de Productos, y que est\u00e1n en espera de la aprobaci\u00f3n de una cuarta carrera. En cuanto a posgrados, sus maestr\u00edas son: Arte y Tecnolog\u00eda, Comunicaci\u00f3n de Marca Transmedia y Postproducci\u00f3n Digital Audiovisual. <\/p>\n\n\n\n<figure class=\"wp-block-gallery has-nested-images columns-default is-cropped wp-block-gallery-2 is-layout-flex wp-block-gallery-is-layout-flex\">\n<figure class=\"wp-block-image size-large\"><img decoding=\"async\" width=\"644\" height=\"429\" data-id=\"69784\" src=\"https:\/\/www.uartes.edu.ec\/sitio\/wp-content\/uploads\/2025\/03\/07-ESPOL-Y-UA-644x429.jpg\" alt=\"\" class=\"wp-image-69784\" srcset=\"https:\/\/www.uartes.edu.ec\/sitio\/wp-content\/uploads\/2025\/03\/07-ESPOL-Y-UA-644x429.jpg 644w, https:\/\/www.uartes.edu.ec\/sitio\/wp-content\/uploads\/2025\/03\/07-ESPOL-Y-UA-300x200.jpg 300w, https:\/\/www.uartes.edu.ec\/sitio\/wp-content\/uploads\/2025\/03\/07-ESPOL-Y-UA-768x512.jpg 768w, https:\/\/www.uartes.edu.ec\/sitio\/wp-content\/uploads\/2025\/03\/07-ESPOL-Y-UA-1536x1024.jpg 1536w, https:\/\/www.uartes.edu.ec\/sitio\/wp-content\/uploads\/2025\/03\/07-ESPOL-Y-UA-18x12.jpg 18w, https:\/\/www.uartes.edu.ec\/sitio\/wp-content\/uploads\/2025\/03\/07-ESPOL-Y-UA-600x400.jpg 600w, https:\/\/www.uartes.edu.ec\/sitio\/wp-content\/uploads\/2025\/03\/07-ESPOL-Y-UA-400x267.jpg 400w, https:\/\/www.uartes.edu.ec\/sitio\/wp-content\/uploads\/2025\/03\/07-ESPOL-Y-UA.jpg 2000w\" sizes=\"(max-width: 644px) 100vw, 644px\" \/><\/figure>\n\n\n\n<figure class=\"wp-block-image size-large\"><img loading=\"lazy\" decoding=\"async\" width=\"644\" height=\"429\" data-id=\"69785\" src=\"https:\/\/www.uartes.edu.ec\/sitio\/wp-content\/uploads\/2025\/03\/B-ESPOL-UARTES-1-1-644x429.jpg\" alt=\"\" class=\"wp-image-69785\" srcset=\"https:\/\/www.uartes.edu.ec\/sitio\/wp-content\/uploads\/2025\/03\/B-ESPOL-UARTES-1-1-644x429.jpg 644w, https:\/\/www.uartes.edu.ec\/sitio\/wp-content\/uploads\/2025\/03\/B-ESPOL-UARTES-1-1-300x200.jpg 300w, https:\/\/www.uartes.edu.ec\/sitio\/wp-content\/uploads\/2025\/03\/B-ESPOL-UARTES-1-1-768x512.jpg 768w, https:\/\/www.uartes.edu.ec\/sitio\/wp-content\/uploads\/2025\/03\/B-ESPOL-UARTES-1-1-1536x1024.jpg 1536w, https:\/\/www.uartes.edu.ec\/sitio\/wp-content\/uploads\/2025\/03\/B-ESPOL-UARTES-1-1-18x12.jpg 18w, https:\/\/www.uartes.edu.ec\/sitio\/wp-content\/uploads\/2025\/03\/B-ESPOL-UARTES-1-1-600x400.jpg 600w, https:\/\/www.uartes.edu.ec\/sitio\/wp-content\/uploads\/2025\/03\/B-ESPOL-UARTES-1-1-400x267.jpg 400w, https:\/\/www.uartes.edu.ec\/sitio\/wp-content\/uploads\/2025\/03\/B-ESPOL-UARTES-1-1.jpg 2000w\" sizes=\"(max-width: 644px) 100vw, 644px\" \/><\/figure>\n<\/figure>\n\n\n\n<figure class=\"wp-block-gallery has-nested-images columns-default is-cropped wp-block-gallery-3 is-layout-flex wp-block-gallery-is-layout-flex\">\n<figure class=\"wp-block-image size-large\"><img loading=\"lazy\" decoding=\"async\" width=\"644\" height=\"483\" data-id=\"69778\" src=\"https:\/\/www.uartes.edu.ec\/sitio\/wp-content\/uploads\/2025\/03\/probar11111_16x9-644x483.jpg\" alt=\"\" class=\"wp-image-69778\" srcset=\"https:\/\/www.uartes.edu.ec\/sitio\/wp-content\/uploads\/2025\/03\/probar11111_16x9-644x483.jpg 644w, https:\/\/www.uartes.edu.ec\/sitio\/wp-content\/uploads\/2025\/03\/probar11111_16x9-300x225.jpg 300w, https:\/\/www.uartes.edu.ec\/sitio\/wp-content\/uploads\/2025\/03\/probar11111_16x9-768x576.jpg 768w, https:\/\/www.uartes.edu.ec\/sitio\/wp-content\/uploads\/2025\/03\/probar11111_16x9-1536x1152.jpg 1536w, https:\/\/www.uartes.edu.ec\/sitio\/wp-content\/uploads\/2025\/03\/probar11111_16x9-16x12.jpg 16w, https:\/\/www.uartes.edu.ec\/sitio\/wp-content\/uploads\/2025\/03\/probar11111_16x9-400x300.jpg 400w, https:\/\/www.uartes.edu.ec\/sitio\/wp-content\/uploads\/2025\/03\/probar11111_16x9.jpg 1778w\" sizes=\"(max-width: 644px) 100vw, 644px\" \/><\/figure>\n\n\n\n<figure class=\"wp-block-image size-large\"><img loading=\"lazy\" decoding=\"async\" width=\"644\" height=\"429\" data-id=\"69786\" src=\"https:\/\/www.uartes.edu.ec\/sitio\/wp-content\/uploads\/2025\/03\/02-ESPOL-Y-UA-644x429.jpg\" alt=\"\" class=\"wp-image-69786\" srcset=\"https:\/\/www.uartes.edu.ec\/sitio\/wp-content\/uploads\/2025\/03\/02-ESPOL-Y-UA-644x429.jpg 644w, https:\/\/www.uartes.edu.ec\/sitio\/wp-content\/uploads\/2025\/03\/02-ESPOL-Y-UA-300x200.jpg 300w, https:\/\/www.uartes.edu.ec\/sitio\/wp-content\/uploads\/2025\/03\/02-ESPOL-Y-UA-768x512.jpg 768w, https:\/\/www.uartes.edu.ec\/sitio\/wp-content\/uploads\/2025\/03\/02-ESPOL-Y-UA-1536x1024.jpg 1536w, https:\/\/www.uartes.edu.ec\/sitio\/wp-content\/uploads\/2025\/03\/02-ESPOL-Y-UA-18x12.jpg 18w, https:\/\/www.uartes.edu.ec\/sitio\/wp-content\/uploads\/2025\/03\/02-ESPOL-Y-UA-600x400.jpg 600w, https:\/\/www.uartes.edu.ec\/sitio\/wp-content\/uploads\/2025\/03\/02-ESPOL-Y-UA-400x267.jpg 400w, https:\/\/www.uartes.edu.ec\/sitio\/wp-content\/uploads\/2025\/03\/02-ESPOL-Y-UA.jpg 2000w\" sizes=\"(max-width: 644px) 100vw, 644px\" \/><\/figure>\n<\/figure>\n\n\n\n<p><\/p>\n\n\n\n<p>De las instalaciones del 3M, la decana polit\u00e9cnica revel\u00f3 la sinergia que est\u00e1n logrando entre las carreras de Ingenier\u00eda Mec\u00e1nica y Ciencias de la Producci\u00f3n e Ingenier\u00eda Electr\u00f3nica y Computaci\u00f3n con la Facultad de Arte, Dise\u00f1o y Comunicaci\u00f3n Audiovisual, destacando la multidisciplinariedad y el trabajo interdisciplinar.<\/p>\n\n\n\n<p>De la planta baja del 3M, se mostr\u00f3 el taller metal mec\u00e1nico, donde se desarrollan diferentes tipos de tecnolog\u00edas para la manufactura de metales y otros materiales compatibles; del lugar se dio cuenta tambi\u00e9n de sus equipos, como tornos, fresadoras y soldadura, y las diferentes herramientas manuales que permiten la creaci\u00f3n de prototipos.<\/p>\n\n\n\n<p>En el primer piso de la misma infraestructura, se ense\u00f1\u00f3 el \u00e1rea de coworking y los talleres de electr\u00f3nica, modelado, carpinter\u00eda, pintura y acabados, corte l\u00e1ser y cer\u00e1mica. En este \u00faltimo, Francesca y Britney, estudiantes de Dise\u00f1o de Productos de la FADCOM, trabajaban con arcilla una placa que iban a llevar al horno. Comentaron era un proyecto de pr\u00e1ctica profesional que complementar\u00eda la construcci\u00f3n de un asiento en los exteriores de la facultad.<\/p>\n\n\n\n<p>La gu\u00eda por los talleres para prototipado de la Espol la realiz\u00f3 V\u00edctor Avil\u00e9s, t\u00e9cnico docente de la carrera de Dise\u00f1o de Productos. Dijo que en el 3M trabajan conjuntamente con otras facultades y que cada taller cuenta con tecnolog\u00edas recientemente adquiridas, esto gracias al apoyo y colaboraci\u00f3n de la rectora polit\u00e9cnica Cecilia Paredes.<\/p>\n\n\n\n<figure class=\"wp-block-gallery has-nested-images columns-default is-cropped wp-block-gallery-4 is-layout-flex wp-block-gallery-is-layout-flex\">\n<figure class=\"wp-block-image size-large\"><img loading=\"lazy\" decoding=\"async\" width=\"644\" height=\"429\" data-id=\"69770\" src=\"https:\/\/www.uartes.edu.ec\/sitio\/wp-content\/uploads\/2025\/03\/C-ESPOL-UARTES--644x429.jpg\" alt=\"\" class=\"wp-image-69770\" srcset=\"https:\/\/www.uartes.edu.ec\/sitio\/wp-content\/uploads\/2025\/03\/C-ESPOL-UARTES--644x429.jpg 644w, https:\/\/www.uartes.edu.ec\/sitio\/wp-content\/uploads\/2025\/03\/C-ESPOL-UARTES--300x200.jpg 300w, https:\/\/www.uartes.edu.ec\/sitio\/wp-content\/uploads\/2025\/03\/C-ESPOL-UARTES--768x512.jpg 768w, https:\/\/www.uartes.edu.ec\/sitio\/wp-content\/uploads\/2025\/03\/C-ESPOL-UARTES--1536x1024.jpg 1536w, https:\/\/www.uartes.edu.ec\/sitio\/wp-content\/uploads\/2025\/03\/C-ESPOL-UARTES--18x12.jpg 18w, https:\/\/www.uartes.edu.ec\/sitio\/wp-content\/uploads\/2025\/03\/C-ESPOL-UARTES--600x400.jpg 600w, https:\/\/www.uartes.edu.ec\/sitio\/wp-content\/uploads\/2025\/03\/C-ESPOL-UARTES--400x267.jpg 400w, https:\/\/www.uartes.edu.ec\/sitio\/wp-content\/uploads\/2025\/03\/C-ESPOL-UARTES-.jpg 2000w\" sizes=\"(max-width: 644px) 100vw, 644px\" \/><\/figure>\n\n\n\n<figure class=\"wp-block-image size-large\"><img loading=\"lazy\" decoding=\"async\" width=\"644\" height=\"429\" data-id=\"69787\" src=\"https:\/\/www.uartes.edu.ec\/sitio\/wp-content\/uploads\/2025\/03\/E-ESPOL-UARTES-1-1-644x429.jpg\" alt=\"\" class=\"wp-image-69787\" srcset=\"https:\/\/www.uartes.edu.ec\/sitio\/wp-content\/uploads\/2025\/03\/E-ESPOL-UARTES-1-1-644x429.jpg 644w, https:\/\/www.uartes.edu.ec\/sitio\/wp-content\/uploads\/2025\/03\/E-ESPOL-UARTES-1-1-300x200.jpg 300w, https:\/\/www.uartes.edu.ec\/sitio\/wp-content\/uploads\/2025\/03\/E-ESPOL-UARTES-1-1-768x512.jpg 768w, https:\/\/www.uartes.edu.ec\/sitio\/wp-content\/uploads\/2025\/03\/E-ESPOL-UARTES-1-1-1536x1024.jpg 1536w, https:\/\/www.uartes.edu.ec\/sitio\/wp-content\/uploads\/2025\/03\/E-ESPOL-UARTES-1-1-18x12.jpg 18w, https:\/\/www.uartes.edu.ec\/sitio\/wp-content\/uploads\/2025\/03\/E-ESPOL-UARTES-1-1-600x400.jpg 600w, https:\/\/www.uartes.edu.ec\/sitio\/wp-content\/uploads\/2025\/03\/E-ESPOL-UARTES-1-1-400x267.jpg 400w, https:\/\/www.uartes.edu.ec\/sitio\/wp-content\/uploads\/2025\/03\/E-ESPOL-UARTES-1-1.jpg 2000w\" sizes=\"(max-width: 644px) 100vw, 644px\" \/><\/figure>\n<\/figure>\n\n\n\n<p><\/p>\n\n\n\n<p>Tras las explicaciones de lo que se desarrolla en cada uno de los talleres, el recorrido volvi\u00f3 a la planta baja del 3M, donde los anfitriones polit\u00e9cnicos condujeron a la comitiva UArtes a los Asiri Labs, los cuales tienen su historia. Francesco Magnone, uno de los docentes que con sus alumnos trabajaba en el exterior en un prototipo \u2013tambi\u00e9n parte del proyecto del asiento para la entrada de la FADCOM\u2013, cont\u00f3 que fue la empresa que conform\u00f3 un exalumno que llev\u00f3 a la Espol la idea de crear un FabLab, puesto que los hab\u00eda experimentado fuera, y as\u00ed se hizo.<\/p>\n\n\n\n<p>Con los a\u00f1os, la propuesta, cuya finalidad era desarrollar contenido pr\u00e1ctico, evolucion\u00f3 y como el alumni hab\u00eda cambiado su modelo de negocio decidi\u00f3 ceder los equipos a la Espol. El docente coment\u00f3 que el exalumno hab\u00eda denominado Asiri a su empresa por una historia personal. En quechua significa \u201csonriente\u201d y \u00e9l sosten\u00eda que as\u00ed se deb\u00eda trabajar siempre, pues en medio de tecnicismos la creaci\u00f3n resulta un disfrute. \u201cEst\u00e1 la parte te\u00f3rica, que se tiene que explicar y estar ah\u00ed concentrados, pero una vez que se llega a la pr\u00e1ctica y a la parte creativa, les digo (a los alumnos) que tengan un poquito m\u00e1s de libertad\u201d, indic\u00f3 Magnone.<\/p>\n\n\n\n<p>Desde el 3M, la decana y su equipo condujeron a la comitiva UArtes hacia la FADCOM, donde, entre otros espacios, mostraron sus estudios de grabaci\u00f3n y televisi\u00f3n, y sus laboratorios, as\u00ed como su taller de serigraf\u00eda con t\u00e9cnicas de impresi\u00f3n donde el docente a cargo, Franklin Guadalupe, mostr\u00f3 productos y explic\u00f3 procesos.<\/p>\n\n\n\n<p>\u201cA nuestros alumnos les ense\u00f1amos desde el inicio. En serigraf\u00eda, la elaboraci\u00f3n del marco, los dise\u00f1os, revelados y estampados, el stencil y las impresiones que existen en la actualidad; materiales, insumos, recursos, arte en software\u2026\u201d, dijo Guadalupe, quien en su explicaci\u00f3n se refiri\u00f3 tambi\u00e9n a la litograf\u00eda y mostraba las impresiones efectuadas en varios productos: gorras, jarros, camisetas, letreros, entre otros.<\/p>\n\n\n\n<figure class=\"wp-block-gallery has-nested-images columns-default is-cropped wp-block-gallery-5 is-layout-flex wp-block-gallery-is-layout-flex\">\n<figure class=\"wp-block-image size-large\"><img loading=\"lazy\" decoding=\"async\" width=\"644\" height=\"429\" data-id=\"69788\" src=\"https:\/\/www.uartes.edu.ec\/sitio\/wp-content\/uploads\/2025\/03\/D-ESPOL-UARTES--644x429.jpg\" alt=\"\" class=\"wp-image-69788\" srcset=\"https:\/\/www.uartes.edu.ec\/sitio\/wp-content\/uploads\/2025\/03\/D-ESPOL-UARTES--644x429.jpg 644w, https:\/\/www.uartes.edu.ec\/sitio\/wp-content\/uploads\/2025\/03\/D-ESPOL-UARTES--300x200.jpg 300w, https:\/\/www.uartes.edu.ec\/sitio\/wp-content\/uploads\/2025\/03\/D-ESPOL-UARTES--768x512.jpg 768w, https:\/\/www.uartes.edu.ec\/sitio\/wp-content\/uploads\/2025\/03\/D-ESPOL-UARTES--1536x1024.jpg 1536w, https:\/\/www.uartes.edu.ec\/sitio\/wp-content\/uploads\/2025\/03\/D-ESPOL-UARTES--18x12.jpg 18w, https:\/\/www.uartes.edu.ec\/sitio\/wp-content\/uploads\/2025\/03\/D-ESPOL-UARTES--600x400.jpg 600w, https:\/\/www.uartes.edu.ec\/sitio\/wp-content\/uploads\/2025\/03\/D-ESPOL-UARTES--400x267.jpg 400w, https:\/\/www.uartes.edu.ec\/sitio\/wp-content\/uploads\/2025\/03\/D-ESPOL-UARTES-.jpg 2000w\" sizes=\"(max-width: 644px) 100vw, 644px\" \/><\/figure>\n\n\n\n<figure class=\"wp-block-image size-large\"><img loading=\"lazy\" decoding=\"async\" width=\"644\" height=\"429\" data-id=\"69789\" src=\"https:\/\/www.uartes.edu.ec\/sitio\/wp-content\/uploads\/2025\/03\/04-ESPOL-Y-UA-644x429.jpg\" alt=\"\" class=\"wp-image-69789\" srcset=\"https:\/\/www.uartes.edu.ec\/sitio\/wp-content\/uploads\/2025\/03\/04-ESPOL-Y-UA-644x429.jpg 644w, https:\/\/www.uartes.edu.ec\/sitio\/wp-content\/uploads\/2025\/03\/04-ESPOL-Y-UA-300x200.jpg 300w, https:\/\/www.uartes.edu.ec\/sitio\/wp-content\/uploads\/2025\/03\/04-ESPOL-Y-UA-768x512.jpg 768w, https:\/\/www.uartes.edu.ec\/sitio\/wp-content\/uploads\/2025\/03\/04-ESPOL-Y-UA-1536x1024.jpg 1536w, https:\/\/www.uartes.edu.ec\/sitio\/wp-content\/uploads\/2025\/03\/04-ESPOL-Y-UA-18x12.jpg 18w, https:\/\/www.uartes.edu.ec\/sitio\/wp-content\/uploads\/2025\/03\/04-ESPOL-Y-UA-600x400.jpg 600w, https:\/\/www.uartes.edu.ec\/sitio\/wp-content\/uploads\/2025\/03\/04-ESPOL-Y-UA-400x267.jpg 400w, https:\/\/www.uartes.edu.ec\/sitio\/wp-content\/uploads\/2025\/03\/04-ESPOL-Y-UA.jpg 2000w\" sizes=\"(max-width: 644px) 100vw, 644px\" \/><\/figure>\n<\/figure>\n\n\n\n<p><\/p>\n\n\n\n<p>Casi al finalizar la visita, y en di\u00e1logo con InfoUArtes, la decana Nayeth Sol\u00f3rzano destac\u00f3 la afinidad entre la Espol y su FADCOM con la UArtes. \u201cCompartimos la creatividad, el arte, el dise\u00f1o, la producci\u00f3n. Para nosotros es grato pensar en el trabajo conjunto. Tambi\u00e9n los hemos visitado y sabemos todo lo que la Universidad de las Artes est\u00e1 haciendo. Es realmente satisfactorio que haya interdisciplinaridad e interinstitucionalidad, lo cual es positivo para las acciones colectivas por el desarrollo de la juventud y la educaci\u00f3n\u201d.&nbsp;&nbsp;<\/p>\n\n\n\n<p>Asimismo, varios de los t\u00e9cnicos, docentes y funcionarios que acompa\u00f1aron a la comitiva UArtes en su visita a la Espol destacaron la importancia de la cooperaci\u00f3n interinstitucional existente. \u201cEstamos en la misma \u00e1rea y es satisfactorio que existan estos lazos entre entidades p\u00fablicas porque compartimos recursos que finalmente sirven a todos\u201d, anot\u00f3 Byron Cortez, docente y coordinador de la maestr\u00eda en Postproducci\u00f3n Digital Audiovisual\u201d.<\/p>\n\n\n\n<p>Hilda Flor, coordinadora de posgrados en general, resalt\u00f3 el intercambio de estudiantes que se realiza entre la Espol y la UArtes, as\u00ed como su di\u00e1logo permanente con los vicerrectores Brad Hilgert y Olga L\u00f3pez. \u201cTenemos muchos puntos en com\u00fan que se complementan. Desarrollamos eventos que interesan a ambas partes, laboratorios y capacitaciones\u201d. &nbsp;<\/p>\n\n\n\n<p>As\u00ed como al inicio del recorrido, en el que se hicieron las respectivas presentaciones de los integrantes de ambas comitivas, al final nuestro rector William Herrera tambi\u00e9n tuvo palabras de agradecimiento por la invitaci\u00f3n. Ponder\u00f3 que se puedan compartir experiencias, desarrollar capacitaciones y fomentar la cooperaci\u00f3n interuniversitaria.<\/p>\n\n\n<div class=\"wp-block-image\">\n<figure class=\"aligncenter size-large is-resized\"><img loading=\"lazy\" decoding=\"async\" width=\"644\" height=\"429\" src=\"https:\/\/www.uartes.edu.ec\/sitio\/wp-content\/uploads\/2025\/03\/03-ESPOL-Y-UA-644x429.jpg\" alt=\"\" class=\"wp-image-69790\" style=\"width:519px;height:auto\" srcset=\"https:\/\/www.uartes.edu.ec\/sitio\/wp-content\/uploads\/2025\/03\/03-ESPOL-Y-UA-644x429.jpg 644w, https:\/\/www.uartes.edu.ec\/sitio\/wp-content\/uploads\/2025\/03\/03-ESPOL-Y-UA-300x200.jpg 300w, https:\/\/www.uartes.edu.ec\/sitio\/wp-content\/uploads\/2025\/03\/03-ESPOL-Y-UA-768x512.jpg 768w, https:\/\/www.uartes.edu.ec\/sitio\/wp-content\/uploads\/2025\/03\/03-ESPOL-Y-UA-1536x1024.jpg 1536w, https:\/\/www.uartes.edu.ec\/sitio\/wp-content\/uploads\/2025\/03\/03-ESPOL-Y-UA-18x12.jpg 18w, https:\/\/www.uartes.edu.ec\/sitio\/wp-content\/uploads\/2025\/03\/03-ESPOL-Y-UA-600x400.jpg 600w, https:\/\/www.uartes.edu.ec\/sitio\/wp-content\/uploads\/2025\/03\/03-ESPOL-Y-UA-400x267.jpg 400w, https:\/\/www.uartes.edu.ec\/sitio\/wp-content\/uploads\/2025\/03\/03-ESPOL-Y-UA.jpg 2000w\" sizes=\"(max-width: 644px) 100vw, 644px\" \/><\/figure>\n<\/div>\n\n\n<p>Cabe anotar que, el convenio de cooperaci\u00f3n interinstitucional UArtes &#8211; Espol se\u00f1ala entre sus objetivos el fortalecimiento de la colaboraci\u00f3n en docencia, investigaci\u00f3n, vinculaci\u00f3n con la sociedad, pr\u00e1cticas preprofesionales y producci\u00f3n editorial. Ha facilitado el intercambio de estudiantes y el trabajo conjunto para la construcci\u00f3n de un corredor cient\u00edfico y cultural. La visita reforz\u00f3 compromisos y abri\u00f3 nuevas oportunidades para el desarrollo de proyectos conjuntos.\u00a0<\/p>\n\n\n\n<p>Texto y fotos: Carmen Cortez\/Dircom UArtes. Imagen de portada y otras: cortes\u00eda Jos\u00e9 Castro\/Comunicaci\u00f3n Espol.<\/p>","protected":false},"excerpt":{"rendered":"<p>En el marco del convenio interinstitucional entre la Universidad de las Artes y la Escuela Superior Polit\u00e9cnica del Litoral (Espol), una delegaci\u00f3n de la UArtes, integrada por sus autoridades, docentes y funcionarios, visit\u00f3 los laboratorios de creaci\u00f3n y producci\u00f3n de la Facultad de Arte, Dise\u00f1o y Comunicaci\u00f3n Audiovisual (FADCOM), con el prop\u00f3sito de compartir experiencias, desarrollar procesos de capacitaci\u00f3n y fomentar la cooperaci\u00f3n interuniversitaria.<\/p>","protected":false},"author":10,"featured_media":69769,"comment_status":"open","ping_status":"open","sticky":false,"template":"","format":"standard","meta":{"_acf_changed":false,"_uag_custom_page_level_css":"","_monsterinsights_skip_tracking":false,"_monsterinsights_sitenote_active":false,"_monsterinsights_sitenote_note":"","_monsterinsights_sitenote_category":0,"cybocfi_hide_featured_image":"","footnotes":""},"categories":[80,438,490,82,157,75,77,84,174,79],"tags":[281],"infouartes":[],"class_list":["post-69768","post","type-post","status-publish","format-standard","has-post-thumbnail","hentry","category-academico","category-administrativos","category-alumni","category-artes","category-artes-visuales","category-docentes","category-gestion","category-rectorado","category-transversal","category-vinculo","tag-interinstitucional"],"acf":[],"yoast_head":"<!-- This site is optimized with the Yoast SEO plugin v27.4 - https:\/\/yoast.com\/product\/yoast-seo-wordpress\/ -->\n<title>Universidad de las Artes - UArtes visita en la Espol los laboratorios de creaci\u00f3n y producci\u00f3n de la FADCOM<\/title>\n<meta name=\"description\" content=\"Universidad de las Artes - UArtes visita en la Espol los laboratorios de creaci\u00f3n y producci\u00f3n de la FADCOM\" \/>\n<meta name=\"robots\" content=\"index, follow, max-snippet:-1, max-image-preview:large, max-video-preview:-1\" \/>\n<link rel=\"canonical\" href=\"https:\/\/www.uartes.edu.ec\/sitio\/en\/blog\/2025\/03\/24\/uartes-visita-en-la-espol-los-laboratorios-de-creacion-y-produccion-de-la-fadcom\/\" \/>\n<meta property=\"og:locale\" content=\"en_US\" \/>\n<meta property=\"og:type\" content=\"article\" \/>\n<meta property=\"og:title\" content=\"Universidad de las Artes - UArtes visita en la Espol los laboratorios de creaci\u00f3n y producci\u00f3n de la FADCOM\" \/>\n<meta property=\"og:description\" content=\"Universidad de las Artes - UArtes visita en la Espol los laboratorios de creaci\u00f3n y producci\u00f3n de la FADCOM\" \/>\n<meta property=\"og:url\" content=\"https:\/\/www.uartes.edu.ec\/sitio\/en\/blog\/2025\/03\/24\/uartes-visita-en-la-espol-los-laboratorios-de-creacion-y-produccion-de-la-fadcom\/\" \/>\n<meta property=\"og:site_name\" content=\"Universidad de las Artes\" \/>\n<meta property=\"article:publisher\" content=\"https:\/\/www.facebook.com\/uartesec\" \/>\n<meta property=\"article:published_time\" content=\"2025-03-24T22:02:41+00:00\" \/>\n<meta property=\"article:modified_time\" content=\"2025-03-28T19:19:06+00:00\" \/>\n<meta property=\"og:image\" content=\"https:\/\/www.uartes.edu.ec\/sitio\/wp-content\/uploads\/2025\/03\/F-ESPOL-UARTES-.jpg\" \/>\n\t<meta property=\"og:image:width\" content=\"2000\" \/>\n\t<meta property=\"og:image:height\" content=\"1333\" \/>\n\t<meta property=\"og:image:type\" content=\"image\/jpeg\" \/>\n<meta name=\"author\" content=\"ccortez\" \/>\n<meta name=\"twitter:card\" content=\"summary_large_image\" \/>\n<meta name=\"twitter:creator\" content=\"@uartesec\" \/>\n<meta name=\"twitter:site\" content=\"@uartesec\" \/>\n<meta name=\"twitter:label1\" content=\"Written by\" \/>\n\t<meta name=\"twitter:data1\" content=\"ccortez\" \/>\n\t<meta name=\"twitter:label2\" content=\"Est. reading time\" \/>\n\t<meta name=\"twitter:data2\" content=\"9 minutes\" \/>\n<script type=\"application\/ld+json\" class=\"yoast-schema-graph\">{\"@context\":\"https:\\\/\\\/schema.org\",\"@graph\":[{\"@type\":\"Article\",\"@id\":\"https:\\\/\\\/www.uartes.edu.ec\\\/sitio\\\/en\\\/blog\\\/2025\\\/03\\\/24\\\/uartes-visita-en-la-espol-los-laboratorios-de-creacion-y-produccion-de-la-fadcom\\\/#article\",\"isPartOf\":{\"@id\":\"https:\\\/\\\/www.uartes.edu.ec\\\/sitio\\\/en\\\/blog\\\/2025\\\/03\\\/24\\\/uartes-visita-en-la-espol-los-laboratorios-de-creacion-y-produccion-de-la-fadcom\\\/\"},\"author\":{\"name\":\"ccortez\",\"@id\":\"https:\\\/\\\/www.uartes.edu.ec\\\/sitio\\\/en\\\/#\\\/schema\\\/person\\\/efa1b8275797664fd7f13a79ccc0b1f4\"},\"headline\":\"UArtes visita en la Espol los laboratorios de creaci\u00f3n y producci\u00f3n de la FADCOM\",\"datePublished\":\"2025-03-24T22:02:41+00:00\",\"dateModified\":\"2025-03-28T19:19:06+00:00\",\"mainEntityOfPage\":{\"@id\":\"https:\\\/\\\/www.uartes.edu.ec\\\/sitio\\\/en\\\/blog\\\/2025\\\/03\\\/24\\\/uartes-visita-en-la-espol-los-laboratorios-de-creacion-y-produccion-de-la-fadcom\\\/\"},\"wordCount\":1422,\"commentCount\":0,\"publisher\":{\"@id\":\"https:\\\/\\\/www.uartes.edu.ec\\\/sitio\\\/en\\\/#organization\"},\"image\":{\"@id\":\"https:\\\/\\\/www.uartes.edu.ec\\\/sitio\\\/en\\\/blog\\\/2025\\\/03\\\/24\\\/uartes-visita-en-la-espol-los-laboratorios-de-creacion-y-produccion-de-la-fadcom\\\/#primaryimage\"},\"thumbnailUrl\":\"https:\\\/\\\/www.uartes.edu.ec\\\/sitio\\\/wp-content\\\/uploads\\\/2025\\\/03\\\/F-ESPOL-UARTES-.jpg\",\"keywords\":[\"interinstitucional\"],\"articleSection\":[\"Acad\u00e9mico\",\"Administrativos\",\"Alumni\",\"Artes\",\"Artes Visuales\",\"Docentes\",\"Gesti\u00f3n\",\"Rectorado\",\"Transversal\",\"V\u00ednculo\"],\"inLanguage\":\"en-US\",\"potentialAction\":[{\"@type\":\"CommentAction\",\"name\":\"Comment\",\"target\":[\"https:\\\/\\\/www.uartes.edu.ec\\\/sitio\\\/en\\\/blog\\\/2025\\\/03\\\/24\\\/uartes-visita-en-la-espol-los-laboratorios-de-creacion-y-produccion-de-la-fadcom\\\/#respond\"]}]},{\"@type\":[\"WebPage\",\"ItemPage\"],\"@id\":\"https:\\\/\\\/www.uartes.edu.ec\\\/sitio\\\/en\\\/blog\\\/2025\\\/03\\\/24\\\/uartes-visita-en-la-espol-los-laboratorios-de-creacion-y-produccion-de-la-fadcom\\\/\",\"url\":\"https:\\\/\\\/www.uartes.edu.ec\\\/sitio\\\/en\\\/blog\\\/2025\\\/03\\\/24\\\/uartes-visita-en-la-espol-los-laboratorios-de-creacion-y-produccion-de-la-fadcom\\\/\",\"name\":\"Universidad de las Artes - UArtes visita en la Espol los laboratorios de creaci\u00f3n y producci\u00f3n de la FADCOM\",\"isPartOf\":{\"@id\":\"https:\\\/\\\/www.uartes.edu.ec\\\/sitio\\\/en\\\/#website\"},\"primaryImageOfPage\":{\"@id\":\"https:\\\/\\\/www.uartes.edu.ec\\\/sitio\\\/en\\\/blog\\\/2025\\\/03\\\/24\\\/uartes-visita-en-la-espol-los-laboratorios-de-creacion-y-produccion-de-la-fadcom\\\/#primaryimage\"},\"image\":{\"@id\":\"https:\\\/\\\/www.uartes.edu.ec\\\/sitio\\\/en\\\/blog\\\/2025\\\/03\\\/24\\\/uartes-visita-en-la-espol-los-laboratorios-de-creacion-y-produccion-de-la-fadcom\\\/#primaryimage\"},\"thumbnailUrl\":\"https:\\\/\\\/www.uartes.edu.ec\\\/sitio\\\/wp-content\\\/uploads\\\/2025\\\/03\\\/F-ESPOL-UARTES-.jpg\",\"datePublished\":\"2025-03-24T22:02:41+00:00\",\"dateModified\":\"2025-03-28T19:19:06+00:00\",\"description\":\"Universidad de las Artes - UArtes visita en la Espol los laboratorios de creaci\u00f3n y producci\u00f3n de la FADCOM\",\"breadcrumb\":{\"@id\":\"https:\\\/\\\/www.uartes.edu.ec\\\/sitio\\\/en\\\/blog\\\/2025\\\/03\\\/24\\\/uartes-visita-en-la-espol-los-laboratorios-de-creacion-y-produccion-de-la-fadcom\\\/#breadcrumb\"},\"inLanguage\":\"en-US\",\"potentialAction\":[{\"@type\":\"ReadAction\",\"target\":[\"https:\\\/\\\/www.uartes.edu.ec\\\/sitio\\\/en\\\/blog\\\/2025\\\/03\\\/24\\\/uartes-visita-en-la-espol-los-laboratorios-de-creacion-y-produccion-de-la-fadcom\\\/\"]}]},{\"@type\":\"ImageObject\",\"inLanguage\":\"en-US\",\"@id\":\"https:\\\/\\\/www.uartes.edu.ec\\\/sitio\\\/en\\\/blog\\\/2025\\\/03\\\/24\\\/uartes-visita-en-la-espol-los-laboratorios-de-creacion-y-produccion-de-la-fadcom\\\/#primaryimage\",\"url\":\"https:\\\/\\\/www.uartes.edu.ec\\\/sitio\\\/wp-content\\\/uploads\\\/2025\\\/03\\\/F-ESPOL-UARTES-.jpg\",\"contentUrl\":\"https:\\\/\\\/www.uartes.edu.ec\\\/sitio\\\/wp-content\\\/uploads\\\/2025\\\/03\\\/F-ESPOL-UARTES-.jpg\",\"width\":2000,\"height\":1333},{\"@type\":\"BreadcrumbList\",\"@id\":\"https:\\\/\\\/www.uartes.edu.ec\\\/sitio\\\/en\\\/blog\\\/2025\\\/03\\\/24\\\/uartes-visita-en-la-espol-los-laboratorios-de-creacion-y-produccion-de-la-fadcom\\\/#breadcrumb\",\"itemListElement\":[{\"@type\":\"ListItem\",\"position\":1,\"name\":\"Inicio\",\"item\":\"https:\\\/\\\/www.uartes.edu.ec\\\/sitio\\\/\"},{\"@type\":\"ListItem\",\"position\":2,\"name\":\"UArtes visita en la Espol los laboratorios de creaci\u00f3n y producci\u00f3n de la FADCOM\"}]},{\"@type\":\"WebSite\",\"@id\":\"https:\\\/\\\/www.uartes.edu.ec\\\/sitio\\\/en\\\/#website\",\"url\":\"https:\\\/\\\/www.uartes.edu.ec\\\/sitio\\\/en\\\/\",\"name\":\"Universidad de las Artes\",\"description\":\"Sitio oficial de la Universidad Nacional de las Artes del Ecuador\",\"publisher\":{\"@id\":\"https:\\\/\\\/www.uartes.edu.ec\\\/sitio\\\/en\\\/#organization\"},\"potentialAction\":[{\"@type\":\"SearchAction\",\"target\":{\"@type\":\"EntryPoint\",\"urlTemplate\":\"https:\\\/\\\/www.uartes.edu.ec\\\/sitio\\\/en\\\/?s={search_term_string}\"},\"query-input\":{\"@type\":\"PropertyValueSpecification\",\"valueRequired\":true,\"valueName\":\"search_term_string\"}}],\"inLanguage\":\"en-US\"},{\"@type\":\"Organization\",\"@id\":\"https:\\\/\\\/www.uartes.edu.ec\\\/sitio\\\/en\\\/#organization\",\"name\":\"Universidad de las Artes\",\"url\":\"https:\\\/\\\/www.uartes.edu.ec\\\/sitio\\\/en\\\/\",\"logo\":{\"@type\":\"ImageObject\",\"inLanguage\":\"en-US\",\"@id\":\"https:\\\/\\\/www.uartes.edu.ec\\\/sitio\\\/en\\\/#\\\/schema\\\/logo\\\/image\\\/\",\"url\":\"https:\\\/\\\/www.uartes.edu.ec\\\/sitio\\\/wp-content\\\/uploads\\\/2022\\\/07\\\/logo-ua-horizontal.png\",\"contentUrl\":\"https:\\\/\\\/www.uartes.edu.ec\\\/sitio\\\/wp-content\\\/uploads\\\/2022\\\/07\\\/logo-ua-horizontal.png\",\"width\":800,\"height\":276,\"caption\":\"Universidad de las Artes\"},\"image\":{\"@id\":\"https:\\\/\\\/www.uartes.edu.ec\\\/sitio\\\/en\\\/#\\\/schema\\\/logo\\\/image\\\/\"},\"sameAs\":[\"https:\\\/\\\/www.facebook.com\\\/uartesec\",\"https:\\\/\\\/x.com\\\/uartesec\",\"https:\\\/\\\/www.tiktok.com\\\/@uartesec\"]},{\"@type\":\"Person\",\"@id\":\"https:\\\/\\\/www.uartes.edu.ec\\\/sitio\\\/en\\\/#\\\/schema\\\/person\\\/efa1b8275797664fd7f13a79ccc0b1f4\",\"name\":\"ccortez\",\"image\":{\"@type\":\"ImageObject\",\"inLanguage\":\"en-US\",\"@id\":\"https:\\\/\\\/secure.gravatar.com\\\/avatar\\\/b2a6f664a3ae8e074346ef91775736c5ec479e637ecced6842de9dc98b5da9cd?s=96&d=mm&r=g\",\"url\":\"https:\\\/\\\/secure.gravatar.com\\\/avatar\\\/b2a6f664a3ae8e074346ef91775736c5ec479e637ecced6842de9dc98b5da9cd?s=96&d=mm&r=g\",\"contentUrl\":\"https:\\\/\\\/secure.gravatar.com\\\/avatar\\\/b2a6f664a3ae8e074346ef91775736c5ec479e637ecced6842de9dc98b5da9cd?s=96&d=mm&r=g\",\"caption\":\"ccortez\"},\"url\":\"https:\\\/\\\/www.uartes.edu.ec\\\/sitio\\\/en\\\/blog\\\/author\\\/ccortez\\\/\"}]}<\/script>\n<!-- \/ Yoast SEO plugin. -->","yoast_head_json":{"title":"Universidad de las Artes - UArtes visita en la Espol los laboratorios de creaci\u00f3n y producci\u00f3n de la FADCOM","description":"Universidad de las Artes - UArtes visita en la Espol los laboratorios de creaci\u00f3n y producci\u00f3n de la FADCOM","robots":{"index":"index","follow":"follow","max-snippet":"max-snippet:-1","max-image-preview":"max-image-preview:large","max-video-preview":"max-video-preview:-1"},"canonical":"https:\/\/www.uartes.edu.ec\/sitio\/en\/blog\/2025\/03\/24\/uartes-visita-en-la-espol-los-laboratorios-de-creacion-y-produccion-de-la-fadcom\/","og_locale":"en_US","og_type":"article","og_title":"Universidad de las Artes - UArtes visita en la Espol los laboratorios de creaci\u00f3n y producci\u00f3n de la FADCOM","og_description":"Universidad de las Artes - UArtes visita en la Espol los laboratorios de creaci\u00f3n y producci\u00f3n de la FADCOM","og_url":"https:\/\/www.uartes.edu.ec\/sitio\/en\/blog\/2025\/03\/24\/uartes-visita-en-la-espol-los-laboratorios-de-creacion-y-produccion-de-la-fadcom\/","og_site_name":"Universidad de las Artes","article_publisher":"https:\/\/www.facebook.com\/uartesec","article_published_time":"2025-03-24T22:02:41+00:00","article_modified_time":"2025-03-28T19:19:06+00:00","og_image":[{"width":2000,"height":1333,"url":"https:\/\/www.uartes.edu.ec\/sitio\/wp-content\/uploads\/2025\/03\/F-ESPOL-UARTES-.jpg","type":"image\/jpeg"}],"author":"ccortez","twitter_card":"summary_large_image","twitter_creator":"@uartesec","twitter_site":"@uartesec","twitter_misc":{"Written by":"ccortez","Est. reading time":"9 minutes"},"schema":{"@context":"https:\/\/schema.org","@graph":[{"@type":"Article","@id":"https:\/\/www.uartes.edu.ec\/sitio\/en\/blog\/2025\/03\/24\/uartes-visita-en-la-espol-los-laboratorios-de-creacion-y-produccion-de-la-fadcom\/#article","isPartOf":{"@id":"https:\/\/www.uartes.edu.ec\/sitio\/en\/blog\/2025\/03\/24\/uartes-visita-en-la-espol-los-laboratorios-de-creacion-y-produccion-de-la-fadcom\/"},"author":{"name":"ccortez","@id":"https:\/\/www.uartes.edu.ec\/sitio\/en\/#\/schema\/person\/efa1b8275797664fd7f13a79ccc0b1f4"},"headline":"UArtes visita en la Espol los laboratorios de creaci\u00f3n y producci\u00f3n de la FADCOM","datePublished":"2025-03-24T22:02:41+00:00","dateModified":"2025-03-28T19:19:06+00:00","mainEntityOfPage":{"@id":"https:\/\/www.uartes.edu.ec\/sitio\/en\/blog\/2025\/03\/24\/uartes-visita-en-la-espol-los-laboratorios-de-creacion-y-produccion-de-la-fadcom\/"},"wordCount":1422,"commentCount":0,"publisher":{"@id":"https:\/\/www.uartes.edu.ec\/sitio\/en\/#organization"},"image":{"@id":"https:\/\/www.uartes.edu.ec\/sitio\/en\/blog\/2025\/03\/24\/uartes-visita-en-la-espol-los-laboratorios-de-creacion-y-produccion-de-la-fadcom\/#primaryimage"},"thumbnailUrl":"https:\/\/www.uartes.edu.ec\/sitio\/wp-content\/uploads\/2025\/03\/F-ESPOL-UARTES-.jpg","keywords":["interinstitucional"],"articleSection":["Acad\u00e9mico","Administrativos","Alumni","Artes","Artes Visuales","Docentes","Gesti\u00f3n","Rectorado","Transversal","V\u00ednculo"],"inLanguage":"en-US","potentialAction":[{"@type":"CommentAction","name":"Comment","target":["https:\/\/www.uartes.edu.ec\/sitio\/en\/blog\/2025\/03\/24\/uartes-visita-en-la-espol-los-laboratorios-de-creacion-y-produccion-de-la-fadcom\/#respond"]}]},{"@type":["WebPage","ItemPage"],"@id":"https:\/\/www.uartes.edu.ec\/sitio\/en\/blog\/2025\/03\/24\/uartes-visita-en-la-espol-los-laboratorios-de-creacion-y-produccion-de-la-fadcom\/","url":"https:\/\/www.uartes.edu.ec\/sitio\/en\/blog\/2025\/03\/24\/uartes-visita-en-la-espol-los-laboratorios-de-creacion-y-produccion-de-la-fadcom\/","name":"Universidad de las Artes - UArtes visita en la Espol los laboratorios de creaci\u00f3n y producci\u00f3n de la FADCOM","isPartOf":{"@id":"https:\/\/www.uartes.edu.ec\/sitio\/en\/#website"},"primaryImageOfPage":{"@id":"https:\/\/www.uartes.edu.ec\/sitio\/en\/blog\/2025\/03\/24\/uartes-visita-en-la-espol-los-laboratorios-de-creacion-y-produccion-de-la-fadcom\/#primaryimage"},"image":{"@id":"https:\/\/www.uartes.edu.ec\/sitio\/en\/blog\/2025\/03\/24\/uartes-visita-en-la-espol-los-laboratorios-de-creacion-y-produccion-de-la-fadcom\/#primaryimage"},"thumbnailUrl":"https:\/\/www.uartes.edu.ec\/sitio\/wp-content\/uploads\/2025\/03\/F-ESPOL-UARTES-.jpg","datePublished":"2025-03-24T22:02:41+00:00","dateModified":"2025-03-28T19:19:06+00:00","description":"Universidad de las Artes - UArtes visita en la Espol los laboratorios de creaci\u00f3n y producci\u00f3n de la FADCOM","breadcrumb":{"@id":"https:\/\/www.uartes.edu.ec\/sitio\/en\/blog\/2025\/03\/24\/uartes-visita-en-la-espol-los-laboratorios-de-creacion-y-produccion-de-la-fadcom\/#breadcrumb"},"inLanguage":"en-US","potentialAction":[{"@type":"ReadAction","target":["https:\/\/www.uartes.edu.ec\/sitio\/en\/blog\/2025\/03\/24\/uartes-visita-en-la-espol-los-laboratorios-de-creacion-y-produccion-de-la-fadcom\/"]}]},{"@type":"ImageObject","inLanguage":"en-US","@id":"https:\/\/www.uartes.edu.ec\/sitio\/en\/blog\/2025\/03\/24\/uartes-visita-en-la-espol-los-laboratorios-de-creacion-y-produccion-de-la-fadcom\/#primaryimage","url":"https:\/\/www.uartes.edu.ec\/sitio\/wp-content\/uploads\/2025\/03\/F-ESPOL-UARTES-.jpg","contentUrl":"https:\/\/www.uartes.edu.ec\/sitio\/wp-content\/uploads\/2025\/03\/F-ESPOL-UARTES-.jpg","width":2000,"height":1333},{"@type":"BreadcrumbList","@id":"https:\/\/www.uartes.edu.ec\/sitio\/en\/blog\/2025\/03\/24\/uartes-visita-en-la-espol-los-laboratorios-de-creacion-y-produccion-de-la-fadcom\/#breadcrumb","itemListElement":[{"@type":"ListItem","position":1,"name":"Inicio","item":"https:\/\/www.uartes.edu.ec\/sitio\/"},{"@type":"ListItem","position":2,"name":"UArtes visita en la Espol los laboratorios de creaci\u00f3n y producci\u00f3n de la FADCOM"}]},{"@type":"WebSite","@id":"https:\/\/www.uartes.edu.ec\/sitio\/en\/#website","url":"https:\/\/www.uartes.edu.ec\/sitio\/en\/","name":"Universidad de las Artes","description":"Sitio oficial de la Universidad Nacional de las Artes del Ecuador","publisher":{"@id":"https:\/\/www.uartes.edu.ec\/sitio\/en\/#organization"},"potentialAction":[{"@type":"SearchAction","target":{"@type":"EntryPoint","urlTemplate":"https:\/\/www.uartes.edu.ec\/sitio\/en\/?s={search_term_string}"},"query-input":{"@type":"PropertyValueSpecification","valueRequired":true,"valueName":"search_term_string"}}],"inLanguage":"en-US"},{"@type":"Organization","@id":"https:\/\/www.uartes.edu.ec\/sitio\/en\/#organization","name":"Universidad de las Artes","url":"https:\/\/www.uartes.edu.ec\/sitio\/en\/","logo":{"@type":"ImageObject","inLanguage":"en-US","@id":"https:\/\/www.uartes.edu.ec\/sitio\/en\/#\/schema\/logo\/image\/","url":"https:\/\/www.uartes.edu.ec\/sitio\/wp-content\/uploads\/2022\/07\/logo-ua-horizontal.png","contentUrl":"https:\/\/www.uartes.edu.ec\/sitio\/wp-content\/uploads\/2022\/07\/logo-ua-horizontal.png","width":800,"height":276,"caption":"Universidad de las Artes"},"image":{"@id":"https:\/\/www.uartes.edu.ec\/sitio\/en\/#\/schema\/logo\/image\/"},"sameAs":["https:\/\/www.facebook.com\/uartesec","https:\/\/x.com\/uartesec","https:\/\/www.tiktok.com\/@uartesec"]},{"@type":"Person","@id":"https:\/\/www.uartes.edu.ec\/sitio\/en\/#\/schema\/person\/efa1b8275797664fd7f13a79ccc0b1f4","name":"ccortez","image":{"@type":"ImageObject","inLanguage":"en-US","@id":"https:\/\/secure.gravatar.com\/avatar\/b2a6f664a3ae8e074346ef91775736c5ec479e637ecced6842de9dc98b5da9cd?s=96&d=mm&r=g","url":"https:\/\/secure.gravatar.com\/avatar\/b2a6f664a3ae8e074346ef91775736c5ec479e637ecced6842de9dc98b5da9cd?s=96&d=mm&r=g","contentUrl":"https:\/\/secure.gravatar.com\/avatar\/b2a6f664a3ae8e074346ef91775736c5ec479e637ecced6842de9dc98b5da9cd?s=96&d=mm&r=g","caption":"ccortez"},"url":"https:\/\/www.uartes.edu.ec\/sitio\/en\/blog\/author\/ccortez\/"}]}},"uagb_featured_image_src":{"full":["https:\/\/www.uartes.edu.ec\/sitio\/wp-content\/uploads\/2025\/03\/F-ESPOL-UARTES-.jpg",2000,1333,false],"thumbnail":["https:\/\/www.uartes.edu.ec\/sitio\/wp-content\/uploads\/2025\/03\/F-ESPOL-UARTES--150x150.jpg",150,150,true],"medium":["https:\/\/www.uartes.edu.ec\/sitio\/wp-content\/uploads\/2025\/03\/F-ESPOL-UARTES--300x200.jpg",300,200,true],"medium_large":["https:\/\/www.uartes.edu.ec\/sitio\/wp-content\/uploads\/2025\/03\/F-ESPOL-UARTES--768x512.jpg",768,512,true],"large":["https:\/\/www.uartes.edu.ec\/sitio\/wp-content\/uploads\/2025\/03\/F-ESPOL-UARTES--644x429.jpg",644,429,true],"1536x1536":["https:\/\/www.uartes.edu.ec\/sitio\/wp-content\/uploads\/2025\/03\/F-ESPOL-UARTES--1536x1024.jpg",1536,1024,true],"2048x2048":["https:\/\/www.uartes.edu.ec\/sitio\/wp-content\/uploads\/2025\/03\/F-ESPOL-UARTES-.jpg",2000,1333,false],"trp-custom-language-flag":["https:\/\/www.uartes.edu.ec\/sitio\/wp-content\/uploads\/2025\/03\/F-ESPOL-UARTES--18x12.jpg",18,12,true],"htmega_size_585x295":["https:\/\/www.uartes.edu.ec\/sitio\/wp-content\/uploads\/2025\/03\/F-ESPOL-UARTES--585x295.jpg",585,295,true],"htmega_size_1170x536":["https:\/\/www.uartes.edu.ec\/sitio\/wp-content\/uploads\/2025\/03\/F-ESPOL-UARTES--1170x536.jpg",1170,536,true],"htmega_size_396x360":["https:\/\/www.uartes.edu.ec\/sitio\/wp-content\/uploads\/2025\/03\/F-ESPOL-UARTES--396x360.jpg",396,360,true],"gb-block-post-grid-landscape":["https:\/\/www.uartes.edu.ec\/sitio\/wp-content\/uploads\/2025\/03\/F-ESPOL-UARTES--600x400.jpg",600,400,true],"gb-block-post-grid-square":["https:\/\/www.uartes.edu.ec\/sitio\/wp-content\/uploads\/2025\/03\/F-ESPOL-UARTES--600x600.jpg",600,600,true],"university-hub-thumb":["https:\/\/www.uartes.edu.ec\/sitio\/wp-content\/uploads\/2025\/03\/F-ESPOL-UARTES--400x267.jpg",400,267,true]},"uagb_author_info":{"display_name":"ccortez","author_link":"https:\/\/www.uartes.edu.ec\/sitio\/en\/blog\/author\/ccortez\/"},"uagb_comment_info":0,"uagb_excerpt":"En el marco del convenio interinstitucional entre la Universidad de las Artes y la Escuela Superior Polit\u00e9cnica del Litoral (Espol), una delegaci\u00f3n de la UArtes, integrada por sus autoridades, docentes y funcionarios, visit\u00f3 los laboratorios de creaci\u00f3n y producci\u00f3n de la Facultad de Arte, Dise\u00f1o y Comunicaci\u00f3n Audiovisual (FADCOM), con el prop\u00f3sito de compartir experiencias,&hellip;","featured_image_src":"https:\/\/www.uartes.edu.ec\/sitio\/wp-content\/uploads\/2025\/03\/F-ESPOL-UARTES--600x400.jpg","featured_image_src_square":"https:\/\/www.uartes.edu.ec\/sitio\/wp-content\/uploads\/2025\/03\/F-ESPOL-UARTES--600x600.jpg","author_info":{"display_name":"ccortez","author_link":"https:\/\/www.uartes.edu.ec\/sitio\/en\/blog\/author\/ccortez\/"},"publishpress_future_workflow_manual_trigger":{"enabledWorkflows":[]},"distributor_meta":false,"distributor_terms":false,"distributor_media":false,"distributor_original_site_name":"Universidad de las Artes","distributor_original_site_url":"https:\/\/www.uartes.edu.ec\/sitio\/en","push-errors":false,"_links":{"self":[{"href":"https:\/\/www.uartes.edu.ec\/sitio\/en\/wp-json\/wp\/v2\/posts\/69768","targetHints":{"allow":["GET"]}}],"collection":[{"href":"https:\/\/www.uartes.edu.ec\/sitio\/en\/wp-json\/wp\/v2\/posts"}],"about":[{"href":"https:\/\/www.uartes.edu.ec\/sitio\/en\/wp-json\/wp\/v2\/types\/post"}],"author":[{"embeddable":true,"href":"https:\/\/www.uartes.edu.ec\/sitio\/en\/wp-json\/wp\/v2\/users\/10"}],"replies":[{"embeddable":true,"href":"https:\/\/www.uartes.edu.ec\/sitio\/en\/wp-json\/wp\/v2\/comments?post=69768"}],"version-history":[{"count":13,"href":"https:\/\/www.uartes.edu.ec\/sitio\/en\/wp-json\/wp\/v2\/posts\/69768\/revisions"}],"predecessor-version":[{"id":69974,"href":"https:\/\/www.uartes.edu.ec\/sitio\/en\/wp-json\/wp\/v2\/posts\/69768\/revisions\/69974"}],"wp:featuredmedia":[{"embeddable":true,"href":"https:\/\/www.uartes.edu.ec\/sitio\/en\/wp-json\/wp\/v2\/media\/69769"}],"wp:attachment":[{"href":"https:\/\/www.uartes.edu.ec\/sitio\/en\/wp-json\/wp\/v2\/media?parent=69768"}],"wp:term":[{"taxonomy":"category","embeddable":true,"href":"https:\/\/www.uartes.edu.ec\/sitio\/en\/wp-json\/wp\/v2\/categories?post=69768"},{"taxonomy":"post_tag","embeddable":true,"href":"https:\/\/www.uartes.edu.ec\/sitio\/en\/wp-json\/wp\/v2\/tags?post=69768"},{"taxonomy":"infouartes","embeddable":true,"href":"https:\/\/www.uartes.edu.ec\/sitio\/en\/wp-json\/wp\/v2\/infouartes?post=69768"}],"curies":[{"name":"wp","href":"https:\/\/api.w.org\/{rel}","templated":true}]}}