{"id":6979,"date":"2020-05-14T08:50:38","date_gmt":"2020-05-14T13:50:38","guid":{"rendered":"http:\/\/www.uartes.edu.ec\/sitio\/?p=6979"},"modified":"2024-07-04T11:43:11","modified_gmt":"2024-07-04T16:43:11","slug":"cristian-cobo-investigo-la-incidencia-de-texto-y-musica-en-el-proceso-compositivo","status":"publish","type":"post","link":"https:\/\/www.uartes.edu.ec\/sitio\/en\/blog\/2020\/05\/14\/cristian-cobo-investigo-la-incidencia-de-texto-y-musica-en-el-proceso-compositivo\/","title":{"rendered":"Cristian Cobo investig\u00f3 la incidencia de  texto y m\u00fasica en el proceso compositivo"},"content":{"rendered":"<p>El inter\u00e9s de replantearse c\u00f3mo funciona el proceso de composici\u00f3n de una canci\u00f3n, la mezcla de m\u00fasica y texto, su complementariedad, llevaron a Cristian Santiago Cobo Villag\u00f3mez, estudiante de la Escuela de Artes Sonoras, a desarrollar la investigaci\u00f3n \u201cComposici\u00f3n y arreglos de canciones donde se pueda percibir la incidencia que cumple la m\u00fasica en la letra y viceversa\u201d. El 16 de abril la present\u00f3 como tesis de grado, la cual sustent\u00f3 v\u00eda videoconferencia.<\/p>\n\n\n\n<p>\u201cLa investigaci\u00f3n se realiz\u00f3 para crear dos composiciones in\u00e9ditas con texto y m\u00fasica. Se trata de una propuesta de canci\u00f3n con formato de banda r\u00edtmica con arreglos de cuerdas y vientos metal\u201d, explica el ahora egresado. Agrega que el prop\u00f3sito de la investigaci\u00f3n fue identificar la incidencia del texto y de la m\u00fasica en el proceso compositivo. \u201cPara determinar esta postura hice uso de material escrito de te\u00f3ricos como Arnold Schoenberg y Arthur Schopenhauer, quienes profundizan sobre la afinidad entre m\u00fasica y texto, as\u00ed como la postura que puede manejar el compositor para lograr esta complementariedad en su composici\u00f3n. A partir de este modelo te\u00f3rico me propuse analizar una canci\u00f3n de Luis Alberto Spinetta y determinar este complemento, no solo en la parte formal, t\u00e9cnica y descriptiva, sino tambi\u00e9n en la forma sensitiva e intuitiva que cada compositor tiene\u201d.<\/p>\n\n\n\n<p>Propuso el tema como un reto para explicar el por qu\u00e9 decide componer, las intenciones y voluntades que influyen en la creaci\u00f3n, que normalmente son inconscientes. \u201cProducto de este planteamiento decid\u00ed realizar dos transcripciones de dos canciones y hacer arreglos de vientos metal y cuerdas para el primer tema y arreglos de vientos para el segundo. Fue la primera vez que realic\u00e9 transcripciones de mis composiciones y en la que me apropi\u00e9 de su composici\u00f3n en su totalidad\u201d.<\/p>\n\n\n\n<p>Cristian Cobo tard\u00f3 seis meses en desarrollar el tema. \u201cLos primeros para el marco te\u00f3rico a base de varios m\u00fasicos, pensadores y fil\u00f3sofos que hablan de la afinidad entre texto y m\u00fasica. Algunos de estos son Arnold Schoenberg y Arthur Schopenhauer\u201d.<\/p>\n\n\n\n<p>En el transcurso de la investigaci\u00f3n, agrega, hizo la composici\u00f3n de dos canciones para base r\u00edtmica (guitarra, bater\u00eda, bajo, voz) \u201cy elabor\u00e9 arreglos de vientos metal (corno, trompeta, tromb\u00f3n) y cuerdas (viol\u00edn, viola, cello) para ambos temas. Para la transcripci\u00f3n de estas composiciones utilic\u00e9 la plataforma de escritura musical Finale. En el quinto mes empezamos a ensamblar con los m\u00fasicos las composiciones, realizamos dos o tres ensayos por semana en la Sala de Ensayos de la UArtes\u201d.<\/p>\n\n\n\n<p>Para la defensa de su tesis en videoconferencia, Cristian Cobo revela que tuvo que sortear algunos inconvenientes, como conectarse desde Riobamba, su ciudad natal. \u201cEl computador lo dej\u00e9 en Guayaquil, raz\u00f3n por la cual no pude usar la grabaci\u00f3n de audio que hab\u00edamos grabado en el concierto; utilic\u00e9 grabaciones de una c\u00e1mara de video, no de muy buena calidad, pero me sirvieron para la sustentaci\u00f3n\u201d.<\/p>\n\n\n\n<p>Seguir haciendo arreglos de sus composiciones, utilizar m\u00e1s instrumentos con ensambles m\u00e1s grandes, experimentar con nuevos timbres y ensamblar con nuevos m\u00fasicos, con los recursos aprendidos en su preparaci\u00f3n acad\u00e9mica y en su trabajo de titulaci\u00f3n, son los planes de Cristian Cobo tras obtener la licenciatura. <\/p>\n\n\n\n<p>En la foto, Cristian Cobo es el segundo de izquierda a derecha.<\/p>","protected":false},"excerpt":{"rendered":"<p>El inter\u00e9s de replantearse c\u00f3mo funciona el proceso de composici\u00f3n de una canci\u00f3n, la mezcla de m\u00fasica y texto, su complementariedad, llevaron a Cristian Santiago Cobo Villag\u00f3mez, estudiante de la Escuela de Artes Sonoras, a desarrollar la investigaci\u00f3n \u201cComposici\u00f3n y arreglos de canciones donde se pueda percibir la incidencia que cumple la m\u00fasica en la letra y viceversa\u201d.<\/p>","protected":false},"author":1,"featured_media":6980,"comment_status":"closed","ping_status":"closed","sticky":false,"template":"","format":"standard","meta":{"_acf_changed":false,"_uag_custom_page_level_css":"","_monsterinsights_skip_tracking":false,"_monsterinsights_sitenote_active":false,"_monsterinsights_sitenote_note":"","_monsterinsights_sitenote_category":0,"cybocfi_hide_featured_image":"","footnotes":""},"categories":[80,150,76],"tags":[211],"infouartes":[],"class_list":["post-6979","post","type-post","status-publish","format-standard","has-post-thumbnail","hentry","category-academico","category-artes-sonoras","category-estudiantes","tag-covid19"],"acf":[],"yoast_head":"<!-- This site is optimized with the Yoast SEO plugin v27.4 - https:\/\/yoast.com\/product\/yoast-seo-wordpress\/ -->\n<title>Universidad de las Artes - Cristian Cobo investig\u00f3 la incidencia de texto y m\u00fasica en el proceso compositivo<\/title>\n<meta name=\"description\" content=\"Universidad de las Artes - Cristian Cobo investig\u00f3 la incidencia de texto y m\u00fasica en el proceso compositivo\" \/>\n<meta name=\"robots\" content=\"index, follow, max-snippet:-1, max-image-preview:large, max-video-preview:-1\" \/>\n<link rel=\"canonical\" href=\"https:\/\/www.uartes.edu.ec\/sitio\/en\/blog\/2020\/05\/14\/cristian-cobo-investigo-la-incidencia-de-texto-y-musica-en-el-proceso-compositivo\/\" \/>\n<meta property=\"og:locale\" content=\"en_US\" \/>\n<meta property=\"og:type\" content=\"article\" \/>\n<meta property=\"og:title\" content=\"Universidad de las Artes - Cristian Cobo investig\u00f3 la incidencia de texto y m\u00fasica en el proceso compositivo\" \/>\n<meta property=\"og:description\" content=\"Universidad de las Artes - Cristian Cobo investig\u00f3 la incidencia de texto y m\u00fasica en el proceso compositivo\" \/>\n<meta property=\"og:url\" content=\"https:\/\/www.uartes.edu.ec\/sitio\/en\/blog\/2020\/05\/14\/cristian-cobo-investigo-la-incidencia-de-texto-y-musica-en-el-proceso-compositivo\/\" \/>\n<meta property=\"og:site_name\" content=\"Universidad de las Artes\" \/>\n<meta property=\"article:publisher\" content=\"https:\/\/www.facebook.com\/uartesec\" \/>\n<meta property=\"article:published_time\" content=\"2020-05-14T13:50:38+00:00\" \/>\n<meta property=\"article:modified_time\" content=\"2024-07-04T16:43:11+00:00\" \/>\n<meta property=\"og:image\" content=\"https:\/\/www.uartes.edu.ec\/sitio\/wp-content\/uploads\/2020\/05\/CRISTIAN-SANTIAGO-COBO-VILLAGOMEZ.jpg\" \/>\n\t<meta property=\"og:image:width\" content=\"1280\" \/>\n\t<meta property=\"og:image:height\" content=\"854\" \/>\n\t<meta property=\"og:image:type\" content=\"image\/jpeg\" \/>\n<meta name=\"author\" content=\"Universidad de las Artes\" \/>\n<meta name=\"twitter:card\" content=\"summary_large_image\" \/>\n<meta name=\"twitter:creator\" content=\"@uartesec\" \/>\n<meta name=\"twitter:site\" content=\"@uartesec\" \/>\n<meta name=\"twitter:label1\" content=\"Written by\" \/>\n\t<meta name=\"twitter:data1\" content=\"Universidad de las Artes\" \/>\n\t<meta name=\"twitter:label2\" content=\"Est. reading time\" \/>\n\t<meta name=\"twitter:data2\" content=\"3 minutes\" \/>\n<script type=\"application\/ld+json\" class=\"yoast-schema-graph\">{\"@context\":\"https:\\\/\\\/schema.org\",\"@graph\":[{\"@type\":\"Article\",\"@id\":\"https:\\\/\\\/www.uartes.edu.ec\\\/sitio\\\/en\\\/blog\\\/2020\\\/05\\\/14\\\/cristian-cobo-investigo-la-incidencia-de-texto-y-musica-en-el-proceso-compositivo\\\/#article\",\"isPartOf\":{\"@id\":\"https:\\\/\\\/www.uartes.edu.ec\\\/sitio\\\/en\\\/blog\\\/2020\\\/05\\\/14\\\/cristian-cobo-investigo-la-incidencia-de-texto-y-musica-en-el-proceso-compositivo\\\/\"},\"author\":{\"name\":\"Universidad de las Artes\",\"@id\":\"https:\\\/\\\/www.uartes.edu.ec\\\/sitio\\\/en\\\/#\\\/schema\\\/person\\\/f33f8c1d2af0d5c80a38c8abf458184a\"},\"headline\":\"Cristian Cobo investig\u00f3 la incidencia de texto y m\u00fasica en el proceso compositivo\",\"datePublished\":\"2020-05-14T13:50:38+00:00\",\"dateModified\":\"2024-07-04T16:43:11+00:00\",\"mainEntityOfPage\":{\"@id\":\"https:\\\/\\\/www.uartes.edu.ec\\\/sitio\\\/en\\\/blog\\\/2020\\\/05\\\/14\\\/cristian-cobo-investigo-la-incidencia-de-texto-y-musica-en-el-proceso-compositivo\\\/\"},\"wordCount\":594,\"publisher\":{\"@id\":\"https:\\\/\\\/www.uartes.edu.ec\\\/sitio\\\/en\\\/#organization\"},\"image\":{\"@id\":\"https:\\\/\\\/www.uartes.edu.ec\\\/sitio\\\/en\\\/blog\\\/2020\\\/05\\\/14\\\/cristian-cobo-investigo-la-incidencia-de-texto-y-musica-en-el-proceso-compositivo\\\/#primaryimage\"},\"thumbnailUrl\":\"https:\\\/\\\/www.uartes.edu.ec\\\/sitio\\\/wp-content\\\/uploads\\\/2020\\\/05\\\/CRISTIAN-SANTIAGO-COBO-VILLAGOMEZ.jpg\",\"keywords\":[\"covid19\"],\"articleSection\":[\"Acad\u00e9mico\",\"Artes Sonoras\",\"Estudiantes\"],\"inLanguage\":\"en-US\"},{\"@type\":[\"WebPage\",\"ItemPage\"],\"@id\":\"https:\\\/\\\/www.uartes.edu.ec\\\/sitio\\\/en\\\/blog\\\/2020\\\/05\\\/14\\\/cristian-cobo-investigo-la-incidencia-de-texto-y-musica-en-el-proceso-compositivo\\\/\",\"url\":\"https:\\\/\\\/www.uartes.edu.ec\\\/sitio\\\/en\\\/blog\\\/2020\\\/05\\\/14\\\/cristian-cobo-investigo-la-incidencia-de-texto-y-musica-en-el-proceso-compositivo\\\/\",\"name\":\"Universidad de las Artes - Cristian Cobo investig\u00f3 la incidencia de texto y m\u00fasica en el proceso compositivo\",\"isPartOf\":{\"@id\":\"https:\\\/\\\/www.uartes.edu.ec\\\/sitio\\\/en\\\/#website\"},\"primaryImageOfPage\":{\"@id\":\"https:\\\/\\\/www.uartes.edu.ec\\\/sitio\\\/en\\\/blog\\\/2020\\\/05\\\/14\\\/cristian-cobo-investigo-la-incidencia-de-texto-y-musica-en-el-proceso-compositivo\\\/#primaryimage\"},\"image\":{\"@id\":\"https:\\\/\\\/www.uartes.edu.ec\\\/sitio\\\/en\\\/blog\\\/2020\\\/05\\\/14\\\/cristian-cobo-investigo-la-incidencia-de-texto-y-musica-en-el-proceso-compositivo\\\/#primaryimage\"},\"thumbnailUrl\":\"https:\\\/\\\/www.uartes.edu.ec\\\/sitio\\\/wp-content\\\/uploads\\\/2020\\\/05\\\/CRISTIAN-SANTIAGO-COBO-VILLAGOMEZ.jpg\",\"datePublished\":\"2020-05-14T13:50:38+00:00\",\"dateModified\":\"2024-07-04T16:43:11+00:00\",\"description\":\"Universidad de las Artes - Cristian Cobo investig\u00f3 la incidencia de texto y m\u00fasica en el proceso compositivo\",\"breadcrumb\":{\"@id\":\"https:\\\/\\\/www.uartes.edu.ec\\\/sitio\\\/en\\\/blog\\\/2020\\\/05\\\/14\\\/cristian-cobo-investigo-la-incidencia-de-texto-y-musica-en-el-proceso-compositivo\\\/#breadcrumb\"},\"inLanguage\":\"en-US\",\"potentialAction\":[{\"@type\":\"ReadAction\",\"target\":[\"https:\\\/\\\/www.uartes.edu.ec\\\/sitio\\\/en\\\/blog\\\/2020\\\/05\\\/14\\\/cristian-cobo-investigo-la-incidencia-de-texto-y-musica-en-el-proceso-compositivo\\\/\"]}]},{\"@type\":\"ImageObject\",\"inLanguage\":\"en-US\",\"@id\":\"https:\\\/\\\/www.uartes.edu.ec\\\/sitio\\\/en\\\/blog\\\/2020\\\/05\\\/14\\\/cristian-cobo-investigo-la-incidencia-de-texto-y-musica-en-el-proceso-compositivo\\\/#primaryimage\",\"url\":\"https:\\\/\\\/www.uartes.edu.ec\\\/sitio\\\/wp-content\\\/uploads\\\/2020\\\/05\\\/CRISTIAN-SANTIAGO-COBO-VILLAGOMEZ.jpg\",\"contentUrl\":\"https:\\\/\\\/www.uartes.edu.ec\\\/sitio\\\/wp-content\\\/uploads\\\/2020\\\/05\\\/CRISTIAN-SANTIAGO-COBO-VILLAGOMEZ.jpg\",\"width\":1280,\"height\":854},{\"@type\":\"BreadcrumbList\",\"@id\":\"https:\\\/\\\/www.uartes.edu.ec\\\/sitio\\\/en\\\/blog\\\/2020\\\/05\\\/14\\\/cristian-cobo-investigo-la-incidencia-de-texto-y-musica-en-el-proceso-compositivo\\\/#breadcrumb\",\"itemListElement\":[{\"@type\":\"ListItem\",\"position\":1,\"name\":\"Inicio\",\"item\":\"https:\\\/\\\/www.uartes.edu.ec\\\/sitio\\\/\"},{\"@type\":\"ListItem\",\"position\":2,\"name\":\"Cristian Cobo investig\u00f3 la incidencia de texto y m\u00fasica en el proceso compositivo\"}]},{\"@type\":\"WebSite\",\"@id\":\"https:\\\/\\\/www.uartes.edu.ec\\\/sitio\\\/en\\\/#website\",\"url\":\"https:\\\/\\\/www.uartes.edu.ec\\\/sitio\\\/en\\\/\",\"name\":\"Universidad de las Artes\",\"description\":\"Sitio oficial de la Universidad Nacional de las Artes del Ecuador\",\"publisher\":{\"@id\":\"https:\\\/\\\/www.uartes.edu.ec\\\/sitio\\\/en\\\/#organization\"},\"potentialAction\":[{\"@type\":\"SearchAction\",\"target\":{\"@type\":\"EntryPoint\",\"urlTemplate\":\"https:\\\/\\\/www.uartes.edu.ec\\\/sitio\\\/en\\\/?s={search_term_string}\"},\"query-input\":{\"@type\":\"PropertyValueSpecification\",\"valueRequired\":true,\"valueName\":\"search_term_string\"}}],\"inLanguage\":\"en-US\"},{\"@type\":\"Organization\",\"@id\":\"https:\\\/\\\/www.uartes.edu.ec\\\/sitio\\\/en\\\/#organization\",\"name\":\"Universidad de las Artes\",\"url\":\"https:\\\/\\\/www.uartes.edu.ec\\\/sitio\\\/en\\\/\",\"logo\":{\"@type\":\"ImageObject\",\"inLanguage\":\"en-US\",\"@id\":\"https:\\\/\\\/www.uartes.edu.ec\\\/sitio\\\/en\\\/#\\\/schema\\\/logo\\\/image\\\/\",\"url\":\"https:\\\/\\\/www.uartes.edu.ec\\\/sitio\\\/wp-content\\\/uploads\\\/2022\\\/07\\\/logo-ua-horizontal.png\",\"contentUrl\":\"https:\\\/\\\/www.uartes.edu.ec\\\/sitio\\\/wp-content\\\/uploads\\\/2022\\\/07\\\/logo-ua-horizontal.png\",\"width\":800,\"height\":276,\"caption\":\"Universidad de las Artes\"},\"image\":{\"@id\":\"https:\\\/\\\/www.uartes.edu.ec\\\/sitio\\\/en\\\/#\\\/schema\\\/logo\\\/image\\\/\"},\"sameAs\":[\"https:\\\/\\\/www.facebook.com\\\/uartesec\",\"https:\\\/\\\/x.com\\\/uartesec\",\"https:\\\/\\\/www.tiktok.com\\\/@uartesec\"]},{\"@type\":\"Person\",\"@id\":\"https:\\\/\\\/www.uartes.edu.ec\\\/sitio\\\/en\\\/#\\\/schema\\\/person\\\/f33f8c1d2af0d5c80a38c8abf458184a\",\"name\":\"Universidad de las Artes\",\"image\":{\"@type\":\"ImageObject\",\"inLanguage\":\"en-US\",\"@id\":\"https:\\\/\\\/secure.gravatar.com\\\/avatar\\\/52e4757902f5cfa5ac52d020e5be83cae5487519154b6c35482fe08d589f3c13?s=96&d=mm&r=g\",\"url\":\"https:\\\/\\\/secure.gravatar.com\\\/avatar\\\/52e4757902f5cfa5ac52d020e5be83cae5487519154b6c35482fe08d589f3c13?s=96&d=mm&r=g\",\"contentUrl\":\"https:\\\/\\\/secure.gravatar.com\\\/avatar\\\/52e4757902f5cfa5ac52d020e5be83cae5487519154b6c35482fe08d589f3c13?s=96&d=mm&r=g\",\"caption\":\"Universidad de las Artes\"},\"url\":\"https:\\\/\\\/www.uartes.edu.ec\\\/sitio\\\/en\\\/blog\\\/author\\\/dircomadm\\\/\"}]}<\/script>\n<!-- \/ Yoast SEO plugin. -->","yoast_head_json":{"title":"Universidad de las Artes - Cristian Cobo investig\u00f3 la incidencia de texto y m\u00fasica en el proceso compositivo","description":"Universidad de las Artes - Cristian Cobo investig\u00f3 la incidencia de texto y m\u00fasica en el proceso compositivo","robots":{"index":"index","follow":"follow","max-snippet":"max-snippet:-1","max-image-preview":"max-image-preview:large","max-video-preview":"max-video-preview:-1"},"canonical":"https:\/\/www.uartes.edu.ec\/sitio\/en\/blog\/2020\/05\/14\/cristian-cobo-investigo-la-incidencia-de-texto-y-musica-en-el-proceso-compositivo\/","og_locale":"en_US","og_type":"article","og_title":"Universidad de las Artes - Cristian Cobo investig\u00f3 la incidencia de texto y m\u00fasica en el proceso compositivo","og_description":"Universidad de las Artes - Cristian Cobo investig\u00f3 la incidencia de texto y m\u00fasica en el proceso compositivo","og_url":"https:\/\/www.uartes.edu.ec\/sitio\/en\/blog\/2020\/05\/14\/cristian-cobo-investigo-la-incidencia-de-texto-y-musica-en-el-proceso-compositivo\/","og_site_name":"Universidad de las Artes","article_publisher":"https:\/\/www.facebook.com\/uartesec","article_published_time":"2020-05-14T13:50:38+00:00","article_modified_time":"2024-07-04T16:43:11+00:00","og_image":[{"width":1280,"height":854,"url":"https:\/\/www.uartes.edu.ec\/sitio\/wp-content\/uploads\/2020\/05\/CRISTIAN-SANTIAGO-COBO-VILLAGOMEZ.jpg","type":"image\/jpeg"}],"author":"Universidad de las Artes","twitter_card":"summary_large_image","twitter_creator":"@uartesec","twitter_site":"@uartesec","twitter_misc":{"Written by":"Universidad de las Artes","Est. reading time":"3 minutes"},"schema":{"@context":"https:\/\/schema.org","@graph":[{"@type":"Article","@id":"https:\/\/www.uartes.edu.ec\/sitio\/en\/blog\/2020\/05\/14\/cristian-cobo-investigo-la-incidencia-de-texto-y-musica-en-el-proceso-compositivo\/#article","isPartOf":{"@id":"https:\/\/www.uartes.edu.ec\/sitio\/en\/blog\/2020\/05\/14\/cristian-cobo-investigo-la-incidencia-de-texto-y-musica-en-el-proceso-compositivo\/"},"author":{"name":"Universidad de las Artes","@id":"https:\/\/www.uartes.edu.ec\/sitio\/en\/#\/schema\/person\/f33f8c1d2af0d5c80a38c8abf458184a"},"headline":"Cristian Cobo investig\u00f3 la incidencia de texto y m\u00fasica en el proceso compositivo","datePublished":"2020-05-14T13:50:38+00:00","dateModified":"2024-07-04T16:43:11+00:00","mainEntityOfPage":{"@id":"https:\/\/www.uartes.edu.ec\/sitio\/en\/blog\/2020\/05\/14\/cristian-cobo-investigo-la-incidencia-de-texto-y-musica-en-el-proceso-compositivo\/"},"wordCount":594,"publisher":{"@id":"https:\/\/www.uartes.edu.ec\/sitio\/en\/#organization"},"image":{"@id":"https:\/\/www.uartes.edu.ec\/sitio\/en\/blog\/2020\/05\/14\/cristian-cobo-investigo-la-incidencia-de-texto-y-musica-en-el-proceso-compositivo\/#primaryimage"},"thumbnailUrl":"https:\/\/www.uartes.edu.ec\/sitio\/wp-content\/uploads\/2020\/05\/CRISTIAN-SANTIAGO-COBO-VILLAGOMEZ.jpg","keywords":["covid19"],"articleSection":["Acad\u00e9mico","Artes Sonoras","Estudiantes"],"inLanguage":"en-US"},{"@type":["WebPage","ItemPage"],"@id":"https:\/\/www.uartes.edu.ec\/sitio\/en\/blog\/2020\/05\/14\/cristian-cobo-investigo-la-incidencia-de-texto-y-musica-en-el-proceso-compositivo\/","url":"https:\/\/www.uartes.edu.ec\/sitio\/en\/blog\/2020\/05\/14\/cristian-cobo-investigo-la-incidencia-de-texto-y-musica-en-el-proceso-compositivo\/","name":"Universidad de las Artes - Cristian Cobo investig\u00f3 la incidencia de texto y m\u00fasica en el proceso compositivo","isPartOf":{"@id":"https:\/\/www.uartes.edu.ec\/sitio\/en\/#website"},"primaryImageOfPage":{"@id":"https:\/\/www.uartes.edu.ec\/sitio\/en\/blog\/2020\/05\/14\/cristian-cobo-investigo-la-incidencia-de-texto-y-musica-en-el-proceso-compositivo\/#primaryimage"},"image":{"@id":"https:\/\/www.uartes.edu.ec\/sitio\/en\/blog\/2020\/05\/14\/cristian-cobo-investigo-la-incidencia-de-texto-y-musica-en-el-proceso-compositivo\/#primaryimage"},"thumbnailUrl":"https:\/\/www.uartes.edu.ec\/sitio\/wp-content\/uploads\/2020\/05\/CRISTIAN-SANTIAGO-COBO-VILLAGOMEZ.jpg","datePublished":"2020-05-14T13:50:38+00:00","dateModified":"2024-07-04T16:43:11+00:00","description":"Universidad de las Artes - Cristian Cobo investig\u00f3 la incidencia de texto y m\u00fasica en el proceso compositivo","breadcrumb":{"@id":"https:\/\/www.uartes.edu.ec\/sitio\/en\/blog\/2020\/05\/14\/cristian-cobo-investigo-la-incidencia-de-texto-y-musica-en-el-proceso-compositivo\/#breadcrumb"},"inLanguage":"en-US","potentialAction":[{"@type":"ReadAction","target":["https:\/\/www.uartes.edu.ec\/sitio\/en\/blog\/2020\/05\/14\/cristian-cobo-investigo-la-incidencia-de-texto-y-musica-en-el-proceso-compositivo\/"]}]},{"@type":"ImageObject","inLanguage":"en-US","@id":"https:\/\/www.uartes.edu.ec\/sitio\/en\/blog\/2020\/05\/14\/cristian-cobo-investigo-la-incidencia-de-texto-y-musica-en-el-proceso-compositivo\/#primaryimage","url":"https:\/\/www.uartes.edu.ec\/sitio\/wp-content\/uploads\/2020\/05\/CRISTIAN-SANTIAGO-COBO-VILLAGOMEZ.jpg","contentUrl":"https:\/\/www.uartes.edu.ec\/sitio\/wp-content\/uploads\/2020\/05\/CRISTIAN-SANTIAGO-COBO-VILLAGOMEZ.jpg","width":1280,"height":854},{"@type":"BreadcrumbList","@id":"https:\/\/www.uartes.edu.ec\/sitio\/en\/blog\/2020\/05\/14\/cristian-cobo-investigo-la-incidencia-de-texto-y-musica-en-el-proceso-compositivo\/#breadcrumb","itemListElement":[{"@type":"ListItem","position":1,"name":"Inicio","item":"https:\/\/www.uartes.edu.ec\/sitio\/"},{"@type":"ListItem","position":2,"name":"Cristian Cobo investig\u00f3 la incidencia de texto y m\u00fasica en el proceso compositivo"}]},{"@type":"WebSite","@id":"https:\/\/www.uartes.edu.ec\/sitio\/en\/#website","url":"https:\/\/www.uartes.edu.ec\/sitio\/en\/","name":"Universidad de las Artes","description":"Sitio oficial de la Universidad Nacional de las Artes del Ecuador","publisher":{"@id":"https:\/\/www.uartes.edu.ec\/sitio\/en\/#organization"},"potentialAction":[{"@type":"SearchAction","target":{"@type":"EntryPoint","urlTemplate":"https:\/\/www.uartes.edu.ec\/sitio\/en\/?s={search_term_string}"},"query-input":{"@type":"PropertyValueSpecification","valueRequired":true,"valueName":"search_term_string"}}],"inLanguage":"en-US"},{"@type":"Organization","@id":"https:\/\/www.uartes.edu.ec\/sitio\/en\/#organization","name":"Universidad de las Artes","url":"https:\/\/www.uartes.edu.ec\/sitio\/en\/","logo":{"@type":"ImageObject","inLanguage":"en-US","@id":"https:\/\/www.uartes.edu.ec\/sitio\/en\/#\/schema\/logo\/image\/","url":"https:\/\/www.uartes.edu.ec\/sitio\/wp-content\/uploads\/2022\/07\/logo-ua-horizontal.png","contentUrl":"https:\/\/www.uartes.edu.ec\/sitio\/wp-content\/uploads\/2022\/07\/logo-ua-horizontal.png","width":800,"height":276,"caption":"Universidad de las Artes"},"image":{"@id":"https:\/\/www.uartes.edu.ec\/sitio\/en\/#\/schema\/logo\/image\/"},"sameAs":["https:\/\/www.facebook.com\/uartesec","https:\/\/x.com\/uartesec","https:\/\/www.tiktok.com\/@uartesec"]},{"@type":"Person","@id":"https:\/\/www.uartes.edu.ec\/sitio\/en\/#\/schema\/person\/f33f8c1d2af0d5c80a38c8abf458184a","name":"Universidad de las Artes","image":{"@type":"ImageObject","inLanguage":"en-US","@id":"https:\/\/secure.gravatar.com\/avatar\/52e4757902f5cfa5ac52d020e5be83cae5487519154b6c35482fe08d589f3c13?s=96&d=mm&r=g","url":"https:\/\/secure.gravatar.com\/avatar\/52e4757902f5cfa5ac52d020e5be83cae5487519154b6c35482fe08d589f3c13?s=96&d=mm&r=g","contentUrl":"https:\/\/secure.gravatar.com\/avatar\/52e4757902f5cfa5ac52d020e5be83cae5487519154b6c35482fe08d589f3c13?s=96&d=mm&r=g","caption":"Universidad de las Artes"},"url":"https:\/\/www.uartes.edu.ec\/sitio\/en\/blog\/author\/dircomadm\/"}]}},"uagb_featured_image_src":{"full":["https:\/\/www.uartes.edu.ec\/sitio\/wp-content\/uploads\/2020\/05\/CRISTIAN-SANTIAGO-COBO-VILLAGOMEZ.jpg",1280,854,false],"thumbnail":["https:\/\/www.uartes.edu.ec\/sitio\/wp-content\/uploads\/2020\/05\/CRISTIAN-SANTIAGO-COBO-VILLAGOMEZ-150x150.jpg",150,150,true],"medium":["https:\/\/www.uartes.edu.ec\/sitio\/wp-content\/uploads\/2020\/05\/CRISTIAN-SANTIAGO-COBO-VILLAGOMEZ-300x200.jpg",300,200,true],"medium_large":["https:\/\/www.uartes.edu.ec\/sitio\/wp-content\/uploads\/2020\/05\/CRISTIAN-SANTIAGO-COBO-VILLAGOMEZ-768x512.jpg",768,512,true],"large":["https:\/\/www.uartes.edu.ec\/sitio\/wp-content\/uploads\/2020\/05\/CRISTIAN-SANTIAGO-COBO-VILLAGOMEZ-644x430.jpg",644,430,true],"1536x1536":["https:\/\/www.uartes.edu.ec\/sitio\/wp-content\/uploads\/2020\/05\/CRISTIAN-SANTIAGO-COBO-VILLAGOMEZ.jpg",1280,854,false],"2048x2048":["https:\/\/www.uartes.edu.ec\/sitio\/wp-content\/uploads\/2020\/05\/CRISTIAN-SANTIAGO-COBO-VILLAGOMEZ.jpg",1280,854,false],"trp-custom-language-flag":["https:\/\/www.uartes.edu.ec\/sitio\/wp-content\/uploads\/2020\/05\/CRISTIAN-SANTIAGO-COBO-VILLAGOMEZ.jpg",18,12,false],"htmega_size_585x295":["https:\/\/www.uartes.edu.ec\/sitio\/wp-content\/uploads\/2020\/05\/CRISTIAN-SANTIAGO-COBO-VILLAGOMEZ.jpg",442,295,false],"htmega_size_1170x536":["https:\/\/www.uartes.edu.ec\/sitio\/wp-content\/uploads\/2020\/05\/CRISTIAN-SANTIAGO-COBO-VILLAGOMEZ.jpg",803,536,false],"htmega_size_396x360":["https:\/\/www.uartes.edu.ec\/sitio\/wp-content\/uploads\/2020\/05\/CRISTIAN-SANTIAGO-COBO-VILLAGOMEZ.jpg",396,264,false],"gb-block-post-grid-landscape":["https:\/\/www.uartes.edu.ec\/sitio\/wp-content\/uploads\/2020\/05\/CRISTIAN-SANTIAGO-COBO-VILLAGOMEZ.jpg",600,400,false],"gb-block-post-grid-square":["https:\/\/www.uartes.edu.ec\/sitio\/wp-content\/uploads\/2020\/05\/CRISTIAN-SANTIAGO-COBO-VILLAGOMEZ.jpg",600,400,false],"university-hub-thumb":["https:\/\/www.uartes.edu.ec\/sitio\/wp-content\/uploads\/2020\/05\/CRISTIAN-SANTIAGO-COBO-VILLAGOMEZ-400x267.jpg",400,267,true]},"uagb_author_info":{"display_name":"Universidad de las Artes","author_link":"https:\/\/www.uartes.edu.ec\/sitio\/en\/blog\/author\/dircomadm\/"},"uagb_comment_info":0,"uagb_excerpt":"El inter\u00e9s de replantearse c\u00f3mo funciona el proceso de composici\u00f3n de una canci\u00f3n, la mezcla de m\u00fasica y texto, su complementariedad, llevaron a Cristian Santiago Cobo Villag\u00f3mez, estudiante de la Escuela de Artes Sonoras, a desarrollar la investigaci\u00f3n \u201cComposici\u00f3n y arreglos de canciones donde se pueda percibir la incidencia que cumple la m\u00fasica en la&hellip;","featured_image_src":"https:\/\/www.uartes.edu.ec\/sitio\/wp-content\/uploads\/2020\/05\/CRISTIAN-SANTIAGO-COBO-VILLAGOMEZ.jpg","featured_image_src_square":"https:\/\/www.uartes.edu.ec\/sitio\/wp-content\/uploads\/2020\/05\/CRISTIAN-SANTIAGO-COBO-VILLAGOMEZ.jpg","author_info":{"display_name":"Universidad de las Artes","author_link":"https:\/\/www.uartes.edu.ec\/sitio\/en\/blog\/author\/dircomadm\/"},"publishpress_future_workflow_manual_trigger":{"enabledWorkflows":[]},"distributor_meta":false,"distributor_terms":false,"distributor_media":false,"distributor_original_site_name":"Universidad de las Artes","distributor_original_site_url":"https:\/\/www.uartes.edu.ec\/sitio\/en","push-errors":false,"_links":{"self":[{"href":"https:\/\/www.uartes.edu.ec\/sitio\/en\/wp-json\/wp\/v2\/posts\/6979","targetHints":{"allow":["GET"]}}],"collection":[{"href":"https:\/\/www.uartes.edu.ec\/sitio\/en\/wp-json\/wp\/v2\/posts"}],"about":[{"href":"https:\/\/www.uartes.edu.ec\/sitio\/en\/wp-json\/wp\/v2\/types\/post"}],"author":[{"embeddable":true,"href":"https:\/\/www.uartes.edu.ec\/sitio\/en\/wp-json\/wp\/v2\/users\/1"}],"replies":[{"embeddable":true,"href":"https:\/\/www.uartes.edu.ec\/sitio\/en\/wp-json\/wp\/v2\/comments?post=6979"}],"version-history":[{"count":1,"href":"https:\/\/www.uartes.edu.ec\/sitio\/en\/wp-json\/wp\/v2\/posts\/6979\/revisions"}],"predecessor-version":[{"id":6981,"href":"https:\/\/www.uartes.edu.ec\/sitio\/en\/wp-json\/wp\/v2\/posts\/6979\/revisions\/6981"}],"wp:featuredmedia":[{"embeddable":true,"href":"https:\/\/www.uartes.edu.ec\/sitio\/en\/wp-json\/wp\/v2\/media\/6980"}],"wp:attachment":[{"href":"https:\/\/www.uartes.edu.ec\/sitio\/en\/wp-json\/wp\/v2\/media?parent=6979"}],"wp:term":[{"taxonomy":"category","embeddable":true,"href":"https:\/\/www.uartes.edu.ec\/sitio\/en\/wp-json\/wp\/v2\/categories?post=6979"},{"taxonomy":"post_tag","embeddable":true,"href":"https:\/\/www.uartes.edu.ec\/sitio\/en\/wp-json\/wp\/v2\/tags?post=6979"},{"taxonomy":"infouartes","embeddable":true,"href":"https:\/\/www.uartes.edu.ec\/sitio\/en\/wp-json\/wp\/v2\/infouartes?post=6979"}],"curies":[{"name":"wp","href":"https:\/\/api.w.org\/{rel}","templated":true}]}}