{"id":6982,"date":"2020-05-14T08:55:38","date_gmt":"2020-05-14T13:55:38","guid":{"rendered":"http:\/\/www.uartes.edu.ec\/sitio\/?p=6982"},"modified":"2024-07-04T11:43:11","modified_gmt":"2024-07-04T16:43:11","slug":"rafael-mendez-meneses-presenta-jessica-cortometraje-que-explora-y-crea-conciencia","status":"publish","type":"post","link":"https:\/\/www.uartes.edu.ec\/sitio\/en\/blog\/2020\/05\/14\/rafael-mendez-meneses-presenta-jessica-cortometraje-que-explora-y-crea-conciencia\/","title":{"rendered":"Rafael M\u00e9ndez Meneses presenta \u201cJ\u00e9ssica\u201d,  cortometraje que explora y crea conciencia"},"content":{"rendered":"<p>Para su trabajo final de tesis, Rafael Eduardo M\u00e9ndez Meneses, estudiante de la Escuela de Cine, present\u00f3 el proyecto de direcci\u00f3n del cortometraje <em>J\u00e9ssica,<\/em> \u201cun retrato documental observacional en que se explora la capacidad de reinvenci\u00f3n del personaje y el uso del cine observacional para profundizar en tem\u00e1ticas que han dejado de ser medi\u00e1ticas y crear conciencia en temas como la violencia de g\u00e9nero\u201d.<\/p>\n\n\n\n<p>Lo sustent\u00f3 v\u00eda videoconferencia el 16 de abril y de las razones por las cuales lo propuso, el ahora egresado de la Universidad de las Artes revela que es un tema cuya urgencia se mantiene vigente, \u201cme interpela y me convoca como cineasta y como ser humano\u201d.<\/p>\n\n\n\n<p>Desarrollarlo le tom\u00f3 aproximadamente a\u00f1o y medio y entre los recursos que utiliz\u00f3 menciona: \u201cDe la Universidad de las Artes, un premio de $450, las cabinas para la edici\u00f3n de sonido y montaje y tutor\u00edas. Adem\u00e1s, la participaci\u00f3n de estudiantes que hicieron sonido directo, montaje y edici\u00f3n de sonido. De TibuFilms, transporte, gastos de oficina y alimentaci\u00f3n durante el desarrollo, la preproducci\u00f3n, producci\u00f3n y posproducci\u00f3n. De Wilgar, descuento en alquiler de lentes y equipo de iluminaci\u00f3n y fotograf\u00eda. De WaveSound, equipo para hacer sonido directo y sonidista. De AshtarakFilms, c\u00e1mara y directora de fotograf\u00eda. De restaurante El Poly y Picanter\u00eda La Culata, alimentaci\u00f3n durante desarrollo, pre y posproducci\u00f3n. De personal del GAD Daule, auspicio para financiar alimentaci\u00f3n, estad\u00eda y gastos generales durante rodaje. El GAD Daule autoriz\u00f3 el rodaje en sus instalaciones\u201d.<\/p>\n\n\n\n<p>En cuanto a la sustentaci\u00f3n de su tesis en modalidad virtual, Rafael M\u00e9ndez indica no haber tenido alteraciones en la presentaci\u00f3n, pero s\u00ed por otros factores. \u201cEn la misma semana en que ten\u00eda que defender mi tesis hubo una persecuci\u00f3n pol\u00edtica en mi contra y trataron ilegalmente de hacerme asistir a una unidad judicial con base en una campa\u00f1a de difamaciones que ten\u00eda como objetivo provocar el cierre de mis redes sociales. Esa situaci\u00f3n me quit\u00f3 tiempo valioso\u201d.<\/p>\n\n\n\n<p>Para la presentaci\u00f3n de su proyecto de direcci\u00f3n del cortometraje <em>J\u00e9ssica,<\/em> Rafael M\u00e9ndez realiz\u00f3 su proyecci\u00f3n v\u00eda Internet, lo cual podr\u00eda afectar el ciclo de festivales del documental. \u201cAl realizarse la proyecci\u00f3n en l\u00ednea no hubo las condiciones para el feedback\u201d.<\/p>\n\n\n\n<p>De su trabajo final admite que el sonido a\u00fan debe trabajarse para el ciclo de festivales. \u201cEl jurado de tesis me sugiri\u00f3 mostrar el documental a otros docentes para pulir un poco m\u00e1s el montaje\u201d. De lo que vendr\u00e1 despu\u00e9s, Rafael M\u00e9ndez revela que tras los \u00faltimos ajustes que haga a <em>J\u00e9ssica<\/em> llevar\u00e1 su trabajo a festivales, lo cual ser\u00e1 en 2021. \u201cEspero cerrar el contrato con el ICCA por el premio que gan\u00e9 en 2018 por el guion de <em>La vida secreta de las Rosas<\/em> y alcanzar a la convocatoria de fondos concursables en escritura de guion 2020, que culmina el 29 de mayo. Mi proyecto es una ficci\u00f3n que empec\u00e9 a escribir hace un a\u00f1o y est\u00e1 basada en un relato que escrib\u00ed hace dos a\u00f1os y explora la reacci\u00f3n de la sociedad ante la violencia mediatizada\u201d.<\/p>\n\n\n\n<div class=\"wp-block-image\"><figure class=\"aligncenter size-large\"><img fetchpriority=\"high\" decoding=\"async\" width=\"644\" height=\"429\" src=\"http:\/\/www.uartes.edu.ec\/sitio\/wp-content\/uploads\/2020\/05\/Estudiante32-644x429.jpg\" alt=\"\" class=\"wp-image-6984\" srcset=\"https:\/\/www.uartes.edu.ec\/sitio\/wp-content\/uploads\/2020\/05\/Estudiante32-644x429.jpg 644w, https:\/\/www.uartes.edu.ec\/sitio\/wp-content\/uploads\/2020\/05\/Estudiante32-300x200.jpg 300w, https:\/\/www.uartes.edu.ec\/sitio\/wp-content\/uploads\/2020\/05\/Estudiante32-600x400.jpg 600w, https:\/\/www.uartes.edu.ec\/sitio\/wp-content\/uploads\/2020\/05\/Estudiante32-400x267.jpg 400w, https:\/\/www.uartes.edu.ec\/sitio\/wp-content\/uploads\/2020\/05\/Estudiante32-272x182.jpg 272w, https:\/\/www.uartes.edu.ec\/sitio\/wp-content\/uploads\/2020\/05\/Estudiante32.jpg 684w\" sizes=\"(max-width: 644px) 100vw, 644px\" \/><\/figure><\/div>\n\n\n\n<p>Agrega que actualmente trabaja en el documental <em>El Poly<\/em>, que cuenta la historia de una familia que tuvo que cerrar su restaurante por la crisis econ\u00f3mica y por el coronavirus. \u201cEspero que este proyecto est\u00e9 listo para participar en los fondos concursables de posproducci\u00f3n\u201d. Pendiente tiene, adem\u00e1s, un documental sobre las protestas de octubre de 2019, el cual qued\u00f3 en etapa de montaje y edici\u00f3n de sonido. \u201cEstoy esbozando relatos para complementar mi primer libro sobre ese tema y pendiente est\u00e1 la impresi\u00f3n de la cuarta edici\u00f3n de mi poemario selecci\u00f3n natural y varios proyectos documentales y ficciones en etapa de investigaci\u00f3n y preescritura\u201d. En cuanto a estudios, Rafael M\u00e9ndez cuenta con una beca completa en la maestr\u00eda de Escritura Creativa de la Universidad de las Artes, que se pospuso para el pr\u00f3ximo semestre.<\/p>","protected":false},"excerpt":{"rendered":"<p>Para su trabajo final de tesis, Rafael Eduardo M\u00e9ndez Meneses, estudiante de la Escuela de Cine, present\u00f3 el proyecto de direcci\u00f3n del cortometraje J\u00e9ssica, \u201cun retrato documental observacional en que se explora la capacidad de reinvenci\u00f3n del personaje y el uso del cine observacional para profundizar en tem\u00e1ticas que han dejado de ser medi\u00e1ticas y crear conciencia en temas como la violencia de g\u00e9nero\u201d.<\/p>","protected":false},"author":1,"featured_media":6983,"comment_status":"closed","ping_status":"closed","sticky":false,"template":"","format":"standard","meta":{"_acf_changed":false,"_uag_custom_page_level_css":"","_monsterinsights_skip_tracking":false,"_monsterinsights_sitenote_active":false,"_monsterinsights_sitenote_note":"","_monsterinsights_sitenote_category":0,"cybocfi_hide_featured_image":"","footnotes":""},"categories":[80,147,76],"tags":[211],"infouartes":[],"class_list":["post-6982","post","type-post","status-publish","format-standard","has-post-thumbnail","hentry","category-academico","category-cine","category-estudiantes","tag-covid19"],"acf":[],"yoast_head":"<!-- This site is optimized with the Yoast SEO plugin v27.4 - https:\/\/yoast.com\/product\/yoast-seo-wordpress\/ -->\n<title>Universidad de las Artes - Rafael M\u00e9ndez Meneses presenta \u201cJ\u00e9ssica\u201d, cortometraje que explora y crea conciencia<\/title>\n<meta name=\"description\" content=\"Universidad de las Artes - Rafael M\u00e9ndez Meneses presenta \u201cJ\u00e9ssica\u201d, cortometraje que explora y crea conciencia\" \/>\n<meta name=\"robots\" content=\"index, follow, max-snippet:-1, max-image-preview:large, max-video-preview:-1\" \/>\n<link rel=\"canonical\" href=\"https:\/\/www.uartes.edu.ec\/sitio\/en\/blog\/2020\/05\/14\/rafael-mendez-meneses-presenta-jessica-cortometraje-que-explora-y-crea-conciencia\/\" \/>\n<meta property=\"og:locale\" content=\"en_US\" \/>\n<meta property=\"og:type\" content=\"article\" \/>\n<meta property=\"og:title\" content=\"Universidad de las Artes - Rafael M\u00e9ndez Meneses presenta \u201cJ\u00e9ssica\u201d, cortometraje que explora y crea conciencia\" \/>\n<meta property=\"og:description\" content=\"Universidad de las Artes - Rafael M\u00e9ndez Meneses presenta \u201cJ\u00e9ssica\u201d, cortometraje que explora y crea conciencia\" \/>\n<meta property=\"og:url\" content=\"https:\/\/www.uartes.edu.ec\/sitio\/en\/blog\/2020\/05\/14\/rafael-mendez-meneses-presenta-jessica-cortometraje-que-explora-y-crea-conciencia\/\" \/>\n<meta property=\"og:site_name\" content=\"Universidad de las Artes\" \/>\n<meta property=\"article:publisher\" content=\"https:\/\/www.facebook.com\/uartesec\" \/>\n<meta property=\"article:published_time\" content=\"2020-05-14T13:55:38+00:00\" \/>\n<meta property=\"article:modified_time\" content=\"2024-07-04T16:43:11+00:00\" \/>\n<meta property=\"og:image\" content=\"https:\/\/www.uartes.edu.ec\/sitio\/wp-content\/uploads\/2020\/05\/Estudiante32_.jpg\" \/>\n\t<meta property=\"og:image:width\" content=\"1043\" \/>\n\t<meta property=\"og:image:height\" content=\"696\" \/>\n\t<meta property=\"og:image:type\" content=\"image\/jpeg\" \/>\n<meta name=\"author\" content=\"Universidad de las Artes\" \/>\n<meta name=\"twitter:card\" content=\"summary_large_image\" \/>\n<meta name=\"twitter:creator\" content=\"@uartesec\" \/>\n<meta name=\"twitter:site\" content=\"@uartesec\" \/>\n<meta name=\"twitter:label1\" content=\"Written by\" \/>\n\t<meta name=\"twitter:data1\" content=\"Universidad de las Artes\" \/>\n\t<meta name=\"twitter:label2\" content=\"Est. reading time\" \/>\n\t<meta name=\"twitter:data2\" content=\"3 minutes\" \/>\n<script type=\"application\/ld+json\" class=\"yoast-schema-graph\">{\"@context\":\"https:\\\/\\\/schema.org\",\"@graph\":[{\"@type\":\"Article\",\"@id\":\"https:\\\/\\\/www.uartes.edu.ec\\\/sitio\\\/en\\\/blog\\\/2020\\\/05\\\/14\\\/rafael-mendez-meneses-presenta-jessica-cortometraje-que-explora-y-crea-conciencia\\\/#article\",\"isPartOf\":{\"@id\":\"https:\\\/\\\/www.uartes.edu.ec\\\/sitio\\\/en\\\/blog\\\/2020\\\/05\\\/14\\\/rafael-mendez-meneses-presenta-jessica-cortometraje-que-explora-y-crea-conciencia\\\/\"},\"author\":{\"name\":\"Universidad de las Artes\",\"@id\":\"https:\\\/\\\/www.uartes.edu.ec\\\/sitio\\\/en\\\/#\\\/schema\\\/person\\\/f33f8c1d2af0d5c80a38c8abf458184a\"},\"headline\":\"Rafael M\u00e9ndez Meneses presenta \u201cJ\u00e9ssica\u201d, cortometraje que explora y crea conciencia\",\"datePublished\":\"2020-05-14T13:55:38+00:00\",\"dateModified\":\"2024-07-04T16:43:11+00:00\",\"mainEntityOfPage\":{\"@id\":\"https:\\\/\\\/www.uartes.edu.ec\\\/sitio\\\/en\\\/blog\\\/2020\\\/05\\\/14\\\/rafael-mendez-meneses-presenta-jessica-cortometraje-que-explora-y-crea-conciencia\\\/\"},\"wordCount\":706,\"publisher\":{\"@id\":\"https:\\\/\\\/www.uartes.edu.ec\\\/sitio\\\/en\\\/#organization\"},\"image\":{\"@id\":\"https:\\\/\\\/www.uartes.edu.ec\\\/sitio\\\/en\\\/blog\\\/2020\\\/05\\\/14\\\/rafael-mendez-meneses-presenta-jessica-cortometraje-que-explora-y-crea-conciencia\\\/#primaryimage\"},\"thumbnailUrl\":\"https:\\\/\\\/www.uartes.edu.ec\\\/sitio\\\/wp-content\\\/uploads\\\/2020\\\/05\\\/Estudiante32_.jpg\",\"keywords\":[\"covid19\"],\"articleSection\":[\"Acad\u00e9mico\",\"Cine\",\"Estudiantes\"],\"inLanguage\":\"en-US\"},{\"@type\":[\"WebPage\",\"ItemPage\"],\"@id\":\"https:\\\/\\\/www.uartes.edu.ec\\\/sitio\\\/en\\\/blog\\\/2020\\\/05\\\/14\\\/rafael-mendez-meneses-presenta-jessica-cortometraje-que-explora-y-crea-conciencia\\\/\",\"url\":\"https:\\\/\\\/www.uartes.edu.ec\\\/sitio\\\/en\\\/blog\\\/2020\\\/05\\\/14\\\/rafael-mendez-meneses-presenta-jessica-cortometraje-que-explora-y-crea-conciencia\\\/\",\"name\":\"Universidad de las Artes - Rafael M\u00e9ndez Meneses presenta \u201cJ\u00e9ssica\u201d, cortometraje que explora y crea conciencia\",\"isPartOf\":{\"@id\":\"https:\\\/\\\/www.uartes.edu.ec\\\/sitio\\\/en\\\/#website\"},\"primaryImageOfPage\":{\"@id\":\"https:\\\/\\\/www.uartes.edu.ec\\\/sitio\\\/en\\\/blog\\\/2020\\\/05\\\/14\\\/rafael-mendez-meneses-presenta-jessica-cortometraje-que-explora-y-crea-conciencia\\\/#primaryimage\"},\"image\":{\"@id\":\"https:\\\/\\\/www.uartes.edu.ec\\\/sitio\\\/en\\\/blog\\\/2020\\\/05\\\/14\\\/rafael-mendez-meneses-presenta-jessica-cortometraje-que-explora-y-crea-conciencia\\\/#primaryimage\"},\"thumbnailUrl\":\"https:\\\/\\\/www.uartes.edu.ec\\\/sitio\\\/wp-content\\\/uploads\\\/2020\\\/05\\\/Estudiante32_.jpg\",\"datePublished\":\"2020-05-14T13:55:38+00:00\",\"dateModified\":\"2024-07-04T16:43:11+00:00\",\"description\":\"Universidad de las Artes - Rafael M\u00e9ndez Meneses presenta \u201cJ\u00e9ssica\u201d, cortometraje que explora y crea conciencia\",\"breadcrumb\":{\"@id\":\"https:\\\/\\\/www.uartes.edu.ec\\\/sitio\\\/en\\\/blog\\\/2020\\\/05\\\/14\\\/rafael-mendez-meneses-presenta-jessica-cortometraje-que-explora-y-crea-conciencia\\\/#breadcrumb\"},\"inLanguage\":\"en-US\",\"potentialAction\":[{\"@type\":\"ReadAction\",\"target\":[\"https:\\\/\\\/www.uartes.edu.ec\\\/sitio\\\/en\\\/blog\\\/2020\\\/05\\\/14\\\/rafael-mendez-meneses-presenta-jessica-cortometraje-que-explora-y-crea-conciencia\\\/\"]}]},{\"@type\":\"ImageObject\",\"inLanguage\":\"en-US\",\"@id\":\"https:\\\/\\\/www.uartes.edu.ec\\\/sitio\\\/en\\\/blog\\\/2020\\\/05\\\/14\\\/rafael-mendez-meneses-presenta-jessica-cortometraje-que-explora-y-crea-conciencia\\\/#primaryimage\",\"url\":\"https:\\\/\\\/www.uartes.edu.ec\\\/sitio\\\/wp-content\\\/uploads\\\/2020\\\/05\\\/Estudiante32_.jpg\",\"contentUrl\":\"https:\\\/\\\/www.uartes.edu.ec\\\/sitio\\\/wp-content\\\/uploads\\\/2020\\\/05\\\/Estudiante32_.jpg\",\"width\":1043,\"height\":696},{\"@type\":\"BreadcrumbList\",\"@id\":\"https:\\\/\\\/www.uartes.edu.ec\\\/sitio\\\/en\\\/blog\\\/2020\\\/05\\\/14\\\/rafael-mendez-meneses-presenta-jessica-cortometraje-que-explora-y-crea-conciencia\\\/#breadcrumb\",\"itemListElement\":[{\"@type\":\"ListItem\",\"position\":1,\"name\":\"Inicio\",\"item\":\"https:\\\/\\\/www.uartes.edu.ec\\\/sitio\\\/\"},{\"@type\":\"ListItem\",\"position\":2,\"name\":\"Rafael M\u00e9ndez Meneses presenta \u201cJ\u00e9ssica\u201d, cortometraje que explora y crea conciencia\"}]},{\"@type\":\"WebSite\",\"@id\":\"https:\\\/\\\/www.uartes.edu.ec\\\/sitio\\\/en\\\/#website\",\"url\":\"https:\\\/\\\/www.uartes.edu.ec\\\/sitio\\\/en\\\/\",\"name\":\"Universidad de las Artes\",\"description\":\"Sitio oficial de la Universidad Nacional de las Artes del Ecuador\",\"publisher\":{\"@id\":\"https:\\\/\\\/www.uartes.edu.ec\\\/sitio\\\/en\\\/#organization\"},\"potentialAction\":[{\"@type\":\"SearchAction\",\"target\":{\"@type\":\"EntryPoint\",\"urlTemplate\":\"https:\\\/\\\/www.uartes.edu.ec\\\/sitio\\\/en\\\/?s={search_term_string}\"},\"query-input\":{\"@type\":\"PropertyValueSpecification\",\"valueRequired\":true,\"valueName\":\"search_term_string\"}}],\"inLanguage\":\"en-US\"},{\"@type\":\"Organization\",\"@id\":\"https:\\\/\\\/www.uartes.edu.ec\\\/sitio\\\/en\\\/#organization\",\"name\":\"Universidad de las Artes\",\"url\":\"https:\\\/\\\/www.uartes.edu.ec\\\/sitio\\\/en\\\/\",\"logo\":{\"@type\":\"ImageObject\",\"inLanguage\":\"en-US\",\"@id\":\"https:\\\/\\\/www.uartes.edu.ec\\\/sitio\\\/en\\\/#\\\/schema\\\/logo\\\/image\\\/\",\"url\":\"https:\\\/\\\/www.uartes.edu.ec\\\/sitio\\\/wp-content\\\/uploads\\\/2022\\\/07\\\/logo-ua-horizontal.png\",\"contentUrl\":\"https:\\\/\\\/www.uartes.edu.ec\\\/sitio\\\/wp-content\\\/uploads\\\/2022\\\/07\\\/logo-ua-horizontal.png\",\"width\":800,\"height\":276,\"caption\":\"Universidad de las Artes\"},\"image\":{\"@id\":\"https:\\\/\\\/www.uartes.edu.ec\\\/sitio\\\/en\\\/#\\\/schema\\\/logo\\\/image\\\/\"},\"sameAs\":[\"https:\\\/\\\/www.facebook.com\\\/uartesec\",\"https:\\\/\\\/x.com\\\/uartesec\",\"https:\\\/\\\/www.tiktok.com\\\/@uartesec\"]},{\"@type\":\"Person\",\"@id\":\"https:\\\/\\\/www.uartes.edu.ec\\\/sitio\\\/en\\\/#\\\/schema\\\/person\\\/f33f8c1d2af0d5c80a38c8abf458184a\",\"name\":\"Universidad de las Artes\",\"image\":{\"@type\":\"ImageObject\",\"inLanguage\":\"en-US\",\"@id\":\"https:\\\/\\\/secure.gravatar.com\\\/avatar\\\/52e4757902f5cfa5ac52d020e5be83cae5487519154b6c35482fe08d589f3c13?s=96&d=mm&r=g\",\"url\":\"https:\\\/\\\/secure.gravatar.com\\\/avatar\\\/52e4757902f5cfa5ac52d020e5be83cae5487519154b6c35482fe08d589f3c13?s=96&d=mm&r=g\",\"contentUrl\":\"https:\\\/\\\/secure.gravatar.com\\\/avatar\\\/52e4757902f5cfa5ac52d020e5be83cae5487519154b6c35482fe08d589f3c13?s=96&d=mm&r=g\",\"caption\":\"Universidad de las Artes\"},\"url\":\"https:\\\/\\\/www.uartes.edu.ec\\\/sitio\\\/en\\\/blog\\\/author\\\/dircomadm\\\/\"}]}<\/script>\n<!-- \/ Yoast SEO plugin. -->","yoast_head_json":{"title":"Universidad de las Artes - Rafael M\u00e9ndez Meneses presenta \u201cJ\u00e9ssica\u201d, cortometraje que explora y crea conciencia","description":"Universidad de las Artes - Rafael M\u00e9ndez Meneses presenta \u201cJ\u00e9ssica\u201d, cortometraje que explora y crea conciencia","robots":{"index":"index","follow":"follow","max-snippet":"max-snippet:-1","max-image-preview":"max-image-preview:large","max-video-preview":"max-video-preview:-1"},"canonical":"https:\/\/www.uartes.edu.ec\/sitio\/en\/blog\/2020\/05\/14\/rafael-mendez-meneses-presenta-jessica-cortometraje-que-explora-y-crea-conciencia\/","og_locale":"en_US","og_type":"article","og_title":"Universidad de las Artes - Rafael M\u00e9ndez Meneses presenta \u201cJ\u00e9ssica\u201d, cortometraje que explora y crea conciencia","og_description":"Universidad de las Artes - Rafael M\u00e9ndez Meneses presenta \u201cJ\u00e9ssica\u201d, cortometraje que explora y crea conciencia","og_url":"https:\/\/www.uartes.edu.ec\/sitio\/en\/blog\/2020\/05\/14\/rafael-mendez-meneses-presenta-jessica-cortometraje-que-explora-y-crea-conciencia\/","og_site_name":"Universidad de las Artes","article_publisher":"https:\/\/www.facebook.com\/uartesec","article_published_time":"2020-05-14T13:55:38+00:00","article_modified_time":"2024-07-04T16:43:11+00:00","og_image":[{"width":1043,"height":696,"url":"https:\/\/www.uartes.edu.ec\/sitio\/wp-content\/uploads\/2020\/05\/Estudiante32_.jpg","type":"image\/jpeg"}],"author":"Universidad de las Artes","twitter_card":"summary_large_image","twitter_creator":"@uartesec","twitter_site":"@uartesec","twitter_misc":{"Written by":"Universidad de las Artes","Est. reading time":"3 minutes"},"schema":{"@context":"https:\/\/schema.org","@graph":[{"@type":"Article","@id":"https:\/\/www.uartes.edu.ec\/sitio\/en\/blog\/2020\/05\/14\/rafael-mendez-meneses-presenta-jessica-cortometraje-que-explora-y-crea-conciencia\/#article","isPartOf":{"@id":"https:\/\/www.uartes.edu.ec\/sitio\/en\/blog\/2020\/05\/14\/rafael-mendez-meneses-presenta-jessica-cortometraje-que-explora-y-crea-conciencia\/"},"author":{"name":"Universidad de las Artes","@id":"https:\/\/www.uartes.edu.ec\/sitio\/en\/#\/schema\/person\/f33f8c1d2af0d5c80a38c8abf458184a"},"headline":"Rafael M\u00e9ndez Meneses presenta \u201cJ\u00e9ssica\u201d, cortometraje que explora y crea conciencia","datePublished":"2020-05-14T13:55:38+00:00","dateModified":"2024-07-04T16:43:11+00:00","mainEntityOfPage":{"@id":"https:\/\/www.uartes.edu.ec\/sitio\/en\/blog\/2020\/05\/14\/rafael-mendez-meneses-presenta-jessica-cortometraje-que-explora-y-crea-conciencia\/"},"wordCount":706,"publisher":{"@id":"https:\/\/www.uartes.edu.ec\/sitio\/en\/#organization"},"image":{"@id":"https:\/\/www.uartes.edu.ec\/sitio\/en\/blog\/2020\/05\/14\/rafael-mendez-meneses-presenta-jessica-cortometraje-que-explora-y-crea-conciencia\/#primaryimage"},"thumbnailUrl":"https:\/\/www.uartes.edu.ec\/sitio\/wp-content\/uploads\/2020\/05\/Estudiante32_.jpg","keywords":["covid19"],"articleSection":["Acad\u00e9mico","Cine","Estudiantes"],"inLanguage":"en-US"},{"@type":["WebPage","ItemPage"],"@id":"https:\/\/www.uartes.edu.ec\/sitio\/en\/blog\/2020\/05\/14\/rafael-mendez-meneses-presenta-jessica-cortometraje-que-explora-y-crea-conciencia\/","url":"https:\/\/www.uartes.edu.ec\/sitio\/en\/blog\/2020\/05\/14\/rafael-mendez-meneses-presenta-jessica-cortometraje-que-explora-y-crea-conciencia\/","name":"Universidad de las Artes - Rafael M\u00e9ndez Meneses presenta \u201cJ\u00e9ssica\u201d, cortometraje que explora y crea conciencia","isPartOf":{"@id":"https:\/\/www.uartes.edu.ec\/sitio\/en\/#website"},"primaryImageOfPage":{"@id":"https:\/\/www.uartes.edu.ec\/sitio\/en\/blog\/2020\/05\/14\/rafael-mendez-meneses-presenta-jessica-cortometraje-que-explora-y-crea-conciencia\/#primaryimage"},"image":{"@id":"https:\/\/www.uartes.edu.ec\/sitio\/en\/blog\/2020\/05\/14\/rafael-mendez-meneses-presenta-jessica-cortometraje-que-explora-y-crea-conciencia\/#primaryimage"},"thumbnailUrl":"https:\/\/www.uartes.edu.ec\/sitio\/wp-content\/uploads\/2020\/05\/Estudiante32_.jpg","datePublished":"2020-05-14T13:55:38+00:00","dateModified":"2024-07-04T16:43:11+00:00","description":"Universidad de las Artes - Rafael M\u00e9ndez Meneses presenta \u201cJ\u00e9ssica\u201d, cortometraje que explora y crea conciencia","breadcrumb":{"@id":"https:\/\/www.uartes.edu.ec\/sitio\/en\/blog\/2020\/05\/14\/rafael-mendez-meneses-presenta-jessica-cortometraje-que-explora-y-crea-conciencia\/#breadcrumb"},"inLanguage":"en-US","potentialAction":[{"@type":"ReadAction","target":["https:\/\/www.uartes.edu.ec\/sitio\/en\/blog\/2020\/05\/14\/rafael-mendez-meneses-presenta-jessica-cortometraje-que-explora-y-crea-conciencia\/"]}]},{"@type":"ImageObject","inLanguage":"en-US","@id":"https:\/\/www.uartes.edu.ec\/sitio\/en\/blog\/2020\/05\/14\/rafael-mendez-meneses-presenta-jessica-cortometraje-que-explora-y-crea-conciencia\/#primaryimage","url":"https:\/\/www.uartes.edu.ec\/sitio\/wp-content\/uploads\/2020\/05\/Estudiante32_.jpg","contentUrl":"https:\/\/www.uartes.edu.ec\/sitio\/wp-content\/uploads\/2020\/05\/Estudiante32_.jpg","width":1043,"height":696},{"@type":"BreadcrumbList","@id":"https:\/\/www.uartes.edu.ec\/sitio\/en\/blog\/2020\/05\/14\/rafael-mendez-meneses-presenta-jessica-cortometraje-que-explora-y-crea-conciencia\/#breadcrumb","itemListElement":[{"@type":"ListItem","position":1,"name":"Inicio","item":"https:\/\/www.uartes.edu.ec\/sitio\/"},{"@type":"ListItem","position":2,"name":"Rafael M\u00e9ndez Meneses presenta \u201cJ\u00e9ssica\u201d, cortometraje que explora y crea conciencia"}]},{"@type":"WebSite","@id":"https:\/\/www.uartes.edu.ec\/sitio\/en\/#website","url":"https:\/\/www.uartes.edu.ec\/sitio\/en\/","name":"Universidad de las Artes","description":"Sitio oficial de la Universidad Nacional de las Artes del Ecuador","publisher":{"@id":"https:\/\/www.uartes.edu.ec\/sitio\/en\/#organization"},"potentialAction":[{"@type":"SearchAction","target":{"@type":"EntryPoint","urlTemplate":"https:\/\/www.uartes.edu.ec\/sitio\/en\/?s={search_term_string}"},"query-input":{"@type":"PropertyValueSpecification","valueRequired":true,"valueName":"search_term_string"}}],"inLanguage":"en-US"},{"@type":"Organization","@id":"https:\/\/www.uartes.edu.ec\/sitio\/en\/#organization","name":"Universidad de las Artes","url":"https:\/\/www.uartes.edu.ec\/sitio\/en\/","logo":{"@type":"ImageObject","inLanguage":"en-US","@id":"https:\/\/www.uartes.edu.ec\/sitio\/en\/#\/schema\/logo\/image\/","url":"https:\/\/www.uartes.edu.ec\/sitio\/wp-content\/uploads\/2022\/07\/logo-ua-horizontal.png","contentUrl":"https:\/\/www.uartes.edu.ec\/sitio\/wp-content\/uploads\/2022\/07\/logo-ua-horizontal.png","width":800,"height":276,"caption":"Universidad de las Artes"},"image":{"@id":"https:\/\/www.uartes.edu.ec\/sitio\/en\/#\/schema\/logo\/image\/"},"sameAs":["https:\/\/www.facebook.com\/uartesec","https:\/\/x.com\/uartesec","https:\/\/www.tiktok.com\/@uartesec"]},{"@type":"Person","@id":"https:\/\/www.uartes.edu.ec\/sitio\/en\/#\/schema\/person\/f33f8c1d2af0d5c80a38c8abf458184a","name":"Universidad de las Artes","image":{"@type":"ImageObject","inLanguage":"en-US","@id":"https:\/\/secure.gravatar.com\/avatar\/52e4757902f5cfa5ac52d020e5be83cae5487519154b6c35482fe08d589f3c13?s=96&d=mm&r=g","url":"https:\/\/secure.gravatar.com\/avatar\/52e4757902f5cfa5ac52d020e5be83cae5487519154b6c35482fe08d589f3c13?s=96&d=mm&r=g","contentUrl":"https:\/\/secure.gravatar.com\/avatar\/52e4757902f5cfa5ac52d020e5be83cae5487519154b6c35482fe08d589f3c13?s=96&d=mm&r=g","caption":"Universidad de las Artes"},"url":"https:\/\/www.uartes.edu.ec\/sitio\/en\/blog\/author\/dircomadm\/"}]}},"uagb_featured_image_src":{"full":["https:\/\/www.uartes.edu.ec\/sitio\/wp-content\/uploads\/2020\/05\/Estudiante32_.jpg",1043,696,false],"thumbnail":["https:\/\/www.uartes.edu.ec\/sitio\/wp-content\/uploads\/2020\/05\/Estudiante32_-150x150.jpg",150,150,true],"medium":["https:\/\/www.uartes.edu.ec\/sitio\/wp-content\/uploads\/2020\/05\/Estudiante32_-300x200.jpg",300,200,true],"medium_large":["https:\/\/www.uartes.edu.ec\/sitio\/wp-content\/uploads\/2020\/05\/Estudiante32_-768x512.jpg",768,512,true],"large":["https:\/\/www.uartes.edu.ec\/sitio\/wp-content\/uploads\/2020\/05\/Estudiante32_-644x430.jpg",644,430,true],"1536x1536":["https:\/\/www.uartes.edu.ec\/sitio\/wp-content\/uploads\/2020\/05\/Estudiante32_.jpg",1043,696,false],"2048x2048":["https:\/\/www.uartes.edu.ec\/sitio\/wp-content\/uploads\/2020\/05\/Estudiante32_.jpg",1043,696,false],"trp-custom-language-flag":["https:\/\/www.uartes.edu.ec\/sitio\/wp-content\/uploads\/2020\/05\/Estudiante32_.jpg",18,12,false],"htmega_size_585x295":["https:\/\/www.uartes.edu.ec\/sitio\/wp-content\/uploads\/2020\/05\/Estudiante32_.jpg",442,295,false],"htmega_size_1170x536":["https:\/\/www.uartes.edu.ec\/sitio\/wp-content\/uploads\/2020\/05\/Estudiante32_.jpg",803,536,false],"htmega_size_396x360":["https:\/\/www.uartes.edu.ec\/sitio\/wp-content\/uploads\/2020\/05\/Estudiante32_.jpg",396,264,false],"gb-block-post-grid-landscape":["https:\/\/www.uartes.edu.ec\/sitio\/wp-content\/uploads\/2020\/05\/Estudiante32_.jpg",600,400,false],"gb-block-post-grid-square":["https:\/\/www.uartes.edu.ec\/sitio\/wp-content\/uploads\/2020\/05\/Estudiante32_.jpg",600,400,false],"university-hub-thumb":["https:\/\/www.uartes.edu.ec\/sitio\/wp-content\/uploads\/2020\/05\/Estudiante32_-400x267.jpg",400,267,true]},"uagb_author_info":{"display_name":"Universidad de las Artes","author_link":"https:\/\/www.uartes.edu.ec\/sitio\/en\/blog\/author\/dircomadm\/"},"uagb_comment_info":0,"uagb_excerpt":"Para su trabajo final de tesis, Rafael Eduardo M\u00e9ndez Meneses, estudiante de la Escuela de Cine, present\u00f3 el proyecto de direcci\u00f3n del cortometraje J\u00e9ssica, \u201cun retrato documental observacional en que se explora la capacidad de reinvenci\u00f3n del personaje y el uso del cine observacional para profundizar en tem\u00e1ticas que han dejado de ser medi\u00e1ticas y&hellip;","featured_image_src":"https:\/\/www.uartes.edu.ec\/sitio\/wp-content\/uploads\/2020\/05\/Estudiante32_.jpg","featured_image_src_square":"https:\/\/www.uartes.edu.ec\/sitio\/wp-content\/uploads\/2020\/05\/Estudiante32_.jpg","author_info":{"display_name":"Universidad de las Artes","author_link":"https:\/\/www.uartes.edu.ec\/sitio\/en\/blog\/author\/dircomadm\/"},"publishpress_future_workflow_manual_trigger":{"enabledWorkflows":[]},"distributor_meta":false,"distributor_terms":false,"distributor_media":false,"distributor_original_site_name":"Universidad de las Artes","distributor_original_site_url":"https:\/\/www.uartes.edu.ec\/sitio\/en","push-errors":false,"_links":{"self":[{"href":"https:\/\/www.uartes.edu.ec\/sitio\/en\/wp-json\/wp\/v2\/posts\/6982","targetHints":{"allow":["GET"]}}],"collection":[{"href":"https:\/\/www.uartes.edu.ec\/sitio\/en\/wp-json\/wp\/v2\/posts"}],"about":[{"href":"https:\/\/www.uartes.edu.ec\/sitio\/en\/wp-json\/wp\/v2\/types\/post"}],"author":[{"embeddable":true,"href":"https:\/\/www.uartes.edu.ec\/sitio\/en\/wp-json\/wp\/v2\/users\/1"}],"replies":[{"embeddable":true,"href":"https:\/\/www.uartes.edu.ec\/sitio\/en\/wp-json\/wp\/v2\/comments?post=6982"}],"version-history":[{"count":2,"href":"https:\/\/www.uartes.edu.ec\/sitio\/en\/wp-json\/wp\/v2\/posts\/6982\/revisions"}],"predecessor-version":[{"id":57635,"href":"https:\/\/www.uartes.edu.ec\/sitio\/en\/wp-json\/wp\/v2\/posts\/6982\/revisions\/57635"}],"wp:featuredmedia":[{"embeddable":true,"href":"https:\/\/www.uartes.edu.ec\/sitio\/en\/wp-json\/wp\/v2\/media\/6983"}],"wp:attachment":[{"href":"https:\/\/www.uartes.edu.ec\/sitio\/en\/wp-json\/wp\/v2\/media?parent=6982"}],"wp:term":[{"taxonomy":"category","embeddable":true,"href":"https:\/\/www.uartes.edu.ec\/sitio\/en\/wp-json\/wp\/v2\/categories?post=6982"},{"taxonomy":"post_tag","embeddable":true,"href":"https:\/\/www.uartes.edu.ec\/sitio\/en\/wp-json\/wp\/v2\/tags?post=6982"},{"taxonomy":"infouartes","embeddable":true,"href":"https:\/\/www.uartes.edu.ec\/sitio\/en\/wp-json\/wp\/v2\/infouartes?post=6982"}],"curies":[{"name":"wp","href":"https:\/\/api.w.org\/{rel}","templated":true}]}}