{"id":69906,"date":"2025-03-26T18:13:00","date_gmt":"2025-03-26T23:13:00","guid":{"rendered":"https:\/\/www.uartes.edu.ec\/sitio\/?p=69906"},"modified":"2025-03-31T19:04:23","modified_gmt":"2025-04-01T00:04:23","slug":"docente-uartes-en-dialogo-mujeres-gestoras-de-la-cultura-que-inspiran-de-la-direccion-de-patrimonio-cultural-del-municipio","status":"publish","type":"post","link":"https:\/\/www.uartes.edu.ec\/sitio\/en\/blog\/2025\/03\/26\/docente-uartes-en-dialogo-mujeres-gestoras-de-la-cultura-que-inspiran-de-la-direccion-de-patrimonio-cultural-del-municipio\/","title":{"rendered":"Docente UArtes, en conversatorio \u201cMujeres gestoras de la cultura que inspiran\u201d de la Direcci\u00f3n de Patrimonio Cultural municipal"},"content":{"rendered":"<p>Como parte del programa \u201cCultura en Movimiento\u201d y en el marco de la celebraci\u00f3n del mes de la mujer \u2013cuyo d\u00eda internacional se celebra el 8 de marzo de cada a\u00f1o\u2013, la Direcci\u00f3n General de Patrimonio Cultural del Municipio de Guayaquil organiz\u00f3 el conversatorio \u201cMujeres gestoras de la cultura que inspiran\u201d, cita que se desarroll\u00f3 el pasado viernes 21 en el auditorio del Museo Municipal.<\/p>\n\n\n\n<p>La Universidad de las Artes fue convocada al di\u00e1logo, puesto que entre las panelistas participantes estuvo la docente Mar\u00eda Fernanda L\u00f3pez. Con ella intervinieron Rosa Armijos, Lya Salazar, Ivette Riqueros y Olga Valdez. El objetivo fue visibilizar el rol de la mujer y su aporte en el arte y la sociedad como gestoras culturales, se indic\u00f3 desde la direcci\u00f3n municipal organizadora del evento, reiterando que desde la Alcald\u00eda de Guayaquil se resalta la labor de las mujeres que contribuyen al crecimiento cultural de la Ciudad de Todos.<\/p>\n\n\n<div class=\"wp-block-image\">\n<figure class=\"aligncenter size-large\"><img fetchpriority=\"high\" decoding=\"async\" width=\"644\" height=\"429\" src=\"https:\/\/www.uartes.edu.ec\/sitio\/wp-content\/uploads\/2025\/03\/02-MAFO-LOPEZ-1-644x429.jpg\" alt=\"\" class=\"wp-image-69907\" srcset=\"https:\/\/www.uartes.edu.ec\/sitio\/wp-content\/uploads\/2025\/03\/02-MAFO-LOPEZ-1-644x429.jpg 644w, https:\/\/www.uartes.edu.ec\/sitio\/wp-content\/uploads\/2025\/03\/02-MAFO-LOPEZ-1-300x200.jpg 300w, https:\/\/www.uartes.edu.ec\/sitio\/wp-content\/uploads\/2025\/03\/02-MAFO-LOPEZ-1-768x512.jpg 768w, https:\/\/www.uartes.edu.ec\/sitio\/wp-content\/uploads\/2025\/03\/02-MAFO-LOPEZ-1-1536x1024.jpg 1536w, https:\/\/www.uartes.edu.ec\/sitio\/wp-content\/uploads\/2025\/03\/02-MAFO-LOPEZ-1-18x12.jpg 18w, https:\/\/www.uartes.edu.ec\/sitio\/wp-content\/uploads\/2025\/03\/02-MAFO-LOPEZ-1-600x400.jpg 600w, https:\/\/www.uartes.edu.ec\/sitio\/wp-content\/uploads\/2025\/03\/02-MAFO-LOPEZ-1-400x267.jpg 400w, https:\/\/www.uartes.edu.ec\/sitio\/wp-content\/uploads\/2025\/03\/02-MAFO-LOPEZ-1.jpg 2000w\" sizes=\"(max-width: 644px) 100vw, 644px\" \/><\/figure>\n<\/div>\n\n\n<p>Cabe anotar que las panelistas recibieron el reconocimiento de gestoras culturales. Fueron, asimismo, reconocidas por sus talentos las integrantes del grupo musical Las Damas de Oro: Lila Flores, Mayensi Rivera y Katty Elisa, quienes participaron en representaci\u00f3n del Ecuador en el reciente Festival Internacional de la Canci\u00f3n Vi\u00f1a del Mar, que en este 2025 lleg\u00f3 a la edici\u00f3n n\u00famero 64, obteniendo la Gaviota de Plata como Mejor Int\u00e9rprete.<\/p>\n\n\n\n<p>En cuanto al conversatorio, Mar\u00eda Fernanda L\u00f3pez coment\u00f3 que la propuesta fue dar a conocer los respectivos aportes de las panelistas convocadas a la gesti\u00f3n cultural de Guayaquil. Agradeci\u00f3 la invitaci\u00f3n y el reconocimiento a la Direcci\u00f3n de Patrimonio y Cultura del Municipio; su directora, Karina Nogales, y su coordinadora de Promoci\u00f3n Cultural, Alby L\u00f3pez, por el reconocimiento. Tambi\u00e9n a su familia e hijos, quienes, confes\u00f3, han tenido muchas veces una madre ausente. \u201cGracias a quienes han sido parte de mi equipo de trabajo y aportaron en su momento; gracias a todos los artistas locales con quienes he podido construir un espacio \u00e9tico y respetuoso\u201d.<\/p>\n\n\n<div class=\"wp-block-image\">\n<figure class=\"aligncenter size-large is-resized\"><img decoding=\"async\" width=\"644\" height=\"483\" src=\"https:\/\/www.uartes.edu.ec\/sitio\/wp-content\/uploads\/2025\/03\/Mafo9-644x483.jpg\" alt=\"\" class=\"wp-image-69909\" style=\"width:505px;height:auto\" srcset=\"https:\/\/www.uartes.edu.ec\/sitio\/wp-content\/uploads\/2025\/03\/Mafo9-644x483.jpg 644w, https:\/\/www.uartes.edu.ec\/sitio\/wp-content\/uploads\/2025\/03\/Mafo9-300x225.jpg 300w, https:\/\/www.uartes.edu.ec\/sitio\/wp-content\/uploads\/2025\/03\/Mafo9-768x576.jpg 768w, https:\/\/www.uartes.edu.ec\/sitio\/wp-content\/uploads\/2025\/03\/Mafo9-1536x1152.jpg 1536w, https:\/\/www.uartes.edu.ec\/sitio\/wp-content\/uploads\/2025\/03\/Mafo9-16x12.jpg 16w, https:\/\/www.uartes.edu.ec\/sitio\/wp-content\/uploads\/2025\/03\/Mafo9-400x300.jpg 400w, https:\/\/www.uartes.edu.ec\/sitio\/wp-content\/uploads\/2025\/03\/Mafo9.jpg 1777w\" sizes=\"(max-width: 644px) 100vw, 644px\" \/><\/figure>\n<\/div>\n\n\n<p>En su intervenci\u00f3n en el panel, la docente UArtes abord\u00f3 tres puntos: su militancia como activista, la cual tiene que ver con la cultura urbana y la comunidad de artistas urbanos. \u201cEsta militancia ha desembocado en el cambio y en la mejora de pol\u00edticas p\u00fablicas\u201d, dijo y record\u00f3 el trabajo conjunto de la plataforma \u201cArte, mujeres y espacio p\u00fablico\u201d, de la cual es fundadora, y la Casa de la Cultura N\u00facleo del Guayas, que dirige Martha Rizzo, para que su Sal\u00f3n de la Mujer d\u00e9 espacio al arte urbano. Desde el 2024 es una de las categor\u00edas del certamen.<\/p>\n\n\n\n<p>El segundo punto abordado por L\u00f3pez fue la introducci\u00f3n de la c\u00e1tedra de Arte Urbano en la malla curricular de la UArtes, enmarc\u00e1ndose en lo que ha sido su incidencia en la academia. Y el tercero, su intervenci\u00f3n como curadora y gestora, sobre todo con proyectos ic\u00f3nicos, como la Bienal Haciendo Calle, en el plan habitacional Socio Vivienda, ubicado al noroeste de Guayaquil. \u201cCreo que han sido hitos importantes en cuanto a la gesti\u00f3n en t\u00e9rminos comunitarios\u201d.<\/p>\n\n\n\n<p>En t\u00e9rminos de gobiernos seccionales y culturales, L\u00f3pez mencion\u00f3 lo realizado en el Museo Nah\u00edm Isa\u00edas, el MAAC (Museo Antropol\u00f3gico y de Arte Contempor\u00e1neo), el CAC de Quito (Centro de Arte Contempor\u00e1neo), el Centro Cultural Benjam\u00edn Carri\u00f3n, tambi\u00e9n de la capital y, pr\u00f3ximamente, en el Centro Cultural Metropolitano quite\u00f1o.<\/p>\n\n\n\n<p>Fotos: cortes\u00eda Mar\u00eda Fernanda L\u00f3pez, docente UArtes.<\/p>\n\n\n\n<p><\/p>","protected":false},"excerpt":{"rendered":"<p>Como parte del programa \u201cCultura en Movimiento\u201d y en el mes de la mujer (cuyo d\u00eda internacional se celebra el 8 de marzo de cada a\u00f1o), la Direcci\u00f3n de Patrimonio Cultural del Municipio de Guayaquil organiz\u00f3 el conversatorio \u201cMujeres gestoras de la cultura que inspiran\u201d. El di\u00e1logo se desarroll\u00f3 el pasado viernes 21 en el Museo Municipal y la UArtes fue parte. Nuestra docente Mar\u00eda Fernanda L\u00f3pez intervino en el panel y recibi\u00f3 un reconocimiento.<\/p>","protected":false},"author":10,"featured_media":69908,"comment_status":"open","ping_status":"open","sticky":false,"template":"","format":"standard","meta":{"_acf_changed":false,"_uag_custom_page_level_css":"","_monsterinsights_skip_tracking":false,"_monsterinsights_sitenote_active":false,"_monsterinsights_sitenote_note":"","_monsterinsights_sitenote_category":0,"cybocfi_hide_featured_image":"","footnotes":""},"categories":[82,75,174,79],"tags":[521],"infouartes":[],"class_list":["post-69906","post","type-post","status-publish","format-standard","has-post-thumbnail","hentry","category-artes","category-docentes","category-transversal","category-vinculo","tag-encuentro"],"acf":[],"yoast_head":"<!-- This site is optimized with the Yoast SEO plugin v27.4 - https:\/\/yoast.com\/product\/yoast-seo-wordpress\/ -->\n<title>Universidad de las Artes - Docente UArtes, en conversatorio \u201cMujeres gestoras de la cultura que inspiran\u201d de la Direcci\u00f3n de Patrimonio Cultural municipal<\/title>\n<meta name=\"description\" content=\"Universidad de las Artes - Docente UArtes, en conversatorio \u201cMujeres gestoras de la cultura que inspiran\u201d de la Direcci\u00f3n de Patrimonio Cultural municipal\" \/>\n<meta name=\"robots\" content=\"index, follow, max-snippet:-1, max-image-preview:large, max-video-preview:-1\" \/>\n<link rel=\"canonical\" href=\"https:\/\/www.uartes.edu.ec\/sitio\/en\/blog\/2025\/03\/26\/docente-uartes-en-dialogo-mujeres-gestoras-de-la-cultura-que-inspiran-de-la-direccion-de-patrimonio-cultural-del-municipio\/\" \/>\n<meta property=\"og:locale\" content=\"en_US\" \/>\n<meta property=\"og:type\" content=\"article\" \/>\n<meta property=\"og:title\" content=\"Universidad de las Artes - Docente UArtes, en conversatorio \u201cMujeres gestoras de la cultura que inspiran\u201d de la Direcci\u00f3n de Patrimonio Cultural municipal\" \/>\n<meta property=\"og:description\" content=\"Universidad de las Artes - Docente UArtes, en conversatorio \u201cMujeres gestoras de la cultura que inspiran\u201d de la Direcci\u00f3n de Patrimonio Cultural municipal\" \/>\n<meta property=\"og:url\" content=\"https:\/\/www.uartes.edu.ec\/sitio\/en\/blog\/2025\/03\/26\/docente-uartes-en-dialogo-mujeres-gestoras-de-la-cultura-que-inspiran-de-la-direccion-de-patrimonio-cultural-del-municipio\/\" \/>\n<meta property=\"og:site_name\" content=\"Universidad de las Artes\" \/>\n<meta property=\"article:publisher\" content=\"https:\/\/www.facebook.com\/uartesec\" \/>\n<meta property=\"article:published_time\" content=\"2025-03-26T23:13:00+00:00\" \/>\n<meta property=\"article:modified_time\" content=\"2025-04-01T00:04:23+00:00\" \/>\n<meta property=\"og:image\" content=\"https:\/\/www.uartes.edu.ec\/sitio\/wp-content\/uploads\/2025\/03\/01-MAFO-LOPEZ-1.jpg\" \/>\n\t<meta property=\"og:image:width\" content=\"2000\" \/>\n\t<meta property=\"og:image:height\" content=\"1333\" \/>\n\t<meta property=\"og:image:type\" content=\"image\/jpeg\" \/>\n<meta name=\"author\" content=\"ccortez\" \/>\n<meta name=\"twitter:card\" content=\"summary_large_image\" \/>\n<meta name=\"twitter:creator\" content=\"@uartesec\" \/>\n<meta name=\"twitter:site\" content=\"@uartesec\" \/>\n<meta name=\"twitter:label1\" content=\"Written by\" \/>\n\t<meta name=\"twitter:data1\" content=\"ccortez\" \/>\n\t<meta name=\"twitter:label2\" content=\"Est. reading time\" \/>\n\t<meta name=\"twitter:data2\" content=\"4 minutes\" \/>\n<script type=\"application\/ld+json\" class=\"yoast-schema-graph\">{\"@context\":\"https:\\\/\\\/schema.org\",\"@graph\":[{\"@type\":\"Article\",\"@id\":\"https:\\\/\\\/www.uartes.edu.ec\\\/sitio\\\/en\\\/blog\\\/2025\\\/03\\\/26\\\/docente-uartes-en-dialogo-mujeres-gestoras-de-la-cultura-que-inspiran-de-la-direccion-de-patrimonio-cultural-del-municipio\\\/#article\",\"isPartOf\":{\"@id\":\"https:\\\/\\\/www.uartes.edu.ec\\\/sitio\\\/en\\\/blog\\\/2025\\\/03\\\/26\\\/docente-uartes-en-dialogo-mujeres-gestoras-de-la-cultura-que-inspiran-de-la-direccion-de-patrimonio-cultural-del-municipio\\\/\"},\"author\":{\"name\":\"ccortez\",\"@id\":\"https:\\\/\\\/www.uartes.edu.ec\\\/sitio\\\/en\\\/#\\\/schema\\\/person\\\/efa1b8275797664fd7f13a79ccc0b1f4\"},\"headline\":\"Docente UArtes, en conversatorio \u201cMujeres gestoras de la cultura que inspiran\u201d de la Direcci\u00f3n de Patrimonio Cultural municipal\",\"datePublished\":\"2025-03-26T23:13:00+00:00\",\"dateModified\":\"2025-04-01T00:04:23+00:00\",\"mainEntityOfPage\":{\"@id\":\"https:\\\/\\\/www.uartes.edu.ec\\\/sitio\\\/en\\\/blog\\\/2025\\\/03\\\/26\\\/docente-uartes-en-dialogo-mujeres-gestoras-de-la-cultura-que-inspiran-de-la-direccion-de-patrimonio-cultural-del-municipio\\\/\"},\"wordCount\":624,\"commentCount\":0,\"publisher\":{\"@id\":\"https:\\\/\\\/www.uartes.edu.ec\\\/sitio\\\/en\\\/#organization\"},\"image\":{\"@id\":\"https:\\\/\\\/www.uartes.edu.ec\\\/sitio\\\/en\\\/blog\\\/2025\\\/03\\\/26\\\/docente-uartes-en-dialogo-mujeres-gestoras-de-la-cultura-que-inspiran-de-la-direccion-de-patrimonio-cultural-del-municipio\\\/#primaryimage\"},\"thumbnailUrl\":\"https:\\\/\\\/www.uartes.edu.ec\\\/sitio\\\/wp-content\\\/uploads\\\/2025\\\/03\\\/01-MAFO-LOPEZ-1.jpg\",\"keywords\":[\"encuentro\"],\"articleSection\":[\"Artes\",\"Docentes\",\"Transversal\",\"V\u00ednculo\"],\"inLanguage\":\"en-US\",\"potentialAction\":[{\"@type\":\"CommentAction\",\"name\":\"Comment\",\"target\":[\"https:\\\/\\\/www.uartes.edu.ec\\\/sitio\\\/en\\\/blog\\\/2025\\\/03\\\/26\\\/docente-uartes-en-dialogo-mujeres-gestoras-de-la-cultura-que-inspiran-de-la-direccion-de-patrimonio-cultural-del-municipio\\\/#respond\"]}]},{\"@type\":[\"WebPage\",\"ItemPage\"],\"@id\":\"https:\\\/\\\/www.uartes.edu.ec\\\/sitio\\\/en\\\/blog\\\/2025\\\/03\\\/26\\\/docente-uartes-en-dialogo-mujeres-gestoras-de-la-cultura-que-inspiran-de-la-direccion-de-patrimonio-cultural-del-municipio\\\/\",\"url\":\"https:\\\/\\\/www.uartes.edu.ec\\\/sitio\\\/en\\\/blog\\\/2025\\\/03\\\/26\\\/docente-uartes-en-dialogo-mujeres-gestoras-de-la-cultura-que-inspiran-de-la-direccion-de-patrimonio-cultural-del-municipio\\\/\",\"name\":\"Universidad de las Artes - Docente UArtes, en conversatorio \u201cMujeres gestoras de la cultura que inspiran\u201d de la Direcci\u00f3n de Patrimonio Cultural municipal\",\"isPartOf\":{\"@id\":\"https:\\\/\\\/www.uartes.edu.ec\\\/sitio\\\/en\\\/#website\"},\"primaryImageOfPage\":{\"@id\":\"https:\\\/\\\/www.uartes.edu.ec\\\/sitio\\\/en\\\/blog\\\/2025\\\/03\\\/26\\\/docente-uartes-en-dialogo-mujeres-gestoras-de-la-cultura-que-inspiran-de-la-direccion-de-patrimonio-cultural-del-municipio\\\/#primaryimage\"},\"image\":{\"@id\":\"https:\\\/\\\/www.uartes.edu.ec\\\/sitio\\\/en\\\/blog\\\/2025\\\/03\\\/26\\\/docente-uartes-en-dialogo-mujeres-gestoras-de-la-cultura-que-inspiran-de-la-direccion-de-patrimonio-cultural-del-municipio\\\/#primaryimage\"},\"thumbnailUrl\":\"https:\\\/\\\/www.uartes.edu.ec\\\/sitio\\\/wp-content\\\/uploads\\\/2025\\\/03\\\/01-MAFO-LOPEZ-1.jpg\",\"datePublished\":\"2025-03-26T23:13:00+00:00\",\"dateModified\":\"2025-04-01T00:04:23+00:00\",\"description\":\"Universidad de las Artes - Docente UArtes, en conversatorio \u201cMujeres gestoras de la cultura que inspiran\u201d de la Direcci\u00f3n de Patrimonio Cultural municipal\",\"breadcrumb\":{\"@id\":\"https:\\\/\\\/www.uartes.edu.ec\\\/sitio\\\/en\\\/blog\\\/2025\\\/03\\\/26\\\/docente-uartes-en-dialogo-mujeres-gestoras-de-la-cultura-que-inspiran-de-la-direccion-de-patrimonio-cultural-del-municipio\\\/#breadcrumb\"},\"inLanguage\":\"en-US\",\"potentialAction\":[{\"@type\":\"ReadAction\",\"target\":[\"https:\\\/\\\/www.uartes.edu.ec\\\/sitio\\\/en\\\/blog\\\/2025\\\/03\\\/26\\\/docente-uartes-en-dialogo-mujeres-gestoras-de-la-cultura-que-inspiran-de-la-direccion-de-patrimonio-cultural-del-municipio\\\/\"]}]},{\"@type\":\"ImageObject\",\"inLanguage\":\"en-US\",\"@id\":\"https:\\\/\\\/www.uartes.edu.ec\\\/sitio\\\/en\\\/blog\\\/2025\\\/03\\\/26\\\/docente-uartes-en-dialogo-mujeres-gestoras-de-la-cultura-que-inspiran-de-la-direccion-de-patrimonio-cultural-del-municipio\\\/#primaryimage\",\"url\":\"https:\\\/\\\/www.uartes.edu.ec\\\/sitio\\\/wp-content\\\/uploads\\\/2025\\\/03\\\/01-MAFO-LOPEZ-1.jpg\",\"contentUrl\":\"https:\\\/\\\/www.uartes.edu.ec\\\/sitio\\\/wp-content\\\/uploads\\\/2025\\\/03\\\/01-MAFO-LOPEZ-1.jpg\",\"width\":2000,\"height\":1333},{\"@type\":\"BreadcrumbList\",\"@id\":\"https:\\\/\\\/www.uartes.edu.ec\\\/sitio\\\/en\\\/blog\\\/2025\\\/03\\\/26\\\/docente-uartes-en-dialogo-mujeres-gestoras-de-la-cultura-que-inspiran-de-la-direccion-de-patrimonio-cultural-del-municipio\\\/#breadcrumb\",\"itemListElement\":[{\"@type\":\"ListItem\",\"position\":1,\"name\":\"Inicio\",\"item\":\"https:\\\/\\\/www.uartes.edu.ec\\\/sitio\\\/\"},{\"@type\":\"ListItem\",\"position\":2,\"name\":\"Docente UArtes, en conversatorio \u201cMujeres gestoras de la cultura que inspiran\u201d de la Direcci\u00f3n de Patrimonio Cultural municipal\"}]},{\"@type\":\"WebSite\",\"@id\":\"https:\\\/\\\/www.uartes.edu.ec\\\/sitio\\\/en\\\/#website\",\"url\":\"https:\\\/\\\/www.uartes.edu.ec\\\/sitio\\\/en\\\/\",\"name\":\"Universidad de las Artes\",\"description\":\"Sitio oficial de la Universidad Nacional de las Artes del Ecuador\",\"publisher\":{\"@id\":\"https:\\\/\\\/www.uartes.edu.ec\\\/sitio\\\/en\\\/#organization\"},\"potentialAction\":[{\"@type\":\"SearchAction\",\"target\":{\"@type\":\"EntryPoint\",\"urlTemplate\":\"https:\\\/\\\/www.uartes.edu.ec\\\/sitio\\\/en\\\/?s={search_term_string}\"},\"query-input\":{\"@type\":\"PropertyValueSpecification\",\"valueRequired\":true,\"valueName\":\"search_term_string\"}}],\"inLanguage\":\"en-US\"},{\"@type\":\"Organization\",\"@id\":\"https:\\\/\\\/www.uartes.edu.ec\\\/sitio\\\/en\\\/#organization\",\"name\":\"Universidad de las Artes\",\"url\":\"https:\\\/\\\/www.uartes.edu.ec\\\/sitio\\\/en\\\/\",\"logo\":{\"@type\":\"ImageObject\",\"inLanguage\":\"en-US\",\"@id\":\"https:\\\/\\\/www.uartes.edu.ec\\\/sitio\\\/en\\\/#\\\/schema\\\/logo\\\/image\\\/\",\"url\":\"https:\\\/\\\/www.uartes.edu.ec\\\/sitio\\\/wp-content\\\/uploads\\\/2022\\\/07\\\/logo-ua-horizontal.png\",\"contentUrl\":\"https:\\\/\\\/www.uartes.edu.ec\\\/sitio\\\/wp-content\\\/uploads\\\/2022\\\/07\\\/logo-ua-horizontal.png\",\"width\":800,\"height\":276,\"caption\":\"Universidad de las Artes\"},\"image\":{\"@id\":\"https:\\\/\\\/www.uartes.edu.ec\\\/sitio\\\/en\\\/#\\\/schema\\\/logo\\\/image\\\/\"},\"sameAs\":[\"https:\\\/\\\/www.facebook.com\\\/uartesec\",\"https:\\\/\\\/x.com\\\/uartesec\",\"https:\\\/\\\/www.tiktok.com\\\/@uartesec\"]},{\"@type\":\"Person\",\"@id\":\"https:\\\/\\\/www.uartes.edu.ec\\\/sitio\\\/en\\\/#\\\/schema\\\/person\\\/efa1b8275797664fd7f13a79ccc0b1f4\",\"name\":\"ccortez\",\"image\":{\"@type\":\"ImageObject\",\"inLanguage\":\"en-US\",\"@id\":\"https:\\\/\\\/secure.gravatar.com\\\/avatar\\\/b2a6f664a3ae8e074346ef91775736c5ec479e637ecced6842de9dc98b5da9cd?s=96&d=mm&r=g\",\"url\":\"https:\\\/\\\/secure.gravatar.com\\\/avatar\\\/b2a6f664a3ae8e074346ef91775736c5ec479e637ecced6842de9dc98b5da9cd?s=96&d=mm&r=g\",\"contentUrl\":\"https:\\\/\\\/secure.gravatar.com\\\/avatar\\\/b2a6f664a3ae8e074346ef91775736c5ec479e637ecced6842de9dc98b5da9cd?s=96&d=mm&r=g\",\"caption\":\"ccortez\"},\"url\":\"https:\\\/\\\/www.uartes.edu.ec\\\/sitio\\\/en\\\/blog\\\/author\\\/ccortez\\\/\"}]}<\/script>\n<!-- \/ Yoast SEO plugin. -->","yoast_head_json":{"title":"Universidad de las Artes - Docente UArtes, en conversatorio \u201cMujeres gestoras de la cultura que inspiran\u201d de la Direcci\u00f3n de Patrimonio Cultural municipal","description":"Universidad de las Artes - Docente UArtes, en conversatorio \u201cMujeres gestoras de la cultura que inspiran\u201d de la Direcci\u00f3n de Patrimonio Cultural municipal","robots":{"index":"index","follow":"follow","max-snippet":"max-snippet:-1","max-image-preview":"max-image-preview:large","max-video-preview":"max-video-preview:-1"},"canonical":"https:\/\/www.uartes.edu.ec\/sitio\/en\/blog\/2025\/03\/26\/docente-uartes-en-dialogo-mujeres-gestoras-de-la-cultura-que-inspiran-de-la-direccion-de-patrimonio-cultural-del-municipio\/","og_locale":"en_US","og_type":"article","og_title":"Universidad de las Artes - Docente UArtes, en conversatorio \u201cMujeres gestoras de la cultura que inspiran\u201d de la Direcci\u00f3n de Patrimonio Cultural municipal","og_description":"Universidad de las Artes - Docente UArtes, en conversatorio \u201cMujeres gestoras de la cultura que inspiran\u201d de la Direcci\u00f3n de Patrimonio Cultural municipal","og_url":"https:\/\/www.uartes.edu.ec\/sitio\/en\/blog\/2025\/03\/26\/docente-uartes-en-dialogo-mujeres-gestoras-de-la-cultura-que-inspiran-de-la-direccion-de-patrimonio-cultural-del-municipio\/","og_site_name":"Universidad de las Artes","article_publisher":"https:\/\/www.facebook.com\/uartesec","article_published_time":"2025-03-26T23:13:00+00:00","article_modified_time":"2025-04-01T00:04:23+00:00","og_image":[{"width":2000,"height":1333,"url":"https:\/\/www.uartes.edu.ec\/sitio\/wp-content\/uploads\/2025\/03\/01-MAFO-LOPEZ-1.jpg","type":"image\/jpeg"}],"author":"ccortez","twitter_card":"summary_large_image","twitter_creator":"@uartesec","twitter_site":"@uartesec","twitter_misc":{"Written by":"ccortez","Est. reading time":"4 minutes"},"schema":{"@context":"https:\/\/schema.org","@graph":[{"@type":"Article","@id":"https:\/\/www.uartes.edu.ec\/sitio\/en\/blog\/2025\/03\/26\/docente-uartes-en-dialogo-mujeres-gestoras-de-la-cultura-que-inspiran-de-la-direccion-de-patrimonio-cultural-del-municipio\/#article","isPartOf":{"@id":"https:\/\/www.uartes.edu.ec\/sitio\/en\/blog\/2025\/03\/26\/docente-uartes-en-dialogo-mujeres-gestoras-de-la-cultura-que-inspiran-de-la-direccion-de-patrimonio-cultural-del-municipio\/"},"author":{"name":"ccortez","@id":"https:\/\/www.uartes.edu.ec\/sitio\/en\/#\/schema\/person\/efa1b8275797664fd7f13a79ccc0b1f4"},"headline":"Docente UArtes, en conversatorio \u201cMujeres gestoras de la cultura que inspiran\u201d de la Direcci\u00f3n de Patrimonio Cultural municipal","datePublished":"2025-03-26T23:13:00+00:00","dateModified":"2025-04-01T00:04:23+00:00","mainEntityOfPage":{"@id":"https:\/\/www.uartes.edu.ec\/sitio\/en\/blog\/2025\/03\/26\/docente-uartes-en-dialogo-mujeres-gestoras-de-la-cultura-que-inspiran-de-la-direccion-de-patrimonio-cultural-del-municipio\/"},"wordCount":624,"commentCount":0,"publisher":{"@id":"https:\/\/www.uartes.edu.ec\/sitio\/en\/#organization"},"image":{"@id":"https:\/\/www.uartes.edu.ec\/sitio\/en\/blog\/2025\/03\/26\/docente-uartes-en-dialogo-mujeres-gestoras-de-la-cultura-que-inspiran-de-la-direccion-de-patrimonio-cultural-del-municipio\/#primaryimage"},"thumbnailUrl":"https:\/\/www.uartes.edu.ec\/sitio\/wp-content\/uploads\/2025\/03\/01-MAFO-LOPEZ-1.jpg","keywords":["encuentro"],"articleSection":["Artes","Docentes","Transversal","V\u00ednculo"],"inLanguage":"en-US","potentialAction":[{"@type":"CommentAction","name":"Comment","target":["https:\/\/www.uartes.edu.ec\/sitio\/en\/blog\/2025\/03\/26\/docente-uartes-en-dialogo-mujeres-gestoras-de-la-cultura-que-inspiran-de-la-direccion-de-patrimonio-cultural-del-municipio\/#respond"]}]},{"@type":["WebPage","ItemPage"],"@id":"https:\/\/www.uartes.edu.ec\/sitio\/en\/blog\/2025\/03\/26\/docente-uartes-en-dialogo-mujeres-gestoras-de-la-cultura-que-inspiran-de-la-direccion-de-patrimonio-cultural-del-municipio\/","url":"https:\/\/www.uartes.edu.ec\/sitio\/en\/blog\/2025\/03\/26\/docente-uartes-en-dialogo-mujeres-gestoras-de-la-cultura-que-inspiran-de-la-direccion-de-patrimonio-cultural-del-municipio\/","name":"Universidad de las Artes - Docente UArtes, en conversatorio \u201cMujeres gestoras de la cultura que inspiran\u201d de la Direcci\u00f3n de Patrimonio Cultural municipal","isPartOf":{"@id":"https:\/\/www.uartes.edu.ec\/sitio\/en\/#website"},"primaryImageOfPage":{"@id":"https:\/\/www.uartes.edu.ec\/sitio\/en\/blog\/2025\/03\/26\/docente-uartes-en-dialogo-mujeres-gestoras-de-la-cultura-que-inspiran-de-la-direccion-de-patrimonio-cultural-del-municipio\/#primaryimage"},"image":{"@id":"https:\/\/www.uartes.edu.ec\/sitio\/en\/blog\/2025\/03\/26\/docente-uartes-en-dialogo-mujeres-gestoras-de-la-cultura-que-inspiran-de-la-direccion-de-patrimonio-cultural-del-municipio\/#primaryimage"},"thumbnailUrl":"https:\/\/www.uartes.edu.ec\/sitio\/wp-content\/uploads\/2025\/03\/01-MAFO-LOPEZ-1.jpg","datePublished":"2025-03-26T23:13:00+00:00","dateModified":"2025-04-01T00:04:23+00:00","description":"Universidad de las Artes - Docente UArtes, en conversatorio \u201cMujeres gestoras de la cultura que inspiran\u201d de la Direcci\u00f3n de Patrimonio Cultural municipal","breadcrumb":{"@id":"https:\/\/www.uartes.edu.ec\/sitio\/en\/blog\/2025\/03\/26\/docente-uartes-en-dialogo-mujeres-gestoras-de-la-cultura-que-inspiran-de-la-direccion-de-patrimonio-cultural-del-municipio\/#breadcrumb"},"inLanguage":"en-US","potentialAction":[{"@type":"ReadAction","target":["https:\/\/www.uartes.edu.ec\/sitio\/en\/blog\/2025\/03\/26\/docente-uartes-en-dialogo-mujeres-gestoras-de-la-cultura-que-inspiran-de-la-direccion-de-patrimonio-cultural-del-municipio\/"]}]},{"@type":"ImageObject","inLanguage":"en-US","@id":"https:\/\/www.uartes.edu.ec\/sitio\/en\/blog\/2025\/03\/26\/docente-uartes-en-dialogo-mujeres-gestoras-de-la-cultura-que-inspiran-de-la-direccion-de-patrimonio-cultural-del-municipio\/#primaryimage","url":"https:\/\/www.uartes.edu.ec\/sitio\/wp-content\/uploads\/2025\/03\/01-MAFO-LOPEZ-1.jpg","contentUrl":"https:\/\/www.uartes.edu.ec\/sitio\/wp-content\/uploads\/2025\/03\/01-MAFO-LOPEZ-1.jpg","width":2000,"height":1333},{"@type":"BreadcrumbList","@id":"https:\/\/www.uartes.edu.ec\/sitio\/en\/blog\/2025\/03\/26\/docente-uartes-en-dialogo-mujeres-gestoras-de-la-cultura-que-inspiran-de-la-direccion-de-patrimonio-cultural-del-municipio\/#breadcrumb","itemListElement":[{"@type":"ListItem","position":1,"name":"Inicio","item":"https:\/\/www.uartes.edu.ec\/sitio\/"},{"@type":"ListItem","position":2,"name":"Docente UArtes, en conversatorio \u201cMujeres gestoras de la cultura que inspiran\u201d de la Direcci\u00f3n de Patrimonio Cultural municipal"}]},{"@type":"WebSite","@id":"https:\/\/www.uartes.edu.ec\/sitio\/en\/#website","url":"https:\/\/www.uartes.edu.ec\/sitio\/en\/","name":"Universidad de las Artes","description":"Sitio oficial de la Universidad Nacional de las Artes del Ecuador","publisher":{"@id":"https:\/\/www.uartes.edu.ec\/sitio\/en\/#organization"},"potentialAction":[{"@type":"SearchAction","target":{"@type":"EntryPoint","urlTemplate":"https:\/\/www.uartes.edu.ec\/sitio\/en\/?s={search_term_string}"},"query-input":{"@type":"PropertyValueSpecification","valueRequired":true,"valueName":"search_term_string"}}],"inLanguage":"en-US"},{"@type":"Organization","@id":"https:\/\/www.uartes.edu.ec\/sitio\/en\/#organization","name":"Universidad de las Artes","url":"https:\/\/www.uartes.edu.ec\/sitio\/en\/","logo":{"@type":"ImageObject","inLanguage":"en-US","@id":"https:\/\/www.uartes.edu.ec\/sitio\/en\/#\/schema\/logo\/image\/","url":"https:\/\/www.uartes.edu.ec\/sitio\/wp-content\/uploads\/2022\/07\/logo-ua-horizontal.png","contentUrl":"https:\/\/www.uartes.edu.ec\/sitio\/wp-content\/uploads\/2022\/07\/logo-ua-horizontal.png","width":800,"height":276,"caption":"Universidad de las Artes"},"image":{"@id":"https:\/\/www.uartes.edu.ec\/sitio\/en\/#\/schema\/logo\/image\/"},"sameAs":["https:\/\/www.facebook.com\/uartesec","https:\/\/x.com\/uartesec","https:\/\/www.tiktok.com\/@uartesec"]},{"@type":"Person","@id":"https:\/\/www.uartes.edu.ec\/sitio\/en\/#\/schema\/person\/efa1b8275797664fd7f13a79ccc0b1f4","name":"ccortez","image":{"@type":"ImageObject","inLanguage":"en-US","@id":"https:\/\/secure.gravatar.com\/avatar\/b2a6f664a3ae8e074346ef91775736c5ec479e637ecced6842de9dc98b5da9cd?s=96&d=mm&r=g","url":"https:\/\/secure.gravatar.com\/avatar\/b2a6f664a3ae8e074346ef91775736c5ec479e637ecced6842de9dc98b5da9cd?s=96&d=mm&r=g","contentUrl":"https:\/\/secure.gravatar.com\/avatar\/b2a6f664a3ae8e074346ef91775736c5ec479e637ecced6842de9dc98b5da9cd?s=96&d=mm&r=g","caption":"ccortez"},"url":"https:\/\/www.uartes.edu.ec\/sitio\/en\/blog\/author\/ccortez\/"}]}},"uagb_featured_image_src":{"full":["https:\/\/www.uartes.edu.ec\/sitio\/wp-content\/uploads\/2025\/03\/01-MAFO-LOPEZ-1.jpg",2000,1333,false],"thumbnail":["https:\/\/www.uartes.edu.ec\/sitio\/wp-content\/uploads\/2025\/03\/01-MAFO-LOPEZ-1-150x150.jpg",150,150,true],"medium":["https:\/\/www.uartes.edu.ec\/sitio\/wp-content\/uploads\/2025\/03\/01-MAFO-LOPEZ-1-300x200.jpg",300,200,true],"medium_large":["https:\/\/www.uartes.edu.ec\/sitio\/wp-content\/uploads\/2025\/03\/01-MAFO-LOPEZ-1-768x512.jpg",768,512,true],"large":["https:\/\/www.uartes.edu.ec\/sitio\/wp-content\/uploads\/2025\/03\/01-MAFO-LOPEZ-1-644x429.jpg",644,429,true],"1536x1536":["https:\/\/www.uartes.edu.ec\/sitio\/wp-content\/uploads\/2025\/03\/01-MAFO-LOPEZ-1-1536x1024.jpg",1536,1024,true],"2048x2048":["https:\/\/www.uartes.edu.ec\/sitio\/wp-content\/uploads\/2025\/03\/01-MAFO-LOPEZ-1.jpg",2000,1333,false],"trp-custom-language-flag":["https:\/\/www.uartes.edu.ec\/sitio\/wp-content\/uploads\/2025\/03\/01-MAFO-LOPEZ-1-18x12.jpg",18,12,true],"htmega_size_585x295":["https:\/\/www.uartes.edu.ec\/sitio\/wp-content\/uploads\/2025\/03\/01-MAFO-LOPEZ-1-585x295.jpg",585,295,true],"htmega_size_1170x536":["https:\/\/www.uartes.edu.ec\/sitio\/wp-content\/uploads\/2025\/03\/01-MAFO-LOPEZ-1-1170x536.jpg",1170,536,true],"htmega_size_396x360":["https:\/\/www.uartes.edu.ec\/sitio\/wp-content\/uploads\/2025\/03\/01-MAFO-LOPEZ-1-396x360.jpg",396,360,true],"gb-block-post-grid-landscape":["https:\/\/www.uartes.edu.ec\/sitio\/wp-content\/uploads\/2025\/03\/01-MAFO-LOPEZ-1-600x400.jpg",600,400,true],"gb-block-post-grid-square":["https:\/\/www.uartes.edu.ec\/sitio\/wp-content\/uploads\/2025\/03\/01-MAFO-LOPEZ-1-600x600.jpg",600,600,true],"university-hub-thumb":["https:\/\/www.uartes.edu.ec\/sitio\/wp-content\/uploads\/2025\/03\/01-MAFO-LOPEZ-1-400x267.jpg",400,267,true]},"uagb_author_info":{"display_name":"ccortez","author_link":"https:\/\/www.uartes.edu.ec\/sitio\/en\/blog\/author\/ccortez\/"},"uagb_comment_info":0,"uagb_excerpt":"Como parte del programa \u201cCultura en Movimiento\u201d y en el mes de la mujer (cuyo d\u00eda internacional se celebra el 8 de marzo de cada a\u00f1o), la Direcci\u00f3n de Patrimonio Cultural del Municipio de Guayaquil organiz\u00f3 el conversatorio \u201cMujeres gestoras de la cultura que inspiran\u201d. El di\u00e1logo se desarroll\u00f3 el pasado viernes 21 en el&hellip;","featured_image_src":"https:\/\/www.uartes.edu.ec\/sitio\/wp-content\/uploads\/2025\/03\/01-MAFO-LOPEZ-1-600x400.jpg","featured_image_src_square":"https:\/\/www.uartes.edu.ec\/sitio\/wp-content\/uploads\/2025\/03\/01-MAFO-LOPEZ-1-600x600.jpg","author_info":{"display_name":"ccortez","author_link":"https:\/\/www.uartes.edu.ec\/sitio\/en\/blog\/author\/ccortez\/"},"publishpress_future_workflow_manual_trigger":{"enabledWorkflows":[]},"distributor_meta":false,"distributor_terms":false,"distributor_media":false,"distributor_original_site_name":"Universidad de las Artes","distributor_original_site_url":"https:\/\/www.uartes.edu.ec\/sitio\/en","push-errors":false,"_links":{"self":[{"href":"https:\/\/www.uartes.edu.ec\/sitio\/en\/wp-json\/wp\/v2\/posts\/69906","targetHints":{"allow":["GET"]}}],"collection":[{"href":"https:\/\/www.uartes.edu.ec\/sitio\/en\/wp-json\/wp\/v2\/posts"}],"about":[{"href":"https:\/\/www.uartes.edu.ec\/sitio\/en\/wp-json\/wp\/v2\/types\/post"}],"author":[{"embeddable":true,"href":"https:\/\/www.uartes.edu.ec\/sitio\/en\/wp-json\/wp\/v2\/users\/10"}],"replies":[{"embeddable":true,"href":"https:\/\/www.uartes.edu.ec\/sitio\/en\/wp-json\/wp\/v2\/comments?post=69906"}],"version-history":[{"count":7,"href":"https:\/\/www.uartes.edu.ec\/sitio\/en\/wp-json\/wp\/v2\/posts\/69906\/revisions"}],"predecessor-version":[{"id":69930,"href":"https:\/\/www.uartes.edu.ec\/sitio\/en\/wp-json\/wp\/v2\/posts\/69906\/revisions\/69930"}],"wp:featuredmedia":[{"embeddable":true,"href":"https:\/\/www.uartes.edu.ec\/sitio\/en\/wp-json\/wp\/v2\/media\/69908"}],"wp:attachment":[{"href":"https:\/\/www.uartes.edu.ec\/sitio\/en\/wp-json\/wp\/v2\/media?parent=69906"}],"wp:term":[{"taxonomy":"category","embeddable":true,"href":"https:\/\/www.uartes.edu.ec\/sitio\/en\/wp-json\/wp\/v2\/categories?post=69906"},{"taxonomy":"post_tag","embeddable":true,"href":"https:\/\/www.uartes.edu.ec\/sitio\/en\/wp-json\/wp\/v2\/tags?post=69906"},{"taxonomy":"infouartes","embeddable":true,"href":"https:\/\/www.uartes.edu.ec\/sitio\/en\/wp-json\/wp\/v2\/infouartes?post=69906"}],"curies":[{"name":"wp","href":"https:\/\/api.w.org\/{rel}","templated":true}]}}