{"id":6995,"date":"2020-05-16T15:28:18","date_gmt":"2020-05-16T20:28:18","guid":{"rendered":"http:\/\/www.uartes.edu.ec\/sitio\/?p=6995"},"modified":"2024-07-04T11:43:10","modified_gmt":"2024-07-04T16:43:10","slug":"maria-solange-del-pozo-lamilla-en-la-produccion-de-entre-mangles-y-derivas","status":"publish","type":"post","link":"https:\/\/www.uartes.edu.ec\/sitio\/en\/blog\/2020\/05\/16\/maria-solange-del-pozo-lamilla-en-la-produccion-de-entre-mangles-y-derivas\/","title":{"rendered":"Mar\u00eda Solange Del Pozo Lamilla, en la  producci\u00f3n de \u201cEntre mangles y derivas\u201d"},"content":{"rendered":"<p>11:00, s\u00e1bado 2 de mayo de 2020. El jurado de tesis est\u00e1 listo para escuchar v\u00eda videoconferencia a Mar\u00eda Solange Del Pozo Lamilla, de la Escuela de Cine, defender su trabajo final al que titul\u00f3 \u201cElaboraci\u00f3n de la producci\u00f3n del cortometraje documental <em>Entre mangles y derivas,<\/em> dirigido por Camille Enr\u00edquez\u201d. La suya fue una funci\u00f3n individual dentro de una realizaci\u00f3n cinematogr\u00e1fica grupal: la de productora.<\/p>\n\n\n\n<p>\u201c<em>Entre mangles y derivas<\/em> es un corto documental que nos lleva al Golfo de Guayaquil, en espec\u00edfico a la comuna Bellavista, donde Adri\u00e1n y Francisca nos muestran sus cotidianidad relacionada a la pesca artesanal, el agua y las mareas, que no es muy diferente a las otras comunas a lo largo y ancho del Golfo. Las historias transitan, viajan a trav\u00e9s de la naturaleza que se encuentra en constante conflicto con los paisajes industriales\u201d, se\u00f1ala.<\/p>\n\n\n\n<p>\u201cMi tem\u00e1tica gira en torno a c\u00f3mo se llev\u00f3 a cabo la realizaci\u00f3n del cortometraje, siempre mirando desde el departamento de producci\u00f3n. Sin alguien que est\u00e9 a cargo del \u00e1rea log\u00edstica, es dif\u00edcil que un proyecto salga adelante o se finalice. Usualmente cuando se piensa en cine, se acuerdan de toda la parte art\u00edstica, que es importante y llega al espectador, pero sin la producci\u00f3n la gente no se moviliza porque no hay transporte, contratos, honorarios, permisos, equipos, seguridad, resguardo y un sinn\u00famero de requerimientos que pueden variar de acuerdo a cada proyecto\u201d.<\/p>\n\n\n\n<p>Indica que la preproducci\u00f3n nace al lanzamiento de la convocatoria de los fondos para la unidad de titulaci\u00f3n de la Universidad de las Artes. \u201cGanamos y con ello logramos financiar parte del proyecto y el uso de equipos y cabinas de edici\u00f3n. El rodaje nos tom\u00f3 un mes, aproximadamente, y la posproducci\u00f3n se alarg\u00f3 por cuestiones de tiempo de cada uno\u201d.\u00a0<\/p>\n\n\n\n<div class=\"wp-block-image\"><figure class=\"aligncenter size-large\"><img fetchpriority=\"high\" decoding=\"async\" width=\"644\" height=\"429\" src=\"http:\/\/www.uartes.edu.ec\/sitio\/wp-content\/uploads\/2020\/05\/manglar1-644x429.jpg\" alt=\"\" class=\"wp-image-6997\" srcset=\"https:\/\/www.uartes.edu.ec\/sitio\/wp-content\/uploads\/2020\/05\/manglar1-644x429.jpg 644w, https:\/\/www.uartes.edu.ec\/sitio\/wp-content\/uploads\/2020\/05\/manglar1-300x200.jpg 300w, https:\/\/www.uartes.edu.ec\/sitio\/wp-content\/uploads\/2020\/05\/manglar1-768x512.jpg 768w, https:\/\/www.uartes.edu.ec\/sitio\/wp-content\/uploads\/2020\/05\/manglar1-1536x1024.jpg 1536w, https:\/\/www.uartes.edu.ec\/sitio\/wp-content\/uploads\/2020\/05\/manglar1-600x400.jpg 600w, https:\/\/www.uartes.edu.ec\/sitio\/wp-content\/uploads\/2020\/05\/manglar1-400x267.jpg 400w, https:\/\/www.uartes.edu.ec\/sitio\/wp-content\/uploads\/2020\/05\/manglar1-272x182.jpg 272w, https:\/\/www.uartes.edu.ec\/sitio\/wp-content\/uploads\/2020\/05\/manglar1.jpg 2000w\" sizes=\"(max-width: 644px) 100vw, 644px\" \/><\/figure><\/div>\n\n\n\n<p>Como grupo, a\u00f1ade, se hicieron a la idea de que defender\u00edan sus tesis en l\u00ednea. \u201cPrimero por el paro de octubre del 2019 y luego por la pandemia (del COVID-19)\u201d. De la ense\u00f1anza online, debido a la pandemia, Mar\u00eda Del Pozo opina que lo interesante es poder rebobinar la informaci\u00f3n que se sube en esos espacios.&nbsp;\u201cLo que hay que tener es disciplina para dedicarle al menos un par de horas al d\u00eda y estar pendiente de las noticias u actualizaciones \u2013un deber, una lectura nueva, un ensayo, un proyecto\u2013 y un internet que no se caiga cuando son las pruebas cronometradas en l\u00ednea o, cuando&nbsp;son modo conferencia, estar activando y desactivando cada tanto el micr\u00f3fono para no saturar el audio y el di\u00e1logo se pueda entender\u201d.&nbsp;&nbsp;<\/p>\n\n\n\n<p>Al proyecto en el que particip\u00f3 lo describe como una experiencia hermosa. En Bellavista el tiempo no se llevaba&nbsp;como en Guayaquil o Babahoyo, donde resido hace dos meses. Que es presuroso o lento y estresante. \u201cEs un tiempo que te permite hacer tu agenda del d\u00eda, reflexionar sobre aquello, tomarte un respiro y sentirte bien contigo mismo, a pesar de las carencias de los servicios que consideramos b\u00e1sicos actualmente\u201d.&nbsp; Estudiar una maestr\u00eda es lo que Mar\u00eda Del Pozo planea realizar una vez que obtenga la licenciatura y volvamos a la \u201cnormalidad\u201d. \u201cHay dos proyectos que tengo en mente y colaborar nuevamente en algunos proyectos de la UArtes, como en el CRS femenino\u201d.<\/p>","protected":false},"excerpt":{"rendered":"<p>11:00, s\u00e1bado 2 de mayo de 2020. El jurado de tesis est\u00e1 listo para escuchar v\u00eda videoconferencia a Mar\u00eda Solange Del Pozo Lamilla, de la Escuela de Cine, defender su trabajo final al que titul\u00f3 \u201cElaboraci\u00f3n de la producci\u00f3n del cortometraje documental Entre mangles y derivas, dirigido por Camille Enr\u00edquez\u201d. <\/p>","protected":false},"author":1,"featured_media":6996,"comment_status":"closed","ping_status":"closed","sticky":false,"template":"","format":"standard","meta":{"_acf_changed":false,"_uag_custom_page_level_css":"","_monsterinsights_skip_tracking":false,"_monsterinsights_sitenote_active":false,"_monsterinsights_sitenote_note":"","_monsterinsights_sitenote_category":0,"cybocfi_hide_featured_image":"","footnotes":""},"categories":[80,147,76],"tags":[211],"infouartes":[],"class_list":["post-6995","post","type-post","status-publish","format-standard","has-post-thumbnail","hentry","category-academico","category-cine","category-estudiantes","tag-covid19"],"acf":[],"yoast_head":"<!-- This site is optimized with the Yoast SEO plugin v27.4 - https:\/\/yoast.com\/product\/yoast-seo-wordpress\/ -->\n<title>Universidad de las Artes - Mar\u00eda Solange Del Pozo Lamilla, en la producci\u00f3n de \u201cEntre mangles y derivas\u201d<\/title>\n<meta name=\"description\" content=\"Universidad de las Artes - Mar\u00eda Solange Del Pozo Lamilla, en la producci\u00f3n de \u201cEntre mangles y derivas\u201d\" \/>\n<meta name=\"robots\" content=\"index, follow, max-snippet:-1, max-image-preview:large, max-video-preview:-1\" \/>\n<link rel=\"canonical\" href=\"https:\/\/www.uartes.edu.ec\/sitio\/en\/blog\/2020\/05\/16\/maria-solange-del-pozo-lamilla-en-la-produccion-de-entre-mangles-y-derivas\/\" \/>\n<meta property=\"og:locale\" content=\"en_US\" \/>\n<meta property=\"og:type\" content=\"article\" \/>\n<meta property=\"og:title\" content=\"Universidad de las Artes - Mar\u00eda Solange Del Pozo Lamilla, en la producci\u00f3n de \u201cEntre mangles y derivas\u201d\" \/>\n<meta property=\"og:description\" content=\"Universidad de las Artes - Mar\u00eda Solange Del Pozo Lamilla, en la producci\u00f3n de \u201cEntre mangles y derivas\u201d\" \/>\n<meta property=\"og:url\" content=\"https:\/\/www.uartes.edu.ec\/sitio\/en\/blog\/2020\/05\/16\/maria-solange-del-pozo-lamilla-en-la-produccion-de-entre-mangles-y-derivas\/\" \/>\n<meta property=\"og:site_name\" content=\"Universidad de las Artes\" \/>\n<meta property=\"article:publisher\" content=\"https:\/\/www.facebook.com\/uartesec\" \/>\n<meta property=\"article:published_time\" content=\"2020-05-16T20:28:18+00:00\" \/>\n<meta property=\"article:modified_time\" content=\"2024-07-04T16:43:10+00:00\" \/>\n<meta property=\"og:image\" content=\"https:\/\/www.uartes.edu.ec\/sitio\/wp-content\/uploads\/2020\/05\/PORTADA.jpg\" \/>\n\t<meta property=\"og:image:width\" content=\"2000\" \/>\n\t<meta property=\"og:image:height\" content=\"1333\" \/>\n\t<meta property=\"og:image:type\" content=\"image\/jpeg\" \/>\n<meta name=\"author\" content=\"Universidad de las Artes\" \/>\n<meta name=\"twitter:card\" content=\"summary_large_image\" \/>\n<meta name=\"twitter:creator\" content=\"@uartesec\" \/>\n<meta name=\"twitter:site\" content=\"@uartesec\" \/>\n<meta name=\"twitter:label1\" content=\"Written by\" \/>\n\t<meta name=\"twitter:data1\" content=\"Universidad de las Artes\" \/>\n\t<meta name=\"twitter:label2\" content=\"Est. reading time\" \/>\n\t<meta name=\"twitter:data2\" content=\"3 minutes\" \/>\n<script type=\"application\/ld+json\" class=\"yoast-schema-graph\">{\"@context\":\"https:\\\/\\\/schema.org\",\"@graph\":[{\"@type\":\"Article\",\"@id\":\"https:\\\/\\\/www.uartes.edu.ec\\\/sitio\\\/en\\\/blog\\\/2020\\\/05\\\/16\\\/maria-solange-del-pozo-lamilla-en-la-produccion-de-entre-mangles-y-derivas\\\/#article\",\"isPartOf\":{\"@id\":\"https:\\\/\\\/www.uartes.edu.ec\\\/sitio\\\/en\\\/blog\\\/2020\\\/05\\\/16\\\/maria-solange-del-pozo-lamilla-en-la-produccion-de-entre-mangles-y-derivas\\\/\"},\"author\":{\"name\":\"Universidad de las Artes\",\"@id\":\"https:\\\/\\\/www.uartes.edu.ec\\\/sitio\\\/en\\\/#\\\/schema\\\/person\\\/f33f8c1d2af0d5c80a38c8abf458184a\"},\"headline\":\"Mar\u00eda Solange Del Pozo Lamilla, en la producci\u00f3n de \u201cEntre mangles y derivas\u201d\",\"datePublished\":\"2020-05-16T20:28:18+00:00\",\"dateModified\":\"2024-07-04T16:43:10+00:00\",\"mainEntityOfPage\":{\"@id\":\"https:\\\/\\\/www.uartes.edu.ec\\\/sitio\\\/en\\\/blog\\\/2020\\\/05\\\/16\\\/maria-solange-del-pozo-lamilla-en-la-produccion-de-entre-mangles-y-derivas\\\/\"},\"wordCount\":592,\"publisher\":{\"@id\":\"https:\\\/\\\/www.uartes.edu.ec\\\/sitio\\\/en\\\/#organization\"},\"image\":{\"@id\":\"https:\\\/\\\/www.uartes.edu.ec\\\/sitio\\\/en\\\/blog\\\/2020\\\/05\\\/16\\\/maria-solange-del-pozo-lamilla-en-la-produccion-de-entre-mangles-y-derivas\\\/#primaryimage\"},\"thumbnailUrl\":\"https:\\\/\\\/www.uartes.edu.ec\\\/sitio\\\/wp-content\\\/uploads\\\/2020\\\/05\\\/PORTADA.jpg\",\"keywords\":[\"covid19\"],\"articleSection\":[\"Acad\u00e9mico\",\"Cine\",\"Estudiantes\"],\"inLanguage\":\"en-US\"},{\"@type\":[\"WebPage\",\"ItemPage\"],\"@id\":\"https:\\\/\\\/www.uartes.edu.ec\\\/sitio\\\/en\\\/blog\\\/2020\\\/05\\\/16\\\/maria-solange-del-pozo-lamilla-en-la-produccion-de-entre-mangles-y-derivas\\\/\",\"url\":\"https:\\\/\\\/www.uartes.edu.ec\\\/sitio\\\/en\\\/blog\\\/2020\\\/05\\\/16\\\/maria-solange-del-pozo-lamilla-en-la-produccion-de-entre-mangles-y-derivas\\\/\",\"name\":\"Universidad de las Artes - Mar\u00eda Solange Del Pozo Lamilla, en la producci\u00f3n de \u201cEntre mangles y derivas\u201d\",\"isPartOf\":{\"@id\":\"https:\\\/\\\/www.uartes.edu.ec\\\/sitio\\\/en\\\/#website\"},\"primaryImageOfPage\":{\"@id\":\"https:\\\/\\\/www.uartes.edu.ec\\\/sitio\\\/en\\\/blog\\\/2020\\\/05\\\/16\\\/maria-solange-del-pozo-lamilla-en-la-produccion-de-entre-mangles-y-derivas\\\/#primaryimage\"},\"image\":{\"@id\":\"https:\\\/\\\/www.uartes.edu.ec\\\/sitio\\\/en\\\/blog\\\/2020\\\/05\\\/16\\\/maria-solange-del-pozo-lamilla-en-la-produccion-de-entre-mangles-y-derivas\\\/#primaryimage\"},\"thumbnailUrl\":\"https:\\\/\\\/www.uartes.edu.ec\\\/sitio\\\/wp-content\\\/uploads\\\/2020\\\/05\\\/PORTADA.jpg\",\"datePublished\":\"2020-05-16T20:28:18+00:00\",\"dateModified\":\"2024-07-04T16:43:10+00:00\",\"description\":\"Universidad de las Artes - Mar\u00eda Solange Del Pozo Lamilla, en la producci\u00f3n de \u201cEntre mangles y derivas\u201d\",\"breadcrumb\":{\"@id\":\"https:\\\/\\\/www.uartes.edu.ec\\\/sitio\\\/en\\\/blog\\\/2020\\\/05\\\/16\\\/maria-solange-del-pozo-lamilla-en-la-produccion-de-entre-mangles-y-derivas\\\/#breadcrumb\"},\"inLanguage\":\"en-US\",\"potentialAction\":[{\"@type\":\"ReadAction\",\"target\":[\"https:\\\/\\\/www.uartes.edu.ec\\\/sitio\\\/en\\\/blog\\\/2020\\\/05\\\/16\\\/maria-solange-del-pozo-lamilla-en-la-produccion-de-entre-mangles-y-derivas\\\/\"]}]},{\"@type\":\"ImageObject\",\"inLanguage\":\"en-US\",\"@id\":\"https:\\\/\\\/www.uartes.edu.ec\\\/sitio\\\/en\\\/blog\\\/2020\\\/05\\\/16\\\/maria-solange-del-pozo-lamilla-en-la-produccion-de-entre-mangles-y-derivas\\\/#primaryimage\",\"url\":\"https:\\\/\\\/www.uartes.edu.ec\\\/sitio\\\/wp-content\\\/uploads\\\/2020\\\/05\\\/PORTADA.jpg\",\"contentUrl\":\"https:\\\/\\\/www.uartes.edu.ec\\\/sitio\\\/wp-content\\\/uploads\\\/2020\\\/05\\\/PORTADA.jpg\",\"width\":2000,\"height\":1333},{\"@type\":\"BreadcrumbList\",\"@id\":\"https:\\\/\\\/www.uartes.edu.ec\\\/sitio\\\/en\\\/blog\\\/2020\\\/05\\\/16\\\/maria-solange-del-pozo-lamilla-en-la-produccion-de-entre-mangles-y-derivas\\\/#breadcrumb\",\"itemListElement\":[{\"@type\":\"ListItem\",\"position\":1,\"name\":\"Inicio\",\"item\":\"https:\\\/\\\/www.uartes.edu.ec\\\/sitio\\\/\"},{\"@type\":\"ListItem\",\"position\":2,\"name\":\"Mar\u00eda Solange Del Pozo Lamilla, en la producci\u00f3n de \u201cEntre mangles y derivas\u201d\"}]},{\"@type\":\"WebSite\",\"@id\":\"https:\\\/\\\/www.uartes.edu.ec\\\/sitio\\\/en\\\/#website\",\"url\":\"https:\\\/\\\/www.uartes.edu.ec\\\/sitio\\\/en\\\/\",\"name\":\"Universidad de las Artes\",\"description\":\"Sitio oficial de la Universidad Nacional de las Artes del Ecuador\",\"publisher\":{\"@id\":\"https:\\\/\\\/www.uartes.edu.ec\\\/sitio\\\/en\\\/#organization\"},\"potentialAction\":[{\"@type\":\"SearchAction\",\"target\":{\"@type\":\"EntryPoint\",\"urlTemplate\":\"https:\\\/\\\/www.uartes.edu.ec\\\/sitio\\\/en\\\/?s={search_term_string}\"},\"query-input\":{\"@type\":\"PropertyValueSpecification\",\"valueRequired\":true,\"valueName\":\"search_term_string\"}}],\"inLanguage\":\"en-US\"},{\"@type\":\"Organization\",\"@id\":\"https:\\\/\\\/www.uartes.edu.ec\\\/sitio\\\/en\\\/#organization\",\"name\":\"Universidad de las Artes\",\"url\":\"https:\\\/\\\/www.uartes.edu.ec\\\/sitio\\\/en\\\/\",\"logo\":{\"@type\":\"ImageObject\",\"inLanguage\":\"en-US\",\"@id\":\"https:\\\/\\\/www.uartes.edu.ec\\\/sitio\\\/en\\\/#\\\/schema\\\/logo\\\/image\\\/\",\"url\":\"https:\\\/\\\/www.uartes.edu.ec\\\/sitio\\\/wp-content\\\/uploads\\\/2022\\\/07\\\/logo-ua-horizontal.png\",\"contentUrl\":\"https:\\\/\\\/www.uartes.edu.ec\\\/sitio\\\/wp-content\\\/uploads\\\/2022\\\/07\\\/logo-ua-horizontal.png\",\"width\":800,\"height\":276,\"caption\":\"Universidad de las Artes\"},\"image\":{\"@id\":\"https:\\\/\\\/www.uartes.edu.ec\\\/sitio\\\/en\\\/#\\\/schema\\\/logo\\\/image\\\/\"},\"sameAs\":[\"https:\\\/\\\/www.facebook.com\\\/uartesec\",\"https:\\\/\\\/x.com\\\/uartesec\",\"https:\\\/\\\/www.tiktok.com\\\/@uartesec\"]},{\"@type\":\"Person\",\"@id\":\"https:\\\/\\\/www.uartes.edu.ec\\\/sitio\\\/en\\\/#\\\/schema\\\/person\\\/f33f8c1d2af0d5c80a38c8abf458184a\",\"name\":\"Universidad de las Artes\",\"image\":{\"@type\":\"ImageObject\",\"inLanguage\":\"en-US\",\"@id\":\"https:\\\/\\\/secure.gravatar.com\\\/avatar\\\/52e4757902f5cfa5ac52d020e5be83cae5487519154b6c35482fe08d589f3c13?s=96&d=mm&r=g\",\"url\":\"https:\\\/\\\/secure.gravatar.com\\\/avatar\\\/52e4757902f5cfa5ac52d020e5be83cae5487519154b6c35482fe08d589f3c13?s=96&d=mm&r=g\",\"contentUrl\":\"https:\\\/\\\/secure.gravatar.com\\\/avatar\\\/52e4757902f5cfa5ac52d020e5be83cae5487519154b6c35482fe08d589f3c13?s=96&d=mm&r=g\",\"caption\":\"Universidad de las Artes\"},\"url\":\"https:\\\/\\\/www.uartes.edu.ec\\\/sitio\\\/en\\\/blog\\\/author\\\/dircomadm\\\/\"}]}<\/script>\n<!-- \/ Yoast SEO plugin. -->","yoast_head_json":{"title":"Universidad de las Artes - Mar\u00eda Solange Del Pozo Lamilla, en la producci\u00f3n de \u201cEntre mangles y derivas\u201d","description":"Universidad de las Artes - Mar\u00eda Solange Del Pozo Lamilla, en la producci\u00f3n de \u201cEntre mangles y derivas\u201d","robots":{"index":"index","follow":"follow","max-snippet":"max-snippet:-1","max-image-preview":"max-image-preview:large","max-video-preview":"max-video-preview:-1"},"canonical":"https:\/\/www.uartes.edu.ec\/sitio\/en\/blog\/2020\/05\/16\/maria-solange-del-pozo-lamilla-en-la-produccion-de-entre-mangles-y-derivas\/","og_locale":"en_US","og_type":"article","og_title":"Universidad de las Artes - Mar\u00eda Solange Del Pozo Lamilla, en la producci\u00f3n de \u201cEntre mangles y derivas\u201d","og_description":"Universidad de las Artes - Mar\u00eda Solange Del Pozo Lamilla, en la producci\u00f3n de \u201cEntre mangles y derivas\u201d","og_url":"https:\/\/www.uartes.edu.ec\/sitio\/en\/blog\/2020\/05\/16\/maria-solange-del-pozo-lamilla-en-la-produccion-de-entre-mangles-y-derivas\/","og_site_name":"Universidad de las Artes","article_publisher":"https:\/\/www.facebook.com\/uartesec","article_published_time":"2020-05-16T20:28:18+00:00","article_modified_time":"2024-07-04T16:43:10+00:00","og_image":[{"width":2000,"height":1333,"url":"https:\/\/www.uartes.edu.ec\/sitio\/wp-content\/uploads\/2020\/05\/PORTADA.jpg","type":"image\/jpeg"}],"author":"Universidad de las Artes","twitter_card":"summary_large_image","twitter_creator":"@uartesec","twitter_site":"@uartesec","twitter_misc":{"Written by":"Universidad de las Artes","Est. reading time":"3 minutes"},"schema":{"@context":"https:\/\/schema.org","@graph":[{"@type":"Article","@id":"https:\/\/www.uartes.edu.ec\/sitio\/en\/blog\/2020\/05\/16\/maria-solange-del-pozo-lamilla-en-la-produccion-de-entre-mangles-y-derivas\/#article","isPartOf":{"@id":"https:\/\/www.uartes.edu.ec\/sitio\/en\/blog\/2020\/05\/16\/maria-solange-del-pozo-lamilla-en-la-produccion-de-entre-mangles-y-derivas\/"},"author":{"name":"Universidad de las Artes","@id":"https:\/\/www.uartes.edu.ec\/sitio\/en\/#\/schema\/person\/f33f8c1d2af0d5c80a38c8abf458184a"},"headline":"Mar\u00eda Solange Del Pozo Lamilla, en la producci\u00f3n de \u201cEntre mangles y derivas\u201d","datePublished":"2020-05-16T20:28:18+00:00","dateModified":"2024-07-04T16:43:10+00:00","mainEntityOfPage":{"@id":"https:\/\/www.uartes.edu.ec\/sitio\/en\/blog\/2020\/05\/16\/maria-solange-del-pozo-lamilla-en-la-produccion-de-entre-mangles-y-derivas\/"},"wordCount":592,"publisher":{"@id":"https:\/\/www.uartes.edu.ec\/sitio\/en\/#organization"},"image":{"@id":"https:\/\/www.uartes.edu.ec\/sitio\/en\/blog\/2020\/05\/16\/maria-solange-del-pozo-lamilla-en-la-produccion-de-entre-mangles-y-derivas\/#primaryimage"},"thumbnailUrl":"https:\/\/www.uartes.edu.ec\/sitio\/wp-content\/uploads\/2020\/05\/PORTADA.jpg","keywords":["covid19"],"articleSection":["Acad\u00e9mico","Cine","Estudiantes"],"inLanguage":"en-US"},{"@type":["WebPage","ItemPage"],"@id":"https:\/\/www.uartes.edu.ec\/sitio\/en\/blog\/2020\/05\/16\/maria-solange-del-pozo-lamilla-en-la-produccion-de-entre-mangles-y-derivas\/","url":"https:\/\/www.uartes.edu.ec\/sitio\/en\/blog\/2020\/05\/16\/maria-solange-del-pozo-lamilla-en-la-produccion-de-entre-mangles-y-derivas\/","name":"Universidad de las Artes - Mar\u00eda Solange Del Pozo Lamilla, en la producci\u00f3n de \u201cEntre mangles y derivas\u201d","isPartOf":{"@id":"https:\/\/www.uartes.edu.ec\/sitio\/en\/#website"},"primaryImageOfPage":{"@id":"https:\/\/www.uartes.edu.ec\/sitio\/en\/blog\/2020\/05\/16\/maria-solange-del-pozo-lamilla-en-la-produccion-de-entre-mangles-y-derivas\/#primaryimage"},"image":{"@id":"https:\/\/www.uartes.edu.ec\/sitio\/en\/blog\/2020\/05\/16\/maria-solange-del-pozo-lamilla-en-la-produccion-de-entre-mangles-y-derivas\/#primaryimage"},"thumbnailUrl":"https:\/\/www.uartes.edu.ec\/sitio\/wp-content\/uploads\/2020\/05\/PORTADA.jpg","datePublished":"2020-05-16T20:28:18+00:00","dateModified":"2024-07-04T16:43:10+00:00","description":"Universidad de las Artes - Mar\u00eda Solange Del Pozo Lamilla, en la producci\u00f3n de \u201cEntre mangles y derivas\u201d","breadcrumb":{"@id":"https:\/\/www.uartes.edu.ec\/sitio\/en\/blog\/2020\/05\/16\/maria-solange-del-pozo-lamilla-en-la-produccion-de-entre-mangles-y-derivas\/#breadcrumb"},"inLanguage":"en-US","potentialAction":[{"@type":"ReadAction","target":["https:\/\/www.uartes.edu.ec\/sitio\/en\/blog\/2020\/05\/16\/maria-solange-del-pozo-lamilla-en-la-produccion-de-entre-mangles-y-derivas\/"]}]},{"@type":"ImageObject","inLanguage":"en-US","@id":"https:\/\/www.uartes.edu.ec\/sitio\/en\/blog\/2020\/05\/16\/maria-solange-del-pozo-lamilla-en-la-produccion-de-entre-mangles-y-derivas\/#primaryimage","url":"https:\/\/www.uartes.edu.ec\/sitio\/wp-content\/uploads\/2020\/05\/PORTADA.jpg","contentUrl":"https:\/\/www.uartes.edu.ec\/sitio\/wp-content\/uploads\/2020\/05\/PORTADA.jpg","width":2000,"height":1333},{"@type":"BreadcrumbList","@id":"https:\/\/www.uartes.edu.ec\/sitio\/en\/blog\/2020\/05\/16\/maria-solange-del-pozo-lamilla-en-la-produccion-de-entre-mangles-y-derivas\/#breadcrumb","itemListElement":[{"@type":"ListItem","position":1,"name":"Inicio","item":"https:\/\/www.uartes.edu.ec\/sitio\/"},{"@type":"ListItem","position":2,"name":"Mar\u00eda Solange Del Pozo Lamilla, en la producci\u00f3n de \u201cEntre mangles y derivas\u201d"}]},{"@type":"WebSite","@id":"https:\/\/www.uartes.edu.ec\/sitio\/en\/#website","url":"https:\/\/www.uartes.edu.ec\/sitio\/en\/","name":"Universidad de las Artes","description":"Sitio oficial de la Universidad Nacional de las Artes del Ecuador","publisher":{"@id":"https:\/\/www.uartes.edu.ec\/sitio\/en\/#organization"},"potentialAction":[{"@type":"SearchAction","target":{"@type":"EntryPoint","urlTemplate":"https:\/\/www.uartes.edu.ec\/sitio\/en\/?s={search_term_string}"},"query-input":{"@type":"PropertyValueSpecification","valueRequired":true,"valueName":"search_term_string"}}],"inLanguage":"en-US"},{"@type":"Organization","@id":"https:\/\/www.uartes.edu.ec\/sitio\/en\/#organization","name":"Universidad de las Artes","url":"https:\/\/www.uartes.edu.ec\/sitio\/en\/","logo":{"@type":"ImageObject","inLanguage":"en-US","@id":"https:\/\/www.uartes.edu.ec\/sitio\/en\/#\/schema\/logo\/image\/","url":"https:\/\/www.uartes.edu.ec\/sitio\/wp-content\/uploads\/2022\/07\/logo-ua-horizontal.png","contentUrl":"https:\/\/www.uartes.edu.ec\/sitio\/wp-content\/uploads\/2022\/07\/logo-ua-horizontal.png","width":800,"height":276,"caption":"Universidad de las Artes"},"image":{"@id":"https:\/\/www.uartes.edu.ec\/sitio\/en\/#\/schema\/logo\/image\/"},"sameAs":["https:\/\/www.facebook.com\/uartesec","https:\/\/x.com\/uartesec","https:\/\/www.tiktok.com\/@uartesec"]},{"@type":"Person","@id":"https:\/\/www.uartes.edu.ec\/sitio\/en\/#\/schema\/person\/f33f8c1d2af0d5c80a38c8abf458184a","name":"Universidad de las Artes","image":{"@type":"ImageObject","inLanguage":"en-US","@id":"https:\/\/secure.gravatar.com\/avatar\/52e4757902f5cfa5ac52d020e5be83cae5487519154b6c35482fe08d589f3c13?s=96&d=mm&r=g","url":"https:\/\/secure.gravatar.com\/avatar\/52e4757902f5cfa5ac52d020e5be83cae5487519154b6c35482fe08d589f3c13?s=96&d=mm&r=g","contentUrl":"https:\/\/secure.gravatar.com\/avatar\/52e4757902f5cfa5ac52d020e5be83cae5487519154b6c35482fe08d589f3c13?s=96&d=mm&r=g","caption":"Universidad de las Artes"},"url":"https:\/\/www.uartes.edu.ec\/sitio\/en\/blog\/author\/dircomadm\/"}]}},"uagb_featured_image_src":{"full":["https:\/\/www.uartes.edu.ec\/sitio\/wp-content\/uploads\/2020\/05\/PORTADA.jpg",2000,1333,false],"thumbnail":["https:\/\/www.uartes.edu.ec\/sitio\/wp-content\/uploads\/2020\/05\/PORTADA-150x150.jpg",150,150,true],"medium":["https:\/\/www.uartes.edu.ec\/sitio\/wp-content\/uploads\/2020\/05\/PORTADA-300x200.jpg",300,200,true],"medium_large":["https:\/\/www.uartes.edu.ec\/sitio\/wp-content\/uploads\/2020\/05\/PORTADA-768x512.jpg",768,512,true],"large":["https:\/\/www.uartes.edu.ec\/sitio\/wp-content\/uploads\/2020\/05\/PORTADA-644x429.jpg",644,429,true],"1536x1536":["https:\/\/www.uartes.edu.ec\/sitio\/wp-content\/uploads\/2020\/05\/PORTADA-1536x1024.jpg",1536,1024,true],"2048x2048":["https:\/\/www.uartes.edu.ec\/sitio\/wp-content\/uploads\/2020\/05\/PORTADA.jpg",2000,1333,false],"trp-custom-language-flag":["https:\/\/www.uartes.edu.ec\/sitio\/wp-content\/uploads\/2020\/05\/PORTADA.jpg",18,12,false],"htmega_size_585x295":["https:\/\/www.uartes.edu.ec\/sitio\/wp-content\/uploads\/2020\/05\/PORTADA.jpg",443,295,false],"htmega_size_1170x536":["https:\/\/www.uartes.edu.ec\/sitio\/wp-content\/uploads\/2020\/05\/PORTADA.jpg",804,536,false],"htmega_size_396x360":["https:\/\/www.uartes.edu.ec\/sitio\/wp-content\/uploads\/2020\/05\/PORTADA.jpg",396,264,false],"gb-block-post-grid-landscape":["https:\/\/www.uartes.edu.ec\/sitio\/wp-content\/uploads\/2020\/05\/PORTADA.jpg",600,400,false],"gb-block-post-grid-square":["https:\/\/www.uartes.edu.ec\/sitio\/wp-content\/uploads\/2020\/05\/PORTADA.jpg",600,400,false],"university-hub-thumb":["https:\/\/www.uartes.edu.ec\/sitio\/wp-content\/uploads\/2020\/05\/PORTADA-400x267.jpg",400,267,true]},"uagb_author_info":{"display_name":"Universidad de las Artes","author_link":"https:\/\/www.uartes.edu.ec\/sitio\/en\/blog\/author\/dircomadm\/"},"uagb_comment_info":0,"uagb_excerpt":"11:00, s\u00e1bado 2 de mayo de 2020. El jurado de tesis est\u00e1 listo para escuchar v\u00eda videoconferencia a Mar\u00eda Solange Del Pozo Lamilla, de la Escuela de Cine, defender su trabajo final al que titul\u00f3 \u201cElaboraci\u00f3n de la producci\u00f3n del cortometraje documental Entre mangles y derivas, dirigido por Camille Enr\u00edquez\u201d.","featured_image_src":"https:\/\/www.uartes.edu.ec\/sitio\/wp-content\/uploads\/2020\/05\/PORTADA.jpg","featured_image_src_square":"https:\/\/www.uartes.edu.ec\/sitio\/wp-content\/uploads\/2020\/05\/PORTADA.jpg","author_info":{"display_name":"Universidad de las Artes","author_link":"https:\/\/www.uartes.edu.ec\/sitio\/en\/blog\/author\/dircomadm\/"},"publishpress_future_workflow_manual_trigger":{"enabledWorkflows":[]},"distributor_meta":false,"distributor_terms":false,"distributor_media":false,"distributor_original_site_name":"Universidad de las Artes","distributor_original_site_url":"https:\/\/www.uartes.edu.ec\/sitio\/en","push-errors":false,"_links":{"self":[{"href":"https:\/\/www.uartes.edu.ec\/sitio\/en\/wp-json\/wp\/v2\/posts\/6995","targetHints":{"allow":["GET"]}}],"collection":[{"href":"https:\/\/www.uartes.edu.ec\/sitio\/en\/wp-json\/wp\/v2\/posts"}],"about":[{"href":"https:\/\/www.uartes.edu.ec\/sitio\/en\/wp-json\/wp\/v2\/types\/post"}],"author":[{"embeddable":true,"href":"https:\/\/www.uartes.edu.ec\/sitio\/en\/wp-json\/wp\/v2\/users\/1"}],"replies":[{"embeddable":true,"href":"https:\/\/www.uartes.edu.ec\/sitio\/en\/wp-json\/wp\/v2\/comments?post=6995"}],"version-history":[{"count":2,"href":"https:\/\/www.uartes.edu.ec\/sitio\/en\/wp-json\/wp\/v2\/posts\/6995\/revisions"}],"predecessor-version":[{"id":57633,"href":"https:\/\/www.uartes.edu.ec\/sitio\/en\/wp-json\/wp\/v2\/posts\/6995\/revisions\/57633"}],"wp:featuredmedia":[{"embeddable":true,"href":"https:\/\/www.uartes.edu.ec\/sitio\/en\/wp-json\/wp\/v2\/media\/6996"}],"wp:attachment":[{"href":"https:\/\/www.uartes.edu.ec\/sitio\/en\/wp-json\/wp\/v2\/media?parent=6995"}],"wp:term":[{"taxonomy":"category","embeddable":true,"href":"https:\/\/www.uartes.edu.ec\/sitio\/en\/wp-json\/wp\/v2\/categories?post=6995"},{"taxonomy":"post_tag","embeddable":true,"href":"https:\/\/www.uartes.edu.ec\/sitio\/en\/wp-json\/wp\/v2\/tags?post=6995"},{"taxonomy":"infouartes","embeddable":true,"href":"https:\/\/www.uartes.edu.ec\/sitio\/en\/wp-json\/wp\/v2\/infouartes?post=6995"}],"curies":[{"name":"wp","href":"https:\/\/api.w.org\/{rel}","templated":true}]}}