{"id":69992,"date":"2025-03-28T19:55:16","date_gmt":"2025-03-29T00:55:16","guid":{"rendered":"https:\/\/www.uartes.edu.ec\/sitio\/?p=69992"},"modified":"2025-03-31T19:11:17","modified_gmt":"2025-04-01T00:11:17","slug":"derechos-de-trabajadoras-remuneradas-del-hogar-centro-evento-de-biblioteca-de-las-artes-y-la-direccion-de-la-mujer-municipal","status":"publish","type":"post","link":"https:\/\/www.uartes.edu.ec\/sitio\/en\/blog\/2025\/03\/28\/derechos-de-trabajadoras-remuneradas-del-hogar-centro-evento-de-biblioteca-de-las-artes-y-la-direccion-de-la-mujer-municipal\/","title":{"rendered":"Derechos de trabajadoras remuneradas del hogar centr\u00f3 evento de la Biblioteca de las Artes y la Direcci\u00f3n de la Mujer municipal"},"content":{"rendered":"<p>Reconocer, visibilizar y reafirmar la importancia del trabajo de miles de mujeres que, con esfuerzo y dedicaci\u00f3n, sostienen el bienestar de muchas familias en nuestra sociedad. Con ese prop\u00f3sito la Biblioteca de las Artes y la Direcci\u00f3n General de la Mujer del Municipio de Guayaquil organizaron el di\u00e1logo \u201cVoces del cuidado: Derechos de las trabajadoras remuneradas del hogar\u201d.<\/p>\n\n\n\n<p>El evento se desarroll\u00f3 en el tercer piso de la Biblioteca de la Universidad de las Artes y la presidieron nuestro rector, William Herrera, y la titular de la direcci\u00f3n municipal mencionada, Paulina Castillo, quien ponder\u00f3 la realizaci\u00f3n de actividades conjuntas con la academia en pro de los derechos de todos. \u201cLa Direcci\u00f3n de la Mujer se especializa en los derechos de las mujeres, por ello buscamos a gremios con necesidades espec\u00edficas, como las trabajadoras remuneradas del hogar, cuyos derechos son importantes para nosotros\u201d.<\/p>\n\n\n\n<p>El rector indic\u00f3 en su intervenci\u00f3n que, en el marco de la agenda de Vinculaci\u00f3n con la Sociedad de la Universidad de las Artes, se han desarrollado varios proyectos con colectivos de trabajadoras remuneradas del hogar. Que esta sea una oportunidad para pensar en nuevas iniciativas conjuntas; la UArtes es una instituci\u00f3n de educaci\u00f3n superior para los guayaquile\u00f1os y el pa\u00eds, y es importante que participen en nuestras agendas de trabajo; la Biblioteca de las Artes es un espacio que queremos lo sientan como su casa, dijo.<\/p>\n\n\n<div class=\"wp-block-image\">\n<figure class=\"aligncenter size-large\"><img fetchpriority=\"high\" decoding=\"async\" width=\"644\" height=\"429\" src=\"https:\/\/www.uartes.edu.ec\/sitio\/wp-content\/uploads\/2025\/03\/05-VOCES-DEL-CUIDADO-644x429.jpg\" alt=\"\" class=\"wp-image-69994\" srcset=\"https:\/\/www.uartes.edu.ec\/sitio\/wp-content\/uploads\/2025\/03\/05-VOCES-DEL-CUIDADO-644x429.jpg 644w, https:\/\/www.uartes.edu.ec\/sitio\/wp-content\/uploads\/2025\/03\/05-VOCES-DEL-CUIDADO-300x200.jpg 300w, https:\/\/www.uartes.edu.ec\/sitio\/wp-content\/uploads\/2025\/03\/05-VOCES-DEL-CUIDADO-768x512.jpg 768w, https:\/\/www.uartes.edu.ec\/sitio\/wp-content\/uploads\/2025\/03\/05-VOCES-DEL-CUIDADO-1536x1024.jpg 1536w, https:\/\/www.uartes.edu.ec\/sitio\/wp-content\/uploads\/2025\/03\/05-VOCES-DEL-CUIDADO-18x12.jpg 18w, https:\/\/www.uartes.edu.ec\/sitio\/wp-content\/uploads\/2025\/03\/05-VOCES-DEL-CUIDADO-600x400.jpg 600w, https:\/\/www.uartes.edu.ec\/sitio\/wp-content\/uploads\/2025\/03\/05-VOCES-DEL-CUIDADO-400x267.jpg 400w, https:\/\/www.uartes.edu.ec\/sitio\/wp-content\/uploads\/2025\/03\/05-VOCES-DEL-CUIDADO.jpg 2000w\" sizes=\"(max-width: 644px) 100vw, 644px\" \/><\/figure>\n<\/div>\n\n\n<p>Al p\u00fablico, conformado mayormente por miembros de la Asociaci\u00f3n de Trabajadoras Remuneradas del Hogar (ATRH) y por mujeres que cumplen esa labor, pero a\u00fan no la integran, Paulina Castillo se\u00f1al\u00f3 a la Biblioteca de las Artes como un espacio significativo para la Direcci\u00f3n General de la Mujer y la Alcald\u00eda de Guayaquil. \u201cNos hemos reunido hoy (ayer, 27 de marzo de 2025) para alzar la voz por quienes han sido hist\u00f3ricamente invisibilizados. Creemos firmemente que el reconocimiento de sus derechos no solo es cuesti\u00f3n de justicia, es una deuda hist\u00f3rica\u201d.<\/p>\n\n\n\n<p>Reafirmando que la labor que cumplen las trabajadoras remuneradas del hogar no es menos valiosa, que sus derechos no son negociables y que su dignidad debe ser garantizada, Castillo agradeci\u00f3 a la asociaci\u00f3n que las agrupa y a la UArtes por abrir las puertas y sumarse a los esfuerzos por visibilizarlas y empoderarlas.<\/p>\n\n\n\n<p>Durante la jornada, Castillo adelant\u00f3 que se escuchar\u00edan historias de lucha que inspiran, se hablar\u00eda de la importancia de la Seguridad Social, el acceso a los derechos laborales \u201cy nos tomaremos un momento para el autocuidado\u201d. &nbsp;<\/p>\n\n\n\n<p>Maximina Salazar, miembro de la asociaci\u00f3n, comparti\u00f3 con la audiencia la historia del gremio y las acciones desarrolladas. La ATRH naci\u00f3 el 16 de marzo de 1998, surgi\u00f3 en el seno de la Fundaci\u00f3n Mar\u00eda Guare, cuya misi\u00f3n es la promoci\u00f3n y defensa de los derechos de las mujeres; le dio una especial atenci\u00f3n a la situaci\u00f3n de la trabajadora dom\u00e9stica remunerada y desarroll\u00f3 el programa de profesionalizaci\u00f3n del trabajo dom\u00e9stico. \u201cSe fund\u00f3 gracias al empe\u00f1o e inter\u00e9s de la soci\u00f3loga Trinidad Coloma (ya fallecida), quien nos motiv\u00f3 a seguir en la lucha para garantizar nuestros derechos\u201d.<\/p>\n\n\n<div class=\"wp-block-image\">\n<figure class=\"aligncenter size-large\"><img decoding=\"async\" width=\"644\" height=\"429\" src=\"https:\/\/www.uartes.edu.ec\/sitio\/wp-content\/uploads\/2025\/03\/03-VOCES-DEL-CUIDADO-644x429.jpg\" alt=\"\" class=\"wp-image-69995\" srcset=\"https:\/\/www.uartes.edu.ec\/sitio\/wp-content\/uploads\/2025\/03\/03-VOCES-DEL-CUIDADO-644x429.jpg 644w, https:\/\/www.uartes.edu.ec\/sitio\/wp-content\/uploads\/2025\/03\/03-VOCES-DEL-CUIDADO-300x200.jpg 300w, https:\/\/www.uartes.edu.ec\/sitio\/wp-content\/uploads\/2025\/03\/03-VOCES-DEL-CUIDADO-768x512.jpg 768w, https:\/\/www.uartes.edu.ec\/sitio\/wp-content\/uploads\/2025\/03\/03-VOCES-DEL-CUIDADO-1536x1024.jpg 1536w, https:\/\/www.uartes.edu.ec\/sitio\/wp-content\/uploads\/2025\/03\/03-VOCES-DEL-CUIDADO-18x12.jpg 18w, https:\/\/www.uartes.edu.ec\/sitio\/wp-content\/uploads\/2025\/03\/03-VOCES-DEL-CUIDADO-600x400.jpg 600w, https:\/\/www.uartes.edu.ec\/sitio\/wp-content\/uploads\/2025\/03\/03-VOCES-DEL-CUIDADO-400x267.jpg 400w, https:\/\/www.uartes.edu.ec\/sitio\/wp-content\/uploads\/2025\/03\/03-VOCES-DEL-CUIDADO.jpg 2000w\" sizes=\"(max-width: 644px) 100vw, 644px\" \/><\/figure>\n<\/div>\n\n\n<p>Que no los conoc\u00edan (los derechos) y ni siquiera sab\u00edan que los ten\u00edan. \u201cNo conoc\u00edamos del derecho al trabajo, a la afiliaci\u00f3n y a la profesionalizaci\u00f3n\u201d, precis\u00f3 Salazar y agreg\u00f3 que gracias a la fundaci\u00f3n que las acogi\u00f3 recibieron capacitaci\u00f3n al respecto y que fue Mar\u00eda Guar\u00e9 que desarroll\u00f3 el programa de profesionalizaci\u00f3n del trabajo dom\u00e9stico remunerado financiado por la UNIFEM. \u201cDesde entonces nos impregnaron ese deseo de querer saber m\u00e1s y ayud\u00f3 a fomentar la autoestima de las mujeres que habitan en las zonas vulnerables, impulsando una serie de talleres dirigidos a mujeres dedicadas al trabajo dom\u00e9stico remunerado\u201d.&nbsp;<\/p>\n\n\n\n<p>Tuvieron talleres en los que aprendieron incluso a producir un programa radial, que lo tuvieron desde los inicios de la asociaci\u00f3n (a finales de los noventa) hasta el 2006 y para el cual buscaron financiamiento; se llam\u00f3 \u201cAlgo m\u00e1s que trabajadoras remuneradas del hogar\u201d y se transmit\u00eda los d\u00edas viernes por radio <em>Cristal.<\/em> Pudieron difundir sus derechos. \u201cSi nos preparamos podemos hacer lo que nos propongamos\u201d, expres\u00f3 Salazar, invitando a las agremiadas y a quienes a\u00fan no est\u00e1n integradas a capacitarse.<\/p>\n\n\n\n<p>La ATRH tuvo m\u00e1s de 300 socias bajo la protecci\u00f3n de la fundaci\u00f3n y tras el deceso de Trinidad Coloma debieron buscar d\u00f3nde establecerse. Mantenerse ha sido trabajo arduo, pero lo est\u00e1n logrando, pese a haber tenido pausas, sostuvo la ponente. Revel\u00f3 que los talleres y otras capacitaciones, as\u00ed como los di\u00e1logos propiciados para que m\u00e1s trabajadoras remuneradas del hogar conozcan sus derechos, se extendieron. Realizan sus activaciones y socializaciones no son solo en Guayaquil y los cantones del Guayas, sino de Los R\u00edos y Manab\u00ed; las agremiadas de esas provincias tambi\u00e9n participaron del conversatorio organizado por la Direcci\u00f3n General de la Mujer del Municipio y la Biblioteca de las Artes.<\/p>\n\n\n<div class=\"wp-block-image\">\n<figure class=\"aligncenter size-large\"><img decoding=\"async\" width=\"644\" height=\"429\" src=\"https:\/\/www.uartes.edu.ec\/sitio\/wp-content\/uploads\/2025\/03\/02-VOCES-DEL-CUIDADO-644x429.jpg\" alt=\"\" class=\"wp-image-69996\" srcset=\"https:\/\/www.uartes.edu.ec\/sitio\/wp-content\/uploads\/2025\/03\/02-VOCES-DEL-CUIDADO-644x429.jpg 644w, https:\/\/www.uartes.edu.ec\/sitio\/wp-content\/uploads\/2025\/03\/02-VOCES-DEL-CUIDADO-300x200.jpg 300w, https:\/\/www.uartes.edu.ec\/sitio\/wp-content\/uploads\/2025\/03\/02-VOCES-DEL-CUIDADO-768x512.jpg 768w, https:\/\/www.uartes.edu.ec\/sitio\/wp-content\/uploads\/2025\/03\/02-VOCES-DEL-CUIDADO-1536x1024.jpg 1536w, https:\/\/www.uartes.edu.ec\/sitio\/wp-content\/uploads\/2025\/03\/02-VOCES-DEL-CUIDADO-18x12.jpg 18w, https:\/\/www.uartes.edu.ec\/sitio\/wp-content\/uploads\/2025\/03\/02-VOCES-DEL-CUIDADO-600x400.jpg 600w, https:\/\/www.uartes.edu.ec\/sitio\/wp-content\/uploads\/2025\/03\/02-VOCES-DEL-CUIDADO-400x267.jpg 400w, https:\/\/www.uartes.edu.ec\/sitio\/wp-content\/uploads\/2025\/03\/02-VOCES-DEL-CUIDADO.jpg 2000w\" sizes=\"(max-width: 644px) 100vw, 644px\" \/><\/figure>\n<\/div>\n\n\n<p>En su exposici\u00f3n, Salazar record\u00f3 que el objetivo de la asociaci\u00f3n es defender el derecho de las trabajadoras del hogar y que se valore el trabajo en todos los \u00e1mbitos: sociedad civil y el propio Estado, que las trabajadoras del hogar se apropien de sus derechos y se les respeten, que se afilien al Seguro Social, que tengan vacaciones, que puedan jubilarse. Como gremio han presentado propuestas a la Uni\u00f3n Nacional de Trabajadoras del Hogar y Afines (UNTHA), en ese sentido.<\/p>\n\n\n\n<p>Tambi\u00e9n haci\u00e9ndose eco de propuestas planteadas en torno a los Derechos Laborales y Seguridad Social intervino aren M\u00e1rquez. En su detallada exposici\u00f3n mencion\u00f3: exigir a los empleadores que estos se cumplan y que, para garantizarlo, se realicen inspecciones laborales en zonas residenciales de mayor trascendencia \u2013urbanizaciones de la v\u00eda a la Costa, Samborond\u00f3n, entre otras\u2013, capacitaciones por parte del Ministerio de Trabajo en temas de derechos laborales y sindicales, as\u00ed como financiamiento del Estado para temas de incidencia pol\u00edtica y sensibilizaci\u00f3n nacional.<\/p>\n\n\n\n<p>La tambi\u00e9n integrante de la asociaci\u00f3n, Elizabeth Ponguillo, dio su testimonio en torno al trabajo que realiz\u00f3 para terceros y de c\u00f3mo las capacitaciones recibidas la animaron a continuar prepar\u00e1ndose. Hizo el llamado trabajo dom\u00e9stico sin dejar de estudiar hasta convertirse en tecn\u00f3loga en educaci\u00f3n, revel\u00f3.<\/p>\n\n\n<div class=\"wp-block-image\">\n<figure class=\"aligncenter size-large is-resized\"><img loading=\"lazy\" decoding=\"async\" width=\"644\" height=\"483\" src=\"https:\/\/www.uartes.edu.ec\/sitio\/wp-content\/uploads\/2025\/03\/Voces11-644x483.jpg\" alt=\"\" class=\"wp-image-69997\" style=\"width:619px;height:auto\" srcset=\"https:\/\/www.uartes.edu.ec\/sitio\/wp-content\/uploads\/2025\/03\/Voces11-644x483.jpg 644w, https:\/\/www.uartes.edu.ec\/sitio\/wp-content\/uploads\/2025\/03\/Voces11-300x225.jpg 300w, https:\/\/www.uartes.edu.ec\/sitio\/wp-content\/uploads\/2025\/03\/Voces11-768x576.jpg 768w, https:\/\/www.uartes.edu.ec\/sitio\/wp-content\/uploads\/2025\/03\/Voces11-1536x1152.jpg 1536w, https:\/\/www.uartes.edu.ec\/sitio\/wp-content\/uploads\/2025\/03\/Voces11-16x12.jpg 16w, https:\/\/www.uartes.edu.ec\/sitio\/wp-content\/uploads\/2025\/03\/Voces11-400x300.jpg 400w, https:\/\/www.uartes.edu.ec\/sitio\/wp-content\/uploads\/2025\/03\/Voces11.jpg 1778w\" sizes=\"(max-width: 644px) 100vw, 644px\" \/><\/figure>\n<\/div>\n\n\n<p>La actividad concluy\u00f3 con el taller \u201cAutocuidado\u201d, a cargo de la coordinadora de la Direcci\u00f3n General de la Mujer, Leticia Becilla Garc\u00eda, quien invit\u00f3 a los presentes a realizar ejercicios respiratorios, los cuales fueron parte de los recursos que se pueden utilizar para liberarse del estr\u00e9s; el taller fue dise\u00f1ado pensando en que el bienestar integral es fundamental y que contribuye en mejorar la calidad de vida de la mujer en todo su ciclo de vida.<\/p>\n\n\n\n<p>Al t\u00e9rmino del evento, la titular de la Direcci\u00f3n General de la Mujer, Paulina Castillo, coment\u00f3 a InfoUArtes de la realizaci\u00f3n de campa\u00f1as educomunicacionales \u201ca nivel p\u00fablico y empresarial para replicar la informaci\u00f3n y promover que las mujeres remuneradas del hogar sean afiliadas, que puedan tener vacaciones y acceso a todos los derechos que les corresponde por la ley. A veces es un tema de desconocimiento tanto de las mujeres remuneradas del hogar que no conocen sus derechos y el empleador que no conoce sus obligaciones\u201d.<\/p>","protected":false},"excerpt":{"rendered":"<p>Reconocer, visibilizar y reafirmar la importancia del trabajo de miles de mujeres que sostienen el bienestar de muchas familias en nuestra sociedad. Con ese fin, la Biblioteca de las Artes y la Direcci\u00f3n General de la Mujer del Municipio organizaron el di\u00e1logo \u201cVoces del cuidado: Derechos de las trabajadoras remuneradas del hogar\u201d. Lo presidieron el rector William Herrera y la titular de la unidad municipal mencionada, Paulina Castillo.<\/p>","protected":false},"author":10,"featured_media":69993,"comment_status":"open","ping_status":"open","sticky":false,"template":"","format":"standard","meta":{"_acf_changed":false,"_uag_custom_page_level_css":"","_monsterinsights_skip_tracking":false,"_monsterinsights_sitenote_active":false,"_monsterinsights_sitenote_note":"","_monsterinsights_sitenote_category":0,"cybocfi_hide_featured_image":"","footnotes":""},"categories":[77,83,79],"tags":[41],"infouartes":[],"class_list":["post-69992","post","type-post","status-publish","format-standard","has-post-thumbnail","hentry","category-gestion","category-sedes","category-vinculo","tag-biblioteca"],"acf":[],"yoast_head":"<!-- This site is optimized with the Yoast SEO plugin v27.4 - https:\/\/yoast.com\/product\/yoast-seo-wordpress\/ -->\n<title>Universidad de las Artes - Derechos de trabajadoras remuneradas del hogar centr\u00f3 evento de la Biblioteca de las Artes y la Direcci\u00f3n de la Mujer municipal<\/title>\n<meta name=\"description\" content=\"Universidad de las Artes - Derechos de trabajadoras remuneradas del hogar centr\u00f3 evento de la Biblioteca de las Artes y la Direcci\u00f3n de la Mujer municipal\" \/>\n<meta name=\"robots\" content=\"index, follow, max-snippet:-1, max-image-preview:large, max-video-preview:-1\" \/>\n<link rel=\"canonical\" href=\"https:\/\/www.uartes.edu.ec\/sitio\/en\/blog\/2025\/03\/28\/derechos-de-trabajadoras-remuneradas-del-hogar-centro-evento-de-biblioteca-de-las-artes-y-la-direccion-de-la-mujer-municipal\/\" \/>\n<meta property=\"og:locale\" content=\"en_US\" \/>\n<meta property=\"og:type\" content=\"article\" \/>\n<meta property=\"og:title\" content=\"Universidad de las Artes - Derechos de trabajadoras remuneradas del hogar centr\u00f3 evento de la Biblioteca de las Artes y la Direcci\u00f3n de la Mujer municipal\" \/>\n<meta property=\"og:description\" content=\"Universidad de las Artes - Derechos de trabajadoras remuneradas del hogar centr\u00f3 evento de la Biblioteca de las Artes y la Direcci\u00f3n de la Mujer municipal\" \/>\n<meta property=\"og:url\" content=\"https:\/\/www.uartes.edu.ec\/sitio\/en\/blog\/2025\/03\/28\/derechos-de-trabajadoras-remuneradas-del-hogar-centro-evento-de-biblioteca-de-las-artes-y-la-direccion-de-la-mujer-municipal\/\" \/>\n<meta property=\"og:site_name\" content=\"Universidad de las Artes\" \/>\n<meta property=\"article:publisher\" content=\"https:\/\/www.facebook.com\/uartesec\" \/>\n<meta property=\"article:published_time\" content=\"2025-03-29T00:55:16+00:00\" \/>\n<meta property=\"article:modified_time\" content=\"2025-04-01T00:11:17+00:00\" \/>\n<meta property=\"og:image\" content=\"https:\/\/www.uartes.edu.ec\/sitio\/wp-content\/uploads\/2025\/03\/04-VOCES-DEL-CUIDADO.jpg\" \/>\n\t<meta property=\"og:image:width\" content=\"2000\" \/>\n\t<meta property=\"og:image:height\" content=\"1333\" \/>\n\t<meta property=\"og:image:type\" content=\"image\/jpeg\" \/>\n<meta name=\"author\" content=\"ccortez\" \/>\n<meta name=\"twitter:card\" content=\"summary_large_image\" \/>\n<meta name=\"twitter:creator\" content=\"@uartesec\" \/>\n<meta name=\"twitter:site\" content=\"@uartesec\" \/>\n<meta name=\"twitter:label1\" content=\"Written by\" \/>\n\t<meta name=\"twitter:data1\" content=\"ccortez\" \/>\n\t<meta name=\"twitter:label2\" content=\"Est. reading time\" \/>\n\t<meta name=\"twitter:data2\" content=\"7 minutes\" \/>\n<script type=\"application\/ld+json\" class=\"yoast-schema-graph\">{\"@context\":\"https:\\\/\\\/schema.org\",\"@graph\":[{\"@type\":\"Article\",\"@id\":\"https:\\\/\\\/www.uartes.edu.ec\\\/sitio\\\/en\\\/blog\\\/2025\\\/03\\\/28\\\/derechos-de-trabajadoras-remuneradas-del-hogar-centro-evento-de-biblioteca-de-las-artes-y-la-direccion-de-la-mujer-municipal\\\/#article\",\"isPartOf\":{\"@id\":\"https:\\\/\\\/www.uartes.edu.ec\\\/sitio\\\/en\\\/blog\\\/2025\\\/03\\\/28\\\/derechos-de-trabajadoras-remuneradas-del-hogar-centro-evento-de-biblioteca-de-las-artes-y-la-direccion-de-la-mujer-municipal\\\/\"},\"author\":{\"name\":\"ccortez\",\"@id\":\"https:\\\/\\\/www.uartes.edu.ec\\\/sitio\\\/en\\\/#\\\/schema\\\/person\\\/efa1b8275797664fd7f13a79ccc0b1f4\"},\"headline\":\"Derechos de trabajadoras remuneradas del hogar centr\u00f3 evento de la Biblioteca de las Artes y la Direcci\u00f3n de la Mujer municipal\",\"datePublished\":\"2025-03-29T00:55:16+00:00\",\"dateModified\":\"2025-04-01T00:11:17+00:00\",\"mainEntityOfPage\":{\"@id\":\"https:\\\/\\\/www.uartes.edu.ec\\\/sitio\\\/en\\\/blog\\\/2025\\\/03\\\/28\\\/derechos-de-trabajadoras-remuneradas-del-hogar-centro-evento-de-biblioteca-de-las-artes-y-la-direccion-de-la-mujer-municipal\\\/\"},\"wordCount\":1281,\"commentCount\":0,\"publisher\":{\"@id\":\"https:\\\/\\\/www.uartes.edu.ec\\\/sitio\\\/en\\\/#organization\"},\"image\":{\"@id\":\"https:\\\/\\\/www.uartes.edu.ec\\\/sitio\\\/en\\\/blog\\\/2025\\\/03\\\/28\\\/derechos-de-trabajadoras-remuneradas-del-hogar-centro-evento-de-biblioteca-de-las-artes-y-la-direccion-de-la-mujer-municipal\\\/#primaryimage\"},\"thumbnailUrl\":\"https:\\\/\\\/www.uartes.edu.ec\\\/sitio\\\/wp-content\\\/uploads\\\/2025\\\/03\\\/04-VOCES-DEL-CUIDADO.jpg\",\"keywords\":[\"biblioteca\"],\"articleSection\":[\"Gesti\u00f3n\",\"Sedes\",\"V\u00ednculo\"],\"inLanguage\":\"en-US\",\"potentialAction\":[{\"@type\":\"CommentAction\",\"name\":\"Comment\",\"target\":[\"https:\\\/\\\/www.uartes.edu.ec\\\/sitio\\\/en\\\/blog\\\/2025\\\/03\\\/28\\\/derechos-de-trabajadoras-remuneradas-del-hogar-centro-evento-de-biblioteca-de-las-artes-y-la-direccion-de-la-mujer-municipal\\\/#respond\"]}]},{\"@type\":[\"WebPage\",\"ItemPage\"],\"@id\":\"https:\\\/\\\/www.uartes.edu.ec\\\/sitio\\\/en\\\/blog\\\/2025\\\/03\\\/28\\\/derechos-de-trabajadoras-remuneradas-del-hogar-centro-evento-de-biblioteca-de-las-artes-y-la-direccion-de-la-mujer-municipal\\\/\",\"url\":\"https:\\\/\\\/www.uartes.edu.ec\\\/sitio\\\/en\\\/blog\\\/2025\\\/03\\\/28\\\/derechos-de-trabajadoras-remuneradas-del-hogar-centro-evento-de-biblioteca-de-las-artes-y-la-direccion-de-la-mujer-municipal\\\/\",\"name\":\"Universidad de las Artes - Derechos de trabajadoras remuneradas del hogar centr\u00f3 evento de la Biblioteca de las Artes y la Direcci\u00f3n de la Mujer municipal\",\"isPartOf\":{\"@id\":\"https:\\\/\\\/www.uartes.edu.ec\\\/sitio\\\/en\\\/#website\"},\"primaryImageOfPage\":{\"@id\":\"https:\\\/\\\/www.uartes.edu.ec\\\/sitio\\\/en\\\/blog\\\/2025\\\/03\\\/28\\\/derechos-de-trabajadoras-remuneradas-del-hogar-centro-evento-de-biblioteca-de-las-artes-y-la-direccion-de-la-mujer-municipal\\\/#primaryimage\"},\"image\":{\"@id\":\"https:\\\/\\\/www.uartes.edu.ec\\\/sitio\\\/en\\\/blog\\\/2025\\\/03\\\/28\\\/derechos-de-trabajadoras-remuneradas-del-hogar-centro-evento-de-biblioteca-de-las-artes-y-la-direccion-de-la-mujer-municipal\\\/#primaryimage\"},\"thumbnailUrl\":\"https:\\\/\\\/www.uartes.edu.ec\\\/sitio\\\/wp-content\\\/uploads\\\/2025\\\/03\\\/04-VOCES-DEL-CUIDADO.jpg\",\"datePublished\":\"2025-03-29T00:55:16+00:00\",\"dateModified\":\"2025-04-01T00:11:17+00:00\",\"description\":\"Universidad de las Artes - Derechos de trabajadoras remuneradas del hogar centr\u00f3 evento de la Biblioteca de las Artes y la Direcci\u00f3n de la Mujer municipal\",\"breadcrumb\":{\"@id\":\"https:\\\/\\\/www.uartes.edu.ec\\\/sitio\\\/en\\\/blog\\\/2025\\\/03\\\/28\\\/derechos-de-trabajadoras-remuneradas-del-hogar-centro-evento-de-biblioteca-de-las-artes-y-la-direccion-de-la-mujer-municipal\\\/#breadcrumb\"},\"inLanguage\":\"en-US\",\"potentialAction\":[{\"@type\":\"ReadAction\",\"target\":[\"https:\\\/\\\/www.uartes.edu.ec\\\/sitio\\\/en\\\/blog\\\/2025\\\/03\\\/28\\\/derechos-de-trabajadoras-remuneradas-del-hogar-centro-evento-de-biblioteca-de-las-artes-y-la-direccion-de-la-mujer-municipal\\\/\"]}]},{\"@type\":\"ImageObject\",\"inLanguage\":\"en-US\",\"@id\":\"https:\\\/\\\/www.uartes.edu.ec\\\/sitio\\\/en\\\/blog\\\/2025\\\/03\\\/28\\\/derechos-de-trabajadoras-remuneradas-del-hogar-centro-evento-de-biblioteca-de-las-artes-y-la-direccion-de-la-mujer-municipal\\\/#primaryimage\",\"url\":\"https:\\\/\\\/www.uartes.edu.ec\\\/sitio\\\/wp-content\\\/uploads\\\/2025\\\/03\\\/04-VOCES-DEL-CUIDADO.jpg\",\"contentUrl\":\"https:\\\/\\\/www.uartes.edu.ec\\\/sitio\\\/wp-content\\\/uploads\\\/2025\\\/03\\\/04-VOCES-DEL-CUIDADO.jpg\",\"width\":2000,\"height\":1333},{\"@type\":\"BreadcrumbList\",\"@id\":\"https:\\\/\\\/www.uartes.edu.ec\\\/sitio\\\/en\\\/blog\\\/2025\\\/03\\\/28\\\/derechos-de-trabajadoras-remuneradas-del-hogar-centro-evento-de-biblioteca-de-las-artes-y-la-direccion-de-la-mujer-municipal\\\/#breadcrumb\",\"itemListElement\":[{\"@type\":\"ListItem\",\"position\":1,\"name\":\"Inicio\",\"item\":\"https:\\\/\\\/www.uartes.edu.ec\\\/sitio\\\/\"},{\"@type\":\"ListItem\",\"position\":2,\"name\":\"Derechos de trabajadoras remuneradas del hogar centr\u00f3 evento de la Biblioteca de las Artes y la Direcci\u00f3n de la Mujer municipal\"}]},{\"@type\":\"WebSite\",\"@id\":\"https:\\\/\\\/www.uartes.edu.ec\\\/sitio\\\/en\\\/#website\",\"url\":\"https:\\\/\\\/www.uartes.edu.ec\\\/sitio\\\/en\\\/\",\"name\":\"Universidad de las Artes\",\"description\":\"Sitio oficial de la Universidad Nacional de las Artes del Ecuador\",\"publisher\":{\"@id\":\"https:\\\/\\\/www.uartes.edu.ec\\\/sitio\\\/en\\\/#organization\"},\"potentialAction\":[{\"@type\":\"SearchAction\",\"target\":{\"@type\":\"EntryPoint\",\"urlTemplate\":\"https:\\\/\\\/www.uartes.edu.ec\\\/sitio\\\/en\\\/?s={search_term_string}\"},\"query-input\":{\"@type\":\"PropertyValueSpecification\",\"valueRequired\":true,\"valueName\":\"search_term_string\"}}],\"inLanguage\":\"en-US\"},{\"@type\":\"Organization\",\"@id\":\"https:\\\/\\\/www.uartes.edu.ec\\\/sitio\\\/en\\\/#organization\",\"name\":\"Universidad de las Artes\",\"url\":\"https:\\\/\\\/www.uartes.edu.ec\\\/sitio\\\/en\\\/\",\"logo\":{\"@type\":\"ImageObject\",\"inLanguage\":\"en-US\",\"@id\":\"https:\\\/\\\/www.uartes.edu.ec\\\/sitio\\\/en\\\/#\\\/schema\\\/logo\\\/image\\\/\",\"url\":\"https:\\\/\\\/www.uartes.edu.ec\\\/sitio\\\/wp-content\\\/uploads\\\/2022\\\/07\\\/logo-ua-horizontal.png\",\"contentUrl\":\"https:\\\/\\\/www.uartes.edu.ec\\\/sitio\\\/wp-content\\\/uploads\\\/2022\\\/07\\\/logo-ua-horizontal.png\",\"width\":800,\"height\":276,\"caption\":\"Universidad de las Artes\"},\"image\":{\"@id\":\"https:\\\/\\\/www.uartes.edu.ec\\\/sitio\\\/en\\\/#\\\/schema\\\/logo\\\/image\\\/\"},\"sameAs\":[\"https:\\\/\\\/www.facebook.com\\\/uartesec\",\"https:\\\/\\\/x.com\\\/uartesec\",\"https:\\\/\\\/www.tiktok.com\\\/@uartesec\"]},{\"@type\":\"Person\",\"@id\":\"https:\\\/\\\/www.uartes.edu.ec\\\/sitio\\\/en\\\/#\\\/schema\\\/person\\\/efa1b8275797664fd7f13a79ccc0b1f4\",\"name\":\"ccortez\",\"image\":{\"@type\":\"ImageObject\",\"inLanguage\":\"en-US\",\"@id\":\"https:\\\/\\\/secure.gravatar.com\\\/avatar\\\/b2a6f664a3ae8e074346ef91775736c5ec479e637ecced6842de9dc98b5da9cd?s=96&d=mm&r=g\",\"url\":\"https:\\\/\\\/secure.gravatar.com\\\/avatar\\\/b2a6f664a3ae8e074346ef91775736c5ec479e637ecced6842de9dc98b5da9cd?s=96&d=mm&r=g\",\"contentUrl\":\"https:\\\/\\\/secure.gravatar.com\\\/avatar\\\/b2a6f664a3ae8e074346ef91775736c5ec479e637ecced6842de9dc98b5da9cd?s=96&d=mm&r=g\",\"caption\":\"ccortez\"},\"url\":\"https:\\\/\\\/www.uartes.edu.ec\\\/sitio\\\/en\\\/blog\\\/author\\\/ccortez\\\/\"}]}<\/script>\n<!-- \/ Yoast SEO plugin. -->","yoast_head_json":{"title":"Universidad de las Artes - Derechos de trabajadoras remuneradas del hogar centr\u00f3 evento de la Biblioteca de las Artes y la Direcci\u00f3n de la Mujer municipal","description":"Universidad de las Artes - Derechos de trabajadoras remuneradas del hogar centr\u00f3 evento de la Biblioteca de las Artes y la Direcci\u00f3n de la Mujer municipal","robots":{"index":"index","follow":"follow","max-snippet":"max-snippet:-1","max-image-preview":"max-image-preview:large","max-video-preview":"max-video-preview:-1"},"canonical":"https:\/\/www.uartes.edu.ec\/sitio\/en\/blog\/2025\/03\/28\/derechos-de-trabajadoras-remuneradas-del-hogar-centro-evento-de-biblioteca-de-las-artes-y-la-direccion-de-la-mujer-municipal\/","og_locale":"en_US","og_type":"article","og_title":"Universidad de las Artes - Derechos de trabajadoras remuneradas del hogar centr\u00f3 evento de la Biblioteca de las Artes y la Direcci\u00f3n de la Mujer municipal","og_description":"Universidad de las Artes - Derechos de trabajadoras remuneradas del hogar centr\u00f3 evento de la Biblioteca de las Artes y la Direcci\u00f3n de la Mujer municipal","og_url":"https:\/\/www.uartes.edu.ec\/sitio\/en\/blog\/2025\/03\/28\/derechos-de-trabajadoras-remuneradas-del-hogar-centro-evento-de-biblioteca-de-las-artes-y-la-direccion-de-la-mujer-municipal\/","og_site_name":"Universidad de las Artes","article_publisher":"https:\/\/www.facebook.com\/uartesec","article_published_time":"2025-03-29T00:55:16+00:00","article_modified_time":"2025-04-01T00:11:17+00:00","og_image":[{"width":2000,"height":1333,"url":"https:\/\/www.uartes.edu.ec\/sitio\/wp-content\/uploads\/2025\/03\/04-VOCES-DEL-CUIDADO.jpg","type":"image\/jpeg"}],"author":"ccortez","twitter_card":"summary_large_image","twitter_creator":"@uartesec","twitter_site":"@uartesec","twitter_misc":{"Written by":"ccortez","Est. reading time":"7 minutes"},"schema":{"@context":"https:\/\/schema.org","@graph":[{"@type":"Article","@id":"https:\/\/www.uartes.edu.ec\/sitio\/en\/blog\/2025\/03\/28\/derechos-de-trabajadoras-remuneradas-del-hogar-centro-evento-de-biblioteca-de-las-artes-y-la-direccion-de-la-mujer-municipal\/#article","isPartOf":{"@id":"https:\/\/www.uartes.edu.ec\/sitio\/en\/blog\/2025\/03\/28\/derechos-de-trabajadoras-remuneradas-del-hogar-centro-evento-de-biblioteca-de-las-artes-y-la-direccion-de-la-mujer-municipal\/"},"author":{"name":"ccortez","@id":"https:\/\/www.uartes.edu.ec\/sitio\/en\/#\/schema\/person\/efa1b8275797664fd7f13a79ccc0b1f4"},"headline":"Derechos de trabajadoras remuneradas del hogar centr\u00f3 evento de la Biblioteca de las Artes y la Direcci\u00f3n de la Mujer municipal","datePublished":"2025-03-29T00:55:16+00:00","dateModified":"2025-04-01T00:11:17+00:00","mainEntityOfPage":{"@id":"https:\/\/www.uartes.edu.ec\/sitio\/en\/blog\/2025\/03\/28\/derechos-de-trabajadoras-remuneradas-del-hogar-centro-evento-de-biblioteca-de-las-artes-y-la-direccion-de-la-mujer-municipal\/"},"wordCount":1281,"commentCount":0,"publisher":{"@id":"https:\/\/www.uartes.edu.ec\/sitio\/en\/#organization"},"image":{"@id":"https:\/\/www.uartes.edu.ec\/sitio\/en\/blog\/2025\/03\/28\/derechos-de-trabajadoras-remuneradas-del-hogar-centro-evento-de-biblioteca-de-las-artes-y-la-direccion-de-la-mujer-municipal\/#primaryimage"},"thumbnailUrl":"https:\/\/www.uartes.edu.ec\/sitio\/wp-content\/uploads\/2025\/03\/04-VOCES-DEL-CUIDADO.jpg","keywords":["biblioteca"],"articleSection":["Gesti\u00f3n","Sedes","V\u00ednculo"],"inLanguage":"en-US","potentialAction":[{"@type":"CommentAction","name":"Comment","target":["https:\/\/www.uartes.edu.ec\/sitio\/en\/blog\/2025\/03\/28\/derechos-de-trabajadoras-remuneradas-del-hogar-centro-evento-de-biblioteca-de-las-artes-y-la-direccion-de-la-mujer-municipal\/#respond"]}]},{"@type":["WebPage","ItemPage"],"@id":"https:\/\/www.uartes.edu.ec\/sitio\/en\/blog\/2025\/03\/28\/derechos-de-trabajadoras-remuneradas-del-hogar-centro-evento-de-biblioteca-de-las-artes-y-la-direccion-de-la-mujer-municipal\/","url":"https:\/\/www.uartes.edu.ec\/sitio\/en\/blog\/2025\/03\/28\/derechos-de-trabajadoras-remuneradas-del-hogar-centro-evento-de-biblioteca-de-las-artes-y-la-direccion-de-la-mujer-municipal\/","name":"Universidad de las Artes - Derechos de trabajadoras remuneradas del hogar centr\u00f3 evento de la Biblioteca de las Artes y la Direcci\u00f3n de la Mujer municipal","isPartOf":{"@id":"https:\/\/www.uartes.edu.ec\/sitio\/en\/#website"},"primaryImageOfPage":{"@id":"https:\/\/www.uartes.edu.ec\/sitio\/en\/blog\/2025\/03\/28\/derechos-de-trabajadoras-remuneradas-del-hogar-centro-evento-de-biblioteca-de-las-artes-y-la-direccion-de-la-mujer-municipal\/#primaryimage"},"image":{"@id":"https:\/\/www.uartes.edu.ec\/sitio\/en\/blog\/2025\/03\/28\/derechos-de-trabajadoras-remuneradas-del-hogar-centro-evento-de-biblioteca-de-las-artes-y-la-direccion-de-la-mujer-municipal\/#primaryimage"},"thumbnailUrl":"https:\/\/www.uartes.edu.ec\/sitio\/wp-content\/uploads\/2025\/03\/04-VOCES-DEL-CUIDADO.jpg","datePublished":"2025-03-29T00:55:16+00:00","dateModified":"2025-04-01T00:11:17+00:00","description":"Universidad de las Artes - Derechos de trabajadoras remuneradas del hogar centr\u00f3 evento de la Biblioteca de las Artes y la Direcci\u00f3n de la Mujer municipal","breadcrumb":{"@id":"https:\/\/www.uartes.edu.ec\/sitio\/en\/blog\/2025\/03\/28\/derechos-de-trabajadoras-remuneradas-del-hogar-centro-evento-de-biblioteca-de-las-artes-y-la-direccion-de-la-mujer-municipal\/#breadcrumb"},"inLanguage":"en-US","potentialAction":[{"@type":"ReadAction","target":["https:\/\/www.uartes.edu.ec\/sitio\/en\/blog\/2025\/03\/28\/derechos-de-trabajadoras-remuneradas-del-hogar-centro-evento-de-biblioteca-de-las-artes-y-la-direccion-de-la-mujer-municipal\/"]}]},{"@type":"ImageObject","inLanguage":"en-US","@id":"https:\/\/www.uartes.edu.ec\/sitio\/en\/blog\/2025\/03\/28\/derechos-de-trabajadoras-remuneradas-del-hogar-centro-evento-de-biblioteca-de-las-artes-y-la-direccion-de-la-mujer-municipal\/#primaryimage","url":"https:\/\/www.uartes.edu.ec\/sitio\/wp-content\/uploads\/2025\/03\/04-VOCES-DEL-CUIDADO.jpg","contentUrl":"https:\/\/www.uartes.edu.ec\/sitio\/wp-content\/uploads\/2025\/03\/04-VOCES-DEL-CUIDADO.jpg","width":2000,"height":1333},{"@type":"BreadcrumbList","@id":"https:\/\/www.uartes.edu.ec\/sitio\/en\/blog\/2025\/03\/28\/derechos-de-trabajadoras-remuneradas-del-hogar-centro-evento-de-biblioteca-de-las-artes-y-la-direccion-de-la-mujer-municipal\/#breadcrumb","itemListElement":[{"@type":"ListItem","position":1,"name":"Inicio","item":"https:\/\/www.uartes.edu.ec\/sitio\/"},{"@type":"ListItem","position":2,"name":"Derechos de trabajadoras remuneradas del hogar centr\u00f3 evento de la Biblioteca de las Artes y la Direcci\u00f3n de la Mujer municipal"}]},{"@type":"WebSite","@id":"https:\/\/www.uartes.edu.ec\/sitio\/en\/#website","url":"https:\/\/www.uartes.edu.ec\/sitio\/en\/","name":"Universidad de las Artes","description":"Sitio oficial de la Universidad Nacional de las Artes del Ecuador","publisher":{"@id":"https:\/\/www.uartes.edu.ec\/sitio\/en\/#organization"},"potentialAction":[{"@type":"SearchAction","target":{"@type":"EntryPoint","urlTemplate":"https:\/\/www.uartes.edu.ec\/sitio\/en\/?s={search_term_string}"},"query-input":{"@type":"PropertyValueSpecification","valueRequired":true,"valueName":"search_term_string"}}],"inLanguage":"en-US"},{"@type":"Organization","@id":"https:\/\/www.uartes.edu.ec\/sitio\/en\/#organization","name":"Universidad de las Artes","url":"https:\/\/www.uartes.edu.ec\/sitio\/en\/","logo":{"@type":"ImageObject","inLanguage":"en-US","@id":"https:\/\/www.uartes.edu.ec\/sitio\/en\/#\/schema\/logo\/image\/","url":"https:\/\/www.uartes.edu.ec\/sitio\/wp-content\/uploads\/2022\/07\/logo-ua-horizontal.png","contentUrl":"https:\/\/www.uartes.edu.ec\/sitio\/wp-content\/uploads\/2022\/07\/logo-ua-horizontal.png","width":800,"height":276,"caption":"Universidad de las Artes"},"image":{"@id":"https:\/\/www.uartes.edu.ec\/sitio\/en\/#\/schema\/logo\/image\/"},"sameAs":["https:\/\/www.facebook.com\/uartesec","https:\/\/x.com\/uartesec","https:\/\/www.tiktok.com\/@uartesec"]},{"@type":"Person","@id":"https:\/\/www.uartes.edu.ec\/sitio\/en\/#\/schema\/person\/efa1b8275797664fd7f13a79ccc0b1f4","name":"ccortez","image":{"@type":"ImageObject","inLanguage":"en-US","@id":"https:\/\/secure.gravatar.com\/avatar\/b2a6f664a3ae8e074346ef91775736c5ec479e637ecced6842de9dc98b5da9cd?s=96&d=mm&r=g","url":"https:\/\/secure.gravatar.com\/avatar\/b2a6f664a3ae8e074346ef91775736c5ec479e637ecced6842de9dc98b5da9cd?s=96&d=mm&r=g","contentUrl":"https:\/\/secure.gravatar.com\/avatar\/b2a6f664a3ae8e074346ef91775736c5ec479e637ecced6842de9dc98b5da9cd?s=96&d=mm&r=g","caption":"ccortez"},"url":"https:\/\/www.uartes.edu.ec\/sitio\/en\/blog\/author\/ccortez\/"}]}},"uagb_featured_image_src":{"full":["https:\/\/www.uartes.edu.ec\/sitio\/wp-content\/uploads\/2025\/03\/04-VOCES-DEL-CUIDADO.jpg",2000,1333,false],"thumbnail":["https:\/\/www.uartes.edu.ec\/sitio\/wp-content\/uploads\/2025\/03\/04-VOCES-DEL-CUIDADO-150x150.jpg",150,150,true],"medium":["https:\/\/www.uartes.edu.ec\/sitio\/wp-content\/uploads\/2025\/03\/04-VOCES-DEL-CUIDADO-300x200.jpg",300,200,true],"medium_large":["https:\/\/www.uartes.edu.ec\/sitio\/wp-content\/uploads\/2025\/03\/04-VOCES-DEL-CUIDADO-768x512.jpg",768,512,true],"large":["https:\/\/www.uartes.edu.ec\/sitio\/wp-content\/uploads\/2025\/03\/04-VOCES-DEL-CUIDADO-644x429.jpg",644,429,true],"1536x1536":["https:\/\/www.uartes.edu.ec\/sitio\/wp-content\/uploads\/2025\/03\/04-VOCES-DEL-CUIDADO-1536x1024.jpg",1536,1024,true],"2048x2048":["https:\/\/www.uartes.edu.ec\/sitio\/wp-content\/uploads\/2025\/03\/04-VOCES-DEL-CUIDADO.jpg",2000,1333,false],"trp-custom-language-flag":["https:\/\/www.uartes.edu.ec\/sitio\/wp-content\/uploads\/2025\/03\/04-VOCES-DEL-CUIDADO-18x12.jpg",18,12,true],"htmega_size_585x295":["https:\/\/www.uartes.edu.ec\/sitio\/wp-content\/uploads\/2025\/03\/04-VOCES-DEL-CUIDADO-585x295.jpg",585,295,true],"htmega_size_1170x536":["https:\/\/www.uartes.edu.ec\/sitio\/wp-content\/uploads\/2025\/03\/04-VOCES-DEL-CUIDADO-1170x536.jpg",1170,536,true],"htmega_size_396x360":["https:\/\/www.uartes.edu.ec\/sitio\/wp-content\/uploads\/2025\/03\/04-VOCES-DEL-CUIDADO-396x360.jpg",396,360,true],"gb-block-post-grid-landscape":["https:\/\/www.uartes.edu.ec\/sitio\/wp-content\/uploads\/2025\/03\/04-VOCES-DEL-CUIDADO-600x400.jpg",600,400,true],"gb-block-post-grid-square":["https:\/\/www.uartes.edu.ec\/sitio\/wp-content\/uploads\/2025\/03\/04-VOCES-DEL-CUIDADO-600x600.jpg",600,600,true],"university-hub-thumb":["https:\/\/www.uartes.edu.ec\/sitio\/wp-content\/uploads\/2025\/03\/04-VOCES-DEL-CUIDADO-400x267.jpg",400,267,true]},"uagb_author_info":{"display_name":"ccortez","author_link":"https:\/\/www.uartes.edu.ec\/sitio\/en\/blog\/author\/ccortez\/"},"uagb_comment_info":0,"uagb_excerpt":"Reconocer, visibilizar y reafirmar la importancia del trabajo de miles de mujeres que sostienen el bienestar de muchas familias en nuestra sociedad. Con ese fin, la Biblioteca de las Artes y la Direcci\u00f3n General de la Mujer del Municipio organizaron el di\u00e1logo \u201cVoces del cuidado: Derechos de las trabajadoras remuneradas del hogar\u201d. Lo presidieron el&hellip;","featured_image_src":"https:\/\/www.uartes.edu.ec\/sitio\/wp-content\/uploads\/2025\/03\/04-VOCES-DEL-CUIDADO-600x400.jpg","featured_image_src_square":"https:\/\/www.uartes.edu.ec\/sitio\/wp-content\/uploads\/2025\/03\/04-VOCES-DEL-CUIDADO-600x600.jpg","author_info":{"display_name":"ccortez","author_link":"https:\/\/www.uartes.edu.ec\/sitio\/en\/blog\/author\/ccortez\/"},"publishpress_future_workflow_manual_trigger":{"enabledWorkflows":[]},"distributor_meta":false,"distributor_terms":false,"distributor_media":false,"distributor_original_site_name":"Universidad de las Artes","distributor_original_site_url":"https:\/\/www.uartes.edu.ec\/sitio\/en","push-errors":false,"_links":{"self":[{"href":"https:\/\/www.uartes.edu.ec\/sitio\/en\/wp-json\/wp\/v2\/posts\/69992","targetHints":{"allow":["GET"]}}],"collection":[{"href":"https:\/\/www.uartes.edu.ec\/sitio\/en\/wp-json\/wp\/v2\/posts"}],"about":[{"href":"https:\/\/www.uartes.edu.ec\/sitio\/en\/wp-json\/wp\/v2\/types\/post"}],"author":[{"embeddable":true,"href":"https:\/\/www.uartes.edu.ec\/sitio\/en\/wp-json\/wp\/v2\/users\/10"}],"replies":[{"embeddable":true,"href":"https:\/\/www.uartes.edu.ec\/sitio\/en\/wp-json\/wp\/v2\/comments?post=69992"}],"version-history":[{"count":6,"href":"https:\/\/www.uartes.edu.ec\/sitio\/en\/wp-json\/wp\/v2\/posts\/69992\/revisions"}],"predecessor-version":[{"id":70084,"href":"https:\/\/www.uartes.edu.ec\/sitio\/en\/wp-json\/wp\/v2\/posts\/69992\/revisions\/70084"}],"wp:featuredmedia":[{"embeddable":true,"href":"https:\/\/www.uartes.edu.ec\/sitio\/en\/wp-json\/wp\/v2\/media\/69993"}],"wp:attachment":[{"href":"https:\/\/www.uartes.edu.ec\/sitio\/en\/wp-json\/wp\/v2\/media?parent=69992"}],"wp:term":[{"taxonomy":"category","embeddable":true,"href":"https:\/\/www.uartes.edu.ec\/sitio\/en\/wp-json\/wp\/v2\/categories?post=69992"},{"taxonomy":"post_tag","embeddable":true,"href":"https:\/\/www.uartes.edu.ec\/sitio\/en\/wp-json\/wp\/v2\/tags?post=69992"},{"taxonomy":"infouartes","embeddable":true,"href":"https:\/\/www.uartes.edu.ec\/sitio\/en\/wp-json\/wp\/v2\/infouartes?post=69992"}],"curies":[{"name":"wp","href":"https:\/\/api.w.org\/{rel}","templated":true}]}}