{"id":70015,"date":"2025-03-27T19:00:00","date_gmt":"2025-03-28T00:00:00","guid":{"rendered":"https:\/\/www.uartes.edu.ec\/sitio\/?p=70015"},"modified":"2025-04-01T13:14:29","modified_gmt":"2025-04-01T18:14:29","slug":"el-intercambio-de-libros-y-las-actividades-de-la-cuarta-edicion-de-lanfor-abierta-iniciativa-de-la-biblioteca-de-las-artes","status":"publish","type":"post","link":"https:\/\/www.uartes.edu.ec\/sitio\/en\/blog\/2025\/03\/27\/el-intercambio-de-libros-y-las-actividades-de-la-cuarta-edicion-de-lanfor-abierta-iniciativa-de-la-biblioteca-de-las-artes\/","title":{"rendered":"El intercambio de libros y las actividades de Lanfor Abierta, en este 2025 su IV edici\u00f3n"},"content":{"rendered":"<p>La recepci\u00f3n de libros para el intercambio que la Biblioteca de las Artes inici\u00f3 el 17 de marzo y mantendr\u00e1 hasta el 17 de abril pr\u00f3ximo es una de las actividades que realiza en el marco de la cuarta edici\u00f3n consecutiva de Lanfor Abierta, una iniciativa que surgi\u00f3 en 2022 para fortalecer la lectura y constituirse en un punto de encuentro con la comunidad de la Universidad de las Artes y el p\u00fablico en general.&nbsp;<\/p>\n\n\n\n<p>La Lanfor Abierta se realiza en abril porque es el 23 de este mes que se conmemora el D\u00eda Internacional del Libro. \u201cEs una celebraci\u00f3n que fomenta la lectura, la cultura y el amor por los libros\u201d, anot\u00f3 Soraya Campos, directora de Asuntos Bibliotecarios. Manifest\u00f3 que, como ha ocurrido en las anteriores ediciones, para este a\u00f1o se espera que sean m\u00e1s de 300 las publicaciones que se intercambien. \u201cY aunque nuestras tem\u00e1ticas principales son las artes y la literatura, estamos abiertos a recibir libros de diversas \u00e1reas del conocimiento\u201d, dijo.<\/p>\n\n\n\n<p>Quienes quieran compartir aquellos libros que ya leyeron y que se encuentran en buen estado, a fin de que sean aprovechados por otros lectores, solo tienen que acercarse a la Biblioteca de las Artes \u2013que est\u00e1 ubicada en las calles Aguirre y Pichincha, esquina\u2013 y dejarlos en un stand habilitado para que surja el intercambio. El donador llega con la publicaci\u00f3n y se lleva otra que resulte de su inter\u00e9s.<\/p>\n\n\n<div class=\"wp-block-image\">\n<figure class=\"aligncenter size-large is-resized\"><img fetchpriority=\"high\" decoding=\"async\" width=\"644\" height=\"911\" src=\"https:\/\/www.uartes.edu.ec\/sitio\/wp-content\/uploads\/2025\/03\/Lanfor-Abierta-2025-A4-2-644x911.jpg\" alt=\"\" class=\"wp-image-70018\" style=\"aspect-ratio:0.706927098143004;width:315px;height:auto\" srcset=\"https:\/\/www.uartes.edu.ec\/sitio\/wp-content\/uploads\/2025\/03\/Lanfor-Abierta-2025-A4-2-644x911.jpg 644w, https:\/\/www.uartes.edu.ec\/sitio\/wp-content\/uploads\/2025\/03\/Lanfor-Abierta-2025-A4-2-212x300.jpg 212w, https:\/\/www.uartes.edu.ec\/sitio\/wp-content\/uploads\/2025\/03\/Lanfor-Abierta-2025-A4-2-768x1086.jpg 768w, https:\/\/www.uartes.edu.ec\/sitio\/wp-content\/uploads\/2025\/03\/Lanfor-Abierta-2025-A4-2-1086x1536.jpg 1086w, https:\/\/www.uartes.edu.ec\/sitio\/wp-content\/uploads\/2025\/03\/Lanfor-Abierta-2025-A4-2-1448x2048.jpg 1448w, https:\/\/www.uartes.edu.ec\/sitio\/wp-content\/uploads\/2025\/03\/Lanfor-Abierta-2025-A4-2-8x12.jpg 8w, https:\/\/www.uartes.edu.ec\/sitio\/wp-content\/uploads\/2025\/03\/Lanfor-Abierta-2025-A4-2-scaled.jpg 1810w\" sizes=\"(max-width: 644px) 100vw, 644px\" \/><\/figure>\n<\/div>\n\n\n<p>Acerca de Lanfor Abierta y su agenda de eventos, Soraya Campos indic\u00f3 que se desarrollar\u00e1 del 23 al 26 de abril y lo que se ha preparado est\u00e1, como en a\u00f1os anteriores, dirigido al p\u00fablico en general. Las actividades incluyen talleres y charlas. En lo que se est\u00e1 programando constan, entre otros, la presentaci\u00f3n del libro \u201cDesaprender para volver a ser\u201d de Michael Handelsman, con la presencia del autor, el escritor Ra\u00fal Vallejo y otros escritores.<\/p>\n\n\n\n<p>\u201cSe realizar\u00e1 tambi\u00e9n el lanzamiento del Club de Lectura y Creaci\u00f3n \u2018Ratones de Biblioteca\u2019, coordinado por Andrea Salazar Cubillo, estudiante de la Escuela de Literatura, y dirigido por la escritora y docente Solange Rodr\u00edguez. Tendremos las charlas \u2018En los pasos de Adso de Melk\u2019, a cargo de Katherine Mart\u00ednez, y \u2018Libros de la diferencia: Un recorrido simb\u00f3lico por incendios y exilios a trav\u00e9s de los libros y bibliotecas a los que la pol\u00edtica les pide silencio\u2019, a cargo de la docente J\u00e9ssica Zambrano\u201d.<\/p>\n\n\n\n<p>Est\u00e1 contemplada, asimismo, una jornada de conferencias y talleres dirigidos a bibliotecarios, estudiantes y docentes encargados de bibliotecas. Estos son: el taller \u2018Gesti\u00f3n de contenidos de recursos bibliogr\u00e1ficos en redes sociales para bibliotecas y centros de informaci\u00f3n\u2019, dictado por la comunicadora y gestora de soluciones Claudia Furiati; el taller \u2018Inteligencia artificial (IA) para crear m\u00e1s all\u00e1 de la lectura\u2019, impartido por el Ministerio de Educaci\u00f3n; y las conferencias \u2018Tratado de Marrakech\u2019, dictada por la SENADI (Servicio Nacional de Derechos Intelectuales); y \u2018Las bibliotecas perdidas de la antig\u00fcedad\u2019, dictada por Mauricio Arcila\u201d.<\/p>\n\n\n\n<p>Afiche: autor Harold Maridue\u00f1a\/Biblioteca de las Artes.<br>Foto de portada: corresponde a la anterior edici\u00f3n de Lanfor Abierta.<\/p>\n\n\n\n<p><\/p>","protected":false},"excerpt":{"rendered":"<p>La recepci\u00f3n de libros para intercambio que la Biblioteca de las Artes inici\u00f3 el pasado 17 de marzo y mantendr\u00e1 hasta el 17 de abril pr\u00f3ximo es una de las actividades que realiza en el marco de la IV edici\u00f3n de Lanfor Abierta, una iniciativa que surgi\u00f3 en 2022 para fortalecer la lectura y constituirse en punto de encuentro con la comunidad de la UArtes y el p\u00fablico en general. Se efect\u00faa en conmemoraci\u00f3n al D\u00eda Internacional del Libro y en este a\u00f1o ser\u00e1 del 23 al 26 de abril.<\/p>","protected":false},"author":10,"featured_media":70016,"comment_status":"open","ping_status":"open","sticky":false,"template":"","format":"standard","meta":{"_acf_changed":false,"_uag_custom_page_level_css":"","_monsterinsights_skip_tracking":false,"_monsterinsights_sitenote_active":false,"_monsterinsights_sitenote_note":"","_monsterinsights_sitenote_category":0,"cybocfi_hide_featured_image":"","footnotes":""},"categories":[80,490,75,76,83],"tags":[41],"infouartes":[],"class_list":["post-70015","post","type-post","status-publish","format-standard","has-post-thumbnail","hentry","category-academico","category-alumni","category-docentes","category-estudiantes","category-sedes","tag-biblioteca"],"acf":[],"yoast_head":"<!-- This site is optimized with the Yoast SEO plugin v27.4 - https:\/\/yoast.com\/product\/yoast-seo-wordpress\/ -->\n<title>Universidad de las Artes - El intercambio de libros y las actividades de Lanfor Abierta, en este 2025 su IV edici\u00f3n<\/title>\n<meta name=\"description\" content=\"Universidad de las Artes - El intercambio de libros y las actividades de Lanfor Abierta, en este 2025 su IV edici\u00f3n\" \/>\n<meta name=\"robots\" content=\"index, follow, max-snippet:-1, max-image-preview:large, max-video-preview:-1\" \/>\n<link rel=\"canonical\" href=\"https:\/\/www.uartes.edu.ec\/sitio\/en\/blog\/2025\/03\/27\/el-intercambio-de-libros-y-las-actividades-de-la-cuarta-edicion-de-lanfor-abierta-iniciativa-de-la-biblioteca-de-las-artes\/\" \/>\n<meta property=\"og:locale\" content=\"en_US\" \/>\n<meta property=\"og:type\" content=\"article\" \/>\n<meta property=\"og:title\" content=\"Universidad de las Artes - El intercambio de libros y las actividades de Lanfor Abierta, en este 2025 su IV edici\u00f3n\" \/>\n<meta property=\"og:description\" content=\"Universidad de las Artes - El intercambio de libros y las actividades de Lanfor Abierta, en este 2025 su IV edici\u00f3n\" \/>\n<meta property=\"og:url\" content=\"https:\/\/www.uartes.edu.ec\/sitio\/en\/blog\/2025\/03\/27\/el-intercambio-de-libros-y-las-actividades-de-la-cuarta-edicion-de-lanfor-abierta-iniciativa-de-la-biblioteca-de-las-artes\/\" \/>\n<meta property=\"og:site_name\" content=\"Universidad de las Artes\" \/>\n<meta property=\"article:publisher\" content=\"https:\/\/www.facebook.com\/uartesec\" \/>\n<meta property=\"article:published_time\" content=\"2025-03-28T00:00:00+00:00\" \/>\n<meta property=\"article:modified_time\" content=\"2025-04-01T18:14:29+00:00\" \/>\n<meta property=\"og:image\" content=\"https:\/\/www.uartes.edu.ec\/sitio\/wp-content\/uploads\/2025\/03\/LANFOR-03.jpg\" \/>\n\t<meta property=\"og:image:width\" content=\"2000\" \/>\n\t<meta property=\"og:image:height\" content=\"1333\" \/>\n\t<meta property=\"og:image:type\" content=\"image\/jpeg\" \/>\n<meta name=\"author\" content=\"ccortez\" \/>\n<meta name=\"twitter:card\" content=\"summary_large_image\" \/>\n<meta name=\"twitter:creator\" content=\"@uartesec\" \/>\n<meta name=\"twitter:site\" content=\"@uartesec\" \/>\n<meta name=\"twitter:label1\" content=\"Written by\" \/>\n\t<meta name=\"twitter:data1\" content=\"ccortez\" \/>\n\t<meta name=\"twitter:label2\" content=\"Est. reading time\" \/>\n\t<meta name=\"twitter:data2\" content=\"3 minutes\" \/>\n<script type=\"application\/ld+json\" class=\"yoast-schema-graph\">{\"@context\":\"https:\\\/\\\/schema.org\",\"@graph\":[{\"@type\":\"Article\",\"@id\":\"https:\\\/\\\/www.uartes.edu.ec\\\/sitio\\\/en\\\/blog\\\/2025\\\/03\\\/27\\\/el-intercambio-de-libros-y-las-actividades-de-la-cuarta-edicion-de-lanfor-abierta-iniciativa-de-la-biblioteca-de-las-artes\\\/#article\",\"isPartOf\":{\"@id\":\"https:\\\/\\\/www.uartes.edu.ec\\\/sitio\\\/en\\\/blog\\\/2025\\\/03\\\/27\\\/el-intercambio-de-libros-y-las-actividades-de-la-cuarta-edicion-de-lanfor-abierta-iniciativa-de-la-biblioteca-de-las-artes\\\/\"},\"author\":{\"name\":\"ccortez\",\"@id\":\"https:\\\/\\\/www.uartes.edu.ec\\\/sitio\\\/en\\\/#\\\/schema\\\/person\\\/efa1b8275797664fd7f13a79ccc0b1f4\"},\"headline\":\"El intercambio de libros y las actividades de Lanfor Abierta, en este 2025 su IV edici\u00f3n\",\"datePublished\":\"2025-03-28T00:00:00+00:00\",\"dateModified\":\"2025-04-01T18:14:29+00:00\",\"mainEntityOfPage\":{\"@id\":\"https:\\\/\\\/www.uartes.edu.ec\\\/sitio\\\/en\\\/blog\\\/2025\\\/03\\\/27\\\/el-intercambio-de-libros-y-las-actividades-de-la-cuarta-edicion-de-lanfor-abierta-iniciativa-de-la-biblioteca-de-las-artes\\\/\"},\"wordCount\":545,\"commentCount\":0,\"publisher\":{\"@id\":\"https:\\\/\\\/www.uartes.edu.ec\\\/sitio\\\/en\\\/#organization\"},\"image\":{\"@id\":\"https:\\\/\\\/www.uartes.edu.ec\\\/sitio\\\/en\\\/blog\\\/2025\\\/03\\\/27\\\/el-intercambio-de-libros-y-las-actividades-de-la-cuarta-edicion-de-lanfor-abierta-iniciativa-de-la-biblioteca-de-las-artes\\\/#primaryimage\"},\"thumbnailUrl\":\"https:\\\/\\\/www.uartes.edu.ec\\\/sitio\\\/wp-content\\\/uploads\\\/2025\\\/03\\\/LANFOR-03.jpg\",\"keywords\":[\"biblioteca\"],\"articleSection\":[\"Acad\u00e9mico\",\"Alumni\",\"Docentes\",\"Estudiantes\",\"Sedes\"],\"inLanguage\":\"en-US\",\"potentialAction\":[{\"@type\":\"CommentAction\",\"name\":\"Comment\",\"target\":[\"https:\\\/\\\/www.uartes.edu.ec\\\/sitio\\\/en\\\/blog\\\/2025\\\/03\\\/27\\\/el-intercambio-de-libros-y-las-actividades-de-la-cuarta-edicion-de-lanfor-abierta-iniciativa-de-la-biblioteca-de-las-artes\\\/#respond\"]}]},{\"@type\":[\"WebPage\",\"ItemPage\"],\"@id\":\"https:\\\/\\\/www.uartes.edu.ec\\\/sitio\\\/en\\\/blog\\\/2025\\\/03\\\/27\\\/el-intercambio-de-libros-y-las-actividades-de-la-cuarta-edicion-de-lanfor-abierta-iniciativa-de-la-biblioteca-de-las-artes\\\/\",\"url\":\"https:\\\/\\\/www.uartes.edu.ec\\\/sitio\\\/en\\\/blog\\\/2025\\\/03\\\/27\\\/el-intercambio-de-libros-y-las-actividades-de-la-cuarta-edicion-de-lanfor-abierta-iniciativa-de-la-biblioteca-de-las-artes\\\/\",\"name\":\"Universidad de las Artes - El intercambio de libros y las actividades de Lanfor Abierta, en este 2025 su IV edici\u00f3n\",\"isPartOf\":{\"@id\":\"https:\\\/\\\/www.uartes.edu.ec\\\/sitio\\\/en\\\/#website\"},\"primaryImageOfPage\":{\"@id\":\"https:\\\/\\\/www.uartes.edu.ec\\\/sitio\\\/en\\\/blog\\\/2025\\\/03\\\/27\\\/el-intercambio-de-libros-y-las-actividades-de-la-cuarta-edicion-de-lanfor-abierta-iniciativa-de-la-biblioteca-de-las-artes\\\/#primaryimage\"},\"image\":{\"@id\":\"https:\\\/\\\/www.uartes.edu.ec\\\/sitio\\\/en\\\/blog\\\/2025\\\/03\\\/27\\\/el-intercambio-de-libros-y-las-actividades-de-la-cuarta-edicion-de-lanfor-abierta-iniciativa-de-la-biblioteca-de-las-artes\\\/#primaryimage\"},\"thumbnailUrl\":\"https:\\\/\\\/www.uartes.edu.ec\\\/sitio\\\/wp-content\\\/uploads\\\/2025\\\/03\\\/LANFOR-03.jpg\",\"datePublished\":\"2025-03-28T00:00:00+00:00\",\"dateModified\":\"2025-04-01T18:14:29+00:00\",\"description\":\"Universidad de las Artes - El intercambio de libros y las actividades de Lanfor Abierta, en este 2025 su IV edici\u00f3n\",\"breadcrumb\":{\"@id\":\"https:\\\/\\\/www.uartes.edu.ec\\\/sitio\\\/en\\\/blog\\\/2025\\\/03\\\/27\\\/el-intercambio-de-libros-y-las-actividades-de-la-cuarta-edicion-de-lanfor-abierta-iniciativa-de-la-biblioteca-de-las-artes\\\/#breadcrumb\"},\"inLanguage\":\"en-US\",\"potentialAction\":[{\"@type\":\"ReadAction\",\"target\":[\"https:\\\/\\\/www.uartes.edu.ec\\\/sitio\\\/en\\\/blog\\\/2025\\\/03\\\/27\\\/el-intercambio-de-libros-y-las-actividades-de-la-cuarta-edicion-de-lanfor-abierta-iniciativa-de-la-biblioteca-de-las-artes\\\/\"]}]},{\"@type\":\"ImageObject\",\"inLanguage\":\"en-US\",\"@id\":\"https:\\\/\\\/www.uartes.edu.ec\\\/sitio\\\/en\\\/blog\\\/2025\\\/03\\\/27\\\/el-intercambio-de-libros-y-las-actividades-de-la-cuarta-edicion-de-lanfor-abierta-iniciativa-de-la-biblioteca-de-las-artes\\\/#primaryimage\",\"url\":\"https:\\\/\\\/www.uartes.edu.ec\\\/sitio\\\/wp-content\\\/uploads\\\/2025\\\/03\\\/LANFOR-03.jpg\",\"contentUrl\":\"https:\\\/\\\/www.uartes.edu.ec\\\/sitio\\\/wp-content\\\/uploads\\\/2025\\\/03\\\/LANFOR-03.jpg\",\"width\":2000,\"height\":1333},{\"@type\":\"BreadcrumbList\",\"@id\":\"https:\\\/\\\/www.uartes.edu.ec\\\/sitio\\\/en\\\/blog\\\/2025\\\/03\\\/27\\\/el-intercambio-de-libros-y-las-actividades-de-la-cuarta-edicion-de-lanfor-abierta-iniciativa-de-la-biblioteca-de-las-artes\\\/#breadcrumb\",\"itemListElement\":[{\"@type\":\"ListItem\",\"position\":1,\"name\":\"Inicio\",\"item\":\"https:\\\/\\\/www.uartes.edu.ec\\\/sitio\\\/\"},{\"@type\":\"ListItem\",\"position\":2,\"name\":\"El intercambio de libros y las actividades de Lanfor Abierta, en este 2025 su IV edici\u00f3n\"}]},{\"@type\":\"WebSite\",\"@id\":\"https:\\\/\\\/www.uartes.edu.ec\\\/sitio\\\/en\\\/#website\",\"url\":\"https:\\\/\\\/www.uartes.edu.ec\\\/sitio\\\/en\\\/\",\"name\":\"Universidad de las Artes\",\"description\":\"Sitio oficial de la Universidad Nacional de las Artes del Ecuador\",\"publisher\":{\"@id\":\"https:\\\/\\\/www.uartes.edu.ec\\\/sitio\\\/en\\\/#organization\"},\"potentialAction\":[{\"@type\":\"SearchAction\",\"target\":{\"@type\":\"EntryPoint\",\"urlTemplate\":\"https:\\\/\\\/www.uartes.edu.ec\\\/sitio\\\/en\\\/?s={search_term_string}\"},\"query-input\":{\"@type\":\"PropertyValueSpecification\",\"valueRequired\":true,\"valueName\":\"search_term_string\"}}],\"inLanguage\":\"en-US\"},{\"@type\":\"Organization\",\"@id\":\"https:\\\/\\\/www.uartes.edu.ec\\\/sitio\\\/en\\\/#organization\",\"name\":\"Universidad de las Artes\",\"url\":\"https:\\\/\\\/www.uartes.edu.ec\\\/sitio\\\/en\\\/\",\"logo\":{\"@type\":\"ImageObject\",\"inLanguage\":\"en-US\",\"@id\":\"https:\\\/\\\/www.uartes.edu.ec\\\/sitio\\\/en\\\/#\\\/schema\\\/logo\\\/image\\\/\",\"url\":\"https:\\\/\\\/www.uartes.edu.ec\\\/sitio\\\/wp-content\\\/uploads\\\/2022\\\/07\\\/logo-ua-horizontal.png\",\"contentUrl\":\"https:\\\/\\\/www.uartes.edu.ec\\\/sitio\\\/wp-content\\\/uploads\\\/2022\\\/07\\\/logo-ua-horizontal.png\",\"width\":800,\"height\":276,\"caption\":\"Universidad de las Artes\"},\"image\":{\"@id\":\"https:\\\/\\\/www.uartes.edu.ec\\\/sitio\\\/en\\\/#\\\/schema\\\/logo\\\/image\\\/\"},\"sameAs\":[\"https:\\\/\\\/www.facebook.com\\\/uartesec\",\"https:\\\/\\\/x.com\\\/uartesec\",\"https:\\\/\\\/www.tiktok.com\\\/@uartesec\"]},{\"@type\":\"Person\",\"@id\":\"https:\\\/\\\/www.uartes.edu.ec\\\/sitio\\\/en\\\/#\\\/schema\\\/person\\\/efa1b8275797664fd7f13a79ccc0b1f4\",\"name\":\"ccortez\",\"image\":{\"@type\":\"ImageObject\",\"inLanguage\":\"en-US\",\"@id\":\"https:\\\/\\\/secure.gravatar.com\\\/avatar\\\/b2a6f664a3ae8e074346ef91775736c5ec479e637ecced6842de9dc98b5da9cd?s=96&d=mm&r=g\",\"url\":\"https:\\\/\\\/secure.gravatar.com\\\/avatar\\\/b2a6f664a3ae8e074346ef91775736c5ec479e637ecced6842de9dc98b5da9cd?s=96&d=mm&r=g\",\"contentUrl\":\"https:\\\/\\\/secure.gravatar.com\\\/avatar\\\/b2a6f664a3ae8e074346ef91775736c5ec479e637ecced6842de9dc98b5da9cd?s=96&d=mm&r=g\",\"caption\":\"ccortez\"},\"url\":\"https:\\\/\\\/www.uartes.edu.ec\\\/sitio\\\/en\\\/blog\\\/author\\\/ccortez\\\/\"}]}<\/script>\n<!-- \/ Yoast SEO plugin. -->","yoast_head_json":{"title":"Universidad de las Artes - El intercambio de libros y las actividades de Lanfor Abierta, en este 2025 su IV edici\u00f3n","description":"Universidad de las Artes - El intercambio de libros y las actividades de Lanfor Abierta, en este 2025 su IV edici\u00f3n","robots":{"index":"index","follow":"follow","max-snippet":"max-snippet:-1","max-image-preview":"max-image-preview:large","max-video-preview":"max-video-preview:-1"},"canonical":"https:\/\/www.uartes.edu.ec\/sitio\/en\/blog\/2025\/03\/27\/el-intercambio-de-libros-y-las-actividades-de-la-cuarta-edicion-de-lanfor-abierta-iniciativa-de-la-biblioteca-de-las-artes\/","og_locale":"en_US","og_type":"article","og_title":"Universidad de las Artes - El intercambio de libros y las actividades de Lanfor Abierta, en este 2025 su IV edici\u00f3n","og_description":"Universidad de las Artes - El intercambio de libros y las actividades de Lanfor Abierta, en este 2025 su IV edici\u00f3n","og_url":"https:\/\/www.uartes.edu.ec\/sitio\/en\/blog\/2025\/03\/27\/el-intercambio-de-libros-y-las-actividades-de-la-cuarta-edicion-de-lanfor-abierta-iniciativa-de-la-biblioteca-de-las-artes\/","og_site_name":"Universidad de las Artes","article_publisher":"https:\/\/www.facebook.com\/uartesec","article_published_time":"2025-03-28T00:00:00+00:00","article_modified_time":"2025-04-01T18:14:29+00:00","og_image":[{"width":2000,"height":1333,"url":"https:\/\/www.uartes.edu.ec\/sitio\/wp-content\/uploads\/2025\/03\/LANFOR-03.jpg","type":"image\/jpeg"}],"author":"ccortez","twitter_card":"summary_large_image","twitter_creator":"@uartesec","twitter_site":"@uartesec","twitter_misc":{"Written by":"ccortez","Est. reading time":"3 minutes"},"schema":{"@context":"https:\/\/schema.org","@graph":[{"@type":"Article","@id":"https:\/\/www.uartes.edu.ec\/sitio\/en\/blog\/2025\/03\/27\/el-intercambio-de-libros-y-las-actividades-de-la-cuarta-edicion-de-lanfor-abierta-iniciativa-de-la-biblioteca-de-las-artes\/#article","isPartOf":{"@id":"https:\/\/www.uartes.edu.ec\/sitio\/en\/blog\/2025\/03\/27\/el-intercambio-de-libros-y-las-actividades-de-la-cuarta-edicion-de-lanfor-abierta-iniciativa-de-la-biblioteca-de-las-artes\/"},"author":{"name":"ccortez","@id":"https:\/\/www.uartes.edu.ec\/sitio\/en\/#\/schema\/person\/efa1b8275797664fd7f13a79ccc0b1f4"},"headline":"El intercambio de libros y las actividades de Lanfor Abierta, en este 2025 su IV edici\u00f3n","datePublished":"2025-03-28T00:00:00+00:00","dateModified":"2025-04-01T18:14:29+00:00","mainEntityOfPage":{"@id":"https:\/\/www.uartes.edu.ec\/sitio\/en\/blog\/2025\/03\/27\/el-intercambio-de-libros-y-las-actividades-de-la-cuarta-edicion-de-lanfor-abierta-iniciativa-de-la-biblioteca-de-las-artes\/"},"wordCount":545,"commentCount":0,"publisher":{"@id":"https:\/\/www.uartes.edu.ec\/sitio\/en\/#organization"},"image":{"@id":"https:\/\/www.uartes.edu.ec\/sitio\/en\/blog\/2025\/03\/27\/el-intercambio-de-libros-y-las-actividades-de-la-cuarta-edicion-de-lanfor-abierta-iniciativa-de-la-biblioteca-de-las-artes\/#primaryimage"},"thumbnailUrl":"https:\/\/www.uartes.edu.ec\/sitio\/wp-content\/uploads\/2025\/03\/LANFOR-03.jpg","keywords":["biblioteca"],"articleSection":["Acad\u00e9mico","Alumni","Docentes","Estudiantes","Sedes"],"inLanguage":"en-US","potentialAction":[{"@type":"CommentAction","name":"Comment","target":["https:\/\/www.uartes.edu.ec\/sitio\/en\/blog\/2025\/03\/27\/el-intercambio-de-libros-y-las-actividades-de-la-cuarta-edicion-de-lanfor-abierta-iniciativa-de-la-biblioteca-de-las-artes\/#respond"]}]},{"@type":["WebPage","ItemPage"],"@id":"https:\/\/www.uartes.edu.ec\/sitio\/en\/blog\/2025\/03\/27\/el-intercambio-de-libros-y-las-actividades-de-la-cuarta-edicion-de-lanfor-abierta-iniciativa-de-la-biblioteca-de-las-artes\/","url":"https:\/\/www.uartes.edu.ec\/sitio\/en\/blog\/2025\/03\/27\/el-intercambio-de-libros-y-las-actividades-de-la-cuarta-edicion-de-lanfor-abierta-iniciativa-de-la-biblioteca-de-las-artes\/","name":"Universidad de las Artes - El intercambio de libros y las actividades de Lanfor Abierta, en este 2025 su IV edici\u00f3n","isPartOf":{"@id":"https:\/\/www.uartes.edu.ec\/sitio\/en\/#website"},"primaryImageOfPage":{"@id":"https:\/\/www.uartes.edu.ec\/sitio\/en\/blog\/2025\/03\/27\/el-intercambio-de-libros-y-las-actividades-de-la-cuarta-edicion-de-lanfor-abierta-iniciativa-de-la-biblioteca-de-las-artes\/#primaryimage"},"image":{"@id":"https:\/\/www.uartes.edu.ec\/sitio\/en\/blog\/2025\/03\/27\/el-intercambio-de-libros-y-las-actividades-de-la-cuarta-edicion-de-lanfor-abierta-iniciativa-de-la-biblioteca-de-las-artes\/#primaryimage"},"thumbnailUrl":"https:\/\/www.uartes.edu.ec\/sitio\/wp-content\/uploads\/2025\/03\/LANFOR-03.jpg","datePublished":"2025-03-28T00:00:00+00:00","dateModified":"2025-04-01T18:14:29+00:00","description":"Universidad de las Artes - El intercambio de libros y las actividades de Lanfor Abierta, en este 2025 su IV edici\u00f3n","breadcrumb":{"@id":"https:\/\/www.uartes.edu.ec\/sitio\/en\/blog\/2025\/03\/27\/el-intercambio-de-libros-y-las-actividades-de-la-cuarta-edicion-de-lanfor-abierta-iniciativa-de-la-biblioteca-de-las-artes\/#breadcrumb"},"inLanguage":"en-US","potentialAction":[{"@type":"ReadAction","target":["https:\/\/www.uartes.edu.ec\/sitio\/en\/blog\/2025\/03\/27\/el-intercambio-de-libros-y-las-actividades-de-la-cuarta-edicion-de-lanfor-abierta-iniciativa-de-la-biblioteca-de-las-artes\/"]}]},{"@type":"ImageObject","inLanguage":"en-US","@id":"https:\/\/www.uartes.edu.ec\/sitio\/en\/blog\/2025\/03\/27\/el-intercambio-de-libros-y-las-actividades-de-la-cuarta-edicion-de-lanfor-abierta-iniciativa-de-la-biblioteca-de-las-artes\/#primaryimage","url":"https:\/\/www.uartes.edu.ec\/sitio\/wp-content\/uploads\/2025\/03\/LANFOR-03.jpg","contentUrl":"https:\/\/www.uartes.edu.ec\/sitio\/wp-content\/uploads\/2025\/03\/LANFOR-03.jpg","width":2000,"height":1333},{"@type":"BreadcrumbList","@id":"https:\/\/www.uartes.edu.ec\/sitio\/en\/blog\/2025\/03\/27\/el-intercambio-de-libros-y-las-actividades-de-la-cuarta-edicion-de-lanfor-abierta-iniciativa-de-la-biblioteca-de-las-artes\/#breadcrumb","itemListElement":[{"@type":"ListItem","position":1,"name":"Inicio","item":"https:\/\/www.uartes.edu.ec\/sitio\/"},{"@type":"ListItem","position":2,"name":"El intercambio de libros y las actividades de Lanfor Abierta, en este 2025 su IV edici\u00f3n"}]},{"@type":"WebSite","@id":"https:\/\/www.uartes.edu.ec\/sitio\/en\/#website","url":"https:\/\/www.uartes.edu.ec\/sitio\/en\/","name":"Universidad de las Artes","description":"Sitio oficial de la Universidad Nacional de las Artes del Ecuador","publisher":{"@id":"https:\/\/www.uartes.edu.ec\/sitio\/en\/#organization"},"potentialAction":[{"@type":"SearchAction","target":{"@type":"EntryPoint","urlTemplate":"https:\/\/www.uartes.edu.ec\/sitio\/en\/?s={search_term_string}"},"query-input":{"@type":"PropertyValueSpecification","valueRequired":true,"valueName":"search_term_string"}}],"inLanguage":"en-US"},{"@type":"Organization","@id":"https:\/\/www.uartes.edu.ec\/sitio\/en\/#organization","name":"Universidad de las Artes","url":"https:\/\/www.uartes.edu.ec\/sitio\/en\/","logo":{"@type":"ImageObject","inLanguage":"en-US","@id":"https:\/\/www.uartes.edu.ec\/sitio\/en\/#\/schema\/logo\/image\/","url":"https:\/\/www.uartes.edu.ec\/sitio\/wp-content\/uploads\/2022\/07\/logo-ua-horizontal.png","contentUrl":"https:\/\/www.uartes.edu.ec\/sitio\/wp-content\/uploads\/2022\/07\/logo-ua-horizontal.png","width":800,"height":276,"caption":"Universidad de las Artes"},"image":{"@id":"https:\/\/www.uartes.edu.ec\/sitio\/en\/#\/schema\/logo\/image\/"},"sameAs":["https:\/\/www.facebook.com\/uartesec","https:\/\/x.com\/uartesec","https:\/\/www.tiktok.com\/@uartesec"]},{"@type":"Person","@id":"https:\/\/www.uartes.edu.ec\/sitio\/en\/#\/schema\/person\/efa1b8275797664fd7f13a79ccc0b1f4","name":"ccortez","image":{"@type":"ImageObject","inLanguage":"en-US","@id":"https:\/\/secure.gravatar.com\/avatar\/b2a6f664a3ae8e074346ef91775736c5ec479e637ecced6842de9dc98b5da9cd?s=96&d=mm&r=g","url":"https:\/\/secure.gravatar.com\/avatar\/b2a6f664a3ae8e074346ef91775736c5ec479e637ecced6842de9dc98b5da9cd?s=96&d=mm&r=g","contentUrl":"https:\/\/secure.gravatar.com\/avatar\/b2a6f664a3ae8e074346ef91775736c5ec479e637ecced6842de9dc98b5da9cd?s=96&d=mm&r=g","caption":"ccortez"},"url":"https:\/\/www.uartes.edu.ec\/sitio\/en\/blog\/author\/ccortez\/"}]}},"uagb_featured_image_src":{"full":["https:\/\/www.uartes.edu.ec\/sitio\/wp-content\/uploads\/2025\/03\/LANFOR-03.jpg",2000,1333,false],"thumbnail":["https:\/\/www.uartes.edu.ec\/sitio\/wp-content\/uploads\/2025\/03\/LANFOR-03-150x150.jpg",150,150,true],"medium":["https:\/\/www.uartes.edu.ec\/sitio\/wp-content\/uploads\/2025\/03\/LANFOR-03-300x200.jpg",300,200,true],"medium_large":["https:\/\/www.uartes.edu.ec\/sitio\/wp-content\/uploads\/2025\/03\/LANFOR-03-768x512.jpg",768,512,true],"large":["https:\/\/www.uartes.edu.ec\/sitio\/wp-content\/uploads\/2025\/03\/LANFOR-03-644x429.jpg",644,429,true],"1536x1536":["https:\/\/www.uartes.edu.ec\/sitio\/wp-content\/uploads\/2025\/03\/LANFOR-03-1536x1024.jpg",1536,1024,true],"2048x2048":["https:\/\/www.uartes.edu.ec\/sitio\/wp-content\/uploads\/2025\/03\/LANFOR-03.jpg",2000,1333,false],"trp-custom-language-flag":["https:\/\/www.uartes.edu.ec\/sitio\/wp-content\/uploads\/2025\/03\/LANFOR-03-18x12.jpg",18,12,true],"htmega_size_585x295":["https:\/\/www.uartes.edu.ec\/sitio\/wp-content\/uploads\/2025\/03\/LANFOR-03-585x295.jpg",585,295,true],"htmega_size_1170x536":["https:\/\/www.uartes.edu.ec\/sitio\/wp-content\/uploads\/2025\/03\/LANFOR-03-1170x536.jpg",1170,536,true],"htmega_size_396x360":["https:\/\/www.uartes.edu.ec\/sitio\/wp-content\/uploads\/2025\/03\/LANFOR-03-396x360.jpg",396,360,true],"gb-block-post-grid-landscape":["https:\/\/www.uartes.edu.ec\/sitio\/wp-content\/uploads\/2025\/03\/LANFOR-03-600x400.jpg",600,400,true],"gb-block-post-grid-square":["https:\/\/www.uartes.edu.ec\/sitio\/wp-content\/uploads\/2025\/03\/LANFOR-03-600x600.jpg",600,600,true],"university-hub-thumb":["https:\/\/www.uartes.edu.ec\/sitio\/wp-content\/uploads\/2025\/03\/LANFOR-03-400x267.jpg",400,267,true]},"uagb_author_info":{"display_name":"ccortez","author_link":"https:\/\/www.uartes.edu.ec\/sitio\/en\/blog\/author\/ccortez\/"},"uagb_comment_info":0,"uagb_excerpt":"La recepci\u00f3n de libros para intercambio que la Biblioteca de las Artes inici\u00f3 el pasado 17 de marzo y mantendr\u00e1 hasta el 17 de abril pr\u00f3ximo es una de las actividades que realiza en el marco de la IV edici\u00f3n de Lanfor Abierta, una iniciativa que surgi\u00f3 en 2022 para fortalecer la lectura y constituirse&hellip;","featured_image_src":"https:\/\/www.uartes.edu.ec\/sitio\/wp-content\/uploads\/2025\/03\/LANFOR-03-600x400.jpg","featured_image_src_square":"https:\/\/www.uartes.edu.ec\/sitio\/wp-content\/uploads\/2025\/03\/LANFOR-03-600x600.jpg","author_info":{"display_name":"ccortez","author_link":"https:\/\/www.uartes.edu.ec\/sitio\/en\/blog\/author\/ccortez\/"},"publishpress_future_workflow_manual_trigger":{"enabledWorkflows":[]},"distributor_meta":false,"distributor_terms":false,"distributor_media":false,"distributor_original_site_name":"Universidad de las Artes","distributor_original_site_url":"https:\/\/www.uartes.edu.ec\/sitio\/en","push-errors":false,"_links":{"self":[{"href":"https:\/\/www.uartes.edu.ec\/sitio\/en\/wp-json\/wp\/v2\/posts\/70015","targetHints":{"allow":["GET"]}}],"collection":[{"href":"https:\/\/www.uartes.edu.ec\/sitio\/en\/wp-json\/wp\/v2\/posts"}],"about":[{"href":"https:\/\/www.uartes.edu.ec\/sitio\/en\/wp-json\/wp\/v2\/types\/post"}],"author":[{"embeddable":true,"href":"https:\/\/www.uartes.edu.ec\/sitio\/en\/wp-json\/wp\/v2\/users\/10"}],"replies":[{"embeddable":true,"href":"https:\/\/www.uartes.edu.ec\/sitio\/en\/wp-json\/wp\/v2\/comments?post=70015"}],"version-history":[{"count":10,"href":"https:\/\/www.uartes.edu.ec\/sitio\/en\/wp-json\/wp\/v2\/posts\/70015\/revisions"}],"predecessor-version":[{"id":70100,"href":"https:\/\/www.uartes.edu.ec\/sitio\/en\/wp-json\/wp\/v2\/posts\/70015\/revisions\/70100"}],"wp:featuredmedia":[{"embeddable":true,"href":"https:\/\/www.uartes.edu.ec\/sitio\/en\/wp-json\/wp\/v2\/media\/70016"}],"wp:attachment":[{"href":"https:\/\/www.uartes.edu.ec\/sitio\/en\/wp-json\/wp\/v2\/media?parent=70015"}],"wp:term":[{"taxonomy":"category","embeddable":true,"href":"https:\/\/www.uartes.edu.ec\/sitio\/en\/wp-json\/wp\/v2\/categories?post=70015"},{"taxonomy":"post_tag","embeddable":true,"href":"https:\/\/www.uartes.edu.ec\/sitio\/en\/wp-json\/wp\/v2\/tags?post=70015"},{"taxonomy":"infouartes","embeddable":true,"href":"https:\/\/www.uartes.edu.ec\/sitio\/en\/wp-json\/wp\/v2\/infouartes?post=70015"}],"curies":[{"name":"wp","href":"https:\/\/api.w.org\/{rel}","templated":true}]}}