{"id":70159,"date":"2025-04-02T18:23:09","date_gmt":"2025-04-02T23:23:09","guid":{"rendered":"https:\/\/www.uartes.edu.ec\/sitio\/?p=70159"},"modified":"2025-04-02T18:30:59","modified_gmt":"2025-04-02T23:30:59","slug":"graduada-nadia-shupingahua-dirige-y-produce-con-alumni-y-estudiantes-la-obra-yaya-en-el-teatro-zona-escena-el-5-de-abril","status":"publish","type":"post","link":"https:\/\/www.uartes.edu.ec\/sitio\/en\/blog\/2025\/04\/02\/graduada-nadia-shupingahua-dirige-y-produce-con-alumni-y-estudiantes-la-obra-yaya-en-el-teatro-zona-escena-el-5-de-abril\/","title":{"rendered":"Graduada Nadia Shupingahua produce con alumni y estudiantes UArtes la obra \u201cYaya\u201d; se estrena en Zona Escena este 5 de abril"},"content":{"rendered":"<p>\u201cDanzamos en una historia donde me aferro a un abrazo que ya no existe. Las m\u00e1scaras cayeron y las cadenas aparecieron, me quiero ir, pero me abrazas y regreso al laberinto. Ayuda, no encuentro la salida\u201d. \u201cYaya\u201d es una obra que aborda la violencia y el abuso f\u00edsico y emocional en un v\u00ednculo, y que mediante un lenguaje de movimiento expresa la complejidad del apego y la manipulaci\u00f3n en una relaci\u00f3n nociva.<\/p>\n\n\n\n<p>Nadia Shupingahua Neira, graduada de la carrera de Danza de la Escuela de Artes Esc\u00e9nicas de la UArtes, trabaja junto a otros alumni y estudiantes en la producci\u00f3n de\u201dYaya\u201d, de la cual es su directora. Su estreno ser\u00e1 este s\u00e1bado 5 de abril, a las 19:00, en el Teatro Zona Escena, ubicado en Imbabura 204 y Panam\u00e1.<\/p>\n\n\n\n<p>Sobre su concepci\u00f3n y procesos, as\u00ed como los pasos dados para su realizaci\u00f3n, es Nadia quien responde en primera persona las inquietudes de InfoUArtes. El largo recorrido para presentar el montaje les ha dejado significativas experiencias y el enfrentar obst\u00e1culos y hacer sacrificios ya tiene su recompensa, pues adelant\u00f3 que han sido seleccionados para participar en el Festival Internacional de Danza A Cielo Abierto que se realizar\u00e1 en Quito.<\/p>\n\n\n<div class=\"wp-block-image\">\n<figure class=\"aligncenter size-large\"><img fetchpriority=\"high\" decoding=\"async\" width=\"644\" height=\"429\" src=\"https:\/\/www.uartes.edu.ec\/sitio\/wp-content\/uploads\/2025\/04\/07-Nadie-Shupingahua-ALUMNI-644x429.jpg\" alt=\"\" class=\"wp-image-70161\" srcset=\"https:\/\/www.uartes.edu.ec\/sitio\/wp-content\/uploads\/2025\/04\/07-Nadie-Shupingahua-ALUMNI-644x429.jpg 644w, https:\/\/www.uartes.edu.ec\/sitio\/wp-content\/uploads\/2025\/04\/07-Nadie-Shupingahua-ALUMNI-300x200.jpg 300w, https:\/\/www.uartes.edu.ec\/sitio\/wp-content\/uploads\/2025\/04\/07-Nadie-Shupingahua-ALUMNI-768x512.jpg 768w, https:\/\/www.uartes.edu.ec\/sitio\/wp-content\/uploads\/2025\/04\/07-Nadie-Shupingahua-ALUMNI-1536x1024.jpg 1536w, https:\/\/www.uartes.edu.ec\/sitio\/wp-content\/uploads\/2025\/04\/07-Nadie-Shupingahua-ALUMNI-18x12.jpg 18w, https:\/\/www.uartes.edu.ec\/sitio\/wp-content\/uploads\/2025\/04\/07-Nadie-Shupingahua-ALUMNI-600x400.jpg 600w, https:\/\/www.uartes.edu.ec\/sitio\/wp-content\/uploads\/2025\/04\/07-Nadie-Shupingahua-ALUMNI-400x267.jpg 400w, https:\/\/www.uartes.edu.ec\/sitio\/wp-content\/uploads\/2025\/04\/07-Nadie-Shupingahua-ALUMNI.jpg 2000w\" sizes=\"(max-width: 644px) 100vw, 644px\" \/><\/figure>\n<\/div>\n\n\n<p>Para Nadia Shupingahua, la obra es la tercera que produce. Las anteriores fueron \u201cIRNI\u201d, que realiz\u00f3 de manera independiente, y \u201cDanzando los candados\u201d, resultado de su proyecto de titulaci\u00f3n. Por ello considera que \u201cYaya\u201d es su segundo trabajo art\u00edstico con gesti\u00f3n propia y su primera creaci\u00f3n como licenciada en Danza. Aqu\u00ed su narrativa:<\/p>\n\n\n\n<p>\u201c\u2019Nace del deseo de crear una obra que aborde la violencia en una pareja amorosa, aquello me llev\u00f3 a indagar por meses sobre el narcisismo en las personas, t\u00f3pico bastante sugestivo y relevante para llevar a escena. Yaya en Per\u00fa, el pa\u00eds donde nac\u00ed, significa \u2018herida\u2019 y decid\u00ed ponerle as\u00ed a esta creaci\u00f3n esc\u00e9nica porque me agrada como suena y las personas al leerla pueden sentir curiosidad; denota, adem\u00e1s, el tema que se aborda en la obra de una manera no literal\u201d.<\/p>\n\n\n\n<p>\u201c(\u2026) Estuve semanas reflexionando lo que quer\u00eda transmitir al p\u00fablico y conclu\u00ed que quer\u00eda algo bastante crudo en escena, naciendo en m\u00ed la pulsi\u00f3n de visibilizar no solo el abuso que viven las mujeres, sino tambi\u00e9n los hombres. Decid\u00ed mostrar la historia de dos parejas, donde uno de los dos ser\u00eda el agresor y el otro la v\u00edctima\u201d.<\/p>\n\n\n<div class=\"wp-block-image\">\n<figure class=\"aligncenter size-large\"><img decoding=\"async\" width=\"644\" height=\"429\" src=\"https:\/\/www.uartes.edu.ec\/sitio\/wp-content\/uploads\/2025\/04\/03-Nadie-Shupingahua-ALUMNI-644x429.jpg\" alt=\"\" class=\"wp-image-70164\" srcset=\"https:\/\/www.uartes.edu.ec\/sitio\/wp-content\/uploads\/2025\/04\/03-Nadie-Shupingahua-ALUMNI-644x429.jpg 644w, https:\/\/www.uartes.edu.ec\/sitio\/wp-content\/uploads\/2025\/04\/03-Nadie-Shupingahua-ALUMNI-300x200.jpg 300w, https:\/\/www.uartes.edu.ec\/sitio\/wp-content\/uploads\/2025\/04\/03-Nadie-Shupingahua-ALUMNI-768x512.jpg 768w, https:\/\/www.uartes.edu.ec\/sitio\/wp-content\/uploads\/2025\/04\/03-Nadie-Shupingahua-ALUMNI-1536x1024.jpg 1536w, https:\/\/www.uartes.edu.ec\/sitio\/wp-content\/uploads\/2025\/04\/03-Nadie-Shupingahua-ALUMNI-18x12.jpg 18w, https:\/\/www.uartes.edu.ec\/sitio\/wp-content\/uploads\/2025\/04\/03-Nadie-Shupingahua-ALUMNI-600x400.jpg 600w, https:\/\/www.uartes.edu.ec\/sitio\/wp-content\/uploads\/2025\/04\/03-Nadie-Shupingahua-ALUMNI-400x267.jpg 400w, https:\/\/www.uartes.edu.ec\/sitio\/wp-content\/uploads\/2025\/04\/03-Nadie-Shupingahua-ALUMNI.jpg 2000w\" sizes=\"(max-width: 644px) 100vw, 644px\" \/><\/figure>\n<\/div>\n\n\n<p>\u201cEncontrar el elenco no me fue dif\u00edcil, escog\u00ed a cuatro grandes bailarines: Joao Robayo y Cristhian Loor, de la carrera de Danza y pr\u00f3ximos a entrar a titulaci\u00f3n; Dagmar Naranjo, que se gradu\u00f3 conmigo en diciembre de 2024; y Dom\u00e9nica Alc\u00edvar, quien en enero sustent\u00f3 su proyecto de titulaci\u00f3n. Para la m\u00fasica recurr\u00ed a mi gran amigo Mauricio Bomb\u00f3n, m\u00fasico graduado en la Escuela de Artes Sonoras y actual estudiante de Danza. Con todos ya hab\u00eda trabajado, as\u00ed es que sab\u00eda se iban a comprometer seriamente con el proyecto\u201d.<\/p>\n\n\n\n<p>\u201cAtreverme a ejecutar este proceso ha sido una excusa para desafiarme en el \u00e1mbito profesional, econ\u00f3mico y creativo, pues desde el principio fui consciente de que no ser\u00eda sencillo porque, al abordarse un tema tan delicado como la violencia, deb\u00eda encontrar las premisas adecuadas para mis int\u00e9rpretes, sin descuidar las fibras que la investigaci\u00f3n corporal pod\u00eda llegar a palpar. No obstante, los bailarines siempre se encontraron predispuestos a mi gu\u00eda, facilitando la composici\u00f3n. No puedo negar que tuvimos momentos de bloqueos creativos debido a las largas horas de ensayo que deb\u00edamos cumplir, pero fuimos hallando los caminos y ellos fueron encontrando su personaje\u201d.<\/p>\n\n\n\n<h3 class=\"wp-block-heading\">La autogesti\u00f3n<\/h3>\n\n\n\n<p>\u201c\u2019Yaya\u2019 est\u00e1 siendo producida con mucho esfuerzo y dedicaci\u00f3n por todo un equipo desde la autogesti\u00f3n. Ha sido bastante complejo sostener este proceso porque nos ha tocado enfrentar realidades, como la b\u00fasqueda de espacios para ensayar, un teatro d\u00f3nde presentarnos, autofinanciar la vestimenta y gestionar la venta de boletos\u201d.<\/p>\n\n\n<div class=\"wp-block-image\">\n<figure class=\"aligncenter size-large\"><img decoding=\"async\" width=\"644\" height=\"429\" src=\"https:\/\/www.uartes.edu.ec\/sitio\/wp-content\/uploads\/2025\/04\/02-Nadie-Shupingahua-ALUMNI-1-644x429.jpg\" alt=\"\" class=\"wp-image-70163\" srcset=\"https:\/\/www.uartes.edu.ec\/sitio\/wp-content\/uploads\/2025\/04\/02-Nadie-Shupingahua-ALUMNI-1-644x429.jpg 644w, https:\/\/www.uartes.edu.ec\/sitio\/wp-content\/uploads\/2025\/04\/02-Nadie-Shupingahua-ALUMNI-1-300x200.jpg 300w, https:\/\/www.uartes.edu.ec\/sitio\/wp-content\/uploads\/2025\/04\/02-Nadie-Shupingahua-ALUMNI-1-768x512.jpg 768w, https:\/\/www.uartes.edu.ec\/sitio\/wp-content\/uploads\/2025\/04\/02-Nadie-Shupingahua-ALUMNI-1-1536x1024.jpg 1536w, https:\/\/www.uartes.edu.ec\/sitio\/wp-content\/uploads\/2025\/04\/02-Nadie-Shupingahua-ALUMNI-1-18x12.jpg 18w, https:\/\/www.uartes.edu.ec\/sitio\/wp-content\/uploads\/2025\/04\/02-Nadie-Shupingahua-ALUMNI-1-600x400.jpg 600w, https:\/\/www.uartes.edu.ec\/sitio\/wp-content\/uploads\/2025\/04\/02-Nadie-Shupingahua-ALUMNI-1-400x267.jpg 400w, https:\/\/www.uartes.edu.ec\/sitio\/wp-content\/uploads\/2025\/04\/02-Nadie-Shupingahua-ALUMNI-1.jpg 2000w\" sizes=\"(max-width: 644px) 100vw, 644px\" \/><\/figure>\n<\/div>\n\n\n<p>\u201cEn el camino se nos han presentado dificultades y tambi\u00e9n oportunidades que hemos aprovechado al m\u00e1ximo. Una de ellas es el auspicio de Katarsis.ec, academia dirigida por Khrystel Ortiz, alumnus UArtes, quien nos ha permitido ensayar en su espacio. Tambi\u00e9n agradezco a Emilio Llerena, estudiante de Cine, quien nos apoy\u00f3 con la sesi\u00f3n de fotos, dej\u00e1ndonos un excelente material para difusi\u00f3n y para el portafolio de los int\u00e9rpretes creadores. Corporaci\u00f3n Zona Escena tambi\u00e9n forma parte de todos los hilos que nos est\u00e1n ayudando a tejer \u2018Yaya\u2019\u201d.&nbsp;<\/p>\n\n\n\n<p>\u201cAgradezco al elenco porque ha sabido adaptarse a las adversidades. La entrega y responsabilidad demostrada a lo largo del montaje motiv\u00f3 a que \u2018Yaya\u2019 siguiera adelante. Los bailarines que conforman esta puesta en escena no solo son muy talentosos, sino tambi\u00e9n apasionados; es un honor para m\u00ed trabajar con ellos. Gracias a Joao, Dagmar, Cristhian y Dom\u00e9nica esta ha sido una experiencia que reafirma mi postura con las personas adecuadas; los problemas no pesan, motivan\u201d.<\/p>\n\n\n\n<p>\u201cHan sido meses de esfuerzo y sacrificio, pero vale la pena apostar por nuestra danza\u201d, concluye Nadia Shupingahua su narraci\u00f3n y da paso a las expresiones de los int\u00e9rpretes de \u201cYaya\u201d.<\/p>\n\n\n\n<h3 class=\"wp-block-heading\">El sentir de los int\u00e9rpretes<\/h3>\n\n\n\n<p><strong>Dom\u00e9nica Alc\u00edvar:<\/strong> \u201cYaya\u201d ha sido uno de los procesos m\u00e1s retadores en los que he participado. La tem\u00e1tica que aborda es bastante ajena a mi realidad, por lo que la personificaci\u00f3n de esta vulnerabilidad que atraviesan los cuerpos se volvi\u00f3 compleja para m\u00ed. Siempre intento mantenerme en sinton\u00eda con el contexto en el que habito, por lo que no podr\u00eda decir que esta era una problem\u00e1tica que ignorara. No obstante, al atravesar con mi cuerpo esas historias convertidas en consignas pude sentir la ira, el dolor, la tristeza de aquellos que se van, de quienes se quedan, deciden seguir y deciden irse.<\/p>\n\n\n\n<figure class=\"wp-block-gallery has-nested-images columns-default is-cropped wp-block-gallery-1 is-layout-flex wp-block-gallery-is-layout-flex\">\n<figure class=\"wp-block-image size-large\"><img loading=\"lazy\" decoding=\"async\" width=\"644\" height=\"429\" data-id=\"70166\" src=\"https:\/\/www.uartes.edu.ec\/sitio\/wp-content\/uploads\/2025\/04\/05-Nadie-Shupingahua-ALUMNI-644x429.jpg\" alt=\"\" class=\"wp-image-70166\" srcset=\"https:\/\/www.uartes.edu.ec\/sitio\/wp-content\/uploads\/2025\/04\/05-Nadie-Shupingahua-ALUMNI-644x429.jpg 644w, https:\/\/www.uartes.edu.ec\/sitio\/wp-content\/uploads\/2025\/04\/05-Nadie-Shupingahua-ALUMNI-300x200.jpg 300w, https:\/\/www.uartes.edu.ec\/sitio\/wp-content\/uploads\/2025\/04\/05-Nadie-Shupingahua-ALUMNI-768x512.jpg 768w, https:\/\/www.uartes.edu.ec\/sitio\/wp-content\/uploads\/2025\/04\/05-Nadie-Shupingahua-ALUMNI-1536x1024.jpg 1536w, https:\/\/www.uartes.edu.ec\/sitio\/wp-content\/uploads\/2025\/04\/05-Nadie-Shupingahua-ALUMNI-18x12.jpg 18w, https:\/\/www.uartes.edu.ec\/sitio\/wp-content\/uploads\/2025\/04\/05-Nadie-Shupingahua-ALUMNI-600x400.jpg 600w, https:\/\/www.uartes.edu.ec\/sitio\/wp-content\/uploads\/2025\/04\/05-Nadie-Shupingahua-ALUMNI-400x267.jpg 400w, https:\/\/www.uartes.edu.ec\/sitio\/wp-content\/uploads\/2025\/04\/05-Nadie-Shupingahua-ALUMNI.jpg 2000w\" sizes=\"(max-width: 644px) 100vw, 644px\" \/><\/figure>\n\n\n\n<figure class=\"wp-block-image size-large\"><img loading=\"lazy\" decoding=\"async\" width=\"644\" height=\"429\" data-id=\"70165\" src=\"https:\/\/www.uartes.edu.ec\/sitio\/wp-content\/uploads\/2025\/04\/06-Nadie-Shupingahua-ALUMNI-644x429.jpg\" alt=\"\" class=\"wp-image-70165\" srcset=\"https:\/\/www.uartes.edu.ec\/sitio\/wp-content\/uploads\/2025\/04\/06-Nadie-Shupingahua-ALUMNI-644x429.jpg 644w, https:\/\/www.uartes.edu.ec\/sitio\/wp-content\/uploads\/2025\/04\/06-Nadie-Shupingahua-ALUMNI-300x200.jpg 300w, https:\/\/www.uartes.edu.ec\/sitio\/wp-content\/uploads\/2025\/04\/06-Nadie-Shupingahua-ALUMNI-768x512.jpg 768w, https:\/\/www.uartes.edu.ec\/sitio\/wp-content\/uploads\/2025\/04\/06-Nadie-Shupingahua-ALUMNI-1536x1024.jpg 1536w, https:\/\/www.uartes.edu.ec\/sitio\/wp-content\/uploads\/2025\/04\/06-Nadie-Shupingahua-ALUMNI-18x12.jpg 18w, https:\/\/www.uartes.edu.ec\/sitio\/wp-content\/uploads\/2025\/04\/06-Nadie-Shupingahua-ALUMNI-600x400.jpg 600w, https:\/\/www.uartes.edu.ec\/sitio\/wp-content\/uploads\/2025\/04\/06-Nadie-Shupingahua-ALUMNI-400x267.jpg 400w, https:\/\/www.uartes.edu.ec\/sitio\/wp-content\/uploads\/2025\/04\/06-Nadie-Shupingahua-ALUMNI.jpg 2000w\" sizes=\"(max-width: 644px) 100vw, 644px\" \/><\/figure>\n<\/figure>\n\n\n\n<p><\/p>\n\n\n\n<p><strong>Cristhian Loor: <\/strong>En mi participaci\u00f3n, el desaf\u00edo de personificar algo tan crudo y real como la violencia me ha llevado a experimentar nuevas sensaciones que han marcado un antes y un despu\u00e9s en mi manera de dar intenci\u00f3n a un movimiento. El proceso de investigaci\u00f3n puede quedarse algo corto al momento de recrear o crear una secuencia, ya que, al ejecutarla, es inevitable que algo de tu propia esencia se vea reflejado en el hacer. No basta con imaginar c\u00f3mo ser\u00e1, porque cada fuerza en el detalle de la intenci\u00f3n es \u00fanica para el int\u00e9rprete. Este proceso me ha hecho replantear todas las posibilidades que existen a la hora de componer y coreografiar al abordar un tema\u00a0tan\u00a0delicado.<\/p>\n\n\n\n<p><strong>Joao Robayo: <\/strong>El proceso de creaci\u00f3n de la obra ha sido profundamente reflexivo e inmersivo, permiti\u00e9ndome empatizar con realidades que ignoramos. Me ha confrontado con la complejidad de los roles en la violencia, mostrando que cualquier persona puede ser v\u00edctima o agresor seg\u00fan el contexto. Romper estereotipos es clave para reconocer estas din\u00e1micas y transformar nuestras relaciones. Ha sido un reto construir un personaje y compartir escena con otros cuerpos, enfrentando la falta de espacios y recursos para artistas emergentes. Esta experiencia me ha llevado a repensar mi propio cuerpo en la danza y las limitaciones que enfrentamos en la creaci\u00f3n\u00a0art\u00edstica.<\/p>\n\n\n\n<p><strong>Dagmar Naranjo:<\/strong> Mi experiencia dentro del proceso de creaci\u00f3n de \u201cYaya\u201d ha sido reflexivo e inmersivo, me ha permitido conectar y empatizar con situaciones que sabemos que existen, pero en ocasiones pasamos por alto, creyendo que no las vivimos, no nos afectan. Tambi\u00e9n debo resaltar el juego de roles en el que se ampl\u00eda el panorama de quienes pueden ser v\u00edctimas, quienes ejercen violencia. Salir de ciertos moldes y estereotipos que hay en la sociedad es fundamental para saber reconocer situaciones que fracturan nuestras formas de\u00a0relacionarnos.<\/p>\n\n\n<div class=\"wp-block-image\">\n<figure class=\"aligncenter size-large is-resized\"><img loading=\"lazy\" decoding=\"async\" width=\"644\" height=\"362\" src=\"https:\/\/www.uartes.edu.ec\/sitio\/wp-content\/uploads\/2025\/04\/Nadia000_16x9-644x362.jpg\" alt=\"\" class=\"wp-image-70167\" style=\"width:704px;height:auto\" srcset=\"https:\/\/www.uartes.edu.ec\/sitio\/wp-content\/uploads\/2025\/04\/Nadia000_16x9-644x362.jpg 644w, https:\/\/www.uartes.edu.ec\/sitio\/wp-content\/uploads\/2025\/04\/Nadia000_16x9-300x169.jpg 300w, https:\/\/www.uartes.edu.ec\/sitio\/wp-content\/uploads\/2025\/04\/Nadia000_16x9-768x432.jpg 768w, https:\/\/www.uartes.edu.ec\/sitio\/wp-content\/uploads\/2025\/04\/Nadia000_16x9-1536x864.jpg 1536w, https:\/\/www.uartes.edu.ec\/sitio\/wp-content\/uploads\/2025\/04\/Nadia000_16x9-18x10.jpg 18w, https:\/\/www.uartes.edu.ec\/sitio\/wp-content\/uploads\/2025\/04\/Nadia000_16x9-400x225.jpg 400w, https:\/\/www.uartes.edu.ec\/sitio\/wp-content\/uploads\/2025\/04\/Nadia000_16x9.jpg 2000w\" sizes=\"(max-width: 644px) 100vw, 644px\" \/><\/figure>\n<\/div>\n\n\n<p>Fotos: Emilio Llerena, estudiante de la Universidad de las Artes.<br>Texto: colaboraci\u00f3n Nadia Shupingahua, directora de la obra. Edici\u00f3n: Carmen Cortez\/Dircom<\/p>\n\n\n\n<p><\/p>","protected":false},"excerpt":{"rendered":"<p>Nadia Shupingahua, graduada de la carrera de Danza de la Escuela de Artes Esc\u00e9nicas, trabaja con Joao Robayo, Cristhian Loor, Dagmar Naranjo y Dom\u00e9nica Alc\u00edvar en la producci\u00f3n de \u201cYaya\u201d, una obra que aborda la violencia y el abuso f\u00edsico y emocional, y a trav\u00e9s del movimiento expresa la complejidad del apego y la manipulaci\u00f3n en una relaci\u00f3n nociva. Se estrenar\u00e1 este 5 de abril, a las 19:00, en el Teatro Zona Escena.<\/p>","protected":false},"author":10,"featured_media":70160,"comment_status":"open","ping_status":"open","sticky":false,"template":"","format":"standard","meta":{"_acf_changed":false,"_uag_custom_page_level_css":"","_monsterinsights_skip_tracking":false,"_monsterinsights_sitenote_active":false,"_monsterinsights_sitenote_note":"","_monsterinsights_sitenote_category":0,"cybocfi_hide_featured_image":"","footnotes":""},"categories":[80,490,82,159,76],"tags":[533],"infouartes":[],"class_list":["post-70159","post","type-post","status-publish","format-standard","has-post-thumbnail","hentry","category-academico","category-alumni","category-artes","category-artes-escenicas","category-estudiantes","tag-presentacion"],"acf":[],"yoast_head":"<!-- This site is optimized with the Yoast SEO plugin v27.4 - https:\/\/yoast.com\/product\/yoast-seo-wordpress\/ -->\n<title>Universidad de las Artes - Graduada Nadia Shupingahua produce con alumni y estudiantes UArtes la obra \u201cYaya\u201d; se estrena en Zona Escena este 5 de abril<\/title>\n<meta name=\"description\" content=\"Universidad de las Artes - Graduada Nadia Shupingahua produce con alumni y estudiantes UArtes la obra \u201cYaya\u201d; se estrena en Zona Escena este 5 de abril\" \/>\n<meta name=\"robots\" content=\"index, follow, max-snippet:-1, max-image-preview:large, max-video-preview:-1\" \/>\n<link rel=\"canonical\" href=\"https:\/\/www.uartes.edu.ec\/sitio\/en\/blog\/2025\/04\/02\/graduada-nadia-shupingahua-dirige-y-produce-con-alumni-y-estudiantes-la-obra-yaya-en-el-teatro-zona-escena-el-5-de-abril\/\" \/>\n<meta property=\"og:locale\" content=\"en_US\" \/>\n<meta property=\"og:type\" content=\"article\" \/>\n<meta property=\"og:title\" content=\"Universidad de las Artes - Graduada Nadia Shupingahua produce con alumni y estudiantes UArtes la obra \u201cYaya\u201d; se estrena en Zona Escena este 5 de abril\" \/>\n<meta property=\"og:description\" content=\"Universidad de las Artes - Graduada Nadia Shupingahua produce con alumni y estudiantes UArtes la obra \u201cYaya\u201d; se estrena en Zona Escena este 5 de abril\" \/>\n<meta property=\"og:url\" content=\"https:\/\/www.uartes.edu.ec\/sitio\/en\/blog\/2025\/04\/02\/graduada-nadia-shupingahua-dirige-y-produce-con-alumni-y-estudiantes-la-obra-yaya-en-el-teatro-zona-escena-el-5-de-abril\/\" \/>\n<meta property=\"og:site_name\" content=\"Universidad de las Artes\" \/>\n<meta property=\"article:publisher\" content=\"https:\/\/www.facebook.com\/uartesec\" \/>\n<meta property=\"article:published_time\" content=\"2025-04-02T23:23:09+00:00\" \/>\n<meta property=\"article:modified_time\" content=\"2025-04-02T23:30:59+00:00\" \/>\n<meta property=\"og:image\" content=\"https:\/\/www.uartes.edu.ec\/sitio\/wp-content\/uploads\/2025\/04\/01-Nadie-Shupingahua-ALUMNI.jpg\" \/>\n\t<meta property=\"og:image:width\" content=\"2000\" \/>\n\t<meta property=\"og:image:height\" content=\"1333\" \/>\n\t<meta property=\"og:image:type\" content=\"image\/jpeg\" \/>\n<meta name=\"author\" content=\"ccortez\" \/>\n<meta name=\"twitter:card\" content=\"summary_large_image\" \/>\n<meta name=\"twitter:creator\" content=\"@uartesec\" \/>\n<meta name=\"twitter:site\" content=\"@uartesec\" \/>\n<meta name=\"twitter:label1\" content=\"Written by\" \/>\n\t<meta name=\"twitter:data1\" content=\"ccortez\" \/>\n\t<meta name=\"twitter:label2\" content=\"Est. reading time\" \/>\n\t<meta name=\"twitter:data2\" content=\"8 minutes\" \/>\n<script type=\"application\/ld+json\" class=\"yoast-schema-graph\">{\"@context\":\"https:\\\/\\\/schema.org\",\"@graph\":[{\"@type\":\"Article\",\"@id\":\"https:\\\/\\\/www.uartes.edu.ec\\\/sitio\\\/en\\\/blog\\\/2025\\\/04\\\/02\\\/graduada-nadia-shupingahua-dirige-y-produce-con-alumni-y-estudiantes-la-obra-yaya-en-el-teatro-zona-escena-el-5-de-abril\\\/#article\",\"isPartOf\":{\"@id\":\"https:\\\/\\\/www.uartes.edu.ec\\\/sitio\\\/en\\\/blog\\\/2025\\\/04\\\/02\\\/graduada-nadia-shupingahua-dirige-y-produce-con-alumni-y-estudiantes-la-obra-yaya-en-el-teatro-zona-escena-el-5-de-abril\\\/\"},\"author\":{\"name\":\"ccortez\",\"@id\":\"https:\\\/\\\/www.uartes.edu.ec\\\/sitio\\\/en\\\/#\\\/schema\\\/person\\\/efa1b8275797664fd7f13a79ccc0b1f4\"},\"headline\":\"Graduada Nadia Shupingahua produce con alumni y estudiantes UArtes la obra \u201cYaya\u201d; se estrena en Zona Escena este 5 de abril\",\"datePublished\":\"2025-04-02T23:23:09+00:00\",\"dateModified\":\"2025-04-02T23:30:59+00:00\",\"mainEntityOfPage\":{\"@id\":\"https:\\\/\\\/www.uartes.edu.ec\\\/sitio\\\/en\\\/blog\\\/2025\\\/04\\\/02\\\/graduada-nadia-shupingahua-dirige-y-produce-con-alumni-y-estudiantes-la-obra-yaya-en-el-teatro-zona-escena-el-5-de-abril\\\/\"},\"wordCount\":1377,\"commentCount\":0,\"publisher\":{\"@id\":\"https:\\\/\\\/www.uartes.edu.ec\\\/sitio\\\/en\\\/#organization\"},\"image\":{\"@id\":\"https:\\\/\\\/www.uartes.edu.ec\\\/sitio\\\/en\\\/blog\\\/2025\\\/04\\\/02\\\/graduada-nadia-shupingahua-dirige-y-produce-con-alumni-y-estudiantes-la-obra-yaya-en-el-teatro-zona-escena-el-5-de-abril\\\/#primaryimage\"},\"thumbnailUrl\":\"https:\\\/\\\/www.uartes.edu.ec\\\/sitio\\\/wp-content\\\/uploads\\\/2025\\\/04\\\/01-Nadie-Shupingahua-ALUMNI.jpg\",\"keywords\":[\"presentaci\u00f3n\"],\"articleSection\":[\"Acad\u00e9mico\",\"Alumni\",\"Artes\",\"Artes Esc\u00e9nicas\",\"Estudiantes\"],\"inLanguage\":\"en-US\",\"potentialAction\":[{\"@type\":\"CommentAction\",\"name\":\"Comment\",\"target\":[\"https:\\\/\\\/www.uartes.edu.ec\\\/sitio\\\/en\\\/blog\\\/2025\\\/04\\\/02\\\/graduada-nadia-shupingahua-dirige-y-produce-con-alumni-y-estudiantes-la-obra-yaya-en-el-teatro-zona-escena-el-5-de-abril\\\/#respond\"]}]},{\"@type\":[\"WebPage\",\"ItemPage\"],\"@id\":\"https:\\\/\\\/www.uartes.edu.ec\\\/sitio\\\/en\\\/blog\\\/2025\\\/04\\\/02\\\/graduada-nadia-shupingahua-dirige-y-produce-con-alumni-y-estudiantes-la-obra-yaya-en-el-teatro-zona-escena-el-5-de-abril\\\/\",\"url\":\"https:\\\/\\\/www.uartes.edu.ec\\\/sitio\\\/en\\\/blog\\\/2025\\\/04\\\/02\\\/graduada-nadia-shupingahua-dirige-y-produce-con-alumni-y-estudiantes-la-obra-yaya-en-el-teatro-zona-escena-el-5-de-abril\\\/\",\"name\":\"Universidad de las Artes - Graduada Nadia Shupingahua produce con alumni y estudiantes UArtes la obra \u201cYaya\u201d; se estrena en Zona Escena este 5 de abril\",\"isPartOf\":{\"@id\":\"https:\\\/\\\/www.uartes.edu.ec\\\/sitio\\\/en\\\/#website\"},\"primaryImageOfPage\":{\"@id\":\"https:\\\/\\\/www.uartes.edu.ec\\\/sitio\\\/en\\\/blog\\\/2025\\\/04\\\/02\\\/graduada-nadia-shupingahua-dirige-y-produce-con-alumni-y-estudiantes-la-obra-yaya-en-el-teatro-zona-escena-el-5-de-abril\\\/#primaryimage\"},\"image\":{\"@id\":\"https:\\\/\\\/www.uartes.edu.ec\\\/sitio\\\/en\\\/blog\\\/2025\\\/04\\\/02\\\/graduada-nadia-shupingahua-dirige-y-produce-con-alumni-y-estudiantes-la-obra-yaya-en-el-teatro-zona-escena-el-5-de-abril\\\/#primaryimage\"},\"thumbnailUrl\":\"https:\\\/\\\/www.uartes.edu.ec\\\/sitio\\\/wp-content\\\/uploads\\\/2025\\\/04\\\/01-Nadie-Shupingahua-ALUMNI.jpg\",\"datePublished\":\"2025-04-02T23:23:09+00:00\",\"dateModified\":\"2025-04-02T23:30:59+00:00\",\"description\":\"Universidad de las Artes - Graduada Nadia Shupingahua produce con alumni y estudiantes UArtes la obra \u201cYaya\u201d; se estrena en Zona Escena este 5 de abril\",\"breadcrumb\":{\"@id\":\"https:\\\/\\\/www.uartes.edu.ec\\\/sitio\\\/en\\\/blog\\\/2025\\\/04\\\/02\\\/graduada-nadia-shupingahua-dirige-y-produce-con-alumni-y-estudiantes-la-obra-yaya-en-el-teatro-zona-escena-el-5-de-abril\\\/#breadcrumb\"},\"inLanguage\":\"en-US\",\"potentialAction\":[{\"@type\":\"ReadAction\",\"target\":[\"https:\\\/\\\/www.uartes.edu.ec\\\/sitio\\\/en\\\/blog\\\/2025\\\/04\\\/02\\\/graduada-nadia-shupingahua-dirige-y-produce-con-alumni-y-estudiantes-la-obra-yaya-en-el-teatro-zona-escena-el-5-de-abril\\\/\"]}]},{\"@type\":\"ImageObject\",\"inLanguage\":\"en-US\",\"@id\":\"https:\\\/\\\/www.uartes.edu.ec\\\/sitio\\\/en\\\/blog\\\/2025\\\/04\\\/02\\\/graduada-nadia-shupingahua-dirige-y-produce-con-alumni-y-estudiantes-la-obra-yaya-en-el-teatro-zona-escena-el-5-de-abril\\\/#primaryimage\",\"url\":\"https:\\\/\\\/www.uartes.edu.ec\\\/sitio\\\/wp-content\\\/uploads\\\/2025\\\/04\\\/01-Nadie-Shupingahua-ALUMNI.jpg\",\"contentUrl\":\"https:\\\/\\\/www.uartes.edu.ec\\\/sitio\\\/wp-content\\\/uploads\\\/2025\\\/04\\\/01-Nadie-Shupingahua-ALUMNI.jpg\",\"width\":2000,\"height\":1333},{\"@type\":\"BreadcrumbList\",\"@id\":\"https:\\\/\\\/www.uartes.edu.ec\\\/sitio\\\/en\\\/blog\\\/2025\\\/04\\\/02\\\/graduada-nadia-shupingahua-dirige-y-produce-con-alumni-y-estudiantes-la-obra-yaya-en-el-teatro-zona-escena-el-5-de-abril\\\/#breadcrumb\",\"itemListElement\":[{\"@type\":\"ListItem\",\"position\":1,\"name\":\"Inicio\",\"item\":\"https:\\\/\\\/www.uartes.edu.ec\\\/sitio\\\/\"},{\"@type\":\"ListItem\",\"position\":2,\"name\":\"Graduada Nadia Shupingahua produce con alumni y estudiantes UArtes la obra \u201cYaya\u201d; se estrena en Zona Escena este 5 de abril\"}]},{\"@type\":\"WebSite\",\"@id\":\"https:\\\/\\\/www.uartes.edu.ec\\\/sitio\\\/en\\\/#website\",\"url\":\"https:\\\/\\\/www.uartes.edu.ec\\\/sitio\\\/en\\\/\",\"name\":\"Universidad de las Artes\",\"description\":\"Sitio oficial de la Universidad Nacional de las Artes del Ecuador\",\"publisher\":{\"@id\":\"https:\\\/\\\/www.uartes.edu.ec\\\/sitio\\\/en\\\/#organization\"},\"potentialAction\":[{\"@type\":\"SearchAction\",\"target\":{\"@type\":\"EntryPoint\",\"urlTemplate\":\"https:\\\/\\\/www.uartes.edu.ec\\\/sitio\\\/en\\\/?s={search_term_string}\"},\"query-input\":{\"@type\":\"PropertyValueSpecification\",\"valueRequired\":true,\"valueName\":\"search_term_string\"}}],\"inLanguage\":\"en-US\"},{\"@type\":\"Organization\",\"@id\":\"https:\\\/\\\/www.uartes.edu.ec\\\/sitio\\\/en\\\/#organization\",\"name\":\"Universidad de las Artes\",\"url\":\"https:\\\/\\\/www.uartes.edu.ec\\\/sitio\\\/en\\\/\",\"logo\":{\"@type\":\"ImageObject\",\"inLanguage\":\"en-US\",\"@id\":\"https:\\\/\\\/www.uartes.edu.ec\\\/sitio\\\/en\\\/#\\\/schema\\\/logo\\\/image\\\/\",\"url\":\"https:\\\/\\\/www.uartes.edu.ec\\\/sitio\\\/wp-content\\\/uploads\\\/2022\\\/07\\\/logo-ua-horizontal.png\",\"contentUrl\":\"https:\\\/\\\/www.uartes.edu.ec\\\/sitio\\\/wp-content\\\/uploads\\\/2022\\\/07\\\/logo-ua-horizontal.png\",\"width\":800,\"height\":276,\"caption\":\"Universidad de las Artes\"},\"image\":{\"@id\":\"https:\\\/\\\/www.uartes.edu.ec\\\/sitio\\\/en\\\/#\\\/schema\\\/logo\\\/image\\\/\"},\"sameAs\":[\"https:\\\/\\\/www.facebook.com\\\/uartesec\",\"https:\\\/\\\/x.com\\\/uartesec\",\"https:\\\/\\\/www.tiktok.com\\\/@uartesec\"]},{\"@type\":\"Person\",\"@id\":\"https:\\\/\\\/www.uartes.edu.ec\\\/sitio\\\/en\\\/#\\\/schema\\\/person\\\/efa1b8275797664fd7f13a79ccc0b1f4\",\"name\":\"ccortez\",\"image\":{\"@type\":\"ImageObject\",\"inLanguage\":\"en-US\",\"@id\":\"https:\\\/\\\/secure.gravatar.com\\\/avatar\\\/b2a6f664a3ae8e074346ef91775736c5ec479e637ecced6842de9dc98b5da9cd?s=96&d=mm&r=g\",\"url\":\"https:\\\/\\\/secure.gravatar.com\\\/avatar\\\/b2a6f664a3ae8e074346ef91775736c5ec479e637ecced6842de9dc98b5da9cd?s=96&d=mm&r=g\",\"contentUrl\":\"https:\\\/\\\/secure.gravatar.com\\\/avatar\\\/b2a6f664a3ae8e074346ef91775736c5ec479e637ecced6842de9dc98b5da9cd?s=96&d=mm&r=g\",\"caption\":\"ccortez\"},\"url\":\"https:\\\/\\\/www.uartes.edu.ec\\\/sitio\\\/en\\\/blog\\\/author\\\/ccortez\\\/\"}]}<\/script>\n<!-- \/ Yoast SEO plugin. -->","yoast_head_json":{"title":"Universidad de las Artes - Graduada Nadia Shupingahua produce con alumni y estudiantes UArtes la obra \u201cYaya\u201d; se estrena en Zona Escena este 5 de abril","description":"Universidad de las Artes - Graduada Nadia Shupingahua produce con alumni y estudiantes UArtes la obra \u201cYaya\u201d; se estrena en Zona Escena este 5 de abril","robots":{"index":"index","follow":"follow","max-snippet":"max-snippet:-1","max-image-preview":"max-image-preview:large","max-video-preview":"max-video-preview:-1"},"canonical":"https:\/\/www.uartes.edu.ec\/sitio\/en\/blog\/2025\/04\/02\/graduada-nadia-shupingahua-dirige-y-produce-con-alumni-y-estudiantes-la-obra-yaya-en-el-teatro-zona-escena-el-5-de-abril\/","og_locale":"en_US","og_type":"article","og_title":"Universidad de las Artes - Graduada Nadia Shupingahua produce con alumni y estudiantes UArtes la obra \u201cYaya\u201d; se estrena en Zona Escena este 5 de abril","og_description":"Universidad de las Artes - Graduada Nadia Shupingahua produce con alumni y estudiantes UArtes la obra \u201cYaya\u201d; se estrena en Zona Escena este 5 de abril","og_url":"https:\/\/www.uartes.edu.ec\/sitio\/en\/blog\/2025\/04\/02\/graduada-nadia-shupingahua-dirige-y-produce-con-alumni-y-estudiantes-la-obra-yaya-en-el-teatro-zona-escena-el-5-de-abril\/","og_site_name":"Universidad de las Artes","article_publisher":"https:\/\/www.facebook.com\/uartesec","article_published_time":"2025-04-02T23:23:09+00:00","article_modified_time":"2025-04-02T23:30:59+00:00","og_image":[{"width":2000,"height":1333,"url":"https:\/\/www.uartes.edu.ec\/sitio\/wp-content\/uploads\/2025\/04\/01-Nadie-Shupingahua-ALUMNI.jpg","type":"image\/jpeg"}],"author":"ccortez","twitter_card":"summary_large_image","twitter_creator":"@uartesec","twitter_site":"@uartesec","twitter_misc":{"Written by":"ccortez","Est. reading time":"8 minutes"},"schema":{"@context":"https:\/\/schema.org","@graph":[{"@type":"Article","@id":"https:\/\/www.uartes.edu.ec\/sitio\/en\/blog\/2025\/04\/02\/graduada-nadia-shupingahua-dirige-y-produce-con-alumni-y-estudiantes-la-obra-yaya-en-el-teatro-zona-escena-el-5-de-abril\/#article","isPartOf":{"@id":"https:\/\/www.uartes.edu.ec\/sitio\/en\/blog\/2025\/04\/02\/graduada-nadia-shupingahua-dirige-y-produce-con-alumni-y-estudiantes-la-obra-yaya-en-el-teatro-zona-escena-el-5-de-abril\/"},"author":{"name":"ccortez","@id":"https:\/\/www.uartes.edu.ec\/sitio\/en\/#\/schema\/person\/efa1b8275797664fd7f13a79ccc0b1f4"},"headline":"Graduada Nadia Shupingahua produce con alumni y estudiantes UArtes la obra \u201cYaya\u201d; se estrena en Zona Escena este 5 de abril","datePublished":"2025-04-02T23:23:09+00:00","dateModified":"2025-04-02T23:30:59+00:00","mainEntityOfPage":{"@id":"https:\/\/www.uartes.edu.ec\/sitio\/en\/blog\/2025\/04\/02\/graduada-nadia-shupingahua-dirige-y-produce-con-alumni-y-estudiantes-la-obra-yaya-en-el-teatro-zona-escena-el-5-de-abril\/"},"wordCount":1377,"commentCount":0,"publisher":{"@id":"https:\/\/www.uartes.edu.ec\/sitio\/en\/#organization"},"image":{"@id":"https:\/\/www.uartes.edu.ec\/sitio\/en\/blog\/2025\/04\/02\/graduada-nadia-shupingahua-dirige-y-produce-con-alumni-y-estudiantes-la-obra-yaya-en-el-teatro-zona-escena-el-5-de-abril\/#primaryimage"},"thumbnailUrl":"https:\/\/www.uartes.edu.ec\/sitio\/wp-content\/uploads\/2025\/04\/01-Nadie-Shupingahua-ALUMNI.jpg","keywords":["presentaci\u00f3n"],"articleSection":["Acad\u00e9mico","Alumni","Artes","Artes Esc\u00e9nicas","Estudiantes"],"inLanguage":"en-US","potentialAction":[{"@type":"CommentAction","name":"Comment","target":["https:\/\/www.uartes.edu.ec\/sitio\/en\/blog\/2025\/04\/02\/graduada-nadia-shupingahua-dirige-y-produce-con-alumni-y-estudiantes-la-obra-yaya-en-el-teatro-zona-escena-el-5-de-abril\/#respond"]}]},{"@type":["WebPage","ItemPage"],"@id":"https:\/\/www.uartes.edu.ec\/sitio\/en\/blog\/2025\/04\/02\/graduada-nadia-shupingahua-dirige-y-produce-con-alumni-y-estudiantes-la-obra-yaya-en-el-teatro-zona-escena-el-5-de-abril\/","url":"https:\/\/www.uartes.edu.ec\/sitio\/en\/blog\/2025\/04\/02\/graduada-nadia-shupingahua-dirige-y-produce-con-alumni-y-estudiantes-la-obra-yaya-en-el-teatro-zona-escena-el-5-de-abril\/","name":"Universidad de las Artes - Graduada Nadia Shupingahua produce con alumni y estudiantes UArtes la obra \u201cYaya\u201d; se estrena en Zona Escena este 5 de abril","isPartOf":{"@id":"https:\/\/www.uartes.edu.ec\/sitio\/en\/#website"},"primaryImageOfPage":{"@id":"https:\/\/www.uartes.edu.ec\/sitio\/en\/blog\/2025\/04\/02\/graduada-nadia-shupingahua-dirige-y-produce-con-alumni-y-estudiantes-la-obra-yaya-en-el-teatro-zona-escena-el-5-de-abril\/#primaryimage"},"image":{"@id":"https:\/\/www.uartes.edu.ec\/sitio\/en\/blog\/2025\/04\/02\/graduada-nadia-shupingahua-dirige-y-produce-con-alumni-y-estudiantes-la-obra-yaya-en-el-teatro-zona-escena-el-5-de-abril\/#primaryimage"},"thumbnailUrl":"https:\/\/www.uartes.edu.ec\/sitio\/wp-content\/uploads\/2025\/04\/01-Nadie-Shupingahua-ALUMNI.jpg","datePublished":"2025-04-02T23:23:09+00:00","dateModified":"2025-04-02T23:30:59+00:00","description":"Universidad de las Artes - Graduada Nadia Shupingahua produce con alumni y estudiantes UArtes la obra \u201cYaya\u201d; se estrena en Zona Escena este 5 de abril","breadcrumb":{"@id":"https:\/\/www.uartes.edu.ec\/sitio\/en\/blog\/2025\/04\/02\/graduada-nadia-shupingahua-dirige-y-produce-con-alumni-y-estudiantes-la-obra-yaya-en-el-teatro-zona-escena-el-5-de-abril\/#breadcrumb"},"inLanguage":"en-US","potentialAction":[{"@type":"ReadAction","target":["https:\/\/www.uartes.edu.ec\/sitio\/en\/blog\/2025\/04\/02\/graduada-nadia-shupingahua-dirige-y-produce-con-alumni-y-estudiantes-la-obra-yaya-en-el-teatro-zona-escena-el-5-de-abril\/"]}]},{"@type":"ImageObject","inLanguage":"en-US","@id":"https:\/\/www.uartes.edu.ec\/sitio\/en\/blog\/2025\/04\/02\/graduada-nadia-shupingahua-dirige-y-produce-con-alumni-y-estudiantes-la-obra-yaya-en-el-teatro-zona-escena-el-5-de-abril\/#primaryimage","url":"https:\/\/www.uartes.edu.ec\/sitio\/wp-content\/uploads\/2025\/04\/01-Nadie-Shupingahua-ALUMNI.jpg","contentUrl":"https:\/\/www.uartes.edu.ec\/sitio\/wp-content\/uploads\/2025\/04\/01-Nadie-Shupingahua-ALUMNI.jpg","width":2000,"height":1333},{"@type":"BreadcrumbList","@id":"https:\/\/www.uartes.edu.ec\/sitio\/en\/blog\/2025\/04\/02\/graduada-nadia-shupingahua-dirige-y-produce-con-alumni-y-estudiantes-la-obra-yaya-en-el-teatro-zona-escena-el-5-de-abril\/#breadcrumb","itemListElement":[{"@type":"ListItem","position":1,"name":"Inicio","item":"https:\/\/www.uartes.edu.ec\/sitio\/"},{"@type":"ListItem","position":2,"name":"Graduada Nadia Shupingahua produce con alumni y estudiantes UArtes la obra \u201cYaya\u201d; se estrena en Zona Escena este 5 de abril"}]},{"@type":"WebSite","@id":"https:\/\/www.uartes.edu.ec\/sitio\/en\/#website","url":"https:\/\/www.uartes.edu.ec\/sitio\/en\/","name":"Universidad de las Artes","description":"Sitio oficial de la Universidad Nacional de las Artes del Ecuador","publisher":{"@id":"https:\/\/www.uartes.edu.ec\/sitio\/en\/#organization"},"potentialAction":[{"@type":"SearchAction","target":{"@type":"EntryPoint","urlTemplate":"https:\/\/www.uartes.edu.ec\/sitio\/en\/?s={search_term_string}"},"query-input":{"@type":"PropertyValueSpecification","valueRequired":true,"valueName":"search_term_string"}}],"inLanguage":"en-US"},{"@type":"Organization","@id":"https:\/\/www.uartes.edu.ec\/sitio\/en\/#organization","name":"Universidad de las Artes","url":"https:\/\/www.uartes.edu.ec\/sitio\/en\/","logo":{"@type":"ImageObject","inLanguage":"en-US","@id":"https:\/\/www.uartes.edu.ec\/sitio\/en\/#\/schema\/logo\/image\/","url":"https:\/\/www.uartes.edu.ec\/sitio\/wp-content\/uploads\/2022\/07\/logo-ua-horizontal.png","contentUrl":"https:\/\/www.uartes.edu.ec\/sitio\/wp-content\/uploads\/2022\/07\/logo-ua-horizontal.png","width":800,"height":276,"caption":"Universidad de las Artes"},"image":{"@id":"https:\/\/www.uartes.edu.ec\/sitio\/en\/#\/schema\/logo\/image\/"},"sameAs":["https:\/\/www.facebook.com\/uartesec","https:\/\/x.com\/uartesec","https:\/\/www.tiktok.com\/@uartesec"]},{"@type":"Person","@id":"https:\/\/www.uartes.edu.ec\/sitio\/en\/#\/schema\/person\/efa1b8275797664fd7f13a79ccc0b1f4","name":"ccortez","image":{"@type":"ImageObject","inLanguage":"en-US","@id":"https:\/\/secure.gravatar.com\/avatar\/b2a6f664a3ae8e074346ef91775736c5ec479e637ecced6842de9dc98b5da9cd?s=96&d=mm&r=g","url":"https:\/\/secure.gravatar.com\/avatar\/b2a6f664a3ae8e074346ef91775736c5ec479e637ecced6842de9dc98b5da9cd?s=96&d=mm&r=g","contentUrl":"https:\/\/secure.gravatar.com\/avatar\/b2a6f664a3ae8e074346ef91775736c5ec479e637ecced6842de9dc98b5da9cd?s=96&d=mm&r=g","caption":"ccortez"},"url":"https:\/\/www.uartes.edu.ec\/sitio\/en\/blog\/author\/ccortez\/"}]}},"uagb_featured_image_src":{"full":["https:\/\/www.uartes.edu.ec\/sitio\/wp-content\/uploads\/2025\/04\/01-Nadie-Shupingahua-ALUMNI.jpg",2000,1333,false],"thumbnail":["https:\/\/www.uartes.edu.ec\/sitio\/wp-content\/uploads\/2025\/04\/01-Nadie-Shupingahua-ALUMNI-150x150.jpg",150,150,true],"medium":["https:\/\/www.uartes.edu.ec\/sitio\/wp-content\/uploads\/2025\/04\/01-Nadie-Shupingahua-ALUMNI-300x200.jpg",300,200,true],"medium_large":["https:\/\/www.uartes.edu.ec\/sitio\/wp-content\/uploads\/2025\/04\/01-Nadie-Shupingahua-ALUMNI-768x512.jpg",768,512,true],"large":["https:\/\/www.uartes.edu.ec\/sitio\/wp-content\/uploads\/2025\/04\/01-Nadie-Shupingahua-ALUMNI-644x429.jpg",644,429,true],"1536x1536":["https:\/\/www.uartes.edu.ec\/sitio\/wp-content\/uploads\/2025\/04\/01-Nadie-Shupingahua-ALUMNI-1536x1024.jpg",1536,1024,true],"2048x2048":["https:\/\/www.uartes.edu.ec\/sitio\/wp-content\/uploads\/2025\/04\/01-Nadie-Shupingahua-ALUMNI.jpg",2000,1333,false],"trp-custom-language-flag":["https:\/\/www.uartes.edu.ec\/sitio\/wp-content\/uploads\/2025\/04\/01-Nadie-Shupingahua-ALUMNI-18x12.jpg",18,12,true],"htmega_size_585x295":["https:\/\/www.uartes.edu.ec\/sitio\/wp-content\/uploads\/2025\/04\/01-Nadie-Shupingahua-ALUMNI-585x295.jpg",585,295,true],"htmega_size_1170x536":["https:\/\/www.uartes.edu.ec\/sitio\/wp-content\/uploads\/2025\/04\/01-Nadie-Shupingahua-ALUMNI-1170x536.jpg",1170,536,true],"htmega_size_396x360":["https:\/\/www.uartes.edu.ec\/sitio\/wp-content\/uploads\/2025\/04\/01-Nadie-Shupingahua-ALUMNI-396x360.jpg",396,360,true],"gb-block-post-grid-landscape":["https:\/\/www.uartes.edu.ec\/sitio\/wp-content\/uploads\/2025\/04\/01-Nadie-Shupingahua-ALUMNI-600x400.jpg",600,400,true],"gb-block-post-grid-square":["https:\/\/www.uartes.edu.ec\/sitio\/wp-content\/uploads\/2025\/04\/01-Nadie-Shupingahua-ALUMNI-600x600.jpg",600,600,true],"university-hub-thumb":["https:\/\/www.uartes.edu.ec\/sitio\/wp-content\/uploads\/2025\/04\/01-Nadie-Shupingahua-ALUMNI-400x267.jpg",400,267,true]},"uagb_author_info":{"display_name":"ccortez","author_link":"https:\/\/www.uartes.edu.ec\/sitio\/en\/blog\/author\/ccortez\/"},"uagb_comment_info":0,"uagb_excerpt":"Nadia Shupingahua, graduada de la carrera de Danza de la Escuela de Artes Esc\u00e9nicas, trabaja con Joao Robayo, Cristhian Loor, Dagmar Naranjo y Dom\u00e9nica Alc\u00edvar en la producci\u00f3n de \u201cYaya\u201d, una obra que aborda la violencia y el abuso f\u00edsico y emocional, y a trav\u00e9s del movimiento expresa la complejidad del apego y la manipulaci\u00f3n&hellip;","featured_image_src":"https:\/\/www.uartes.edu.ec\/sitio\/wp-content\/uploads\/2025\/04\/01-Nadie-Shupingahua-ALUMNI-600x400.jpg","featured_image_src_square":"https:\/\/www.uartes.edu.ec\/sitio\/wp-content\/uploads\/2025\/04\/01-Nadie-Shupingahua-ALUMNI-600x600.jpg","author_info":{"display_name":"ccortez","author_link":"https:\/\/www.uartes.edu.ec\/sitio\/en\/blog\/author\/ccortez\/"},"publishpress_future_workflow_manual_trigger":{"enabledWorkflows":[]},"distributor_meta":false,"distributor_terms":false,"distributor_media":false,"distributor_original_site_name":"Universidad de las Artes","distributor_original_site_url":"https:\/\/www.uartes.edu.ec\/sitio\/en","push-errors":false,"_links":{"self":[{"href":"https:\/\/www.uartes.edu.ec\/sitio\/en\/wp-json\/wp\/v2\/posts\/70159","targetHints":{"allow":["GET"]}}],"collection":[{"href":"https:\/\/www.uartes.edu.ec\/sitio\/en\/wp-json\/wp\/v2\/posts"}],"about":[{"href":"https:\/\/www.uartes.edu.ec\/sitio\/en\/wp-json\/wp\/v2\/types\/post"}],"author":[{"embeddable":true,"href":"https:\/\/www.uartes.edu.ec\/sitio\/en\/wp-json\/wp\/v2\/users\/10"}],"replies":[{"embeddable":true,"href":"https:\/\/www.uartes.edu.ec\/sitio\/en\/wp-json\/wp\/v2\/comments?post=70159"}],"version-history":[{"count":6,"href":"https:\/\/www.uartes.edu.ec\/sitio\/en\/wp-json\/wp\/v2\/posts\/70159\/revisions"}],"predecessor-version":[{"id":70184,"href":"https:\/\/www.uartes.edu.ec\/sitio\/en\/wp-json\/wp\/v2\/posts\/70159\/revisions\/70184"}],"wp:featuredmedia":[{"embeddable":true,"href":"https:\/\/www.uartes.edu.ec\/sitio\/en\/wp-json\/wp\/v2\/media\/70160"}],"wp:attachment":[{"href":"https:\/\/www.uartes.edu.ec\/sitio\/en\/wp-json\/wp\/v2\/media?parent=70159"}],"wp:term":[{"taxonomy":"category","embeddable":true,"href":"https:\/\/www.uartes.edu.ec\/sitio\/en\/wp-json\/wp\/v2\/categories?post=70159"},{"taxonomy":"post_tag","embeddable":true,"href":"https:\/\/www.uartes.edu.ec\/sitio\/en\/wp-json\/wp\/v2\/tags?post=70159"},{"taxonomy":"infouartes","embeddable":true,"href":"https:\/\/www.uartes.edu.ec\/sitio\/en\/wp-json\/wp\/v2\/infouartes?post=70159"}],"curies":[{"name":"wp","href":"https:\/\/api.w.org\/{rel}","templated":true}]}}