{"id":7021,"date":"2020-05-17T08:07:51","date_gmt":"2020-05-17T13:07:51","guid":{"rendered":"http:\/\/www.uartes.edu.ec\/sitio\/?p=7021"},"modified":"2024-07-04T11:43:09","modified_gmt":"2024-07-04T16:43:09","slug":"intersticio-muestra-que-llevo-a-eniff-bayas-a-indagar-en-la-actividad-mental-inconsciente","status":"publish","type":"post","link":"https:\/\/www.uartes.edu.ec\/sitio\/en\/blog\/2020\/05\/17\/intersticio-muestra-que-llevo-a-eniff-bayas-a-indagar-en-la-actividad-mental-inconsciente\/","title":{"rendered":"\u00abIntersticio\u00bb, muestra que llev\u00f3 a Eniff Bayas a indagar en la actividad mental inconsciente"},"content":{"rendered":"<p><em>\u201cIntersticio<\/em> es una muestra que indaga en la actividad mental inconsciente: el sue\u00f1o, y que pretende a trav\u00e9s de la recreaci\u00f3n de escenarios on\u00edricos y&nbsp;la extracci\u00f3n de elementos simb\u00f3licos, la posibilidad de materializaci\u00f3n&nbsp;de una realidad intangible\u2026 Conceptos subjetivos como la memoria, el olvido, el horror, la ternura, el sue\u00f1o, la realidad, la vida y la muerte, a trav\u00e9s de su conexi\u00f3n con el hogar y los objetos que lo habitan y que contienen los fantasmas y traumas de la infancia\u201d. Eniff Katherine Bayas Ronquillo, estudiante de la Escuela de Artes Visuales, explica as\u00ed el proyecto de introspecci\u00f3n y psicoan\u00e1lisis&nbsp;que present\u00f3 como trabajo final de tesis y que sustent\u00f3 el 2 de mayo de 2020, v\u00eda videoconferencia.<\/p>\n\n\n\n<p>Desarrollar la producci\u00f3n le tom\u00f3 de dos a tres meses, explica Eniff Bayas y entre los recursos que utiliz\u00f3 menciona materiales sint\u00e9ticos, felpa, arcilla, objetos dom\u00e9sticos, fotograf\u00edas y antig\u00fcedades. \u201cTuve la dificultad de adquirir gran parte del material que se necesitaba para la ejecuci\u00f3n de obras, las cuales estaban inicialmente planificadas a gran escala y de car\u00e1cter invasivo, pero, debido al estado de emergencia sanitaria nacional, se tuvieron que reducir y presentar a manera de extractos que a futuro podr\u00edan potenciarse. Adem\u00e1s, la restricci\u00f3n de movilizaci\u00f3n me impidi\u00f3 contar con objetos que se preve\u00edan formar parte de las instalaciones y que debieron ser cambiados por otros con igual carga simb\u00f3lica para finalizar el proceso. En cuanto al espacio, la muestra estaba en un 50% ya en proceso de montaje por lo que finalmente logr\u00f3 consumarse en el sitio previsto, pertinente para su realizaci\u00f3n\u201d.<\/p>\n\n\n\n<p>Para su defensa en l\u00ednea, Eniff Bayas revela que debi\u00f3 hacer registros del montaje de las obras y v\u00eddeos del recorrido de la muestra para proporcionar la experiencia presencial y sensible que requer\u00eda la muestra. \u201cLa experiencia fue realmente satisfactoria, c\u00f3moda sobre todo\u201d.<\/p>\n\n\n\n<div class=\"wp-block-image\"><figure class=\"aligncenter size-large\"><img fetchpriority=\"high\" decoding=\"async\" width=\"644\" height=\"429\" src=\"http:\/\/www.uartes.edu.ec\/sitio\/wp-content\/uploads\/2020\/05\/ENIFF-644x429.jpg\" alt=\"\" class=\"wp-image-7023\" srcset=\"https:\/\/www.uartes.edu.ec\/sitio\/wp-content\/uploads\/2020\/05\/ENIFF-644x429.jpg 644w, https:\/\/www.uartes.edu.ec\/sitio\/wp-content\/uploads\/2020\/05\/ENIFF-300x200.jpg 300w, https:\/\/www.uartes.edu.ec\/sitio\/wp-content\/uploads\/2020\/05\/ENIFF-768x512.jpg 768w, https:\/\/www.uartes.edu.ec\/sitio\/wp-content\/uploads\/2020\/05\/ENIFF-1536x1024.jpg 1536w, https:\/\/www.uartes.edu.ec\/sitio\/wp-content\/uploads\/2020\/05\/ENIFF-600x400.jpg 600w, https:\/\/www.uartes.edu.ec\/sitio\/wp-content\/uploads\/2020\/05\/ENIFF-400x267.jpg 400w, https:\/\/www.uartes.edu.ec\/sitio\/wp-content\/uploads\/2020\/05\/ENIFF-272x182.jpg 272w, https:\/\/www.uartes.edu.ec\/sitio\/wp-content\/uploads\/2020\/05\/ENIFF.jpg 2000w\" sizes=\"(max-width: 644px) 100vw, 644px\" \/><\/figure><\/div>\n\n\n\n<p>De los comentarios del jurado rescat\u00f3 y atesor\u00f3 la intervenci\u00f3n de Marcos Restrepo, \u201cla cual agreg\u00f3 valor y muchos comentarios positivos hacia mi trabajo. Propici\u00f3, adem\u00e1s, el an\u00e1lisis no solo reflexivo hacia la muestra, sino hacia el an\u00e1lisis introspectivo e \u00edntimo como artista\u201d.&nbsp; De sus proyectos tras obtener el t\u00edtulo, Eniff Bayas indica que su enfoque con el arte siempre ha sido una pr\u00e1ctica pedag\u00f3gica, raz\u00f3n por la cual ejerce desde ese medio. \u201cEs una actividad que ha venido enriqueci\u00e9ndose desde su conexi\u00f3n con otros campos de ense\u00f1anza, como su conexi\u00f3n con la lengua extranjera, por ejemplo. En el futuro pretendo gestionar un espacio acad\u00e9mico&nbsp;dirigido a ni\u00f1os, en el que pueda seguir hilando mi carrera art\u00edstica, con el campo pedag\u00f3gico-ling\u00fc\u00edstico\u201d.&nbsp;<\/p>","protected":false},"excerpt":{"rendered":"<p>Eniff Katherine Bayas Ronquillo, estudiante de la Escuela de Artes Visuales, explica as\u00ed el proyecto de introspecci\u00f3n y psicoan\u00e1lisis que present\u00f3 como trabajo final de tesis y que sustent\u00f3 el 2 de mayo de 2020, v\u00eda videoconferencia.<\/p>","protected":false},"author":1,"featured_media":7022,"comment_status":"closed","ping_status":"closed","sticky":false,"template":"","format":"standard","meta":{"_acf_changed":false,"_uag_custom_page_level_css":"","_monsterinsights_skip_tracking":false,"_monsterinsights_sitenote_active":false,"_monsterinsights_sitenote_note":"","_monsterinsights_sitenote_category":0,"cybocfi_hide_featured_image":"","footnotes":""},"categories":[80,157,76],"tags":[211],"infouartes":[],"class_list":["post-7021","post","type-post","status-publish","format-standard","has-post-thumbnail","hentry","category-academico","category-artes-visuales","category-estudiantes","tag-covid19"],"acf":[],"yoast_head":"<!-- This site is optimized with the Yoast SEO plugin v27.4 - https:\/\/yoast.com\/product\/yoast-seo-wordpress\/ -->\n<title>Universidad de las Artes - &quot;Intersticio&quot;, muestra que llev\u00f3 a Eniff Bayas a indagar en la actividad mental inconsciente<\/title>\n<meta name=\"description\" content=\"Universidad de las Artes - &quot;Intersticio&quot;, muestra que llev\u00f3 a Eniff Bayas a indagar en la actividad mental inconsciente\" \/>\n<meta name=\"robots\" content=\"index, follow, max-snippet:-1, max-image-preview:large, max-video-preview:-1\" \/>\n<link rel=\"canonical\" href=\"https:\/\/www.uartes.edu.ec\/sitio\/en\/blog\/2020\/05\/17\/intersticio-muestra-que-llevo-a-eniff-bayas-a-indagar-en-la-actividad-mental-inconsciente\/\" \/>\n<meta property=\"og:locale\" content=\"en_US\" \/>\n<meta property=\"og:type\" content=\"article\" \/>\n<meta property=\"og:title\" content=\"Universidad de las Artes - &quot;Intersticio&quot;, muestra que llev\u00f3 a Eniff Bayas a indagar en la actividad mental inconsciente\" \/>\n<meta property=\"og:description\" content=\"Universidad de las Artes - &quot;Intersticio&quot;, muestra que llev\u00f3 a Eniff Bayas a indagar en la actividad mental inconsciente\" \/>\n<meta property=\"og:url\" content=\"https:\/\/www.uartes.edu.ec\/sitio\/en\/blog\/2020\/05\/17\/intersticio-muestra-que-llevo-a-eniff-bayas-a-indagar-en-la-actividad-mental-inconsciente\/\" \/>\n<meta property=\"og:site_name\" content=\"Universidad de las Artes\" \/>\n<meta property=\"article:publisher\" content=\"https:\/\/www.facebook.com\/uartesec\" \/>\n<meta property=\"article:published_time\" content=\"2020-05-17T13:07:51+00:00\" \/>\n<meta property=\"article:modified_time\" content=\"2024-07-04T16:43:09+00:00\" \/>\n<meta property=\"og:image\" content=\"https:\/\/www.uartes.edu.ec\/sitio\/wp-content\/uploads\/2020\/05\/ENIFF-2.jpg\" \/>\n\t<meta property=\"og:image:width\" content=\"2000\" \/>\n\t<meta property=\"og:image:height\" content=\"1334\" \/>\n\t<meta property=\"og:image:type\" content=\"image\/jpeg\" \/>\n<meta name=\"author\" content=\"Universidad de las Artes\" \/>\n<meta name=\"twitter:card\" content=\"summary_large_image\" \/>\n<meta name=\"twitter:creator\" content=\"@uartesec\" \/>\n<meta name=\"twitter:site\" content=\"@uartesec\" \/>\n<meta name=\"twitter:label1\" content=\"Written by\" \/>\n\t<meta name=\"twitter:data1\" content=\"Universidad de las Artes\" \/>\n\t<meta name=\"twitter:label2\" content=\"Est. reading time\" \/>\n\t<meta name=\"twitter:data2\" content=\"2 minutes\" \/>\n<script type=\"application\/ld+json\" class=\"yoast-schema-graph\">{\"@context\":\"https:\\\/\\\/schema.org\",\"@graph\":[{\"@type\":\"Article\",\"@id\":\"https:\\\/\\\/www.uartes.edu.ec\\\/sitio\\\/en\\\/blog\\\/2020\\\/05\\\/17\\\/intersticio-muestra-que-llevo-a-eniff-bayas-a-indagar-en-la-actividad-mental-inconsciente\\\/#article\",\"isPartOf\":{\"@id\":\"https:\\\/\\\/www.uartes.edu.ec\\\/sitio\\\/en\\\/blog\\\/2020\\\/05\\\/17\\\/intersticio-muestra-que-llevo-a-eniff-bayas-a-indagar-en-la-actividad-mental-inconsciente\\\/\"},\"author\":{\"name\":\"Universidad de las Artes\",\"@id\":\"https:\\\/\\\/www.uartes.edu.ec\\\/sitio\\\/en\\\/#\\\/schema\\\/person\\\/f33f8c1d2af0d5c80a38c8abf458184a\"},\"headline\":\"\u00abIntersticio\u00bb, muestra que llev\u00f3 a Eniff Bayas a indagar en la actividad mental inconsciente\",\"datePublished\":\"2020-05-17T13:07:51+00:00\",\"dateModified\":\"2024-07-04T16:43:09+00:00\",\"mainEntityOfPage\":{\"@id\":\"https:\\\/\\\/www.uartes.edu.ec\\\/sitio\\\/en\\\/blog\\\/2020\\\/05\\\/17\\\/intersticio-muestra-que-llevo-a-eniff-bayas-a-indagar-en-la-actividad-mental-inconsciente\\\/\"},\"wordCount\":491,\"publisher\":{\"@id\":\"https:\\\/\\\/www.uartes.edu.ec\\\/sitio\\\/en\\\/#organization\"},\"image\":{\"@id\":\"https:\\\/\\\/www.uartes.edu.ec\\\/sitio\\\/en\\\/blog\\\/2020\\\/05\\\/17\\\/intersticio-muestra-que-llevo-a-eniff-bayas-a-indagar-en-la-actividad-mental-inconsciente\\\/#primaryimage\"},\"thumbnailUrl\":\"https:\\\/\\\/www.uartes.edu.ec\\\/sitio\\\/wp-content\\\/uploads\\\/2020\\\/05\\\/ENIFF-2.jpg\",\"keywords\":[\"covid19\"],\"articleSection\":[\"Acad\u00e9mico\",\"Artes Visuales\",\"Estudiantes\"],\"inLanguage\":\"en-US\"},{\"@type\":[\"WebPage\",\"ItemPage\"],\"@id\":\"https:\\\/\\\/www.uartes.edu.ec\\\/sitio\\\/en\\\/blog\\\/2020\\\/05\\\/17\\\/intersticio-muestra-que-llevo-a-eniff-bayas-a-indagar-en-la-actividad-mental-inconsciente\\\/\",\"url\":\"https:\\\/\\\/www.uartes.edu.ec\\\/sitio\\\/en\\\/blog\\\/2020\\\/05\\\/17\\\/intersticio-muestra-que-llevo-a-eniff-bayas-a-indagar-en-la-actividad-mental-inconsciente\\\/\",\"name\":\"Universidad de las Artes - \\\"Intersticio\\\", muestra que llev\u00f3 a Eniff Bayas a indagar en la actividad mental inconsciente\",\"isPartOf\":{\"@id\":\"https:\\\/\\\/www.uartes.edu.ec\\\/sitio\\\/en\\\/#website\"},\"primaryImageOfPage\":{\"@id\":\"https:\\\/\\\/www.uartes.edu.ec\\\/sitio\\\/en\\\/blog\\\/2020\\\/05\\\/17\\\/intersticio-muestra-que-llevo-a-eniff-bayas-a-indagar-en-la-actividad-mental-inconsciente\\\/#primaryimage\"},\"image\":{\"@id\":\"https:\\\/\\\/www.uartes.edu.ec\\\/sitio\\\/en\\\/blog\\\/2020\\\/05\\\/17\\\/intersticio-muestra-que-llevo-a-eniff-bayas-a-indagar-en-la-actividad-mental-inconsciente\\\/#primaryimage\"},\"thumbnailUrl\":\"https:\\\/\\\/www.uartes.edu.ec\\\/sitio\\\/wp-content\\\/uploads\\\/2020\\\/05\\\/ENIFF-2.jpg\",\"datePublished\":\"2020-05-17T13:07:51+00:00\",\"dateModified\":\"2024-07-04T16:43:09+00:00\",\"description\":\"Universidad de las Artes - \\\"Intersticio\\\", muestra que llev\u00f3 a Eniff Bayas a indagar en la actividad mental inconsciente\",\"breadcrumb\":{\"@id\":\"https:\\\/\\\/www.uartes.edu.ec\\\/sitio\\\/en\\\/blog\\\/2020\\\/05\\\/17\\\/intersticio-muestra-que-llevo-a-eniff-bayas-a-indagar-en-la-actividad-mental-inconsciente\\\/#breadcrumb\"},\"inLanguage\":\"en-US\",\"potentialAction\":[{\"@type\":\"ReadAction\",\"target\":[\"https:\\\/\\\/www.uartes.edu.ec\\\/sitio\\\/en\\\/blog\\\/2020\\\/05\\\/17\\\/intersticio-muestra-que-llevo-a-eniff-bayas-a-indagar-en-la-actividad-mental-inconsciente\\\/\"]}]},{\"@type\":\"ImageObject\",\"inLanguage\":\"en-US\",\"@id\":\"https:\\\/\\\/www.uartes.edu.ec\\\/sitio\\\/en\\\/blog\\\/2020\\\/05\\\/17\\\/intersticio-muestra-que-llevo-a-eniff-bayas-a-indagar-en-la-actividad-mental-inconsciente\\\/#primaryimage\",\"url\":\"https:\\\/\\\/www.uartes.edu.ec\\\/sitio\\\/wp-content\\\/uploads\\\/2020\\\/05\\\/ENIFF-2.jpg\",\"contentUrl\":\"https:\\\/\\\/www.uartes.edu.ec\\\/sitio\\\/wp-content\\\/uploads\\\/2020\\\/05\\\/ENIFF-2.jpg\",\"width\":2000,\"height\":1334},{\"@type\":\"BreadcrumbList\",\"@id\":\"https:\\\/\\\/www.uartes.edu.ec\\\/sitio\\\/en\\\/blog\\\/2020\\\/05\\\/17\\\/intersticio-muestra-que-llevo-a-eniff-bayas-a-indagar-en-la-actividad-mental-inconsciente\\\/#breadcrumb\",\"itemListElement\":[{\"@type\":\"ListItem\",\"position\":1,\"name\":\"Inicio\",\"item\":\"https:\\\/\\\/www.uartes.edu.ec\\\/sitio\\\/\"},{\"@type\":\"ListItem\",\"position\":2,\"name\":\"\u00abIntersticio\u00bb, muestra que llev\u00f3 a Eniff Bayas a indagar en la actividad mental inconsciente\"}]},{\"@type\":\"WebSite\",\"@id\":\"https:\\\/\\\/www.uartes.edu.ec\\\/sitio\\\/en\\\/#website\",\"url\":\"https:\\\/\\\/www.uartes.edu.ec\\\/sitio\\\/en\\\/\",\"name\":\"Universidad de las Artes\",\"description\":\"Sitio oficial de la Universidad Nacional de las Artes del Ecuador\",\"publisher\":{\"@id\":\"https:\\\/\\\/www.uartes.edu.ec\\\/sitio\\\/en\\\/#organization\"},\"potentialAction\":[{\"@type\":\"SearchAction\",\"target\":{\"@type\":\"EntryPoint\",\"urlTemplate\":\"https:\\\/\\\/www.uartes.edu.ec\\\/sitio\\\/en\\\/?s={search_term_string}\"},\"query-input\":{\"@type\":\"PropertyValueSpecification\",\"valueRequired\":true,\"valueName\":\"search_term_string\"}}],\"inLanguage\":\"en-US\"},{\"@type\":\"Organization\",\"@id\":\"https:\\\/\\\/www.uartes.edu.ec\\\/sitio\\\/en\\\/#organization\",\"name\":\"Universidad de las Artes\",\"url\":\"https:\\\/\\\/www.uartes.edu.ec\\\/sitio\\\/en\\\/\",\"logo\":{\"@type\":\"ImageObject\",\"inLanguage\":\"en-US\",\"@id\":\"https:\\\/\\\/www.uartes.edu.ec\\\/sitio\\\/en\\\/#\\\/schema\\\/logo\\\/image\\\/\",\"url\":\"https:\\\/\\\/www.uartes.edu.ec\\\/sitio\\\/wp-content\\\/uploads\\\/2022\\\/07\\\/logo-ua-horizontal.png\",\"contentUrl\":\"https:\\\/\\\/www.uartes.edu.ec\\\/sitio\\\/wp-content\\\/uploads\\\/2022\\\/07\\\/logo-ua-horizontal.png\",\"width\":800,\"height\":276,\"caption\":\"Universidad de las Artes\"},\"image\":{\"@id\":\"https:\\\/\\\/www.uartes.edu.ec\\\/sitio\\\/en\\\/#\\\/schema\\\/logo\\\/image\\\/\"},\"sameAs\":[\"https:\\\/\\\/www.facebook.com\\\/uartesec\",\"https:\\\/\\\/x.com\\\/uartesec\",\"https:\\\/\\\/www.tiktok.com\\\/@uartesec\"]},{\"@type\":\"Person\",\"@id\":\"https:\\\/\\\/www.uartes.edu.ec\\\/sitio\\\/en\\\/#\\\/schema\\\/person\\\/f33f8c1d2af0d5c80a38c8abf458184a\",\"name\":\"Universidad de las Artes\",\"image\":{\"@type\":\"ImageObject\",\"inLanguage\":\"en-US\",\"@id\":\"https:\\\/\\\/secure.gravatar.com\\\/avatar\\\/52e4757902f5cfa5ac52d020e5be83cae5487519154b6c35482fe08d589f3c13?s=96&d=mm&r=g\",\"url\":\"https:\\\/\\\/secure.gravatar.com\\\/avatar\\\/52e4757902f5cfa5ac52d020e5be83cae5487519154b6c35482fe08d589f3c13?s=96&d=mm&r=g\",\"contentUrl\":\"https:\\\/\\\/secure.gravatar.com\\\/avatar\\\/52e4757902f5cfa5ac52d020e5be83cae5487519154b6c35482fe08d589f3c13?s=96&d=mm&r=g\",\"caption\":\"Universidad de las Artes\"},\"url\":\"https:\\\/\\\/www.uartes.edu.ec\\\/sitio\\\/en\\\/blog\\\/author\\\/dircomadm\\\/\"}]}<\/script>\n<!-- \/ Yoast SEO plugin. -->","yoast_head_json":{"title":"Universidad de las Artes - \"Intersticio\", muestra que llev\u00f3 a Eniff Bayas a indagar en la actividad mental inconsciente","description":"Universidad de las Artes - \"Intersticio\", muestra que llev\u00f3 a Eniff Bayas a indagar en la actividad mental inconsciente","robots":{"index":"index","follow":"follow","max-snippet":"max-snippet:-1","max-image-preview":"max-image-preview:large","max-video-preview":"max-video-preview:-1"},"canonical":"https:\/\/www.uartes.edu.ec\/sitio\/en\/blog\/2020\/05\/17\/intersticio-muestra-que-llevo-a-eniff-bayas-a-indagar-en-la-actividad-mental-inconsciente\/","og_locale":"en_US","og_type":"article","og_title":"Universidad de las Artes - \"Intersticio\", muestra que llev\u00f3 a Eniff Bayas a indagar en la actividad mental inconsciente","og_description":"Universidad de las Artes - \"Intersticio\", muestra que llev\u00f3 a Eniff Bayas a indagar en la actividad mental inconsciente","og_url":"https:\/\/www.uartes.edu.ec\/sitio\/en\/blog\/2020\/05\/17\/intersticio-muestra-que-llevo-a-eniff-bayas-a-indagar-en-la-actividad-mental-inconsciente\/","og_site_name":"Universidad de las Artes","article_publisher":"https:\/\/www.facebook.com\/uartesec","article_published_time":"2020-05-17T13:07:51+00:00","article_modified_time":"2024-07-04T16:43:09+00:00","og_image":[{"width":2000,"height":1334,"url":"https:\/\/www.uartes.edu.ec\/sitio\/wp-content\/uploads\/2020\/05\/ENIFF-2.jpg","type":"image\/jpeg"}],"author":"Universidad de las Artes","twitter_card":"summary_large_image","twitter_creator":"@uartesec","twitter_site":"@uartesec","twitter_misc":{"Written by":"Universidad de las Artes","Est. reading time":"2 minutes"},"schema":{"@context":"https:\/\/schema.org","@graph":[{"@type":"Article","@id":"https:\/\/www.uartes.edu.ec\/sitio\/en\/blog\/2020\/05\/17\/intersticio-muestra-que-llevo-a-eniff-bayas-a-indagar-en-la-actividad-mental-inconsciente\/#article","isPartOf":{"@id":"https:\/\/www.uartes.edu.ec\/sitio\/en\/blog\/2020\/05\/17\/intersticio-muestra-que-llevo-a-eniff-bayas-a-indagar-en-la-actividad-mental-inconsciente\/"},"author":{"name":"Universidad de las Artes","@id":"https:\/\/www.uartes.edu.ec\/sitio\/en\/#\/schema\/person\/f33f8c1d2af0d5c80a38c8abf458184a"},"headline":"\u00abIntersticio\u00bb, muestra que llev\u00f3 a Eniff Bayas a indagar en la actividad mental inconsciente","datePublished":"2020-05-17T13:07:51+00:00","dateModified":"2024-07-04T16:43:09+00:00","mainEntityOfPage":{"@id":"https:\/\/www.uartes.edu.ec\/sitio\/en\/blog\/2020\/05\/17\/intersticio-muestra-que-llevo-a-eniff-bayas-a-indagar-en-la-actividad-mental-inconsciente\/"},"wordCount":491,"publisher":{"@id":"https:\/\/www.uartes.edu.ec\/sitio\/en\/#organization"},"image":{"@id":"https:\/\/www.uartes.edu.ec\/sitio\/en\/blog\/2020\/05\/17\/intersticio-muestra-que-llevo-a-eniff-bayas-a-indagar-en-la-actividad-mental-inconsciente\/#primaryimage"},"thumbnailUrl":"https:\/\/www.uartes.edu.ec\/sitio\/wp-content\/uploads\/2020\/05\/ENIFF-2.jpg","keywords":["covid19"],"articleSection":["Acad\u00e9mico","Artes Visuales","Estudiantes"],"inLanguage":"en-US"},{"@type":["WebPage","ItemPage"],"@id":"https:\/\/www.uartes.edu.ec\/sitio\/en\/blog\/2020\/05\/17\/intersticio-muestra-que-llevo-a-eniff-bayas-a-indagar-en-la-actividad-mental-inconsciente\/","url":"https:\/\/www.uartes.edu.ec\/sitio\/en\/blog\/2020\/05\/17\/intersticio-muestra-que-llevo-a-eniff-bayas-a-indagar-en-la-actividad-mental-inconsciente\/","name":"Universidad de las Artes - \"Intersticio\", muestra que llev\u00f3 a Eniff Bayas a indagar en la actividad mental inconsciente","isPartOf":{"@id":"https:\/\/www.uartes.edu.ec\/sitio\/en\/#website"},"primaryImageOfPage":{"@id":"https:\/\/www.uartes.edu.ec\/sitio\/en\/blog\/2020\/05\/17\/intersticio-muestra-que-llevo-a-eniff-bayas-a-indagar-en-la-actividad-mental-inconsciente\/#primaryimage"},"image":{"@id":"https:\/\/www.uartes.edu.ec\/sitio\/en\/blog\/2020\/05\/17\/intersticio-muestra-que-llevo-a-eniff-bayas-a-indagar-en-la-actividad-mental-inconsciente\/#primaryimage"},"thumbnailUrl":"https:\/\/www.uartes.edu.ec\/sitio\/wp-content\/uploads\/2020\/05\/ENIFF-2.jpg","datePublished":"2020-05-17T13:07:51+00:00","dateModified":"2024-07-04T16:43:09+00:00","description":"Universidad de las Artes - \"Intersticio\", muestra que llev\u00f3 a Eniff Bayas a indagar en la actividad mental inconsciente","breadcrumb":{"@id":"https:\/\/www.uartes.edu.ec\/sitio\/en\/blog\/2020\/05\/17\/intersticio-muestra-que-llevo-a-eniff-bayas-a-indagar-en-la-actividad-mental-inconsciente\/#breadcrumb"},"inLanguage":"en-US","potentialAction":[{"@type":"ReadAction","target":["https:\/\/www.uartes.edu.ec\/sitio\/en\/blog\/2020\/05\/17\/intersticio-muestra-que-llevo-a-eniff-bayas-a-indagar-en-la-actividad-mental-inconsciente\/"]}]},{"@type":"ImageObject","inLanguage":"en-US","@id":"https:\/\/www.uartes.edu.ec\/sitio\/en\/blog\/2020\/05\/17\/intersticio-muestra-que-llevo-a-eniff-bayas-a-indagar-en-la-actividad-mental-inconsciente\/#primaryimage","url":"https:\/\/www.uartes.edu.ec\/sitio\/wp-content\/uploads\/2020\/05\/ENIFF-2.jpg","contentUrl":"https:\/\/www.uartes.edu.ec\/sitio\/wp-content\/uploads\/2020\/05\/ENIFF-2.jpg","width":2000,"height":1334},{"@type":"BreadcrumbList","@id":"https:\/\/www.uartes.edu.ec\/sitio\/en\/blog\/2020\/05\/17\/intersticio-muestra-que-llevo-a-eniff-bayas-a-indagar-en-la-actividad-mental-inconsciente\/#breadcrumb","itemListElement":[{"@type":"ListItem","position":1,"name":"Inicio","item":"https:\/\/www.uartes.edu.ec\/sitio\/"},{"@type":"ListItem","position":2,"name":"\u00abIntersticio\u00bb, muestra que llev\u00f3 a Eniff Bayas a indagar en la actividad mental inconsciente"}]},{"@type":"WebSite","@id":"https:\/\/www.uartes.edu.ec\/sitio\/en\/#website","url":"https:\/\/www.uartes.edu.ec\/sitio\/en\/","name":"Universidad de las Artes","description":"Sitio oficial de la Universidad Nacional de las Artes del Ecuador","publisher":{"@id":"https:\/\/www.uartes.edu.ec\/sitio\/en\/#organization"},"potentialAction":[{"@type":"SearchAction","target":{"@type":"EntryPoint","urlTemplate":"https:\/\/www.uartes.edu.ec\/sitio\/en\/?s={search_term_string}"},"query-input":{"@type":"PropertyValueSpecification","valueRequired":true,"valueName":"search_term_string"}}],"inLanguage":"en-US"},{"@type":"Organization","@id":"https:\/\/www.uartes.edu.ec\/sitio\/en\/#organization","name":"Universidad de las Artes","url":"https:\/\/www.uartes.edu.ec\/sitio\/en\/","logo":{"@type":"ImageObject","inLanguage":"en-US","@id":"https:\/\/www.uartes.edu.ec\/sitio\/en\/#\/schema\/logo\/image\/","url":"https:\/\/www.uartes.edu.ec\/sitio\/wp-content\/uploads\/2022\/07\/logo-ua-horizontal.png","contentUrl":"https:\/\/www.uartes.edu.ec\/sitio\/wp-content\/uploads\/2022\/07\/logo-ua-horizontal.png","width":800,"height":276,"caption":"Universidad de las Artes"},"image":{"@id":"https:\/\/www.uartes.edu.ec\/sitio\/en\/#\/schema\/logo\/image\/"},"sameAs":["https:\/\/www.facebook.com\/uartesec","https:\/\/x.com\/uartesec","https:\/\/www.tiktok.com\/@uartesec"]},{"@type":"Person","@id":"https:\/\/www.uartes.edu.ec\/sitio\/en\/#\/schema\/person\/f33f8c1d2af0d5c80a38c8abf458184a","name":"Universidad de las Artes","image":{"@type":"ImageObject","inLanguage":"en-US","@id":"https:\/\/secure.gravatar.com\/avatar\/52e4757902f5cfa5ac52d020e5be83cae5487519154b6c35482fe08d589f3c13?s=96&d=mm&r=g","url":"https:\/\/secure.gravatar.com\/avatar\/52e4757902f5cfa5ac52d020e5be83cae5487519154b6c35482fe08d589f3c13?s=96&d=mm&r=g","contentUrl":"https:\/\/secure.gravatar.com\/avatar\/52e4757902f5cfa5ac52d020e5be83cae5487519154b6c35482fe08d589f3c13?s=96&d=mm&r=g","caption":"Universidad de las Artes"},"url":"https:\/\/www.uartes.edu.ec\/sitio\/en\/blog\/author\/dircomadm\/"}]}},"uagb_featured_image_src":{"full":["https:\/\/www.uartes.edu.ec\/sitio\/wp-content\/uploads\/2020\/05\/ENIFF-2.jpg",2000,1334,false],"thumbnail":["https:\/\/www.uartes.edu.ec\/sitio\/wp-content\/uploads\/2020\/05\/ENIFF-2-150x150.jpg",150,150,true],"medium":["https:\/\/www.uartes.edu.ec\/sitio\/wp-content\/uploads\/2020\/05\/ENIFF-2-300x200.jpg",300,200,true],"medium_large":["https:\/\/www.uartes.edu.ec\/sitio\/wp-content\/uploads\/2020\/05\/ENIFF-2-768x512.jpg",768,512,true],"large":["https:\/\/www.uartes.edu.ec\/sitio\/wp-content\/uploads\/2020\/05\/ENIFF-2-644x430.jpg",644,430,true],"1536x1536":["https:\/\/www.uartes.edu.ec\/sitio\/wp-content\/uploads\/2020\/05\/ENIFF-2-1536x1025.jpg",1536,1025,true],"2048x2048":["https:\/\/www.uartes.edu.ec\/sitio\/wp-content\/uploads\/2020\/05\/ENIFF-2.jpg",2000,1334,false],"trp-custom-language-flag":["https:\/\/www.uartes.edu.ec\/sitio\/wp-content\/uploads\/2020\/05\/ENIFF-2.jpg",18,12,false],"htmega_size_585x295":["https:\/\/www.uartes.edu.ec\/sitio\/wp-content\/uploads\/2020\/05\/ENIFF-2.jpg",442,295,false],"htmega_size_1170x536":["https:\/\/www.uartes.edu.ec\/sitio\/wp-content\/uploads\/2020\/05\/ENIFF-2.jpg",804,536,false],"htmega_size_396x360":["https:\/\/www.uartes.edu.ec\/sitio\/wp-content\/uploads\/2020\/05\/ENIFF-2.jpg",396,264,false],"gb-block-post-grid-landscape":["https:\/\/www.uartes.edu.ec\/sitio\/wp-content\/uploads\/2020\/05\/ENIFF-2.jpg",600,400,false],"gb-block-post-grid-square":["https:\/\/www.uartes.edu.ec\/sitio\/wp-content\/uploads\/2020\/05\/ENIFF-2.jpg",600,400,false],"university-hub-thumb":["https:\/\/www.uartes.edu.ec\/sitio\/wp-content\/uploads\/2020\/05\/ENIFF-2-400x267.jpg",400,267,true]},"uagb_author_info":{"display_name":"Universidad de las Artes","author_link":"https:\/\/www.uartes.edu.ec\/sitio\/en\/blog\/author\/dircomadm\/"},"uagb_comment_info":0,"uagb_excerpt":"Eniff Katherine Bayas Ronquillo, estudiante de la Escuela de Artes Visuales, explica as\u00ed el proyecto de introspecci\u00f3n y psicoan\u00e1lisis que present\u00f3 como trabajo final de tesis y que sustent\u00f3 el 2 de mayo de 2020, v\u00eda videoconferencia.","featured_image_src":"https:\/\/www.uartes.edu.ec\/sitio\/wp-content\/uploads\/2020\/05\/ENIFF-2.jpg","featured_image_src_square":"https:\/\/www.uartes.edu.ec\/sitio\/wp-content\/uploads\/2020\/05\/ENIFF-2.jpg","author_info":{"display_name":"Universidad de las Artes","author_link":"https:\/\/www.uartes.edu.ec\/sitio\/en\/blog\/author\/dircomadm\/"},"publishpress_future_workflow_manual_trigger":{"enabledWorkflows":[]},"distributor_meta":false,"distributor_terms":false,"distributor_media":false,"distributor_original_site_name":"Universidad de las Artes","distributor_original_site_url":"https:\/\/www.uartes.edu.ec\/sitio\/en","push-errors":false,"_links":{"self":[{"href":"https:\/\/www.uartes.edu.ec\/sitio\/en\/wp-json\/wp\/v2\/posts\/7021","targetHints":{"allow":["GET"]}}],"collection":[{"href":"https:\/\/www.uartes.edu.ec\/sitio\/en\/wp-json\/wp\/v2\/posts"}],"about":[{"href":"https:\/\/www.uartes.edu.ec\/sitio\/en\/wp-json\/wp\/v2\/types\/post"}],"author":[{"embeddable":true,"href":"https:\/\/www.uartes.edu.ec\/sitio\/en\/wp-json\/wp\/v2\/users\/1"}],"replies":[{"embeddable":true,"href":"https:\/\/www.uartes.edu.ec\/sitio\/en\/wp-json\/wp\/v2\/comments?post=7021"}],"version-history":[{"count":2,"href":"https:\/\/www.uartes.edu.ec\/sitio\/en\/wp-json\/wp\/v2\/posts\/7021\/revisions"}],"predecessor-version":[{"id":57627,"href":"https:\/\/www.uartes.edu.ec\/sitio\/en\/wp-json\/wp\/v2\/posts\/7021\/revisions\/57627"}],"wp:featuredmedia":[{"embeddable":true,"href":"https:\/\/www.uartes.edu.ec\/sitio\/en\/wp-json\/wp\/v2\/media\/7022"}],"wp:attachment":[{"href":"https:\/\/www.uartes.edu.ec\/sitio\/en\/wp-json\/wp\/v2\/media?parent=7021"}],"wp:term":[{"taxonomy":"category","embeddable":true,"href":"https:\/\/www.uartes.edu.ec\/sitio\/en\/wp-json\/wp\/v2\/categories?post=7021"},{"taxonomy":"post_tag","embeddable":true,"href":"https:\/\/www.uartes.edu.ec\/sitio\/en\/wp-json\/wp\/v2\/tags?post=7021"},{"taxonomy":"infouartes","embeddable":true,"href":"https:\/\/www.uartes.edu.ec\/sitio\/en\/wp-json\/wp\/v2\/infouartes?post=7021"}],"curies":[{"name":"wp","href":"https:\/\/api.w.org\/{rel}","templated":true}]}}