{"id":70372,"date":"2025-04-10T17:46:19","date_gmt":"2025-04-10T22:46:19","guid":{"rendered":"https:\/\/www.uartes.edu.ec\/sitio\/?p=70372"},"modified":"2025-09-04T17:15:04","modified_gmt":"2025-09-04T22:15:04","slug":"por-capricho-los-estudiantes-uartes-hercio-andreth-y-runnay-estan-nominados-a-revelacion-del-ano-de-los-premios-disco-rojo","status":"publish","type":"post","link":"https:\/\/www.uartes.edu.ec\/sitio\/en\/blog\/2025\/04\/10\/por-capricho-los-estudiantes-uartes-hercio-andreth-y-runnay-estan-nominados-a-revelacion-del-ano-de-los-premios-disco-rojo\/","title":{"rendered":"Por \u201cCapricho\u201d los estudiantes de la UArtes Hercio, Andr\u00e9th y Runnay est\u00e1n nominados a Revelaci\u00f3n del A\u00f1o de Premios Disco Rojo"},"content":{"rendered":"<p>Sus nombres son Christian S\u00e1nchez Crespo, Darling Torres Hurtado y Bryan Pezo Navas, pero en los escenarios se dan a conocer como Hercio, Andr\u00e9th y Runnay, respectivamente, y est\u00e1n nominados por el tema \u201cCapricho\u201d a Revelaci\u00f3n del A\u00f1o en los Premios Disco Rojo, que organiza anualmente radio <em>Punto Rojo<\/em>. Como solista en la misma categor\u00eda est\u00e1 tambi\u00e9n postulado Andr\u00e9th por \u201cParanormal\u201d. La premiaci\u00f3n se realizar\u00e1 el pr\u00f3ximo 6 de mayo en el Teatro Centro de Arte.<\/p>\n\n\n\n<p>Adem\u00e1s de compartir los escenarios y nominaciones, Hercio, Andr\u00e9th y Runnay comparten su preparaci\u00f3n acad\u00e9mica en la Universidad de las Artes. Ellos cursan la carrera de Producci\u00f3n Musical y Sonora en la Escuela de Artes Sonoras. Fue justamente cuando hicieron la Nivelaci\u00f3n que Andr\u00e9th y Runnay se conocieron y luego se les sum\u00f3 Hercio.<\/p>\n\n\n\n<p>\u201cCapricho\u201d es el resultado de un trabajo colaborativo que los ha llevado a producir juntos otros temas: \u201cSordo\u201d y \u201cNadie m\u00e1s\u201d. Todos subidos a las plataformas musicales con miles de vistas y, sin duda, tambi\u00e9n miles de seguidores core\u00e1ndolos y bail\u00e1ndolos por la fusi\u00f3n de ritmos que ofrecen. La canci\u00f3n por la que los tres est\u00e1n nominados, por ejemplo, suena a una cumbia regional mexicana, con unos acordes de guitarra muy ecuatorianos.<\/p>\n\n\n<div class=\"wp-block-image\">\n<figure class=\"aligncenter size-large\"><img fetchpriority=\"high\" decoding=\"async\" width=\"644\" height=\"429\" src=\"https:\/\/www.uartes.edu.ec\/sitio\/wp-content\/uploads\/2025\/04\/01-PREMIOS-DISCO-ROJO-644x429.jpg\" alt=\"\" class=\"wp-image-70374\" srcset=\"https:\/\/www.uartes.edu.ec\/sitio\/wp-content\/uploads\/2025\/04\/01-PREMIOS-DISCO-ROJO-644x429.jpg 644w, https:\/\/www.uartes.edu.ec\/sitio\/wp-content\/uploads\/2025\/04\/01-PREMIOS-DISCO-ROJO-300x200.jpg 300w, https:\/\/www.uartes.edu.ec\/sitio\/wp-content\/uploads\/2025\/04\/01-PREMIOS-DISCO-ROJO-768x512.jpg 768w, https:\/\/www.uartes.edu.ec\/sitio\/wp-content\/uploads\/2025\/04\/01-PREMIOS-DISCO-ROJO-1536x1024.jpg 1536w, https:\/\/www.uartes.edu.ec\/sitio\/wp-content\/uploads\/2025\/04\/01-PREMIOS-DISCO-ROJO-18x12.jpg 18w, https:\/\/www.uartes.edu.ec\/sitio\/wp-content\/uploads\/2025\/04\/01-PREMIOS-DISCO-ROJO-600x400.jpg 600w, https:\/\/www.uartes.edu.ec\/sitio\/wp-content\/uploads\/2025\/04\/01-PREMIOS-DISCO-ROJO-400x267.jpg 400w, https:\/\/www.uartes.edu.ec\/sitio\/wp-content\/uploads\/2025\/04\/01-PREMIOS-DISCO-ROJO.jpg 2000w\" sizes=\"(max-width: 644px) 100vw, 644px\" \/><\/figure>\n<\/div>\n\n\n<p>Para llegar a la nominaci\u00f3n de los Premios Disco Rojo, que se realiza en funci\u00f3n de la trayectoria y las producciones que han repuntado en el a\u00f1o, los artistas orgullosamente alumnos UArtes han debido hacer su recorrido. Y como todo tiene en comienzo, InfoUArtes les pregunt\u00f3 incluso por la elecci\u00f3n que hicieron de sus nombres art\u00edsticos.&nbsp;<\/p>\n\n\n\n<p>Darling opt\u00f3 por Andr\u00e9th porque su segundo nombre es Andre, sin s, y le sum\u00f3 \u201cth\u201d al final por las iniciales de sus apellidos: Torres Hurtado. Se llama igual que su padre, quien es un reconocido productor, compositor, arreglista y m\u00fasico ecuatoriano. No quiso coincidir para no causar confusi\u00f3n y por ello su nombre art\u00edstico, con el cual ha firmado las 17 canciones que ha producido, interpretado y subido a las plataformas digitales.<\/p>\n\n\n\n<p>Bryan es Runnay por un juego de palabras: Ru, por su novia Ruth, y \u201cnay\u201d porque son las \u00faltimas tres letras de su nombre le\u00eddas al rev\u00e9s. Es un poco rom\u00e1ntico, admite, porque \u00e9l lo es y confiesa tambi\u00e9n que cuando empez\u00f3 a buscar un nombre art\u00edstico naveg\u00f3 por internet y hall\u00f3 palabras similares en otros idiomas y\/o parte de sus letras con significado, como \u201cruna\u201d que en kichwa significa \u201cser humano\u201d y \u201cgente\u201d.<\/p>\n\n\n\n<p>Christian se decidi\u00f3 por Hercio porque su segundo nombre es Sergio y un familiar cuando ambos eran ni\u00f1os no pod\u00eda pronunciarlo y lo llamaba as\u00ed. Integr\u00f3 bandas musicales y duetos en busca de su esencia. Fue entonces que record\u00f3 c\u00f3mo lo llamaban en su infancia y lo adopt\u00f3. Adem\u00e1s, su apelativo art\u00edstico tiene que ver con la medici\u00f3n de frecuencias de sonido (Hz).<\/p>\n\n\n<div class=\"wp-block-image\">\n<figure class=\"aligncenter size-large\"><img decoding=\"async\" width=\"644\" height=\"429\" src=\"https:\/\/www.uartes.edu.ec\/sitio\/wp-content\/uploads\/2025\/04\/04-PREMIOS-DISCO-ROJO-644x429.jpg\" alt=\"\" class=\"wp-image-70375\" srcset=\"https:\/\/www.uartes.edu.ec\/sitio\/wp-content\/uploads\/2025\/04\/04-PREMIOS-DISCO-ROJO-644x429.jpg 644w, https:\/\/www.uartes.edu.ec\/sitio\/wp-content\/uploads\/2025\/04\/04-PREMIOS-DISCO-ROJO-300x200.jpg 300w, https:\/\/www.uartes.edu.ec\/sitio\/wp-content\/uploads\/2025\/04\/04-PREMIOS-DISCO-ROJO-768x512.jpg 768w, https:\/\/www.uartes.edu.ec\/sitio\/wp-content\/uploads\/2025\/04\/04-PREMIOS-DISCO-ROJO-1536x1024.jpg 1536w, https:\/\/www.uartes.edu.ec\/sitio\/wp-content\/uploads\/2025\/04\/04-PREMIOS-DISCO-ROJO-18x12.jpg 18w, https:\/\/www.uartes.edu.ec\/sitio\/wp-content\/uploads\/2025\/04\/04-PREMIOS-DISCO-ROJO-600x400.jpg 600w, https:\/\/www.uartes.edu.ec\/sitio\/wp-content\/uploads\/2025\/04\/04-PREMIOS-DISCO-ROJO-400x267.jpg 400w, https:\/\/www.uartes.edu.ec\/sitio\/wp-content\/uploads\/2025\/04\/04-PREMIOS-DISCO-ROJO.jpg 2000w\" sizes=\"(max-width: 644px) 100vw, 644px\" \/><\/figure>\n<\/div>\n\n\n<p>Musicalmente hablando, cada uno tiene un proyecto propio. Andr\u00e9th es un artista de pop, baladas y canciones rom\u00e1nticas. Runnay es un productor musical que est\u00e1 incursionando en la interpretaci\u00f3n y dedic\u00e1ndose a los corridos de la m\u00fasica regional mexicana. Hercio es un exponente de la m\u00fasica urbana.<\/p>\n\n\n\n<p>De c\u00f3mo surgen las colaboraciones, los artistas revelan que en las clases de Producci\u00f3n Musical. Cada uno estaba volcado a producir un tema y Runnay no sab\u00eda qu\u00e9 hacer en solitario. Andr\u00e9th le pas\u00f3 una idea en notas de voz y as\u00ed se fue gestando \u201cNadie m\u00e1s\u201d, cuyo sabor a reggaet\u00f3n los llev\u00f3 a buscar una voz con el \u201cflow\u201d caracter\u00edstico. Para entonces ya conoc\u00edan a Hercio y lo invitaron a trabajar juntos para la composici\u00f3n se\u00f1alada.<\/p>\n\n\n\n<p>El mundo urbano es muy diferente, indica Hercio y reconoce que hubo conexi\u00f3n, aunque cada quien ten\u00eda sus intereses musicales. Sin embargo, se entendieron bien y se fueron de largo con las colaboraciones, pues decidieron hacer algo diferente y no quedarse en un solo g\u00e9nero. Es as\u00ed c\u00f3mo, pese al temor de incursionar en otro tipo de arte \u2013como la cumbia\u2013, se arriesgaron.<\/p>\n\n\n\n<p>Alrededor de cinco meses les tom\u00f3 sacar \u201cCapricho\u201d, abona Andr\u00e9th. Mantuvieron varias reuniones y pasaron incluso por un mes de bloqueo creativo. No obstante, en diciembre del 2023 la tuvieron lista. En la pr\u00e1ctica la produjeron r\u00e1pido, aunque debieron estudiar desde la forma de interpretarla. \u201cCreo que m\u00e1s era el miedo de que la gente no aceptara este tipo de g\u00e9neros, pues es un tema regional mexicano y a veces no hay apoyo por no ser de Ecuador\u201d.<\/p>\n\n\n<div class=\"wp-block-image\">\n<figure class=\"aligncenter size-large\"><img decoding=\"async\" width=\"644\" height=\"429\" src=\"https:\/\/www.uartes.edu.ec\/sitio\/wp-content\/uploads\/2025\/04\/02-PREMIOS-DISCO-ROJO-644x429.jpg\" alt=\"\" class=\"wp-image-70376\" srcset=\"https:\/\/www.uartes.edu.ec\/sitio\/wp-content\/uploads\/2025\/04\/02-PREMIOS-DISCO-ROJO-644x429.jpg 644w, https:\/\/www.uartes.edu.ec\/sitio\/wp-content\/uploads\/2025\/04\/02-PREMIOS-DISCO-ROJO-300x200.jpg 300w, https:\/\/www.uartes.edu.ec\/sitio\/wp-content\/uploads\/2025\/04\/02-PREMIOS-DISCO-ROJO-768x512.jpg 768w, https:\/\/www.uartes.edu.ec\/sitio\/wp-content\/uploads\/2025\/04\/02-PREMIOS-DISCO-ROJO-1536x1024.jpg 1536w, https:\/\/www.uartes.edu.ec\/sitio\/wp-content\/uploads\/2025\/04\/02-PREMIOS-DISCO-ROJO-18x12.jpg 18w, https:\/\/www.uartes.edu.ec\/sitio\/wp-content\/uploads\/2025\/04\/02-PREMIOS-DISCO-ROJO-600x400.jpg 600w, https:\/\/www.uartes.edu.ec\/sitio\/wp-content\/uploads\/2025\/04\/02-PREMIOS-DISCO-ROJO-400x267.jpg 400w, https:\/\/www.uartes.edu.ec\/sitio\/wp-content\/uploads\/2025\/04\/02-PREMIOS-DISCO-ROJO.jpg 2000w\" sizes=\"(max-width: 644px) 100vw, 644px\" \/><\/figure>\n<\/div>\n\n\n<p>Confiesa Andr\u00e9th que se basaron mucho en el grupo mexicano Frontera, en el ritmo y la forma de cantar, pero tratando de no apegarse tanto a la composici\u00f3n, sino de hacerla una canci\u00f3n de los tres. Hercio reitera que en la parte de la guitarra se nota la presencia de lo nuestro.<\/p>\n\n\n\n<p>La canci\u00f3n \u201cCapricho\u201d fue la primera colaboraci\u00f3n. A partir de ella y en virtud de la buena comunicaci\u00f3n entre los tres lograron trabajar con buen flujo, se\u00f1ala Runnay, destacando que cada uno contin\u00faa con sus proyectos individuales. El segundo colaborativo fue \u201cNadie m\u00e1s\u201d, el reggaet\u00f3n por el cual empezaron a trabajar con Hercio. Lo concibieron primero que la cumbia, pero lo sacaron un a\u00f1o despu\u00e9s.<\/p>\n\n\n\n<p>\u201cNo importa cu\u00e1ntos temas tengas, puedes hacer una planificaci\u00f3n e irlos sacando poco a poco\u201d, sostiene Runnay, se\u00f1alando a \u201cSordo\u201d como la tercera canci\u00f3n de los tres, la cual lanzaron en diciembre de 2024.\u00a0Es un corrido tumbado, un g\u00e9nero mexicano que en los \u00faltimos a\u00f1os se ha globalizado. Adelanta que su proyecto de tesis ser\u00e1 un EP de temas en ese g\u00e9nero, en el cual colaborar\u00e1n Andr\u00e9th y Hercio. \u201cHe disfrutado hacer canciones con ellos porque nos llevamos bien. Siempre que estamos en la UArtes o cerca conversamos. Cada uno habla de sus proyectos y surgen nuevas ideas\u201d, dice. Empez\u00f3 como productor ayud\u00e1ndolos y quer\u00eda que interpretar\u00e1n un corrido tumbado, pero lo incentivaron a cantar tambi\u00e9n.<\/p>\n\n\n\n<p>A Hercio en la YouTube, Spotify y otras plataformas se lo encuentra tambi\u00e9n como Hercio Music. \u201cHe tratado de incursionar en todos los g\u00e9neros posibles: cumbia, salsa, reggaet\u00f3n\u2026, porque no quiero quedarme solo en uno\u201d, dice. \u00c9l tambi\u00e9n elabora su tesis de grado, la cual ser\u00e1 un \u00e1lbum espacial, una experiencia sonora que lleve al oyente al espacio.&nbsp;<\/p>\n\n\n\n<p>Para su tesis, Andr\u00e9th quiere producir un EP de folk-pop, canciones suaves que le gustan mucho. Para este a\u00f1o, adem\u00e1s, est\u00e1 preparando un disco de temas personales con experiencias propias y de conocidos, como para mostrarse tal cual es.<\/p>\n\n\n<div class=\"wp-block-image\">\n<figure class=\"aligncenter size-large is-resized\"><img loading=\"lazy\" decoding=\"async\" width=\"644\" height=\"483\" src=\"https:\/\/www.uartes.edu.ec\/sitio\/wp-content\/uploads\/2025\/04\/Capricho0-644x483.jpg\" alt=\"\" class=\"wp-image-70377\" style=\"width:548px;height:auto\" srcset=\"https:\/\/www.uartes.edu.ec\/sitio\/wp-content\/uploads\/2025\/04\/Capricho0-644x483.jpg 644w, https:\/\/www.uartes.edu.ec\/sitio\/wp-content\/uploads\/2025\/04\/Capricho0-300x225.jpg 300w, https:\/\/www.uartes.edu.ec\/sitio\/wp-content\/uploads\/2025\/04\/Capricho0-768x576.jpg 768w, https:\/\/www.uartes.edu.ec\/sitio\/wp-content\/uploads\/2025\/04\/Capricho0-1536x1152.jpg 1536w, https:\/\/www.uartes.edu.ec\/sitio\/wp-content\/uploads\/2025\/04\/Capricho0-16x12.jpg 16w, https:\/\/www.uartes.edu.ec\/sitio\/wp-content\/uploads\/2025\/04\/Capricho0-400x300.jpg 400w, https:\/\/www.uartes.edu.ec\/sitio\/wp-content\/uploads\/2025\/04\/Capricho0.jpg 1777w\" sizes=\"(max-width: 644px) 100vw, 644px\" \/><\/figure>\n<\/div>\n\n\n<p>Premios Disco Rojo es la primera nominaci\u00f3n que tienen. Andr\u00e9th considera es un reconocimiento al esfuerzo, pues han buscado sobresalir desde cero.\u00a0Hercio reitera la felicidad que sienten y reconoce que pensaron que \u201cCapricho\u201d iba a quedar ah\u00ed, \u201cpero vimos que todo el trabajo, las amanecidas y las grabaciones tras grabaciones valieron la pena\u201d.<\/p>\n\n\n\n<p>Estudiar en la Universidad de las Artes fue el detonante para sus carreras. InfoUArtes la plante\u00f3 como inquietud, pero result\u00f3 una certeza: \u201cTengo la bendici\u00f3n de que mi padre sea productor y tenga su estudio de grabaci\u00f3n, pero antes de entrar a la UArtes solo lo ve\u00eda trabajar. Ahora, con las pr\u00e1cticas y el trabajo con los compa\u00f1eros, le fui cogiendo el gustito y aprendiendo. Ha sido muy importante tambi\u00e9n para ganar confianza en m\u00ed mismo\u201d.<\/p>\n\n\n\n<p>Hercio sostiene que los docentes de la UArtes tambi\u00e9n les dan confianza y apoyan. \u201cTe dan like, comparten tus trabajos, te felicitan cuando te ven en la calle o en la universidad, lo cual motiva m\u00e1s. S\u00e9 que hay que estudiar, hacer contactos para ir al mundo real, porque es lo que nos espera y pienso que la universidad nos prepara para eso\u201d. Runnay asegura que el camino, desde que entraron en la UArtes, ha sido muy largo. \u201cFue en el 2018 y es en los \u00faltimos a\u00f1os que empezamos a hacer trabajos y me he dado cuenta con las nuevas generaciones de estudiantes que desde segundo o tercer semestre empiezan a hacer trabajos, lo cual es super bueno\u201d.&nbsp;<\/p>\n\n\n<div class=\"wp-block-image\">\n<figure class=\"aligncenter size-large is-resized\"><img loading=\"lazy\" decoding=\"async\" width=\"644\" height=\"483\" src=\"https:\/\/www.uartes.edu.ec\/sitio\/wp-content\/uploads\/2025\/04\/Capricho00-644x483.jpg\" alt=\"\" class=\"wp-image-70378\" style=\"width:548px;height:auto\" srcset=\"https:\/\/www.uartes.edu.ec\/sitio\/wp-content\/uploads\/2025\/04\/Capricho00-644x483.jpg 644w, https:\/\/www.uartes.edu.ec\/sitio\/wp-content\/uploads\/2025\/04\/Capricho00-300x225.jpg 300w, https:\/\/www.uartes.edu.ec\/sitio\/wp-content\/uploads\/2025\/04\/Capricho00-768x576.jpg 768w, https:\/\/www.uartes.edu.ec\/sitio\/wp-content\/uploads\/2025\/04\/Capricho00-1536x1152.jpg 1536w, https:\/\/www.uartes.edu.ec\/sitio\/wp-content\/uploads\/2025\/04\/Capricho00-16x12.jpg 16w, https:\/\/www.uartes.edu.ec\/sitio\/wp-content\/uploads\/2025\/04\/Capricho00-400x300.jpg 400w, https:\/\/www.uartes.edu.ec\/sitio\/wp-content\/uploads\/2025\/04\/Capricho00.jpg 1777w\" sizes=\"(max-width: 644px) 100vw, 644px\" \/><\/figure>\n<\/div>\n\n\n<p>En las nominaciones de Premios Disco Rojo el voto del p\u00fablico tambi\u00e9n cuenta. Para apoyar a nuestros artistas basta con ingresar a su sitio web y buscarlos en la categor\u00eda Artista Revelaci\u00f3n. Aqu\u00ed el enlace para ir directo y dar clic en \u00abCapricho\u00bb: <a href=\"https:\/\/premiosdiscorojo.com\/categoria-revelacion\/\">https:\/\/premiosdiscorojo.com\/categoria-revelacion\/<\/a><\/p>\n\n\n\n<p>Texto: Carmen Cortez\/Dircom.<br>Fotos: cortes\u00eda de Andr\u00e9th, Hercio y Runnay, corresponden al material promocional de sus producciones. <br>Tambi\u00e9n im\u00e1genes realizadas por Ronny Ramos\/Vinculaci\u00f3n con la Sociedad en las instalaciones UArtes.<\/p>","protected":false},"excerpt":{"rendered":"<p>Christian S\u00e1nchez, Darling Torres y Bryan Pezo estudian en la UArtes y en los escenarios se dan a conocer como Hercio, Andr\u00e9th y Runnay. Por el tema \u201cCapricho\u201d, cuyo video en las plataformas musicales tiene miles de vistas, est\u00e1n nominados a Revelaci\u00f3n del A\u00f1o en los Premios Disco Rojo; como solista en la misma categor\u00eda est\u00e1 tambi\u00e9n Andr\u00e9th por \u201cParanormal\u201d. La premiaci\u00f3n ser\u00e1 en mayo y el voto del p\u00fablico cuenta, dales apoyo.<\/p>","protected":false},"author":10,"featured_media":70373,"comment_status":"open","ping_status":"open","sticky":false,"template":"","format":"standard","meta":{"_acf_changed":false,"_uag_custom_page_level_css":"","_monsterinsights_skip_tracking":false,"_monsterinsights_sitenote_active":false,"_monsterinsights_sitenote_note":"","_monsterinsights_sitenote_category":0,"cybocfi_hide_featured_image":"","footnotes":""},"categories":[82,150,76],"tags":[518],"infouartes":[],"class_list":["post-70372","post","type-post","status-publish","format-standard","has-post-thumbnail","hentry","category-artes","category-artes-sonoras","category-estudiantes","tag-produccion"],"acf":[],"yoast_head":"<!-- This site is optimized with the Yoast SEO plugin v27.4 - https:\/\/yoast.com\/product\/yoast-seo-wordpress\/ -->\n<title>Universidad de las Artes - Por \u201cCapricho\u201d los estudiantes de la UArtes Hercio, Andr\u00e9th y Runnay est\u00e1n nominados a Revelaci\u00f3n del A\u00f1o de Premios Disco Rojo<\/title>\n<meta name=\"description\" content=\"Universidad de las Artes - Por \u201cCapricho\u201d los estudiantes de la UArtes Hercio, Andr\u00e9th y Runnay est\u00e1n nominados a Revelaci\u00f3n del A\u00f1o de Premios Disco Rojo\" \/>\n<meta name=\"robots\" content=\"index, follow, max-snippet:-1, max-image-preview:large, max-video-preview:-1\" \/>\n<link rel=\"canonical\" href=\"https:\/\/www.uartes.edu.ec\/sitio\/en\/blog\/2025\/04\/10\/por-capricho-los-estudiantes-uartes-hercio-andreth-y-runnay-estan-nominados-a-revelacion-del-ano-de-los-premios-disco-rojo\/\" \/>\n<meta property=\"og:locale\" content=\"en_US\" \/>\n<meta property=\"og:type\" content=\"article\" \/>\n<meta property=\"og:title\" content=\"Universidad de las Artes - Por \u201cCapricho\u201d los estudiantes de la UArtes Hercio, Andr\u00e9th y Runnay est\u00e1n nominados a Revelaci\u00f3n del A\u00f1o de Premios Disco Rojo\" \/>\n<meta property=\"og:description\" content=\"Universidad de las Artes - Por \u201cCapricho\u201d los estudiantes de la UArtes Hercio, Andr\u00e9th y Runnay est\u00e1n nominados a Revelaci\u00f3n del A\u00f1o de Premios Disco Rojo\" \/>\n<meta property=\"og:url\" content=\"https:\/\/www.uartes.edu.ec\/sitio\/en\/blog\/2025\/04\/10\/por-capricho-los-estudiantes-uartes-hercio-andreth-y-runnay-estan-nominados-a-revelacion-del-ano-de-los-premios-disco-rojo\/\" \/>\n<meta property=\"og:site_name\" content=\"Universidad de las Artes\" \/>\n<meta property=\"article:publisher\" content=\"https:\/\/www.facebook.com\/uartesec\" \/>\n<meta property=\"article:published_time\" content=\"2025-04-10T22:46:19+00:00\" \/>\n<meta property=\"article:modified_time\" content=\"2025-09-04T22:15:04+00:00\" \/>\n<meta property=\"og:image\" content=\"https:\/\/www.uartes.edu.ec\/sitio\/wp-content\/uploads\/2025\/04\/03-PREMIOS-DISCO-ROJO.jpg\" \/>\n\t<meta property=\"og:image:width\" content=\"2000\" \/>\n\t<meta property=\"og:image:height\" content=\"1333\" \/>\n\t<meta property=\"og:image:type\" content=\"image\/jpeg\" \/>\n<meta name=\"author\" content=\"ccortez\" \/>\n<meta name=\"twitter:card\" content=\"summary_large_image\" \/>\n<meta name=\"twitter:creator\" content=\"@uartesec\" \/>\n<meta name=\"twitter:site\" content=\"@uartesec\" \/>\n<meta name=\"twitter:label1\" content=\"Written by\" \/>\n\t<meta name=\"twitter:data1\" content=\"ccortez\" \/>\n\t<meta name=\"twitter:label2\" content=\"Est. reading time\" \/>\n\t<meta name=\"twitter:data2\" content=\"8 minutes\" \/>\n<script type=\"application\/ld+json\" class=\"yoast-schema-graph\">{\"@context\":\"https:\\\/\\\/schema.org\",\"@graph\":[{\"@type\":\"Article\",\"@id\":\"https:\\\/\\\/www.uartes.edu.ec\\\/sitio\\\/en\\\/blog\\\/2025\\\/04\\\/10\\\/por-capricho-los-estudiantes-uartes-hercio-andreth-y-runnay-estan-nominados-a-revelacion-del-ano-de-los-premios-disco-rojo\\\/#article\",\"isPartOf\":{\"@id\":\"https:\\\/\\\/www.uartes.edu.ec\\\/sitio\\\/en\\\/blog\\\/2025\\\/04\\\/10\\\/por-capricho-los-estudiantes-uartes-hercio-andreth-y-runnay-estan-nominados-a-revelacion-del-ano-de-los-premios-disco-rojo\\\/\"},\"author\":{\"name\":\"ccortez\",\"@id\":\"https:\\\/\\\/www.uartes.edu.ec\\\/sitio\\\/en\\\/#\\\/schema\\\/person\\\/efa1b8275797664fd7f13a79ccc0b1f4\"},\"headline\":\"Por \u201cCapricho\u201d los estudiantes de la UArtes Hercio, Andr\u00e9th y Runnay est\u00e1n nominados a Revelaci\u00f3n del A\u00f1o de Premios Disco Rojo\",\"datePublished\":\"2025-04-10T22:46:19+00:00\",\"dateModified\":\"2025-09-04T22:15:04+00:00\",\"mainEntityOfPage\":{\"@id\":\"https:\\\/\\\/www.uartes.edu.ec\\\/sitio\\\/en\\\/blog\\\/2025\\\/04\\\/10\\\/por-capricho-los-estudiantes-uartes-hercio-andreth-y-runnay-estan-nominados-a-revelacion-del-ano-de-los-premios-disco-rojo\\\/\"},\"wordCount\":1537,\"commentCount\":0,\"publisher\":{\"@id\":\"https:\\\/\\\/www.uartes.edu.ec\\\/sitio\\\/en\\\/#organization\"},\"image\":{\"@id\":\"https:\\\/\\\/www.uartes.edu.ec\\\/sitio\\\/en\\\/blog\\\/2025\\\/04\\\/10\\\/por-capricho-los-estudiantes-uartes-hercio-andreth-y-runnay-estan-nominados-a-revelacion-del-ano-de-los-premios-disco-rojo\\\/#primaryimage\"},\"thumbnailUrl\":\"https:\\\/\\\/www.uartes.edu.ec\\\/sitio\\\/wp-content\\\/uploads\\\/2025\\\/04\\\/03-PREMIOS-DISCO-ROJO.jpg\",\"keywords\":[\"producci\u00f3n\"],\"articleSection\":[\"Artes\",\"Artes Sonoras\",\"Estudiantes\"],\"inLanguage\":\"en-US\",\"potentialAction\":[{\"@type\":\"CommentAction\",\"name\":\"Comment\",\"target\":[\"https:\\\/\\\/www.uartes.edu.ec\\\/sitio\\\/en\\\/blog\\\/2025\\\/04\\\/10\\\/por-capricho-los-estudiantes-uartes-hercio-andreth-y-runnay-estan-nominados-a-revelacion-del-ano-de-los-premios-disco-rojo\\\/#respond\"]}]},{\"@type\":[\"WebPage\",\"ItemPage\"],\"@id\":\"https:\\\/\\\/www.uartes.edu.ec\\\/sitio\\\/en\\\/blog\\\/2025\\\/04\\\/10\\\/por-capricho-los-estudiantes-uartes-hercio-andreth-y-runnay-estan-nominados-a-revelacion-del-ano-de-los-premios-disco-rojo\\\/\",\"url\":\"https:\\\/\\\/www.uartes.edu.ec\\\/sitio\\\/en\\\/blog\\\/2025\\\/04\\\/10\\\/por-capricho-los-estudiantes-uartes-hercio-andreth-y-runnay-estan-nominados-a-revelacion-del-ano-de-los-premios-disco-rojo\\\/\",\"name\":\"Universidad de las Artes - Por \u201cCapricho\u201d los estudiantes de la UArtes Hercio, Andr\u00e9th y Runnay est\u00e1n nominados a Revelaci\u00f3n del A\u00f1o de Premios Disco Rojo\",\"isPartOf\":{\"@id\":\"https:\\\/\\\/www.uartes.edu.ec\\\/sitio\\\/en\\\/#website\"},\"primaryImageOfPage\":{\"@id\":\"https:\\\/\\\/www.uartes.edu.ec\\\/sitio\\\/en\\\/blog\\\/2025\\\/04\\\/10\\\/por-capricho-los-estudiantes-uartes-hercio-andreth-y-runnay-estan-nominados-a-revelacion-del-ano-de-los-premios-disco-rojo\\\/#primaryimage\"},\"image\":{\"@id\":\"https:\\\/\\\/www.uartes.edu.ec\\\/sitio\\\/en\\\/blog\\\/2025\\\/04\\\/10\\\/por-capricho-los-estudiantes-uartes-hercio-andreth-y-runnay-estan-nominados-a-revelacion-del-ano-de-los-premios-disco-rojo\\\/#primaryimage\"},\"thumbnailUrl\":\"https:\\\/\\\/www.uartes.edu.ec\\\/sitio\\\/wp-content\\\/uploads\\\/2025\\\/04\\\/03-PREMIOS-DISCO-ROJO.jpg\",\"datePublished\":\"2025-04-10T22:46:19+00:00\",\"dateModified\":\"2025-09-04T22:15:04+00:00\",\"description\":\"Universidad de las Artes - Por \u201cCapricho\u201d los estudiantes de la UArtes Hercio, Andr\u00e9th y Runnay est\u00e1n nominados a Revelaci\u00f3n del A\u00f1o de Premios Disco Rojo\",\"breadcrumb\":{\"@id\":\"https:\\\/\\\/www.uartes.edu.ec\\\/sitio\\\/en\\\/blog\\\/2025\\\/04\\\/10\\\/por-capricho-los-estudiantes-uartes-hercio-andreth-y-runnay-estan-nominados-a-revelacion-del-ano-de-los-premios-disco-rojo\\\/#breadcrumb\"},\"inLanguage\":\"en-US\",\"potentialAction\":[{\"@type\":\"ReadAction\",\"target\":[\"https:\\\/\\\/www.uartes.edu.ec\\\/sitio\\\/en\\\/blog\\\/2025\\\/04\\\/10\\\/por-capricho-los-estudiantes-uartes-hercio-andreth-y-runnay-estan-nominados-a-revelacion-del-ano-de-los-premios-disco-rojo\\\/\"]}]},{\"@type\":\"ImageObject\",\"inLanguage\":\"en-US\",\"@id\":\"https:\\\/\\\/www.uartes.edu.ec\\\/sitio\\\/en\\\/blog\\\/2025\\\/04\\\/10\\\/por-capricho-los-estudiantes-uartes-hercio-andreth-y-runnay-estan-nominados-a-revelacion-del-ano-de-los-premios-disco-rojo\\\/#primaryimage\",\"url\":\"https:\\\/\\\/www.uartes.edu.ec\\\/sitio\\\/wp-content\\\/uploads\\\/2025\\\/04\\\/03-PREMIOS-DISCO-ROJO.jpg\",\"contentUrl\":\"https:\\\/\\\/www.uartes.edu.ec\\\/sitio\\\/wp-content\\\/uploads\\\/2025\\\/04\\\/03-PREMIOS-DISCO-ROJO.jpg\",\"width\":2000,\"height\":1333},{\"@type\":\"BreadcrumbList\",\"@id\":\"https:\\\/\\\/www.uartes.edu.ec\\\/sitio\\\/en\\\/blog\\\/2025\\\/04\\\/10\\\/por-capricho-los-estudiantes-uartes-hercio-andreth-y-runnay-estan-nominados-a-revelacion-del-ano-de-los-premios-disco-rojo\\\/#breadcrumb\",\"itemListElement\":[{\"@type\":\"ListItem\",\"position\":1,\"name\":\"Inicio\",\"item\":\"https:\\\/\\\/www.uartes.edu.ec\\\/sitio\\\/\"},{\"@type\":\"ListItem\",\"position\":2,\"name\":\"Por \u201cCapricho\u201d los estudiantes de la UArtes Hercio, Andreth y Runnay est\u00e1n nominados a Revelaci\u00f3n del A\u00f1o de Premios Disco Rojo\"}]},{\"@type\":\"WebSite\",\"@id\":\"https:\\\/\\\/www.uartes.edu.ec\\\/sitio\\\/en\\\/#website\",\"url\":\"https:\\\/\\\/www.uartes.edu.ec\\\/sitio\\\/en\\\/\",\"name\":\"Universidad de las Artes\",\"description\":\"Sitio oficial de la Universidad Nacional de las Artes del Ecuador\",\"publisher\":{\"@id\":\"https:\\\/\\\/www.uartes.edu.ec\\\/sitio\\\/en\\\/#organization\"},\"potentialAction\":[{\"@type\":\"SearchAction\",\"target\":{\"@type\":\"EntryPoint\",\"urlTemplate\":\"https:\\\/\\\/www.uartes.edu.ec\\\/sitio\\\/en\\\/?s={search_term_string}\"},\"query-input\":{\"@type\":\"PropertyValueSpecification\",\"valueRequired\":true,\"valueName\":\"search_term_string\"}}],\"inLanguage\":\"en-US\"},{\"@type\":\"Organization\",\"@id\":\"https:\\\/\\\/www.uartes.edu.ec\\\/sitio\\\/en\\\/#organization\",\"name\":\"Universidad de las Artes\",\"url\":\"https:\\\/\\\/www.uartes.edu.ec\\\/sitio\\\/en\\\/\",\"logo\":{\"@type\":\"ImageObject\",\"inLanguage\":\"en-US\",\"@id\":\"https:\\\/\\\/www.uartes.edu.ec\\\/sitio\\\/en\\\/#\\\/schema\\\/logo\\\/image\\\/\",\"url\":\"https:\\\/\\\/www.uartes.edu.ec\\\/sitio\\\/wp-content\\\/uploads\\\/2022\\\/07\\\/logo-ua-horizontal.png\",\"contentUrl\":\"https:\\\/\\\/www.uartes.edu.ec\\\/sitio\\\/wp-content\\\/uploads\\\/2022\\\/07\\\/logo-ua-horizontal.png\",\"width\":800,\"height\":276,\"caption\":\"Universidad de las Artes\"},\"image\":{\"@id\":\"https:\\\/\\\/www.uartes.edu.ec\\\/sitio\\\/en\\\/#\\\/schema\\\/logo\\\/image\\\/\"},\"sameAs\":[\"https:\\\/\\\/www.facebook.com\\\/uartesec\",\"https:\\\/\\\/x.com\\\/uartesec\",\"https:\\\/\\\/www.tiktok.com\\\/@uartesec\"]},{\"@type\":\"Person\",\"@id\":\"https:\\\/\\\/www.uartes.edu.ec\\\/sitio\\\/en\\\/#\\\/schema\\\/person\\\/efa1b8275797664fd7f13a79ccc0b1f4\",\"name\":\"ccortez\",\"image\":{\"@type\":\"ImageObject\",\"inLanguage\":\"en-US\",\"@id\":\"https:\\\/\\\/secure.gravatar.com\\\/avatar\\\/b2a6f664a3ae8e074346ef91775736c5ec479e637ecced6842de9dc98b5da9cd?s=96&d=mm&r=g\",\"url\":\"https:\\\/\\\/secure.gravatar.com\\\/avatar\\\/b2a6f664a3ae8e074346ef91775736c5ec479e637ecced6842de9dc98b5da9cd?s=96&d=mm&r=g\",\"contentUrl\":\"https:\\\/\\\/secure.gravatar.com\\\/avatar\\\/b2a6f664a3ae8e074346ef91775736c5ec479e637ecced6842de9dc98b5da9cd?s=96&d=mm&r=g\",\"caption\":\"ccortez\"},\"url\":\"https:\\\/\\\/www.uartes.edu.ec\\\/sitio\\\/en\\\/blog\\\/author\\\/ccortez\\\/\"}]}<\/script>\n<!-- \/ Yoast SEO plugin. -->","yoast_head_json":{"title":"Universidad de las Artes - Por \u201cCapricho\u201d los estudiantes de la UArtes Hercio, Andr\u00e9th y Runnay est\u00e1n nominados a Revelaci\u00f3n del A\u00f1o de Premios Disco Rojo","description":"Universidad de las Artes - Por \u201cCapricho\u201d los estudiantes de la UArtes Hercio, Andr\u00e9th y Runnay est\u00e1n nominados a Revelaci\u00f3n del A\u00f1o de Premios Disco Rojo","robots":{"index":"index","follow":"follow","max-snippet":"max-snippet:-1","max-image-preview":"max-image-preview:large","max-video-preview":"max-video-preview:-1"},"canonical":"https:\/\/www.uartes.edu.ec\/sitio\/en\/blog\/2025\/04\/10\/por-capricho-los-estudiantes-uartes-hercio-andreth-y-runnay-estan-nominados-a-revelacion-del-ano-de-los-premios-disco-rojo\/","og_locale":"en_US","og_type":"article","og_title":"Universidad de las Artes - Por \u201cCapricho\u201d los estudiantes de la UArtes Hercio, Andr\u00e9th y Runnay est\u00e1n nominados a Revelaci\u00f3n del A\u00f1o de Premios Disco Rojo","og_description":"Universidad de las Artes - Por \u201cCapricho\u201d los estudiantes de la UArtes Hercio, Andr\u00e9th y Runnay est\u00e1n nominados a Revelaci\u00f3n del A\u00f1o de Premios Disco Rojo","og_url":"https:\/\/www.uartes.edu.ec\/sitio\/en\/blog\/2025\/04\/10\/por-capricho-los-estudiantes-uartes-hercio-andreth-y-runnay-estan-nominados-a-revelacion-del-ano-de-los-premios-disco-rojo\/","og_site_name":"Universidad de las Artes","article_publisher":"https:\/\/www.facebook.com\/uartesec","article_published_time":"2025-04-10T22:46:19+00:00","article_modified_time":"2025-09-04T22:15:04+00:00","og_image":[{"width":2000,"height":1333,"url":"https:\/\/www.uartes.edu.ec\/sitio\/wp-content\/uploads\/2025\/04\/03-PREMIOS-DISCO-ROJO.jpg","type":"image\/jpeg"}],"author":"ccortez","twitter_card":"summary_large_image","twitter_creator":"@uartesec","twitter_site":"@uartesec","twitter_misc":{"Written by":"ccortez","Est. reading time":"8 minutes"},"schema":{"@context":"https:\/\/schema.org","@graph":[{"@type":"Article","@id":"https:\/\/www.uartes.edu.ec\/sitio\/en\/blog\/2025\/04\/10\/por-capricho-los-estudiantes-uartes-hercio-andreth-y-runnay-estan-nominados-a-revelacion-del-ano-de-los-premios-disco-rojo\/#article","isPartOf":{"@id":"https:\/\/www.uartes.edu.ec\/sitio\/en\/blog\/2025\/04\/10\/por-capricho-los-estudiantes-uartes-hercio-andreth-y-runnay-estan-nominados-a-revelacion-del-ano-de-los-premios-disco-rojo\/"},"author":{"name":"ccortez","@id":"https:\/\/www.uartes.edu.ec\/sitio\/en\/#\/schema\/person\/efa1b8275797664fd7f13a79ccc0b1f4"},"headline":"Por \u201cCapricho\u201d los estudiantes de la UArtes Hercio, Andr\u00e9th y Runnay est\u00e1n nominados a Revelaci\u00f3n del A\u00f1o de Premios Disco Rojo","datePublished":"2025-04-10T22:46:19+00:00","dateModified":"2025-09-04T22:15:04+00:00","mainEntityOfPage":{"@id":"https:\/\/www.uartes.edu.ec\/sitio\/en\/blog\/2025\/04\/10\/por-capricho-los-estudiantes-uartes-hercio-andreth-y-runnay-estan-nominados-a-revelacion-del-ano-de-los-premios-disco-rojo\/"},"wordCount":1537,"commentCount":0,"publisher":{"@id":"https:\/\/www.uartes.edu.ec\/sitio\/en\/#organization"},"image":{"@id":"https:\/\/www.uartes.edu.ec\/sitio\/en\/blog\/2025\/04\/10\/por-capricho-los-estudiantes-uartes-hercio-andreth-y-runnay-estan-nominados-a-revelacion-del-ano-de-los-premios-disco-rojo\/#primaryimage"},"thumbnailUrl":"https:\/\/www.uartes.edu.ec\/sitio\/wp-content\/uploads\/2025\/04\/03-PREMIOS-DISCO-ROJO.jpg","keywords":["producci\u00f3n"],"articleSection":["Artes","Artes Sonoras","Estudiantes"],"inLanguage":"en-US","potentialAction":[{"@type":"CommentAction","name":"Comment","target":["https:\/\/www.uartes.edu.ec\/sitio\/en\/blog\/2025\/04\/10\/por-capricho-los-estudiantes-uartes-hercio-andreth-y-runnay-estan-nominados-a-revelacion-del-ano-de-los-premios-disco-rojo\/#respond"]}]},{"@type":["WebPage","ItemPage"],"@id":"https:\/\/www.uartes.edu.ec\/sitio\/en\/blog\/2025\/04\/10\/por-capricho-los-estudiantes-uartes-hercio-andreth-y-runnay-estan-nominados-a-revelacion-del-ano-de-los-premios-disco-rojo\/","url":"https:\/\/www.uartes.edu.ec\/sitio\/en\/blog\/2025\/04\/10\/por-capricho-los-estudiantes-uartes-hercio-andreth-y-runnay-estan-nominados-a-revelacion-del-ano-de-los-premios-disco-rojo\/","name":"Universidad de las Artes - Por \u201cCapricho\u201d los estudiantes de la UArtes Hercio, Andr\u00e9th y Runnay est\u00e1n nominados a Revelaci\u00f3n del A\u00f1o de Premios Disco Rojo","isPartOf":{"@id":"https:\/\/www.uartes.edu.ec\/sitio\/en\/#website"},"primaryImageOfPage":{"@id":"https:\/\/www.uartes.edu.ec\/sitio\/en\/blog\/2025\/04\/10\/por-capricho-los-estudiantes-uartes-hercio-andreth-y-runnay-estan-nominados-a-revelacion-del-ano-de-los-premios-disco-rojo\/#primaryimage"},"image":{"@id":"https:\/\/www.uartes.edu.ec\/sitio\/en\/blog\/2025\/04\/10\/por-capricho-los-estudiantes-uartes-hercio-andreth-y-runnay-estan-nominados-a-revelacion-del-ano-de-los-premios-disco-rojo\/#primaryimage"},"thumbnailUrl":"https:\/\/www.uartes.edu.ec\/sitio\/wp-content\/uploads\/2025\/04\/03-PREMIOS-DISCO-ROJO.jpg","datePublished":"2025-04-10T22:46:19+00:00","dateModified":"2025-09-04T22:15:04+00:00","description":"Universidad de las Artes - Por \u201cCapricho\u201d los estudiantes de la UArtes Hercio, Andr\u00e9th y Runnay est\u00e1n nominados a Revelaci\u00f3n del A\u00f1o de Premios Disco Rojo","breadcrumb":{"@id":"https:\/\/www.uartes.edu.ec\/sitio\/en\/blog\/2025\/04\/10\/por-capricho-los-estudiantes-uartes-hercio-andreth-y-runnay-estan-nominados-a-revelacion-del-ano-de-los-premios-disco-rojo\/#breadcrumb"},"inLanguage":"en-US","potentialAction":[{"@type":"ReadAction","target":["https:\/\/www.uartes.edu.ec\/sitio\/en\/blog\/2025\/04\/10\/por-capricho-los-estudiantes-uartes-hercio-andreth-y-runnay-estan-nominados-a-revelacion-del-ano-de-los-premios-disco-rojo\/"]}]},{"@type":"ImageObject","inLanguage":"en-US","@id":"https:\/\/www.uartes.edu.ec\/sitio\/en\/blog\/2025\/04\/10\/por-capricho-los-estudiantes-uartes-hercio-andreth-y-runnay-estan-nominados-a-revelacion-del-ano-de-los-premios-disco-rojo\/#primaryimage","url":"https:\/\/www.uartes.edu.ec\/sitio\/wp-content\/uploads\/2025\/04\/03-PREMIOS-DISCO-ROJO.jpg","contentUrl":"https:\/\/www.uartes.edu.ec\/sitio\/wp-content\/uploads\/2025\/04\/03-PREMIOS-DISCO-ROJO.jpg","width":2000,"height":1333},{"@type":"BreadcrumbList","@id":"https:\/\/www.uartes.edu.ec\/sitio\/en\/blog\/2025\/04\/10\/por-capricho-los-estudiantes-uartes-hercio-andreth-y-runnay-estan-nominados-a-revelacion-del-ano-de-los-premios-disco-rojo\/#breadcrumb","itemListElement":[{"@type":"ListItem","position":1,"name":"Inicio","item":"https:\/\/www.uartes.edu.ec\/sitio\/"},{"@type":"ListItem","position":2,"name":"Por \u201cCapricho\u201d los estudiantes de la UArtes Hercio, Andreth y Runnay est\u00e1n nominados a Revelaci\u00f3n del A\u00f1o de Premios Disco Rojo"}]},{"@type":"WebSite","@id":"https:\/\/www.uartes.edu.ec\/sitio\/en\/#website","url":"https:\/\/www.uartes.edu.ec\/sitio\/en\/","name":"Universidad de las Artes","description":"Sitio oficial de la Universidad Nacional de las Artes del Ecuador","publisher":{"@id":"https:\/\/www.uartes.edu.ec\/sitio\/en\/#organization"},"potentialAction":[{"@type":"SearchAction","target":{"@type":"EntryPoint","urlTemplate":"https:\/\/www.uartes.edu.ec\/sitio\/en\/?s={search_term_string}"},"query-input":{"@type":"PropertyValueSpecification","valueRequired":true,"valueName":"search_term_string"}}],"inLanguage":"en-US"},{"@type":"Organization","@id":"https:\/\/www.uartes.edu.ec\/sitio\/en\/#organization","name":"Universidad de las Artes","url":"https:\/\/www.uartes.edu.ec\/sitio\/en\/","logo":{"@type":"ImageObject","inLanguage":"en-US","@id":"https:\/\/www.uartes.edu.ec\/sitio\/en\/#\/schema\/logo\/image\/","url":"https:\/\/www.uartes.edu.ec\/sitio\/wp-content\/uploads\/2022\/07\/logo-ua-horizontal.png","contentUrl":"https:\/\/www.uartes.edu.ec\/sitio\/wp-content\/uploads\/2022\/07\/logo-ua-horizontal.png","width":800,"height":276,"caption":"Universidad de las Artes"},"image":{"@id":"https:\/\/www.uartes.edu.ec\/sitio\/en\/#\/schema\/logo\/image\/"},"sameAs":["https:\/\/www.facebook.com\/uartesec","https:\/\/x.com\/uartesec","https:\/\/www.tiktok.com\/@uartesec"]},{"@type":"Person","@id":"https:\/\/www.uartes.edu.ec\/sitio\/en\/#\/schema\/person\/efa1b8275797664fd7f13a79ccc0b1f4","name":"ccortez","image":{"@type":"ImageObject","inLanguage":"en-US","@id":"https:\/\/secure.gravatar.com\/avatar\/b2a6f664a3ae8e074346ef91775736c5ec479e637ecced6842de9dc98b5da9cd?s=96&d=mm&r=g","url":"https:\/\/secure.gravatar.com\/avatar\/b2a6f664a3ae8e074346ef91775736c5ec479e637ecced6842de9dc98b5da9cd?s=96&d=mm&r=g","contentUrl":"https:\/\/secure.gravatar.com\/avatar\/b2a6f664a3ae8e074346ef91775736c5ec479e637ecced6842de9dc98b5da9cd?s=96&d=mm&r=g","caption":"ccortez"},"url":"https:\/\/www.uartes.edu.ec\/sitio\/en\/blog\/author\/ccortez\/"}]}},"uagb_featured_image_src":{"full":["https:\/\/www.uartes.edu.ec\/sitio\/wp-content\/uploads\/2025\/04\/03-PREMIOS-DISCO-ROJO.jpg",2000,1333,false],"thumbnail":["https:\/\/www.uartes.edu.ec\/sitio\/wp-content\/uploads\/2025\/04\/03-PREMIOS-DISCO-ROJO-150x150.jpg",150,150,true],"medium":["https:\/\/www.uartes.edu.ec\/sitio\/wp-content\/uploads\/2025\/04\/03-PREMIOS-DISCO-ROJO-300x200.jpg",300,200,true],"medium_large":["https:\/\/www.uartes.edu.ec\/sitio\/wp-content\/uploads\/2025\/04\/03-PREMIOS-DISCO-ROJO-768x512.jpg",768,512,true],"large":["https:\/\/www.uartes.edu.ec\/sitio\/wp-content\/uploads\/2025\/04\/03-PREMIOS-DISCO-ROJO-644x429.jpg",644,429,true],"1536x1536":["https:\/\/www.uartes.edu.ec\/sitio\/wp-content\/uploads\/2025\/04\/03-PREMIOS-DISCO-ROJO-1536x1024.jpg",1536,1024,true],"2048x2048":["https:\/\/www.uartes.edu.ec\/sitio\/wp-content\/uploads\/2025\/04\/03-PREMIOS-DISCO-ROJO.jpg",2000,1333,false],"trp-custom-language-flag":["https:\/\/www.uartes.edu.ec\/sitio\/wp-content\/uploads\/2025\/04\/03-PREMIOS-DISCO-ROJO-18x12.jpg",18,12,true],"htmega_size_585x295":["https:\/\/www.uartes.edu.ec\/sitio\/wp-content\/uploads\/2025\/04\/03-PREMIOS-DISCO-ROJO-585x295.jpg",585,295,true],"htmega_size_1170x536":["https:\/\/www.uartes.edu.ec\/sitio\/wp-content\/uploads\/2025\/04\/03-PREMIOS-DISCO-ROJO-1170x536.jpg",1170,536,true],"htmega_size_396x360":["https:\/\/www.uartes.edu.ec\/sitio\/wp-content\/uploads\/2025\/04\/03-PREMIOS-DISCO-ROJO-396x360.jpg",396,360,true],"gb-block-post-grid-landscape":["https:\/\/www.uartes.edu.ec\/sitio\/wp-content\/uploads\/2025\/04\/03-PREMIOS-DISCO-ROJO-600x400.jpg",600,400,true],"gb-block-post-grid-square":["https:\/\/www.uartes.edu.ec\/sitio\/wp-content\/uploads\/2025\/04\/03-PREMIOS-DISCO-ROJO-600x600.jpg",600,600,true],"university-hub-thumb":["https:\/\/www.uartes.edu.ec\/sitio\/wp-content\/uploads\/2025\/04\/03-PREMIOS-DISCO-ROJO-400x267.jpg",400,267,true]},"uagb_author_info":{"display_name":"ccortez","author_link":"https:\/\/www.uartes.edu.ec\/sitio\/en\/blog\/author\/ccortez\/"},"uagb_comment_info":0,"uagb_excerpt":"Christian S\u00e1nchez, Darling Torres y Bryan Pezo estudian en la UArtes y en los escenarios se dan a conocer como Hercio, Andr\u00e9th y Runnay. Por el tema \u201cCapricho\u201d, cuyo video en las plataformas musicales tiene miles de vistas, est\u00e1n nominados a Revelaci\u00f3n del A\u00f1o en los Premios Disco Rojo; como solista en la misma categor\u00eda&hellip;","featured_image_src":"https:\/\/www.uartes.edu.ec\/sitio\/wp-content\/uploads\/2025\/04\/03-PREMIOS-DISCO-ROJO-600x400.jpg","featured_image_src_square":"https:\/\/www.uartes.edu.ec\/sitio\/wp-content\/uploads\/2025\/04\/03-PREMIOS-DISCO-ROJO-600x600.jpg","author_info":{"display_name":"ccortez","author_link":"https:\/\/www.uartes.edu.ec\/sitio\/en\/blog\/author\/ccortez\/"},"publishpress_future_workflow_manual_trigger":{"enabledWorkflows":[]},"distributor_meta":false,"distributor_terms":false,"distributor_media":false,"distributor_original_site_name":"Universidad de las Artes","distributor_original_site_url":"https:\/\/www.uartes.edu.ec\/sitio\/en","push-errors":false,"_links":{"self":[{"href":"https:\/\/www.uartes.edu.ec\/sitio\/en\/wp-json\/wp\/v2\/posts\/70372","targetHints":{"allow":["GET"]}}],"collection":[{"href":"https:\/\/www.uartes.edu.ec\/sitio\/en\/wp-json\/wp\/v2\/posts"}],"about":[{"href":"https:\/\/www.uartes.edu.ec\/sitio\/en\/wp-json\/wp\/v2\/types\/post"}],"author":[{"embeddable":true,"href":"https:\/\/www.uartes.edu.ec\/sitio\/en\/wp-json\/wp\/v2\/users\/10"}],"replies":[{"embeddable":true,"href":"https:\/\/www.uartes.edu.ec\/sitio\/en\/wp-json\/wp\/v2\/comments?post=70372"}],"version-history":[{"count":9,"href":"https:\/\/www.uartes.edu.ec\/sitio\/en\/wp-json\/wp\/v2\/posts\/70372\/revisions"}],"predecessor-version":[{"id":78342,"href":"https:\/\/www.uartes.edu.ec\/sitio\/en\/wp-json\/wp\/v2\/posts\/70372\/revisions\/78342"}],"wp:featuredmedia":[{"embeddable":true,"href":"https:\/\/www.uartes.edu.ec\/sitio\/en\/wp-json\/wp\/v2\/media\/70373"}],"wp:attachment":[{"href":"https:\/\/www.uartes.edu.ec\/sitio\/en\/wp-json\/wp\/v2\/media?parent=70372"}],"wp:term":[{"taxonomy":"category","embeddable":true,"href":"https:\/\/www.uartes.edu.ec\/sitio\/en\/wp-json\/wp\/v2\/categories?post=70372"},{"taxonomy":"post_tag","embeddable":true,"href":"https:\/\/www.uartes.edu.ec\/sitio\/en\/wp-json\/wp\/v2\/tags?post=70372"},{"taxonomy":"infouartes","embeddable":true,"href":"https:\/\/www.uartes.edu.ec\/sitio\/en\/wp-json\/wp\/v2\/infouartes?post=70372"}],"curies":[{"name":"wp","href":"https:\/\/api.w.org\/{rel}","templated":true}]}}