{"id":7041,"date":"2020-05-17T09:50:09","date_gmt":"2020-05-17T14:50:09","guid":{"rendered":"http:\/\/www.uartes.edu.ec\/sitio\/?p=7041"},"modified":"2024-07-04T11:43:09","modified_gmt":"2024-07-04T16:43:09","slug":"espectador-y-espacio-teatral-juan-carlos-haro-analiza-la-relacion-en-poetica-de-augusto-boal","status":"publish","type":"post","link":"https:\/\/www.uartes.edu.ec\/sitio\/en\/blog\/2020\/05\/17\/espectador-y-espacio-teatral-juan-carlos-haro-analiza-la-relacion-en-poetica-de-augusto-boal\/","title":{"rendered":"Espectador y espacio teatral, Juan Carlos Haro analiza la relaci\u00f3n en po\u00e9tica de Augusto Boal"},"content":{"rendered":"<p>Ante el tribunal de defensa de tesis \u2013integrado por los docentes Marcelo Leyton, tutor; Lorena Toro y Pedro Jos\u00e9 Mujica\u2013, el estudiante Juan Carlos Haro Torres sustent\u00f3 el 29 de abril v\u00eda videoconferencia su trabajo final previo a la obtenci\u00f3n de la licenciatura en la carrera de Creaci\u00f3n Teatral.<\/p>\n\n\n\n<p>El suyo es un proyecto de investigaci\u00f3n te\u00f3rico al que titul\u00f3 \u201cAproximaci\u00f3n a las relaciones entre el espectador y el espacio teatral en la po\u00e9tica de Augusto Boal\u201d. En su contenido, entregado a la Secretar\u00eda Acad\u00e9mica de la UArtes, Juan Carlos Haro se\u00f1ala que de la po\u00e9tica del dramaturgo brasile\u00f1o revis\u00f3 tanto su teorizaci\u00f3n del teatro como la pr\u00e1ctica, centr\u00e1ndose en la relaci\u00f3n que mantiene con el espectador, donde este ya no es simplemente un mero receptor de contenidos estilizados, limitado a la experiencia contemplativa, restringido a intervenir en el espacio teatral, sino que toma una nueva concepci\u00f3n como part\u00edcipe y raz\u00f3n del encuentro convivial.<\/p>\n\n\n\n<p>Juan Carlos Haro se\u00f1ala en su tesis que Augusto Boal llev\u00f3 el Teatro del Oprimido a varios pa\u00edses donde la condici\u00f3n de los oprimidos pudo ser desarticulada en casos espec\u00edficos, para hacer frente desde el arte a los efectos ocasionados por el orden capitalista mundial que ha recorrido cada pa\u00eds, cada ciudad, cada pueblo, conformando m\u00faltiples formas de dominaci\u00f3n y opresi\u00f3n entre los seres humanos a lo largo de la historia, llegando a ser vistas cada vez con m\u00e1s naturalidad y empat\u00eda.<\/p>\n\n\n\n<p>Agrega que desde la teor\u00eda y la pr\u00e1ctica de su Teatro del Oprimido, Augusto Boal pone a disposici\u00f3n una extensa y diversa investigaci\u00f3n de un sistema de creaci\u00f3n que direcciona los elementos b\u00e1sicos del teatro para transformar al p\u00fablico-espectador tradicional en actores de un teatro generado, conformado y destinado a los espectadores oprimidos como protagonistas, mediante sus mismas opresiones, crisis, miedos, deseos bloqueados, que puestos en escena les permitan encontrar soluciones y salidas a las situaciones opresoras, requiriendo a la acci\u00f3n teatral volverse una pr\u00e1ctica-ensayo de la acci\u00f3n real.<\/p>\n\n\n\n<p>\u201c(\u2026) La funci\u00f3n democr\u00e1tica del teatro es reivindicada por el Teatro del Oprimido como herramienta efectiva para transformar la participaci\u00f3n de los espectadores en acciones reales y urgentes en pa\u00edses donde tanto espectadores como creadores teatrales, a pesar de considerar sus historias dentro de un marco de independencia colonial, siguen sometidos a dominaciones y opresiones sociales y pol\u00edticas como consecuencia de pr\u00e1cticas antidemocr\u00e1ticas, dictatoriales o tir\u00e1nicas en gobiernos pasados y presentes, que dificultan la capacidad de reflexionar sobre sus derechos o de posibilidades de vivir y de crear desde\/para\/con el teatro, as\u00ed como de encontrar v\u00edas para lograr cambios necesarios individuales que se articulan a nuestras relaciones sociales como a nuestra proyecci\u00f3n cr\u00edtica frente al status quo\u201d. <\/p>\n\n\n\n<div class=\"wp-block-image\"><figure class=\"aligncenter size-large\"><img fetchpriority=\"high\" decoding=\"async\" width=\"644\" height=\"429\" src=\"http:\/\/www.uartes.edu.ec\/sitio\/wp-content\/uploads\/2020\/05\/1OK-644x429.jpg\" alt=\"\" class=\"wp-image-7043\" srcset=\"https:\/\/www.uartes.edu.ec\/sitio\/wp-content\/uploads\/2020\/05\/1OK-644x429.jpg 644w, https:\/\/www.uartes.edu.ec\/sitio\/wp-content\/uploads\/2020\/05\/1OK-300x200.jpg 300w, https:\/\/www.uartes.edu.ec\/sitio\/wp-content\/uploads\/2020\/05\/1OK-768x512.jpg 768w, https:\/\/www.uartes.edu.ec\/sitio\/wp-content\/uploads\/2020\/05\/1OK-1536x1024.jpg 1536w, https:\/\/www.uartes.edu.ec\/sitio\/wp-content\/uploads\/2020\/05\/1OK-600x400.jpg 600w, https:\/\/www.uartes.edu.ec\/sitio\/wp-content\/uploads\/2020\/05\/1OK-400x267.jpg 400w, https:\/\/www.uartes.edu.ec\/sitio\/wp-content\/uploads\/2020\/05\/1OK-272x182.jpg 272w, https:\/\/www.uartes.edu.ec\/sitio\/wp-content\/uploads\/2020\/05\/1OK.jpg 2000w\" sizes=\"(max-width: 644px) 100vw, 644px\" \/><\/figure><\/div>\n\n\n\n<p>El ahora egresado de la Escuela de Artes Esc\u00e9nicas manifiesta que en Ecuador \u201cla actividad teatral, principalmente el arte del actor, se ha quedado en la periferia cultural. Han tenido m\u00e1s enfoque e inter\u00e9s las industrias culturales del entretenimiento que dirigen toda su labor espec\u00edficamente al dominio de la cultura de masas; sin embargo, la compleja realidad de la poblaci\u00f3n ecuatoriana no se encuentra representada en sus contenidos, ni tampoco son formas art\u00edsticas que han respondido concretamente a las necesidades de un p\u00fablico heterog\u00e9neo, significando un obst\u00e1culo permanente en la democratizaci\u00f3n de las artes\u201d.<\/p>","protected":false},"excerpt":{"rendered":"<p>Ante el tribunal de defensa de tesis \u2013integrado por los docentes Marcelo Leyton, tutor; Lorena Toro y Pedro Jos\u00e9 Mujica\u2013, el estudiante Juan Carlos Haro Torres sustent\u00f3 el 29 de abril v\u00eda videoconferencia su trabajo final previo a la obtenci\u00f3n de la licenciatura en la carrera de Creaci\u00f3n Teatral.<\/p>","protected":false},"author":1,"featured_media":7042,"comment_status":"closed","ping_status":"closed","sticky":false,"template":"","format":"standard","meta":{"_acf_changed":false,"_uag_custom_page_level_css":"","_monsterinsights_skip_tracking":false,"_monsterinsights_sitenote_active":false,"_monsterinsights_sitenote_note":"","_monsterinsights_sitenote_category":0,"cybocfi_hide_featured_image":"","footnotes":""},"categories":[80,159,76],"tags":[211],"infouartes":[],"class_list":["post-7041","post","type-post","status-publish","format-standard","has-post-thumbnail","hentry","category-academico","category-artes-escenicas","category-estudiantes","tag-covid19"],"acf":[],"yoast_head":"<!-- This site is optimized with the Yoast SEO plugin v27.4 - https:\/\/yoast.com\/product\/yoast-seo-wordpress\/ -->\n<title>Universidad de las Artes - Espectador y espacio teatral, Juan Carlos Haro analiza la relaci\u00f3n en po\u00e9tica de Augusto Boal<\/title>\n<meta name=\"description\" content=\"Universidad de las Artes - Espectador y espacio teatral, Juan Carlos Haro analiza la relaci\u00f3n en po\u00e9tica de Augusto Boal\" \/>\n<meta name=\"robots\" content=\"index, follow, max-snippet:-1, max-image-preview:large, max-video-preview:-1\" \/>\n<link rel=\"canonical\" href=\"https:\/\/www.uartes.edu.ec\/sitio\/en\/blog\/2020\/05\/17\/espectador-y-espacio-teatral-juan-carlos-haro-analiza-la-relacion-en-poetica-de-augusto-boal\/\" \/>\n<meta property=\"og:locale\" content=\"en_US\" \/>\n<meta property=\"og:type\" content=\"article\" \/>\n<meta property=\"og:title\" content=\"Universidad de las Artes - Espectador y espacio teatral, Juan Carlos Haro analiza la relaci\u00f3n en po\u00e9tica de Augusto Boal\" \/>\n<meta property=\"og:description\" content=\"Universidad de las Artes - Espectador y espacio teatral, Juan Carlos Haro analiza la relaci\u00f3n en po\u00e9tica de Augusto Boal\" \/>\n<meta property=\"og:url\" content=\"https:\/\/www.uartes.edu.ec\/sitio\/en\/blog\/2020\/05\/17\/espectador-y-espacio-teatral-juan-carlos-haro-analiza-la-relacion-en-poetica-de-augusto-boal\/\" \/>\n<meta property=\"og:site_name\" content=\"Universidad de las Artes\" \/>\n<meta property=\"article:publisher\" content=\"https:\/\/www.facebook.com\/uartesec\" \/>\n<meta property=\"article:published_time\" content=\"2020-05-17T14:50:09+00:00\" \/>\n<meta property=\"article:modified_time\" content=\"2024-07-04T16:43:09+00:00\" \/>\n<meta property=\"og:image\" content=\"https:\/\/www.uartes.edu.ec\/sitio\/wp-content\/uploads\/2020\/05\/2OK.jpg\" \/>\n\t<meta property=\"og:image:width\" content=\"2000\" \/>\n\t<meta property=\"og:image:height\" content=\"1333\" \/>\n\t<meta property=\"og:image:type\" content=\"image\/jpeg\" \/>\n<meta name=\"author\" content=\"Universidad de las Artes\" \/>\n<meta name=\"twitter:card\" content=\"summary_large_image\" \/>\n<meta name=\"twitter:creator\" content=\"@uartesec\" \/>\n<meta name=\"twitter:site\" content=\"@uartesec\" \/>\n<meta name=\"twitter:label1\" content=\"Written by\" \/>\n\t<meta name=\"twitter:data1\" content=\"Universidad de las Artes\" \/>\n\t<meta name=\"twitter:label2\" content=\"Est. reading time\" \/>\n\t<meta name=\"twitter:data2\" content=\"3 minutes\" \/>\n<script type=\"application\/ld+json\" class=\"yoast-schema-graph\">{\"@context\":\"https:\\\/\\\/schema.org\",\"@graph\":[{\"@type\":\"Article\",\"@id\":\"https:\\\/\\\/www.uartes.edu.ec\\\/sitio\\\/en\\\/blog\\\/2020\\\/05\\\/17\\\/espectador-y-espacio-teatral-juan-carlos-haro-analiza-la-relacion-en-poetica-de-augusto-boal\\\/#article\",\"isPartOf\":{\"@id\":\"https:\\\/\\\/www.uartes.edu.ec\\\/sitio\\\/en\\\/blog\\\/2020\\\/05\\\/17\\\/espectador-y-espacio-teatral-juan-carlos-haro-analiza-la-relacion-en-poetica-de-augusto-boal\\\/\"},\"author\":{\"name\":\"Universidad de las Artes\",\"@id\":\"https:\\\/\\\/www.uartes.edu.ec\\\/sitio\\\/en\\\/#\\\/schema\\\/person\\\/f33f8c1d2af0d5c80a38c8abf458184a\"},\"headline\":\"Espectador y espacio teatral, Juan Carlos Haro analiza la relaci\u00f3n en po\u00e9tica de Augusto Boal\",\"datePublished\":\"2020-05-17T14:50:09+00:00\",\"dateModified\":\"2024-07-04T16:43:09+00:00\",\"mainEntityOfPage\":{\"@id\":\"https:\\\/\\\/www.uartes.edu.ec\\\/sitio\\\/en\\\/blog\\\/2020\\\/05\\\/17\\\/espectador-y-espacio-teatral-juan-carlos-haro-analiza-la-relacion-en-poetica-de-augusto-boal\\\/\"},\"wordCount\":613,\"publisher\":{\"@id\":\"https:\\\/\\\/www.uartes.edu.ec\\\/sitio\\\/en\\\/#organization\"},\"image\":{\"@id\":\"https:\\\/\\\/www.uartes.edu.ec\\\/sitio\\\/en\\\/blog\\\/2020\\\/05\\\/17\\\/espectador-y-espacio-teatral-juan-carlos-haro-analiza-la-relacion-en-poetica-de-augusto-boal\\\/#primaryimage\"},\"thumbnailUrl\":\"https:\\\/\\\/www.uartes.edu.ec\\\/sitio\\\/wp-content\\\/uploads\\\/2020\\\/05\\\/2OK.jpg\",\"keywords\":[\"covid19\"],\"articleSection\":[\"Acad\u00e9mico\",\"Artes Esc\u00e9nicas\",\"Estudiantes\"],\"inLanguage\":\"en-US\"},{\"@type\":[\"WebPage\",\"ItemPage\"],\"@id\":\"https:\\\/\\\/www.uartes.edu.ec\\\/sitio\\\/en\\\/blog\\\/2020\\\/05\\\/17\\\/espectador-y-espacio-teatral-juan-carlos-haro-analiza-la-relacion-en-poetica-de-augusto-boal\\\/\",\"url\":\"https:\\\/\\\/www.uartes.edu.ec\\\/sitio\\\/en\\\/blog\\\/2020\\\/05\\\/17\\\/espectador-y-espacio-teatral-juan-carlos-haro-analiza-la-relacion-en-poetica-de-augusto-boal\\\/\",\"name\":\"Universidad de las Artes - Espectador y espacio teatral, Juan Carlos Haro analiza la relaci\u00f3n en po\u00e9tica de Augusto Boal\",\"isPartOf\":{\"@id\":\"https:\\\/\\\/www.uartes.edu.ec\\\/sitio\\\/en\\\/#website\"},\"primaryImageOfPage\":{\"@id\":\"https:\\\/\\\/www.uartes.edu.ec\\\/sitio\\\/en\\\/blog\\\/2020\\\/05\\\/17\\\/espectador-y-espacio-teatral-juan-carlos-haro-analiza-la-relacion-en-poetica-de-augusto-boal\\\/#primaryimage\"},\"image\":{\"@id\":\"https:\\\/\\\/www.uartes.edu.ec\\\/sitio\\\/en\\\/blog\\\/2020\\\/05\\\/17\\\/espectador-y-espacio-teatral-juan-carlos-haro-analiza-la-relacion-en-poetica-de-augusto-boal\\\/#primaryimage\"},\"thumbnailUrl\":\"https:\\\/\\\/www.uartes.edu.ec\\\/sitio\\\/wp-content\\\/uploads\\\/2020\\\/05\\\/2OK.jpg\",\"datePublished\":\"2020-05-17T14:50:09+00:00\",\"dateModified\":\"2024-07-04T16:43:09+00:00\",\"description\":\"Universidad de las Artes - Espectador y espacio teatral, Juan Carlos Haro analiza la relaci\u00f3n en po\u00e9tica de Augusto Boal\",\"breadcrumb\":{\"@id\":\"https:\\\/\\\/www.uartes.edu.ec\\\/sitio\\\/en\\\/blog\\\/2020\\\/05\\\/17\\\/espectador-y-espacio-teatral-juan-carlos-haro-analiza-la-relacion-en-poetica-de-augusto-boal\\\/#breadcrumb\"},\"inLanguage\":\"en-US\",\"potentialAction\":[{\"@type\":\"ReadAction\",\"target\":[\"https:\\\/\\\/www.uartes.edu.ec\\\/sitio\\\/en\\\/blog\\\/2020\\\/05\\\/17\\\/espectador-y-espacio-teatral-juan-carlos-haro-analiza-la-relacion-en-poetica-de-augusto-boal\\\/\"]}]},{\"@type\":\"ImageObject\",\"inLanguage\":\"en-US\",\"@id\":\"https:\\\/\\\/www.uartes.edu.ec\\\/sitio\\\/en\\\/blog\\\/2020\\\/05\\\/17\\\/espectador-y-espacio-teatral-juan-carlos-haro-analiza-la-relacion-en-poetica-de-augusto-boal\\\/#primaryimage\",\"url\":\"https:\\\/\\\/www.uartes.edu.ec\\\/sitio\\\/wp-content\\\/uploads\\\/2020\\\/05\\\/2OK.jpg\",\"contentUrl\":\"https:\\\/\\\/www.uartes.edu.ec\\\/sitio\\\/wp-content\\\/uploads\\\/2020\\\/05\\\/2OK.jpg\",\"width\":2000,\"height\":1333},{\"@type\":\"BreadcrumbList\",\"@id\":\"https:\\\/\\\/www.uartes.edu.ec\\\/sitio\\\/en\\\/blog\\\/2020\\\/05\\\/17\\\/espectador-y-espacio-teatral-juan-carlos-haro-analiza-la-relacion-en-poetica-de-augusto-boal\\\/#breadcrumb\",\"itemListElement\":[{\"@type\":\"ListItem\",\"position\":1,\"name\":\"Inicio\",\"item\":\"https:\\\/\\\/www.uartes.edu.ec\\\/sitio\\\/\"},{\"@type\":\"ListItem\",\"position\":2,\"name\":\"Espectador y espacio teatral, Juan Carlos Haro analiza la relaci\u00f3n en po\u00e9tica de Augusto Boal\"}]},{\"@type\":\"WebSite\",\"@id\":\"https:\\\/\\\/www.uartes.edu.ec\\\/sitio\\\/en\\\/#website\",\"url\":\"https:\\\/\\\/www.uartes.edu.ec\\\/sitio\\\/en\\\/\",\"name\":\"Universidad de las Artes\",\"description\":\"Sitio oficial de la Universidad Nacional de las Artes del Ecuador\",\"publisher\":{\"@id\":\"https:\\\/\\\/www.uartes.edu.ec\\\/sitio\\\/en\\\/#organization\"},\"potentialAction\":[{\"@type\":\"SearchAction\",\"target\":{\"@type\":\"EntryPoint\",\"urlTemplate\":\"https:\\\/\\\/www.uartes.edu.ec\\\/sitio\\\/en\\\/?s={search_term_string}\"},\"query-input\":{\"@type\":\"PropertyValueSpecification\",\"valueRequired\":true,\"valueName\":\"search_term_string\"}}],\"inLanguage\":\"en-US\"},{\"@type\":\"Organization\",\"@id\":\"https:\\\/\\\/www.uartes.edu.ec\\\/sitio\\\/en\\\/#organization\",\"name\":\"Universidad de las Artes\",\"url\":\"https:\\\/\\\/www.uartes.edu.ec\\\/sitio\\\/en\\\/\",\"logo\":{\"@type\":\"ImageObject\",\"inLanguage\":\"en-US\",\"@id\":\"https:\\\/\\\/www.uartes.edu.ec\\\/sitio\\\/en\\\/#\\\/schema\\\/logo\\\/image\\\/\",\"url\":\"https:\\\/\\\/www.uartes.edu.ec\\\/sitio\\\/wp-content\\\/uploads\\\/2022\\\/07\\\/logo-ua-horizontal.png\",\"contentUrl\":\"https:\\\/\\\/www.uartes.edu.ec\\\/sitio\\\/wp-content\\\/uploads\\\/2022\\\/07\\\/logo-ua-horizontal.png\",\"width\":800,\"height\":276,\"caption\":\"Universidad de las Artes\"},\"image\":{\"@id\":\"https:\\\/\\\/www.uartes.edu.ec\\\/sitio\\\/en\\\/#\\\/schema\\\/logo\\\/image\\\/\"},\"sameAs\":[\"https:\\\/\\\/www.facebook.com\\\/uartesec\",\"https:\\\/\\\/x.com\\\/uartesec\",\"https:\\\/\\\/www.tiktok.com\\\/@uartesec\"]},{\"@type\":\"Person\",\"@id\":\"https:\\\/\\\/www.uartes.edu.ec\\\/sitio\\\/en\\\/#\\\/schema\\\/person\\\/f33f8c1d2af0d5c80a38c8abf458184a\",\"name\":\"Universidad de las Artes\",\"image\":{\"@type\":\"ImageObject\",\"inLanguage\":\"en-US\",\"@id\":\"https:\\\/\\\/secure.gravatar.com\\\/avatar\\\/52e4757902f5cfa5ac52d020e5be83cae5487519154b6c35482fe08d589f3c13?s=96&d=mm&r=g\",\"url\":\"https:\\\/\\\/secure.gravatar.com\\\/avatar\\\/52e4757902f5cfa5ac52d020e5be83cae5487519154b6c35482fe08d589f3c13?s=96&d=mm&r=g\",\"contentUrl\":\"https:\\\/\\\/secure.gravatar.com\\\/avatar\\\/52e4757902f5cfa5ac52d020e5be83cae5487519154b6c35482fe08d589f3c13?s=96&d=mm&r=g\",\"caption\":\"Universidad de las Artes\"},\"url\":\"https:\\\/\\\/www.uartes.edu.ec\\\/sitio\\\/en\\\/blog\\\/author\\\/dircomadm\\\/\"}]}<\/script>\n<!-- \/ Yoast SEO plugin. -->","yoast_head_json":{"title":"Universidad de las Artes - Espectador y espacio teatral, Juan Carlos Haro analiza la relaci\u00f3n en po\u00e9tica de Augusto Boal","description":"Universidad de las Artes - Espectador y espacio teatral, Juan Carlos Haro analiza la relaci\u00f3n en po\u00e9tica de Augusto Boal","robots":{"index":"index","follow":"follow","max-snippet":"max-snippet:-1","max-image-preview":"max-image-preview:large","max-video-preview":"max-video-preview:-1"},"canonical":"https:\/\/www.uartes.edu.ec\/sitio\/en\/blog\/2020\/05\/17\/espectador-y-espacio-teatral-juan-carlos-haro-analiza-la-relacion-en-poetica-de-augusto-boal\/","og_locale":"en_US","og_type":"article","og_title":"Universidad de las Artes - Espectador y espacio teatral, Juan Carlos Haro analiza la relaci\u00f3n en po\u00e9tica de Augusto Boal","og_description":"Universidad de las Artes - Espectador y espacio teatral, Juan Carlos Haro analiza la relaci\u00f3n en po\u00e9tica de Augusto Boal","og_url":"https:\/\/www.uartes.edu.ec\/sitio\/en\/blog\/2020\/05\/17\/espectador-y-espacio-teatral-juan-carlos-haro-analiza-la-relacion-en-poetica-de-augusto-boal\/","og_site_name":"Universidad de las Artes","article_publisher":"https:\/\/www.facebook.com\/uartesec","article_published_time":"2020-05-17T14:50:09+00:00","article_modified_time":"2024-07-04T16:43:09+00:00","og_image":[{"width":2000,"height":1333,"url":"https:\/\/www.uartes.edu.ec\/sitio\/wp-content\/uploads\/2020\/05\/2OK.jpg","type":"image\/jpeg"}],"author":"Universidad de las Artes","twitter_card":"summary_large_image","twitter_creator":"@uartesec","twitter_site":"@uartesec","twitter_misc":{"Written by":"Universidad de las Artes","Est. reading time":"3 minutes"},"schema":{"@context":"https:\/\/schema.org","@graph":[{"@type":"Article","@id":"https:\/\/www.uartes.edu.ec\/sitio\/en\/blog\/2020\/05\/17\/espectador-y-espacio-teatral-juan-carlos-haro-analiza-la-relacion-en-poetica-de-augusto-boal\/#article","isPartOf":{"@id":"https:\/\/www.uartes.edu.ec\/sitio\/en\/blog\/2020\/05\/17\/espectador-y-espacio-teatral-juan-carlos-haro-analiza-la-relacion-en-poetica-de-augusto-boal\/"},"author":{"name":"Universidad de las Artes","@id":"https:\/\/www.uartes.edu.ec\/sitio\/en\/#\/schema\/person\/f33f8c1d2af0d5c80a38c8abf458184a"},"headline":"Espectador y espacio teatral, Juan Carlos Haro analiza la relaci\u00f3n en po\u00e9tica de Augusto Boal","datePublished":"2020-05-17T14:50:09+00:00","dateModified":"2024-07-04T16:43:09+00:00","mainEntityOfPage":{"@id":"https:\/\/www.uartes.edu.ec\/sitio\/en\/blog\/2020\/05\/17\/espectador-y-espacio-teatral-juan-carlos-haro-analiza-la-relacion-en-poetica-de-augusto-boal\/"},"wordCount":613,"publisher":{"@id":"https:\/\/www.uartes.edu.ec\/sitio\/en\/#organization"},"image":{"@id":"https:\/\/www.uartes.edu.ec\/sitio\/en\/blog\/2020\/05\/17\/espectador-y-espacio-teatral-juan-carlos-haro-analiza-la-relacion-en-poetica-de-augusto-boal\/#primaryimage"},"thumbnailUrl":"https:\/\/www.uartes.edu.ec\/sitio\/wp-content\/uploads\/2020\/05\/2OK.jpg","keywords":["covid19"],"articleSection":["Acad\u00e9mico","Artes Esc\u00e9nicas","Estudiantes"],"inLanguage":"en-US"},{"@type":["WebPage","ItemPage"],"@id":"https:\/\/www.uartes.edu.ec\/sitio\/en\/blog\/2020\/05\/17\/espectador-y-espacio-teatral-juan-carlos-haro-analiza-la-relacion-en-poetica-de-augusto-boal\/","url":"https:\/\/www.uartes.edu.ec\/sitio\/en\/blog\/2020\/05\/17\/espectador-y-espacio-teatral-juan-carlos-haro-analiza-la-relacion-en-poetica-de-augusto-boal\/","name":"Universidad de las Artes - Espectador y espacio teatral, Juan Carlos Haro analiza la relaci\u00f3n en po\u00e9tica de Augusto Boal","isPartOf":{"@id":"https:\/\/www.uartes.edu.ec\/sitio\/en\/#website"},"primaryImageOfPage":{"@id":"https:\/\/www.uartes.edu.ec\/sitio\/en\/blog\/2020\/05\/17\/espectador-y-espacio-teatral-juan-carlos-haro-analiza-la-relacion-en-poetica-de-augusto-boal\/#primaryimage"},"image":{"@id":"https:\/\/www.uartes.edu.ec\/sitio\/en\/blog\/2020\/05\/17\/espectador-y-espacio-teatral-juan-carlos-haro-analiza-la-relacion-en-poetica-de-augusto-boal\/#primaryimage"},"thumbnailUrl":"https:\/\/www.uartes.edu.ec\/sitio\/wp-content\/uploads\/2020\/05\/2OK.jpg","datePublished":"2020-05-17T14:50:09+00:00","dateModified":"2024-07-04T16:43:09+00:00","description":"Universidad de las Artes - Espectador y espacio teatral, Juan Carlos Haro analiza la relaci\u00f3n en po\u00e9tica de Augusto Boal","breadcrumb":{"@id":"https:\/\/www.uartes.edu.ec\/sitio\/en\/blog\/2020\/05\/17\/espectador-y-espacio-teatral-juan-carlos-haro-analiza-la-relacion-en-poetica-de-augusto-boal\/#breadcrumb"},"inLanguage":"en-US","potentialAction":[{"@type":"ReadAction","target":["https:\/\/www.uartes.edu.ec\/sitio\/en\/blog\/2020\/05\/17\/espectador-y-espacio-teatral-juan-carlos-haro-analiza-la-relacion-en-poetica-de-augusto-boal\/"]}]},{"@type":"ImageObject","inLanguage":"en-US","@id":"https:\/\/www.uartes.edu.ec\/sitio\/en\/blog\/2020\/05\/17\/espectador-y-espacio-teatral-juan-carlos-haro-analiza-la-relacion-en-poetica-de-augusto-boal\/#primaryimage","url":"https:\/\/www.uartes.edu.ec\/sitio\/wp-content\/uploads\/2020\/05\/2OK.jpg","contentUrl":"https:\/\/www.uartes.edu.ec\/sitio\/wp-content\/uploads\/2020\/05\/2OK.jpg","width":2000,"height":1333},{"@type":"BreadcrumbList","@id":"https:\/\/www.uartes.edu.ec\/sitio\/en\/blog\/2020\/05\/17\/espectador-y-espacio-teatral-juan-carlos-haro-analiza-la-relacion-en-poetica-de-augusto-boal\/#breadcrumb","itemListElement":[{"@type":"ListItem","position":1,"name":"Inicio","item":"https:\/\/www.uartes.edu.ec\/sitio\/"},{"@type":"ListItem","position":2,"name":"Espectador y espacio teatral, Juan Carlos Haro analiza la relaci\u00f3n en po\u00e9tica de Augusto Boal"}]},{"@type":"WebSite","@id":"https:\/\/www.uartes.edu.ec\/sitio\/en\/#website","url":"https:\/\/www.uartes.edu.ec\/sitio\/en\/","name":"Universidad de las Artes","description":"Sitio oficial de la Universidad Nacional de las Artes del Ecuador","publisher":{"@id":"https:\/\/www.uartes.edu.ec\/sitio\/en\/#organization"},"potentialAction":[{"@type":"SearchAction","target":{"@type":"EntryPoint","urlTemplate":"https:\/\/www.uartes.edu.ec\/sitio\/en\/?s={search_term_string}"},"query-input":{"@type":"PropertyValueSpecification","valueRequired":true,"valueName":"search_term_string"}}],"inLanguage":"en-US"},{"@type":"Organization","@id":"https:\/\/www.uartes.edu.ec\/sitio\/en\/#organization","name":"Universidad de las Artes","url":"https:\/\/www.uartes.edu.ec\/sitio\/en\/","logo":{"@type":"ImageObject","inLanguage":"en-US","@id":"https:\/\/www.uartes.edu.ec\/sitio\/en\/#\/schema\/logo\/image\/","url":"https:\/\/www.uartes.edu.ec\/sitio\/wp-content\/uploads\/2022\/07\/logo-ua-horizontal.png","contentUrl":"https:\/\/www.uartes.edu.ec\/sitio\/wp-content\/uploads\/2022\/07\/logo-ua-horizontal.png","width":800,"height":276,"caption":"Universidad de las Artes"},"image":{"@id":"https:\/\/www.uartes.edu.ec\/sitio\/en\/#\/schema\/logo\/image\/"},"sameAs":["https:\/\/www.facebook.com\/uartesec","https:\/\/x.com\/uartesec","https:\/\/www.tiktok.com\/@uartesec"]},{"@type":"Person","@id":"https:\/\/www.uartes.edu.ec\/sitio\/en\/#\/schema\/person\/f33f8c1d2af0d5c80a38c8abf458184a","name":"Universidad de las Artes","image":{"@type":"ImageObject","inLanguage":"en-US","@id":"https:\/\/secure.gravatar.com\/avatar\/52e4757902f5cfa5ac52d020e5be83cae5487519154b6c35482fe08d589f3c13?s=96&d=mm&r=g","url":"https:\/\/secure.gravatar.com\/avatar\/52e4757902f5cfa5ac52d020e5be83cae5487519154b6c35482fe08d589f3c13?s=96&d=mm&r=g","contentUrl":"https:\/\/secure.gravatar.com\/avatar\/52e4757902f5cfa5ac52d020e5be83cae5487519154b6c35482fe08d589f3c13?s=96&d=mm&r=g","caption":"Universidad de las Artes"},"url":"https:\/\/www.uartes.edu.ec\/sitio\/en\/blog\/author\/dircomadm\/"}]}},"uagb_featured_image_src":{"full":["https:\/\/www.uartes.edu.ec\/sitio\/wp-content\/uploads\/2020\/05\/2OK.jpg",2000,1333,false],"thumbnail":["https:\/\/www.uartes.edu.ec\/sitio\/wp-content\/uploads\/2020\/05\/2OK-150x150.jpg",150,150,true],"medium":["https:\/\/www.uartes.edu.ec\/sitio\/wp-content\/uploads\/2020\/05\/2OK-300x200.jpg",300,200,true],"medium_large":["https:\/\/www.uartes.edu.ec\/sitio\/wp-content\/uploads\/2020\/05\/2OK-768x512.jpg",768,512,true],"large":["https:\/\/www.uartes.edu.ec\/sitio\/wp-content\/uploads\/2020\/05\/2OK-644x429.jpg",644,429,true],"1536x1536":["https:\/\/www.uartes.edu.ec\/sitio\/wp-content\/uploads\/2020\/05\/2OK-1536x1024.jpg",1536,1024,true],"2048x2048":["https:\/\/www.uartes.edu.ec\/sitio\/wp-content\/uploads\/2020\/05\/2OK.jpg",2000,1333,false],"trp-custom-language-flag":["https:\/\/www.uartes.edu.ec\/sitio\/wp-content\/uploads\/2020\/05\/2OK.jpg",18,12,false],"htmega_size_585x295":["https:\/\/www.uartes.edu.ec\/sitio\/wp-content\/uploads\/2020\/05\/2OK.jpg",443,295,false],"htmega_size_1170x536":["https:\/\/www.uartes.edu.ec\/sitio\/wp-content\/uploads\/2020\/05\/2OK.jpg",804,536,false],"htmega_size_396x360":["https:\/\/www.uartes.edu.ec\/sitio\/wp-content\/uploads\/2020\/05\/2OK.jpg",396,264,false],"gb-block-post-grid-landscape":["https:\/\/www.uartes.edu.ec\/sitio\/wp-content\/uploads\/2020\/05\/2OK.jpg",600,400,false],"gb-block-post-grid-square":["https:\/\/www.uartes.edu.ec\/sitio\/wp-content\/uploads\/2020\/05\/2OK.jpg",600,400,false],"university-hub-thumb":["https:\/\/www.uartes.edu.ec\/sitio\/wp-content\/uploads\/2020\/05\/2OK-400x267.jpg",400,267,true]},"uagb_author_info":{"display_name":"Universidad de las Artes","author_link":"https:\/\/www.uartes.edu.ec\/sitio\/en\/blog\/author\/dircomadm\/"},"uagb_comment_info":0,"uagb_excerpt":"Ante el tribunal de defensa de tesis \u2013integrado por los docentes Marcelo Leyton, tutor; Lorena Toro y Pedro Jos\u00e9 Mujica\u2013, el estudiante Juan Carlos Haro Torres sustent\u00f3 el 29 de abril v\u00eda videoconferencia su trabajo final previo a la obtenci\u00f3n de la licenciatura en la carrera de Creaci\u00f3n Teatral.","featured_image_src":"https:\/\/www.uartes.edu.ec\/sitio\/wp-content\/uploads\/2020\/05\/2OK.jpg","featured_image_src_square":"https:\/\/www.uartes.edu.ec\/sitio\/wp-content\/uploads\/2020\/05\/2OK.jpg","author_info":{"display_name":"Universidad de las Artes","author_link":"https:\/\/www.uartes.edu.ec\/sitio\/en\/blog\/author\/dircomadm\/"},"publishpress_future_workflow_manual_trigger":{"enabledWorkflows":[]},"distributor_meta":false,"distributor_terms":false,"distributor_media":false,"distributor_original_site_name":"Universidad de las Artes","distributor_original_site_url":"https:\/\/www.uartes.edu.ec\/sitio\/en","push-errors":false,"_links":{"self":[{"href":"https:\/\/www.uartes.edu.ec\/sitio\/en\/wp-json\/wp\/v2\/posts\/7041","targetHints":{"allow":["GET"]}}],"collection":[{"href":"https:\/\/www.uartes.edu.ec\/sitio\/en\/wp-json\/wp\/v2\/posts"}],"about":[{"href":"https:\/\/www.uartes.edu.ec\/sitio\/en\/wp-json\/wp\/v2\/types\/post"}],"author":[{"embeddable":true,"href":"https:\/\/www.uartes.edu.ec\/sitio\/en\/wp-json\/wp\/v2\/users\/1"}],"replies":[{"embeddable":true,"href":"https:\/\/www.uartes.edu.ec\/sitio\/en\/wp-json\/wp\/v2\/comments?post=7041"}],"version-history":[{"count":2,"href":"https:\/\/www.uartes.edu.ec\/sitio\/en\/wp-json\/wp\/v2\/posts\/7041\/revisions"}],"predecessor-version":[{"id":57623,"href":"https:\/\/www.uartes.edu.ec\/sitio\/en\/wp-json\/wp\/v2\/posts\/7041\/revisions\/57623"}],"wp:featuredmedia":[{"embeddable":true,"href":"https:\/\/www.uartes.edu.ec\/sitio\/en\/wp-json\/wp\/v2\/media\/7042"}],"wp:attachment":[{"href":"https:\/\/www.uartes.edu.ec\/sitio\/en\/wp-json\/wp\/v2\/media?parent=7041"}],"wp:term":[{"taxonomy":"category","embeddable":true,"href":"https:\/\/www.uartes.edu.ec\/sitio\/en\/wp-json\/wp\/v2\/categories?post=7041"},{"taxonomy":"post_tag","embeddable":true,"href":"https:\/\/www.uartes.edu.ec\/sitio\/en\/wp-json\/wp\/v2\/tags?post=7041"},{"taxonomy":"infouartes","embeddable":true,"href":"https:\/\/www.uartes.edu.ec\/sitio\/en\/wp-json\/wp\/v2\/infouartes?post=7041"}],"curies":[{"name":"wp","href":"https:\/\/api.w.org\/{rel}","templated":true}]}}