{"id":70439,"date":"2025-04-11T09:20:50","date_gmt":"2025-04-11T14:20:50","guid":{"rendered":"https:\/\/www.uartes.edu.ec\/sitio\/?p=70439"},"modified":"2025-04-11T09:24:02","modified_gmt":"2025-04-11T14:24:02","slug":"en-este-2025-el-sbu-fest-uartes-sera-semestral-y-tendra-nuevos-campeonatos-para-integrar-a-la-comunidad","status":"publish","type":"post","link":"https:\/\/www.uartes.edu.ec\/sitio\/en\/blog\/2025\/04\/11\/en-este-2025-el-sbu-fest-uartes-sera-semestral-y-tendra-nuevos-campeonatos-para-integrar-a-la-comunidad\/","title":{"rendered":"En este 2025, el SBU FEST UArtes ser\u00e1 semestral y tendr\u00e1 nuevos campeonatos para mayor integraci\u00f3n de la comunidad"},"content":{"rendered":"<p>Tras la gran acogida y el enorme respaldo que la comunidad de la Universidad de las Artes dio a la primera edici\u00f3n del SBU FEST, efectuada el a\u00f1o pasado, la Secretar\u00eda de Bienestar Universitario (SBU) ha organizado para este 2025 una nueva entrega con algunas novedades. Y es que, en aras de seguir fortaleciendo la integraci\u00f3n mediante actividades l\u00fadicas, art\u00edsticas y deportivas, su realizaci\u00f3n ser\u00e1 semestral.<\/p>\n\n\n\n<p>Para el SBU FEST IS-2025 ya se ha hecho eco, mediante correos electr\u00f3nicos, de los campeonatos de ajedrez, baloncesto 3&#215;3, ecuav\u00f3ley, videojuegos y tenis de mesa (ping-pong) que tendr\u00e1n lugar a partir del pr\u00f3ximo 21 de abril. &nbsp;<\/p>\n\n\n\n<p>A participar est\u00e1n invitados todos quienes conforman la Universidad&nbsp;de&nbsp;las Artes: estudiantes, personal acad\u00e9mico, personal&nbsp;de&nbsp;apoyo acad\u00e9mico y personal administrativo. El correo en el que se motiva a intervenir en cada uno de los campeonatos propuestos tiene informaci\u00f3n completa e indica tambi\u00e9n lo que hay que hacer para tomar parte.<\/p>\n\n\n\n<p>Todas las actividades parten de un principio b\u00e1sico: tejer la pr\u00e1ctica deportiva como un espacio de encuentro, recreaci\u00f3n y fortalecimiento del esp\u00edritu de equipo. Los objetivos son tambi\u00e9n coincidentes: fomentar la integraci\u00f3n dentro de la comunidad universitaria; promover la pr\u00e1ctica deportiva en diferentes disciplinas; y captar la importancia del deporte y la actividad f\u00edsica para funci\u00f3n del ser humano. Hay un calendario con fechas de las eliminatorias, semifinal y final; qui\u00e9nes y c\u00f3mo participar; los premios; y la organizaci\u00f3n y log\u00edstica.<\/p>\n\n\n\n<p>Acorde al calendario del SBU FEST IS-2025, el lunes 21 y martes 22 de abril&nbsp;tendr\u00e1 lugar de 08:00 a 10:30 el campeonato de videojuegos en el Project Room (primer piso del MZ14).<\/p>\n\n\n\n<p>El mi\u00e9rcoles 23, jueves 24 y viernes 25, en el Pasaje Illingworth del antiguo Palacio de la Gobernaci\u00f3n, nuestra sede matriz, se desarrollar\u00e1 de 12:00 a 14:00 los campeonatos de ajedrez, tenis de mesa (ping-pong) y b\u00e1squet 3&#215;3.<\/p>\n\n\n\n<p>Igualmente, el jueves 24 y viernes 25, de 17:00 a 18:00, en la cancha multifunci\u00f3n ubicada en la terraza del edificio T\u00e1bara, se efectuar\u00e1 el campeonato de ecuav\u00f3ley.<\/p>\n\n\n\n<p>El mi\u00e9rcoles 30 de abril, de 12:00 a 14:00, se desarrollar\u00e1n las finales de todos los campeonatos deportivos en el Pasaje Illingworth de la Gobernaci\u00f3n. En esta misma sede, matriz de la UArtes, se har\u00e1 el 1 de mayo, de 12:00 a 13:00, la ceremonia de clausura y premiaci\u00f3n del SBU FEST IS-2025.<\/p>\n\n\n\n<p>De todos los campeonatos, el de tenis de mesa (ping-pong) ya estuvo en la agenda del primer SBU FEST, los otros se realizan por primera vez. De all\u00ed que desde la Secretar\u00eda de Bienestar Universitario se ha generado para cada actividad un link con los formularios de inscripci\u00f3n y con todas las indicaciones de lo que se deber\u00e1 hacer.<\/p>\n\n\n\n<p>Campeonato de baloncesto 3&#215;3: <a href=\"https:\/\/forms.office.com\/r\/PqmPupEGt3?origin=lprLink\">https:\/\/forms.office.com\/r\/PqmPupEGt3?origin=lprLink<\/a><\/p>\n\n\n\n<p>Campeonato de ecuav\u00f3ley:<br><a href=\"https:\/\/forms.office.com\/r\/KhMdCkBpw2?origin=lprLink\">https:\/\/forms.office.com\/r\/KhMdCkBpw2?origin=lprLink<\/a><\/p>\n\n\n\n<p>Campeonato de videojuegos:<br><a href=\"https:\/\/forms.office.com\/r\/P9CCzhMPd5?origin=lprLink\">https:\/\/forms.office.com\/r\/P9CCzhMPd5?origin=lprLink<\/a><\/p>\n\n\n\n<p>Torneo de ajedrez: la inscripci\u00f3n tiene dos pasos. El primero es responder un cuestionario que permitir\u00e1 evaluar los conocimientos b\u00e1sicos al respecto:<br><a href=\"https:\/\/forms.office.com\/r\/m6UPqNgg5i?origin=lprLink\">https:\/\/forms.office.com\/r\/m6UPqNgg5i?origin=lprLink<\/a><br>El segundo es que, una vez aprobado el cuestionario, se procede a la inscripci\u00f3n: <a href=\"https:\/\/forms.office.com\/r\/kb98gLAwbc?origin=lprLink\" target=\"_blank\" rel=\"noreferrer noopener\">https:\/\/forms.office.com\/r\/kb98gLAwbc?origin=lprLink<\/a><\/p>\n\n\n\n<p>Tenis de mesa (ping-pong): la propuesta cuenta incluso con su club. Las bases para participar en el torneo e inscripci\u00f3n aqu\u00ed: <a href=\"https:\/\/forms.office.com\/r\/BhPA0cgT9b?origin=lprLink\">https:\/\/forms.office.com\/r\/BhPA0cgT9b?origin=lprLink<\/a><\/p>\n\n\n\n<p>Vale anotar tambi\u00e9n que la Secretar\u00eda de Bienestar Universitario ha organizado para los d\u00edas mi\u00e9rcoles 23, jueves 24 y viernes 25 de abril una feria de emprendimientos en la que pueden aplicar estudiantes, docentes, personal de apoyo acad\u00e9mico y administrativos. Aqu\u00ed el formulario: <a href=\"https:\/\/forms.office.com\/r\/D4JpshJqJS?origin=lprLink\">https:\/\/forms.office.com\/r\/D4JpshJqJS?origin=lprLink<\/a><\/p>","protected":false},"excerpt":{"rendered":"<p>Tras la gran acogida y respaldo que la comunidad de la Universidad de las Artes dio a la primera edici\u00f3n del SBU FEST, efectuada el a\u00f1o pasado, la Secretar\u00eda de Bienestar Universitario (SBU) ha organizado para este 2025 una nueva entrega con algunas novedades. Y es que, en aras de seguir fortaleciendo la integraci\u00f3n mediante actividades l\u00fadicas, art\u00edsticas y deportivas, su realizaci\u00f3n ser\u00e1 semestral. <\/p>","protected":false},"author":10,"featured_media":70440,"comment_status":"open","ping_status":"open","sticky":false,"template":"","format":"standard","meta":{"_acf_changed":false,"_uag_custom_page_level_css":"","_monsterinsights_skip_tracking":false,"_monsterinsights_sitenote_active":false,"_monsterinsights_sitenote_note":"","_monsterinsights_sitenote_category":0,"cybocfi_hide_featured_image":"","footnotes":""},"categories":[438,159,150,157,265,147,75,76,77,175],"tags":[1217],"infouartes":[],"class_list":["post-70439","post","type-post","status-publish","format-standard","has-post-thumbnail","hentry","category-administrativos","category-artes-escenicas","category-artes-sonoras","category-artes-visuales","category-bienestar-universitario","category-cine","category-docentes","category-estudiantes","category-gestion","category-literatura","tag-integracion"],"acf":[],"yoast_head":"<!-- This site is optimized with the Yoast SEO plugin v27.4 - https:\/\/yoast.com\/product\/yoast-seo-wordpress\/ -->\n<title>Universidad de las Artes - En este 2025, el SBU FEST UArtes ser\u00e1 semestral y tendr\u00e1 nuevos campeonatos para mayor integraci\u00f3n de la comunidad<\/title>\n<meta name=\"description\" content=\"Universidad de las Artes - En este 2025, el SBU FEST UArtes ser\u00e1 semestral y tendr\u00e1 nuevos campeonatos para mayor integraci\u00f3n de la comunidad\" \/>\n<meta name=\"robots\" content=\"index, follow, max-snippet:-1, max-image-preview:large, max-video-preview:-1\" \/>\n<link rel=\"canonical\" href=\"https:\/\/www.uartes.edu.ec\/sitio\/en\/blog\/2025\/04\/11\/en-este-2025-el-sbu-fest-uartes-sera-semestral-y-tendra-nuevos-campeonatos-para-integrar-a-la-comunidad\/\" \/>\n<meta property=\"og:locale\" content=\"en_US\" \/>\n<meta property=\"og:type\" content=\"article\" \/>\n<meta property=\"og:title\" content=\"Universidad de las Artes - En este 2025, el SBU FEST UArtes ser\u00e1 semestral y tendr\u00e1 nuevos campeonatos para mayor integraci\u00f3n de la comunidad\" \/>\n<meta property=\"og:description\" content=\"Universidad de las Artes - En este 2025, el SBU FEST UArtes ser\u00e1 semestral y tendr\u00e1 nuevos campeonatos para mayor integraci\u00f3n de la comunidad\" \/>\n<meta property=\"og:url\" content=\"https:\/\/www.uartes.edu.ec\/sitio\/en\/blog\/2025\/04\/11\/en-este-2025-el-sbu-fest-uartes-sera-semestral-y-tendra-nuevos-campeonatos-para-integrar-a-la-comunidad\/\" \/>\n<meta property=\"og:site_name\" content=\"Universidad de las Artes\" \/>\n<meta property=\"article:publisher\" content=\"https:\/\/www.facebook.com\/uartesec\" \/>\n<meta property=\"article:published_time\" content=\"2025-04-11T14:20:50+00:00\" \/>\n<meta property=\"article:modified_time\" content=\"2025-04-11T14:24:02+00:00\" \/>\n<meta property=\"og:image\" content=\"https:\/\/www.uartes.edu.ec\/sitio\/wp-content\/uploads\/2025\/04\/01-tenis-de-mesa-web.jpg\" \/>\n\t<meta property=\"og:image:width\" content=\"2000\" \/>\n\t<meta property=\"og:image:height\" content=\"1333\" \/>\n\t<meta property=\"og:image:type\" content=\"image\/jpeg\" \/>\n<meta name=\"author\" content=\"ccortez\" \/>\n<meta name=\"twitter:card\" content=\"summary_large_image\" \/>\n<meta name=\"twitter:creator\" content=\"@uartesec\" \/>\n<meta name=\"twitter:site\" content=\"@uartesec\" \/>\n<meta name=\"twitter:label1\" content=\"Written by\" \/>\n\t<meta name=\"twitter:data1\" content=\"ccortez\" \/>\n\t<meta name=\"twitter:label2\" content=\"Est. reading time\" \/>\n\t<meta name=\"twitter:data2\" content=\"3 minutes\" \/>\n<script type=\"application\/ld+json\" class=\"yoast-schema-graph\">{\"@context\":\"https:\\\/\\\/schema.org\",\"@graph\":[{\"@type\":\"Article\",\"@id\":\"https:\\\/\\\/www.uartes.edu.ec\\\/sitio\\\/en\\\/blog\\\/2025\\\/04\\\/11\\\/en-este-2025-el-sbu-fest-uartes-sera-semestral-y-tendra-nuevos-campeonatos-para-integrar-a-la-comunidad\\\/#article\",\"isPartOf\":{\"@id\":\"https:\\\/\\\/www.uartes.edu.ec\\\/sitio\\\/en\\\/blog\\\/2025\\\/04\\\/11\\\/en-este-2025-el-sbu-fest-uartes-sera-semestral-y-tendra-nuevos-campeonatos-para-integrar-a-la-comunidad\\\/\"},\"author\":{\"name\":\"ccortez\",\"@id\":\"https:\\\/\\\/www.uartes.edu.ec\\\/sitio\\\/en\\\/#\\\/schema\\\/person\\\/efa1b8275797664fd7f13a79ccc0b1f4\"},\"headline\":\"En este 2025, el SBU FEST UArtes ser\u00e1 semestral y tendr\u00e1 nuevos campeonatos para mayor integraci\u00f3n de la comunidad\",\"datePublished\":\"2025-04-11T14:20:50+00:00\",\"dateModified\":\"2025-04-11T14:24:02+00:00\",\"mainEntityOfPage\":{\"@id\":\"https:\\\/\\\/www.uartes.edu.ec\\\/sitio\\\/en\\\/blog\\\/2025\\\/04\\\/11\\\/en-este-2025-el-sbu-fest-uartes-sera-semestral-y-tendra-nuevos-campeonatos-para-integrar-a-la-comunidad\\\/\"},\"wordCount\":672,\"commentCount\":0,\"publisher\":{\"@id\":\"https:\\\/\\\/www.uartes.edu.ec\\\/sitio\\\/en\\\/#organization\"},\"image\":{\"@id\":\"https:\\\/\\\/www.uartes.edu.ec\\\/sitio\\\/en\\\/blog\\\/2025\\\/04\\\/11\\\/en-este-2025-el-sbu-fest-uartes-sera-semestral-y-tendra-nuevos-campeonatos-para-integrar-a-la-comunidad\\\/#primaryimage\"},\"thumbnailUrl\":\"https:\\\/\\\/www.uartes.edu.ec\\\/sitio\\\/wp-content\\\/uploads\\\/2025\\\/04\\\/01-tenis-de-mesa-web.jpg\",\"keywords\":[\"integraci\u00f3n\"],\"articleSection\":[\"Administrativos\",\"Artes Esc\u00e9nicas\",\"Artes Sonoras\",\"Artes Visuales\",\"Bienestar Universitario\",\"Cine\",\"Docentes\",\"Estudiantes\",\"Gesti\u00f3n\",\"Literatura\"],\"inLanguage\":\"en-US\",\"potentialAction\":[{\"@type\":\"CommentAction\",\"name\":\"Comment\",\"target\":[\"https:\\\/\\\/www.uartes.edu.ec\\\/sitio\\\/en\\\/blog\\\/2025\\\/04\\\/11\\\/en-este-2025-el-sbu-fest-uartes-sera-semestral-y-tendra-nuevos-campeonatos-para-integrar-a-la-comunidad\\\/#respond\"]}]},{\"@type\":[\"WebPage\",\"ItemPage\"],\"@id\":\"https:\\\/\\\/www.uartes.edu.ec\\\/sitio\\\/en\\\/blog\\\/2025\\\/04\\\/11\\\/en-este-2025-el-sbu-fest-uartes-sera-semestral-y-tendra-nuevos-campeonatos-para-integrar-a-la-comunidad\\\/\",\"url\":\"https:\\\/\\\/www.uartes.edu.ec\\\/sitio\\\/en\\\/blog\\\/2025\\\/04\\\/11\\\/en-este-2025-el-sbu-fest-uartes-sera-semestral-y-tendra-nuevos-campeonatos-para-integrar-a-la-comunidad\\\/\",\"name\":\"Universidad de las Artes - En este 2025, el SBU FEST UArtes ser\u00e1 semestral y tendr\u00e1 nuevos campeonatos para mayor integraci\u00f3n de la comunidad\",\"isPartOf\":{\"@id\":\"https:\\\/\\\/www.uartes.edu.ec\\\/sitio\\\/en\\\/#website\"},\"primaryImageOfPage\":{\"@id\":\"https:\\\/\\\/www.uartes.edu.ec\\\/sitio\\\/en\\\/blog\\\/2025\\\/04\\\/11\\\/en-este-2025-el-sbu-fest-uartes-sera-semestral-y-tendra-nuevos-campeonatos-para-integrar-a-la-comunidad\\\/#primaryimage\"},\"image\":{\"@id\":\"https:\\\/\\\/www.uartes.edu.ec\\\/sitio\\\/en\\\/blog\\\/2025\\\/04\\\/11\\\/en-este-2025-el-sbu-fest-uartes-sera-semestral-y-tendra-nuevos-campeonatos-para-integrar-a-la-comunidad\\\/#primaryimage\"},\"thumbnailUrl\":\"https:\\\/\\\/www.uartes.edu.ec\\\/sitio\\\/wp-content\\\/uploads\\\/2025\\\/04\\\/01-tenis-de-mesa-web.jpg\",\"datePublished\":\"2025-04-11T14:20:50+00:00\",\"dateModified\":\"2025-04-11T14:24:02+00:00\",\"description\":\"Universidad de las Artes - En este 2025, el SBU FEST UArtes ser\u00e1 semestral y tendr\u00e1 nuevos campeonatos para mayor integraci\u00f3n de la comunidad\",\"breadcrumb\":{\"@id\":\"https:\\\/\\\/www.uartes.edu.ec\\\/sitio\\\/en\\\/blog\\\/2025\\\/04\\\/11\\\/en-este-2025-el-sbu-fest-uartes-sera-semestral-y-tendra-nuevos-campeonatos-para-integrar-a-la-comunidad\\\/#breadcrumb\"},\"inLanguage\":\"en-US\",\"potentialAction\":[{\"@type\":\"ReadAction\",\"target\":[\"https:\\\/\\\/www.uartes.edu.ec\\\/sitio\\\/en\\\/blog\\\/2025\\\/04\\\/11\\\/en-este-2025-el-sbu-fest-uartes-sera-semestral-y-tendra-nuevos-campeonatos-para-integrar-a-la-comunidad\\\/\"]}]},{\"@type\":\"ImageObject\",\"inLanguage\":\"en-US\",\"@id\":\"https:\\\/\\\/www.uartes.edu.ec\\\/sitio\\\/en\\\/blog\\\/2025\\\/04\\\/11\\\/en-este-2025-el-sbu-fest-uartes-sera-semestral-y-tendra-nuevos-campeonatos-para-integrar-a-la-comunidad\\\/#primaryimage\",\"url\":\"https:\\\/\\\/www.uartes.edu.ec\\\/sitio\\\/wp-content\\\/uploads\\\/2025\\\/04\\\/01-tenis-de-mesa-web.jpg\",\"contentUrl\":\"https:\\\/\\\/www.uartes.edu.ec\\\/sitio\\\/wp-content\\\/uploads\\\/2025\\\/04\\\/01-tenis-de-mesa-web.jpg\",\"width\":2000,\"height\":1333},{\"@type\":\"BreadcrumbList\",\"@id\":\"https:\\\/\\\/www.uartes.edu.ec\\\/sitio\\\/en\\\/blog\\\/2025\\\/04\\\/11\\\/en-este-2025-el-sbu-fest-uartes-sera-semestral-y-tendra-nuevos-campeonatos-para-integrar-a-la-comunidad\\\/#breadcrumb\",\"itemListElement\":[{\"@type\":\"ListItem\",\"position\":1,\"name\":\"Inicio\",\"item\":\"https:\\\/\\\/www.uartes.edu.ec\\\/sitio\\\/\"},{\"@type\":\"ListItem\",\"position\":2,\"name\":\"En este 2025, el SBU FEST UArtes ser\u00e1 semestral y tendr\u00e1 nuevos campeonatos para mayor integraci\u00f3n de la comunidad\"}]},{\"@type\":\"WebSite\",\"@id\":\"https:\\\/\\\/www.uartes.edu.ec\\\/sitio\\\/en\\\/#website\",\"url\":\"https:\\\/\\\/www.uartes.edu.ec\\\/sitio\\\/en\\\/\",\"name\":\"Universidad de las Artes\",\"description\":\"Sitio oficial de la Universidad Nacional de las Artes del Ecuador\",\"publisher\":{\"@id\":\"https:\\\/\\\/www.uartes.edu.ec\\\/sitio\\\/en\\\/#organization\"},\"potentialAction\":[{\"@type\":\"SearchAction\",\"target\":{\"@type\":\"EntryPoint\",\"urlTemplate\":\"https:\\\/\\\/www.uartes.edu.ec\\\/sitio\\\/en\\\/?s={search_term_string}\"},\"query-input\":{\"@type\":\"PropertyValueSpecification\",\"valueRequired\":true,\"valueName\":\"search_term_string\"}}],\"inLanguage\":\"en-US\"},{\"@type\":\"Organization\",\"@id\":\"https:\\\/\\\/www.uartes.edu.ec\\\/sitio\\\/en\\\/#organization\",\"name\":\"Universidad de las Artes\",\"url\":\"https:\\\/\\\/www.uartes.edu.ec\\\/sitio\\\/en\\\/\",\"logo\":{\"@type\":\"ImageObject\",\"inLanguage\":\"en-US\",\"@id\":\"https:\\\/\\\/www.uartes.edu.ec\\\/sitio\\\/en\\\/#\\\/schema\\\/logo\\\/image\\\/\",\"url\":\"https:\\\/\\\/www.uartes.edu.ec\\\/sitio\\\/wp-content\\\/uploads\\\/2022\\\/07\\\/logo-ua-horizontal.png\",\"contentUrl\":\"https:\\\/\\\/www.uartes.edu.ec\\\/sitio\\\/wp-content\\\/uploads\\\/2022\\\/07\\\/logo-ua-horizontal.png\",\"width\":800,\"height\":276,\"caption\":\"Universidad de las Artes\"},\"image\":{\"@id\":\"https:\\\/\\\/www.uartes.edu.ec\\\/sitio\\\/en\\\/#\\\/schema\\\/logo\\\/image\\\/\"},\"sameAs\":[\"https:\\\/\\\/www.facebook.com\\\/uartesec\",\"https:\\\/\\\/x.com\\\/uartesec\",\"https:\\\/\\\/www.tiktok.com\\\/@uartesec\"]},{\"@type\":\"Person\",\"@id\":\"https:\\\/\\\/www.uartes.edu.ec\\\/sitio\\\/en\\\/#\\\/schema\\\/person\\\/efa1b8275797664fd7f13a79ccc0b1f4\",\"name\":\"ccortez\",\"image\":{\"@type\":\"ImageObject\",\"inLanguage\":\"en-US\",\"@id\":\"https:\\\/\\\/secure.gravatar.com\\\/avatar\\\/b2a6f664a3ae8e074346ef91775736c5ec479e637ecced6842de9dc98b5da9cd?s=96&d=mm&r=g\",\"url\":\"https:\\\/\\\/secure.gravatar.com\\\/avatar\\\/b2a6f664a3ae8e074346ef91775736c5ec479e637ecced6842de9dc98b5da9cd?s=96&d=mm&r=g\",\"contentUrl\":\"https:\\\/\\\/secure.gravatar.com\\\/avatar\\\/b2a6f664a3ae8e074346ef91775736c5ec479e637ecced6842de9dc98b5da9cd?s=96&d=mm&r=g\",\"caption\":\"ccortez\"},\"url\":\"https:\\\/\\\/www.uartes.edu.ec\\\/sitio\\\/en\\\/blog\\\/author\\\/ccortez\\\/\"}]}<\/script>\n<!-- \/ Yoast SEO plugin. -->","yoast_head_json":{"title":"Universidad de las Artes - En este 2025, el SBU FEST UArtes ser\u00e1 semestral y tendr\u00e1 nuevos campeonatos para mayor integraci\u00f3n de la comunidad","description":"Universidad de las Artes - En este 2025, el SBU FEST UArtes ser\u00e1 semestral y tendr\u00e1 nuevos campeonatos para mayor integraci\u00f3n de la comunidad","robots":{"index":"index","follow":"follow","max-snippet":"max-snippet:-1","max-image-preview":"max-image-preview:large","max-video-preview":"max-video-preview:-1"},"canonical":"https:\/\/www.uartes.edu.ec\/sitio\/en\/blog\/2025\/04\/11\/en-este-2025-el-sbu-fest-uartes-sera-semestral-y-tendra-nuevos-campeonatos-para-integrar-a-la-comunidad\/","og_locale":"en_US","og_type":"article","og_title":"Universidad de las Artes - En este 2025, el SBU FEST UArtes ser\u00e1 semestral y tendr\u00e1 nuevos campeonatos para mayor integraci\u00f3n de la comunidad","og_description":"Universidad de las Artes - En este 2025, el SBU FEST UArtes ser\u00e1 semestral y tendr\u00e1 nuevos campeonatos para mayor integraci\u00f3n de la comunidad","og_url":"https:\/\/www.uartes.edu.ec\/sitio\/en\/blog\/2025\/04\/11\/en-este-2025-el-sbu-fest-uartes-sera-semestral-y-tendra-nuevos-campeonatos-para-integrar-a-la-comunidad\/","og_site_name":"Universidad de las Artes","article_publisher":"https:\/\/www.facebook.com\/uartesec","article_published_time":"2025-04-11T14:20:50+00:00","article_modified_time":"2025-04-11T14:24:02+00:00","og_image":[{"width":2000,"height":1333,"url":"https:\/\/www.uartes.edu.ec\/sitio\/wp-content\/uploads\/2025\/04\/01-tenis-de-mesa-web.jpg","type":"image\/jpeg"}],"author":"ccortez","twitter_card":"summary_large_image","twitter_creator":"@uartesec","twitter_site":"@uartesec","twitter_misc":{"Written by":"ccortez","Est. reading time":"3 minutes"},"schema":{"@context":"https:\/\/schema.org","@graph":[{"@type":"Article","@id":"https:\/\/www.uartes.edu.ec\/sitio\/en\/blog\/2025\/04\/11\/en-este-2025-el-sbu-fest-uartes-sera-semestral-y-tendra-nuevos-campeonatos-para-integrar-a-la-comunidad\/#article","isPartOf":{"@id":"https:\/\/www.uartes.edu.ec\/sitio\/en\/blog\/2025\/04\/11\/en-este-2025-el-sbu-fest-uartes-sera-semestral-y-tendra-nuevos-campeonatos-para-integrar-a-la-comunidad\/"},"author":{"name":"ccortez","@id":"https:\/\/www.uartes.edu.ec\/sitio\/en\/#\/schema\/person\/efa1b8275797664fd7f13a79ccc0b1f4"},"headline":"En este 2025, el SBU FEST UArtes ser\u00e1 semestral y tendr\u00e1 nuevos campeonatos para mayor integraci\u00f3n de la comunidad","datePublished":"2025-04-11T14:20:50+00:00","dateModified":"2025-04-11T14:24:02+00:00","mainEntityOfPage":{"@id":"https:\/\/www.uartes.edu.ec\/sitio\/en\/blog\/2025\/04\/11\/en-este-2025-el-sbu-fest-uartes-sera-semestral-y-tendra-nuevos-campeonatos-para-integrar-a-la-comunidad\/"},"wordCount":672,"commentCount":0,"publisher":{"@id":"https:\/\/www.uartes.edu.ec\/sitio\/en\/#organization"},"image":{"@id":"https:\/\/www.uartes.edu.ec\/sitio\/en\/blog\/2025\/04\/11\/en-este-2025-el-sbu-fest-uartes-sera-semestral-y-tendra-nuevos-campeonatos-para-integrar-a-la-comunidad\/#primaryimage"},"thumbnailUrl":"https:\/\/www.uartes.edu.ec\/sitio\/wp-content\/uploads\/2025\/04\/01-tenis-de-mesa-web.jpg","keywords":["integraci\u00f3n"],"articleSection":["Administrativos","Artes Esc\u00e9nicas","Artes Sonoras","Artes Visuales","Bienestar Universitario","Cine","Docentes","Estudiantes","Gesti\u00f3n","Literatura"],"inLanguage":"en-US","potentialAction":[{"@type":"CommentAction","name":"Comment","target":["https:\/\/www.uartes.edu.ec\/sitio\/en\/blog\/2025\/04\/11\/en-este-2025-el-sbu-fest-uartes-sera-semestral-y-tendra-nuevos-campeonatos-para-integrar-a-la-comunidad\/#respond"]}]},{"@type":["WebPage","ItemPage"],"@id":"https:\/\/www.uartes.edu.ec\/sitio\/en\/blog\/2025\/04\/11\/en-este-2025-el-sbu-fest-uartes-sera-semestral-y-tendra-nuevos-campeonatos-para-integrar-a-la-comunidad\/","url":"https:\/\/www.uartes.edu.ec\/sitio\/en\/blog\/2025\/04\/11\/en-este-2025-el-sbu-fest-uartes-sera-semestral-y-tendra-nuevos-campeonatos-para-integrar-a-la-comunidad\/","name":"Universidad de las Artes - En este 2025, el SBU FEST UArtes ser\u00e1 semestral y tendr\u00e1 nuevos campeonatos para mayor integraci\u00f3n de la comunidad","isPartOf":{"@id":"https:\/\/www.uartes.edu.ec\/sitio\/en\/#website"},"primaryImageOfPage":{"@id":"https:\/\/www.uartes.edu.ec\/sitio\/en\/blog\/2025\/04\/11\/en-este-2025-el-sbu-fest-uartes-sera-semestral-y-tendra-nuevos-campeonatos-para-integrar-a-la-comunidad\/#primaryimage"},"image":{"@id":"https:\/\/www.uartes.edu.ec\/sitio\/en\/blog\/2025\/04\/11\/en-este-2025-el-sbu-fest-uartes-sera-semestral-y-tendra-nuevos-campeonatos-para-integrar-a-la-comunidad\/#primaryimage"},"thumbnailUrl":"https:\/\/www.uartes.edu.ec\/sitio\/wp-content\/uploads\/2025\/04\/01-tenis-de-mesa-web.jpg","datePublished":"2025-04-11T14:20:50+00:00","dateModified":"2025-04-11T14:24:02+00:00","description":"Universidad de las Artes - En este 2025, el SBU FEST UArtes ser\u00e1 semestral y tendr\u00e1 nuevos campeonatos para mayor integraci\u00f3n de la comunidad","breadcrumb":{"@id":"https:\/\/www.uartes.edu.ec\/sitio\/en\/blog\/2025\/04\/11\/en-este-2025-el-sbu-fest-uartes-sera-semestral-y-tendra-nuevos-campeonatos-para-integrar-a-la-comunidad\/#breadcrumb"},"inLanguage":"en-US","potentialAction":[{"@type":"ReadAction","target":["https:\/\/www.uartes.edu.ec\/sitio\/en\/blog\/2025\/04\/11\/en-este-2025-el-sbu-fest-uartes-sera-semestral-y-tendra-nuevos-campeonatos-para-integrar-a-la-comunidad\/"]}]},{"@type":"ImageObject","inLanguage":"en-US","@id":"https:\/\/www.uartes.edu.ec\/sitio\/en\/blog\/2025\/04\/11\/en-este-2025-el-sbu-fest-uartes-sera-semestral-y-tendra-nuevos-campeonatos-para-integrar-a-la-comunidad\/#primaryimage","url":"https:\/\/www.uartes.edu.ec\/sitio\/wp-content\/uploads\/2025\/04\/01-tenis-de-mesa-web.jpg","contentUrl":"https:\/\/www.uartes.edu.ec\/sitio\/wp-content\/uploads\/2025\/04\/01-tenis-de-mesa-web.jpg","width":2000,"height":1333},{"@type":"BreadcrumbList","@id":"https:\/\/www.uartes.edu.ec\/sitio\/en\/blog\/2025\/04\/11\/en-este-2025-el-sbu-fest-uartes-sera-semestral-y-tendra-nuevos-campeonatos-para-integrar-a-la-comunidad\/#breadcrumb","itemListElement":[{"@type":"ListItem","position":1,"name":"Inicio","item":"https:\/\/www.uartes.edu.ec\/sitio\/"},{"@type":"ListItem","position":2,"name":"En este 2025, el SBU FEST UArtes ser\u00e1 semestral y tendr\u00e1 nuevos campeonatos para mayor integraci\u00f3n de la comunidad"}]},{"@type":"WebSite","@id":"https:\/\/www.uartes.edu.ec\/sitio\/en\/#website","url":"https:\/\/www.uartes.edu.ec\/sitio\/en\/","name":"Universidad de las Artes","description":"Sitio oficial de la Universidad Nacional de las Artes del Ecuador","publisher":{"@id":"https:\/\/www.uartes.edu.ec\/sitio\/en\/#organization"},"potentialAction":[{"@type":"SearchAction","target":{"@type":"EntryPoint","urlTemplate":"https:\/\/www.uartes.edu.ec\/sitio\/en\/?s={search_term_string}"},"query-input":{"@type":"PropertyValueSpecification","valueRequired":true,"valueName":"search_term_string"}}],"inLanguage":"en-US"},{"@type":"Organization","@id":"https:\/\/www.uartes.edu.ec\/sitio\/en\/#organization","name":"Universidad de las Artes","url":"https:\/\/www.uartes.edu.ec\/sitio\/en\/","logo":{"@type":"ImageObject","inLanguage":"en-US","@id":"https:\/\/www.uartes.edu.ec\/sitio\/en\/#\/schema\/logo\/image\/","url":"https:\/\/www.uartes.edu.ec\/sitio\/wp-content\/uploads\/2022\/07\/logo-ua-horizontal.png","contentUrl":"https:\/\/www.uartes.edu.ec\/sitio\/wp-content\/uploads\/2022\/07\/logo-ua-horizontal.png","width":800,"height":276,"caption":"Universidad de las Artes"},"image":{"@id":"https:\/\/www.uartes.edu.ec\/sitio\/en\/#\/schema\/logo\/image\/"},"sameAs":["https:\/\/www.facebook.com\/uartesec","https:\/\/x.com\/uartesec","https:\/\/www.tiktok.com\/@uartesec"]},{"@type":"Person","@id":"https:\/\/www.uartes.edu.ec\/sitio\/en\/#\/schema\/person\/efa1b8275797664fd7f13a79ccc0b1f4","name":"ccortez","image":{"@type":"ImageObject","inLanguage":"en-US","@id":"https:\/\/secure.gravatar.com\/avatar\/b2a6f664a3ae8e074346ef91775736c5ec479e637ecced6842de9dc98b5da9cd?s=96&d=mm&r=g","url":"https:\/\/secure.gravatar.com\/avatar\/b2a6f664a3ae8e074346ef91775736c5ec479e637ecced6842de9dc98b5da9cd?s=96&d=mm&r=g","contentUrl":"https:\/\/secure.gravatar.com\/avatar\/b2a6f664a3ae8e074346ef91775736c5ec479e637ecced6842de9dc98b5da9cd?s=96&d=mm&r=g","caption":"ccortez"},"url":"https:\/\/www.uartes.edu.ec\/sitio\/en\/blog\/author\/ccortez\/"}]}},"uagb_featured_image_src":{"full":["https:\/\/www.uartes.edu.ec\/sitio\/wp-content\/uploads\/2025\/04\/01-tenis-de-mesa-web.jpg",2000,1333,false],"thumbnail":["https:\/\/www.uartes.edu.ec\/sitio\/wp-content\/uploads\/2025\/04\/01-tenis-de-mesa-web-150x150.jpg",150,150,true],"medium":["https:\/\/www.uartes.edu.ec\/sitio\/wp-content\/uploads\/2025\/04\/01-tenis-de-mesa-web-300x200.jpg",300,200,true],"medium_large":["https:\/\/www.uartes.edu.ec\/sitio\/wp-content\/uploads\/2025\/04\/01-tenis-de-mesa-web-768x512.jpg",768,512,true],"large":["https:\/\/www.uartes.edu.ec\/sitio\/wp-content\/uploads\/2025\/04\/01-tenis-de-mesa-web-644x429.jpg",644,429,true],"1536x1536":["https:\/\/www.uartes.edu.ec\/sitio\/wp-content\/uploads\/2025\/04\/01-tenis-de-mesa-web-1536x1024.jpg",1536,1024,true],"2048x2048":["https:\/\/www.uartes.edu.ec\/sitio\/wp-content\/uploads\/2025\/04\/01-tenis-de-mesa-web.jpg",2000,1333,false],"trp-custom-language-flag":["https:\/\/www.uartes.edu.ec\/sitio\/wp-content\/uploads\/2025\/04\/01-tenis-de-mesa-web-18x12.jpg",18,12,true],"htmega_size_585x295":["https:\/\/www.uartes.edu.ec\/sitio\/wp-content\/uploads\/2025\/04\/01-tenis-de-mesa-web-585x295.jpg",585,295,true],"htmega_size_1170x536":["https:\/\/www.uartes.edu.ec\/sitio\/wp-content\/uploads\/2025\/04\/01-tenis-de-mesa-web-1170x536.jpg",1170,536,true],"htmega_size_396x360":["https:\/\/www.uartes.edu.ec\/sitio\/wp-content\/uploads\/2025\/04\/01-tenis-de-mesa-web-396x360.jpg",396,360,true],"gb-block-post-grid-landscape":["https:\/\/www.uartes.edu.ec\/sitio\/wp-content\/uploads\/2025\/04\/01-tenis-de-mesa-web-600x400.jpg",600,400,true],"gb-block-post-grid-square":["https:\/\/www.uartes.edu.ec\/sitio\/wp-content\/uploads\/2025\/04\/01-tenis-de-mesa-web-600x600.jpg",600,600,true],"university-hub-thumb":["https:\/\/www.uartes.edu.ec\/sitio\/wp-content\/uploads\/2025\/04\/01-tenis-de-mesa-web-400x267.jpg",400,267,true]},"uagb_author_info":{"display_name":"ccortez","author_link":"https:\/\/www.uartes.edu.ec\/sitio\/en\/blog\/author\/ccortez\/"},"uagb_comment_info":0,"uagb_excerpt":"Tras la gran acogida y respaldo que la comunidad de la Universidad de las Artes dio a la primera edici\u00f3n del SBU FEST, efectuada el a\u00f1o pasado, la Secretar\u00eda de Bienestar Universitario (SBU) ha organizado para este 2025 una nueva entrega con algunas novedades. Y es que, en aras de seguir fortaleciendo la integraci\u00f3n mediante&hellip;","featured_image_src":"https:\/\/www.uartes.edu.ec\/sitio\/wp-content\/uploads\/2025\/04\/01-tenis-de-mesa-web-600x400.jpg","featured_image_src_square":"https:\/\/www.uartes.edu.ec\/sitio\/wp-content\/uploads\/2025\/04\/01-tenis-de-mesa-web-600x600.jpg","author_info":{"display_name":"ccortez","author_link":"https:\/\/www.uartes.edu.ec\/sitio\/en\/blog\/author\/ccortez\/"},"publishpress_future_workflow_manual_trigger":{"enabledWorkflows":[]},"distributor_meta":false,"distributor_terms":false,"distributor_media":false,"distributor_original_site_name":"Universidad de las Artes","distributor_original_site_url":"https:\/\/www.uartes.edu.ec\/sitio\/en","push-errors":false,"_links":{"self":[{"href":"https:\/\/www.uartes.edu.ec\/sitio\/en\/wp-json\/wp\/v2\/posts\/70439","targetHints":{"allow":["GET"]}}],"collection":[{"href":"https:\/\/www.uartes.edu.ec\/sitio\/en\/wp-json\/wp\/v2\/posts"}],"about":[{"href":"https:\/\/www.uartes.edu.ec\/sitio\/en\/wp-json\/wp\/v2\/types\/post"}],"author":[{"embeddable":true,"href":"https:\/\/www.uartes.edu.ec\/sitio\/en\/wp-json\/wp\/v2\/users\/10"}],"replies":[{"embeddable":true,"href":"https:\/\/www.uartes.edu.ec\/sitio\/en\/wp-json\/wp\/v2\/comments?post=70439"}],"version-history":[{"count":4,"href":"https:\/\/www.uartes.edu.ec\/sitio\/en\/wp-json\/wp\/v2\/posts\/70439\/revisions"}],"predecessor-version":[{"id":70452,"href":"https:\/\/www.uartes.edu.ec\/sitio\/en\/wp-json\/wp\/v2\/posts\/70439\/revisions\/70452"}],"wp:featuredmedia":[{"embeddable":true,"href":"https:\/\/www.uartes.edu.ec\/sitio\/en\/wp-json\/wp\/v2\/media\/70440"}],"wp:attachment":[{"href":"https:\/\/www.uartes.edu.ec\/sitio\/en\/wp-json\/wp\/v2\/media?parent=70439"}],"wp:term":[{"taxonomy":"category","embeddable":true,"href":"https:\/\/www.uartes.edu.ec\/sitio\/en\/wp-json\/wp\/v2\/categories?post=70439"},{"taxonomy":"post_tag","embeddable":true,"href":"https:\/\/www.uartes.edu.ec\/sitio\/en\/wp-json\/wp\/v2\/tags?post=70439"},{"taxonomy":"infouartes","embeddable":true,"href":"https:\/\/www.uartes.edu.ec\/sitio\/en\/wp-json\/wp\/v2\/infouartes?post=70439"}],"curies":[{"name":"wp","href":"https:\/\/api.w.org\/{rel}","templated":true}]}}