{"id":70456,"date":"2025-04-10T18:20:00","date_gmt":"2025-04-10T23:20:00","guid":{"rendered":"https:\/\/www.uartes.edu.ec\/sitio\/?p=70456"},"modified":"2025-04-11T09:35:41","modified_gmt":"2025-04-11T14:35:41","slug":"consejo-estudiantil-de-la-uartes-tuvo-la-primera-asamblea-del-semestre-a-2025","status":"publish","type":"post","link":"https:\/\/www.uartes.edu.ec\/sitio\/en\/blog\/2025\/04\/10\/consejo-estudiantil-de-la-uartes-tuvo-la-primera-asamblea-del-semestre-a-2025\/","title":{"rendered":"Consejo Estudiantil de la UArtes tuvo la primera asamblea del Semestre A 2025"},"content":{"rendered":"<p>El Consejo Estudiantil (CE) de la Universidad de las Artes tuvo su primera asamblea general del tambi\u00e9n primer periodo acad\u00e9mico del presente a\u00f1o 2025. Sucedi\u00f3 de manera presencial el pasado 7 de abril, en la sala de reuniones del Pabell\u00f3n Araceli Gilbert, y se abordaron varios temas de inter\u00e9s para los estudiantes, anot\u00f3 su presidenta Andrea Abad, quien cursa su licenciatura en la Escuela de Artes Sonoras (EAS).<\/p>\n\n\n\n<p>\u201cNos reunimos con varias expectativas y tambi\u00e9n con algunos retos. Hablamos de una mayor y mejor integraci\u00f3n, de la unidad que como comunidad estudiantil debemos mantener\u201d, expres\u00f3 Abad, quien, en aras de esa propuesta, revel\u00f3 que hablaron de iniciar nuevos procesos con los representantes de cada carrera, a fin de mejorar la representaci\u00f3n de la comunidad. \u201cBuscamos tambi\u00e9n la conformaci\u00f3n de la FEUE UArtes\u201d, precis\u00f3.<\/p>\n\n\n<div class=\"wp-block-image\">\n<figure class=\"aligncenter size-large\"><img fetchpriority=\"high\" decoding=\"async\" width=\"644\" height=\"429\" src=\"https:\/\/www.uartes.edu.ec\/sitio\/wp-content\/uploads\/2025\/04\/02-CONSEJO-ESTUDIANTIL-UARTES-644x429.jpg\" alt=\"\" class=\"wp-image-70458\" srcset=\"https:\/\/www.uartes.edu.ec\/sitio\/wp-content\/uploads\/2025\/04\/02-CONSEJO-ESTUDIANTIL-UARTES-644x429.jpg 644w, https:\/\/www.uartes.edu.ec\/sitio\/wp-content\/uploads\/2025\/04\/02-CONSEJO-ESTUDIANTIL-UARTES-300x200.jpg 300w, https:\/\/www.uartes.edu.ec\/sitio\/wp-content\/uploads\/2025\/04\/02-CONSEJO-ESTUDIANTIL-UARTES-768x512.jpg 768w, https:\/\/www.uartes.edu.ec\/sitio\/wp-content\/uploads\/2025\/04\/02-CONSEJO-ESTUDIANTIL-UARTES-1536x1024.jpg 1536w, https:\/\/www.uartes.edu.ec\/sitio\/wp-content\/uploads\/2025\/04\/02-CONSEJO-ESTUDIANTIL-UARTES-18x12.jpg 18w, https:\/\/www.uartes.edu.ec\/sitio\/wp-content\/uploads\/2025\/04\/02-CONSEJO-ESTUDIANTIL-UARTES-600x400.jpg 600w, https:\/\/www.uartes.edu.ec\/sitio\/wp-content\/uploads\/2025\/04\/02-CONSEJO-ESTUDIANTIL-UARTES-400x267.jpg 400w, https:\/\/www.uartes.edu.ec\/sitio\/wp-content\/uploads\/2025\/04\/02-CONSEJO-ESTUDIANTIL-UARTES.jpg 2000w\" sizes=\"(max-width: 644px) 100vw, 644px\" \/><\/figure>\n<\/div>\n\n\n<p>Junto con Andrea Abad, que en la EAS estudia la carrera de Artes Musicales y Sonoras, a la cual representa en el seno del CE, en la asamblea participaron Valeria Navarro y Ana Paula Coronel, de Literatura; Daniel Parrales, de Cine; Natalia Manzaba, de Artes Visuales; Jorge Luis Alcoser, de Creaci\u00f3n Teatral; Laising Ching y Romel Medina, de Danza; Bryan Zambrano, de Producci\u00f3n Musical y Sonora; y Steven Copa, como representante del \u00d3rgano Colegiado Superior.<\/p>\n\n\n\n<p>En el encuentro, los estudiantes manifestaron inquietudes e hicieron requerimientos y entre los puntos que se definieron est\u00e1 la realizaci\u00f3n de asambleas por carrera con el objetivo de discutir sus problem\u00e1ticas, como conocer horarios, falta de cupos y uso de espacios. Tras el respectivo an\u00e1lisis, la asamblea tom\u00f3 algunas resoluciones.<\/p>\n\n\n\n<p>\u201cAsambleas por carrera desde la semana 4 del semestre, crear una l\u00ednea de comunicaci\u00f3n solo del Consejo Estudiantil v\u00eda WhatsApp (n\u00famero de tel\u00e9fono propio), impulsar la creaci\u00f3n de la FEUE UArtes, y la presentaci\u00f3n final de los estatutos al alumnado, esto con la finalidad de tener una mejor calidad en representaci\u00f3n\u201d, manifest\u00f3 Abad acerca de las conclusiones a las que llegaron en la primera asamblea del CE.<\/p>\n\n\n\n<p>Texto y fotos: colaboraci\u00f3n del Consejo Estudiantil UArtes.<\/p>\n\n\n\n<p><\/p>","protected":false},"excerpt":{"rendered":"<p>El Consejo Estudiantil (CE) de la Universidad de las Artes tuvo su primera asamblea general del tambi\u00e9n primer periodo acad\u00e9mico del presente a\u00f1o 2025. Sucedi\u00f3 de manera presencial el pasado 7 de abril, en la sala de reuniones del Pabell\u00f3n Araceli Gilbert, y se abordaron varios temas de inter\u00e9s para los estudiantes, anot\u00f3 su presidenta Andrea Abad, quien cursa su licenciatura en la Escuela de Artes Sonoras (EAS). Uno de los puntos analizados fue la conformaci\u00f3n de la FEUE UArtes.<\/p>","protected":false},"author":10,"featured_media":70457,"comment_status":"open","ping_status":"open","sticky":false,"template":"","format":"standard","meta":{"_acf_changed":false,"_uag_custom_page_level_css":"","_monsterinsights_skip_tracking":false,"_monsterinsights_sitenote_active":false,"_monsterinsights_sitenote_note":"","_monsterinsights_sitenote_category":0,"cybocfi_hide_featured_image":"","footnotes":""},"categories":[80,159,150,157,147,76,77,175],"tags":[521],"infouartes":[],"class_list":["post-70456","post","type-post","status-publish","format-standard","has-post-thumbnail","hentry","category-academico","category-artes-escenicas","category-artes-sonoras","category-artes-visuales","category-cine","category-estudiantes","category-gestion","category-literatura","tag-encuentro"],"acf":[],"yoast_head":"<!-- This site is optimized with the Yoast SEO plugin v27.4 - https:\/\/yoast.com\/product\/yoast-seo-wordpress\/ -->\n<title>Universidad de las Artes - Consejo Estudiantil de la UArtes tuvo la primera asamblea del Semestre A 2025<\/title>\n<meta name=\"description\" content=\"Universidad de las Artes - Consejo Estudiantil de la UArtes tuvo la primera asamblea del Semestre A 2025\" \/>\n<meta name=\"robots\" content=\"index, follow, max-snippet:-1, max-image-preview:large, max-video-preview:-1\" \/>\n<link rel=\"canonical\" href=\"https:\/\/www.uartes.edu.ec\/sitio\/en\/blog\/2025\/04\/10\/consejo-estudiantil-de-la-uartes-tuvo-la-primera-asamblea-del-semestre-a-2025\/\" \/>\n<meta property=\"og:locale\" content=\"en_US\" \/>\n<meta property=\"og:type\" content=\"article\" \/>\n<meta property=\"og:title\" content=\"Universidad de las Artes - Consejo Estudiantil de la UArtes tuvo la primera asamblea del Semestre A 2025\" \/>\n<meta property=\"og:description\" content=\"Universidad de las Artes - Consejo Estudiantil de la UArtes tuvo la primera asamblea del Semestre A 2025\" \/>\n<meta property=\"og:url\" content=\"https:\/\/www.uartes.edu.ec\/sitio\/en\/blog\/2025\/04\/10\/consejo-estudiantil-de-la-uartes-tuvo-la-primera-asamblea-del-semestre-a-2025\/\" \/>\n<meta property=\"og:site_name\" content=\"Universidad de las Artes\" \/>\n<meta property=\"article:publisher\" content=\"https:\/\/www.facebook.com\/uartesec\" \/>\n<meta property=\"article:published_time\" content=\"2025-04-10T23:20:00+00:00\" \/>\n<meta property=\"article:modified_time\" content=\"2025-04-11T14:35:41+00:00\" \/>\n<meta property=\"og:image\" content=\"https:\/\/www.uartes.edu.ec\/sitio\/wp-content\/uploads\/2025\/04\/01-CONSEJO-ESTUDIANTIL-UARTES.jpg\" \/>\n\t<meta property=\"og:image:width\" content=\"2000\" \/>\n\t<meta property=\"og:image:height\" content=\"1333\" \/>\n\t<meta property=\"og:image:type\" content=\"image\/jpeg\" \/>\n<meta name=\"author\" content=\"ccortez\" \/>\n<meta name=\"twitter:card\" content=\"summary_large_image\" \/>\n<meta name=\"twitter:creator\" content=\"@uartesec\" \/>\n<meta name=\"twitter:site\" content=\"@uartesec\" \/>\n<meta name=\"twitter:label1\" content=\"Written by\" \/>\n\t<meta name=\"twitter:data1\" content=\"ccortez\" \/>\n\t<meta name=\"twitter:label2\" content=\"Est. reading time\" \/>\n\t<meta name=\"twitter:data2\" content=\"2 minutes\" \/>\n<script type=\"application\/ld+json\" class=\"yoast-schema-graph\">{\"@context\":\"https:\\\/\\\/schema.org\",\"@graph\":[{\"@type\":\"Article\",\"@id\":\"https:\\\/\\\/www.uartes.edu.ec\\\/sitio\\\/en\\\/blog\\\/2025\\\/04\\\/10\\\/consejo-estudiantil-de-la-uartes-tuvo-la-primera-asamblea-del-semestre-a-2025\\\/#article\",\"isPartOf\":{\"@id\":\"https:\\\/\\\/www.uartes.edu.ec\\\/sitio\\\/en\\\/blog\\\/2025\\\/04\\\/10\\\/consejo-estudiantil-de-la-uartes-tuvo-la-primera-asamblea-del-semestre-a-2025\\\/\"},\"author\":{\"name\":\"ccortez\",\"@id\":\"https:\\\/\\\/www.uartes.edu.ec\\\/sitio\\\/en\\\/#\\\/schema\\\/person\\\/efa1b8275797664fd7f13a79ccc0b1f4\"},\"headline\":\"Consejo Estudiantil de la UArtes tuvo la primera asamblea del Semestre A 2025\",\"datePublished\":\"2025-04-10T23:20:00+00:00\",\"dateModified\":\"2025-04-11T14:35:41+00:00\",\"mainEntityOfPage\":{\"@id\":\"https:\\\/\\\/www.uartes.edu.ec\\\/sitio\\\/en\\\/blog\\\/2025\\\/04\\\/10\\\/consejo-estudiantil-de-la-uartes-tuvo-la-primera-asamblea-del-semestre-a-2025\\\/\"},\"wordCount\":366,\"commentCount\":0,\"publisher\":{\"@id\":\"https:\\\/\\\/www.uartes.edu.ec\\\/sitio\\\/en\\\/#organization\"},\"image\":{\"@id\":\"https:\\\/\\\/www.uartes.edu.ec\\\/sitio\\\/en\\\/blog\\\/2025\\\/04\\\/10\\\/consejo-estudiantil-de-la-uartes-tuvo-la-primera-asamblea-del-semestre-a-2025\\\/#primaryimage\"},\"thumbnailUrl\":\"https:\\\/\\\/www.uartes.edu.ec\\\/sitio\\\/wp-content\\\/uploads\\\/2025\\\/04\\\/01-CONSEJO-ESTUDIANTIL-UARTES.jpg\",\"keywords\":[\"encuentro\"],\"articleSection\":[\"Acad\u00e9mico\",\"Artes Esc\u00e9nicas\",\"Artes Sonoras\",\"Artes Visuales\",\"Cine\",\"Estudiantes\",\"Gesti\u00f3n\",\"Literatura\"],\"inLanguage\":\"en-US\",\"potentialAction\":[{\"@type\":\"CommentAction\",\"name\":\"Comment\",\"target\":[\"https:\\\/\\\/www.uartes.edu.ec\\\/sitio\\\/en\\\/blog\\\/2025\\\/04\\\/10\\\/consejo-estudiantil-de-la-uartes-tuvo-la-primera-asamblea-del-semestre-a-2025\\\/#respond\"]}]},{\"@type\":[\"WebPage\",\"ItemPage\"],\"@id\":\"https:\\\/\\\/www.uartes.edu.ec\\\/sitio\\\/en\\\/blog\\\/2025\\\/04\\\/10\\\/consejo-estudiantil-de-la-uartes-tuvo-la-primera-asamblea-del-semestre-a-2025\\\/\",\"url\":\"https:\\\/\\\/www.uartes.edu.ec\\\/sitio\\\/en\\\/blog\\\/2025\\\/04\\\/10\\\/consejo-estudiantil-de-la-uartes-tuvo-la-primera-asamblea-del-semestre-a-2025\\\/\",\"name\":\"Universidad de las Artes - Consejo Estudiantil de la UArtes tuvo la primera asamblea del Semestre A 2025\",\"isPartOf\":{\"@id\":\"https:\\\/\\\/www.uartes.edu.ec\\\/sitio\\\/en\\\/#website\"},\"primaryImageOfPage\":{\"@id\":\"https:\\\/\\\/www.uartes.edu.ec\\\/sitio\\\/en\\\/blog\\\/2025\\\/04\\\/10\\\/consejo-estudiantil-de-la-uartes-tuvo-la-primera-asamblea-del-semestre-a-2025\\\/#primaryimage\"},\"image\":{\"@id\":\"https:\\\/\\\/www.uartes.edu.ec\\\/sitio\\\/en\\\/blog\\\/2025\\\/04\\\/10\\\/consejo-estudiantil-de-la-uartes-tuvo-la-primera-asamblea-del-semestre-a-2025\\\/#primaryimage\"},\"thumbnailUrl\":\"https:\\\/\\\/www.uartes.edu.ec\\\/sitio\\\/wp-content\\\/uploads\\\/2025\\\/04\\\/01-CONSEJO-ESTUDIANTIL-UARTES.jpg\",\"datePublished\":\"2025-04-10T23:20:00+00:00\",\"dateModified\":\"2025-04-11T14:35:41+00:00\",\"description\":\"Universidad de las Artes - Consejo Estudiantil de la UArtes tuvo la primera asamblea del Semestre A 2025\",\"breadcrumb\":{\"@id\":\"https:\\\/\\\/www.uartes.edu.ec\\\/sitio\\\/en\\\/blog\\\/2025\\\/04\\\/10\\\/consejo-estudiantil-de-la-uartes-tuvo-la-primera-asamblea-del-semestre-a-2025\\\/#breadcrumb\"},\"inLanguage\":\"en-US\",\"potentialAction\":[{\"@type\":\"ReadAction\",\"target\":[\"https:\\\/\\\/www.uartes.edu.ec\\\/sitio\\\/en\\\/blog\\\/2025\\\/04\\\/10\\\/consejo-estudiantil-de-la-uartes-tuvo-la-primera-asamblea-del-semestre-a-2025\\\/\"]}]},{\"@type\":\"ImageObject\",\"inLanguage\":\"en-US\",\"@id\":\"https:\\\/\\\/www.uartes.edu.ec\\\/sitio\\\/en\\\/blog\\\/2025\\\/04\\\/10\\\/consejo-estudiantil-de-la-uartes-tuvo-la-primera-asamblea-del-semestre-a-2025\\\/#primaryimage\",\"url\":\"https:\\\/\\\/www.uartes.edu.ec\\\/sitio\\\/wp-content\\\/uploads\\\/2025\\\/04\\\/01-CONSEJO-ESTUDIANTIL-UARTES.jpg\",\"contentUrl\":\"https:\\\/\\\/www.uartes.edu.ec\\\/sitio\\\/wp-content\\\/uploads\\\/2025\\\/04\\\/01-CONSEJO-ESTUDIANTIL-UARTES.jpg\",\"width\":2000,\"height\":1333},{\"@type\":\"BreadcrumbList\",\"@id\":\"https:\\\/\\\/www.uartes.edu.ec\\\/sitio\\\/en\\\/blog\\\/2025\\\/04\\\/10\\\/consejo-estudiantil-de-la-uartes-tuvo-la-primera-asamblea-del-semestre-a-2025\\\/#breadcrumb\",\"itemListElement\":[{\"@type\":\"ListItem\",\"position\":1,\"name\":\"Inicio\",\"item\":\"https:\\\/\\\/www.uartes.edu.ec\\\/sitio\\\/\"},{\"@type\":\"ListItem\",\"position\":2,\"name\":\"Consejo Estudiantil de la UArtes tuvo la primera asamblea del Semestre A 2025\"}]},{\"@type\":\"WebSite\",\"@id\":\"https:\\\/\\\/www.uartes.edu.ec\\\/sitio\\\/en\\\/#website\",\"url\":\"https:\\\/\\\/www.uartes.edu.ec\\\/sitio\\\/en\\\/\",\"name\":\"Universidad de las Artes\",\"description\":\"Sitio oficial de la Universidad Nacional de las Artes del Ecuador\",\"publisher\":{\"@id\":\"https:\\\/\\\/www.uartes.edu.ec\\\/sitio\\\/en\\\/#organization\"},\"potentialAction\":[{\"@type\":\"SearchAction\",\"target\":{\"@type\":\"EntryPoint\",\"urlTemplate\":\"https:\\\/\\\/www.uartes.edu.ec\\\/sitio\\\/en\\\/?s={search_term_string}\"},\"query-input\":{\"@type\":\"PropertyValueSpecification\",\"valueRequired\":true,\"valueName\":\"search_term_string\"}}],\"inLanguage\":\"en-US\"},{\"@type\":\"Organization\",\"@id\":\"https:\\\/\\\/www.uartes.edu.ec\\\/sitio\\\/en\\\/#organization\",\"name\":\"Universidad de las Artes\",\"url\":\"https:\\\/\\\/www.uartes.edu.ec\\\/sitio\\\/en\\\/\",\"logo\":{\"@type\":\"ImageObject\",\"inLanguage\":\"en-US\",\"@id\":\"https:\\\/\\\/www.uartes.edu.ec\\\/sitio\\\/en\\\/#\\\/schema\\\/logo\\\/image\\\/\",\"url\":\"https:\\\/\\\/www.uartes.edu.ec\\\/sitio\\\/wp-content\\\/uploads\\\/2022\\\/07\\\/logo-ua-horizontal.png\",\"contentUrl\":\"https:\\\/\\\/www.uartes.edu.ec\\\/sitio\\\/wp-content\\\/uploads\\\/2022\\\/07\\\/logo-ua-horizontal.png\",\"width\":800,\"height\":276,\"caption\":\"Universidad de las Artes\"},\"image\":{\"@id\":\"https:\\\/\\\/www.uartes.edu.ec\\\/sitio\\\/en\\\/#\\\/schema\\\/logo\\\/image\\\/\"},\"sameAs\":[\"https:\\\/\\\/www.facebook.com\\\/uartesec\",\"https:\\\/\\\/x.com\\\/uartesec\",\"https:\\\/\\\/www.tiktok.com\\\/@uartesec\"]},{\"@type\":\"Person\",\"@id\":\"https:\\\/\\\/www.uartes.edu.ec\\\/sitio\\\/en\\\/#\\\/schema\\\/person\\\/efa1b8275797664fd7f13a79ccc0b1f4\",\"name\":\"ccortez\",\"image\":{\"@type\":\"ImageObject\",\"inLanguage\":\"en-US\",\"@id\":\"https:\\\/\\\/secure.gravatar.com\\\/avatar\\\/b2a6f664a3ae8e074346ef91775736c5ec479e637ecced6842de9dc98b5da9cd?s=96&d=mm&r=g\",\"url\":\"https:\\\/\\\/secure.gravatar.com\\\/avatar\\\/b2a6f664a3ae8e074346ef91775736c5ec479e637ecced6842de9dc98b5da9cd?s=96&d=mm&r=g\",\"contentUrl\":\"https:\\\/\\\/secure.gravatar.com\\\/avatar\\\/b2a6f664a3ae8e074346ef91775736c5ec479e637ecced6842de9dc98b5da9cd?s=96&d=mm&r=g\",\"caption\":\"ccortez\"},\"url\":\"https:\\\/\\\/www.uartes.edu.ec\\\/sitio\\\/en\\\/blog\\\/author\\\/ccortez\\\/\"}]}<\/script>\n<!-- \/ Yoast SEO plugin. -->","yoast_head_json":{"title":"Universidad de las Artes - Consejo Estudiantil de la UArtes tuvo la primera asamblea del Semestre A 2025","description":"Universidad de las Artes - Consejo Estudiantil de la UArtes tuvo la primera asamblea del Semestre A 2025","robots":{"index":"index","follow":"follow","max-snippet":"max-snippet:-1","max-image-preview":"max-image-preview:large","max-video-preview":"max-video-preview:-1"},"canonical":"https:\/\/www.uartes.edu.ec\/sitio\/en\/blog\/2025\/04\/10\/consejo-estudiantil-de-la-uartes-tuvo-la-primera-asamblea-del-semestre-a-2025\/","og_locale":"en_US","og_type":"article","og_title":"Universidad de las Artes - Consejo Estudiantil de la UArtes tuvo la primera asamblea del Semestre A 2025","og_description":"Universidad de las Artes - Consejo Estudiantil de la UArtes tuvo la primera asamblea del Semestre A 2025","og_url":"https:\/\/www.uartes.edu.ec\/sitio\/en\/blog\/2025\/04\/10\/consejo-estudiantil-de-la-uartes-tuvo-la-primera-asamblea-del-semestre-a-2025\/","og_site_name":"Universidad de las Artes","article_publisher":"https:\/\/www.facebook.com\/uartesec","article_published_time":"2025-04-10T23:20:00+00:00","article_modified_time":"2025-04-11T14:35:41+00:00","og_image":[{"width":2000,"height":1333,"url":"https:\/\/www.uartes.edu.ec\/sitio\/wp-content\/uploads\/2025\/04\/01-CONSEJO-ESTUDIANTIL-UARTES.jpg","type":"image\/jpeg"}],"author":"ccortez","twitter_card":"summary_large_image","twitter_creator":"@uartesec","twitter_site":"@uartesec","twitter_misc":{"Written by":"ccortez","Est. reading time":"2 minutes"},"schema":{"@context":"https:\/\/schema.org","@graph":[{"@type":"Article","@id":"https:\/\/www.uartes.edu.ec\/sitio\/en\/blog\/2025\/04\/10\/consejo-estudiantil-de-la-uartes-tuvo-la-primera-asamblea-del-semestre-a-2025\/#article","isPartOf":{"@id":"https:\/\/www.uartes.edu.ec\/sitio\/en\/blog\/2025\/04\/10\/consejo-estudiantil-de-la-uartes-tuvo-la-primera-asamblea-del-semestre-a-2025\/"},"author":{"name":"ccortez","@id":"https:\/\/www.uartes.edu.ec\/sitio\/en\/#\/schema\/person\/efa1b8275797664fd7f13a79ccc0b1f4"},"headline":"Consejo Estudiantil de la UArtes tuvo la primera asamblea del Semestre A 2025","datePublished":"2025-04-10T23:20:00+00:00","dateModified":"2025-04-11T14:35:41+00:00","mainEntityOfPage":{"@id":"https:\/\/www.uartes.edu.ec\/sitio\/en\/blog\/2025\/04\/10\/consejo-estudiantil-de-la-uartes-tuvo-la-primera-asamblea-del-semestre-a-2025\/"},"wordCount":366,"commentCount":0,"publisher":{"@id":"https:\/\/www.uartes.edu.ec\/sitio\/en\/#organization"},"image":{"@id":"https:\/\/www.uartes.edu.ec\/sitio\/en\/blog\/2025\/04\/10\/consejo-estudiantil-de-la-uartes-tuvo-la-primera-asamblea-del-semestre-a-2025\/#primaryimage"},"thumbnailUrl":"https:\/\/www.uartes.edu.ec\/sitio\/wp-content\/uploads\/2025\/04\/01-CONSEJO-ESTUDIANTIL-UARTES.jpg","keywords":["encuentro"],"articleSection":["Acad\u00e9mico","Artes Esc\u00e9nicas","Artes Sonoras","Artes Visuales","Cine","Estudiantes","Gesti\u00f3n","Literatura"],"inLanguage":"en-US","potentialAction":[{"@type":"CommentAction","name":"Comment","target":["https:\/\/www.uartes.edu.ec\/sitio\/en\/blog\/2025\/04\/10\/consejo-estudiantil-de-la-uartes-tuvo-la-primera-asamblea-del-semestre-a-2025\/#respond"]}]},{"@type":["WebPage","ItemPage"],"@id":"https:\/\/www.uartes.edu.ec\/sitio\/en\/blog\/2025\/04\/10\/consejo-estudiantil-de-la-uartes-tuvo-la-primera-asamblea-del-semestre-a-2025\/","url":"https:\/\/www.uartes.edu.ec\/sitio\/en\/blog\/2025\/04\/10\/consejo-estudiantil-de-la-uartes-tuvo-la-primera-asamblea-del-semestre-a-2025\/","name":"Universidad de las Artes - Consejo Estudiantil de la UArtes tuvo la primera asamblea del Semestre A 2025","isPartOf":{"@id":"https:\/\/www.uartes.edu.ec\/sitio\/en\/#website"},"primaryImageOfPage":{"@id":"https:\/\/www.uartes.edu.ec\/sitio\/en\/blog\/2025\/04\/10\/consejo-estudiantil-de-la-uartes-tuvo-la-primera-asamblea-del-semestre-a-2025\/#primaryimage"},"image":{"@id":"https:\/\/www.uartes.edu.ec\/sitio\/en\/blog\/2025\/04\/10\/consejo-estudiantil-de-la-uartes-tuvo-la-primera-asamblea-del-semestre-a-2025\/#primaryimage"},"thumbnailUrl":"https:\/\/www.uartes.edu.ec\/sitio\/wp-content\/uploads\/2025\/04\/01-CONSEJO-ESTUDIANTIL-UARTES.jpg","datePublished":"2025-04-10T23:20:00+00:00","dateModified":"2025-04-11T14:35:41+00:00","description":"Universidad de las Artes - Consejo Estudiantil de la UArtes tuvo la primera asamblea del Semestre A 2025","breadcrumb":{"@id":"https:\/\/www.uartes.edu.ec\/sitio\/en\/blog\/2025\/04\/10\/consejo-estudiantil-de-la-uartes-tuvo-la-primera-asamblea-del-semestre-a-2025\/#breadcrumb"},"inLanguage":"en-US","potentialAction":[{"@type":"ReadAction","target":["https:\/\/www.uartes.edu.ec\/sitio\/en\/blog\/2025\/04\/10\/consejo-estudiantil-de-la-uartes-tuvo-la-primera-asamblea-del-semestre-a-2025\/"]}]},{"@type":"ImageObject","inLanguage":"en-US","@id":"https:\/\/www.uartes.edu.ec\/sitio\/en\/blog\/2025\/04\/10\/consejo-estudiantil-de-la-uartes-tuvo-la-primera-asamblea-del-semestre-a-2025\/#primaryimage","url":"https:\/\/www.uartes.edu.ec\/sitio\/wp-content\/uploads\/2025\/04\/01-CONSEJO-ESTUDIANTIL-UARTES.jpg","contentUrl":"https:\/\/www.uartes.edu.ec\/sitio\/wp-content\/uploads\/2025\/04\/01-CONSEJO-ESTUDIANTIL-UARTES.jpg","width":2000,"height":1333},{"@type":"BreadcrumbList","@id":"https:\/\/www.uartes.edu.ec\/sitio\/en\/blog\/2025\/04\/10\/consejo-estudiantil-de-la-uartes-tuvo-la-primera-asamblea-del-semestre-a-2025\/#breadcrumb","itemListElement":[{"@type":"ListItem","position":1,"name":"Inicio","item":"https:\/\/www.uartes.edu.ec\/sitio\/"},{"@type":"ListItem","position":2,"name":"Consejo Estudiantil de la UArtes tuvo la primera asamblea del Semestre A 2025"}]},{"@type":"WebSite","@id":"https:\/\/www.uartes.edu.ec\/sitio\/en\/#website","url":"https:\/\/www.uartes.edu.ec\/sitio\/en\/","name":"Universidad de las Artes","description":"Sitio oficial de la Universidad Nacional de las Artes del Ecuador","publisher":{"@id":"https:\/\/www.uartes.edu.ec\/sitio\/en\/#organization"},"potentialAction":[{"@type":"SearchAction","target":{"@type":"EntryPoint","urlTemplate":"https:\/\/www.uartes.edu.ec\/sitio\/en\/?s={search_term_string}"},"query-input":{"@type":"PropertyValueSpecification","valueRequired":true,"valueName":"search_term_string"}}],"inLanguage":"en-US"},{"@type":"Organization","@id":"https:\/\/www.uartes.edu.ec\/sitio\/en\/#organization","name":"Universidad de las Artes","url":"https:\/\/www.uartes.edu.ec\/sitio\/en\/","logo":{"@type":"ImageObject","inLanguage":"en-US","@id":"https:\/\/www.uartes.edu.ec\/sitio\/en\/#\/schema\/logo\/image\/","url":"https:\/\/www.uartes.edu.ec\/sitio\/wp-content\/uploads\/2022\/07\/logo-ua-horizontal.png","contentUrl":"https:\/\/www.uartes.edu.ec\/sitio\/wp-content\/uploads\/2022\/07\/logo-ua-horizontal.png","width":800,"height":276,"caption":"Universidad de las Artes"},"image":{"@id":"https:\/\/www.uartes.edu.ec\/sitio\/en\/#\/schema\/logo\/image\/"},"sameAs":["https:\/\/www.facebook.com\/uartesec","https:\/\/x.com\/uartesec","https:\/\/www.tiktok.com\/@uartesec"]},{"@type":"Person","@id":"https:\/\/www.uartes.edu.ec\/sitio\/en\/#\/schema\/person\/efa1b8275797664fd7f13a79ccc0b1f4","name":"ccortez","image":{"@type":"ImageObject","inLanguage":"en-US","@id":"https:\/\/secure.gravatar.com\/avatar\/b2a6f664a3ae8e074346ef91775736c5ec479e637ecced6842de9dc98b5da9cd?s=96&d=mm&r=g","url":"https:\/\/secure.gravatar.com\/avatar\/b2a6f664a3ae8e074346ef91775736c5ec479e637ecced6842de9dc98b5da9cd?s=96&d=mm&r=g","contentUrl":"https:\/\/secure.gravatar.com\/avatar\/b2a6f664a3ae8e074346ef91775736c5ec479e637ecced6842de9dc98b5da9cd?s=96&d=mm&r=g","caption":"ccortez"},"url":"https:\/\/www.uartes.edu.ec\/sitio\/en\/blog\/author\/ccortez\/"}]}},"uagb_featured_image_src":{"full":["https:\/\/www.uartes.edu.ec\/sitio\/wp-content\/uploads\/2025\/04\/01-CONSEJO-ESTUDIANTIL-UARTES.jpg",2000,1333,false],"thumbnail":["https:\/\/www.uartes.edu.ec\/sitio\/wp-content\/uploads\/2025\/04\/01-CONSEJO-ESTUDIANTIL-UARTES-150x150.jpg",150,150,true],"medium":["https:\/\/www.uartes.edu.ec\/sitio\/wp-content\/uploads\/2025\/04\/01-CONSEJO-ESTUDIANTIL-UARTES-300x200.jpg",300,200,true],"medium_large":["https:\/\/www.uartes.edu.ec\/sitio\/wp-content\/uploads\/2025\/04\/01-CONSEJO-ESTUDIANTIL-UARTES-768x512.jpg",768,512,true],"large":["https:\/\/www.uartes.edu.ec\/sitio\/wp-content\/uploads\/2025\/04\/01-CONSEJO-ESTUDIANTIL-UARTES-644x429.jpg",644,429,true],"1536x1536":["https:\/\/www.uartes.edu.ec\/sitio\/wp-content\/uploads\/2025\/04\/01-CONSEJO-ESTUDIANTIL-UARTES-1536x1024.jpg",1536,1024,true],"2048x2048":["https:\/\/www.uartes.edu.ec\/sitio\/wp-content\/uploads\/2025\/04\/01-CONSEJO-ESTUDIANTIL-UARTES.jpg",2000,1333,false],"trp-custom-language-flag":["https:\/\/www.uartes.edu.ec\/sitio\/wp-content\/uploads\/2025\/04\/01-CONSEJO-ESTUDIANTIL-UARTES-18x12.jpg",18,12,true],"htmega_size_585x295":["https:\/\/www.uartes.edu.ec\/sitio\/wp-content\/uploads\/2025\/04\/01-CONSEJO-ESTUDIANTIL-UARTES-585x295.jpg",585,295,true],"htmega_size_1170x536":["https:\/\/www.uartes.edu.ec\/sitio\/wp-content\/uploads\/2025\/04\/01-CONSEJO-ESTUDIANTIL-UARTES-1170x536.jpg",1170,536,true],"htmega_size_396x360":["https:\/\/www.uartes.edu.ec\/sitio\/wp-content\/uploads\/2025\/04\/01-CONSEJO-ESTUDIANTIL-UARTES-396x360.jpg",396,360,true],"gb-block-post-grid-landscape":["https:\/\/www.uartes.edu.ec\/sitio\/wp-content\/uploads\/2025\/04\/01-CONSEJO-ESTUDIANTIL-UARTES-600x400.jpg",600,400,true],"gb-block-post-grid-square":["https:\/\/www.uartes.edu.ec\/sitio\/wp-content\/uploads\/2025\/04\/01-CONSEJO-ESTUDIANTIL-UARTES-600x600.jpg",600,600,true],"university-hub-thumb":["https:\/\/www.uartes.edu.ec\/sitio\/wp-content\/uploads\/2025\/04\/01-CONSEJO-ESTUDIANTIL-UARTES-400x267.jpg",400,267,true]},"uagb_author_info":{"display_name":"ccortez","author_link":"https:\/\/www.uartes.edu.ec\/sitio\/en\/blog\/author\/ccortez\/"},"uagb_comment_info":0,"uagb_excerpt":"El Consejo Estudiantil (CE) de la Universidad de las Artes tuvo su primera asamblea general del tambi\u00e9n primer periodo acad\u00e9mico del presente a\u00f1o 2025. Sucedi\u00f3 de manera presencial el pasado 7 de abril, en la sala de reuniones del Pabell\u00f3n Araceli Gilbert, y se abordaron varios temas de inter\u00e9s para los estudiantes, anot\u00f3 su presidenta&hellip;","featured_image_src":"https:\/\/www.uartes.edu.ec\/sitio\/wp-content\/uploads\/2025\/04\/01-CONSEJO-ESTUDIANTIL-UARTES-600x400.jpg","featured_image_src_square":"https:\/\/www.uartes.edu.ec\/sitio\/wp-content\/uploads\/2025\/04\/01-CONSEJO-ESTUDIANTIL-UARTES-600x600.jpg","author_info":{"display_name":"ccortez","author_link":"https:\/\/www.uartes.edu.ec\/sitio\/en\/blog\/author\/ccortez\/"},"publishpress_future_workflow_manual_trigger":{"enabledWorkflows":[]},"distributor_meta":false,"distributor_terms":false,"distributor_media":false,"distributor_original_site_name":"Universidad de las Artes","distributor_original_site_url":"https:\/\/www.uartes.edu.ec\/sitio\/en","push-errors":false,"_links":{"self":[{"href":"https:\/\/www.uartes.edu.ec\/sitio\/en\/wp-json\/wp\/v2\/posts\/70456","targetHints":{"allow":["GET"]}}],"collection":[{"href":"https:\/\/www.uartes.edu.ec\/sitio\/en\/wp-json\/wp\/v2\/posts"}],"about":[{"href":"https:\/\/www.uartes.edu.ec\/sitio\/en\/wp-json\/wp\/v2\/types\/post"}],"author":[{"embeddable":true,"href":"https:\/\/www.uartes.edu.ec\/sitio\/en\/wp-json\/wp\/v2\/users\/10"}],"replies":[{"embeddable":true,"href":"https:\/\/www.uartes.edu.ec\/sitio\/en\/wp-json\/wp\/v2\/comments?post=70456"}],"version-history":[{"count":3,"href":"https:\/\/www.uartes.edu.ec\/sitio\/en\/wp-json\/wp\/v2\/posts\/70456\/revisions"}],"predecessor-version":[{"id":70466,"href":"https:\/\/www.uartes.edu.ec\/sitio\/en\/wp-json\/wp\/v2\/posts\/70456\/revisions\/70466"}],"wp:featuredmedia":[{"embeddable":true,"href":"https:\/\/www.uartes.edu.ec\/sitio\/en\/wp-json\/wp\/v2\/media\/70457"}],"wp:attachment":[{"href":"https:\/\/www.uartes.edu.ec\/sitio\/en\/wp-json\/wp\/v2\/media?parent=70456"}],"wp:term":[{"taxonomy":"category","embeddable":true,"href":"https:\/\/www.uartes.edu.ec\/sitio\/en\/wp-json\/wp\/v2\/categories?post=70456"},{"taxonomy":"post_tag","embeddable":true,"href":"https:\/\/www.uartes.edu.ec\/sitio\/en\/wp-json\/wp\/v2\/tags?post=70456"},{"taxonomy":"infouartes","embeddable":true,"href":"https:\/\/www.uartes.edu.ec\/sitio\/en\/wp-json\/wp\/v2\/infouartes?post=70456"}],"curies":[{"name":"wp","href":"https:\/\/api.w.org\/{rel}","templated":true}]}}