{"id":70471,"date":"2025-04-09T17:19:00","date_gmt":"2025-04-09T22:19:00","guid":{"rendered":"https:\/\/www.uartes.edu.ec\/sitio\/?p=70471"},"modified":"2025-04-11T12:46:47","modified_gmt":"2025-04-11T17:46:47","slug":"uartes-sede-del-cierre-de-una-capacitacion-que-coordino-el-cpccs-con-ninos-y-ninas-de-monte-sinai","status":"publish","type":"post","link":"https:\/\/www.uartes.edu.ec\/sitio\/en\/blog\/2025\/04\/09\/uartes-sede-del-cierre-de-una-capacitacion-que-coordino-el-cpccs-con-ninos-y-ninas-de-monte-sinai\/","title":{"rendered":"UArtes, sede del cierre de capacitaci\u00f3n del CPCCS con ni\u00f1os y ni\u00f1as de Monte Sina\u00ed"},"content":{"rendered":"<p>Con el Consejo de Participaci\u00f3n Ciudadana y Control Social (CPCCS) la Universidad de las Artes ha desarrollado proyectos de vinculaci\u00f3n con la sociedad, como \u201c\u00c1nima\u201d, dirigido por el docente Jorge Tigrero, que dieron como resultado varios productos art\u00edsticos-pedag\u00f3gicos elaborados como material de apoyo para difundir deberes y derechos ciudadanos.<\/p>\n\n\n\n<p>El repaso de las actividades conjuntas entre la UArtes y el CPCCS se hace necesario, puesto que en esa misma l\u00ednea de difundir los deberes y derechos ciudadanos la instituci\u00f3n aliada coordin\u00f3 con Hogar de Cristo y Misereor un ciclo de capacitaciones con ni\u00f1os y ni\u00f1as del sector de Monte Sina\u00ed, las cuales tuvieron nueve meses de duraci\u00f3n y estuvieron a cargo del Observatorio Econ\u00f3mico de Pol\u00edticas P\u00fablicas del Ecuador. Nuestra universidad fue sede del cierre y muestra de resultados del programa, la cual tuvo lugar, el pasado viernes 4 de abril, en la Plaza P\u00fablica de nuestro MZ14 Centro de Producci\u00f3n e Innovaci\u00f3n.<\/p>\n\n\n<div class=\"wp-block-image\">\n<figure class=\"aligncenter size-large\"><img fetchpriority=\"high\" decoding=\"async\" width=\"644\" height=\"429\" src=\"https:\/\/www.uartes.edu.ec\/sitio\/wp-content\/uploads\/2025\/04\/03-CIERRE-CAPACITACIONES-MONTE-SINAI-644x429.jpg\" alt=\"\" class=\"wp-image-70473\" srcset=\"https:\/\/www.uartes.edu.ec\/sitio\/wp-content\/uploads\/2025\/04\/03-CIERRE-CAPACITACIONES-MONTE-SINAI-644x429.jpg 644w, https:\/\/www.uartes.edu.ec\/sitio\/wp-content\/uploads\/2025\/04\/03-CIERRE-CAPACITACIONES-MONTE-SINAI-300x200.jpg 300w, https:\/\/www.uartes.edu.ec\/sitio\/wp-content\/uploads\/2025\/04\/03-CIERRE-CAPACITACIONES-MONTE-SINAI-768x512.jpg 768w, https:\/\/www.uartes.edu.ec\/sitio\/wp-content\/uploads\/2025\/04\/03-CIERRE-CAPACITACIONES-MONTE-SINAI-1536x1024.jpg 1536w, https:\/\/www.uartes.edu.ec\/sitio\/wp-content\/uploads\/2025\/04\/03-CIERRE-CAPACITACIONES-MONTE-SINAI-18x12.jpg 18w, https:\/\/www.uartes.edu.ec\/sitio\/wp-content\/uploads\/2025\/04\/03-CIERRE-CAPACITACIONES-MONTE-SINAI-600x400.jpg 600w, https:\/\/www.uartes.edu.ec\/sitio\/wp-content\/uploads\/2025\/04\/03-CIERRE-CAPACITACIONES-MONTE-SINAI-400x267.jpg 400w, https:\/\/www.uartes.edu.ec\/sitio\/wp-content\/uploads\/2025\/04\/03-CIERRE-CAPACITACIONES-MONTE-SINAI.jpg 2000w\" sizes=\"(max-width: 644px) 100vw, 644px\" \/><\/figure>\n<\/div>\n\n\n<p>Al acto asistieron el Mgs. Andr\u00e9s Fantoni, presidente del CPCCS; el Mgs. C\u00e9sar Hidalgo, t\u00e9cnico del CPCCS; el Econ. Jos\u00e9 Salvatierra, coordinador del Observatorio Econ\u00f3mico de Pol\u00edticas P\u00fablicas del Ecuador; la Lcda. Erika Picado, coordinadora de Hogar de Cristo; y, la gestora juvenil Ashley Arana.<\/p>\n\n\n\n<p>Con ellos, los ni\u00f1os y ni\u00f1as: Emmanuel Alarc\u00f3n, Deysi Reyes, Erwin Bone, Isa\u00edas Bone, Slatan Guerrero, Joseph Aguilar, M\u00f3nica Orozco, Jonathan Torres, Roberto Merch\u00e1n, Manuel Barreto, Arianna Valencia y Ar\u00f3n Arana, quienes recibieron un reconocimiento por su participaci\u00f3n en el conversatorio \u201cLuchando por mis derechos\u201d, donde expusieron sus necesidades a las autoridades presentes.<\/p>\n\n\n\n<p>Texto y fotos: colaboraci\u00f3n de Ronny Ramos\/Vinculaci\u00f3n con la Sociedad UArtes. En las im\u00e1genes, autoridades del CPCCS  y dem\u00e1s entidades para trabajaron de manera conjunta en la capacitaci\u00f3n, as\u00ed como los ni\u00f1os y las ni\u00f1as que la recibieron. <\/p>","protected":false},"excerpt":{"rendered":"<p>El Consejo de Participaci\u00f3n Ciudadana y Control Social y la UArtes han desarrollado proyectos de vinculaci\u00f3n con la sociedad, como \u201c\u00c1nima\u201d, dando como resultado productos art\u00edsticos-pedag\u00f3gicos elaborados como material de apoyo para difundir deberes y derechos ciudadanos. El repaso de actividades conjuntas se hace necesario, pues en esa misma l\u00ednea el CPCCS coordin\u00f3 con Hogar de Cristo y Misereor capacitaciones con ni\u00f1os y ni\u00f1as de Monte Sina\u00ed. El acto de cierre fue en el MZ14.<\/p>","protected":false},"author":10,"featured_media":70472,"comment_status":"open","ping_status":"open","sticky":false,"template":"","format":"standard","meta":{"_acf_changed":false,"_uag_custom_page_level_css":"","_monsterinsights_skip_tracking":false,"_monsterinsights_sitenote_active":false,"_monsterinsights_sitenote_note":"","_monsterinsights_sitenote_category":0,"cybocfi_hide_featured_image":"","footnotes":""},"categories":[83,79],"tags":[1264],"infouartes":[],"class_list":["post-70471","post","type-post","status-publish","format-standard","has-post-thumbnail","hentry","category-sedes","category-vinculo","tag-programa"],"acf":[],"yoast_head":"<!-- This site is optimized with the Yoast SEO plugin v27.4 - https:\/\/yoast.com\/product\/yoast-seo-wordpress\/ -->\n<title>Universidad de las Artes - UArtes, sede del cierre de capacitaci\u00f3n del CPCCS con ni\u00f1os y ni\u00f1as de Monte Sina\u00ed<\/title>\n<meta name=\"description\" content=\"Universidad de las Artes - UArtes, sede del cierre de capacitaci\u00f3n del CPCCS con ni\u00f1os y ni\u00f1as de Monte Sina\u00ed\" \/>\n<meta name=\"robots\" content=\"index, follow, max-snippet:-1, max-image-preview:large, max-video-preview:-1\" \/>\n<link rel=\"canonical\" href=\"https:\/\/www.uartes.edu.ec\/sitio\/en\/blog\/2025\/04\/09\/uartes-sede-del-cierre-de-una-capacitacion-que-coordino-el-cpccs-con-ninos-y-ninas-de-monte-sinai\/\" \/>\n<meta property=\"og:locale\" content=\"en_US\" \/>\n<meta property=\"og:type\" content=\"article\" \/>\n<meta property=\"og:title\" content=\"Universidad de las Artes - UArtes, sede del cierre de capacitaci\u00f3n del CPCCS con ni\u00f1os y ni\u00f1as de Monte Sina\u00ed\" \/>\n<meta property=\"og:description\" content=\"Universidad de las Artes - UArtes, sede del cierre de capacitaci\u00f3n del CPCCS con ni\u00f1os y ni\u00f1as de Monte Sina\u00ed\" \/>\n<meta property=\"og:url\" content=\"https:\/\/www.uartes.edu.ec\/sitio\/en\/blog\/2025\/04\/09\/uartes-sede-del-cierre-de-una-capacitacion-que-coordino-el-cpccs-con-ninos-y-ninas-de-monte-sinai\/\" \/>\n<meta property=\"og:site_name\" content=\"Universidad de las Artes\" \/>\n<meta property=\"article:publisher\" content=\"https:\/\/www.facebook.com\/uartesec\" \/>\n<meta property=\"article:published_time\" content=\"2025-04-09T22:19:00+00:00\" \/>\n<meta property=\"article:modified_time\" content=\"2025-04-11T17:46:47+00:00\" \/>\n<meta property=\"og:image\" content=\"https:\/\/www.uartes.edu.ec\/sitio\/wp-content\/uploads\/2025\/04\/06-CIERRE-CAPACITACIONES-MONTE-SINAI.jpg\" \/>\n\t<meta property=\"og:image:width\" content=\"2000\" \/>\n\t<meta property=\"og:image:height\" content=\"1333\" \/>\n\t<meta property=\"og:image:type\" content=\"image\/jpeg\" \/>\n<meta name=\"author\" content=\"ccortez\" \/>\n<meta name=\"twitter:card\" content=\"summary_large_image\" \/>\n<meta name=\"twitter:creator\" content=\"@uartesec\" \/>\n<meta name=\"twitter:site\" content=\"@uartesec\" \/>\n<meta name=\"twitter:label1\" content=\"Written by\" \/>\n\t<meta name=\"twitter:data1\" content=\"ccortez\" \/>\n\t<meta name=\"twitter:label2\" content=\"Est. reading time\" \/>\n\t<meta name=\"twitter:data2\" content=\"2 minutes\" \/>\n<script type=\"application\/ld+json\" class=\"yoast-schema-graph\">{\"@context\":\"https:\\\/\\\/schema.org\",\"@graph\":[{\"@type\":\"Article\",\"@id\":\"https:\\\/\\\/www.uartes.edu.ec\\\/sitio\\\/en\\\/blog\\\/2025\\\/04\\\/09\\\/uartes-sede-del-cierre-de-una-capacitacion-que-coordino-el-cpccs-con-ninos-y-ninas-de-monte-sinai\\\/#article\",\"isPartOf\":{\"@id\":\"https:\\\/\\\/www.uartes.edu.ec\\\/sitio\\\/en\\\/blog\\\/2025\\\/04\\\/09\\\/uartes-sede-del-cierre-de-una-capacitacion-que-coordino-el-cpccs-con-ninos-y-ninas-de-monte-sinai\\\/\"},\"author\":{\"name\":\"ccortez\",\"@id\":\"https:\\\/\\\/www.uartes.edu.ec\\\/sitio\\\/en\\\/#\\\/schema\\\/person\\\/efa1b8275797664fd7f13a79ccc0b1f4\"},\"headline\":\"UArtes, sede del cierre de capacitaci\u00f3n del CPCCS con ni\u00f1os y ni\u00f1as de Monte Sina\u00ed\",\"datePublished\":\"2025-04-09T22:19:00+00:00\",\"dateModified\":\"2025-04-11T17:46:47+00:00\",\"mainEntityOfPage\":{\"@id\":\"https:\\\/\\\/www.uartes.edu.ec\\\/sitio\\\/en\\\/blog\\\/2025\\\/04\\\/09\\\/uartes-sede-del-cierre-de-una-capacitacion-que-coordino-el-cpccs-con-ninos-y-ninas-de-monte-sinai\\\/\"},\"wordCount\":343,\"commentCount\":0,\"publisher\":{\"@id\":\"https:\\\/\\\/www.uartes.edu.ec\\\/sitio\\\/en\\\/#organization\"},\"image\":{\"@id\":\"https:\\\/\\\/www.uartes.edu.ec\\\/sitio\\\/en\\\/blog\\\/2025\\\/04\\\/09\\\/uartes-sede-del-cierre-de-una-capacitacion-que-coordino-el-cpccs-con-ninos-y-ninas-de-monte-sinai\\\/#primaryimage\"},\"thumbnailUrl\":\"https:\\\/\\\/www.uartes.edu.ec\\\/sitio\\\/wp-content\\\/uploads\\\/2025\\\/04\\\/06-CIERRE-CAPACITACIONES-MONTE-SINAI.jpg\",\"keywords\":[\"programa\"],\"articleSection\":[\"Sedes\",\"V\u00ednculo\"],\"inLanguage\":\"en-US\",\"potentialAction\":[{\"@type\":\"CommentAction\",\"name\":\"Comment\",\"target\":[\"https:\\\/\\\/www.uartes.edu.ec\\\/sitio\\\/en\\\/blog\\\/2025\\\/04\\\/09\\\/uartes-sede-del-cierre-de-una-capacitacion-que-coordino-el-cpccs-con-ninos-y-ninas-de-monte-sinai\\\/#respond\"]}]},{\"@type\":[\"WebPage\",\"ItemPage\"],\"@id\":\"https:\\\/\\\/www.uartes.edu.ec\\\/sitio\\\/en\\\/blog\\\/2025\\\/04\\\/09\\\/uartes-sede-del-cierre-de-una-capacitacion-que-coordino-el-cpccs-con-ninos-y-ninas-de-monte-sinai\\\/\",\"url\":\"https:\\\/\\\/www.uartes.edu.ec\\\/sitio\\\/en\\\/blog\\\/2025\\\/04\\\/09\\\/uartes-sede-del-cierre-de-una-capacitacion-que-coordino-el-cpccs-con-ninos-y-ninas-de-monte-sinai\\\/\",\"name\":\"Universidad de las Artes - UArtes, sede del cierre de capacitaci\u00f3n del CPCCS con ni\u00f1os y ni\u00f1as de Monte Sina\u00ed\",\"isPartOf\":{\"@id\":\"https:\\\/\\\/www.uartes.edu.ec\\\/sitio\\\/en\\\/#website\"},\"primaryImageOfPage\":{\"@id\":\"https:\\\/\\\/www.uartes.edu.ec\\\/sitio\\\/en\\\/blog\\\/2025\\\/04\\\/09\\\/uartes-sede-del-cierre-de-una-capacitacion-que-coordino-el-cpccs-con-ninos-y-ninas-de-monte-sinai\\\/#primaryimage\"},\"image\":{\"@id\":\"https:\\\/\\\/www.uartes.edu.ec\\\/sitio\\\/en\\\/blog\\\/2025\\\/04\\\/09\\\/uartes-sede-del-cierre-de-una-capacitacion-que-coordino-el-cpccs-con-ninos-y-ninas-de-monte-sinai\\\/#primaryimage\"},\"thumbnailUrl\":\"https:\\\/\\\/www.uartes.edu.ec\\\/sitio\\\/wp-content\\\/uploads\\\/2025\\\/04\\\/06-CIERRE-CAPACITACIONES-MONTE-SINAI.jpg\",\"datePublished\":\"2025-04-09T22:19:00+00:00\",\"dateModified\":\"2025-04-11T17:46:47+00:00\",\"description\":\"Universidad de las Artes - UArtes, sede del cierre de capacitaci\u00f3n del CPCCS con ni\u00f1os y ni\u00f1as de Monte Sina\u00ed\",\"breadcrumb\":{\"@id\":\"https:\\\/\\\/www.uartes.edu.ec\\\/sitio\\\/en\\\/blog\\\/2025\\\/04\\\/09\\\/uartes-sede-del-cierre-de-una-capacitacion-que-coordino-el-cpccs-con-ninos-y-ninas-de-monte-sinai\\\/#breadcrumb\"},\"inLanguage\":\"en-US\",\"potentialAction\":[{\"@type\":\"ReadAction\",\"target\":[\"https:\\\/\\\/www.uartes.edu.ec\\\/sitio\\\/en\\\/blog\\\/2025\\\/04\\\/09\\\/uartes-sede-del-cierre-de-una-capacitacion-que-coordino-el-cpccs-con-ninos-y-ninas-de-monte-sinai\\\/\"]}]},{\"@type\":\"ImageObject\",\"inLanguage\":\"en-US\",\"@id\":\"https:\\\/\\\/www.uartes.edu.ec\\\/sitio\\\/en\\\/blog\\\/2025\\\/04\\\/09\\\/uartes-sede-del-cierre-de-una-capacitacion-que-coordino-el-cpccs-con-ninos-y-ninas-de-monte-sinai\\\/#primaryimage\",\"url\":\"https:\\\/\\\/www.uartes.edu.ec\\\/sitio\\\/wp-content\\\/uploads\\\/2025\\\/04\\\/06-CIERRE-CAPACITACIONES-MONTE-SINAI.jpg\",\"contentUrl\":\"https:\\\/\\\/www.uartes.edu.ec\\\/sitio\\\/wp-content\\\/uploads\\\/2025\\\/04\\\/06-CIERRE-CAPACITACIONES-MONTE-SINAI.jpg\",\"width\":2000,\"height\":1333},{\"@type\":\"BreadcrumbList\",\"@id\":\"https:\\\/\\\/www.uartes.edu.ec\\\/sitio\\\/en\\\/blog\\\/2025\\\/04\\\/09\\\/uartes-sede-del-cierre-de-una-capacitacion-que-coordino-el-cpccs-con-ninos-y-ninas-de-monte-sinai\\\/#breadcrumb\",\"itemListElement\":[{\"@type\":\"ListItem\",\"position\":1,\"name\":\"Inicio\",\"item\":\"https:\\\/\\\/www.uartes.edu.ec\\\/sitio\\\/\"},{\"@type\":\"ListItem\",\"position\":2,\"name\":\"UArtes, sede del cierre de capacitaci\u00f3n del CPCCS con ni\u00f1os y ni\u00f1as de Monte Sina\u00ed\"}]},{\"@type\":\"WebSite\",\"@id\":\"https:\\\/\\\/www.uartes.edu.ec\\\/sitio\\\/en\\\/#website\",\"url\":\"https:\\\/\\\/www.uartes.edu.ec\\\/sitio\\\/en\\\/\",\"name\":\"Universidad de las Artes\",\"description\":\"Sitio oficial de la Universidad Nacional de las Artes del Ecuador\",\"publisher\":{\"@id\":\"https:\\\/\\\/www.uartes.edu.ec\\\/sitio\\\/en\\\/#organization\"},\"potentialAction\":[{\"@type\":\"SearchAction\",\"target\":{\"@type\":\"EntryPoint\",\"urlTemplate\":\"https:\\\/\\\/www.uartes.edu.ec\\\/sitio\\\/en\\\/?s={search_term_string}\"},\"query-input\":{\"@type\":\"PropertyValueSpecification\",\"valueRequired\":true,\"valueName\":\"search_term_string\"}}],\"inLanguage\":\"en-US\"},{\"@type\":\"Organization\",\"@id\":\"https:\\\/\\\/www.uartes.edu.ec\\\/sitio\\\/en\\\/#organization\",\"name\":\"Universidad de las Artes\",\"url\":\"https:\\\/\\\/www.uartes.edu.ec\\\/sitio\\\/en\\\/\",\"logo\":{\"@type\":\"ImageObject\",\"inLanguage\":\"en-US\",\"@id\":\"https:\\\/\\\/www.uartes.edu.ec\\\/sitio\\\/en\\\/#\\\/schema\\\/logo\\\/image\\\/\",\"url\":\"https:\\\/\\\/www.uartes.edu.ec\\\/sitio\\\/wp-content\\\/uploads\\\/2022\\\/07\\\/logo-ua-horizontal.png\",\"contentUrl\":\"https:\\\/\\\/www.uartes.edu.ec\\\/sitio\\\/wp-content\\\/uploads\\\/2022\\\/07\\\/logo-ua-horizontal.png\",\"width\":800,\"height\":276,\"caption\":\"Universidad de las Artes\"},\"image\":{\"@id\":\"https:\\\/\\\/www.uartes.edu.ec\\\/sitio\\\/en\\\/#\\\/schema\\\/logo\\\/image\\\/\"},\"sameAs\":[\"https:\\\/\\\/www.facebook.com\\\/uartesec\",\"https:\\\/\\\/x.com\\\/uartesec\",\"https:\\\/\\\/www.tiktok.com\\\/@uartesec\"]},{\"@type\":\"Person\",\"@id\":\"https:\\\/\\\/www.uartes.edu.ec\\\/sitio\\\/en\\\/#\\\/schema\\\/person\\\/efa1b8275797664fd7f13a79ccc0b1f4\",\"name\":\"ccortez\",\"image\":{\"@type\":\"ImageObject\",\"inLanguage\":\"en-US\",\"@id\":\"https:\\\/\\\/secure.gravatar.com\\\/avatar\\\/b2a6f664a3ae8e074346ef91775736c5ec479e637ecced6842de9dc98b5da9cd?s=96&d=mm&r=g\",\"url\":\"https:\\\/\\\/secure.gravatar.com\\\/avatar\\\/b2a6f664a3ae8e074346ef91775736c5ec479e637ecced6842de9dc98b5da9cd?s=96&d=mm&r=g\",\"contentUrl\":\"https:\\\/\\\/secure.gravatar.com\\\/avatar\\\/b2a6f664a3ae8e074346ef91775736c5ec479e637ecced6842de9dc98b5da9cd?s=96&d=mm&r=g\",\"caption\":\"ccortez\"},\"url\":\"https:\\\/\\\/www.uartes.edu.ec\\\/sitio\\\/en\\\/blog\\\/author\\\/ccortez\\\/\"}]}<\/script>\n<!-- \/ Yoast SEO plugin. -->","yoast_head_json":{"title":"Universidad de las Artes - UArtes, sede del cierre de capacitaci\u00f3n del CPCCS con ni\u00f1os y ni\u00f1as de Monte Sina\u00ed","description":"Universidad de las Artes - UArtes, sede del cierre de capacitaci\u00f3n del CPCCS con ni\u00f1os y ni\u00f1as de Monte Sina\u00ed","robots":{"index":"index","follow":"follow","max-snippet":"max-snippet:-1","max-image-preview":"max-image-preview:large","max-video-preview":"max-video-preview:-1"},"canonical":"https:\/\/www.uartes.edu.ec\/sitio\/en\/blog\/2025\/04\/09\/uartes-sede-del-cierre-de-una-capacitacion-que-coordino-el-cpccs-con-ninos-y-ninas-de-monte-sinai\/","og_locale":"en_US","og_type":"article","og_title":"Universidad de las Artes - UArtes, sede del cierre de capacitaci\u00f3n del CPCCS con ni\u00f1os y ni\u00f1as de Monte Sina\u00ed","og_description":"Universidad de las Artes - UArtes, sede del cierre de capacitaci\u00f3n del CPCCS con ni\u00f1os y ni\u00f1as de Monte Sina\u00ed","og_url":"https:\/\/www.uartes.edu.ec\/sitio\/en\/blog\/2025\/04\/09\/uartes-sede-del-cierre-de-una-capacitacion-que-coordino-el-cpccs-con-ninos-y-ninas-de-monte-sinai\/","og_site_name":"Universidad de las Artes","article_publisher":"https:\/\/www.facebook.com\/uartesec","article_published_time":"2025-04-09T22:19:00+00:00","article_modified_time":"2025-04-11T17:46:47+00:00","og_image":[{"width":2000,"height":1333,"url":"https:\/\/www.uartes.edu.ec\/sitio\/wp-content\/uploads\/2025\/04\/06-CIERRE-CAPACITACIONES-MONTE-SINAI.jpg","type":"image\/jpeg"}],"author":"ccortez","twitter_card":"summary_large_image","twitter_creator":"@uartesec","twitter_site":"@uartesec","twitter_misc":{"Written by":"ccortez","Est. reading time":"2 minutes"},"schema":{"@context":"https:\/\/schema.org","@graph":[{"@type":"Article","@id":"https:\/\/www.uartes.edu.ec\/sitio\/en\/blog\/2025\/04\/09\/uartes-sede-del-cierre-de-una-capacitacion-que-coordino-el-cpccs-con-ninos-y-ninas-de-monte-sinai\/#article","isPartOf":{"@id":"https:\/\/www.uartes.edu.ec\/sitio\/en\/blog\/2025\/04\/09\/uartes-sede-del-cierre-de-una-capacitacion-que-coordino-el-cpccs-con-ninos-y-ninas-de-monte-sinai\/"},"author":{"name":"ccortez","@id":"https:\/\/www.uartes.edu.ec\/sitio\/en\/#\/schema\/person\/efa1b8275797664fd7f13a79ccc0b1f4"},"headline":"UArtes, sede del cierre de capacitaci\u00f3n del CPCCS con ni\u00f1os y ni\u00f1as de Monte Sina\u00ed","datePublished":"2025-04-09T22:19:00+00:00","dateModified":"2025-04-11T17:46:47+00:00","mainEntityOfPage":{"@id":"https:\/\/www.uartes.edu.ec\/sitio\/en\/blog\/2025\/04\/09\/uartes-sede-del-cierre-de-una-capacitacion-que-coordino-el-cpccs-con-ninos-y-ninas-de-monte-sinai\/"},"wordCount":343,"commentCount":0,"publisher":{"@id":"https:\/\/www.uartes.edu.ec\/sitio\/en\/#organization"},"image":{"@id":"https:\/\/www.uartes.edu.ec\/sitio\/en\/blog\/2025\/04\/09\/uartes-sede-del-cierre-de-una-capacitacion-que-coordino-el-cpccs-con-ninos-y-ninas-de-monte-sinai\/#primaryimage"},"thumbnailUrl":"https:\/\/www.uartes.edu.ec\/sitio\/wp-content\/uploads\/2025\/04\/06-CIERRE-CAPACITACIONES-MONTE-SINAI.jpg","keywords":["programa"],"articleSection":["Sedes","V\u00ednculo"],"inLanguage":"en-US","potentialAction":[{"@type":"CommentAction","name":"Comment","target":["https:\/\/www.uartes.edu.ec\/sitio\/en\/blog\/2025\/04\/09\/uartes-sede-del-cierre-de-una-capacitacion-que-coordino-el-cpccs-con-ninos-y-ninas-de-monte-sinai\/#respond"]}]},{"@type":["WebPage","ItemPage"],"@id":"https:\/\/www.uartes.edu.ec\/sitio\/en\/blog\/2025\/04\/09\/uartes-sede-del-cierre-de-una-capacitacion-que-coordino-el-cpccs-con-ninos-y-ninas-de-monte-sinai\/","url":"https:\/\/www.uartes.edu.ec\/sitio\/en\/blog\/2025\/04\/09\/uartes-sede-del-cierre-de-una-capacitacion-que-coordino-el-cpccs-con-ninos-y-ninas-de-monte-sinai\/","name":"Universidad de las Artes - UArtes, sede del cierre de capacitaci\u00f3n del CPCCS con ni\u00f1os y ni\u00f1as de Monte Sina\u00ed","isPartOf":{"@id":"https:\/\/www.uartes.edu.ec\/sitio\/en\/#website"},"primaryImageOfPage":{"@id":"https:\/\/www.uartes.edu.ec\/sitio\/en\/blog\/2025\/04\/09\/uartes-sede-del-cierre-de-una-capacitacion-que-coordino-el-cpccs-con-ninos-y-ninas-de-monte-sinai\/#primaryimage"},"image":{"@id":"https:\/\/www.uartes.edu.ec\/sitio\/en\/blog\/2025\/04\/09\/uartes-sede-del-cierre-de-una-capacitacion-que-coordino-el-cpccs-con-ninos-y-ninas-de-monte-sinai\/#primaryimage"},"thumbnailUrl":"https:\/\/www.uartes.edu.ec\/sitio\/wp-content\/uploads\/2025\/04\/06-CIERRE-CAPACITACIONES-MONTE-SINAI.jpg","datePublished":"2025-04-09T22:19:00+00:00","dateModified":"2025-04-11T17:46:47+00:00","description":"Universidad de las Artes - UArtes, sede del cierre de capacitaci\u00f3n del CPCCS con ni\u00f1os y ni\u00f1as de Monte Sina\u00ed","breadcrumb":{"@id":"https:\/\/www.uartes.edu.ec\/sitio\/en\/blog\/2025\/04\/09\/uartes-sede-del-cierre-de-una-capacitacion-que-coordino-el-cpccs-con-ninos-y-ninas-de-monte-sinai\/#breadcrumb"},"inLanguage":"en-US","potentialAction":[{"@type":"ReadAction","target":["https:\/\/www.uartes.edu.ec\/sitio\/en\/blog\/2025\/04\/09\/uartes-sede-del-cierre-de-una-capacitacion-que-coordino-el-cpccs-con-ninos-y-ninas-de-monte-sinai\/"]}]},{"@type":"ImageObject","inLanguage":"en-US","@id":"https:\/\/www.uartes.edu.ec\/sitio\/en\/blog\/2025\/04\/09\/uartes-sede-del-cierre-de-una-capacitacion-que-coordino-el-cpccs-con-ninos-y-ninas-de-monte-sinai\/#primaryimage","url":"https:\/\/www.uartes.edu.ec\/sitio\/wp-content\/uploads\/2025\/04\/06-CIERRE-CAPACITACIONES-MONTE-SINAI.jpg","contentUrl":"https:\/\/www.uartes.edu.ec\/sitio\/wp-content\/uploads\/2025\/04\/06-CIERRE-CAPACITACIONES-MONTE-SINAI.jpg","width":2000,"height":1333},{"@type":"BreadcrumbList","@id":"https:\/\/www.uartes.edu.ec\/sitio\/en\/blog\/2025\/04\/09\/uartes-sede-del-cierre-de-una-capacitacion-que-coordino-el-cpccs-con-ninos-y-ninas-de-monte-sinai\/#breadcrumb","itemListElement":[{"@type":"ListItem","position":1,"name":"Inicio","item":"https:\/\/www.uartes.edu.ec\/sitio\/"},{"@type":"ListItem","position":2,"name":"UArtes, sede del cierre de capacitaci\u00f3n del CPCCS con ni\u00f1os y ni\u00f1as de Monte Sina\u00ed"}]},{"@type":"WebSite","@id":"https:\/\/www.uartes.edu.ec\/sitio\/en\/#website","url":"https:\/\/www.uartes.edu.ec\/sitio\/en\/","name":"Universidad de las Artes","description":"Sitio oficial de la Universidad Nacional de las Artes del Ecuador","publisher":{"@id":"https:\/\/www.uartes.edu.ec\/sitio\/en\/#organization"},"potentialAction":[{"@type":"SearchAction","target":{"@type":"EntryPoint","urlTemplate":"https:\/\/www.uartes.edu.ec\/sitio\/en\/?s={search_term_string}"},"query-input":{"@type":"PropertyValueSpecification","valueRequired":true,"valueName":"search_term_string"}}],"inLanguage":"en-US"},{"@type":"Organization","@id":"https:\/\/www.uartes.edu.ec\/sitio\/en\/#organization","name":"Universidad de las Artes","url":"https:\/\/www.uartes.edu.ec\/sitio\/en\/","logo":{"@type":"ImageObject","inLanguage":"en-US","@id":"https:\/\/www.uartes.edu.ec\/sitio\/en\/#\/schema\/logo\/image\/","url":"https:\/\/www.uartes.edu.ec\/sitio\/wp-content\/uploads\/2022\/07\/logo-ua-horizontal.png","contentUrl":"https:\/\/www.uartes.edu.ec\/sitio\/wp-content\/uploads\/2022\/07\/logo-ua-horizontal.png","width":800,"height":276,"caption":"Universidad de las Artes"},"image":{"@id":"https:\/\/www.uartes.edu.ec\/sitio\/en\/#\/schema\/logo\/image\/"},"sameAs":["https:\/\/www.facebook.com\/uartesec","https:\/\/x.com\/uartesec","https:\/\/www.tiktok.com\/@uartesec"]},{"@type":"Person","@id":"https:\/\/www.uartes.edu.ec\/sitio\/en\/#\/schema\/person\/efa1b8275797664fd7f13a79ccc0b1f4","name":"ccortez","image":{"@type":"ImageObject","inLanguage":"en-US","@id":"https:\/\/secure.gravatar.com\/avatar\/b2a6f664a3ae8e074346ef91775736c5ec479e637ecced6842de9dc98b5da9cd?s=96&d=mm&r=g","url":"https:\/\/secure.gravatar.com\/avatar\/b2a6f664a3ae8e074346ef91775736c5ec479e637ecced6842de9dc98b5da9cd?s=96&d=mm&r=g","contentUrl":"https:\/\/secure.gravatar.com\/avatar\/b2a6f664a3ae8e074346ef91775736c5ec479e637ecced6842de9dc98b5da9cd?s=96&d=mm&r=g","caption":"ccortez"},"url":"https:\/\/www.uartes.edu.ec\/sitio\/en\/blog\/author\/ccortez\/"}]}},"uagb_featured_image_src":{"full":["https:\/\/www.uartes.edu.ec\/sitio\/wp-content\/uploads\/2025\/04\/06-CIERRE-CAPACITACIONES-MONTE-SINAI.jpg",2000,1333,false],"thumbnail":["https:\/\/www.uartes.edu.ec\/sitio\/wp-content\/uploads\/2025\/04\/06-CIERRE-CAPACITACIONES-MONTE-SINAI-150x150.jpg",150,150,true],"medium":["https:\/\/www.uartes.edu.ec\/sitio\/wp-content\/uploads\/2025\/04\/06-CIERRE-CAPACITACIONES-MONTE-SINAI-300x200.jpg",300,200,true],"medium_large":["https:\/\/www.uartes.edu.ec\/sitio\/wp-content\/uploads\/2025\/04\/06-CIERRE-CAPACITACIONES-MONTE-SINAI-768x512.jpg",768,512,true],"large":["https:\/\/www.uartes.edu.ec\/sitio\/wp-content\/uploads\/2025\/04\/06-CIERRE-CAPACITACIONES-MONTE-SINAI-644x429.jpg",644,429,true],"1536x1536":["https:\/\/www.uartes.edu.ec\/sitio\/wp-content\/uploads\/2025\/04\/06-CIERRE-CAPACITACIONES-MONTE-SINAI-1536x1024.jpg",1536,1024,true],"2048x2048":["https:\/\/www.uartes.edu.ec\/sitio\/wp-content\/uploads\/2025\/04\/06-CIERRE-CAPACITACIONES-MONTE-SINAI.jpg",2000,1333,false],"trp-custom-language-flag":["https:\/\/www.uartes.edu.ec\/sitio\/wp-content\/uploads\/2025\/04\/06-CIERRE-CAPACITACIONES-MONTE-SINAI-18x12.jpg",18,12,true],"htmega_size_585x295":["https:\/\/www.uartes.edu.ec\/sitio\/wp-content\/uploads\/2025\/04\/06-CIERRE-CAPACITACIONES-MONTE-SINAI-585x295.jpg",585,295,true],"htmega_size_1170x536":["https:\/\/www.uartes.edu.ec\/sitio\/wp-content\/uploads\/2025\/04\/06-CIERRE-CAPACITACIONES-MONTE-SINAI-1170x536.jpg",1170,536,true],"htmega_size_396x360":["https:\/\/www.uartes.edu.ec\/sitio\/wp-content\/uploads\/2025\/04\/06-CIERRE-CAPACITACIONES-MONTE-SINAI-396x360.jpg",396,360,true],"gb-block-post-grid-landscape":["https:\/\/www.uartes.edu.ec\/sitio\/wp-content\/uploads\/2025\/04\/06-CIERRE-CAPACITACIONES-MONTE-SINAI-600x400.jpg",600,400,true],"gb-block-post-grid-square":["https:\/\/www.uartes.edu.ec\/sitio\/wp-content\/uploads\/2025\/04\/06-CIERRE-CAPACITACIONES-MONTE-SINAI-600x600.jpg",600,600,true],"university-hub-thumb":["https:\/\/www.uartes.edu.ec\/sitio\/wp-content\/uploads\/2025\/04\/06-CIERRE-CAPACITACIONES-MONTE-SINAI-400x267.jpg",400,267,true]},"uagb_author_info":{"display_name":"ccortez","author_link":"https:\/\/www.uartes.edu.ec\/sitio\/en\/blog\/author\/ccortez\/"},"uagb_comment_info":0,"uagb_excerpt":"El Consejo de Participaci\u00f3n Ciudadana y Control Social y la UArtes han desarrollado proyectos de vinculaci\u00f3n con la sociedad, como \u201c\u00c1nima\u201d, dando como resultado productos art\u00edsticos-pedag\u00f3gicos elaborados como material de apoyo para difundir deberes y derechos ciudadanos. El repaso de actividades conjuntas se hace necesario, pues en esa misma l\u00ednea el CPCCS coordin\u00f3 con Hogar&hellip;","featured_image_src":"https:\/\/www.uartes.edu.ec\/sitio\/wp-content\/uploads\/2025\/04\/06-CIERRE-CAPACITACIONES-MONTE-SINAI-600x400.jpg","featured_image_src_square":"https:\/\/www.uartes.edu.ec\/sitio\/wp-content\/uploads\/2025\/04\/06-CIERRE-CAPACITACIONES-MONTE-SINAI-600x600.jpg","author_info":{"display_name":"ccortez","author_link":"https:\/\/www.uartes.edu.ec\/sitio\/en\/blog\/author\/ccortez\/"},"publishpress_future_workflow_manual_trigger":{"enabledWorkflows":[]},"distributor_meta":false,"distributor_terms":false,"distributor_media":false,"distributor_original_site_name":"Universidad de las Artes","distributor_original_site_url":"https:\/\/www.uartes.edu.ec\/sitio\/en","push-errors":false,"_links":{"self":[{"href":"https:\/\/www.uartes.edu.ec\/sitio\/en\/wp-json\/wp\/v2\/posts\/70471","targetHints":{"allow":["GET"]}}],"collection":[{"href":"https:\/\/www.uartes.edu.ec\/sitio\/en\/wp-json\/wp\/v2\/posts"}],"about":[{"href":"https:\/\/www.uartes.edu.ec\/sitio\/en\/wp-json\/wp\/v2\/types\/post"}],"author":[{"embeddable":true,"href":"https:\/\/www.uartes.edu.ec\/sitio\/en\/wp-json\/wp\/v2\/users\/10"}],"replies":[{"embeddable":true,"href":"https:\/\/www.uartes.edu.ec\/sitio\/en\/wp-json\/wp\/v2\/comments?post=70471"}],"version-history":[{"count":7,"href":"https:\/\/www.uartes.edu.ec\/sitio\/en\/wp-json\/wp\/v2\/posts\/70471\/revisions"}],"predecessor-version":[{"id":70497,"href":"https:\/\/www.uartes.edu.ec\/sitio\/en\/wp-json\/wp\/v2\/posts\/70471\/revisions\/70497"}],"wp:featuredmedia":[{"embeddable":true,"href":"https:\/\/www.uartes.edu.ec\/sitio\/en\/wp-json\/wp\/v2\/media\/70472"}],"wp:attachment":[{"href":"https:\/\/www.uartes.edu.ec\/sitio\/en\/wp-json\/wp\/v2\/media?parent=70471"}],"wp:term":[{"taxonomy":"category","embeddable":true,"href":"https:\/\/www.uartes.edu.ec\/sitio\/en\/wp-json\/wp\/v2\/categories?post=70471"},{"taxonomy":"post_tag","embeddable":true,"href":"https:\/\/www.uartes.edu.ec\/sitio\/en\/wp-json\/wp\/v2\/tags?post=70471"},{"taxonomy":"infouartes","embeddable":true,"href":"https:\/\/www.uartes.edu.ec\/sitio\/en\/wp-json\/wp\/v2\/infouartes?post=70471"}],"curies":[{"name":"wp","href":"https:\/\/api.w.org\/{rel}","templated":true}]}}