{"id":7051,"date":"2020-05-18T15:40:50","date_gmt":"2020-05-18T20:40:50","guid":{"rendered":"http:\/\/www.uartes.edu.ec\/sitio\/?p=7051"},"modified":"2024-07-04T11:43:08","modified_gmt":"2024-07-04T16:43:08","slug":"docente-fredy-vallejos-autor-de-musica-de-documental-presente-en-festival-de-munich","status":"publish","type":"post","link":"https:\/\/www.uartes.edu.ec\/sitio\/en\/blog\/2020\/05\/18\/docente-fredy-vallejos-autor-de-musica-de-documental-presente-en-festival-de-munich\/","title":{"rendered":"Docente Fredy Vallejos, autor de m\u00fasica de documental presente en festival de M\u00fanich"},"content":{"rendered":"<p>Fredy Vallejos, docente de la Escuela de Artes Sonoras, hizo en 2019 la m\u00fasica de la producci\u00f3n audiovisual colombiana <em>Suspensi\u00f3n,<\/em> la cual participa en la Secci\u00f3n Horizonte del Festival Internacional de Cine Documental de M\u00fanich (Dok.Fest de M\u00fanich). Fue tambi\u00e9n seleccionado para el International Documentary Film Festival&nbsp;Amsterdam (IDFA), en noviembre del a\u00f1o pasado; y, en el Festival Internacional de Cine de Cartagena de Indias (FICCI), en marzo de 2020.<\/p>\n\n\n\n<p>Es de anotar que la edici\u00f3n n\u00famero 35 del Dok.Fest de M\u00fanich se presenta v\u00eda online, debido a las medidas adoptadas a nivel mundial para prevenir el contagio del COVID-19. Por eso, por primera vez, las producciones en competencia se pueden visualizar en l\u00ednea (en la p\u00e1gina web&nbsp;<a href=\"http:\/\/www.dokfest-muenchen.de\/\">www.dokfest-muenchen.de<\/a>) desde el 6 de mayo pasado y se mantendr\u00e1n hasta el 24 pr\u00f3ximo. La muestra presenta una selecci\u00f3n de los mejores documentales internacionales; 21 son estrenos mundiales y 69 para Alemania.<\/p>\n\n\n\n<p>De c\u00f3mo Fredy Vallejos se incorpora al equipo de <em>Suspensi\u00f3n,<\/em> mediante correo electr\u00f3nico el docente indic\u00f3 a InfoUArtes que fue tras su encuentro con Gustavo Vasco (reconocido montajista en el cine colombiano), a quien conoci\u00f3 cuando viv\u00edan en Par\u00eds. Sucedi\u00f3 durante su estad\u00eda en Bogot\u00e1, en mayo del a\u00f1o pasado, para la residencia art\u00edstica con Experimenta Sur de Mapa Teatro. Coincidieron en una de las muestras de ese encuentro internacional y le coment\u00f3 del proyecto; propuso luego su nombre a la producci\u00f3n, con la que el docente de la UArtes entr\u00f3 en contacto despu\u00e9s. \u201cLes interes\u00f3 mi trabajo, adem\u00e1s de mi historia personal, pues vengo de una regi\u00f3n en Colombia muy cercana al lugar donde se desarrollan los hechos que se recogen en el documental\u201d.<\/p>\n\n\n\n<p>Seg\u00fan la sinopsis<em> de Suspensi\u00f3n,<\/em> su desarrollo se sit\u00faa en los Andes colombianos. \u201cAll\u00ed una carretera sinuosa y empinada conduce a trav\u00e9s de las monta\u00f1as; es una importante ruta de conexi\u00f3n, pero no ha sido mejorada desde 1944. Por eso el tr\u00e1nsito es muy peligroso. Se inicia el prestigioso proyecto de \u00abnueva autopista\u00bb, pero pronto se suspende. En medio de la selva solo queda una curva de pavimento, sin principio ni fin, y obreros desempleados. De forma lenta y reflexiva la c\u00e1mara se mueve por caminos de tierra, narrando magistralmente la historia de la gente, entre el cansancio y la esperanza\u201d.<\/p>\n\n\n\n<p>Por ello, para el documental <em>Suspensi\u00f3n,<\/em> Fredy Vallejos indica que su idea de composici\u00f3n&nbsp; musical se centra, sobre todo, en la inmersi\u00f3n de la m\u00fasica dentro del ambiente sonoro propiamente dicho. \u201cEs decir, la m\u00fasica puede pasar a ser otro personaje m\u00e1s. En ciertos momentos puede subrayar alguna acci\u00f3n, pero lo primordial es que sea parte del paisaje\u201d.<\/p>\n\n\n\n<p>Uno de los principales intereses del docente UArtes es el trabajo colaborativo. No solamente con el cine, sino con la danza, la literatura, las artes visuales e incluso la ciencia.&nbsp;Dichas obras colaborativas han sido presentadas en festivales como:&nbsp;Escuchar- Sonidos Visuales (Argentina),&nbsp;Charleroi Danse (B\u00e9lgica), FICCI (Colombia),&nbsp;AI MAAKO (Chile),&nbsp;Manifeste (Francia),&nbsp;&nbsp;IDFA (Holanda),&nbsp;Visiones Sonoras (M\u00e9xico), Recontres Internationales du Cinema (Par\u00eds-Berl\u00edn), La Trenza Sonora (Per\u00fa), Archipel (Suiza), entre otros.&nbsp;<\/p>\n\n\n\n<p>Actualmente, Fredy Vallejos revela trabajar en varios proyectos. Menciona, entre otros, el de producci\u00f3n discogr\u00e1fica en colaboraci\u00f3n con un artista visual&nbsp;y varios te\u00f3ricos o music\u00f3logos de diferentes latitudes, quienes har\u00e1n los comentarios de las obras.<\/p>\n\n\n\n<p>Contin\u00faa tambi\u00e9n con la puesta en escena de una obra donde la m\u00fasica, la poes\u00eda y el video confluyen en un performance en vivo (se puede ver un extracto de esa producci\u00f3n en el link <a href=\"https:\/\/www.youtube.com\/watch?v=rDFKtC2TEvo&amp;t=7s\">https:\/\/www.youtube.com\/watch?v=rDFKtC2TEvo&amp;t=7s<\/a>). \u201cY desde hace casi dos a\u00f1os me encuentro trabajando en un proyecto con miembros del Ensamble ICTUS sobre la exploraci\u00f3n de gram\u00e1ticas musicales que podr\u00eda denominar Chi&#8217;xi, haciendo alusi\u00f3n al concepto de Silvia Rivera Cusicanqui. Este proyecto se ha presentado en Berl\u00edn y Viena, y tiene ya proyectado diferentes performances en Grecia, Inglaterra, Finlandia, entre otros\u201d.&nbsp;<\/p>\n\n\n\n<div class=\"wp-block-image\"><figure class=\"aligncenter size-large\"><img fetchpriority=\"high\" decoding=\"async\" width=\"644\" height=\"429\" src=\"http:\/\/www.uartes.edu.ec\/sitio\/wp-content\/uploads\/2020\/05\/FV2-644x429.jpg\" alt=\"\" class=\"wp-image-7052\" srcset=\"https:\/\/www.uartes.edu.ec\/sitio\/wp-content\/uploads\/2020\/05\/FV2-644x429.jpg 644w, https:\/\/www.uartes.edu.ec\/sitio\/wp-content\/uploads\/2020\/05\/FV2-300x200.jpg 300w, https:\/\/www.uartes.edu.ec\/sitio\/wp-content\/uploads\/2020\/05\/FV2-768x512.jpg 768w, https:\/\/www.uartes.edu.ec\/sitio\/wp-content\/uploads\/2020\/05\/FV2-1536x1024.jpg 1536w, https:\/\/www.uartes.edu.ec\/sitio\/wp-content\/uploads\/2020\/05\/FV2-600x400.jpg 600w, https:\/\/www.uartes.edu.ec\/sitio\/wp-content\/uploads\/2020\/05\/FV2-400x267.jpg 400w, https:\/\/www.uartes.edu.ec\/sitio\/wp-content\/uploads\/2020\/05\/FV2-272x182.jpg 272w, https:\/\/www.uartes.edu.ec\/sitio\/wp-content\/uploads\/2020\/05\/FV2.jpg 2000w\" sizes=\"(max-width: 644px) 100vw, 644px\" \/><\/figure><\/div>\n\n\n\n<p>Sobre el trabajo de Fredy Vallejos se puede obtener m\u00e1s informaci\u00f3n (en espa\u00f1ol, ingl\u00e9s y franc\u00e9s) en <a href=\"https:\/\/www.fredyvallejos.com\/es\/\" target=\"_blank\" rel=\"noreferrer noopener\">https:\/\/www.fredyvallejos.com\/es\/<\/a><\/p>\n\n\n\n<p>Trailer de <em>Suspensi\u00f3n:<\/em>\u00a0<a href=\"https:\/\/www.dokfest-muenchen.de\/films\/view\/20409\">https:\/\/www.dokfest-muenchen.de\/films\/view\/20409<\/a><\/p>","protected":false},"excerpt":{"rendered":"<p>Fredy Vallejos, docente de la Escuela de Artes Sonoras, hizo en 2019 la m\u00fasica de la producci\u00f3n audiovisual colombiana Suspensi\u00f3n, la cual participa en la Secci\u00f3n Horizonte del Festival Internacional de Cine Documental de M\u00fanich (Dok.Fest de M\u00fanich). <\/p>","protected":false},"author":1,"featured_media":7053,"comment_status":"closed","ping_status":"closed","sticky":false,"template":"","format":"standard","meta":{"_acf_changed":false,"_uag_custom_page_level_css":"","_monsterinsights_skip_tracking":false,"_monsterinsights_sitenote_active":false,"_monsterinsights_sitenote_note":"","_monsterinsights_sitenote_category":0,"cybocfi_hide_featured_image":"","footnotes":""},"categories":[82,75],"tags":[],"infouartes":[],"class_list":["post-7051","post","type-post","status-publish","format-standard","has-post-thumbnail","hentry","category-artes","category-docentes"],"acf":[],"yoast_head":"<!-- This site is optimized with the Yoast SEO plugin v27.4 - https:\/\/yoast.com\/product\/yoast-seo-wordpress\/ -->\n<title>Universidad de las Artes - Docente Fredy Vallejos, autor de m\u00fasica de documental presente en festival de M\u00fanich<\/title>\n<meta name=\"description\" content=\"Universidad de las Artes - Docente Fredy Vallejos, autor de m\u00fasica de documental presente en festival de M\u00fanich\" \/>\n<meta name=\"robots\" content=\"index, follow, max-snippet:-1, max-image-preview:large, max-video-preview:-1\" \/>\n<link rel=\"canonical\" href=\"https:\/\/www.uartes.edu.ec\/sitio\/en\/blog\/2020\/05\/18\/docente-fredy-vallejos-autor-de-musica-de-documental-presente-en-festival-de-munich\/\" \/>\n<meta property=\"og:locale\" content=\"en_US\" \/>\n<meta property=\"og:type\" content=\"article\" \/>\n<meta property=\"og:title\" content=\"Universidad de las Artes - Docente Fredy Vallejos, autor de m\u00fasica de documental presente en festival de M\u00fanich\" \/>\n<meta property=\"og:description\" content=\"Universidad de las Artes - Docente Fredy Vallejos, autor de m\u00fasica de documental presente en festival de M\u00fanich\" \/>\n<meta property=\"og:url\" content=\"https:\/\/www.uartes.edu.ec\/sitio\/en\/blog\/2020\/05\/18\/docente-fredy-vallejos-autor-de-musica-de-documental-presente-en-festival-de-munich\/\" \/>\n<meta property=\"og:site_name\" content=\"Universidad de las Artes\" \/>\n<meta property=\"article:publisher\" content=\"https:\/\/www.facebook.com\/uartesec\" \/>\n<meta property=\"article:published_time\" content=\"2020-05-18T20:40:50+00:00\" \/>\n<meta property=\"article:modified_time\" content=\"2024-07-04T16:43:08+00:00\" \/>\n<meta property=\"og:image\" content=\"https:\/\/www.uartes.edu.ec\/sitio\/wp-content\/uploads\/2020\/05\/SUSPENSION-PORTADA.jpg\" \/>\n\t<meta property=\"og:image:width\" content=\"1152\" \/>\n\t<meta property=\"og:image:height\" content=\"768\" \/>\n\t<meta property=\"og:image:type\" content=\"image\/jpeg\" \/>\n<meta name=\"author\" content=\"Universidad de las Artes\" \/>\n<meta name=\"twitter:card\" content=\"summary_large_image\" \/>\n<meta name=\"twitter:creator\" content=\"@uartesec\" \/>\n<meta name=\"twitter:site\" content=\"@uartesec\" \/>\n<meta name=\"twitter:label1\" content=\"Written by\" \/>\n\t<meta name=\"twitter:data1\" content=\"Universidad de las Artes\" \/>\n\t<meta name=\"twitter:label2\" content=\"Est. reading time\" \/>\n\t<meta name=\"twitter:data2\" content=\"4 minutes\" \/>\n<script type=\"application\/ld+json\" class=\"yoast-schema-graph\">{\"@context\":\"https:\\\/\\\/schema.org\",\"@graph\":[{\"@type\":\"Article\",\"@id\":\"https:\\\/\\\/www.uartes.edu.ec\\\/sitio\\\/en\\\/blog\\\/2020\\\/05\\\/18\\\/docente-fredy-vallejos-autor-de-musica-de-documental-presente-en-festival-de-munich\\\/#article\",\"isPartOf\":{\"@id\":\"https:\\\/\\\/www.uartes.edu.ec\\\/sitio\\\/en\\\/blog\\\/2020\\\/05\\\/18\\\/docente-fredy-vallejos-autor-de-musica-de-documental-presente-en-festival-de-munich\\\/\"},\"author\":{\"name\":\"Universidad de las Artes\",\"@id\":\"https:\\\/\\\/www.uartes.edu.ec\\\/sitio\\\/en\\\/#\\\/schema\\\/person\\\/f33f8c1d2af0d5c80a38c8abf458184a\"},\"headline\":\"Docente Fredy Vallejos, autor de m\u00fasica de documental presente en festival de M\u00fanich\",\"datePublished\":\"2020-05-18T20:40:50+00:00\",\"dateModified\":\"2024-07-04T16:43:08+00:00\",\"mainEntityOfPage\":{\"@id\":\"https:\\\/\\\/www.uartes.edu.ec\\\/sitio\\\/en\\\/blog\\\/2020\\\/05\\\/18\\\/docente-fredy-vallejos-autor-de-musica-de-documental-presente-en-festival-de-munich\\\/\"},\"wordCount\":771,\"publisher\":{\"@id\":\"https:\\\/\\\/www.uartes.edu.ec\\\/sitio\\\/en\\\/#organization\"},\"image\":{\"@id\":\"https:\\\/\\\/www.uartes.edu.ec\\\/sitio\\\/en\\\/blog\\\/2020\\\/05\\\/18\\\/docente-fredy-vallejos-autor-de-musica-de-documental-presente-en-festival-de-munich\\\/#primaryimage\"},\"thumbnailUrl\":\"https:\\\/\\\/www.uartes.edu.ec\\\/sitio\\\/wp-content\\\/uploads\\\/2020\\\/05\\\/SUSPENSION-PORTADA.jpg\",\"articleSection\":[\"Artes\",\"Docentes\"],\"inLanguage\":\"en-US\"},{\"@type\":[\"WebPage\",\"ItemPage\"],\"@id\":\"https:\\\/\\\/www.uartes.edu.ec\\\/sitio\\\/en\\\/blog\\\/2020\\\/05\\\/18\\\/docente-fredy-vallejos-autor-de-musica-de-documental-presente-en-festival-de-munich\\\/\",\"url\":\"https:\\\/\\\/www.uartes.edu.ec\\\/sitio\\\/en\\\/blog\\\/2020\\\/05\\\/18\\\/docente-fredy-vallejos-autor-de-musica-de-documental-presente-en-festival-de-munich\\\/\",\"name\":\"Universidad de las Artes - Docente Fredy Vallejos, autor de m\u00fasica de documental presente en festival de M\u00fanich\",\"isPartOf\":{\"@id\":\"https:\\\/\\\/www.uartes.edu.ec\\\/sitio\\\/en\\\/#website\"},\"primaryImageOfPage\":{\"@id\":\"https:\\\/\\\/www.uartes.edu.ec\\\/sitio\\\/en\\\/blog\\\/2020\\\/05\\\/18\\\/docente-fredy-vallejos-autor-de-musica-de-documental-presente-en-festival-de-munich\\\/#primaryimage\"},\"image\":{\"@id\":\"https:\\\/\\\/www.uartes.edu.ec\\\/sitio\\\/en\\\/blog\\\/2020\\\/05\\\/18\\\/docente-fredy-vallejos-autor-de-musica-de-documental-presente-en-festival-de-munich\\\/#primaryimage\"},\"thumbnailUrl\":\"https:\\\/\\\/www.uartes.edu.ec\\\/sitio\\\/wp-content\\\/uploads\\\/2020\\\/05\\\/SUSPENSION-PORTADA.jpg\",\"datePublished\":\"2020-05-18T20:40:50+00:00\",\"dateModified\":\"2024-07-04T16:43:08+00:00\",\"description\":\"Universidad de las Artes - Docente Fredy Vallejos, autor de m\u00fasica de documental presente en festival de M\u00fanich\",\"breadcrumb\":{\"@id\":\"https:\\\/\\\/www.uartes.edu.ec\\\/sitio\\\/en\\\/blog\\\/2020\\\/05\\\/18\\\/docente-fredy-vallejos-autor-de-musica-de-documental-presente-en-festival-de-munich\\\/#breadcrumb\"},\"inLanguage\":\"en-US\",\"potentialAction\":[{\"@type\":\"ReadAction\",\"target\":[\"https:\\\/\\\/www.uartes.edu.ec\\\/sitio\\\/en\\\/blog\\\/2020\\\/05\\\/18\\\/docente-fredy-vallejos-autor-de-musica-de-documental-presente-en-festival-de-munich\\\/\"]}]},{\"@type\":\"ImageObject\",\"inLanguage\":\"en-US\",\"@id\":\"https:\\\/\\\/www.uartes.edu.ec\\\/sitio\\\/en\\\/blog\\\/2020\\\/05\\\/18\\\/docente-fredy-vallejos-autor-de-musica-de-documental-presente-en-festival-de-munich\\\/#primaryimage\",\"url\":\"https:\\\/\\\/www.uartes.edu.ec\\\/sitio\\\/wp-content\\\/uploads\\\/2020\\\/05\\\/SUSPENSION-PORTADA.jpg\",\"contentUrl\":\"https:\\\/\\\/www.uartes.edu.ec\\\/sitio\\\/wp-content\\\/uploads\\\/2020\\\/05\\\/SUSPENSION-PORTADA.jpg\",\"width\":1152,\"height\":768},{\"@type\":\"BreadcrumbList\",\"@id\":\"https:\\\/\\\/www.uartes.edu.ec\\\/sitio\\\/en\\\/blog\\\/2020\\\/05\\\/18\\\/docente-fredy-vallejos-autor-de-musica-de-documental-presente-en-festival-de-munich\\\/#breadcrumb\",\"itemListElement\":[{\"@type\":\"ListItem\",\"position\":1,\"name\":\"Inicio\",\"item\":\"https:\\\/\\\/www.uartes.edu.ec\\\/sitio\\\/\"},{\"@type\":\"ListItem\",\"position\":2,\"name\":\"Docente Fredy Vallejos, autor de m\u00fasica de documental presente en festival de M\u00fanich\"}]},{\"@type\":\"WebSite\",\"@id\":\"https:\\\/\\\/www.uartes.edu.ec\\\/sitio\\\/en\\\/#website\",\"url\":\"https:\\\/\\\/www.uartes.edu.ec\\\/sitio\\\/en\\\/\",\"name\":\"Universidad de las Artes\",\"description\":\"Sitio oficial de la Universidad Nacional de las Artes del Ecuador\",\"publisher\":{\"@id\":\"https:\\\/\\\/www.uartes.edu.ec\\\/sitio\\\/en\\\/#organization\"},\"potentialAction\":[{\"@type\":\"SearchAction\",\"target\":{\"@type\":\"EntryPoint\",\"urlTemplate\":\"https:\\\/\\\/www.uartes.edu.ec\\\/sitio\\\/en\\\/?s={search_term_string}\"},\"query-input\":{\"@type\":\"PropertyValueSpecification\",\"valueRequired\":true,\"valueName\":\"search_term_string\"}}],\"inLanguage\":\"en-US\"},{\"@type\":\"Organization\",\"@id\":\"https:\\\/\\\/www.uartes.edu.ec\\\/sitio\\\/en\\\/#organization\",\"name\":\"Universidad de las Artes\",\"url\":\"https:\\\/\\\/www.uartes.edu.ec\\\/sitio\\\/en\\\/\",\"logo\":{\"@type\":\"ImageObject\",\"inLanguage\":\"en-US\",\"@id\":\"https:\\\/\\\/www.uartes.edu.ec\\\/sitio\\\/en\\\/#\\\/schema\\\/logo\\\/image\\\/\",\"url\":\"https:\\\/\\\/www.uartes.edu.ec\\\/sitio\\\/wp-content\\\/uploads\\\/2022\\\/07\\\/logo-ua-horizontal.png\",\"contentUrl\":\"https:\\\/\\\/www.uartes.edu.ec\\\/sitio\\\/wp-content\\\/uploads\\\/2022\\\/07\\\/logo-ua-horizontal.png\",\"width\":800,\"height\":276,\"caption\":\"Universidad de las Artes\"},\"image\":{\"@id\":\"https:\\\/\\\/www.uartes.edu.ec\\\/sitio\\\/en\\\/#\\\/schema\\\/logo\\\/image\\\/\"},\"sameAs\":[\"https:\\\/\\\/www.facebook.com\\\/uartesec\",\"https:\\\/\\\/x.com\\\/uartesec\",\"https:\\\/\\\/www.tiktok.com\\\/@uartesec\"]},{\"@type\":\"Person\",\"@id\":\"https:\\\/\\\/www.uartes.edu.ec\\\/sitio\\\/en\\\/#\\\/schema\\\/person\\\/f33f8c1d2af0d5c80a38c8abf458184a\",\"name\":\"Universidad de las Artes\",\"image\":{\"@type\":\"ImageObject\",\"inLanguage\":\"en-US\",\"@id\":\"https:\\\/\\\/secure.gravatar.com\\\/avatar\\\/52e4757902f5cfa5ac52d020e5be83cae5487519154b6c35482fe08d589f3c13?s=96&d=mm&r=g\",\"url\":\"https:\\\/\\\/secure.gravatar.com\\\/avatar\\\/52e4757902f5cfa5ac52d020e5be83cae5487519154b6c35482fe08d589f3c13?s=96&d=mm&r=g\",\"contentUrl\":\"https:\\\/\\\/secure.gravatar.com\\\/avatar\\\/52e4757902f5cfa5ac52d020e5be83cae5487519154b6c35482fe08d589f3c13?s=96&d=mm&r=g\",\"caption\":\"Universidad de las Artes\"},\"url\":\"https:\\\/\\\/www.uartes.edu.ec\\\/sitio\\\/en\\\/blog\\\/author\\\/dircomadm\\\/\"}]}<\/script>\n<!-- \/ Yoast SEO plugin. -->","yoast_head_json":{"title":"Universidad de las Artes - Docente Fredy Vallejos, autor de m\u00fasica de documental presente en festival de M\u00fanich","description":"Universidad de las Artes - Docente Fredy Vallejos, autor de m\u00fasica de documental presente en festival de M\u00fanich","robots":{"index":"index","follow":"follow","max-snippet":"max-snippet:-1","max-image-preview":"max-image-preview:large","max-video-preview":"max-video-preview:-1"},"canonical":"https:\/\/www.uartes.edu.ec\/sitio\/en\/blog\/2020\/05\/18\/docente-fredy-vallejos-autor-de-musica-de-documental-presente-en-festival-de-munich\/","og_locale":"en_US","og_type":"article","og_title":"Universidad de las Artes - Docente Fredy Vallejos, autor de m\u00fasica de documental presente en festival de M\u00fanich","og_description":"Universidad de las Artes - Docente Fredy Vallejos, autor de m\u00fasica de documental presente en festival de M\u00fanich","og_url":"https:\/\/www.uartes.edu.ec\/sitio\/en\/blog\/2020\/05\/18\/docente-fredy-vallejos-autor-de-musica-de-documental-presente-en-festival-de-munich\/","og_site_name":"Universidad de las Artes","article_publisher":"https:\/\/www.facebook.com\/uartesec","article_published_time":"2020-05-18T20:40:50+00:00","article_modified_time":"2024-07-04T16:43:08+00:00","og_image":[{"width":1152,"height":768,"url":"https:\/\/www.uartes.edu.ec\/sitio\/wp-content\/uploads\/2020\/05\/SUSPENSION-PORTADA.jpg","type":"image\/jpeg"}],"author":"Universidad de las Artes","twitter_card":"summary_large_image","twitter_creator":"@uartesec","twitter_site":"@uartesec","twitter_misc":{"Written by":"Universidad de las Artes","Est. reading time":"4 minutes"},"schema":{"@context":"https:\/\/schema.org","@graph":[{"@type":"Article","@id":"https:\/\/www.uartes.edu.ec\/sitio\/en\/blog\/2020\/05\/18\/docente-fredy-vallejos-autor-de-musica-de-documental-presente-en-festival-de-munich\/#article","isPartOf":{"@id":"https:\/\/www.uartes.edu.ec\/sitio\/en\/blog\/2020\/05\/18\/docente-fredy-vallejos-autor-de-musica-de-documental-presente-en-festival-de-munich\/"},"author":{"name":"Universidad de las Artes","@id":"https:\/\/www.uartes.edu.ec\/sitio\/en\/#\/schema\/person\/f33f8c1d2af0d5c80a38c8abf458184a"},"headline":"Docente Fredy Vallejos, autor de m\u00fasica de documental presente en festival de M\u00fanich","datePublished":"2020-05-18T20:40:50+00:00","dateModified":"2024-07-04T16:43:08+00:00","mainEntityOfPage":{"@id":"https:\/\/www.uartes.edu.ec\/sitio\/en\/blog\/2020\/05\/18\/docente-fredy-vallejos-autor-de-musica-de-documental-presente-en-festival-de-munich\/"},"wordCount":771,"publisher":{"@id":"https:\/\/www.uartes.edu.ec\/sitio\/en\/#organization"},"image":{"@id":"https:\/\/www.uartes.edu.ec\/sitio\/en\/blog\/2020\/05\/18\/docente-fredy-vallejos-autor-de-musica-de-documental-presente-en-festival-de-munich\/#primaryimage"},"thumbnailUrl":"https:\/\/www.uartes.edu.ec\/sitio\/wp-content\/uploads\/2020\/05\/SUSPENSION-PORTADA.jpg","articleSection":["Artes","Docentes"],"inLanguage":"en-US"},{"@type":["WebPage","ItemPage"],"@id":"https:\/\/www.uartes.edu.ec\/sitio\/en\/blog\/2020\/05\/18\/docente-fredy-vallejos-autor-de-musica-de-documental-presente-en-festival-de-munich\/","url":"https:\/\/www.uartes.edu.ec\/sitio\/en\/blog\/2020\/05\/18\/docente-fredy-vallejos-autor-de-musica-de-documental-presente-en-festival-de-munich\/","name":"Universidad de las Artes - Docente Fredy Vallejos, autor de m\u00fasica de documental presente en festival de M\u00fanich","isPartOf":{"@id":"https:\/\/www.uartes.edu.ec\/sitio\/en\/#website"},"primaryImageOfPage":{"@id":"https:\/\/www.uartes.edu.ec\/sitio\/en\/blog\/2020\/05\/18\/docente-fredy-vallejos-autor-de-musica-de-documental-presente-en-festival-de-munich\/#primaryimage"},"image":{"@id":"https:\/\/www.uartes.edu.ec\/sitio\/en\/blog\/2020\/05\/18\/docente-fredy-vallejos-autor-de-musica-de-documental-presente-en-festival-de-munich\/#primaryimage"},"thumbnailUrl":"https:\/\/www.uartes.edu.ec\/sitio\/wp-content\/uploads\/2020\/05\/SUSPENSION-PORTADA.jpg","datePublished":"2020-05-18T20:40:50+00:00","dateModified":"2024-07-04T16:43:08+00:00","description":"Universidad de las Artes - Docente Fredy Vallejos, autor de m\u00fasica de documental presente en festival de M\u00fanich","breadcrumb":{"@id":"https:\/\/www.uartes.edu.ec\/sitio\/en\/blog\/2020\/05\/18\/docente-fredy-vallejos-autor-de-musica-de-documental-presente-en-festival-de-munich\/#breadcrumb"},"inLanguage":"en-US","potentialAction":[{"@type":"ReadAction","target":["https:\/\/www.uartes.edu.ec\/sitio\/en\/blog\/2020\/05\/18\/docente-fredy-vallejos-autor-de-musica-de-documental-presente-en-festival-de-munich\/"]}]},{"@type":"ImageObject","inLanguage":"en-US","@id":"https:\/\/www.uartes.edu.ec\/sitio\/en\/blog\/2020\/05\/18\/docente-fredy-vallejos-autor-de-musica-de-documental-presente-en-festival-de-munich\/#primaryimage","url":"https:\/\/www.uartes.edu.ec\/sitio\/wp-content\/uploads\/2020\/05\/SUSPENSION-PORTADA.jpg","contentUrl":"https:\/\/www.uartes.edu.ec\/sitio\/wp-content\/uploads\/2020\/05\/SUSPENSION-PORTADA.jpg","width":1152,"height":768},{"@type":"BreadcrumbList","@id":"https:\/\/www.uartes.edu.ec\/sitio\/en\/blog\/2020\/05\/18\/docente-fredy-vallejos-autor-de-musica-de-documental-presente-en-festival-de-munich\/#breadcrumb","itemListElement":[{"@type":"ListItem","position":1,"name":"Inicio","item":"https:\/\/www.uartes.edu.ec\/sitio\/"},{"@type":"ListItem","position":2,"name":"Docente Fredy Vallejos, autor de m\u00fasica de documental presente en festival de M\u00fanich"}]},{"@type":"WebSite","@id":"https:\/\/www.uartes.edu.ec\/sitio\/en\/#website","url":"https:\/\/www.uartes.edu.ec\/sitio\/en\/","name":"Universidad de las Artes","description":"Sitio oficial de la Universidad Nacional de las Artes del Ecuador","publisher":{"@id":"https:\/\/www.uartes.edu.ec\/sitio\/en\/#organization"},"potentialAction":[{"@type":"SearchAction","target":{"@type":"EntryPoint","urlTemplate":"https:\/\/www.uartes.edu.ec\/sitio\/en\/?s={search_term_string}"},"query-input":{"@type":"PropertyValueSpecification","valueRequired":true,"valueName":"search_term_string"}}],"inLanguage":"en-US"},{"@type":"Organization","@id":"https:\/\/www.uartes.edu.ec\/sitio\/en\/#organization","name":"Universidad de las Artes","url":"https:\/\/www.uartes.edu.ec\/sitio\/en\/","logo":{"@type":"ImageObject","inLanguage":"en-US","@id":"https:\/\/www.uartes.edu.ec\/sitio\/en\/#\/schema\/logo\/image\/","url":"https:\/\/www.uartes.edu.ec\/sitio\/wp-content\/uploads\/2022\/07\/logo-ua-horizontal.png","contentUrl":"https:\/\/www.uartes.edu.ec\/sitio\/wp-content\/uploads\/2022\/07\/logo-ua-horizontal.png","width":800,"height":276,"caption":"Universidad de las Artes"},"image":{"@id":"https:\/\/www.uartes.edu.ec\/sitio\/en\/#\/schema\/logo\/image\/"},"sameAs":["https:\/\/www.facebook.com\/uartesec","https:\/\/x.com\/uartesec","https:\/\/www.tiktok.com\/@uartesec"]},{"@type":"Person","@id":"https:\/\/www.uartes.edu.ec\/sitio\/en\/#\/schema\/person\/f33f8c1d2af0d5c80a38c8abf458184a","name":"Universidad de las Artes","image":{"@type":"ImageObject","inLanguage":"en-US","@id":"https:\/\/secure.gravatar.com\/avatar\/52e4757902f5cfa5ac52d020e5be83cae5487519154b6c35482fe08d589f3c13?s=96&d=mm&r=g","url":"https:\/\/secure.gravatar.com\/avatar\/52e4757902f5cfa5ac52d020e5be83cae5487519154b6c35482fe08d589f3c13?s=96&d=mm&r=g","contentUrl":"https:\/\/secure.gravatar.com\/avatar\/52e4757902f5cfa5ac52d020e5be83cae5487519154b6c35482fe08d589f3c13?s=96&d=mm&r=g","caption":"Universidad de las Artes"},"url":"https:\/\/www.uartes.edu.ec\/sitio\/en\/blog\/author\/dircomadm\/"}]}},"uagb_featured_image_src":{"full":["https:\/\/www.uartes.edu.ec\/sitio\/wp-content\/uploads\/2020\/05\/SUSPENSION-PORTADA.jpg",1152,768,false],"thumbnail":["https:\/\/www.uartes.edu.ec\/sitio\/wp-content\/uploads\/2020\/05\/SUSPENSION-PORTADA-150x150.jpg",150,150,true],"medium":["https:\/\/www.uartes.edu.ec\/sitio\/wp-content\/uploads\/2020\/05\/SUSPENSION-PORTADA-300x200.jpg",300,200,true],"medium_large":["https:\/\/www.uartes.edu.ec\/sitio\/wp-content\/uploads\/2020\/05\/SUSPENSION-PORTADA-768x512.jpg",768,512,true],"large":["https:\/\/www.uartes.edu.ec\/sitio\/wp-content\/uploads\/2020\/05\/SUSPENSION-PORTADA-644x429.jpg",644,429,true],"1536x1536":["https:\/\/www.uartes.edu.ec\/sitio\/wp-content\/uploads\/2020\/05\/SUSPENSION-PORTADA.jpg",1152,768,false],"2048x2048":["https:\/\/www.uartes.edu.ec\/sitio\/wp-content\/uploads\/2020\/05\/SUSPENSION-PORTADA.jpg",1152,768,false],"trp-custom-language-flag":["https:\/\/www.uartes.edu.ec\/sitio\/wp-content\/uploads\/2020\/05\/SUSPENSION-PORTADA.jpg",18,12,false],"htmega_size_585x295":["https:\/\/www.uartes.edu.ec\/sitio\/wp-content\/uploads\/2020\/05\/SUSPENSION-PORTADA.jpg",443,295,false],"htmega_size_1170x536":["https:\/\/www.uartes.edu.ec\/sitio\/wp-content\/uploads\/2020\/05\/SUSPENSION-PORTADA.jpg",804,536,false],"htmega_size_396x360":["https:\/\/www.uartes.edu.ec\/sitio\/wp-content\/uploads\/2020\/05\/SUSPENSION-PORTADA.jpg",396,264,false],"gb-block-post-grid-landscape":["https:\/\/www.uartes.edu.ec\/sitio\/wp-content\/uploads\/2020\/05\/SUSPENSION-PORTADA.jpg",600,400,false],"gb-block-post-grid-square":["https:\/\/www.uartes.edu.ec\/sitio\/wp-content\/uploads\/2020\/05\/SUSPENSION-PORTADA.jpg",600,400,false],"university-hub-thumb":["https:\/\/www.uartes.edu.ec\/sitio\/wp-content\/uploads\/2020\/05\/SUSPENSION-PORTADA-400x267.jpg",400,267,true]},"uagb_author_info":{"display_name":"Universidad de las Artes","author_link":"https:\/\/www.uartes.edu.ec\/sitio\/en\/blog\/author\/dircomadm\/"},"uagb_comment_info":0,"uagb_excerpt":"Fredy Vallejos, docente de la Escuela de Artes Sonoras, hizo en 2019 la m\u00fasica de la producci\u00f3n audiovisual colombiana Suspensi\u00f3n, la cual participa en la Secci\u00f3n Horizonte del Festival Internacional de Cine Documental de M\u00fanich (Dok.Fest de M\u00fanich).","featured_image_src":"https:\/\/www.uartes.edu.ec\/sitio\/wp-content\/uploads\/2020\/05\/SUSPENSION-PORTADA.jpg","featured_image_src_square":"https:\/\/www.uartes.edu.ec\/sitio\/wp-content\/uploads\/2020\/05\/SUSPENSION-PORTADA.jpg","author_info":{"display_name":"Universidad de las Artes","author_link":"https:\/\/www.uartes.edu.ec\/sitio\/en\/blog\/author\/dircomadm\/"},"publishpress_future_workflow_manual_trigger":{"enabledWorkflows":[]},"distributor_meta":false,"distributor_terms":false,"distributor_media":false,"distributor_original_site_name":"Universidad de las Artes","distributor_original_site_url":"https:\/\/www.uartes.edu.ec\/sitio\/en","push-errors":false,"_links":{"self":[{"href":"https:\/\/www.uartes.edu.ec\/sitio\/en\/wp-json\/wp\/v2\/posts\/7051","targetHints":{"allow":["GET"]}}],"collection":[{"href":"https:\/\/www.uartes.edu.ec\/sitio\/en\/wp-json\/wp\/v2\/posts"}],"about":[{"href":"https:\/\/www.uartes.edu.ec\/sitio\/en\/wp-json\/wp\/v2\/types\/post"}],"author":[{"embeddable":true,"href":"https:\/\/www.uartes.edu.ec\/sitio\/en\/wp-json\/wp\/v2\/users\/1"}],"replies":[{"embeddable":true,"href":"https:\/\/www.uartes.edu.ec\/sitio\/en\/wp-json\/wp\/v2\/comments?post=7051"}],"version-history":[{"count":2,"href":"https:\/\/www.uartes.edu.ec\/sitio\/en\/wp-json\/wp\/v2\/posts\/7051\/revisions"}],"predecessor-version":[{"id":57622,"href":"https:\/\/www.uartes.edu.ec\/sitio\/en\/wp-json\/wp\/v2\/posts\/7051\/revisions\/57622"}],"wp:featuredmedia":[{"embeddable":true,"href":"https:\/\/www.uartes.edu.ec\/sitio\/en\/wp-json\/wp\/v2\/media\/7053"}],"wp:attachment":[{"href":"https:\/\/www.uartes.edu.ec\/sitio\/en\/wp-json\/wp\/v2\/media?parent=7051"}],"wp:term":[{"taxonomy":"category","embeddable":true,"href":"https:\/\/www.uartes.edu.ec\/sitio\/en\/wp-json\/wp\/v2\/categories?post=7051"},{"taxonomy":"post_tag","embeddable":true,"href":"https:\/\/www.uartes.edu.ec\/sitio\/en\/wp-json\/wp\/v2\/tags?post=7051"},{"taxonomy":"infouartes","embeddable":true,"href":"https:\/\/www.uartes.edu.ec\/sitio\/en\/wp-json\/wp\/v2\/infouartes?post=7051"}],"curies":[{"name":"wp","href":"https:\/\/api.w.org\/{rel}","templated":true}]}}