{"id":70549,"date":"2025-04-14T17:56:59","date_gmt":"2025-04-14T22:56:59","guid":{"rendered":"https:\/\/www.uartes.edu.ec\/sitio\/?p=70549"},"modified":"2025-04-14T18:04:14","modified_gmt":"2025-04-14T23:04:14","slug":"estudiantes-de-literatura-impulsan-talleres-en-la-libreria-miguel-donoso-del-fondo-de-cultura-economica-en-el-mz14","status":"publish","type":"post","link":"https:\/\/www.uartes.edu.ec\/sitio\/en\/blog\/2025\/04\/14\/estudiantes-de-literatura-impulsan-talleres-en-la-libreria-miguel-donoso-del-fondo-de-cultura-economica-en-el-mz14\/","title":{"rendered":"Estudiantes de Literatura impulsan talleres en la librer\u00eda Miguel Donoso Pareja del Fondo de Cultura Econ\u00f3mica, en el MZ14"},"content":{"rendered":"<p>En el marco del convenio de cooperaci\u00f3n entre la Universidad de las Artes y el Fondo de Cultura Econ\u00f3mica (FCE), el jueves 10 de abril se desarroll\u00f3 un taller gratuito de elaboraci\u00f3n de separadores de libros, el cual reuni\u00f3 a estudiantes UArtes, p\u00fablico en general y trabajadores de la Librer\u00eda La Madriguera.<\/p>\n\n\n\n<p>Tuvo lugar en la librer\u00eda Miguel Donoso Pareja, que est\u00e1 ubicada en el MZ14 Centro de Producci\u00f3n e Innovaci\u00f3n UArtes y pertenece al FCE, sello editorial mexicano con presencia en Ecuador. Cargada de creatividad y participaci\u00f3n, la actividad permiti\u00f3 a los talleristas explorar diversas t\u00e9cnicas manuales para dise\u00f1ar sus propios separadores, combinando arte, literatura y expresi\u00f3n personal.<\/p>\n\n\n\n<p>Estudiantes, lectores y curiosos compartieron un espacio de di\u00e1logo y creaci\u00f3n, donde el libro dej\u00f3 de ser solo un objeto de lectura para convertirse en una pieza de inspiraci\u00f3n art\u00edstica. La iniciativa del taller fue de Deyanira G\u00f3mez y Salma Pincay, quienes cursan el sexto semestre de carrera de Literatura en la UArtes. La propuesta y el objetivo era acercar a m\u00e1s personas al mundo del libro desde lo creativo y lo artesanal, y que pudieran conectar con la lectura desde otras formas, m\u00e1s l\u00fadicas y personales.<\/p>\n\n\n<div class=\"wp-block-image\">\n<figure class=\"aligncenter size-large\"><img fetchpriority=\"high\" decoding=\"async\" width=\"644\" height=\"429\" src=\"https:\/\/www.uartes.edu.ec\/sitio\/wp-content\/uploads\/2025\/04\/03-TALLER-SEPARADORES-DE-LIBRO-644x429.jpg\" alt=\"\" class=\"wp-image-70551\" srcset=\"https:\/\/www.uartes.edu.ec\/sitio\/wp-content\/uploads\/2025\/04\/03-TALLER-SEPARADORES-DE-LIBRO-644x429.jpg 644w, https:\/\/www.uartes.edu.ec\/sitio\/wp-content\/uploads\/2025\/04\/03-TALLER-SEPARADORES-DE-LIBRO-300x200.jpg 300w, https:\/\/www.uartes.edu.ec\/sitio\/wp-content\/uploads\/2025\/04\/03-TALLER-SEPARADORES-DE-LIBRO-768x512.jpg 768w, https:\/\/www.uartes.edu.ec\/sitio\/wp-content\/uploads\/2025\/04\/03-TALLER-SEPARADORES-DE-LIBRO-1536x1024.jpg 1536w, https:\/\/www.uartes.edu.ec\/sitio\/wp-content\/uploads\/2025\/04\/03-TALLER-SEPARADORES-DE-LIBRO-18x12.jpg 18w, https:\/\/www.uartes.edu.ec\/sitio\/wp-content\/uploads\/2025\/04\/03-TALLER-SEPARADORES-DE-LIBRO-600x400.jpg 600w, https:\/\/www.uartes.edu.ec\/sitio\/wp-content\/uploads\/2025\/04\/03-TALLER-SEPARADORES-DE-LIBRO-400x267.jpg 400w, https:\/\/www.uartes.edu.ec\/sitio\/wp-content\/uploads\/2025\/04\/03-TALLER-SEPARADORES-DE-LIBRO.jpg 2000w\" sizes=\"(max-width: 644px) 100vw, 644px\" \/><\/figure>\n<\/div>\n\n\n<p>Al final del taller, los separadores ten\u00edan diversos dise\u00f1os. Unos inspirados en la cultura pop, otros casi minimalistas, pero no por ello dejaron de ser ex\u00f3ticos. Algunos ten\u00edan frases inspiradas en canciones, como \u201cEsta costa hoy\u201d de la emblem\u00e1tica serie de Steven Universe que trabaj\u00f3 Ana Paula Coronel. As\u00ed tambi\u00e9n, salieron a relucir frases de escritores como Federico Garc\u00eda Lorca: \u201cLa soledad es la gran talladora del esp\u00edritu\u201d.<\/p>\n\n\n\n<p>Durante el proceso, las talleristas invitaron a los participantes a explorar otras creaciones, como los separadores arom\u00e1ticos para que la lectura se convierta en algo sensorial y demostrar que no se necesita de mucho presupuesto para recrear un separador personalizado.<\/p>\n\n\n\n<p>Como parte de esta misma iniciativa, el pr\u00f3ximo jueves 24 de abril se realizar\u00e1 una charla-taller sobre c\u00f3mo crear un libro, dirigida a estudiantes, p\u00fablico general y toda persona interesada en aprender. La actividad ser\u00e1 nuevamente gratuita y se desarrollar\u00e1 en el MZ14, con el objetivo de seguir construyendo comunidad a trav\u00e9s del arte y el libro.<\/p>\n\n\n\n<p>Este ciclo de talleres refuerza el compromiso del Fondo de Cultura Econ\u00f3mica y sus aliados con la promoci\u00f3n de la lectura, el acceso a la cultura y la formaci\u00f3n libre y abierta para todos.<\/p>\n\n\n<div class=\"wp-block-image\">\n<figure class=\"aligncenter size-large\"><img decoding=\"async\" width=\"644\" height=\"429\" src=\"https:\/\/www.uartes.edu.ec\/sitio\/wp-content\/uploads\/2025\/04\/02-TALLER-SEPARADORES-DE-LIBRO-644x429.jpg\" alt=\"\" class=\"wp-image-70552\" srcset=\"https:\/\/www.uartes.edu.ec\/sitio\/wp-content\/uploads\/2025\/04\/02-TALLER-SEPARADORES-DE-LIBRO-644x429.jpg 644w, https:\/\/www.uartes.edu.ec\/sitio\/wp-content\/uploads\/2025\/04\/02-TALLER-SEPARADORES-DE-LIBRO-300x200.jpg 300w, https:\/\/www.uartes.edu.ec\/sitio\/wp-content\/uploads\/2025\/04\/02-TALLER-SEPARADORES-DE-LIBRO-768x512.jpg 768w, https:\/\/www.uartes.edu.ec\/sitio\/wp-content\/uploads\/2025\/04\/02-TALLER-SEPARADORES-DE-LIBRO-1536x1024.jpg 1536w, https:\/\/www.uartes.edu.ec\/sitio\/wp-content\/uploads\/2025\/04\/02-TALLER-SEPARADORES-DE-LIBRO-18x12.jpg 18w, https:\/\/www.uartes.edu.ec\/sitio\/wp-content\/uploads\/2025\/04\/02-TALLER-SEPARADORES-DE-LIBRO-600x400.jpg 600w, https:\/\/www.uartes.edu.ec\/sitio\/wp-content\/uploads\/2025\/04\/02-TALLER-SEPARADORES-DE-LIBRO-400x267.jpg 400w, https:\/\/www.uartes.edu.ec\/sitio\/wp-content\/uploads\/2025\/04\/02-TALLER-SEPARADORES-DE-LIBRO.jpg 2000w\" sizes=\"(max-width: 644px) 100vw, 644px\" \/><\/figure>\n<\/div>\n\n\n<figure class=\"wp-block-gallery has-nested-images columns-default is-cropped wp-block-gallery-1 is-layout-flex wp-block-gallery-is-layout-flex\">\n<figure class=\"wp-block-image size-large\"><img decoding=\"async\" width=\"644\" height=\"429\" data-id=\"70553\" src=\"https:\/\/www.uartes.edu.ec\/sitio\/wp-content\/uploads\/2025\/04\/05-TALLER-SEPARADORES-DE-LIBRO-644x429.jpg\" alt=\"\" class=\"wp-image-70553\" srcset=\"https:\/\/www.uartes.edu.ec\/sitio\/wp-content\/uploads\/2025\/04\/05-TALLER-SEPARADORES-DE-LIBRO-644x429.jpg 644w, https:\/\/www.uartes.edu.ec\/sitio\/wp-content\/uploads\/2025\/04\/05-TALLER-SEPARADORES-DE-LIBRO-300x200.jpg 300w, https:\/\/www.uartes.edu.ec\/sitio\/wp-content\/uploads\/2025\/04\/05-TALLER-SEPARADORES-DE-LIBRO-768x512.jpg 768w, https:\/\/www.uartes.edu.ec\/sitio\/wp-content\/uploads\/2025\/04\/05-TALLER-SEPARADORES-DE-LIBRO-1536x1024.jpg 1536w, https:\/\/www.uartes.edu.ec\/sitio\/wp-content\/uploads\/2025\/04\/05-TALLER-SEPARADORES-DE-LIBRO-18x12.jpg 18w, https:\/\/www.uartes.edu.ec\/sitio\/wp-content\/uploads\/2025\/04\/05-TALLER-SEPARADORES-DE-LIBRO-600x400.jpg 600w, https:\/\/www.uartes.edu.ec\/sitio\/wp-content\/uploads\/2025\/04\/05-TALLER-SEPARADORES-DE-LIBRO-400x267.jpg 400w, https:\/\/www.uartes.edu.ec\/sitio\/wp-content\/uploads\/2025\/04\/05-TALLER-SEPARADORES-DE-LIBRO.jpg 2000w\" sizes=\"(max-width: 644px) 100vw, 644px\" \/><\/figure>\n\n\n\n<figure class=\"wp-block-image size-large\"><img loading=\"lazy\" decoding=\"async\" width=\"644\" height=\"429\" data-id=\"70554\" src=\"https:\/\/www.uartes.edu.ec\/sitio\/wp-content\/uploads\/2025\/04\/04-TALLER-SEPARADORES-DE-LIBRO-644x429.jpg\" alt=\"\" class=\"wp-image-70554\" srcset=\"https:\/\/www.uartes.edu.ec\/sitio\/wp-content\/uploads\/2025\/04\/04-TALLER-SEPARADORES-DE-LIBRO-644x429.jpg 644w, https:\/\/www.uartes.edu.ec\/sitio\/wp-content\/uploads\/2025\/04\/04-TALLER-SEPARADORES-DE-LIBRO-300x200.jpg 300w, https:\/\/www.uartes.edu.ec\/sitio\/wp-content\/uploads\/2025\/04\/04-TALLER-SEPARADORES-DE-LIBRO-768x512.jpg 768w, https:\/\/www.uartes.edu.ec\/sitio\/wp-content\/uploads\/2025\/04\/04-TALLER-SEPARADORES-DE-LIBRO-1536x1024.jpg 1536w, https:\/\/www.uartes.edu.ec\/sitio\/wp-content\/uploads\/2025\/04\/04-TALLER-SEPARADORES-DE-LIBRO-18x12.jpg 18w, https:\/\/www.uartes.edu.ec\/sitio\/wp-content\/uploads\/2025\/04\/04-TALLER-SEPARADORES-DE-LIBRO-600x400.jpg 600w, https:\/\/www.uartes.edu.ec\/sitio\/wp-content\/uploads\/2025\/04\/04-TALLER-SEPARADORES-DE-LIBRO-400x267.jpg 400w, https:\/\/www.uartes.edu.ec\/sitio\/wp-content\/uploads\/2025\/04\/04-TALLER-SEPARADORES-DE-LIBRO.jpg 2000w\" sizes=\"(max-width: 644px) 100vw, 644px\" \/><\/figure>\n<\/figure>\n\n\n\n<p>Texto y fotos: Eleinn Rivera Sol\u00eds, estudiante de la Escuela de Literatura UArtes.<\/p>","protected":false},"excerpt":{"rendered":"<p>Acercar a m\u00e1s personas a la lectura desde lo creativo y artesanal anim\u00f3 a las estudiantes de la Escuela de Literatura Deyanira G\u00f3mez y Salma Pincay a proponer un taller de elaboraci\u00f3n de separadores de libros, el cual se desarroll\u00f3 en la librer\u00eda Miguel Donoso Pareja del Fondo de Cultura Econ\u00f3mica (FCE), ubicada en el MZ14 por convenio con la UArtes. El 24 de abril pr\u00f3ximo habr\u00e1 una charla-taller sobre c\u00f3mo crear un libro.<\/p>","protected":false},"author":10,"featured_media":70550,"comment_status":"open","ping_status":"open","sticky":false,"template":"","format":"standard","meta":{"_acf_changed":false,"_uag_custom_page_level_css":"","_monsterinsights_skip_tracking":false,"_monsterinsights_sitenote_active":false,"_monsterinsights_sitenote_note":"","_monsterinsights_sitenote_category":0,"cybocfi_hide_featured_image":"","footnotes":""},"categories":[82,76,77,175,79],"tags":[518],"infouartes":[],"class_list":["post-70549","post","type-post","status-publish","format-standard","has-post-thumbnail","hentry","category-artes","category-estudiantes","category-gestion","category-literatura","category-vinculo","tag-produccion"],"acf":[],"yoast_head":"<!-- This site is optimized with the Yoast SEO plugin v27.4 - https:\/\/yoast.com\/product\/yoast-seo-wordpress\/ -->\n<title>Universidad de las Artes - Estudiantes de Literatura impulsan talleres en la librer\u00eda Miguel Donoso Pareja del Fondo de Cultura Econ\u00f3mica, en el MZ14<\/title>\n<meta name=\"description\" content=\"Universidad de las Artes - Estudiantes de Literatura impulsan talleres en la librer\u00eda Miguel Donoso Pareja del Fondo de Cultura Econ\u00f3mica, en el MZ14\" \/>\n<meta name=\"robots\" content=\"index, follow, max-snippet:-1, max-image-preview:large, max-video-preview:-1\" \/>\n<link rel=\"canonical\" href=\"https:\/\/www.uartes.edu.ec\/sitio\/en\/blog\/2025\/04\/14\/estudiantes-de-literatura-impulsan-talleres-en-la-libreria-miguel-donoso-del-fondo-de-cultura-economica-en-el-mz14\/\" \/>\n<meta property=\"og:locale\" content=\"en_US\" \/>\n<meta property=\"og:type\" content=\"article\" \/>\n<meta property=\"og:title\" content=\"Universidad de las Artes - Estudiantes de Literatura impulsan talleres en la librer\u00eda Miguel Donoso Pareja del Fondo de Cultura Econ\u00f3mica, en el MZ14\" \/>\n<meta property=\"og:description\" content=\"Universidad de las Artes - Estudiantes de Literatura impulsan talleres en la librer\u00eda Miguel Donoso Pareja del Fondo de Cultura Econ\u00f3mica, en el MZ14\" \/>\n<meta property=\"og:url\" content=\"https:\/\/www.uartes.edu.ec\/sitio\/en\/blog\/2025\/04\/14\/estudiantes-de-literatura-impulsan-talleres-en-la-libreria-miguel-donoso-del-fondo-de-cultura-economica-en-el-mz14\/\" \/>\n<meta property=\"og:site_name\" content=\"Universidad de las Artes\" \/>\n<meta property=\"article:publisher\" content=\"https:\/\/www.facebook.com\/uartesec\" \/>\n<meta property=\"article:published_time\" content=\"2025-04-14T22:56:59+00:00\" \/>\n<meta property=\"article:modified_time\" content=\"2025-04-14T23:04:14+00:00\" \/>\n<meta property=\"og:image\" content=\"https:\/\/www.uartes.edu.ec\/sitio\/wp-content\/uploads\/2025\/04\/01-TALLER-SEPARADORES-DE-LIBRO.jpg\" \/>\n\t<meta property=\"og:image:width\" content=\"2000\" \/>\n\t<meta property=\"og:image:height\" content=\"1333\" \/>\n\t<meta property=\"og:image:type\" content=\"image\/jpeg\" \/>\n<meta name=\"author\" content=\"ccortez\" \/>\n<meta name=\"twitter:card\" content=\"summary_large_image\" \/>\n<meta name=\"twitter:creator\" content=\"@uartesec\" \/>\n<meta name=\"twitter:site\" content=\"@uartesec\" \/>\n<meta name=\"twitter:label1\" content=\"Written by\" \/>\n\t<meta name=\"twitter:data1\" content=\"ccortez\" \/>\n\t<meta name=\"twitter:label2\" content=\"Est. reading time\" \/>\n\t<meta name=\"twitter:data2\" content=\"3 minutes\" \/>\n<script type=\"application\/ld+json\" class=\"yoast-schema-graph\">{\"@context\":\"https:\\\/\\\/schema.org\",\"@graph\":[{\"@type\":\"Article\",\"@id\":\"https:\\\/\\\/www.uartes.edu.ec\\\/sitio\\\/en\\\/blog\\\/2025\\\/04\\\/14\\\/estudiantes-de-literatura-impulsan-talleres-en-la-libreria-miguel-donoso-del-fondo-de-cultura-economica-en-el-mz14\\\/#article\",\"isPartOf\":{\"@id\":\"https:\\\/\\\/www.uartes.edu.ec\\\/sitio\\\/en\\\/blog\\\/2025\\\/04\\\/14\\\/estudiantes-de-literatura-impulsan-talleres-en-la-libreria-miguel-donoso-del-fondo-de-cultura-economica-en-el-mz14\\\/\"},\"author\":{\"name\":\"ccortez\",\"@id\":\"https:\\\/\\\/www.uartes.edu.ec\\\/sitio\\\/en\\\/#\\\/schema\\\/person\\\/efa1b8275797664fd7f13a79ccc0b1f4\"},\"headline\":\"Estudiantes de Literatura impulsan talleres en la librer\u00eda Miguel Donoso Pareja del Fondo de Cultura Econ\u00f3mica, en el MZ14\",\"datePublished\":\"2025-04-14T22:56:59+00:00\",\"dateModified\":\"2025-04-14T23:04:14+00:00\",\"mainEntityOfPage\":{\"@id\":\"https:\\\/\\\/www.uartes.edu.ec\\\/sitio\\\/en\\\/blog\\\/2025\\\/04\\\/14\\\/estudiantes-de-literatura-impulsan-talleres-en-la-libreria-miguel-donoso-del-fondo-de-cultura-economica-en-el-mz14\\\/\"},\"wordCount\":464,\"commentCount\":0,\"publisher\":{\"@id\":\"https:\\\/\\\/www.uartes.edu.ec\\\/sitio\\\/en\\\/#organization\"},\"image\":{\"@id\":\"https:\\\/\\\/www.uartes.edu.ec\\\/sitio\\\/en\\\/blog\\\/2025\\\/04\\\/14\\\/estudiantes-de-literatura-impulsan-talleres-en-la-libreria-miguel-donoso-del-fondo-de-cultura-economica-en-el-mz14\\\/#primaryimage\"},\"thumbnailUrl\":\"https:\\\/\\\/www.uartes.edu.ec\\\/sitio\\\/wp-content\\\/uploads\\\/2025\\\/04\\\/01-TALLER-SEPARADORES-DE-LIBRO.jpg\",\"keywords\":[\"producci\u00f3n\"],\"articleSection\":[\"Artes\",\"Estudiantes\",\"Gesti\u00f3n\",\"Literatura\",\"V\u00ednculo\"],\"inLanguage\":\"en-US\",\"potentialAction\":[{\"@type\":\"CommentAction\",\"name\":\"Comment\",\"target\":[\"https:\\\/\\\/www.uartes.edu.ec\\\/sitio\\\/en\\\/blog\\\/2025\\\/04\\\/14\\\/estudiantes-de-literatura-impulsan-talleres-en-la-libreria-miguel-donoso-del-fondo-de-cultura-economica-en-el-mz14\\\/#respond\"]}]},{\"@type\":[\"WebPage\",\"ItemPage\"],\"@id\":\"https:\\\/\\\/www.uartes.edu.ec\\\/sitio\\\/en\\\/blog\\\/2025\\\/04\\\/14\\\/estudiantes-de-literatura-impulsan-talleres-en-la-libreria-miguel-donoso-del-fondo-de-cultura-economica-en-el-mz14\\\/\",\"url\":\"https:\\\/\\\/www.uartes.edu.ec\\\/sitio\\\/en\\\/blog\\\/2025\\\/04\\\/14\\\/estudiantes-de-literatura-impulsan-talleres-en-la-libreria-miguel-donoso-del-fondo-de-cultura-economica-en-el-mz14\\\/\",\"name\":\"Universidad de las Artes - Estudiantes de Literatura impulsan talleres en la librer\u00eda Miguel Donoso Pareja del Fondo de Cultura Econ\u00f3mica, en el MZ14\",\"isPartOf\":{\"@id\":\"https:\\\/\\\/www.uartes.edu.ec\\\/sitio\\\/en\\\/#website\"},\"primaryImageOfPage\":{\"@id\":\"https:\\\/\\\/www.uartes.edu.ec\\\/sitio\\\/en\\\/blog\\\/2025\\\/04\\\/14\\\/estudiantes-de-literatura-impulsan-talleres-en-la-libreria-miguel-donoso-del-fondo-de-cultura-economica-en-el-mz14\\\/#primaryimage\"},\"image\":{\"@id\":\"https:\\\/\\\/www.uartes.edu.ec\\\/sitio\\\/en\\\/blog\\\/2025\\\/04\\\/14\\\/estudiantes-de-literatura-impulsan-talleres-en-la-libreria-miguel-donoso-del-fondo-de-cultura-economica-en-el-mz14\\\/#primaryimage\"},\"thumbnailUrl\":\"https:\\\/\\\/www.uartes.edu.ec\\\/sitio\\\/wp-content\\\/uploads\\\/2025\\\/04\\\/01-TALLER-SEPARADORES-DE-LIBRO.jpg\",\"datePublished\":\"2025-04-14T22:56:59+00:00\",\"dateModified\":\"2025-04-14T23:04:14+00:00\",\"description\":\"Universidad de las Artes - Estudiantes de Literatura impulsan talleres en la librer\u00eda Miguel Donoso Pareja del Fondo de Cultura Econ\u00f3mica, en el MZ14\",\"breadcrumb\":{\"@id\":\"https:\\\/\\\/www.uartes.edu.ec\\\/sitio\\\/en\\\/blog\\\/2025\\\/04\\\/14\\\/estudiantes-de-literatura-impulsan-talleres-en-la-libreria-miguel-donoso-del-fondo-de-cultura-economica-en-el-mz14\\\/#breadcrumb\"},\"inLanguage\":\"en-US\",\"potentialAction\":[{\"@type\":\"ReadAction\",\"target\":[\"https:\\\/\\\/www.uartes.edu.ec\\\/sitio\\\/en\\\/blog\\\/2025\\\/04\\\/14\\\/estudiantes-de-literatura-impulsan-talleres-en-la-libreria-miguel-donoso-del-fondo-de-cultura-economica-en-el-mz14\\\/\"]}]},{\"@type\":\"ImageObject\",\"inLanguage\":\"en-US\",\"@id\":\"https:\\\/\\\/www.uartes.edu.ec\\\/sitio\\\/en\\\/blog\\\/2025\\\/04\\\/14\\\/estudiantes-de-literatura-impulsan-talleres-en-la-libreria-miguel-donoso-del-fondo-de-cultura-economica-en-el-mz14\\\/#primaryimage\",\"url\":\"https:\\\/\\\/www.uartes.edu.ec\\\/sitio\\\/wp-content\\\/uploads\\\/2025\\\/04\\\/01-TALLER-SEPARADORES-DE-LIBRO.jpg\",\"contentUrl\":\"https:\\\/\\\/www.uartes.edu.ec\\\/sitio\\\/wp-content\\\/uploads\\\/2025\\\/04\\\/01-TALLER-SEPARADORES-DE-LIBRO.jpg\",\"width\":2000,\"height\":1333},{\"@type\":\"BreadcrumbList\",\"@id\":\"https:\\\/\\\/www.uartes.edu.ec\\\/sitio\\\/en\\\/blog\\\/2025\\\/04\\\/14\\\/estudiantes-de-literatura-impulsan-talleres-en-la-libreria-miguel-donoso-del-fondo-de-cultura-economica-en-el-mz14\\\/#breadcrumb\",\"itemListElement\":[{\"@type\":\"ListItem\",\"position\":1,\"name\":\"Inicio\",\"item\":\"https:\\\/\\\/www.uartes.edu.ec\\\/sitio\\\/\"},{\"@type\":\"ListItem\",\"position\":2,\"name\":\"Estudiantes de Literatura impulsan talleres en la librer\u00eda Miguel Donoso Pareja del Fondo de Cultura Econ\u00f3mica, en el MZ14\"}]},{\"@type\":\"WebSite\",\"@id\":\"https:\\\/\\\/www.uartes.edu.ec\\\/sitio\\\/en\\\/#website\",\"url\":\"https:\\\/\\\/www.uartes.edu.ec\\\/sitio\\\/en\\\/\",\"name\":\"Universidad de las Artes\",\"description\":\"Sitio oficial de la Universidad Nacional de las Artes del Ecuador\",\"publisher\":{\"@id\":\"https:\\\/\\\/www.uartes.edu.ec\\\/sitio\\\/en\\\/#organization\"},\"potentialAction\":[{\"@type\":\"SearchAction\",\"target\":{\"@type\":\"EntryPoint\",\"urlTemplate\":\"https:\\\/\\\/www.uartes.edu.ec\\\/sitio\\\/en\\\/?s={search_term_string}\"},\"query-input\":{\"@type\":\"PropertyValueSpecification\",\"valueRequired\":true,\"valueName\":\"search_term_string\"}}],\"inLanguage\":\"en-US\"},{\"@type\":\"Organization\",\"@id\":\"https:\\\/\\\/www.uartes.edu.ec\\\/sitio\\\/en\\\/#organization\",\"name\":\"Universidad de las Artes\",\"url\":\"https:\\\/\\\/www.uartes.edu.ec\\\/sitio\\\/en\\\/\",\"logo\":{\"@type\":\"ImageObject\",\"inLanguage\":\"en-US\",\"@id\":\"https:\\\/\\\/www.uartes.edu.ec\\\/sitio\\\/en\\\/#\\\/schema\\\/logo\\\/image\\\/\",\"url\":\"https:\\\/\\\/www.uartes.edu.ec\\\/sitio\\\/wp-content\\\/uploads\\\/2022\\\/07\\\/logo-ua-horizontal.png\",\"contentUrl\":\"https:\\\/\\\/www.uartes.edu.ec\\\/sitio\\\/wp-content\\\/uploads\\\/2022\\\/07\\\/logo-ua-horizontal.png\",\"width\":800,\"height\":276,\"caption\":\"Universidad de las Artes\"},\"image\":{\"@id\":\"https:\\\/\\\/www.uartes.edu.ec\\\/sitio\\\/en\\\/#\\\/schema\\\/logo\\\/image\\\/\"},\"sameAs\":[\"https:\\\/\\\/www.facebook.com\\\/uartesec\",\"https:\\\/\\\/x.com\\\/uartesec\",\"https:\\\/\\\/www.tiktok.com\\\/@uartesec\"]},{\"@type\":\"Person\",\"@id\":\"https:\\\/\\\/www.uartes.edu.ec\\\/sitio\\\/en\\\/#\\\/schema\\\/person\\\/efa1b8275797664fd7f13a79ccc0b1f4\",\"name\":\"ccortez\",\"image\":{\"@type\":\"ImageObject\",\"inLanguage\":\"en-US\",\"@id\":\"https:\\\/\\\/secure.gravatar.com\\\/avatar\\\/b2a6f664a3ae8e074346ef91775736c5ec479e637ecced6842de9dc98b5da9cd?s=96&d=mm&r=g\",\"url\":\"https:\\\/\\\/secure.gravatar.com\\\/avatar\\\/b2a6f664a3ae8e074346ef91775736c5ec479e637ecced6842de9dc98b5da9cd?s=96&d=mm&r=g\",\"contentUrl\":\"https:\\\/\\\/secure.gravatar.com\\\/avatar\\\/b2a6f664a3ae8e074346ef91775736c5ec479e637ecced6842de9dc98b5da9cd?s=96&d=mm&r=g\",\"caption\":\"ccortez\"},\"url\":\"https:\\\/\\\/www.uartes.edu.ec\\\/sitio\\\/en\\\/blog\\\/author\\\/ccortez\\\/\"}]}<\/script>\n<!-- \/ Yoast SEO plugin. -->","yoast_head_json":{"title":"Universidad de las Artes - Estudiantes de Literatura impulsan talleres en la librer\u00eda Miguel Donoso Pareja del Fondo de Cultura Econ\u00f3mica, en el MZ14","description":"Universidad de las Artes - Estudiantes de Literatura impulsan talleres en la librer\u00eda Miguel Donoso Pareja del Fondo de Cultura Econ\u00f3mica, en el MZ14","robots":{"index":"index","follow":"follow","max-snippet":"max-snippet:-1","max-image-preview":"max-image-preview:large","max-video-preview":"max-video-preview:-1"},"canonical":"https:\/\/www.uartes.edu.ec\/sitio\/en\/blog\/2025\/04\/14\/estudiantes-de-literatura-impulsan-talleres-en-la-libreria-miguel-donoso-del-fondo-de-cultura-economica-en-el-mz14\/","og_locale":"en_US","og_type":"article","og_title":"Universidad de las Artes - Estudiantes de Literatura impulsan talleres en la librer\u00eda Miguel Donoso Pareja del Fondo de Cultura Econ\u00f3mica, en el MZ14","og_description":"Universidad de las Artes - Estudiantes de Literatura impulsan talleres en la librer\u00eda Miguel Donoso Pareja del Fondo de Cultura Econ\u00f3mica, en el MZ14","og_url":"https:\/\/www.uartes.edu.ec\/sitio\/en\/blog\/2025\/04\/14\/estudiantes-de-literatura-impulsan-talleres-en-la-libreria-miguel-donoso-del-fondo-de-cultura-economica-en-el-mz14\/","og_site_name":"Universidad de las Artes","article_publisher":"https:\/\/www.facebook.com\/uartesec","article_published_time":"2025-04-14T22:56:59+00:00","article_modified_time":"2025-04-14T23:04:14+00:00","og_image":[{"width":2000,"height":1333,"url":"https:\/\/www.uartes.edu.ec\/sitio\/wp-content\/uploads\/2025\/04\/01-TALLER-SEPARADORES-DE-LIBRO.jpg","type":"image\/jpeg"}],"author":"ccortez","twitter_card":"summary_large_image","twitter_creator":"@uartesec","twitter_site":"@uartesec","twitter_misc":{"Written by":"ccortez","Est. reading time":"3 minutes"},"schema":{"@context":"https:\/\/schema.org","@graph":[{"@type":"Article","@id":"https:\/\/www.uartes.edu.ec\/sitio\/en\/blog\/2025\/04\/14\/estudiantes-de-literatura-impulsan-talleres-en-la-libreria-miguel-donoso-del-fondo-de-cultura-economica-en-el-mz14\/#article","isPartOf":{"@id":"https:\/\/www.uartes.edu.ec\/sitio\/en\/blog\/2025\/04\/14\/estudiantes-de-literatura-impulsan-talleres-en-la-libreria-miguel-donoso-del-fondo-de-cultura-economica-en-el-mz14\/"},"author":{"name":"ccortez","@id":"https:\/\/www.uartes.edu.ec\/sitio\/en\/#\/schema\/person\/efa1b8275797664fd7f13a79ccc0b1f4"},"headline":"Estudiantes de Literatura impulsan talleres en la librer\u00eda Miguel Donoso Pareja del Fondo de Cultura Econ\u00f3mica, en el MZ14","datePublished":"2025-04-14T22:56:59+00:00","dateModified":"2025-04-14T23:04:14+00:00","mainEntityOfPage":{"@id":"https:\/\/www.uartes.edu.ec\/sitio\/en\/blog\/2025\/04\/14\/estudiantes-de-literatura-impulsan-talleres-en-la-libreria-miguel-donoso-del-fondo-de-cultura-economica-en-el-mz14\/"},"wordCount":464,"commentCount":0,"publisher":{"@id":"https:\/\/www.uartes.edu.ec\/sitio\/en\/#organization"},"image":{"@id":"https:\/\/www.uartes.edu.ec\/sitio\/en\/blog\/2025\/04\/14\/estudiantes-de-literatura-impulsan-talleres-en-la-libreria-miguel-donoso-del-fondo-de-cultura-economica-en-el-mz14\/#primaryimage"},"thumbnailUrl":"https:\/\/www.uartes.edu.ec\/sitio\/wp-content\/uploads\/2025\/04\/01-TALLER-SEPARADORES-DE-LIBRO.jpg","keywords":["producci\u00f3n"],"articleSection":["Artes","Estudiantes","Gesti\u00f3n","Literatura","V\u00ednculo"],"inLanguage":"en-US","potentialAction":[{"@type":"CommentAction","name":"Comment","target":["https:\/\/www.uartes.edu.ec\/sitio\/en\/blog\/2025\/04\/14\/estudiantes-de-literatura-impulsan-talleres-en-la-libreria-miguel-donoso-del-fondo-de-cultura-economica-en-el-mz14\/#respond"]}]},{"@type":["WebPage","ItemPage"],"@id":"https:\/\/www.uartes.edu.ec\/sitio\/en\/blog\/2025\/04\/14\/estudiantes-de-literatura-impulsan-talleres-en-la-libreria-miguel-donoso-del-fondo-de-cultura-economica-en-el-mz14\/","url":"https:\/\/www.uartes.edu.ec\/sitio\/en\/blog\/2025\/04\/14\/estudiantes-de-literatura-impulsan-talleres-en-la-libreria-miguel-donoso-del-fondo-de-cultura-economica-en-el-mz14\/","name":"Universidad de las Artes - Estudiantes de Literatura impulsan talleres en la librer\u00eda Miguel Donoso Pareja del Fondo de Cultura Econ\u00f3mica, en el MZ14","isPartOf":{"@id":"https:\/\/www.uartes.edu.ec\/sitio\/en\/#website"},"primaryImageOfPage":{"@id":"https:\/\/www.uartes.edu.ec\/sitio\/en\/blog\/2025\/04\/14\/estudiantes-de-literatura-impulsan-talleres-en-la-libreria-miguel-donoso-del-fondo-de-cultura-economica-en-el-mz14\/#primaryimage"},"image":{"@id":"https:\/\/www.uartes.edu.ec\/sitio\/en\/blog\/2025\/04\/14\/estudiantes-de-literatura-impulsan-talleres-en-la-libreria-miguel-donoso-del-fondo-de-cultura-economica-en-el-mz14\/#primaryimage"},"thumbnailUrl":"https:\/\/www.uartes.edu.ec\/sitio\/wp-content\/uploads\/2025\/04\/01-TALLER-SEPARADORES-DE-LIBRO.jpg","datePublished":"2025-04-14T22:56:59+00:00","dateModified":"2025-04-14T23:04:14+00:00","description":"Universidad de las Artes - Estudiantes de Literatura impulsan talleres en la librer\u00eda Miguel Donoso Pareja del Fondo de Cultura Econ\u00f3mica, en el MZ14","breadcrumb":{"@id":"https:\/\/www.uartes.edu.ec\/sitio\/en\/blog\/2025\/04\/14\/estudiantes-de-literatura-impulsan-talleres-en-la-libreria-miguel-donoso-del-fondo-de-cultura-economica-en-el-mz14\/#breadcrumb"},"inLanguage":"en-US","potentialAction":[{"@type":"ReadAction","target":["https:\/\/www.uartes.edu.ec\/sitio\/en\/blog\/2025\/04\/14\/estudiantes-de-literatura-impulsan-talleres-en-la-libreria-miguel-donoso-del-fondo-de-cultura-economica-en-el-mz14\/"]}]},{"@type":"ImageObject","inLanguage":"en-US","@id":"https:\/\/www.uartes.edu.ec\/sitio\/en\/blog\/2025\/04\/14\/estudiantes-de-literatura-impulsan-talleres-en-la-libreria-miguel-donoso-del-fondo-de-cultura-economica-en-el-mz14\/#primaryimage","url":"https:\/\/www.uartes.edu.ec\/sitio\/wp-content\/uploads\/2025\/04\/01-TALLER-SEPARADORES-DE-LIBRO.jpg","contentUrl":"https:\/\/www.uartes.edu.ec\/sitio\/wp-content\/uploads\/2025\/04\/01-TALLER-SEPARADORES-DE-LIBRO.jpg","width":2000,"height":1333},{"@type":"BreadcrumbList","@id":"https:\/\/www.uartes.edu.ec\/sitio\/en\/blog\/2025\/04\/14\/estudiantes-de-literatura-impulsan-talleres-en-la-libreria-miguel-donoso-del-fondo-de-cultura-economica-en-el-mz14\/#breadcrumb","itemListElement":[{"@type":"ListItem","position":1,"name":"Inicio","item":"https:\/\/www.uartes.edu.ec\/sitio\/"},{"@type":"ListItem","position":2,"name":"Estudiantes de Literatura impulsan talleres en la librer\u00eda Miguel Donoso Pareja del Fondo de Cultura Econ\u00f3mica, en el MZ14"}]},{"@type":"WebSite","@id":"https:\/\/www.uartes.edu.ec\/sitio\/en\/#website","url":"https:\/\/www.uartes.edu.ec\/sitio\/en\/","name":"Universidad de las Artes","description":"Sitio oficial de la Universidad Nacional de las Artes del Ecuador","publisher":{"@id":"https:\/\/www.uartes.edu.ec\/sitio\/en\/#organization"},"potentialAction":[{"@type":"SearchAction","target":{"@type":"EntryPoint","urlTemplate":"https:\/\/www.uartes.edu.ec\/sitio\/en\/?s={search_term_string}"},"query-input":{"@type":"PropertyValueSpecification","valueRequired":true,"valueName":"search_term_string"}}],"inLanguage":"en-US"},{"@type":"Organization","@id":"https:\/\/www.uartes.edu.ec\/sitio\/en\/#organization","name":"Universidad de las Artes","url":"https:\/\/www.uartes.edu.ec\/sitio\/en\/","logo":{"@type":"ImageObject","inLanguage":"en-US","@id":"https:\/\/www.uartes.edu.ec\/sitio\/en\/#\/schema\/logo\/image\/","url":"https:\/\/www.uartes.edu.ec\/sitio\/wp-content\/uploads\/2022\/07\/logo-ua-horizontal.png","contentUrl":"https:\/\/www.uartes.edu.ec\/sitio\/wp-content\/uploads\/2022\/07\/logo-ua-horizontal.png","width":800,"height":276,"caption":"Universidad de las Artes"},"image":{"@id":"https:\/\/www.uartes.edu.ec\/sitio\/en\/#\/schema\/logo\/image\/"},"sameAs":["https:\/\/www.facebook.com\/uartesec","https:\/\/x.com\/uartesec","https:\/\/www.tiktok.com\/@uartesec"]},{"@type":"Person","@id":"https:\/\/www.uartes.edu.ec\/sitio\/en\/#\/schema\/person\/efa1b8275797664fd7f13a79ccc0b1f4","name":"ccortez","image":{"@type":"ImageObject","inLanguage":"en-US","@id":"https:\/\/secure.gravatar.com\/avatar\/b2a6f664a3ae8e074346ef91775736c5ec479e637ecced6842de9dc98b5da9cd?s=96&d=mm&r=g","url":"https:\/\/secure.gravatar.com\/avatar\/b2a6f664a3ae8e074346ef91775736c5ec479e637ecced6842de9dc98b5da9cd?s=96&d=mm&r=g","contentUrl":"https:\/\/secure.gravatar.com\/avatar\/b2a6f664a3ae8e074346ef91775736c5ec479e637ecced6842de9dc98b5da9cd?s=96&d=mm&r=g","caption":"ccortez"},"url":"https:\/\/www.uartes.edu.ec\/sitio\/en\/blog\/author\/ccortez\/"}]}},"uagb_featured_image_src":{"full":["https:\/\/www.uartes.edu.ec\/sitio\/wp-content\/uploads\/2025\/04\/01-TALLER-SEPARADORES-DE-LIBRO.jpg",2000,1333,false],"thumbnail":["https:\/\/www.uartes.edu.ec\/sitio\/wp-content\/uploads\/2025\/04\/01-TALLER-SEPARADORES-DE-LIBRO-150x150.jpg",150,150,true],"medium":["https:\/\/www.uartes.edu.ec\/sitio\/wp-content\/uploads\/2025\/04\/01-TALLER-SEPARADORES-DE-LIBRO-300x200.jpg",300,200,true],"medium_large":["https:\/\/www.uartes.edu.ec\/sitio\/wp-content\/uploads\/2025\/04\/01-TALLER-SEPARADORES-DE-LIBRO-768x512.jpg",768,512,true],"large":["https:\/\/www.uartes.edu.ec\/sitio\/wp-content\/uploads\/2025\/04\/01-TALLER-SEPARADORES-DE-LIBRO-644x429.jpg",644,429,true],"1536x1536":["https:\/\/www.uartes.edu.ec\/sitio\/wp-content\/uploads\/2025\/04\/01-TALLER-SEPARADORES-DE-LIBRO-1536x1024.jpg",1536,1024,true],"2048x2048":["https:\/\/www.uartes.edu.ec\/sitio\/wp-content\/uploads\/2025\/04\/01-TALLER-SEPARADORES-DE-LIBRO.jpg",2000,1333,false],"trp-custom-language-flag":["https:\/\/www.uartes.edu.ec\/sitio\/wp-content\/uploads\/2025\/04\/01-TALLER-SEPARADORES-DE-LIBRO-18x12.jpg",18,12,true],"htmega_size_585x295":["https:\/\/www.uartes.edu.ec\/sitio\/wp-content\/uploads\/2025\/04\/01-TALLER-SEPARADORES-DE-LIBRO-585x295.jpg",585,295,true],"htmega_size_1170x536":["https:\/\/www.uartes.edu.ec\/sitio\/wp-content\/uploads\/2025\/04\/01-TALLER-SEPARADORES-DE-LIBRO-1170x536.jpg",1170,536,true],"htmega_size_396x360":["https:\/\/www.uartes.edu.ec\/sitio\/wp-content\/uploads\/2025\/04\/01-TALLER-SEPARADORES-DE-LIBRO-396x360.jpg",396,360,true],"gb-block-post-grid-landscape":["https:\/\/www.uartes.edu.ec\/sitio\/wp-content\/uploads\/2025\/04\/01-TALLER-SEPARADORES-DE-LIBRO-600x400.jpg",600,400,true],"gb-block-post-grid-square":["https:\/\/www.uartes.edu.ec\/sitio\/wp-content\/uploads\/2025\/04\/01-TALLER-SEPARADORES-DE-LIBRO-600x600.jpg",600,600,true],"university-hub-thumb":["https:\/\/www.uartes.edu.ec\/sitio\/wp-content\/uploads\/2025\/04\/01-TALLER-SEPARADORES-DE-LIBRO-400x267.jpg",400,267,true]},"uagb_author_info":{"display_name":"ccortez","author_link":"https:\/\/www.uartes.edu.ec\/sitio\/en\/blog\/author\/ccortez\/"},"uagb_comment_info":0,"uagb_excerpt":"Acercar a m\u00e1s personas a la lectura desde lo creativo y artesanal anim\u00f3 a las estudiantes de la Escuela de Literatura Deyanira G\u00f3mez y Salma Pincay a proponer un taller de elaboraci\u00f3n de separadores de libros, el cual se desarroll\u00f3 en la librer\u00eda Miguel Donoso Pareja del Fondo de Cultura Econ\u00f3mica (FCE), ubicada en el&hellip;","featured_image_src":"https:\/\/www.uartes.edu.ec\/sitio\/wp-content\/uploads\/2025\/04\/01-TALLER-SEPARADORES-DE-LIBRO-600x400.jpg","featured_image_src_square":"https:\/\/www.uartes.edu.ec\/sitio\/wp-content\/uploads\/2025\/04\/01-TALLER-SEPARADORES-DE-LIBRO-600x600.jpg","author_info":{"display_name":"ccortez","author_link":"https:\/\/www.uartes.edu.ec\/sitio\/en\/blog\/author\/ccortez\/"},"publishpress_future_workflow_manual_trigger":{"enabledWorkflows":[]},"distributor_meta":false,"distributor_terms":false,"distributor_media":false,"distributor_original_site_name":"Universidad de las Artes","distributor_original_site_url":"https:\/\/www.uartes.edu.ec\/sitio\/en","push-errors":false,"_links":{"self":[{"href":"https:\/\/www.uartes.edu.ec\/sitio\/en\/wp-json\/wp\/v2\/posts\/70549","targetHints":{"allow":["GET"]}}],"collection":[{"href":"https:\/\/www.uartes.edu.ec\/sitio\/en\/wp-json\/wp\/v2\/posts"}],"about":[{"href":"https:\/\/www.uartes.edu.ec\/sitio\/en\/wp-json\/wp\/v2\/types\/post"}],"author":[{"embeddable":true,"href":"https:\/\/www.uartes.edu.ec\/sitio\/en\/wp-json\/wp\/v2\/users\/10"}],"replies":[{"embeddable":true,"href":"https:\/\/www.uartes.edu.ec\/sitio\/en\/wp-json\/wp\/v2\/comments?post=70549"}],"version-history":[{"count":6,"href":"https:\/\/www.uartes.edu.ec\/sitio\/en\/wp-json\/wp\/v2\/posts\/70549\/revisions"}],"predecessor-version":[{"id":70573,"href":"https:\/\/www.uartes.edu.ec\/sitio\/en\/wp-json\/wp\/v2\/posts\/70549\/revisions\/70573"}],"wp:featuredmedia":[{"embeddable":true,"href":"https:\/\/www.uartes.edu.ec\/sitio\/en\/wp-json\/wp\/v2\/media\/70550"}],"wp:attachment":[{"href":"https:\/\/www.uartes.edu.ec\/sitio\/en\/wp-json\/wp\/v2\/media?parent=70549"}],"wp:term":[{"taxonomy":"category","embeddable":true,"href":"https:\/\/www.uartes.edu.ec\/sitio\/en\/wp-json\/wp\/v2\/categories?post=70549"},{"taxonomy":"post_tag","embeddable":true,"href":"https:\/\/www.uartes.edu.ec\/sitio\/en\/wp-json\/wp\/v2\/tags?post=70549"},{"taxonomy":"infouartes","embeddable":true,"href":"https:\/\/www.uartes.edu.ec\/sitio\/en\/wp-json\/wp\/v2\/infouartes?post=70549"}],"curies":[{"name":"wp","href":"https:\/\/api.w.org\/{rel}","templated":true}]}}