{"id":70644,"date":"2025-04-23T19:28:00","date_gmt":"2025-04-24T00:28:00","guid":{"rendered":"https:\/\/www.uartes.edu.ec\/sitio\/?p=70644"},"modified":"2025-04-30T19:30:09","modified_gmt":"2025-05-01T00:30:09","slug":"intercambio-de-libros-en-el-inicio-de-la-iv-edicion-de-lanfor-abierta","status":"publish","type":"post","link":"https:\/\/www.uartes.edu.ec\/sitio\/en\/blog\/2025\/04\/23\/intercambio-de-libros-en-el-inicio-de-la-iv-edicion-de-lanfor-abierta\/","title":{"rendered":"Intercambio de libros en el inicio de la IV Lanfor Abierta de la Biblioteca de las Artes"},"content":{"rendered":"<p>Con m\u00e1s de un centenar de obras donadas, de tem\u00e1tica y g\u00e9neros variados, la Biblioteca de las Artes dio inicio la ma\u00f1ana de hoy, mi\u00e9rcoles 23 de abril, al intercambio de libros con el que, asimismo, arrancaron las actividades enmarcadas en Lanfor Abierta, una iniciativa con la cual celebra el D\u00eda Mundial del Libro y del Derecho de Autor y que en este 2025 lleg\u00f3 a su cuarta edici\u00f3n.<\/p>\n\n\n\n<p>Como en ediciones anteriores, junto a la entrada principal del repositorio de la Universidad de las Artes (en Pichincha y Aguirre, esquina) fueron ubicados estantes y mesas con los libros recibidos en donaci\u00f3n entre mediados de marzo y el presente mes. Se ubicaron tambi\u00e9n otras publicaciones, a fin de que la comunidad universitaria y p\u00fablico en general tuvieran diversidad de opciones y propuestas, anot\u00f3 Alexander Vera Avil\u00e9s, funcionario de la Biblioteca de las Artes a cargo de la adquisici\u00f3n y circulaci\u00f3n bibliogr\u00e1fica.<\/p>\n\n\n\n<p>Se\u00f1al\u00f3 que, justamente, fueron miembros de la comunidad UArtes y usuarios que generalmente acuden a la Biblioteca de las Artes quienes se acercaron a dejar libros que a\u00fan en perfecto estado pudieran ser le\u00eddos por otras personas. De inform\u00e1tica, de medicina, de psicolog\u00eda e incluso colecciones enciclop\u00e9dicas con una veintena de tomos constaron entre las donaciones.<\/p>\n\n\n<div class=\"wp-block-image\">\n<figure class=\"aligncenter size-large\"><img fetchpriority=\"high\" decoding=\"async\" width=\"644\" height=\"429\" src=\"https:\/\/www.uartes.edu.ec\/sitio\/wp-content\/uploads\/2025\/04\/05-INTERCAMBIO-DE-LIBROS-644x429.jpg\" alt=\"\" class=\"wp-image-70807\" srcset=\"https:\/\/www.uartes.edu.ec\/sitio\/wp-content\/uploads\/2025\/04\/05-INTERCAMBIO-DE-LIBROS-644x429.jpg 644w, https:\/\/www.uartes.edu.ec\/sitio\/wp-content\/uploads\/2025\/04\/05-INTERCAMBIO-DE-LIBROS-300x200.jpg 300w, https:\/\/www.uartes.edu.ec\/sitio\/wp-content\/uploads\/2025\/04\/05-INTERCAMBIO-DE-LIBROS-768x512.jpg 768w, https:\/\/www.uartes.edu.ec\/sitio\/wp-content\/uploads\/2025\/04\/05-INTERCAMBIO-DE-LIBROS-1536x1024.jpg 1536w, https:\/\/www.uartes.edu.ec\/sitio\/wp-content\/uploads\/2025\/04\/05-INTERCAMBIO-DE-LIBROS-18x12.jpg 18w, https:\/\/www.uartes.edu.ec\/sitio\/wp-content\/uploads\/2025\/04\/05-INTERCAMBIO-DE-LIBROS-600x400.jpg 600w, https:\/\/www.uartes.edu.ec\/sitio\/wp-content\/uploads\/2025\/04\/05-INTERCAMBIO-DE-LIBROS-400x267.jpg 400w, https:\/\/www.uartes.edu.ec\/sitio\/wp-content\/uploads\/2025\/04\/05-INTERCAMBIO-DE-LIBROS.jpg 2000w\" sizes=\"(max-width: 644px) 100vw, 644px\" \/><\/figure>\n<\/div>\n\n\n<p>Pa\u00fal Betancourt cursa el octavo semestre de la carrera de Artes Visuales y como parte de sus Pr\u00e1cticas PreProfesionales tuvo como asignaci\u00f3n recibir a la comunidad y a los usuarios para el trueque en la Biblioteca de las Artes. No hab\u00eda participado antes en el intercambio, por lo que ver llegar a estudiantes, docentes y p\u00fablico en general y detenerse enganchados por obras que alguna vez hab\u00edan querido leer y no lo hicieron, le result\u00f3 m\u00e1s que novedoso.<\/p>\n\n\n\n<p>\u201cS\u00ed leemos, aunque las estad\u00edsticas digan lo contrario\u201d, anot\u00f3 entre risas una usuaria de la tercera edad que prefiri\u00f3 la reserva de su nombre, pues, dijo, se acerc\u00f3 a la Biblioteca de las Artes solo para saber hasta cu\u00e1ndo se realizar\u00eda el intercambio y el horario de atenci\u00f3n. \u201cLeo con lupa, pero leo y mi nieto tambi\u00e9n; vamos a regresar con libros que podamos dejar y llevar otros que ya le ech\u00e9 el ojo\u201d.<\/p>\n\n\n\n<p>De entre los libros para el intercambio estuvieron, entre otros: \u201cAyuda tengo hijos\u201d, de Ale Velasco; \u201cEl Doctor Zhivago\u201d, de Boris Pasternackz; \u201cEl villorrio\u201d, de William Faulkner; \u201cLa ciudad y los perros\u201d, de Mario Vargas Llosa; \u201cEva Luna\u201d, de Isabel Allende; \u201cEl jard\u00edn secreto\u201d, de Frances Hodgson Burnett; \u201cEl fantasma de Canterville\u201d, de \u00d3scar Wilde; \u201cEl amor es una cat\u00e1strofe natural\u201d, de Betina Gonz\u00e1lez; y \u201cLa memoria y los adioses\u201d, de Juan Valdano.<\/p>\n\n\n<div class=\"wp-block-image\">\n<figure class=\"aligncenter size-large\"><img decoding=\"async\" width=\"644\" height=\"429\" src=\"https:\/\/www.uartes.edu.ec\/sitio\/wp-content\/uploads\/2025\/04\/02-PORRTADA-INTERCAMBIO-DE-LIBROS-644x429.jpg\" alt=\"\" class=\"wp-image-70808\" srcset=\"https:\/\/www.uartes.edu.ec\/sitio\/wp-content\/uploads\/2025\/04\/02-PORRTADA-INTERCAMBIO-DE-LIBROS-644x429.jpg 644w, https:\/\/www.uartes.edu.ec\/sitio\/wp-content\/uploads\/2025\/04\/02-PORRTADA-INTERCAMBIO-DE-LIBROS-300x200.jpg 300w, https:\/\/www.uartes.edu.ec\/sitio\/wp-content\/uploads\/2025\/04\/02-PORRTADA-INTERCAMBIO-DE-LIBROS-768x512.jpg 768w, https:\/\/www.uartes.edu.ec\/sitio\/wp-content\/uploads\/2025\/04\/02-PORRTADA-INTERCAMBIO-DE-LIBROS-1536x1024.jpg 1536w, https:\/\/www.uartes.edu.ec\/sitio\/wp-content\/uploads\/2025\/04\/02-PORRTADA-INTERCAMBIO-DE-LIBROS-18x12.jpg 18w, https:\/\/www.uartes.edu.ec\/sitio\/wp-content\/uploads\/2025\/04\/02-PORRTADA-INTERCAMBIO-DE-LIBROS-600x400.jpg 600w, https:\/\/www.uartes.edu.ec\/sitio\/wp-content\/uploads\/2025\/04\/02-PORRTADA-INTERCAMBIO-DE-LIBROS-400x267.jpg 400w, https:\/\/www.uartes.edu.ec\/sitio\/wp-content\/uploads\/2025\/04\/02-PORRTADA-INTERCAMBIO-DE-LIBROS.jpg 2000w\" sizes=\"(max-width: 644px) 100vw, 644px\" \/><\/figure>\n<\/div>\n\n\n<p>Tambi\u00e9n, de la colecci\u00f3n Premios Nobel: \u201cEnsayo de la ceguera\u201d, de Jos\u00e9 Saramago; \u201cLa perla\u201d, de John Steinbeck. De autores ecuatorianos, t\u00edtulos como \u201cLas calles de mi ciudad\u201d, tomos I, II y III de Jos\u00e9 Antonio G\u00f3mez Iturralde; \u201cPersonajes y circunstancias\u201d, de Jenny Estrada; y \u00abDesde un balc\u00f3n volado\u00bb, de Nelson Estupi\u00f1\u00e1n Bass. De UArtes Ediciones, entre otros, \u201cInterculturalidad y artes, derivas del artes para el proyecto intercultural\u201d.<\/p>\n\n\n\n<p>El intercambio de libros se extender\u00e1 hasta este s\u00e1bado 26 de abril, d\u00eda en que tambi\u00e9n concluir\u00e1n las actividades de Lanfor Abierta. Juntamente con el trueque, en su primera jornada la iniciativa tuvo la presentaci\u00f3n del libro \u201cDesaprender para volver a ser\u201d del escritor estadounidense Michael Handelsman, quien dialog\u00f3 con los autores ecuatorianos Ra\u00fal Vallejo y Yuliana Ortiz. En la UArtes, Vallejo fue director de la Escuela de Literatura, de la cual la alumnus Ortiz es docente.<\/p>\n\n\n\n<p>En el primero de los cuatro d\u00edas de Lanfor Abierta tambi\u00e9n tuvieron lugar las charlas \u201cLibros de la diferencia: Un recorrido simb\u00f3lico por incendios y exilios a trav\u00e9s de los libros y bibliotecas a los que la pol\u00edtica les pide silencio\u201d, a cargo de la acad\u00e9mica y periodista J\u00e9ssica Zambrano, y \u201cEn los pasos de Adso de Melk\u201d, con Katherine Martinez, licenciada en Comunicaci\u00f3n Social menci\u00f3n en Literatura, mag\u00edster en Estudios de la Cultura, profesora de Literatura a tiempo completo y lectora en tiempos compartidos.<\/p>\n\n\n<div class=\"wp-block-image\">\n<figure class=\"aligncenter size-large\"><img decoding=\"async\" width=\"644\" height=\"429\" src=\"https:\/\/www.uartes.edu.ec\/sitio\/wp-content\/uploads\/2025\/04\/01-INTERCAMBIO-DE-LIBROS-644x429.jpg\" alt=\"\" class=\"wp-image-70809\" srcset=\"https:\/\/www.uartes.edu.ec\/sitio\/wp-content\/uploads\/2025\/04\/01-INTERCAMBIO-DE-LIBROS-644x429.jpg 644w, https:\/\/www.uartes.edu.ec\/sitio\/wp-content\/uploads\/2025\/04\/01-INTERCAMBIO-DE-LIBROS-300x200.jpg 300w, https:\/\/www.uartes.edu.ec\/sitio\/wp-content\/uploads\/2025\/04\/01-INTERCAMBIO-DE-LIBROS-768x512.jpg 768w, https:\/\/www.uartes.edu.ec\/sitio\/wp-content\/uploads\/2025\/04\/01-INTERCAMBIO-DE-LIBROS-1536x1024.jpg 1536w, https:\/\/www.uartes.edu.ec\/sitio\/wp-content\/uploads\/2025\/04\/01-INTERCAMBIO-DE-LIBROS-18x12.jpg 18w, https:\/\/www.uartes.edu.ec\/sitio\/wp-content\/uploads\/2025\/04\/01-INTERCAMBIO-DE-LIBROS-600x400.jpg 600w, https:\/\/www.uartes.edu.ec\/sitio\/wp-content\/uploads\/2025\/04\/01-INTERCAMBIO-DE-LIBROS-400x267.jpg 400w, https:\/\/www.uartes.edu.ec\/sitio\/wp-content\/uploads\/2025\/04\/01-INTERCAMBIO-DE-LIBROS.jpg 2000w\" sizes=\"(max-width: 644px) 100vw, 644px\" \/><\/figure>\n<\/div>\n\n\n<p>Asimismo, la Escuela de Literatura propici\u00f3 una nueva edici\u00f3n de \u201cRoba libros\u201d, actividad en este a\u00f1o organizada por sus estudiantes. La tem\u00e1tica fue \u201cQu\u00e9 traes en la cabeza\u201d y se desarroll\u00f3 casi a su t\u00e9rmino un concurso de sombreros raros.<\/p>\n\n\n\n<p>Para la Biblioteca de las Artes, se indic\u00f3 desde su direcci\u00f3n, en el D\u00eda Mundial del Libro y del Derecho de Autor se celebra tambi\u00e9n a la cultura en su m\u00e1s amplia expresi\u00f3n. Es reconocer el poder transformador de las palabras, la belleza de las ideas plasmadas en papel y la necesidad de proteger a quienes nos regalan esas experiencias enriquecedoras. La fecha es una invitaci\u00f3n a la lectura, a descubrir nuevas voces, a reflexionar sobre el valor de la propiedad intelectual y a reafirmar el compromiso con un mundo donde las historias sigan siendo contadas y los creadores sean reconocidos.<\/p>\n\n\n\n<h3 class=\"wp-block-heading\">Jueves 24, viernes 25 y s\u00e1bado 26<\/h3>\n\n\n\n<p>El taller \u201cDespertando la creatividad\u201d, programado de 09:00 a 10:40, en la Sala Multifuncional de la Biblioteca de las Artes, es la primera de las cuatro actividades del segundo d\u00eda de Lanfor Abierta. Seguidamente, de 11:00 a 12:00, se har\u00e1 el lanzamiento del Club de Lectura y Creaci\u00f3n Ratones de Biblioteca, una propuesta en la que participan las estudiantes Paola Salazar, J\u00e9ssica Ceballos y Valeria Martillo; en su coordinaci\u00f3n, la docente Solange Rodr\u00edguez.<\/p>\n\n\n\n<p>Tambi\u00e9n a las 11:00 est\u00e1 previsto el desarrollo del taller \u201cJam de StopMotion\u201d, dirigido a p\u00fablico de 15 a 18 a\u00f1os. A las 15:00, la charla \u201cTeatro Foro Sin Aforo\u201d; ambas citas, en la Sala Multifuncional de la Biblioteca de las Artes.<\/p>\n\n\n\n<p>El viernes 25 tendr\u00e1 lugar en el tercer piso de la Biblioteca de las Artes las charlas \u201cRedes sociales para bibliotecas: C\u00f3mo gestionar contenidos y fomentar la lectura\u201d con Claudia Furiati, de 10:00 a 11:00; \u201cHacia una sociedad m\u00e1s inclusiva: El estado actual del El Tratado de Marrakech en Ecuador\u201d con Roberto G. Espinosa de los Monteros, de 11:00 a 12:00; \u201cLas bibliotecas perdidas de la antig\u00fcedad\u201d con Mauricio Arcila, a las 14:00; y \u201cLa inteligencia artificial para crear m\u00e1s all\u00e1 de la lectura\u201d con Francisco Santana, a las 15:00.<\/p>\n\n\n\n<p>El mismo d\u00eda, a las 14:00, en la Sala R\u00eda se desarrollar\u00e1 la competencia de gram\u00e1tica para ni\u00f1os y ni\u00f1as de entre 8 a 12 a\u00f1os, una din\u00e1mica con los participantes del taller \u201cAprende gram\u00e1tica jugando\u201d impartido por Jacqueline Loor, funcionaria de la Biblioteca de las Artes.<\/p>\n\n\n\n<p>El s\u00e1bado 26, a las 11:00, tambi\u00e9n en la Sala R\u00eda, se presentar\u00e1 el libro \u201cLulu y Ellie, d\u00edas de nervios\u201d, publicaci\u00f3n que ofrece a los m\u00e1s peque\u00f1os estrategias sencillas y efectivas para transformar la ansiedad en confianza y resiliencia.&nbsp;De 11:00 a 13:00, el taller \u201cJam de StopMotion\u201d. A las 12:00, la presentaci\u00f3n musical del taller \u201cEntre Ritmos y Marimba\u201d, con la direcci\u00f3n de Luly Herrera; y, a las 15:00, de los ni\u00f1os y ni\u00f1as del taller \u201cAprendizaje Sonoro\u201d, dirigidos por Jes\u00fas D\u00e1vila. A las 16:00 habr\u00e1 una sesi\u00f3n de Exploradores de Cuentos, con la lectura del libro \u201cNoche sin luna\u201d, de Shira Geffen y Etgar Keret, y la gu\u00eda de Zully Ord\u00f3\u00f1ez.<\/p>","protected":false},"excerpt":{"rendered":"<p>Con m\u00e1s de un centenar de obras donadas, de tem\u00e1tica y g\u00e9neros variados, la Biblioteca de las Artes dio inicio hoy, mi\u00e9rcoles 23 de abril, al intercambio de libros con el que, asimismo, arrancaron las actividades enmarcadas en Lanfor Abierta, una iniciativa con la cual celebra el D\u00eda Mundial del Libro y del Derecho de Autor y que en este 2025 lleg\u00f3 a su cuarta edici\u00f3n. Hasta el s\u00e1bado 26 se han programado charlas, talleres, presentaciones de libros, sesiones musicales y mediaci\u00f3n lectora.<\/p>","protected":false},"author":10,"featured_media":70806,"comment_status":"open","ping_status":"open","sticky":false,"template":"","format":"standard","meta":{"_acf_changed":false,"_uag_custom_page_level_css":"","_monsterinsights_skip_tracking":false,"_monsterinsights_sitenote_active":false,"_monsterinsights_sitenote_note":"","_monsterinsights_sitenote_category":0,"cybocfi_hide_featured_image":"","footnotes":""},"categories":[80,490,75,76,77,83],"tags":[41],"infouartes":[],"class_list":["post-70644","post","type-post","status-publish","format-standard","has-post-thumbnail","hentry","category-academico","category-alumni","category-docentes","category-estudiantes","category-gestion","category-sedes","tag-biblioteca"],"acf":[],"yoast_head":"<!-- This site is optimized with the Yoast SEO plugin v27.4 - https:\/\/yoast.com\/product\/yoast-seo-wordpress\/ -->\n<title>Universidad de las Artes - Intercambio de libros en el inicio de la IV Lanfor Abierta de la Biblioteca de las Artes<\/title>\n<meta name=\"description\" content=\"Universidad de las Artes - Intercambio de libros en el inicio de la IV Lanfor Abierta de la Biblioteca de las Artes\" \/>\n<meta name=\"robots\" content=\"index, follow, max-snippet:-1, max-image-preview:large, max-video-preview:-1\" \/>\n<link rel=\"canonical\" href=\"https:\/\/www.uartes.edu.ec\/sitio\/en\/blog\/2025\/04\/23\/intercambio-de-libros-en-el-inicio-de-la-iv-edicion-de-lanfor-abierta\/\" \/>\n<meta property=\"og:locale\" content=\"en_US\" \/>\n<meta property=\"og:type\" content=\"article\" \/>\n<meta property=\"og:title\" content=\"Universidad de las Artes - Intercambio de libros en el inicio de la IV Lanfor Abierta de la Biblioteca de las Artes\" \/>\n<meta property=\"og:description\" content=\"Universidad de las Artes - Intercambio de libros en el inicio de la IV Lanfor Abierta de la Biblioteca de las Artes\" \/>\n<meta property=\"og:url\" content=\"https:\/\/www.uartes.edu.ec\/sitio\/en\/blog\/2025\/04\/23\/intercambio-de-libros-en-el-inicio-de-la-iv-edicion-de-lanfor-abierta\/\" \/>\n<meta property=\"og:site_name\" content=\"Universidad de las Artes\" \/>\n<meta property=\"article:publisher\" content=\"https:\/\/www.facebook.com\/uartesec\" \/>\n<meta property=\"article:published_time\" content=\"2025-04-24T00:28:00+00:00\" \/>\n<meta property=\"article:modified_time\" content=\"2025-05-01T00:30:09+00:00\" \/>\n<meta property=\"og:image\" content=\"https:\/\/www.uartes.edu.ec\/sitio\/wp-content\/uploads\/2025\/04\/04-INTERCAMBIO-DE-LIBROS.jpg\" \/>\n\t<meta property=\"og:image:width\" content=\"2000\" \/>\n\t<meta property=\"og:image:height\" content=\"1333\" \/>\n\t<meta property=\"og:image:type\" content=\"image\/jpeg\" \/>\n<meta name=\"author\" content=\"ccortez\" \/>\n<meta name=\"twitter:card\" content=\"summary_large_image\" \/>\n<meta name=\"twitter:creator\" content=\"@uartesec\" \/>\n<meta name=\"twitter:site\" content=\"@uartesec\" \/>\n<meta name=\"twitter:label1\" content=\"Written by\" \/>\n\t<meta name=\"twitter:data1\" content=\"ccortez\" \/>\n\t<meta name=\"twitter:label2\" content=\"Est. reading time\" \/>\n\t<meta name=\"twitter:data2\" content=\"6 minutes\" \/>\n<script type=\"application\/ld+json\" class=\"yoast-schema-graph\">{\"@context\":\"https:\\\/\\\/schema.org\",\"@graph\":[{\"@type\":\"Article\",\"@id\":\"https:\\\/\\\/www.uartes.edu.ec\\\/sitio\\\/en\\\/blog\\\/2025\\\/04\\\/23\\\/intercambio-de-libros-en-el-inicio-de-la-iv-edicion-de-lanfor-abierta\\\/#article\",\"isPartOf\":{\"@id\":\"https:\\\/\\\/www.uartes.edu.ec\\\/sitio\\\/en\\\/blog\\\/2025\\\/04\\\/23\\\/intercambio-de-libros-en-el-inicio-de-la-iv-edicion-de-lanfor-abierta\\\/\"},\"author\":{\"name\":\"ccortez\",\"@id\":\"https:\\\/\\\/www.uartes.edu.ec\\\/sitio\\\/en\\\/#\\\/schema\\\/person\\\/efa1b8275797664fd7f13a79ccc0b1f4\"},\"headline\":\"Intercambio de libros en el inicio de la IV Lanfor Abierta de la Biblioteca de las Artes\",\"datePublished\":\"2025-04-24T00:28:00+00:00\",\"dateModified\":\"2025-05-01T00:30:09+00:00\",\"mainEntityOfPage\":{\"@id\":\"https:\\\/\\\/www.uartes.edu.ec\\\/sitio\\\/en\\\/blog\\\/2025\\\/04\\\/23\\\/intercambio-de-libros-en-el-inicio-de-la-iv-edicion-de-lanfor-abierta\\\/\"},\"wordCount\":1267,\"commentCount\":0,\"publisher\":{\"@id\":\"https:\\\/\\\/www.uartes.edu.ec\\\/sitio\\\/en\\\/#organization\"},\"image\":{\"@id\":\"https:\\\/\\\/www.uartes.edu.ec\\\/sitio\\\/en\\\/blog\\\/2025\\\/04\\\/23\\\/intercambio-de-libros-en-el-inicio-de-la-iv-edicion-de-lanfor-abierta\\\/#primaryimage\"},\"thumbnailUrl\":\"https:\\\/\\\/www.uartes.edu.ec\\\/sitio\\\/wp-content\\\/uploads\\\/2025\\\/04\\\/04-INTERCAMBIO-DE-LIBROS.jpg\",\"keywords\":[\"biblioteca\"],\"articleSection\":[\"Acad\u00e9mico\",\"Alumni\",\"Docentes\",\"Estudiantes\",\"Gesti\u00f3n\",\"Sedes\"],\"inLanguage\":\"en-US\",\"potentialAction\":[{\"@type\":\"CommentAction\",\"name\":\"Comment\",\"target\":[\"https:\\\/\\\/www.uartes.edu.ec\\\/sitio\\\/en\\\/blog\\\/2025\\\/04\\\/23\\\/intercambio-de-libros-en-el-inicio-de-la-iv-edicion-de-lanfor-abierta\\\/#respond\"]}]},{\"@type\":[\"WebPage\",\"ItemPage\"],\"@id\":\"https:\\\/\\\/www.uartes.edu.ec\\\/sitio\\\/en\\\/blog\\\/2025\\\/04\\\/23\\\/intercambio-de-libros-en-el-inicio-de-la-iv-edicion-de-lanfor-abierta\\\/\",\"url\":\"https:\\\/\\\/www.uartes.edu.ec\\\/sitio\\\/en\\\/blog\\\/2025\\\/04\\\/23\\\/intercambio-de-libros-en-el-inicio-de-la-iv-edicion-de-lanfor-abierta\\\/\",\"name\":\"Universidad de las Artes - Intercambio de libros en el inicio de la IV Lanfor Abierta de la Biblioteca de las Artes\",\"isPartOf\":{\"@id\":\"https:\\\/\\\/www.uartes.edu.ec\\\/sitio\\\/en\\\/#website\"},\"primaryImageOfPage\":{\"@id\":\"https:\\\/\\\/www.uartes.edu.ec\\\/sitio\\\/en\\\/blog\\\/2025\\\/04\\\/23\\\/intercambio-de-libros-en-el-inicio-de-la-iv-edicion-de-lanfor-abierta\\\/#primaryimage\"},\"image\":{\"@id\":\"https:\\\/\\\/www.uartes.edu.ec\\\/sitio\\\/en\\\/blog\\\/2025\\\/04\\\/23\\\/intercambio-de-libros-en-el-inicio-de-la-iv-edicion-de-lanfor-abierta\\\/#primaryimage\"},\"thumbnailUrl\":\"https:\\\/\\\/www.uartes.edu.ec\\\/sitio\\\/wp-content\\\/uploads\\\/2025\\\/04\\\/04-INTERCAMBIO-DE-LIBROS.jpg\",\"datePublished\":\"2025-04-24T00:28:00+00:00\",\"dateModified\":\"2025-05-01T00:30:09+00:00\",\"description\":\"Universidad de las Artes - Intercambio de libros en el inicio de la IV Lanfor Abierta de la Biblioteca de las Artes\",\"breadcrumb\":{\"@id\":\"https:\\\/\\\/www.uartes.edu.ec\\\/sitio\\\/en\\\/blog\\\/2025\\\/04\\\/23\\\/intercambio-de-libros-en-el-inicio-de-la-iv-edicion-de-lanfor-abierta\\\/#breadcrumb\"},\"inLanguage\":\"en-US\",\"potentialAction\":[{\"@type\":\"ReadAction\",\"target\":[\"https:\\\/\\\/www.uartes.edu.ec\\\/sitio\\\/en\\\/blog\\\/2025\\\/04\\\/23\\\/intercambio-de-libros-en-el-inicio-de-la-iv-edicion-de-lanfor-abierta\\\/\"]}]},{\"@type\":\"ImageObject\",\"inLanguage\":\"en-US\",\"@id\":\"https:\\\/\\\/www.uartes.edu.ec\\\/sitio\\\/en\\\/blog\\\/2025\\\/04\\\/23\\\/intercambio-de-libros-en-el-inicio-de-la-iv-edicion-de-lanfor-abierta\\\/#primaryimage\",\"url\":\"https:\\\/\\\/www.uartes.edu.ec\\\/sitio\\\/wp-content\\\/uploads\\\/2025\\\/04\\\/04-INTERCAMBIO-DE-LIBROS.jpg\",\"contentUrl\":\"https:\\\/\\\/www.uartes.edu.ec\\\/sitio\\\/wp-content\\\/uploads\\\/2025\\\/04\\\/04-INTERCAMBIO-DE-LIBROS.jpg\",\"width\":2000,\"height\":1333},{\"@type\":\"BreadcrumbList\",\"@id\":\"https:\\\/\\\/www.uartes.edu.ec\\\/sitio\\\/en\\\/blog\\\/2025\\\/04\\\/23\\\/intercambio-de-libros-en-el-inicio-de-la-iv-edicion-de-lanfor-abierta\\\/#breadcrumb\",\"itemListElement\":[{\"@type\":\"ListItem\",\"position\":1,\"name\":\"Inicio\",\"item\":\"https:\\\/\\\/www.uartes.edu.ec\\\/sitio\\\/\"},{\"@type\":\"ListItem\",\"position\":2,\"name\":\"Intercambio de libros en el inicio de la IV Lanfor Abierta de la Biblioteca de las Artes\"}]},{\"@type\":\"WebSite\",\"@id\":\"https:\\\/\\\/www.uartes.edu.ec\\\/sitio\\\/en\\\/#website\",\"url\":\"https:\\\/\\\/www.uartes.edu.ec\\\/sitio\\\/en\\\/\",\"name\":\"Universidad de las Artes\",\"description\":\"Sitio oficial de la Universidad Nacional de las Artes del Ecuador\",\"publisher\":{\"@id\":\"https:\\\/\\\/www.uartes.edu.ec\\\/sitio\\\/en\\\/#organization\"},\"potentialAction\":[{\"@type\":\"SearchAction\",\"target\":{\"@type\":\"EntryPoint\",\"urlTemplate\":\"https:\\\/\\\/www.uartes.edu.ec\\\/sitio\\\/en\\\/?s={search_term_string}\"},\"query-input\":{\"@type\":\"PropertyValueSpecification\",\"valueRequired\":true,\"valueName\":\"search_term_string\"}}],\"inLanguage\":\"en-US\"},{\"@type\":\"Organization\",\"@id\":\"https:\\\/\\\/www.uartes.edu.ec\\\/sitio\\\/en\\\/#organization\",\"name\":\"Universidad de las Artes\",\"url\":\"https:\\\/\\\/www.uartes.edu.ec\\\/sitio\\\/en\\\/\",\"logo\":{\"@type\":\"ImageObject\",\"inLanguage\":\"en-US\",\"@id\":\"https:\\\/\\\/www.uartes.edu.ec\\\/sitio\\\/en\\\/#\\\/schema\\\/logo\\\/image\\\/\",\"url\":\"https:\\\/\\\/www.uartes.edu.ec\\\/sitio\\\/wp-content\\\/uploads\\\/2022\\\/07\\\/logo-ua-horizontal.png\",\"contentUrl\":\"https:\\\/\\\/www.uartes.edu.ec\\\/sitio\\\/wp-content\\\/uploads\\\/2022\\\/07\\\/logo-ua-horizontal.png\",\"width\":800,\"height\":276,\"caption\":\"Universidad de las Artes\"},\"image\":{\"@id\":\"https:\\\/\\\/www.uartes.edu.ec\\\/sitio\\\/en\\\/#\\\/schema\\\/logo\\\/image\\\/\"},\"sameAs\":[\"https:\\\/\\\/www.facebook.com\\\/uartesec\",\"https:\\\/\\\/x.com\\\/uartesec\",\"https:\\\/\\\/www.tiktok.com\\\/@uartesec\"]},{\"@type\":\"Person\",\"@id\":\"https:\\\/\\\/www.uartes.edu.ec\\\/sitio\\\/en\\\/#\\\/schema\\\/person\\\/efa1b8275797664fd7f13a79ccc0b1f4\",\"name\":\"ccortez\",\"image\":{\"@type\":\"ImageObject\",\"inLanguage\":\"en-US\",\"@id\":\"https:\\\/\\\/secure.gravatar.com\\\/avatar\\\/b2a6f664a3ae8e074346ef91775736c5ec479e637ecced6842de9dc98b5da9cd?s=96&d=mm&r=g\",\"url\":\"https:\\\/\\\/secure.gravatar.com\\\/avatar\\\/b2a6f664a3ae8e074346ef91775736c5ec479e637ecced6842de9dc98b5da9cd?s=96&d=mm&r=g\",\"contentUrl\":\"https:\\\/\\\/secure.gravatar.com\\\/avatar\\\/b2a6f664a3ae8e074346ef91775736c5ec479e637ecced6842de9dc98b5da9cd?s=96&d=mm&r=g\",\"caption\":\"ccortez\"},\"url\":\"https:\\\/\\\/www.uartes.edu.ec\\\/sitio\\\/en\\\/blog\\\/author\\\/ccortez\\\/\"}]}<\/script>\n<!-- \/ Yoast SEO plugin. -->","yoast_head_json":{"title":"Universidad de las Artes - Intercambio de libros en el inicio de la IV Lanfor Abierta de la Biblioteca de las Artes","description":"Universidad de las Artes - Intercambio de libros en el inicio de la IV Lanfor Abierta de la Biblioteca de las Artes","robots":{"index":"index","follow":"follow","max-snippet":"max-snippet:-1","max-image-preview":"max-image-preview:large","max-video-preview":"max-video-preview:-1"},"canonical":"https:\/\/www.uartes.edu.ec\/sitio\/en\/blog\/2025\/04\/23\/intercambio-de-libros-en-el-inicio-de-la-iv-edicion-de-lanfor-abierta\/","og_locale":"en_US","og_type":"article","og_title":"Universidad de las Artes - Intercambio de libros en el inicio de la IV Lanfor Abierta de la Biblioteca de las Artes","og_description":"Universidad de las Artes - Intercambio de libros en el inicio de la IV Lanfor Abierta de la Biblioteca de las Artes","og_url":"https:\/\/www.uartes.edu.ec\/sitio\/en\/blog\/2025\/04\/23\/intercambio-de-libros-en-el-inicio-de-la-iv-edicion-de-lanfor-abierta\/","og_site_name":"Universidad de las Artes","article_publisher":"https:\/\/www.facebook.com\/uartesec","article_published_time":"2025-04-24T00:28:00+00:00","article_modified_time":"2025-05-01T00:30:09+00:00","og_image":[{"width":2000,"height":1333,"url":"https:\/\/www.uartes.edu.ec\/sitio\/wp-content\/uploads\/2025\/04\/04-INTERCAMBIO-DE-LIBROS.jpg","type":"image\/jpeg"}],"author":"ccortez","twitter_card":"summary_large_image","twitter_creator":"@uartesec","twitter_site":"@uartesec","twitter_misc":{"Written by":"ccortez","Est. reading time":"6 minutes"},"schema":{"@context":"https:\/\/schema.org","@graph":[{"@type":"Article","@id":"https:\/\/www.uartes.edu.ec\/sitio\/en\/blog\/2025\/04\/23\/intercambio-de-libros-en-el-inicio-de-la-iv-edicion-de-lanfor-abierta\/#article","isPartOf":{"@id":"https:\/\/www.uartes.edu.ec\/sitio\/en\/blog\/2025\/04\/23\/intercambio-de-libros-en-el-inicio-de-la-iv-edicion-de-lanfor-abierta\/"},"author":{"name":"ccortez","@id":"https:\/\/www.uartes.edu.ec\/sitio\/en\/#\/schema\/person\/efa1b8275797664fd7f13a79ccc0b1f4"},"headline":"Intercambio de libros en el inicio de la IV Lanfor Abierta de la Biblioteca de las Artes","datePublished":"2025-04-24T00:28:00+00:00","dateModified":"2025-05-01T00:30:09+00:00","mainEntityOfPage":{"@id":"https:\/\/www.uartes.edu.ec\/sitio\/en\/blog\/2025\/04\/23\/intercambio-de-libros-en-el-inicio-de-la-iv-edicion-de-lanfor-abierta\/"},"wordCount":1267,"commentCount":0,"publisher":{"@id":"https:\/\/www.uartes.edu.ec\/sitio\/en\/#organization"},"image":{"@id":"https:\/\/www.uartes.edu.ec\/sitio\/en\/blog\/2025\/04\/23\/intercambio-de-libros-en-el-inicio-de-la-iv-edicion-de-lanfor-abierta\/#primaryimage"},"thumbnailUrl":"https:\/\/www.uartes.edu.ec\/sitio\/wp-content\/uploads\/2025\/04\/04-INTERCAMBIO-DE-LIBROS.jpg","keywords":["biblioteca"],"articleSection":["Acad\u00e9mico","Alumni","Docentes","Estudiantes","Gesti\u00f3n","Sedes"],"inLanguage":"en-US","potentialAction":[{"@type":"CommentAction","name":"Comment","target":["https:\/\/www.uartes.edu.ec\/sitio\/en\/blog\/2025\/04\/23\/intercambio-de-libros-en-el-inicio-de-la-iv-edicion-de-lanfor-abierta\/#respond"]}]},{"@type":["WebPage","ItemPage"],"@id":"https:\/\/www.uartes.edu.ec\/sitio\/en\/blog\/2025\/04\/23\/intercambio-de-libros-en-el-inicio-de-la-iv-edicion-de-lanfor-abierta\/","url":"https:\/\/www.uartes.edu.ec\/sitio\/en\/blog\/2025\/04\/23\/intercambio-de-libros-en-el-inicio-de-la-iv-edicion-de-lanfor-abierta\/","name":"Universidad de las Artes - Intercambio de libros en el inicio de la IV Lanfor Abierta de la Biblioteca de las Artes","isPartOf":{"@id":"https:\/\/www.uartes.edu.ec\/sitio\/en\/#website"},"primaryImageOfPage":{"@id":"https:\/\/www.uartes.edu.ec\/sitio\/en\/blog\/2025\/04\/23\/intercambio-de-libros-en-el-inicio-de-la-iv-edicion-de-lanfor-abierta\/#primaryimage"},"image":{"@id":"https:\/\/www.uartes.edu.ec\/sitio\/en\/blog\/2025\/04\/23\/intercambio-de-libros-en-el-inicio-de-la-iv-edicion-de-lanfor-abierta\/#primaryimage"},"thumbnailUrl":"https:\/\/www.uartes.edu.ec\/sitio\/wp-content\/uploads\/2025\/04\/04-INTERCAMBIO-DE-LIBROS.jpg","datePublished":"2025-04-24T00:28:00+00:00","dateModified":"2025-05-01T00:30:09+00:00","description":"Universidad de las Artes - Intercambio de libros en el inicio de la IV Lanfor Abierta de la Biblioteca de las Artes","breadcrumb":{"@id":"https:\/\/www.uartes.edu.ec\/sitio\/en\/blog\/2025\/04\/23\/intercambio-de-libros-en-el-inicio-de-la-iv-edicion-de-lanfor-abierta\/#breadcrumb"},"inLanguage":"en-US","potentialAction":[{"@type":"ReadAction","target":["https:\/\/www.uartes.edu.ec\/sitio\/en\/blog\/2025\/04\/23\/intercambio-de-libros-en-el-inicio-de-la-iv-edicion-de-lanfor-abierta\/"]}]},{"@type":"ImageObject","inLanguage":"en-US","@id":"https:\/\/www.uartes.edu.ec\/sitio\/en\/blog\/2025\/04\/23\/intercambio-de-libros-en-el-inicio-de-la-iv-edicion-de-lanfor-abierta\/#primaryimage","url":"https:\/\/www.uartes.edu.ec\/sitio\/wp-content\/uploads\/2025\/04\/04-INTERCAMBIO-DE-LIBROS.jpg","contentUrl":"https:\/\/www.uartes.edu.ec\/sitio\/wp-content\/uploads\/2025\/04\/04-INTERCAMBIO-DE-LIBROS.jpg","width":2000,"height":1333},{"@type":"BreadcrumbList","@id":"https:\/\/www.uartes.edu.ec\/sitio\/en\/blog\/2025\/04\/23\/intercambio-de-libros-en-el-inicio-de-la-iv-edicion-de-lanfor-abierta\/#breadcrumb","itemListElement":[{"@type":"ListItem","position":1,"name":"Inicio","item":"https:\/\/www.uartes.edu.ec\/sitio\/"},{"@type":"ListItem","position":2,"name":"Intercambio de libros en el inicio de la IV Lanfor Abierta de la Biblioteca de las Artes"}]},{"@type":"WebSite","@id":"https:\/\/www.uartes.edu.ec\/sitio\/en\/#website","url":"https:\/\/www.uartes.edu.ec\/sitio\/en\/","name":"Universidad de las Artes","description":"Sitio oficial de la Universidad Nacional de las Artes del Ecuador","publisher":{"@id":"https:\/\/www.uartes.edu.ec\/sitio\/en\/#organization"},"potentialAction":[{"@type":"SearchAction","target":{"@type":"EntryPoint","urlTemplate":"https:\/\/www.uartes.edu.ec\/sitio\/en\/?s={search_term_string}"},"query-input":{"@type":"PropertyValueSpecification","valueRequired":true,"valueName":"search_term_string"}}],"inLanguage":"en-US"},{"@type":"Organization","@id":"https:\/\/www.uartes.edu.ec\/sitio\/en\/#organization","name":"Universidad de las Artes","url":"https:\/\/www.uartes.edu.ec\/sitio\/en\/","logo":{"@type":"ImageObject","inLanguage":"en-US","@id":"https:\/\/www.uartes.edu.ec\/sitio\/en\/#\/schema\/logo\/image\/","url":"https:\/\/www.uartes.edu.ec\/sitio\/wp-content\/uploads\/2022\/07\/logo-ua-horizontal.png","contentUrl":"https:\/\/www.uartes.edu.ec\/sitio\/wp-content\/uploads\/2022\/07\/logo-ua-horizontal.png","width":800,"height":276,"caption":"Universidad de las Artes"},"image":{"@id":"https:\/\/www.uartes.edu.ec\/sitio\/en\/#\/schema\/logo\/image\/"},"sameAs":["https:\/\/www.facebook.com\/uartesec","https:\/\/x.com\/uartesec","https:\/\/www.tiktok.com\/@uartesec"]},{"@type":"Person","@id":"https:\/\/www.uartes.edu.ec\/sitio\/en\/#\/schema\/person\/efa1b8275797664fd7f13a79ccc0b1f4","name":"ccortez","image":{"@type":"ImageObject","inLanguage":"en-US","@id":"https:\/\/secure.gravatar.com\/avatar\/b2a6f664a3ae8e074346ef91775736c5ec479e637ecced6842de9dc98b5da9cd?s=96&d=mm&r=g","url":"https:\/\/secure.gravatar.com\/avatar\/b2a6f664a3ae8e074346ef91775736c5ec479e637ecced6842de9dc98b5da9cd?s=96&d=mm&r=g","contentUrl":"https:\/\/secure.gravatar.com\/avatar\/b2a6f664a3ae8e074346ef91775736c5ec479e637ecced6842de9dc98b5da9cd?s=96&d=mm&r=g","caption":"ccortez"},"url":"https:\/\/www.uartes.edu.ec\/sitio\/en\/blog\/author\/ccortez\/"}]}},"uagb_featured_image_src":{"full":["https:\/\/www.uartes.edu.ec\/sitio\/wp-content\/uploads\/2025\/04\/04-INTERCAMBIO-DE-LIBROS.jpg",2000,1333,false],"thumbnail":["https:\/\/www.uartes.edu.ec\/sitio\/wp-content\/uploads\/2025\/04\/04-INTERCAMBIO-DE-LIBROS-150x150.jpg",150,150,true],"medium":["https:\/\/www.uartes.edu.ec\/sitio\/wp-content\/uploads\/2025\/04\/04-INTERCAMBIO-DE-LIBROS-300x200.jpg",300,200,true],"medium_large":["https:\/\/www.uartes.edu.ec\/sitio\/wp-content\/uploads\/2025\/04\/04-INTERCAMBIO-DE-LIBROS-768x512.jpg",768,512,true],"large":["https:\/\/www.uartes.edu.ec\/sitio\/wp-content\/uploads\/2025\/04\/04-INTERCAMBIO-DE-LIBROS-644x429.jpg",644,429,true],"1536x1536":["https:\/\/www.uartes.edu.ec\/sitio\/wp-content\/uploads\/2025\/04\/04-INTERCAMBIO-DE-LIBROS-1536x1024.jpg",1536,1024,true],"2048x2048":["https:\/\/www.uartes.edu.ec\/sitio\/wp-content\/uploads\/2025\/04\/04-INTERCAMBIO-DE-LIBROS.jpg",2000,1333,false],"trp-custom-language-flag":["https:\/\/www.uartes.edu.ec\/sitio\/wp-content\/uploads\/2025\/04\/04-INTERCAMBIO-DE-LIBROS-18x12.jpg",18,12,true],"htmega_size_585x295":["https:\/\/www.uartes.edu.ec\/sitio\/wp-content\/uploads\/2025\/04\/04-INTERCAMBIO-DE-LIBROS-585x295.jpg",585,295,true],"htmega_size_1170x536":["https:\/\/www.uartes.edu.ec\/sitio\/wp-content\/uploads\/2025\/04\/04-INTERCAMBIO-DE-LIBROS-1170x536.jpg",1170,536,true],"htmega_size_396x360":["https:\/\/www.uartes.edu.ec\/sitio\/wp-content\/uploads\/2025\/04\/04-INTERCAMBIO-DE-LIBROS-396x360.jpg",396,360,true],"gb-block-post-grid-landscape":["https:\/\/www.uartes.edu.ec\/sitio\/wp-content\/uploads\/2025\/04\/04-INTERCAMBIO-DE-LIBROS-600x400.jpg",600,400,true],"gb-block-post-grid-square":["https:\/\/www.uartes.edu.ec\/sitio\/wp-content\/uploads\/2025\/04\/04-INTERCAMBIO-DE-LIBROS-600x600.jpg",600,600,true],"university-hub-thumb":["https:\/\/www.uartes.edu.ec\/sitio\/wp-content\/uploads\/2025\/04\/04-INTERCAMBIO-DE-LIBROS-400x267.jpg",400,267,true],"mailpoet_newsletter_max":["https:\/\/www.uartes.edu.ec\/sitio\/wp-content\/uploads\/2025\/04\/04-INTERCAMBIO-DE-LIBROS.jpg",1320,880,false]},"uagb_author_info":{"display_name":"ccortez","author_link":"https:\/\/www.uartes.edu.ec\/sitio\/en\/blog\/author\/ccortez\/"},"uagb_comment_info":0,"uagb_excerpt":"Con m\u00e1s de un centenar de obras donadas, de tem\u00e1tica y g\u00e9neros variados, la Biblioteca de las Artes dio inicio hoy, mi\u00e9rcoles 23 de abril, al intercambio de libros con el que, asimismo, arrancaron las actividades enmarcadas en Lanfor Abierta, una iniciativa con la cual celebra el D\u00eda Mundial del Libro y del Derecho de&hellip;","featured_image_src":"https:\/\/www.uartes.edu.ec\/sitio\/wp-content\/uploads\/2025\/04\/04-INTERCAMBIO-DE-LIBROS-600x400.jpg","featured_image_src_square":"https:\/\/www.uartes.edu.ec\/sitio\/wp-content\/uploads\/2025\/04\/04-INTERCAMBIO-DE-LIBROS-600x600.jpg","author_info":{"display_name":"ccortez","author_link":"https:\/\/www.uartes.edu.ec\/sitio\/en\/blog\/author\/ccortez\/"},"publishpress_future_workflow_manual_trigger":{"enabledWorkflows":[]},"distributor_meta":false,"distributor_terms":false,"distributor_media":false,"distributor_original_site_name":"Universidad de las Artes","distributor_original_site_url":"https:\/\/www.uartes.edu.ec\/sitio\/en","push-errors":false,"_links":{"self":[{"href":"https:\/\/www.uartes.edu.ec\/sitio\/en\/wp-json\/wp\/v2\/posts\/70644","targetHints":{"allow":["GET"]}}],"collection":[{"href":"https:\/\/www.uartes.edu.ec\/sitio\/en\/wp-json\/wp\/v2\/posts"}],"about":[{"href":"https:\/\/www.uartes.edu.ec\/sitio\/en\/wp-json\/wp\/v2\/types\/post"}],"author":[{"embeddable":true,"href":"https:\/\/www.uartes.edu.ec\/sitio\/en\/wp-json\/wp\/v2\/users\/10"}],"replies":[{"embeddable":true,"href":"https:\/\/www.uartes.edu.ec\/sitio\/en\/wp-json\/wp\/v2\/comments?post=70644"}],"version-history":[{"count":4,"href":"https:\/\/www.uartes.edu.ec\/sitio\/en\/wp-json\/wp\/v2\/posts\/70644\/revisions"}],"predecessor-version":[{"id":70819,"href":"https:\/\/www.uartes.edu.ec\/sitio\/en\/wp-json\/wp\/v2\/posts\/70644\/revisions\/70819"}],"wp:featuredmedia":[{"embeddable":true,"href":"https:\/\/www.uartes.edu.ec\/sitio\/en\/wp-json\/wp\/v2\/media\/70806"}],"wp:attachment":[{"href":"https:\/\/www.uartes.edu.ec\/sitio\/en\/wp-json\/wp\/v2\/media?parent=70644"}],"wp:term":[{"taxonomy":"category","embeddable":true,"href":"https:\/\/www.uartes.edu.ec\/sitio\/en\/wp-json\/wp\/v2\/categories?post=70644"},{"taxonomy":"post_tag","embeddable":true,"href":"https:\/\/www.uartes.edu.ec\/sitio\/en\/wp-json\/wp\/v2\/tags?post=70644"},{"taxonomy":"infouartes","embeddable":true,"href":"https:\/\/www.uartes.edu.ec\/sitio\/en\/wp-json\/wp\/v2\/infouartes?post=70644"}],"curies":[{"name":"wp","href":"https:\/\/api.w.org\/{rel}","templated":true}]}}