{"id":70649,"date":"2025-04-28T20:36:00","date_gmt":"2025-04-29T01:36:00","guid":{"rendered":"https:\/\/www.uartes.edu.ec\/sitio\/?p=70649"},"modified":"2025-04-30T18:20:33","modified_gmt":"2025-04-30T23:20:33","slug":"la-comunidad-de-danza-de-la-uartes-despide-al-maestro-klever-viera-pionero-de-la-danza-contemporanea-del-ecuador","status":"publish","type":"post","link":"https:\/\/www.uartes.edu.ec\/sitio\/en\/blog\/2025\/04\/28\/la-comunidad-de-danza-de-la-uartes-despide-al-maestro-klever-viera-pionero-de-la-danza-contemporanea-del-ecuador\/","title":{"rendered":"La comunidad de Danza de la UArtes despide al maestro Kl\u00e9ver Viera, pionero de la danza contempor\u00e1nea del Ecuador"},"content":{"rendered":"\n<p>El maestro ha partido. La noticia del deceso del reconocido core\u00f3grafo, bailar\u00edn y director art\u00edstico ecuatoriano Kl\u00e9ver Rodrigo Viera P\u00e9rez, el domingo 27 de abril en su natal Cotopaxi, enluta a la danza nacional, de la cual fue uno de sus pioneros. Su obra y amplia trayectoria son reconocidas no solo en Ecuador, sino en el mundo, pues lleg\u00f3 con talleres de creaci\u00f3n y de danza a pa\u00edses como Colombia, Alemania y Holanda.<\/p>\n\n\n\n<p>Del quehacer y legado de Kl\u00e9ver Viera hay mucha historia que contar, un repaso en el que consta tambi\u00e9n la Universidad de las Artes, pues estudiantes de la carrera de Danza \u2013algunos ya graduados\u2013 tuvieron el privilegio de recibir sus ense\u00f1anzas en citas como \u201cInter[\u2022]actos, Encuentros P\u00fablicos en Artes\u201d, en 2016, y en la segunda edici\u00f3n del \u201cEncuentro Esc\u00e9nico, Memoria y Actualidad\u201d, en 2019, donde tuvo una residencia.<\/p>\n\n\n\n<h3 class=\"wp-block-heading\">Parte de su trayectoria<\/h3>\n\n\n\n<p>De su vida art\u00edstica, a nivel digital medios como <em>El Comercio, Expreso<\/em> y <em>El Apuntador<\/em> recogen que Viera inici\u00f3 su formaci\u00f3n en 1974 en el Instituto Nacional de Danza y que para 1976 ya destacaba como bailar\u00edn profesional de la Compa\u00f1\u00eda Nacional de Danza (CND), donde conoci\u00f3 a Rodolfo Reyes,&nbsp;core\u00f3grafo que le abri\u00f3 las puertas de M\u00e9xico en 1977 para que continuara con su preparaci\u00f3n.<\/p>\n\n\n\n<p>A comienzos de los 80 regres\u00f3 a Ecuador y se reintegr\u00f3 a la CND, organizando la Escuela Coreogr\u00e1fica. El 1981 dirigi\u00f3 con Carlos Cornejo el Centro de Danza, en 1984 establecieron la Escuela Yaradanza y, en ese mismo a\u00f1o, Kl\u00e9ver Viera se incorpor\u00f3 como miembro fundador al Frente de Danza Independiente (FDI). En 1986 empez\u00f3 una gira internacional y en 1988 se uni\u00f3 a la experiencia teatral de un grupo de artistas colombianos, Ensamblaje \u2013 Combo. En 1990, se sum\u00f3 al VI Encuentro Latinoamericano de Teatro Popular en Bogot\u00e1 y a la Jornada Mary Witman; se radic\u00f3 un tiempo en la capital de Colombia y expuso su pensamiento y obra en ese pa\u00eds y en M\u00e9xico.<\/p>\n\n\n<div class=\"wp-block-image\">\n<figure class=\"aligncenter size-large\"><img fetchpriority=\"high\" decoding=\"async\" width=\"644\" height=\"429\" src=\"https:\/\/www.uartes.edu.ec\/sitio\/wp-content\/uploads\/2025\/04\/KLEVER-VIERA-WEB-interactos-1-644x429.jpg\" alt=\"\" class=\"wp-image-70654\" srcset=\"https:\/\/www.uartes.edu.ec\/sitio\/wp-content\/uploads\/2025\/04\/KLEVER-VIERA-WEB-interactos-1-644x429.jpg 644w, https:\/\/www.uartes.edu.ec\/sitio\/wp-content\/uploads\/2025\/04\/KLEVER-VIERA-WEB-interactos-1-300x200.jpg 300w, https:\/\/www.uartes.edu.ec\/sitio\/wp-content\/uploads\/2025\/04\/KLEVER-VIERA-WEB-interactos-1-768x512.jpg 768w, https:\/\/www.uartes.edu.ec\/sitio\/wp-content\/uploads\/2025\/04\/KLEVER-VIERA-WEB-interactos-1-1536x1024.jpg 1536w, https:\/\/www.uartes.edu.ec\/sitio\/wp-content\/uploads\/2025\/04\/KLEVER-VIERA-WEB-interactos-1-18x12.jpg 18w, https:\/\/www.uartes.edu.ec\/sitio\/wp-content\/uploads\/2025\/04\/KLEVER-VIERA-WEB-interactos-1-600x400.jpg 600w, https:\/\/www.uartes.edu.ec\/sitio\/wp-content\/uploads\/2025\/04\/KLEVER-VIERA-WEB-interactos-1-400x267.jpg 400w, https:\/\/www.uartes.edu.ec\/sitio\/wp-content\/uploads\/2025\/04\/KLEVER-VIERA-WEB-interactos-1.jpg 2000w\" sizes=\"(max-width: 644px) 100vw, 644px\" \/><\/figure>\n<\/div>\n\n\n<p>Kl\u00e9ver Viera fue postulado en 2024 por la comunidad art\u00edstica y cultural del Ecuador al Premio Eugenio Espejo y en ese mismo a\u00f1o recibi\u00f3 un reconocimiento de la Asamblea Nacional. En el acto, donde se destac\u00f3 la importancia de la danza para la cultura y la expresi\u00f3n, el maestro expres\u00f3 haber creado m\u00e1s de 80 obras, casi todas sin intervenci\u00f3n del Estado.<\/p>\n\n\n\n<h3 class=\"wp-block-heading\">De las experiencias compartidas<\/h3>\n\n\n\n<p>En su memoria, y por todo lo compartido con la comunidad UArtes, docentes y graduados de la carrera de Danza expresan su sentir y las experiencias vividas con el maestro.<\/p>\n\n\n\n<p>Jorge Parra, docente: Coincidimos con Kl\u00e9ver en todos los haceres, en hacer la danza, en bailar, en el intercambio de saberes, en reflexionar la danza y en abrazos de amistad. Compartimos todos los instantes que se pueden compartir con un artista en el camino. Primero como alumno, tom\u00e9 mis primeras clases de danza contempor\u00e1nea con \u00e9l en Quito, a finales de los 80. Luego me dediqu\u00e9 a la gesti\u00f3n y tuve la oportunidad de compartir espacios de di\u00e1logo, espacios en los que como gestor logr\u00e9 programarlo en varias ocasiones en los festivales que se organizaron en Sarao y Zona Escena; el \u00faltimo fue en 2019, en la Sala Experimental del Teatro S\u00e1nchez Aguilar.<br>Tuvimos despu\u00e9s una experiencia final al compartir escena en Mu\u00e9gano Teatro para un evento que organiz\u00f3 la UArtes. Mi admiraci\u00f3n y respeto para Kl\u00e9ver, a quien deseo un viaje eterno en la danza, el viaje de la danza de las estrellas, de la danza de la luz que creo que se merece y que todos podamos recordarlo siempre por sus ense\u00f1anzas y su nivel expresivo inolvidable y profundo.<\/p>\n\n\n\n<p>Bertha D\u00edaz, docente: Kl\u00e9ver fue un bailar\u00edn y core\u00f3grafo extraordinario. Logr\u00f3 articular un lenguaje muy distintivo desde una danza situada, articulada desde el reconocimiento de la potencia de su cuerpo en relaci\u00f3n \u00edntima con el cuerpo-territorio, con el cuerpo-paisaje, con el cuerpo-raza. Fue un maestro generoso, muy amigo de sus colaboradores y estudiantes. Nunca dej\u00f3 de compartir sus saberes, sus intuiciones, sus b\u00fasquedas con todas las personas que lo buscaron, ni dej\u00f3 de celebrar la creaci\u00f3n de espacios nuevos, sin dejar de lado la radical criticidad con el sistema. Para Kl\u00e9ver no hab\u00eda distinciones entre profesionales y amateurs, ni entre la danza y el movimiento cotidiano. Siempre recursivo, con elementos del diario vivir y muy sencillos arm\u00f3 sus espacios esc\u00e9nicos, que se sosten\u00edan y transmutaban por la carnosidad que les dotaba desde sus experiencias de vida. Hizo de su pr\u00e1ctica pedag\u00f3gica un espacio de compartir, pero desde la configuraci\u00f3n de v\u00edas para que cada uno\/a viaje a las profundidades de su propio cuerpo y su propio ser, pues la danza no era para \u00e9l una b\u00fasqueda t\u00e9cnica y de artificio, sino un medio para encontrar estados m\u00e1s hondos de la existencia.<\/p>\n\n\n<div class=\"wp-block-image\">\n<figure class=\"aligncenter size-large\"><img decoding=\"async\" width=\"644\" height=\"429\" src=\"https:\/\/www.uartes.edu.ec\/sitio\/wp-content\/uploads\/2025\/04\/kv1-644x429.jpg\" alt=\"\" class=\"wp-image-70655\" srcset=\"https:\/\/www.uartes.edu.ec\/sitio\/wp-content\/uploads\/2025\/04\/kv1-644x429.jpg 644w, https:\/\/www.uartes.edu.ec\/sitio\/wp-content\/uploads\/2025\/04\/kv1-300x200.jpg 300w, https:\/\/www.uartes.edu.ec\/sitio\/wp-content\/uploads\/2025\/04\/kv1-768x512.jpg 768w, https:\/\/www.uartes.edu.ec\/sitio\/wp-content\/uploads\/2025\/04\/kv1-1536x1024.jpg 1536w, https:\/\/www.uartes.edu.ec\/sitio\/wp-content\/uploads\/2025\/04\/kv1-18x12.jpg 18w, https:\/\/www.uartes.edu.ec\/sitio\/wp-content\/uploads\/2025\/04\/kv1-600x400.jpg 600w, https:\/\/www.uartes.edu.ec\/sitio\/wp-content\/uploads\/2025\/04\/kv1-400x267.jpg 400w, https:\/\/www.uartes.edu.ec\/sitio\/wp-content\/uploads\/2025\/04\/kv1.jpg 2000w\" sizes=\"(max-width: 644px) 100vw, 644px\" \/><\/figure>\n<\/div>\n\n\n<p>Jennifer Asencio, graduada: No conoc\u00eda al maestro Kl\u00e9ver hasta que llegu\u00e9 a la UArtes y o\u00ed hablar de \u00e9l como el bailar\u00edn y core\u00f3grafo que tuvo sus inicios en Quito y gan\u00f3 reconocimiento a nivel nacional e internacional. Tengo en Facebook contactos de M\u00e9xico que mencionan su trabajo por su estilo de danza y por ser un referente importante. Nuestra generaci\u00f3n de profesores tuvo la oportunidad de trabajar con \u00e9l y conoc\u00edamos lo importante que era que nos visitara. En el 2019 tuve la oportunidad de conocerlo en la segunda edici\u00f3n del Encuentro Esc\u00e9nico, donde los estudiantes hicimos con \u00e9l una residencia en la que nos ense\u00f1\u00f3 su t\u00e9cnica, su visi\u00f3n de la danza y su visi\u00f3n de la vida; cuando nos impart\u00eda su danza, siempre nos mencionaba de sus experiencias, sus palabras eran profundas y muy sentidas.<br>Cuando tuvimos la presentaci\u00f3n con los resultados de la residencia recuerdo que \u00e9l bailaba con nosotros, estaba fuera de la escena, pero bailaba e inspiraba. Tengo la an\u00e9cdota de llevarlo al hotel en el carro de mi pap\u00e1 y que en el trayecto me cont\u00f3 su vida, era como un libro abierto; agradezco su compartir y la oportunidad que me dio de conocerlo.<\/p>\n\n\n\n<p>Lorena Delgado, docente: La primera vez que vi a Kl\u00e9ver no ten\u00eda m\u00e1s de 10 a\u00f1os y fue su maravillosa obra \u201cAnfisbena\u201d la primera vez que observaba danza, un cuerpo que se transformaba e irrump\u00eda la normatividad. Nos encontramos varias veces en el camino. Cuando viajaba a tomar cursos en el Frente de Danza Independiente en mis vacaciones, cuando particip\u00e9 en uno de sus montajes, cuando mi testarudez no me dejaba recibir lo que \u00e9l tan generosamente compart\u00eda a todxs quienes lo visit\u00e1bamos en sus clases, cuando tiempo m\u00e1s tarde lo busqu\u00e9 porque en mis cuestionamientos sobre la danza solo \u00e9l pod\u00eda ayudarme a profundizarlos, cuando vino a la UArtes a compartir con estudiantes de la carrera de Danza y mostrarnos su \u201cAnfisbena\u201d desde la presencia absoluta, desde ese lugar generoso que compart\u00eda su vida, su danza.<br>Hoy me invade una profunda tristeza. Ha partido el maestro que nos ped\u00eda \u201ccortarle la cabeza\u201d en cada clase, el maestro que nunca se cans\u00f3 de compartir y creer que cada persona era una nueva oportunidad para la danza, el maestro que nos invitaba a que no todo lo que el sucede en el cuerpo puede ser aprehendido por la palabra. Te extra\u00f1ar\u00e9 querido Kl\u00e9ver e intentar\u00e9 honrar tu legado persistiendo en compartir, como t\u00fa lo hiciste, generosamente la danza.<\/p>\n\n\n<div class=\"wp-block-image\">\n<figure class=\"aligncenter size-large\"><img decoding=\"async\" width=\"644\" height=\"429\" src=\"https:\/\/www.uartes.edu.ec\/sitio\/wp-content\/uploads\/2025\/04\/kv2-644x429.jpg\" alt=\"\" class=\"wp-image-70656\" srcset=\"https:\/\/www.uartes.edu.ec\/sitio\/wp-content\/uploads\/2025\/04\/kv2-644x429.jpg 644w, https:\/\/www.uartes.edu.ec\/sitio\/wp-content\/uploads\/2025\/04\/kv2-300x200.jpg 300w, https:\/\/www.uartes.edu.ec\/sitio\/wp-content\/uploads\/2025\/04\/kv2-768x512.jpg 768w, https:\/\/www.uartes.edu.ec\/sitio\/wp-content\/uploads\/2025\/04\/kv2-1536x1024.jpg 1536w, https:\/\/www.uartes.edu.ec\/sitio\/wp-content\/uploads\/2025\/04\/kv2-18x12.jpg 18w, https:\/\/www.uartes.edu.ec\/sitio\/wp-content\/uploads\/2025\/04\/kv2-600x400.jpg 600w, https:\/\/www.uartes.edu.ec\/sitio\/wp-content\/uploads\/2025\/04\/kv2-400x267.jpg 400w, https:\/\/www.uartes.edu.ec\/sitio\/wp-content\/uploads\/2025\/04\/kv2.jpg 2000w\" sizes=\"(max-width: 644px) 100vw, 644px\" \/><\/figure>\n<\/div>\n\n\n<p>Khrystel Ortiz, graduada: Realic\u00e9 la reconstrucci\u00f3n de una de sus obras m\u00e1s mencionadas, \u201cAnfisbena\u201d. Trabaj\u00e9 al lado de Michelle Viera y Ronald Mej\u00eda, finalizando nuestro cuarto semestre. Pudimos compartir una tarde con \u00e9l y muy amablemente nos coment\u00f3 todo lo que tom\u00f3 en cuenta para realizar su obra; sus dificultades, sus deseos, lo que s\u00ed sali\u00f3, lo que afin\u00f3 con el tiempo. Recuerdo que nos pregunt\u00f3 c\u00f3mo nos ve\u00edamos m\u00e1s adelante y nos dio recomendaciones de vida, agradeci\u00e9ndonos m\u00e1s bien \u00e9l de haber escogido su obra.<\/p>\n\n\n\n<p>Cindy Cantos, docente: La partida de Kl\u00e9ver enluta a toda la comunidad de Danza de la UArtes y a la comunidad de bailarines contempor\u00e1neos de Guayaquil, de Quito, del Ecuador entero, de quienes tuvimos la oportunidad de compartir con \u00e9l. Integr\u00e9 la Compa\u00f1\u00eda de Danza-Teatro Sarao y tuve la oportunidad de conocerlo hace muchos a\u00f1os atr\u00e1s junto a Lucho Muekay, Terry Araujo y otros bailarines que salieron del pa\u00eds rumbo a M\u00e9xico a estudiar y al volver compartieron sus conocimientos y aprendizajes. Para m\u00ed, Kl\u00e9ver y las comunidades de danza de Guayaquil y Quito son pioneros de la danza moderna contempor\u00e1nea en el pa\u00eds, fueron quienes abrieron paso a generaciones mucho m\u00e1s j\u00f3venes. Su partida enluta nuestros corazones y hace visible esa fragilidad que los artistas esc\u00e9nicos tenemos, sobre todo los artistas esc\u00e9nicos independientes, a veces olvidados por el sistema y no reconocidos. Su partida es muy dolorosa y nos lleva a una reflexi\u00f3n de lo que somos, de lo que estamos haciendo, de c\u00f3mo vamos a continuar bailando y haciendo nuestro quehacer.<\/p>\n\n\n\n<p>Darashea Toala, graduada: Kl\u00e9ver, flor de floripondio. As\u00ed lo conoc\u00ed: a trav\u00e9s de una pantalla, cuando en \u201cReflexionar la danza II\u201d la docente nos propuso elegir una obra, analizarla y comentarla en clase. Escog\u00ed \u201cEl ni\u00f1o del floripondio\u201d y all\u00ed estaba su cuerpo: un cuerpo que dejaba escapar la carne viva que lat\u00eda en su interior. Un cuerpo que danzaba desde el ser, desde el sentir, desde el pensar. No hab\u00eda otra excusa que la de entenderse, conocerse, abrazarse en movimiento. Despu\u00e9s, lo conoc\u00ed de cerca: abrac\u00e9 su presencia, sus gestos, su forma de construir el arte desde la ra\u00edz y el vuelo. Kl\u00e9ver se convirti\u00f3 en una luz que habit\u00f3, habita y habitar\u00e1 en mi forma de entender la danza. Agradezco haber coincidido en su tiempo, en su espacio, y llevar en m\u00ed su huella.<\/p>\n\n\n<div class=\"wp-block-image\">\n<figure class=\"aligncenter size-large\"><img loading=\"lazy\" decoding=\"async\" width=\"644\" height=\"429\" src=\"https:\/\/www.uartes.edu.ec\/sitio\/wp-content\/uploads\/2025\/04\/KLEVER-VIERA-WEB-1-644x429.jpg\" alt=\"\" class=\"wp-image-70657\" srcset=\"https:\/\/www.uartes.edu.ec\/sitio\/wp-content\/uploads\/2025\/04\/KLEVER-VIERA-WEB-1-644x429.jpg 644w, https:\/\/www.uartes.edu.ec\/sitio\/wp-content\/uploads\/2025\/04\/KLEVER-VIERA-WEB-1-300x200.jpg 300w, https:\/\/www.uartes.edu.ec\/sitio\/wp-content\/uploads\/2025\/04\/KLEVER-VIERA-WEB-1-768x512.jpg 768w, https:\/\/www.uartes.edu.ec\/sitio\/wp-content\/uploads\/2025\/04\/KLEVER-VIERA-WEB-1-1536x1024.jpg 1536w, https:\/\/www.uartes.edu.ec\/sitio\/wp-content\/uploads\/2025\/04\/KLEVER-VIERA-WEB-1-18x12.jpg 18w, https:\/\/www.uartes.edu.ec\/sitio\/wp-content\/uploads\/2025\/04\/KLEVER-VIERA-WEB-1-600x400.jpg 600w, https:\/\/www.uartes.edu.ec\/sitio\/wp-content\/uploads\/2025\/04\/KLEVER-VIERA-WEB-1-400x267.jpg 400w, https:\/\/www.uartes.edu.ec\/sitio\/wp-content\/uploads\/2025\/04\/KLEVER-VIERA-WEB-1.jpg 2000w\" sizes=\"(max-width: 644px) 100vw, 644px\" \/><\/figure>\n<\/div>\n\n\n<p>Christian Omar Masabanda, docente: \u201cHola Christian, qu\u00e9 bueno encontrar tu saludo. En lo personal dando la pelea al tiempo de peste y no detener el proceso&#8230; desconcertado y cabreado cada vez que me entero del destino de la danza nuestra. Me sostengo en vosotros, los j\u00f3venes. Har\u00e1n, haremos nuevos tiempos. Abrazo, ya nos veremos. Kl\u00e9ver\u201d.&nbsp;<\/p>\n\n\n\n<p>Querido Kl\u00e9ver, ma\u00f1ana es el D\u00eda Internacional de la Danza, nuestra danza. Danza que en este el pa\u00eds de la canela ha sido golpeada brutalmente desde siempre, pero que tambi\u00e9n, desde el movimiento y la insistencia de seres como t\u00fa, la han sabido cultivar con cada clase, palabra, pensamiento, coreograf\u00edas, intervenciones callejeras que han servido de curitas para sanar el alma a trav\u00e9s del movimiento. Hoy tu partida nos moviliza a honrarte, recordarte y celebrarte. Gracias por habernos preparado el terreno, por haber labrado el camino con actos profundamente po\u00e9ticos y pol\u00edticos que incendiaban todo, transformando la rabia en esperanza que bailaba al ritmo de la justicia y sanaci\u00f3n. Que bella manera de hacer presencia la tuya, siempre desde la escena imaginando otros mundos posibles. Nuestras danzas llevar\u00e1n tu nombre, porque la herencia que nos dejas ya est\u00e1 hecha carne y piel.<br>Desde Guayaquil respondo a uno de tus \u00faltimos mensajes para contarte que hoy, 28 de abril de 2025, aunque un poco tristes por tu partida, la comunidad UArtes: amigxs, colegas, estudiantes estamos en una minga colectiva haciendo\/imaginando\/creando nuevos tiempos para seguir anidando a las historias sobre las que se mueven nuestras danzas, para con ella dar testimonio de nuestras muchas luchas, las propias y las compartidas.<br>Si en el viaje te encuentras con Arturo, Petra y los otros que se adelantaron, diles por favor que en nuestros salones de clase sus memorias, legados y danzas no son contenidos de estudio, son m\u00e1s bien fuego que nos habita para bailar el pensamiento, las palabras, el intelecto, la pol\u00edtica, los cuerpos y el coraz\u00f3n.<br>Ac\u00e1 seguiremos, como era tu deseo: Bailando en soledad, de a dos, de a muchos, de a todxs. Bailando tambi\u00e9n con nuestras certezas e incertidumbres. Bailando tambi\u00e9n con nuestras nostalgias y con nuestros deseos. Bailando tambi\u00e9n por nuestros empe\u00f1os y por los tuyos. Bailando con nuestras coincidencias y diferencias. Bailando en comunidad danzas plurales, diversas y polirr\u00edtmicas. Bailando de todas las formas posibles. Bailando con dos pies izquierdos, equivocando el paso, fuera de cuentas. Bailando danzas m\u00ednimas, dom\u00e9sticas, con brincos, vuelos y saltos. Bailando danzas que nos muevan y nos conmuevan. Bailando por la vida, el amor, la alegr\u00eda y el respeto. Bailando por los que ya no est\u00e1n. Bailando por los que siguen, persisten, resisten y se quedan. Bailando por los que se adelantaron y all\u00e1 nos esperan. Bailando en soledad, de a dos, de a muchos, de a todxs. Bailando. Bailando. Como t\u00fa: siempre bailando. Hasta pronto Kl\u00e9ver. Con gratitud.<\/p>\n\n\n\n<p><\/p>\n","protected":false},"excerpt":{"rendered":"<p>La noticia del deceso del core\u00f3grafo, bailar\u00edn y director art\u00edstico ecuatoriano Kl\u00e9ver Viera, el 27 de abril en Cotopaxi, enluta a la danza nacional; su trayectoria es reconocida en Ecuador y el mundo. De su quehacer hay mucha historia que contar, historia en la que est\u00e1 inserta la UArtes, pues estudiantes de Danza recibieron sus ense\u00f1anzas en citas como Inter[\u2022]actos y Encuentro Esc\u00e9nico. Aqu\u00ed el sentir de docentes y alumni.<\/p>\n","protected":false},"author":10,"featured_media":70653,"comment_status":"open","ping_status":"open","sticky":false,"template":"","format":"standard","meta":{"_acf_changed":false,"_uag_custom_page_level_css":"","_monsterinsights_skip_tracking":false,"_monsterinsights_sitenote_active":false,"_monsterinsights_sitenote_note":"","_monsterinsights_sitenote_category":0,"cybocfi_hide_featured_image":"","footnotes":""},"categories":[490,82,159,75],"tags":[],"infouartes":[],"class_list":["post-70649","post","type-post","status-publish","format-standard","has-post-thumbnail","hentry","category-alumni","category-artes","category-artes-escenicas","category-docentes"],"acf":[],"yoast_head":"<!-- This site is optimized with the Yoast SEO plugin v27.4 - https:\/\/yoast.com\/product\/yoast-seo-wordpress\/ -->\n<title>Universidad de las Artes - La comunidad de Danza de la UArtes despide al maestro Kl\u00e9ver Viera, pionero de la danza contempor\u00e1nea del Ecuador<\/title>\n<meta name=\"description\" content=\"Universidad de las Artes - La comunidad de Danza de la UArtes despide al maestro Kl\u00e9ver Viera, pionero de la danza contempor\u00e1nea del Ecuador\" \/>\n<meta name=\"robots\" content=\"index, follow, max-snippet:-1, max-image-preview:large, max-video-preview:-1\" \/>\n<link rel=\"canonical\" href=\"https:\/\/www.uartes.edu.ec\/sitio\/en\/blog\/2025\/04\/28\/la-comunidad-de-danza-de-la-uartes-despide-al-maestro-klever-viera-pionero-de-la-danza-contemporanea-del-ecuador\/\" \/>\n<meta property=\"og:locale\" content=\"en_US\" \/>\n<meta property=\"og:type\" content=\"article\" \/>\n<meta property=\"og:title\" content=\"Universidad de las Artes - La comunidad de Danza de la UArtes despide al maestro Kl\u00e9ver Viera, pionero de la danza contempor\u00e1nea del Ecuador\" \/>\n<meta property=\"og:description\" content=\"Universidad de las Artes - La comunidad de Danza de la UArtes despide al maestro Kl\u00e9ver Viera, pionero de la danza contempor\u00e1nea del Ecuador\" \/>\n<meta property=\"og:url\" content=\"https:\/\/www.uartes.edu.ec\/sitio\/en\/blog\/2025\/04\/28\/la-comunidad-de-danza-de-la-uartes-despide-al-maestro-klever-viera-pionero-de-la-danza-contemporanea-del-ecuador\/\" \/>\n<meta property=\"og:site_name\" content=\"Universidad de las Artes\" \/>\n<meta property=\"article:publisher\" content=\"https:\/\/www.facebook.com\/uartesec\" \/>\n<meta property=\"article:published_time\" content=\"2025-04-29T01:36:00+00:00\" \/>\n<meta property=\"article:modified_time\" content=\"2025-04-30T23:20:33+00:00\" \/>\n<meta property=\"og:image\" content=\"https:\/\/www.uartes.edu.ec\/sitio\/wp-content\/uploads\/2025\/04\/KLEVER-VIERA-ENCUENTRO-ESCENICO-1.jpg\" \/>\n\t<meta property=\"og:image:width\" content=\"2000\" \/>\n\t<meta property=\"og:image:height\" content=\"1333\" \/>\n\t<meta property=\"og:image:type\" content=\"image\/jpeg\" \/>\n<meta name=\"author\" content=\"ccortez\" \/>\n<meta name=\"twitter:card\" content=\"summary_large_image\" \/>\n<meta name=\"twitter:creator\" content=\"@uartesec\" \/>\n<meta name=\"twitter:site\" content=\"@uartesec\" \/>\n<meta name=\"twitter:label1\" content=\"Written by\" \/>\n\t<meta name=\"twitter:data1\" content=\"ccortez\" \/>\n\t<meta name=\"twitter:label2\" content=\"Est. reading time\" \/>\n\t<meta name=\"twitter:data2\" content=\"11 minutes\" \/>\n<script type=\"application\/ld+json\" class=\"yoast-schema-graph\">{\"@context\":\"https:\\\/\\\/schema.org\",\"@graph\":[{\"@type\":\"Article\",\"@id\":\"https:\\\/\\\/www.uartes.edu.ec\\\/sitio\\\/en\\\/blog\\\/2025\\\/04\\\/28\\\/la-comunidad-de-danza-de-la-uartes-despide-al-maestro-klever-viera-pionero-de-la-danza-contemporanea-del-ecuador\\\/#article\",\"isPartOf\":{\"@id\":\"https:\\\/\\\/www.uartes.edu.ec\\\/sitio\\\/en\\\/blog\\\/2025\\\/04\\\/28\\\/la-comunidad-de-danza-de-la-uartes-despide-al-maestro-klever-viera-pionero-de-la-danza-contemporanea-del-ecuador\\\/\"},\"author\":{\"name\":\"ccortez\",\"@id\":\"https:\\\/\\\/www.uartes.edu.ec\\\/sitio\\\/en\\\/#\\\/schema\\\/person\\\/efa1b8275797664fd7f13a79ccc0b1f4\"},\"headline\":\"La comunidad de Danza de la UArtes despide al maestro Kl\u00e9ver Viera, pionero de la danza contempor\u00e1nea del Ecuador\",\"datePublished\":\"2025-04-29T01:36:00+00:00\",\"dateModified\":\"2025-04-30T23:20:33+00:00\",\"mainEntityOfPage\":{\"@id\":\"https:\\\/\\\/www.uartes.edu.ec\\\/sitio\\\/en\\\/blog\\\/2025\\\/04\\\/28\\\/la-comunidad-de-danza-de-la-uartes-despide-al-maestro-klever-viera-pionero-de-la-danza-contemporanea-del-ecuador\\\/\"},\"wordCount\":2231,\"commentCount\":0,\"publisher\":{\"@id\":\"https:\\\/\\\/www.uartes.edu.ec\\\/sitio\\\/en\\\/#organization\"},\"image\":{\"@id\":\"https:\\\/\\\/www.uartes.edu.ec\\\/sitio\\\/en\\\/blog\\\/2025\\\/04\\\/28\\\/la-comunidad-de-danza-de-la-uartes-despide-al-maestro-klever-viera-pionero-de-la-danza-contemporanea-del-ecuador\\\/#primaryimage\"},\"thumbnailUrl\":\"https:\\\/\\\/www.uartes.edu.ec\\\/sitio\\\/wp-content\\\/uploads\\\/2025\\\/04\\\/KLEVER-VIERA-ENCUENTRO-ESCENICO-1.jpg\",\"articleSection\":[\"Alumni\",\"Artes\",\"Artes Esc\u00e9nicas\",\"Docentes\"],\"inLanguage\":\"en-US\",\"potentialAction\":[{\"@type\":\"CommentAction\",\"name\":\"Comment\",\"target\":[\"https:\\\/\\\/www.uartes.edu.ec\\\/sitio\\\/en\\\/blog\\\/2025\\\/04\\\/28\\\/la-comunidad-de-danza-de-la-uartes-despide-al-maestro-klever-viera-pionero-de-la-danza-contemporanea-del-ecuador\\\/#respond\"]}]},{\"@type\":[\"WebPage\",\"ItemPage\"],\"@id\":\"https:\\\/\\\/www.uartes.edu.ec\\\/sitio\\\/en\\\/blog\\\/2025\\\/04\\\/28\\\/la-comunidad-de-danza-de-la-uartes-despide-al-maestro-klever-viera-pionero-de-la-danza-contemporanea-del-ecuador\\\/\",\"url\":\"https:\\\/\\\/www.uartes.edu.ec\\\/sitio\\\/en\\\/blog\\\/2025\\\/04\\\/28\\\/la-comunidad-de-danza-de-la-uartes-despide-al-maestro-klever-viera-pionero-de-la-danza-contemporanea-del-ecuador\\\/\",\"name\":\"Universidad de las Artes - La comunidad de Danza de la UArtes despide al maestro Kl\u00e9ver Viera, pionero de la danza contempor\u00e1nea del Ecuador\",\"isPartOf\":{\"@id\":\"https:\\\/\\\/www.uartes.edu.ec\\\/sitio\\\/en\\\/#website\"},\"primaryImageOfPage\":{\"@id\":\"https:\\\/\\\/www.uartes.edu.ec\\\/sitio\\\/en\\\/blog\\\/2025\\\/04\\\/28\\\/la-comunidad-de-danza-de-la-uartes-despide-al-maestro-klever-viera-pionero-de-la-danza-contemporanea-del-ecuador\\\/#primaryimage\"},\"image\":{\"@id\":\"https:\\\/\\\/www.uartes.edu.ec\\\/sitio\\\/en\\\/blog\\\/2025\\\/04\\\/28\\\/la-comunidad-de-danza-de-la-uartes-despide-al-maestro-klever-viera-pionero-de-la-danza-contemporanea-del-ecuador\\\/#primaryimage\"},\"thumbnailUrl\":\"https:\\\/\\\/www.uartes.edu.ec\\\/sitio\\\/wp-content\\\/uploads\\\/2025\\\/04\\\/KLEVER-VIERA-ENCUENTRO-ESCENICO-1.jpg\",\"datePublished\":\"2025-04-29T01:36:00+00:00\",\"dateModified\":\"2025-04-30T23:20:33+00:00\",\"description\":\"Universidad de las Artes - La comunidad de Danza de la UArtes despide al maestro Kl\u00e9ver Viera, pionero de la danza contempor\u00e1nea del Ecuador\",\"breadcrumb\":{\"@id\":\"https:\\\/\\\/www.uartes.edu.ec\\\/sitio\\\/en\\\/blog\\\/2025\\\/04\\\/28\\\/la-comunidad-de-danza-de-la-uartes-despide-al-maestro-klever-viera-pionero-de-la-danza-contemporanea-del-ecuador\\\/#breadcrumb\"},\"inLanguage\":\"en-US\",\"potentialAction\":[{\"@type\":\"ReadAction\",\"target\":[\"https:\\\/\\\/www.uartes.edu.ec\\\/sitio\\\/en\\\/blog\\\/2025\\\/04\\\/28\\\/la-comunidad-de-danza-de-la-uartes-despide-al-maestro-klever-viera-pionero-de-la-danza-contemporanea-del-ecuador\\\/\"]}]},{\"@type\":\"ImageObject\",\"inLanguage\":\"en-US\",\"@id\":\"https:\\\/\\\/www.uartes.edu.ec\\\/sitio\\\/en\\\/blog\\\/2025\\\/04\\\/28\\\/la-comunidad-de-danza-de-la-uartes-despide-al-maestro-klever-viera-pionero-de-la-danza-contemporanea-del-ecuador\\\/#primaryimage\",\"url\":\"https:\\\/\\\/www.uartes.edu.ec\\\/sitio\\\/wp-content\\\/uploads\\\/2025\\\/04\\\/KLEVER-VIERA-ENCUENTRO-ESCENICO-1.jpg\",\"contentUrl\":\"https:\\\/\\\/www.uartes.edu.ec\\\/sitio\\\/wp-content\\\/uploads\\\/2025\\\/04\\\/KLEVER-VIERA-ENCUENTRO-ESCENICO-1.jpg\",\"width\":2000,\"height\":1333},{\"@type\":\"BreadcrumbList\",\"@id\":\"https:\\\/\\\/www.uartes.edu.ec\\\/sitio\\\/en\\\/blog\\\/2025\\\/04\\\/28\\\/la-comunidad-de-danza-de-la-uartes-despide-al-maestro-klever-viera-pionero-de-la-danza-contemporanea-del-ecuador\\\/#breadcrumb\",\"itemListElement\":[{\"@type\":\"ListItem\",\"position\":1,\"name\":\"Inicio\",\"item\":\"https:\\\/\\\/www.uartes.edu.ec\\\/sitio\\\/\"},{\"@type\":\"ListItem\",\"position\":2,\"name\":\"La comunidad de Danza de la UArtes despide al maestro Kl\u00e9ver Viera, pionero de la danza contempor\u00e1nea del Ecuador\"}]},{\"@type\":\"WebSite\",\"@id\":\"https:\\\/\\\/www.uartes.edu.ec\\\/sitio\\\/en\\\/#website\",\"url\":\"https:\\\/\\\/www.uartes.edu.ec\\\/sitio\\\/en\\\/\",\"name\":\"Universidad de las Artes\",\"description\":\"Sitio oficial de la Universidad Nacional de las Artes del Ecuador\",\"publisher\":{\"@id\":\"https:\\\/\\\/www.uartes.edu.ec\\\/sitio\\\/en\\\/#organization\"},\"potentialAction\":[{\"@type\":\"SearchAction\",\"target\":{\"@type\":\"EntryPoint\",\"urlTemplate\":\"https:\\\/\\\/www.uartes.edu.ec\\\/sitio\\\/en\\\/?s={search_term_string}\"},\"query-input\":{\"@type\":\"PropertyValueSpecification\",\"valueRequired\":true,\"valueName\":\"search_term_string\"}}],\"inLanguage\":\"en-US\"},{\"@type\":\"Organization\",\"@id\":\"https:\\\/\\\/www.uartes.edu.ec\\\/sitio\\\/en\\\/#organization\",\"name\":\"Universidad de las Artes\",\"url\":\"https:\\\/\\\/www.uartes.edu.ec\\\/sitio\\\/en\\\/\",\"logo\":{\"@type\":\"ImageObject\",\"inLanguage\":\"en-US\",\"@id\":\"https:\\\/\\\/www.uartes.edu.ec\\\/sitio\\\/en\\\/#\\\/schema\\\/logo\\\/image\\\/\",\"url\":\"https:\\\/\\\/www.uartes.edu.ec\\\/sitio\\\/wp-content\\\/uploads\\\/2022\\\/07\\\/logo-ua-horizontal.png\",\"contentUrl\":\"https:\\\/\\\/www.uartes.edu.ec\\\/sitio\\\/wp-content\\\/uploads\\\/2022\\\/07\\\/logo-ua-horizontal.png\",\"width\":800,\"height\":276,\"caption\":\"Universidad de las Artes\"},\"image\":{\"@id\":\"https:\\\/\\\/www.uartes.edu.ec\\\/sitio\\\/en\\\/#\\\/schema\\\/logo\\\/image\\\/\"},\"sameAs\":[\"https:\\\/\\\/www.facebook.com\\\/uartesec\",\"https:\\\/\\\/x.com\\\/uartesec\",\"https:\\\/\\\/www.tiktok.com\\\/@uartesec\"]},{\"@type\":\"Person\",\"@id\":\"https:\\\/\\\/www.uartes.edu.ec\\\/sitio\\\/en\\\/#\\\/schema\\\/person\\\/efa1b8275797664fd7f13a79ccc0b1f4\",\"name\":\"ccortez\",\"image\":{\"@type\":\"ImageObject\",\"inLanguage\":\"en-US\",\"@id\":\"https:\\\/\\\/secure.gravatar.com\\\/avatar\\\/b2a6f664a3ae8e074346ef91775736c5ec479e637ecced6842de9dc98b5da9cd?s=96&d=mm&r=g\",\"url\":\"https:\\\/\\\/secure.gravatar.com\\\/avatar\\\/b2a6f664a3ae8e074346ef91775736c5ec479e637ecced6842de9dc98b5da9cd?s=96&d=mm&r=g\",\"contentUrl\":\"https:\\\/\\\/secure.gravatar.com\\\/avatar\\\/b2a6f664a3ae8e074346ef91775736c5ec479e637ecced6842de9dc98b5da9cd?s=96&d=mm&r=g\",\"caption\":\"ccortez\"},\"url\":\"https:\\\/\\\/www.uartes.edu.ec\\\/sitio\\\/en\\\/blog\\\/author\\\/ccortez\\\/\"}]}<\/script>\n<!-- \/ Yoast SEO plugin. -->","yoast_head_json":{"title":"Universidad de las Artes - La comunidad de Danza de la UArtes despide al maestro Kl\u00e9ver Viera, pionero de la danza contempor\u00e1nea del Ecuador","description":"Universidad de las Artes - La comunidad de Danza de la UArtes despide al maestro Kl\u00e9ver Viera, pionero de la danza contempor\u00e1nea del Ecuador","robots":{"index":"index","follow":"follow","max-snippet":"max-snippet:-1","max-image-preview":"max-image-preview:large","max-video-preview":"max-video-preview:-1"},"canonical":"https:\/\/www.uartes.edu.ec\/sitio\/en\/blog\/2025\/04\/28\/la-comunidad-de-danza-de-la-uartes-despide-al-maestro-klever-viera-pionero-de-la-danza-contemporanea-del-ecuador\/","og_locale":"en_US","og_type":"article","og_title":"Universidad de las Artes - La comunidad de Danza de la UArtes despide al maestro Kl\u00e9ver Viera, pionero de la danza contempor\u00e1nea del Ecuador","og_description":"Universidad de las Artes - La comunidad de Danza de la UArtes despide al maestro Kl\u00e9ver Viera, pionero de la danza contempor\u00e1nea del Ecuador","og_url":"https:\/\/www.uartes.edu.ec\/sitio\/en\/blog\/2025\/04\/28\/la-comunidad-de-danza-de-la-uartes-despide-al-maestro-klever-viera-pionero-de-la-danza-contemporanea-del-ecuador\/","og_site_name":"Universidad de las Artes","article_publisher":"https:\/\/www.facebook.com\/uartesec","article_published_time":"2025-04-29T01:36:00+00:00","article_modified_time":"2025-04-30T23:20:33+00:00","og_image":[{"width":2000,"height":1333,"url":"https:\/\/www.uartes.edu.ec\/sitio\/wp-content\/uploads\/2025\/04\/KLEVER-VIERA-ENCUENTRO-ESCENICO-1.jpg","type":"image\/jpeg"}],"author":"ccortez","twitter_card":"summary_large_image","twitter_creator":"@uartesec","twitter_site":"@uartesec","twitter_misc":{"Written by":"ccortez","Est. reading time":"11 minutes"},"schema":{"@context":"https:\/\/schema.org","@graph":[{"@type":"Article","@id":"https:\/\/www.uartes.edu.ec\/sitio\/en\/blog\/2025\/04\/28\/la-comunidad-de-danza-de-la-uartes-despide-al-maestro-klever-viera-pionero-de-la-danza-contemporanea-del-ecuador\/#article","isPartOf":{"@id":"https:\/\/www.uartes.edu.ec\/sitio\/en\/blog\/2025\/04\/28\/la-comunidad-de-danza-de-la-uartes-despide-al-maestro-klever-viera-pionero-de-la-danza-contemporanea-del-ecuador\/"},"author":{"name":"ccortez","@id":"https:\/\/www.uartes.edu.ec\/sitio\/en\/#\/schema\/person\/efa1b8275797664fd7f13a79ccc0b1f4"},"headline":"La comunidad de Danza de la UArtes despide al maestro Kl\u00e9ver Viera, pionero de la danza contempor\u00e1nea del Ecuador","datePublished":"2025-04-29T01:36:00+00:00","dateModified":"2025-04-30T23:20:33+00:00","mainEntityOfPage":{"@id":"https:\/\/www.uartes.edu.ec\/sitio\/en\/blog\/2025\/04\/28\/la-comunidad-de-danza-de-la-uartes-despide-al-maestro-klever-viera-pionero-de-la-danza-contemporanea-del-ecuador\/"},"wordCount":2231,"commentCount":0,"publisher":{"@id":"https:\/\/www.uartes.edu.ec\/sitio\/en\/#organization"},"image":{"@id":"https:\/\/www.uartes.edu.ec\/sitio\/en\/blog\/2025\/04\/28\/la-comunidad-de-danza-de-la-uartes-despide-al-maestro-klever-viera-pionero-de-la-danza-contemporanea-del-ecuador\/#primaryimage"},"thumbnailUrl":"https:\/\/www.uartes.edu.ec\/sitio\/wp-content\/uploads\/2025\/04\/KLEVER-VIERA-ENCUENTRO-ESCENICO-1.jpg","articleSection":["Alumni","Artes","Artes Esc\u00e9nicas","Docentes"],"inLanguage":"en-US","potentialAction":[{"@type":"CommentAction","name":"Comment","target":["https:\/\/www.uartes.edu.ec\/sitio\/en\/blog\/2025\/04\/28\/la-comunidad-de-danza-de-la-uartes-despide-al-maestro-klever-viera-pionero-de-la-danza-contemporanea-del-ecuador\/#respond"]}]},{"@type":["WebPage","ItemPage"],"@id":"https:\/\/www.uartes.edu.ec\/sitio\/en\/blog\/2025\/04\/28\/la-comunidad-de-danza-de-la-uartes-despide-al-maestro-klever-viera-pionero-de-la-danza-contemporanea-del-ecuador\/","url":"https:\/\/www.uartes.edu.ec\/sitio\/en\/blog\/2025\/04\/28\/la-comunidad-de-danza-de-la-uartes-despide-al-maestro-klever-viera-pionero-de-la-danza-contemporanea-del-ecuador\/","name":"Universidad de las Artes - La comunidad de Danza de la UArtes despide al maestro Kl\u00e9ver Viera, pionero de la danza contempor\u00e1nea del Ecuador","isPartOf":{"@id":"https:\/\/www.uartes.edu.ec\/sitio\/en\/#website"},"primaryImageOfPage":{"@id":"https:\/\/www.uartes.edu.ec\/sitio\/en\/blog\/2025\/04\/28\/la-comunidad-de-danza-de-la-uartes-despide-al-maestro-klever-viera-pionero-de-la-danza-contemporanea-del-ecuador\/#primaryimage"},"image":{"@id":"https:\/\/www.uartes.edu.ec\/sitio\/en\/blog\/2025\/04\/28\/la-comunidad-de-danza-de-la-uartes-despide-al-maestro-klever-viera-pionero-de-la-danza-contemporanea-del-ecuador\/#primaryimage"},"thumbnailUrl":"https:\/\/www.uartes.edu.ec\/sitio\/wp-content\/uploads\/2025\/04\/KLEVER-VIERA-ENCUENTRO-ESCENICO-1.jpg","datePublished":"2025-04-29T01:36:00+00:00","dateModified":"2025-04-30T23:20:33+00:00","description":"Universidad de las Artes - La comunidad de Danza de la UArtes despide al maestro Kl\u00e9ver Viera, pionero de la danza contempor\u00e1nea del Ecuador","breadcrumb":{"@id":"https:\/\/www.uartes.edu.ec\/sitio\/en\/blog\/2025\/04\/28\/la-comunidad-de-danza-de-la-uartes-despide-al-maestro-klever-viera-pionero-de-la-danza-contemporanea-del-ecuador\/#breadcrumb"},"inLanguage":"en-US","potentialAction":[{"@type":"ReadAction","target":["https:\/\/www.uartes.edu.ec\/sitio\/en\/blog\/2025\/04\/28\/la-comunidad-de-danza-de-la-uartes-despide-al-maestro-klever-viera-pionero-de-la-danza-contemporanea-del-ecuador\/"]}]},{"@type":"ImageObject","inLanguage":"en-US","@id":"https:\/\/www.uartes.edu.ec\/sitio\/en\/blog\/2025\/04\/28\/la-comunidad-de-danza-de-la-uartes-despide-al-maestro-klever-viera-pionero-de-la-danza-contemporanea-del-ecuador\/#primaryimage","url":"https:\/\/www.uartes.edu.ec\/sitio\/wp-content\/uploads\/2025\/04\/KLEVER-VIERA-ENCUENTRO-ESCENICO-1.jpg","contentUrl":"https:\/\/www.uartes.edu.ec\/sitio\/wp-content\/uploads\/2025\/04\/KLEVER-VIERA-ENCUENTRO-ESCENICO-1.jpg","width":2000,"height":1333},{"@type":"BreadcrumbList","@id":"https:\/\/www.uartes.edu.ec\/sitio\/en\/blog\/2025\/04\/28\/la-comunidad-de-danza-de-la-uartes-despide-al-maestro-klever-viera-pionero-de-la-danza-contemporanea-del-ecuador\/#breadcrumb","itemListElement":[{"@type":"ListItem","position":1,"name":"Inicio","item":"https:\/\/www.uartes.edu.ec\/sitio\/"},{"@type":"ListItem","position":2,"name":"La comunidad de Danza de la UArtes despide al maestro Kl\u00e9ver Viera, pionero de la danza contempor\u00e1nea del Ecuador"}]},{"@type":"WebSite","@id":"https:\/\/www.uartes.edu.ec\/sitio\/en\/#website","url":"https:\/\/www.uartes.edu.ec\/sitio\/en\/","name":"Universidad de las Artes","description":"Sitio oficial de la Universidad Nacional de las Artes del Ecuador","publisher":{"@id":"https:\/\/www.uartes.edu.ec\/sitio\/en\/#organization"},"potentialAction":[{"@type":"SearchAction","target":{"@type":"EntryPoint","urlTemplate":"https:\/\/www.uartes.edu.ec\/sitio\/en\/?s={search_term_string}"},"query-input":{"@type":"PropertyValueSpecification","valueRequired":true,"valueName":"search_term_string"}}],"inLanguage":"en-US"},{"@type":"Organization","@id":"https:\/\/www.uartes.edu.ec\/sitio\/en\/#organization","name":"Universidad de las Artes","url":"https:\/\/www.uartes.edu.ec\/sitio\/en\/","logo":{"@type":"ImageObject","inLanguage":"en-US","@id":"https:\/\/www.uartes.edu.ec\/sitio\/en\/#\/schema\/logo\/image\/","url":"https:\/\/www.uartes.edu.ec\/sitio\/wp-content\/uploads\/2022\/07\/logo-ua-horizontal.png","contentUrl":"https:\/\/www.uartes.edu.ec\/sitio\/wp-content\/uploads\/2022\/07\/logo-ua-horizontal.png","width":800,"height":276,"caption":"Universidad de las Artes"},"image":{"@id":"https:\/\/www.uartes.edu.ec\/sitio\/en\/#\/schema\/logo\/image\/"},"sameAs":["https:\/\/www.facebook.com\/uartesec","https:\/\/x.com\/uartesec","https:\/\/www.tiktok.com\/@uartesec"]},{"@type":"Person","@id":"https:\/\/www.uartes.edu.ec\/sitio\/en\/#\/schema\/person\/efa1b8275797664fd7f13a79ccc0b1f4","name":"ccortez","image":{"@type":"ImageObject","inLanguage":"en-US","@id":"https:\/\/secure.gravatar.com\/avatar\/b2a6f664a3ae8e074346ef91775736c5ec479e637ecced6842de9dc98b5da9cd?s=96&d=mm&r=g","url":"https:\/\/secure.gravatar.com\/avatar\/b2a6f664a3ae8e074346ef91775736c5ec479e637ecced6842de9dc98b5da9cd?s=96&d=mm&r=g","contentUrl":"https:\/\/secure.gravatar.com\/avatar\/b2a6f664a3ae8e074346ef91775736c5ec479e637ecced6842de9dc98b5da9cd?s=96&d=mm&r=g","caption":"ccortez"},"url":"https:\/\/www.uartes.edu.ec\/sitio\/en\/blog\/author\/ccortez\/"}]}},"uagb_featured_image_src":{"full":["https:\/\/www.uartes.edu.ec\/sitio\/wp-content\/uploads\/2025\/04\/KLEVER-VIERA-ENCUENTRO-ESCENICO-1.jpg",2000,1333,false],"thumbnail":["https:\/\/www.uartes.edu.ec\/sitio\/wp-content\/uploads\/2025\/04\/KLEVER-VIERA-ENCUENTRO-ESCENICO-1-150x150.jpg",150,150,true],"medium":["https:\/\/www.uartes.edu.ec\/sitio\/wp-content\/uploads\/2025\/04\/KLEVER-VIERA-ENCUENTRO-ESCENICO-1-300x200.jpg",300,200,true],"medium_large":["https:\/\/www.uartes.edu.ec\/sitio\/wp-content\/uploads\/2025\/04\/KLEVER-VIERA-ENCUENTRO-ESCENICO-1-768x512.jpg",768,512,true],"large":["https:\/\/www.uartes.edu.ec\/sitio\/wp-content\/uploads\/2025\/04\/KLEVER-VIERA-ENCUENTRO-ESCENICO-1-644x429.jpg",644,429,true],"1536x1536":["https:\/\/www.uartes.edu.ec\/sitio\/wp-content\/uploads\/2025\/04\/KLEVER-VIERA-ENCUENTRO-ESCENICO-1-1536x1024.jpg",1536,1024,true],"2048x2048":["https:\/\/www.uartes.edu.ec\/sitio\/wp-content\/uploads\/2025\/04\/KLEVER-VIERA-ENCUENTRO-ESCENICO-1.jpg",2000,1333,false],"trp-custom-language-flag":["https:\/\/www.uartes.edu.ec\/sitio\/wp-content\/uploads\/2025\/04\/KLEVER-VIERA-ENCUENTRO-ESCENICO-1-18x12.jpg",18,12,true],"htmega_size_585x295":["https:\/\/www.uartes.edu.ec\/sitio\/wp-content\/uploads\/2025\/04\/KLEVER-VIERA-ENCUENTRO-ESCENICO-1-585x295.jpg",585,295,true],"htmega_size_1170x536":["https:\/\/www.uartes.edu.ec\/sitio\/wp-content\/uploads\/2025\/04\/KLEVER-VIERA-ENCUENTRO-ESCENICO-1-1170x536.jpg",1170,536,true],"htmega_size_396x360":["https:\/\/www.uartes.edu.ec\/sitio\/wp-content\/uploads\/2025\/04\/KLEVER-VIERA-ENCUENTRO-ESCENICO-1-396x360.jpg",396,360,true],"gb-block-post-grid-landscape":["https:\/\/www.uartes.edu.ec\/sitio\/wp-content\/uploads\/2025\/04\/KLEVER-VIERA-ENCUENTRO-ESCENICO-1-600x400.jpg",600,400,true],"gb-block-post-grid-square":["https:\/\/www.uartes.edu.ec\/sitio\/wp-content\/uploads\/2025\/04\/KLEVER-VIERA-ENCUENTRO-ESCENICO-1-600x600.jpg",600,600,true],"university-hub-thumb":["https:\/\/www.uartes.edu.ec\/sitio\/wp-content\/uploads\/2025\/04\/KLEVER-VIERA-ENCUENTRO-ESCENICO-1-400x267.jpg",400,267,true]},"uagb_author_info":{"display_name":"ccortez","author_link":"https:\/\/www.uartes.edu.ec\/sitio\/en\/blog\/author\/ccortez\/"},"uagb_comment_info":0,"uagb_excerpt":"La noticia del deceso del core\u00f3grafo, bailar\u00edn y director art\u00edstico ecuatoriano Kl\u00e9ver Viera, el 27 de abril en Cotopaxi, enluta a la danza nacional; su trayectoria es reconocida en Ecuador y el mundo. De su quehacer hay mucha historia que contar, historia en la que est\u00e1 inserta la UArtes, pues estudiantes de Danza recibieron sus&hellip;","featured_image_src":"https:\/\/www.uartes.edu.ec\/sitio\/wp-content\/uploads\/2025\/04\/KLEVER-VIERA-ENCUENTRO-ESCENICO-1-600x400.jpg","featured_image_src_square":"https:\/\/www.uartes.edu.ec\/sitio\/wp-content\/uploads\/2025\/04\/KLEVER-VIERA-ENCUENTRO-ESCENICO-1-600x600.jpg","author_info":{"display_name":"ccortez","author_link":"https:\/\/www.uartes.edu.ec\/sitio\/en\/blog\/author\/ccortez\/"},"publishpress_future_workflow_manual_trigger":{"enabledWorkflows":[]},"distributor_meta":false,"distributor_terms":false,"distributor_media":false,"distributor_original_site_name":"Universidad de las Artes","distributor_original_site_url":"https:\/\/www.uartes.edu.ec\/sitio\/en","push-errors":false,"_links":{"self":[{"href":"https:\/\/www.uartes.edu.ec\/sitio\/en\/wp-json\/wp\/v2\/posts\/70649","targetHints":{"allow":["GET"]}}],"collection":[{"href":"https:\/\/www.uartes.edu.ec\/sitio\/en\/wp-json\/wp\/v2\/posts"}],"about":[{"href":"https:\/\/www.uartes.edu.ec\/sitio\/en\/wp-json\/wp\/v2\/types\/post"}],"author":[{"embeddable":true,"href":"https:\/\/www.uartes.edu.ec\/sitio\/en\/wp-json\/wp\/v2\/users\/10"}],"replies":[{"embeddable":true,"href":"https:\/\/www.uartes.edu.ec\/sitio\/en\/wp-json\/wp\/v2\/comments?post=70649"}],"version-history":[{"count":13,"href":"https:\/\/www.uartes.edu.ec\/sitio\/en\/wp-json\/wp\/v2\/posts\/70649\/revisions"}],"predecessor-version":[{"id":70804,"href":"https:\/\/www.uartes.edu.ec\/sitio\/en\/wp-json\/wp\/v2\/posts\/70649\/revisions\/70804"}],"wp:featuredmedia":[{"embeddable":true,"href":"https:\/\/www.uartes.edu.ec\/sitio\/en\/wp-json\/wp\/v2\/media\/70653"}],"wp:attachment":[{"href":"https:\/\/www.uartes.edu.ec\/sitio\/en\/wp-json\/wp\/v2\/media?parent=70649"}],"wp:term":[{"taxonomy":"category","embeddable":true,"href":"https:\/\/www.uartes.edu.ec\/sitio\/en\/wp-json\/wp\/v2\/categories?post=70649"},{"taxonomy":"post_tag","embeddable":true,"href":"https:\/\/www.uartes.edu.ec\/sitio\/en\/wp-json\/wp\/v2\/tags?post=70649"},{"taxonomy":"infouartes","embeddable":true,"href":"https:\/\/www.uartes.edu.ec\/sitio\/en\/wp-json\/wp\/v2\/infouartes?post=70649"}],"curies":[{"name":"wp","href":"https:\/\/api.w.org\/{rel}","templated":true}]}}