{"id":70662,"date":"2025-04-29T10:35:32","date_gmt":"2025-04-29T15:35:32","guid":{"rendered":"https:\/\/www.uartes.edu.ec\/sitio\/?p=70662"},"modified":"2025-04-30T18:19:21","modified_gmt":"2025-04-30T23:19:21","slug":"klever-senor-k","status":"publish","type":"post","link":"https:\/\/www.uartes.edu.ec\/sitio\/en\/blog\/2025\/04\/29\/klever-senor-k\/","title":{"rendered":"Kl\u00e9ver, se\u00f1or K"},"content":{"rendered":"<p class=\"has-text-align-right\"><em>Baila floripondio<\/em><br><em>Se han abierto tus p\u00e9talos y tu cuerpo con alas de p\u00e1jaro se ha fundido con la tierra<\/em><br><em>Tus ra\u00edces se expanden y retornan a Toacazo, hacen temblar las salas de ensayo, sean fijas o improvisadas; patios, calles, plazas donde compartes tus hallazgos<\/em><\/p>\n\n\n\n<p class=\"has-text-align-right\"><em>Pies, piso, peso<\/em><br><em>Ritual, silencio, memoria festivaDejas una tierrita f\u00e9rtil y generosa para que nazcan alas propias<\/em><\/p>\n\n\n\n<p>En el D\u00eda Internacional de la Danza abrazamos y sostenemos el nombre de Klever Viera, educador y core\u00f3grafo, hacedor de la danza ecuatoriana.<\/p>\n\n\n\n<p>Kl\u00e9ver Viera est\u00e1 en la esquina de la sala de ensayo, sentado en el piso casi debajo de la grabadora, desde donde se escucha m\u00fasica lenta con sonidos profundos de instrumentos de viento. Huele a pomada mentolada, quiz\u00e1 se ha aplicado en alguna parte del cuerpo. Sus manos recorren su cuerpo acariciando la carne, tratando de sentir el hueso. Tiene los ojos cerrados, parece que no se percata de quienes silenciosamente vamos entrando a la sala, dejando nuestras cosas en los bordes y prepar\u00e1ndonos para la clase. A las nueve de la ma\u00f1ana voltea su cuerpo atr\u00e1s y dice: \u00bfya est\u00e1n? \u00a1Vamos! nos convoca al centro, en el ruedo nos miramos, nos saludamos con el cuerpo, empieza la clase.<\/p>\n\n\n\n<p>La pelvis hace p\u00e9ndulos hacia todas las direcciones, se complementa con la movilidad del torso, las costillas salen de un lado al otro y se ven prolongadas en los codos que protagonizan un movimiento con cierta gracia, cierta sabrosura. Se necesita encontrar un tono, repite Kl\u00e9ver: \u00abdesaparecer el entorno, entrar en una bruma, en una mirada adentro. Es tel\u00farico, tiene que ver con los volcanes, viene de la tierra, de los ancestros\u00bb.<\/p>\n\n\n\n<p>Su clase es como entrar en un estado de embelesamiento, una sensaci\u00f3n de embriaguez fruto del uso del peso del cuerpo que cae en un punto para recuperarse y suspenderse, lo que Kl\u00e9ver ha denominado rabo de vaca. Para no perderse y desconectarse unos de otros, est\u00e1n presentes las cuentas. Kl\u00e9ver mira m\u00e1s all\u00e1 con sus ojos cerrados, suena sus dedos, vibra su cuerpo.<\/p>\n\n\n\n<p>Kl\u00e9ver Viera menciona la importancia de motivar a los bailarines en la disciplina, en entrar en la danza como en un territorio sagrado, con el fin de hallar materiales vivos, sugerentes, susceptibles de transformar, dice: \u00abmi m\u00e9todo es intuitivo. Sin tener una tem\u00e1tica del todo clara, los componentes empiezan a dialogar, pero no lo inventas, es la energ\u00eda que se mueve en aquel instante\u00bb. Sus insistencias y compromiso diario con el oficio han sostenido procesos formativos de numerosos bailarines en el pa\u00eds y son semilla para proyectos como poder estudiar danza a nivel universitario. Klever dice que el genio creador es el grupo, son las personas con quienes est\u00e1 trabajando de forma participativa.<\/p>\n\n\n\n<p>Cuando miro el trabajo de Kl\u00e9ver Viera siento un esp\u00edritu que se entrega al movimiento, siento a un creador forjado en la soledad, con una transmisi\u00f3n de su hacer en el hacer mismo: en cada clase, en cada ensayo, en cada coreograf\u00eda. Para Kl\u00e9ver la danza es el espacio de celebraci\u00f3n del esp\u00edritu. Celebremos sus memorias y hagamos que sus huellas resuenen en las nuevas generaciones con las que siempre se mostr\u00f3 dispuesto a compartir y crear.&nbsp;<\/p>\n\n\n\n<p>La danza de Kl\u00e9ver Viera conecta porque la hace suya. A partir de los recursos t\u00e9cnicos heredados de la danza moderna, deja que se integre el instinto, la mirada atenta para atrapar el movimiento, la observaci\u00f3n de las acciones, el regreso a su historia, a su memoria, a sus vivencias de la ni\u00f1ez, a los personajes de las fiestas populares de su pueblo. Este entramado de memorias le otorga un lenguaje propio, las acciones viajan a sensaciones y las sensaciones a acciones transformando la danza ecuatoriana.<\/p>\n\n\n\n<p>*He tomado algunos fragmentos de mi proyecto de tesis donde pude conversar y leer las bit\u00e1coras de Kl\u00e9ver Viera en el 2021, a m\u00e1s de participar en su Taller Permanente de Investigaci\u00f3n Esc\u00e9nica entre octubre del 2013 y febrero del 2014 en Quito.<\/p>\n\n\n\n<p>Texto: Tamia S\u00e1nchez, alumnus de pregrado y posgrado y docente de la Universidad de las Artes.<\/p>\n\n\n\n<p><\/p>","protected":false},"excerpt":{"rendered":"<p>En el D\u00eda Internacional de la Danza (que se celebra cada 29 de abril) abrazamos y sostenemos el nombre de Kl\u00e9ver Viera, educador y core\u00f3grafo, hacedor de la danza ecuatoriana. Tamia S\u00e1nchez, graduada de pregrado y posgrado de la Universidad de las Artes, y tambi\u00e9n docente, comparte algunos fragmentos de su proyecto de tesis donde pudo conversar y leer las bit\u00e1coras del maestro en 2021; as\u00ed mismo, detalla su experiencia en los talleres que \u00e9l dio entre 2013 y 2014 en Quito. Viera falleci\u00f3 este domingo 27 de abril en su natal Cotopaxi.<\/p>","protected":false},"author":10,"featured_media":70657,"comment_status":"open","ping_status":"open","sticky":false,"template":"","format":"standard","meta":{"_acf_changed":false,"_uag_custom_page_level_css":"","_monsterinsights_skip_tracking":false,"_monsterinsights_sitenote_active":false,"_monsterinsights_sitenote_note":"","_monsterinsights_sitenote_category":0,"cybocfi_hide_featured_image":"","footnotes":""},"categories":[490,159,75],"tags":[1326],"infouartes":[],"class_list":["post-70662","post","type-post","status-publish","format-standard","has-post-thumbnail","hentry","category-alumni","category-artes-escenicas","category-docentes","tag-memoria"],"acf":[],"yoast_head":"<!-- This site is optimized with the Yoast SEO plugin v27.4 - https:\/\/yoast.com\/product\/yoast-seo-wordpress\/ -->\n<title>Universidad de las Artes - Kl\u00e9ver, se\u00f1or K<\/title>\n<meta name=\"description\" content=\"Universidad de las Artes - Kl\u00e9ver, se\u00f1or K\" \/>\n<meta name=\"robots\" content=\"index, follow, max-snippet:-1, max-image-preview:large, max-video-preview:-1\" \/>\n<link rel=\"canonical\" href=\"https:\/\/www.uartes.edu.ec\/sitio\/en\/blog\/2025\/04\/29\/klever-senor-k\/\" \/>\n<meta property=\"og:locale\" content=\"en_US\" \/>\n<meta property=\"og:type\" content=\"article\" \/>\n<meta property=\"og:title\" content=\"Universidad de las Artes - Kl\u00e9ver, se\u00f1or K\" \/>\n<meta property=\"og:description\" content=\"Universidad de las Artes - Kl\u00e9ver, se\u00f1or K\" \/>\n<meta property=\"og:url\" content=\"https:\/\/www.uartes.edu.ec\/sitio\/en\/blog\/2025\/04\/29\/klever-senor-k\/\" \/>\n<meta property=\"og:site_name\" content=\"Universidad de las Artes\" \/>\n<meta property=\"article:publisher\" content=\"https:\/\/www.facebook.com\/uartesec\" \/>\n<meta property=\"article:published_time\" content=\"2025-04-29T15:35:32+00:00\" \/>\n<meta property=\"article:modified_time\" content=\"2025-04-30T23:19:21+00:00\" \/>\n<meta property=\"og:image\" content=\"https:\/\/www.uartes.edu.ec\/sitio\/wp-content\/uploads\/2025\/04\/KLEVER-VIERA-WEB-1.jpg\" \/>\n\t<meta property=\"og:image:width\" content=\"2000\" \/>\n\t<meta property=\"og:image:height\" content=\"1333\" \/>\n\t<meta property=\"og:image:type\" content=\"image\/jpeg\" \/>\n<meta name=\"author\" content=\"ccortez\" \/>\n<meta name=\"twitter:card\" content=\"summary_large_image\" \/>\n<meta name=\"twitter:creator\" content=\"@uartesec\" \/>\n<meta name=\"twitter:site\" content=\"@uartesec\" \/>\n<meta name=\"twitter:label1\" content=\"Written by\" \/>\n\t<meta name=\"twitter:data1\" content=\"ccortez\" \/>\n\t<meta name=\"twitter:label2\" content=\"Est. reading time\" \/>\n\t<meta name=\"twitter:data2\" content=\"4 minutes\" \/>\n<script type=\"application\/ld+json\" class=\"yoast-schema-graph\">{\"@context\":\"https:\\\/\\\/schema.org\",\"@graph\":[{\"@type\":\"Article\",\"@id\":\"https:\\\/\\\/www.uartes.edu.ec\\\/sitio\\\/en\\\/blog\\\/2025\\\/04\\\/29\\\/klever-senor-k\\\/#article\",\"isPartOf\":{\"@id\":\"https:\\\/\\\/www.uartes.edu.ec\\\/sitio\\\/en\\\/blog\\\/2025\\\/04\\\/29\\\/klever-senor-k\\\/\"},\"author\":{\"name\":\"ccortez\",\"@id\":\"https:\\\/\\\/www.uartes.edu.ec\\\/sitio\\\/en\\\/#\\\/schema\\\/person\\\/efa1b8275797664fd7f13a79ccc0b1f4\"},\"headline\":\"Kl\u00e9ver, se\u00f1or K\",\"datePublished\":\"2025-04-29T15:35:32+00:00\",\"dateModified\":\"2025-04-30T23:19:21+00:00\",\"mainEntityOfPage\":{\"@id\":\"https:\\\/\\\/www.uartes.edu.ec\\\/sitio\\\/en\\\/blog\\\/2025\\\/04\\\/29\\\/klever-senor-k\\\/\"},\"wordCount\":720,\"commentCount\":0,\"publisher\":{\"@id\":\"https:\\\/\\\/www.uartes.edu.ec\\\/sitio\\\/en\\\/#organization\"},\"image\":{\"@id\":\"https:\\\/\\\/www.uartes.edu.ec\\\/sitio\\\/en\\\/blog\\\/2025\\\/04\\\/29\\\/klever-senor-k\\\/#primaryimage\"},\"thumbnailUrl\":\"https:\\\/\\\/www.uartes.edu.ec\\\/sitio\\\/wp-content\\\/uploads\\\/2025\\\/04\\\/KLEVER-VIERA-WEB-1.jpg\",\"keywords\":[\"memoria\"],\"articleSection\":[\"Alumni\",\"Artes Esc\u00e9nicas\",\"Docentes\"],\"inLanguage\":\"en-US\",\"potentialAction\":[{\"@type\":\"CommentAction\",\"name\":\"Comment\",\"target\":[\"https:\\\/\\\/www.uartes.edu.ec\\\/sitio\\\/en\\\/blog\\\/2025\\\/04\\\/29\\\/klever-senor-k\\\/#respond\"]}]},{\"@type\":[\"WebPage\",\"ItemPage\"],\"@id\":\"https:\\\/\\\/www.uartes.edu.ec\\\/sitio\\\/en\\\/blog\\\/2025\\\/04\\\/29\\\/klever-senor-k\\\/\",\"url\":\"https:\\\/\\\/www.uartes.edu.ec\\\/sitio\\\/en\\\/blog\\\/2025\\\/04\\\/29\\\/klever-senor-k\\\/\",\"name\":\"Universidad de las Artes - Kl\u00e9ver, se\u00f1or K\",\"isPartOf\":{\"@id\":\"https:\\\/\\\/www.uartes.edu.ec\\\/sitio\\\/en\\\/#website\"},\"primaryImageOfPage\":{\"@id\":\"https:\\\/\\\/www.uartes.edu.ec\\\/sitio\\\/en\\\/blog\\\/2025\\\/04\\\/29\\\/klever-senor-k\\\/#primaryimage\"},\"image\":{\"@id\":\"https:\\\/\\\/www.uartes.edu.ec\\\/sitio\\\/en\\\/blog\\\/2025\\\/04\\\/29\\\/klever-senor-k\\\/#primaryimage\"},\"thumbnailUrl\":\"https:\\\/\\\/www.uartes.edu.ec\\\/sitio\\\/wp-content\\\/uploads\\\/2025\\\/04\\\/KLEVER-VIERA-WEB-1.jpg\",\"datePublished\":\"2025-04-29T15:35:32+00:00\",\"dateModified\":\"2025-04-30T23:19:21+00:00\",\"description\":\"Universidad de las Artes - Kl\u00e9ver, se\u00f1or K\",\"breadcrumb\":{\"@id\":\"https:\\\/\\\/www.uartes.edu.ec\\\/sitio\\\/en\\\/blog\\\/2025\\\/04\\\/29\\\/klever-senor-k\\\/#breadcrumb\"},\"inLanguage\":\"en-US\",\"potentialAction\":[{\"@type\":\"ReadAction\",\"target\":[\"https:\\\/\\\/www.uartes.edu.ec\\\/sitio\\\/en\\\/blog\\\/2025\\\/04\\\/29\\\/klever-senor-k\\\/\"]}]},{\"@type\":\"ImageObject\",\"inLanguage\":\"en-US\",\"@id\":\"https:\\\/\\\/www.uartes.edu.ec\\\/sitio\\\/en\\\/blog\\\/2025\\\/04\\\/29\\\/klever-senor-k\\\/#primaryimage\",\"url\":\"https:\\\/\\\/www.uartes.edu.ec\\\/sitio\\\/wp-content\\\/uploads\\\/2025\\\/04\\\/KLEVER-VIERA-WEB-1.jpg\",\"contentUrl\":\"https:\\\/\\\/www.uartes.edu.ec\\\/sitio\\\/wp-content\\\/uploads\\\/2025\\\/04\\\/KLEVER-VIERA-WEB-1.jpg\",\"width\":2000,\"height\":1333},{\"@type\":\"BreadcrumbList\",\"@id\":\"https:\\\/\\\/www.uartes.edu.ec\\\/sitio\\\/en\\\/blog\\\/2025\\\/04\\\/29\\\/klever-senor-k\\\/#breadcrumb\",\"itemListElement\":[{\"@type\":\"ListItem\",\"position\":1,\"name\":\"Inicio\",\"item\":\"https:\\\/\\\/www.uartes.edu.ec\\\/sitio\\\/\"},{\"@type\":\"ListItem\",\"position\":2,\"name\":\"Kl\u00e9ver, se\u00f1or K\"}]},{\"@type\":\"WebSite\",\"@id\":\"https:\\\/\\\/www.uartes.edu.ec\\\/sitio\\\/en\\\/#website\",\"url\":\"https:\\\/\\\/www.uartes.edu.ec\\\/sitio\\\/en\\\/\",\"name\":\"Universidad de las Artes\",\"description\":\"Sitio oficial de la Universidad Nacional de las Artes del Ecuador\",\"publisher\":{\"@id\":\"https:\\\/\\\/www.uartes.edu.ec\\\/sitio\\\/en\\\/#organization\"},\"potentialAction\":[{\"@type\":\"SearchAction\",\"target\":{\"@type\":\"EntryPoint\",\"urlTemplate\":\"https:\\\/\\\/www.uartes.edu.ec\\\/sitio\\\/en\\\/?s={search_term_string}\"},\"query-input\":{\"@type\":\"PropertyValueSpecification\",\"valueRequired\":true,\"valueName\":\"search_term_string\"}}],\"inLanguage\":\"en-US\"},{\"@type\":\"Organization\",\"@id\":\"https:\\\/\\\/www.uartes.edu.ec\\\/sitio\\\/en\\\/#organization\",\"name\":\"Universidad de las Artes\",\"url\":\"https:\\\/\\\/www.uartes.edu.ec\\\/sitio\\\/en\\\/\",\"logo\":{\"@type\":\"ImageObject\",\"inLanguage\":\"en-US\",\"@id\":\"https:\\\/\\\/www.uartes.edu.ec\\\/sitio\\\/en\\\/#\\\/schema\\\/logo\\\/image\\\/\",\"url\":\"https:\\\/\\\/www.uartes.edu.ec\\\/sitio\\\/wp-content\\\/uploads\\\/2022\\\/07\\\/logo-ua-horizontal.png\",\"contentUrl\":\"https:\\\/\\\/www.uartes.edu.ec\\\/sitio\\\/wp-content\\\/uploads\\\/2022\\\/07\\\/logo-ua-horizontal.png\",\"width\":800,\"height\":276,\"caption\":\"Universidad de las Artes\"},\"image\":{\"@id\":\"https:\\\/\\\/www.uartes.edu.ec\\\/sitio\\\/en\\\/#\\\/schema\\\/logo\\\/image\\\/\"},\"sameAs\":[\"https:\\\/\\\/www.facebook.com\\\/uartesec\",\"https:\\\/\\\/x.com\\\/uartesec\",\"https:\\\/\\\/www.tiktok.com\\\/@uartesec\"]},{\"@type\":\"Person\",\"@id\":\"https:\\\/\\\/www.uartes.edu.ec\\\/sitio\\\/en\\\/#\\\/schema\\\/person\\\/efa1b8275797664fd7f13a79ccc0b1f4\",\"name\":\"ccortez\",\"image\":{\"@type\":\"ImageObject\",\"inLanguage\":\"en-US\",\"@id\":\"https:\\\/\\\/secure.gravatar.com\\\/avatar\\\/b2a6f664a3ae8e074346ef91775736c5ec479e637ecced6842de9dc98b5da9cd?s=96&d=mm&r=g\",\"url\":\"https:\\\/\\\/secure.gravatar.com\\\/avatar\\\/b2a6f664a3ae8e074346ef91775736c5ec479e637ecced6842de9dc98b5da9cd?s=96&d=mm&r=g\",\"contentUrl\":\"https:\\\/\\\/secure.gravatar.com\\\/avatar\\\/b2a6f664a3ae8e074346ef91775736c5ec479e637ecced6842de9dc98b5da9cd?s=96&d=mm&r=g\",\"caption\":\"ccortez\"},\"url\":\"https:\\\/\\\/www.uartes.edu.ec\\\/sitio\\\/en\\\/blog\\\/author\\\/ccortez\\\/\"}]}<\/script>\n<!-- \/ Yoast SEO plugin. -->","yoast_head_json":{"title":"Universidad de las Artes - Kl\u00e9ver, se\u00f1or K","description":"Universidad de las Artes - Kl\u00e9ver, se\u00f1or K","robots":{"index":"index","follow":"follow","max-snippet":"max-snippet:-1","max-image-preview":"max-image-preview:large","max-video-preview":"max-video-preview:-1"},"canonical":"https:\/\/www.uartes.edu.ec\/sitio\/en\/blog\/2025\/04\/29\/klever-senor-k\/","og_locale":"en_US","og_type":"article","og_title":"Universidad de las Artes - Kl\u00e9ver, se\u00f1or K","og_description":"Universidad de las Artes - Kl\u00e9ver, se\u00f1or K","og_url":"https:\/\/www.uartes.edu.ec\/sitio\/en\/blog\/2025\/04\/29\/klever-senor-k\/","og_site_name":"Universidad de las Artes","article_publisher":"https:\/\/www.facebook.com\/uartesec","article_published_time":"2025-04-29T15:35:32+00:00","article_modified_time":"2025-04-30T23:19:21+00:00","og_image":[{"width":2000,"height":1333,"url":"https:\/\/www.uartes.edu.ec\/sitio\/wp-content\/uploads\/2025\/04\/KLEVER-VIERA-WEB-1.jpg","type":"image\/jpeg"}],"author":"ccortez","twitter_card":"summary_large_image","twitter_creator":"@uartesec","twitter_site":"@uartesec","twitter_misc":{"Written by":"ccortez","Est. reading time":"4 minutes"},"schema":{"@context":"https:\/\/schema.org","@graph":[{"@type":"Article","@id":"https:\/\/www.uartes.edu.ec\/sitio\/en\/blog\/2025\/04\/29\/klever-senor-k\/#article","isPartOf":{"@id":"https:\/\/www.uartes.edu.ec\/sitio\/en\/blog\/2025\/04\/29\/klever-senor-k\/"},"author":{"name":"ccortez","@id":"https:\/\/www.uartes.edu.ec\/sitio\/en\/#\/schema\/person\/efa1b8275797664fd7f13a79ccc0b1f4"},"headline":"Kl\u00e9ver, se\u00f1or K","datePublished":"2025-04-29T15:35:32+00:00","dateModified":"2025-04-30T23:19:21+00:00","mainEntityOfPage":{"@id":"https:\/\/www.uartes.edu.ec\/sitio\/en\/blog\/2025\/04\/29\/klever-senor-k\/"},"wordCount":720,"commentCount":0,"publisher":{"@id":"https:\/\/www.uartes.edu.ec\/sitio\/en\/#organization"},"image":{"@id":"https:\/\/www.uartes.edu.ec\/sitio\/en\/blog\/2025\/04\/29\/klever-senor-k\/#primaryimage"},"thumbnailUrl":"https:\/\/www.uartes.edu.ec\/sitio\/wp-content\/uploads\/2025\/04\/KLEVER-VIERA-WEB-1.jpg","keywords":["memoria"],"articleSection":["Alumni","Artes Esc\u00e9nicas","Docentes"],"inLanguage":"en-US","potentialAction":[{"@type":"CommentAction","name":"Comment","target":["https:\/\/www.uartes.edu.ec\/sitio\/en\/blog\/2025\/04\/29\/klever-senor-k\/#respond"]}]},{"@type":["WebPage","ItemPage"],"@id":"https:\/\/www.uartes.edu.ec\/sitio\/en\/blog\/2025\/04\/29\/klever-senor-k\/","url":"https:\/\/www.uartes.edu.ec\/sitio\/en\/blog\/2025\/04\/29\/klever-senor-k\/","name":"Universidad de las Artes - Kl\u00e9ver, se\u00f1or K","isPartOf":{"@id":"https:\/\/www.uartes.edu.ec\/sitio\/en\/#website"},"primaryImageOfPage":{"@id":"https:\/\/www.uartes.edu.ec\/sitio\/en\/blog\/2025\/04\/29\/klever-senor-k\/#primaryimage"},"image":{"@id":"https:\/\/www.uartes.edu.ec\/sitio\/en\/blog\/2025\/04\/29\/klever-senor-k\/#primaryimage"},"thumbnailUrl":"https:\/\/www.uartes.edu.ec\/sitio\/wp-content\/uploads\/2025\/04\/KLEVER-VIERA-WEB-1.jpg","datePublished":"2025-04-29T15:35:32+00:00","dateModified":"2025-04-30T23:19:21+00:00","description":"Universidad de las Artes - Kl\u00e9ver, se\u00f1or K","breadcrumb":{"@id":"https:\/\/www.uartes.edu.ec\/sitio\/en\/blog\/2025\/04\/29\/klever-senor-k\/#breadcrumb"},"inLanguage":"en-US","potentialAction":[{"@type":"ReadAction","target":["https:\/\/www.uartes.edu.ec\/sitio\/en\/blog\/2025\/04\/29\/klever-senor-k\/"]}]},{"@type":"ImageObject","inLanguage":"en-US","@id":"https:\/\/www.uartes.edu.ec\/sitio\/en\/blog\/2025\/04\/29\/klever-senor-k\/#primaryimage","url":"https:\/\/www.uartes.edu.ec\/sitio\/wp-content\/uploads\/2025\/04\/KLEVER-VIERA-WEB-1.jpg","contentUrl":"https:\/\/www.uartes.edu.ec\/sitio\/wp-content\/uploads\/2025\/04\/KLEVER-VIERA-WEB-1.jpg","width":2000,"height":1333},{"@type":"BreadcrumbList","@id":"https:\/\/www.uartes.edu.ec\/sitio\/en\/blog\/2025\/04\/29\/klever-senor-k\/#breadcrumb","itemListElement":[{"@type":"ListItem","position":1,"name":"Inicio","item":"https:\/\/www.uartes.edu.ec\/sitio\/"},{"@type":"ListItem","position":2,"name":"Kl\u00e9ver, se\u00f1or K"}]},{"@type":"WebSite","@id":"https:\/\/www.uartes.edu.ec\/sitio\/en\/#website","url":"https:\/\/www.uartes.edu.ec\/sitio\/en\/","name":"Universidad de las Artes","description":"Sitio oficial de la Universidad Nacional de las Artes del Ecuador","publisher":{"@id":"https:\/\/www.uartes.edu.ec\/sitio\/en\/#organization"},"potentialAction":[{"@type":"SearchAction","target":{"@type":"EntryPoint","urlTemplate":"https:\/\/www.uartes.edu.ec\/sitio\/en\/?s={search_term_string}"},"query-input":{"@type":"PropertyValueSpecification","valueRequired":true,"valueName":"search_term_string"}}],"inLanguage":"en-US"},{"@type":"Organization","@id":"https:\/\/www.uartes.edu.ec\/sitio\/en\/#organization","name":"Universidad de las Artes","url":"https:\/\/www.uartes.edu.ec\/sitio\/en\/","logo":{"@type":"ImageObject","inLanguage":"en-US","@id":"https:\/\/www.uartes.edu.ec\/sitio\/en\/#\/schema\/logo\/image\/","url":"https:\/\/www.uartes.edu.ec\/sitio\/wp-content\/uploads\/2022\/07\/logo-ua-horizontal.png","contentUrl":"https:\/\/www.uartes.edu.ec\/sitio\/wp-content\/uploads\/2022\/07\/logo-ua-horizontal.png","width":800,"height":276,"caption":"Universidad de las Artes"},"image":{"@id":"https:\/\/www.uartes.edu.ec\/sitio\/en\/#\/schema\/logo\/image\/"},"sameAs":["https:\/\/www.facebook.com\/uartesec","https:\/\/x.com\/uartesec","https:\/\/www.tiktok.com\/@uartesec"]},{"@type":"Person","@id":"https:\/\/www.uartes.edu.ec\/sitio\/en\/#\/schema\/person\/efa1b8275797664fd7f13a79ccc0b1f4","name":"ccortez","image":{"@type":"ImageObject","inLanguage":"en-US","@id":"https:\/\/secure.gravatar.com\/avatar\/b2a6f664a3ae8e074346ef91775736c5ec479e637ecced6842de9dc98b5da9cd?s=96&d=mm&r=g","url":"https:\/\/secure.gravatar.com\/avatar\/b2a6f664a3ae8e074346ef91775736c5ec479e637ecced6842de9dc98b5da9cd?s=96&d=mm&r=g","contentUrl":"https:\/\/secure.gravatar.com\/avatar\/b2a6f664a3ae8e074346ef91775736c5ec479e637ecced6842de9dc98b5da9cd?s=96&d=mm&r=g","caption":"ccortez"},"url":"https:\/\/www.uartes.edu.ec\/sitio\/en\/blog\/author\/ccortez\/"}]}},"uagb_featured_image_src":{"full":["https:\/\/www.uartes.edu.ec\/sitio\/wp-content\/uploads\/2025\/04\/KLEVER-VIERA-WEB-1.jpg",2000,1333,false],"thumbnail":["https:\/\/www.uartes.edu.ec\/sitio\/wp-content\/uploads\/2025\/04\/KLEVER-VIERA-WEB-1-150x150.jpg",150,150,true],"medium":["https:\/\/www.uartes.edu.ec\/sitio\/wp-content\/uploads\/2025\/04\/KLEVER-VIERA-WEB-1-300x200.jpg",300,200,true],"medium_large":["https:\/\/www.uartes.edu.ec\/sitio\/wp-content\/uploads\/2025\/04\/KLEVER-VIERA-WEB-1-768x512.jpg",768,512,true],"large":["https:\/\/www.uartes.edu.ec\/sitio\/wp-content\/uploads\/2025\/04\/KLEVER-VIERA-WEB-1-644x429.jpg",644,429,true],"1536x1536":["https:\/\/www.uartes.edu.ec\/sitio\/wp-content\/uploads\/2025\/04\/KLEVER-VIERA-WEB-1-1536x1024.jpg",1536,1024,true],"2048x2048":["https:\/\/www.uartes.edu.ec\/sitio\/wp-content\/uploads\/2025\/04\/KLEVER-VIERA-WEB-1.jpg",2000,1333,false],"trp-custom-language-flag":["https:\/\/www.uartes.edu.ec\/sitio\/wp-content\/uploads\/2025\/04\/KLEVER-VIERA-WEB-1-18x12.jpg",18,12,true],"htmega_size_585x295":["https:\/\/www.uartes.edu.ec\/sitio\/wp-content\/uploads\/2025\/04\/KLEVER-VIERA-WEB-1-585x295.jpg",585,295,true],"htmega_size_1170x536":["https:\/\/www.uartes.edu.ec\/sitio\/wp-content\/uploads\/2025\/04\/KLEVER-VIERA-WEB-1-1170x536.jpg",1170,536,true],"htmega_size_396x360":["https:\/\/www.uartes.edu.ec\/sitio\/wp-content\/uploads\/2025\/04\/KLEVER-VIERA-WEB-1-396x360.jpg",396,360,true],"gb-block-post-grid-landscape":["https:\/\/www.uartes.edu.ec\/sitio\/wp-content\/uploads\/2025\/04\/KLEVER-VIERA-WEB-1-600x400.jpg",600,400,true],"gb-block-post-grid-square":["https:\/\/www.uartes.edu.ec\/sitio\/wp-content\/uploads\/2025\/04\/KLEVER-VIERA-WEB-1-600x600.jpg",600,600,true],"university-hub-thumb":["https:\/\/www.uartes.edu.ec\/sitio\/wp-content\/uploads\/2025\/04\/KLEVER-VIERA-WEB-1-400x267.jpg",400,267,true]},"uagb_author_info":{"display_name":"ccortez","author_link":"https:\/\/www.uartes.edu.ec\/sitio\/en\/blog\/author\/ccortez\/"},"uagb_comment_info":0,"uagb_excerpt":"En el D\u00eda Internacional de la Danza (que se celebra cada 29 de abril) abrazamos y sostenemos el nombre de Kl\u00e9ver Viera, educador y core\u00f3grafo, hacedor de la danza ecuatoriana. Tamia S\u00e1nchez, graduada de pregrado y posgrado de la Universidad de las Artes, y tambi\u00e9n docente, comparte algunos fragmentos de su proyecto de tesis donde&hellip;","featured_image_src":"https:\/\/www.uartes.edu.ec\/sitio\/wp-content\/uploads\/2025\/04\/KLEVER-VIERA-WEB-1-600x400.jpg","featured_image_src_square":"https:\/\/www.uartes.edu.ec\/sitio\/wp-content\/uploads\/2025\/04\/KLEVER-VIERA-WEB-1-600x600.jpg","author_info":{"display_name":"ccortez","author_link":"https:\/\/www.uartes.edu.ec\/sitio\/en\/blog\/author\/ccortez\/"},"publishpress_future_workflow_manual_trigger":{"enabledWorkflows":[]},"distributor_meta":false,"distributor_terms":false,"distributor_media":false,"distributor_original_site_name":"Universidad de las Artes","distributor_original_site_url":"https:\/\/www.uartes.edu.ec\/sitio\/en","push-errors":false,"_links":{"self":[{"href":"https:\/\/www.uartes.edu.ec\/sitio\/en\/wp-json\/wp\/v2\/posts\/70662","targetHints":{"allow":["GET"]}}],"collection":[{"href":"https:\/\/www.uartes.edu.ec\/sitio\/en\/wp-json\/wp\/v2\/posts"}],"about":[{"href":"https:\/\/www.uartes.edu.ec\/sitio\/en\/wp-json\/wp\/v2\/types\/post"}],"author":[{"embeddable":true,"href":"https:\/\/www.uartes.edu.ec\/sitio\/en\/wp-json\/wp\/v2\/users\/10"}],"replies":[{"embeddable":true,"href":"https:\/\/www.uartes.edu.ec\/sitio\/en\/wp-json\/wp\/v2\/comments?post=70662"}],"version-history":[{"count":8,"href":"https:\/\/www.uartes.edu.ec\/sitio\/en\/wp-json\/wp\/v2\/posts\/70662\/revisions"}],"predecessor-version":[{"id":70799,"href":"https:\/\/www.uartes.edu.ec\/sitio\/en\/wp-json\/wp\/v2\/posts\/70662\/revisions\/70799"}],"wp:featuredmedia":[{"embeddable":true,"href":"https:\/\/www.uartes.edu.ec\/sitio\/en\/wp-json\/wp\/v2\/media\/70657"}],"wp:attachment":[{"href":"https:\/\/www.uartes.edu.ec\/sitio\/en\/wp-json\/wp\/v2\/media?parent=70662"}],"wp:term":[{"taxonomy":"category","embeddable":true,"href":"https:\/\/www.uartes.edu.ec\/sitio\/en\/wp-json\/wp\/v2\/categories?post=70662"},{"taxonomy":"post_tag","embeddable":true,"href":"https:\/\/www.uartes.edu.ec\/sitio\/en\/wp-json\/wp\/v2\/tags?post=70662"},{"taxonomy":"infouartes","embeddable":true,"href":"https:\/\/www.uartes.edu.ec\/sitio\/en\/wp-json\/wp\/v2\/infouartes?post=70662"}],"curies":[{"name":"wp","href":"https:\/\/api.w.org\/{rel}","templated":true}]}}