{"id":70852,"date":"2025-04-23T20:28:00","date_gmt":"2025-04-24T01:28:00","guid":{"rendered":"https:\/\/www.uartes.edu.ec\/sitio\/?p=70852"},"modified":"2025-04-30T20:19:34","modified_gmt":"2025-05-01T01:19:34","slug":"libros-de-la-diferencia-charla-de-docente-uartes-jessica-zambrano-en-lanfor-abierta","status":"publish","type":"post","link":"https:\/\/www.uartes.edu.ec\/sitio\/en\/blog\/2025\/04\/23\/libros-de-la-diferencia-charla-de-docente-uartes-jessica-zambrano-en-lanfor-abierta\/","title":{"rendered":"\u201cLibros de la diferencia\u201d, charla de docente UArtes J\u00e9ssica Zambrano en Lanfor Abierta"},"content":{"rendered":"<p>Como \u201cLibros de la diferencia\u201d titul\u00f3 la docente UArtes J\u00e9ssica Zambrano a la charla que brind\u00f3 hoy, mi\u00e9rcoles 23 de abril, en el primer d\u00eda de Lanfor Abierta, organizada por la Biblioteca de las Artes. En su exposici\u00f3n, la tambi\u00e9n periodista, editora y cofundadora de IND\u00d3MITA Media realiz\u00f3 un recorrido simb\u00f3lico por incendios y exilios a trav\u00e9s de los libros y bibliotecas a los que la pol\u00edtica les pide silencio.<\/p>\n\n\n\n<p>\u201c(\u2026) A pesar del discurso de libertad, de independencia, de libertad econ\u00f3mica y dem\u00e1s, hay otros cuerpos que se est\u00e1n silenciando constantemente y narrativas que, al parecer, no son peligrosas para nadie\u201d, anot\u00f3 Zambrano, quien revel\u00f3 que como periodista y escritora ha ido rastreando algunas bibliotecas que se incendiaron en Guayaquil durante la \u00e9poca de la dictadura militar. \u201cQuer\u00eda hablar de ellas y ponerlas en valor y pensar c\u00f3mo ahora se gestan nuevas censuras desde otros lugares y voces, principalmente de las que tienen que ver con las disidencias\u201d.<\/p>\n\n\n\n<p>De las bibliotecas a las que hizo referencia, Zambrano mencion\u00f3 las indagaciones que ha realizado a las de El\u00edas Mu\u00f1oz Vicu\u00f1a, considerado uno de los m\u00e1s grandes historiadores de la masacre obrera que hubo en Guayaquil \u2013el 15 de noviembre de 1922\u2013, y Manuel Medina, ganador del Premio Ensayo Casa de las Am\u00e9ricas \u2013en 1968, por la obra \u201cEstados Unidos y Am\u00e9rica Latina, Siglo XIX\u201d\u2013. \u201cAmbos fueron perseguidos por la dictadura militar en 1963 y sus bibliotecas fueron incendiadas y desaparecidas; ellos tuvieron que recurrir al exilio\u201d.&nbsp;<\/p>\n\n\n\n<p>Agreg\u00f3 Zambrano que Mu\u00f1oz y Medina fueron considerados comunistas y aunque exist\u00edan pocas pruebas de que sus pensamientos en esas bibliotecas fueran radicales, se valieron de ese argumento para perseguirlos. \u201cLa idea es tambi\u00e9n pensar c\u00f3mo se retoma este discurso contra otras narrativas, como por ejemplo la novela argentina \u2018Cometierra\u2019 (de Dolores Reyes, quien explora la violencia, la injusticia y la resistencia en un barrio del conurbano bonaerense, a trav\u00e9s de la historia de una joven que tiene el don de ver la muerte)\u201d.<\/p>\n\n\n\n<p>Zambrano se\u00f1al\u00f3, adem\u00e1s, que otros libros, como el de Toni Morrison, est\u00e1n siendo censurados, lo cual nos lleva a pensar en qu\u00e9 momento estamos viviendo y si decidimos guardar o no guardar silencio. En su charla, la escritora y docente hizo un repaso de las grandes bibliotecas incendiadas en el mundo para acallarlas y truncar el conocimiento. Se remont\u00f3 a Salem de 1680 y a la cacer\u00eda de brujas. \u201cLas ideas de los otros siempre han producido miedo, rechazo, fuego y cenizas; entonces me aventuro a rastrear lo que hoy pasa\u201d.<\/p>\n\n\n\n<p>Guayaquil, la ciudad puerto, no solo alberg\u00f3 durante una \u00e9poca la mano de obra mayoritariamente esclavizada y negra, tambi\u00e9n chola, mestiza e ind\u00edgena, que nos dio el mayor boom cacaotero de nuestra historia. \u201cHace ocho a\u00f1os me plante\u00e9 algunas preguntas sobre el archivo y el rastro de una ciudad que no solo trabaj\u00f3 para ese boom, sino que permiti\u00f3 que una de las m\u00e1s emblem\u00e1ticas muestras de resistencia y lucha por la dignidad surja a trav\u00e9s de la marcha obrera\u201d.<\/p>\n\n\n\n<p>En la actualidad, a\u00f1adi\u00f3 Zambrano, se dice que Guayaquil es una ciudad que no protesta. \u201c\u00bfSer\u00e1 acaso que el mismo fuego y envejecimiento que le permitieron a los rastros de esta \u00e9poca hacerse fuerza para el silencio? En b\u00fasqueda de estos rastros comenc\u00e9 a indagar en algunas se\u00f1ales que dio a luz la marcha obrera y algunos movimientos de resistencia desde la clase trabajadora\u201d.<\/p>\n\n\n\n<p>Quiz\u00e1s la salida sea habitar la palabra y las formas del discurso, dijo Zambrano, indicando que muchas veces la literatura y las diversas formas de gestionar la historia se gestan desde la libertad. Habl\u00f3 de no permitir la imposici\u00f3n del miedo y la violencia que nos conserva en nuestras casas. \u201cTenemos miedo de salir, de protestar, de decir y, al mismo tiempo, eso significa el desbaratamiento de la organizaci\u00f3n colectiva\u201d. Inst\u00f3 tambi\u00e9n a pensar y repensar la ciudad como hist\u00f3ricamente ha sido.<\/p>\n\n\n\n<p><\/p>","protected":false},"excerpt":{"rendered":"<p>Como \u201cLibros de la diferencia\u201d titul\u00f3 la docente UArtes J\u00e9ssica Zambrano a la charla que brind\u00f3 hoy, mi\u00e9rcoles 23 de abril, en el primer d\u00eda de Lanfor Abierta. En su exposici\u00f3n, la tambi\u00e9n periodista, editora y cofundadora de IND\u00d3MITA Media realiz\u00f3 un recorrido simb\u00f3lico por incendios y exilios a trav\u00e9s de los libros a los que la pol\u00edtica les pide silencio. Para la cita present\u00f3 dos de sus investigaciones sobre las bibliotecas de el historiador El\u00edas Mu\u00f1oz y el escritor Manuel Medina. <\/p>","protected":false},"author":10,"featured_media":70853,"comment_status":"open","ping_status":"open","sticky":false,"template":"","format":"standard","meta":{"_acf_changed":false,"_uag_custom_page_level_css":"","_monsterinsights_skip_tracking":false,"_monsterinsights_sitenote_active":false,"_monsterinsights_sitenote_note":"","_monsterinsights_sitenote_category":0,"cybocfi_hide_featured_image":"","footnotes":""},"categories":[80,438,490,75,76,175],"tags":[41],"infouartes":[],"class_list":["post-70852","post","type-post","status-publish","format-standard","has-post-thumbnail","hentry","category-academico","category-administrativos","category-alumni","category-docentes","category-estudiantes","category-literatura","tag-biblioteca"],"acf":[],"yoast_head":"<!-- This site is optimized with the Yoast SEO plugin v27.4 - https:\/\/yoast.com\/product\/yoast-seo-wordpress\/ -->\n<title>Universidad de las Artes - \u201cLibros de la diferencia\u201d, charla de docente UArtes J\u00e9ssica Zambrano en Lanfor Abierta<\/title>\n<meta name=\"description\" content=\"Universidad de las Artes - \u201cLibros de la diferencia\u201d, charla de docente UArtes J\u00e9ssica Zambrano en Lanfor Abierta\" \/>\n<meta name=\"robots\" content=\"index, follow, max-snippet:-1, max-image-preview:large, max-video-preview:-1\" \/>\n<link rel=\"canonical\" href=\"https:\/\/www.uartes.edu.ec\/sitio\/en\/blog\/2025\/04\/23\/libros-de-la-diferencia-charla-de-docente-uartes-jessica-zambrano-en-lanfor-abierta\/\" \/>\n<meta property=\"og:locale\" content=\"en_US\" \/>\n<meta property=\"og:type\" content=\"article\" \/>\n<meta property=\"og:title\" content=\"Universidad de las Artes - \u201cLibros de la diferencia\u201d, charla de docente UArtes J\u00e9ssica Zambrano en Lanfor Abierta\" \/>\n<meta property=\"og:description\" content=\"Universidad de las Artes - \u201cLibros de la diferencia\u201d, charla de docente UArtes J\u00e9ssica Zambrano en Lanfor Abierta\" \/>\n<meta property=\"og:url\" content=\"https:\/\/www.uartes.edu.ec\/sitio\/en\/blog\/2025\/04\/23\/libros-de-la-diferencia-charla-de-docente-uartes-jessica-zambrano-en-lanfor-abierta\/\" \/>\n<meta property=\"og:site_name\" content=\"Universidad de las Artes\" \/>\n<meta property=\"article:publisher\" content=\"https:\/\/www.facebook.com\/uartesec\" \/>\n<meta property=\"article:published_time\" content=\"2025-04-24T01:28:00+00:00\" \/>\n<meta property=\"article:modified_time\" content=\"2025-05-01T01:19:34+00:00\" \/>\n<meta property=\"og:image\" content=\"https:\/\/www.uartes.edu.ec\/sitio\/wp-content\/uploads\/2025\/04\/01-CHARLA-LANFOR-JESSICA-ZAMBRANO.jpg\" \/>\n\t<meta property=\"og:image:width\" content=\"2000\" \/>\n\t<meta property=\"og:image:height\" content=\"1333\" \/>\n\t<meta property=\"og:image:type\" content=\"image\/jpeg\" \/>\n<meta name=\"author\" content=\"ccortez\" \/>\n<meta name=\"twitter:card\" content=\"summary_large_image\" \/>\n<meta name=\"twitter:creator\" content=\"@uartesec\" \/>\n<meta name=\"twitter:site\" content=\"@uartesec\" \/>\n<meta name=\"twitter:label1\" content=\"Written by\" \/>\n\t<meta name=\"twitter:data1\" content=\"ccortez\" \/>\n\t<meta name=\"twitter:label2\" content=\"Est. reading time\" \/>\n\t<meta name=\"twitter:data2\" content=\"3 minutes\" \/>\n<script type=\"application\/ld+json\" class=\"yoast-schema-graph\">{\"@context\":\"https:\\\/\\\/schema.org\",\"@graph\":[{\"@type\":\"Article\",\"@id\":\"https:\\\/\\\/www.uartes.edu.ec\\\/sitio\\\/en\\\/blog\\\/2025\\\/04\\\/23\\\/libros-de-la-diferencia-charla-de-docente-uartes-jessica-zambrano-en-lanfor-abierta\\\/#article\",\"isPartOf\":{\"@id\":\"https:\\\/\\\/www.uartes.edu.ec\\\/sitio\\\/en\\\/blog\\\/2025\\\/04\\\/23\\\/libros-de-la-diferencia-charla-de-docente-uartes-jessica-zambrano-en-lanfor-abierta\\\/\"},\"author\":{\"name\":\"ccortez\",\"@id\":\"https:\\\/\\\/www.uartes.edu.ec\\\/sitio\\\/en\\\/#\\\/schema\\\/person\\\/efa1b8275797664fd7f13a79ccc0b1f4\"},\"headline\":\"\u201cLibros de la diferencia\u201d, charla de docente UArtes J\u00e9ssica Zambrano en Lanfor Abierta\",\"datePublished\":\"2025-04-24T01:28:00+00:00\",\"dateModified\":\"2025-05-01T01:19:34+00:00\",\"mainEntityOfPage\":{\"@id\":\"https:\\\/\\\/www.uartes.edu.ec\\\/sitio\\\/en\\\/blog\\\/2025\\\/04\\\/23\\\/libros-de-la-diferencia-charla-de-docente-uartes-jessica-zambrano-en-lanfor-abierta\\\/\"},\"wordCount\":698,\"commentCount\":0,\"publisher\":{\"@id\":\"https:\\\/\\\/www.uartes.edu.ec\\\/sitio\\\/en\\\/#organization\"},\"image\":{\"@id\":\"https:\\\/\\\/www.uartes.edu.ec\\\/sitio\\\/en\\\/blog\\\/2025\\\/04\\\/23\\\/libros-de-la-diferencia-charla-de-docente-uartes-jessica-zambrano-en-lanfor-abierta\\\/#primaryimage\"},\"thumbnailUrl\":\"https:\\\/\\\/www.uartes.edu.ec\\\/sitio\\\/wp-content\\\/uploads\\\/2025\\\/04\\\/01-CHARLA-LANFOR-JESSICA-ZAMBRANO.jpg\",\"keywords\":[\"biblioteca\"],\"articleSection\":[\"Acad\u00e9mico\",\"Administrativos\",\"Alumni\",\"Docentes\",\"Estudiantes\",\"Literatura\"],\"inLanguage\":\"en-US\",\"potentialAction\":[{\"@type\":\"CommentAction\",\"name\":\"Comment\",\"target\":[\"https:\\\/\\\/www.uartes.edu.ec\\\/sitio\\\/en\\\/blog\\\/2025\\\/04\\\/23\\\/libros-de-la-diferencia-charla-de-docente-uartes-jessica-zambrano-en-lanfor-abierta\\\/#respond\"]}]},{\"@type\":[\"WebPage\",\"ItemPage\"],\"@id\":\"https:\\\/\\\/www.uartes.edu.ec\\\/sitio\\\/en\\\/blog\\\/2025\\\/04\\\/23\\\/libros-de-la-diferencia-charla-de-docente-uartes-jessica-zambrano-en-lanfor-abierta\\\/\",\"url\":\"https:\\\/\\\/www.uartes.edu.ec\\\/sitio\\\/en\\\/blog\\\/2025\\\/04\\\/23\\\/libros-de-la-diferencia-charla-de-docente-uartes-jessica-zambrano-en-lanfor-abierta\\\/\",\"name\":\"Universidad de las Artes - \u201cLibros de la diferencia\u201d, charla de docente UArtes J\u00e9ssica Zambrano en Lanfor Abierta\",\"isPartOf\":{\"@id\":\"https:\\\/\\\/www.uartes.edu.ec\\\/sitio\\\/en\\\/#website\"},\"primaryImageOfPage\":{\"@id\":\"https:\\\/\\\/www.uartes.edu.ec\\\/sitio\\\/en\\\/blog\\\/2025\\\/04\\\/23\\\/libros-de-la-diferencia-charla-de-docente-uartes-jessica-zambrano-en-lanfor-abierta\\\/#primaryimage\"},\"image\":{\"@id\":\"https:\\\/\\\/www.uartes.edu.ec\\\/sitio\\\/en\\\/blog\\\/2025\\\/04\\\/23\\\/libros-de-la-diferencia-charla-de-docente-uartes-jessica-zambrano-en-lanfor-abierta\\\/#primaryimage\"},\"thumbnailUrl\":\"https:\\\/\\\/www.uartes.edu.ec\\\/sitio\\\/wp-content\\\/uploads\\\/2025\\\/04\\\/01-CHARLA-LANFOR-JESSICA-ZAMBRANO.jpg\",\"datePublished\":\"2025-04-24T01:28:00+00:00\",\"dateModified\":\"2025-05-01T01:19:34+00:00\",\"description\":\"Universidad de las Artes - \u201cLibros de la diferencia\u201d, charla de docente UArtes J\u00e9ssica Zambrano en Lanfor Abierta\",\"breadcrumb\":{\"@id\":\"https:\\\/\\\/www.uartes.edu.ec\\\/sitio\\\/en\\\/blog\\\/2025\\\/04\\\/23\\\/libros-de-la-diferencia-charla-de-docente-uartes-jessica-zambrano-en-lanfor-abierta\\\/#breadcrumb\"},\"inLanguage\":\"en-US\",\"potentialAction\":[{\"@type\":\"ReadAction\",\"target\":[\"https:\\\/\\\/www.uartes.edu.ec\\\/sitio\\\/en\\\/blog\\\/2025\\\/04\\\/23\\\/libros-de-la-diferencia-charla-de-docente-uartes-jessica-zambrano-en-lanfor-abierta\\\/\"]}]},{\"@type\":\"ImageObject\",\"inLanguage\":\"en-US\",\"@id\":\"https:\\\/\\\/www.uartes.edu.ec\\\/sitio\\\/en\\\/blog\\\/2025\\\/04\\\/23\\\/libros-de-la-diferencia-charla-de-docente-uartes-jessica-zambrano-en-lanfor-abierta\\\/#primaryimage\",\"url\":\"https:\\\/\\\/www.uartes.edu.ec\\\/sitio\\\/wp-content\\\/uploads\\\/2025\\\/04\\\/01-CHARLA-LANFOR-JESSICA-ZAMBRANO.jpg\",\"contentUrl\":\"https:\\\/\\\/www.uartes.edu.ec\\\/sitio\\\/wp-content\\\/uploads\\\/2025\\\/04\\\/01-CHARLA-LANFOR-JESSICA-ZAMBRANO.jpg\",\"width\":2000,\"height\":1333},{\"@type\":\"BreadcrumbList\",\"@id\":\"https:\\\/\\\/www.uartes.edu.ec\\\/sitio\\\/en\\\/blog\\\/2025\\\/04\\\/23\\\/libros-de-la-diferencia-charla-de-docente-uartes-jessica-zambrano-en-lanfor-abierta\\\/#breadcrumb\",\"itemListElement\":[{\"@type\":\"ListItem\",\"position\":1,\"name\":\"Inicio\",\"item\":\"https:\\\/\\\/www.uartes.edu.ec\\\/sitio\\\/\"},{\"@type\":\"ListItem\",\"position\":2,\"name\":\"\u201cLibros de la diferencia\u201d, charla de docente UArtes J\u00e9ssica Zambrano en Lanfor Abierta\"}]},{\"@type\":\"WebSite\",\"@id\":\"https:\\\/\\\/www.uartes.edu.ec\\\/sitio\\\/en\\\/#website\",\"url\":\"https:\\\/\\\/www.uartes.edu.ec\\\/sitio\\\/en\\\/\",\"name\":\"Universidad de las Artes\",\"description\":\"Sitio oficial de la Universidad Nacional de las Artes del Ecuador\",\"publisher\":{\"@id\":\"https:\\\/\\\/www.uartes.edu.ec\\\/sitio\\\/en\\\/#organization\"},\"potentialAction\":[{\"@type\":\"SearchAction\",\"target\":{\"@type\":\"EntryPoint\",\"urlTemplate\":\"https:\\\/\\\/www.uartes.edu.ec\\\/sitio\\\/en\\\/?s={search_term_string}\"},\"query-input\":{\"@type\":\"PropertyValueSpecification\",\"valueRequired\":true,\"valueName\":\"search_term_string\"}}],\"inLanguage\":\"en-US\"},{\"@type\":\"Organization\",\"@id\":\"https:\\\/\\\/www.uartes.edu.ec\\\/sitio\\\/en\\\/#organization\",\"name\":\"Universidad de las Artes\",\"url\":\"https:\\\/\\\/www.uartes.edu.ec\\\/sitio\\\/en\\\/\",\"logo\":{\"@type\":\"ImageObject\",\"inLanguage\":\"en-US\",\"@id\":\"https:\\\/\\\/www.uartes.edu.ec\\\/sitio\\\/en\\\/#\\\/schema\\\/logo\\\/image\\\/\",\"url\":\"https:\\\/\\\/www.uartes.edu.ec\\\/sitio\\\/wp-content\\\/uploads\\\/2022\\\/07\\\/logo-ua-horizontal.png\",\"contentUrl\":\"https:\\\/\\\/www.uartes.edu.ec\\\/sitio\\\/wp-content\\\/uploads\\\/2022\\\/07\\\/logo-ua-horizontal.png\",\"width\":800,\"height\":276,\"caption\":\"Universidad de las Artes\"},\"image\":{\"@id\":\"https:\\\/\\\/www.uartes.edu.ec\\\/sitio\\\/en\\\/#\\\/schema\\\/logo\\\/image\\\/\"},\"sameAs\":[\"https:\\\/\\\/www.facebook.com\\\/uartesec\",\"https:\\\/\\\/x.com\\\/uartesec\",\"https:\\\/\\\/www.tiktok.com\\\/@uartesec\"]},{\"@type\":\"Person\",\"@id\":\"https:\\\/\\\/www.uartes.edu.ec\\\/sitio\\\/en\\\/#\\\/schema\\\/person\\\/efa1b8275797664fd7f13a79ccc0b1f4\",\"name\":\"ccortez\",\"image\":{\"@type\":\"ImageObject\",\"inLanguage\":\"en-US\",\"@id\":\"https:\\\/\\\/secure.gravatar.com\\\/avatar\\\/b2a6f664a3ae8e074346ef91775736c5ec479e637ecced6842de9dc98b5da9cd?s=96&d=mm&r=g\",\"url\":\"https:\\\/\\\/secure.gravatar.com\\\/avatar\\\/b2a6f664a3ae8e074346ef91775736c5ec479e637ecced6842de9dc98b5da9cd?s=96&d=mm&r=g\",\"contentUrl\":\"https:\\\/\\\/secure.gravatar.com\\\/avatar\\\/b2a6f664a3ae8e074346ef91775736c5ec479e637ecced6842de9dc98b5da9cd?s=96&d=mm&r=g\",\"caption\":\"ccortez\"},\"url\":\"https:\\\/\\\/www.uartes.edu.ec\\\/sitio\\\/en\\\/blog\\\/author\\\/ccortez\\\/\"}]}<\/script>\n<!-- \/ Yoast SEO plugin. -->","yoast_head_json":{"title":"Universidad de las Artes - \u201cLibros de la diferencia\u201d, charla de docente UArtes J\u00e9ssica Zambrano en Lanfor Abierta","description":"Universidad de las Artes - \u201cLibros de la diferencia\u201d, charla de docente UArtes J\u00e9ssica Zambrano en Lanfor Abierta","robots":{"index":"index","follow":"follow","max-snippet":"max-snippet:-1","max-image-preview":"max-image-preview:large","max-video-preview":"max-video-preview:-1"},"canonical":"https:\/\/www.uartes.edu.ec\/sitio\/en\/blog\/2025\/04\/23\/libros-de-la-diferencia-charla-de-docente-uartes-jessica-zambrano-en-lanfor-abierta\/","og_locale":"en_US","og_type":"article","og_title":"Universidad de las Artes - \u201cLibros de la diferencia\u201d, charla de docente UArtes J\u00e9ssica Zambrano en Lanfor Abierta","og_description":"Universidad de las Artes - \u201cLibros de la diferencia\u201d, charla de docente UArtes J\u00e9ssica Zambrano en Lanfor Abierta","og_url":"https:\/\/www.uartes.edu.ec\/sitio\/en\/blog\/2025\/04\/23\/libros-de-la-diferencia-charla-de-docente-uartes-jessica-zambrano-en-lanfor-abierta\/","og_site_name":"Universidad de las Artes","article_publisher":"https:\/\/www.facebook.com\/uartesec","article_published_time":"2025-04-24T01:28:00+00:00","article_modified_time":"2025-05-01T01:19:34+00:00","og_image":[{"width":2000,"height":1333,"url":"https:\/\/www.uartes.edu.ec\/sitio\/wp-content\/uploads\/2025\/04\/01-CHARLA-LANFOR-JESSICA-ZAMBRANO.jpg","type":"image\/jpeg"}],"author":"ccortez","twitter_card":"summary_large_image","twitter_creator":"@uartesec","twitter_site":"@uartesec","twitter_misc":{"Written by":"ccortez","Est. reading time":"3 minutes"},"schema":{"@context":"https:\/\/schema.org","@graph":[{"@type":"Article","@id":"https:\/\/www.uartes.edu.ec\/sitio\/en\/blog\/2025\/04\/23\/libros-de-la-diferencia-charla-de-docente-uartes-jessica-zambrano-en-lanfor-abierta\/#article","isPartOf":{"@id":"https:\/\/www.uartes.edu.ec\/sitio\/en\/blog\/2025\/04\/23\/libros-de-la-diferencia-charla-de-docente-uartes-jessica-zambrano-en-lanfor-abierta\/"},"author":{"name":"ccortez","@id":"https:\/\/www.uartes.edu.ec\/sitio\/en\/#\/schema\/person\/efa1b8275797664fd7f13a79ccc0b1f4"},"headline":"\u201cLibros de la diferencia\u201d, charla de docente UArtes J\u00e9ssica Zambrano en Lanfor Abierta","datePublished":"2025-04-24T01:28:00+00:00","dateModified":"2025-05-01T01:19:34+00:00","mainEntityOfPage":{"@id":"https:\/\/www.uartes.edu.ec\/sitio\/en\/blog\/2025\/04\/23\/libros-de-la-diferencia-charla-de-docente-uartes-jessica-zambrano-en-lanfor-abierta\/"},"wordCount":698,"commentCount":0,"publisher":{"@id":"https:\/\/www.uartes.edu.ec\/sitio\/en\/#organization"},"image":{"@id":"https:\/\/www.uartes.edu.ec\/sitio\/en\/blog\/2025\/04\/23\/libros-de-la-diferencia-charla-de-docente-uartes-jessica-zambrano-en-lanfor-abierta\/#primaryimage"},"thumbnailUrl":"https:\/\/www.uartes.edu.ec\/sitio\/wp-content\/uploads\/2025\/04\/01-CHARLA-LANFOR-JESSICA-ZAMBRANO.jpg","keywords":["biblioteca"],"articleSection":["Acad\u00e9mico","Administrativos","Alumni","Docentes","Estudiantes","Literatura"],"inLanguage":"en-US","potentialAction":[{"@type":"CommentAction","name":"Comment","target":["https:\/\/www.uartes.edu.ec\/sitio\/en\/blog\/2025\/04\/23\/libros-de-la-diferencia-charla-de-docente-uartes-jessica-zambrano-en-lanfor-abierta\/#respond"]}]},{"@type":["WebPage","ItemPage"],"@id":"https:\/\/www.uartes.edu.ec\/sitio\/en\/blog\/2025\/04\/23\/libros-de-la-diferencia-charla-de-docente-uartes-jessica-zambrano-en-lanfor-abierta\/","url":"https:\/\/www.uartes.edu.ec\/sitio\/en\/blog\/2025\/04\/23\/libros-de-la-diferencia-charla-de-docente-uartes-jessica-zambrano-en-lanfor-abierta\/","name":"Universidad de las Artes - \u201cLibros de la diferencia\u201d, charla de docente UArtes J\u00e9ssica Zambrano en Lanfor Abierta","isPartOf":{"@id":"https:\/\/www.uartes.edu.ec\/sitio\/en\/#website"},"primaryImageOfPage":{"@id":"https:\/\/www.uartes.edu.ec\/sitio\/en\/blog\/2025\/04\/23\/libros-de-la-diferencia-charla-de-docente-uartes-jessica-zambrano-en-lanfor-abierta\/#primaryimage"},"image":{"@id":"https:\/\/www.uartes.edu.ec\/sitio\/en\/blog\/2025\/04\/23\/libros-de-la-diferencia-charla-de-docente-uartes-jessica-zambrano-en-lanfor-abierta\/#primaryimage"},"thumbnailUrl":"https:\/\/www.uartes.edu.ec\/sitio\/wp-content\/uploads\/2025\/04\/01-CHARLA-LANFOR-JESSICA-ZAMBRANO.jpg","datePublished":"2025-04-24T01:28:00+00:00","dateModified":"2025-05-01T01:19:34+00:00","description":"Universidad de las Artes - \u201cLibros de la diferencia\u201d, charla de docente UArtes J\u00e9ssica Zambrano en Lanfor Abierta","breadcrumb":{"@id":"https:\/\/www.uartes.edu.ec\/sitio\/en\/blog\/2025\/04\/23\/libros-de-la-diferencia-charla-de-docente-uartes-jessica-zambrano-en-lanfor-abierta\/#breadcrumb"},"inLanguage":"en-US","potentialAction":[{"@type":"ReadAction","target":["https:\/\/www.uartes.edu.ec\/sitio\/en\/blog\/2025\/04\/23\/libros-de-la-diferencia-charla-de-docente-uartes-jessica-zambrano-en-lanfor-abierta\/"]}]},{"@type":"ImageObject","inLanguage":"en-US","@id":"https:\/\/www.uartes.edu.ec\/sitio\/en\/blog\/2025\/04\/23\/libros-de-la-diferencia-charla-de-docente-uartes-jessica-zambrano-en-lanfor-abierta\/#primaryimage","url":"https:\/\/www.uartes.edu.ec\/sitio\/wp-content\/uploads\/2025\/04\/01-CHARLA-LANFOR-JESSICA-ZAMBRANO.jpg","contentUrl":"https:\/\/www.uartes.edu.ec\/sitio\/wp-content\/uploads\/2025\/04\/01-CHARLA-LANFOR-JESSICA-ZAMBRANO.jpg","width":2000,"height":1333},{"@type":"BreadcrumbList","@id":"https:\/\/www.uartes.edu.ec\/sitio\/en\/blog\/2025\/04\/23\/libros-de-la-diferencia-charla-de-docente-uartes-jessica-zambrano-en-lanfor-abierta\/#breadcrumb","itemListElement":[{"@type":"ListItem","position":1,"name":"Inicio","item":"https:\/\/www.uartes.edu.ec\/sitio\/"},{"@type":"ListItem","position":2,"name":"\u201cLibros de la diferencia\u201d, charla de docente UArtes J\u00e9ssica Zambrano en Lanfor Abierta"}]},{"@type":"WebSite","@id":"https:\/\/www.uartes.edu.ec\/sitio\/en\/#website","url":"https:\/\/www.uartes.edu.ec\/sitio\/en\/","name":"Universidad de las Artes","description":"Sitio oficial de la Universidad Nacional de las Artes del Ecuador","publisher":{"@id":"https:\/\/www.uartes.edu.ec\/sitio\/en\/#organization"},"potentialAction":[{"@type":"SearchAction","target":{"@type":"EntryPoint","urlTemplate":"https:\/\/www.uartes.edu.ec\/sitio\/en\/?s={search_term_string}"},"query-input":{"@type":"PropertyValueSpecification","valueRequired":true,"valueName":"search_term_string"}}],"inLanguage":"en-US"},{"@type":"Organization","@id":"https:\/\/www.uartes.edu.ec\/sitio\/en\/#organization","name":"Universidad de las Artes","url":"https:\/\/www.uartes.edu.ec\/sitio\/en\/","logo":{"@type":"ImageObject","inLanguage":"en-US","@id":"https:\/\/www.uartes.edu.ec\/sitio\/en\/#\/schema\/logo\/image\/","url":"https:\/\/www.uartes.edu.ec\/sitio\/wp-content\/uploads\/2022\/07\/logo-ua-horizontal.png","contentUrl":"https:\/\/www.uartes.edu.ec\/sitio\/wp-content\/uploads\/2022\/07\/logo-ua-horizontal.png","width":800,"height":276,"caption":"Universidad de las Artes"},"image":{"@id":"https:\/\/www.uartes.edu.ec\/sitio\/en\/#\/schema\/logo\/image\/"},"sameAs":["https:\/\/www.facebook.com\/uartesec","https:\/\/x.com\/uartesec","https:\/\/www.tiktok.com\/@uartesec"]},{"@type":"Person","@id":"https:\/\/www.uartes.edu.ec\/sitio\/en\/#\/schema\/person\/efa1b8275797664fd7f13a79ccc0b1f4","name":"ccortez","image":{"@type":"ImageObject","inLanguage":"en-US","@id":"https:\/\/secure.gravatar.com\/avatar\/b2a6f664a3ae8e074346ef91775736c5ec479e637ecced6842de9dc98b5da9cd?s=96&d=mm&r=g","url":"https:\/\/secure.gravatar.com\/avatar\/b2a6f664a3ae8e074346ef91775736c5ec479e637ecced6842de9dc98b5da9cd?s=96&d=mm&r=g","contentUrl":"https:\/\/secure.gravatar.com\/avatar\/b2a6f664a3ae8e074346ef91775736c5ec479e637ecced6842de9dc98b5da9cd?s=96&d=mm&r=g","caption":"ccortez"},"url":"https:\/\/www.uartes.edu.ec\/sitio\/en\/blog\/author\/ccortez\/"}]}},"uagb_featured_image_src":{"full":["https:\/\/www.uartes.edu.ec\/sitio\/wp-content\/uploads\/2025\/04\/01-CHARLA-LANFOR-JESSICA-ZAMBRANO.jpg",2000,1333,false],"thumbnail":["https:\/\/www.uartes.edu.ec\/sitio\/wp-content\/uploads\/2025\/04\/01-CHARLA-LANFOR-JESSICA-ZAMBRANO-150x150.jpg",150,150,true],"medium":["https:\/\/www.uartes.edu.ec\/sitio\/wp-content\/uploads\/2025\/04\/01-CHARLA-LANFOR-JESSICA-ZAMBRANO-300x200.jpg",300,200,true],"medium_large":["https:\/\/www.uartes.edu.ec\/sitio\/wp-content\/uploads\/2025\/04\/01-CHARLA-LANFOR-JESSICA-ZAMBRANO-768x512.jpg",768,512,true],"large":["https:\/\/www.uartes.edu.ec\/sitio\/wp-content\/uploads\/2025\/04\/01-CHARLA-LANFOR-JESSICA-ZAMBRANO-644x429.jpg",644,429,true],"1536x1536":["https:\/\/www.uartes.edu.ec\/sitio\/wp-content\/uploads\/2025\/04\/01-CHARLA-LANFOR-JESSICA-ZAMBRANO-1536x1024.jpg",1536,1024,true],"2048x2048":["https:\/\/www.uartes.edu.ec\/sitio\/wp-content\/uploads\/2025\/04\/01-CHARLA-LANFOR-JESSICA-ZAMBRANO.jpg",2000,1333,false],"trp-custom-language-flag":["https:\/\/www.uartes.edu.ec\/sitio\/wp-content\/uploads\/2025\/04\/01-CHARLA-LANFOR-JESSICA-ZAMBRANO-18x12.jpg",18,12,true],"htmega_size_585x295":["https:\/\/www.uartes.edu.ec\/sitio\/wp-content\/uploads\/2025\/04\/01-CHARLA-LANFOR-JESSICA-ZAMBRANO-585x295.jpg",585,295,true],"htmega_size_1170x536":["https:\/\/www.uartes.edu.ec\/sitio\/wp-content\/uploads\/2025\/04\/01-CHARLA-LANFOR-JESSICA-ZAMBRANO-1170x536.jpg",1170,536,true],"htmega_size_396x360":["https:\/\/www.uartes.edu.ec\/sitio\/wp-content\/uploads\/2025\/04\/01-CHARLA-LANFOR-JESSICA-ZAMBRANO-396x360.jpg",396,360,true],"gb-block-post-grid-landscape":["https:\/\/www.uartes.edu.ec\/sitio\/wp-content\/uploads\/2025\/04\/01-CHARLA-LANFOR-JESSICA-ZAMBRANO-600x400.jpg",600,400,true],"gb-block-post-grid-square":["https:\/\/www.uartes.edu.ec\/sitio\/wp-content\/uploads\/2025\/04\/01-CHARLA-LANFOR-JESSICA-ZAMBRANO-600x600.jpg",600,600,true],"university-hub-thumb":["https:\/\/www.uartes.edu.ec\/sitio\/wp-content\/uploads\/2025\/04\/01-CHARLA-LANFOR-JESSICA-ZAMBRANO-400x267.jpg",400,267,true],"mailpoet_newsletter_max":["https:\/\/www.uartes.edu.ec\/sitio\/wp-content\/uploads\/2025\/04\/01-CHARLA-LANFOR-JESSICA-ZAMBRANO.jpg",1320,880,false]},"uagb_author_info":{"display_name":"ccortez","author_link":"https:\/\/www.uartes.edu.ec\/sitio\/en\/blog\/author\/ccortez\/"},"uagb_comment_info":0,"uagb_excerpt":"Como \u201cLibros de la diferencia\u201d titul\u00f3 la docente UArtes J\u00e9ssica Zambrano a la charla que brind\u00f3 hoy, mi\u00e9rcoles 23 de abril, en el primer d\u00eda de Lanfor Abierta. En su exposici\u00f3n, la tambi\u00e9n periodista, editora y cofundadora de IND\u00d3MITA Media realiz\u00f3 un recorrido simb\u00f3lico por incendios y exilios a trav\u00e9s de los libros a los&hellip;","featured_image_src":"https:\/\/www.uartes.edu.ec\/sitio\/wp-content\/uploads\/2025\/04\/01-CHARLA-LANFOR-JESSICA-ZAMBRANO-600x400.jpg","featured_image_src_square":"https:\/\/www.uartes.edu.ec\/sitio\/wp-content\/uploads\/2025\/04\/01-CHARLA-LANFOR-JESSICA-ZAMBRANO-600x600.jpg","author_info":{"display_name":"ccortez","author_link":"https:\/\/www.uartes.edu.ec\/sitio\/en\/blog\/author\/ccortez\/"},"publishpress_future_workflow_manual_trigger":{"enabledWorkflows":[]},"distributor_meta":false,"distributor_terms":false,"distributor_media":false,"distributor_original_site_name":"Universidad de las Artes","distributor_original_site_url":"https:\/\/www.uartes.edu.ec\/sitio\/en","push-errors":false,"_links":{"self":[{"href":"https:\/\/www.uartes.edu.ec\/sitio\/en\/wp-json\/wp\/v2\/posts\/70852","targetHints":{"allow":["GET"]}}],"collection":[{"href":"https:\/\/www.uartes.edu.ec\/sitio\/en\/wp-json\/wp\/v2\/posts"}],"about":[{"href":"https:\/\/www.uartes.edu.ec\/sitio\/en\/wp-json\/wp\/v2\/types\/post"}],"author":[{"embeddable":true,"href":"https:\/\/www.uartes.edu.ec\/sitio\/en\/wp-json\/wp\/v2\/users\/10"}],"replies":[{"embeddable":true,"href":"https:\/\/www.uartes.edu.ec\/sitio\/en\/wp-json\/wp\/v2\/comments?post=70852"}],"version-history":[{"count":2,"href":"https:\/\/www.uartes.edu.ec\/sitio\/en\/wp-json\/wp\/v2\/posts\/70852\/revisions"}],"predecessor-version":[{"id":70859,"href":"https:\/\/www.uartes.edu.ec\/sitio\/en\/wp-json\/wp\/v2\/posts\/70852\/revisions\/70859"}],"wp:featuredmedia":[{"embeddable":true,"href":"https:\/\/www.uartes.edu.ec\/sitio\/en\/wp-json\/wp\/v2\/media\/70853"}],"wp:attachment":[{"href":"https:\/\/www.uartes.edu.ec\/sitio\/en\/wp-json\/wp\/v2\/media?parent=70852"}],"wp:term":[{"taxonomy":"category","embeddable":true,"href":"https:\/\/www.uartes.edu.ec\/sitio\/en\/wp-json\/wp\/v2\/categories?post=70852"},{"taxonomy":"post_tag","embeddable":true,"href":"https:\/\/www.uartes.edu.ec\/sitio\/en\/wp-json\/wp\/v2\/tags?post=70852"},{"taxonomy":"infouartes","embeddable":true,"href":"https:\/\/www.uartes.edu.ec\/sitio\/en\/wp-json\/wp\/v2\/infouartes?post=70852"}],"curies":[{"name":"wp","href":"https:\/\/api.w.org\/{rel}","templated":true}]}}