{"id":70864,"date":"2025-04-24T13:23:00","date_gmt":"2025-04-24T18:23:00","guid":{"rendered":"https:\/\/www.uartes.edu.ec\/sitio\/?p=70864"},"modified":"2025-04-30T20:51:58","modified_gmt":"2025-05-01T01:51:58","slug":"graduada-uartes-melany-leon-logra-una-plaza-en-la-orquesta-sinfonica-de-guayaquil","status":"publish","type":"post","link":"https:\/\/www.uartes.edu.ec\/sitio\/en\/blog\/2025\/04\/24\/graduada-uartes-melany-leon-logra-una-plaza-en-la-orquesta-sinfonica-de-guayaquil\/","title":{"rendered":"Graduada Melany Le\u00f3n logra una plaza e integra la Orquesta Sinf\u00f3nica de Guayaquil"},"content":{"rendered":"<p>\u00bfC\u00f3mo se logra una plaza en la Orquesta Sinf\u00f3nica de Guayaquil? Melany Le\u00f3n, graduada en la Escuela de Artes Sonoras de la Universidad de las Artes en 2023, es m\u00fasico, espec\u00edficamente cornista, y la inquietud salt\u00f3 luego de que uno de nuestros docentes, Andrey Astaiza, diera la noticia de que ella lo consigui\u00f3. Justamente, y antes de responder a la interrogante, la alumnus confiesa que sus temores se esfuman cuando piensa en la confianza que su maestro le tuvo desde que inici\u00f3 sus estudios en la UArtes, ayud\u00e1ndola a potenciar todas las habilidades que en ella habitan.<\/p>\n\n\n\n<p>A la pregunta, Melany Le\u00f3n contesta que le signific\u00f3 una espera paciente, puesto que no se abren muy a menudo las plazas en la Orquesta Sinf\u00f3nica de Guayaquil (OSG) debido a que suelen tener instrumentistas de manera fija. \u201cLos cornistas en Ecuador somos pocos, realmente no hay muchos de nacionalidad ecuatoriana que se dediquen profesionalmente al instrumento. Sin embargo, existen cornistas de alta calidad en el pa\u00eds entre extranjeros y nacionales\u201d.<\/p>\n\n\n\n<p>Como dato curioso, Melany Le\u00f3n agrega que son muy pocas las mujeres cornistas en el pa\u00eds. Admite que puede estar exagerando, pero es posible que solo sean cuatro. \u201cNuestra comunidad es peque\u00f1a y nos conocemos entre todos mayormente\u201d.<\/p>\n\n\n<div class=\"wp-block-image\">\n<figure class=\"aligncenter size-large\"><img fetchpriority=\"high\" decoding=\"async\" width=\"644\" height=\"429\" src=\"https:\/\/www.uartes.edu.ec\/sitio\/wp-content\/uploads\/2025\/04\/a4-1-644x429.png\" alt=\"\" class=\"wp-image-70867\" srcset=\"https:\/\/www.uartes.edu.ec\/sitio\/wp-content\/uploads\/2025\/04\/a4-1-644x429.png 644w, https:\/\/www.uartes.edu.ec\/sitio\/wp-content\/uploads\/2025\/04\/a4-1-300x200.png 300w, https:\/\/www.uartes.edu.ec\/sitio\/wp-content\/uploads\/2025\/04\/a4-1-768x512.png 768w, https:\/\/www.uartes.edu.ec\/sitio\/wp-content\/uploads\/2025\/04\/a4-1-1536x1024.png 1536w, https:\/\/www.uartes.edu.ec\/sitio\/wp-content\/uploads\/2025\/04\/a4-1-18x12.png 18w, https:\/\/www.uartes.edu.ec\/sitio\/wp-content\/uploads\/2025\/04\/a4-1-600x400.png 600w, https:\/\/www.uartes.edu.ec\/sitio\/wp-content\/uploads\/2025\/04\/a4-1-400x267.png 400w, https:\/\/www.uartes.edu.ec\/sitio\/wp-content\/uploads\/2025\/04\/a4-1.png 2000w\" sizes=\"(max-width: 644px) 100vw, 644px\" \/><\/figure>\n<\/div>\n\n\n<p>En una Orquesta Sinf\u00f3nica hay diversas familias de instrumentos musicales. Melany hace un repaso, se\u00f1alando a los de cuerdas, que son los violines, violas, violonchelos, contrabajo y arpa. De viento, subclasificados entre vientos madera y vientos metales; los de madera son las flautas traversas, clarinete, fagot y oboe; y los de metales \u2013el grupo al cual Melany Le\u00f3n pertenece\u2013 tienen trompetas, tuba, trombones y cornos. Finalmente, el grupo de percusi\u00f3n, que son todos los instrumentos r\u00edtmicos, entre ellos timpani, platillos y marimba.<\/p>\n\n\n\n<p>\u201cCompartido este detalle informativo sobre la composici\u00f3n de una Orquesta Sinf\u00f3nica, puedo decir que en la de Guayaquil somos unos 65 integrantes, aproximadamente, con edades que var\u00edan, pero todos adultos, en un promedio de 35 a\u00f1os en adelante. Hay contados m\u00fasicos que pertenecen a una generaci\u00f3n bastante joven, que son quienes se encuentra en sus 20 a\u00f1os; en mi caso, tengo 24, soy de las m\u00e1s j\u00f3venes en integrarla\u201d.<\/p>\n\n\n\n<p>Agrega que varios de los integrantes de la OSG fueron sus formadores en alg\u00fan momento de su educaci\u00f3n musical, ya sea en el Conservatorio como en la UArtes. \u201cMe parece incre\u00edble estar rodeada de ellos en este ambiente orquestal, son personas que han aportado mucho a lo que soy hoy en d\u00eda como m\u00fasico, cada que puedo converso con ellos y tenemos un trato muy ameno y, por mi parte, lleno de mucha admiraci\u00f3n e inspiraci\u00f3n\u201d.<\/p>\n\n\n<div class=\"wp-block-image\">\n<figure class=\"aligncenter size-large\"><img decoding=\"async\" width=\"644\" height=\"429\" src=\"https:\/\/www.uartes.edu.ec\/sitio\/wp-content\/uploads\/2025\/04\/a5-1-644x429.png\" alt=\"\" class=\"wp-image-70868\" srcset=\"https:\/\/www.uartes.edu.ec\/sitio\/wp-content\/uploads\/2025\/04\/a5-1-644x429.png 644w, https:\/\/www.uartes.edu.ec\/sitio\/wp-content\/uploads\/2025\/04\/a5-1-300x200.png 300w, https:\/\/www.uartes.edu.ec\/sitio\/wp-content\/uploads\/2025\/04\/a5-1-768x512.png 768w, https:\/\/www.uartes.edu.ec\/sitio\/wp-content\/uploads\/2025\/04\/a5-1-1536x1024.png 1536w, https:\/\/www.uartes.edu.ec\/sitio\/wp-content\/uploads\/2025\/04\/a5-1-18x12.png 18w, https:\/\/www.uartes.edu.ec\/sitio\/wp-content\/uploads\/2025\/04\/a5-1-600x400.png 600w, https:\/\/www.uartes.edu.ec\/sitio\/wp-content\/uploads\/2025\/04\/a5-1-400x267.png 400w, https:\/\/www.uartes.edu.ec\/sitio\/wp-content\/uploads\/2025\/04\/a5-1.png 2000w\" sizes=\"(max-width: 644px) 100vw, 644px\" \/><\/figure>\n<\/div>\n\n\n<p>Para ser parte de una Orquesta Sinf\u00f3nica como requisito indispensable est\u00e1 ejecutar a nivel satisfactorio y funcional el instrumento y tener un t\u00edtulo que avale la experiencia y trayectoria musical. Melany es licenciada en Artes Musicales y Sonoras por la UArtes.<\/p>\n\n\n\n<p>A la OSG, nuestra alumnus revela que lleg\u00f3 porque supo que un instrumentista hacia su traslado para otra agrupaci\u00f3n orquestal y dejaba su vacante disponible. Empez\u00f3 entonces a aplicar para formar parte del proceso de admisi\u00f3n como instrumentista. Tuve luego un encuentro con los cornistas de la fila, quienes la escucharon ejecutar una pieza musical muy recomendada para audiciones dentro del repertorio del corno franc\u00e9s. Toc\u00f3 el primer movimiento del Concierto para Corno No. 3 de Mozart. \u201cEllos luego de escucharme me dieron sus apreciaciones sobre mi ejecuci\u00f3n, mostrando predisposici\u00f3n y respaldo para ser bienvenida a la fila de cornistas de la OSG\u201d, dice Melany, quien admite no sent\u00eda la experiencia y el momento irreales por estar vincul\u00e1ndose nuevamente de manera activa al mundo sinf\u00f3nico.<\/p>\n\n\n\n<p>\u00bfQu\u00e9 significa para ti ser parte de la OSG? \u201cUna gran oportunidad, lo siento como un \u2018renacer personal\u2019, pues en un momento de mi carrera me enfoqu\u00e9 completamente en la docencia, dedicando todo mi tiempo y energ\u00eda a guiar a mis estudiantes. Durante ese tiempo, la parte de m\u00ed como int\u00e9rprete y creadora musical qued\u00f3 en pausa porque sent\u00ed que mi rol como educadora era lo m\u00e1s importante. Sin embargo, con el tiempo, me di cuenta de que hab\u00eda dejado de lado una faceta vital de m\u00ed misma: la m\u00fasica como expresi\u00f3n personal\u201d.<\/p>\n\n\n\n<p>Para Melany, ser parte de la OSG es redescubrir una parte en ella que cre\u00eddo hab\u00eda perdido. Ha retomado sus estudios, su instrumento y la interpretaci\u00f3n musical con renovada pasi\u00f3n. \u201cMe siento m\u00e1s completa ahora como docente e int\u00e9rprete, porque ambas facetas se enriquecen mutuamente. Este proceso de renacimiento me ha ense\u00f1ado a integrar de nuevo mis pasiones y siento que ahora soy una mejor profesional, m\u00e1s equilibrada y conectada con mi prop\u00f3sito\u201d.<\/p>\n\n\n<div class=\"wp-block-image\">\n<figure class=\"aligncenter size-large\"><img decoding=\"async\" width=\"644\" height=\"429\" src=\"https:\/\/www.uartes.edu.ec\/sitio\/wp-content\/uploads\/2025\/04\/a1-1-644x429.png\" alt=\"\" class=\"wp-image-70866\" srcset=\"https:\/\/www.uartes.edu.ec\/sitio\/wp-content\/uploads\/2025\/04\/a1-1-644x429.png 644w, https:\/\/www.uartes.edu.ec\/sitio\/wp-content\/uploads\/2025\/04\/a1-1-300x200.png 300w, https:\/\/www.uartes.edu.ec\/sitio\/wp-content\/uploads\/2025\/04\/a1-1-768x512.png 768w, https:\/\/www.uartes.edu.ec\/sitio\/wp-content\/uploads\/2025\/04\/a1-1-1536x1024.png 1536w, https:\/\/www.uartes.edu.ec\/sitio\/wp-content\/uploads\/2025\/04\/a1-1-18x12.png 18w, https:\/\/www.uartes.edu.ec\/sitio\/wp-content\/uploads\/2025\/04\/a1-1-600x400.png 600w, https:\/\/www.uartes.edu.ec\/sitio\/wp-content\/uploads\/2025\/04\/a1-1-400x267.png 400w, https:\/\/www.uartes.edu.ec\/sitio\/wp-content\/uploads\/2025\/04\/a1-1.png 2000w\" sizes=\"(max-width: 644px) 100vw, 644px\" \/><\/figure>\n<\/div>\n\n\n<p>Tras obtener su licenciatura en la UArtes, Melany comenta que comenz\u00f3 a trabajar como educadora en artes en escuelas y a complementar su formaci\u00f3n con preparaci\u00f3n coral, tanto como coreuta y asistente en direcci\u00f3n musical. En ese trayecto de dos a\u00f1os particip\u00f3 como docente con un grupo de estudiantes de la Escuela de Educaci\u00f3n B\u00e1sica Stabile en el \u201cUA Festival Cole 2023\u201d, obteniendo el primer lugar con tema in\u00e9dito para Guayaquil titulado \u201cPerla que renace\u201d.<\/p>\n\n\n\n<p>Agrega haber concursado tambi\u00e9n junto al Choral Academy en un festival en B\u00e9lgica, en el que ganaron el primer lugar con honores suma cum laude (2024). \u201cOrganic\u00e9 luego eventos art\u00edsticos con el coro de primaria del Colegio Interamericano, como el Talent Show y Christmas Festival, y tuvieron la oportunidad de participar en un canal de televisi\u00f3n interpretando un villancico bajo mi conducci\u00f3n (2024). En octubre del a\u00f1o pasado, estuve en Colombia en el Festival de Coros \u201cPor eso cantamos\u201d, como integrante del coro Callas. Mi m\u00e1s reciente participaci\u00f3n fue en Brasil, en el Festival de M\u00fasica de Santa Catarina, donde me desenvolv\u00ed como instrumentista de banda sinf\u00f3nica y orquesta junto a distintos m\u00fasicos de varias partes del mundo\u201d.<\/p>\n\n\n\n<p>Sobre sus siguientes pasos, Melany Le\u00f3n anota que quiere centrarse en su proceso de adaptaci\u00f3n instrumental prioriz\u00e1ndolo. \u201cQuisiera definir una idea del camino que voy a escoger cuando este por empezar la maestr\u00eda, especialmente porque sigo teniendo la vocaci\u00f3n de ense\u00f1ar, transmitir e inspirar a nuevas y actuales generaciones. Mi gran anhelo es poder alg\u00fan d\u00eda trabajar como docente universitaria en la UArtes. De momento, a seguir prepar\u00e1ndonos, vivir de la m\u00fasica y por la m\u00fasica\u201d.<\/p>\n\n\n\n<p>Fotos: cortes\u00eda de Melany Le\u00f3n, graduada de la Universidad de las Artes. En la principal, la Orquesta Sinf\u00f3nica de Guayaquil, de la cual es una de sus integrantes. Las siguientes corresponden a presentaciones, siendo la \u00faltima un registro de su participaci\u00f3n en el Festival de M\u00fasica de Santa Catarina (FEMUSC).<\/p>","protected":false},"excerpt":{"rendered":"<p>Obtuvo su licenciatura en Artes Musicales y Sonoras en la Universidad de las Artes y desde su graduaci\u00f3n en 2023 Melany Le\u00f3n ha procurado ejercer su profesi\u00f3n. Lo ha hecho como m\u00fasico y tambi\u00e9n como docente. Particip\u00f3 en festivales a nivel internacional y tras las experiencias obtenidas no dud\u00f3 en probarse para una plaza en la Orquesta Sinf\u00f3nica de Guayaquil, a la cual se integr\u00f3 como cornista. Ha sido una conquista para la que tuvo que tener mucha paciencia, confiesa. <\/p>","protected":false},"author":10,"featured_media":70865,"comment_status":"open","ping_status":"open","sticky":false,"template":"","format":"standard","meta":{"_acf_changed":false,"_uag_custom_page_level_css":"","_monsterinsights_skip_tracking":false,"_monsterinsights_sitenote_active":false,"_monsterinsights_sitenote_note":"","_monsterinsights_sitenote_category":0,"cybocfi_hide_featured_image":"","footnotes":""},"categories":[80,490,150,75],"tags":[540],"infouartes":[],"class_list":["post-70864","post","type-post","status-publish","format-standard","has-post-thumbnail","hentry","category-academico","category-alumni","category-artes-sonoras","category-docentes","tag-proyecto"],"acf":[],"yoast_head":"<!-- This site is optimized with the Yoast SEO plugin v27.4 - https:\/\/yoast.com\/product\/yoast-seo-wordpress\/ -->\n<title>Universidad de las Artes - Graduada Melany Le\u00f3n logra una plaza e integra la Orquesta Sinf\u00f3nica de Guayaquil<\/title>\n<meta name=\"description\" content=\"Universidad de las Artes - Graduada Melany Le\u00f3n logra una plaza e integra la Orquesta Sinf\u00f3nica de Guayaquil\" \/>\n<meta name=\"robots\" content=\"index, follow, max-snippet:-1, max-image-preview:large, max-video-preview:-1\" \/>\n<link rel=\"canonical\" href=\"https:\/\/www.uartes.edu.ec\/sitio\/en\/blog\/2025\/04\/24\/graduada-uartes-melany-leon-logra-una-plaza-en-la-orquesta-sinfonica-de-guayaquil\/\" \/>\n<meta property=\"og:locale\" content=\"en_US\" \/>\n<meta property=\"og:type\" content=\"article\" \/>\n<meta property=\"og:title\" content=\"Universidad de las Artes - Graduada Melany Le\u00f3n logra una plaza e integra la Orquesta Sinf\u00f3nica de Guayaquil\" \/>\n<meta property=\"og:description\" content=\"Universidad de las Artes - Graduada Melany Le\u00f3n logra una plaza e integra la Orquesta Sinf\u00f3nica de Guayaquil\" \/>\n<meta property=\"og:url\" content=\"https:\/\/www.uartes.edu.ec\/sitio\/en\/blog\/2025\/04\/24\/graduada-uartes-melany-leon-logra-una-plaza-en-la-orquesta-sinfonica-de-guayaquil\/\" \/>\n<meta property=\"og:site_name\" content=\"Universidad de las Artes\" \/>\n<meta property=\"article:publisher\" content=\"https:\/\/www.facebook.com\/uartesec\" \/>\n<meta property=\"article:published_time\" content=\"2025-04-24T18:23:00+00:00\" \/>\n<meta property=\"article:modified_time\" content=\"2025-05-01T01:51:58+00:00\" \/>\n<meta property=\"og:image\" content=\"https:\/\/www.uartes.edu.ec\/sitio\/wp-content\/uploads\/2025\/04\/a2-1-644x429.png\" \/>\n\t<meta property=\"og:image:width\" content=\"644\" \/>\n\t<meta property=\"og:image:height\" content=\"429\" \/>\n\t<meta property=\"og:image:type\" content=\"image\/png\" \/>\n<meta name=\"author\" content=\"ccortez\" \/>\n<meta name=\"twitter:card\" content=\"summary_large_image\" \/>\n<meta name=\"twitter:creator\" content=\"@uartesec\" \/>\n<meta name=\"twitter:site\" content=\"@uartesec\" \/>\n<meta name=\"twitter:label1\" content=\"Written by\" \/>\n\t<meta name=\"twitter:data1\" content=\"ccortez\" \/>\n\t<meta name=\"twitter:label2\" content=\"Est. reading time\" \/>\n\t<meta name=\"twitter:data2\" content=\"6 minutes\" \/>\n<script type=\"application\/ld+json\" class=\"yoast-schema-graph\">{\"@context\":\"https:\\\/\\\/schema.org\",\"@graph\":[{\"@type\":\"Article\",\"@id\":\"https:\\\/\\\/www.uartes.edu.ec\\\/sitio\\\/en\\\/blog\\\/2025\\\/04\\\/24\\\/graduada-uartes-melany-leon-logra-una-plaza-en-la-orquesta-sinfonica-de-guayaquil\\\/#article\",\"isPartOf\":{\"@id\":\"https:\\\/\\\/www.uartes.edu.ec\\\/sitio\\\/en\\\/blog\\\/2025\\\/04\\\/24\\\/graduada-uartes-melany-leon-logra-una-plaza-en-la-orquesta-sinfonica-de-guayaquil\\\/\"},\"author\":{\"name\":\"ccortez\",\"@id\":\"https:\\\/\\\/www.uartes.edu.ec\\\/sitio\\\/en\\\/#\\\/schema\\\/person\\\/efa1b8275797664fd7f13a79ccc0b1f4\"},\"headline\":\"Graduada Melany Le\u00f3n logra una plaza e integra la Orquesta Sinf\u00f3nica de Guayaquil\",\"datePublished\":\"2025-04-24T18:23:00+00:00\",\"dateModified\":\"2025-05-01T01:51:58+00:00\",\"mainEntityOfPage\":{\"@id\":\"https:\\\/\\\/www.uartes.edu.ec\\\/sitio\\\/en\\\/blog\\\/2025\\\/04\\\/24\\\/graduada-uartes-melany-leon-logra-una-plaza-en-la-orquesta-sinfonica-de-guayaquil\\\/\"},\"wordCount\":1182,\"commentCount\":0,\"publisher\":{\"@id\":\"https:\\\/\\\/www.uartes.edu.ec\\\/sitio\\\/en\\\/#organization\"},\"image\":{\"@id\":\"https:\\\/\\\/www.uartes.edu.ec\\\/sitio\\\/en\\\/blog\\\/2025\\\/04\\\/24\\\/graduada-uartes-melany-leon-logra-una-plaza-en-la-orquesta-sinfonica-de-guayaquil\\\/#primaryimage\"},\"thumbnailUrl\":\"https:\\\/\\\/www.uartes.edu.ec\\\/sitio\\\/wp-content\\\/uploads\\\/2025\\\/04\\\/a2-1.png\",\"keywords\":[\"proyecto\"],\"articleSection\":[\"Acad\u00e9mico\",\"Alumni\",\"Artes Sonoras\",\"Docentes\"],\"inLanguage\":\"en-US\",\"potentialAction\":[{\"@type\":\"CommentAction\",\"name\":\"Comment\",\"target\":[\"https:\\\/\\\/www.uartes.edu.ec\\\/sitio\\\/en\\\/blog\\\/2025\\\/04\\\/24\\\/graduada-uartes-melany-leon-logra-una-plaza-en-la-orquesta-sinfonica-de-guayaquil\\\/#respond\"]}]},{\"@type\":[\"WebPage\",\"ItemPage\"],\"@id\":\"https:\\\/\\\/www.uartes.edu.ec\\\/sitio\\\/en\\\/blog\\\/2025\\\/04\\\/24\\\/graduada-uartes-melany-leon-logra-una-plaza-en-la-orquesta-sinfonica-de-guayaquil\\\/\",\"url\":\"https:\\\/\\\/www.uartes.edu.ec\\\/sitio\\\/en\\\/blog\\\/2025\\\/04\\\/24\\\/graduada-uartes-melany-leon-logra-una-plaza-en-la-orquesta-sinfonica-de-guayaquil\\\/\",\"name\":\"Universidad de las Artes - Graduada Melany Le\u00f3n logra una plaza e integra la Orquesta Sinf\u00f3nica de Guayaquil\",\"isPartOf\":{\"@id\":\"https:\\\/\\\/www.uartes.edu.ec\\\/sitio\\\/en\\\/#website\"},\"primaryImageOfPage\":{\"@id\":\"https:\\\/\\\/www.uartes.edu.ec\\\/sitio\\\/en\\\/blog\\\/2025\\\/04\\\/24\\\/graduada-uartes-melany-leon-logra-una-plaza-en-la-orquesta-sinfonica-de-guayaquil\\\/#primaryimage\"},\"image\":{\"@id\":\"https:\\\/\\\/www.uartes.edu.ec\\\/sitio\\\/en\\\/blog\\\/2025\\\/04\\\/24\\\/graduada-uartes-melany-leon-logra-una-plaza-en-la-orquesta-sinfonica-de-guayaquil\\\/#primaryimage\"},\"thumbnailUrl\":\"https:\\\/\\\/www.uartes.edu.ec\\\/sitio\\\/wp-content\\\/uploads\\\/2025\\\/04\\\/a2-1.png\",\"datePublished\":\"2025-04-24T18:23:00+00:00\",\"dateModified\":\"2025-05-01T01:51:58+00:00\",\"description\":\"Universidad de las Artes - Graduada Melany Le\u00f3n logra una plaza e integra la Orquesta Sinf\u00f3nica de Guayaquil\",\"breadcrumb\":{\"@id\":\"https:\\\/\\\/www.uartes.edu.ec\\\/sitio\\\/en\\\/blog\\\/2025\\\/04\\\/24\\\/graduada-uartes-melany-leon-logra-una-plaza-en-la-orquesta-sinfonica-de-guayaquil\\\/#breadcrumb\"},\"inLanguage\":\"en-US\",\"potentialAction\":[{\"@type\":\"ReadAction\",\"target\":[\"https:\\\/\\\/www.uartes.edu.ec\\\/sitio\\\/en\\\/blog\\\/2025\\\/04\\\/24\\\/graduada-uartes-melany-leon-logra-una-plaza-en-la-orquesta-sinfonica-de-guayaquil\\\/\"]}]},{\"@type\":\"ImageObject\",\"inLanguage\":\"en-US\",\"@id\":\"https:\\\/\\\/www.uartes.edu.ec\\\/sitio\\\/en\\\/blog\\\/2025\\\/04\\\/24\\\/graduada-uartes-melany-leon-logra-una-plaza-en-la-orquesta-sinfonica-de-guayaquil\\\/#primaryimage\",\"url\":\"https:\\\/\\\/www.uartes.edu.ec\\\/sitio\\\/wp-content\\\/uploads\\\/2025\\\/04\\\/a2-1.png\",\"contentUrl\":\"https:\\\/\\\/www.uartes.edu.ec\\\/sitio\\\/wp-content\\\/uploads\\\/2025\\\/04\\\/a2-1.png\",\"width\":2000,\"height\":1333},{\"@type\":\"BreadcrumbList\",\"@id\":\"https:\\\/\\\/www.uartes.edu.ec\\\/sitio\\\/en\\\/blog\\\/2025\\\/04\\\/24\\\/graduada-uartes-melany-leon-logra-una-plaza-en-la-orquesta-sinfonica-de-guayaquil\\\/#breadcrumb\",\"itemListElement\":[{\"@type\":\"ListItem\",\"position\":1,\"name\":\"Inicio\",\"item\":\"https:\\\/\\\/www.uartes.edu.ec\\\/sitio\\\/\"},{\"@type\":\"ListItem\",\"position\":2,\"name\":\"Graduada Melany Le\u00f3n logra una plaza e integra la Orquesta Sinf\u00f3nica de Guayaquil\"}]},{\"@type\":\"WebSite\",\"@id\":\"https:\\\/\\\/www.uartes.edu.ec\\\/sitio\\\/en\\\/#website\",\"url\":\"https:\\\/\\\/www.uartes.edu.ec\\\/sitio\\\/en\\\/\",\"name\":\"Universidad de las Artes\",\"description\":\"Sitio oficial de la Universidad Nacional de las Artes del Ecuador\",\"publisher\":{\"@id\":\"https:\\\/\\\/www.uartes.edu.ec\\\/sitio\\\/en\\\/#organization\"},\"potentialAction\":[{\"@type\":\"SearchAction\",\"target\":{\"@type\":\"EntryPoint\",\"urlTemplate\":\"https:\\\/\\\/www.uartes.edu.ec\\\/sitio\\\/en\\\/?s={search_term_string}\"},\"query-input\":{\"@type\":\"PropertyValueSpecification\",\"valueRequired\":true,\"valueName\":\"search_term_string\"}}],\"inLanguage\":\"en-US\"},{\"@type\":\"Organization\",\"@id\":\"https:\\\/\\\/www.uartes.edu.ec\\\/sitio\\\/en\\\/#organization\",\"name\":\"Universidad de las Artes\",\"url\":\"https:\\\/\\\/www.uartes.edu.ec\\\/sitio\\\/en\\\/\",\"logo\":{\"@type\":\"ImageObject\",\"inLanguage\":\"en-US\",\"@id\":\"https:\\\/\\\/www.uartes.edu.ec\\\/sitio\\\/en\\\/#\\\/schema\\\/logo\\\/image\\\/\",\"url\":\"https:\\\/\\\/www.uartes.edu.ec\\\/sitio\\\/wp-content\\\/uploads\\\/2022\\\/07\\\/logo-ua-horizontal.png\",\"contentUrl\":\"https:\\\/\\\/www.uartes.edu.ec\\\/sitio\\\/wp-content\\\/uploads\\\/2022\\\/07\\\/logo-ua-horizontal.png\",\"width\":800,\"height\":276,\"caption\":\"Universidad de las Artes\"},\"image\":{\"@id\":\"https:\\\/\\\/www.uartes.edu.ec\\\/sitio\\\/en\\\/#\\\/schema\\\/logo\\\/image\\\/\"},\"sameAs\":[\"https:\\\/\\\/www.facebook.com\\\/uartesec\",\"https:\\\/\\\/x.com\\\/uartesec\",\"https:\\\/\\\/www.tiktok.com\\\/@uartesec\"]},{\"@type\":\"Person\",\"@id\":\"https:\\\/\\\/www.uartes.edu.ec\\\/sitio\\\/en\\\/#\\\/schema\\\/person\\\/efa1b8275797664fd7f13a79ccc0b1f4\",\"name\":\"ccortez\",\"image\":{\"@type\":\"ImageObject\",\"inLanguage\":\"en-US\",\"@id\":\"https:\\\/\\\/secure.gravatar.com\\\/avatar\\\/b2a6f664a3ae8e074346ef91775736c5ec479e637ecced6842de9dc98b5da9cd?s=96&d=mm&r=g\",\"url\":\"https:\\\/\\\/secure.gravatar.com\\\/avatar\\\/b2a6f664a3ae8e074346ef91775736c5ec479e637ecced6842de9dc98b5da9cd?s=96&d=mm&r=g\",\"contentUrl\":\"https:\\\/\\\/secure.gravatar.com\\\/avatar\\\/b2a6f664a3ae8e074346ef91775736c5ec479e637ecced6842de9dc98b5da9cd?s=96&d=mm&r=g\",\"caption\":\"ccortez\"},\"url\":\"https:\\\/\\\/www.uartes.edu.ec\\\/sitio\\\/en\\\/blog\\\/author\\\/ccortez\\\/\"}]}<\/script>\n<!-- \/ Yoast SEO plugin. -->","yoast_head_json":{"title":"Universidad de las Artes - Graduada Melany Le\u00f3n logra una plaza e integra la Orquesta Sinf\u00f3nica de Guayaquil","description":"Universidad de las Artes - Graduada Melany Le\u00f3n logra una plaza e integra la Orquesta Sinf\u00f3nica de Guayaquil","robots":{"index":"index","follow":"follow","max-snippet":"max-snippet:-1","max-image-preview":"max-image-preview:large","max-video-preview":"max-video-preview:-1"},"canonical":"https:\/\/www.uartes.edu.ec\/sitio\/en\/blog\/2025\/04\/24\/graduada-uartes-melany-leon-logra-una-plaza-en-la-orquesta-sinfonica-de-guayaquil\/","og_locale":"en_US","og_type":"article","og_title":"Universidad de las Artes - Graduada Melany Le\u00f3n logra una plaza e integra la Orquesta Sinf\u00f3nica de Guayaquil","og_description":"Universidad de las Artes - Graduada Melany Le\u00f3n logra una plaza e integra la Orquesta Sinf\u00f3nica de Guayaquil","og_url":"https:\/\/www.uartes.edu.ec\/sitio\/en\/blog\/2025\/04\/24\/graduada-uartes-melany-leon-logra-una-plaza-en-la-orquesta-sinfonica-de-guayaquil\/","og_site_name":"Universidad de las Artes","article_publisher":"https:\/\/www.facebook.com\/uartesec","article_published_time":"2025-04-24T18:23:00+00:00","article_modified_time":"2025-05-01T01:51:58+00:00","og_image":[{"width":644,"height":429,"url":"https:\/\/www.uartes.edu.ec\/sitio\/wp-content\/uploads\/2025\/04\/a2-1-644x429.png","type":"image\/png"}],"author":"ccortez","twitter_card":"summary_large_image","twitter_creator":"@uartesec","twitter_site":"@uartesec","twitter_misc":{"Written by":"ccortez","Est. reading time":"6 minutes"},"schema":{"@context":"https:\/\/schema.org","@graph":[{"@type":"Article","@id":"https:\/\/www.uartes.edu.ec\/sitio\/en\/blog\/2025\/04\/24\/graduada-uartes-melany-leon-logra-una-plaza-en-la-orquesta-sinfonica-de-guayaquil\/#article","isPartOf":{"@id":"https:\/\/www.uartes.edu.ec\/sitio\/en\/blog\/2025\/04\/24\/graduada-uartes-melany-leon-logra-una-plaza-en-la-orquesta-sinfonica-de-guayaquil\/"},"author":{"name":"ccortez","@id":"https:\/\/www.uartes.edu.ec\/sitio\/en\/#\/schema\/person\/efa1b8275797664fd7f13a79ccc0b1f4"},"headline":"Graduada Melany Le\u00f3n logra una plaza e integra la Orquesta Sinf\u00f3nica de Guayaquil","datePublished":"2025-04-24T18:23:00+00:00","dateModified":"2025-05-01T01:51:58+00:00","mainEntityOfPage":{"@id":"https:\/\/www.uartes.edu.ec\/sitio\/en\/blog\/2025\/04\/24\/graduada-uartes-melany-leon-logra-una-plaza-en-la-orquesta-sinfonica-de-guayaquil\/"},"wordCount":1182,"commentCount":0,"publisher":{"@id":"https:\/\/www.uartes.edu.ec\/sitio\/en\/#organization"},"image":{"@id":"https:\/\/www.uartes.edu.ec\/sitio\/en\/blog\/2025\/04\/24\/graduada-uartes-melany-leon-logra-una-plaza-en-la-orquesta-sinfonica-de-guayaquil\/#primaryimage"},"thumbnailUrl":"https:\/\/www.uartes.edu.ec\/sitio\/wp-content\/uploads\/2025\/04\/a2-1.png","keywords":["proyecto"],"articleSection":["Acad\u00e9mico","Alumni","Artes Sonoras","Docentes"],"inLanguage":"en-US","potentialAction":[{"@type":"CommentAction","name":"Comment","target":["https:\/\/www.uartes.edu.ec\/sitio\/en\/blog\/2025\/04\/24\/graduada-uartes-melany-leon-logra-una-plaza-en-la-orquesta-sinfonica-de-guayaquil\/#respond"]}]},{"@type":["WebPage","ItemPage"],"@id":"https:\/\/www.uartes.edu.ec\/sitio\/en\/blog\/2025\/04\/24\/graduada-uartes-melany-leon-logra-una-plaza-en-la-orquesta-sinfonica-de-guayaquil\/","url":"https:\/\/www.uartes.edu.ec\/sitio\/en\/blog\/2025\/04\/24\/graduada-uartes-melany-leon-logra-una-plaza-en-la-orquesta-sinfonica-de-guayaquil\/","name":"Universidad de las Artes - Graduada Melany Le\u00f3n logra una plaza e integra la Orquesta Sinf\u00f3nica de Guayaquil","isPartOf":{"@id":"https:\/\/www.uartes.edu.ec\/sitio\/en\/#website"},"primaryImageOfPage":{"@id":"https:\/\/www.uartes.edu.ec\/sitio\/en\/blog\/2025\/04\/24\/graduada-uartes-melany-leon-logra-una-plaza-en-la-orquesta-sinfonica-de-guayaquil\/#primaryimage"},"image":{"@id":"https:\/\/www.uartes.edu.ec\/sitio\/en\/blog\/2025\/04\/24\/graduada-uartes-melany-leon-logra-una-plaza-en-la-orquesta-sinfonica-de-guayaquil\/#primaryimage"},"thumbnailUrl":"https:\/\/www.uartes.edu.ec\/sitio\/wp-content\/uploads\/2025\/04\/a2-1.png","datePublished":"2025-04-24T18:23:00+00:00","dateModified":"2025-05-01T01:51:58+00:00","description":"Universidad de las Artes - Graduada Melany Le\u00f3n logra una plaza e integra la Orquesta Sinf\u00f3nica de Guayaquil","breadcrumb":{"@id":"https:\/\/www.uartes.edu.ec\/sitio\/en\/blog\/2025\/04\/24\/graduada-uartes-melany-leon-logra-una-plaza-en-la-orquesta-sinfonica-de-guayaquil\/#breadcrumb"},"inLanguage":"en-US","potentialAction":[{"@type":"ReadAction","target":["https:\/\/www.uartes.edu.ec\/sitio\/en\/blog\/2025\/04\/24\/graduada-uartes-melany-leon-logra-una-plaza-en-la-orquesta-sinfonica-de-guayaquil\/"]}]},{"@type":"ImageObject","inLanguage":"en-US","@id":"https:\/\/www.uartes.edu.ec\/sitio\/en\/blog\/2025\/04\/24\/graduada-uartes-melany-leon-logra-una-plaza-en-la-orquesta-sinfonica-de-guayaquil\/#primaryimage","url":"https:\/\/www.uartes.edu.ec\/sitio\/wp-content\/uploads\/2025\/04\/a2-1.png","contentUrl":"https:\/\/www.uartes.edu.ec\/sitio\/wp-content\/uploads\/2025\/04\/a2-1.png","width":2000,"height":1333},{"@type":"BreadcrumbList","@id":"https:\/\/www.uartes.edu.ec\/sitio\/en\/blog\/2025\/04\/24\/graduada-uartes-melany-leon-logra-una-plaza-en-la-orquesta-sinfonica-de-guayaquil\/#breadcrumb","itemListElement":[{"@type":"ListItem","position":1,"name":"Inicio","item":"https:\/\/www.uartes.edu.ec\/sitio\/"},{"@type":"ListItem","position":2,"name":"Graduada Melany Le\u00f3n logra una plaza e integra la Orquesta Sinf\u00f3nica de Guayaquil"}]},{"@type":"WebSite","@id":"https:\/\/www.uartes.edu.ec\/sitio\/en\/#website","url":"https:\/\/www.uartes.edu.ec\/sitio\/en\/","name":"Universidad de las Artes","description":"Sitio oficial de la Universidad Nacional de las Artes del Ecuador","publisher":{"@id":"https:\/\/www.uartes.edu.ec\/sitio\/en\/#organization"},"potentialAction":[{"@type":"SearchAction","target":{"@type":"EntryPoint","urlTemplate":"https:\/\/www.uartes.edu.ec\/sitio\/en\/?s={search_term_string}"},"query-input":{"@type":"PropertyValueSpecification","valueRequired":true,"valueName":"search_term_string"}}],"inLanguage":"en-US"},{"@type":"Organization","@id":"https:\/\/www.uartes.edu.ec\/sitio\/en\/#organization","name":"Universidad de las Artes","url":"https:\/\/www.uartes.edu.ec\/sitio\/en\/","logo":{"@type":"ImageObject","inLanguage":"en-US","@id":"https:\/\/www.uartes.edu.ec\/sitio\/en\/#\/schema\/logo\/image\/","url":"https:\/\/www.uartes.edu.ec\/sitio\/wp-content\/uploads\/2022\/07\/logo-ua-horizontal.png","contentUrl":"https:\/\/www.uartes.edu.ec\/sitio\/wp-content\/uploads\/2022\/07\/logo-ua-horizontal.png","width":800,"height":276,"caption":"Universidad de las Artes"},"image":{"@id":"https:\/\/www.uartes.edu.ec\/sitio\/en\/#\/schema\/logo\/image\/"},"sameAs":["https:\/\/www.facebook.com\/uartesec","https:\/\/x.com\/uartesec","https:\/\/www.tiktok.com\/@uartesec"]},{"@type":"Person","@id":"https:\/\/www.uartes.edu.ec\/sitio\/en\/#\/schema\/person\/efa1b8275797664fd7f13a79ccc0b1f4","name":"ccortez","image":{"@type":"ImageObject","inLanguage":"en-US","@id":"https:\/\/secure.gravatar.com\/avatar\/b2a6f664a3ae8e074346ef91775736c5ec479e637ecced6842de9dc98b5da9cd?s=96&d=mm&r=g","url":"https:\/\/secure.gravatar.com\/avatar\/b2a6f664a3ae8e074346ef91775736c5ec479e637ecced6842de9dc98b5da9cd?s=96&d=mm&r=g","contentUrl":"https:\/\/secure.gravatar.com\/avatar\/b2a6f664a3ae8e074346ef91775736c5ec479e637ecced6842de9dc98b5da9cd?s=96&d=mm&r=g","caption":"ccortez"},"url":"https:\/\/www.uartes.edu.ec\/sitio\/en\/blog\/author\/ccortez\/"}]}},"uagb_featured_image_src":{"full":["https:\/\/www.uartes.edu.ec\/sitio\/wp-content\/uploads\/2025\/04\/a2-1.png",2000,1333,false],"thumbnail":["https:\/\/www.uartes.edu.ec\/sitio\/wp-content\/uploads\/2025\/04\/a2-1-150x150.png",150,150,true],"medium":["https:\/\/www.uartes.edu.ec\/sitio\/wp-content\/uploads\/2025\/04\/a2-1-300x200.png",300,200,true],"medium_large":["https:\/\/www.uartes.edu.ec\/sitio\/wp-content\/uploads\/2025\/04\/a2-1-768x512.png",768,512,true],"large":["https:\/\/www.uartes.edu.ec\/sitio\/wp-content\/uploads\/2025\/04\/a2-1-644x429.png",644,429,true],"1536x1536":["https:\/\/www.uartes.edu.ec\/sitio\/wp-content\/uploads\/2025\/04\/a2-1-1536x1024.png",1536,1024,true],"2048x2048":["https:\/\/www.uartes.edu.ec\/sitio\/wp-content\/uploads\/2025\/04\/a2-1.png",2000,1333,false],"trp-custom-language-flag":["https:\/\/www.uartes.edu.ec\/sitio\/wp-content\/uploads\/2025\/04\/a2-1-18x12.png",18,12,true],"htmega_size_585x295":["https:\/\/www.uartes.edu.ec\/sitio\/wp-content\/uploads\/2025\/04\/a2-1-585x295.png",585,295,true],"htmega_size_1170x536":["https:\/\/www.uartes.edu.ec\/sitio\/wp-content\/uploads\/2025\/04\/a2-1-1170x536.png",1170,536,true],"htmega_size_396x360":["https:\/\/www.uartes.edu.ec\/sitio\/wp-content\/uploads\/2025\/04\/a2-1-396x360.png",396,360,true],"gb-block-post-grid-landscape":["https:\/\/www.uartes.edu.ec\/sitio\/wp-content\/uploads\/2025\/04\/a2-1-600x400.png",600,400,true],"gb-block-post-grid-square":["https:\/\/www.uartes.edu.ec\/sitio\/wp-content\/uploads\/2025\/04\/a2-1-600x600.png",600,600,true],"university-hub-thumb":["https:\/\/www.uartes.edu.ec\/sitio\/wp-content\/uploads\/2025\/04\/a2-1-400x267.png",400,267,true],"mailpoet_newsletter_max":["https:\/\/www.uartes.edu.ec\/sitio\/wp-content\/uploads\/2025\/04\/a2-1.png",1320,880,false]},"uagb_author_info":{"display_name":"ccortez","author_link":"https:\/\/www.uartes.edu.ec\/sitio\/en\/blog\/author\/ccortez\/"},"uagb_comment_info":0,"uagb_excerpt":"Obtuvo su licenciatura en Artes Musicales y Sonoras en la Universidad de las Artes y desde su graduaci\u00f3n en 2023 Melany Le\u00f3n ha procurado ejercer su profesi\u00f3n. Lo ha hecho como m\u00fasico y tambi\u00e9n como docente. Particip\u00f3 en festivales a nivel internacional y tras las experiencias obtenidas no dud\u00f3 en probarse para una plaza en&hellip;","featured_image_src":"https:\/\/www.uartes.edu.ec\/sitio\/wp-content\/uploads\/2025\/04\/a2-1-600x400.png","featured_image_src_square":"https:\/\/www.uartes.edu.ec\/sitio\/wp-content\/uploads\/2025\/04\/a2-1-600x600.png","author_info":{"display_name":"ccortez","author_link":"https:\/\/www.uartes.edu.ec\/sitio\/en\/blog\/author\/ccortez\/"},"publishpress_future_workflow_manual_trigger":{"enabledWorkflows":[]},"distributor_meta":false,"distributor_terms":false,"distributor_media":false,"distributor_original_site_name":"Universidad de las Artes","distributor_original_site_url":"https:\/\/www.uartes.edu.ec\/sitio\/en","push-errors":false,"_links":{"self":[{"href":"https:\/\/www.uartes.edu.ec\/sitio\/en\/wp-json\/wp\/v2\/posts\/70864","targetHints":{"allow":["GET"]}}],"collection":[{"href":"https:\/\/www.uartes.edu.ec\/sitio\/en\/wp-json\/wp\/v2\/posts"}],"about":[{"href":"https:\/\/www.uartes.edu.ec\/sitio\/en\/wp-json\/wp\/v2\/types\/post"}],"author":[{"embeddable":true,"href":"https:\/\/www.uartes.edu.ec\/sitio\/en\/wp-json\/wp\/v2\/users\/10"}],"replies":[{"embeddable":true,"href":"https:\/\/www.uartes.edu.ec\/sitio\/en\/wp-json\/wp\/v2\/comments?post=70864"}],"version-history":[{"count":7,"href":"https:\/\/www.uartes.edu.ec\/sitio\/en\/wp-json\/wp\/v2\/posts\/70864\/revisions"}],"predecessor-version":[{"id":70895,"href":"https:\/\/www.uartes.edu.ec\/sitio\/en\/wp-json\/wp\/v2\/posts\/70864\/revisions\/70895"}],"wp:featuredmedia":[{"embeddable":true,"href":"https:\/\/www.uartes.edu.ec\/sitio\/en\/wp-json\/wp\/v2\/media\/70865"}],"wp:attachment":[{"href":"https:\/\/www.uartes.edu.ec\/sitio\/en\/wp-json\/wp\/v2\/media?parent=70864"}],"wp:term":[{"taxonomy":"category","embeddable":true,"href":"https:\/\/www.uartes.edu.ec\/sitio\/en\/wp-json\/wp\/v2\/categories?post=70864"},{"taxonomy":"post_tag","embeddable":true,"href":"https:\/\/www.uartes.edu.ec\/sitio\/en\/wp-json\/wp\/v2\/tags?post=70864"},{"taxonomy":"infouartes","embeddable":true,"href":"https:\/\/www.uartes.edu.ec\/sitio\/en\/wp-json\/wp\/v2\/infouartes?post=70864"}],"curies":[{"name":"wp","href":"https:\/\/api.w.org\/{rel}","templated":true}]}}