{"id":7090,"date":"2020-05-20T16:58:57","date_gmt":"2020-05-20T21:58:57","guid":{"rendered":"http:\/\/www.uartes.edu.ec\/sitio\/?p=7090"},"modified":"2024-07-04T11:43:07","modified_gmt":"2024-07-04T16:43:07","slug":"pulsion-represion-y-sintoma-tesis-de-janeth-vanessa-aray","status":"publish","type":"post","link":"https:\/\/www.uartes.edu.ec\/sitio\/en\/blog\/2020\/05\/20\/pulsion-represion-y-sintoma-tesis-de-janeth-vanessa-aray\/","title":{"rendered":"\u201cPulsi\u00f3n, represi\u00f3n y s\u00edntoma\u201d, tesis de Janeth Vanessa Aray"},"content":{"rendered":"<p>\u201cLa presente investigaci\u00f3n art\u00edstica surgi\u00f3 de mi inter\u00e9s por cuestionar determinadas tradiciones del \u00e1mbito familiar, donde el rol de la mujer goza de un ins\u00f3lito protagonismo\u201d. Janeth Vanessa Aray, estudiante de la Escuela de Artes Visuales, inicia as\u00ed el texto de su tesis de grado, la cual sustent\u00f3 el 1 de mayo de manera virtual.<\/p>\n\n\n\n<p>En el documento que reposa en la Secretar\u00eda Acad\u00e9mica de la UArtes, indica que entre las m\u00e1s destacadas de dichas tradiciones ubica a las celebraciones o rituales que tienen que ver con el paso a la vida conyugal (sea que est\u00e9n atravesadas o no por un componente religioso): pedidas de mano, despedidas de soltera, matrimonios y lunas de miel, \u201cactos que suponen una instancia preparatoria para la vida en pareja. De estos rituales, especialmente, llamaron mi atenci\u00f3n aquellos elementos que le dan cuerpo y, adem\u00e1s, retienen una memoria de las ceremonias celebradas, como las fotograf\u00edas de \u00e1lbumes, los objetos conmemorativos, la indumentaria y los ornamentos con los que se escenifican los distintos momentos\u201d.<\/p>\n\n\n\n<p>En ese sentido, agrega, la investigaci\u00f3n a la que titul\u00f3 \u201cPulsi\u00f3n, represi\u00f3n y s\u00edntoma\u201d ha buscado ante todo tensar el car\u00e1cter banal de estos elementos de memorabilia y sopesar su potencia ritual frente al movimiento de la vida, es decir, ensay\u00e1ndolos como si se tratasen de objetos de poder capaces de canalizar la realidad habitada. \u201cEl proyecto se ha valido, en tal caso, de estrategias como el manejo del archivo personal, la apropiaci\u00f3n, la intertextualidad, la teatralidad y lo instalativo, para vehiculizar la aparici\u00f3n de una voz propia que de cierto modo desautorice la idealizaci\u00f3n de estos asuntos. Una voz tel\u00farica, probablemente confinada en los rincones de esa arquitectura sensible que se configura como el espacio de mi hogar\u201d.<\/p>\n\n\n\n<p>En su investigaci\u00f3n, Janeth Vanessa Aray indica que en el medio local hay artistas que para el desarrollo de su obra se han valido del trabajo con objetos dom\u00e9sticos o han indagado en los rituales familiares. \u201cEn el primer grupo ubicar\u00eda a la guayaquile\u00f1a Pamela Hurtado como un antecedente fundamental. Ella indaga a partir de la presencia de los objetos cotidianos en su entorno m\u00e1s cercano, construyendo una mirada subjetiva sobre la memoria que lo rodea. En buena medida, su b\u00fasqueda creativa se sustenta en los roles que durante las distintas etapas de su vida ha asumido como hija, esposa y madre; por lo que encontraremos reiteradamente en su trabajo el recurso por piezas textiles, juguetes, adornos, utensilios y dem\u00e1s elementos que poseen una fuerte connotaci\u00f3n temporal\u201d.<\/p>\n\n\n\n<p>En la serie <em>Estamos en el bosque<\/em> (2015), por ejemplo, la artista se apropia de objetos diversos que encontramos en el hogar, como peque\u00f1as porcelanas de animales, materiales decorativos y juguetes de menor dimensi\u00f3n \u2013entre ellos varias canicas\u2013, los cuales son contenidos por unas delicadas urnas de cristal. De ese modo, elabora unos fr\u00e1giles microcosmos donde se congelan aquellas historias infantiles que han transitado a trav\u00e9s de los m\u00faltiples v\u00ednculos con sus abuelos, padres, hijos y nietos.<\/p>\n\n\n\n<p>Siguiendo con la tem\u00e1tica de lo vivencial como \u00e1mbito de indagaci\u00f3n pl\u00e1stica, Janeth Vanessa Aray considera necesario mencionar el trabajo del guayaquile\u00f1o Jorge Velarde, cofundador de La Artefactor\u00eda, un grupo de artistas que comenz\u00f3 a trabajar juntos en 1982. \u201cDe su trabajo me interesa recalcar la recurrencia a situaciones vinculadas al contexto del hogar, por medio de im\u00e1genes donde se manifiestan constantemente los signos de una mitolog\u00eda \u00edntima. Adem\u00e1s de usar la pintura y la fotograf\u00eda como medios de exploraci\u00f3n art\u00edstica, acude en ocasiones a la intervenci\u00f3n de objetos, muchos de ellos herramientas y utensilios con los que se desenvuelve en su pr\u00e1ctica cotidiana, sin hacer distinci\u00f3n entre sus roles como artista o como custodio del hogar. Tal ser\u00eda el caso de la obra <em>Cautiverio suave<\/em> (2001), para la cual hace uso de instrumentos dom\u00e9sticos corto punzantes, como cuchillos, destornilladores y tijeras, ensamblados de tal manera que se transforman en la frase TE AMO, como estos si buscaran condensar una relaci\u00f3n ambigua entre el dolor y el amor que se teje al interior del n\u00facleo familiar\u201d.<\/p>","protected":false},"excerpt":{"rendered":"<p>\u201cLa presente investigaci\u00f3n art\u00edstica surgi\u00f3 de mi inter\u00e9s por cuestionar determinadas tradiciones del \u00e1mbito familiar, donde el rol de la mujer goza de un ins\u00f3lito protagonismo\u201d. Janeth Vanessa Aray, estudiante de la Escuela de Artes Visuales, inicia as\u00ed el texto de su tesis de grado, la cual sustent\u00f3 el 1 de mayo de manera virtual.<\/p>","protected":false},"author":1,"featured_media":7091,"comment_status":"closed","ping_status":"closed","sticky":false,"template":"","format":"standard","meta":{"_acf_changed":false,"_uag_custom_page_level_css":"","_monsterinsights_skip_tracking":false,"_monsterinsights_sitenote_active":false,"_monsterinsights_sitenote_note":"","_monsterinsights_sitenote_category":0,"cybocfi_hide_featured_image":"","footnotes":""},"categories":[80,157,76],"tags":[211],"infouartes":[],"class_list":["post-7090","post","type-post","status-publish","format-standard","has-post-thumbnail","hentry","category-academico","category-artes-visuales","category-estudiantes","tag-covid19"],"acf":[],"yoast_head":"<!-- This site is optimized with the Yoast SEO plugin v27.4 - https:\/\/yoast.com\/product\/yoast-seo-wordpress\/ -->\n<title>Universidad de las Artes - \u201cPulsi\u00f3n, represi\u00f3n y s\u00edntoma\u201d, tesis de Janeth Vanessa Aray<\/title>\n<meta name=\"description\" content=\"Universidad de las Artes - \u201cPulsi\u00f3n, represi\u00f3n y s\u00edntoma\u201d, tesis de Janeth Vanessa Aray\" \/>\n<meta name=\"robots\" content=\"index, follow, max-snippet:-1, max-image-preview:large, max-video-preview:-1\" \/>\n<link rel=\"canonical\" href=\"https:\/\/www.uartes.edu.ec\/sitio\/en\/blog\/2020\/05\/20\/pulsion-represion-y-sintoma-tesis-de-janeth-vanessa-aray\/\" \/>\n<meta property=\"og:locale\" content=\"en_US\" \/>\n<meta property=\"og:type\" content=\"article\" \/>\n<meta property=\"og:title\" content=\"Universidad de las Artes - \u201cPulsi\u00f3n, represi\u00f3n y s\u00edntoma\u201d, tesis de Janeth Vanessa Aray\" \/>\n<meta property=\"og:description\" content=\"Universidad de las Artes - \u201cPulsi\u00f3n, represi\u00f3n y s\u00edntoma\u201d, tesis de Janeth Vanessa Aray\" \/>\n<meta property=\"og:url\" content=\"https:\/\/www.uartes.edu.ec\/sitio\/en\/blog\/2020\/05\/20\/pulsion-represion-y-sintoma-tesis-de-janeth-vanessa-aray\/\" \/>\n<meta property=\"og:site_name\" content=\"Universidad de las Artes\" \/>\n<meta property=\"article:publisher\" content=\"https:\/\/www.facebook.com\/uartesec\" \/>\n<meta property=\"article:published_time\" content=\"2020-05-20T21:58:57+00:00\" \/>\n<meta property=\"article:modified_time\" content=\"2024-07-04T16:43:07+00:00\" \/>\n<meta property=\"og:image\" content=\"https:\/\/www.uartes.edu.ec\/sitio\/wp-content\/uploads\/2020\/05\/VANESSA-ARAY.jpg\" \/>\n\t<meta property=\"og:image:width\" content=\"1280\" \/>\n\t<meta property=\"og:image:height\" content=\"854\" \/>\n\t<meta property=\"og:image:type\" content=\"image\/jpeg\" \/>\n<meta name=\"author\" content=\"Universidad de las Artes\" \/>\n<meta name=\"twitter:card\" content=\"summary_large_image\" \/>\n<meta name=\"twitter:creator\" content=\"@uartesec\" \/>\n<meta name=\"twitter:site\" content=\"@uartesec\" \/>\n<meta name=\"twitter:label1\" content=\"Written by\" \/>\n\t<meta name=\"twitter:data1\" content=\"Universidad de las Artes\" \/>\n\t<meta name=\"twitter:label2\" content=\"Est. reading time\" \/>\n\t<meta name=\"twitter:data2\" content=\"4 minutes\" \/>\n<script type=\"application\/ld+json\" class=\"yoast-schema-graph\">{\"@context\":\"https:\\\/\\\/schema.org\",\"@graph\":[{\"@type\":\"Article\",\"@id\":\"https:\\\/\\\/www.uartes.edu.ec\\\/sitio\\\/en\\\/blog\\\/2020\\\/05\\\/20\\\/pulsion-represion-y-sintoma-tesis-de-janeth-vanessa-aray\\\/#article\",\"isPartOf\":{\"@id\":\"https:\\\/\\\/www.uartes.edu.ec\\\/sitio\\\/en\\\/blog\\\/2020\\\/05\\\/20\\\/pulsion-represion-y-sintoma-tesis-de-janeth-vanessa-aray\\\/\"},\"author\":{\"name\":\"Universidad de las Artes\",\"@id\":\"https:\\\/\\\/www.uartes.edu.ec\\\/sitio\\\/en\\\/#\\\/schema\\\/person\\\/f33f8c1d2af0d5c80a38c8abf458184a\"},\"headline\":\"\u201cPulsi\u00f3n, represi\u00f3n y s\u00edntoma\u201d, tesis de Janeth Vanessa Aray\",\"datePublished\":\"2020-05-20T21:58:57+00:00\",\"dateModified\":\"2024-07-04T16:43:07+00:00\",\"mainEntityOfPage\":{\"@id\":\"https:\\\/\\\/www.uartes.edu.ec\\\/sitio\\\/en\\\/blog\\\/2020\\\/05\\\/20\\\/pulsion-represion-y-sintoma-tesis-de-janeth-vanessa-aray\\\/\"},\"wordCount\":728,\"publisher\":{\"@id\":\"https:\\\/\\\/www.uartes.edu.ec\\\/sitio\\\/en\\\/#organization\"},\"image\":{\"@id\":\"https:\\\/\\\/www.uartes.edu.ec\\\/sitio\\\/en\\\/blog\\\/2020\\\/05\\\/20\\\/pulsion-represion-y-sintoma-tesis-de-janeth-vanessa-aray\\\/#primaryimage\"},\"thumbnailUrl\":\"https:\\\/\\\/www.uartes.edu.ec\\\/sitio\\\/wp-content\\\/uploads\\\/2020\\\/05\\\/VANESSA-ARAY.jpg\",\"keywords\":[\"covid19\"],\"articleSection\":[\"Acad\u00e9mico\",\"Artes Visuales\",\"Estudiantes\"],\"inLanguage\":\"en-US\"},{\"@type\":[\"WebPage\",\"ItemPage\"],\"@id\":\"https:\\\/\\\/www.uartes.edu.ec\\\/sitio\\\/en\\\/blog\\\/2020\\\/05\\\/20\\\/pulsion-represion-y-sintoma-tesis-de-janeth-vanessa-aray\\\/\",\"url\":\"https:\\\/\\\/www.uartes.edu.ec\\\/sitio\\\/en\\\/blog\\\/2020\\\/05\\\/20\\\/pulsion-represion-y-sintoma-tesis-de-janeth-vanessa-aray\\\/\",\"name\":\"Universidad de las Artes - \u201cPulsi\u00f3n, represi\u00f3n y s\u00edntoma\u201d, tesis de Janeth Vanessa Aray\",\"isPartOf\":{\"@id\":\"https:\\\/\\\/www.uartes.edu.ec\\\/sitio\\\/en\\\/#website\"},\"primaryImageOfPage\":{\"@id\":\"https:\\\/\\\/www.uartes.edu.ec\\\/sitio\\\/en\\\/blog\\\/2020\\\/05\\\/20\\\/pulsion-represion-y-sintoma-tesis-de-janeth-vanessa-aray\\\/#primaryimage\"},\"image\":{\"@id\":\"https:\\\/\\\/www.uartes.edu.ec\\\/sitio\\\/en\\\/blog\\\/2020\\\/05\\\/20\\\/pulsion-represion-y-sintoma-tesis-de-janeth-vanessa-aray\\\/#primaryimage\"},\"thumbnailUrl\":\"https:\\\/\\\/www.uartes.edu.ec\\\/sitio\\\/wp-content\\\/uploads\\\/2020\\\/05\\\/VANESSA-ARAY.jpg\",\"datePublished\":\"2020-05-20T21:58:57+00:00\",\"dateModified\":\"2024-07-04T16:43:07+00:00\",\"description\":\"Universidad de las Artes - \u201cPulsi\u00f3n, represi\u00f3n y s\u00edntoma\u201d, tesis de Janeth Vanessa Aray\",\"breadcrumb\":{\"@id\":\"https:\\\/\\\/www.uartes.edu.ec\\\/sitio\\\/en\\\/blog\\\/2020\\\/05\\\/20\\\/pulsion-represion-y-sintoma-tesis-de-janeth-vanessa-aray\\\/#breadcrumb\"},\"inLanguage\":\"en-US\",\"potentialAction\":[{\"@type\":\"ReadAction\",\"target\":[\"https:\\\/\\\/www.uartes.edu.ec\\\/sitio\\\/en\\\/blog\\\/2020\\\/05\\\/20\\\/pulsion-represion-y-sintoma-tesis-de-janeth-vanessa-aray\\\/\"]}]},{\"@type\":\"ImageObject\",\"inLanguage\":\"en-US\",\"@id\":\"https:\\\/\\\/www.uartes.edu.ec\\\/sitio\\\/en\\\/blog\\\/2020\\\/05\\\/20\\\/pulsion-represion-y-sintoma-tesis-de-janeth-vanessa-aray\\\/#primaryimage\",\"url\":\"https:\\\/\\\/www.uartes.edu.ec\\\/sitio\\\/wp-content\\\/uploads\\\/2020\\\/05\\\/VANESSA-ARAY.jpg\",\"contentUrl\":\"https:\\\/\\\/www.uartes.edu.ec\\\/sitio\\\/wp-content\\\/uploads\\\/2020\\\/05\\\/VANESSA-ARAY.jpg\",\"width\":1280,\"height\":854},{\"@type\":\"BreadcrumbList\",\"@id\":\"https:\\\/\\\/www.uartes.edu.ec\\\/sitio\\\/en\\\/blog\\\/2020\\\/05\\\/20\\\/pulsion-represion-y-sintoma-tesis-de-janeth-vanessa-aray\\\/#breadcrumb\",\"itemListElement\":[{\"@type\":\"ListItem\",\"position\":1,\"name\":\"Inicio\",\"item\":\"https:\\\/\\\/www.uartes.edu.ec\\\/sitio\\\/\"},{\"@type\":\"ListItem\",\"position\":2,\"name\":\"\u201cPulsi\u00f3n, represi\u00f3n y s\u00edntoma\u201d, tesis de Janeth Vanessa Aray\"}]},{\"@type\":\"WebSite\",\"@id\":\"https:\\\/\\\/www.uartes.edu.ec\\\/sitio\\\/en\\\/#website\",\"url\":\"https:\\\/\\\/www.uartes.edu.ec\\\/sitio\\\/en\\\/\",\"name\":\"Universidad de las Artes\",\"description\":\"Sitio oficial de la Universidad Nacional de las Artes del Ecuador\",\"publisher\":{\"@id\":\"https:\\\/\\\/www.uartes.edu.ec\\\/sitio\\\/en\\\/#organization\"},\"potentialAction\":[{\"@type\":\"SearchAction\",\"target\":{\"@type\":\"EntryPoint\",\"urlTemplate\":\"https:\\\/\\\/www.uartes.edu.ec\\\/sitio\\\/en\\\/?s={search_term_string}\"},\"query-input\":{\"@type\":\"PropertyValueSpecification\",\"valueRequired\":true,\"valueName\":\"search_term_string\"}}],\"inLanguage\":\"en-US\"},{\"@type\":\"Organization\",\"@id\":\"https:\\\/\\\/www.uartes.edu.ec\\\/sitio\\\/en\\\/#organization\",\"name\":\"Universidad de las Artes\",\"url\":\"https:\\\/\\\/www.uartes.edu.ec\\\/sitio\\\/en\\\/\",\"logo\":{\"@type\":\"ImageObject\",\"inLanguage\":\"en-US\",\"@id\":\"https:\\\/\\\/www.uartes.edu.ec\\\/sitio\\\/en\\\/#\\\/schema\\\/logo\\\/image\\\/\",\"url\":\"https:\\\/\\\/www.uartes.edu.ec\\\/sitio\\\/wp-content\\\/uploads\\\/2022\\\/07\\\/logo-ua-horizontal.png\",\"contentUrl\":\"https:\\\/\\\/www.uartes.edu.ec\\\/sitio\\\/wp-content\\\/uploads\\\/2022\\\/07\\\/logo-ua-horizontal.png\",\"width\":800,\"height\":276,\"caption\":\"Universidad de las Artes\"},\"image\":{\"@id\":\"https:\\\/\\\/www.uartes.edu.ec\\\/sitio\\\/en\\\/#\\\/schema\\\/logo\\\/image\\\/\"},\"sameAs\":[\"https:\\\/\\\/www.facebook.com\\\/uartesec\",\"https:\\\/\\\/x.com\\\/uartesec\",\"https:\\\/\\\/www.tiktok.com\\\/@uartesec\"]},{\"@type\":\"Person\",\"@id\":\"https:\\\/\\\/www.uartes.edu.ec\\\/sitio\\\/en\\\/#\\\/schema\\\/person\\\/f33f8c1d2af0d5c80a38c8abf458184a\",\"name\":\"Universidad de las Artes\",\"image\":{\"@type\":\"ImageObject\",\"inLanguage\":\"en-US\",\"@id\":\"https:\\\/\\\/secure.gravatar.com\\\/avatar\\\/52e4757902f5cfa5ac52d020e5be83cae5487519154b6c35482fe08d589f3c13?s=96&d=mm&r=g\",\"url\":\"https:\\\/\\\/secure.gravatar.com\\\/avatar\\\/52e4757902f5cfa5ac52d020e5be83cae5487519154b6c35482fe08d589f3c13?s=96&d=mm&r=g\",\"contentUrl\":\"https:\\\/\\\/secure.gravatar.com\\\/avatar\\\/52e4757902f5cfa5ac52d020e5be83cae5487519154b6c35482fe08d589f3c13?s=96&d=mm&r=g\",\"caption\":\"Universidad de las Artes\"},\"url\":\"https:\\\/\\\/www.uartes.edu.ec\\\/sitio\\\/en\\\/blog\\\/author\\\/dircomadm\\\/\"}]}<\/script>\n<!-- \/ Yoast SEO plugin. -->","yoast_head_json":{"title":"Universidad de las Artes - \u201cPulsi\u00f3n, represi\u00f3n y s\u00edntoma\u201d, tesis de Janeth Vanessa Aray","description":"Universidad de las Artes - \u201cPulsi\u00f3n, represi\u00f3n y s\u00edntoma\u201d, tesis de Janeth Vanessa Aray","robots":{"index":"index","follow":"follow","max-snippet":"max-snippet:-1","max-image-preview":"max-image-preview:large","max-video-preview":"max-video-preview:-1"},"canonical":"https:\/\/www.uartes.edu.ec\/sitio\/en\/blog\/2020\/05\/20\/pulsion-represion-y-sintoma-tesis-de-janeth-vanessa-aray\/","og_locale":"en_US","og_type":"article","og_title":"Universidad de las Artes - \u201cPulsi\u00f3n, represi\u00f3n y s\u00edntoma\u201d, tesis de Janeth Vanessa Aray","og_description":"Universidad de las Artes - \u201cPulsi\u00f3n, represi\u00f3n y s\u00edntoma\u201d, tesis de Janeth Vanessa Aray","og_url":"https:\/\/www.uartes.edu.ec\/sitio\/en\/blog\/2020\/05\/20\/pulsion-represion-y-sintoma-tesis-de-janeth-vanessa-aray\/","og_site_name":"Universidad de las Artes","article_publisher":"https:\/\/www.facebook.com\/uartesec","article_published_time":"2020-05-20T21:58:57+00:00","article_modified_time":"2024-07-04T16:43:07+00:00","og_image":[{"width":1280,"height":854,"url":"https:\/\/www.uartes.edu.ec\/sitio\/wp-content\/uploads\/2020\/05\/VANESSA-ARAY.jpg","type":"image\/jpeg"}],"author":"Universidad de las Artes","twitter_card":"summary_large_image","twitter_creator":"@uartesec","twitter_site":"@uartesec","twitter_misc":{"Written by":"Universidad de las Artes","Est. reading time":"4 minutes"},"schema":{"@context":"https:\/\/schema.org","@graph":[{"@type":"Article","@id":"https:\/\/www.uartes.edu.ec\/sitio\/en\/blog\/2020\/05\/20\/pulsion-represion-y-sintoma-tesis-de-janeth-vanessa-aray\/#article","isPartOf":{"@id":"https:\/\/www.uartes.edu.ec\/sitio\/en\/blog\/2020\/05\/20\/pulsion-represion-y-sintoma-tesis-de-janeth-vanessa-aray\/"},"author":{"name":"Universidad de las Artes","@id":"https:\/\/www.uartes.edu.ec\/sitio\/en\/#\/schema\/person\/f33f8c1d2af0d5c80a38c8abf458184a"},"headline":"\u201cPulsi\u00f3n, represi\u00f3n y s\u00edntoma\u201d, tesis de Janeth Vanessa Aray","datePublished":"2020-05-20T21:58:57+00:00","dateModified":"2024-07-04T16:43:07+00:00","mainEntityOfPage":{"@id":"https:\/\/www.uartes.edu.ec\/sitio\/en\/blog\/2020\/05\/20\/pulsion-represion-y-sintoma-tesis-de-janeth-vanessa-aray\/"},"wordCount":728,"publisher":{"@id":"https:\/\/www.uartes.edu.ec\/sitio\/en\/#organization"},"image":{"@id":"https:\/\/www.uartes.edu.ec\/sitio\/en\/blog\/2020\/05\/20\/pulsion-represion-y-sintoma-tesis-de-janeth-vanessa-aray\/#primaryimage"},"thumbnailUrl":"https:\/\/www.uartes.edu.ec\/sitio\/wp-content\/uploads\/2020\/05\/VANESSA-ARAY.jpg","keywords":["covid19"],"articleSection":["Acad\u00e9mico","Artes Visuales","Estudiantes"],"inLanguage":"en-US"},{"@type":["WebPage","ItemPage"],"@id":"https:\/\/www.uartes.edu.ec\/sitio\/en\/blog\/2020\/05\/20\/pulsion-represion-y-sintoma-tesis-de-janeth-vanessa-aray\/","url":"https:\/\/www.uartes.edu.ec\/sitio\/en\/blog\/2020\/05\/20\/pulsion-represion-y-sintoma-tesis-de-janeth-vanessa-aray\/","name":"Universidad de las Artes - \u201cPulsi\u00f3n, represi\u00f3n y s\u00edntoma\u201d, tesis de Janeth Vanessa Aray","isPartOf":{"@id":"https:\/\/www.uartes.edu.ec\/sitio\/en\/#website"},"primaryImageOfPage":{"@id":"https:\/\/www.uartes.edu.ec\/sitio\/en\/blog\/2020\/05\/20\/pulsion-represion-y-sintoma-tesis-de-janeth-vanessa-aray\/#primaryimage"},"image":{"@id":"https:\/\/www.uartes.edu.ec\/sitio\/en\/blog\/2020\/05\/20\/pulsion-represion-y-sintoma-tesis-de-janeth-vanessa-aray\/#primaryimage"},"thumbnailUrl":"https:\/\/www.uartes.edu.ec\/sitio\/wp-content\/uploads\/2020\/05\/VANESSA-ARAY.jpg","datePublished":"2020-05-20T21:58:57+00:00","dateModified":"2024-07-04T16:43:07+00:00","description":"Universidad de las Artes - \u201cPulsi\u00f3n, represi\u00f3n y s\u00edntoma\u201d, tesis de Janeth Vanessa Aray","breadcrumb":{"@id":"https:\/\/www.uartes.edu.ec\/sitio\/en\/blog\/2020\/05\/20\/pulsion-represion-y-sintoma-tesis-de-janeth-vanessa-aray\/#breadcrumb"},"inLanguage":"en-US","potentialAction":[{"@type":"ReadAction","target":["https:\/\/www.uartes.edu.ec\/sitio\/en\/blog\/2020\/05\/20\/pulsion-represion-y-sintoma-tesis-de-janeth-vanessa-aray\/"]}]},{"@type":"ImageObject","inLanguage":"en-US","@id":"https:\/\/www.uartes.edu.ec\/sitio\/en\/blog\/2020\/05\/20\/pulsion-represion-y-sintoma-tesis-de-janeth-vanessa-aray\/#primaryimage","url":"https:\/\/www.uartes.edu.ec\/sitio\/wp-content\/uploads\/2020\/05\/VANESSA-ARAY.jpg","contentUrl":"https:\/\/www.uartes.edu.ec\/sitio\/wp-content\/uploads\/2020\/05\/VANESSA-ARAY.jpg","width":1280,"height":854},{"@type":"BreadcrumbList","@id":"https:\/\/www.uartes.edu.ec\/sitio\/en\/blog\/2020\/05\/20\/pulsion-represion-y-sintoma-tesis-de-janeth-vanessa-aray\/#breadcrumb","itemListElement":[{"@type":"ListItem","position":1,"name":"Inicio","item":"https:\/\/www.uartes.edu.ec\/sitio\/"},{"@type":"ListItem","position":2,"name":"\u201cPulsi\u00f3n, represi\u00f3n y s\u00edntoma\u201d, tesis de Janeth Vanessa Aray"}]},{"@type":"WebSite","@id":"https:\/\/www.uartes.edu.ec\/sitio\/en\/#website","url":"https:\/\/www.uartes.edu.ec\/sitio\/en\/","name":"Universidad de las Artes","description":"Sitio oficial de la Universidad Nacional de las Artes del Ecuador","publisher":{"@id":"https:\/\/www.uartes.edu.ec\/sitio\/en\/#organization"},"potentialAction":[{"@type":"SearchAction","target":{"@type":"EntryPoint","urlTemplate":"https:\/\/www.uartes.edu.ec\/sitio\/en\/?s={search_term_string}"},"query-input":{"@type":"PropertyValueSpecification","valueRequired":true,"valueName":"search_term_string"}}],"inLanguage":"en-US"},{"@type":"Organization","@id":"https:\/\/www.uartes.edu.ec\/sitio\/en\/#organization","name":"Universidad de las Artes","url":"https:\/\/www.uartes.edu.ec\/sitio\/en\/","logo":{"@type":"ImageObject","inLanguage":"en-US","@id":"https:\/\/www.uartes.edu.ec\/sitio\/en\/#\/schema\/logo\/image\/","url":"https:\/\/www.uartes.edu.ec\/sitio\/wp-content\/uploads\/2022\/07\/logo-ua-horizontal.png","contentUrl":"https:\/\/www.uartes.edu.ec\/sitio\/wp-content\/uploads\/2022\/07\/logo-ua-horizontal.png","width":800,"height":276,"caption":"Universidad de las Artes"},"image":{"@id":"https:\/\/www.uartes.edu.ec\/sitio\/en\/#\/schema\/logo\/image\/"},"sameAs":["https:\/\/www.facebook.com\/uartesec","https:\/\/x.com\/uartesec","https:\/\/www.tiktok.com\/@uartesec"]},{"@type":"Person","@id":"https:\/\/www.uartes.edu.ec\/sitio\/en\/#\/schema\/person\/f33f8c1d2af0d5c80a38c8abf458184a","name":"Universidad de las Artes","image":{"@type":"ImageObject","inLanguage":"en-US","@id":"https:\/\/secure.gravatar.com\/avatar\/52e4757902f5cfa5ac52d020e5be83cae5487519154b6c35482fe08d589f3c13?s=96&d=mm&r=g","url":"https:\/\/secure.gravatar.com\/avatar\/52e4757902f5cfa5ac52d020e5be83cae5487519154b6c35482fe08d589f3c13?s=96&d=mm&r=g","contentUrl":"https:\/\/secure.gravatar.com\/avatar\/52e4757902f5cfa5ac52d020e5be83cae5487519154b6c35482fe08d589f3c13?s=96&d=mm&r=g","caption":"Universidad de las Artes"},"url":"https:\/\/www.uartes.edu.ec\/sitio\/en\/blog\/author\/dircomadm\/"}]}},"uagb_featured_image_src":{"full":["https:\/\/www.uartes.edu.ec\/sitio\/wp-content\/uploads\/2020\/05\/VANESSA-ARAY.jpg",1280,854,false],"thumbnail":["https:\/\/www.uartes.edu.ec\/sitio\/wp-content\/uploads\/2020\/05\/VANESSA-ARAY-150x150.jpg",150,150,true],"medium":["https:\/\/www.uartes.edu.ec\/sitio\/wp-content\/uploads\/2020\/05\/VANESSA-ARAY-300x200.jpg",300,200,true],"medium_large":["https:\/\/www.uartes.edu.ec\/sitio\/wp-content\/uploads\/2020\/05\/VANESSA-ARAY-768x512.jpg",768,512,true],"large":["https:\/\/www.uartes.edu.ec\/sitio\/wp-content\/uploads\/2020\/05\/VANESSA-ARAY-644x430.jpg",644,430,true],"1536x1536":["https:\/\/www.uartes.edu.ec\/sitio\/wp-content\/uploads\/2020\/05\/VANESSA-ARAY.jpg",1280,854,false],"2048x2048":["https:\/\/www.uartes.edu.ec\/sitio\/wp-content\/uploads\/2020\/05\/VANESSA-ARAY.jpg",1280,854,false],"trp-custom-language-flag":["https:\/\/www.uartes.edu.ec\/sitio\/wp-content\/uploads\/2020\/05\/VANESSA-ARAY.jpg",18,12,false],"htmega_size_585x295":["https:\/\/www.uartes.edu.ec\/sitio\/wp-content\/uploads\/2020\/05\/VANESSA-ARAY.jpg",442,295,false],"htmega_size_1170x536":["https:\/\/www.uartes.edu.ec\/sitio\/wp-content\/uploads\/2020\/05\/VANESSA-ARAY.jpg",803,536,false],"htmega_size_396x360":["https:\/\/www.uartes.edu.ec\/sitio\/wp-content\/uploads\/2020\/05\/VANESSA-ARAY.jpg",396,264,false],"gb-block-post-grid-landscape":["https:\/\/www.uartes.edu.ec\/sitio\/wp-content\/uploads\/2020\/05\/VANESSA-ARAY.jpg",600,400,false],"gb-block-post-grid-square":["https:\/\/www.uartes.edu.ec\/sitio\/wp-content\/uploads\/2020\/05\/VANESSA-ARAY.jpg",600,400,false],"university-hub-thumb":["https:\/\/www.uartes.edu.ec\/sitio\/wp-content\/uploads\/2020\/05\/VANESSA-ARAY-400x267.jpg",400,267,true]},"uagb_author_info":{"display_name":"Universidad de las Artes","author_link":"https:\/\/www.uartes.edu.ec\/sitio\/en\/blog\/author\/dircomadm\/"},"uagb_comment_info":0,"uagb_excerpt":"\u201cLa presente investigaci\u00f3n art\u00edstica surgi\u00f3 de mi inter\u00e9s por cuestionar determinadas tradiciones del \u00e1mbito familiar, donde el rol de la mujer goza de un ins\u00f3lito protagonismo\u201d. Janeth Vanessa Aray, estudiante de la Escuela de Artes Visuales, inicia as\u00ed el texto de su tesis de grado, la cual sustent\u00f3 el 1 de mayo de manera virtual.","featured_image_src":"https:\/\/www.uartes.edu.ec\/sitio\/wp-content\/uploads\/2020\/05\/VANESSA-ARAY.jpg","featured_image_src_square":"https:\/\/www.uartes.edu.ec\/sitio\/wp-content\/uploads\/2020\/05\/VANESSA-ARAY.jpg","author_info":{"display_name":"Universidad de las Artes","author_link":"https:\/\/www.uartes.edu.ec\/sitio\/en\/blog\/author\/dircomadm\/"},"publishpress_future_workflow_manual_trigger":{"enabledWorkflows":[]},"distributor_meta":false,"distributor_terms":false,"distributor_media":false,"distributor_original_site_name":"Universidad de las Artes","distributor_original_site_url":"https:\/\/www.uartes.edu.ec\/sitio\/en","push-errors":false,"_links":{"self":[{"href":"https:\/\/www.uartes.edu.ec\/sitio\/en\/wp-json\/wp\/v2\/posts\/7090","targetHints":{"allow":["GET"]}}],"collection":[{"href":"https:\/\/www.uartes.edu.ec\/sitio\/en\/wp-json\/wp\/v2\/posts"}],"about":[{"href":"https:\/\/www.uartes.edu.ec\/sitio\/en\/wp-json\/wp\/v2\/types\/post"}],"author":[{"embeddable":true,"href":"https:\/\/www.uartes.edu.ec\/sitio\/en\/wp-json\/wp\/v2\/users\/1"}],"replies":[{"embeddable":true,"href":"https:\/\/www.uartes.edu.ec\/sitio\/en\/wp-json\/wp\/v2\/comments?post=7090"}],"version-history":[{"count":1,"href":"https:\/\/www.uartes.edu.ec\/sitio\/en\/wp-json\/wp\/v2\/posts\/7090\/revisions"}],"predecessor-version":[{"id":7092,"href":"https:\/\/www.uartes.edu.ec\/sitio\/en\/wp-json\/wp\/v2\/posts\/7090\/revisions\/7092"}],"wp:featuredmedia":[{"embeddable":true,"href":"https:\/\/www.uartes.edu.ec\/sitio\/en\/wp-json\/wp\/v2\/media\/7091"}],"wp:attachment":[{"href":"https:\/\/www.uartes.edu.ec\/sitio\/en\/wp-json\/wp\/v2\/media?parent=7090"}],"wp:term":[{"taxonomy":"category","embeddable":true,"href":"https:\/\/www.uartes.edu.ec\/sitio\/en\/wp-json\/wp\/v2\/categories?post=7090"},{"taxonomy":"post_tag","embeddable":true,"href":"https:\/\/www.uartes.edu.ec\/sitio\/en\/wp-json\/wp\/v2\/tags?post=7090"},{"taxonomy":"infouartes","embeddable":true,"href":"https:\/\/www.uartes.edu.ec\/sitio\/en\/wp-json\/wp\/v2\/infouartes?post=7090"}],"curies":[{"name":"wp","href":"https:\/\/api.w.org\/{rel}","templated":true}]}}