{"id":71039,"date":"2025-04-25T19:23:00","date_gmt":"2025-04-26T00:23:00","guid":{"rendered":"https:\/\/www.uartes.edu.ec\/sitio\/?p=71039"},"modified":"2025-05-01T15:48:06","modified_gmt":"2025-05-01T20:48:06","slug":"el-estado-actual-del-tratado-de-marrakech-en-ecuador-lanfor-abierta-abordo-el-tema-en-el-marco-de-la-inclusion","status":"publish","type":"post","link":"https:\/\/www.uartes.edu.ec\/sitio\/en\/blog\/2025\/04\/25\/el-estado-actual-del-tratado-de-marrakech-en-ecuador-lanfor-abierta-abordo-el-tema-en-el-marco-de-la-inclusion\/","title":{"rendered":"El estado actual del Tratado de Marrakech en Ecuador; Lanfor Abierta abord\u00f3 el tema junto al Senadi y en el marco de la inclusi\u00f3n"},"content":{"rendered":"<p>\u201cHacia una Sociedad m\u00e1s inclusiva: El estado actual del Tratado de Marrakech en Ecuador\u201d. Maritza \u00c1lvarez, subdirectora del Senadi (Servicio Nacional de Derechos Intelectuales), abord\u00f3 la tem\u00e1tica en la charla que brind\u00f3 el viernes 25 de abril, en la tercera jornada de Lanfor Abierta, la actividad con la cual la Biblioteca de las Artes celebra el D\u00eda Mundial del Libro.<\/p>\n\n\n\n<p>A la cita acudieron bibliotecarios de varias instituciones de educaci\u00f3n superior y p\u00fablicas y \u00c1lvarez inici\u00f3 su exposici\u00f3n trayendo a la memoria lo que es el Tratado de Marrakech, sus objetivos, qui\u00e9nes son sus beneficiarios, su aplicaci\u00f3n en Ecuador, aplicaci\u00f3n, entre otros puntos.<\/p>\n\n\n\n<p>El Tratado de Marrakech es un acuerdo internacional que facilita el acceso a obras publicadas para personas ciegas, con discapacidad visual o con otras dificultades para acceder al texto impreso.&nbsp;Fue adoptado por la Organizaci\u00f3n Mundial de la Propiedad Intelectual (OMPI) en 2013 y entr\u00f3 en vigor en 2016.&nbsp;<\/p>\n\n\n\n<p>En la cronolog\u00eda internacional del tratado, \u00c1lvarez hizo notar que desde el 2010 se conoci\u00f3 de la necesidad de establecerlo, raz\u00f3n por la cual dos a\u00f1os m\u00e1s tarde la OMPI convoc\u00f3 a una conferencia diplom\u00e1tica, la cual tuvo lugar en Marruecos en 2013. En Ecuador, en 2012 se estableci\u00f3 la Ley Org\u00e1nica de Discapacidades y en 2016 ya se cont\u00f3 con el C\u00f3digo Org\u00e1nico de la Econom\u00eda Social de los Conocimientos, Creatividad e Innovaci\u00f3n, que derog\u00f3 la Ley de Propiedad Intelectual que ten\u00edamos desde 1998.<\/p>\n\n\n\n<p>\u201cEn el 2017 se dispuso el decreto para la implementaci\u00f3n del Tratado de Marrakech y en octubre del a\u00f1o anterior, 2024, se emiti\u00f3 la normativa t\u00e9cnica para la Regulaci\u00f3n y control de entidades Autorizadas para la aplicaci\u00f3n del tratado. Es decir, que pueda haber un acercamiento entre las obras que tienen dif\u00edcil acceso para personas con discapacidad visual\u201d.<\/p>\n\n\n<div class=\"wp-block-image\">\n<figure class=\"aligncenter size-large\"><img fetchpriority=\"high\" decoding=\"async\" width=\"644\" height=\"429\" src=\"https:\/\/www.uartes.edu.ec\/sitio\/wp-content\/uploads\/2025\/05\/01-TALLER-DE-SANTIAGO-SALTOS-Y-CHARLA-DE-MARITZA-ALVAREZ-644x429.jpg\" alt=\"\" class=\"wp-image-71041\" srcset=\"https:\/\/www.uartes.edu.ec\/sitio\/wp-content\/uploads\/2025\/05\/01-TALLER-DE-SANTIAGO-SALTOS-Y-CHARLA-DE-MARITZA-ALVAREZ-644x429.jpg 644w, https:\/\/www.uartes.edu.ec\/sitio\/wp-content\/uploads\/2025\/05\/01-TALLER-DE-SANTIAGO-SALTOS-Y-CHARLA-DE-MARITZA-ALVAREZ-300x200.jpg 300w, https:\/\/www.uartes.edu.ec\/sitio\/wp-content\/uploads\/2025\/05\/01-TALLER-DE-SANTIAGO-SALTOS-Y-CHARLA-DE-MARITZA-ALVAREZ-768x512.jpg 768w, https:\/\/www.uartes.edu.ec\/sitio\/wp-content\/uploads\/2025\/05\/01-TALLER-DE-SANTIAGO-SALTOS-Y-CHARLA-DE-MARITZA-ALVAREZ-1536x1024.jpg 1536w, https:\/\/www.uartes.edu.ec\/sitio\/wp-content\/uploads\/2025\/05\/01-TALLER-DE-SANTIAGO-SALTOS-Y-CHARLA-DE-MARITZA-ALVAREZ-18x12.jpg 18w, https:\/\/www.uartes.edu.ec\/sitio\/wp-content\/uploads\/2025\/05\/01-TALLER-DE-SANTIAGO-SALTOS-Y-CHARLA-DE-MARITZA-ALVAREZ-600x400.jpg 600w, https:\/\/www.uartes.edu.ec\/sitio\/wp-content\/uploads\/2025\/05\/01-TALLER-DE-SANTIAGO-SALTOS-Y-CHARLA-DE-MARITZA-ALVAREZ-400x267.jpg 400w, https:\/\/www.uartes.edu.ec\/sitio\/wp-content\/uploads\/2025\/05\/01-TALLER-DE-SANTIAGO-SALTOS-Y-CHARLA-DE-MARITZA-ALVAREZ.jpg 2000w\" sizes=\"(max-width: 644px) 100vw, 644px\" \/><\/figure>\n<\/div>\n\n\n<p>En la Ley Org\u00e1nica de Discapacidades, los art\u00edculos 67 68 y 69 contemplan la posibilidad de generar obras en formatos accesibles, y consta tambi\u00e9n en el Art. 212 numeral 29 del c\u00f3digo donde se citan los derechos intelectuales.<\/p>\n\n\n\n<p>\u201cEl objetivo fundamental del Tratado de Marrakech es facilitar el acceso de las obras publicadas a personas ciegas o con discapacidades visuales o con otras discapacidades por medio de la transformaci\u00f3n de dichas obras a formatos que permitan su utilizaci\u00f3n por las personas con esas discapacidades\u201d, dijo la subdirectora del Senadi, se\u00f1alando como beneficiarios a personas ciegas, \u201cpersonas que padezcan una discapacidad visual, una dificultad para percibir o leer, personas que no puedan sostenerse a manipular un libro o centrar la vista o mover los ojos en la medida en que normalmente se considera apropiado para la lectura\u201d.<\/p>\n\n\n\n<p>Habl\u00f3, asimismo, de las condiciones para realizar un ejemplar en formato accesible, el cual se entiende como la reproducci\u00f3n de una obra, de una manera alternativa que d\u00e9 a los beneficiarios acceso a ella, siendo dicho acceso tan viable y c\u00f3modo como el de las personas sin discapacidad visual o sin otras dificultades para acceder al texto impreso.<\/p>\n\n\n\n<p>Explic\u00f3 que las obras que se pueden transformar en formatos accesibles son libros, piezas musicales o art\u00edsticas. \u201cPuede ser en sistema Braille, sin afectar los derechos de autor. El tratado establece limitaciones y excepciones al derecho de autor para que estas personas puedan acceder a obras de texto impreso, las cuales son derecho de reproducci\u00f3n, derecho y distribuci\u00f3n y derecho de puesta a disposici\u00f3n del p\u00fablico\u201d.<\/p>\n\n\n\n<p>Agreg\u00f3 que, en el \u00e1mbito del intercambio transfronterizo de obras en formatos accesibles, si una entidad autorizada en otro pa\u00eds tiene disponible el ejemplar de una obra en formato accesible, seg\u00fan el Tratado de Marrakech, la entidad autorizada en nuestro pa\u00eds o de nuestro pa\u00eds puede ponerse en contacto para hacer llegar esa obra los beneficiarios en Ecuador.<\/p>\n\n\n\n<p>Magdalena \u00c1lvarez se refiri\u00f3 a la norma t\u00e9cnica para la regulaci\u00f3n y control de entidades autorizadas para la aplicaci\u00f3n del Tratado de Marrakech y dijo que, de las entidades autorizadas, generadoras de obras en formatos, son cinco a seis instituciones de educaci\u00f3n superior, las cuales cito: Universidad de las Fuerzas Armadas, UTA, Salesiana, FLACSO, Andina Y Fence.<\/p>\n\n\n\n<p>\u201cA estas entidades se le permitir\u00e1, en la autorizaci\u00f3n del titular del derecho de autor, realizar un ejemplar en formato accesible de la obra, as\u00ed como suministrar esos ejemplares a un beneficiario por cualquier medio\u201d, manifest\u00f3, a\u00f1adiendo en su explicaci\u00f3n las condiciones para realizar un ejemplar en formato accesible y las consideraciones que se deben tener en cuenta por la entidad autorizada, entre otros puntos.<\/p>\n\n\n\n<p>El Senadi, revel\u00f3 su subdirectora, trabajar\u00e1 conjuntamente con la Agencia de Cooperaci\u00f3n Internacional de Jap\u00f3n (JICA) con la finalidad de impulsar los acuerdos generados desde Ecuador con el Tratado de Marrakech.<\/p>\n\n\n\n<p>Texto y fotos: Carmen Cortez\/Dircom<\/p>","protected":false},"excerpt":{"rendered":"<p>El acuerdo internacional que facilita el acceso a obras publicadas para personas con discapacidad visual u otras dificultades para acceder al texto impreso \u2013que se conoce como Tratado Marrakech\u2013 centr\u00f3 una de las charlas de Lanfor Abierta. En Ecuador, en 2017 se dispuso por decreto su implementaci\u00f3n y en 2024 se emiti\u00f3 la normativa t\u00e9cnica para regulaci\u00f3n y control de entidades autorizadas para su aplicaci\u00f3n.  <\/p>","protected":false},"author":10,"featured_media":71040,"comment_status":"open","ping_status":"open","sticky":false,"template":"","format":"standard","meta":{"_acf_changed":false,"_uag_custom_page_level_css":"","_monsterinsights_skip_tracking":false,"_monsterinsights_sitenote_active":false,"_monsterinsights_sitenote_note":"","_monsterinsights_sitenote_category":0,"cybocfi_hide_featured_image":"","footnotes":""},"categories":[80,490,82,75,76],"tags":[41],"infouartes":[],"class_list":["post-71039","post","type-post","status-publish","format-standard","has-post-thumbnail","hentry","category-academico","category-alumni","category-artes","category-docentes","category-estudiantes","tag-biblioteca"],"acf":[],"yoast_head":"<!-- This site is optimized with the Yoast SEO plugin v27.4 - https:\/\/yoast.com\/product\/yoast-seo-wordpress\/ -->\n<title>Universidad de las Artes - El estado actual del Tratado de Marrakech en Ecuador; Lanfor Abierta abord\u00f3 el tema junto al Senadi y en el marco de la inclusi\u00f3n<\/title>\n<meta name=\"description\" content=\"Universidad de las Artes - El estado actual del Tratado de Marrakech en Ecuador; Lanfor Abierta abord\u00f3 el tema junto al Senadi y en el marco de la inclusi\u00f3n\" \/>\n<meta name=\"robots\" content=\"index, follow, max-snippet:-1, max-image-preview:large, max-video-preview:-1\" \/>\n<link rel=\"canonical\" href=\"https:\/\/www.uartes.edu.ec\/sitio\/en\/blog\/2025\/04\/25\/el-estado-actual-del-tratado-de-marrakech-en-ecuador-lanfor-abierta-abordo-el-tema-en-el-marco-de-la-inclusion\/\" \/>\n<meta property=\"og:locale\" content=\"en_US\" \/>\n<meta property=\"og:type\" content=\"article\" \/>\n<meta property=\"og:title\" content=\"Universidad de las Artes - El estado actual del Tratado de Marrakech en Ecuador; Lanfor Abierta abord\u00f3 el tema junto al Senadi y en el marco de la inclusi\u00f3n\" \/>\n<meta property=\"og:description\" content=\"Universidad de las Artes - El estado actual del Tratado de Marrakech en Ecuador; Lanfor Abierta abord\u00f3 el tema junto al Senadi y en el marco de la inclusi\u00f3n\" \/>\n<meta property=\"og:url\" content=\"https:\/\/www.uartes.edu.ec\/sitio\/en\/blog\/2025\/04\/25\/el-estado-actual-del-tratado-de-marrakech-en-ecuador-lanfor-abierta-abordo-el-tema-en-el-marco-de-la-inclusion\/\" \/>\n<meta property=\"og:site_name\" content=\"Universidad de las Artes\" \/>\n<meta property=\"article:publisher\" content=\"https:\/\/www.facebook.com\/uartesec\" \/>\n<meta property=\"article:published_time\" content=\"2025-04-26T00:23:00+00:00\" \/>\n<meta property=\"article:modified_time\" content=\"2025-05-01T20:48:06+00:00\" \/>\n<meta property=\"og:image\" content=\"https:\/\/www.uartes.edu.ec\/sitio\/wp-content\/uploads\/2025\/05\/02-TALLER-DE-SANTIAGO-SALTOS-Y-CHARLA-DE-MARITZA-ALVAREZ.jpg\" \/>\n\t<meta property=\"og:image:width\" content=\"2000\" \/>\n\t<meta property=\"og:image:height\" content=\"1333\" \/>\n\t<meta property=\"og:image:type\" content=\"image\/jpeg\" \/>\n<meta name=\"author\" content=\"ccortez\" \/>\n<meta name=\"twitter:card\" content=\"summary_large_image\" \/>\n<meta name=\"twitter:creator\" content=\"@uartesec\" \/>\n<meta name=\"twitter:site\" content=\"@uartesec\" \/>\n<meta name=\"twitter:label1\" content=\"Written by\" \/>\n\t<meta name=\"twitter:data1\" content=\"ccortez\" \/>\n\t<meta name=\"twitter:label2\" content=\"Est. reading time\" \/>\n\t<meta name=\"twitter:data2\" content=\"4 minutes\" \/>\n<script type=\"application\/ld+json\" class=\"yoast-schema-graph\">{\"@context\":\"https:\\\/\\\/schema.org\",\"@graph\":[{\"@type\":\"Article\",\"@id\":\"https:\\\/\\\/www.uartes.edu.ec\\\/sitio\\\/en\\\/blog\\\/2025\\\/04\\\/25\\\/el-estado-actual-del-tratado-de-marrakech-en-ecuador-lanfor-abierta-abordo-el-tema-en-el-marco-de-la-inclusion\\\/#article\",\"isPartOf\":{\"@id\":\"https:\\\/\\\/www.uartes.edu.ec\\\/sitio\\\/en\\\/blog\\\/2025\\\/04\\\/25\\\/el-estado-actual-del-tratado-de-marrakech-en-ecuador-lanfor-abierta-abordo-el-tema-en-el-marco-de-la-inclusion\\\/\"},\"author\":{\"name\":\"ccortez\",\"@id\":\"https:\\\/\\\/www.uartes.edu.ec\\\/sitio\\\/en\\\/#\\\/schema\\\/person\\\/efa1b8275797664fd7f13a79ccc0b1f4\"},\"headline\":\"El estado actual del Tratado de Marrakech en Ecuador; Lanfor Abierta abord\u00f3 el tema junto al Senadi y en el marco de la inclusi\u00f3n\",\"datePublished\":\"2025-04-26T00:23:00+00:00\",\"dateModified\":\"2025-05-01T20:48:06+00:00\",\"mainEntityOfPage\":{\"@id\":\"https:\\\/\\\/www.uartes.edu.ec\\\/sitio\\\/en\\\/blog\\\/2025\\\/04\\\/25\\\/el-estado-actual-del-tratado-de-marrakech-en-ecuador-lanfor-abierta-abordo-el-tema-en-el-marco-de-la-inclusion\\\/\"},\"wordCount\":838,\"commentCount\":0,\"publisher\":{\"@id\":\"https:\\\/\\\/www.uartes.edu.ec\\\/sitio\\\/en\\\/#organization\"},\"image\":{\"@id\":\"https:\\\/\\\/www.uartes.edu.ec\\\/sitio\\\/en\\\/blog\\\/2025\\\/04\\\/25\\\/el-estado-actual-del-tratado-de-marrakech-en-ecuador-lanfor-abierta-abordo-el-tema-en-el-marco-de-la-inclusion\\\/#primaryimage\"},\"thumbnailUrl\":\"https:\\\/\\\/www.uartes.edu.ec\\\/sitio\\\/wp-content\\\/uploads\\\/2025\\\/05\\\/02-TALLER-DE-SANTIAGO-SALTOS-Y-CHARLA-DE-MARITZA-ALVAREZ.jpg\",\"keywords\":[\"biblioteca\"],\"articleSection\":[\"Acad\u00e9mico\",\"Alumni\",\"Artes\",\"Docentes\",\"Estudiantes\"],\"inLanguage\":\"en-US\",\"potentialAction\":[{\"@type\":\"CommentAction\",\"name\":\"Comment\",\"target\":[\"https:\\\/\\\/www.uartes.edu.ec\\\/sitio\\\/en\\\/blog\\\/2025\\\/04\\\/25\\\/el-estado-actual-del-tratado-de-marrakech-en-ecuador-lanfor-abierta-abordo-el-tema-en-el-marco-de-la-inclusion\\\/#respond\"]}]},{\"@type\":[\"WebPage\",\"ItemPage\"],\"@id\":\"https:\\\/\\\/www.uartes.edu.ec\\\/sitio\\\/en\\\/blog\\\/2025\\\/04\\\/25\\\/el-estado-actual-del-tratado-de-marrakech-en-ecuador-lanfor-abierta-abordo-el-tema-en-el-marco-de-la-inclusion\\\/\",\"url\":\"https:\\\/\\\/www.uartes.edu.ec\\\/sitio\\\/en\\\/blog\\\/2025\\\/04\\\/25\\\/el-estado-actual-del-tratado-de-marrakech-en-ecuador-lanfor-abierta-abordo-el-tema-en-el-marco-de-la-inclusion\\\/\",\"name\":\"Universidad de las Artes - El estado actual del Tratado de Marrakech en Ecuador; Lanfor Abierta abord\u00f3 el tema junto al Senadi y en el marco de la inclusi\u00f3n\",\"isPartOf\":{\"@id\":\"https:\\\/\\\/www.uartes.edu.ec\\\/sitio\\\/en\\\/#website\"},\"primaryImageOfPage\":{\"@id\":\"https:\\\/\\\/www.uartes.edu.ec\\\/sitio\\\/en\\\/blog\\\/2025\\\/04\\\/25\\\/el-estado-actual-del-tratado-de-marrakech-en-ecuador-lanfor-abierta-abordo-el-tema-en-el-marco-de-la-inclusion\\\/#primaryimage\"},\"image\":{\"@id\":\"https:\\\/\\\/www.uartes.edu.ec\\\/sitio\\\/en\\\/blog\\\/2025\\\/04\\\/25\\\/el-estado-actual-del-tratado-de-marrakech-en-ecuador-lanfor-abierta-abordo-el-tema-en-el-marco-de-la-inclusion\\\/#primaryimage\"},\"thumbnailUrl\":\"https:\\\/\\\/www.uartes.edu.ec\\\/sitio\\\/wp-content\\\/uploads\\\/2025\\\/05\\\/02-TALLER-DE-SANTIAGO-SALTOS-Y-CHARLA-DE-MARITZA-ALVAREZ.jpg\",\"datePublished\":\"2025-04-26T00:23:00+00:00\",\"dateModified\":\"2025-05-01T20:48:06+00:00\",\"description\":\"Universidad de las Artes - El estado actual del Tratado de Marrakech en Ecuador; Lanfor Abierta abord\u00f3 el tema junto al Senadi y en el marco de la inclusi\u00f3n\",\"breadcrumb\":{\"@id\":\"https:\\\/\\\/www.uartes.edu.ec\\\/sitio\\\/en\\\/blog\\\/2025\\\/04\\\/25\\\/el-estado-actual-del-tratado-de-marrakech-en-ecuador-lanfor-abierta-abordo-el-tema-en-el-marco-de-la-inclusion\\\/#breadcrumb\"},\"inLanguage\":\"en-US\",\"potentialAction\":[{\"@type\":\"ReadAction\",\"target\":[\"https:\\\/\\\/www.uartes.edu.ec\\\/sitio\\\/en\\\/blog\\\/2025\\\/04\\\/25\\\/el-estado-actual-del-tratado-de-marrakech-en-ecuador-lanfor-abierta-abordo-el-tema-en-el-marco-de-la-inclusion\\\/\"]}]},{\"@type\":\"ImageObject\",\"inLanguage\":\"en-US\",\"@id\":\"https:\\\/\\\/www.uartes.edu.ec\\\/sitio\\\/en\\\/blog\\\/2025\\\/04\\\/25\\\/el-estado-actual-del-tratado-de-marrakech-en-ecuador-lanfor-abierta-abordo-el-tema-en-el-marco-de-la-inclusion\\\/#primaryimage\",\"url\":\"https:\\\/\\\/www.uartes.edu.ec\\\/sitio\\\/wp-content\\\/uploads\\\/2025\\\/05\\\/02-TALLER-DE-SANTIAGO-SALTOS-Y-CHARLA-DE-MARITZA-ALVAREZ.jpg\",\"contentUrl\":\"https:\\\/\\\/www.uartes.edu.ec\\\/sitio\\\/wp-content\\\/uploads\\\/2025\\\/05\\\/02-TALLER-DE-SANTIAGO-SALTOS-Y-CHARLA-DE-MARITZA-ALVAREZ.jpg\",\"width\":2000,\"height\":1333},{\"@type\":\"BreadcrumbList\",\"@id\":\"https:\\\/\\\/www.uartes.edu.ec\\\/sitio\\\/en\\\/blog\\\/2025\\\/04\\\/25\\\/el-estado-actual-del-tratado-de-marrakech-en-ecuador-lanfor-abierta-abordo-el-tema-en-el-marco-de-la-inclusion\\\/#breadcrumb\",\"itemListElement\":[{\"@type\":\"ListItem\",\"position\":1,\"name\":\"Inicio\",\"item\":\"https:\\\/\\\/www.uartes.edu.ec\\\/sitio\\\/\"},{\"@type\":\"ListItem\",\"position\":2,\"name\":\"El estado actual del Tratado de Marrakech en Ecuador; Lanfor Abierta abord\u00f3 el tema junto al Senadi y en el marco de la inclusi\u00f3n\"}]},{\"@type\":\"WebSite\",\"@id\":\"https:\\\/\\\/www.uartes.edu.ec\\\/sitio\\\/en\\\/#website\",\"url\":\"https:\\\/\\\/www.uartes.edu.ec\\\/sitio\\\/en\\\/\",\"name\":\"Universidad de las Artes\",\"description\":\"Sitio oficial de la Universidad Nacional de las Artes del Ecuador\",\"publisher\":{\"@id\":\"https:\\\/\\\/www.uartes.edu.ec\\\/sitio\\\/en\\\/#organization\"},\"potentialAction\":[{\"@type\":\"SearchAction\",\"target\":{\"@type\":\"EntryPoint\",\"urlTemplate\":\"https:\\\/\\\/www.uartes.edu.ec\\\/sitio\\\/en\\\/?s={search_term_string}\"},\"query-input\":{\"@type\":\"PropertyValueSpecification\",\"valueRequired\":true,\"valueName\":\"search_term_string\"}}],\"inLanguage\":\"en-US\"},{\"@type\":\"Organization\",\"@id\":\"https:\\\/\\\/www.uartes.edu.ec\\\/sitio\\\/en\\\/#organization\",\"name\":\"Universidad de las Artes\",\"url\":\"https:\\\/\\\/www.uartes.edu.ec\\\/sitio\\\/en\\\/\",\"logo\":{\"@type\":\"ImageObject\",\"inLanguage\":\"en-US\",\"@id\":\"https:\\\/\\\/www.uartes.edu.ec\\\/sitio\\\/en\\\/#\\\/schema\\\/logo\\\/image\\\/\",\"url\":\"https:\\\/\\\/www.uartes.edu.ec\\\/sitio\\\/wp-content\\\/uploads\\\/2022\\\/07\\\/logo-ua-horizontal.png\",\"contentUrl\":\"https:\\\/\\\/www.uartes.edu.ec\\\/sitio\\\/wp-content\\\/uploads\\\/2022\\\/07\\\/logo-ua-horizontal.png\",\"width\":800,\"height\":276,\"caption\":\"Universidad de las Artes\"},\"image\":{\"@id\":\"https:\\\/\\\/www.uartes.edu.ec\\\/sitio\\\/en\\\/#\\\/schema\\\/logo\\\/image\\\/\"},\"sameAs\":[\"https:\\\/\\\/www.facebook.com\\\/uartesec\",\"https:\\\/\\\/x.com\\\/uartesec\",\"https:\\\/\\\/www.tiktok.com\\\/@uartesec\"]},{\"@type\":\"Person\",\"@id\":\"https:\\\/\\\/www.uartes.edu.ec\\\/sitio\\\/en\\\/#\\\/schema\\\/person\\\/efa1b8275797664fd7f13a79ccc0b1f4\",\"name\":\"ccortez\",\"image\":{\"@type\":\"ImageObject\",\"inLanguage\":\"en-US\",\"@id\":\"https:\\\/\\\/secure.gravatar.com\\\/avatar\\\/b2a6f664a3ae8e074346ef91775736c5ec479e637ecced6842de9dc98b5da9cd?s=96&d=mm&r=g\",\"url\":\"https:\\\/\\\/secure.gravatar.com\\\/avatar\\\/b2a6f664a3ae8e074346ef91775736c5ec479e637ecced6842de9dc98b5da9cd?s=96&d=mm&r=g\",\"contentUrl\":\"https:\\\/\\\/secure.gravatar.com\\\/avatar\\\/b2a6f664a3ae8e074346ef91775736c5ec479e637ecced6842de9dc98b5da9cd?s=96&d=mm&r=g\",\"caption\":\"ccortez\"},\"url\":\"https:\\\/\\\/www.uartes.edu.ec\\\/sitio\\\/en\\\/blog\\\/author\\\/ccortez\\\/\"}]}<\/script>\n<!-- \/ Yoast SEO plugin. -->","yoast_head_json":{"title":"Universidad de las Artes - El estado actual del Tratado de Marrakech en Ecuador; Lanfor Abierta abord\u00f3 el tema junto al Senadi y en el marco de la inclusi\u00f3n","description":"Universidad de las Artes - El estado actual del Tratado de Marrakech en Ecuador; Lanfor Abierta abord\u00f3 el tema junto al Senadi y en el marco de la inclusi\u00f3n","robots":{"index":"index","follow":"follow","max-snippet":"max-snippet:-1","max-image-preview":"max-image-preview:large","max-video-preview":"max-video-preview:-1"},"canonical":"https:\/\/www.uartes.edu.ec\/sitio\/en\/blog\/2025\/04\/25\/el-estado-actual-del-tratado-de-marrakech-en-ecuador-lanfor-abierta-abordo-el-tema-en-el-marco-de-la-inclusion\/","og_locale":"en_US","og_type":"article","og_title":"Universidad de las Artes - El estado actual del Tratado de Marrakech en Ecuador; Lanfor Abierta abord\u00f3 el tema junto al Senadi y en el marco de la inclusi\u00f3n","og_description":"Universidad de las Artes - El estado actual del Tratado de Marrakech en Ecuador; Lanfor Abierta abord\u00f3 el tema junto al Senadi y en el marco de la inclusi\u00f3n","og_url":"https:\/\/www.uartes.edu.ec\/sitio\/en\/blog\/2025\/04\/25\/el-estado-actual-del-tratado-de-marrakech-en-ecuador-lanfor-abierta-abordo-el-tema-en-el-marco-de-la-inclusion\/","og_site_name":"Universidad de las Artes","article_publisher":"https:\/\/www.facebook.com\/uartesec","article_published_time":"2025-04-26T00:23:00+00:00","article_modified_time":"2025-05-01T20:48:06+00:00","og_image":[{"width":2000,"height":1333,"url":"https:\/\/www.uartes.edu.ec\/sitio\/wp-content\/uploads\/2025\/05\/02-TALLER-DE-SANTIAGO-SALTOS-Y-CHARLA-DE-MARITZA-ALVAREZ.jpg","type":"image\/jpeg"}],"author":"ccortez","twitter_card":"summary_large_image","twitter_creator":"@uartesec","twitter_site":"@uartesec","twitter_misc":{"Written by":"ccortez","Est. reading time":"4 minutes"},"schema":{"@context":"https:\/\/schema.org","@graph":[{"@type":"Article","@id":"https:\/\/www.uartes.edu.ec\/sitio\/en\/blog\/2025\/04\/25\/el-estado-actual-del-tratado-de-marrakech-en-ecuador-lanfor-abierta-abordo-el-tema-en-el-marco-de-la-inclusion\/#article","isPartOf":{"@id":"https:\/\/www.uartes.edu.ec\/sitio\/en\/blog\/2025\/04\/25\/el-estado-actual-del-tratado-de-marrakech-en-ecuador-lanfor-abierta-abordo-el-tema-en-el-marco-de-la-inclusion\/"},"author":{"name":"ccortez","@id":"https:\/\/www.uartes.edu.ec\/sitio\/en\/#\/schema\/person\/efa1b8275797664fd7f13a79ccc0b1f4"},"headline":"El estado actual del Tratado de Marrakech en Ecuador; Lanfor Abierta abord\u00f3 el tema junto al Senadi y en el marco de la inclusi\u00f3n","datePublished":"2025-04-26T00:23:00+00:00","dateModified":"2025-05-01T20:48:06+00:00","mainEntityOfPage":{"@id":"https:\/\/www.uartes.edu.ec\/sitio\/en\/blog\/2025\/04\/25\/el-estado-actual-del-tratado-de-marrakech-en-ecuador-lanfor-abierta-abordo-el-tema-en-el-marco-de-la-inclusion\/"},"wordCount":838,"commentCount":0,"publisher":{"@id":"https:\/\/www.uartes.edu.ec\/sitio\/en\/#organization"},"image":{"@id":"https:\/\/www.uartes.edu.ec\/sitio\/en\/blog\/2025\/04\/25\/el-estado-actual-del-tratado-de-marrakech-en-ecuador-lanfor-abierta-abordo-el-tema-en-el-marco-de-la-inclusion\/#primaryimage"},"thumbnailUrl":"https:\/\/www.uartes.edu.ec\/sitio\/wp-content\/uploads\/2025\/05\/02-TALLER-DE-SANTIAGO-SALTOS-Y-CHARLA-DE-MARITZA-ALVAREZ.jpg","keywords":["biblioteca"],"articleSection":["Acad\u00e9mico","Alumni","Artes","Docentes","Estudiantes"],"inLanguage":"en-US","potentialAction":[{"@type":"CommentAction","name":"Comment","target":["https:\/\/www.uartes.edu.ec\/sitio\/en\/blog\/2025\/04\/25\/el-estado-actual-del-tratado-de-marrakech-en-ecuador-lanfor-abierta-abordo-el-tema-en-el-marco-de-la-inclusion\/#respond"]}]},{"@type":["WebPage","ItemPage"],"@id":"https:\/\/www.uartes.edu.ec\/sitio\/en\/blog\/2025\/04\/25\/el-estado-actual-del-tratado-de-marrakech-en-ecuador-lanfor-abierta-abordo-el-tema-en-el-marco-de-la-inclusion\/","url":"https:\/\/www.uartes.edu.ec\/sitio\/en\/blog\/2025\/04\/25\/el-estado-actual-del-tratado-de-marrakech-en-ecuador-lanfor-abierta-abordo-el-tema-en-el-marco-de-la-inclusion\/","name":"Universidad de las Artes - El estado actual del Tratado de Marrakech en Ecuador; Lanfor Abierta abord\u00f3 el tema junto al Senadi y en el marco de la inclusi\u00f3n","isPartOf":{"@id":"https:\/\/www.uartes.edu.ec\/sitio\/en\/#website"},"primaryImageOfPage":{"@id":"https:\/\/www.uartes.edu.ec\/sitio\/en\/blog\/2025\/04\/25\/el-estado-actual-del-tratado-de-marrakech-en-ecuador-lanfor-abierta-abordo-el-tema-en-el-marco-de-la-inclusion\/#primaryimage"},"image":{"@id":"https:\/\/www.uartes.edu.ec\/sitio\/en\/blog\/2025\/04\/25\/el-estado-actual-del-tratado-de-marrakech-en-ecuador-lanfor-abierta-abordo-el-tema-en-el-marco-de-la-inclusion\/#primaryimage"},"thumbnailUrl":"https:\/\/www.uartes.edu.ec\/sitio\/wp-content\/uploads\/2025\/05\/02-TALLER-DE-SANTIAGO-SALTOS-Y-CHARLA-DE-MARITZA-ALVAREZ.jpg","datePublished":"2025-04-26T00:23:00+00:00","dateModified":"2025-05-01T20:48:06+00:00","description":"Universidad de las Artes - El estado actual del Tratado de Marrakech en Ecuador; Lanfor Abierta abord\u00f3 el tema junto al Senadi y en el marco de la inclusi\u00f3n","breadcrumb":{"@id":"https:\/\/www.uartes.edu.ec\/sitio\/en\/blog\/2025\/04\/25\/el-estado-actual-del-tratado-de-marrakech-en-ecuador-lanfor-abierta-abordo-el-tema-en-el-marco-de-la-inclusion\/#breadcrumb"},"inLanguage":"en-US","potentialAction":[{"@type":"ReadAction","target":["https:\/\/www.uartes.edu.ec\/sitio\/en\/blog\/2025\/04\/25\/el-estado-actual-del-tratado-de-marrakech-en-ecuador-lanfor-abierta-abordo-el-tema-en-el-marco-de-la-inclusion\/"]}]},{"@type":"ImageObject","inLanguage":"en-US","@id":"https:\/\/www.uartes.edu.ec\/sitio\/en\/blog\/2025\/04\/25\/el-estado-actual-del-tratado-de-marrakech-en-ecuador-lanfor-abierta-abordo-el-tema-en-el-marco-de-la-inclusion\/#primaryimage","url":"https:\/\/www.uartes.edu.ec\/sitio\/wp-content\/uploads\/2025\/05\/02-TALLER-DE-SANTIAGO-SALTOS-Y-CHARLA-DE-MARITZA-ALVAREZ.jpg","contentUrl":"https:\/\/www.uartes.edu.ec\/sitio\/wp-content\/uploads\/2025\/05\/02-TALLER-DE-SANTIAGO-SALTOS-Y-CHARLA-DE-MARITZA-ALVAREZ.jpg","width":2000,"height":1333},{"@type":"BreadcrumbList","@id":"https:\/\/www.uartes.edu.ec\/sitio\/en\/blog\/2025\/04\/25\/el-estado-actual-del-tratado-de-marrakech-en-ecuador-lanfor-abierta-abordo-el-tema-en-el-marco-de-la-inclusion\/#breadcrumb","itemListElement":[{"@type":"ListItem","position":1,"name":"Inicio","item":"https:\/\/www.uartes.edu.ec\/sitio\/"},{"@type":"ListItem","position":2,"name":"El estado actual del Tratado de Marrakech en Ecuador; Lanfor Abierta abord\u00f3 el tema junto al Senadi y en el marco de la inclusi\u00f3n"}]},{"@type":"WebSite","@id":"https:\/\/www.uartes.edu.ec\/sitio\/en\/#website","url":"https:\/\/www.uartes.edu.ec\/sitio\/en\/","name":"Universidad de las Artes","description":"Sitio oficial de la Universidad Nacional de las Artes del Ecuador","publisher":{"@id":"https:\/\/www.uartes.edu.ec\/sitio\/en\/#organization"},"potentialAction":[{"@type":"SearchAction","target":{"@type":"EntryPoint","urlTemplate":"https:\/\/www.uartes.edu.ec\/sitio\/en\/?s={search_term_string}"},"query-input":{"@type":"PropertyValueSpecification","valueRequired":true,"valueName":"search_term_string"}}],"inLanguage":"en-US"},{"@type":"Organization","@id":"https:\/\/www.uartes.edu.ec\/sitio\/en\/#organization","name":"Universidad de las Artes","url":"https:\/\/www.uartes.edu.ec\/sitio\/en\/","logo":{"@type":"ImageObject","inLanguage":"en-US","@id":"https:\/\/www.uartes.edu.ec\/sitio\/en\/#\/schema\/logo\/image\/","url":"https:\/\/www.uartes.edu.ec\/sitio\/wp-content\/uploads\/2022\/07\/logo-ua-horizontal.png","contentUrl":"https:\/\/www.uartes.edu.ec\/sitio\/wp-content\/uploads\/2022\/07\/logo-ua-horizontal.png","width":800,"height":276,"caption":"Universidad de las Artes"},"image":{"@id":"https:\/\/www.uartes.edu.ec\/sitio\/en\/#\/schema\/logo\/image\/"},"sameAs":["https:\/\/www.facebook.com\/uartesec","https:\/\/x.com\/uartesec","https:\/\/www.tiktok.com\/@uartesec"]},{"@type":"Person","@id":"https:\/\/www.uartes.edu.ec\/sitio\/en\/#\/schema\/person\/efa1b8275797664fd7f13a79ccc0b1f4","name":"ccortez","image":{"@type":"ImageObject","inLanguage":"en-US","@id":"https:\/\/secure.gravatar.com\/avatar\/b2a6f664a3ae8e074346ef91775736c5ec479e637ecced6842de9dc98b5da9cd?s=96&d=mm&r=g","url":"https:\/\/secure.gravatar.com\/avatar\/b2a6f664a3ae8e074346ef91775736c5ec479e637ecced6842de9dc98b5da9cd?s=96&d=mm&r=g","contentUrl":"https:\/\/secure.gravatar.com\/avatar\/b2a6f664a3ae8e074346ef91775736c5ec479e637ecced6842de9dc98b5da9cd?s=96&d=mm&r=g","caption":"ccortez"},"url":"https:\/\/www.uartes.edu.ec\/sitio\/en\/blog\/author\/ccortez\/"}]}},"uagb_featured_image_src":{"full":["https:\/\/www.uartes.edu.ec\/sitio\/wp-content\/uploads\/2025\/05\/02-TALLER-DE-SANTIAGO-SALTOS-Y-CHARLA-DE-MARITZA-ALVAREZ.jpg",2000,1333,false],"thumbnail":["https:\/\/www.uartes.edu.ec\/sitio\/wp-content\/uploads\/2025\/05\/02-TALLER-DE-SANTIAGO-SALTOS-Y-CHARLA-DE-MARITZA-ALVAREZ-150x150.jpg",150,150,true],"medium":["https:\/\/www.uartes.edu.ec\/sitio\/wp-content\/uploads\/2025\/05\/02-TALLER-DE-SANTIAGO-SALTOS-Y-CHARLA-DE-MARITZA-ALVAREZ-300x200.jpg",300,200,true],"medium_large":["https:\/\/www.uartes.edu.ec\/sitio\/wp-content\/uploads\/2025\/05\/02-TALLER-DE-SANTIAGO-SALTOS-Y-CHARLA-DE-MARITZA-ALVAREZ-768x512.jpg",768,512,true],"large":["https:\/\/www.uartes.edu.ec\/sitio\/wp-content\/uploads\/2025\/05\/02-TALLER-DE-SANTIAGO-SALTOS-Y-CHARLA-DE-MARITZA-ALVAREZ-644x429.jpg",644,429,true],"1536x1536":["https:\/\/www.uartes.edu.ec\/sitio\/wp-content\/uploads\/2025\/05\/02-TALLER-DE-SANTIAGO-SALTOS-Y-CHARLA-DE-MARITZA-ALVAREZ-1536x1024.jpg",1536,1024,true],"2048x2048":["https:\/\/www.uartes.edu.ec\/sitio\/wp-content\/uploads\/2025\/05\/02-TALLER-DE-SANTIAGO-SALTOS-Y-CHARLA-DE-MARITZA-ALVAREZ.jpg",2000,1333,false],"trp-custom-language-flag":["https:\/\/www.uartes.edu.ec\/sitio\/wp-content\/uploads\/2025\/05\/02-TALLER-DE-SANTIAGO-SALTOS-Y-CHARLA-DE-MARITZA-ALVAREZ-18x12.jpg",18,12,true],"htmega_size_585x295":["https:\/\/www.uartes.edu.ec\/sitio\/wp-content\/uploads\/2025\/05\/02-TALLER-DE-SANTIAGO-SALTOS-Y-CHARLA-DE-MARITZA-ALVAREZ-585x295.jpg",585,295,true],"htmega_size_1170x536":["https:\/\/www.uartes.edu.ec\/sitio\/wp-content\/uploads\/2025\/05\/02-TALLER-DE-SANTIAGO-SALTOS-Y-CHARLA-DE-MARITZA-ALVAREZ-1170x536.jpg",1170,536,true],"htmega_size_396x360":["https:\/\/www.uartes.edu.ec\/sitio\/wp-content\/uploads\/2025\/05\/02-TALLER-DE-SANTIAGO-SALTOS-Y-CHARLA-DE-MARITZA-ALVAREZ-396x360.jpg",396,360,true],"gb-block-post-grid-landscape":["https:\/\/www.uartes.edu.ec\/sitio\/wp-content\/uploads\/2025\/05\/02-TALLER-DE-SANTIAGO-SALTOS-Y-CHARLA-DE-MARITZA-ALVAREZ-600x400.jpg",600,400,true],"gb-block-post-grid-square":["https:\/\/www.uartes.edu.ec\/sitio\/wp-content\/uploads\/2025\/05\/02-TALLER-DE-SANTIAGO-SALTOS-Y-CHARLA-DE-MARITZA-ALVAREZ-600x600.jpg",600,600,true],"university-hub-thumb":["https:\/\/www.uartes.edu.ec\/sitio\/wp-content\/uploads\/2025\/05\/02-TALLER-DE-SANTIAGO-SALTOS-Y-CHARLA-DE-MARITZA-ALVAREZ-400x267.jpg",400,267,true],"mailpoet_newsletter_max":["https:\/\/www.uartes.edu.ec\/sitio\/wp-content\/uploads\/2025\/05\/02-TALLER-DE-SANTIAGO-SALTOS-Y-CHARLA-DE-MARITZA-ALVAREZ.jpg",1320,880,false]},"uagb_author_info":{"display_name":"ccortez","author_link":"https:\/\/www.uartes.edu.ec\/sitio\/en\/blog\/author\/ccortez\/"},"uagb_comment_info":0,"uagb_excerpt":"El acuerdo internacional que facilita el acceso a obras publicadas para personas con discapacidad visual u otras dificultades para acceder al texto impreso \u2013que se conoce como Tratado Marrakech\u2013 centr\u00f3 una de las charlas de Lanfor Abierta. En Ecuador, en 2017 se dispuso por decreto su implementaci\u00f3n y en 2024 se emiti\u00f3 la normativa t\u00e9cnica&hellip;","featured_image_src":"https:\/\/www.uartes.edu.ec\/sitio\/wp-content\/uploads\/2025\/05\/02-TALLER-DE-SANTIAGO-SALTOS-Y-CHARLA-DE-MARITZA-ALVAREZ-600x400.jpg","featured_image_src_square":"https:\/\/www.uartes.edu.ec\/sitio\/wp-content\/uploads\/2025\/05\/02-TALLER-DE-SANTIAGO-SALTOS-Y-CHARLA-DE-MARITZA-ALVAREZ-600x600.jpg","author_info":{"display_name":"ccortez","author_link":"https:\/\/www.uartes.edu.ec\/sitio\/en\/blog\/author\/ccortez\/"},"publishpress_future_workflow_manual_trigger":{"enabledWorkflows":[]},"distributor_meta":false,"distributor_terms":false,"distributor_media":false,"distributor_original_site_name":"Universidad de las Artes","distributor_original_site_url":"https:\/\/www.uartes.edu.ec\/sitio\/en","push-errors":false,"_links":{"self":[{"href":"https:\/\/www.uartes.edu.ec\/sitio\/en\/wp-json\/wp\/v2\/posts\/71039","targetHints":{"allow":["GET"]}}],"collection":[{"href":"https:\/\/www.uartes.edu.ec\/sitio\/en\/wp-json\/wp\/v2\/posts"}],"about":[{"href":"https:\/\/www.uartes.edu.ec\/sitio\/en\/wp-json\/wp\/v2\/types\/post"}],"author":[{"embeddable":true,"href":"https:\/\/www.uartes.edu.ec\/sitio\/en\/wp-json\/wp\/v2\/users\/10"}],"replies":[{"embeddable":true,"href":"https:\/\/www.uartes.edu.ec\/sitio\/en\/wp-json\/wp\/v2\/comments?post=71039"}],"version-history":[{"count":8,"href":"https:\/\/www.uartes.edu.ec\/sitio\/en\/wp-json\/wp\/v2\/posts\/71039\/revisions"}],"predecessor-version":[{"id":71073,"href":"https:\/\/www.uartes.edu.ec\/sitio\/en\/wp-json\/wp\/v2\/posts\/71039\/revisions\/71073"}],"wp:featuredmedia":[{"embeddable":true,"href":"https:\/\/www.uartes.edu.ec\/sitio\/en\/wp-json\/wp\/v2\/media\/71040"}],"wp:attachment":[{"href":"https:\/\/www.uartes.edu.ec\/sitio\/en\/wp-json\/wp\/v2\/media?parent=71039"}],"wp:term":[{"taxonomy":"category","embeddable":true,"href":"https:\/\/www.uartes.edu.ec\/sitio\/en\/wp-json\/wp\/v2\/categories?post=71039"},{"taxonomy":"post_tag","embeddable":true,"href":"https:\/\/www.uartes.edu.ec\/sitio\/en\/wp-json\/wp\/v2\/tags?post=71039"},{"taxonomy":"infouartes","embeddable":true,"href":"https:\/\/www.uartes.edu.ec\/sitio\/en\/wp-json\/wp\/v2\/infouartes?post=71039"}],"curies":[{"name":"wp","href":"https:\/\/api.w.org\/{rel}","templated":true}]}}