{"id":7104,"date":"2020-05-20T17:54:41","date_gmt":"2020-05-20T22:54:41","guid":{"rendered":"http:\/\/www.uartes.edu.ec\/sitio\/?p=7104"},"modified":"2024-07-04T11:43:07","modified_gmt":"2024-07-04T16:43:07","slug":"jose-david-moncayo-presento-como-tesis-la-obra-herramienta-de-dios","status":"publish","type":"post","link":"https:\/\/www.uartes.edu.ec\/sitio\/en\/blog\/2020\/05\/20\/jose-david-moncayo-presento-como-tesis-la-obra-herramienta-de-dios\/","title":{"rendered":"Jos\u00e9 David Moncayo present\u00f3 como  tesis la obra \u201cHerramienta de Dios\u201d"},"content":{"rendered":"<p>Jos\u00e9 David Moncayo comenz\u00f3 el proceso de su obra Herramienta de Dios, como trabajo de tesis, en el Instituto Superior Tecnol\u00f3gico de Artes del Ecuador (Itae) y lo continu\u00f3 al llegar a la Universidad de las Artes. El estudiante de la Escuela de Artes Visuales sustent\u00f3 el 24 de abril de 2020 la defensa de su trabajo final.<\/p>\n\n\n\n<p>Una laptop con adobe InDesign, Sketchup, Adobe Acrobat, Photoshop y Microsoft Word son algunas de las herramientas que, comenta, lo ayudaron en los muchos a\u00f1os que dedic\u00f3 al amplio estudio y an\u00e1lisis del tema. Jos\u00e9 Moncayo no ahonda en la producci\u00f3n de <em>Herramienta de Dios,<\/em> pero s\u00ed comenta que durante la sustentaci\u00f3n de su tesis el jurado, que no hizo muchas preguntas, le pidi\u00f3 explicar la influencia de la pintura en su trabajo y sobre su cita al trabajo del docente y artista Cristian Villavicencio.<\/p>\n\n\n\n<p>Que la presentaci\u00f3n de su trabajo final cambiara de presencial a videoconferencia le hizo temer fallas tecnol\u00f3gicas, lo cual no sucedi\u00f3. \u201cPara mi defensa en l\u00ednea solo utilic\u00e9 la plataforma Zoom, internet estable y una buena iluminaci\u00f3n en el espacio; la herramienta funcion\u00f3 bien, pero no es muy amigable con el usuario. Gracias a mi tutor, quien me mostr\u00f3 c\u00f3mo trabajar desde esta plataforma, el trabajo se facilit\u00f3\u201d.<\/p>\n\n\n\n<p>Su siguiente paso, una vez que obtenga la licenciatura, ser\u00e1 agilitar documentaci\u00f3n para una maestr\u00eda que en una universidad del pa\u00eds vasco, sobre arte contempor\u00e1neo, tecnolog\u00eda y performances.<\/p>","protected":false},"excerpt":{"rendered":"<p>Jos\u00e9 David Moncayo comenz\u00f3 el proceso de su obra Herramienta de Dios, como trabajo de tesis, en el Instituto Superior Tecnol\u00f3gico de Artes del Ecuador (Itae) y lo continu\u00f3 al llegar a la Universidad de las Artes. El estudiante de la Escuela de Artes Visuales sustent\u00f3 el 24 de abril de 2020 la defensa de su trabajo final.<\/p>","protected":false},"author":1,"featured_media":7105,"comment_status":"closed","ping_status":"closed","sticky":false,"template":"","format":"standard","meta":{"_acf_changed":false,"_uag_custom_page_level_css":"","_monsterinsights_skip_tracking":false,"_monsterinsights_sitenote_active":false,"_monsterinsights_sitenote_note":"","_monsterinsights_sitenote_category":0,"cybocfi_hide_featured_image":"","footnotes":""},"categories":[80,157,76],"tags":[211],"infouartes":[],"class_list":["post-7104","post","type-post","status-publish","format-standard","has-post-thumbnail","hentry","category-academico","category-artes-visuales","category-estudiantes","tag-covid19"],"acf":[],"yoast_head":"<!-- This site is optimized with the Yoast SEO plugin v27.4 - https:\/\/yoast.com\/product\/yoast-seo-wordpress\/ -->\n<title>Universidad de las Artes - Jos\u00e9 David Moncayo present\u00f3 como tesis la obra \u201cHerramienta de Dios\u201d<\/title>\n<meta name=\"description\" content=\"Universidad de las Artes - Jos\u00e9 David Moncayo present\u00f3 como tesis la obra \u201cHerramienta de Dios\u201d\" \/>\n<meta name=\"robots\" content=\"index, follow, max-snippet:-1, max-image-preview:large, max-video-preview:-1\" \/>\n<link rel=\"canonical\" href=\"https:\/\/www.uartes.edu.ec\/sitio\/en\/blog\/2020\/05\/20\/jose-david-moncayo-presento-como-tesis-la-obra-herramienta-de-dios\/\" \/>\n<meta property=\"og:locale\" content=\"en_US\" \/>\n<meta property=\"og:type\" content=\"article\" \/>\n<meta property=\"og:title\" content=\"Universidad de las Artes - Jos\u00e9 David Moncayo present\u00f3 como tesis la obra \u201cHerramienta de Dios\u201d\" \/>\n<meta property=\"og:description\" content=\"Universidad de las Artes - Jos\u00e9 David Moncayo present\u00f3 como tesis la obra \u201cHerramienta de Dios\u201d\" \/>\n<meta property=\"og:url\" content=\"https:\/\/www.uartes.edu.ec\/sitio\/en\/blog\/2020\/05\/20\/jose-david-moncayo-presento-como-tesis-la-obra-herramienta-de-dios\/\" \/>\n<meta property=\"og:site_name\" content=\"Universidad de las Artes\" \/>\n<meta property=\"article:publisher\" content=\"https:\/\/www.facebook.com\/uartesec\" \/>\n<meta property=\"article:published_time\" content=\"2020-05-20T22:54:41+00:00\" \/>\n<meta property=\"article:modified_time\" content=\"2024-07-04T16:43:07+00:00\" \/>\n<meta property=\"og:image\" content=\"https:\/\/www.uartes.edu.ec\/sitio\/wp-content\/uploads\/2020\/05\/JMa1.jpg\" \/>\n\t<meta property=\"og:image:width\" content=\"983\" \/>\n\t<meta property=\"og:image:height\" content=\"655\" \/>\n\t<meta property=\"og:image:type\" content=\"image\/jpeg\" \/>\n<meta name=\"author\" content=\"Universidad de las Artes\" \/>\n<meta name=\"twitter:card\" content=\"summary_large_image\" \/>\n<meta name=\"twitter:creator\" content=\"@uartesec\" \/>\n<meta name=\"twitter:site\" content=\"@uartesec\" \/>\n<meta name=\"twitter:label1\" content=\"Written by\" \/>\n\t<meta name=\"twitter:data1\" content=\"Universidad de las Artes\" \/>\n\t<meta name=\"twitter:label2\" content=\"Est. reading time\" \/>\n\t<meta name=\"twitter:data2\" content=\"1 minute\" \/>\n<script type=\"application\/ld+json\" class=\"yoast-schema-graph\">{\"@context\":\"https:\\\/\\\/schema.org\",\"@graph\":[{\"@type\":\"Article\",\"@id\":\"https:\\\/\\\/www.uartes.edu.ec\\\/sitio\\\/en\\\/blog\\\/2020\\\/05\\\/20\\\/jose-david-moncayo-presento-como-tesis-la-obra-herramienta-de-dios\\\/#article\",\"isPartOf\":{\"@id\":\"https:\\\/\\\/www.uartes.edu.ec\\\/sitio\\\/en\\\/blog\\\/2020\\\/05\\\/20\\\/jose-david-moncayo-presento-como-tesis-la-obra-herramienta-de-dios\\\/\"},\"author\":{\"name\":\"Universidad de las Artes\",\"@id\":\"https:\\\/\\\/www.uartes.edu.ec\\\/sitio\\\/en\\\/#\\\/schema\\\/person\\\/f33f8c1d2af0d5c80a38c8abf458184a\"},\"headline\":\"Jos\u00e9 David Moncayo present\u00f3 como tesis la obra \u201cHerramienta de Dios\u201d\",\"datePublished\":\"2020-05-20T22:54:41+00:00\",\"dateModified\":\"2024-07-04T16:43:07+00:00\",\"mainEntityOfPage\":{\"@id\":\"https:\\\/\\\/www.uartes.edu.ec\\\/sitio\\\/en\\\/blog\\\/2020\\\/05\\\/20\\\/jose-david-moncayo-presento-como-tesis-la-obra-herramienta-de-dios\\\/\"},\"wordCount\":263,\"publisher\":{\"@id\":\"https:\\\/\\\/www.uartes.edu.ec\\\/sitio\\\/en\\\/#organization\"},\"image\":{\"@id\":\"https:\\\/\\\/www.uartes.edu.ec\\\/sitio\\\/en\\\/blog\\\/2020\\\/05\\\/20\\\/jose-david-moncayo-presento-como-tesis-la-obra-herramienta-de-dios\\\/#primaryimage\"},\"thumbnailUrl\":\"https:\\\/\\\/www.uartes.edu.ec\\\/sitio\\\/wp-content\\\/uploads\\\/2020\\\/05\\\/JMa1.jpg\",\"keywords\":[\"covid19\"],\"articleSection\":[\"Acad\u00e9mico\",\"Artes Visuales\",\"Estudiantes\"],\"inLanguage\":\"en-US\"},{\"@type\":[\"WebPage\",\"ItemPage\"],\"@id\":\"https:\\\/\\\/www.uartes.edu.ec\\\/sitio\\\/en\\\/blog\\\/2020\\\/05\\\/20\\\/jose-david-moncayo-presento-como-tesis-la-obra-herramienta-de-dios\\\/\",\"url\":\"https:\\\/\\\/www.uartes.edu.ec\\\/sitio\\\/en\\\/blog\\\/2020\\\/05\\\/20\\\/jose-david-moncayo-presento-como-tesis-la-obra-herramienta-de-dios\\\/\",\"name\":\"Universidad de las Artes - Jos\u00e9 David Moncayo present\u00f3 como tesis la obra \u201cHerramienta de Dios\u201d\",\"isPartOf\":{\"@id\":\"https:\\\/\\\/www.uartes.edu.ec\\\/sitio\\\/en\\\/#website\"},\"primaryImageOfPage\":{\"@id\":\"https:\\\/\\\/www.uartes.edu.ec\\\/sitio\\\/en\\\/blog\\\/2020\\\/05\\\/20\\\/jose-david-moncayo-presento-como-tesis-la-obra-herramienta-de-dios\\\/#primaryimage\"},\"image\":{\"@id\":\"https:\\\/\\\/www.uartes.edu.ec\\\/sitio\\\/en\\\/blog\\\/2020\\\/05\\\/20\\\/jose-david-moncayo-presento-como-tesis-la-obra-herramienta-de-dios\\\/#primaryimage\"},\"thumbnailUrl\":\"https:\\\/\\\/www.uartes.edu.ec\\\/sitio\\\/wp-content\\\/uploads\\\/2020\\\/05\\\/JMa1.jpg\",\"datePublished\":\"2020-05-20T22:54:41+00:00\",\"dateModified\":\"2024-07-04T16:43:07+00:00\",\"description\":\"Universidad de las Artes - Jos\u00e9 David Moncayo present\u00f3 como tesis la obra \u201cHerramienta de Dios\u201d\",\"breadcrumb\":{\"@id\":\"https:\\\/\\\/www.uartes.edu.ec\\\/sitio\\\/en\\\/blog\\\/2020\\\/05\\\/20\\\/jose-david-moncayo-presento-como-tesis-la-obra-herramienta-de-dios\\\/#breadcrumb\"},\"inLanguage\":\"en-US\",\"potentialAction\":[{\"@type\":\"ReadAction\",\"target\":[\"https:\\\/\\\/www.uartes.edu.ec\\\/sitio\\\/en\\\/blog\\\/2020\\\/05\\\/20\\\/jose-david-moncayo-presento-como-tesis-la-obra-herramienta-de-dios\\\/\"]}]},{\"@type\":\"ImageObject\",\"inLanguage\":\"en-US\",\"@id\":\"https:\\\/\\\/www.uartes.edu.ec\\\/sitio\\\/en\\\/blog\\\/2020\\\/05\\\/20\\\/jose-david-moncayo-presento-como-tesis-la-obra-herramienta-de-dios\\\/#primaryimage\",\"url\":\"https:\\\/\\\/www.uartes.edu.ec\\\/sitio\\\/wp-content\\\/uploads\\\/2020\\\/05\\\/JMa1.jpg\",\"contentUrl\":\"https:\\\/\\\/www.uartes.edu.ec\\\/sitio\\\/wp-content\\\/uploads\\\/2020\\\/05\\\/JMa1.jpg\",\"width\":983,\"height\":655},{\"@type\":\"BreadcrumbList\",\"@id\":\"https:\\\/\\\/www.uartes.edu.ec\\\/sitio\\\/en\\\/blog\\\/2020\\\/05\\\/20\\\/jose-david-moncayo-presento-como-tesis-la-obra-herramienta-de-dios\\\/#breadcrumb\",\"itemListElement\":[{\"@type\":\"ListItem\",\"position\":1,\"name\":\"Inicio\",\"item\":\"https:\\\/\\\/www.uartes.edu.ec\\\/sitio\\\/\"},{\"@type\":\"ListItem\",\"position\":2,\"name\":\"Jos\u00e9 David Moncayo present\u00f3 como tesis la obra \u201cHerramienta de Dios\u201d\"}]},{\"@type\":\"WebSite\",\"@id\":\"https:\\\/\\\/www.uartes.edu.ec\\\/sitio\\\/en\\\/#website\",\"url\":\"https:\\\/\\\/www.uartes.edu.ec\\\/sitio\\\/en\\\/\",\"name\":\"Universidad de las Artes\",\"description\":\"Sitio oficial de la Universidad Nacional de las Artes del Ecuador\",\"publisher\":{\"@id\":\"https:\\\/\\\/www.uartes.edu.ec\\\/sitio\\\/en\\\/#organization\"},\"potentialAction\":[{\"@type\":\"SearchAction\",\"target\":{\"@type\":\"EntryPoint\",\"urlTemplate\":\"https:\\\/\\\/www.uartes.edu.ec\\\/sitio\\\/en\\\/?s={search_term_string}\"},\"query-input\":{\"@type\":\"PropertyValueSpecification\",\"valueRequired\":true,\"valueName\":\"search_term_string\"}}],\"inLanguage\":\"en-US\"},{\"@type\":\"Organization\",\"@id\":\"https:\\\/\\\/www.uartes.edu.ec\\\/sitio\\\/en\\\/#organization\",\"name\":\"Universidad de las Artes\",\"url\":\"https:\\\/\\\/www.uartes.edu.ec\\\/sitio\\\/en\\\/\",\"logo\":{\"@type\":\"ImageObject\",\"inLanguage\":\"en-US\",\"@id\":\"https:\\\/\\\/www.uartes.edu.ec\\\/sitio\\\/en\\\/#\\\/schema\\\/logo\\\/image\\\/\",\"url\":\"https:\\\/\\\/www.uartes.edu.ec\\\/sitio\\\/wp-content\\\/uploads\\\/2022\\\/07\\\/logo-ua-horizontal.png\",\"contentUrl\":\"https:\\\/\\\/www.uartes.edu.ec\\\/sitio\\\/wp-content\\\/uploads\\\/2022\\\/07\\\/logo-ua-horizontal.png\",\"width\":800,\"height\":276,\"caption\":\"Universidad de las Artes\"},\"image\":{\"@id\":\"https:\\\/\\\/www.uartes.edu.ec\\\/sitio\\\/en\\\/#\\\/schema\\\/logo\\\/image\\\/\"},\"sameAs\":[\"https:\\\/\\\/www.facebook.com\\\/uartesec\",\"https:\\\/\\\/x.com\\\/uartesec\",\"https:\\\/\\\/www.tiktok.com\\\/@uartesec\"]},{\"@type\":\"Person\",\"@id\":\"https:\\\/\\\/www.uartes.edu.ec\\\/sitio\\\/en\\\/#\\\/schema\\\/person\\\/f33f8c1d2af0d5c80a38c8abf458184a\",\"name\":\"Universidad de las Artes\",\"image\":{\"@type\":\"ImageObject\",\"inLanguage\":\"en-US\",\"@id\":\"https:\\\/\\\/secure.gravatar.com\\\/avatar\\\/52e4757902f5cfa5ac52d020e5be83cae5487519154b6c35482fe08d589f3c13?s=96&d=mm&r=g\",\"url\":\"https:\\\/\\\/secure.gravatar.com\\\/avatar\\\/52e4757902f5cfa5ac52d020e5be83cae5487519154b6c35482fe08d589f3c13?s=96&d=mm&r=g\",\"contentUrl\":\"https:\\\/\\\/secure.gravatar.com\\\/avatar\\\/52e4757902f5cfa5ac52d020e5be83cae5487519154b6c35482fe08d589f3c13?s=96&d=mm&r=g\",\"caption\":\"Universidad de las Artes\"},\"url\":\"https:\\\/\\\/www.uartes.edu.ec\\\/sitio\\\/en\\\/blog\\\/author\\\/dircomadm\\\/\"}]}<\/script>\n<!-- \/ Yoast SEO plugin. -->","yoast_head_json":{"title":"Universidad de las Artes - Jos\u00e9 David Moncayo present\u00f3 como tesis la obra \u201cHerramienta de Dios\u201d","description":"Universidad de las Artes - Jos\u00e9 David Moncayo present\u00f3 como tesis la obra \u201cHerramienta de Dios\u201d","robots":{"index":"index","follow":"follow","max-snippet":"max-snippet:-1","max-image-preview":"max-image-preview:large","max-video-preview":"max-video-preview:-1"},"canonical":"https:\/\/www.uartes.edu.ec\/sitio\/en\/blog\/2020\/05\/20\/jose-david-moncayo-presento-como-tesis-la-obra-herramienta-de-dios\/","og_locale":"en_US","og_type":"article","og_title":"Universidad de las Artes - Jos\u00e9 David Moncayo present\u00f3 como tesis la obra \u201cHerramienta de Dios\u201d","og_description":"Universidad de las Artes - Jos\u00e9 David Moncayo present\u00f3 como tesis la obra \u201cHerramienta de Dios\u201d","og_url":"https:\/\/www.uartes.edu.ec\/sitio\/en\/blog\/2020\/05\/20\/jose-david-moncayo-presento-como-tesis-la-obra-herramienta-de-dios\/","og_site_name":"Universidad de las Artes","article_publisher":"https:\/\/www.facebook.com\/uartesec","article_published_time":"2020-05-20T22:54:41+00:00","article_modified_time":"2024-07-04T16:43:07+00:00","og_image":[{"width":983,"height":655,"url":"https:\/\/www.uartes.edu.ec\/sitio\/wp-content\/uploads\/2020\/05\/JMa1.jpg","type":"image\/jpeg"}],"author":"Universidad de las Artes","twitter_card":"summary_large_image","twitter_creator":"@uartesec","twitter_site":"@uartesec","twitter_misc":{"Written by":"Universidad de las Artes","Est. reading time":"1 minute"},"schema":{"@context":"https:\/\/schema.org","@graph":[{"@type":"Article","@id":"https:\/\/www.uartes.edu.ec\/sitio\/en\/blog\/2020\/05\/20\/jose-david-moncayo-presento-como-tesis-la-obra-herramienta-de-dios\/#article","isPartOf":{"@id":"https:\/\/www.uartes.edu.ec\/sitio\/en\/blog\/2020\/05\/20\/jose-david-moncayo-presento-como-tesis-la-obra-herramienta-de-dios\/"},"author":{"name":"Universidad de las Artes","@id":"https:\/\/www.uartes.edu.ec\/sitio\/en\/#\/schema\/person\/f33f8c1d2af0d5c80a38c8abf458184a"},"headline":"Jos\u00e9 David Moncayo present\u00f3 como tesis la obra \u201cHerramienta de Dios\u201d","datePublished":"2020-05-20T22:54:41+00:00","dateModified":"2024-07-04T16:43:07+00:00","mainEntityOfPage":{"@id":"https:\/\/www.uartes.edu.ec\/sitio\/en\/blog\/2020\/05\/20\/jose-david-moncayo-presento-como-tesis-la-obra-herramienta-de-dios\/"},"wordCount":263,"publisher":{"@id":"https:\/\/www.uartes.edu.ec\/sitio\/en\/#organization"},"image":{"@id":"https:\/\/www.uartes.edu.ec\/sitio\/en\/blog\/2020\/05\/20\/jose-david-moncayo-presento-como-tesis-la-obra-herramienta-de-dios\/#primaryimage"},"thumbnailUrl":"https:\/\/www.uartes.edu.ec\/sitio\/wp-content\/uploads\/2020\/05\/JMa1.jpg","keywords":["covid19"],"articleSection":["Acad\u00e9mico","Artes Visuales","Estudiantes"],"inLanguage":"en-US"},{"@type":["WebPage","ItemPage"],"@id":"https:\/\/www.uartes.edu.ec\/sitio\/en\/blog\/2020\/05\/20\/jose-david-moncayo-presento-como-tesis-la-obra-herramienta-de-dios\/","url":"https:\/\/www.uartes.edu.ec\/sitio\/en\/blog\/2020\/05\/20\/jose-david-moncayo-presento-como-tesis-la-obra-herramienta-de-dios\/","name":"Universidad de las Artes - Jos\u00e9 David Moncayo present\u00f3 como tesis la obra \u201cHerramienta de Dios\u201d","isPartOf":{"@id":"https:\/\/www.uartes.edu.ec\/sitio\/en\/#website"},"primaryImageOfPage":{"@id":"https:\/\/www.uartes.edu.ec\/sitio\/en\/blog\/2020\/05\/20\/jose-david-moncayo-presento-como-tesis-la-obra-herramienta-de-dios\/#primaryimage"},"image":{"@id":"https:\/\/www.uartes.edu.ec\/sitio\/en\/blog\/2020\/05\/20\/jose-david-moncayo-presento-como-tesis-la-obra-herramienta-de-dios\/#primaryimage"},"thumbnailUrl":"https:\/\/www.uartes.edu.ec\/sitio\/wp-content\/uploads\/2020\/05\/JMa1.jpg","datePublished":"2020-05-20T22:54:41+00:00","dateModified":"2024-07-04T16:43:07+00:00","description":"Universidad de las Artes - Jos\u00e9 David Moncayo present\u00f3 como tesis la obra \u201cHerramienta de Dios\u201d","breadcrumb":{"@id":"https:\/\/www.uartes.edu.ec\/sitio\/en\/blog\/2020\/05\/20\/jose-david-moncayo-presento-como-tesis-la-obra-herramienta-de-dios\/#breadcrumb"},"inLanguage":"en-US","potentialAction":[{"@type":"ReadAction","target":["https:\/\/www.uartes.edu.ec\/sitio\/en\/blog\/2020\/05\/20\/jose-david-moncayo-presento-como-tesis-la-obra-herramienta-de-dios\/"]}]},{"@type":"ImageObject","inLanguage":"en-US","@id":"https:\/\/www.uartes.edu.ec\/sitio\/en\/blog\/2020\/05\/20\/jose-david-moncayo-presento-como-tesis-la-obra-herramienta-de-dios\/#primaryimage","url":"https:\/\/www.uartes.edu.ec\/sitio\/wp-content\/uploads\/2020\/05\/JMa1.jpg","contentUrl":"https:\/\/www.uartes.edu.ec\/sitio\/wp-content\/uploads\/2020\/05\/JMa1.jpg","width":983,"height":655},{"@type":"BreadcrumbList","@id":"https:\/\/www.uartes.edu.ec\/sitio\/en\/blog\/2020\/05\/20\/jose-david-moncayo-presento-como-tesis-la-obra-herramienta-de-dios\/#breadcrumb","itemListElement":[{"@type":"ListItem","position":1,"name":"Inicio","item":"https:\/\/www.uartes.edu.ec\/sitio\/"},{"@type":"ListItem","position":2,"name":"Jos\u00e9 David Moncayo present\u00f3 como tesis la obra \u201cHerramienta de Dios\u201d"}]},{"@type":"WebSite","@id":"https:\/\/www.uartes.edu.ec\/sitio\/en\/#website","url":"https:\/\/www.uartes.edu.ec\/sitio\/en\/","name":"Universidad de las Artes","description":"Sitio oficial de la Universidad Nacional de las Artes del Ecuador","publisher":{"@id":"https:\/\/www.uartes.edu.ec\/sitio\/en\/#organization"},"potentialAction":[{"@type":"SearchAction","target":{"@type":"EntryPoint","urlTemplate":"https:\/\/www.uartes.edu.ec\/sitio\/en\/?s={search_term_string}"},"query-input":{"@type":"PropertyValueSpecification","valueRequired":true,"valueName":"search_term_string"}}],"inLanguage":"en-US"},{"@type":"Organization","@id":"https:\/\/www.uartes.edu.ec\/sitio\/en\/#organization","name":"Universidad de las Artes","url":"https:\/\/www.uartes.edu.ec\/sitio\/en\/","logo":{"@type":"ImageObject","inLanguage":"en-US","@id":"https:\/\/www.uartes.edu.ec\/sitio\/en\/#\/schema\/logo\/image\/","url":"https:\/\/www.uartes.edu.ec\/sitio\/wp-content\/uploads\/2022\/07\/logo-ua-horizontal.png","contentUrl":"https:\/\/www.uartes.edu.ec\/sitio\/wp-content\/uploads\/2022\/07\/logo-ua-horizontal.png","width":800,"height":276,"caption":"Universidad de las Artes"},"image":{"@id":"https:\/\/www.uartes.edu.ec\/sitio\/en\/#\/schema\/logo\/image\/"},"sameAs":["https:\/\/www.facebook.com\/uartesec","https:\/\/x.com\/uartesec","https:\/\/www.tiktok.com\/@uartesec"]},{"@type":"Person","@id":"https:\/\/www.uartes.edu.ec\/sitio\/en\/#\/schema\/person\/f33f8c1d2af0d5c80a38c8abf458184a","name":"Universidad de las Artes","image":{"@type":"ImageObject","inLanguage":"en-US","@id":"https:\/\/secure.gravatar.com\/avatar\/52e4757902f5cfa5ac52d020e5be83cae5487519154b6c35482fe08d589f3c13?s=96&d=mm&r=g","url":"https:\/\/secure.gravatar.com\/avatar\/52e4757902f5cfa5ac52d020e5be83cae5487519154b6c35482fe08d589f3c13?s=96&d=mm&r=g","contentUrl":"https:\/\/secure.gravatar.com\/avatar\/52e4757902f5cfa5ac52d020e5be83cae5487519154b6c35482fe08d589f3c13?s=96&d=mm&r=g","caption":"Universidad de las Artes"},"url":"https:\/\/www.uartes.edu.ec\/sitio\/en\/blog\/author\/dircomadm\/"}]}},"uagb_featured_image_src":{"full":["https:\/\/www.uartes.edu.ec\/sitio\/wp-content\/uploads\/2020\/05\/JMa1.jpg",983,655,false],"thumbnail":["https:\/\/www.uartes.edu.ec\/sitio\/wp-content\/uploads\/2020\/05\/JMa1-150x150.jpg",150,150,true],"medium":["https:\/\/www.uartes.edu.ec\/sitio\/wp-content\/uploads\/2020\/05\/JMa1-300x200.jpg",300,200,true],"medium_large":["https:\/\/www.uartes.edu.ec\/sitio\/wp-content\/uploads\/2020\/05\/JMa1-768x512.jpg",768,512,true],"large":["https:\/\/www.uartes.edu.ec\/sitio\/wp-content\/uploads\/2020\/05\/JMa1-644x429.jpg",644,429,true],"1536x1536":["https:\/\/www.uartes.edu.ec\/sitio\/wp-content\/uploads\/2020\/05\/JMa1.jpg",983,655,false],"2048x2048":["https:\/\/www.uartes.edu.ec\/sitio\/wp-content\/uploads\/2020\/05\/JMa1.jpg",983,655,false],"trp-custom-language-flag":["https:\/\/www.uartes.edu.ec\/sitio\/wp-content\/uploads\/2020\/05\/JMa1.jpg",18,12,false],"htmega_size_585x295":["https:\/\/www.uartes.edu.ec\/sitio\/wp-content\/uploads\/2020\/05\/JMa1.jpg",443,295,false],"htmega_size_1170x536":["https:\/\/www.uartes.edu.ec\/sitio\/wp-content\/uploads\/2020\/05\/JMa1.jpg",804,536,false],"htmega_size_396x360":["https:\/\/www.uartes.edu.ec\/sitio\/wp-content\/uploads\/2020\/05\/JMa1.jpg",396,264,false],"gb-block-post-grid-landscape":["https:\/\/www.uartes.edu.ec\/sitio\/wp-content\/uploads\/2020\/05\/JMa1.jpg",600,400,false],"gb-block-post-grid-square":["https:\/\/www.uartes.edu.ec\/sitio\/wp-content\/uploads\/2020\/05\/JMa1.jpg",600,400,false],"university-hub-thumb":["https:\/\/www.uartes.edu.ec\/sitio\/wp-content\/uploads\/2020\/05\/JMa1-400x267.jpg",400,267,true]},"uagb_author_info":{"display_name":"Universidad de las Artes","author_link":"https:\/\/www.uartes.edu.ec\/sitio\/en\/blog\/author\/dircomadm\/"},"uagb_comment_info":0,"uagb_excerpt":"Jos\u00e9 David Moncayo comenz\u00f3 el proceso de su obra Herramienta de Dios, como trabajo de tesis, en el Instituto Superior Tecnol\u00f3gico de Artes del Ecuador (Itae) y lo continu\u00f3 al llegar a la Universidad de las Artes. El estudiante de la Escuela de Artes Visuales sustent\u00f3 el 24 de abril de 2020 la defensa de&hellip;","featured_image_src":"https:\/\/www.uartes.edu.ec\/sitio\/wp-content\/uploads\/2020\/05\/JMa1.jpg","featured_image_src_square":"https:\/\/www.uartes.edu.ec\/sitio\/wp-content\/uploads\/2020\/05\/JMa1.jpg","author_info":{"display_name":"Universidad de las Artes","author_link":"https:\/\/www.uartes.edu.ec\/sitio\/en\/blog\/author\/dircomadm\/"},"publishpress_future_workflow_manual_trigger":{"enabledWorkflows":[]},"distributor_meta":false,"distributor_terms":false,"distributor_media":false,"distributor_original_site_name":"Universidad de las Artes","distributor_original_site_url":"https:\/\/www.uartes.edu.ec\/sitio\/en","push-errors":false,"_links":{"self":[{"href":"https:\/\/www.uartes.edu.ec\/sitio\/en\/wp-json\/wp\/v2\/posts\/7104","targetHints":{"allow":["GET"]}}],"collection":[{"href":"https:\/\/www.uartes.edu.ec\/sitio\/en\/wp-json\/wp\/v2\/posts"}],"about":[{"href":"https:\/\/www.uartes.edu.ec\/sitio\/en\/wp-json\/wp\/v2\/types\/post"}],"author":[{"embeddable":true,"href":"https:\/\/www.uartes.edu.ec\/sitio\/en\/wp-json\/wp\/v2\/users\/1"}],"replies":[{"embeddable":true,"href":"https:\/\/www.uartes.edu.ec\/sitio\/en\/wp-json\/wp\/v2\/comments?post=7104"}],"version-history":[{"count":1,"href":"https:\/\/www.uartes.edu.ec\/sitio\/en\/wp-json\/wp\/v2\/posts\/7104\/revisions"}],"predecessor-version":[{"id":7106,"href":"https:\/\/www.uartes.edu.ec\/sitio\/en\/wp-json\/wp\/v2\/posts\/7104\/revisions\/7106"}],"wp:featuredmedia":[{"embeddable":true,"href":"https:\/\/www.uartes.edu.ec\/sitio\/en\/wp-json\/wp\/v2\/media\/7105"}],"wp:attachment":[{"href":"https:\/\/www.uartes.edu.ec\/sitio\/en\/wp-json\/wp\/v2\/media?parent=7104"}],"wp:term":[{"taxonomy":"category","embeddable":true,"href":"https:\/\/www.uartes.edu.ec\/sitio\/en\/wp-json\/wp\/v2\/categories?post=7104"},{"taxonomy":"post_tag","embeddable":true,"href":"https:\/\/www.uartes.edu.ec\/sitio\/en\/wp-json\/wp\/v2\/tags?post=7104"},{"taxonomy":"infouartes","embeddable":true,"href":"https:\/\/www.uartes.edu.ec\/sitio\/en\/wp-json\/wp\/v2\/infouartes?post=7104"}],"curies":[{"name":"wp","href":"https:\/\/api.w.org\/{rel}","templated":true}]}}