{"id":71156,"date":"2025-04-29T16:01:00","date_gmt":"2025-04-29T21:01:00","guid":{"rendered":"https:\/\/www.uartes.edu.ec\/sitio\/?p=71156"},"modified":"2025-05-01T18:37:05","modified_gmt":"2025-05-01T23:37:05","slug":"para-una-cooperacion-interinstitucional-la-uartes-y-la-procuraduria-general-del-estado-firman-convenio","status":"publish","type":"post","link":"https:\/\/www.uartes.edu.ec\/sitio\/en\/blog\/2025\/04\/29\/para-una-cooperacion-interinstitucional-la-uartes-y-la-procuraduria-general-del-estado-firman-convenio\/","title":{"rendered":"Cooperaci\u00f3n interinstitucional entre la UArtes y Procuradur\u00eda General del Estado"},"content":{"rendered":"<p>Un convenio marco de cooperaci\u00f3n interinstitucional firm\u00f3 la Universidad de las Artes con la Procuradur\u00eda General del Estado. El acto tuvo lugar el 25 de abril, en el Project Room del MZ14 Centro de Producci\u00f3n e Innovaci\u00f3n UArtes; en la suscripci\u00f3n participaron nuestro rector, doctor William Herrera, y el procurador, abogado Juan Carlos Larrea.<\/p>\n\n\n\n<p>Constan como objetivos del convenio determinar lineamientos generales para el dise\u00f1o, la coordinaci\u00f3n, la articulaci\u00f3n, la ejecuci\u00f3n y el seguimiento de programas, proyectos de inter\u00e9s y actividades de innovaci\u00f3n, capacitaci\u00f3n, certificaci\u00f3n, formaci\u00f3n de recursos humanos, responsabilidad social, vinculaci\u00f3n con la sociedad, investigaci\u00f3n e intercambio de experiencias, a incluirse dentro de \u00e1reas como asesor\u00eda, formaci\u00f3n profesional, formaci\u00f3n continua, programas y proyectos de investigaci\u00f3n, elaboraci\u00f3n de estudios, dise\u00f1o de proyectos, pr\u00e1cticas pre-profesionales y proyectos de servicio a la comunidad.<\/p>\n\n\n\n<p>El doctor William Herrera, en su intervenci\u00f3n y tras dar la bienvenida al procurador y su equipo de trabajo, indic\u00f3 que la UArtes es una universidad p\u00fablica dedicada especialmente a la formaci\u00f3n de artistas que ya cumpli\u00f3 diez a\u00f1os de existencia, con varias promociones de graduadas y graduados en distintos campos y pr\u00e1cticas disciplinas art\u00edsticas; en su oferta acad\u00e9mica, Artes Visuales. Producci\u00f3n Musical, Artes Musicales, Cine, Creaci\u00f3n Teatral, Danza y Literatura, y una joven carrera de Educaci\u00f3n Art\u00edstica e Intercultural para formar a los futuros profesionales que se encargar\u00e1n de la ense\u00f1anza art\u00edstica en las escuelas y colegios.<\/p>\n\n\n<div class=\"wp-block-image\">\n<figure class=\"aligncenter size-large\"><img fetchpriority=\"high\" decoding=\"async\" width=\"644\" height=\"429\" src=\"https:\/\/www.uartes.edu.ec\/sitio\/wp-content\/uploads\/2025\/05\/01-Convenio-UArtes-Procuraduria-644x429.jpg\" alt=\"\" class=\"wp-image-71158\" srcset=\"https:\/\/www.uartes.edu.ec\/sitio\/wp-content\/uploads\/2025\/05\/01-Convenio-UArtes-Procuraduria-644x429.jpg 644w, https:\/\/www.uartes.edu.ec\/sitio\/wp-content\/uploads\/2025\/05\/01-Convenio-UArtes-Procuraduria-300x200.jpg 300w, https:\/\/www.uartes.edu.ec\/sitio\/wp-content\/uploads\/2025\/05\/01-Convenio-UArtes-Procuraduria-768x512.jpg 768w, https:\/\/www.uartes.edu.ec\/sitio\/wp-content\/uploads\/2025\/05\/01-Convenio-UArtes-Procuraduria-1536x1024.jpg 1536w, https:\/\/www.uartes.edu.ec\/sitio\/wp-content\/uploads\/2025\/05\/01-Convenio-UArtes-Procuraduria-18x12.jpg 18w, https:\/\/www.uartes.edu.ec\/sitio\/wp-content\/uploads\/2025\/05\/01-Convenio-UArtes-Procuraduria-600x400.jpg 600w, https:\/\/www.uartes.edu.ec\/sitio\/wp-content\/uploads\/2025\/05\/01-Convenio-UArtes-Procuraduria-400x267.jpg 400w, https:\/\/www.uartes.edu.ec\/sitio\/wp-content\/uploads\/2025\/05\/01-Convenio-UArtes-Procuraduria.jpg 2000w\" sizes=\"(max-width: 644px) 100vw, 644px\" \/><\/figure>\n<\/div>\n\n\n<p>Somos una comunidad de cerca de dos mil estudiantes, con una planta de docentes artistas de primera calidad, dijo el rector, anotando que nuestra instituci\u00f3n ha tenido un rol muy importante en la formaci\u00f3n de profesionales y la formaci\u00f3n y promoci\u00f3n de las artes y la cultura. \u201cMuchos se preguntar\u00e1n por qu\u00e9 firmar un convenio con la Procuradur\u00eda General del Estado o qu\u00e9 tiene que hacer la Procuradur\u00eda con la UArtes. Yo creo que mucho\u201d.<\/p>\n\n\n\n<p>Agreg\u00f3 que el \u00e1mbito de la formaci\u00f3n art\u00edstica y la asesor\u00eda siempre son necesarios, sobre todo como instituciones p\u00fablicas. \u201cTienen un rol en la discusi\u00f3n del arte y es desde esa perspectiva que entiendo este relacionamiento\u201d.<\/p>\n\n\n\n<p>El abogado Juan Carlos Larrea expres\u00f3 que la Universidad de las Artes representa la suma de todo lo que implica el esfuerzo acad\u00e9mico. Coincidi\u00f3 con el rector en que puede llamar la atenci\u00f3n la firma de un convenio entre ambas instituciones y admiti\u00f3 que no siempre la historia de las relaciones entre las artes y el derecho han sido las m\u00e1s fluidas y amistosas. \u201cEs porque vemos la defensa jur\u00eddica como algo integral, pero hay algo m\u00e1s all\u00e1 y es la protecci\u00f3n al Estado, defendiendo los derechos de las personas y no hay forma de entender la vida de las personas si uno sus derechos fundamentales no es justamente la cultura\u201d.<\/p>\n\n\n<div class=\"wp-block-image\">\n<figure class=\"aligncenter size-large\"><img decoding=\"async\" width=\"644\" height=\"429\" src=\"https:\/\/www.uartes.edu.ec\/sitio\/wp-content\/uploads\/2025\/05\/06-Portada-Convenio-UArtes-Procuraduria-644x429.jpg\" alt=\"\" class=\"wp-image-71157\" srcset=\"https:\/\/www.uartes.edu.ec\/sitio\/wp-content\/uploads\/2025\/05\/06-Portada-Convenio-UArtes-Procuraduria-644x429.jpg 644w, https:\/\/www.uartes.edu.ec\/sitio\/wp-content\/uploads\/2025\/05\/06-Portada-Convenio-UArtes-Procuraduria-300x200.jpg 300w, https:\/\/www.uartes.edu.ec\/sitio\/wp-content\/uploads\/2025\/05\/06-Portada-Convenio-UArtes-Procuraduria-768x512.jpg 768w, https:\/\/www.uartes.edu.ec\/sitio\/wp-content\/uploads\/2025\/05\/06-Portada-Convenio-UArtes-Procuraduria-1536x1024.jpg 1536w, https:\/\/www.uartes.edu.ec\/sitio\/wp-content\/uploads\/2025\/05\/06-Portada-Convenio-UArtes-Procuraduria-18x12.jpg 18w, https:\/\/www.uartes.edu.ec\/sitio\/wp-content\/uploads\/2025\/05\/06-Portada-Convenio-UArtes-Procuraduria-600x400.jpg 600w, https:\/\/www.uartes.edu.ec\/sitio\/wp-content\/uploads\/2025\/05\/06-Portada-Convenio-UArtes-Procuraduria-400x267.jpg 400w, https:\/\/www.uartes.edu.ec\/sitio\/wp-content\/uploads\/2025\/05\/06-Portada-Convenio-UArtes-Procuraduria.jpg 2000w\" sizes=\"(max-width: 644px) 100vw, 644px\" \/><\/figure>\n<\/div>\n\n\n<figure class=\"wp-block-gallery has-nested-images columns-default is-cropped wp-block-gallery-1 is-layout-flex wp-block-gallery-is-layout-flex\">\n<figure class=\"wp-block-image size-large\"><img decoding=\"async\" width=\"644\" height=\"429\" data-id=\"71161\" src=\"https:\/\/www.uartes.edu.ec\/sitio\/wp-content\/uploads\/2025\/05\/02-Convenio-UArtes-Procuraduria-644x429.jpg\" alt=\"\" class=\"wp-image-71161\" srcset=\"https:\/\/www.uartes.edu.ec\/sitio\/wp-content\/uploads\/2025\/05\/02-Convenio-UArtes-Procuraduria-644x429.jpg 644w, https:\/\/www.uartes.edu.ec\/sitio\/wp-content\/uploads\/2025\/05\/02-Convenio-UArtes-Procuraduria-300x200.jpg 300w, https:\/\/www.uartes.edu.ec\/sitio\/wp-content\/uploads\/2025\/05\/02-Convenio-UArtes-Procuraduria-768x512.jpg 768w, https:\/\/www.uartes.edu.ec\/sitio\/wp-content\/uploads\/2025\/05\/02-Convenio-UArtes-Procuraduria-1536x1024.jpg 1536w, https:\/\/www.uartes.edu.ec\/sitio\/wp-content\/uploads\/2025\/05\/02-Convenio-UArtes-Procuraduria-18x12.jpg 18w, https:\/\/www.uartes.edu.ec\/sitio\/wp-content\/uploads\/2025\/05\/02-Convenio-UArtes-Procuraduria-600x400.jpg 600w, https:\/\/www.uartes.edu.ec\/sitio\/wp-content\/uploads\/2025\/05\/02-Convenio-UArtes-Procuraduria-400x267.jpg 400w, https:\/\/www.uartes.edu.ec\/sitio\/wp-content\/uploads\/2025\/05\/02-Convenio-UArtes-Procuraduria.jpg 2000w\" sizes=\"(max-width: 644px) 100vw, 644px\" \/><\/figure>\n\n\n\n<figure class=\"wp-block-image size-large\"><img loading=\"lazy\" decoding=\"async\" width=\"644\" height=\"429\" data-id=\"71160\" src=\"https:\/\/www.uartes.edu.ec\/sitio\/wp-content\/uploads\/2025\/05\/04-Convenio-UArtes-Procuraduria-644x429.jpg\" alt=\"\" class=\"wp-image-71160\" srcset=\"https:\/\/www.uartes.edu.ec\/sitio\/wp-content\/uploads\/2025\/05\/04-Convenio-UArtes-Procuraduria-644x429.jpg 644w, https:\/\/www.uartes.edu.ec\/sitio\/wp-content\/uploads\/2025\/05\/04-Convenio-UArtes-Procuraduria-300x200.jpg 300w, https:\/\/www.uartes.edu.ec\/sitio\/wp-content\/uploads\/2025\/05\/04-Convenio-UArtes-Procuraduria-768x512.jpg 768w, https:\/\/www.uartes.edu.ec\/sitio\/wp-content\/uploads\/2025\/05\/04-Convenio-UArtes-Procuraduria-1536x1024.jpg 1536w, https:\/\/www.uartes.edu.ec\/sitio\/wp-content\/uploads\/2025\/05\/04-Convenio-UArtes-Procuraduria-18x12.jpg 18w, https:\/\/www.uartes.edu.ec\/sitio\/wp-content\/uploads\/2025\/05\/04-Convenio-UArtes-Procuraduria-600x400.jpg 600w, https:\/\/www.uartes.edu.ec\/sitio\/wp-content\/uploads\/2025\/05\/04-Convenio-UArtes-Procuraduria-400x267.jpg 400w, https:\/\/www.uartes.edu.ec\/sitio\/wp-content\/uploads\/2025\/05\/04-Convenio-UArtes-Procuraduria.jpg 2000w\" sizes=\"(max-width: 644px) 100vw, 644px\" \/><\/figure>\n\n\n\n<figure class=\"wp-block-image size-large\"><img loading=\"lazy\" decoding=\"async\" width=\"644\" height=\"429\" data-id=\"71159\" src=\"https:\/\/www.uartes.edu.ec\/sitio\/wp-content\/uploads\/2025\/05\/05-Convenio-UArtes-Procuraduria-644x429.jpg\" alt=\"\" class=\"wp-image-71159\" srcset=\"https:\/\/www.uartes.edu.ec\/sitio\/wp-content\/uploads\/2025\/05\/05-Convenio-UArtes-Procuraduria-644x429.jpg 644w, https:\/\/www.uartes.edu.ec\/sitio\/wp-content\/uploads\/2025\/05\/05-Convenio-UArtes-Procuraduria-300x200.jpg 300w, https:\/\/www.uartes.edu.ec\/sitio\/wp-content\/uploads\/2025\/05\/05-Convenio-UArtes-Procuraduria-768x512.jpg 768w, https:\/\/www.uartes.edu.ec\/sitio\/wp-content\/uploads\/2025\/05\/05-Convenio-UArtes-Procuraduria-1536x1024.jpg 1536w, https:\/\/www.uartes.edu.ec\/sitio\/wp-content\/uploads\/2025\/05\/05-Convenio-UArtes-Procuraduria-18x12.jpg 18w, https:\/\/www.uartes.edu.ec\/sitio\/wp-content\/uploads\/2025\/05\/05-Convenio-UArtes-Procuraduria-600x400.jpg 600w, https:\/\/www.uartes.edu.ec\/sitio\/wp-content\/uploads\/2025\/05\/05-Convenio-UArtes-Procuraduria-400x267.jpg 400w, https:\/\/www.uartes.edu.ec\/sitio\/wp-content\/uploads\/2025\/05\/05-Convenio-UArtes-Procuraduria.jpg 2000w\" sizes=\"(max-width: 644px) 100vw, 644px\" \/><\/figure>\n<\/figure>\n\n\n\n<p><\/p>\n\n\n\n<p>Luego de la firma del convenio, el rector invit\u00f3 al Procurador General del Estado y su comitiva a recorrer el Centro de Producci\u00f3n e Innovaci\u00f3n de la UArtes. Espacios como la Sala de Cine, el Estudio de Grabaci\u00f3n A, la Sala de Etnomusicolog\u00eda, donde se encuentra el gamel\u00e1n, tradicional instrumento de la Rep\u00fablica de Indonesia que desde el 2022 est\u00e1 en la universidad como parte de un convenio de cooperaci\u00f3n firmado con la embajada en Ecuador del pa\u00eds asi\u00e1tico para el intercambio de saberes art\u00edsticos, culturales y tradicionales. Tambi\u00e9n, la Plaza P\u00fablica y la Galer\u00eda del CIF, donde el 24 de abril se inaugur\u00f3 la exposici\u00f3n \u201cThe Animal Human Project\u201d, de la alumnus de posgrado Mar\u00eda Gabriela Portaluppi.<\/p>\n\n\n\n<p>De la Procuradur\u00eda General del Estado acompa\u00f1aron a su titular Rodrigo Constantine, subprocurador; Carola Ricaurte, directora Nacional de Derechos Humanos; Jos\u00e9 Leonardo Neira, director regional 1; Juan Carlos Torres, subdirector Regional Financiero Administrativo; Lidia Jord\u00e1n, jefa de TICs; y Ricardo Llaguno, secretario particular del despacho general.<\/p>\n\n\n\n<p>Junto al rector Herrera asistieron a la subscripci\u00f3n: Mar\u00eda Jos\u00e9 Icaza, directora de Vinculaci\u00f3n con la Sociedad; Rusl\u00e1n Torres, director de la Escuela de Artes Visuales; Jonathan Pilay, director de Producci\u00f3n del MZ14; Jennifer Pulido, directora subrogante de Normativas y Asesor\u00eda Jur\u00eddica; Susan Romero, directora de Comunicaci\u00f3n; Ronny Ramos, analista de convenios; y del rectorado Patricia Ayala, Pamela Paladines y Narcisa Barzola.<\/p>","protected":false},"excerpt":{"rendered":"<p>Un convenio marco de cooperaci\u00f3n interinstitucional firm\u00f3 la Universidad de las Artes con la Procuradur\u00eda General del Estado el 25 de abril, en el Project Room del MZ14. En la suscripci\u00f3n participaron el Dr. William Herrera y el procurador, Abg. Juan Carlos Larrea, quien coincidi\u00f3 con nuestro rector en que la firma pudiera llamar la atenci\u00f3n, \u201cpero en defensa de los derechos de las personas no hay forma de entender la vida si uno de esos derechos fundamentales no es la cultura\u201d, dijo. <\/p>","protected":false},"author":10,"featured_media":71162,"comment_status":"open","ping_status":"open","sticky":false,"template":"","format":"standard","meta":{"_acf_changed":false,"_uag_custom_page_level_css":"","_monsterinsights_skip_tracking":false,"_monsterinsights_sitenote_active":false,"_monsterinsights_sitenote_note":"","_monsterinsights_sitenote_category":0,"cybocfi_hide_featured_image":"","footnotes":""},"categories":[80,77,84],"tags":[1328],"infouartes":[],"class_list":["post-71156","post","type-post","status-publish","format-standard","has-post-thumbnail","hentry","category-academico","category-gestion","category-rectorado","tag-relaciones"],"acf":[],"yoast_head":"<!-- This site is optimized with the Yoast SEO plugin v27.4 - https:\/\/yoast.com\/product\/yoast-seo-wordpress\/ -->\n<title>Universidad de las Artes - Cooperaci\u00f3n interinstitucional entre la UArtes y Procuradur\u00eda General del Estado<\/title>\n<meta name=\"description\" content=\"Universidad de las Artes - Cooperaci\u00f3n interinstitucional entre la UArtes y Procuradur\u00eda General del Estado\" \/>\n<meta name=\"robots\" content=\"index, follow, max-snippet:-1, max-image-preview:large, max-video-preview:-1\" \/>\n<link rel=\"canonical\" href=\"https:\/\/www.uartes.edu.ec\/sitio\/en\/blog\/2025\/04\/29\/para-una-cooperacion-interinstitucional-la-uartes-y-la-procuraduria-general-del-estado-firman-convenio\/\" \/>\n<meta property=\"og:locale\" content=\"en_US\" \/>\n<meta property=\"og:type\" content=\"article\" \/>\n<meta property=\"og:title\" content=\"Universidad de las Artes - Cooperaci\u00f3n interinstitucional entre la UArtes y Procuradur\u00eda General del Estado\" \/>\n<meta property=\"og:description\" content=\"Universidad de las Artes - Cooperaci\u00f3n interinstitucional entre la UArtes y Procuradur\u00eda General del Estado\" \/>\n<meta property=\"og:url\" content=\"https:\/\/www.uartes.edu.ec\/sitio\/en\/blog\/2025\/04\/29\/para-una-cooperacion-interinstitucional-la-uartes-y-la-procuraduria-general-del-estado-firman-convenio\/\" \/>\n<meta property=\"og:site_name\" content=\"Universidad de las Artes\" \/>\n<meta property=\"article:publisher\" content=\"https:\/\/www.facebook.com\/uartesec\" \/>\n<meta property=\"article:published_time\" content=\"2025-04-29T21:01:00+00:00\" \/>\n<meta property=\"article:modified_time\" content=\"2025-05-01T23:37:05+00:00\" \/>\n<meta property=\"og:image\" content=\"https:\/\/www.uartes.edu.ec\/sitio\/wp-content\/uploads\/2025\/05\/07-Portada-Convenio-UArtes-Procuraduria.jpg\" \/>\n\t<meta property=\"og:image:width\" content=\"2000\" \/>\n\t<meta property=\"og:image:height\" content=\"1333\" \/>\n\t<meta property=\"og:image:type\" content=\"image\/jpeg\" \/>\n<meta name=\"author\" content=\"ccortez\" \/>\n<meta name=\"twitter:card\" content=\"summary_large_image\" \/>\n<meta name=\"twitter:creator\" content=\"@uartesec\" \/>\n<meta name=\"twitter:site\" content=\"@uartesec\" \/>\n<meta name=\"twitter:label1\" content=\"Written by\" \/>\n\t<meta name=\"twitter:data1\" content=\"ccortez\" \/>\n\t<meta name=\"twitter:label2\" content=\"Est. reading time\" \/>\n\t<meta name=\"twitter:data2\" content=\"4 minutes\" \/>\n<script type=\"application\/ld+json\" class=\"yoast-schema-graph\">{\"@context\":\"https:\\\/\\\/schema.org\",\"@graph\":[{\"@type\":\"Article\",\"@id\":\"https:\\\/\\\/www.uartes.edu.ec\\\/sitio\\\/en\\\/blog\\\/2025\\\/04\\\/29\\\/para-una-cooperacion-interinstitucional-la-uartes-y-la-procuraduria-general-del-estado-firman-convenio\\\/#article\",\"isPartOf\":{\"@id\":\"https:\\\/\\\/www.uartes.edu.ec\\\/sitio\\\/en\\\/blog\\\/2025\\\/04\\\/29\\\/para-una-cooperacion-interinstitucional-la-uartes-y-la-procuraduria-general-del-estado-firman-convenio\\\/\"},\"author\":{\"name\":\"ccortez\",\"@id\":\"https:\\\/\\\/www.uartes.edu.ec\\\/sitio\\\/en\\\/#\\\/schema\\\/person\\\/efa1b8275797664fd7f13a79ccc0b1f4\"},\"headline\":\"Cooperaci\u00f3n interinstitucional entre la UArtes y Procuradur\u00eda General del Estado\",\"datePublished\":\"2025-04-29T21:01:00+00:00\",\"dateModified\":\"2025-05-01T23:37:05+00:00\",\"mainEntityOfPage\":{\"@id\":\"https:\\\/\\\/www.uartes.edu.ec\\\/sitio\\\/en\\\/blog\\\/2025\\\/04\\\/29\\\/para-una-cooperacion-interinstitucional-la-uartes-y-la-procuraduria-general-del-estado-firman-convenio\\\/\"},\"wordCount\":766,\"commentCount\":0,\"publisher\":{\"@id\":\"https:\\\/\\\/www.uartes.edu.ec\\\/sitio\\\/en\\\/#organization\"},\"image\":{\"@id\":\"https:\\\/\\\/www.uartes.edu.ec\\\/sitio\\\/en\\\/blog\\\/2025\\\/04\\\/29\\\/para-una-cooperacion-interinstitucional-la-uartes-y-la-procuraduria-general-del-estado-firman-convenio\\\/#primaryimage\"},\"thumbnailUrl\":\"https:\\\/\\\/www.uartes.edu.ec\\\/sitio\\\/wp-content\\\/uploads\\\/2025\\\/05\\\/07-Portada-Convenio-UArtes-Procuraduria.jpg\",\"keywords\":[\"relaciones\"],\"articleSection\":[\"Acad\u00e9mico\",\"Gesti\u00f3n\",\"Rectorado\"],\"inLanguage\":\"en-US\",\"potentialAction\":[{\"@type\":\"CommentAction\",\"name\":\"Comment\",\"target\":[\"https:\\\/\\\/www.uartes.edu.ec\\\/sitio\\\/en\\\/blog\\\/2025\\\/04\\\/29\\\/para-una-cooperacion-interinstitucional-la-uartes-y-la-procuraduria-general-del-estado-firman-convenio\\\/#respond\"]}]},{\"@type\":[\"WebPage\",\"ItemPage\"],\"@id\":\"https:\\\/\\\/www.uartes.edu.ec\\\/sitio\\\/en\\\/blog\\\/2025\\\/04\\\/29\\\/para-una-cooperacion-interinstitucional-la-uartes-y-la-procuraduria-general-del-estado-firman-convenio\\\/\",\"url\":\"https:\\\/\\\/www.uartes.edu.ec\\\/sitio\\\/en\\\/blog\\\/2025\\\/04\\\/29\\\/para-una-cooperacion-interinstitucional-la-uartes-y-la-procuraduria-general-del-estado-firman-convenio\\\/\",\"name\":\"Universidad de las Artes - Cooperaci\u00f3n interinstitucional entre la UArtes y Procuradur\u00eda General del Estado\",\"isPartOf\":{\"@id\":\"https:\\\/\\\/www.uartes.edu.ec\\\/sitio\\\/en\\\/#website\"},\"primaryImageOfPage\":{\"@id\":\"https:\\\/\\\/www.uartes.edu.ec\\\/sitio\\\/en\\\/blog\\\/2025\\\/04\\\/29\\\/para-una-cooperacion-interinstitucional-la-uartes-y-la-procuraduria-general-del-estado-firman-convenio\\\/#primaryimage\"},\"image\":{\"@id\":\"https:\\\/\\\/www.uartes.edu.ec\\\/sitio\\\/en\\\/blog\\\/2025\\\/04\\\/29\\\/para-una-cooperacion-interinstitucional-la-uartes-y-la-procuraduria-general-del-estado-firman-convenio\\\/#primaryimage\"},\"thumbnailUrl\":\"https:\\\/\\\/www.uartes.edu.ec\\\/sitio\\\/wp-content\\\/uploads\\\/2025\\\/05\\\/07-Portada-Convenio-UArtes-Procuraduria.jpg\",\"datePublished\":\"2025-04-29T21:01:00+00:00\",\"dateModified\":\"2025-05-01T23:37:05+00:00\",\"description\":\"Universidad de las Artes - Cooperaci\u00f3n interinstitucional entre la UArtes y Procuradur\u00eda General del Estado\",\"breadcrumb\":{\"@id\":\"https:\\\/\\\/www.uartes.edu.ec\\\/sitio\\\/en\\\/blog\\\/2025\\\/04\\\/29\\\/para-una-cooperacion-interinstitucional-la-uartes-y-la-procuraduria-general-del-estado-firman-convenio\\\/#breadcrumb\"},\"inLanguage\":\"en-US\",\"potentialAction\":[{\"@type\":\"ReadAction\",\"target\":[\"https:\\\/\\\/www.uartes.edu.ec\\\/sitio\\\/en\\\/blog\\\/2025\\\/04\\\/29\\\/para-una-cooperacion-interinstitucional-la-uartes-y-la-procuraduria-general-del-estado-firman-convenio\\\/\"]}]},{\"@type\":\"ImageObject\",\"inLanguage\":\"en-US\",\"@id\":\"https:\\\/\\\/www.uartes.edu.ec\\\/sitio\\\/en\\\/blog\\\/2025\\\/04\\\/29\\\/para-una-cooperacion-interinstitucional-la-uartes-y-la-procuraduria-general-del-estado-firman-convenio\\\/#primaryimage\",\"url\":\"https:\\\/\\\/www.uartes.edu.ec\\\/sitio\\\/wp-content\\\/uploads\\\/2025\\\/05\\\/07-Portada-Convenio-UArtes-Procuraduria.jpg\",\"contentUrl\":\"https:\\\/\\\/www.uartes.edu.ec\\\/sitio\\\/wp-content\\\/uploads\\\/2025\\\/05\\\/07-Portada-Convenio-UArtes-Procuraduria.jpg\",\"width\":2000,\"height\":1333},{\"@type\":\"BreadcrumbList\",\"@id\":\"https:\\\/\\\/www.uartes.edu.ec\\\/sitio\\\/en\\\/blog\\\/2025\\\/04\\\/29\\\/para-una-cooperacion-interinstitucional-la-uartes-y-la-procuraduria-general-del-estado-firman-convenio\\\/#breadcrumb\",\"itemListElement\":[{\"@type\":\"ListItem\",\"position\":1,\"name\":\"Inicio\",\"item\":\"https:\\\/\\\/www.uartes.edu.ec\\\/sitio\\\/\"},{\"@type\":\"ListItem\",\"position\":2,\"name\":\"Cooperaci\u00f3n interinstitucional entre la UArtes y Procuradur\u00eda General del Estado\"}]},{\"@type\":\"WebSite\",\"@id\":\"https:\\\/\\\/www.uartes.edu.ec\\\/sitio\\\/en\\\/#website\",\"url\":\"https:\\\/\\\/www.uartes.edu.ec\\\/sitio\\\/en\\\/\",\"name\":\"Universidad de las Artes\",\"description\":\"Sitio oficial de la Universidad Nacional de las Artes del Ecuador\",\"publisher\":{\"@id\":\"https:\\\/\\\/www.uartes.edu.ec\\\/sitio\\\/en\\\/#organization\"},\"potentialAction\":[{\"@type\":\"SearchAction\",\"target\":{\"@type\":\"EntryPoint\",\"urlTemplate\":\"https:\\\/\\\/www.uartes.edu.ec\\\/sitio\\\/en\\\/?s={search_term_string}\"},\"query-input\":{\"@type\":\"PropertyValueSpecification\",\"valueRequired\":true,\"valueName\":\"search_term_string\"}}],\"inLanguage\":\"en-US\"},{\"@type\":\"Organization\",\"@id\":\"https:\\\/\\\/www.uartes.edu.ec\\\/sitio\\\/en\\\/#organization\",\"name\":\"Universidad de las Artes\",\"url\":\"https:\\\/\\\/www.uartes.edu.ec\\\/sitio\\\/en\\\/\",\"logo\":{\"@type\":\"ImageObject\",\"inLanguage\":\"en-US\",\"@id\":\"https:\\\/\\\/www.uartes.edu.ec\\\/sitio\\\/en\\\/#\\\/schema\\\/logo\\\/image\\\/\",\"url\":\"https:\\\/\\\/www.uartes.edu.ec\\\/sitio\\\/wp-content\\\/uploads\\\/2022\\\/07\\\/logo-ua-horizontal.png\",\"contentUrl\":\"https:\\\/\\\/www.uartes.edu.ec\\\/sitio\\\/wp-content\\\/uploads\\\/2022\\\/07\\\/logo-ua-horizontal.png\",\"width\":800,\"height\":276,\"caption\":\"Universidad de las Artes\"},\"image\":{\"@id\":\"https:\\\/\\\/www.uartes.edu.ec\\\/sitio\\\/en\\\/#\\\/schema\\\/logo\\\/image\\\/\"},\"sameAs\":[\"https:\\\/\\\/www.facebook.com\\\/uartesec\",\"https:\\\/\\\/x.com\\\/uartesec\",\"https:\\\/\\\/www.tiktok.com\\\/@uartesec\"]},{\"@type\":\"Person\",\"@id\":\"https:\\\/\\\/www.uartes.edu.ec\\\/sitio\\\/en\\\/#\\\/schema\\\/person\\\/efa1b8275797664fd7f13a79ccc0b1f4\",\"name\":\"ccortez\",\"image\":{\"@type\":\"ImageObject\",\"inLanguage\":\"en-US\",\"@id\":\"https:\\\/\\\/secure.gravatar.com\\\/avatar\\\/b2a6f664a3ae8e074346ef91775736c5ec479e637ecced6842de9dc98b5da9cd?s=96&d=mm&r=g\",\"url\":\"https:\\\/\\\/secure.gravatar.com\\\/avatar\\\/b2a6f664a3ae8e074346ef91775736c5ec479e637ecced6842de9dc98b5da9cd?s=96&d=mm&r=g\",\"contentUrl\":\"https:\\\/\\\/secure.gravatar.com\\\/avatar\\\/b2a6f664a3ae8e074346ef91775736c5ec479e637ecced6842de9dc98b5da9cd?s=96&d=mm&r=g\",\"caption\":\"ccortez\"},\"url\":\"https:\\\/\\\/www.uartes.edu.ec\\\/sitio\\\/en\\\/blog\\\/author\\\/ccortez\\\/\"}]}<\/script>\n<!-- \/ Yoast SEO plugin. -->","yoast_head_json":{"title":"Universidad de las Artes - Cooperaci\u00f3n interinstitucional entre la UArtes y Procuradur\u00eda General del Estado","description":"Universidad de las Artes - Cooperaci\u00f3n interinstitucional entre la UArtes y Procuradur\u00eda General del Estado","robots":{"index":"index","follow":"follow","max-snippet":"max-snippet:-1","max-image-preview":"max-image-preview:large","max-video-preview":"max-video-preview:-1"},"canonical":"https:\/\/www.uartes.edu.ec\/sitio\/en\/blog\/2025\/04\/29\/para-una-cooperacion-interinstitucional-la-uartes-y-la-procuraduria-general-del-estado-firman-convenio\/","og_locale":"en_US","og_type":"article","og_title":"Universidad de las Artes - Cooperaci\u00f3n interinstitucional entre la UArtes y Procuradur\u00eda General del Estado","og_description":"Universidad de las Artes - Cooperaci\u00f3n interinstitucional entre la UArtes y Procuradur\u00eda General del Estado","og_url":"https:\/\/www.uartes.edu.ec\/sitio\/en\/blog\/2025\/04\/29\/para-una-cooperacion-interinstitucional-la-uartes-y-la-procuraduria-general-del-estado-firman-convenio\/","og_site_name":"Universidad de las Artes","article_publisher":"https:\/\/www.facebook.com\/uartesec","article_published_time":"2025-04-29T21:01:00+00:00","article_modified_time":"2025-05-01T23:37:05+00:00","og_image":[{"width":2000,"height":1333,"url":"https:\/\/www.uartes.edu.ec\/sitio\/wp-content\/uploads\/2025\/05\/07-Portada-Convenio-UArtes-Procuraduria.jpg","type":"image\/jpeg"}],"author":"ccortez","twitter_card":"summary_large_image","twitter_creator":"@uartesec","twitter_site":"@uartesec","twitter_misc":{"Written by":"ccortez","Est. reading time":"4 minutes"},"schema":{"@context":"https:\/\/schema.org","@graph":[{"@type":"Article","@id":"https:\/\/www.uartes.edu.ec\/sitio\/en\/blog\/2025\/04\/29\/para-una-cooperacion-interinstitucional-la-uartes-y-la-procuraduria-general-del-estado-firman-convenio\/#article","isPartOf":{"@id":"https:\/\/www.uartes.edu.ec\/sitio\/en\/blog\/2025\/04\/29\/para-una-cooperacion-interinstitucional-la-uartes-y-la-procuraduria-general-del-estado-firman-convenio\/"},"author":{"name":"ccortez","@id":"https:\/\/www.uartes.edu.ec\/sitio\/en\/#\/schema\/person\/efa1b8275797664fd7f13a79ccc0b1f4"},"headline":"Cooperaci\u00f3n interinstitucional entre la UArtes y Procuradur\u00eda General del Estado","datePublished":"2025-04-29T21:01:00+00:00","dateModified":"2025-05-01T23:37:05+00:00","mainEntityOfPage":{"@id":"https:\/\/www.uartes.edu.ec\/sitio\/en\/blog\/2025\/04\/29\/para-una-cooperacion-interinstitucional-la-uartes-y-la-procuraduria-general-del-estado-firman-convenio\/"},"wordCount":766,"commentCount":0,"publisher":{"@id":"https:\/\/www.uartes.edu.ec\/sitio\/en\/#organization"},"image":{"@id":"https:\/\/www.uartes.edu.ec\/sitio\/en\/blog\/2025\/04\/29\/para-una-cooperacion-interinstitucional-la-uartes-y-la-procuraduria-general-del-estado-firman-convenio\/#primaryimage"},"thumbnailUrl":"https:\/\/www.uartes.edu.ec\/sitio\/wp-content\/uploads\/2025\/05\/07-Portada-Convenio-UArtes-Procuraduria.jpg","keywords":["relaciones"],"articleSection":["Acad\u00e9mico","Gesti\u00f3n","Rectorado"],"inLanguage":"en-US","potentialAction":[{"@type":"CommentAction","name":"Comment","target":["https:\/\/www.uartes.edu.ec\/sitio\/en\/blog\/2025\/04\/29\/para-una-cooperacion-interinstitucional-la-uartes-y-la-procuraduria-general-del-estado-firman-convenio\/#respond"]}]},{"@type":["WebPage","ItemPage"],"@id":"https:\/\/www.uartes.edu.ec\/sitio\/en\/blog\/2025\/04\/29\/para-una-cooperacion-interinstitucional-la-uartes-y-la-procuraduria-general-del-estado-firman-convenio\/","url":"https:\/\/www.uartes.edu.ec\/sitio\/en\/blog\/2025\/04\/29\/para-una-cooperacion-interinstitucional-la-uartes-y-la-procuraduria-general-del-estado-firman-convenio\/","name":"Universidad de las Artes - Cooperaci\u00f3n interinstitucional entre la UArtes y Procuradur\u00eda General del Estado","isPartOf":{"@id":"https:\/\/www.uartes.edu.ec\/sitio\/en\/#website"},"primaryImageOfPage":{"@id":"https:\/\/www.uartes.edu.ec\/sitio\/en\/blog\/2025\/04\/29\/para-una-cooperacion-interinstitucional-la-uartes-y-la-procuraduria-general-del-estado-firman-convenio\/#primaryimage"},"image":{"@id":"https:\/\/www.uartes.edu.ec\/sitio\/en\/blog\/2025\/04\/29\/para-una-cooperacion-interinstitucional-la-uartes-y-la-procuraduria-general-del-estado-firman-convenio\/#primaryimage"},"thumbnailUrl":"https:\/\/www.uartes.edu.ec\/sitio\/wp-content\/uploads\/2025\/05\/07-Portada-Convenio-UArtes-Procuraduria.jpg","datePublished":"2025-04-29T21:01:00+00:00","dateModified":"2025-05-01T23:37:05+00:00","description":"Universidad de las Artes - Cooperaci\u00f3n interinstitucional entre la UArtes y Procuradur\u00eda General del Estado","breadcrumb":{"@id":"https:\/\/www.uartes.edu.ec\/sitio\/en\/blog\/2025\/04\/29\/para-una-cooperacion-interinstitucional-la-uartes-y-la-procuraduria-general-del-estado-firman-convenio\/#breadcrumb"},"inLanguage":"en-US","potentialAction":[{"@type":"ReadAction","target":["https:\/\/www.uartes.edu.ec\/sitio\/en\/blog\/2025\/04\/29\/para-una-cooperacion-interinstitucional-la-uartes-y-la-procuraduria-general-del-estado-firman-convenio\/"]}]},{"@type":"ImageObject","inLanguage":"en-US","@id":"https:\/\/www.uartes.edu.ec\/sitio\/en\/blog\/2025\/04\/29\/para-una-cooperacion-interinstitucional-la-uartes-y-la-procuraduria-general-del-estado-firman-convenio\/#primaryimage","url":"https:\/\/www.uartes.edu.ec\/sitio\/wp-content\/uploads\/2025\/05\/07-Portada-Convenio-UArtes-Procuraduria.jpg","contentUrl":"https:\/\/www.uartes.edu.ec\/sitio\/wp-content\/uploads\/2025\/05\/07-Portada-Convenio-UArtes-Procuraduria.jpg","width":2000,"height":1333},{"@type":"BreadcrumbList","@id":"https:\/\/www.uartes.edu.ec\/sitio\/en\/blog\/2025\/04\/29\/para-una-cooperacion-interinstitucional-la-uartes-y-la-procuraduria-general-del-estado-firman-convenio\/#breadcrumb","itemListElement":[{"@type":"ListItem","position":1,"name":"Inicio","item":"https:\/\/www.uartes.edu.ec\/sitio\/"},{"@type":"ListItem","position":2,"name":"Cooperaci\u00f3n interinstitucional entre la UArtes y Procuradur\u00eda General del Estado"}]},{"@type":"WebSite","@id":"https:\/\/www.uartes.edu.ec\/sitio\/en\/#website","url":"https:\/\/www.uartes.edu.ec\/sitio\/en\/","name":"Universidad de las Artes","description":"Sitio oficial de la Universidad Nacional de las Artes del Ecuador","publisher":{"@id":"https:\/\/www.uartes.edu.ec\/sitio\/en\/#organization"},"potentialAction":[{"@type":"SearchAction","target":{"@type":"EntryPoint","urlTemplate":"https:\/\/www.uartes.edu.ec\/sitio\/en\/?s={search_term_string}"},"query-input":{"@type":"PropertyValueSpecification","valueRequired":true,"valueName":"search_term_string"}}],"inLanguage":"en-US"},{"@type":"Organization","@id":"https:\/\/www.uartes.edu.ec\/sitio\/en\/#organization","name":"Universidad de las Artes","url":"https:\/\/www.uartes.edu.ec\/sitio\/en\/","logo":{"@type":"ImageObject","inLanguage":"en-US","@id":"https:\/\/www.uartes.edu.ec\/sitio\/en\/#\/schema\/logo\/image\/","url":"https:\/\/www.uartes.edu.ec\/sitio\/wp-content\/uploads\/2022\/07\/logo-ua-horizontal.png","contentUrl":"https:\/\/www.uartes.edu.ec\/sitio\/wp-content\/uploads\/2022\/07\/logo-ua-horizontal.png","width":800,"height":276,"caption":"Universidad de las Artes"},"image":{"@id":"https:\/\/www.uartes.edu.ec\/sitio\/en\/#\/schema\/logo\/image\/"},"sameAs":["https:\/\/www.facebook.com\/uartesec","https:\/\/x.com\/uartesec","https:\/\/www.tiktok.com\/@uartesec"]},{"@type":"Person","@id":"https:\/\/www.uartes.edu.ec\/sitio\/en\/#\/schema\/person\/efa1b8275797664fd7f13a79ccc0b1f4","name":"ccortez","image":{"@type":"ImageObject","inLanguage":"en-US","@id":"https:\/\/secure.gravatar.com\/avatar\/b2a6f664a3ae8e074346ef91775736c5ec479e637ecced6842de9dc98b5da9cd?s=96&d=mm&r=g","url":"https:\/\/secure.gravatar.com\/avatar\/b2a6f664a3ae8e074346ef91775736c5ec479e637ecced6842de9dc98b5da9cd?s=96&d=mm&r=g","contentUrl":"https:\/\/secure.gravatar.com\/avatar\/b2a6f664a3ae8e074346ef91775736c5ec479e637ecced6842de9dc98b5da9cd?s=96&d=mm&r=g","caption":"ccortez"},"url":"https:\/\/www.uartes.edu.ec\/sitio\/en\/blog\/author\/ccortez\/"}]}},"uagb_featured_image_src":{"full":["https:\/\/www.uartes.edu.ec\/sitio\/wp-content\/uploads\/2025\/05\/07-Portada-Convenio-UArtes-Procuraduria.jpg",2000,1333,false],"thumbnail":["https:\/\/www.uartes.edu.ec\/sitio\/wp-content\/uploads\/2025\/05\/07-Portada-Convenio-UArtes-Procuraduria-150x150.jpg",150,150,true],"medium":["https:\/\/www.uartes.edu.ec\/sitio\/wp-content\/uploads\/2025\/05\/07-Portada-Convenio-UArtes-Procuraduria-300x200.jpg",300,200,true],"medium_large":["https:\/\/www.uartes.edu.ec\/sitio\/wp-content\/uploads\/2025\/05\/07-Portada-Convenio-UArtes-Procuraduria-768x512.jpg",768,512,true],"large":["https:\/\/www.uartes.edu.ec\/sitio\/wp-content\/uploads\/2025\/05\/07-Portada-Convenio-UArtes-Procuraduria-644x429.jpg",644,429,true],"1536x1536":["https:\/\/www.uartes.edu.ec\/sitio\/wp-content\/uploads\/2025\/05\/07-Portada-Convenio-UArtes-Procuraduria-1536x1024.jpg",1536,1024,true],"2048x2048":["https:\/\/www.uartes.edu.ec\/sitio\/wp-content\/uploads\/2025\/05\/07-Portada-Convenio-UArtes-Procuraduria.jpg",2000,1333,false],"trp-custom-language-flag":["https:\/\/www.uartes.edu.ec\/sitio\/wp-content\/uploads\/2025\/05\/07-Portada-Convenio-UArtes-Procuraduria-18x12.jpg",18,12,true],"htmega_size_585x295":["https:\/\/www.uartes.edu.ec\/sitio\/wp-content\/uploads\/2025\/05\/07-Portada-Convenio-UArtes-Procuraduria-585x295.jpg",585,295,true],"htmega_size_1170x536":["https:\/\/www.uartes.edu.ec\/sitio\/wp-content\/uploads\/2025\/05\/07-Portada-Convenio-UArtes-Procuraduria-1170x536.jpg",1170,536,true],"htmega_size_396x360":["https:\/\/www.uartes.edu.ec\/sitio\/wp-content\/uploads\/2025\/05\/07-Portada-Convenio-UArtes-Procuraduria-396x360.jpg",396,360,true],"gb-block-post-grid-landscape":["https:\/\/www.uartes.edu.ec\/sitio\/wp-content\/uploads\/2025\/05\/07-Portada-Convenio-UArtes-Procuraduria-600x400.jpg",600,400,true],"gb-block-post-grid-square":["https:\/\/www.uartes.edu.ec\/sitio\/wp-content\/uploads\/2025\/05\/07-Portada-Convenio-UArtes-Procuraduria-600x600.jpg",600,600,true],"university-hub-thumb":["https:\/\/www.uartes.edu.ec\/sitio\/wp-content\/uploads\/2025\/05\/07-Portada-Convenio-UArtes-Procuraduria-400x267.jpg",400,267,true]},"uagb_author_info":{"display_name":"ccortez","author_link":"https:\/\/www.uartes.edu.ec\/sitio\/en\/blog\/author\/ccortez\/"},"uagb_comment_info":0,"uagb_excerpt":"Un convenio marco de cooperaci\u00f3n interinstitucional firm\u00f3 la Universidad de las Artes con la Procuradur\u00eda General del Estado el 25 de abril, en el Project Room del MZ14. En la suscripci\u00f3n participaron el Dr. William Herrera y el procurador, Abg. Juan Carlos Larrea, quien coincidi\u00f3 con nuestro rector en que la firma pudiera llamar la&hellip;","featured_image_src":"https:\/\/www.uartes.edu.ec\/sitio\/wp-content\/uploads\/2025\/05\/07-Portada-Convenio-UArtes-Procuraduria-600x400.jpg","featured_image_src_square":"https:\/\/www.uartes.edu.ec\/sitio\/wp-content\/uploads\/2025\/05\/07-Portada-Convenio-UArtes-Procuraduria-600x600.jpg","author_info":{"display_name":"ccortez","author_link":"https:\/\/www.uartes.edu.ec\/sitio\/en\/blog\/author\/ccortez\/"},"publishpress_future_workflow_manual_trigger":{"enabledWorkflows":[]},"distributor_meta":false,"distributor_terms":false,"distributor_media":false,"distributor_original_site_name":"Universidad de las Artes","distributor_original_site_url":"https:\/\/www.uartes.edu.ec\/sitio\/en","push-errors":false,"_links":{"self":[{"href":"https:\/\/www.uartes.edu.ec\/sitio\/en\/wp-json\/wp\/v2\/posts\/71156","targetHints":{"allow":["GET"]}}],"collection":[{"href":"https:\/\/www.uartes.edu.ec\/sitio\/en\/wp-json\/wp\/v2\/posts"}],"about":[{"href":"https:\/\/www.uartes.edu.ec\/sitio\/en\/wp-json\/wp\/v2\/types\/post"}],"author":[{"embeddable":true,"href":"https:\/\/www.uartes.edu.ec\/sitio\/en\/wp-json\/wp\/v2\/users\/10"}],"replies":[{"embeddable":true,"href":"https:\/\/www.uartes.edu.ec\/sitio\/en\/wp-json\/wp\/v2\/comments?post=71156"}],"version-history":[{"count":9,"href":"https:\/\/www.uartes.edu.ec\/sitio\/en\/wp-json\/wp\/v2\/posts\/71156\/revisions"}],"predecessor-version":[{"id":71195,"href":"https:\/\/www.uartes.edu.ec\/sitio\/en\/wp-json\/wp\/v2\/posts\/71156\/revisions\/71195"}],"wp:featuredmedia":[{"embeddable":true,"href":"https:\/\/www.uartes.edu.ec\/sitio\/en\/wp-json\/wp\/v2\/media\/71162"}],"wp:attachment":[{"href":"https:\/\/www.uartes.edu.ec\/sitio\/en\/wp-json\/wp\/v2\/media?parent=71156"}],"wp:term":[{"taxonomy":"category","embeddable":true,"href":"https:\/\/www.uartes.edu.ec\/sitio\/en\/wp-json\/wp\/v2\/categories?post=71156"},{"taxonomy":"post_tag","embeddable":true,"href":"https:\/\/www.uartes.edu.ec\/sitio\/en\/wp-json\/wp\/v2\/tags?post=71156"},{"taxonomy":"infouartes","embeddable":true,"href":"https:\/\/www.uartes.edu.ec\/sitio\/en\/wp-json\/wp\/v2\/infouartes?post=71156"}],"curies":[{"name":"wp","href":"https:\/\/api.w.org\/{rel}","templated":true}]}}