{"id":71237,"date":"2025-04-30T11:04:00","date_gmt":"2025-04-30T16:04:00","guid":{"rendered":"https:\/\/www.uartes.edu.ec\/sitio\/?p=71237"},"modified":"2025-05-01T19:25:09","modified_gmt":"2025-05-02T00:25:09","slug":"un-jam-de-stopmotion-que-desafio-la-imaginacion","status":"publish","type":"post","link":"https:\/\/www.uartes.edu.ec\/sitio\/en\/blog\/2025\/04\/30\/un-jam-de-stopmotion-que-desafio-la-imaginacion\/","title":{"rendered":"Un \u201cJam de Stopmotion\u201d en el que Samuel Saltos plante\u00f3 desaf\u00edos a sus talleristas"},"content":{"rendered":"<p>A la cuarta edici\u00f3n de Lanfor Abierta, actividad organizada por la Biblioteca de las Artes, Samuel Saltos lleg\u00f3 con el taller \u201cJam de Stopmotion\u201d, el cual arranc\u00f3 el jueves 24 de abril, en la segunda jornada de la cita para celebrar al libro en su mes, y replic\u00f3 el s\u00e1bado 26.<\/p>\n\n\n\n<p>Samuel Saltos es artista visual que se dedica a la fotograf\u00eda y video. De la primera ha sido profesor desde el 2020, dictando cursos de stopmotion dentro y fuera de la Universidad de las Artes. Suyos son la obra \u201cVamos a tomarlo muy suave porque es muy duro\u201d, la cual expuso en dos ocasiones en Guayaquil en 2024, y el proyecto Fotosalinstanteee, con el que busca traer de regreso la tradici\u00f3n de la fotograf\u00eda impresa.<\/p>\n\n\n\n<p>Su taller en Lanfor Abierta fue anunciado para un p\u00fablico de 15 a 18 a\u00f1os, no obstante, el jueves 24 a la Sala Multifuncional de la Biblioteca de las Artes llegaron talleristas de mayor edad; unos eran parte de la comunidad universitaria y otros, p\u00fablico que se sinti\u00f3 atra\u00eddo por la propuesta.<\/p>\n\n\n<div class=\"wp-block-image\">\n<figure class=\"aligncenter size-large\"><img fetchpriority=\"high\" decoding=\"async\" width=\"644\" height=\"429\" src=\"https:\/\/www.uartes.edu.ec\/sitio\/wp-content\/uploads\/2025\/05\/05-TALLER-DE-SANTIAGO-SALTOS-Y-CHARLA-DE-MARITZA-ALVAREZ-644x429.jpg\" alt=\"\" class=\"wp-image-71239\" srcset=\"https:\/\/www.uartes.edu.ec\/sitio\/wp-content\/uploads\/2025\/05\/05-TALLER-DE-SANTIAGO-SALTOS-Y-CHARLA-DE-MARITZA-ALVAREZ-644x429.jpg 644w, https:\/\/www.uartes.edu.ec\/sitio\/wp-content\/uploads\/2025\/05\/05-TALLER-DE-SANTIAGO-SALTOS-Y-CHARLA-DE-MARITZA-ALVAREZ-300x200.jpg 300w, https:\/\/www.uartes.edu.ec\/sitio\/wp-content\/uploads\/2025\/05\/05-TALLER-DE-SANTIAGO-SALTOS-Y-CHARLA-DE-MARITZA-ALVAREZ-768x512.jpg 768w, https:\/\/www.uartes.edu.ec\/sitio\/wp-content\/uploads\/2025\/05\/05-TALLER-DE-SANTIAGO-SALTOS-Y-CHARLA-DE-MARITZA-ALVAREZ-1536x1024.jpg 1536w, https:\/\/www.uartes.edu.ec\/sitio\/wp-content\/uploads\/2025\/05\/05-TALLER-DE-SANTIAGO-SALTOS-Y-CHARLA-DE-MARITZA-ALVAREZ-18x12.jpg 18w, https:\/\/www.uartes.edu.ec\/sitio\/wp-content\/uploads\/2025\/05\/05-TALLER-DE-SANTIAGO-SALTOS-Y-CHARLA-DE-MARITZA-ALVAREZ-600x400.jpg 600w, https:\/\/www.uartes.edu.ec\/sitio\/wp-content\/uploads\/2025\/05\/05-TALLER-DE-SANTIAGO-SALTOS-Y-CHARLA-DE-MARITZA-ALVAREZ-400x267.jpg 400w, https:\/\/www.uartes.edu.ec\/sitio\/wp-content\/uploads\/2025\/05\/05-TALLER-DE-SANTIAGO-SALTOS-Y-CHARLA-DE-MARITZA-ALVAREZ.jpg 2000w\" sizes=\"(max-width: 644px) 100vw, 644px\" \/><\/figure>\n<\/div>\n\n\n<p>La animaci\u00f3n en Stopmotion, explic\u00f3 Samuel Saltos, es una exploraci\u00f3n enriquecedora que desaf\u00eda la imaginaci\u00f3n y permite darle movimiento o vida a un objeto o material inerte. Ese fue de entrada el reto que plante\u00f3 a los talleristas, claramente dispuestos a aprender c\u00f3mo se empleaba la t\u00e9cnica.<\/p>\n\n\n\n<p>Percibiendo esa curiosidad, Samuel Saltos explic\u00f3 que el Stopmotion era aplicable en el mundo del cine, de las artes visuales, en los videoclips, en la publicidad. Es un proceso muy enriquecedor, pero que requiere de mucho tiempo y concentraci\u00f3n<\/p>\n\n\n\n<p>Con dinamismo y mucha plastilina para moldear infinidad de creaciones, Saltos coment\u00f3 que su inter\u00e9s era lograr que los participantes recrearan muchas animaciones, las cuales al t\u00e9rmino del taller \u2013el s\u00e1bado 26\u2013 iban a ser expuestos.<\/p>\n\n\n\n<p>En di\u00e1logo con InfoUArtes, Samuel Saltos comenta que propuso realizar el \u201cJam de Stopmotion\u201d a partir de una serie de talleres y clases que desarrollado con los a\u00f1os. El primero fue, precisamente, fue junto a la Universidad de las Artes durante el obligado confinamiento por el COVID-19. \u201cEntonces se buscaba reunir fondos para ayudas y di por primera vez un taller de Stopmotion, pese a la virtualidad tuvimos un resultado muy lindo\u201d.<\/p>\n\n\n<div class=\"wp-block-image\">\n<figure class=\"aligncenter size-large\"><img decoding=\"async\" width=\"644\" height=\"429\" src=\"https:\/\/www.uartes.edu.ec\/sitio\/wp-content\/uploads\/2025\/05\/04-TALLER-DE-SANTIAGO-SALTOS-Y-CHARLA-DE-MARITZA-ALVAREZ-644x429.jpg\" alt=\"\" class=\"wp-image-71240\" srcset=\"https:\/\/www.uartes.edu.ec\/sitio\/wp-content\/uploads\/2025\/05\/04-TALLER-DE-SANTIAGO-SALTOS-Y-CHARLA-DE-MARITZA-ALVAREZ-644x429.jpg 644w, https:\/\/www.uartes.edu.ec\/sitio\/wp-content\/uploads\/2025\/05\/04-TALLER-DE-SANTIAGO-SALTOS-Y-CHARLA-DE-MARITZA-ALVAREZ-300x200.jpg 300w, https:\/\/www.uartes.edu.ec\/sitio\/wp-content\/uploads\/2025\/05\/04-TALLER-DE-SANTIAGO-SALTOS-Y-CHARLA-DE-MARITZA-ALVAREZ-768x512.jpg 768w, https:\/\/www.uartes.edu.ec\/sitio\/wp-content\/uploads\/2025\/05\/04-TALLER-DE-SANTIAGO-SALTOS-Y-CHARLA-DE-MARITZA-ALVAREZ-1536x1024.jpg 1536w, https:\/\/www.uartes.edu.ec\/sitio\/wp-content\/uploads\/2025\/05\/04-TALLER-DE-SANTIAGO-SALTOS-Y-CHARLA-DE-MARITZA-ALVAREZ-18x12.jpg 18w, https:\/\/www.uartes.edu.ec\/sitio\/wp-content\/uploads\/2025\/05\/04-TALLER-DE-SANTIAGO-SALTOS-Y-CHARLA-DE-MARITZA-ALVAREZ-600x400.jpg 600w, https:\/\/www.uartes.edu.ec\/sitio\/wp-content\/uploads\/2025\/05\/04-TALLER-DE-SANTIAGO-SALTOS-Y-CHARLA-DE-MARITZA-ALVAREZ-400x267.jpg 400w, https:\/\/www.uartes.edu.ec\/sitio\/wp-content\/uploads\/2025\/05\/04-TALLER-DE-SANTIAGO-SALTOS-Y-CHARLA-DE-MARITZA-ALVAREZ.jpg 2000w\" sizes=\"(max-width: 644px) 100vw, 644px\" \/><\/figure>\n<\/div>\n\n\n<p>Sustentado en aquella experiencia, el artista visual indica que sigui\u00f3 desarrollando el taller, incluso cuando realiz\u00f3 estudios en la UArtes y durante la materia de Laboratorio con la comunidad. \u201cLa idea de proponerlo como un ejercicio libre y sin un guion vino de mi tercera vez dictando el taller, ya en mi vida laboral. Lo he venido impartiendo a adolescentes relacionados con la fotograf\u00eda y el video, y en una de las sesiones la improvisaci\u00f3n se convirti\u00f3 en un elemento clave\u201d.<\/p>\n\n\n\n<p>De las sesiones que su taller tuvo en Lanfor Abierta, Samuel Saltos destaca la presencia del elemento infante, el cual est\u00e1 presente en el ejercicio de modelar con plastilina. \u201cModelados hechos por adultos y j\u00f3venes compart\u00edan caracter\u00edsticas con los que pudiera haber hecho un ni\u00f1o. Finalmente, la reflexi\u00f3n para m\u00ed como educador hacia el p\u00fablico en general es preguntarnos cu\u00e1ndo fue la \u00faltima vez que jugamos con plastilina, pues un d\u00eda simplemente dejamos de hacerlo\u201d.<\/p>\n\n\n\n<p>*El Stopmotion, o animaci\u00f3n fotograma por fotograma, es una t\u00e9cnica de animaci\u00f3n que crea la ilusi\u00f3n de movimiento al fotografiar objetos en diferentes posiciones y luego reproducirlos secuencialmente. Esta t\u00e9cnica permite animar objetos f\u00edsicos como plastilina, juguetes o incluso recortes de papel, creando una animaci\u00f3n \u00fanica.<\/p>\n\n\n\n<p>Fotos: Biblioteca de las Artes.<\/p>","protected":false},"excerpt":{"rendered":"<p>La animaci\u00f3n en Stopmotion es una exploraci\u00f3n enriquecedora que desaf\u00eda la imaginaci\u00f3n y permite darle movimiento o vida a un objeto o material inerte. El artista visual Samuel Saltos comparti\u00f3 su conocimiento sobre el tema a los talleristas que participaron en la propuesta con la particip\u00f3 en Lanfor Abierta, organizada por la Biblioteca de las Artes. Su \u201cJam de Stopmotion\u201d tuvo dos sesiones (el 24 y 26 de abril) en las que propuso varios desaf\u00edos creativos a sus alumnos.<\/p>","protected":false},"author":10,"featured_media":71238,"comment_status":"open","ping_status":"open","sticky":false,"template":"","format":"standard","meta":{"_acf_changed":false,"_uag_custom_page_level_css":"","_monsterinsights_skip_tracking":false,"_monsterinsights_sitenote_active":false,"_monsterinsights_sitenote_note":"","_monsterinsights_sitenote_category":0,"cybocfi_hide_featured_image":"","footnotes":""},"categories":[438,490,82,75,76],"tags":[41],"infouartes":[],"class_list":["post-71237","post","type-post","status-publish","format-standard","has-post-thumbnail","hentry","category-administrativos","category-alumni","category-artes","category-docentes","category-estudiantes","tag-biblioteca"],"acf":[],"yoast_head":"<!-- This site is optimized with the Yoast SEO plugin v27.4 - https:\/\/yoast.com\/product\/yoast-seo-wordpress\/ -->\n<title>Universidad de las Artes - Un \u201cJam de Stopmotion\u201d en el que Samuel Saltos plante\u00f3 desaf\u00edos a sus talleristas<\/title>\n<meta name=\"description\" content=\"Universidad de las Artes - Un \u201cJam de Stopmotion\u201d en el que Samuel Saltos plante\u00f3 desaf\u00edos a sus talleristas\" \/>\n<meta name=\"robots\" content=\"index, follow, max-snippet:-1, max-image-preview:large, max-video-preview:-1\" \/>\n<link rel=\"canonical\" href=\"https:\/\/www.uartes.edu.ec\/sitio\/en\/blog\/2025\/04\/30\/un-jam-de-stopmotion-que-desafio-la-imaginacion\/\" \/>\n<meta property=\"og:locale\" content=\"en_US\" \/>\n<meta property=\"og:type\" content=\"article\" \/>\n<meta property=\"og:title\" content=\"Universidad de las Artes - Un \u201cJam de Stopmotion\u201d en el que Samuel Saltos plante\u00f3 desaf\u00edos a sus talleristas\" \/>\n<meta property=\"og:description\" content=\"Universidad de las Artes - Un \u201cJam de Stopmotion\u201d en el que Samuel Saltos plante\u00f3 desaf\u00edos a sus talleristas\" \/>\n<meta property=\"og:url\" content=\"https:\/\/www.uartes.edu.ec\/sitio\/en\/blog\/2025\/04\/30\/un-jam-de-stopmotion-que-desafio-la-imaginacion\/\" \/>\n<meta property=\"og:site_name\" content=\"Universidad de las Artes\" \/>\n<meta property=\"article:publisher\" content=\"https:\/\/www.facebook.com\/uartesec\" \/>\n<meta property=\"article:published_time\" content=\"2025-04-30T16:04:00+00:00\" \/>\n<meta property=\"article:modified_time\" content=\"2025-05-02T00:25:09+00:00\" \/>\n<meta property=\"og:image\" content=\"https:\/\/www.uartes.edu.ec\/sitio\/wp-content\/uploads\/2025\/05\/03-TALLER-DE-SANTIAGO-SALTOS-Y-CHARLA-DE-MARITZA-ALVAREZ.jpg\" \/>\n\t<meta property=\"og:image:width\" content=\"2000\" \/>\n\t<meta property=\"og:image:height\" content=\"1333\" \/>\n\t<meta property=\"og:image:type\" content=\"image\/jpeg\" \/>\n<meta name=\"author\" content=\"ccortez\" \/>\n<meta name=\"twitter:card\" content=\"summary_large_image\" \/>\n<meta name=\"twitter:creator\" content=\"@uartesec\" \/>\n<meta name=\"twitter:site\" content=\"@uartesec\" \/>\n<meta name=\"twitter:label1\" content=\"Written by\" \/>\n\t<meta name=\"twitter:data1\" content=\"ccortez\" \/>\n\t<meta name=\"twitter:label2\" content=\"Est. reading time\" \/>\n\t<meta name=\"twitter:data2\" content=\"3 minutes\" \/>\n<script type=\"application\/ld+json\" class=\"yoast-schema-graph\">{\"@context\":\"https:\\\/\\\/schema.org\",\"@graph\":[{\"@type\":\"Article\",\"@id\":\"https:\\\/\\\/www.uartes.edu.ec\\\/sitio\\\/en\\\/blog\\\/2025\\\/04\\\/30\\\/un-jam-de-stopmotion-que-desafio-la-imaginacion\\\/#article\",\"isPartOf\":{\"@id\":\"https:\\\/\\\/www.uartes.edu.ec\\\/sitio\\\/en\\\/blog\\\/2025\\\/04\\\/30\\\/un-jam-de-stopmotion-que-desafio-la-imaginacion\\\/\"},\"author\":{\"name\":\"ccortez\",\"@id\":\"https:\\\/\\\/www.uartes.edu.ec\\\/sitio\\\/en\\\/#\\\/schema\\\/person\\\/efa1b8275797664fd7f13a79ccc0b1f4\"},\"headline\":\"Un \u201cJam de Stopmotion\u201d en el que Samuel Saltos plante\u00f3 desaf\u00edos a sus talleristas\",\"datePublished\":\"2025-04-30T16:04:00+00:00\",\"dateModified\":\"2025-05-02T00:25:09+00:00\",\"mainEntityOfPage\":{\"@id\":\"https:\\\/\\\/www.uartes.edu.ec\\\/sitio\\\/en\\\/blog\\\/2025\\\/04\\\/30\\\/un-jam-de-stopmotion-que-desafio-la-imaginacion\\\/\"},\"wordCount\":624,\"commentCount\":0,\"publisher\":{\"@id\":\"https:\\\/\\\/www.uartes.edu.ec\\\/sitio\\\/en\\\/#organization\"},\"image\":{\"@id\":\"https:\\\/\\\/www.uartes.edu.ec\\\/sitio\\\/en\\\/blog\\\/2025\\\/04\\\/30\\\/un-jam-de-stopmotion-que-desafio-la-imaginacion\\\/#primaryimage\"},\"thumbnailUrl\":\"https:\\\/\\\/www.uartes.edu.ec\\\/sitio\\\/wp-content\\\/uploads\\\/2025\\\/05\\\/03-TALLER-DE-SANTIAGO-SALTOS-Y-CHARLA-DE-MARITZA-ALVAREZ.jpg\",\"keywords\":[\"biblioteca\"],\"articleSection\":[\"Administrativos\",\"Alumni\",\"Artes\",\"Docentes\",\"Estudiantes\"],\"inLanguage\":\"en-US\",\"potentialAction\":[{\"@type\":\"CommentAction\",\"name\":\"Comment\",\"target\":[\"https:\\\/\\\/www.uartes.edu.ec\\\/sitio\\\/en\\\/blog\\\/2025\\\/04\\\/30\\\/un-jam-de-stopmotion-que-desafio-la-imaginacion\\\/#respond\"]}]},{\"@type\":[\"WebPage\",\"ItemPage\"],\"@id\":\"https:\\\/\\\/www.uartes.edu.ec\\\/sitio\\\/en\\\/blog\\\/2025\\\/04\\\/30\\\/un-jam-de-stopmotion-que-desafio-la-imaginacion\\\/\",\"url\":\"https:\\\/\\\/www.uartes.edu.ec\\\/sitio\\\/en\\\/blog\\\/2025\\\/04\\\/30\\\/un-jam-de-stopmotion-que-desafio-la-imaginacion\\\/\",\"name\":\"Universidad de las Artes - Un \u201cJam de Stopmotion\u201d en el que Samuel Saltos plante\u00f3 desaf\u00edos a sus talleristas\",\"isPartOf\":{\"@id\":\"https:\\\/\\\/www.uartes.edu.ec\\\/sitio\\\/en\\\/#website\"},\"primaryImageOfPage\":{\"@id\":\"https:\\\/\\\/www.uartes.edu.ec\\\/sitio\\\/en\\\/blog\\\/2025\\\/04\\\/30\\\/un-jam-de-stopmotion-que-desafio-la-imaginacion\\\/#primaryimage\"},\"image\":{\"@id\":\"https:\\\/\\\/www.uartes.edu.ec\\\/sitio\\\/en\\\/blog\\\/2025\\\/04\\\/30\\\/un-jam-de-stopmotion-que-desafio-la-imaginacion\\\/#primaryimage\"},\"thumbnailUrl\":\"https:\\\/\\\/www.uartes.edu.ec\\\/sitio\\\/wp-content\\\/uploads\\\/2025\\\/05\\\/03-TALLER-DE-SANTIAGO-SALTOS-Y-CHARLA-DE-MARITZA-ALVAREZ.jpg\",\"datePublished\":\"2025-04-30T16:04:00+00:00\",\"dateModified\":\"2025-05-02T00:25:09+00:00\",\"description\":\"Universidad de las Artes - Un \u201cJam de Stopmotion\u201d en el que Samuel Saltos plante\u00f3 desaf\u00edos a sus talleristas\",\"breadcrumb\":{\"@id\":\"https:\\\/\\\/www.uartes.edu.ec\\\/sitio\\\/en\\\/blog\\\/2025\\\/04\\\/30\\\/un-jam-de-stopmotion-que-desafio-la-imaginacion\\\/#breadcrumb\"},\"inLanguage\":\"en-US\",\"potentialAction\":[{\"@type\":\"ReadAction\",\"target\":[\"https:\\\/\\\/www.uartes.edu.ec\\\/sitio\\\/en\\\/blog\\\/2025\\\/04\\\/30\\\/un-jam-de-stopmotion-que-desafio-la-imaginacion\\\/\"]}]},{\"@type\":\"ImageObject\",\"inLanguage\":\"en-US\",\"@id\":\"https:\\\/\\\/www.uartes.edu.ec\\\/sitio\\\/en\\\/blog\\\/2025\\\/04\\\/30\\\/un-jam-de-stopmotion-que-desafio-la-imaginacion\\\/#primaryimage\",\"url\":\"https:\\\/\\\/www.uartes.edu.ec\\\/sitio\\\/wp-content\\\/uploads\\\/2025\\\/05\\\/03-TALLER-DE-SANTIAGO-SALTOS-Y-CHARLA-DE-MARITZA-ALVAREZ.jpg\",\"contentUrl\":\"https:\\\/\\\/www.uartes.edu.ec\\\/sitio\\\/wp-content\\\/uploads\\\/2025\\\/05\\\/03-TALLER-DE-SANTIAGO-SALTOS-Y-CHARLA-DE-MARITZA-ALVAREZ.jpg\",\"width\":2000,\"height\":1333},{\"@type\":\"BreadcrumbList\",\"@id\":\"https:\\\/\\\/www.uartes.edu.ec\\\/sitio\\\/en\\\/blog\\\/2025\\\/04\\\/30\\\/un-jam-de-stopmotion-que-desafio-la-imaginacion\\\/#breadcrumb\",\"itemListElement\":[{\"@type\":\"ListItem\",\"position\":1,\"name\":\"Inicio\",\"item\":\"https:\\\/\\\/www.uartes.edu.ec\\\/sitio\\\/\"},{\"@type\":\"ListItem\",\"position\":2,\"name\":\"Un \u201cJam de Stopmotion\u201d en el que Samuel Saltos plante\u00f3 desaf\u00edos a sus talleristas\"}]},{\"@type\":\"WebSite\",\"@id\":\"https:\\\/\\\/www.uartes.edu.ec\\\/sitio\\\/en\\\/#website\",\"url\":\"https:\\\/\\\/www.uartes.edu.ec\\\/sitio\\\/en\\\/\",\"name\":\"Universidad de las Artes\",\"description\":\"Sitio oficial de la Universidad Nacional de las Artes del Ecuador\",\"publisher\":{\"@id\":\"https:\\\/\\\/www.uartes.edu.ec\\\/sitio\\\/en\\\/#organization\"},\"potentialAction\":[{\"@type\":\"SearchAction\",\"target\":{\"@type\":\"EntryPoint\",\"urlTemplate\":\"https:\\\/\\\/www.uartes.edu.ec\\\/sitio\\\/en\\\/?s={search_term_string}\"},\"query-input\":{\"@type\":\"PropertyValueSpecification\",\"valueRequired\":true,\"valueName\":\"search_term_string\"}}],\"inLanguage\":\"en-US\"},{\"@type\":\"Organization\",\"@id\":\"https:\\\/\\\/www.uartes.edu.ec\\\/sitio\\\/en\\\/#organization\",\"name\":\"Universidad de las Artes\",\"url\":\"https:\\\/\\\/www.uartes.edu.ec\\\/sitio\\\/en\\\/\",\"logo\":{\"@type\":\"ImageObject\",\"inLanguage\":\"en-US\",\"@id\":\"https:\\\/\\\/www.uartes.edu.ec\\\/sitio\\\/en\\\/#\\\/schema\\\/logo\\\/image\\\/\",\"url\":\"https:\\\/\\\/www.uartes.edu.ec\\\/sitio\\\/wp-content\\\/uploads\\\/2022\\\/07\\\/logo-ua-horizontal.png\",\"contentUrl\":\"https:\\\/\\\/www.uartes.edu.ec\\\/sitio\\\/wp-content\\\/uploads\\\/2022\\\/07\\\/logo-ua-horizontal.png\",\"width\":800,\"height\":276,\"caption\":\"Universidad de las Artes\"},\"image\":{\"@id\":\"https:\\\/\\\/www.uartes.edu.ec\\\/sitio\\\/en\\\/#\\\/schema\\\/logo\\\/image\\\/\"},\"sameAs\":[\"https:\\\/\\\/www.facebook.com\\\/uartesec\",\"https:\\\/\\\/x.com\\\/uartesec\",\"https:\\\/\\\/www.tiktok.com\\\/@uartesec\"]},{\"@type\":\"Person\",\"@id\":\"https:\\\/\\\/www.uartes.edu.ec\\\/sitio\\\/en\\\/#\\\/schema\\\/person\\\/efa1b8275797664fd7f13a79ccc0b1f4\",\"name\":\"ccortez\",\"image\":{\"@type\":\"ImageObject\",\"inLanguage\":\"en-US\",\"@id\":\"https:\\\/\\\/secure.gravatar.com\\\/avatar\\\/b2a6f664a3ae8e074346ef91775736c5ec479e637ecced6842de9dc98b5da9cd?s=96&d=mm&r=g\",\"url\":\"https:\\\/\\\/secure.gravatar.com\\\/avatar\\\/b2a6f664a3ae8e074346ef91775736c5ec479e637ecced6842de9dc98b5da9cd?s=96&d=mm&r=g\",\"contentUrl\":\"https:\\\/\\\/secure.gravatar.com\\\/avatar\\\/b2a6f664a3ae8e074346ef91775736c5ec479e637ecced6842de9dc98b5da9cd?s=96&d=mm&r=g\",\"caption\":\"ccortez\"},\"url\":\"https:\\\/\\\/www.uartes.edu.ec\\\/sitio\\\/en\\\/blog\\\/author\\\/ccortez\\\/\"}]}<\/script>\n<!-- \/ Yoast SEO plugin. -->","yoast_head_json":{"title":"Universidad de las Artes - Un \u201cJam de Stopmotion\u201d en el que Samuel Saltos plante\u00f3 desaf\u00edos a sus talleristas","description":"Universidad de las Artes - Un \u201cJam de Stopmotion\u201d en el que Samuel Saltos plante\u00f3 desaf\u00edos a sus talleristas","robots":{"index":"index","follow":"follow","max-snippet":"max-snippet:-1","max-image-preview":"max-image-preview:large","max-video-preview":"max-video-preview:-1"},"canonical":"https:\/\/www.uartes.edu.ec\/sitio\/en\/blog\/2025\/04\/30\/un-jam-de-stopmotion-que-desafio-la-imaginacion\/","og_locale":"en_US","og_type":"article","og_title":"Universidad de las Artes - Un \u201cJam de Stopmotion\u201d en el que Samuel Saltos plante\u00f3 desaf\u00edos a sus talleristas","og_description":"Universidad de las Artes - Un \u201cJam de Stopmotion\u201d en el que Samuel Saltos plante\u00f3 desaf\u00edos a sus talleristas","og_url":"https:\/\/www.uartes.edu.ec\/sitio\/en\/blog\/2025\/04\/30\/un-jam-de-stopmotion-que-desafio-la-imaginacion\/","og_site_name":"Universidad de las Artes","article_publisher":"https:\/\/www.facebook.com\/uartesec","article_published_time":"2025-04-30T16:04:00+00:00","article_modified_time":"2025-05-02T00:25:09+00:00","og_image":[{"width":2000,"height":1333,"url":"https:\/\/www.uartes.edu.ec\/sitio\/wp-content\/uploads\/2025\/05\/03-TALLER-DE-SANTIAGO-SALTOS-Y-CHARLA-DE-MARITZA-ALVAREZ.jpg","type":"image\/jpeg"}],"author":"ccortez","twitter_card":"summary_large_image","twitter_creator":"@uartesec","twitter_site":"@uartesec","twitter_misc":{"Written by":"ccortez","Est. reading time":"3 minutes"},"schema":{"@context":"https:\/\/schema.org","@graph":[{"@type":"Article","@id":"https:\/\/www.uartes.edu.ec\/sitio\/en\/blog\/2025\/04\/30\/un-jam-de-stopmotion-que-desafio-la-imaginacion\/#article","isPartOf":{"@id":"https:\/\/www.uartes.edu.ec\/sitio\/en\/blog\/2025\/04\/30\/un-jam-de-stopmotion-que-desafio-la-imaginacion\/"},"author":{"name":"ccortez","@id":"https:\/\/www.uartes.edu.ec\/sitio\/en\/#\/schema\/person\/efa1b8275797664fd7f13a79ccc0b1f4"},"headline":"Un \u201cJam de Stopmotion\u201d en el que Samuel Saltos plante\u00f3 desaf\u00edos a sus talleristas","datePublished":"2025-04-30T16:04:00+00:00","dateModified":"2025-05-02T00:25:09+00:00","mainEntityOfPage":{"@id":"https:\/\/www.uartes.edu.ec\/sitio\/en\/blog\/2025\/04\/30\/un-jam-de-stopmotion-que-desafio-la-imaginacion\/"},"wordCount":624,"commentCount":0,"publisher":{"@id":"https:\/\/www.uartes.edu.ec\/sitio\/en\/#organization"},"image":{"@id":"https:\/\/www.uartes.edu.ec\/sitio\/en\/blog\/2025\/04\/30\/un-jam-de-stopmotion-que-desafio-la-imaginacion\/#primaryimage"},"thumbnailUrl":"https:\/\/www.uartes.edu.ec\/sitio\/wp-content\/uploads\/2025\/05\/03-TALLER-DE-SANTIAGO-SALTOS-Y-CHARLA-DE-MARITZA-ALVAREZ.jpg","keywords":["biblioteca"],"articleSection":["Administrativos","Alumni","Artes","Docentes","Estudiantes"],"inLanguage":"en-US","potentialAction":[{"@type":"CommentAction","name":"Comment","target":["https:\/\/www.uartes.edu.ec\/sitio\/en\/blog\/2025\/04\/30\/un-jam-de-stopmotion-que-desafio-la-imaginacion\/#respond"]}]},{"@type":["WebPage","ItemPage"],"@id":"https:\/\/www.uartes.edu.ec\/sitio\/en\/blog\/2025\/04\/30\/un-jam-de-stopmotion-que-desafio-la-imaginacion\/","url":"https:\/\/www.uartes.edu.ec\/sitio\/en\/blog\/2025\/04\/30\/un-jam-de-stopmotion-que-desafio-la-imaginacion\/","name":"Universidad de las Artes - Un \u201cJam de Stopmotion\u201d en el que Samuel Saltos plante\u00f3 desaf\u00edos a sus talleristas","isPartOf":{"@id":"https:\/\/www.uartes.edu.ec\/sitio\/en\/#website"},"primaryImageOfPage":{"@id":"https:\/\/www.uartes.edu.ec\/sitio\/en\/blog\/2025\/04\/30\/un-jam-de-stopmotion-que-desafio-la-imaginacion\/#primaryimage"},"image":{"@id":"https:\/\/www.uartes.edu.ec\/sitio\/en\/blog\/2025\/04\/30\/un-jam-de-stopmotion-que-desafio-la-imaginacion\/#primaryimage"},"thumbnailUrl":"https:\/\/www.uartes.edu.ec\/sitio\/wp-content\/uploads\/2025\/05\/03-TALLER-DE-SANTIAGO-SALTOS-Y-CHARLA-DE-MARITZA-ALVAREZ.jpg","datePublished":"2025-04-30T16:04:00+00:00","dateModified":"2025-05-02T00:25:09+00:00","description":"Universidad de las Artes - Un \u201cJam de Stopmotion\u201d en el que Samuel Saltos plante\u00f3 desaf\u00edos a sus talleristas","breadcrumb":{"@id":"https:\/\/www.uartes.edu.ec\/sitio\/en\/blog\/2025\/04\/30\/un-jam-de-stopmotion-que-desafio-la-imaginacion\/#breadcrumb"},"inLanguage":"en-US","potentialAction":[{"@type":"ReadAction","target":["https:\/\/www.uartes.edu.ec\/sitio\/en\/blog\/2025\/04\/30\/un-jam-de-stopmotion-que-desafio-la-imaginacion\/"]}]},{"@type":"ImageObject","inLanguage":"en-US","@id":"https:\/\/www.uartes.edu.ec\/sitio\/en\/blog\/2025\/04\/30\/un-jam-de-stopmotion-que-desafio-la-imaginacion\/#primaryimage","url":"https:\/\/www.uartes.edu.ec\/sitio\/wp-content\/uploads\/2025\/05\/03-TALLER-DE-SANTIAGO-SALTOS-Y-CHARLA-DE-MARITZA-ALVAREZ.jpg","contentUrl":"https:\/\/www.uartes.edu.ec\/sitio\/wp-content\/uploads\/2025\/05\/03-TALLER-DE-SANTIAGO-SALTOS-Y-CHARLA-DE-MARITZA-ALVAREZ.jpg","width":2000,"height":1333},{"@type":"BreadcrumbList","@id":"https:\/\/www.uartes.edu.ec\/sitio\/en\/blog\/2025\/04\/30\/un-jam-de-stopmotion-que-desafio-la-imaginacion\/#breadcrumb","itemListElement":[{"@type":"ListItem","position":1,"name":"Inicio","item":"https:\/\/www.uartes.edu.ec\/sitio\/"},{"@type":"ListItem","position":2,"name":"Un \u201cJam de Stopmotion\u201d en el que Samuel Saltos plante\u00f3 desaf\u00edos a sus talleristas"}]},{"@type":"WebSite","@id":"https:\/\/www.uartes.edu.ec\/sitio\/en\/#website","url":"https:\/\/www.uartes.edu.ec\/sitio\/en\/","name":"Universidad de las Artes","description":"Sitio oficial de la Universidad Nacional de las Artes del Ecuador","publisher":{"@id":"https:\/\/www.uartes.edu.ec\/sitio\/en\/#organization"},"potentialAction":[{"@type":"SearchAction","target":{"@type":"EntryPoint","urlTemplate":"https:\/\/www.uartes.edu.ec\/sitio\/en\/?s={search_term_string}"},"query-input":{"@type":"PropertyValueSpecification","valueRequired":true,"valueName":"search_term_string"}}],"inLanguage":"en-US"},{"@type":"Organization","@id":"https:\/\/www.uartes.edu.ec\/sitio\/en\/#organization","name":"Universidad de las Artes","url":"https:\/\/www.uartes.edu.ec\/sitio\/en\/","logo":{"@type":"ImageObject","inLanguage":"en-US","@id":"https:\/\/www.uartes.edu.ec\/sitio\/en\/#\/schema\/logo\/image\/","url":"https:\/\/www.uartes.edu.ec\/sitio\/wp-content\/uploads\/2022\/07\/logo-ua-horizontal.png","contentUrl":"https:\/\/www.uartes.edu.ec\/sitio\/wp-content\/uploads\/2022\/07\/logo-ua-horizontal.png","width":800,"height":276,"caption":"Universidad de las Artes"},"image":{"@id":"https:\/\/www.uartes.edu.ec\/sitio\/en\/#\/schema\/logo\/image\/"},"sameAs":["https:\/\/www.facebook.com\/uartesec","https:\/\/x.com\/uartesec","https:\/\/www.tiktok.com\/@uartesec"]},{"@type":"Person","@id":"https:\/\/www.uartes.edu.ec\/sitio\/en\/#\/schema\/person\/efa1b8275797664fd7f13a79ccc0b1f4","name":"ccortez","image":{"@type":"ImageObject","inLanguage":"en-US","@id":"https:\/\/secure.gravatar.com\/avatar\/b2a6f664a3ae8e074346ef91775736c5ec479e637ecced6842de9dc98b5da9cd?s=96&d=mm&r=g","url":"https:\/\/secure.gravatar.com\/avatar\/b2a6f664a3ae8e074346ef91775736c5ec479e637ecced6842de9dc98b5da9cd?s=96&d=mm&r=g","contentUrl":"https:\/\/secure.gravatar.com\/avatar\/b2a6f664a3ae8e074346ef91775736c5ec479e637ecced6842de9dc98b5da9cd?s=96&d=mm&r=g","caption":"ccortez"},"url":"https:\/\/www.uartes.edu.ec\/sitio\/en\/blog\/author\/ccortez\/"}]}},"uagb_featured_image_src":{"full":["https:\/\/www.uartes.edu.ec\/sitio\/wp-content\/uploads\/2025\/05\/03-TALLER-DE-SANTIAGO-SALTOS-Y-CHARLA-DE-MARITZA-ALVAREZ.jpg",2000,1333,false],"thumbnail":["https:\/\/www.uartes.edu.ec\/sitio\/wp-content\/uploads\/2025\/05\/03-TALLER-DE-SANTIAGO-SALTOS-Y-CHARLA-DE-MARITZA-ALVAREZ-150x150.jpg",150,150,true],"medium":["https:\/\/www.uartes.edu.ec\/sitio\/wp-content\/uploads\/2025\/05\/03-TALLER-DE-SANTIAGO-SALTOS-Y-CHARLA-DE-MARITZA-ALVAREZ-300x200.jpg",300,200,true],"medium_large":["https:\/\/www.uartes.edu.ec\/sitio\/wp-content\/uploads\/2025\/05\/03-TALLER-DE-SANTIAGO-SALTOS-Y-CHARLA-DE-MARITZA-ALVAREZ-768x512.jpg",768,512,true],"large":["https:\/\/www.uartes.edu.ec\/sitio\/wp-content\/uploads\/2025\/05\/03-TALLER-DE-SANTIAGO-SALTOS-Y-CHARLA-DE-MARITZA-ALVAREZ-644x429.jpg",644,429,true],"1536x1536":["https:\/\/www.uartes.edu.ec\/sitio\/wp-content\/uploads\/2025\/05\/03-TALLER-DE-SANTIAGO-SALTOS-Y-CHARLA-DE-MARITZA-ALVAREZ-1536x1024.jpg",1536,1024,true],"2048x2048":["https:\/\/www.uartes.edu.ec\/sitio\/wp-content\/uploads\/2025\/05\/03-TALLER-DE-SANTIAGO-SALTOS-Y-CHARLA-DE-MARITZA-ALVAREZ.jpg",2000,1333,false],"trp-custom-language-flag":["https:\/\/www.uartes.edu.ec\/sitio\/wp-content\/uploads\/2025\/05\/03-TALLER-DE-SANTIAGO-SALTOS-Y-CHARLA-DE-MARITZA-ALVAREZ-18x12.jpg",18,12,true],"htmega_size_585x295":["https:\/\/www.uartes.edu.ec\/sitio\/wp-content\/uploads\/2025\/05\/03-TALLER-DE-SANTIAGO-SALTOS-Y-CHARLA-DE-MARITZA-ALVAREZ-585x295.jpg",585,295,true],"htmega_size_1170x536":["https:\/\/www.uartes.edu.ec\/sitio\/wp-content\/uploads\/2025\/05\/03-TALLER-DE-SANTIAGO-SALTOS-Y-CHARLA-DE-MARITZA-ALVAREZ-1170x536.jpg",1170,536,true],"htmega_size_396x360":["https:\/\/www.uartes.edu.ec\/sitio\/wp-content\/uploads\/2025\/05\/03-TALLER-DE-SANTIAGO-SALTOS-Y-CHARLA-DE-MARITZA-ALVAREZ-396x360.jpg",396,360,true],"gb-block-post-grid-landscape":["https:\/\/www.uartes.edu.ec\/sitio\/wp-content\/uploads\/2025\/05\/03-TALLER-DE-SANTIAGO-SALTOS-Y-CHARLA-DE-MARITZA-ALVAREZ-600x400.jpg",600,400,true],"gb-block-post-grid-square":["https:\/\/www.uartes.edu.ec\/sitio\/wp-content\/uploads\/2025\/05\/03-TALLER-DE-SANTIAGO-SALTOS-Y-CHARLA-DE-MARITZA-ALVAREZ-600x600.jpg",600,600,true],"university-hub-thumb":["https:\/\/www.uartes.edu.ec\/sitio\/wp-content\/uploads\/2025\/05\/03-TALLER-DE-SANTIAGO-SALTOS-Y-CHARLA-DE-MARITZA-ALVAREZ-400x267.jpg",400,267,true]},"uagb_author_info":{"display_name":"ccortez","author_link":"https:\/\/www.uartes.edu.ec\/sitio\/en\/blog\/author\/ccortez\/"},"uagb_comment_info":0,"uagb_excerpt":"La animaci\u00f3n en Stopmotion es una exploraci\u00f3n enriquecedora que desaf\u00eda la imaginaci\u00f3n y permite darle movimiento o vida a un objeto o material inerte. El artista visual Samuel Saltos comparti\u00f3 su conocimiento sobre el tema a los talleristas que participaron en la propuesta con la particip\u00f3 en Lanfor Abierta, organizada por la Biblioteca de las&hellip;","featured_image_src":"https:\/\/www.uartes.edu.ec\/sitio\/wp-content\/uploads\/2025\/05\/03-TALLER-DE-SANTIAGO-SALTOS-Y-CHARLA-DE-MARITZA-ALVAREZ-600x400.jpg","featured_image_src_square":"https:\/\/www.uartes.edu.ec\/sitio\/wp-content\/uploads\/2025\/05\/03-TALLER-DE-SANTIAGO-SALTOS-Y-CHARLA-DE-MARITZA-ALVAREZ-600x600.jpg","author_info":{"display_name":"ccortez","author_link":"https:\/\/www.uartes.edu.ec\/sitio\/en\/blog\/author\/ccortez\/"},"publishpress_future_workflow_manual_trigger":{"enabledWorkflows":[]},"distributor_meta":false,"distributor_terms":false,"distributor_media":false,"distributor_original_site_name":"Universidad de las Artes","distributor_original_site_url":"https:\/\/www.uartes.edu.ec\/sitio\/en","push-errors":false,"_links":{"self":[{"href":"https:\/\/www.uartes.edu.ec\/sitio\/en\/wp-json\/wp\/v2\/posts\/71237","targetHints":{"allow":["GET"]}}],"collection":[{"href":"https:\/\/www.uartes.edu.ec\/sitio\/en\/wp-json\/wp\/v2\/posts"}],"about":[{"href":"https:\/\/www.uartes.edu.ec\/sitio\/en\/wp-json\/wp\/v2\/types\/post"}],"author":[{"embeddable":true,"href":"https:\/\/www.uartes.edu.ec\/sitio\/en\/wp-json\/wp\/v2\/users\/10"}],"replies":[{"embeddable":true,"href":"https:\/\/www.uartes.edu.ec\/sitio\/en\/wp-json\/wp\/v2\/comments?post=71237"}],"version-history":[{"count":6,"href":"https:\/\/www.uartes.edu.ec\/sitio\/en\/wp-json\/wp\/v2\/posts\/71237\/revisions"}],"predecessor-version":[{"id":71261,"href":"https:\/\/www.uartes.edu.ec\/sitio\/en\/wp-json\/wp\/v2\/posts\/71237\/revisions\/71261"}],"wp:featuredmedia":[{"embeddable":true,"href":"https:\/\/www.uartes.edu.ec\/sitio\/en\/wp-json\/wp\/v2\/media\/71238"}],"wp:attachment":[{"href":"https:\/\/www.uartes.edu.ec\/sitio\/en\/wp-json\/wp\/v2\/media?parent=71237"}],"wp:term":[{"taxonomy":"category","embeddable":true,"href":"https:\/\/www.uartes.edu.ec\/sitio\/en\/wp-json\/wp\/v2\/categories?post=71237"},{"taxonomy":"post_tag","embeddable":true,"href":"https:\/\/www.uartes.edu.ec\/sitio\/en\/wp-json\/wp\/v2\/tags?post=71237"},{"taxonomy":"infouartes","embeddable":true,"href":"https:\/\/www.uartes.edu.ec\/sitio\/en\/wp-json\/wp\/v2\/infouartes?post=71237"}],"curies":[{"name":"wp","href":"https:\/\/api.w.org\/{rel}","templated":true}]}}