{"id":71350,"date":"2025-05-01T16:58:00","date_gmt":"2025-05-01T21:58:00","guid":{"rendered":"https:\/\/www.uartes.edu.ec\/sitio\/?p=71350"},"modified":"2025-05-14T10:11:34","modified_gmt":"2025-05-14T15:11:34","slug":"danza-musica-en-vivo-tradicion-oral-fusion-de-raices-ritmo-y-movimiento-en-obra-escenica-y-taller-con-alumnus-khrystel-ortiz","status":"publish","type":"post","link":"https:\/\/www.uartes.edu.ec\/sitio\/en\/blog\/2025\/05\/01\/danza-musica-en-vivo-tradicion-oral-fusion-de-raices-ritmo-y-movimiento-en-obra-escenica-y-taller-con-alumnus-khrystel-ortiz\/","title":{"rendered":"Danza, m\u00fasica en vivo, tradici\u00f3n oral y fusi\u00f3n de ra\u00edces, ritmo y movimiento en obra esc\u00e9nica y taller con Khrystel Ortiz"},"content":{"rendered":"<p>\u201cChigualo para un angelito\u201d, el martes 29 de abril, y \u201cRa\u00edces, ritmo y movimiento\u201d, el mi\u00e9rcoles 30. Son dos de las actividades que se desarrollaron en el marco del D\u00eda Internacional de la Danza y constaron en las actividades programadas por esa carrera de la Escuela de Artes Esc\u00e9nicas de la Universidad de las Artes. La primera es una obra esc\u00e9nica y la segunda, un taller de danza afrocontempor\u00e1nea.<\/p>\n\n\n\n<p>La artista y alumnus Khrystel Ortiz estuvo al frente de las dos propuestas. En \u201cChigualo para un angelito\u201d, la danza, m\u00fasica en vivo y tradici\u00f3n oral afroesmeralde\u00f1a se fusionan para rendir homenaje a los rituales ancestrales que celebran la vida de los ni\u00f1os que han partido. A trav\u00e9s de un lenguaje contempor\u00e1neo y sensorial esta propuesta es una invitaci\u00f3n a reflexionar sobre la espiritualidad, la identidad y la memoria colectiva. Un laboratorio de creaci\u00f3n que honra lo ancestral sobre el cuerpo el sonido y la emoci\u00f3n compartida.<\/p>\n\n\n\n<p>Como danza afrocontempor\u00e1nea , \u201cRa\u00edces, ritmo y movimiento\u201d explora la fusi\u00f3n de los ritmos afro con la danza contempor\u00e1nea, ofreciendo una experiencia \u00fanica que fusiona las tradiciones ancestrales con la libertad expresiva moderna. El taller propuesto por Khrystel Ortiz permiti\u00f3 a los participantes conectar con su cuerpo, experimentar de forma detallada el trabajo de las disociaciones y formas de movimiento, partiendo de la riqueza cultural afroecuatoriana.<\/p>\n\n\n\n<p>Fotos: cortes\u00eda Khrystel Ortiz, graduada de la carrera de Danza<\/p>\n\n\n<div class=\"wp-block-image\">\n<figure class=\"aligncenter size-large\"><img fetchpriority=\"high\" decoding=\"async\" width=\"644\" height=\"429\" src=\"https:\/\/www.uartes.edu.ec\/sitio\/wp-content\/uploads\/2025\/05\/03-Chigualo-Khrytel-Ortiz-644x429.jpg\" alt=\"\" class=\"wp-image-71352\" srcset=\"https:\/\/www.uartes.edu.ec\/sitio\/wp-content\/uploads\/2025\/05\/03-Chigualo-Khrytel-Ortiz-644x429.jpg 644w, https:\/\/www.uartes.edu.ec\/sitio\/wp-content\/uploads\/2025\/05\/03-Chigualo-Khrytel-Ortiz-300x200.jpg 300w, https:\/\/www.uartes.edu.ec\/sitio\/wp-content\/uploads\/2025\/05\/03-Chigualo-Khrytel-Ortiz-768x512.jpg 768w, https:\/\/www.uartes.edu.ec\/sitio\/wp-content\/uploads\/2025\/05\/03-Chigualo-Khrytel-Ortiz-1536x1024.jpg 1536w, https:\/\/www.uartes.edu.ec\/sitio\/wp-content\/uploads\/2025\/05\/03-Chigualo-Khrytel-Ortiz-18x12.jpg 18w, https:\/\/www.uartes.edu.ec\/sitio\/wp-content\/uploads\/2025\/05\/03-Chigualo-Khrytel-Ortiz-600x400.jpg 600w, https:\/\/www.uartes.edu.ec\/sitio\/wp-content\/uploads\/2025\/05\/03-Chigualo-Khrytel-Ortiz-400x267.jpg 400w, https:\/\/www.uartes.edu.ec\/sitio\/wp-content\/uploads\/2025\/05\/03-Chigualo-Khrytel-Ortiz.jpg 2000w\" sizes=\"(max-width: 644px) 100vw, 644px\" \/><\/figure>\n<\/div>\n\n\n<figure class=\"wp-block-gallery has-nested-images columns-default is-cropped wp-block-gallery-1 is-layout-flex wp-block-gallery-is-layout-flex\">\n<figure class=\"wp-block-image size-large\"><img decoding=\"async\" width=\"644\" height=\"429\" data-id=\"71353\" src=\"https:\/\/www.uartes.edu.ec\/sitio\/wp-content\/uploads\/2025\/05\/04-Chigualo-Khrytel-Ortiz-644x429.jpg\" alt=\"\" class=\"wp-image-71353\" srcset=\"https:\/\/www.uartes.edu.ec\/sitio\/wp-content\/uploads\/2025\/05\/04-Chigualo-Khrytel-Ortiz-644x429.jpg 644w, https:\/\/www.uartes.edu.ec\/sitio\/wp-content\/uploads\/2025\/05\/04-Chigualo-Khrytel-Ortiz-300x200.jpg 300w, https:\/\/www.uartes.edu.ec\/sitio\/wp-content\/uploads\/2025\/05\/04-Chigualo-Khrytel-Ortiz-768x512.jpg 768w, https:\/\/www.uartes.edu.ec\/sitio\/wp-content\/uploads\/2025\/05\/04-Chigualo-Khrytel-Ortiz-1536x1024.jpg 1536w, https:\/\/www.uartes.edu.ec\/sitio\/wp-content\/uploads\/2025\/05\/04-Chigualo-Khrytel-Ortiz-18x12.jpg 18w, https:\/\/www.uartes.edu.ec\/sitio\/wp-content\/uploads\/2025\/05\/04-Chigualo-Khrytel-Ortiz-600x400.jpg 600w, https:\/\/www.uartes.edu.ec\/sitio\/wp-content\/uploads\/2025\/05\/04-Chigualo-Khrytel-Ortiz-400x267.jpg 400w, https:\/\/www.uartes.edu.ec\/sitio\/wp-content\/uploads\/2025\/05\/04-Chigualo-Khrytel-Ortiz.jpg 2000w\" sizes=\"(max-width: 644px) 100vw, 644px\" \/><\/figure>\n\n\n\n<figure class=\"wp-block-image size-large\"><img decoding=\"async\" width=\"644\" height=\"429\" data-id=\"71354\" src=\"https:\/\/www.uartes.edu.ec\/sitio\/wp-content\/uploads\/2025\/05\/01-Chigualo-Khrytel-Ortiz-644x429.jpg\" alt=\"\" class=\"wp-image-71354\" srcset=\"https:\/\/www.uartes.edu.ec\/sitio\/wp-content\/uploads\/2025\/05\/01-Chigualo-Khrytel-Ortiz-644x429.jpg 644w, https:\/\/www.uartes.edu.ec\/sitio\/wp-content\/uploads\/2025\/05\/01-Chigualo-Khrytel-Ortiz-300x200.jpg 300w, https:\/\/www.uartes.edu.ec\/sitio\/wp-content\/uploads\/2025\/05\/01-Chigualo-Khrytel-Ortiz-768x512.jpg 768w, https:\/\/www.uartes.edu.ec\/sitio\/wp-content\/uploads\/2025\/05\/01-Chigualo-Khrytel-Ortiz-1536x1024.jpg 1536w, https:\/\/www.uartes.edu.ec\/sitio\/wp-content\/uploads\/2025\/05\/01-Chigualo-Khrytel-Ortiz-18x12.jpg 18w, https:\/\/www.uartes.edu.ec\/sitio\/wp-content\/uploads\/2025\/05\/01-Chigualo-Khrytel-Ortiz-600x400.jpg 600w, https:\/\/www.uartes.edu.ec\/sitio\/wp-content\/uploads\/2025\/05\/01-Chigualo-Khrytel-Ortiz-400x267.jpg 400w, https:\/\/www.uartes.edu.ec\/sitio\/wp-content\/uploads\/2025\/05\/01-Chigualo-Khrytel-Ortiz.jpg 2000w\" sizes=\"(max-width: 644px) 100vw, 644px\" \/><\/figure>\n<\/figure>\n\n\n\n<p><\/p>","protected":false},"excerpt":{"rendered":"<p>\u201cChigualo para un angelito\u201d, el martes 29 de abril, y \u201cRa\u00edces, ritmo y movimiento\u201d, el mi\u00e9rcoles 30. Son dos de las actividades que program\u00f3 la carrera de Danza de la Escuela de Artes Esc\u00e9nicas de la UArtes, en el marco del D\u00eda Internacional de la Danza. La primera, una obra resultado de un laboratorio de creaci\u00f3n; la segunda, un taller de danza afrocontempor\u00e1nea. Ambas a cargo de la artista y alumnus Khrystel Ortiz.<\/p>","protected":false},"author":10,"featured_media":71351,"comment_status":"open","ping_status":"open","sticky":false,"template":"","format":"standard","meta":{"_acf_changed":false,"_uag_custom_page_level_css":"","_monsterinsights_skip_tracking":false,"_monsterinsights_sitenote_active":false,"_monsterinsights_sitenote_note":"","_monsterinsights_sitenote_category":0,"cybocfi_hide_featured_image":"","footnotes":""},"categories":[80,490,82,159],"tags":[533],"infouartes":[],"class_list":["post-71350","post","type-post","status-publish","format-standard","has-post-thumbnail","hentry","category-academico","category-alumni","category-artes","category-artes-escenicas","tag-presentacion"],"acf":[],"yoast_head":"<!-- This site is optimized with the Yoast SEO plugin v27.4 - https:\/\/yoast.com\/product\/yoast-seo-wordpress\/ -->\n<title>Universidad de las Artes - Danza, m\u00fasica en vivo, tradici\u00f3n oral y fusi\u00f3n de ra\u00edces, ritmo y movimiento en obra esc\u00e9nica y taller con Khrystel Ortiz<\/title>\n<meta name=\"description\" content=\"Universidad de las Artes - Danza, m\u00fasica en vivo, tradici\u00f3n oral y fusi\u00f3n de ra\u00edces, ritmo y movimiento en obra esc\u00e9nica y taller con Khrystel Ortiz\" \/>\n<meta name=\"robots\" content=\"index, follow, max-snippet:-1, max-image-preview:large, max-video-preview:-1\" \/>\n<link rel=\"canonical\" href=\"https:\/\/www.uartes.edu.ec\/sitio\/en\/blog\/2025\/05\/01\/danza-musica-en-vivo-tradicion-oral-fusion-de-raices-ritmo-y-movimiento-en-obra-escenica-y-taller-con-alumnus-khrystel-ortiz\/\" \/>\n<meta property=\"og:locale\" content=\"en_US\" \/>\n<meta property=\"og:type\" content=\"article\" \/>\n<meta property=\"og:title\" content=\"Universidad de las Artes - Danza, m\u00fasica en vivo, tradici\u00f3n oral y fusi\u00f3n de ra\u00edces, ritmo y movimiento en obra esc\u00e9nica y taller con Khrystel Ortiz\" \/>\n<meta property=\"og:description\" content=\"Universidad de las Artes - Danza, m\u00fasica en vivo, tradici\u00f3n oral y fusi\u00f3n de ra\u00edces, ritmo y movimiento en obra esc\u00e9nica y taller con Khrystel Ortiz\" \/>\n<meta property=\"og:url\" content=\"https:\/\/www.uartes.edu.ec\/sitio\/en\/blog\/2025\/05\/01\/danza-musica-en-vivo-tradicion-oral-fusion-de-raices-ritmo-y-movimiento-en-obra-escenica-y-taller-con-alumnus-khrystel-ortiz\/\" \/>\n<meta property=\"og:site_name\" content=\"Universidad de las Artes\" \/>\n<meta property=\"article:publisher\" content=\"https:\/\/www.facebook.com\/uartesec\" \/>\n<meta property=\"article:published_time\" content=\"2025-05-01T21:58:00+00:00\" \/>\n<meta property=\"article:modified_time\" content=\"2025-05-14T15:11:34+00:00\" \/>\n<meta property=\"og:image\" content=\"https:\/\/www.uartes.edu.ec\/sitio\/wp-content\/uploads\/2025\/05\/02-Chigualo-Khrytel-Ortiz.jpg\" \/>\n\t<meta property=\"og:image:width\" content=\"2000\" \/>\n\t<meta property=\"og:image:height\" content=\"1333\" \/>\n\t<meta property=\"og:image:type\" content=\"image\/jpeg\" \/>\n<meta name=\"author\" content=\"ccortez\" \/>\n<meta name=\"twitter:card\" content=\"summary_large_image\" \/>\n<meta name=\"twitter:creator\" content=\"@uartesec\" \/>\n<meta name=\"twitter:site\" content=\"@uartesec\" \/>\n<meta name=\"twitter:label1\" content=\"Written by\" \/>\n\t<meta name=\"twitter:data1\" content=\"ccortez\" \/>\n\t<meta name=\"twitter:label2\" content=\"Est. reading time\" \/>\n\t<meta name=\"twitter:data2\" content=\"1 minute\" \/>\n<script type=\"application\/ld+json\" class=\"yoast-schema-graph\">{\"@context\":\"https:\\\/\\\/schema.org\",\"@graph\":[{\"@type\":\"Article\",\"@id\":\"https:\\\/\\\/www.uartes.edu.ec\\\/sitio\\\/en\\\/blog\\\/2025\\\/05\\\/01\\\/danza-musica-en-vivo-tradicion-oral-fusion-de-raices-ritmo-y-movimiento-en-obra-escenica-y-taller-con-alumnus-khrystel-ortiz\\\/#article\",\"isPartOf\":{\"@id\":\"https:\\\/\\\/www.uartes.edu.ec\\\/sitio\\\/en\\\/blog\\\/2025\\\/05\\\/01\\\/danza-musica-en-vivo-tradicion-oral-fusion-de-raices-ritmo-y-movimiento-en-obra-escenica-y-taller-con-alumnus-khrystel-ortiz\\\/\"},\"author\":{\"name\":\"ccortez\",\"@id\":\"https:\\\/\\\/www.uartes.edu.ec\\\/sitio\\\/en\\\/#\\\/schema\\\/person\\\/efa1b8275797664fd7f13a79ccc0b1f4\"},\"headline\":\"Danza, m\u00fasica en vivo, tradici\u00f3n oral y fusi\u00f3n de ra\u00edces, ritmo y movimiento en obra esc\u00e9nica y taller con Khrystel Ortiz\",\"datePublished\":\"2025-05-01T21:58:00+00:00\",\"dateModified\":\"2025-05-14T15:11:34+00:00\",\"mainEntityOfPage\":{\"@id\":\"https:\\\/\\\/www.uartes.edu.ec\\\/sitio\\\/en\\\/blog\\\/2025\\\/05\\\/01\\\/danza-musica-en-vivo-tradicion-oral-fusion-de-raices-ritmo-y-movimiento-en-obra-escenica-y-taller-con-alumnus-khrystel-ortiz\\\/\"},\"wordCount\":275,\"commentCount\":0,\"publisher\":{\"@id\":\"https:\\\/\\\/www.uartes.edu.ec\\\/sitio\\\/en\\\/#organization\"},\"image\":{\"@id\":\"https:\\\/\\\/www.uartes.edu.ec\\\/sitio\\\/en\\\/blog\\\/2025\\\/05\\\/01\\\/danza-musica-en-vivo-tradicion-oral-fusion-de-raices-ritmo-y-movimiento-en-obra-escenica-y-taller-con-alumnus-khrystel-ortiz\\\/#primaryimage\"},\"thumbnailUrl\":\"https:\\\/\\\/www.uartes.edu.ec\\\/sitio\\\/wp-content\\\/uploads\\\/2025\\\/05\\\/02-Chigualo-Khrytel-Ortiz.jpg\",\"keywords\":[\"presentaci\u00f3n\"],\"articleSection\":[\"Acad\u00e9mico\",\"Alumni\",\"Artes\",\"Artes Esc\u00e9nicas\"],\"inLanguage\":\"en-US\",\"potentialAction\":[{\"@type\":\"CommentAction\",\"name\":\"Comment\",\"target\":[\"https:\\\/\\\/www.uartes.edu.ec\\\/sitio\\\/en\\\/blog\\\/2025\\\/05\\\/01\\\/danza-musica-en-vivo-tradicion-oral-fusion-de-raices-ritmo-y-movimiento-en-obra-escenica-y-taller-con-alumnus-khrystel-ortiz\\\/#respond\"]}]},{\"@type\":[\"WebPage\",\"ItemPage\"],\"@id\":\"https:\\\/\\\/www.uartes.edu.ec\\\/sitio\\\/en\\\/blog\\\/2025\\\/05\\\/01\\\/danza-musica-en-vivo-tradicion-oral-fusion-de-raices-ritmo-y-movimiento-en-obra-escenica-y-taller-con-alumnus-khrystel-ortiz\\\/\",\"url\":\"https:\\\/\\\/www.uartes.edu.ec\\\/sitio\\\/en\\\/blog\\\/2025\\\/05\\\/01\\\/danza-musica-en-vivo-tradicion-oral-fusion-de-raices-ritmo-y-movimiento-en-obra-escenica-y-taller-con-alumnus-khrystel-ortiz\\\/\",\"name\":\"Universidad de las Artes - Danza, m\u00fasica en vivo, tradici\u00f3n oral y fusi\u00f3n de ra\u00edces, ritmo y movimiento en obra esc\u00e9nica y taller con Khrystel Ortiz\",\"isPartOf\":{\"@id\":\"https:\\\/\\\/www.uartes.edu.ec\\\/sitio\\\/en\\\/#website\"},\"primaryImageOfPage\":{\"@id\":\"https:\\\/\\\/www.uartes.edu.ec\\\/sitio\\\/en\\\/blog\\\/2025\\\/05\\\/01\\\/danza-musica-en-vivo-tradicion-oral-fusion-de-raices-ritmo-y-movimiento-en-obra-escenica-y-taller-con-alumnus-khrystel-ortiz\\\/#primaryimage\"},\"image\":{\"@id\":\"https:\\\/\\\/www.uartes.edu.ec\\\/sitio\\\/en\\\/blog\\\/2025\\\/05\\\/01\\\/danza-musica-en-vivo-tradicion-oral-fusion-de-raices-ritmo-y-movimiento-en-obra-escenica-y-taller-con-alumnus-khrystel-ortiz\\\/#primaryimage\"},\"thumbnailUrl\":\"https:\\\/\\\/www.uartes.edu.ec\\\/sitio\\\/wp-content\\\/uploads\\\/2025\\\/05\\\/02-Chigualo-Khrytel-Ortiz.jpg\",\"datePublished\":\"2025-05-01T21:58:00+00:00\",\"dateModified\":\"2025-05-14T15:11:34+00:00\",\"description\":\"Universidad de las Artes - Danza, m\u00fasica en vivo, tradici\u00f3n oral y fusi\u00f3n de ra\u00edces, ritmo y movimiento en obra esc\u00e9nica y taller con Khrystel Ortiz\",\"breadcrumb\":{\"@id\":\"https:\\\/\\\/www.uartes.edu.ec\\\/sitio\\\/en\\\/blog\\\/2025\\\/05\\\/01\\\/danza-musica-en-vivo-tradicion-oral-fusion-de-raices-ritmo-y-movimiento-en-obra-escenica-y-taller-con-alumnus-khrystel-ortiz\\\/#breadcrumb\"},\"inLanguage\":\"en-US\",\"potentialAction\":[{\"@type\":\"ReadAction\",\"target\":[\"https:\\\/\\\/www.uartes.edu.ec\\\/sitio\\\/en\\\/blog\\\/2025\\\/05\\\/01\\\/danza-musica-en-vivo-tradicion-oral-fusion-de-raices-ritmo-y-movimiento-en-obra-escenica-y-taller-con-alumnus-khrystel-ortiz\\\/\"]}]},{\"@type\":\"ImageObject\",\"inLanguage\":\"en-US\",\"@id\":\"https:\\\/\\\/www.uartes.edu.ec\\\/sitio\\\/en\\\/blog\\\/2025\\\/05\\\/01\\\/danza-musica-en-vivo-tradicion-oral-fusion-de-raices-ritmo-y-movimiento-en-obra-escenica-y-taller-con-alumnus-khrystel-ortiz\\\/#primaryimage\",\"url\":\"https:\\\/\\\/www.uartes.edu.ec\\\/sitio\\\/wp-content\\\/uploads\\\/2025\\\/05\\\/02-Chigualo-Khrytel-Ortiz.jpg\",\"contentUrl\":\"https:\\\/\\\/www.uartes.edu.ec\\\/sitio\\\/wp-content\\\/uploads\\\/2025\\\/05\\\/02-Chigualo-Khrytel-Ortiz.jpg\",\"width\":2000,\"height\":1333},{\"@type\":\"BreadcrumbList\",\"@id\":\"https:\\\/\\\/www.uartes.edu.ec\\\/sitio\\\/en\\\/blog\\\/2025\\\/05\\\/01\\\/danza-musica-en-vivo-tradicion-oral-fusion-de-raices-ritmo-y-movimiento-en-obra-escenica-y-taller-con-alumnus-khrystel-ortiz\\\/#breadcrumb\",\"itemListElement\":[{\"@type\":\"ListItem\",\"position\":1,\"name\":\"Inicio\",\"item\":\"https:\\\/\\\/www.uartes.edu.ec\\\/sitio\\\/\"},{\"@type\":\"ListItem\",\"position\":2,\"name\":\"Danza, m\u00fasica en vivo, tradici\u00f3n oral y fusi\u00f3n de ra\u00edces, ritmo y movimiento en obra esc\u00e9nica y taller con Khrystel Ortiz\"}]},{\"@type\":\"WebSite\",\"@id\":\"https:\\\/\\\/www.uartes.edu.ec\\\/sitio\\\/en\\\/#website\",\"url\":\"https:\\\/\\\/www.uartes.edu.ec\\\/sitio\\\/en\\\/\",\"name\":\"Universidad de las Artes\",\"description\":\"Sitio oficial de la Universidad Nacional de las Artes del Ecuador\",\"publisher\":{\"@id\":\"https:\\\/\\\/www.uartes.edu.ec\\\/sitio\\\/en\\\/#organization\"},\"potentialAction\":[{\"@type\":\"SearchAction\",\"target\":{\"@type\":\"EntryPoint\",\"urlTemplate\":\"https:\\\/\\\/www.uartes.edu.ec\\\/sitio\\\/en\\\/?s={search_term_string}\"},\"query-input\":{\"@type\":\"PropertyValueSpecification\",\"valueRequired\":true,\"valueName\":\"search_term_string\"}}],\"inLanguage\":\"en-US\"},{\"@type\":\"Organization\",\"@id\":\"https:\\\/\\\/www.uartes.edu.ec\\\/sitio\\\/en\\\/#organization\",\"name\":\"Universidad de las Artes\",\"url\":\"https:\\\/\\\/www.uartes.edu.ec\\\/sitio\\\/en\\\/\",\"logo\":{\"@type\":\"ImageObject\",\"inLanguage\":\"en-US\",\"@id\":\"https:\\\/\\\/www.uartes.edu.ec\\\/sitio\\\/en\\\/#\\\/schema\\\/logo\\\/image\\\/\",\"url\":\"https:\\\/\\\/www.uartes.edu.ec\\\/sitio\\\/wp-content\\\/uploads\\\/2022\\\/07\\\/logo-ua-horizontal.png\",\"contentUrl\":\"https:\\\/\\\/www.uartes.edu.ec\\\/sitio\\\/wp-content\\\/uploads\\\/2022\\\/07\\\/logo-ua-horizontal.png\",\"width\":800,\"height\":276,\"caption\":\"Universidad de las Artes\"},\"image\":{\"@id\":\"https:\\\/\\\/www.uartes.edu.ec\\\/sitio\\\/en\\\/#\\\/schema\\\/logo\\\/image\\\/\"},\"sameAs\":[\"https:\\\/\\\/www.facebook.com\\\/uartesec\",\"https:\\\/\\\/x.com\\\/uartesec\",\"https:\\\/\\\/www.tiktok.com\\\/@uartesec\"]},{\"@type\":\"Person\",\"@id\":\"https:\\\/\\\/www.uartes.edu.ec\\\/sitio\\\/en\\\/#\\\/schema\\\/person\\\/efa1b8275797664fd7f13a79ccc0b1f4\",\"name\":\"ccortez\",\"image\":{\"@type\":\"ImageObject\",\"inLanguage\":\"en-US\",\"@id\":\"https:\\\/\\\/secure.gravatar.com\\\/avatar\\\/b2a6f664a3ae8e074346ef91775736c5ec479e637ecced6842de9dc98b5da9cd?s=96&d=mm&r=g\",\"url\":\"https:\\\/\\\/secure.gravatar.com\\\/avatar\\\/b2a6f664a3ae8e074346ef91775736c5ec479e637ecced6842de9dc98b5da9cd?s=96&d=mm&r=g\",\"contentUrl\":\"https:\\\/\\\/secure.gravatar.com\\\/avatar\\\/b2a6f664a3ae8e074346ef91775736c5ec479e637ecced6842de9dc98b5da9cd?s=96&d=mm&r=g\",\"caption\":\"ccortez\"},\"url\":\"https:\\\/\\\/www.uartes.edu.ec\\\/sitio\\\/en\\\/blog\\\/author\\\/ccortez\\\/\"}]}<\/script>\n<!-- \/ Yoast SEO plugin. -->","yoast_head_json":{"title":"Universidad de las Artes - Danza, m\u00fasica en vivo, tradici\u00f3n oral y fusi\u00f3n de ra\u00edces, ritmo y movimiento en obra esc\u00e9nica y taller con Khrystel Ortiz","description":"Universidad de las Artes - Danza, m\u00fasica en vivo, tradici\u00f3n oral y fusi\u00f3n de ra\u00edces, ritmo y movimiento en obra esc\u00e9nica y taller con Khrystel Ortiz","robots":{"index":"index","follow":"follow","max-snippet":"max-snippet:-1","max-image-preview":"max-image-preview:large","max-video-preview":"max-video-preview:-1"},"canonical":"https:\/\/www.uartes.edu.ec\/sitio\/en\/blog\/2025\/05\/01\/danza-musica-en-vivo-tradicion-oral-fusion-de-raices-ritmo-y-movimiento-en-obra-escenica-y-taller-con-alumnus-khrystel-ortiz\/","og_locale":"en_US","og_type":"article","og_title":"Universidad de las Artes - Danza, m\u00fasica en vivo, tradici\u00f3n oral y fusi\u00f3n de ra\u00edces, ritmo y movimiento en obra esc\u00e9nica y taller con Khrystel Ortiz","og_description":"Universidad de las Artes - Danza, m\u00fasica en vivo, tradici\u00f3n oral y fusi\u00f3n de ra\u00edces, ritmo y movimiento en obra esc\u00e9nica y taller con Khrystel Ortiz","og_url":"https:\/\/www.uartes.edu.ec\/sitio\/en\/blog\/2025\/05\/01\/danza-musica-en-vivo-tradicion-oral-fusion-de-raices-ritmo-y-movimiento-en-obra-escenica-y-taller-con-alumnus-khrystel-ortiz\/","og_site_name":"Universidad de las Artes","article_publisher":"https:\/\/www.facebook.com\/uartesec","article_published_time":"2025-05-01T21:58:00+00:00","article_modified_time":"2025-05-14T15:11:34+00:00","og_image":[{"width":2000,"height":1333,"url":"https:\/\/www.uartes.edu.ec\/sitio\/wp-content\/uploads\/2025\/05\/02-Chigualo-Khrytel-Ortiz.jpg","type":"image\/jpeg"}],"author":"ccortez","twitter_card":"summary_large_image","twitter_creator":"@uartesec","twitter_site":"@uartesec","twitter_misc":{"Written by":"ccortez","Est. reading time":"1 minute"},"schema":{"@context":"https:\/\/schema.org","@graph":[{"@type":"Article","@id":"https:\/\/www.uartes.edu.ec\/sitio\/en\/blog\/2025\/05\/01\/danza-musica-en-vivo-tradicion-oral-fusion-de-raices-ritmo-y-movimiento-en-obra-escenica-y-taller-con-alumnus-khrystel-ortiz\/#article","isPartOf":{"@id":"https:\/\/www.uartes.edu.ec\/sitio\/en\/blog\/2025\/05\/01\/danza-musica-en-vivo-tradicion-oral-fusion-de-raices-ritmo-y-movimiento-en-obra-escenica-y-taller-con-alumnus-khrystel-ortiz\/"},"author":{"name":"ccortez","@id":"https:\/\/www.uartes.edu.ec\/sitio\/en\/#\/schema\/person\/efa1b8275797664fd7f13a79ccc0b1f4"},"headline":"Danza, m\u00fasica en vivo, tradici\u00f3n oral y fusi\u00f3n de ra\u00edces, ritmo y movimiento en obra esc\u00e9nica y taller con Khrystel Ortiz","datePublished":"2025-05-01T21:58:00+00:00","dateModified":"2025-05-14T15:11:34+00:00","mainEntityOfPage":{"@id":"https:\/\/www.uartes.edu.ec\/sitio\/en\/blog\/2025\/05\/01\/danza-musica-en-vivo-tradicion-oral-fusion-de-raices-ritmo-y-movimiento-en-obra-escenica-y-taller-con-alumnus-khrystel-ortiz\/"},"wordCount":275,"commentCount":0,"publisher":{"@id":"https:\/\/www.uartes.edu.ec\/sitio\/en\/#organization"},"image":{"@id":"https:\/\/www.uartes.edu.ec\/sitio\/en\/blog\/2025\/05\/01\/danza-musica-en-vivo-tradicion-oral-fusion-de-raices-ritmo-y-movimiento-en-obra-escenica-y-taller-con-alumnus-khrystel-ortiz\/#primaryimage"},"thumbnailUrl":"https:\/\/www.uartes.edu.ec\/sitio\/wp-content\/uploads\/2025\/05\/02-Chigualo-Khrytel-Ortiz.jpg","keywords":["presentaci\u00f3n"],"articleSection":["Acad\u00e9mico","Alumni","Artes","Artes Esc\u00e9nicas"],"inLanguage":"en-US","potentialAction":[{"@type":"CommentAction","name":"Comment","target":["https:\/\/www.uartes.edu.ec\/sitio\/en\/blog\/2025\/05\/01\/danza-musica-en-vivo-tradicion-oral-fusion-de-raices-ritmo-y-movimiento-en-obra-escenica-y-taller-con-alumnus-khrystel-ortiz\/#respond"]}]},{"@type":["WebPage","ItemPage"],"@id":"https:\/\/www.uartes.edu.ec\/sitio\/en\/blog\/2025\/05\/01\/danza-musica-en-vivo-tradicion-oral-fusion-de-raices-ritmo-y-movimiento-en-obra-escenica-y-taller-con-alumnus-khrystel-ortiz\/","url":"https:\/\/www.uartes.edu.ec\/sitio\/en\/blog\/2025\/05\/01\/danza-musica-en-vivo-tradicion-oral-fusion-de-raices-ritmo-y-movimiento-en-obra-escenica-y-taller-con-alumnus-khrystel-ortiz\/","name":"Universidad de las Artes - Danza, m\u00fasica en vivo, tradici\u00f3n oral y fusi\u00f3n de ra\u00edces, ritmo y movimiento en obra esc\u00e9nica y taller con Khrystel Ortiz","isPartOf":{"@id":"https:\/\/www.uartes.edu.ec\/sitio\/en\/#website"},"primaryImageOfPage":{"@id":"https:\/\/www.uartes.edu.ec\/sitio\/en\/blog\/2025\/05\/01\/danza-musica-en-vivo-tradicion-oral-fusion-de-raices-ritmo-y-movimiento-en-obra-escenica-y-taller-con-alumnus-khrystel-ortiz\/#primaryimage"},"image":{"@id":"https:\/\/www.uartes.edu.ec\/sitio\/en\/blog\/2025\/05\/01\/danza-musica-en-vivo-tradicion-oral-fusion-de-raices-ritmo-y-movimiento-en-obra-escenica-y-taller-con-alumnus-khrystel-ortiz\/#primaryimage"},"thumbnailUrl":"https:\/\/www.uartes.edu.ec\/sitio\/wp-content\/uploads\/2025\/05\/02-Chigualo-Khrytel-Ortiz.jpg","datePublished":"2025-05-01T21:58:00+00:00","dateModified":"2025-05-14T15:11:34+00:00","description":"Universidad de las Artes - Danza, m\u00fasica en vivo, tradici\u00f3n oral y fusi\u00f3n de ra\u00edces, ritmo y movimiento en obra esc\u00e9nica y taller con Khrystel Ortiz","breadcrumb":{"@id":"https:\/\/www.uartes.edu.ec\/sitio\/en\/blog\/2025\/05\/01\/danza-musica-en-vivo-tradicion-oral-fusion-de-raices-ritmo-y-movimiento-en-obra-escenica-y-taller-con-alumnus-khrystel-ortiz\/#breadcrumb"},"inLanguage":"en-US","potentialAction":[{"@type":"ReadAction","target":["https:\/\/www.uartes.edu.ec\/sitio\/en\/blog\/2025\/05\/01\/danza-musica-en-vivo-tradicion-oral-fusion-de-raices-ritmo-y-movimiento-en-obra-escenica-y-taller-con-alumnus-khrystel-ortiz\/"]}]},{"@type":"ImageObject","inLanguage":"en-US","@id":"https:\/\/www.uartes.edu.ec\/sitio\/en\/blog\/2025\/05\/01\/danza-musica-en-vivo-tradicion-oral-fusion-de-raices-ritmo-y-movimiento-en-obra-escenica-y-taller-con-alumnus-khrystel-ortiz\/#primaryimage","url":"https:\/\/www.uartes.edu.ec\/sitio\/wp-content\/uploads\/2025\/05\/02-Chigualo-Khrytel-Ortiz.jpg","contentUrl":"https:\/\/www.uartes.edu.ec\/sitio\/wp-content\/uploads\/2025\/05\/02-Chigualo-Khrytel-Ortiz.jpg","width":2000,"height":1333},{"@type":"BreadcrumbList","@id":"https:\/\/www.uartes.edu.ec\/sitio\/en\/blog\/2025\/05\/01\/danza-musica-en-vivo-tradicion-oral-fusion-de-raices-ritmo-y-movimiento-en-obra-escenica-y-taller-con-alumnus-khrystel-ortiz\/#breadcrumb","itemListElement":[{"@type":"ListItem","position":1,"name":"Inicio","item":"https:\/\/www.uartes.edu.ec\/sitio\/"},{"@type":"ListItem","position":2,"name":"Danza, m\u00fasica en vivo, tradici\u00f3n oral y fusi\u00f3n de ra\u00edces, ritmo y movimiento en obra esc\u00e9nica y taller con Khrystel Ortiz"}]},{"@type":"WebSite","@id":"https:\/\/www.uartes.edu.ec\/sitio\/en\/#website","url":"https:\/\/www.uartes.edu.ec\/sitio\/en\/","name":"Universidad de las Artes","description":"Sitio oficial de la Universidad Nacional de las Artes del Ecuador","publisher":{"@id":"https:\/\/www.uartes.edu.ec\/sitio\/en\/#organization"},"potentialAction":[{"@type":"SearchAction","target":{"@type":"EntryPoint","urlTemplate":"https:\/\/www.uartes.edu.ec\/sitio\/en\/?s={search_term_string}"},"query-input":{"@type":"PropertyValueSpecification","valueRequired":true,"valueName":"search_term_string"}}],"inLanguage":"en-US"},{"@type":"Organization","@id":"https:\/\/www.uartes.edu.ec\/sitio\/en\/#organization","name":"Universidad de las Artes","url":"https:\/\/www.uartes.edu.ec\/sitio\/en\/","logo":{"@type":"ImageObject","inLanguage":"en-US","@id":"https:\/\/www.uartes.edu.ec\/sitio\/en\/#\/schema\/logo\/image\/","url":"https:\/\/www.uartes.edu.ec\/sitio\/wp-content\/uploads\/2022\/07\/logo-ua-horizontal.png","contentUrl":"https:\/\/www.uartes.edu.ec\/sitio\/wp-content\/uploads\/2022\/07\/logo-ua-horizontal.png","width":800,"height":276,"caption":"Universidad de las Artes"},"image":{"@id":"https:\/\/www.uartes.edu.ec\/sitio\/en\/#\/schema\/logo\/image\/"},"sameAs":["https:\/\/www.facebook.com\/uartesec","https:\/\/x.com\/uartesec","https:\/\/www.tiktok.com\/@uartesec"]},{"@type":"Person","@id":"https:\/\/www.uartes.edu.ec\/sitio\/en\/#\/schema\/person\/efa1b8275797664fd7f13a79ccc0b1f4","name":"ccortez","image":{"@type":"ImageObject","inLanguage":"en-US","@id":"https:\/\/secure.gravatar.com\/avatar\/b2a6f664a3ae8e074346ef91775736c5ec479e637ecced6842de9dc98b5da9cd?s=96&d=mm&r=g","url":"https:\/\/secure.gravatar.com\/avatar\/b2a6f664a3ae8e074346ef91775736c5ec479e637ecced6842de9dc98b5da9cd?s=96&d=mm&r=g","contentUrl":"https:\/\/secure.gravatar.com\/avatar\/b2a6f664a3ae8e074346ef91775736c5ec479e637ecced6842de9dc98b5da9cd?s=96&d=mm&r=g","caption":"ccortez"},"url":"https:\/\/www.uartes.edu.ec\/sitio\/en\/blog\/author\/ccortez\/"}]}},"uagb_featured_image_src":{"full":["https:\/\/www.uartes.edu.ec\/sitio\/wp-content\/uploads\/2025\/05\/02-Chigualo-Khrytel-Ortiz.jpg",2000,1333,false],"thumbnail":["https:\/\/www.uartes.edu.ec\/sitio\/wp-content\/uploads\/2025\/05\/02-Chigualo-Khrytel-Ortiz-150x150.jpg",150,150,true],"medium":["https:\/\/www.uartes.edu.ec\/sitio\/wp-content\/uploads\/2025\/05\/02-Chigualo-Khrytel-Ortiz-300x200.jpg",300,200,true],"medium_large":["https:\/\/www.uartes.edu.ec\/sitio\/wp-content\/uploads\/2025\/05\/02-Chigualo-Khrytel-Ortiz-768x512.jpg",768,512,true],"large":["https:\/\/www.uartes.edu.ec\/sitio\/wp-content\/uploads\/2025\/05\/02-Chigualo-Khrytel-Ortiz-644x429.jpg",644,429,true],"1536x1536":["https:\/\/www.uartes.edu.ec\/sitio\/wp-content\/uploads\/2025\/05\/02-Chigualo-Khrytel-Ortiz-1536x1024.jpg",1536,1024,true],"2048x2048":["https:\/\/www.uartes.edu.ec\/sitio\/wp-content\/uploads\/2025\/05\/02-Chigualo-Khrytel-Ortiz.jpg",2000,1333,false],"trp-custom-language-flag":["https:\/\/www.uartes.edu.ec\/sitio\/wp-content\/uploads\/2025\/05\/02-Chigualo-Khrytel-Ortiz-18x12.jpg",18,12,true],"htmega_size_585x295":["https:\/\/www.uartes.edu.ec\/sitio\/wp-content\/uploads\/2025\/05\/02-Chigualo-Khrytel-Ortiz-585x295.jpg",585,295,true],"htmega_size_1170x536":["https:\/\/www.uartes.edu.ec\/sitio\/wp-content\/uploads\/2025\/05\/02-Chigualo-Khrytel-Ortiz-1170x536.jpg",1170,536,true],"htmega_size_396x360":["https:\/\/www.uartes.edu.ec\/sitio\/wp-content\/uploads\/2025\/05\/02-Chigualo-Khrytel-Ortiz-396x360.jpg",396,360,true],"gb-block-post-grid-landscape":["https:\/\/www.uartes.edu.ec\/sitio\/wp-content\/uploads\/2025\/05\/02-Chigualo-Khrytel-Ortiz-600x400.jpg",600,400,true],"gb-block-post-grid-square":["https:\/\/www.uartes.edu.ec\/sitio\/wp-content\/uploads\/2025\/05\/02-Chigualo-Khrytel-Ortiz-600x600.jpg",600,600,true],"university-hub-thumb":["https:\/\/www.uartes.edu.ec\/sitio\/wp-content\/uploads\/2025\/05\/02-Chigualo-Khrytel-Ortiz-400x267.jpg",400,267,true],"mailpoet_newsletter_max":["https:\/\/www.uartes.edu.ec\/sitio\/wp-content\/uploads\/2025\/05\/02-Chigualo-Khrytel-Ortiz.jpg",1320,880,false]},"uagb_author_info":{"display_name":"ccortez","author_link":"https:\/\/www.uartes.edu.ec\/sitio\/en\/blog\/author\/ccortez\/"},"uagb_comment_info":0,"uagb_excerpt":"\u201cChigualo para un angelito\u201d, el martes 29 de abril, y \u201cRa\u00edces, ritmo y movimiento\u201d, el mi\u00e9rcoles 30. Son dos de las actividades que program\u00f3 la carrera de Danza de la Escuela de Artes Esc\u00e9nicas de la UArtes, en el marco del D\u00eda Internacional de la Danza. La primera, una obra resultado de un laboratorio de&hellip;","featured_image_src":"https:\/\/www.uartes.edu.ec\/sitio\/wp-content\/uploads\/2025\/05\/02-Chigualo-Khrytel-Ortiz-600x400.jpg","featured_image_src_square":"https:\/\/www.uartes.edu.ec\/sitio\/wp-content\/uploads\/2025\/05\/02-Chigualo-Khrytel-Ortiz-600x600.jpg","author_info":{"display_name":"ccortez","author_link":"https:\/\/www.uartes.edu.ec\/sitio\/en\/blog\/author\/ccortez\/"},"publishpress_future_workflow_manual_trigger":{"enabledWorkflows":[]},"distributor_meta":false,"distributor_terms":false,"distributor_media":false,"distributor_original_site_name":"Universidad de las Artes","distributor_original_site_url":"https:\/\/www.uartes.edu.ec\/sitio\/en","push-errors":false,"_links":{"self":[{"href":"https:\/\/www.uartes.edu.ec\/sitio\/en\/wp-json\/wp\/v2\/posts\/71350","targetHints":{"allow":["GET"]}}],"collection":[{"href":"https:\/\/www.uartes.edu.ec\/sitio\/en\/wp-json\/wp\/v2\/posts"}],"about":[{"href":"https:\/\/www.uartes.edu.ec\/sitio\/en\/wp-json\/wp\/v2\/types\/post"}],"author":[{"embeddable":true,"href":"https:\/\/www.uartes.edu.ec\/sitio\/en\/wp-json\/wp\/v2\/users\/10"}],"replies":[{"embeddable":true,"href":"https:\/\/www.uartes.edu.ec\/sitio\/en\/wp-json\/wp\/v2\/comments?post=71350"}],"version-history":[{"count":7,"href":"https:\/\/www.uartes.edu.ec\/sitio\/en\/wp-json\/wp\/v2\/posts\/71350\/revisions"}],"predecessor-version":[{"id":71381,"href":"https:\/\/www.uartes.edu.ec\/sitio\/en\/wp-json\/wp\/v2\/posts\/71350\/revisions\/71381"}],"wp:featuredmedia":[{"embeddable":true,"href":"https:\/\/www.uartes.edu.ec\/sitio\/en\/wp-json\/wp\/v2\/media\/71351"}],"wp:attachment":[{"href":"https:\/\/www.uartes.edu.ec\/sitio\/en\/wp-json\/wp\/v2\/media?parent=71350"}],"wp:term":[{"taxonomy":"category","embeddable":true,"href":"https:\/\/www.uartes.edu.ec\/sitio\/en\/wp-json\/wp\/v2\/categories?post=71350"},{"taxonomy":"post_tag","embeddable":true,"href":"https:\/\/www.uartes.edu.ec\/sitio\/en\/wp-json\/wp\/v2\/tags?post=71350"},{"taxonomy":"infouartes","embeddable":true,"href":"https:\/\/www.uartes.edu.ec\/sitio\/en\/wp-json\/wp\/v2\/infouartes?post=71350"}],"curies":[{"name":"wp","href":"https:\/\/api.w.org\/{rel}","templated":true}]}}