{"id":71627,"date":"2025-05-14T17:07:00","date_gmt":"2025-05-14T22:07:00","guid":{"rendered":"https:\/\/www.uartes.edu.ec\/sitio\/?p=71627"},"modified":"2025-05-16T09:28:36","modified_gmt":"2025-05-16T14:28:36","slug":"paul-velasco-el-arte-no-es-solo-un-acto-de-expresion-sino-tambien-de-resistencia-propuesta-y-futuro","status":"publish","type":"post","link":"https:\/\/www.uartes.edu.ec\/sitio\/en\/blog\/2025\/05\/14\/paul-velasco-el-arte-no-es-solo-un-acto-de-expresion-sino-tambien-de-resistencia-propuesta-y-futuro\/","title":{"rendered":"Pa\u00fal Velasco, mag\u00edster en Composici\u00f3n Musical: El arte no es solo un acto de expresi\u00f3n, sino tambi\u00e9n de resistencia"},"content":{"rendered":"<p>El docente Pa\u00fal Velasco Gonzales integr\u00f3 junto con once compa\u00f1eros la segunda cohorte de graduados en la maestr\u00eda en Composici\u00f3n Musical y Artes Sonora de la Universidad de las Artes. El 9 de mayo, en la Plaza P\u00fablica del MZ14 Centro de Producci\u00f3n e Innovaci\u00f3n UArtes, recibieron sus diplomas, al igual que quienes cursaron los programas de posgrados en Cine Documental, Artes Esc\u00e9nicas, Composici\u00f3n Musical y Artes Sonoras, Fotograf\u00eda y Sociedad en Am\u00e9rica Latina, y Pol\u00edticas Culturales y Gesti\u00f3n de las Artes.<\/p>\n\n\n\n<p>Tras el saludo a las autoridades, profesores, compa\u00f1eros, familia, amigos y comunidad universitaria, Velasco destac\u00f3 el momento como el paso firme que decidieron dar en el camino art\u00edstico y acad\u00e9mico que eligieron recorrer. \u201cEs un honor poder compartir estas palabras en representaci\u00f3n de esta promoci\u00f3n de posgrado que ha demostrado que el arte no es solo un acto de expresi\u00f3n, sino tambi\u00e9n de resistencia, propuesta y futuro\u201d, dijo Velasco, quien se gradu\u00f3 con altos promedios.<\/p>\n\n\n\n<p>\u201cHace un par de semanas, el doctor Pablo Cardoso, en una clase magistral, comparti\u00f3 una reflexi\u00f3n que deseo traer a esta ocasi\u00f3n. Dijo: \u2018En lugar de explotar las minas de metales preciosos y de vestir con chalecos a las fuerzas del orden, si me ponen a elegir, yo preferir\u00eda explotar la riqueza intelectual en lugar de la miner\u00eda abierta. As\u00ed, de una manera eficiente, a trav\u00e9s de la cultura, se eliminar\u00edan los problemas de seguridad y la p\u00e9rdida de generaciones que acaban en manos del hampa\u2019.<\/p>\n\n\n\n<p>Esa afirmaci\u00f3n, abon\u00f3 Velasco, encierra una verdad urgente: el conocimiento y la creaci\u00f3n son bienes de mucho valor que tienden a ser subestimados. El estudio del arte en s\u00ed no es un lujo, sino una de las herramientas m\u00e1s poderosas de la sociedad, capaz de generar pol\u00edticas p\u00fablicas para un mejor vivir, un mejor futuro. Un futuro que vecinos como Colombia ven reflejado en el 3% de su PIB y en programas de cultura viva comunitaria y art\u00edsticas como los de Medell\u00edn, que evidencian como el arte puede ser motor de transformaci\u00f3n social profundo si las leyes se enfocan en el cuidado del individuo y no en el cuidado del capital.<\/p>\n\n\n<div class=\"wp-block-image\">\n<figure class=\"aligncenter size-large\"><img fetchpriority=\"high\" decoding=\"async\" width=\"644\" height=\"429\" src=\"https:\/\/www.uartes.edu.ec\/sitio\/wp-content\/uploads\/2025\/05\/Paul-Velasco2-644x429.jpg\" alt=\"\" class=\"wp-image-71629\" srcset=\"https:\/\/www.uartes.edu.ec\/sitio\/wp-content\/uploads\/2025\/05\/Paul-Velasco2-644x429.jpg 644w, https:\/\/www.uartes.edu.ec\/sitio\/wp-content\/uploads\/2025\/05\/Paul-Velasco2-300x200.jpg 300w, https:\/\/www.uartes.edu.ec\/sitio\/wp-content\/uploads\/2025\/05\/Paul-Velasco2-768x512.jpg 768w, https:\/\/www.uartes.edu.ec\/sitio\/wp-content\/uploads\/2025\/05\/Paul-Velasco2-1536x1024.jpg 1536w, https:\/\/www.uartes.edu.ec\/sitio\/wp-content\/uploads\/2025\/05\/Paul-Velasco2-18x12.jpg 18w, https:\/\/www.uartes.edu.ec\/sitio\/wp-content\/uploads\/2025\/05\/Paul-Velasco2-600x400.jpg 600w, https:\/\/www.uartes.edu.ec\/sitio\/wp-content\/uploads\/2025\/05\/Paul-Velasco2-400x267.jpg 400w, https:\/\/www.uartes.edu.ec\/sitio\/wp-content\/uploads\/2025\/05\/Paul-Velasco2.jpg 2000w\" sizes=\"(max-width: 644px) 100vw, 644px\" \/><\/figure>\n<\/div>\n\n\n<p>\u201cComo docente e int\u00e9rprete, siempre he sostenido que la formaci\u00f3n debe ser constante, al igual que en otras carreras como la medicina o la ingenier\u00eda. Las artes musicales y sonoras eran consideradas una ciencia por los griegos en su \u2018Quadrivium\u2019. Los artistas y docentes aplican el m\u00e9todo cient\u00edfico regularmente: manejan datos emp\u00edricos que surgen de las grabaciones de cada clase, recital o concierto, realizan la detecci\u00f3n, clasificaci\u00f3n y correcci\u00f3n de problemas t\u00e9cnicos en bit\u00e1coras de estudio; y trabajan con combinaciones adecuadas de materiales compositivos o texturas sonoras. Este an\u00e1lisis se realiza de manera rigurosa y con intuici\u00f3n art\u00edstica, tanto cualitativa como cuantitativamente. Por lo tanto, el estudio y trabajo de las artes requiere el mismo compromiso \u00e9tico y t\u00e9cnico que cualquier otra carrera\u201d.<\/p>\n\n\n\n<p>Agreg\u00f3 que la maestr\u00eda en Composici\u00f3n Musical y Artes Sonoras de la Universidad de las Artes \u201cnos ha proporcionado las herramientas, el razonamiento y los conceptos est\u00e9ticos necesarios para replicarlos y compartirlos tanto con alumnos como con colegas. Ha expandido las posibilidades de un lenguaje compositivo y ha renovado el deseo de saber a\u00fan m\u00e1s, no solo de la composici\u00f3n, sino de todo lo que la contextualiza. Adem\u00e1s, nos ha permitido generar ese capital simb\u00f3lico del que tanto se nutre y caracteriza cada artista\u201d.<\/p>\n\n\n\n<p>Velasco indic\u00f3 agradecer con profundo respeto a todos nuestros profesores y profesoras, a los tutores que estuvieron hombro con hombro en el desarrollo de nuestros trabajos de titulaci\u00f3n, muchos de ellos colegas admirables que, con generosidad y exigencia, nos guiaron. \u00abEn especial, quiero reconocer a Rafael Guzm\u00e1n Barrios, quien nos ense\u00f1\u00f3 a enfocar la atenci\u00f3n en lo esencial, en \u2018el pollo del arroz con pollo\u2019, como \u00e9l bien dec\u00eda. Y a la profesora Adina Izarra, cuyo apoyo constante, lucidez acad\u00e9mica y acompa\u00f1amiento cercano fueron fundamentales para llegar hasta aqu\u00ed\u201d.<\/p>\n\n\n\n<h3 class=\"wp-block-heading\">Fortalezas recientes y renovadas<\/h3>\n\n\n\n<p>Se dirigi\u00f3 a sus compa\u00f1eros, a quienes nombr\u00f3: Amanda, Evelyn, Dami\u00e1n, Monserrat, F\u00e9lix, Mayeriyn, Jos\u00e9, Mart\u00edn Sebasti\u00e1n, Stalin, Fabricio, Omar&#8230; \u00abTodos y cada uno demostraron fortalezas crecientes y renovadas, una madurez est\u00e9tica y t\u00e9cnica que hoy nos enorgullece a todos. Esta maestr\u00eda se vivi\u00f3 en un contexto particular: saliendo de una pandemia global en el a\u00f1o 2022. Vivimos el aislamiento, la virtualidad, la crisis. Y, sin embargo, esta maestr\u00eda fue un ancla que sostuvo nuestra cordura y un puente hacia la esperanza. Un espacio de sentido en medio de tanto ruido\u201d.<\/p>\n\n\n\n<p>Pidi\u00f3 a sus colegas no olvidar que fueron las artes \u2013la m\u00fasica, la animaci\u00f3n, el dise\u00f1o, la escritura\u2013 las que sostuvieron en gran medida la psique de las personas durante los peores momentos. \u201cCuando todo parec\u00eda fragmentarse, el arte nos ofreci\u00f3 estructura, catarsis y consuelo. El arte no es un mero ornamento en la vida: el arte da la seguridad de una estructura s\u00f3lida. No es solo emoci\u00f3n; es pensamiento, es comunidad, es pa\u00eds.\u201d<\/p>\n\n\n<div class=\"wp-block-image\">\n<figure class=\"aligncenter size-large\"><img decoding=\"async\" width=\"644\" height=\"429\" src=\"https:\/\/www.uartes.edu.ec\/sitio\/wp-content\/uploads\/2025\/05\/05-GRADUACION-POSGRADOS-COMPOSICION-2025-WEB-1-644x429.jpg\" alt=\"\" class=\"wp-image-71680\" srcset=\"https:\/\/www.uartes.edu.ec\/sitio\/wp-content\/uploads\/2025\/05\/05-GRADUACION-POSGRADOS-COMPOSICION-2025-WEB-1-644x429.jpg 644w, https:\/\/www.uartes.edu.ec\/sitio\/wp-content\/uploads\/2025\/05\/05-GRADUACION-POSGRADOS-COMPOSICION-2025-WEB-1-300x200.jpg 300w, https:\/\/www.uartes.edu.ec\/sitio\/wp-content\/uploads\/2025\/05\/05-GRADUACION-POSGRADOS-COMPOSICION-2025-WEB-1-768x512.jpg 768w, https:\/\/www.uartes.edu.ec\/sitio\/wp-content\/uploads\/2025\/05\/05-GRADUACION-POSGRADOS-COMPOSICION-2025-WEB-1-1536x1024.jpg 1536w, https:\/\/www.uartes.edu.ec\/sitio\/wp-content\/uploads\/2025\/05\/05-GRADUACION-POSGRADOS-COMPOSICION-2025-WEB-1-18x12.jpg 18w, https:\/\/www.uartes.edu.ec\/sitio\/wp-content\/uploads\/2025\/05\/05-GRADUACION-POSGRADOS-COMPOSICION-2025-WEB-1-600x400.jpg 600w, https:\/\/www.uartes.edu.ec\/sitio\/wp-content\/uploads\/2025\/05\/05-GRADUACION-POSGRADOS-COMPOSICION-2025-WEB-1-400x267.jpg 400w, https:\/\/www.uartes.edu.ec\/sitio\/wp-content\/uploads\/2025\/05\/05-GRADUACION-POSGRADOS-COMPOSICION-2025-WEB-1.jpg 2000w\" sizes=\"(max-width: 644px) 100vw, 644px\" \/><\/figure>\n<\/div>\n\n\n<p>Nada hubiese sido posible sin la familia, a\u00f1adi\u00f3 y agradeci\u00f3 a la suya por la paciencia, el tiempo compartido, por las noches largas y silenciosas en las que segu\u00eda trabajando mientras todos dorm\u00edan. \u201cPor las idas a la playa pospuestas, por entender mis ausencias con amor y fe. Gracias por sostenerme en cada etapa. Este logro tambi\u00e9n es suyo\u201d.<\/p>\n\n\n\n<p>Agradeci\u00f3, asimismo, al equipo administrativo y al personal de posgrados, que siempre estuvieron atentos a sus necesidades, incluso en los momentos m\u00e1s contusos. \u201cY gracias a todas las personas invisibles, pero esenciales, que sostienen la vida universitaria desde las oficinas, la seguridad en los edificios patrimoniales, los pasillos y la gesti\u00f3n\u201d.<\/p>\n\n\n\n<h3 class=\"wp-block-heading\">Invitados a imaginar lo que viene<\/h3>\n\n\n\n<p>En su intervenci\u00f3n, Velasco invit\u00f3 a los presentes a imaginar lo que viene. \u201cPensemos en un Ecuador donde los j\u00f3venes no tengan que migrar para aprender. Donde se consulte nuestra metodolog\u00eda, se busque a ecuatorianos para revisi\u00f3n de pares, se estudien nuestras publicaciones acad\u00e9micas y se valore nuestra cooperaci\u00f3n institucional\u201d.<\/p>\n\n\n\n<p>Un Ecuador sin agentes paternalistas for\u00e1neos, sin fuga de cerebros. Un pa\u00eds que se acerca constantemente a la autosuficiencia intelectual y art\u00edstica. La Universidad de las Artes es prueba de ello, una universidad al borde de la r\u00eda, en la Perla del Pac\u00edfico, que est\u00e1 mostr\u00e1ndole al mundo que la formaci\u00f3n en artes ayuda a una sociedad a ser m\u00e1s justa y equitativa, a ser disciplinada y rigurosa, a ser creativa, ingeniosa y generosa.<\/p>\n\n\n\n<p>\u201cEste es apenas un paso m\u00e1s en esta jornada acad\u00e9mica, pronto vendr\u00e1n m\u00e1s: doctorados, composiciones, investigaciones, nuevos proyectos y nuevas generaciones que nos tomar\u00e1n como referentes, y una Universidad de las Artes como caldo de cultivo de una cepa revolucionaria. No con adoctrinamiento, sino con trabajo, hechos, datos, obras y una sociedad agradecida. Por ello, hago una invitaci\u00f3n concreta: ense\u00f1emos lo aprendido, investiguemos y publiquemos, compartamos y organicemos. El trabajo del docente no termina en el aula; el trabajo del artista no termina en el escenario ni en la publicaci\u00f3n de la obra. Que el conocimiento y el arte no se queden entre estas paredes. Sigamos afinando las cuerdas del pensamiento, componiendo ideas transformadoras y tocando juntos esta sinfon\u00eda colectiva por un pa\u00eds m\u00e1s justo. Gracias por caminar juntos este trayecto\u201d.<\/p>","protected":false},"excerpt":{"rendered":"<p>En la ceremonia de graduaci\u00f3n de la nueva cohorte de mag\u00edsteres UArtes, Pa\u00fal Velasco, con altos promedios en la maestr\u00eda de Composici\u00f3n Musical y Artes Sonoras, se\u00f1al\u00f3 que el arte es un acto de expresi\u00f3n, resistencia, propuesta y futuro; que el conocimiento y la creaci\u00f3n son bienes de mucho valor ; y que el estudio del arte es una de las herramientas m\u00e1s poderosas de la sociedad, capaz de generar pol\u00edticas p\u00fablicas para un mejor vivir.<\/p>","protected":false},"author":10,"featured_media":71628,"comment_status":"open","ping_status":"open","sticky":false,"template":"","format":"standard","meta":{"_acf_changed":false,"_uag_custom_page_level_css":"","_monsterinsights_skip_tracking":false,"_monsterinsights_sitenote_active":false,"_monsterinsights_sitenote_note":"","_monsterinsights_sitenote_category":0,"cybocfi_hide_featured_image":"","footnotes":""},"categories":[80,75,76,264,83],"tags":[1332],"infouartes":[],"class_list":["post-71627","post","type-post","status-publish","format-standard","has-post-thumbnail","hentry","category-academico","category-docentes","category-estudiantes","category-maestrias","category-sedes","tag-graduacion-posgrados"],"acf":[],"yoast_head":"<!-- This site is optimized with the Yoast SEO plugin v27.4 - https:\/\/yoast.com\/product\/yoast-seo-wordpress\/ -->\n<title>Universidad de las Artes - Pa\u00fal Velasco, mag\u00edster en Composici\u00f3n Musical: El arte no es solo un acto de expresi\u00f3n, sino tambi\u00e9n de resistencia<\/title>\n<meta name=\"description\" content=\"Universidad de las Artes - Pa\u00fal Velasco, mag\u00edster en Composici\u00f3n Musical: El arte no es solo un acto de expresi\u00f3n, sino tambi\u00e9n de resistencia\" \/>\n<meta name=\"robots\" content=\"index, follow, max-snippet:-1, max-image-preview:large, max-video-preview:-1\" \/>\n<link rel=\"canonical\" href=\"https:\/\/www.uartes.edu.ec\/sitio\/en\/blog\/2025\/05\/14\/paul-velasco-el-arte-no-es-solo-un-acto-de-expresion-sino-tambien-de-resistencia-propuesta-y-futuro\/\" \/>\n<meta property=\"og:locale\" content=\"en_US\" \/>\n<meta property=\"og:type\" content=\"article\" \/>\n<meta property=\"og:title\" content=\"Universidad de las Artes - Pa\u00fal Velasco, mag\u00edster en Composici\u00f3n Musical: El arte no es solo un acto de expresi\u00f3n, sino tambi\u00e9n de resistencia\" \/>\n<meta property=\"og:description\" content=\"Universidad de las Artes - Pa\u00fal Velasco, mag\u00edster en Composici\u00f3n Musical: El arte no es solo un acto de expresi\u00f3n, sino tambi\u00e9n de resistencia\" \/>\n<meta property=\"og:url\" content=\"https:\/\/www.uartes.edu.ec\/sitio\/en\/blog\/2025\/05\/14\/paul-velasco-el-arte-no-es-solo-un-acto-de-expresion-sino-tambien-de-resistencia-propuesta-y-futuro\/\" \/>\n<meta property=\"og:site_name\" content=\"Universidad de las Artes\" \/>\n<meta property=\"article:publisher\" content=\"https:\/\/www.facebook.com\/uartesec\" \/>\n<meta property=\"article:published_time\" content=\"2025-05-14T22:07:00+00:00\" \/>\n<meta property=\"article:modified_time\" content=\"2025-05-16T14:28:36+00:00\" \/>\n<meta property=\"og:image\" content=\"https:\/\/www.uartes.edu.ec\/sitio\/wp-content\/uploads\/2025\/05\/Paul-Velasco1.jpg\" \/>\n\t<meta property=\"og:image:width\" content=\"2000\" \/>\n\t<meta property=\"og:image:height\" content=\"1333\" \/>\n\t<meta property=\"og:image:type\" content=\"image\/jpeg\" \/>\n<meta name=\"author\" content=\"ccortez\" \/>\n<meta name=\"twitter:card\" content=\"summary_large_image\" \/>\n<meta name=\"twitter:creator\" content=\"@uartesec\" \/>\n<meta name=\"twitter:site\" content=\"@uartesec\" \/>\n<meta name=\"twitter:label1\" content=\"Written by\" \/>\n\t<meta name=\"twitter:data1\" content=\"ccortez\" \/>\n\t<meta name=\"twitter:label2\" content=\"Est. reading time\" \/>\n\t<meta name=\"twitter:data2\" content=\"6 minutes\" \/>\n<script type=\"application\/ld+json\" class=\"yoast-schema-graph\">{\"@context\":\"https:\\\/\\\/schema.org\",\"@graph\":[{\"@type\":\"Article\",\"@id\":\"https:\\\/\\\/www.uartes.edu.ec\\\/sitio\\\/en\\\/blog\\\/2025\\\/05\\\/14\\\/paul-velasco-el-arte-no-es-solo-un-acto-de-expresion-sino-tambien-de-resistencia-propuesta-y-futuro\\\/#article\",\"isPartOf\":{\"@id\":\"https:\\\/\\\/www.uartes.edu.ec\\\/sitio\\\/en\\\/blog\\\/2025\\\/05\\\/14\\\/paul-velasco-el-arte-no-es-solo-un-acto-de-expresion-sino-tambien-de-resistencia-propuesta-y-futuro\\\/\"},\"author\":{\"name\":\"ccortez\",\"@id\":\"https:\\\/\\\/www.uartes.edu.ec\\\/sitio\\\/en\\\/#\\\/schema\\\/person\\\/efa1b8275797664fd7f13a79ccc0b1f4\"},\"headline\":\"Pa\u00fal Velasco, mag\u00edster en Composici\u00f3n Musical: El arte no es solo un acto de expresi\u00f3n, sino tambi\u00e9n de resistencia\",\"datePublished\":\"2025-05-14T22:07:00+00:00\",\"dateModified\":\"2025-05-16T14:28:36+00:00\",\"mainEntityOfPage\":{\"@id\":\"https:\\\/\\\/www.uartes.edu.ec\\\/sitio\\\/en\\\/blog\\\/2025\\\/05\\\/14\\\/paul-velasco-el-arte-no-es-solo-un-acto-de-expresion-sino-tambien-de-resistencia-propuesta-y-futuro\\\/\"},\"wordCount\":1323,\"commentCount\":0,\"publisher\":{\"@id\":\"https:\\\/\\\/www.uartes.edu.ec\\\/sitio\\\/en\\\/#organization\"},\"image\":{\"@id\":\"https:\\\/\\\/www.uartes.edu.ec\\\/sitio\\\/en\\\/blog\\\/2025\\\/05\\\/14\\\/paul-velasco-el-arte-no-es-solo-un-acto-de-expresion-sino-tambien-de-resistencia-propuesta-y-futuro\\\/#primaryimage\"},\"thumbnailUrl\":\"https:\\\/\\\/www.uartes.edu.ec\\\/sitio\\\/wp-content\\\/uploads\\\/2025\\\/05\\\/Paul-Velasco1.jpg\",\"keywords\":[\"graduaci\u00f3n posgrados\"],\"articleSection\":[\"Acad\u00e9mico\",\"Docentes\",\"Estudiantes\",\"Maestr\u00edas\",\"Sedes\"],\"inLanguage\":\"en-US\",\"potentialAction\":[{\"@type\":\"CommentAction\",\"name\":\"Comment\",\"target\":[\"https:\\\/\\\/www.uartes.edu.ec\\\/sitio\\\/en\\\/blog\\\/2025\\\/05\\\/14\\\/paul-velasco-el-arte-no-es-solo-un-acto-de-expresion-sino-tambien-de-resistencia-propuesta-y-futuro\\\/#respond\"]}]},{\"@type\":[\"WebPage\",\"ItemPage\"],\"@id\":\"https:\\\/\\\/www.uartes.edu.ec\\\/sitio\\\/en\\\/blog\\\/2025\\\/05\\\/14\\\/paul-velasco-el-arte-no-es-solo-un-acto-de-expresion-sino-tambien-de-resistencia-propuesta-y-futuro\\\/\",\"url\":\"https:\\\/\\\/www.uartes.edu.ec\\\/sitio\\\/en\\\/blog\\\/2025\\\/05\\\/14\\\/paul-velasco-el-arte-no-es-solo-un-acto-de-expresion-sino-tambien-de-resistencia-propuesta-y-futuro\\\/\",\"name\":\"Universidad de las Artes - Pa\u00fal Velasco, mag\u00edster en Composici\u00f3n Musical: El arte no es solo un acto de expresi\u00f3n, sino tambi\u00e9n de resistencia\",\"isPartOf\":{\"@id\":\"https:\\\/\\\/www.uartes.edu.ec\\\/sitio\\\/en\\\/#website\"},\"primaryImageOfPage\":{\"@id\":\"https:\\\/\\\/www.uartes.edu.ec\\\/sitio\\\/en\\\/blog\\\/2025\\\/05\\\/14\\\/paul-velasco-el-arte-no-es-solo-un-acto-de-expresion-sino-tambien-de-resistencia-propuesta-y-futuro\\\/#primaryimage\"},\"image\":{\"@id\":\"https:\\\/\\\/www.uartes.edu.ec\\\/sitio\\\/en\\\/blog\\\/2025\\\/05\\\/14\\\/paul-velasco-el-arte-no-es-solo-un-acto-de-expresion-sino-tambien-de-resistencia-propuesta-y-futuro\\\/#primaryimage\"},\"thumbnailUrl\":\"https:\\\/\\\/www.uartes.edu.ec\\\/sitio\\\/wp-content\\\/uploads\\\/2025\\\/05\\\/Paul-Velasco1.jpg\",\"datePublished\":\"2025-05-14T22:07:00+00:00\",\"dateModified\":\"2025-05-16T14:28:36+00:00\",\"description\":\"Universidad de las Artes - Pa\u00fal Velasco, mag\u00edster en Composici\u00f3n Musical: El arte no es solo un acto de expresi\u00f3n, sino tambi\u00e9n de resistencia\",\"breadcrumb\":{\"@id\":\"https:\\\/\\\/www.uartes.edu.ec\\\/sitio\\\/en\\\/blog\\\/2025\\\/05\\\/14\\\/paul-velasco-el-arte-no-es-solo-un-acto-de-expresion-sino-tambien-de-resistencia-propuesta-y-futuro\\\/#breadcrumb\"},\"inLanguage\":\"en-US\",\"potentialAction\":[{\"@type\":\"ReadAction\",\"target\":[\"https:\\\/\\\/www.uartes.edu.ec\\\/sitio\\\/en\\\/blog\\\/2025\\\/05\\\/14\\\/paul-velasco-el-arte-no-es-solo-un-acto-de-expresion-sino-tambien-de-resistencia-propuesta-y-futuro\\\/\"]}]},{\"@type\":\"ImageObject\",\"inLanguage\":\"en-US\",\"@id\":\"https:\\\/\\\/www.uartes.edu.ec\\\/sitio\\\/en\\\/blog\\\/2025\\\/05\\\/14\\\/paul-velasco-el-arte-no-es-solo-un-acto-de-expresion-sino-tambien-de-resistencia-propuesta-y-futuro\\\/#primaryimage\",\"url\":\"https:\\\/\\\/www.uartes.edu.ec\\\/sitio\\\/wp-content\\\/uploads\\\/2025\\\/05\\\/Paul-Velasco1.jpg\",\"contentUrl\":\"https:\\\/\\\/www.uartes.edu.ec\\\/sitio\\\/wp-content\\\/uploads\\\/2025\\\/05\\\/Paul-Velasco1.jpg\",\"width\":2000,\"height\":1333},{\"@type\":\"BreadcrumbList\",\"@id\":\"https:\\\/\\\/www.uartes.edu.ec\\\/sitio\\\/en\\\/blog\\\/2025\\\/05\\\/14\\\/paul-velasco-el-arte-no-es-solo-un-acto-de-expresion-sino-tambien-de-resistencia-propuesta-y-futuro\\\/#breadcrumb\",\"itemListElement\":[{\"@type\":\"ListItem\",\"position\":1,\"name\":\"Inicio\",\"item\":\"https:\\\/\\\/www.uartes.edu.ec\\\/sitio\\\/\"},{\"@type\":\"ListItem\",\"position\":2,\"name\":\"Pa\u00fal Velasco, mag\u00edster en Composici\u00f3n Musical: El arte no es solo un acto de expresi\u00f3n, sino tambi\u00e9n de resistencia\"}]},{\"@type\":\"WebSite\",\"@id\":\"https:\\\/\\\/www.uartes.edu.ec\\\/sitio\\\/en\\\/#website\",\"url\":\"https:\\\/\\\/www.uartes.edu.ec\\\/sitio\\\/en\\\/\",\"name\":\"Universidad de las Artes\",\"description\":\"Sitio oficial de la Universidad Nacional de las Artes del Ecuador\",\"publisher\":{\"@id\":\"https:\\\/\\\/www.uartes.edu.ec\\\/sitio\\\/en\\\/#organization\"},\"potentialAction\":[{\"@type\":\"SearchAction\",\"target\":{\"@type\":\"EntryPoint\",\"urlTemplate\":\"https:\\\/\\\/www.uartes.edu.ec\\\/sitio\\\/en\\\/?s={search_term_string}\"},\"query-input\":{\"@type\":\"PropertyValueSpecification\",\"valueRequired\":true,\"valueName\":\"search_term_string\"}}],\"inLanguage\":\"en-US\"},{\"@type\":\"Organization\",\"@id\":\"https:\\\/\\\/www.uartes.edu.ec\\\/sitio\\\/en\\\/#organization\",\"name\":\"Universidad de las Artes\",\"url\":\"https:\\\/\\\/www.uartes.edu.ec\\\/sitio\\\/en\\\/\",\"logo\":{\"@type\":\"ImageObject\",\"inLanguage\":\"en-US\",\"@id\":\"https:\\\/\\\/www.uartes.edu.ec\\\/sitio\\\/en\\\/#\\\/schema\\\/logo\\\/image\\\/\",\"url\":\"https:\\\/\\\/www.uartes.edu.ec\\\/sitio\\\/wp-content\\\/uploads\\\/2022\\\/07\\\/logo-ua-horizontal.png\",\"contentUrl\":\"https:\\\/\\\/www.uartes.edu.ec\\\/sitio\\\/wp-content\\\/uploads\\\/2022\\\/07\\\/logo-ua-horizontal.png\",\"width\":800,\"height\":276,\"caption\":\"Universidad de las Artes\"},\"image\":{\"@id\":\"https:\\\/\\\/www.uartes.edu.ec\\\/sitio\\\/en\\\/#\\\/schema\\\/logo\\\/image\\\/\"},\"sameAs\":[\"https:\\\/\\\/www.facebook.com\\\/uartesec\",\"https:\\\/\\\/x.com\\\/uartesec\",\"https:\\\/\\\/www.tiktok.com\\\/@uartesec\"]},{\"@type\":\"Person\",\"@id\":\"https:\\\/\\\/www.uartes.edu.ec\\\/sitio\\\/en\\\/#\\\/schema\\\/person\\\/efa1b8275797664fd7f13a79ccc0b1f4\",\"name\":\"ccortez\",\"image\":{\"@type\":\"ImageObject\",\"inLanguage\":\"en-US\",\"@id\":\"https:\\\/\\\/secure.gravatar.com\\\/avatar\\\/b2a6f664a3ae8e074346ef91775736c5ec479e637ecced6842de9dc98b5da9cd?s=96&d=mm&r=g\",\"url\":\"https:\\\/\\\/secure.gravatar.com\\\/avatar\\\/b2a6f664a3ae8e074346ef91775736c5ec479e637ecced6842de9dc98b5da9cd?s=96&d=mm&r=g\",\"contentUrl\":\"https:\\\/\\\/secure.gravatar.com\\\/avatar\\\/b2a6f664a3ae8e074346ef91775736c5ec479e637ecced6842de9dc98b5da9cd?s=96&d=mm&r=g\",\"caption\":\"ccortez\"},\"url\":\"https:\\\/\\\/www.uartes.edu.ec\\\/sitio\\\/en\\\/blog\\\/author\\\/ccortez\\\/\"}]}<\/script>\n<!-- \/ Yoast SEO plugin. -->","yoast_head_json":{"title":"Universidad de las Artes - Pa\u00fal Velasco, mag\u00edster en Composici\u00f3n Musical: El arte no es solo un acto de expresi\u00f3n, sino tambi\u00e9n de resistencia","description":"Universidad de las Artes - Pa\u00fal Velasco, mag\u00edster en Composici\u00f3n Musical: El arte no es solo un acto de expresi\u00f3n, sino tambi\u00e9n de resistencia","robots":{"index":"index","follow":"follow","max-snippet":"max-snippet:-1","max-image-preview":"max-image-preview:large","max-video-preview":"max-video-preview:-1"},"canonical":"https:\/\/www.uartes.edu.ec\/sitio\/en\/blog\/2025\/05\/14\/paul-velasco-el-arte-no-es-solo-un-acto-de-expresion-sino-tambien-de-resistencia-propuesta-y-futuro\/","og_locale":"en_US","og_type":"article","og_title":"Universidad de las Artes - Pa\u00fal Velasco, mag\u00edster en Composici\u00f3n Musical: El arte no es solo un acto de expresi\u00f3n, sino tambi\u00e9n de resistencia","og_description":"Universidad de las Artes - Pa\u00fal Velasco, mag\u00edster en Composici\u00f3n Musical: El arte no es solo un acto de expresi\u00f3n, sino tambi\u00e9n de resistencia","og_url":"https:\/\/www.uartes.edu.ec\/sitio\/en\/blog\/2025\/05\/14\/paul-velasco-el-arte-no-es-solo-un-acto-de-expresion-sino-tambien-de-resistencia-propuesta-y-futuro\/","og_site_name":"Universidad de las Artes","article_publisher":"https:\/\/www.facebook.com\/uartesec","article_published_time":"2025-05-14T22:07:00+00:00","article_modified_time":"2025-05-16T14:28:36+00:00","og_image":[{"width":2000,"height":1333,"url":"https:\/\/www.uartes.edu.ec\/sitio\/wp-content\/uploads\/2025\/05\/Paul-Velasco1.jpg","type":"image\/jpeg"}],"author":"ccortez","twitter_card":"summary_large_image","twitter_creator":"@uartesec","twitter_site":"@uartesec","twitter_misc":{"Written by":"ccortez","Est. reading time":"6 minutes"},"schema":{"@context":"https:\/\/schema.org","@graph":[{"@type":"Article","@id":"https:\/\/www.uartes.edu.ec\/sitio\/en\/blog\/2025\/05\/14\/paul-velasco-el-arte-no-es-solo-un-acto-de-expresion-sino-tambien-de-resistencia-propuesta-y-futuro\/#article","isPartOf":{"@id":"https:\/\/www.uartes.edu.ec\/sitio\/en\/blog\/2025\/05\/14\/paul-velasco-el-arte-no-es-solo-un-acto-de-expresion-sino-tambien-de-resistencia-propuesta-y-futuro\/"},"author":{"name":"ccortez","@id":"https:\/\/www.uartes.edu.ec\/sitio\/en\/#\/schema\/person\/efa1b8275797664fd7f13a79ccc0b1f4"},"headline":"Pa\u00fal Velasco, mag\u00edster en Composici\u00f3n Musical: El arte no es solo un acto de expresi\u00f3n, sino tambi\u00e9n de resistencia","datePublished":"2025-05-14T22:07:00+00:00","dateModified":"2025-05-16T14:28:36+00:00","mainEntityOfPage":{"@id":"https:\/\/www.uartes.edu.ec\/sitio\/en\/blog\/2025\/05\/14\/paul-velasco-el-arte-no-es-solo-un-acto-de-expresion-sino-tambien-de-resistencia-propuesta-y-futuro\/"},"wordCount":1323,"commentCount":0,"publisher":{"@id":"https:\/\/www.uartes.edu.ec\/sitio\/en\/#organization"},"image":{"@id":"https:\/\/www.uartes.edu.ec\/sitio\/en\/blog\/2025\/05\/14\/paul-velasco-el-arte-no-es-solo-un-acto-de-expresion-sino-tambien-de-resistencia-propuesta-y-futuro\/#primaryimage"},"thumbnailUrl":"https:\/\/www.uartes.edu.ec\/sitio\/wp-content\/uploads\/2025\/05\/Paul-Velasco1.jpg","keywords":["graduaci\u00f3n posgrados"],"articleSection":["Acad\u00e9mico","Docentes","Estudiantes","Maestr\u00edas","Sedes"],"inLanguage":"en-US","potentialAction":[{"@type":"CommentAction","name":"Comment","target":["https:\/\/www.uartes.edu.ec\/sitio\/en\/blog\/2025\/05\/14\/paul-velasco-el-arte-no-es-solo-un-acto-de-expresion-sino-tambien-de-resistencia-propuesta-y-futuro\/#respond"]}]},{"@type":["WebPage","ItemPage"],"@id":"https:\/\/www.uartes.edu.ec\/sitio\/en\/blog\/2025\/05\/14\/paul-velasco-el-arte-no-es-solo-un-acto-de-expresion-sino-tambien-de-resistencia-propuesta-y-futuro\/","url":"https:\/\/www.uartes.edu.ec\/sitio\/en\/blog\/2025\/05\/14\/paul-velasco-el-arte-no-es-solo-un-acto-de-expresion-sino-tambien-de-resistencia-propuesta-y-futuro\/","name":"Universidad de las Artes - Pa\u00fal Velasco, mag\u00edster en Composici\u00f3n Musical: El arte no es solo un acto de expresi\u00f3n, sino tambi\u00e9n de resistencia","isPartOf":{"@id":"https:\/\/www.uartes.edu.ec\/sitio\/en\/#website"},"primaryImageOfPage":{"@id":"https:\/\/www.uartes.edu.ec\/sitio\/en\/blog\/2025\/05\/14\/paul-velasco-el-arte-no-es-solo-un-acto-de-expresion-sino-tambien-de-resistencia-propuesta-y-futuro\/#primaryimage"},"image":{"@id":"https:\/\/www.uartes.edu.ec\/sitio\/en\/blog\/2025\/05\/14\/paul-velasco-el-arte-no-es-solo-un-acto-de-expresion-sino-tambien-de-resistencia-propuesta-y-futuro\/#primaryimage"},"thumbnailUrl":"https:\/\/www.uartes.edu.ec\/sitio\/wp-content\/uploads\/2025\/05\/Paul-Velasco1.jpg","datePublished":"2025-05-14T22:07:00+00:00","dateModified":"2025-05-16T14:28:36+00:00","description":"Universidad de las Artes - Pa\u00fal Velasco, mag\u00edster en Composici\u00f3n Musical: El arte no es solo un acto de expresi\u00f3n, sino tambi\u00e9n de resistencia","breadcrumb":{"@id":"https:\/\/www.uartes.edu.ec\/sitio\/en\/blog\/2025\/05\/14\/paul-velasco-el-arte-no-es-solo-un-acto-de-expresion-sino-tambien-de-resistencia-propuesta-y-futuro\/#breadcrumb"},"inLanguage":"en-US","potentialAction":[{"@type":"ReadAction","target":["https:\/\/www.uartes.edu.ec\/sitio\/en\/blog\/2025\/05\/14\/paul-velasco-el-arte-no-es-solo-un-acto-de-expresion-sino-tambien-de-resistencia-propuesta-y-futuro\/"]}]},{"@type":"ImageObject","inLanguage":"en-US","@id":"https:\/\/www.uartes.edu.ec\/sitio\/en\/blog\/2025\/05\/14\/paul-velasco-el-arte-no-es-solo-un-acto-de-expresion-sino-tambien-de-resistencia-propuesta-y-futuro\/#primaryimage","url":"https:\/\/www.uartes.edu.ec\/sitio\/wp-content\/uploads\/2025\/05\/Paul-Velasco1.jpg","contentUrl":"https:\/\/www.uartes.edu.ec\/sitio\/wp-content\/uploads\/2025\/05\/Paul-Velasco1.jpg","width":2000,"height":1333},{"@type":"BreadcrumbList","@id":"https:\/\/www.uartes.edu.ec\/sitio\/en\/blog\/2025\/05\/14\/paul-velasco-el-arte-no-es-solo-un-acto-de-expresion-sino-tambien-de-resistencia-propuesta-y-futuro\/#breadcrumb","itemListElement":[{"@type":"ListItem","position":1,"name":"Inicio","item":"https:\/\/www.uartes.edu.ec\/sitio\/"},{"@type":"ListItem","position":2,"name":"Pa\u00fal Velasco, mag\u00edster en Composici\u00f3n Musical: El arte no es solo un acto de expresi\u00f3n, sino tambi\u00e9n de resistencia"}]},{"@type":"WebSite","@id":"https:\/\/www.uartes.edu.ec\/sitio\/en\/#website","url":"https:\/\/www.uartes.edu.ec\/sitio\/en\/","name":"Universidad de las Artes","description":"Sitio oficial de la Universidad Nacional de las Artes del Ecuador","publisher":{"@id":"https:\/\/www.uartes.edu.ec\/sitio\/en\/#organization"},"potentialAction":[{"@type":"SearchAction","target":{"@type":"EntryPoint","urlTemplate":"https:\/\/www.uartes.edu.ec\/sitio\/en\/?s={search_term_string}"},"query-input":{"@type":"PropertyValueSpecification","valueRequired":true,"valueName":"search_term_string"}}],"inLanguage":"en-US"},{"@type":"Organization","@id":"https:\/\/www.uartes.edu.ec\/sitio\/en\/#organization","name":"Universidad de las Artes","url":"https:\/\/www.uartes.edu.ec\/sitio\/en\/","logo":{"@type":"ImageObject","inLanguage":"en-US","@id":"https:\/\/www.uartes.edu.ec\/sitio\/en\/#\/schema\/logo\/image\/","url":"https:\/\/www.uartes.edu.ec\/sitio\/wp-content\/uploads\/2022\/07\/logo-ua-horizontal.png","contentUrl":"https:\/\/www.uartes.edu.ec\/sitio\/wp-content\/uploads\/2022\/07\/logo-ua-horizontal.png","width":800,"height":276,"caption":"Universidad de las Artes"},"image":{"@id":"https:\/\/www.uartes.edu.ec\/sitio\/en\/#\/schema\/logo\/image\/"},"sameAs":["https:\/\/www.facebook.com\/uartesec","https:\/\/x.com\/uartesec","https:\/\/www.tiktok.com\/@uartesec"]},{"@type":"Person","@id":"https:\/\/www.uartes.edu.ec\/sitio\/en\/#\/schema\/person\/efa1b8275797664fd7f13a79ccc0b1f4","name":"ccortez","image":{"@type":"ImageObject","inLanguage":"en-US","@id":"https:\/\/secure.gravatar.com\/avatar\/b2a6f664a3ae8e074346ef91775736c5ec479e637ecced6842de9dc98b5da9cd?s=96&d=mm&r=g","url":"https:\/\/secure.gravatar.com\/avatar\/b2a6f664a3ae8e074346ef91775736c5ec479e637ecced6842de9dc98b5da9cd?s=96&d=mm&r=g","contentUrl":"https:\/\/secure.gravatar.com\/avatar\/b2a6f664a3ae8e074346ef91775736c5ec479e637ecced6842de9dc98b5da9cd?s=96&d=mm&r=g","caption":"ccortez"},"url":"https:\/\/www.uartes.edu.ec\/sitio\/en\/blog\/author\/ccortez\/"}]}},"uagb_featured_image_src":{"full":["https:\/\/www.uartes.edu.ec\/sitio\/wp-content\/uploads\/2025\/05\/Paul-Velasco1.jpg",2000,1333,false],"thumbnail":["https:\/\/www.uartes.edu.ec\/sitio\/wp-content\/uploads\/2025\/05\/Paul-Velasco1-150x150.jpg",150,150,true],"medium":["https:\/\/www.uartes.edu.ec\/sitio\/wp-content\/uploads\/2025\/05\/Paul-Velasco1-300x200.jpg",300,200,true],"medium_large":["https:\/\/www.uartes.edu.ec\/sitio\/wp-content\/uploads\/2025\/05\/Paul-Velasco1-768x512.jpg",768,512,true],"large":["https:\/\/www.uartes.edu.ec\/sitio\/wp-content\/uploads\/2025\/05\/Paul-Velasco1-644x429.jpg",644,429,true],"1536x1536":["https:\/\/www.uartes.edu.ec\/sitio\/wp-content\/uploads\/2025\/05\/Paul-Velasco1-1536x1024.jpg",1536,1024,true],"2048x2048":["https:\/\/www.uartes.edu.ec\/sitio\/wp-content\/uploads\/2025\/05\/Paul-Velasco1.jpg",2000,1333,false],"trp-custom-language-flag":["https:\/\/www.uartes.edu.ec\/sitio\/wp-content\/uploads\/2025\/05\/Paul-Velasco1-18x12.jpg",18,12,true],"htmega_size_585x295":["https:\/\/www.uartes.edu.ec\/sitio\/wp-content\/uploads\/2025\/05\/Paul-Velasco1-585x295.jpg",585,295,true],"htmega_size_1170x536":["https:\/\/www.uartes.edu.ec\/sitio\/wp-content\/uploads\/2025\/05\/Paul-Velasco1-1170x536.jpg",1170,536,true],"htmega_size_396x360":["https:\/\/www.uartes.edu.ec\/sitio\/wp-content\/uploads\/2025\/05\/Paul-Velasco1-396x360.jpg",396,360,true],"gb-block-post-grid-landscape":["https:\/\/www.uartes.edu.ec\/sitio\/wp-content\/uploads\/2025\/05\/Paul-Velasco1-600x400.jpg",600,400,true],"gb-block-post-grid-square":["https:\/\/www.uartes.edu.ec\/sitio\/wp-content\/uploads\/2025\/05\/Paul-Velasco1-600x600.jpg",600,600,true],"university-hub-thumb":["https:\/\/www.uartes.edu.ec\/sitio\/wp-content\/uploads\/2025\/05\/Paul-Velasco1-400x267.jpg",400,267,true]},"uagb_author_info":{"display_name":"ccortez","author_link":"https:\/\/www.uartes.edu.ec\/sitio\/en\/blog\/author\/ccortez\/"},"uagb_comment_info":0,"uagb_excerpt":"En la ceremonia de graduaci\u00f3n de la nueva cohorte de mag\u00edsteres UArtes, Pa\u00fal Velasco, con altos promedios en la maestr\u00eda de Composici\u00f3n Musical y Artes Sonoras, se\u00f1al\u00f3 que el arte es un acto de expresi\u00f3n, resistencia, propuesta y futuro; que el conocimiento y la creaci\u00f3n son bienes de mucho valor ; y que el estudio&hellip;","featured_image_src":"https:\/\/www.uartes.edu.ec\/sitio\/wp-content\/uploads\/2025\/05\/Paul-Velasco1-600x400.jpg","featured_image_src_square":"https:\/\/www.uartes.edu.ec\/sitio\/wp-content\/uploads\/2025\/05\/Paul-Velasco1-600x600.jpg","author_info":{"display_name":"ccortez","author_link":"https:\/\/www.uartes.edu.ec\/sitio\/en\/blog\/author\/ccortez\/"},"publishpress_future_workflow_manual_trigger":{"enabledWorkflows":[]},"distributor_meta":false,"distributor_terms":false,"distributor_media":false,"distributor_original_site_name":"Universidad de las Artes","distributor_original_site_url":"https:\/\/www.uartes.edu.ec\/sitio\/en","push-errors":false,"_links":{"self":[{"href":"https:\/\/www.uartes.edu.ec\/sitio\/en\/wp-json\/wp\/v2\/posts\/71627","targetHints":{"allow":["GET"]}}],"collection":[{"href":"https:\/\/www.uartes.edu.ec\/sitio\/en\/wp-json\/wp\/v2\/posts"}],"about":[{"href":"https:\/\/www.uartes.edu.ec\/sitio\/en\/wp-json\/wp\/v2\/types\/post"}],"author":[{"embeddable":true,"href":"https:\/\/www.uartes.edu.ec\/sitio\/en\/wp-json\/wp\/v2\/users\/10"}],"replies":[{"embeddable":true,"href":"https:\/\/www.uartes.edu.ec\/sitio\/en\/wp-json\/wp\/v2\/comments?post=71627"}],"version-history":[{"count":6,"href":"https:\/\/www.uartes.edu.ec\/sitio\/en\/wp-json\/wp\/v2\/posts\/71627\/revisions"}],"predecessor-version":[{"id":71695,"href":"https:\/\/www.uartes.edu.ec\/sitio\/en\/wp-json\/wp\/v2\/posts\/71627\/revisions\/71695"}],"wp:featuredmedia":[{"embeddable":true,"href":"https:\/\/www.uartes.edu.ec\/sitio\/en\/wp-json\/wp\/v2\/media\/71628"}],"wp:attachment":[{"href":"https:\/\/www.uartes.edu.ec\/sitio\/en\/wp-json\/wp\/v2\/media?parent=71627"}],"wp:term":[{"taxonomy":"category","embeddable":true,"href":"https:\/\/www.uartes.edu.ec\/sitio\/en\/wp-json\/wp\/v2\/categories?post=71627"},{"taxonomy":"post_tag","embeddable":true,"href":"https:\/\/www.uartes.edu.ec\/sitio\/en\/wp-json\/wp\/v2\/tags?post=71627"},{"taxonomy":"infouartes","embeddable":true,"href":"https:\/\/www.uartes.edu.ec\/sitio\/en\/wp-json\/wp\/v2\/infouartes?post=71627"}],"curies":[{"name":"wp","href":"https:\/\/api.w.org\/{rel}","templated":true}]}}